{"id":615,"date":"2015-11-30T22:20:17","date_gmt":"2015-12-01T00:20:17","guid":{"rendered":"https:\/\/wp.ufpel.edu.br\/artenosul\/?p=615"},"modified":"2016-06-24T23:08:42","modified_gmt":"2016-06-25T02:08:42","slug":"giovane-lessa-uma-das-mais-importantes-vozes-do-movimento-negro-pelotense","status":"publish","type":"post","link":"https:\/\/wp.ufpel.edu.br\/artenosul\/2015\/11\/30\/giovane-lessa-uma-das-mais-importantes-vozes-do-movimento-negro-pelotense\/","title":{"rendered":"Giovane Lessa: uma das mais importantes vozes do movimento negro pelotense"},"content":{"rendered":"<h4 style=\"text-align: justify\">Reportagem de<strong> Lu\u00eds Artur Janes Silva &#8211; <\/strong><\/h4>\n<h4 style=\"text-align: justify\">Esta segunda reportagem do site <em>Arte No Sul<\/em> sobre destaques da cultura hip-hop na cidade de Pelotas permite conhecer um pouco da atua\u00e7\u00e3o de Giovane Lessa. Ele \u00e9 uma das mais importantes vozes do movimento negro de nossa cidade, tamb\u00e9m um dos mentores da cultura hip-hop. Representa a comunidade do Bairro Get\u00falio Vargas, outro local de nosso munic\u00edpio, onde os moradores vivem em condi\u00e7\u00f5es de pobreza e igualmente estigmatizado pela viol\u00eancia que toma conta da nossa sociedade.<\/h4>\n<h4 style=\"text-align: justify\">Lessa, origin\u00e1rio de Cangu\u00e7u, tem o m\u00e9rito de ter criado quatro filhos como guardador de carros no centro da cidade de Pelotas. Este homem esteve e est\u00e1 inserido no cotidiano de sua comunidade e teve uma importante vit\u00f3ria contra a pobreza quando criou, junto com outros \u201cchegados\u201d, uma cooperativa de reciclagem de res\u00edduos no Get\u00falio Vargas, que chegou a gerar 22 empregos diretos e mais de 50 vagas de empregos indiretos neste local. Al\u00e9m disso, sonhou em estabelecer uma pra\u00e7a de esportes, creches para os filhos dos trabalhadores locais e hortas comunit\u00e1rias, preenchendo lacunas que deveriam ser prioridades do poder p\u00fablico.<\/h4>\n<h4 style=\"text-align: justify\">O ativista, que j\u00e1 foi candidato a vereador, em 2012, pelo PC do B (Partido Comunista do Brasil) sente orgulho de ser guardador de carros. \u201c\u00c9 na rua que est\u00e1 quem eu preciso conversar para saber o que t\u00e1 acontecendo na pol\u00edtica, dentro dos outros bairros e etc&#8230;\u201d, comenta.<\/h4>\n<h4 style=\"text-align: justify\">Este inquieto l\u00edder milita atualmente na Frente Negra Pelotense e cursa Arqueologia, na UFPel (Universidade Federal de Pelotas), e diz que o seu \u00fanico interesse na academia \u00e9 concluir o curso para contar a contribui\u00e7\u00e3o do negro na hist\u00f3ria do estado do Rio Grande do Sul. Incendi\u00e1rio, manifesta o desejo de implodir a vers\u00e3o racista da universidade, ampla apenas para \u201celes\u201d, os que n\u00e3o est\u00e3o \u00e0 margem da sociedade. Ressaltou a import\u00e2ncia do 1\u00ba Encontro de Negros e Negras da UFPel, ocorrido no dia 14 de novembro.<\/h4>\n<h4 style=\"text-align: justify\">Um dos pioneiros do movimento hip-hop na cidade de Pelotas, Giovane Lessa se define como o articulador pol\u00edtico do grupo e membro de uma trindade que abriu caminhos para o movimento em nossa cidade. Este trio contou com Lessa, Jair Brown (produtor) e Wagner (discotecagem). Lessa diz que sua capacidade de instigar o debate, contestar o que est\u00e1 estabelecido \u00e9 uma caracter\u00edstica do hip-hop que aprendeu nas suas viv\u00eancias na periferia.<\/h4>\n<h4><strong><a href=\"https:\/\/wp.ufpel.edu.br\/artenosul\">PRIMEIRA P\u00c1GINA<\/a><\/strong><\/h4>\n<div data-test='contact-form'\n\t\t\tid='contact-form-615'\n\t\t\tclass='wp-block-jetpack-contact-form-container '\n\t\t\tdata-wp-interactive='jetpack\/form' data-wp-context='{\"formId\":\"615\",\"formHash\":\"9b5c75ec7dbffdb6b12101c3127f4f5374157802\",\"showErrors\":false,\"errors\":[],\"fields\":[],\"isMultiStep\":false,\"useAjax\":true,\"submissionData\":null,\"formattedSubmissionData\":[],\"submissionSuccess\":false,\"submissionError\":null,\"elementId\":\"jp-form-9b5c75ec7dbffdb6b12101c3127f4f5374157802\",\"isSingleInputForm\":false}'\n\t\t\tdata-wp-watch--scroll-to-wrapper=\"callbacks.scrollToWrapper\"\n\t\t>\n<div class=\"contact-form-submission contact-form-ajax-submission\" data-wp-class--submission-success=\"context.submissionSuccess\"><p class=\"go-back-message\"><a class=\"link\" role=\"button\" tabindex=\"0\" data-wp-on--click=\"actions.goBack\" href=\"\/artenosul\/wp-json\/wp\/v2\/posts\/615\">Voltar<\/a><\/p><h4 id=\"contact-form-success-header\">Sua mensagem foi enviada<\/h4>\n\n<template data-wp-each--submission=\"context.formattedSubmissionData\">\n\t\t\t\t\t<div class=\"jetpack_forms_contact-form-success-summary\">\n\t\t\t\t\t\t<div class=\"field-name\" data-wp-text=\"context.submission.label\" data-wp-bind--hidden=\"!context.submission.label\"><\/div>\n\t\t\t\t\t\t<div class=\"field-value\" data-wp-text=\"context.submission.value\"><\/div>\n\t\t\t\t\t\t<div class=\"field-images\" data-wp-bind--hidden=\"!context.submission.images\">\n\t\t\t\t\t\t\t<template data-wp-each--image=\"context.submission.images\">\n\t\t\t\t\t\t\t\t<figure class=\"field-image\" data-wp-class--is-empty=\"!context.image\">\n\t\t\t\t\t\t\t\t\t<img data-wp-bind--src=\"context.image\" data-wp-bind--hidden=\"!context.image\" \/>\n\t\t\t\t\t\t\t\t\t<img decoding=\"async\" src=\"data:image\/gif;base64,R0lGODlhAQABAAD\/ACwAAAAAAQABAAACADs=\" data-wp-bind--hidden=\"context.image\" \/>\n\t\t\t\t\t\t\t\t<\/figure>\n\t\t\t\t\t\t\t<\/template>\n\t\t\t\t\t\t<\/div>\n\t\t\t\t\t<\/div>\n\t\t\t\t<\/template><\/div><form action='https:\/\/wp.ufpel.edu.br\/artenosul\/2015\/11\/30\/giovane-lessa-uma-das-mais-importantes-vozes-do-movimento-negro-pelotense\/'\n\t\t\t\tid='jp-form-9b5c75ec7dbffdb6b12101c3127f4f5374157802'\n\t\t\t\tmethod='post'\n\t\t\t\tclass='contact-form commentsblock' aria-label=\"Giovane Lessa: uma das mais importantes vozes do movimento negro pelotense\"\n\t\t\t\tdata-wp-on--submit=\"actions.onFormSubmit\"\n\t\t\t\tdata-wp-on--reset=\"actions.onFormReset\"\n\t\t\t\tdata-wp-class--submission-success=\"context.submissionSuccess\"\n\t\t\t\tdata-wp-class--is-first-step=\"state.isFirstStep\"\n\t\t\t\tdata-wp-class--is-last-step=\"state.isLastStep\"\n\t\t\t\tdata-wp-class--is-ajax-form=\"context.useAjax\"\n\t\t\t\tnovalidate >\n<input type='hidden' name='jetpack_contact_form_jwt' value='eyJ0eXAiOiJKV1QiLCJhbGciOiJIUzI1NiJ9.eyJlbmNyeXB0ZWRfYXR0cmlidXRlcyI6IlhsT3pMY2xkdFhaR3V3bG5PbkZ0SDhEVFNUaHpNeDIrNWwzanQybFYydkNjY3dDRmU3a1RoNTQraUV1b2N4UUVsdmxEQzJrTjJQam5sT01Dam5tcUgrK2FsWlZlWU1yZC9MWEo1dlNxdncwdnZnd0VWc1QzZjJnNFFMNDdZM0p0T0NRRHpUQUpPeU5tUitWTDlsWWV3Y29oWkFBRlR6bGF5WGN4ck1VRFF3aGl4WWdYOWtSUzBCWmo5emw4U2JnK0RrOEJWLzhCSmU1UU9mNjlQM2V5aEhLQmtVYmZEV3NVTFd3S09KS0tobXJMdG1BRlh4YzBNd2t0TGk1REFzNzRRZFhoWmQ5OFpzQWhnWDFPWmlKUWd4c0hUWmdhMitBL3BYY1JPdVExd3ByTGhEdHp6YkZ4ek53K2dVVllzWXJESWZKUTZMTGVYRzFndjNMQ0ljbi9RK25Ub0hmUWRER0l1c29oYjIxT0c3T3MybjgvdFdxdU9jS3VSNGhTMklnSldJeWFLOFNLUXI0RDVhN2JPYVJmMGt0dy9aMVgvUnh6S2RNNHBKM042RXBKcmVsSDVuZDRydlc0SkIvRE12OTR1eG5kZENZVW5QSnhjbyt5TzVTR3BEVkdUTGh3U21GY1hWMnM5bWVESHNPTkhiVHYvenBJTThQdHdmS2U1UnRSU05BMGdGU3llbWRHQ0VVRjM5aHpUUDdmUjdZQ25sSk15RG9aZVlFN085ZFppOHpDRGVhQ1o5T1pUTW14eWI1aXRERHo3T2FFZitLR0hsRjZpelNqZ09kdW1vYUZpNVpFTFAwVW40WGZ1TkU0aWRjSVFLRTBYS0RHVExWalVCR3QvVTdKRDNlcjI1WFFYV1RDaGthRDNQbUpubGlycWNURFd2Z0Eyc0JLaEFITXhndnJadTg3N0tyYW9KMVR5TENWOHJ6YzFnN3h1clNZUVYxQ3VqTERFMk5ZUENEN3hhMDdlb09pK1dFUUIycE5WTVhBRi9KRm1ETHd0WVFvMVl0S2ZjaGZkVVFMOXNDdkQ1eXVsaDQxUnJ5TnVlZFd1R0R3b0hDdDJZSVVzd2Fia2xXc3Z4Zm9CTnpPRXRhUW9JZDNNRjhkdTFaanQ2OWR5T3VkQ3lyMk1mQm9PbUFWWVBEaWJHbXdoRUlNUERzK1FMK3Z6NkhCckdraCtkZ3IrdFd6blFhTUdqOHNhRzBMZE5LbWZOT1JpcDFNUVVTWFB2STJ6aEpnakg2dmJFWkEwOXFjdGE1NFFTc281eXE3WitUc2FRPT0iLCJjb250ZW50IjoiW2NvbnRhY3QtZmllbGQgbGFiZWw9J05vbWUnIHR5cGU9J25hbWUnL11bY29udGFjdC1maWVsZCBsYWJlbD0nRW1haWwnIHR5cGU9J2VtYWlsJy9dW2NvbnRhY3QtZmllbGQgbGFiZWw9J0NvbWVudFx1MDBlMXJpbycgdHlwZT0ndGV4dGFyZWEnL10iLCJoYXNoIjoiOWI1Yzc1ZWM3ZGJmZmRiNmIxMjEwMWMzMTI3ZjRmNTM3NDE1NzgwMiIsInNvdXJjZSI6eyJlbnRyeV90aXRsZSI6Ikdpb3ZhbmUgTGVzc2E6IHVtYSBkYXMgbWFpcyBpbXBvcnRhbnRlcyB2b3plcyBkbyBtb3ZpbWVudG8gbmVncm8gcGVsb3RlbnNlIiwiZW50cnlfcGFnZSI6MSwic291cmNlX2lkIjo2MTUsInNvdXJjZV90eXBlIjoic2luZ2xlIiwicmVxdWVzdF91cmwiOiJodHRwczovL3dwLnVmcGVsLmVkdS5ici9hcnRlbm9zdWwvd3AtanNvbi93cC92Mi9wb3N0cy82MTUifSwidmVyc2lvbiI6MiwiY2lwaGVyIjoiYWVzLTI1Ni1nY20ifQ.QJiGk7FfjcY-SgYR-6YWpDKBGJDs6-bJWMszWbS8fyU' \/>\n\n<div style=\"\"  data-wp-interactive=\"jetpack\/form\" data-wp-context='{\"fieldId\":\"g615-nome\",\"fieldType\":\"name\",\"fieldLabel\":\"Nome\",\"fieldValue\":\"\",\"fieldPlaceholder\":\"\",\"fieldIsRequired\":\"\",\"fieldErrorMessage\":\"\",\"fieldExtra\":[],\"formHash\":\"9b5c75ec7dbffdb6b12101c3127f4f5374157802\"}'  class='grunion-field-name-wrap grunion-field-wrap'  data-wp-init='callbacks.initializeField' data-wp-on--jetpack-form-reset='callbacks.initializeField' >\n<label\n\t\t\t\tfor='g615-nome' class=\"grunion-field-label name\" >Nome<\/label>\n<input\n\t\t\t\t\ttype='text'\n\t\t\t\t\tname='g615-nome'\n\t\t\t\t\tid='g615-nome'\n\t\t\t\t\tvalue=''\n\n\t\t\t\t\tdata-wp-bind--aria-invalid='state.fieldHasErrors'\n\t\t\t\t\tdata-wp-bind--value='state.getFieldValue'\n\t\t\t\t\taria-errormessage='g615-nome-text-error-message'\n\t\t\t\t\tdata-wp-on--input='actions.onFieldChange'\n\t\t\t\t\tdata-wp-on--blur='actions.onFieldBlur'\n\t\t\t\t\tdata-wp-class--has-value='state.hasFieldValue'\n\n\t\t\t\t\tclass='name  grunion-field' \n\t\t\t\t\t \/>\n \n\t\t\t<div id=\"g615-nome-text-error\" class=\"contact-form__input-error\" data-wp-class--has-errors=\"state.fieldHasErrors\">\n\t\t\t\t<span class=\"contact-form__warning-icon\">\n\t\t\t\t\t<svg width=\"16\" height=\"16\" viewBox=\"0 0 16 16\" fill=\"none\" xmlns=\"http:\/\/www.w3.org\/2000\/svg\">\n\t\t\t\t\t\t<path d=\"M8.50015 11.6402H7.50015V10.6402H8.50015V11.6402Z\" \/>\n\t\t\t\t\t\t<path d=\"M7.50015 9.64018H8.50015V6.30684H7.50015V9.64018Z\" \/>\n\t\t\t\t\t\t<path fill-rule=\"evenodd\" clip-rule=\"evenodd\" d=\"M6.98331 3.0947C7.42933 2.30177 8.57096 2.30177 9.01698 3.09469L13.8771 11.7349C14.3145 12.5126 13.7525 13.4735 12.8602 13.4735H3.14004C2.24774 13.4735 1.68575 12.5126 2.12321 11.7349L6.98331 3.0947ZM8.14541 3.58496C8.08169 3.47168 7.9186 3.47168 7.85488 3.58496L2.99478 12.2251C2.93229 12.3362 3.01257 12.4735 3.14004 12.4735H12.8602C12.9877 12.4735 13.068 12.3362 13.0055 12.2251L8.14541 3.58496Z\" \/>\n\t\t\t\t\t<\/svg>\n\t\t\t\t\t<span class=\"visually-hidden\">Aviso<\/span>\n\t\t\t\t<\/span>\n\t\t\t\t<span data-wp-text=\"state.errorMessage\" id=\"g615-nome-text-error-message\" role=\"alert\" aria-live=\"assertive\"><\/span>\n\t\t\t<\/div> \n\t<\/div>\n\n<div style=\"\"  data-wp-interactive=\"jetpack\/form\" data-wp-context='{\"fieldId\":\"g615-email\",\"fieldType\":\"email\",\"fieldLabel\":\"Email\",\"fieldValue\":\"\",\"fieldPlaceholder\":\"\",\"fieldIsRequired\":\"\",\"fieldErrorMessage\":\"\",\"fieldExtra\":[],\"formHash\":\"9b5c75ec7dbffdb6b12101c3127f4f5374157802\"}'  class='grunion-field-email-wrap grunion-field-wrap'  data-wp-init='callbacks.initializeField' data-wp-on--jetpack-form-reset='callbacks.initializeField' >\n<label\n\t\t\t\tfor='g615-email' class=\"grunion-field-label email\" >Email<\/label>\n<input\n\t\t\t\t\ttype='email'\n\t\t\t\t\tname='g615-email'\n\t\t\t\t\tid='g615-email'\n\t\t\t\t\tvalue=''\n\n\t\t\t\t\tdata-wp-bind--aria-invalid='state.fieldHasErrors'\n\t\t\t\t\tdata-wp-bind--value='state.getFieldValue'\n\t\t\t\t\taria-errormessage='g615-email-email-error-message'\n\t\t\t\t\tdata-wp-on--input='actions.onFieldChange'\n\t\t\t\t\tdata-wp-on--blur='actions.onFieldBlur'\n\t\t\t\t\tdata-wp-class--has-value='state.hasFieldValue'\n\n\t\t\t\t\tclass='email  grunion-field' \n\t\t\t\t\t \/>\n \n\t\t\t<div id=\"g615-email-email-error\" class=\"contact-form__input-error\" data-wp-class--has-errors=\"state.fieldHasErrors\">\n\t\t\t\t<span class=\"contact-form__warning-icon\">\n\t\t\t\t\t<svg width=\"16\" height=\"16\" viewBox=\"0 0 16 16\" fill=\"none\" xmlns=\"http:\/\/www.w3.org\/2000\/svg\">\n\t\t\t\t\t\t<path d=\"M8.50015 11.6402H7.50015V10.6402H8.50015V11.6402Z\" \/>\n\t\t\t\t\t\t<path d=\"M7.50015 9.64018H8.50015V6.30684H7.50015V9.64018Z\" \/>\n\t\t\t\t\t\t<path fill-rule=\"evenodd\" clip-rule=\"evenodd\" d=\"M6.98331 3.0947C7.42933 2.30177 8.57096 2.30177 9.01698 3.09469L13.8771 11.7349C14.3145 12.5126 13.7525 13.4735 12.8602 13.4735H3.14004C2.24774 13.4735 1.68575 12.5126 2.12321 11.7349L6.98331 3.0947ZM8.14541 3.58496C8.08169 3.47168 7.9186 3.47168 7.85488 3.58496L2.99478 12.2251C2.93229 12.3362 3.01257 12.4735 3.14004 12.4735H12.8602C12.9877 12.4735 13.068 12.3362 13.0055 12.2251L8.14541 3.58496Z\" \/>\n\t\t\t\t\t<\/svg>\n\t\t\t\t\t<span class=\"visually-hidden\">Aviso<\/span>\n\t\t\t\t<\/span>\n\t\t\t\t<span data-wp-text=\"state.errorMessage\" id=\"g615-email-email-error-message\" role=\"alert\" aria-live=\"assertive\"><\/span>\n\t\t\t<\/div> \n\t<\/div>\n\n<div style=\"\"  data-wp-interactive=\"jetpack\/form\" data-wp-context='{\"fieldId\":\"g615-comentrio\",\"fieldType\":\"textarea\",\"fieldLabel\":\"Coment\\u00e1rio\",\"fieldValue\":\"\",\"fieldPlaceholder\":\"\",\"fieldIsRequired\":\"\",\"fieldErrorMessage\":\"\",\"fieldExtra\":[],\"formHash\":\"9b5c75ec7dbffdb6b12101c3127f4f5374157802\"}'  class='grunion-field-textarea-wrap grunion-field-wrap'  data-wp-init='callbacks.initializeField' data-wp-on--jetpack-form-reset='callbacks.initializeField' >\n<label\n\t\t\t\tfor='contact-form-comment-g615-comentrio' class=\"grunion-field-label textarea\" >Coment\u00e1rio<\/label>\n<textarea\n\t\t                style=''\n\t\t                name='g615-comentrio'\n\t\t                id='contact-form-comment-g615-comentrio'\n\t\t                rows='20'\n\t\t\t\t\t\tdata-wp-text='state.getFieldValue'\n\t\t\t\t\t\tdata-wp-on--input='actions.onFieldChange'\n\t\t\t\t\t\tdata-wp-on--blur='actions.onFieldBlur'\n\t\t\t\t\t\tdata-wp-class--has-value='state.hasFieldValue'\n\t\t\t\t\t\tdata-wp-bind--aria-invalid='state.fieldHasErrors'\n\t\t\t\t\t\taria-errormessage='g615-comentrio-textarea-error-message'\n\t\t\t\t\t\tclass='textarea  grunion-field'  ><\/textarea>\n \n\t\t\t<div id=\"g615-comentrio-textarea-error\" class=\"contact-form__input-error\" data-wp-class--has-errors=\"state.fieldHasErrors\">\n\t\t\t\t<span class=\"contact-form__warning-icon\">\n\t\t\t\t\t<svg width=\"16\" height=\"16\" viewBox=\"0 0 16 16\" fill=\"none\" xmlns=\"http:\/\/www.w3.org\/2000\/svg\">\n\t\t\t\t\t\t<path d=\"M8.50015 11.6402H7.50015V10.6402H8.50015V11.6402Z\" \/>\n\t\t\t\t\t\t<path d=\"M7.50015 9.64018H8.50015V6.30684H7.50015V9.64018Z\" \/>\n\t\t\t\t\t\t<path fill-rule=\"evenodd\" clip-rule=\"evenodd\" d=\"M6.98331 3.0947C7.42933 2.30177 8.57096 2.30177 9.01698 3.09469L13.8771 11.7349C14.3145 12.5126 13.7525 13.4735 12.8602 13.4735H3.14004C2.24774 13.4735 1.68575 12.5126 2.12321 11.7349L6.98331 3.0947ZM8.14541 3.58496C8.08169 3.47168 7.9186 3.47168 7.85488 3.58496L2.99478 12.2251C2.93229 12.3362 3.01257 12.4735 3.14004 12.4735H12.8602C12.9877 12.4735 13.068 12.3362 13.0055 12.2251L8.14541 3.58496Z\" \/>\n\t\t\t\t\t<\/svg>\n\t\t\t\t\t<span class=\"visually-hidden\">Aviso<\/span>\n\t\t\t\t<\/span>\n\t\t\t\t<span data-wp-text=\"state.errorMessage\" id=\"g615-comentrio-textarea-error-message\" role=\"alert\" aria-live=\"assertive\"><\/span>\n\t\t\t<\/div>\n\t<\/div>\n\t<p class='contact-submit'>\n<div class=\"contact-form__error\" data-wp-class--show-errors=\"state.showFormErrors\"><span class=\"contact-form__warning-icon\"><span class=\"visually-hidden\">Aten\u00e7\u00e3o.<\/span><i aria-hidden=\"true\"><\/i><\/span>\n\t\t\t\t<span data-wp-text=\"state.getFormErrorMessage\"><\/span>\n\t\t\t\t<ul>\n\t\t\t\t<template data-wp-each=\"state.getErrorList\" data-wp-key=\"context.item.id\">\n\t\t\t\t\t<li><a data-wp-bind--href=\"context.item.anchor\" data-wp-on--click=\"actions.scrollIntoView\" data-wp-text=\"context.item.label\"><\/a><\/li>\n\t\t\t\t<\/template>\n\t\t\t\t<\/ul><\/div><div class=\"contact-form__error\" data-wp-class--show-errors=\"state.showSubmissionError\" data-wp-text=\"context.submissionError\"><\/div>\t\t<button type='submit' class='pushbutton-wide'>Enviar<\/button>\t\t<input type='hidden' name='contact-form-id' value='615' \/>\n\t\t<input type='hidden' name='action' value='grunion-contact-form' \/>\n\t\t<input type='hidden' name='contact-form-hash' value='9b5c75ec7dbffdb6b12101c3127f4f5374157802' \/>\n\t<\/p>\n<p style=\"display: none !important;\" class=\"akismet-fields-container\" data-prefix=\"ak_\"><label>&#916;<textarea name=\"ak_hp_textarea\" cols=\"45\" rows=\"8\" maxlength=\"100\"><\/textarea><\/label><input type=\"hidden\" id=\"ak_js_1\" name=\"ak_js\" value=\"122\"\/><script>document.getElementById( \"ak_js_1\" ).setAttribute( \"value\", ( new Date() ).getTime() );<\/script><\/p><\/form>\n<\/div>\n<p>&nbsp;<\/p>\n<h4><span style=\"color: #4484d4\"><strong>COMENT\u00c1RIOS:<\/strong><\/span><\/h4>\n<h4><\/h4>\n","protected":false},"excerpt":{"rendered":"<p>Reportagem de Lu\u00eds Artur Janes Silva &#8211; Esta segunda reportagem do site Arte No Sul sobre destaques da cultura hip-hop na cidade de Pelotas permite conhecer um pouco da atua\u00e7\u00e3o de Giovane Lessa. Ele \u00e9 uma das mais importantes vozes do movimento negro de nossa cidade, tamb\u00e9m um dos mentores da cultura hip-hop. Representa a &hellip; <\/p>\n<p><a class=\"more-link btn\" href=\"https:\/\/wp.ufpel.edu.br\/artenosul\/2015\/11\/30\/giovane-lessa-uma-das-mais-importantes-vozes-do-movimento-negro-pelotense\/\">Continue lendo<\/a><\/p>\n","protected":false},"author":571,"featured_media":0,"comment_status":"closed","ping_status":"closed","sticky":false,"template":"","format":"standard","meta":{"jetpack_post_was_ever_published":false,"_jetpack_newsletter_access":"","_jetpack_dont_email_post_to_subs":false,"_jetpack_newsletter_tier_id":0,"_jetpack_memberships_contains_paywalled_content":false,"_jetpack_memberships_contains_paid_content":false,"footnotes":"","jetpack_publicize_message":"","jetpack_publicize_feature_enabled":true,"jetpack_social_post_already_shared":true,"jetpack_social_options":{"image_generator_settings":{"template":"highway","default_image_id":0,"font":"","enabled":false},"version":2}},"categories":[88,6,1],"tags":[215,214,213,71],"class_list":["post-615","post","type-post","status-publish","format-standard","hentry","category-comunidade","category-musica","category-noticias","tag-frente-negra-pelotense","tag-bairro-getulio-vargas","tag-giovane-lessa","tag-hip-hop","nodate","item-wrap"],"jetpack_publicize_connections":[],"jetpack_featured_media_url":"","jetpack_sharing_enabled":true,"jetpack_likes_enabled":true,"jetpack_shortlink":"https:\/\/wp.me\/p6PuxQ-9V","jetpack-related-posts":[{"id":175,"url":"https:\/\/wp.ufpel.edu.br\/artenosul\/2015\/10\/13\/a-periferia-tem-voz\/","url_meta":{"origin":615,"position":0},"title":"A periferia tem voz","author":"artenosul","date":"13 de outubro de 2015","format":false,"excerpt":"Reportagem de Lu\u00eds Artur Janes Silva - Dentre as v\u00e1rias manifesta\u00e7\u00f5es da cultura hip-hop em Pelotas est\u00e1 a personalidade e a obra de Lu\u00eds Henrique Barcelos Duarte, o Mano Rick, um dos integrantes mais populares do movimento hip hop no Loteamento Dunas, periferia da cidade. \u00c9 uma das vozes mais\u2026","rel":"","context":"Em &quot;M\u00daSICA&quot;","block_context":{"text":"M\u00daSICA","link":"https:\/\/wp.ufpel.edu.br\/artenosul\/category\/musica\/"},"img":{"alt_text":"Mano Rick apresenta-se no Bairro da Gente ","src":"https:\/\/i0.wp.com\/wp.ufpel.edu.br\/artenosul\/files\/2015\/10\/ManoRick1.jpg?resize=350%2C200&ssl=1","width":350,"height":200},"classes":[]},{"id":11872,"url":"https:\/\/wp.ufpel.edu.br\/artenosul\/2022\/06\/06\/vozes-do-silencio-a-invisibilidade-do-individuo-negro-no-sul-do-brasil\/","url_meta":{"origin":615,"position":1},"title":"Vozes do Sil\u00eancio: a invisibilidade do indiv\u00edduo negro no sul do Brasil","author":"artenosul","date":"6 de junho de 2022","format":false,"excerpt":"Por Jo\u00e3o Pedro Cardozo Macedo\u00a0\u00a0\u00a0\u00a0 Artista pelotense roteiriza curta-metragem que apresenta seu novo \u00e1lbum musical Mar\u00e7o de 2022 foi um per\u00edodo de muitos lan\u00e7amentos para o rapper pelotense Zudizilla, com o \u00e1lbum \u201cZulu: de C\u00e9sar a Cristo (Vol. 2)\u201d, segundo da trilogia Zulu, processo que ele vem trabalhando desde 2019.\u2026","rel":"","context":"Em &quot;CINEMA&quot;","block_context":{"text":"CINEMA","link":"https:\/\/wp.ufpel.edu.br\/artenosul\/category\/cinema\/"},"img":{"alt_text":"","src":"https:\/\/i0.wp.com\/wp.ufpel.edu.br\/artenosul\/files\/2022\/06\/Zud.jpg?resize=350%2C200&ssl=1","width":350,"height":200},"classes":[]},{"id":634,"url":"https:\/\/wp.ufpel.edu.br\/artenosul\/2015\/12\/01\/ong-anjos-e-querubins-luta-por-cultura-e-educacao\/","url_meta":{"origin":615,"position":2},"title":"ONG Anjos e Querubins luta por cultura e educa\u00e7\u00e3o","author":"artenosul","date":"1 de dezembro de 2015","format":false,"excerpt":"Reportagem de William\u00a0 Machado - Aqueles que fazem a diferen\u00e7a e enfrentam qualquer barreira est\u00e3o cada vez mais presentes em nossa sociedade. Um exemplo disto \u00e9 o caso da Organiza\u00e7\u00e3o N\u00e3o-Governamental Anjos e Querubins. Seu presidente, Ben Hur Flores, teve a iniciativa de implementar atividades que combatessem a discrimina\u00e7\u00e3o com\u2026","rel":"","context":"Em &quot;COMUNIDADE&quot;","block_context":{"text":"COMUNIDADE","link":"https:\/\/wp.ufpel.edu.br\/artenosul\/category\/comunidade\/"},"img":{"alt_text":"","src":"https:\/\/i0.wp.com\/wp.ufpel.edu.br\/artenosul\/files\/2015\/12\/William.jpg?resize=350%2C200&ssl=1","width":350,"height":200},"classes":[]},{"id":188,"url":"https:\/\/wp.ufpel.edu.br\/artenosul\/2015\/10\/14\/comedia-musical-percorre-bairros\/","url_meta":{"origin":615,"position":3},"title":"Com\u00e9dia musical percorre bairros da cidade de Pelotas","author":"artenosul","date":"14 de outubro de 2015","format":false,"excerpt":"Reportagem de\u00a0Ronaldo Quadrado Gomes -\u00a0 \u00a0 \u00a0 \u00a0A Companhia de Teatro Caboclos da Cidade, em parceria com o grupo musical Adelante, vem apresentando a pe\u00e7a teatral itinerante \u201cOlha o santo!\u201d. A produ\u00e7\u00e3o foi pensada para que o teatro chegasse \u00e0 periferia, podendo ser um elo entre a hist\u00f3ria da cidade\u2026","rel":"","context":"Em &quot;NOT\u00cdCIAS&quot;","block_context":{"text":"NOT\u00cdCIAS","link":"https:\/\/wp.ufpel.edu.br\/artenosul\/category\/noticias\/"},"img":{"alt_text":"","src":"https:\/\/i0.wp.com\/wp.ufpel.edu.br\/artenosul\/files\/2015\/10\/Ronaldo1-e1502480008826.jpg?resize=350%2C200&ssl=1","width":350,"height":200,"srcset":"https:\/\/i0.wp.com\/wp.ufpel.edu.br\/artenosul\/files\/2015\/10\/Ronaldo1-e1502480008826.jpg?resize=350%2C200&ssl=1 1x, https:\/\/i0.wp.com\/wp.ufpel.edu.br\/artenosul\/files\/2015\/10\/Ronaldo1-e1502480008826.jpg?resize=525%2C300&ssl=1 1.5x, https:\/\/i0.wp.com\/wp.ufpel.edu.br\/artenosul\/files\/2015\/10\/Ronaldo1-e1502480008826.jpg?resize=700%2C400&ssl=1 2x"},"classes":[]},{"id":28896,"url":"https:\/\/wp.ufpel.edu.br\/artenosul\/2025\/04\/03\/zudizilla-o-poeta-pelotense-do-rap-brasileiro\/","url_meta":{"origin":615,"position":4},"title":"Zudizilla: O poeta pelotense do rap brasileiro","author":"artenosul","date":"3 de abril de 2025","format":false,"excerpt":"Com toques do jazz, soul e boom bap, m\u00fasico combina rimas, refer\u00eancias filos\u00f3ficas e hist\u00f3rias da cultura negra e das periferias\u00a0\u00a0\u00a0\u00a0 Por Jo\u00e3o Miguel Rico Donini\u00a0\u00a0\u00a0\u00a0\u00a0 \u00a0 \u00a0 Nos \u00faltimos anos, o rap brasileiro tem se expandido e diversificado, trazendo novos nomes que desafiam padr\u00f5es e exploram sonoridades \u00fanicas. Entre\u2026","rel":"","context":"Em &quot;M\u00daSICA&quot;","block_context":{"text":"M\u00daSICA","link":"https:\/\/wp.ufpel.edu.br\/artenosul\/category\/musica\/"},"img":{"alt_text":"","src":"https:\/\/i0.wp.com\/wp.ufpel.edu.br\/artenosul\/files\/2025\/04\/ZUDIZILLA_BLOG_CAPAb.jpg?resize=350%2C200&ssl=1","width":350,"height":200,"srcset":"https:\/\/i0.wp.com\/wp.ufpel.edu.br\/artenosul\/files\/2025\/04\/ZUDIZILLA_BLOG_CAPAb.jpg?resize=350%2C200&ssl=1 1x, https:\/\/i0.wp.com\/wp.ufpel.edu.br\/artenosul\/files\/2025\/04\/ZUDIZILLA_BLOG_CAPAb.jpg?resize=525%2C300&ssl=1 1.5x, https:\/\/i0.wp.com\/wp.ufpel.edu.br\/artenosul\/files\/2025\/04\/ZUDIZILLA_BLOG_CAPAb.jpg?resize=700%2C400&ssl=1 2x, https:\/\/i0.wp.com\/wp.ufpel.edu.br\/artenosul\/files\/2025\/04\/ZUDIZILLA_BLOG_CAPAb.jpg?resize=1050%2C600&ssl=1 3x, https:\/\/i0.wp.com\/wp.ufpel.edu.br\/artenosul\/files\/2025\/04\/ZUDIZILLA_BLOG_CAPAb.jpg?resize=1400%2C800&ssl=1 4x"},"classes":[]},{"id":13613,"url":"https:\/\/wp.ufpel.edu.br\/artenosul\/2023\/04\/23\/cultura-negra-em-festa\/","url_meta":{"origin":615,"position":5},"title":"Cultura negra em festa","author":"artenosul","date":"23 de abril de 2023","format":false,"excerpt":"Voltado para refor\u00e7ar ra\u00edzes culturais, Festival Cabobu convidou p\u00fablico para as ruas de Pelotas no fim de semana\u00a0 \u00a0 \u00a0 Por Thierri Cunha\u00a0 \u00a0 \u00a0 \u00a0\u00a0 A cidade de Pelotas recebeu com maestria o Festival Cabobu, conhecido como a festa dos tambores, nos dias 21, 22 e 23 de abril\u2026","rel":"","context":"Em &quot;COMUNIDADE&quot;","block_context":{"text":"COMUNIDADE","link":"https:\/\/wp.ufpel.edu.br\/artenosul\/category\/comunidade\/"},"img":{"alt_text":"","src":"https:\/\/i0.wp.com\/wp.ufpel.edu.br\/artenosul\/files\/2023\/04\/Imagem1bb.jpg?resize=350%2C200&ssl=1","width":350,"height":200,"srcset":"https:\/\/i0.wp.com\/wp.ufpel.edu.br\/artenosul\/files\/2023\/04\/Imagem1bb.jpg?resize=350%2C200&ssl=1 1x, https:\/\/i0.wp.com\/wp.ufpel.edu.br\/artenosul\/files\/2023\/04\/Imagem1bb.jpg?resize=525%2C300&ssl=1 1.5x"},"classes":[]}],"_links":{"self":[{"href":"https:\/\/wp.ufpel.edu.br\/artenosul\/wp-json\/wp\/v2\/posts\/615","targetHints":{"allow":["GET"]}}],"collection":[{"href":"https:\/\/wp.ufpel.edu.br\/artenosul\/wp-json\/wp\/v2\/posts"}],"about":[{"href":"https:\/\/wp.ufpel.edu.br\/artenosul\/wp-json\/wp\/v2\/types\/post"}],"author":[{"embeddable":true,"href":"https:\/\/wp.ufpel.edu.br\/artenosul\/wp-json\/wp\/v2\/users\/571"}],"replies":[{"embeddable":true,"href":"https:\/\/wp.ufpel.edu.br\/artenosul\/wp-json\/wp\/v2\/comments?post=615"}],"version-history":[{"count":8,"href":"https:\/\/wp.ufpel.edu.br\/artenosul\/wp-json\/wp\/v2\/posts\/615\/revisions"}],"predecessor-version":[{"id":3032,"href":"https:\/\/wp.ufpel.edu.br\/artenosul\/wp-json\/wp\/v2\/posts\/615\/revisions\/3032"}],"wp:attachment":[{"href":"https:\/\/wp.ufpel.edu.br\/artenosul\/wp-json\/wp\/v2\/media?parent=615"}],"wp:term":[{"taxonomy":"category","embeddable":true,"href":"https:\/\/wp.ufpel.edu.br\/artenosul\/wp-json\/wp\/v2\/categories?post=615"},{"taxonomy":"post_tag","embeddable":true,"href":"https:\/\/wp.ufpel.edu.br\/artenosul\/wp-json\/wp\/v2\/tags?post=615"}],"curies":[{"name":"wp","href":"https:\/\/api.w.org\/{rel}","templated":true}]}}