{"id":4717,"date":"2017-03-11T10:08:55","date_gmt":"2017-03-11T13:08:55","guid":{"rendered":"https:\/\/wp.ufpel.edu.br\/artenosul\/?p=4717"},"modified":"2017-07-27T18:10:15","modified_gmt":"2017-07-27T21:10:15","slug":"moana-um-mar-de-aventuras","status":"publish","type":"post","link":"https:\/\/wp.ufpel.edu.br\/artenosul\/2017\/03\/11\/moana-um-mar-de-aventuras\/","title":{"rendered":"Moana \u2013 Um mar de Aventuras"},"content":{"rendered":"<p style=\"text-align: center\"><span style=\"color: #000000;font-size: 12pt\"><strong>Texto de Camila Duarte Porto<\/strong><\/span><\/p>\n<p style=\"text-align: center\"><span style=\"color: #000000;font-size: 12pt\"><strong>Cinema &#8211; Cr\u00edtica<\/strong><\/span><\/p>\n<div id=\"attachment_4719\" style=\"width: 424px\" class=\"wp-caption aligncenter\"><img loading=\"lazy\" decoding=\"async\" aria-describedby=\"caption-attachment-4719\" class=\"wp-image-4719 size-medium\" src=\"https:\/\/wp.ufpel.edu.br\/artenosul\/files\/2017\/03\/Moana-Um-Mar-de-Aventuras-Cr\u00edtica-424x300.png\" width=\"424\" height=\"300\" srcset=\"https:\/\/wp.ufpel.edu.br\/artenosul\/files\/2017\/03\/Moana-Um-Mar-de-Aventuras-Cr\u00edtica-424x300.png 424w, https:\/\/wp.ufpel.edu.br\/artenosul\/files\/2017\/03\/Moana-Um-Mar-de-Aventuras-Cr\u00edtica-212x150.png 212w, https:\/\/wp.ufpel.edu.br\/artenosul\/files\/2017\/03\/Moana-Um-Mar-de-Aventuras-Cr\u00edtica.png 650w\" sizes=\"auto, (max-width: 424px) 100vw, 424px\" \/><p id=\"caption-attachment-4719\" class=\"wp-caption-text\"><span style=\"color: #000000\"><strong>Produ\u00e7\u00e3o de Walt Disney inspira-se em aspectos culturais da Polin\u00e9sia<\/strong><\/span><\/p><\/div>\n<p><span style=\"font-size: 12pt\">\u00a0 \u00a0 \u00a0&#8220;Moana \u2013 Um mar de aventuras&#8221; \u00e9 uma produ\u00e7\u00e3o do Walt Disney Animation Studios e chegou \u00e0s telinhas do cinema em janeiro deste ano. Com dire\u00e7\u00e3o de John Musker e Ron Clements, traz a hist\u00f3ria de Moana Waialiki, uma jovem polin\u00e9sia de 16 anos, vinda de uma longa linhagem de chefes de uma tribo da Oceania e tem como destino comandar seu povo. Almejando descobrir mais sobre os mist\u00e9rios que envolvem seus ancestrais, ela embarca em uma aventura pelo Oceano Pac\u00edfico. Durante seu trajeto, encontra o semideus Maui que a acompanha em sua jornada. Juntos, vivem uma intensa viagem, cheia de a\u00e7\u00e3o, divers\u00e3o e criaturas inusitadas.<\/span><\/p>\n<p><span style=\"font-size: 12pt\">\u00a0 \u00a0 \u00a0O filme infantil veio \u00e0s telas cercado de pol\u00eamicas, o site Geled\u00e9s julgou infeliz a forma como a Disney apropriou-se da figura mitol\u00f3gica de Maui, que \u00e9 considerado em algumas culturas polin\u00e9sias como \u201cancestral\u201d. Sua forma f\u00edsica foi encarada com maus olhos, uma vez que na regi\u00e3o a obesidade \u00e9 um problema de sa\u00fade p\u00fablica. O site ainda disse: \u201cNa cultura da Polin\u00e9sia, as tatuagens contam uma hist\u00f3ria pessoal. Reproduzir essas intimidades \u00e9 considerado uma falta de respeito, e fazer isso com fins comerciais \u00e9 um insulto.\u201d<\/span><\/p>\n<p><span style=\"font-size: 12pt\">\u00a0 \u00a0 \u00a0J\u00e1 outra parte do p\u00fablico amou o filme. Para o site da Uol, Moana \u00e9 a mais interessante das princesas da Disney, a come\u00e7ar por ela n\u00e3o ser vista como uma princesa, mas sim como uma aventureira e que n\u00e3o segue o padr\u00e3o f\u00edsico das demais. Mas n\u00e3o \u00e9 apenas a apar\u00eancia de Moana que a diferencia. Para o site, o que mais destaca Moana \u00e9 que ela n\u00e3o est\u00e1 \u00e0 procura de um pr\u00edncipe encantado: \u201cNada de pr\u00edncipe. Nada de par rom\u00e2ntico. Com a \u00e1rdua miss\u00e3o de salvar sua ilha e seu povo da destrui\u00e7\u00e3o, a jovem polin\u00e9sia de Motu Nui n\u00e3o tem tempo para historinhas de amor.\u201d<\/span><\/p>\n<p><span style=\"color: #0000ff;font-size: 12pt\"><a href=\"https:\/\/wp.ufpel.edu.br\/artenosul\"><strong>PRIMEIRA P\u00c1GINA<\/strong><\/a><\/span><\/p>\n<p><span style=\"color: #0000ff;font-size: 12pt\"><strong>COMENT\u00c1RIOS<\/strong><\/span><\/p>\n<div data-test='contact-form'\n\t\t\tid='contact-form-4717'\n\t\t\tclass='wp-block-jetpack-contact-form-container '\n\t\t\tdata-wp-interactive='jetpack\/form' data-wp-context='{\"formId\":\"4717\",\"formHash\":\"78d3eee2744cccee5827fde853894b48c51ab6a3\",\"showErrors\":false,\"errors\":[],\"fields\":[],\"isMultiStep\":false,\"useAjax\":true,\"submissionData\":null,\"formattedSubmissionData\":[],\"submissionSuccess\":false,\"submissionError\":null,\"elementId\":\"jp-form-78d3eee2744cccee5827fde853894b48c51ab6a3\",\"isSingleInputForm\":false}'\n\t\t\tdata-wp-watch--scroll-to-wrapper=\"callbacks.scrollToWrapper\"\n\t\t>\n<div class=\"contact-form-submission contact-form-ajax-submission\" data-wp-class--submission-success=\"context.submissionSuccess\"><p class=\"go-back-message\"><a class=\"link\" role=\"button\" tabindex=\"0\" data-wp-on--click=\"actions.goBack\" href=\"\/artenosul\/wp-json\/wp\/v2\/posts\/4717\">Voltar<\/a><\/p><h4 id=\"contact-form-success-header\">Sua mensagem foi enviada<\/h4>\n\n<template data-wp-each--submission=\"context.formattedSubmissionData\">\n\t\t\t\t\t<div class=\"jetpack_forms_contact-form-success-summary\">\n\t\t\t\t\t\t<div class=\"field-name\" data-wp-text=\"context.submission.label\" data-wp-bind--hidden=\"!context.submission.label\"><\/div>\n\t\t\t\t\t\t<div class=\"field-value\" data-wp-text=\"context.submission.value\"><\/div>\n\t\t\t\t\t\t<div class=\"field-images\" data-wp-bind--hidden=\"!context.submission.images\">\n\t\t\t\t\t\t\t<template data-wp-each--image=\"context.submission.images\">\n\t\t\t\t\t\t\t\t<figure class=\"field-image\" data-wp-class--is-empty=\"!context.image\">\n\t\t\t\t\t\t\t\t\t<img data-wp-bind--src=\"context.image\" data-wp-bind--hidden=\"!context.image\" \/>\n\t\t\t\t\t\t\t\t\t<img decoding=\"async\" src=\"data:image\/gif;base64,R0lGODlhAQABAAD\/ACwAAAAAAQABAAACADs=\" data-wp-bind--hidden=\"context.image\" \/>\n\t\t\t\t\t\t\t\t<\/figure>\n\t\t\t\t\t\t\t<\/template>\n\t\t\t\t\t\t<\/div>\n\t\t\t\t\t<\/div>\n\t\t\t\t<\/template><\/div><form action='https:\/\/wp.ufpel.edu.br\/artenosul\/2017\/03\/11\/moana-um-mar-de-aventuras\/'\n\t\t\t\tid='jp-form-78d3eee2744cccee5827fde853894b48c51ab6a3'\n\t\t\t\tmethod='post'\n\t\t\t\tclass='contact-form commentsblock' aria-label=\"Moana \u2013 Um mar de Aventuras\"\n\t\t\t\tdata-wp-on--submit=\"actions.onFormSubmit\"\n\t\t\t\tdata-wp-on--reset=\"actions.onFormReset\"\n\t\t\t\tdata-wp-class--submission-success=\"context.submissionSuccess\"\n\t\t\t\tdata-wp-class--is-first-step=\"state.isFirstStep\"\n\t\t\t\tdata-wp-class--is-last-step=\"state.isLastStep\"\n\t\t\t\tdata-wp-class--is-ajax-form=\"context.useAjax\"\n\t\t\t\tnovalidate >\n<input type='hidden' name='jetpack_contact_form_jwt' value='eyJ0eXAiOiJKV1QiLCJhbGciOiJIUzI1NiJ9.eyJlbmNyeXB0ZWRfYXR0cmlidXRlcyI6IktWZHVpbElqcWpmTGxnN0k2bUhEQWFiUSt5SkRmOVFMTEpxQ21EdXZhcW1Cd01INkVlRGVObGdyd3JwUHoyVk5EQUxEcjZqc1E3am9aSjlpOFJ2ZjlITnJoUVBDOTlkaDZQYnVFOXF3aTUwYUdDUUVtTW5kdytZNWI1aGNtbzZXc3dhSlIzQTcycEQ2UDFFSERDSkEwalp4Qm5VbElxWS9rczh4bXRLcm5jdE1TWGROcWFqcWNjVE1aampyaTVTRk50bjdHMzNaczl5Z0lLTmwyWlgwR1lEMytMeVpsL09TMlQ4ZC9aTmhkb2luaStvQ0FoRjljV2szUE9nd08zRGpOd0NFbVZTK08vM3ptaXIzRHF4TWNUUWtNR0N4NXRnY2d6NFJFY1h5TEhsTUdVcmdyL1ZLMHV1T1p6azRrd0ZZSXdmRUpFNFhrUW5DQVl2OEdlVmhMUzV3aWp4Ukw5YWFQTkVVaHBZbUVJR0F3QnlZWnpzTld0ZlZxODMzby9zNW4wa1FlamQ5bkJmeE9WTW0xQTJhb1QxaXZ4TkErSUlwM3RITURlbmxEMkZ1VWZqM2VjRk0yOEdpQ2Z2ajlrZVdLOTRMSUFvQTBZV3RyVmdhYWQrR1pqQ05BbzcwVzVQTkpUbTliRGRSOGJKSWJEU0tKQ21jblpnSTA5S014cEdsalVDem4zZ2JwZzd2NXhPQVVJVXBSU2pxYmRReXE5aFp0UEhwMG5EeW5tbXVoTmcxcEdCaGVCdnFRb0RYVTQvTEpDN2dFZ0RKVnB2cDFEek5JNU53OHkzRTR1YmhoUHBaNXNRd0FVYXJHbkorOHZuSlN5ZjA3bnh1WTIwVjJiSStNUFY1My9ZZjc4UzdwVWVPTDJNN0Q0ckJXS3VKTFFFKzR4cVFOc25MM2xqMFUwdEoxUlZ4L3Y3bVhRQ1ArbjlqK000YXdJMHZaMDcwNnRCd1dwSEl6WmFiOXpSQ003YVRwc0JsYUJUaE1ueExtVDJCMm9SN3RoQkFSc2J4eDRUTTlLVWxRMFQ0eTF3TGtRQUNwK3ZWZjBBMnRtaDVIeSs4eVZGR3RTQTRqMU1vVkNCVlJUaE1nVndIRXlLS0xjZ1kxclFhTXoxTU1qMWVBNDlFOUFYbFV2ZVJNckVRbEpwaFl3OHJFeWtFMGtGRHhva1NJWVQ4Zm5BODRtem9Ja3VwZk1lYlRBeWE1c0k9IiwiY29udGVudCI6Iltjb250YWN0LWZpZWxkIGxhYmVsPSdOb21lJyB0eXBlPSduYW1lJy9dW2NvbnRhY3QtZmllbGQgbGFiZWw9J0VtYWlsJyB0eXBlPSdlbWFpbCcvXVtjb250YWN0LWZpZWxkIGxhYmVsPSdDb21lbnRcdTAwZTFyaW8nIHR5cGU9J3RleHRhcmVhJy9dIiwiaGFzaCI6Ijc4ZDNlZWUyNzQ0Y2NjZWU1ODI3ZmRlODUzODk0YjQ4YzUxYWI2YTMiLCJzb3VyY2UiOnsiZW50cnlfdGl0bGUiOiJNb2FuYSBcdTIwMTMgVW0gbWFyIGRlIEF2ZW50dXJhcyIsImVudHJ5X3BhZ2UiOjEsInNvdXJjZV9pZCI6NDcxNywic291cmNlX3R5cGUiOiJzaW5nbGUiLCJyZXF1ZXN0X3VybCI6Imh0dHBzOi8vd3AudWZwZWwuZWR1LmJyL2FydGVub3N1bC93cC1qc29uL3dwL3YyL3Bvc3RzLzQ3MTcifSwidmVyc2lvbiI6MiwiY2lwaGVyIjoiYWVzLTI1Ni1nY20ifQ._uCecldKP3J05MmIiqZdhEg0wWOdTXs9GkVl2xBSqNE' \/>\n\n<div style=\"\"  data-wp-interactive=\"jetpack\/form\" data-wp-context='{\"fieldId\":\"g4717-nome\",\"fieldType\":\"name\",\"fieldLabel\":\"Nome\",\"fieldValue\":\"\",\"fieldPlaceholder\":\"\",\"fieldIsRequired\":\"\",\"fieldErrorMessage\":\"\",\"fieldExtra\":[],\"formHash\":\"78d3eee2744cccee5827fde853894b48c51ab6a3\"}'  class='grunion-field-name-wrap grunion-field-wrap'  data-wp-init='callbacks.initializeField' data-wp-on--jetpack-form-reset='callbacks.initializeField' >\n<label\n\t\t\t\tfor='g4717-nome' class=\"grunion-field-label name\" >Nome<\/label>\n<input\n\t\t\t\t\ttype='text'\n\t\t\t\t\tname='g4717-nome'\n\t\t\t\t\tid='g4717-nome'\n\t\t\t\t\tvalue=''\n\n\t\t\t\t\tdata-wp-bind--aria-invalid='state.fieldHasErrors'\n\t\t\t\t\tdata-wp-bind--value='state.getFieldValue'\n\t\t\t\t\taria-errormessage='g4717-nome-text-error-message'\n\t\t\t\t\tdata-wp-on--input='actions.onFieldChange'\n\t\t\t\t\tdata-wp-on--blur='actions.onFieldBlur'\n\t\t\t\t\tdata-wp-class--has-value='state.hasFieldValue'\n\n\t\t\t\t\tclass='name  grunion-field' \n\t\t\t\t\t \/>\n \n\t\t\t<div id=\"g4717-nome-text-error\" class=\"contact-form__input-error\" data-wp-class--has-errors=\"state.fieldHasErrors\">\n\t\t\t\t<span class=\"contact-form__warning-icon\">\n\t\t\t\t\t<svg width=\"16\" height=\"16\" viewBox=\"0 0 16 16\" fill=\"none\" xmlns=\"http:\/\/www.w3.org\/2000\/svg\">\n\t\t\t\t\t\t<path d=\"M8.50015 11.6402H7.50015V10.6402H8.50015V11.6402Z\" \/>\n\t\t\t\t\t\t<path d=\"M7.50015 9.64018H8.50015V6.30684H7.50015V9.64018Z\" \/>\n\t\t\t\t\t\t<path fill-rule=\"evenodd\" clip-rule=\"evenodd\" d=\"M6.98331 3.0947C7.42933 2.30177 8.57096 2.30177 9.01698 3.09469L13.8771 11.7349C14.3145 12.5126 13.7525 13.4735 12.8602 13.4735H3.14004C2.24774 13.4735 1.68575 12.5126 2.12321 11.7349L6.98331 3.0947ZM8.14541 3.58496C8.08169 3.47168 7.9186 3.47168 7.85488 3.58496L2.99478 12.2251C2.93229 12.3362 3.01257 12.4735 3.14004 12.4735H12.8602C12.9877 12.4735 13.068 12.3362 13.0055 12.2251L8.14541 3.58496Z\" \/>\n\t\t\t\t\t<\/svg>\n\t\t\t\t\t<span class=\"visually-hidden\">Aviso<\/span>\n\t\t\t\t<\/span>\n\t\t\t\t<span data-wp-text=\"state.errorMessage\" id=\"g4717-nome-text-error-message\" role=\"alert\" aria-live=\"assertive\"><\/span>\n\t\t\t<\/div> \n\t<\/div>\n\n<div style=\"\"  data-wp-interactive=\"jetpack\/form\" data-wp-context='{\"fieldId\":\"g4717-email\",\"fieldType\":\"email\",\"fieldLabel\":\"Email\",\"fieldValue\":\"\",\"fieldPlaceholder\":\"\",\"fieldIsRequired\":\"\",\"fieldErrorMessage\":\"\",\"fieldExtra\":[],\"formHash\":\"78d3eee2744cccee5827fde853894b48c51ab6a3\"}'  class='grunion-field-email-wrap grunion-field-wrap'  data-wp-init='callbacks.initializeField' data-wp-on--jetpack-form-reset='callbacks.initializeField' >\n<label\n\t\t\t\tfor='g4717-email' class=\"grunion-field-label email\" >Email<\/label>\n<input\n\t\t\t\t\ttype='email'\n\t\t\t\t\tname='g4717-email'\n\t\t\t\t\tid='g4717-email'\n\t\t\t\t\tvalue=''\n\n\t\t\t\t\tdata-wp-bind--aria-invalid='state.fieldHasErrors'\n\t\t\t\t\tdata-wp-bind--value='state.getFieldValue'\n\t\t\t\t\taria-errormessage='g4717-email-email-error-message'\n\t\t\t\t\tdata-wp-on--input='actions.onFieldChange'\n\t\t\t\t\tdata-wp-on--blur='actions.onFieldBlur'\n\t\t\t\t\tdata-wp-class--has-value='state.hasFieldValue'\n\n\t\t\t\t\tclass='email  grunion-field' \n\t\t\t\t\t \/>\n \n\t\t\t<div id=\"g4717-email-email-error\" class=\"contact-form__input-error\" data-wp-class--has-errors=\"state.fieldHasErrors\">\n\t\t\t\t<span class=\"contact-form__warning-icon\">\n\t\t\t\t\t<svg width=\"16\" height=\"16\" viewBox=\"0 0 16 16\" fill=\"none\" xmlns=\"http:\/\/www.w3.org\/2000\/svg\">\n\t\t\t\t\t\t<path d=\"M8.50015 11.6402H7.50015V10.6402H8.50015V11.6402Z\" \/>\n\t\t\t\t\t\t<path d=\"M7.50015 9.64018H8.50015V6.30684H7.50015V9.64018Z\" \/>\n\t\t\t\t\t\t<path fill-rule=\"evenodd\" clip-rule=\"evenodd\" d=\"M6.98331 3.0947C7.42933 2.30177 8.57096 2.30177 9.01698 3.09469L13.8771 11.7349C14.3145 12.5126 13.7525 13.4735 12.8602 13.4735H3.14004C2.24774 13.4735 1.68575 12.5126 2.12321 11.7349L6.98331 3.0947ZM8.14541 3.58496C8.08169 3.47168 7.9186 3.47168 7.85488 3.58496L2.99478 12.2251C2.93229 12.3362 3.01257 12.4735 3.14004 12.4735H12.8602C12.9877 12.4735 13.068 12.3362 13.0055 12.2251L8.14541 3.58496Z\" \/>\n\t\t\t\t\t<\/svg>\n\t\t\t\t\t<span class=\"visually-hidden\">Aviso<\/span>\n\t\t\t\t<\/span>\n\t\t\t\t<span data-wp-text=\"state.errorMessage\" id=\"g4717-email-email-error-message\" role=\"alert\" aria-live=\"assertive\"><\/span>\n\t\t\t<\/div> \n\t<\/div>\n\n<div style=\"\"  data-wp-interactive=\"jetpack\/form\" data-wp-context='{\"fieldId\":\"g4717-comentrio\",\"fieldType\":\"textarea\",\"fieldLabel\":\"Coment\\u00e1rio\",\"fieldValue\":\"\",\"fieldPlaceholder\":\"\",\"fieldIsRequired\":\"\",\"fieldErrorMessage\":\"\",\"fieldExtra\":[],\"formHash\":\"78d3eee2744cccee5827fde853894b48c51ab6a3\"}'  class='grunion-field-textarea-wrap grunion-field-wrap'  data-wp-init='callbacks.initializeField' data-wp-on--jetpack-form-reset='callbacks.initializeField' >\n<label\n\t\t\t\tfor='contact-form-comment-g4717-comentrio' class=\"grunion-field-label textarea\" >Coment\u00e1rio<\/label>\n<textarea\n\t\t                style=''\n\t\t                name='g4717-comentrio'\n\t\t                id='contact-form-comment-g4717-comentrio'\n\t\t                rows='20'\n\t\t\t\t\t\tdata-wp-text='state.getFieldValue'\n\t\t\t\t\t\tdata-wp-on--input='actions.onFieldChange'\n\t\t\t\t\t\tdata-wp-on--blur='actions.onFieldBlur'\n\t\t\t\t\t\tdata-wp-class--has-value='state.hasFieldValue'\n\t\t\t\t\t\tdata-wp-bind--aria-invalid='state.fieldHasErrors'\n\t\t\t\t\t\taria-errormessage='g4717-comentrio-textarea-error-message'\n\t\t\t\t\t\tclass='textarea  grunion-field'  ><\/textarea>\n \n\t\t\t<div id=\"g4717-comentrio-textarea-error\" class=\"contact-form__input-error\" data-wp-class--has-errors=\"state.fieldHasErrors\">\n\t\t\t\t<span class=\"contact-form__warning-icon\">\n\t\t\t\t\t<svg width=\"16\" height=\"16\" viewBox=\"0 0 16 16\" fill=\"none\" xmlns=\"http:\/\/www.w3.org\/2000\/svg\">\n\t\t\t\t\t\t<path d=\"M8.50015 11.6402H7.50015V10.6402H8.50015V11.6402Z\" \/>\n\t\t\t\t\t\t<path d=\"M7.50015 9.64018H8.50015V6.30684H7.50015V9.64018Z\" \/>\n\t\t\t\t\t\t<path fill-rule=\"evenodd\" clip-rule=\"evenodd\" d=\"M6.98331 3.0947C7.42933 2.30177 8.57096 2.30177 9.01698 3.09469L13.8771 11.7349C14.3145 12.5126 13.7525 13.4735 12.8602 13.4735H3.14004C2.24774 13.4735 1.68575 12.5126 2.12321 11.7349L6.98331 3.0947ZM8.14541 3.58496C8.08169 3.47168 7.9186 3.47168 7.85488 3.58496L2.99478 12.2251C2.93229 12.3362 3.01257 12.4735 3.14004 12.4735H12.8602C12.9877 12.4735 13.068 12.3362 13.0055 12.2251L8.14541 3.58496Z\" \/>\n\t\t\t\t\t<\/svg>\n\t\t\t\t\t<span class=\"visually-hidden\">Aviso<\/span>\n\t\t\t\t<\/span>\n\t\t\t\t<span data-wp-text=\"state.errorMessage\" id=\"g4717-comentrio-textarea-error-message\" role=\"alert\" aria-live=\"assertive\"><\/span>\n\t\t\t<\/div>\n\t<\/div>\n\t<p class='contact-submit'>\n<div class=\"contact-form__error\" data-wp-class--show-errors=\"state.showFormErrors\"><span class=\"contact-form__warning-icon\"><span class=\"visually-hidden\">Aten\u00e7\u00e3o.<\/span><i aria-hidden=\"true\"><\/i><\/span>\n\t\t\t\t<span data-wp-text=\"state.getFormErrorMessage\"><\/span>\n\t\t\t\t<ul>\n\t\t\t\t<template data-wp-each=\"state.getErrorList\" data-wp-key=\"context.item.id\">\n\t\t\t\t\t<li><a data-wp-bind--href=\"context.item.anchor\" data-wp-on--click=\"actions.scrollIntoView\" data-wp-text=\"context.item.label\"><\/a><\/li>\n\t\t\t\t<\/template>\n\t\t\t\t<\/ul><\/div><div class=\"contact-form__error\" data-wp-class--show-errors=\"state.showSubmissionError\" data-wp-text=\"context.submissionError\"><\/div>\t\t<button type='submit' class='pushbutton-wide'>Enviar<\/button>\t\t<input type='hidden' name='contact-form-id' value='4717' \/>\n\t\t<input type='hidden' name='action' value='grunion-contact-form' \/>\n\t\t<input type='hidden' name='contact-form-hash' value='78d3eee2744cccee5827fde853894b48c51ab6a3' \/>\n\t<\/p>\n<p style=\"display: none !important;\" class=\"akismet-fields-container\" data-prefix=\"ak_\"><label>&#916;<textarea name=\"ak_hp_textarea\" cols=\"45\" rows=\"8\" maxlength=\"100\"><\/textarea><\/label><input type=\"hidden\" id=\"ak_js_1\" name=\"ak_js\" value=\"196\"\/><script>document.getElementById( \"ak_js_1\" ).setAttribute( \"value\", ( new Date() ).getTime() );<\/script><\/p><\/form>\n<\/div>\n","protected":false},"excerpt":{"rendered":"<p>Texto de Camila Duarte Porto Cinema &#8211; Cr\u00edtica \u00a0 \u00a0 \u00a0&#8220;Moana \u2013 Um mar de aventuras&#8221; \u00e9 uma produ\u00e7\u00e3o do Walt Disney Animation Studios e chegou \u00e0s telinhas do cinema em janeiro deste ano. Com dire\u00e7\u00e3o de John Musker e Ron Clements, traz a hist\u00f3ria de Moana Waialiki, uma jovem polin\u00e9sia de 16 anos, vinda &hellip; <\/p>\n<p><a class=\"more-link btn\" href=\"https:\/\/wp.ufpel.edu.br\/artenosul\/2017\/03\/11\/moana-um-mar-de-aventuras\/\">Continue lendo<\/a><\/p>\n","protected":false},"author":571,"featured_media":4721,"comment_status":"closed","ping_status":"closed","sticky":false,"template":"","format":"standard","meta":{"jetpack_post_was_ever_published":false,"_jetpack_newsletter_access":"","_jetpack_dont_email_post_to_subs":false,"_jetpack_newsletter_tier_id":0,"_jetpack_memberships_contains_paywalled_content":false,"_jetpack_memberships_contains_paid_content":false,"footnotes":"","jetpack_publicize_message":"","jetpack_publicize_feature_enabled":true,"jetpack_social_post_already_shared":true,"jetpack_social_options":{"image_generator_settings":{"template":"highway","default_image_id":0,"font":"","enabled":false},"version":2}},"categories":[112,315],"tags":[438,114,435,437,436],"class_list":["post-4717","post","type-post","status-publish","format-standard","has-post-thumbnail","hentry","category-cinema","category-opiniao","tag-camila-porto","tag-cinema","tag-moana-um-mar-de-aventuras","tag-polinesia","tag-walt-disney","nodate","item-wrap"],"jetpack_publicize_connections":[],"jetpack_featured_media_url":"https:\/\/wp.ufpel.edu.br\/artenosul\/files\/2017\/03\/Camila2bjpg-e1501189802954.jpg","jetpack_sharing_enabled":true,"jetpack_likes_enabled":true,"jetpack_shortlink":"https:\/\/wp.me\/p6PuxQ-1e5","jetpack-related-posts":[{"id":5021,"url":"https:\/\/wp.ufpel.edu.br\/artenosul\/2017\/03\/19\/breve-historia-do-cine-nacional\/","url_meta":{"origin":4717,"position":0},"title":"Breve hist\u00f3ria do cine nacional","author":"artenosul","date":"19 de mar\u00e7o de 2017","format":false,"excerpt":"\u00a0 Texto de Camila Porto Cinema - Cr\u00edtica \u00a0\u00a0\u00a0\u00a0 O Brasil deve suas primeiras empresas cinematogr\u00e1ficas por volta de 1930, que produziam o g\u00eanero chanchada, filmes que predominam o humor ing\u00eanuo, burlesco, de car\u00e1ter popular. O cinema nacional cresceu mesmo foi na d\u00e9cada de 1960, com o chamado \u201cCinema Novo\u201d.\u2026","rel":"","context":"Em &quot;CINEMA&quot;","block_context":{"text":"CINEMA","link":"https:\/\/wp.ufpel.edu.br\/artenosul\/category\/cinema\/"},"img":{"alt_text":"","src":"https:\/\/i0.wp.com\/wp.ufpel.edu.br\/artenosul\/files\/2017\/03\/Camila3-e1499520267578.jpg?resize=350%2C200&ssl=1","width":350,"height":200,"srcset":"https:\/\/i0.wp.com\/wp.ufpel.edu.br\/artenosul\/files\/2017\/03\/Camila3-e1499520267578.jpg?resize=350%2C200&ssl=1 1x, https:\/\/i0.wp.com\/wp.ufpel.edu.br\/artenosul\/files\/2017\/03\/Camila3-e1499520267578.jpg?resize=525%2C300&ssl=1 1.5x"},"classes":[]},{"id":8205,"url":"https:\/\/wp.ufpel.edu.br\/artenosul\/2019\/06\/04\/uma-viagem-de-tapete-magico-em-aladdin\/","url_meta":{"origin":4717,"position":1},"title":"Viagem de tapete m\u00e1gico em \u201cAladdin\u201d","author":"artenosul","date":"4 de junho de 2019","format":false,"excerpt":"Por Gislaine Rodrigues \u00a0 \u00a0 \u00a0De cl\u00e1ssico a atual, o live-action de \u201cAladdin\u201d, da Disney, estreou nas telas de cinema ao redor do mundo no fim de maio e tem sido um sucesso de bilheteria. Nos cinemas de Rio Grande e Pelotas, o filme tamb\u00e9m entrou em cartaz no final\u2026","rel":"","context":"Em &quot;CINEMA&quot;","block_context":{"text":"CINEMA","link":"https:\/\/wp.ufpel.edu.br\/artenosul\/category\/cinema\/"},"img":{"alt_text":"","src":"https:\/\/i0.wp.com\/wp.ufpel.edu.br\/artenosul\/files\/2019\/06\/Aladdin2.jpg?resize=350%2C200&ssl=1","width":350,"height":200,"srcset":"https:\/\/i0.wp.com\/wp.ufpel.edu.br\/artenosul\/files\/2019\/06\/Aladdin2.jpg?resize=350%2C200&ssl=1 1x, https:\/\/i0.wp.com\/wp.ufpel.edu.br\/artenosul\/files\/2019\/06\/Aladdin2.jpg?resize=525%2C300&ssl=1 1.5x, https:\/\/i0.wp.com\/wp.ufpel.edu.br\/artenosul\/files\/2019\/06\/Aladdin2.jpg?resize=700%2C400&ssl=1 2x"},"classes":[]},{"id":29074,"url":"https:\/\/wp.ufpel.edu.br\/artenosul\/2025\/06\/17\/remake-de-lilo-stitch-revela-falta-de-criatividade-dos-estudios-disney\/","url_meta":{"origin":4717,"position":2},"title":"Remake de \u201cLilo &#038; Stitch\u201d revela falta de criatividade dos est\u00fadios Disney","author":"artenosul","date":"17 de junho de 2025","format":false,"excerpt":"Lan\u00e7ado em maio, novo filme da empresa n\u00e3o consegue atingir a magia da anima\u00e7\u00e3o original\u00a0 \u00a0 \u00a0 Por Vinicius Terra\u00a0 \u00a0 \u00a0 \u00a0 \u00a0 \u201cLilo & Stitch\u201d (2025) \u00e9 uma nova vers\u00e3o da Disney do filme hom\u00f4nimo de 2002. Dirigido por Dean Fleischer Camp, reconta a j\u00e1 conhecida hist\u00f3ria de\u2026","rel":"","context":"Em &quot;CINEMA&quot;","block_context":{"text":"CINEMA","link":"https:\/\/wp.ufpel.edu.br\/artenosul\/category\/cinema\/"},"img":{"alt_text":"","src":"https:\/\/i0.wp.com\/wp.ufpel.edu.br\/artenosul\/files\/2025\/06\/Imagem-Lilo-Stitch-e-Nani-no-carroQuadrado.jpeg?resize=350%2C200&ssl=1","width":350,"height":200,"srcset":"https:\/\/i0.wp.com\/wp.ufpel.edu.br\/artenosul\/files\/2025\/06\/Imagem-Lilo-Stitch-e-Nani-no-carroQuadrado.jpeg?resize=350%2C200&ssl=1 1x, https:\/\/i0.wp.com\/wp.ufpel.edu.br\/artenosul\/files\/2025\/06\/Imagem-Lilo-Stitch-e-Nani-no-carroQuadrado.jpeg?resize=525%2C300&ssl=1 1.5x, https:\/\/i0.wp.com\/wp.ufpel.edu.br\/artenosul\/files\/2025\/06\/Imagem-Lilo-Stitch-e-Nani-no-carroQuadrado.jpeg?resize=700%2C400&ssl=1 2x, https:\/\/i0.wp.com\/wp.ufpel.edu.br\/artenosul\/files\/2025\/06\/Imagem-Lilo-Stitch-e-Nani-no-carroQuadrado.jpeg?resize=1050%2C600&ssl=1 3x"},"classes":[]},{"id":30312,"url":"https:\/\/wp.ufpel.edu.br\/artenosul\/2026\/02\/01\/producao-pelotense-vence-mostra-regional-da-fronteira-2026\/","url_meta":{"origin":4717,"position":3},"title":"Produ\u00e7\u00e3o pelotense vence Mostra Regional da Fronteira 2026","author":"artenosul","date":"1 de fevereiro de 2026","format":false,"excerpt":"Al\u00e9m do melhor filme \u201cO Jogo\u201d, de Pelotas, evento premiou obras de\u00a0Bag\u00e9,\u00a0Cachoeira do Sul,\u00a0Cap\u00e3o da Canoa,\u00a0Porto Alegre,\u00a0Sant\u2019Ana do Livramento\u00a0e\u00a0Uruguaiana \u200b \u00a0 A 17\u00aa edi\u00e7\u00e3o da\u00a0Mostra Regional do Festival Internacional de Cinema da Fronteira\u00a0anunciou na noite de s\u00e1bado, dia 31 de janeiro, os vencedores da edi\u00e7\u00e3o deste ano. Desde o dia\u2026","rel":"","context":"Em &quot;CINEMA&quot;","block_context":{"text":"CINEMA","link":"https:\/\/wp.ufpel.edu.br\/artenosul\/category\/cinema\/"},"img":{"alt_text":"Premiados e homenageados da 17\u00aa Mostra Regional marcaram o encerramento do festival","src":"https:\/\/i0.wp.com\/wp.ufpel.edu.br\/artenosul\/files\/2026\/02\/Premiados-da-17a-Mostra-Regional-credito-Isidoro-B.-Guggiana-scaled.jpg?resize=350%2C200&ssl=1","width":350,"height":200,"srcset":"https:\/\/i0.wp.com\/wp.ufpel.edu.br\/artenosul\/files\/2026\/02\/Premiados-da-17a-Mostra-Regional-credito-Isidoro-B.-Guggiana-scaled.jpg?resize=350%2C200&ssl=1 1x, https:\/\/i0.wp.com\/wp.ufpel.edu.br\/artenosul\/files\/2026\/02\/Premiados-da-17a-Mostra-Regional-credito-Isidoro-B.-Guggiana-scaled.jpg?resize=525%2C300&ssl=1 1.5x, https:\/\/i0.wp.com\/wp.ufpel.edu.br\/artenosul\/files\/2026\/02\/Premiados-da-17a-Mostra-Regional-credito-Isidoro-B.-Guggiana-scaled.jpg?resize=700%2C400&ssl=1 2x, https:\/\/i0.wp.com\/wp.ufpel.edu.br\/artenosul\/files\/2026\/02\/Premiados-da-17a-Mostra-Regional-credito-Isidoro-B.-Guggiana-scaled.jpg?resize=1050%2C600&ssl=1 3x, https:\/\/i0.wp.com\/wp.ufpel.edu.br\/artenosul\/files\/2026\/02\/Premiados-da-17a-Mostra-Regional-credito-Isidoro-B.-Guggiana-scaled.jpg?resize=1400%2C800&ssl=1 4x"},"classes":[]},{"id":13079,"url":"https:\/\/wp.ufpel.edu.br\/artenosul\/2022\/11\/19\/mostra-de-cinema-latino-americano-de-rio-grande-acontece-em-dezembro\/","url_meta":{"origin":4717,"position":4},"title":"Mostra de Cinema Latino-Americano de Rio Grande acontece em dezembro","author":"artenosul","date":"19 de novembro de 2022","format":false,"excerpt":"Quarta edi\u00e7\u00e3o do evento ocorre entre os dias 5 e 9 do pr\u00f3ximo m\u00eas\u00a0\u00a0\u00a0\u00a0\u00a0 Por Vitor Valente\u00a0\u00a0\u00a0\u00a0\u00a0\u00a0 Com cinco exibi\u00e7\u00f5es de cinema ao ar livre, a 4\u00aa edi\u00e7\u00e3o da Mostra de Cinema Latino-Americano de Rio Grande promete ser a maior j\u00e1 realizada. Com uma tem\u00e1tica ligada \u00e0s intersec\u00e7\u00f5es da cultura\u2026","rel":"","context":"Em &quot;CINEMA&quot;","block_context":{"text":"CINEMA","link":"https:\/\/wp.ufpel.edu.br\/artenosul\/category\/cinema\/"},"img":{"alt_text":"","src":"https:\/\/i0.wp.com\/wp.ufpel.edu.br\/artenosul\/files\/2022\/11\/Foto-2-scaled.jpg?resize=350%2C200&ssl=1","width":350,"height":200,"srcset":"https:\/\/i0.wp.com\/wp.ufpel.edu.br\/artenosul\/files\/2022\/11\/Foto-2-scaled.jpg?resize=350%2C200&ssl=1 1x, https:\/\/i0.wp.com\/wp.ufpel.edu.br\/artenosul\/files\/2022\/11\/Foto-2-scaled.jpg?resize=525%2C300&ssl=1 1.5x, https:\/\/i0.wp.com\/wp.ufpel.edu.br\/artenosul\/files\/2022\/11\/Foto-2-scaled.jpg?resize=700%2C400&ssl=1 2x, https:\/\/i0.wp.com\/wp.ufpel.edu.br\/artenosul\/files\/2022\/11\/Foto-2-scaled.jpg?resize=1050%2C600&ssl=1 3x, https:\/\/i0.wp.com\/wp.ufpel.edu.br\/artenosul\/files\/2022\/11\/Foto-2-scaled.jpg?resize=1400%2C800&ssl=1 4x"},"classes":[]},{"id":26996,"url":"https:\/\/wp.ufpel.edu.br\/artenosul\/2024\/08\/29\/curta-rio-grandino-cassino-e-premiado-no-52o-festival-de-cinema-de-gramado\/","url_meta":{"origin":4717,"position":5},"title":"Curta rio-grandino \u201cCassino\u201d \u00e9 premiado no 52\u00ba Festival de Cinema de Gramado","author":"artenosul","date":"29 de agosto de 2024","format":false,"excerpt":"O filme realizado no Balne\u00e1rio Cassino participou da Mostra Ga\u00facha de Curtas e recebeu o destaque de Melhor Dire\u00e7\u00e3o de Fotografia\u00a0 \u00a0 \u00a0\u00a0 Por Fernanda Farinha\u00a0 \u00a0 \u00a0 \u00a0 \u00a0 \u00a0 O curta-metragem \u201cCassino\u201d conta a hist\u00f3ria de Daniel, Tando e Soninho, tr\u00eas ladr\u00f5es que circulam durante a noite pelas\u2026","rel":"","context":"Em &quot;NOT\u00cdCIAS&quot;","block_context":{"text":"NOT\u00cdCIAS","link":"https:\/\/wp.ufpel.edu.br\/artenosul\/category\/noticias\/"},"img":{"alt_text":"","src":"https:\/\/i0.wp.com\/wp.ufpel.edu.br\/artenosul\/files\/2024\/08\/52FCG-11082024-05076.webp?resize=350%2C200&ssl=1","width":350,"height":200,"srcset":"https:\/\/i0.wp.com\/wp.ufpel.edu.br\/artenosul\/files\/2024\/08\/52FCG-11082024-05076.webp?resize=350%2C200&ssl=1 1x, https:\/\/i0.wp.com\/wp.ufpel.edu.br\/artenosul\/files\/2024\/08\/52FCG-11082024-05076.webp?resize=525%2C300&ssl=1 1.5x, https:\/\/i0.wp.com\/wp.ufpel.edu.br\/artenosul\/files\/2024\/08\/52FCG-11082024-05076.webp?resize=700%2C400&ssl=1 2x"},"classes":[]}],"_links":{"self":[{"href":"https:\/\/wp.ufpel.edu.br\/artenosul\/wp-json\/wp\/v2\/posts\/4717","targetHints":{"allow":["GET"]}}],"collection":[{"href":"https:\/\/wp.ufpel.edu.br\/artenosul\/wp-json\/wp\/v2\/posts"}],"about":[{"href":"https:\/\/wp.ufpel.edu.br\/artenosul\/wp-json\/wp\/v2\/types\/post"}],"author":[{"embeddable":true,"href":"https:\/\/wp.ufpel.edu.br\/artenosul\/wp-json\/wp\/v2\/users\/571"}],"replies":[{"embeddable":true,"href":"https:\/\/wp.ufpel.edu.br\/artenosul\/wp-json\/wp\/v2\/comments?post=4717"}],"version-history":[{"count":3,"href":"https:\/\/wp.ufpel.edu.br\/artenosul\/wp-json\/wp\/v2\/posts\/4717\/revisions"}],"predecessor-version":[{"id":7057,"href":"https:\/\/wp.ufpel.edu.br\/artenosul\/wp-json\/wp\/v2\/posts\/4717\/revisions\/7057"}],"wp:featuredmedia":[{"embeddable":true,"href":"https:\/\/wp.ufpel.edu.br\/artenosul\/wp-json\/wp\/v2\/media\/4721"}],"wp:attachment":[{"href":"https:\/\/wp.ufpel.edu.br\/artenosul\/wp-json\/wp\/v2\/media?parent=4717"}],"wp:term":[{"taxonomy":"category","embeddable":true,"href":"https:\/\/wp.ufpel.edu.br\/artenosul\/wp-json\/wp\/v2\/categories?post=4717"},{"taxonomy":"post_tag","embeddable":true,"href":"https:\/\/wp.ufpel.edu.br\/artenosul\/wp-json\/wp\/v2\/tags?post=4717"}],"curies":[{"name":"wp","href":"https:\/\/api.w.org\/{rel}","templated":true}]}}