{"id":4251,"date":"2016-12-10T08:55:10","date_gmt":"2016-12-10T10:55:10","guid":{"rendered":"https:\/\/wp.ufpel.edu.br\/artenosul\/?p=4251"},"modified":"2016-12-10T08:57:20","modified_gmt":"2016-12-10T10:57:20","slug":"mundo-moinho-estimula-arte","status":"publish","type":"post","link":"https:\/\/wp.ufpel.edu.br\/artenosul\/2016\/12\/10\/mundo-moinho-estimula-arte\/","title":{"rendered":"Mundo Moinho estimula arte"},"content":{"rendered":"<h3 style=\"text-align: center\"><strong><span style=\"color: #993300\">Reportagem de\u00a0Sara Carulina Silva da Rosa \u00a0e Nicole Mendizabal Collares &#8211;\u00a0<\/span><\/strong><\/h3>\n<h3 style=\"text-align: center\"><strong><span style=\"color: #993300\">Casa de Artes promove produ\u00e7\u00e3o e\u00a0circula\u00e7\u00e3o das artes em Rio Grande &#8211;\u00a0<\/span><\/strong><\/h3>\n<div id=\"attachment_4254\" style=\"width: 628px\" class=\"wp-caption alignright\"><img loading=\"lazy\" decoding=\"async\" aria-describedby=\"caption-attachment-4254\" class=\"wp-image-4254\" src=\"https:\/\/wp.ufpel.edu.br\/artenosul\/files\/2016\/12\/Mundo-Moinho-2-2-424x239.jpg\" width=\"628\" height=\"354\" srcset=\"https:\/\/wp.ufpel.edu.br\/artenosul\/files\/2016\/12\/Mundo-Moinho-2-2-424x239.jpg 424w, https:\/\/wp.ufpel.edu.br\/artenosul\/files\/2016\/12\/Mundo-Moinho-2-2-212x119.jpg 212w, https:\/\/wp.ufpel.edu.br\/artenosul\/files\/2016\/12\/Mundo-Moinho-2-2.jpg 672w\" sizes=\"auto, (max-width: 628px) 100vw, 628px\" \/><p id=\"caption-attachment-4254\" class=\"wp-caption-text\"><span style=\"color: #993300\"><strong>A produtora art\u00edstica fica na rua General C\u00e2mara 435 e \u00e9 coordenada pelos irm\u00e3os Andr\u00e9ia e Bruno Pires<\/strong><\/span><\/p><\/div>\n<h3 style=\"text-align: center\"><span style=\"color: #993300\"><strong>\u00a0<\/strong><\/span><\/h3>\n<h3>A casa de artes Mundo Moinho surgiu da mente de dois jovens irm\u00e3os rio-grandinos: Andr\u00e9ia Pires e Bruno Pires. O impulso inicial aconteceu em 2010, quando foi formado o Coletivo Fita Amarela, que juntava cerca de 10 colaboradores, entre escritores e m\u00fasicos da cidade. Com o objetivo de difundir e incentivar a cultura art\u00edstica, eles reuniam-se mensalmente e de forma gratuita para fomentar a produ\u00e7\u00e3o art\u00edstica na regi\u00e3o.<\/h3>\n<h3>Com o sucesso do Coletivo, veio o desejo de expandi-lo e profissionaliz\u00e1-lo. Bruno, que \u00e9 produtor fonogr\u00e1fico e Andr\u00e9ia, que \u00e9 jornalista, professora e escritora, agarraram-se ao desejo de colaborar com a cena cultural na cidade, e ent\u00e3o surgiu a Produtora Art\u00edstica Mundo Moinho, que hoje fica na rua General C\u00e2mara 435, bairro Centro de Rio Grande. Tudo come\u00e7ou juntando m\u00fasica e literatura em 2012. O primeiro projeto debaixo do \u201cguarda-chuva Mundo Moinho\u201d, o \u201cInvitro \u2013 Laborat\u00f3rio de Escrita Criativa\u201d, reuniu escritores para o compartilhamento de suas viv\u00eancias art\u00edsticas, a discuss\u00e3o de processos criativos e a elabora\u00e7\u00e3o de novas obras. Mas a m\u00fasica n\u00e3o ficou esquecida em meio \u00e0 literatura e teve seu espa\u00e7o dentro deste guarda-chuva, inicialmente em um pequeno lugar com um palco e algumas cadeiras, onde os artistas podiam apresentar seus trabalhos. Ao longo dos anos ganhou propor\u00e7\u00f5es maiores devido ao sucesso da produtora.<\/h3>\n<h3>Ainda debaixo do &#8220;guarda-chuva Mundo Moinho&#8221;, h\u00e1 mais dois projetos fixos: a &#8220;Caule: estamparia experimental&#8221;, que \u00e9 dedicada a trabalhos com estamparia artesanal; e a Concha, que \u00e9 a editora da Mundo Moinho, tendo foco na literatura contempor\u00e2nea. Al\u00e9m da continua\u00e7\u00e3o dos projetos Invitro, Caule e Concha, ocorrem as atividades do est\u00fadio de grava\u00e7\u00e3o e produ\u00e7\u00e3o musical.<\/h3>\n<h3>Com a pareceria do Cine Dunas e da Co.place, a Mundo Moinho tamb\u00e9m organiza feiras de rua, nas quais acontecem exposi\u00e7\u00e3o de materiais de artistas locais, como pinturas e fotografias, assim contribuindo para que haja uma maior circula\u00e7\u00e3o da arte.<\/h3>\n<h3>Atualmente localizada na Co.place Coworking, em Rio Grande, a Mundo Moinho tamb\u00e9m promove e produz cursos como de encaderna\u00e7\u00e3o, escrita criativa e cria\u00e7\u00e3o de personagens liter\u00e1rios. Trabalhando com a comunidade e estimulando a elabora\u00e7\u00e3o, a circula\u00e7\u00e3o e o alcance de todos \u00e0 arte na cidade de Rio Grande, a Mundo Moinho contribui cada vez mais para a fomenta\u00e7\u00e3o do cen\u00e1rio cultural da cidade.<\/h3>\n<h3>Para entrar em contato com a Produtora Art\u00edstica acesse o <a href=\"http:\/\/www.mundomoinho.com.br\" target=\"_blank\">site<\/a>.<\/h3>\n<h3><a href=\"https:\/\/wp.ufpel.edu.br\/artenosul\"><span style=\"color: #993300\"><strong>PRIMEIRA P\u00c1GINA<\/strong><\/span><\/a><\/h3>\n<h3><span style=\"color: #993300\"><strong>COMENT\u00c1RIOS\u00a0<\/strong><\/span><\/h3>\n<div data-test='contact-form'\n\t\t\tid='contact-form-4251'\n\t\t\tclass='wp-block-jetpack-contact-form-container '\n\t\t\tdata-wp-interactive='jetpack\/form' data-wp-context='{\"formId\":\"4251\",\"formHash\":\"a6e0eb5877993aba8f04d3316b5f8dd3cf0c0338\",\"showErrors\":false,\"errors\":[],\"fields\":[],\"isMultiStep\":false,\"useAjax\":true,\"submissionData\":null,\"formattedSubmissionData\":[],\"submissionSuccess\":false,\"submissionError\":null,\"elementId\":\"jp-form-a6e0eb5877993aba8f04d3316b5f8dd3cf0c0338\",\"isSingleInputForm\":false}'\n\t\t\tdata-wp-watch--scroll-to-wrapper=\"callbacks.scrollToWrapper\"\n\t\t>\n<div class=\"contact-form-submission contact-form-ajax-submission\" data-wp-class--submission-success=\"context.submissionSuccess\"><p class=\"go-back-message\"><a class=\"link\" role=\"button\" tabindex=\"0\" data-wp-on--click=\"actions.goBack\" href=\"\/artenosul\/wp-json\/wp\/v2\/posts\/4251\">Voltar<\/a><\/p><h4 id=\"contact-form-success-header\">Sua mensagem foi enviada<\/h4>\n\n<template data-wp-each--submission=\"context.formattedSubmissionData\">\n\t\t\t\t\t<div class=\"jetpack_forms_contact-form-success-summary\">\n\t\t\t\t\t\t<div class=\"field-name\" data-wp-text=\"context.submission.label\" data-wp-bind--hidden=\"!context.submission.label\"><\/div>\n\t\t\t\t\t\t<div class=\"field-value\" data-wp-text=\"context.submission.value\"><\/div>\n\t\t\t\t\t\t<div class=\"field-images\" data-wp-bind--hidden=\"!context.submission.images\">\n\t\t\t\t\t\t\t<template data-wp-each--image=\"context.submission.images\">\n\t\t\t\t\t\t\t\t<figure class=\"field-image\" data-wp-class--is-empty=\"!context.image\">\n\t\t\t\t\t\t\t\t\t<img data-wp-bind--src=\"context.image\" data-wp-bind--hidden=\"!context.image\" \/>\n\t\t\t\t\t\t\t\t\t<img decoding=\"async\" src=\"data:image\/gif;base64,R0lGODlhAQABAAD\/ACwAAAAAAQABAAACADs=\" data-wp-bind--hidden=\"context.image\" \/>\n\t\t\t\t\t\t\t\t<\/figure>\n\t\t\t\t\t\t\t<\/template>\n\t\t\t\t\t\t<\/div>\n\t\t\t\t\t<\/div>\n\t\t\t\t<\/template><\/div><form action='https:\/\/wp.ufpel.edu.br\/artenosul\/2016\/12\/10\/mundo-moinho-estimula-arte\/'\n\t\t\t\tid='jp-form-a6e0eb5877993aba8f04d3316b5f8dd3cf0c0338'\n\t\t\t\tmethod='post'\n\t\t\t\tclass='contact-form commentsblock' aria-label=\"Mundo Moinho estimula arte\"\n\t\t\t\tdata-wp-on--submit=\"actions.onFormSubmit\"\n\t\t\t\tdata-wp-on--reset=\"actions.onFormReset\"\n\t\t\t\tdata-wp-class--submission-success=\"context.submissionSuccess\"\n\t\t\t\tdata-wp-class--is-first-step=\"state.isFirstStep\"\n\t\t\t\tdata-wp-class--is-last-step=\"state.isLastStep\"\n\t\t\t\tdata-wp-class--is-ajax-form=\"context.useAjax\"\n\t\t\t\tnovalidate >\n<input type='hidden' name='jetpack_contact_form_jwt' value='eyJ0eXAiOiJKV1QiLCJhbGciOiJIUzI1NiJ9.eyJlbmNyeXB0ZWRfYXR0cmlidXRlcyI6Ikp1YmhSYW52dXpjMHZzTGN2VGRYdFlxSWpXQ05GblM5TjFKRFlLM0d3SXlGVzc5c1pFWnJMMkh5a0EwN3hERis0Wnh2NjE1M0liMmErTUhRUmZmM01iNlhNb1VEcDFXeURCaWRCbWppMWo3VjlTRC9TT0wzc3UwOTdBTkY1VW1hVEdzOWw2ekkvS0ZKY3o1MmxtbzFhNzBOWW1xR2toWDhSS3ZRSVNwcDBESUVKd01Oc0RKbjY1QXJxWUhBUGZPOEs4YzlITDk2dE5UN2NMa0poTFNyYmxoQXNXWXlNcjhUeTRhbC9GcnlVUWtMd1FqekJBelh0SitoZ3JwcTE1d0pFV2M4dllSWThRUnphV3dZZ25GYjF4cjRuMmRkUmI2ZzlFR28xNGtUTzNjS2VweXhpcG9TalpSTUpnZWRER05tbWJjZmRySm02dlkrQU5BandZWVhaMHJRRUJYZVhsR0hlRWFZckZKUjRHb1MzNDB2UU5PVGt2Z3JVNkVvSnhkKzY4NnY5aHAraFBSREhqelEzWG00M2FBQVYra1JVdzJiUGxKczkyT1pLbUpIUXZpUC9lcXdDMXRQUmpBc0xtMm83RW1ueVZsZDE1MHhZeWc1RC9CM3hlbXdWbUp0MlhVanlTYUlpeHFxeGxoSEFtbFdsaXJkNVpjaDVtTG5nMC9Gc3RTVDI1Z2U4MDVaNlhweDIxRGxkL3pnOGZpblRqTGlkTWdmMUc0amlwZHVCRUtqWU9HMEFyaDdyUkxaWWo1S3lodEZ5eVRYNkJSd1EvVmNSYzZKbHRrUHdXaTFCOEVGNzB0eXh5VXczbWc0NU03MnV2d3R3ZHVKMXB5UHk5M2ZieUFKTmN3eHlCQU5OUTl1T0xRYm12ZlF6bVgxQkFHUzY5bU1nWG9GM2VCbVgzY0dKSzJQNU4za2Ura1JKcm5OVXh5akN6QXZEYWVzbDZFNTRPazJsN2tJMEFoRU1iUUptdTRCa0ZJWHlodVBocnhzMjAydllyVi9ucS9ROXc1L3JKN2I1LzZZaVo0K1JwbmxvdThVR0FxbDNaOEFRb2Q0a0xLSVpVNVB6Y3ViQ0hRbFVrOEFVWGh2T2FSSVZVWEJ4TTJpZ0UrRGNqU1RCNDNNcFlRRFMyK01DTGJTY29pSTFxTmtvc1BsNnBBVTEvV1Z2WFBNN1hRME9Gam01Y29CU3lnPSIsImNvbnRlbnQiOiJbY29udGFjdC1maWVsZCBsYWJlbD0nTm9tZScgdHlwZT0nbmFtZScvXVtjb250YWN0LWZpZWxkIGxhYmVsPSdFbWFpbCcgdHlwZT0nZW1haWwnL11bY29udGFjdC1maWVsZCBsYWJlbD0nQ29tZW50XHUwMGUxcmlvJyB0eXBlPSd0ZXh0YXJlYScvXSIsImhhc2giOiJhNmUwZWI1ODc3OTkzYWJhOGYwNGQzMzE2YjVmOGRkM2NmMGMwMzM4Iiwic291cmNlIjp7ImVudHJ5X3RpdGxlIjoiTXVuZG8gTW9pbmhvIGVzdGltdWxhIGFydGUiLCJlbnRyeV9wYWdlIjoxLCJzb3VyY2VfaWQiOjQyNTEsInNvdXJjZV90eXBlIjoic2luZ2xlIiwicmVxdWVzdF91cmwiOiJodHRwczovL3dwLnVmcGVsLmVkdS5ici9hcnRlbm9zdWwvd3AtanNvbi93cC92Mi9wb3N0cy80MjUxIn0sInZlcnNpb24iOjIsImNpcGhlciI6ImFlcy0yNTYtZ2NtIn0.itePOq1SnPOtu7aDjjwuNFQqnET9n3CZcg40wOE6Yl0' \/>\n\n<div style=\"\"  data-wp-interactive=\"jetpack\/form\" data-wp-context='{\"fieldId\":\"g4251-nome\",\"fieldType\":\"name\",\"fieldLabel\":\"Nome\",\"fieldValue\":\"\",\"fieldPlaceholder\":\"\",\"fieldIsRequired\":\"\",\"fieldErrorMessage\":\"\",\"fieldExtra\":[],\"formHash\":\"a6e0eb5877993aba8f04d3316b5f8dd3cf0c0338\"}'  class='grunion-field-name-wrap grunion-field-wrap'  data-wp-init='callbacks.initializeField' data-wp-on--jetpack-form-reset='callbacks.initializeField' >\n<label\n\t\t\t\tfor='g4251-nome' class=\"grunion-field-label name\" >Nome<\/label>\n<input\n\t\t\t\t\ttype='text'\n\t\t\t\t\tname='g4251-nome'\n\t\t\t\t\tid='g4251-nome'\n\t\t\t\t\tvalue=''\n\n\t\t\t\t\tdata-wp-bind--aria-invalid='state.fieldHasErrors'\n\t\t\t\t\tdata-wp-bind--value='state.getFieldValue'\n\t\t\t\t\taria-errormessage='g4251-nome-text-error-message'\n\t\t\t\t\tdata-wp-on--input='actions.onFieldChange'\n\t\t\t\t\tdata-wp-on--blur='actions.onFieldBlur'\n\t\t\t\t\tdata-wp-class--has-value='state.hasFieldValue'\n\n\t\t\t\t\tclass='name  grunion-field' \n\t\t\t\t\t \/>\n \n\t\t\t<div id=\"g4251-nome-text-error\" class=\"contact-form__input-error\" data-wp-class--has-errors=\"state.fieldHasErrors\">\n\t\t\t\t<span class=\"contact-form__warning-icon\">\n\t\t\t\t\t<svg width=\"16\" height=\"16\" viewBox=\"0 0 16 16\" fill=\"none\" xmlns=\"http:\/\/www.w3.org\/2000\/svg\">\n\t\t\t\t\t\t<path d=\"M8.50015 11.6402H7.50015V10.6402H8.50015V11.6402Z\" \/>\n\t\t\t\t\t\t<path d=\"M7.50015 9.64018H8.50015V6.30684H7.50015V9.64018Z\" \/>\n\t\t\t\t\t\t<path fill-rule=\"evenodd\" clip-rule=\"evenodd\" d=\"M6.98331 3.0947C7.42933 2.30177 8.57096 2.30177 9.01698 3.09469L13.8771 11.7349C14.3145 12.5126 13.7525 13.4735 12.8602 13.4735H3.14004C2.24774 13.4735 1.68575 12.5126 2.12321 11.7349L6.98331 3.0947ZM8.14541 3.58496C8.08169 3.47168 7.9186 3.47168 7.85488 3.58496L2.99478 12.2251C2.93229 12.3362 3.01257 12.4735 3.14004 12.4735H12.8602C12.9877 12.4735 13.068 12.3362 13.0055 12.2251L8.14541 3.58496Z\" \/>\n\t\t\t\t\t<\/svg>\n\t\t\t\t\t<span class=\"visually-hidden\">Aviso<\/span>\n\t\t\t\t<\/span>\n\t\t\t\t<span data-wp-text=\"state.errorMessage\" id=\"g4251-nome-text-error-message\" role=\"alert\" aria-live=\"assertive\"><\/span>\n\t\t\t<\/div> \n\t<\/div>\n\n<div style=\"\"  data-wp-interactive=\"jetpack\/form\" data-wp-context='{\"fieldId\":\"g4251-email\",\"fieldType\":\"email\",\"fieldLabel\":\"Email\",\"fieldValue\":\"\",\"fieldPlaceholder\":\"\",\"fieldIsRequired\":\"\",\"fieldErrorMessage\":\"\",\"fieldExtra\":[],\"formHash\":\"a6e0eb5877993aba8f04d3316b5f8dd3cf0c0338\"}'  class='grunion-field-email-wrap grunion-field-wrap'  data-wp-init='callbacks.initializeField' data-wp-on--jetpack-form-reset='callbacks.initializeField' >\n<label\n\t\t\t\tfor='g4251-email' class=\"grunion-field-label email\" >Email<\/label>\n<input\n\t\t\t\t\ttype='email'\n\t\t\t\t\tname='g4251-email'\n\t\t\t\t\tid='g4251-email'\n\t\t\t\t\tvalue=''\n\n\t\t\t\t\tdata-wp-bind--aria-invalid='state.fieldHasErrors'\n\t\t\t\t\tdata-wp-bind--value='state.getFieldValue'\n\t\t\t\t\taria-errormessage='g4251-email-email-error-message'\n\t\t\t\t\tdata-wp-on--input='actions.onFieldChange'\n\t\t\t\t\tdata-wp-on--blur='actions.onFieldBlur'\n\t\t\t\t\tdata-wp-class--has-value='state.hasFieldValue'\n\n\t\t\t\t\tclass='email  grunion-field' \n\t\t\t\t\t \/>\n \n\t\t\t<div id=\"g4251-email-email-error\" class=\"contact-form__input-error\" data-wp-class--has-errors=\"state.fieldHasErrors\">\n\t\t\t\t<span class=\"contact-form__warning-icon\">\n\t\t\t\t\t<svg width=\"16\" height=\"16\" viewBox=\"0 0 16 16\" fill=\"none\" xmlns=\"http:\/\/www.w3.org\/2000\/svg\">\n\t\t\t\t\t\t<path d=\"M8.50015 11.6402H7.50015V10.6402H8.50015V11.6402Z\" \/>\n\t\t\t\t\t\t<path d=\"M7.50015 9.64018H8.50015V6.30684H7.50015V9.64018Z\" \/>\n\t\t\t\t\t\t<path fill-rule=\"evenodd\" clip-rule=\"evenodd\" d=\"M6.98331 3.0947C7.42933 2.30177 8.57096 2.30177 9.01698 3.09469L13.8771 11.7349C14.3145 12.5126 13.7525 13.4735 12.8602 13.4735H3.14004C2.24774 13.4735 1.68575 12.5126 2.12321 11.7349L6.98331 3.0947ZM8.14541 3.58496C8.08169 3.47168 7.9186 3.47168 7.85488 3.58496L2.99478 12.2251C2.93229 12.3362 3.01257 12.4735 3.14004 12.4735H12.8602C12.9877 12.4735 13.068 12.3362 13.0055 12.2251L8.14541 3.58496Z\" \/>\n\t\t\t\t\t<\/svg>\n\t\t\t\t\t<span class=\"visually-hidden\">Aviso<\/span>\n\t\t\t\t<\/span>\n\t\t\t\t<span data-wp-text=\"state.errorMessage\" id=\"g4251-email-email-error-message\" role=\"alert\" aria-live=\"assertive\"><\/span>\n\t\t\t<\/div> \n\t<\/div>\n\n<div style=\"\"  data-wp-interactive=\"jetpack\/form\" data-wp-context='{\"fieldId\":\"g4251-comentrio\",\"fieldType\":\"textarea\",\"fieldLabel\":\"Coment\\u00e1rio\",\"fieldValue\":\"\",\"fieldPlaceholder\":\"\",\"fieldIsRequired\":\"\",\"fieldErrorMessage\":\"\",\"fieldExtra\":[],\"formHash\":\"a6e0eb5877993aba8f04d3316b5f8dd3cf0c0338\"}'  class='grunion-field-textarea-wrap grunion-field-wrap'  data-wp-init='callbacks.initializeField' data-wp-on--jetpack-form-reset='callbacks.initializeField' >\n<label\n\t\t\t\tfor='contact-form-comment-g4251-comentrio' class=\"grunion-field-label textarea\" >Coment\u00e1rio<\/label>\n<textarea\n\t\t                style=''\n\t\t                name='g4251-comentrio'\n\t\t                id='contact-form-comment-g4251-comentrio'\n\t\t                rows='20'\n\t\t\t\t\t\tdata-wp-text='state.getFieldValue'\n\t\t\t\t\t\tdata-wp-on--input='actions.onFieldChange'\n\t\t\t\t\t\tdata-wp-on--blur='actions.onFieldBlur'\n\t\t\t\t\t\tdata-wp-class--has-value='state.hasFieldValue'\n\t\t\t\t\t\tdata-wp-bind--aria-invalid='state.fieldHasErrors'\n\t\t\t\t\t\taria-errormessage='g4251-comentrio-textarea-error-message'\n\t\t\t\t\t\tclass='textarea  grunion-field'  ><\/textarea>\n \n\t\t\t<div id=\"g4251-comentrio-textarea-error\" class=\"contact-form__input-error\" data-wp-class--has-errors=\"state.fieldHasErrors\">\n\t\t\t\t<span class=\"contact-form__warning-icon\">\n\t\t\t\t\t<svg width=\"16\" height=\"16\" viewBox=\"0 0 16 16\" fill=\"none\" xmlns=\"http:\/\/www.w3.org\/2000\/svg\">\n\t\t\t\t\t\t<path d=\"M8.50015 11.6402H7.50015V10.6402H8.50015V11.6402Z\" \/>\n\t\t\t\t\t\t<path d=\"M7.50015 9.64018H8.50015V6.30684H7.50015V9.64018Z\" \/>\n\t\t\t\t\t\t<path fill-rule=\"evenodd\" clip-rule=\"evenodd\" d=\"M6.98331 3.0947C7.42933 2.30177 8.57096 2.30177 9.01698 3.09469L13.8771 11.7349C14.3145 12.5126 13.7525 13.4735 12.8602 13.4735H3.14004C2.24774 13.4735 1.68575 12.5126 2.12321 11.7349L6.98331 3.0947ZM8.14541 3.58496C8.08169 3.47168 7.9186 3.47168 7.85488 3.58496L2.99478 12.2251C2.93229 12.3362 3.01257 12.4735 3.14004 12.4735H12.8602C12.9877 12.4735 13.068 12.3362 13.0055 12.2251L8.14541 3.58496Z\" \/>\n\t\t\t\t\t<\/svg>\n\t\t\t\t\t<span class=\"visually-hidden\">Aviso<\/span>\n\t\t\t\t<\/span>\n\t\t\t\t<span data-wp-text=\"state.errorMessage\" id=\"g4251-comentrio-textarea-error-message\" role=\"alert\" aria-live=\"assertive\"><\/span>\n\t\t\t<\/div>\n\t<\/div>\n\t<p class='contact-submit'>\n<div class=\"contact-form__error\" data-wp-class--show-errors=\"state.showFormErrors\"><span class=\"contact-form__warning-icon\"><span class=\"visually-hidden\">Aten\u00e7\u00e3o.<\/span><i aria-hidden=\"true\"><\/i><\/span>\n\t\t\t\t<span data-wp-text=\"state.getFormErrorMessage\"><\/span>\n\t\t\t\t<ul>\n\t\t\t\t<template data-wp-each=\"state.getErrorList\" data-wp-key=\"context.item.id\">\n\t\t\t\t\t<li><a data-wp-bind--href=\"context.item.anchor\" data-wp-on--click=\"actions.scrollIntoView\" data-wp-text=\"context.item.label\"><\/a><\/li>\n\t\t\t\t<\/template>\n\t\t\t\t<\/ul><\/div><div class=\"contact-form__error\" data-wp-class--show-errors=\"state.showSubmissionError\" data-wp-text=\"context.submissionError\"><\/div>\t\t<button type='submit' class='pushbutton-wide'>Enviar<\/button>\t\t<input type='hidden' name='contact-form-id' value='4251' \/>\n\t\t<input type='hidden' name='action' value='grunion-contact-form' \/>\n\t\t<input type='hidden' name='contact-form-hash' value='a6e0eb5877993aba8f04d3316b5f8dd3cf0c0338' \/>\n\t<\/p>\n<p style=\"display: none !important;\" class=\"akismet-fields-container\" data-prefix=\"ak_\"><label>&#916;<textarea name=\"ak_hp_textarea\" cols=\"45\" rows=\"8\" maxlength=\"100\"><\/textarea><\/label><input type=\"hidden\" id=\"ak_js_1\" name=\"ak_js\" value=\"132\"\/><script>document.getElementById( \"ak_js_1\" ).setAttribute( \"value\", ( new Date() ).getTime() );<\/script><\/p><\/form>\n<\/div>\n","protected":false},"excerpt":{"rendered":"<p>Reportagem de\u00a0Sara Carulina Silva da Rosa \u00a0e Nicole Mendizabal Collares &#8211;\u00a0 Casa de Artes promove produ\u00e7\u00e3o e\u00a0circula\u00e7\u00e3o das artes em Rio Grande &#8211;\u00a0 \u00a0 A casa de artes Mundo Moinho surgiu da mente de dois jovens irm\u00e3os rio-grandinos: Andr\u00e9ia Pires e Bruno Pires. O impulso inicial aconteceu em 2010, quando foi formado o Coletivo Fita &hellip; <\/p>\n<p><a class=\"more-link btn\" href=\"https:\/\/wp.ufpel.edu.br\/artenosul\/2016\/12\/10\/mundo-moinho-estimula-arte\/\">Continue lendo<\/a><\/p>\n","protected":false},"author":571,"featured_media":4253,"comment_status":"closed","ping_status":"closed","sticky":false,"template":"","format":"standard","meta":{"jetpack_post_was_ever_published":false,"_jetpack_newsletter_access":"","_jetpack_dont_email_post_to_subs":true,"_jetpack_newsletter_tier_id":0,"_jetpack_memberships_contains_paywalled_content":false,"_jetpack_memberships_contains_paid_content":false,"footnotes":"","jetpack_publicize_message":"","jetpack_publicize_feature_enabled":true,"jetpack_social_post_already_shared":true,"jetpack_social_options":{"image_generator_settings":{"template":"highway","default_image_id":0,"font":"","enabled":false},"version":2}},"categories":[13,88,83,6,1],"tags":[11,352,73,86,265,7],"class_list":["post-4251","post","type-post","status-publish","format-standard","has-post-thumbnail","hentry","category-artes-visuais","category-comunidade","category-literatura","category-musica","category-noticias","tag-artes-visuais","tag-casa-das-artes","tag-fotografia","tag-literatura","tag-mundo-moinho","tag-musica","nodate","item-wrap"],"jetpack_publicize_connections":[],"jetpack_featured_media_url":"https:\/\/wp.ufpel.edu.br\/artenosul\/files\/2016\/12\/14593625_711159585700706_436989726_n-2b.jpg","jetpack_sharing_enabled":true,"jetpack_likes_enabled":true,"jetpack_shortlink":"https:\/\/wp.me\/p6PuxQ-16z","jetpack-related-posts":[{"id":2948,"url":"https:\/\/wp.ufpel.edu.br\/artenosul\/2016\/06\/13\/cursos-de-desenho-e-fotografia\/","url_meta":{"origin":4251,"position":0},"title":"Cursos de Desenho e Fotografia","author":"artenosul","date":"13 de junho de 2016","format":false,"excerpt":"- Reportagem de Ananda Danielle de Oliveira Vergara - Projeto ter\u00e1 aulas em Rio Grande \u00a0e convoca artistas para eventos no final do m\u00eas - O projeto Agenda Cultural da Mundo Moinho em parceria com a Co place, em Rio Grande, promove os cursos de Desenho e Fotografia para os\u2026","rel":"","context":"Em &quot;ARTES VISUAIS&quot;","block_context":{"text":"ARTES VISUAIS","link":"https:\/\/wp.ufpel.edu.br\/artenosul\/category\/artes-visuais\/"},"img":{"alt_text":"","src":"https:\/\/i0.wp.com\/wp.ufpel.edu.br\/artenosul\/files\/2016\/06\/Foto2.jpg?resize=350%2C200&ssl=1","width":350,"height":200,"srcset":"https:\/\/i0.wp.com\/wp.ufpel.edu.br\/artenosul\/files\/2016\/06\/Foto2.jpg?resize=350%2C200&ssl=1 1x, https:\/\/i0.wp.com\/wp.ufpel.edu.br\/artenosul\/files\/2016\/06\/Foto2.jpg?resize=525%2C300&ssl=1 1.5x, https:\/\/i0.wp.com\/wp.ufpel.edu.br\/artenosul\/files\/2016\/06\/Foto2.jpg?resize=700%2C400&ssl=1 2x"},"classes":[]},{"id":8630,"url":"https:\/\/wp.ufpel.edu.br\/artenosul\/2020\/07\/21\/sesc-promove-arte-e-cultura-em-casa\/","url_meta":{"origin":4251,"position":1},"title":"Sesc promove arte e cultura em casa","author":"artenosul","date":"21 de julho de 2020","format":false,"excerpt":"Por Ana Cl\u00e1udia Rodrigues Ao longo do m\u00eas de julho o Senac RS est\u00e1 promovendo uma s\u00e9rie de atividades culturais ao vivo para promover a arte e cultura em casa. O projeto, que se chama Arte Sesc - Em casa com voc\u00ea, conta com uma variedade de atividades como workshops,\u2026","rel":"","context":"Em &quot;COMUNIDADE&quot;","block_context":{"text":"COMUNIDADE","link":"https:\/\/wp.ufpel.edu.br\/artenosul\/category\/comunidade\/"},"img":{"alt_text":"","src":"https:\/\/i0.wp.com\/wp.ufpel.edu.br\/artenosul\/files\/2020\/07\/23-07-Rapajador-Miniatura-site.png?resize=350%2C200&ssl=1","width":350,"height":200,"srcset":"https:\/\/i0.wp.com\/wp.ufpel.edu.br\/artenosul\/files\/2020\/07\/23-07-Rapajador-Miniatura-site.png?resize=350%2C200&ssl=1 1x, https:\/\/i0.wp.com\/wp.ufpel.edu.br\/artenosul\/files\/2020\/07\/23-07-Rapajador-Miniatura-site.png?resize=525%2C300&ssl=1 1.5x, https:\/\/i0.wp.com\/wp.ufpel.edu.br\/artenosul\/files\/2020\/07\/23-07-Rapajador-Miniatura-site.png?resize=700%2C400&ssl=1 2x, https:\/\/i0.wp.com\/wp.ufpel.edu.br\/artenosul\/files\/2020\/07\/23-07-Rapajador-Miniatura-site.png?resize=1050%2C600&ssl=1 3x"},"classes":[]},{"id":9713,"url":"https:\/\/wp.ufpel.edu.br\/artenosul\/2021\/09\/06\/rio-imenso-andrea-pires-escreve-livro-artesanal-no-periodo-pandemico\/","url_meta":{"origin":4251,"position":2},"title":"&#8220;Rio Imenso&#8221;: Andr\u00e9ia Pires escreve livro artesanal no per\u00edodo pand\u00eamico","author":"artenosul","date":"6 de setembro de 2021","format":false,"excerpt":"Por Ana Caroline Rossetto e Milene Louzada\u00a0 \u00a0 \u00a0 \u00a0 Conjunto de contos experimentais retrata cen\u00e1rio rio-grandino \u00a0 O livro \u2018Rio Imenso\u2019 \u00e9 de autoria da jornalista, editora e escritora Andr\u00e9ia Pires e come\u00e7ou a ser elaborado entre os anos de 2013 a 2018, como um conjunto de contos experimentais\u2026","rel":"","context":"Em &quot;LITERATURA&quot;","block_context":{"text":"LITERATURA","link":"https:\/\/wp.ufpel.edu.br\/artenosul\/category\/literatura\/"},"img":{"alt_text":"","src":"https:\/\/i0.wp.com\/wp.ufpel.edu.br\/artenosul\/files\/2021\/09\/Andreia-Pires-jornalista2.png?resize=350%2C200&ssl=1","width":350,"height":200,"srcset":"https:\/\/i0.wp.com\/wp.ufpel.edu.br\/artenosul\/files\/2021\/09\/Andreia-Pires-jornalista2.png?resize=350%2C200&ssl=1 1x, https:\/\/i0.wp.com\/wp.ufpel.edu.br\/artenosul\/files\/2021\/09\/Andreia-Pires-jornalista2.png?resize=525%2C300&ssl=1 1.5x, https:\/\/i0.wp.com\/wp.ufpel.edu.br\/artenosul\/files\/2021\/09\/Andreia-Pires-jornalista2.png?resize=700%2C400&ssl=1 2x"},"classes":[]},{"id":29398,"url":"https:\/\/wp.ufpel.edu.br\/artenosul\/2025\/08\/01\/a-ideia-e-formar-um-ser-humano-mais-consciente-mais-autonomo\/","url_meta":{"origin":4251,"position":3},"title":"&#8220;A ideia \u00e9 formar um ser humano mais consciente, mais aut\u00f4nomo&#8221;","author":"artenosul","date":"1 de agosto de 2025","format":false,"excerpt":"Em entrevista, o professor Emanuel Santos fala sobre sua trajet\u00f3ria na arte-educa\u00e7\u00e3o\u00a0 \u00a0 \u00a0 \u00a0 Por Jo\u00e3o Pedro Goulart\u00a0 \u00a0 \u00a0\u00a0 Arte-educador formado em Artes Visuais, Emanuel dos Santos \u00e9 professor da rede estadual de ensino e mestrando do Programa de P\u00f3s-Gradua\u00e7\u00e3o em Artes, do Centro de Artes da Universidade\u2026","rel":"","context":"Em &quot;ARTES VISUAIS&quot;","block_context":{"text":"ARTES VISUAIS","link":"https:\/\/wp.ufpel.edu.br\/artenosul\/category\/artes-visuais\/"},"img":{"alt_text":"","src":"https:\/\/i0.wp.com\/wp.ufpel.edu.br\/artenosul\/files\/2025\/08\/WhatsApp-Image-2025-07-27-at-19.41.02b.jpeg?resize=350%2C200&ssl=1","width":350,"height":200},"classes":[]},{"id":28870,"url":"https:\/\/wp.ufpel.edu.br\/artenosul\/2025\/03\/27\/artistas-maes-podem-se-inscrever-para-residencia-artistica-no-com-bolsa-de-r-7-mil\/","url_meta":{"origin":4251,"position":4},"title":"Artistas m\u00e3es podem se inscrever para resid\u00eancia art\u00edstica no com bolsa de R$ 7 mil","author":"artenosul","date":"27 de mar\u00e7o de 2025","format":false,"excerpt":"Projeto Ressoar abre edital para tr\u00eas artistas visuais ga\u00fachas ou residentes no Rio Grande do Sul, com inscri\u00e7\u00f5es at\u00e9 27 de abril \u00a0 . O coletivo e casa de arte Alumiar, em parceria com a Secretaria da Cultura do Rio Grande do Sul, lan\u00e7a o Programa de Resid\u00eancia Art\u00edstica Ressoar\u2026","rel":"","context":"Em &quot;ARTES VISUAIS&quot;","block_context":{"text":"ARTES VISUAIS","link":"https:\/\/wp.ufpel.edu.br\/artenosul\/category\/artes-visuais\/"},"img":{"alt_text":"","src":"https:\/\/i0.wp.com\/wp.ufpel.edu.br\/artenosul\/files\/2025\/03\/alumiar-rotated.jpg?resize=350%2C200&ssl=1","width":350,"height":200,"srcset":"https:\/\/i0.wp.com\/wp.ufpel.edu.br\/artenosul\/files\/2025\/03\/alumiar-rotated.jpg?resize=350%2C200&ssl=1 1x, https:\/\/i0.wp.com\/wp.ufpel.edu.br\/artenosul\/files\/2025\/03\/alumiar-rotated.jpg?resize=525%2C300&ssl=1 1.5x, https:\/\/i0.wp.com\/wp.ufpel.edu.br\/artenosul\/files\/2025\/03\/alumiar-rotated.jpg?resize=700%2C400&ssl=1 2x, https:\/\/i0.wp.com\/wp.ufpel.edu.br\/artenosul\/files\/2025\/03\/alumiar-rotated.jpg?resize=1050%2C600&ssl=1 3x, https:\/\/i0.wp.com\/wp.ufpel.edu.br\/artenosul\/files\/2025\/03\/alumiar-rotated.jpg?resize=1400%2C800&ssl=1 4x"},"classes":[]},{"id":29438,"url":"https:\/\/wp.ufpel.edu.br\/artenosul\/2025\/08\/04\/imagens-contaram-doces-aventuras-na-fenadoce\/","url_meta":{"origin":4251,"position":5},"title":"Imagens contaram \u201cDoces Aventuras\u201d na Fenadoce","author":"artenosul","date":"4 de agosto de 2025","format":false,"excerpt":"A desenhista Larissa Silva relatou um pouco sobre como foi participar como ilustradora da 31\u00aa edi\u00e7\u00e3o da Feira Nacional do Doce, que terminou dia 3 de agosto\u00a0 \u00a0 \u00a0 \u00a0\u00a0 Por Giovana Costa e Vinicius Terra\u00a0 \u00a0 \u00a0 \u00a0\u00a0 A 31\u00aa edi\u00e7\u00e3o da Feira Nacional do Doce (Fenadoce) em Pelotas\u2026","rel":"","context":"Em &quot;ARTES VISUAIS&quot;","block_context":{"text":"ARTES VISUAIS","link":"https:\/\/wp.ufpel.edu.br\/artenosul\/category\/artes-visuais\/"},"img":{"alt_text":"","src":"https:\/\/i0.wp.com\/wp.ufpel.edu.br\/artenosul\/files\/2025\/08\/Imagem-2-1-scaled.jpg?resize=350%2C200&ssl=1","width":350,"height":200,"srcset":"https:\/\/i0.wp.com\/wp.ufpel.edu.br\/artenosul\/files\/2025\/08\/Imagem-2-1-scaled.jpg?resize=350%2C200&ssl=1 1x, https:\/\/i0.wp.com\/wp.ufpel.edu.br\/artenosul\/files\/2025\/08\/Imagem-2-1-scaled.jpg?resize=525%2C300&ssl=1 1.5x, https:\/\/i0.wp.com\/wp.ufpel.edu.br\/artenosul\/files\/2025\/08\/Imagem-2-1-scaled.jpg?resize=700%2C400&ssl=1 2x, https:\/\/i0.wp.com\/wp.ufpel.edu.br\/artenosul\/files\/2025\/08\/Imagem-2-1-scaled.jpg?resize=1050%2C600&ssl=1 3x, https:\/\/i0.wp.com\/wp.ufpel.edu.br\/artenosul\/files\/2025\/08\/Imagem-2-1-scaled.jpg?resize=1400%2C800&ssl=1 4x"},"classes":[]}],"_links":{"self":[{"href":"https:\/\/wp.ufpel.edu.br\/artenosul\/wp-json\/wp\/v2\/posts\/4251","targetHints":{"allow":["GET"]}}],"collection":[{"href":"https:\/\/wp.ufpel.edu.br\/artenosul\/wp-json\/wp\/v2\/posts"}],"about":[{"href":"https:\/\/wp.ufpel.edu.br\/artenosul\/wp-json\/wp\/v2\/types\/post"}],"author":[{"embeddable":true,"href":"https:\/\/wp.ufpel.edu.br\/artenosul\/wp-json\/wp\/v2\/users\/571"}],"replies":[{"embeddable":true,"href":"https:\/\/wp.ufpel.edu.br\/artenosul\/wp-json\/wp\/v2\/comments?post=4251"}],"version-history":[{"count":3,"href":"https:\/\/wp.ufpel.edu.br\/artenosul\/wp-json\/wp\/v2\/posts\/4251\/revisions"}],"predecessor-version":[{"id":4257,"href":"https:\/\/wp.ufpel.edu.br\/artenosul\/wp-json\/wp\/v2\/posts\/4251\/revisions\/4257"}],"wp:featuredmedia":[{"embeddable":true,"href":"https:\/\/wp.ufpel.edu.br\/artenosul\/wp-json\/wp\/v2\/media\/4253"}],"wp:attachment":[{"href":"https:\/\/wp.ufpel.edu.br\/artenosul\/wp-json\/wp\/v2\/media?parent=4251"}],"wp:term":[{"taxonomy":"category","embeddable":true,"href":"https:\/\/wp.ufpel.edu.br\/artenosul\/wp-json\/wp\/v2\/categories?post=4251"},{"taxonomy":"post_tag","embeddable":true,"href":"https:\/\/wp.ufpel.edu.br\/artenosul\/wp-json\/wp\/v2\/tags?post=4251"}],"curies":[{"name":"wp","href":"https:\/\/api.w.org\/{rel}","templated":true}]}}