{"id":4005,"date":"2016-10-17T19:02:42","date_gmt":"2016-10-17T21:02:42","guid":{"rendered":"https:\/\/wp.ufpel.edu.br\/artenosul\/?p=4005"},"modified":"2016-10-21T10:55:10","modified_gmt":"2016-10-21T12:55:10","slug":"a-era-de-aquarius-resiste","status":"publish","type":"post","link":"https:\/\/wp.ufpel.edu.br\/artenosul\/2016\/10\/17\/a-era-de-aquarius-resiste\/","title":{"rendered":"A era de Aquarius resiste"},"content":{"rendered":"<h3 style=\"text-align: center\"><strong><span style=\"color: #993300\">Texto de Calvin Cousin e Gabriela Schander &#8211;<\/span><\/strong><\/h3>\n<h3 style=\"text-align: center\"><strong><span style=\"color: #993300\">Cinema &#8211; Cr\u00edtica &#8211;<\/span><\/strong><\/h3>\n<div id=\"attachment_4007\" style=\"width: 615px\" class=\"wp-caption alignright\"><img loading=\"lazy\" decoding=\"async\" aria-describedby=\"caption-attachment-4007\" class=\" wp-image-4007\" src=\"https:\/\/wp.ufpel.edu.br\/artenosul\/files\/2016\/10\/Aquarius-424x240.png\" alt=\"Aquarius, dirigido por Kl\u00e9ber Mendon\u00e7a Filho e com S\u00f4nia Braga estrelando, estreou no Brasil dia 1\u00ba de setembro\" width=\"615\" height=\"348\" srcset=\"https:\/\/wp.ufpel.edu.br\/artenosul\/files\/2016\/10\/Aquarius-424x240.png 424w, https:\/\/wp.ufpel.edu.br\/artenosul\/files\/2016\/10\/Aquarius-212x120.png 212w, https:\/\/wp.ufpel.edu.br\/artenosul\/files\/2016\/10\/Aquarius.png 532w\" sizes=\"auto, (max-width: 615px) 100vw, 615px\" \/><p id=\"caption-attachment-4007\" class=\"wp-caption-text\"><span style=\"color: #993300\"><strong>Aquarius, dirigido por Kl\u00e9ber Mendon\u00e7a Filho e com S\u00f4nia Braga estrelando, pode ser visto em v\u00e1rias salas<\/strong><\/span><\/p><\/div>\n<h3>Depois de causar pol\u00eamica no Festival de Cannes gra\u00e7as ao protesto da equipe contra o impeachment de Dilma Rousseff, o filme <em>Aquarius<\/em>, dirigido por Kl\u00e9ber Mendon\u00e7a Filho e com S\u00f4nia Braga no papel principal, \u00e9 exibido em todo o Brasil. O longa-metragem tem como cen\u00e1rio um edif\u00edcio da d\u00e9cada de 1950, localizado na Praia de Boa Viagem, em Recife. Sua \u00fanica moradora \u00e9 Clara (S\u00f4nia Braga), uma jornalista aposentada que, ap\u00f3s a passagem dos filhos para a vida adulta e a morte do marido, vive em um amplo apartamento com seu piano, muitos discos de vinil e livros sobre m\u00fasica, alguns de sua pr\u00f3pria autoria. Clara n\u00e3o aceita a proposta de uma grande construtora que pretende adquirir todos os apartamentos do pr\u00e9dio e, no lugar do mesmo, erguer um condom\u00ednio de luxo. O que segue \u00e9 a jornada de uma inteligente mulher \u2013 pressionada pela sociedade que a subestima \u2013 para preservar suas mem\u00f3rias e o sentimento de pertencimento.<\/h3>\n<h3>Praticamente um estudo de personagem, o filme inteiro gira em torno de Clara, que em muitos momentos fica completamente sozinha em cena. S\u00f4nia Braga retorna ao cinema brasileiro com maestria, em um papel de complexidade que n\u00e3o \u00e9 visto com frequ\u00eancia. Ela pode passar a ideia, no come\u00e7o, de frigidez, mas o decorrer da trama mostra uma figura bondosa e as fragilidades da idade que v\u00eam \u00e0 tona facilmente. Com seus 65 anos, Clara exemplifica como o velho precisa se adaptar ao novo para n\u00e3o ser destru\u00eddo, mas tamb\u00e9m, ao ressaltar o poder que certos tipos de materialidade possuem, que o novo n\u00e3o deve ignorar o que existiu antes dele. \u00c9 imposs\u00edvel n\u00e3o sentir vergonha alheia ao ver uma jovem jornalista entrevistar a personagem e ficar sem palavras diante de seu mon\u00f3logo sobre como m\u00eddias tidas como ultrapassadas (no caso, LPs) est\u00e3o cheias de hist\u00f3rias e significados.<\/h3>\n<h3>A autoria de Kl\u00e9ber Mendon\u00e7a Filho, diretor e roteirista, \u00e9 impactante, com a constru\u00e7\u00e3o de uma atmosfera perpetuamente tensa. Lembrando os filmes de Tarantino, o enredo \u00e9 divido em cap\u00edtulos, apresenta uma potente trilha sonora (que inclui cl\u00e1ssicos dos anos 70 e 80, favoritos de Clara, de Queen \u00e0 Maria Beth\u00e2nia) e interessantes escolhas de montagem e fotografia (por Pedro Sotero e Fabr\u00edcio Tadeu), sendo muitos planos voltados para os p\u00e9s da protagonista, com as unhas pintadas de vermelho. Quase se espera que ela esfaqueie algu\u00e9m e o sangue domine a tela, mas a personagem seria distinta demais para isso. Realmente, tendo em vista todas as pol\u00eamicas em torno do filme (que incluem, al\u00e9m dos j\u00e1 mencionados protestos, cr\u00edticas a sua alta classifica\u00e7\u00e3o indicativa), ele \u00e9 surpreendentemente pac\u00edfico no que se refere \u00e0s agress\u00f5es f\u00edsicas.<\/h3>\n<h3>A press\u00e3o sobre Clara, a \u201clouca do Aquarius\u201d, como ela mesma se intitula, ocorre seja por parte do respons\u00e1vel pelo projeto do condom\u00ednio (Humberto Carr\u00e3o) ou pela filha (Maeve Jinkings), que precisa de dinheiro e a trata como uma idosa incapacitada, ainda que a mesma esteja longe disso. A primeira cena de <em>Aquarius <\/em>se passa em 1980, com uma jovem Clara \u2013 de cabelos curtos ap\u00f3s se curar de um c\u00e2ncer \u2013 se divertindo com amigos antes de ir pra festa de anivers\u00e1rio de tia Lucia, propriet\u00e1ria original do apartamento, uma heran\u00e7a para a protagonista. Mais de trinta anos depois, Clara pode ter envelhecido, mas n\u00e3o deixou de ir para o baile com suas amigas, de beber suas garrafas de vinho, de fumar seus baseados (embora a recrea\u00e7\u00e3o tenha sido substitu\u00edda pelo escapismo) ou deixou sua vida sexual morrer.<\/h3>\n<h3><em>Aquarius<\/em> trata a sexualidade das personagens com grande naturalidade e mostra como esse elemento \u00e9 importante na constru\u00e7\u00e3o de mem\u00f3rias (existe algo mais essencial para a experi\u00eancia humana do que o sexo ou a morte?). No anivers\u00e1rio de tia L\u00facia, enquanto seus sobrinhos leem um poema, a mesma olha para uma c\u00f4moda e lembra de suas transas com o falecido marido. Clara vai para o baile e sai acompanhada e, depois disso, chama um mich\u00ea por telefone. Ao passo que a sociedade se choca com manifesta\u00e7\u00f5es do tipo vindas de idosos, o filme lembra que nunca deixamos de ser humanos. Tamb\u00e9m \u00e9 interessante observar como um dos primeiros momentos de Braga em cena \u00e9 chocante: famosa por personagens que esbanjavam sensualidade (vide <em>Gabriela<\/em>, <em>Saramandaia<\/em>, <em>Hair<\/em>, <em>O Beijo da Mulher Aranha<\/em>, etc.), Clara se despe antes do banho e, ao encarar a c\u00e2mera, os espectadores percebem que ela perdeu uma mama gra\u00e7as ao c\u00e2ncer. Nada sensual.<\/h3>\n<h3>O brilhante roteiro recheado de falas \u00e1cidas carregadas de verdades fica em boas m\u00e3os com Braga e os coadjuvantes (adequados, mas que n\u00e3o passam disso). A Clara das telas \u00e9 um exemplo de supera\u00e7\u00e3o e de resist\u00eancia diante de injusti\u00e7as que permeiam o cotidiano, o que se reflete nas exibi\u00e7\u00f5es do filme. S\u00e3o comuns relatos de sess\u00f5es de <em>Aquarius <\/em>seguidas por gritos de \u201cFora Temer\u201d vindos da plateia. Logo antes dos cr\u00e9ditos rolarem, Clara alfineta os propriet\u00e1rios da construtora: \u201cEu prefiro ser um c\u00e2ncer do que ter um c\u00e2ncer\u201d.<\/h3>\n<h3>\u00a0\u00a0\u00a0\u00a0\u00a0\u00a0\u00a0\u00a0\u00a0 <strong>Lan\u00e7amento: <\/strong>1\u00ba de setembro\u00a0\u00a0\u00a0\u00a0\u00a0\u00a0\u00a0\u00a0\u00a0\u00a0\u00a0\u00a0\u00a0\u00a0\u00a0\u00a0\u00a0\u00a0\u00a0\u00a0\u00a0\u00a0\u00a0\u00a0\u00a0\u00a0\u00a0\u00a0\u00a0\u00a0\u00a0 <strong>Dura\u00e7\u00e3o: <\/strong>2h25<\/h3>\n<h3>\u00a0\u00a0\u00a0\u00a0\u00a0\u00a0\u00a0\u00a0\u00a0 <strong>G\u00eanero<\/strong>: Drama\/Suspense\u00a0\u00a0\u00a0\u00a0\u00a0 <strong>Classifica\u00e7\u00e3o Indicativa: <\/strong>16 anos<\/h3>\n<h3><a href=\"https:\/\/wp.ufpel.edu.br\/artenosul\"><span style=\"color: #993300\"><strong>P\u00c1GINA INICIAL<\/strong><\/span><\/a><\/h3>\n<h3><strong><span style=\"color: #993300\">COMENT\u00c1RIOS<\/span><\/strong><\/h3>\n<h4><div data-test='contact-form'\n\t\t\tid='contact-form-4005'\n\t\t\tclass='wp-block-jetpack-contact-form-container '\n\t\t\tdata-wp-interactive='jetpack\/form' data-wp-context='{\"formId\":\"4005\",\"formHash\":\"d712e385aa842a494378235223bec5f511849de3\",\"showErrors\":false,\"errors\":[],\"fields\":[],\"isMultiStep\":false,\"useAjax\":true,\"submissionData\":null,\"formattedSubmissionData\":[],\"submissionSuccess\":false,\"submissionError\":null,\"elementId\":\"jp-form-d712e385aa842a494378235223bec5f511849de3\",\"isSingleInputForm\":false}'\n\t\t\tdata-wp-watch--scroll-to-wrapper=\"callbacks.scrollToWrapper\"\n\t\t>\n<div class=\"contact-form-submission contact-form-ajax-submission\" data-wp-class--submission-success=\"context.submissionSuccess\"><p class=\"go-back-message\"><a class=\"link\" role=\"button\" tabindex=\"0\" data-wp-on--click=\"actions.goBack\" href=\"\/artenosul\/wp-json\/wp\/v2\/posts\/4005\">Voltar<\/a><\/p><h4 id=\"contact-form-success-header\">Sua mensagem foi enviada<\/h4>\n\n<template data-wp-each--submission=\"context.formattedSubmissionData\">\n\t\t\t\t\t<div class=\"jetpack_forms_contact-form-success-summary\">\n\t\t\t\t\t\t<div class=\"field-name\" data-wp-text=\"context.submission.label\" data-wp-bind--hidden=\"!context.submission.label\"><\/div>\n\t\t\t\t\t\t<div class=\"field-value\" data-wp-text=\"context.submission.value\"><\/div>\n\t\t\t\t\t\t<div class=\"field-images\" data-wp-bind--hidden=\"!context.submission.images\">\n\t\t\t\t\t\t\t<template data-wp-each--image=\"context.submission.images\">\n\t\t\t\t\t\t\t\t<figure class=\"field-image\" data-wp-class--is-empty=\"!context.image\">\n\t\t\t\t\t\t\t\t\t<img data-wp-bind--src=\"context.image\" data-wp-bind--hidden=\"!context.image\" \/>\n\t\t\t\t\t\t\t\t\t<img decoding=\"async\" src=\"data:image\/gif;base64,R0lGODlhAQABAAD\/ACwAAAAAAQABAAACADs=\" data-wp-bind--hidden=\"context.image\" \/>\n\t\t\t\t\t\t\t\t<\/figure>\n\t\t\t\t\t\t\t<\/template>\n\t\t\t\t\t\t<\/div>\n\t\t\t\t\t<\/div>\n\t\t\t\t<\/template><\/div><form action='https:\/\/wp.ufpel.edu.br\/artenosul\/2016\/10\/17\/a-era-de-aquarius-resiste\/'\n\t\t\t\tid='jp-form-d712e385aa842a494378235223bec5f511849de3'\n\t\t\t\tmethod='post'\n\t\t\t\tclass='contact-form commentsblock' aria-label=\"A era de Aquarius resiste\"\n\t\t\t\tdata-wp-on--submit=\"actions.onFormSubmit\"\n\t\t\t\tdata-wp-on--reset=\"actions.onFormReset\"\n\t\t\t\tdata-wp-class--submission-success=\"context.submissionSuccess\"\n\t\t\t\tdata-wp-class--is-first-step=\"state.isFirstStep\"\n\t\t\t\tdata-wp-class--is-last-step=\"state.isLastStep\"\n\t\t\t\tdata-wp-class--is-ajax-form=\"context.useAjax\"\n\t\t\t\tnovalidate >\n<input type='hidden' name='jetpack_contact_form_jwt' value='eyJ0eXAiOiJKV1QiLCJhbGciOiJIUzI1NiJ9.eyJlbmNyeXB0ZWRfYXR0cmlidXRlcyI6ImY0YkdaV2RWOFVDbWZlVUFoWDBMOUJ2UzlGQzgxQU9QaHFXYjc4WTVLaS9TVzNma29kb2FCaFBQL3VFTFpiRDBQL1ZrbldDemU1QmJHRkI2Z2RUZk1PdllvOUV4Z0dzN1hObTRQL3NxWmUzeVFCZ2NIVzBOYjJJU1BjcTlSTU4wZ0UwcWRZMUZYak5lejM3LzZscHFNRERiU0pEWTVoZGszRFlXNW9hVTZBVFhhWnkxY2R0U2VGVjVUQ3RQMGs1aUU4WitsUlFxTU9xYmV6aGdUQlZKM29CcE5mU2RkNW5uZUVHRHJYRmQ1eGp3L0ZEdHkyOHFkTDY4b3lJVC9IazU1UnRoeWt5ZXV5a1JaSEJFWFNhbENQVFRabEt1dHJFSGlFMkEvclhsRTVnanJSSzRYMCtoZXJTRWJVbk9YTFJ0VzFlOWhtNjJZTzJzd002WERRcE9BTzFibFM1OE85VkVqMHVPTkFlaUcrOWdUSlRHZkk5TmNGQ0ZBZW5wRE5MZmd6TTYvcHYxU1NRNExKYmxLMnIvT2pGTGRvOUUvMDZYcXhIQlA1RERPRmZ4RDkwTDI2Y0NIUUlaTHQ0b0VsM2U4SlNQY1h5ODN5UCs3SDhCVjhReTFQY0o2WTdNSmhIYVNLcm9BclkwNWlodThlL2drQ0RyUXFlbnFCMFBBbnlFKzI1cmd2Qlp0SkVuUGYrL3Fld0U1RDVBRzQzSDFzbUkvZkQ4eUhoSWxaeWFuYnBBVDFiU0c2UFl2ZUMxbWE0U1NQUUd4dWJ3ak9VbzkxME5maG1xbFp4RlhNTGdrQWR3SnZ6dUM5WUVMQngwN3oyUEEybmJjZUtzSk1aNzdIall4eU1MZHRoM3pmR25lemZaSmpnRkkxREp2VFF6TThHZWRCTVQ3Y3BjWDd3N09ZS2FWKzNMZEtRWDhsOXRGYWZhUnFBS3RoUUJoUGltdm9vdk1BdFRRNm85UkJtWlhVSjM5T0huWCtHUEwxMXFwYXBkdFhpWGZNZ0RiR1IyYkZNMzlFTzgxUDhiVXdMZmpRaEprRWhXUkZta2ZLVFltK1Rvc1ZZNkJNTDlJNUJvWWpGcS9vR1pERCtLOExQdVloNk1lRUwrZ251a0VOR1NKc0JRQTB5SjQ3WStFZ0tLRkxWU2J3c1R5c2pxUXgzUGtTQVVoZDFPNy9iUzlEeVlEbjA0K2c9PSIsImNvbnRlbnQiOiJbY29udGFjdC1maWVsZCBsYWJlbD0nTm9tZScgdHlwZT0nbmFtZScvXVtjb250YWN0LWZpZWxkIGxhYmVsPSdFbWFpbCcgdHlwZT0nZW1haWwnL11bY29udGFjdC1maWVsZCBsYWJlbD0nQ29tZW50XHUwMGUxcmlvJyB0eXBlPSd0ZXh0YXJlYScvXSIsImhhc2giOiJkNzEyZTM4NWFhODQyYTQ5NDM3ODIzNTIyM2JlYzVmNTExODQ5ZGUzIiwic291cmNlIjp7ImVudHJ5X3RpdGxlIjoiQSBlcmEgZGUgQXF1YXJpdXMgcmVzaXN0ZSIsImVudHJ5X3BhZ2UiOjEsInNvdXJjZV9pZCI6NDAwNSwic291cmNlX3R5cGUiOiJzaW5nbGUiLCJyZXF1ZXN0X3VybCI6Imh0dHBzOi8vd3AudWZwZWwuZWR1LmJyL2FydGVub3N1bC93cC1qc29uL3dwL3YyL3Bvc3RzLzQwMDUifSwidmVyc2lvbiI6MiwiY2lwaGVyIjoiYWVzLTI1Ni1nY20ifQ.kGi4hAIbfo0qI2ToOhwf1RwngcFUsvf6ZmCrcskFayQ' \/>\n\n<div style=\"\"  data-wp-interactive=\"jetpack\/form\" data-wp-context='{\"fieldId\":\"g4005-nome\",\"fieldType\":\"name\",\"fieldLabel\":\"Nome\",\"fieldValue\":\"\",\"fieldPlaceholder\":\"\",\"fieldIsRequired\":\"\",\"fieldErrorMessage\":\"\",\"fieldExtra\":[],\"formHash\":\"d712e385aa842a494378235223bec5f511849de3\"}'  class='grunion-field-name-wrap grunion-field-wrap'  data-wp-init='callbacks.initializeField' data-wp-on--jetpack-form-reset='callbacks.initializeField' >\n<label\n\t\t\t\tfor='g4005-nome' class=\"grunion-field-label name\" >Nome<\/label>\n<input\n\t\t\t\t\ttype='text'\n\t\t\t\t\tname='g4005-nome'\n\t\t\t\t\tid='g4005-nome'\n\t\t\t\t\tvalue=''\n\n\t\t\t\t\tdata-wp-bind--aria-invalid='state.fieldHasErrors'\n\t\t\t\t\tdata-wp-bind--value='state.getFieldValue'\n\t\t\t\t\taria-errormessage='g4005-nome-text-error-message'\n\t\t\t\t\tdata-wp-on--input='actions.onFieldChange'\n\t\t\t\t\tdata-wp-on--blur='actions.onFieldBlur'\n\t\t\t\t\tdata-wp-class--has-value='state.hasFieldValue'\n\n\t\t\t\t\tclass='name  grunion-field' \n\t\t\t\t\t \/>\n \n\t\t\t<div id=\"g4005-nome-text-error\" class=\"contact-form__input-error\" data-wp-class--has-errors=\"state.fieldHasErrors\">\n\t\t\t\t<span class=\"contact-form__warning-icon\">\n\t\t\t\t\t<svg width=\"16\" height=\"16\" viewBox=\"0 0 16 16\" fill=\"none\" xmlns=\"http:\/\/www.w3.org\/2000\/svg\">\n\t\t\t\t\t\t<path d=\"M8.50015 11.6402H7.50015V10.6402H8.50015V11.6402Z\" \/>\n\t\t\t\t\t\t<path d=\"M7.50015 9.64018H8.50015V6.30684H7.50015V9.64018Z\" \/>\n\t\t\t\t\t\t<path fill-rule=\"evenodd\" clip-rule=\"evenodd\" d=\"M6.98331 3.0947C7.42933 2.30177 8.57096 2.30177 9.01698 3.09469L13.8771 11.7349C14.3145 12.5126 13.7525 13.4735 12.8602 13.4735H3.14004C2.24774 13.4735 1.68575 12.5126 2.12321 11.7349L6.98331 3.0947ZM8.14541 3.58496C8.08169 3.47168 7.9186 3.47168 7.85488 3.58496L2.99478 12.2251C2.93229 12.3362 3.01257 12.4735 3.14004 12.4735H12.8602C12.9877 12.4735 13.068 12.3362 13.0055 12.2251L8.14541 3.58496Z\" \/>\n\t\t\t\t\t<\/svg>\n\t\t\t\t\t<span class=\"visually-hidden\">Aviso<\/span>\n\t\t\t\t<\/span>\n\t\t\t\t<span data-wp-text=\"state.errorMessage\" id=\"g4005-nome-text-error-message\" role=\"alert\" aria-live=\"assertive\"><\/span>\n\t\t\t<\/div> \n\t<\/div>\n\n<div style=\"\"  data-wp-interactive=\"jetpack\/form\" data-wp-context='{\"fieldId\":\"g4005-email\",\"fieldType\":\"email\",\"fieldLabel\":\"Email\",\"fieldValue\":\"\",\"fieldPlaceholder\":\"\",\"fieldIsRequired\":\"\",\"fieldErrorMessage\":\"\",\"fieldExtra\":[],\"formHash\":\"d712e385aa842a494378235223bec5f511849de3\"}'  class='grunion-field-email-wrap grunion-field-wrap'  data-wp-init='callbacks.initializeField' data-wp-on--jetpack-form-reset='callbacks.initializeField' >\n<label\n\t\t\t\tfor='g4005-email' class=\"grunion-field-label email\" >Email<\/label>\n<input\n\t\t\t\t\ttype='email'\n\t\t\t\t\tname='g4005-email'\n\t\t\t\t\tid='g4005-email'\n\t\t\t\t\tvalue=''\n\n\t\t\t\t\tdata-wp-bind--aria-invalid='state.fieldHasErrors'\n\t\t\t\t\tdata-wp-bind--value='state.getFieldValue'\n\t\t\t\t\taria-errormessage='g4005-email-email-error-message'\n\t\t\t\t\tdata-wp-on--input='actions.onFieldChange'\n\t\t\t\t\tdata-wp-on--blur='actions.onFieldBlur'\n\t\t\t\t\tdata-wp-class--has-value='state.hasFieldValue'\n\n\t\t\t\t\tclass='email  grunion-field' \n\t\t\t\t\t \/>\n \n\t\t\t<div id=\"g4005-email-email-error\" class=\"contact-form__input-error\" data-wp-class--has-errors=\"state.fieldHasErrors\">\n\t\t\t\t<span class=\"contact-form__warning-icon\">\n\t\t\t\t\t<svg width=\"16\" height=\"16\" viewBox=\"0 0 16 16\" fill=\"none\" xmlns=\"http:\/\/www.w3.org\/2000\/svg\">\n\t\t\t\t\t\t<path d=\"M8.50015 11.6402H7.50015V10.6402H8.50015V11.6402Z\" \/>\n\t\t\t\t\t\t<path d=\"M7.50015 9.64018H8.50015V6.30684H7.50015V9.64018Z\" \/>\n\t\t\t\t\t\t<path fill-rule=\"evenodd\" clip-rule=\"evenodd\" d=\"M6.98331 3.0947C7.42933 2.30177 8.57096 2.30177 9.01698 3.09469L13.8771 11.7349C14.3145 12.5126 13.7525 13.4735 12.8602 13.4735H3.14004C2.24774 13.4735 1.68575 12.5126 2.12321 11.7349L6.98331 3.0947ZM8.14541 3.58496C8.08169 3.47168 7.9186 3.47168 7.85488 3.58496L2.99478 12.2251C2.93229 12.3362 3.01257 12.4735 3.14004 12.4735H12.8602C12.9877 12.4735 13.068 12.3362 13.0055 12.2251L8.14541 3.58496Z\" \/>\n\t\t\t\t\t<\/svg>\n\t\t\t\t\t<span class=\"visually-hidden\">Aviso<\/span>\n\t\t\t\t<\/span>\n\t\t\t\t<span data-wp-text=\"state.errorMessage\" id=\"g4005-email-email-error-message\" role=\"alert\" aria-live=\"assertive\"><\/span>\n\t\t\t<\/div> \n\t<\/div>\n\n<div style=\"\"  data-wp-interactive=\"jetpack\/form\" data-wp-context='{\"fieldId\":\"g4005-comentrio\",\"fieldType\":\"textarea\",\"fieldLabel\":\"Coment\\u00e1rio\",\"fieldValue\":\"\",\"fieldPlaceholder\":\"\",\"fieldIsRequired\":\"\",\"fieldErrorMessage\":\"\",\"fieldExtra\":[],\"formHash\":\"d712e385aa842a494378235223bec5f511849de3\"}'  class='grunion-field-textarea-wrap grunion-field-wrap'  data-wp-init='callbacks.initializeField' data-wp-on--jetpack-form-reset='callbacks.initializeField' >\n<label\n\t\t\t\tfor='contact-form-comment-g4005-comentrio' class=\"grunion-field-label textarea\" >Coment\u00e1rio<\/label>\n<textarea\n\t\t                style=''\n\t\t                name='g4005-comentrio'\n\t\t                id='contact-form-comment-g4005-comentrio'\n\t\t                rows='20'\n\t\t\t\t\t\tdata-wp-text='state.getFieldValue'\n\t\t\t\t\t\tdata-wp-on--input='actions.onFieldChange'\n\t\t\t\t\t\tdata-wp-on--blur='actions.onFieldBlur'\n\t\t\t\t\t\tdata-wp-class--has-value='state.hasFieldValue'\n\t\t\t\t\t\tdata-wp-bind--aria-invalid='state.fieldHasErrors'\n\t\t\t\t\t\taria-errormessage='g4005-comentrio-textarea-error-message'\n\t\t\t\t\t\tclass='textarea  grunion-field'  ><\/textarea>\n \n\t\t\t<div id=\"g4005-comentrio-textarea-error\" class=\"contact-form__input-error\" data-wp-class--has-errors=\"state.fieldHasErrors\">\n\t\t\t\t<span class=\"contact-form__warning-icon\">\n\t\t\t\t\t<svg width=\"16\" height=\"16\" viewBox=\"0 0 16 16\" fill=\"none\" xmlns=\"http:\/\/www.w3.org\/2000\/svg\">\n\t\t\t\t\t\t<path d=\"M8.50015 11.6402H7.50015V10.6402H8.50015V11.6402Z\" \/>\n\t\t\t\t\t\t<path d=\"M7.50015 9.64018H8.50015V6.30684H7.50015V9.64018Z\" \/>\n\t\t\t\t\t\t<path fill-rule=\"evenodd\" clip-rule=\"evenodd\" d=\"M6.98331 3.0947C7.42933 2.30177 8.57096 2.30177 9.01698 3.09469L13.8771 11.7349C14.3145 12.5126 13.7525 13.4735 12.8602 13.4735H3.14004C2.24774 13.4735 1.68575 12.5126 2.12321 11.7349L6.98331 3.0947ZM8.14541 3.58496C8.08169 3.47168 7.9186 3.47168 7.85488 3.58496L2.99478 12.2251C2.93229 12.3362 3.01257 12.4735 3.14004 12.4735H12.8602C12.9877 12.4735 13.068 12.3362 13.0055 12.2251L8.14541 3.58496Z\" \/>\n\t\t\t\t\t<\/svg>\n\t\t\t\t\t<span class=\"visually-hidden\">Aviso<\/span>\n\t\t\t\t<\/span>\n\t\t\t\t<span data-wp-text=\"state.errorMessage\" id=\"g4005-comentrio-textarea-error-message\" role=\"alert\" aria-live=\"assertive\"><\/span>\n\t\t\t<\/div>\n\t<\/div>\n\t<p class='contact-submit'>\n<div class=\"contact-form__error\" data-wp-class--show-errors=\"state.showFormErrors\"><span class=\"contact-form__warning-icon\"><span class=\"visually-hidden\">Aten\u00e7\u00e3o.<\/span><i aria-hidden=\"true\"><\/i><\/span>\n\t\t\t\t<span data-wp-text=\"state.getFormErrorMessage\"><\/span>\n\t\t\t\t<ul>\n\t\t\t\t<template data-wp-each=\"state.getErrorList\" data-wp-key=\"context.item.id\">\n\t\t\t\t\t<li><a data-wp-bind--href=\"context.item.anchor\" data-wp-on--click=\"actions.scrollIntoView\" data-wp-text=\"context.item.label\"><\/a><\/li>\n\t\t\t\t<\/template>\n\t\t\t\t<\/ul><\/div><div class=\"contact-form__error\" data-wp-class--show-errors=\"state.showSubmissionError\" data-wp-text=\"context.submissionError\"><\/div>\t\t<button type='submit' class='pushbutton-wide'>Enviar<\/button>\t\t<input type='hidden' name='contact-form-id' value='4005' \/>\n\t\t<input type='hidden' name='action' value='grunion-contact-form' \/>\n\t\t<input type='hidden' name='contact-form-hash' value='d712e385aa842a494378235223bec5f511849de3' \/>\n\t<\/p>\n<p style=\"display: none !important;\" class=\"akismet-fields-container\" data-prefix=\"ak_\"><label>&#916;<textarea name=\"ak_hp_textarea\" cols=\"45\" rows=\"8\" maxlength=\"100\"><\/textarea><\/label><input type=\"hidden\" id=\"ak_js_1\" name=\"ak_js\" value=\"157\"\/><script>document.getElementById( \"ak_js_1\" ).setAttribute( \"value\", ( new Date() ).getTime() );<\/script><\/p><\/form>\n<\/div><\/h4>\n","protected":false},"excerpt":{"rendered":"<p>Texto de Calvin Cousin e Gabriela Schander &#8211; Cinema &#8211; Cr\u00edtica &#8211; Depois de causar pol\u00eamica no Festival de Cannes gra\u00e7as ao protesto da equipe contra o impeachment de Dilma Rousseff, o filme Aquarius, dirigido por Kl\u00e9ber Mendon\u00e7a Filho e com S\u00f4nia Braga no papel principal, \u00e9 exibido em todo o Brasil. O longa-metragem tem &hellip; <\/p>\n<p><a class=\"more-link btn\" href=\"https:\/\/wp.ufpel.edu.br\/artenosul\/2016\/10\/17\/a-era-de-aquarius-resiste\/\">Continue lendo<\/a><\/p>\n","protected":false},"author":571,"featured_media":4008,"comment_status":"closed","ping_status":"closed","sticky":false,"template":"","format":"standard","meta":{"jetpack_post_was_ever_published":false,"_jetpack_newsletter_access":"","_jetpack_dont_email_post_to_subs":true,"_jetpack_newsletter_tier_id":0,"_jetpack_memberships_contains_paywalled_content":false,"_jetpack_memberships_contains_paid_content":false,"footnotes":"","jetpack_publicize_message":"","jetpack_publicize_feature_enabled":true,"jetpack_social_post_already_shared":true,"jetpack_social_options":{"image_generator_settings":{"template":"highway","default_image_id":0,"font":"","enabled":false},"version":2}},"categories":[112,315],"tags":[332,331,114,317,329,330,328],"class_list":["post-4005","post","type-post","status-publish","format-standard","has-post-thumbnail","hentry","category-cinema","category-opiniao","tag-aquarius","tag-boa-viagem","tag-cinema","tag-filme","tag-kleber-mendonca-filho","tag-recife","tag-sonia-braga","nodate","item-wrap"],"jetpack_publicize_connections":[],"jetpack_featured_media_url":"https:\/\/wp.ufpel.edu.br\/artenosul\/files\/2016\/10\/Aquarius2.png","jetpack_sharing_enabled":true,"jetpack_likes_enabled":true,"jetpack_shortlink":"https:\/\/wp.me\/p6PuxQ-12B","jetpack-related-posts":[{"id":29924,"url":"https:\/\/wp.ufpel.edu.br\/artenosul\/2025\/11\/19\/agente-secreto-desponta-como-o-filme-do-ano\/","url_meta":{"origin":4005,"position":0},"title":"\u201cAgente Secreto\u201d desponta como o filme do ano","author":"artenosul","date":"19 de novembro de 2025","format":false,"excerpt":"Em cartaz nas salas do cinema traz um recorte criativo sobre o per\u00edodo da ditadura militar\u00a0 \u00a0 \u00a0 Por Gabriel Ribeiro da Silva\u00a0 \u00a0 \u00a0 \u00a0 \u00a0 \u201cO Agente Secreto\u201d, filme dirigido por Kl\u00e9ber Mendon\u00e7a Filho e protagonizado por Wagner Moura, despontou como um dos principais t\u00edtulos a representar o\u2026","rel":"","context":"Em &quot;CINEMA&quot;","block_context":{"text":"CINEMA","link":"https:\/\/wp.ufpel.edu.br\/artenosul\/category\/cinema\/"},"img":{"alt_text":"","src":"https:\/\/i0.wp.com\/wp.ufpel.edu.br\/artenosul\/files\/2025\/11\/wagner-moura-o-agente-secreto-2-857x482b.jpg?resize=350%2C200&ssl=1","width":350,"height":200},"classes":[]},{"id":21469,"url":"https:\/\/wp.ufpel.edu.br\/artenosul\/2023\/08\/29\/destaques-da-51a-edicao-do-festival-de-cinema-de-gramado\/","url_meta":{"origin":4005,"position":1},"title":"Destaques da 51\u00aa edi\u00e7\u00e3o do Festival de Cinema de Gramado","author":"artenosul","date":"29 de agosto de 2023","format":false,"excerpt":"Realizada entre os dias 11 e 19 de agosto, a edi\u00e7\u00e3o deste ano contou com a tradicional premia\u00e7\u00e3o e homenagens a v\u00e1rios artistas, incluindo a atriz L\u00e9a Garcia, falecida no dia 15, \u00e0s v\u00e9speras de ser homenageada\u00a0 \u00a0\u00a0 Por Felipe Boettge e Jaime Lucas Mattos\u00a0 \u00a0 \u00a0 \u00a0 \u00a0 \u00a0\u2026","rel":"","context":"Em &quot;CINEMA&quot;","block_context":{"text":"CINEMA","link":"https:\/\/wp.ufpel.edu.br\/artenosul\/category\/cinema\/"},"img":{"alt_text":"","src":"https:\/\/i0.wp.com\/wp.ufpel.edu.br\/artenosul\/files\/2023\/08\/imagem-2-1.jpg?resize=350%2C200&ssl=1","width":350,"height":200,"srcset":"https:\/\/i0.wp.com\/wp.ufpel.edu.br\/artenosul\/files\/2023\/08\/imagem-2-1.jpg?resize=350%2C200&ssl=1 1x, https:\/\/i0.wp.com\/wp.ufpel.edu.br\/artenosul\/files\/2023\/08\/imagem-2-1.jpg?resize=525%2C300&ssl=1 1.5x, https:\/\/i0.wp.com\/wp.ufpel.edu.br\/artenosul\/files\/2023\/08\/imagem-2-1.jpg?resize=700%2C400&ssl=1 2x, https:\/\/i0.wp.com\/wp.ufpel.edu.br\/artenosul\/files\/2023\/08\/imagem-2-1.jpg?resize=1050%2C600&ssl=1 3x, https:\/\/i0.wp.com\/wp.ufpel.edu.br\/artenosul\/files\/2023\/08\/imagem-2-1.jpg?resize=1400%2C800&ssl=1 4x"},"classes":[]},{"id":29086,"url":"https:\/\/wp.ufpel.edu.br\/artenosul\/2025\/06\/20\/documentario-doutor-araguaia-sera-exibido-no-youtube-dias-24-e-25-de-junho\/","url_meta":{"origin":4005,"position":2},"title":"Document\u00e1rio \u201cDoutor Araguaia\u201d ser\u00e1 exibido no YouTube dias 24 e 25 de junho","author":"artenosul","date":"20 de junho de 2025","format":false,"excerpt":"Produ\u00e7\u00e3o feita no estado do Tocantins recupera a hist\u00f3ria de vida de Jo\u00e3o Carlos Haas Sobrinho, m\u00e9dico desaparecido durante a ditadura militar\u00a0 \u00a0 \u00a0\u00a0 \u00a0 \u00a0 Nos dias 24 e 25 de junho, ser\u00e1 exibido no YouTube o document\u00e1rio \u201cDoutor Aruaguaia\u201d, com a hist\u00f3ria de Jo\u00e3o Carlos Haas Sobrinho, um\u2026","rel":"","context":"Em &quot;CINEMA&quot;","block_context":{"text":"CINEMA","link":"https:\/\/wp.ufpel.edu.br\/artenosul\/category\/cinema\/"},"img":{"alt_text":"","src":"https:\/\/i0.wp.com\/wp.ufpel.edu.br\/artenosul\/files\/2025\/06\/images.jpeg?resize=350%2C200&ssl=1","width":350,"height":200,"srcset":"https:\/\/i0.wp.com\/wp.ufpel.edu.br\/artenosul\/files\/2025\/06\/images.jpeg?resize=350%2C200&ssl=1 1x, https:\/\/i0.wp.com\/wp.ufpel.edu.br\/artenosul\/files\/2025\/06\/images.jpeg?resize=525%2C300&ssl=1 1.5x, https:\/\/i0.wp.com\/wp.ufpel.edu.br\/artenosul\/files\/2025\/06\/images.jpeg?resize=700%2C400&ssl=1 2x"},"classes":[]},{"id":26746,"url":"https:\/\/wp.ufpel.edu.br\/artenosul\/2024\/06\/05\/apresentacao-do-filme-a-queda-do-ceu-em-cannes-fortalece-cinema-indigena\/","url_meta":{"origin":4005,"position":3},"title":"Apresenta\u00e7\u00e3o do filme \u201cA Queda do C\u00e9u\u201d em Cannes fortalece cinema ind\u00edgena","author":"artenosul","date":"5 de junho de 2024","format":false,"excerpt":"Document\u00e1rio apresentado no festival franc\u00eas com base no livro de Davi Kopenawa marca produ\u00e7\u00e3o com perspectiva genu\u00edna em constante crescimento\u00a0 \u00a0 \u00a0 \u00a0 Por Vanessa Oliveira\u00a0 \u00a0 \u00a0 \u00a0 \u00a0 \u00a0 \u00a0 \u00a0 \u00a0\u00a0 \u201cA c\u00e2mera na m\u00e3o de um ind\u00edgena \u00e9 uma arma poderosa. Ela n\u00e3o s\u00f3 captura imagens,\u2026","rel":"","context":"Em &quot;CINEMA&quot;","block_context":{"text":"CINEMA","link":"https:\/\/wp.ufpel.edu.br\/artenosul\/category\/cinema\/"},"img":{"alt_text":"","src":"https:\/\/i0.wp.com\/wp.ufpel.edu.br\/artenosul\/files\/2024\/06\/Imagem2.jpg?resize=350%2C200&ssl=1","width":350,"height":200},"classes":[]},{"id":21398,"url":"https:\/\/wp.ufpel.edu.br\/artenosul\/2023\/08\/22\/conheca-a-historia-do-festival-de-cinema-de-gramado\/","url_meta":{"origin":4005,"position":4},"title":"Conhe\u00e7a a hist\u00f3ria do Festival de Cinema de Gramado","author":"artenosul","date":"22 de agosto de 2023","format":false,"excerpt":"Com uma trajet\u00f3ria de cinco d\u00e9cadas, evento se firmou como uma parada obrigat\u00f3ria do circuito de produ\u00e7\u00f5es do audiovisual nacional\u00a0 \u00a0 \u00a0 \u00a0\u00a0 Por Felipe Boettge e Jaime Lucas Mattos\u00a0 \u00a0 \u00a0 \u00a0 \u00a0\u00a0 \u00a0 A 51\u00aa edi\u00e7\u00e3o do Festival de Cinema de Gramado foi realizada de 11 a 19\u2026","rel":"","context":"Em &quot;CINEMA&quot;","block_context":{"text":"CINEMA","link":"https:\/\/wp.ufpel.edu.br\/artenosul\/category\/cinema\/"},"img":{"alt_text":"","src":"https:\/\/i0.wp.com\/wp.ufpel.edu.br\/artenosul\/files\/2023\/08\/Imagem-2-9-scaled.jpeg?resize=350%2C200&ssl=1","width":350,"height":200,"srcset":"https:\/\/i0.wp.com\/wp.ufpel.edu.br\/artenosul\/files\/2023\/08\/Imagem-2-9-scaled.jpeg?resize=350%2C200&ssl=1 1x, https:\/\/i0.wp.com\/wp.ufpel.edu.br\/artenosul\/files\/2023\/08\/Imagem-2-9-scaled.jpeg?resize=525%2C300&ssl=1 1.5x, https:\/\/i0.wp.com\/wp.ufpel.edu.br\/artenosul\/files\/2023\/08\/Imagem-2-9-scaled.jpeg?resize=700%2C400&ssl=1 2x, https:\/\/i0.wp.com\/wp.ufpel.edu.br\/artenosul\/files\/2023\/08\/Imagem-2-9-scaled.jpeg?resize=1050%2C600&ssl=1 3x, https:\/\/i0.wp.com\/wp.ufpel.edu.br\/artenosul\/files\/2023\/08\/Imagem-2-9-scaled.jpeg?resize=1400%2C800&ssl=1 4x"},"classes":[]},{"id":4550,"url":"https:\/\/wp.ufpel.edu.br\/artenosul\/2017\/02\/27\/curta-premiado-em-recife\/","url_meta":{"origin":4005,"position":5},"title":"Produ\u00e7\u00e3o premiada em Recife","author":"artenosul","date":"27 de fevereiro de 2017","format":false,"excerpt":"Reportagem de Ricardo Leite -\u00a0 O curta-metragem Deus ganhou o destaque de \"melhor\" filme em Pernambuco -\u00a0 \u00a0 \u00a0 \u00a0A produ\u00e7\u00e3o de curta-metragem tem dado resultados positivos ao curso de Cinema da Universidade Federal de Pelotas (UFPel). Uma dessas produ\u00e7\u00f5es, o curta Deus, do diretor Vinicius Silva, foi apresentada como\u2026","rel":"","context":"Em &quot;CINEMA&quot;","block_context":{"text":"CINEMA","link":"https:\/\/wp.ufpel.edu.br\/artenosul\/category\/cinema\/"},"img":{"alt_text":"","src":"https:\/\/i0.wp.com\/wp.ufpel.edu.br\/artenosul\/files\/2017\/02\/Ricardo1b-e1501191008772.jpg?resize=350%2C200&ssl=1","width":350,"height":200,"srcset":"https:\/\/i0.wp.com\/wp.ufpel.edu.br\/artenosul\/files\/2017\/02\/Ricardo1b-e1501191008772.jpg?resize=350%2C200&ssl=1 1x, https:\/\/i0.wp.com\/wp.ufpel.edu.br\/artenosul\/files\/2017\/02\/Ricardo1b-e1501191008772.jpg?resize=525%2C300&ssl=1 1.5x"},"classes":[]}],"_links":{"self":[{"href":"https:\/\/wp.ufpel.edu.br\/artenosul\/wp-json\/wp\/v2\/posts\/4005","targetHints":{"allow":["GET"]}}],"collection":[{"href":"https:\/\/wp.ufpel.edu.br\/artenosul\/wp-json\/wp\/v2\/posts"}],"about":[{"href":"https:\/\/wp.ufpel.edu.br\/artenosul\/wp-json\/wp\/v2\/types\/post"}],"author":[{"embeddable":true,"href":"https:\/\/wp.ufpel.edu.br\/artenosul\/wp-json\/wp\/v2\/users\/571"}],"replies":[{"embeddable":true,"href":"https:\/\/wp.ufpel.edu.br\/artenosul\/wp-json\/wp\/v2\/comments?post=4005"}],"version-history":[{"count":7,"href":"https:\/\/wp.ufpel.edu.br\/artenosul\/wp-json\/wp\/v2\/posts\/4005\/revisions"}],"predecessor-version":[{"id":4061,"href":"https:\/\/wp.ufpel.edu.br\/artenosul\/wp-json\/wp\/v2\/posts\/4005\/revisions\/4061"}],"wp:featuredmedia":[{"embeddable":true,"href":"https:\/\/wp.ufpel.edu.br\/artenosul\/wp-json\/wp\/v2\/media\/4008"}],"wp:attachment":[{"href":"https:\/\/wp.ufpel.edu.br\/artenosul\/wp-json\/wp\/v2\/media?parent=4005"}],"wp:term":[{"taxonomy":"category","embeddable":true,"href":"https:\/\/wp.ufpel.edu.br\/artenosul\/wp-json\/wp\/v2\/categories?post=4005"},{"taxonomy":"post_tag","embeddable":true,"href":"https:\/\/wp.ufpel.edu.br\/artenosul\/wp-json\/wp\/v2\/tags?post=4005"}],"curies":[{"name":"wp","href":"https:\/\/api.w.org\/{rel}","templated":true}]}}