{"id":30513,"date":"2026-02-25T21:45:35","date_gmt":"2026-02-26T00:45:35","guid":{"rendered":"https:\/\/wp.ufpel.edu.br\/artenosul\/?p=30513"},"modified":"2026-02-25T21:45:35","modified_gmt":"2026-02-26T00:45:35","slug":"entre-o-intimo-e-o-coletivo-a-memoria-em-reconstrucao-no-telefilme-caju-meu-amigo","status":"publish","type":"post","link":"https:\/\/wp.ufpel.edu.br\/artenosul\/2026\/02\/25\/entre-o-intimo-e-o-coletivo-a-memoria-em-reconstrucao-no-telefilme-caju-meu-amigo\/","title":{"rendered":"Entre o \u00edntimo e o coletivo, a mem\u00f3ria em reconstru\u00e7\u00e3o no telefilme \u201cCaju, Meu Amigo\u201d"},"content":{"rendered":"<p style=\"text-align: center;\"><span style=\"font-family: arial, helvetica, sans-serif; color: #000080;\"><strong><em>Produ\u00e7\u00e3o audiovisual estreou neste ano trazendo uma vis\u00e3o subjetiva dos desastres clim\u00e1ticos ocorridos em 2024\u00a0 \u00a0 \u00a0 \u00a0<\/em><\/strong><\/span><\/p>\n<p style=\"text-align: right;\"><span style=\"font-family: arial, helvetica, sans-serif; color: #000080;\"><strong><em>Por Emily do Amaral\u00a0 \u00a0 \u00a0 \u00a0 \u00a0<\/em><\/strong><\/span><\/p>\n<p style=\"text-align: center;\"><span style=\"font-family: arial, helvetica, sans-serif; color: #000080;\"><strong><em>\u00a0<\/em><\/strong><\/span><\/p>\n<div id=\"attachment_30515\" style=\"width: 825px\" class=\"wp-caption aligncenter\"><img loading=\"lazy\" decoding=\"async\" aria-describedby=\"caption-attachment-30515\" class=\"wp-image-30515\" src=\"https:\/\/wp.ufpel.edu.br\/artenosul\/files\/2026\/02\/Imagem1-500x322.png\" alt=\"\" width=\"825\" height=\"531\" srcset=\"https:\/\/wp.ufpel.edu.br\/artenosul\/files\/2026\/02\/Imagem1-500x322.png 500w, https:\/\/wp.ufpel.edu.br\/artenosul\/files\/2026\/02\/Imagem1-300x193.png 300w, https:\/\/wp.ufpel.edu.br\/artenosul\/files\/2026\/02\/Imagem1-768x494.png 768w, https:\/\/wp.ufpel.edu.br\/artenosul\/files\/2026\/02\/Imagem1.png 839w\" sizes=\"auto, (max-width: 825px) 100vw, 825px\" \/><p id=\"caption-attachment-30515\" class=\"wp-caption-text\"><span style=\"font-family: arial, helvetica, sans-serif;\"><strong><span style=\"color: #0000ff;\">As atrizes Liane Venturella, Cec\u00edlia Guedes, Vit\u00f3ria Strada e o c\u00e3o Tofu contracenam ao longo da hist\u00f3ria <\/span><\/strong><\/span><\/p><\/div>\n<p>&nbsp;<\/p>\n<p style=\"text-align: justify;\"><span style=\"font-family: arial, helvetica, sans-serif;\">Ao transformar uma trag\u00e9dia ambiental recente em narrativa ficcional, o telefilme \u201cCaju, Meu Amigo\u201d, dirigido por Bruno Carboni, insere-se em um movimento contempor\u00e2neo do audiovisual brasileiro que busca articular drama social e intimismo emocional. A produ\u00e7\u00e3o, que estreou neste ano, tem como ponto de partida as enchentes que atingiram o Rio Grande do Sul em 2024 e investiga as dimens\u00f5es subjetivas dos desastres clim\u00e1ticos, privilegiando a reconstru\u00e7\u00e3o afetiva e simb\u00f3lica dos indiv\u00edduos diante da devasta\u00e7\u00e3o coletiva.<\/span><\/p>\n<p style=\"text-align: justify;\"><span style=\"font-family: arial, helvetica, sans-serif;\">A premissa do filme \u00e9 aparentemente simples: Rafaela (Vit\u00f3ria Strada) resgata o cachorro Caju (na pele do c\u00e3o Tofu) durante a enchente e, ao descobrir sua verdadeira tutora, Nice (Liane Venturella), decide devolv\u00ea-lo. Entretanto, o roteiro utiliza essa jornada como narrativa para explorar quest\u00f5es mais amplas, que evidenciam um Estado levantando-se entre escombros e se reencontrando no que tem de seu: sua pr\u00f3pria mem\u00f3ria. Sob essa perspectiva, o personagem canino funciona como elemento mediador entre as duas personagens que representam diferentes experi\u00eancias de perda.<\/span><\/p>\n<p style=\"text-align: justify;\"><span style=\"font-family: arial, helvetica, sans-serif;\">O filme dialoga com produ\u00e7\u00f5es que abordam a cat\u00e1strofe n\u00e3o como um espet\u00e1culo visual, mas como experi\u00eancia social. A narrativa evita a dramatiza\u00e7\u00e3o da enchente enquanto evento em si e concentra-se em suas consequ\u00eancias silenciosas, como a desorganiza\u00e7\u00e3o do cotidiano, o sentimento de desamparo e a necessidade de reorganiza\u00e7\u00e3o afetiva e existencial. Essa escolha aproxima a obra de uma tradi\u00e7\u00e3o humanista do cinema brasileiro, interessada em retratar a vida ordin\u00e1ria.<\/span><\/p>\n<p style=\"text-align: justify;\"><span style=\"font-family: arial, helvetica, sans-serif; color: #0000ff;\"><strong>Estrutura narrativa e met\u00e1fora do deslocamento<\/strong><\/span><\/p>\n<p style=\"text-align: justify;\"><span style=\"font-family: arial, helvetica, sans-serif;\">O roteiro desenvolve-se a partir de uma estrutura linear, sustentada pela jornada das protagonistas. A busca pelo cachorro funciona como uma met\u00e1fora do deslocamento vivido pelas personagens, que n\u00e3o procuram apenas o animal, mas tamb\u00e9m fragmentos de suas pr\u00f3prias identidades interrompidas pela trag\u00e9dia ambiental.<\/span><\/p>\n<p style=\"text-align: justify;\"><span style=\"font-family: arial, helvetica, sans-serif;\">Essa constru\u00e7\u00e3o narrativa evidencia o uso de elementos simb\u00f3licos como catalisadores dram\u00e1ticos. O filme sugere que, diante da destrui\u00e7\u00e3o material, objetos e rela\u00e7\u00f5es afetivas passam a assumir valor memorial\u00edstico, funcionando como \u00e2ncoras emocionais para sujeitos em processo de reconstru\u00e7\u00e3o social. Nesse sentido, a obra prop\u00f5e uma leitura do desastre clim\u00e1tico que transcende o campo ambiental, inserindo-o em uma discuss\u00e3o sobre pertencimento e continuidade hist\u00f3rica.<\/span><\/p>\n<p style=\"text-align: justify;\"><span style=\"font-family: arial, helvetica, sans-serif;\">A dire\u00e7\u00e3o de Bruno Carboni privilegia uma linguagem contemplativa, marcada pelo uso recorrente de planos pr\u00f3ximos e pela valoriza\u00e7\u00e3o dos sil\u00eancios. Essa escolha formal contribui para refor\u00e7ar a interioridade das personagens e evidencia a inten\u00e7\u00e3o de construir uma narrativa centrada na experi\u00eancia emocional. O ritmo desacelerado, embora coerente com a proposta est\u00e9tica, posiciona o filme dentro de uma tradi\u00e7\u00e3o autoral que pode desafiar as expectativas de quem est\u00e1 habituado a estruturas dram\u00e1ticas mais convencionais.<\/span><\/p>\n<p style=\"text-align: justify;\"><span style=\"font-family: arial, helvetica, sans-serif;\">A ambienta\u00e7\u00e3o em Porto Alegre desempenha papel fundamental na composi\u00e7\u00e3o da narrativa. A cidade \u00e9 apresentada n\u00e3o apenas como cen\u00e1rio, mas como espa\u00e7o simb\u00f3lico marcado por cicatrizes urbanas e sociais. A fotografia investe em tonalidades que evocam melancolia e mem\u00f3ria, enquanto a trilha sonora surge de forma econ\u00f4mica, evitando a sobreposi\u00e7\u00e3o sentimental e permitindo que o drama emerja das performances e das intera\u00e7\u00f5es entre as personagens.<\/span><\/p>\n<p style=\"text-align: justify;\"><span style=\"font-family: arial, helvetica, sans-serif;\">A atua\u00e7\u00e3o de Vit\u00f3ria Strada, de ber\u00e7o ga\u00facho, sustenta o eixo emocional da narrativa, apostando em uma interpreta\u00e7\u00e3o contida que privilegia express\u00f5es sutis e gestualidade minimalista. A din\u00e2mica estabelecida com a personagem da atriz Liane Venturella\u00a0constr\u00f3i o principal n\u00facleo dram\u00e1tico do filme, propondo um contraponto entre diferentes formas de vivenciar o luto social. Essa rela\u00e7\u00e3o amplia a dimens\u00e3o tem\u00e1tica da obra, transformando o reencontro com o animal em um processo de reconhecimento m\u00fatuo entre as personagens.<\/span><\/p>\n<p style=\"text-align: justify;\"><span style=\"font-family: arial, helvetica, sans-serif;\">Os personagens secund\u00e1rios, embora apare\u00e7am de forma epis\u00f3dica, cumprem uma fun\u00e7\u00e3o sociol\u00f3gica relevante ao representar redes espont\u00e2neas de solidariedade que emergem ap\u00f3s o desastre. A presen\u00e7a dessas figuras refor\u00e7a a ideia de reconstru\u00e7\u00e3o coletiva e amplia o escopo social da narrativa.<\/span><\/p>\n<p style=\"text-align: justify;\"><span style=\"font-family: arial, helvetica, sans-serif;\">Apesar de sua densidade tem\u00e1tica, o filme apresenta certa previsibilidade estrutural. A progress\u00e3o dram\u00e1tica segue conven\u00e7\u00f5es t\u00edpicas do drama humanista, o que reduz a tens\u00e3o narrativa em determinados momentos. Al\u00e9m disso, o ritmo contemplativo, caracter\u00edstico da proposta est\u00e9tica, por vezes, compromete a fluidez narrativa, exigindo do espectador uma postura interpretativa mais paciente e reflexiva.<\/span><\/p>\n<p style=\"text-align: justify;\"><span style=\"font-family: arial, helvetica, sans-serif;\">\u201cCaju, Meu Amigo\u201d destaca-se como uma produ\u00e7\u00e3o que dialoga diretamente com o contexto sociopol\u00edtico e ambiental contempor\u00e2neo do Brasil. Ao transformar uma trag\u00e9dia clim\u00e1tica recente em narrativa sens\u00edvel sobre mem\u00f3ria e pertencimento, o filme reafirma o potencial do audiovisual como instrumento de reflex\u00e3o social.<\/span><\/p>\n<p style=\"text-align: justify;\"><span style=\"font-family: arial, helvetica, sans-serif;\">Sob a perspectiva cultural, a obra evidencia uma tend\u00eancia do cinema nacional em abordar temas urgentes por meio de hist\u00f3rias intimistas, deslocando o foco da espetaculariza\u00e7\u00e3o do desastre para suas consequ\u00eancias humanas. No seu final, a obra sugere que, diante da devasta\u00e7\u00e3o material, a perman\u00eancia dos afetos constitui uma das formas mais potentes de resist\u00eancia e reconstru\u00e7\u00e3o hist\u00f3rica.<\/span><\/p>\n<p style=\"text-align: justify;\"><span style=\"font-family: arial, helvetica, sans-serif;\">No elenco, est\u00e3o Tofu como Caju\/Pingo, Vit\u00f3ria Strada (Rafaela), Liane Venturella (Nice), Bruno Fernandes (Vinicius), Gabriela Poester (Cachorreira), Jo\u00e3o Carlos Castanha (Zelador), L\u00edvia D\u00e1valos (Carla), Maria Benedita Belmonte (Dirce), Jo\u00e3o Pedro Monteiro (Encanador), Lincoln Speziali (Sandro), Natasha Villar (Gra\u00e7a), Adriano Basegio (Valdemar), Sandra Possani (L\u00edria), Laila Garroni (Melissa), Cec\u00edlia Guedes (T\u00e2mara) e Rafa Velho (Luana). O filme est\u00e1 dispon\u00edvel no servi\u00e7o de streaming Globoplay.<\/span><\/p>\n<p style=\"text-align: justify;\"><a href=\"http:\/\/wp.ufpel.edu.br\/artenosul\"><span style=\"color: #0000ff;\"><strong><span style=\"font-family: arial, helvetica, sans-serif;\">PRIMEIRA P\u00c1GINA<\/span><\/strong><\/span><\/a><\/p>\n<p style=\"text-align: justify;\"><span style=\"color: #0000ff;\"><strong><span style=\"font-family: arial, helvetica, sans-serif;\">COMENT\u00c1RIOS<\/span><\/strong><\/span><\/p>\n<div data-test='contact-form'\n\t\t\tid='contact-form-30513'\n\t\t\tclass='wp-block-jetpack-contact-form-container '\n\t\t\tdata-wp-interactive='jetpack\/form' data-wp-context='{\"formId\":\"30513\",\"formHash\":\"d79db4694062b765169c16fa90d752b19ffc09f2\",\"showErrors\":false,\"errors\":[],\"fields\":[],\"isMultiStep\":false,\"useAjax\":true,\"submissionData\":null,\"formattedSubmissionData\":[],\"submissionSuccess\":false,\"submissionError\":null,\"elementId\":\"jp-form-d79db4694062b765169c16fa90d752b19ffc09f2\",\"isSingleInputForm\":false}'\n\t\t\tdata-wp-watch--scroll-to-wrapper=\"callbacks.scrollToWrapper\"\n\t\t>\n<div class=\"contact-form-submission contact-form-ajax-submission\" data-wp-class--submission-success=\"context.submissionSuccess\"><p class=\"go-back-message\"><a class=\"link\" role=\"button\" tabindex=\"0\" data-wp-on--click=\"actions.goBack\" href=\"\/artenosul\/wp-json\/wp\/v2\/posts\/30513\">Voltar<\/a><\/p><h4 id=\"contact-form-success-header\">Sua mensagem foi enviada<\/h4>\n\n<template data-wp-each--submission=\"context.formattedSubmissionData\">\n\t\t\t\t\t<div class=\"jetpack_forms_contact-form-success-summary\">\n\t\t\t\t\t\t<div class=\"field-name\" data-wp-text=\"context.submission.label\" data-wp-bind--hidden=\"!context.submission.label\"><\/div>\n\t\t\t\t\t\t<div class=\"field-value\" data-wp-text=\"context.submission.value\"><\/div>\n\t\t\t\t\t\t<div class=\"field-images\" data-wp-bind--hidden=\"!context.submission.images\">\n\t\t\t\t\t\t\t<template data-wp-each--image=\"context.submission.images\">\n\t\t\t\t\t\t\t\t<figure class=\"field-image\" data-wp-class--is-empty=\"!context.image\">\n\t\t\t\t\t\t\t\t\t<img data-wp-bind--src=\"context.image\" data-wp-bind--hidden=\"!context.image\" \/>\n\t\t\t\t\t\t\t\t\t<img decoding=\"async\" src=\"data:image\/gif;base64,R0lGODlhAQABAAD\/ACwAAAAAAQABAAACADs=\" data-wp-bind--hidden=\"context.image\" \/>\n\t\t\t\t\t\t\t\t<\/figure>\n\t\t\t\t\t\t\t<\/template>\n\t\t\t\t\t\t<\/div>\n\t\t\t\t\t<\/div>\n\t\t\t\t<\/template><\/div><form action='https:\/\/wp.ufpel.edu.br\/artenosul\/2026\/02\/25\/entre-o-intimo-e-o-coletivo-a-memoria-em-reconstrucao-no-telefilme-caju-meu-amigo\/'\n\t\t\t\tid='jp-form-d79db4694062b765169c16fa90d752b19ffc09f2'\n\t\t\t\tmethod='post'\n\t\t\t\tclass='contact-form commentsblock' aria-label=\"Entre o \u00edntimo e o coletivo, a mem\u00f3ria em reconstru\u00e7\u00e3o no telefilme \u201cCaju, Meu Amigo\u201d\"\n\t\t\t\tdata-wp-on--submit=\"actions.onFormSubmit\"\n\t\t\t\tdata-wp-on--reset=\"actions.onFormReset\"\n\t\t\t\tdata-wp-class--submission-success=\"context.submissionSuccess\"\n\t\t\t\tdata-wp-class--is-first-step=\"state.isFirstStep\"\n\t\t\t\tdata-wp-class--is-last-step=\"state.isLastStep\"\n\t\t\t\tdata-wp-class--is-ajax-form=\"context.useAjax\"\n\t\t\t\tnovalidate >\n<input type='hidden' name='jetpack_contact_form_jwt' value='eyJ0eXAiOiJKV1QiLCJhbGciOiJIUzI1NiJ9.eyJlbmNyeXB0ZWRfYXR0cmlidXRlcyI6IlpGS0VMUjRCY0g1OTFMZ1lIWURlQkJ2akNQK3paYmJOQjZUWVM3Z3gveHBjYStWSDJCNDlObklvV21oNmh2TUdnTnBHNURITGxLcWFPVk93b1VCQWs0YzR1TzlkV3BlZXltM0UzcFE3RDhaeExOSTFaMnJwZ0lmdmFNMXR2WnZnQkFKckdzTzdLL0lKeHN4emNoMnlKM2tVMHpBdithY0hzU1czTHFNYjNjM1U4ckdnL3I5Uzc5eTBKNHpKZFd3UlMvTkRDVGVpbmJ3MkNZZDhxWTV2QmdFRWYxMW8yakZ3a3BoWXBVK1k3Z1Bxcm96a3pLcmJwWFpWNTR2T0FmWXdSUTlrOWd2UTB6SEtVbThzNHUvbTBSYUVqT0tFdWlnZURWaVNLUXVHdXZwek5Bd3FKRm1uK0lwR0l4dXNxTVVnZzBVblY3Z2dMN2RJdGVhdGdFdHdWR0ZzbTZpaWU5ZUlydE5ldGdOSWZwNGpTWFN0UytYcUlWVUsyQVIyUUZLdzVZdFJqUmZQZ0FkbGJ4OVF5c2lJOC9HV1ljbHQ4Rjc5dUZycjVuRXpNMWo4cFlqZlNPWFIyNEtGWHcyMlUwSGl1bVo4am1sODhZUnZiUGhDSERKd2JvYWpPMys3Z29TcVI5d1ZuMU1yOGMyRE5tbUpRSW1jTnhlakJ1WGt1MGtpMjF1VFpTMll5TWJtOEx5R3h1ajVHSlZWenU4RDdFNXFGUW9IMWN6aXZpUitYVWRrbm1OTXlEZ0VyenA4dDJVRms2WFRmOTBkNzNWN2k0aGh0aVcvMHBFaUJjUDN6VHVFdDVOTUdKekZsNnNSVFJ3K083V0s2TlNkOFdHUGJWUFB2YU5OaXQ5NzdCbklrMGhETEZlZ05CcmY4aVJpUE8vcmFnTlhFS1k2NDdHajErL2Ura1RtbThoS28ySXBBdUtIQ0tacGM4MVdTcXNMYURVdHF2NkVVRHNjTGQzbjNLbmxyZUpxRnVvb0R5SVpDSWp6YTBJd2hTWjBVamMvZFhsbkMzRUppTThsejJERUhOdGVPcFYwN3BKK3JpTm1hejkzM1krOXNzZjlQbXQyZldOOEhTSmwwWWZNcnBpUHpPYld1WTlyUGQwRmZaQVpKUURTYWU1UUEwdXRSRkE0SU9nMFFuUERBN1hXa0JGRXJpczdJVUtabHpZblUvc1J4L3piS01VRGptYWxPVHN6enU2RjYzS0YwcXN5d282dVBEK3ptbVRDUFplbzFQMlp1K0lYZGkwQkptLzhoL2hHblZVcWN2YklYNndZdFhxdDZtZVZxQ29TSkltMHhOSktqcDhuMWtHVEhxS2pEYiszOTJhM3hjeWFGc1lzK2I0PSIsImNvbnRlbnQiOiJbY29udGFjdC1maWVsZCBsYWJlbD1cIk5vbWVcIiB0eXBlPVwibmFtZVwiXVtjb250YWN0LWZpZWxkIGxhYmVsPVwiRS1tYWlsXCIgdHlwZT1cImVtYWlsXCJdW2NvbnRhY3QtZmllbGQgbGFiZWw9XCJNZW5zYWdlbVwiIHR5cGU9XCJ0ZXh0YXJlYVwiXSIsImhhc2giOiJkNzlkYjQ2OTQwNjJiNzY1MTY5YzE2ZmE5MGQ3NTJiMTlmZmMwOWYyIiwic291cmNlIjp7ImVudHJ5X3RpdGxlIjoiRW50cmUgbyBcdTAwZWRudGltbyBlIG8gY29sZXRpdm8sIGEgbWVtXHUwMGYzcmlhIGVtIHJlY29uc3RydVx1MDBlN1x1MDBlM28gbm8gdGVsZWZpbG1lIFx1MjAxY0NhanUsIE1ldSBBbWlnb1x1MjAxZCIsImVudHJ5X3BhZ2UiOjEsInNvdXJjZV9pZCI6MzA1MTMsInNvdXJjZV90eXBlIjoic2luZ2xlIiwicmVxdWVzdF91cmwiOiJodHRwczovL3dwLnVmcGVsLmVkdS5ici9hcnRlbm9zdWwvd3AtanNvbi93cC92Mi9wb3N0cy8zMDUxMyJ9LCJ2ZXJzaW9uIjoyLCJjaXBoZXIiOiJhZXMtMjU2LWdjbSJ9.DLa2H65s7fvbnhwUFm2Ve3APfXzVy2oiGVuCh3qKP5Y' \/>\n\n<div style=\"\"  data-wp-interactive=\"jetpack\/form\" data-wp-context='{\"fieldId\":\"g30513-nome\",\"fieldType\":\"name\",\"fieldLabel\":\"Nome\",\"fieldValue\":\"\",\"fieldPlaceholder\":\"\",\"fieldIsRequired\":\"\",\"fieldErrorMessage\":\"\",\"fieldExtra\":[],\"formHash\":\"d79db4694062b765169c16fa90d752b19ffc09f2\"}'  class='grunion-field-name-wrap grunion-field-wrap'  data-wp-init='callbacks.initializeField' data-wp-on--jetpack-form-reset='callbacks.initializeField' >\n<label\n\t\t\t\tfor='g30513-nome' class=\"grunion-field-label name\" >Nome<\/label>\n<input\n\t\t\t\t\ttype='text'\n\t\t\t\t\tname='g30513-nome'\n\t\t\t\t\tid='g30513-nome'\n\t\t\t\t\tvalue=''\n\n\t\t\t\t\tdata-wp-bind--aria-invalid='state.fieldHasErrors'\n\t\t\t\t\tdata-wp-bind--value='state.getFieldValue'\n\t\t\t\t\taria-errormessage='g30513-nome-text-error-message'\n\t\t\t\t\tdata-wp-on--input='actions.onFieldChange'\n\t\t\t\t\tdata-wp-on--blur='actions.onFieldBlur'\n\t\t\t\t\tdata-wp-class--has-value='state.hasFieldValue'\n\n\t\t\t\t\tclass='name  grunion-field' \n\t\t\t\t\t \/>\n \n\t\t\t<div id=\"g30513-nome-text-error\" class=\"contact-form__input-error\" data-wp-class--has-errors=\"state.fieldHasErrors\">\n\t\t\t\t<span class=\"contact-form__warning-icon\">\n\t\t\t\t\t<svg width=\"16\" height=\"16\" viewBox=\"0 0 16 16\" fill=\"none\" xmlns=\"http:\/\/www.w3.org\/2000\/svg\">\n\t\t\t\t\t\t<path d=\"M8.50015 11.6402H7.50015V10.6402H8.50015V11.6402Z\" \/>\n\t\t\t\t\t\t<path d=\"M7.50015 9.64018H8.50015V6.30684H7.50015V9.64018Z\" \/>\n\t\t\t\t\t\t<path fill-rule=\"evenodd\" clip-rule=\"evenodd\" d=\"M6.98331 3.0947C7.42933 2.30177 8.57096 2.30177 9.01698 3.09469L13.8771 11.7349C14.3145 12.5126 13.7525 13.4735 12.8602 13.4735H3.14004C2.24774 13.4735 1.68575 12.5126 2.12321 11.7349L6.98331 3.0947ZM8.14541 3.58496C8.08169 3.47168 7.9186 3.47168 7.85488 3.58496L2.99478 12.2251C2.93229 12.3362 3.01257 12.4735 3.14004 12.4735H12.8602C12.9877 12.4735 13.068 12.3362 13.0055 12.2251L8.14541 3.58496Z\" \/>\n\t\t\t\t\t<\/svg>\n\t\t\t\t\t<span class=\"visually-hidden\">Aviso<\/span>\n\t\t\t\t<\/span>\n\t\t\t\t<span data-wp-text=\"state.errorMessage\" id=\"g30513-nome-text-error-message\" role=\"alert\" aria-live=\"assertive\"><\/span>\n\t\t\t<\/div> \n\t<\/div>\n\n<div style=\"\"  data-wp-interactive=\"jetpack\/form\" data-wp-context='{\"fieldId\":\"g30513-email\",\"fieldType\":\"email\",\"fieldLabel\":\"E-mail\",\"fieldValue\":\"\",\"fieldPlaceholder\":\"\",\"fieldIsRequired\":\"\",\"fieldErrorMessage\":\"\",\"fieldExtra\":[],\"formHash\":\"d79db4694062b765169c16fa90d752b19ffc09f2\"}'  class='grunion-field-email-wrap grunion-field-wrap'  data-wp-init='callbacks.initializeField' data-wp-on--jetpack-form-reset='callbacks.initializeField' >\n<label\n\t\t\t\tfor='g30513-email' class=\"grunion-field-label email\" >E-mail<\/label>\n<input\n\t\t\t\t\ttype='email'\n\t\t\t\t\tname='g30513-email'\n\t\t\t\t\tid='g30513-email'\n\t\t\t\t\tvalue=''\n\n\t\t\t\t\tdata-wp-bind--aria-invalid='state.fieldHasErrors'\n\t\t\t\t\tdata-wp-bind--value='state.getFieldValue'\n\t\t\t\t\taria-errormessage='g30513-email-email-error-message'\n\t\t\t\t\tdata-wp-on--input='actions.onFieldChange'\n\t\t\t\t\tdata-wp-on--blur='actions.onFieldBlur'\n\t\t\t\t\tdata-wp-class--has-value='state.hasFieldValue'\n\n\t\t\t\t\tclass='email  grunion-field' \n\t\t\t\t\t \/>\n \n\t\t\t<div id=\"g30513-email-email-error\" class=\"contact-form__input-error\" data-wp-class--has-errors=\"state.fieldHasErrors\">\n\t\t\t\t<span class=\"contact-form__warning-icon\">\n\t\t\t\t\t<svg width=\"16\" height=\"16\" viewBox=\"0 0 16 16\" fill=\"none\" xmlns=\"http:\/\/www.w3.org\/2000\/svg\">\n\t\t\t\t\t\t<path d=\"M8.50015 11.6402H7.50015V10.6402H8.50015V11.6402Z\" \/>\n\t\t\t\t\t\t<path d=\"M7.50015 9.64018H8.50015V6.30684H7.50015V9.64018Z\" \/>\n\t\t\t\t\t\t<path fill-rule=\"evenodd\" clip-rule=\"evenodd\" d=\"M6.98331 3.0947C7.42933 2.30177 8.57096 2.30177 9.01698 3.09469L13.8771 11.7349C14.3145 12.5126 13.7525 13.4735 12.8602 13.4735H3.14004C2.24774 13.4735 1.68575 12.5126 2.12321 11.7349L6.98331 3.0947ZM8.14541 3.58496C8.08169 3.47168 7.9186 3.47168 7.85488 3.58496L2.99478 12.2251C2.93229 12.3362 3.01257 12.4735 3.14004 12.4735H12.8602C12.9877 12.4735 13.068 12.3362 13.0055 12.2251L8.14541 3.58496Z\" \/>\n\t\t\t\t\t<\/svg>\n\t\t\t\t\t<span class=\"visually-hidden\">Aviso<\/span>\n\t\t\t\t<\/span>\n\t\t\t\t<span data-wp-text=\"state.errorMessage\" id=\"g30513-email-email-error-message\" role=\"alert\" aria-live=\"assertive\"><\/span>\n\t\t\t<\/div> \n\t<\/div>\n\n<div style=\"\"  data-wp-interactive=\"jetpack\/form\" data-wp-context='{\"fieldId\":\"g30513-mensagem\",\"fieldType\":\"textarea\",\"fieldLabel\":\"Mensagem\",\"fieldValue\":\"\",\"fieldPlaceholder\":\"\",\"fieldIsRequired\":\"\",\"fieldErrorMessage\":\"\",\"fieldExtra\":[],\"formHash\":\"d79db4694062b765169c16fa90d752b19ffc09f2\"}'  class='grunion-field-textarea-wrap grunion-field-wrap'  data-wp-init='callbacks.initializeField' data-wp-on--jetpack-form-reset='callbacks.initializeField' >\n<label\n\t\t\t\tfor='contact-form-comment-g30513-mensagem' class=\"grunion-field-label textarea\" >Mensagem<\/label>\n<textarea\n\t\t                style=''\n\t\t                name='g30513-mensagem'\n\t\t                id='contact-form-comment-g30513-mensagem'\n\t\t                rows='20'\n\t\t\t\t\t\tdata-wp-text='state.getFieldValue'\n\t\t\t\t\t\tdata-wp-on--input='actions.onFieldChange'\n\t\t\t\t\t\tdata-wp-on--blur='actions.onFieldBlur'\n\t\t\t\t\t\tdata-wp-class--has-value='state.hasFieldValue'\n\t\t\t\t\t\tdata-wp-bind--aria-invalid='state.fieldHasErrors'\n\t\t\t\t\t\taria-errormessage='g30513-mensagem-textarea-error-message'\n\t\t\t\t\t\tclass='textarea  grunion-field'  ><\/textarea>\n \n\t\t\t<div id=\"g30513-mensagem-textarea-error\" class=\"contact-form__input-error\" data-wp-class--has-errors=\"state.fieldHasErrors\">\n\t\t\t\t<span class=\"contact-form__warning-icon\">\n\t\t\t\t\t<svg width=\"16\" height=\"16\" viewBox=\"0 0 16 16\" fill=\"none\" xmlns=\"http:\/\/www.w3.org\/2000\/svg\">\n\t\t\t\t\t\t<path d=\"M8.50015 11.6402H7.50015V10.6402H8.50015V11.6402Z\" \/>\n\t\t\t\t\t\t<path d=\"M7.50015 9.64018H8.50015V6.30684H7.50015V9.64018Z\" \/>\n\t\t\t\t\t\t<path fill-rule=\"evenodd\" clip-rule=\"evenodd\" d=\"M6.98331 3.0947C7.42933 2.30177 8.57096 2.30177 9.01698 3.09469L13.8771 11.7349C14.3145 12.5126 13.7525 13.4735 12.8602 13.4735H3.14004C2.24774 13.4735 1.68575 12.5126 2.12321 11.7349L6.98331 3.0947ZM8.14541 3.58496C8.08169 3.47168 7.9186 3.47168 7.85488 3.58496L2.99478 12.2251C2.93229 12.3362 3.01257 12.4735 3.14004 12.4735H12.8602C12.9877 12.4735 13.068 12.3362 13.0055 12.2251L8.14541 3.58496Z\" \/>\n\t\t\t\t\t<\/svg>\n\t\t\t\t\t<span class=\"visually-hidden\">Aviso<\/span>\n\t\t\t\t<\/span>\n\t\t\t\t<span data-wp-text=\"state.errorMessage\" id=\"g30513-mensagem-textarea-error-message\" role=\"alert\" aria-live=\"assertive\"><\/span>\n\t\t\t<\/div>\n\t<\/div>\n\t<p class='contact-submit'>\n<div class=\"contact-form__error\" data-wp-class--show-errors=\"state.showFormErrors\"><span class=\"contact-form__warning-icon\"><span class=\"visually-hidden\">Aten\u00e7\u00e3o.<\/span><i aria-hidden=\"true\"><\/i><\/span>\n\t\t\t\t<span data-wp-text=\"state.getFormErrorMessage\"><\/span>\n\t\t\t\t<ul>\n\t\t\t\t<template data-wp-each=\"state.getErrorList\" data-wp-key=\"context.item.id\">\n\t\t\t\t\t<li><a data-wp-bind--href=\"context.item.anchor\" data-wp-on--click=\"actions.scrollIntoView\" data-wp-text=\"context.item.label\"><\/a><\/li>\n\t\t\t\t<\/template>\n\t\t\t\t<\/ul><\/div><div class=\"contact-form__error\" data-wp-class--show-errors=\"state.showSubmissionError\" data-wp-text=\"context.submissionError\"><\/div>\t\t<button type='submit' class='pushbutton-wide'>Enviar<\/button>\t\t<input type='hidden' name='contact-form-id' value='30513' \/>\n\t\t<input type='hidden' name='action' value='grunion-contact-form' \/>\n\t\t<input type='hidden' name='contact-form-hash' value='d79db4694062b765169c16fa90d752b19ffc09f2' \/>\n\t<\/p>\n<p style=\"display: none !important;\" class=\"akismet-fields-container\" data-prefix=\"ak_\"><label>&#916;<textarea name=\"ak_hp_textarea\" cols=\"45\" rows=\"8\" maxlength=\"100\"><\/textarea><\/label><input type=\"hidden\" id=\"ak_js_1\" name=\"ak_js\" value=\"51\"\/><script>document.getElementById( \"ak_js_1\" ).setAttribute( \"value\", ( new Date() ).getTime() );<\/script><\/p><\/form>\n<\/div>\n","protected":false},"excerpt":{"rendered":"<p>Produ\u00e7\u00e3o audiovisual estreou neste ano trazendo uma vis\u00e3o subjetiva dos desastres clim\u00e1ticos ocorridos em 2024\u00a0 \u00a0 \u00a0 \u00a0 Por Emily do Amaral\u00a0 \u00a0 \u00a0 \u00a0 \u00a0 \u00a0 &nbsp; Ao transformar uma trag\u00e9dia ambiental recente em narrativa ficcional, o telefilme \u201cCaju, Meu Amigo\u201d, dirigido por Bruno Carboni, insere-se em um movimento contempor\u00e2neo do audiovisual brasileiro que &hellip; <\/p>\n<p><a class=\"more-link btn\" href=\"https:\/\/wp.ufpel.edu.br\/artenosul\/2026\/02\/25\/entre-o-intimo-e-o-coletivo-a-memoria-em-reconstrucao-no-telefilme-caju-meu-amigo\/\">Continue lendo<\/a><\/p>\n","protected":false},"author":571,"featured_media":30517,"comment_status":"closed","ping_status":"closed","sticky":false,"template":"","format":"standard","meta":{"jetpack_post_was_ever_published":false,"_jetpack_newsletter_access":"","_jetpack_dont_email_post_to_subs":false,"_jetpack_newsletter_tier_id":0,"_jetpack_memberships_contains_paywalled_content":false,"_jetpack_memberships_contains_paid_content":false,"footnotes":"","jetpack_publicize_message":"","jetpack_publicize_feature_enabled":true,"jetpack_social_post_already_shared":true,"jetpack_social_options":{"image_generator_settings":{"template":"highway","default_image_id":0,"font":"","enabled":false},"version":2}},"categories":[112,315,623],"tags":[3216,3214,3217,3215],"class_list":["post-30513","post","type-post","status-publish","format-standard","has-post-thumbnail","hentry","category-cinema","category-opiniao","category-televisao","tag-caju","tag-emily-do-amaral","tag-meu-amigo","tag-telefilme","nodate","item-wrap"],"jetpack_publicize_connections":[],"jetpack_featured_media_url":"https:\/\/wp.ufpel.edu.br\/artenosul\/files\/2026\/02\/Foto-1.webp","jetpack_sharing_enabled":true,"jetpack_likes_enabled":true,"jetpack_shortlink":"https:\/\/wp.me\/p6PuxQ-7W9","jetpack-related-posts":[{"id":28777,"url":"https:\/\/wp.ufpel.edu.br\/artenosul\/2025\/03\/20\/o-tempo-e-o-vento-reflete-sobre-a-historia-gaucha\/","url_meta":{"origin":30513,"position":0},"title":"\u2018\u2019O Tempo e o Vento\u2019\u2019 reflete sobre a hist\u00f3ria ga\u00facha","author":"artenosul","date":"20 de mar\u00e7o de 2025","format":false,"excerpt":"Filme de 2013 segue atuando como fonte de compreens\u00e3o dos conflitos e tens\u00f5es sociais no Brasil\u00a0\u00a0\u00a0\u00a0\u00a0 Por Clarissa Ribeiro\u00a0\u00a0\u00a0\u00a0 \u00a0\u00a0\u00a0\u00a0\u00a0\u00a0 \u00a0 \u00a0 O filme O Tempo e o Vento, dirigido por Jayme Monjardim, baseado na obra de \u00c9rico Ver\u00edssimo e estrelado por Cl\u00e9o Pires, Fernanda Montenegro, Marjorie Estiano e Thiago\u2026","rel":"","context":"Em &quot;CINEMA&quot;","block_context":{"text":"CINEMA","link":"https:\/\/wp.ufpel.edu.br\/artenosul\/category\/cinema\/"},"img":{"alt_text":"","src":"https:\/\/i0.wp.com\/wp.ufpel.edu.br\/artenosul\/files\/2025\/03\/20190626-banner.jpg?resize=350%2C200&ssl=1","width":350,"height":200,"srcset":"https:\/\/i0.wp.com\/wp.ufpel.edu.br\/artenosul\/files\/2025\/03\/20190626-banner.jpg?resize=350%2C200&ssl=1 1x, https:\/\/i0.wp.com\/wp.ufpel.edu.br\/artenosul\/files\/2025\/03\/20190626-banner.jpg?resize=525%2C300&ssl=1 1.5x, https:\/\/i0.wp.com\/wp.ufpel.edu.br\/artenosul\/files\/2025\/03\/20190626-banner.jpg?resize=700%2C400&ssl=1 2x, https:\/\/i0.wp.com\/wp.ufpel.edu.br\/artenosul\/files\/2025\/03\/20190626-banner.jpg?resize=1050%2C600&ssl=1 3x"},"classes":[]},{"id":29693,"url":"https:\/\/wp.ufpel.edu.br\/artenosul\/2025\/10\/22\/drama-conta-vitorias-e-percalcos-do-pioneiro-mark-kerr\/","url_meta":{"origin":30513,"position":1},"title":"Drama conta vit\u00f3rias e percal\u00e7os do pioneiro Mark Kerr","author":"artenosul","date":"22 de outubro de 2025","format":false,"excerpt":"Lan\u00e7ado neste ano, filme \u201cThe Smashing Machine: Cora\u00e7\u00e3o de lutador\u201d mostra os dilemas de um esporte controverso\u00a0 \u00a0 \u00a0 \u00a0 Por Francisco Maihub\u00a0 \u00a0 \u00a0 \u00a0 \u00a0 \u00a0 O filme \u201cCora\u00e7\u00e3o de lutador: The Smashing Machine\u201d \u00e9 um drama esportivo baseado na hist\u00f3ria do lend\u00e1rio lutador pioneiro do MMA Mark\u2026","rel":"","context":"Em &quot;CINEMA&quot;","block_context":{"text":"CINEMA","link":"https:\/\/wp.ufpel.edu.br\/artenosul\/category\/cinema\/"},"img":{"alt_text":"","src":"https:\/\/i0.wp.com\/wp.ufpel.edu.br\/artenosul\/files\/2025\/10\/CORACAO-DE-LUTADOR-THE-SMASHING-MACHINE_Diamond-Films_02.webp?resize=350%2C200&ssl=1","width":350,"height":200},"classes":[]},{"id":7240,"url":"https:\/\/wp.ufpel.edu.br\/artenosul\/2017\/08\/18\/princesa-do-sul-cidade-do-lanche\/","url_meta":{"origin":30513,"position":2},"title":"Princesa do Sul: cidade do&#8230; lanche!","author":"artenosul","date":"18 de agosto de 2017","format":false,"excerpt":"\u00a0 \u00a0 Carolina \u00c1vila \u00a0 \u00a0 \u00a0Pelotas, a cidade do doce. \u00c9 essa a refer\u00eancia que os turistas t\u00eam da nossa Princesa do Sul. J\u00e1 quem mora aqui na cidade, a refer\u00eancia \u00e9 outra, mais salgada: Pelotas, a cidade do lanche. As avenidas Bento Gon\u00e7alves e Duque de Caxias, principalmente,\u2026","rel":"","context":"Em &quot;COMUNIDADE&quot;","block_context":{"text":"COMUNIDADE","link":"https:\/\/wp.ufpel.edu.br\/artenosul\/category\/comunidade\/"},"img":{"alt_text":"","src":"https:\/\/i0.wp.com\/wp.ufpel.edu.br\/artenosul\/files\/2017\/08\/e9eda55db5c599d2e5616557eb971247-e1503064394301.jpg?resize=350%2C200&ssl=1","width":350,"height":200,"srcset":"https:\/\/i0.wp.com\/wp.ufpel.edu.br\/artenosul\/files\/2017\/08\/e9eda55db5c599d2e5616557eb971247-e1503064394301.jpg?resize=350%2C200&ssl=1 1x, https:\/\/i0.wp.com\/wp.ufpel.edu.br\/artenosul\/files\/2017\/08\/e9eda55db5c599d2e5616557eb971247-e1503064394301.jpg?resize=525%2C300&ssl=1 1.5x, https:\/\/i0.wp.com\/wp.ufpel.edu.br\/artenosul\/files\/2017\/08\/e9eda55db5c599d2e5616557eb971247-e1503064394301.jpg?resize=700%2C400&ssl=1 2x"},"classes":[]},{"id":9477,"url":"https:\/\/wp.ufpel.edu.br\/artenosul\/2021\/06\/14\/pretos-unidos-passo-importante-na-jornada-de-isaque-acosta\/","url_meta":{"origin":30513,"position":3},"title":"\u201cPretos Unidos\u201d: passo importante na jornada de Isaque Acosta","author":"artenosul","date":"14 de junho de 2021","format":false,"excerpt":"Por Nathalia Farias Borges\u00a0 \u00a0\u00a0 Jovem artista rio-grandino lan\u00e7a videoclipe apesar das dificuldades durante a pandemia Com a mensagem poderosa de \u201cPretos Unidos\u201d, Isaque Acosta, artista rio-grandino de 21 anos, deu um passo important\u00edssimo na sua jornada dentro da ind\u00fastria musical em meio a um cen\u00e1rio pand\u00eamico. Em uma cidade\u2026","rel":"","context":"Em &quot;M\u00daSICA&quot;","block_context":{"text":"M\u00daSICA","link":"https:\/\/wp.ufpel.edu.br\/artenosul\/category\/musica\/"},"img":{"alt_text":"","src":"https:\/\/i0.wp.com\/wp.ufpel.edu.br\/artenosul\/files\/2021\/06\/Imagem4b.png?resize=350%2C200&ssl=1","width":350,"height":200},"classes":[]},{"id":29712,"url":"https:\/\/wp.ufpel.edu.br\/artenosul\/2025\/10\/23\/13a-galponeira-de-bage-divulga-cancoes-finalistas\/","url_meta":{"origin":30513,"position":4},"title":"13\u00aa Galponeira de Bag\u00e9 divulga can\u00e7\u00f5es finalistas","author":"artenosul","date":"23 de outubro de 2025","format":false,"excerpt":"Evento acontece nos dias 30, 31 de outubro e 1\u00ba de novembro de 2025 \u200b \u00a0 A Secretaria de Cultura de Bag\u00e9 divulgou o resultado da triagem das composi\u00e7\u00f5es selecionadas para a 13\u00aa Galponeira de Bag\u00e9, que acontece nos dias 30, 31 de outubro e 1\u00ba de novembro de 2025.\u2026","rel":"","context":"Em &quot;COMUNIDADE&quot;","block_context":{"text":"COMUNIDADE","link":"https:\/\/wp.ufpel.edu.br\/artenosul\/category\/comunidade\/"},"img":{"alt_text":"","src":"https:\/\/i0.wp.com\/wp.ufpel.edu.br\/artenosul\/files\/2025\/10\/unnamed.jpg?resize=350%2C200&ssl=1","width":350,"height":200,"srcset":"https:\/\/i0.wp.com\/wp.ufpel.edu.br\/artenosul\/files\/2025\/10\/unnamed.jpg?resize=350%2C200&ssl=1 1x, https:\/\/i0.wp.com\/wp.ufpel.edu.br\/artenosul\/files\/2025\/10\/unnamed.jpg?resize=525%2C300&ssl=1 1.5x, https:\/\/i0.wp.com\/wp.ufpel.edu.br\/artenosul\/files\/2025\/10\/unnamed.jpg?resize=700%2C400&ssl=1 2x, https:\/\/i0.wp.com\/wp.ufpel.edu.br\/artenosul\/files\/2025\/10\/unnamed.jpg?resize=1050%2C600&ssl=1 3x"},"classes":[]},{"id":13670,"url":"https:\/\/wp.ufpel.edu.br\/artenosul\/2023\/04\/27\/grace-gianoukas-abrilhantara-teatro-municipal-de-rio-grande-com-nasci-pra-ser-dercy\/","url_meta":{"origin":30513,"position":5},"title":"Grace Gianoukas abrilhantar\u00e1 Teatro Municipal de Rio Grande com \u201cNasci Pra Ser Dercy\u201d","author":"artenosul","date":"27 de abril de 2023","format":false,"excerpt":"A atriz apresentar\u00e1 o espet\u00e1culo pela primeira vez na sua cidade natal entre os dias 12 e 14 de maio\u00a0 \u00a0 \u00a0 \u00a0 \u00a0 Por Joanna Manhago e Tais Carolina\u00a0 \u00a0 \u00a0 \u00a0 \u00a0 \u00a0 Mais uma vez Rio Grande vai receber uma pe\u00e7a teatral protagonizada por uma artista que\u2026","rel":"","context":"Em &quot;NOT\u00cdCIAS&quot;","block_context":{"text":"NOT\u00cdCIAS","link":"https:\/\/wp.ufpel.edu.br\/artenosul\/category\/noticias\/"},"img":{"alt_text":"","src":"https:\/\/i0.wp.com\/wp.ufpel.edu.br\/artenosul\/files\/2023\/04\/Nasci-Pra-Ser-Dercy-ASSESSORIA-DE-IMPRENSA-3.jpg?resize=350%2C200&ssl=1","width":350,"height":200,"srcset":"https:\/\/i0.wp.com\/wp.ufpel.edu.br\/artenosul\/files\/2023\/04\/Nasci-Pra-Ser-Dercy-ASSESSORIA-DE-IMPRENSA-3.jpg?resize=350%2C200&ssl=1 1x, https:\/\/i0.wp.com\/wp.ufpel.edu.br\/artenosul\/files\/2023\/04\/Nasci-Pra-Ser-Dercy-ASSESSORIA-DE-IMPRENSA-3.jpg?resize=525%2C300&ssl=1 1.5x, https:\/\/i0.wp.com\/wp.ufpel.edu.br\/artenosul\/files\/2023\/04\/Nasci-Pra-Ser-Dercy-ASSESSORIA-DE-IMPRENSA-3.jpg?resize=700%2C400&ssl=1 2x"},"classes":[]}],"_links":{"self":[{"href":"https:\/\/wp.ufpel.edu.br\/artenosul\/wp-json\/wp\/v2\/posts\/30513","targetHints":{"allow":["GET"]}}],"collection":[{"href":"https:\/\/wp.ufpel.edu.br\/artenosul\/wp-json\/wp\/v2\/posts"}],"about":[{"href":"https:\/\/wp.ufpel.edu.br\/artenosul\/wp-json\/wp\/v2\/types\/post"}],"author":[{"embeddable":true,"href":"https:\/\/wp.ufpel.edu.br\/artenosul\/wp-json\/wp\/v2\/users\/571"}],"replies":[{"embeddable":true,"href":"https:\/\/wp.ufpel.edu.br\/artenosul\/wp-json\/wp\/v2\/comments?post=30513"}],"version-history":[{"count":3,"href":"https:\/\/wp.ufpel.edu.br\/artenosul\/wp-json\/wp\/v2\/posts\/30513\/revisions"}],"predecessor-version":[{"id":30519,"href":"https:\/\/wp.ufpel.edu.br\/artenosul\/wp-json\/wp\/v2\/posts\/30513\/revisions\/30519"}],"wp:featuredmedia":[{"embeddable":true,"href":"https:\/\/wp.ufpel.edu.br\/artenosul\/wp-json\/wp\/v2\/media\/30517"}],"wp:attachment":[{"href":"https:\/\/wp.ufpel.edu.br\/artenosul\/wp-json\/wp\/v2\/media?parent=30513"}],"wp:term":[{"taxonomy":"category","embeddable":true,"href":"https:\/\/wp.ufpel.edu.br\/artenosul\/wp-json\/wp\/v2\/categories?post=30513"},{"taxonomy":"post_tag","embeddable":true,"href":"https:\/\/wp.ufpel.edu.br\/artenosul\/wp-json\/wp\/v2\/tags?post=30513"}],"curies":[{"name":"wp","href":"https:\/\/api.w.org\/{rel}","templated":true}]}}