{"id":30048,"date":"2025-12-02T15:53:09","date_gmt":"2025-12-02T18:53:09","guid":{"rendered":"https:\/\/wp.ufpel.edu.br\/artenosul\/?p=30048"},"modified":"2025-12-02T16:13:24","modified_gmt":"2025-12-02T19:13:24","slug":"a-obra-oriental-que-se-conectou-ao-ocidente","status":"publish","type":"post","link":"https:\/\/wp.ufpel.edu.br\/artenosul\/2025\/12\/02\/a-obra-oriental-que-se-conectou-ao-ocidente\/","title":{"rendered":"A obra oriental que se conectou ao ocidente"},"content":{"rendered":"<p style=\"text-align: center;\"><span style=\"font-family: arial, helvetica, sans-serif; color: #000080;\"><strong><em>Trazendo refer\u00eancias ocidentais o anime Gachiakuta se destaca fora do Jap\u00e3o e causa controversas no Oriente\u00a0 \u00a0 \u00a0 \u00a0<\/em><\/strong><\/span><\/p>\n<p style=\"text-align: right;\"><span style=\"font-family: arial, helvetica, sans-serif; color: #000080;\"><strong><em>Por Gustavo Oliveira\u00a0 \u00a0 \u00a0 \u00a0 \u00a0<\/em><\/strong><\/span><\/p>\n<p style=\"text-align: justify;\"><span style=\"font-family: arial, helvetica, sans-serif;\">A arte sempre esteve profundamente ligada \u00e0 cultura. Quando pensamos em um pa\u00eds ou regi\u00e3o, s\u00e3o justamente os costumes, as cores e os s\u00edmbolos mais recorrentes que moldam o imagin\u00e1rio coletivo. Com o Jap\u00e3o n\u00e3o \u00e9 diferente. A simples men\u00e7\u00e3o \u00e0 \u201cTerra do Sol Nascente\u201d costuma evocar imagens como quimonos, sakuras em flor (flores de cerejeira) e, claro, os animes. Estes s\u00e3o elementos que, para muitos, definem visual e culturalmente o pa\u00eds.<\/span><\/p>\n<p style=\"text-align: justify;\"><span style=\"font-family: arial, helvetica, sans-serif;\">Durante mil\u00eanios, o Jap\u00e3o consolidou uma tradi\u00e7\u00e3o est\u00e9tica pr\u00f3pria. Mesmo com o crescimento tecnol\u00f3gico e moderniza\u00e7\u00e3o de sua engenharia, buscaram por minimalismo, disciplina visual e harmonia com a natureza, mesclando refer\u00eancias hist\u00f3ricas e uma modernidade estilizada. Essa identidade visual forte \u00e9 uma das raz\u00f5es pelas quais a cultura japonesa conquistou o mundo t\u00e3o rapidamente nas \u00faltimas d\u00e9cadas.<\/span><\/p>\n<p style=\"text-align: justify;\"><span style=\"font-family: arial, helvetica, sans-serif; color: #0000ff;\"><strong>O crescimento tardio dos animes no Ocidente <\/strong><\/span><\/p>\n<p style=\"text-align: justify;\"><span style=\"font-family: arial, helvetica, sans-serif;\">Nos \u00faltimos anos, a cultura dos animes passou por uma expans\u00e3o in\u00e9dita no Ocidente. O que antes era nichado e dif\u00edcil de acessar, hoje est\u00e1 dispon\u00edvel a poucos cliques, impulsionado pela globaliza\u00e7\u00e3o digital e pelo avan\u00e7o das plataformas de streaming.<\/span><\/p>\n<p style=\"text-align: justify;\"><span style=\"font-family: arial, helvetica, sans-serif;\">Um fato que refor\u00e7a essa vis\u00e3o \u00e9 a presen\u00e7a expressiva de animes no cinema, principalmente neste ano com t\u00edtulos como \u201cDemon Slayer\u201d e \u201cChainsaw Man\u201d que, respectivamente, atingiram um faturamento de U$ 700 milh\u00f5es e U$ 168 milh\u00f5es. Consolidaram a ind\u00fastria dos animes no cinema e abriram os olhos de grandes empresas para um investimento maior nesse meio, j\u00e1 que \u201cDemon Slayer\u201d, por exemplo, lucrou 34 vezes o valor investido.<\/span><\/p>\n<p style=\"text-align: justify;\"><span style=\"font-family: arial, helvetica, sans-serif;\"><strong><span style=\"color: #0000ff;\">Mas por que esse sucesso s\u00f3 chegou agora?<\/span> <\/strong><\/span><\/p>\n<p style=\"text-align: justify;\"><span style=\"font-family: arial, helvetica, sans-serif;\">Historicamente, os animes eram produzidos para o p\u00fablico japon\u00eas e refletiam valores, rituais, refer\u00eancias sociais e c\u00f3digos culturais espec\u00edficos. At\u00e9 os anos 2000, a ind\u00fastria n\u00e3o tinha como prioridade a internacionaliza\u00e7\u00e3o: concentrava-se em atender nichos dom\u00e9sticos, desde anima\u00e7\u00f5es infantis at\u00e9 s\u00e9ries adultas exibidas no fim da noite. As narrativas, os arqu\u00e9tipos e at\u00e9 a constru\u00e7\u00e3o visual eram moldados para fazer sentido dentro do cotidiano japon\u00eas, n\u00e3o para conquistar o mercado global.<\/span><\/p>\n<p style=\"text-align: justify;\"><span style=\"font-family: arial, helvetica, sans-serif; color: #0000ff;\"><strong>O anime\/mang\u00e1: Gachiakuta <\/strong><\/span><\/p>\n<p style=\"text-align: justify;\"><span style=\"font-family: arial, helvetica, sans-serif;\">Lan\u00e7ado em fevereiro de 2022, \u201cGachiakuta\u201d \u2014 escrito pela autora Kei Urana \u2014 foge da est\u00e9tica tradicional que marcou a ind\u00fastria por d\u00e9cadas. A obra apresenta um universo marcado pelo underground, pelo grafite, pela moda de rua e por uma forte influ\u00eancia do hip-hop.<\/span><\/p>\n<p style=\"text-align: justify;\"><span style=\"font-family: arial, helvetica, sans-serif;\">A hist\u00f3ria de a\u00e7\u00e3o e fantasia sombria acompanha Rudo, um jovem da periferia de uma cidade flutuante que \u00e9 falsamente acusado de assassinato e exilado para o &#8220;Po\u00e7o&#8221;, um lix\u00e3o infernal habitado por monstros. L\u00e1, ele precisa dominar um novo poder e se unir <\/span><span style=\"font-family: arial, helvetica, sans-serif;\">aos &#8220;Limpadores&#8221; para lutar contra os monstros e buscar vingan\u00e7a contra aqueles que o injusti\u00e7aram.<\/span><\/p>\n<p>&nbsp;<\/p>\n<div id=\"attachment_30050\" style=\"width: 575px\" class=\"wp-caption aligncenter\"><img loading=\"lazy\" decoding=\"async\" aria-describedby=\"caption-attachment-30050\" class=\" wp-image-30050\" src=\"https:\/\/wp.ufpel.edu.br\/artenosul\/files\/2025\/12\/Imagem1-448x500.png\" alt=\"\" width=\"575\" height=\"641\" srcset=\"https:\/\/wp.ufpel.edu.br\/artenosul\/files\/2025\/12\/Imagem1-448x500.png 448w, https:\/\/wp.ufpel.edu.br\/artenosul\/files\/2025\/12\/Imagem1-269x300.png 269w, https:\/\/wp.ufpel.edu.br\/artenosul\/files\/2025\/12\/Imagem1.png 619w\" sizes=\"auto, (max-width: 575px) 100vw, 575px\" \/><p id=\"caption-attachment-30050\" class=\"wp-caption-text\"><span style=\"font-family: arial, helvetica, sans-serif;\"><strong><span style=\"color: #0000ff;\">Cena de Gachiakuta com um personagem de cabelos claros mostrando duas express\u00f5es intensas: primeiro com olhos arregalados e sorriso agressivo, depois com um sorriso fechado e tenso<\/span><\/strong><\/span><\/p><\/div>\n<p>&nbsp;<\/p>\n<p style=\"text-align: justify;\"><span style=\"font-family: arial, helvetica, sans-serif;\">Em vez de s\u00edmbolos historicamente associados ao Jap\u00e3o, o mang\u00e1 adota uma est\u00e9tica mais pr\u00f3xima das culturas urbanas ocidentais. Kei tem uma forte inspira\u00e7\u00e3o na cultura negra americana, principalmente no design de seus personagens, o uso de roupas largas e at\u00e9 o modo de agir e a personalidade de cada personagem \u00e9 muito diferente do comum visto em obras vindas do Jap\u00e3o. Ao passar as p\u00e1ginas se percebe \u2014 mesmo que n\u00e3o proposital \u2014 uma rela\u00e7\u00e3o da est\u00e9tica de Gachiakuta com o expressionismo alem\u00e3o dos anos 1910\/1920, os ambientes ca\u00f3ticos, a est\u00e9tica suja, quase feita \u00e0 m\u00e3o e as express\u00f5es dos personagens muito exageradas e extremas.<\/span><\/p>\n<p style=\"text-align: justify;\"><span style=\"font-family: arial, helvetica, sans-serif; color: #0000ff;\"><strong>Gachiakuta: Med\u00edocre no Oriente, sucesso no Ocidente<\/strong><\/span><\/p>\n<p style=\"text-align: justify;\"><span style=\"font-family: arial, helvetica, sans-serif;\">Essa escolha impactou diretamente sua recep\u00e7\u00e3o no mercado japon\u00eas. Antes do lan\u00e7amento do anime, no in\u00edcio de 2024, Gachiakuta registrava queda nas vendas e era visto como uma obra mediana. Cr\u00edticos e parte do p\u00fablico japon\u00eas consideravam a est\u00e9tica \u201cpouco familiar\u201d, distante da identidade visual que tradicionalmente molda a cultura do mang\u00e1.<\/span><\/p>\n<p style=\"text-align: justify;\"><span style=\"font-family: arial, helvetica, sans-serif;\">No entanto, quando o anime chegou ao Ocidente, ocorreu o oposto. A est\u00e9tica <em>street<\/em>, o ritmo energ\u00e9tico e a atmosfera suja e industrial chamaram aten\u00e7\u00e3o imediata. Com o aumento da visibilidade internacional, o mang\u00e1 voltou a crescer em vendas dentro do pr\u00f3prio Jap\u00e3o, um fen\u00f4meno impulsionado justamente por seu di\u00e1logo com culturas externas.<\/span><\/p>\n<p style=\"text-align: justify;\"><span style=\"font-family: arial, helvetica, sans-serif;\">Crunchyroll \u00e9 uma plataforma on-line de streaming internacional com foco em distribui\u00e7\u00e3o de m\u00eddias orientais, incluindo anime, mang\u00e1, doramas (s\u00e9ries de TV asi\u00e1ticas), m\u00fasica e entretenimento eletr\u00f4nico. Camila Moura, 22 anos, recepcionista e f\u00e3 de anime desde os nove, conta que conheceu Gachiakuta por meio de campanhas de divulga\u00e7\u00e3o no TikTok. \u201cEstava aparecendo muito comercial da Crunchyroll, e de cara o que mais me chamou a aten\u00e7\u00e3o foi o tra\u00e7o e o estilo do anime. Ao mesmo tempo que a est\u00e9tica puxa para os anos 1990\/2000, ainda \u00e9 muito atual\u201d, afirma.<\/span><\/p>\n<p style=\"text-align: justify;\"><span style=\"font-family: arial, helvetica, sans-serif;\">Ela destaca tamb\u00e9m o impacto visual do personagem Enjin, especialmente por conta das tatuagens. Esse coment\u00e1rio evidencia um ponto importante para entender por que a obra pode ter menor repercuss\u00e3o no Oriente. No Jap\u00e3o, tatuagens \u2014 sobretudo quando vis\u00edveis \u2014 ainda carregam uma forte associa\u00e7\u00e3o hist\u00f3rica com a yakuza (organiza\u00e7\u00e3o criminosa), o que faz com que muitos espa\u00e7os, como piscinas e banhos termais, pro\u00edbam a entrada de pessoas tatuadas. Enquanto parte da popula\u00e7\u00e3o mais velha mant\u00e9m a vis\u00e3o de desconfian\u00e7a, as gera\u00e7\u00f5es mais jovens j\u00e1 encaram tatuagens como moda e express\u00e3o art\u00edstica. A rejei\u00e7\u00e3o, com certeza diminuiu, mas nada comparado ao ocidente.<\/span><\/p>\n<p>&nbsp;<\/p>\n<div id=\"attachment_30052\" style=\"width: 674px\" class=\"wp-caption aligncenter\"><img loading=\"lazy\" decoding=\"async\" aria-describedby=\"caption-attachment-30052\" class=\" wp-image-30052\" src=\"https:\/\/wp.ufpel.edu.br\/artenosul\/files\/2025\/12\/Imagem2-500x496.png\" alt=\"\" width=\"674\" height=\"669\" srcset=\"https:\/\/wp.ufpel.edu.br\/artenosul\/files\/2025\/12\/Imagem2-500x496.png 500w, https:\/\/wp.ufpel.edu.br\/artenosul\/files\/2025\/12\/Imagem2-300x297.png 300w, https:\/\/wp.ufpel.edu.br\/artenosul\/files\/2025\/12\/Imagem2-768x762.png 768w, https:\/\/wp.ufpel.edu.br\/artenosul\/files\/2025\/12\/Imagem2.png 839w\" sizes=\"auto, (max-width: 674px) 100vw, 674px\" \/><p id=\"caption-attachment-30052\" class=\"wp-caption-text\"><span style=\"color: #0000ff; font-family: arial, helvetica, sans-serif;\"><strong><span style=\"color: #0000ff;\">Painel do mang\u00e1 de Gachiakuta mostrando o personagem Enjin, com cabelo de cor clara e tatuagens<\/span><\/strong><\/span><\/p><\/div>\n<p>&nbsp;<\/p>\n<p style=\"text-align: justify;\"><span style=\"font-family: arial, helvetica, sans-serif; color: #0000ff;\"><strong>Por que o Jap\u00e3o resistiu ao hip-hop por tanto tempo? <\/strong><\/span><\/p>\n<p style=\"text-align: justify;\"><span style=\"font-family: arial, helvetica, sans-serif;\">Para entender essa resist\u00eancia inicial, \u00e9 preciso lembrar que o Jap\u00e3o \u00e9 uma sociedade de \u201calto contexto\u201d, na qual grande parte da comunica\u00e7\u00e3o \u00e9 impl\u00edcita e, ao mesmo tempo, compartilhada por aqueles que se identificam culturalmente. Como afirma o professor japon\u00eas Shoochi Takaaki ao canal do YouTube \u201cEu Falo Japon\u00eas\u201d, \u201cna l\u00edngua japonesa, mesmo que ningu\u00e9m diga certas coisas, elas s\u00e3o \u00f3bvias para todos\u201d.<\/span><\/p>\n<p style=\"text-align: justify;\"><span style=\"font-family: arial, helvetica, sans-serif;\">Uma cultura de alto contexto \u00e9 uma cultura ou sociedade que se comunica predominantemente por meio de elementos contextuais, como formas espec\u00edficas de linguagem corporal, o status de um indiv\u00edduo e o tom de voz empregado durante a fala. As regras n\u00e3o s\u00e3o escritas ou declaradas de forma direta ou expl\u00edcita.<\/span><\/p>\n<p style=\"text-align: justify;\"><span style=\"font-family: arial, helvetica, sans-serif;\">Em culturas assim, os membros compartilham repert\u00f3rios, c\u00f3digos e expectativas muito r\u00edgidas. \u201cSe um estudante japon\u00eas cometer um erro no modo de vida ou escolher uma palavra inadequada, pode receber uma resposta dura da sociedade\u201d.<\/span><\/p>\n<p style=\"text-align: justify;\"><span style=\"font-family: arial, helvetica, sans-serif;\">A cultura hip-hop s\u00f3 chegou ao Jap\u00e3o nos anos 1980 e, no in\u00edcio, n\u00e3o foi recebida como uma forma leg\u00edtima de express\u00e3o art\u00edstica.<\/span><\/p>\n<p style=\"text-align: justify;\"><span style=\"font-family: arial, helvetica, sans-serif;\">O pa\u00eds, sendo pautado por normas sociais r\u00edgidas, educa\u00e7\u00e3o disciplinada e forte expectativa de conformidade, via o hip-hop como uma manifesta\u00e7\u00e3o ligada \u00e0 rebeldia e \u00e0 delinqu\u00eancia juvenil. O grafite era rotulado como vandalismo, enquanto roupas largas, correntes e visual de rua eram percebidos como uma ruptura com os c\u00f3digos tradicionais de apar\u00eancia e comportamento.<\/span><\/p>\n<p>&nbsp;<\/p>\n<div id=\"attachment_30053\" style=\"width: 821px\" class=\"wp-caption aligncenter\"><img loading=\"lazy\" decoding=\"async\" aria-describedby=\"caption-attachment-30053\" class=\" wp-image-30053\" src=\"https:\/\/wp.ufpel.edu.br\/artenosul\/files\/2025\/12\/Imagem3-500x307.png\" alt=\"\" width=\"821\" height=\"504\" srcset=\"https:\/\/wp.ufpel.edu.br\/artenosul\/files\/2025\/12\/Imagem3-500x307.png 500w, https:\/\/wp.ufpel.edu.br\/artenosul\/files\/2025\/12\/Imagem3-300x184.png 300w, https:\/\/wp.ufpel.edu.br\/artenosul\/files\/2025\/12\/Imagem3-768x471.png 768w, https:\/\/wp.ufpel.edu.br\/artenosul\/files\/2025\/12\/Imagem3.png 794w\" sizes=\"auto, (max-width: 821px) 100vw, 821px\" \/><p id=\"caption-attachment-30053\" class=\"wp-caption-text\"><span style=\"font-family: arial, helvetica, sans-serif;\"><strong><span style=\"color: #0000ff;\">Painel do mang\u00e1 Gachiakuta onde dois artistas encapuzados pintam um grande mural urbano<\/span><\/strong><\/span><\/p><\/div>\n<p>&nbsp;<\/p>\n<p style=\"text-align: justify;\"><span style=\"font-family: arial, helvetica, sans-serif;\">Com o tempo, o Jap\u00e3o reinterpretou o hip-hop de sua pr\u00f3pria forma, criando vers\u00f5es locais que combinam moda, m\u00fasica e est\u00e9tica visual. Mesmo assim, a rela\u00e7\u00e3o com o movimento continua carregada de contrastes entre tradi\u00e7\u00e3o, modernidade e influ\u00eancias externas.<\/span><\/p>\n<p style=\"text-align: justify;\"><span style=\"font-family: arial, helvetica, sans-serif;\">Gachiakuta surge justamente nesse ponto de encontro \u2014 no qual a cultura japonesa dialoga com o mundo, mas ainda enfrenta tens\u00f5es internas quando elementos \u201cestrangeiros\u201d desafiam o imagin\u00e1rio est\u00e9tico local.<\/span><\/p>\n<p style=\"text-align: justify;\"><span style=\"font-family: arial, helvetica, sans-serif;\">O questionamento final que fica \u00e9: o Ocidente tem for\u00e7a para sustentar uma obra oriental? Em uma sociedade cada vez menos r\u00edgida e continuamente moldada por uma globaliza\u00e7\u00e3o acelerada, a resposta tende a ser positiva. Gachiakuta, por\u00e9m, segue o caminho inverso. Em vez de se adaptar \u00e0s expectativas do p\u00fablico japon\u00eas, a autora Kei Urana aposta na pr\u00f3pria identidade e incorpora livremente as refer\u00eancias que constituem seu repert\u00f3rio.<\/span><\/p>\n<p style=\"text-align: justify;\"><span style=\"font-family: arial, helvetica, sans-serif;\">Do ponto de vista t\u00e9cnico, seja no roteiro, na quadriniza\u00e7\u00e3o do mang\u00e1 ou na anima\u00e7\u00e3o, a obra pode agradar ou n\u00e3o. Mas h\u00e1 um ponto inegoci\u00e1vel: Gachiakuta tem personalidade. E muita.<\/span><\/p>\n<p style=\"text-align: justify;\"><a href=\"http:\/\/wp.ufpel.edu.br\/artenosul\"><span style=\"color: #0000ff;\"><strong><span style=\"font-family: arial, helvetica, sans-serif;\">PRIMEIRA P\u00c1GINA<\/span><\/strong><\/span><\/a><\/p>\n<p style=\"text-align: justify;\"><span style=\"color: #0000ff;\"><strong><span style=\"font-family: arial, helvetica, sans-serif;\">COMENT\u00c1RIOS<\/span><\/strong><\/span><\/p>\n<div data-test='contact-form'\n\t\t\tid='contact-form-30048'\n\t\t\tclass='wp-block-jetpack-contact-form-container '\n\t\t\tdata-wp-interactive='jetpack\/form' data-wp-context='{\"formId\":\"30048\",\"formHash\":\"e827e4db7ae274e60737bafb777dad869eae41e8\",\"showErrors\":false,\"errors\":[],\"fields\":[],\"isMultiStep\":false,\"useAjax\":true,\"submissionData\":null,\"formattedSubmissionData\":[],\"submissionSuccess\":false,\"submissionError\":null,\"elementId\":\"jp-form-e827e4db7ae274e60737bafb777dad869eae41e8\",\"isSingleInputForm\":false}'\n\t\t\tdata-wp-watch--scroll-to-wrapper=\"callbacks.scrollToWrapper\"\n\t\t>\n<div class=\"contact-form-submission contact-form-ajax-submission\" data-wp-class--submission-success=\"context.submissionSuccess\"><p class=\"go-back-message\"><a class=\"link\" role=\"button\" tabindex=\"0\" data-wp-on--click=\"actions.goBack\" href=\"\/artenosul\/wp-json\/wp\/v2\/posts\/30048\">Voltar<\/a><\/p><h4 id=\"contact-form-success-header\">Sua mensagem foi enviada<\/h4>\n\n<template data-wp-each--submission=\"context.formattedSubmissionData\">\n\t\t\t\t\t<div class=\"jetpack_forms_contact-form-success-summary\">\n\t\t\t\t\t\t<div class=\"field-name\" data-wp-text=\"context.submission.label\" data-wp-bind--hidden=\"!context.submission.label\"><\/div>\n\t\t\t\t\t\t<div class=\"field-value\" data-wp-text=\"context.submission.value\"><\/div>\n\t\t\t\t\t\t<div class=\"field-images\" data-wp-bind--hidden=\"!context.submission.images\">\n\t\t\t\t\t\t\t<template data-wp-each--image=\"context.submission.images\">\n\t\t\t\t\t\t\t\t<figure class=\"field-image\" data-wp-class--is-empty=\"!context.image\">\n\t\t\t\t\t\t\t\t\t<img data-wp-bind--src=\"context.image\" data-wp-bind--hidden=\"!context.image\" \/>\n\t\t\t\t\t\t\t\t\t<img decoding=\"async\" src=\"data:image\/gif;base64,R0lGODlhAQABAAD\/ACwAAAAAAQABAAACADs=\" data-wp-bind--hidden=\"context.image\" \/>\n\t\t\t\t\t\t\t\t<\/figure>\n\t\t\t\t\t\t\t<\/template>\n\t\t\t\t\t\t<\/div>\n\t\t\t\t\t<\/div>\n\t\t\t\t<\/template><\/div><form action='https:\/\/wp.ufpel.edu.br\/artenosul\/2025\/12\/02\/a-obra-oriental-que-se-conectou-ao-ocidente\/'\n\t\t\t\tid='jp-form-e827e4db7ae274e60737bafb777dad869eae41e8'\n\t\t\t\tmethod='post'\n\t\t\t\tclass='contact-form commentsblock' aria-label=\"A obra oriental que se conectou ao ocidente\"\n\t\t\t\tdata-wp-on--submit=\"actions.onFormSubmit\"\n\t\t\t\tdata-wp-on--reset=\"actions.onFormReset\"\n\t\t\t\tdata-wp-class--submission-success=\"context.submissionSuccess\"\n\t\t\t\tdata-wp-class--is-first-step=\"state.isFirstStep\"\n\t\t\t\tdata-wp-class--is-last-step=\"state.isLastStep\"\n\t\t\t\tdata-wp-class--is-ajax-form=\"context.useAjax\"\n\t\t\t\tnovalidate >\n<input type='hidden' name='jetpack_contact_form_jwt' value='eyJ0eXAiOiJKV1QiLCJhbGciOiJIUzI1NiJ9.eyJlbmNyeXB0ZWRfYXR0cmlidXRlcyI6Im5oYmcza0U5bC92RWVIakR5a2xZeFBWZWUrSm9HSzRiMFBaLzJNL1BhQkNaQjNqeDI1bFB1V0h6T3BMZVhaNU9IU3o0TDRKVE0rZ1ZDT3B4anRML0xFVFFmdGUrVlltY1dqWTBiZGxEbjZ0cmJ6ZmFCYjE4T2RzK2dNSUZTdG1NN2xLV0dZd0xDdDl5RFhhcnZuenFZbGs1TEx4L2h1dmlwaDVqeVkzcjAzZWM1WFUrekR5bHhMbXR5Tno2dlYzYm5Td2x1TTg5Y0xEZzRQSGFnVHpndkpxTm1mOW5lMEtrSmhpM1QxUHpLY2NTRFN4UkUyZVRrQVE3MjI3WkhIMTF6MWp5TnRxY251a096NE95QXNOQXJ5YUdoVHM4anp2TW1XdTlLL2dlNnVmWkN0WTFwYktNSFl3b1BkL2Y0OUNxbGNXWkxlYVoyQVF3dGZWbEg5RXVQT0Y4VzVBeHF4YzRyb3l0bklqbXpSWkxaSWhYOUFwR2NzYVBBWmpwb3dWY1VjWlpQYjNQSUpzcFpvaUtpZTlvSURSOXUrWkprcm90UmhTVWZteEpjbHRBZ0pMdTlhVjhDMzM0dDJrMzRyK3NXS1FhUW1QOEFjT0RPUy9zS1hWbGQyaE5mOG9wT1hraVpSOXdLTUQ0aGFIdDQ0eFVhUW01NkJicUxBeG9kaWZ0ekg5U25EbjQ2OGUwclNoeU9PbVkyUjZSdDFBTjVGenN5clAvdWpmb3pHNWpDa3Zmc3JKWktpeWxYRHhuYnRWN2hlelpnK011TzBQdWxndytVZXRneE1icU5wYjdwa2JrU0NReEhyemFuT2dBM2lXYnN0VFdWSWRXWTBiN05LeEx5ZVBkcDNhRXlKaFVjdWF4NVBXcDlzTENmWjZJdG5sK0hld05zYWFVMW91R0l0dU9oUzNqNm9OUGUzR0l6ZWdqVUVmcWwvM2dvcTRhMGtrbkRvcytOeE15S0NNcDgyK0g3NG44YTNvQ3I1K3dzKytJN3hwdEdwSTdJWGVxVzBtZ2U5YUFFMHVCakJDSUFqZ2cwVmVTRVdWZTRudGRTMWV5N1pZUXd3RURpQmRqeE5Bd0hJbklYWXczQ05zd1Z2V2ltcVFlM0Z3UEZpV1o2d2VLYS9qelBwWURYcFo3dWQwODZ0akU1Qm0wQjVmZ1dudVRPY1ltbE5tNnNYTGhKczNTdzhVVUxkdGVJVjdGV09MbFFGVmpacEVOSGFnPSIsImNvbnRlbnQiOiJbY29udGFjdC1maWVsZCBsYWJlbD1cIk5vbWVcIiB0eXBlPVwibmFtZVwiXVtjb250YWN0LWZpZWxkIGxhYmVsPVwiRS1tYWlsXCIgdHlwZT1cImVtYWlsXCJdW2NvbnRhY3QtZmllbGQgbGFiZWw9XCJNZW5zYWdlbVwiIHR5cGU9XCJ0ZXh0YXJlYVwiXSIsImhhc2giOiJlODI3ZTRkYjdhZTI3NGU2MDczN2JhZmI3NzdkYWQ4NjllYWU0MWU4Iiwic291cmNlIjp7ImVudHJ5X3RpdGxlIjoiQSBvYnJhIG9yaWVudGFsIHF1ZSBzZSBjb25lY3RvdSBhbyBvY2lkZW50ZSIsImVudHJ5X3BhZ2UiOjEsInNvdXJjZV9pZCI6MzAwNDgsInNvdXJjZV90eXBlIjoic2luZ2xlIiwicmVxdWVzdF91cmwiOiJodHRwczovL3dwLnVmcGVsLmVkdS5ici9hcnRlbm9zdWwvd3AtanNvbi93cC92Mi9wb3N0cy8zMDA0OCJ9LCJ2ZXJzaW9uIjoyLCJjaXBoZXIiOiJhZXMtMjU2LWdjbSJ9.Qp-EOflF9jPKKE1ozJIAIOAa9zokciQKMXlpszsrcY0' \/>\n\n<div style=\"\"  data-wp-interactive=\"jetpack\/form\" data-wp-context='{\"fieldId\":\"g30048-nome\",\"fieldType\":\"name\",\"fieldLabel\":\"Nome\",\"fieldValue\":\"\",\"fieldPlaceholder\":\"\",\"fieldIsRequired\":\"\",\"fieldErrorMessage\":\"\",\"fieldExtra\":[],\"formHash\":\"e827e4db7ae274e60737bafb777dad869eae41e8\"}'  class='grunion-field-name-wrap grunion-field-wrap'  data-wp-init='callbacks.initializeField' data-wp-on--jetpack-form-reset='callbacks.initializeField' >\n<label\n\t\t\t\tfor='g30048-nome' class=\"grunion-field-label name\" >Nome<\/label>\n<input\n\t\t\t\t\ttype='text'\n\t\t\t\t\tname='g30048-nome'\n\t\t\t\t\tid='g30048-nome'\n\t\t\t\t\tvalue=''\n\n\t\t\t\t\tdata-wp-bind--aria-invalid='state.fieldHasErrors'\n\t\t\t\t\tdata-wp-bind--value='state.getFieldValue'\n\t\t\t\t\taria-errormessage='g30048-nome-text-error-message'\n\t\t\t\t\tdata-wp-on--input='actions.onFieldChange'\n\t\t\t\t\tdata-wp-on--blur='actions.onFieldBlur'\n\t\t\t\t\tdata-wp-class--has-value='state.hasFieldValue'\n\n\t\t\t\t\tclass='name  grunion-field' \n\t\t\t\t\t \/>\n \n\t\t\t<div id=\"g30048-nome-text-error\" class=\"contact-form__input-error\" data-wp-class--has-errors=\"state.fieldHasErrors\">\n\t\t\t\t<span class=\"contact-form__warning-icon\">\n\t\t\t\t\t<svg width=\"16\" height=\"16\" viewBox=\"0 0 16 16\" fill=\"none\" xmlns=\"http:\/\/www.w3.org\/2000\/svg\">\n\t\t\t\t\t\t<path d=\"M8.50015 11.6402H7.50015V10.6402H8.50015V11.6402Z\" \/>\n\t\t\t\t\t\t<path d=\"M7.50015 9.64018H8.50015V6.30684H7.50015V9.64018Z\" \/>\n\t\t\t\t\t\t<path fill-rule=\"evenodd\" clip-rule=\"evenodd\" d=\"M6.98331 3.0947C7.42933 2.30177 8.57096 2.30177 9.01698 3.09469L13.8771 11.7349C14.3145 12.5126 13.7525 13.4735 12.8602 13.4735H3.14004C2.24774 13.4735 1.68575 12.5126 2.12321 11.7349L6.98331 3.0947ZM8.14541 3.58496C8.08169 3.47168 7.9186 3.47168 7.85488 3.58496L2.99478 12.2251C2.93229 12.3362 3.01257 12.4735 3.14004 12.4735H12.8602C12.9877 12.4735 13.068 12.3362 13.0055 12.2251L8.14541 3.58496Z\" \/>\n\t\t\t\t\t<\/svg>\n\t\t\t\t\t<span class=\"visually-hidden\">Aviso<\/span>\n\t\t\t\t<\/span>\n\t\t\t\t<span data-wp-text=\"state.errorMessage\" id=\"g30048-nome-text-error-message\" role=\"alert\" aria-live=\"assertive\"><\/span>\n\t\t\t<\/div> \n\t<\/div>\n\n<div style=\"\"  data-wp-interactive=\"jetpack\/form\" data-wp-context='{\"fieldId\":\"g30048-email\",\"fieldType\":\"email\",\"fieldLabel\":\"E-mail\",\"fieldValue\":\"\",\"fieldPlaceholder\":\"\",\"fieldIsRequired\":\"\",\"fieldErrorMessage\":\"\",\"fieldExtra\":[],\"formHash\":\"e827e4db7ae274e60737bafb777dad869eae41e8\"}'  class='grunion-field-email-wrap grunion-field-wrap'  data-wp-init='callbacks.initializeField' data-wp-on--jetpack-form-reset='callbacks.initializeField' >\n<label\n\t\t\t\tfor='g30048-email' class=\"grunion-field-label email\" >E-mail<\/label>\n<input\n\t\t\t\t\ttype='email'\n\t\t\t\t\tname='g30048-email'\n\t\t\t\t\tid='g30048-email'\n\t\t\t\t\tvalue=''\n\n\t\t\t\t\tdata-wp-bind--aria-invalid='state.fieldHasErrors'\n\t\t\t\t\tdata-wp-bind--value='state.getFieldValue'\n\t\t\t\t\taria-errormessage='g30048-email-email-error-message'\n\t\t\t\t\tdata-wp-on--input='actions.onFieldChange'\n\t\t\t\t\tdata-wp-on--blur='actions.onFieldBlur'\n\t\t\t\t\tdata-wp-class--has-value='state.hasFieldValue'\n\n\t\t\t\t\tclass='email  grunion-field' \n\t\t\t\t\t \/>\n \n\t\t\t<div id=\"g30048-email-email-error\" class=\"contact-form__input-error\" data-wp-class--has-errors=\"state.fieldHasErrors\">\n\t\t\t\t<span class=\"contact-form__warning-icon\">\n\t\t\t\t\t<svg width=\"16\" height=\"16\" viewBox=\"0 0 16 16\" fill=\"none\" xmlns=\"http:\/\/www.w3.org\/2000\/svg\">\n\t\t\t\t\t\t<path d=\"M8.50015 11.6402H7.50015V10.6402H8.50015V11.6402Z\" \/>\n\t\t\t\t\t\t<path d=\"M7.50015 9.64018H8.50015V6.30684H7.50015V9.64018Z\" \/>\n\t\t\t\t\t\t<path fill-rule=\"evenodd\" clip-rule=\"evenodd\" d=\"M6.98331 3.0947C7.42933 2.30177 8.57096 2.30177 9.01698 3.09469L13.8771 11.7349C14.3145 12.5126 13.7525 13.4735 12.8602 13.4735H3.14004C2.24774 13.4735 1.68575 12.5126 2.12321 11.7349L6.98331 3.0947ZM8.14541 3.58496C8.08169 3.47168 7.9186 3.47168 7.85488 3.58496L2.99478 12.2251C2.93229 12.3362 3.01257 12.4735 3.14004 12.4735H12.8602C12.9877 12.4735 13.068 12.3362 13.0055 12.2251L8.14541 3.58496Z\" \/>\n\t\t\t\t\t<\/svg>\n\t\t\t\t\t<span class=\"visually-hidden\">Aviso<\/span>\n\t\t\t\t<\/span>\n\t\t\t\t<span data-wp-text=\"state.errorMessage\" id=\"g30048-email-email-error-message\" role=\"alert\" aria-live=\"assertive\"><\/span>\n\t\t\t<\/div> \n\t<\/div>\n\n<div style=\"\"  data-wp-interactive=\"jetpack\/form\" data-wp-context='{\"fieldId\":\"g30048-mensagem\",\"fieldType\":\"textarea\",\"fieldLabel\":\"Mensagem\",\"fieldValue\":\"\",\"fieldPlaceholder\":\"\",\"fieldIsRequired\":\"\",\"fieldErrorMessage\":\"\",\"fieldExtra\":[],\"formHash\":\"e827e4db7ae274e60737bafb777dad869eae41e8\"}'  class='grunion-field-textarea-wrap grunion-field-wrap'  data-wp-init='callbacks.initializeField' data-wp-on--jetpack-form-reset='callbacks.initializeField' >\n<label\n\t\t\t\tfor='contact-form-comment-g30048-mensagem' class=\"grunion-field-label textarea\" >Mensagem<\/label>\n<textarea\n\t\t                style=''\n\t\t                name='g30048-mensagem'\n\t\t                id='contact-form-comment-g30048-mensagem'\n\t\t                rows='20'\n\t\t\t\t\t\tdata-wp-text='state.getFieldValue'\n\t\t\t\t\t\tdata-wp-on--input='actions.onFieldChange'\n\t\t\t\t\t\tdata-wp-on--blur='actions.onFieldBlur'\n\t\t\t\t\t\tdata-wp-class--has-value='state.hasFieldValue'\n\t\t\t\t\t\tdata-wp-bind--aria-invalid='state.fieldHasErrors'\n\t\t\t\t\t\taria-errormessage='g30048-mensagem-textarea-error-message'\n\t\t\t\t\t\tclass='textarea  grunion-field'  ><\/textarea>\n \n\t\t\t<div id=\"g30048-mensagem-textarea-error\" class=\"contact-form__input-error\" data-wp-class--has-errors=\"state.fieldHasErrors\">\n\t\t\t\t<span class=\"contact-form__warning-icon\">\n\t\t\t\t\t<svg width=\"16\" height=\"16\" viewBox=\"0 0 16 16\" fill=\"none\" xmlns=\"http:\/\/www.w3.org\/2000\/svg\">\n\t\t\t\t\t\t<path d=\"M8.50015 11.6402H7.50015V10.6402H8.50015V11.6402Z\" \/>\n\t\t\t\t\t\t<path d=\"M7.50015 9.64018H8.50015V6.30684H7.50015V9.64018Z\" \/>\n\t\t\t\t\t\t<path fill-rule=\"evenodd\" clip-rule=\"evenodd\" d=\"M6.98331 3.0947C7.42933 2.30177 8.57096 2.30177 9.01698 3.09469L13.8771 11.7349C14.3145 12.5126 13.7525 13.4735 12.8602 13.4735H3.14004C2.24774 13.4735 1.68575 12.5126 2.12321 11.7349L6.98331 3.0947ZM8.14541 3.58496C8.08169 3.47168 7.9186 3.47168 7.85488 3.58496L2.99478 12.2251C2.93229 12.3362 3.01257 12.4735 3.14004 12.4735H12.8602C12.9877 12.4735 13.068 12.3362 13.0055 12.2251L8.14541 3.58496Z\" \/>\n\t\t\t\t\t<\/svg>\n\t\t\t\t\t<span class=\"visually-hidden\">Aviso<\/span>\n\t\t\t\t<\/span>\n\t\t\t\t<span data-wp-text=\"state.errorMessage\" id=\"g30048-mensagem-textarea-error-message\" role=\"alert\" aria-live=\"assertive\"><\/span>\n\t\t\t<\/div>\n\t<\/div>\n\t<p class='contact-submit'>\n<div class=\"contact-form__error\" data-wp-class--show-errors=\"state.showFormErrors\"><span class=\"contact-form__warning-icon\"><span class=\"visually-hidden\">Aten\u00e7\u00e3o.<\/span><i aria-hidden=\"true\"><\/i><\/span>\n\t\t\t\t<span data-wp-text=\"state.getFormErrorMessage\"><\/span>\n\t\t\t\t<ul>\n\t\t\t\t<template data-wp-each=\"state.getErrorList\" data-wp-key=\"context.item.id\">\n\t\t\t\t\t<li><a data-wp-bind--href=\"context.item.anchor\" data-wp-on--click=\"actions.scrollIntoView\" data-wp-text=\"context.item.label\"><\/a><\/li>\n\t\t\t\t<\/template>\n\t\t\t\t<\/ul><\/div><div class=\"contact-form__error\" data-wp-class--show-errors=\"state.showSubmissionError\" data-wp-text=\"context.submissionError\"><\/div>\t\t<button type='submit' class='pushbutton-wide'>Enviar<\/button>\t\t<input type='hidden' name='contact-form-id' value='30048' \/>\n\t\t<input type='hidden' name='action' value='grunion-contact-form' \/>\n\t\t<input type='hidden' name='contact-form-hash' value='e827e4db7ae274e60737bafb777dad869eae41e8' \/>\n\t<\/p>\n<p style=\"display: none !important;\" class=\"akismet-fields-container\" data-prefix=\"ak_\"><label>&#916;<textarea name=\"ak_hp_textarea\" cols=\"45\" rows=\"8\" maxlength=\"100\"><\/textarea><\/label><input type=\"hidden\" id=\"ak_js_1\" name=\"ak_js\" value=\"48\"\/><script>document.getElementById( \"ak_js_1\" ).setAttribute( \"value\", ( new Date() ).getTime() );<\/script><\/p><\/form>\n<\/div>\n","protected":false},"excerpt":{"rendered":"<p>Trazendo refer\u00eancias ocidentais o anime Gachiakuta se destaca fora do Jap\u00e3o e causa controversas no Oriente\u00a0 \u00a0 \u00a0 \u00a0 Por Gustavo Oliveira\u00a0 \u00a0 \u00a0 \u00a0 \u00a0 A arte sempre esteve profundamente ligada \u00e0 cultura. Quando pensamos em um pa\u00eds ou regi\u00e3o, s\u00e3o justamente os costumes, as cores e os s\u00edmbolos mais recorrentes que moldam o &hellip; <\/p>\n<p><a class=\"more-link btn\" href=\"https:\/\/wp.ufpel.edu.br\/artenosul\/2025\/12\/02\/a-obra-oriental-que-se-conectou-ao-ocidente\/\">Continue lendo<\/a><\/p>\n","protected":false},"author":571,"featured_media":30053,"comment_status":"closed","ping_status":"closed","sticky":false,"template":"","format":"standard","meta":{"jetpack_post_was_ever_published":false,"_jetpack_newsletter_access":"","_jetpack_dont_email_post_to_subs":false,"_jetpack_newsletter_tier_id":0,"_jetpack_memberships_contains_paywalled_content":false,"_jetpack_memberships_contains_paid_content":false,"footnotes":"","jetpack_publicize_message":"","jetpack_publicize_feature_enabled":true,"jetpack_social_post_already_shared":true,"jetpack_social_options":{"image_generator_settings":{"template":"highway","default_image_id":0,"font":"","enabled":false},"version":2}},"categories":[112,83,315],"tags":[2970,3046,3045,3047,3044,71,3048,86,2199,3043],"class_list":["post-30048","post","type-post","status-publish","format-standard","has-post-thumbnail","hentry","category-cinema","category-literatura","category-opiniao","tag-anime","tag-chainsaw-man","tag-demon-slayer","tag-gachiakuta","tag-gustavo-oliveira","tag-hip-hop","tag-kei-urana","tag-literatura","tag-manga","tag-manga-japones","nodate","item-wrap"],"jetpack_publicize_connections":[],"jetpack_featured_media_url":"https:\/\/wp.ufpel.edu.br\/artenosul\/files\/2025\/12\/Imagem3.png","jetpack_sharing_enabled":true,"jetpack_likes_enabled":true,"jetpack_shortlink":"https:\/\/wp.me\/p6PuxQ-7OE","jetpack-related-posts":[{"id":7654,"url":"https:\/\/wp.ufpel.edu.br\/artenosul\/2017\/11\/13\/anime-do-japao-para-o-mundo\/","url_meta":{"origin":30048,"position":0},"title":"Anime: do Jap\u00e3o para o mundo","author":"artenosul","date":"13 de novembro de 2017","format":false,"excerpt":"\u00a0 Sara Carulina Silva da Rosa Que a cultura japonesa est\u00e1 em quase, se n\u00e3o em todos os lugares do mundo, n\u00e3o se tem d\u00favida. Que comidas, roupas, acess\u00f3rios e principalmente tecnologias oriundas do Jap\u00e3o est\u00e3o incorporadas na cultura mundial, devido \u00e0 globaliza\u00e7\u00e3o, n\u00e3o h\u00e1 o que questionar. Mas ainda\u2026","rel":"","context":"Em &quot;ARTES VISUAIS&quot;","block_context":{"text":"ARTES VISUAIS","link":"https:\/\/wp.ufpel.edu.br\/artenosul\/category\/artes-visuais\/"},"img":{"alt_text":"","src":"https:\/\/i0.wp.com\/wp.ufpel.edu.br\/artenosul\/files\/2017\/11\/Sara1-e1510566531201.jpg?resize=350%2C200&ssl=1","width":350,"height":200,"srcset":"https:\/\/i0.wp.com\/wp.ufpel.edu.br\/artenosul\/files\/2017\/11\/Sara1-e1510566531201.jpg?resize=350%2C200&ssl=1 1x, https:\/\/i0.wp.com\/wp.ufpel.edu.br\/artenosul\/files\/2017\/11\/Sara1-e1510566531201.jpg?resize=525%2C300&ssl=1 1.5x"},"classes":[]},{"id":11596,"url":"https:\/\/wp.ufpel.edu.br\/artenosul\/2022\/05\/17\/pachinko-marca-sucesso-de-filmes-com-temas-sul-coreanos\/","url_meta":{"origin":30048,"position":1},"title":"\u201cPachinko\u201d marca sucesso de filmes com temas sul-coreanos","author":"artenosul","date":"17 de maio de 2022","format":false,"excerpt":"Por Andrea Cardoso da Silva\u00a0\u00a0\u00a0\u00a0\u00a0\u00a0 O pa\u00eds vem difundindo sua arte nos \u00faltimos anos e em 2021 investiu cerca de R$ 31 bilh\u00f5es em cultura, turismo e esporte H\u00e1 dez anos, em 2012, o cantor sul-coreano PSY emplacou o hit musical \u201cGangnam Style\u201d, e desde ent\u00e3o, as produ\u00e7\u00f5es do pa\u00eds\u2026","rel":"","context":"Em &quot;NOT\u00cdCIAS&quot;","block_context":{"text":"NOT\u00cdCIAS","link":"https:\/\/wp.ufpel.edu.br\/artenosul\/category\/noticias\/"},"img":{"alt_text":"","src":"https:\/\/i0.wp.com\/wp.ufpel.edu.br\/artenosul\/files\/2022\/05\/Pachinko-serie-Apple-TV-696x394-1.jpg?resize=350%2C200&ssl=1","width":350,"height":200,"srcset":"https:\/\/i0.wp.com\/wp.ufpel.edu.br\/artenosul\/files\/2022\/05\/Pachinko-serie-Apple-TV-696x394-1.jpg?resize=350%2C200&ssl=1 1x, https:\/\/i0.wp.com\/wp.ufpel.edu.br\/artenosul\/files\/2022\/05\/Pachinko-serie-Apple-TV-696x394-1.jpg?resize=525%2C300&ssl=1 1.5x"},"classes":[]},{"id":27335,"url":"https:\/\/wp.ufpel.edu.br\/artenosul\/2024\/10\/17\/festa-em-sao-lourenco-do-sul-celebra-literatura-e-livros\/","url_meta":{"origin":30048,"position":2},"title":"Festa em S\u00e3o Louren\u00e7o do Sul celebra literatura e livros","author":"artenosul","date":"17 de outubro de 2024","format":false,"excerpt":"Promo\u00e7\u00e3o do Centro de Escritores Lourencianos acontece a partir do dia 22 e ter\u00e1 caminhada liter\u00e1ria na abertura \u00a0 \u00a0 O Centro de Escritores Lourencianos (CEL) realiza de 22 a 25 de outubro a 3\u00aa edi\u00e7\u00e3o da Festa da Literatura e da Cultura em S\u00e3o Louren\u00e7o do Sul. A programa\u00e7\u00e3o\u2026","rel":"","context":"Em &quot;COMUNIDADE&quot;","block_context":{"text":"COMUNIDADE","link":"https:\/\/wp.ufpel.edu.br\/artenosul\/category\/comunidade\/"},"img":{"alt_text":"","src":"https:\/\/i0.wp.com\/wp.ufpel.edu.br\/artenosul\/files\/2024\/10\/Biblioteca-do-CEL--scaled.jpg?resize=350%2C200&ssl=1","width":350,"height":200,"srcset":"https:\/\/i0.wp.com\/wp.ufpel.edu.br\/artenosul\/files\/2024\/10\/Biblioteca-do-CEL--scaled.jpg?resize=350%2C200&ssl=1 1x, https:\/\/i0.wp.com\/wp.ufpel.edu.br\/artenosul\/files\/2024\/10\/Biblioteca-do-CEL--scaled.jpg?resize=525%2C300&ssl=1 1.5x, https:\/\/i0.wp.com\/wp.ufpel.edu.br\/artenosul\/files\/2024\/10\/Biblioteca-do-CEL--scaled.jpg?resize=700%2C400&ssl=1 2x, https:\/\/i0.wp.com\/wp.ufpel.edu.br\/artenosul\/files\/2024\/10\/Biblioteca-do-CEL--scaled.jpg?resize=1050%2C600&ssl=1 3x, https:\/\/i0.wp.com\/wp.ufpel.edu.br\/artenosul\/files\/2024\/10\/Biblioteca-do-CEL--scaled.jpg?resize=1400%2C800&ssl=1 4x"},"classes":[]},{"id":8630,"url":"https:\/\/wp.ufpel.edu.br\/artenosul\/2020\/07\/21\/sesc-promove-arte-e-cultura-em-casa\/","url_meta":{"origin":30048,"position":3},"title":"Sesc promove arte e cultura em casa","author":"artenosul","date":"21 de julho de 2020","format":false,"excerpt":"Por Ana Cl\u00e1udia Rodrigues Ao longo do m\u00eas de julho o Senac RS est\u00e1 promovendo uma s\u00e9rie de atividades culturais ao vivo para promover a arte e cultura em casa. O projeto, que se chama Arte Sesc - Em casa com voc\u00ea, conta com uma variedade de atividades como workshops,\u2026","rel":"","context":"Em &quot;COMUNIDADE&quot;","block_context":{"text":"COMUNIDADE","link":"https:\/\/wp.ufpel.edu.br\/artenosul\/category\/comunidade\/"},"img":{"alt_text":"","src":"https:\/\/i0.wp.com\/wp.ufpel.edu.br\/artenosul\/files\/2020\/07\/23-07-Rapajador-Miniatura-site.png?resize=350%2C200&ssl=1","width":350,"height":200,"srcset":"https:\/\/i0.wp.com\/wp.ufpel.edu.br\/artenosul\/files\/2020\/07\/23-07-Rapajador-Miniatura-site.png?resize=350%2C200&ssl=1 1x, https:\/\/i0.wp.com\/wp.ufpel.edu.br\/artenosul\/files\/2020\/07\/23-07-Rapajador-Miniatura-site.png?resize=525%2C300&ssl=1 1.5x, https:\/\/i0.wp.com\/wp.ufpel.edu.br\/artenosul\/files\/2020\/07\/23-07-Rapajador-Miniatura-site.png?resize=700%2C400&ssl=1 2x, https:\/\/i0.wp.com\/wp.ufpel.edu.br\/artenosul\/files\/2020\/07\/23-07-Rapajador-Miniatura-site.png?resize=1050%2C600&ssl=1 3x"},"classes":[]},{"id":7921,"url":"https:\/\/wp.ufpel.edu.br\/artenosul\/2017\/12\/24\/a-cena-eletronica-em-pelotas\/","url_meta":{"origin":30048,"position":4},"title":"A cena eletr\u00f4nica em Pelotas","author":"artenosul","date":"24 de dezembro de 2017","format":false,"excerpt":"Carolina \u00c1vila \u00a0 \u00a0 \u00a0Engana-se quem acha que o Brasil \u00e9 somente o pa\u00eds do samba, sertanejo, bossa nova e funk. Outro g\u00eanero vem ganhando cada vez mais destaque: a m\u00fasica eletr\u00f4nica. Ela est\u00e1 conquistando cada vez mais espa\u00e7o no Pa\u00eds e no mundo. S\u00e3o diversos artistas nacionais e internacionais\u2026","rel":"","context":"Em &quot;M\u00daSICA&quot;","block_context":{"text":"M\u00daSICA","link":"https:\/\/wp.ufpel.edu.br\/artenosul\/category\/musica\/"},"img":{"alt_text":"","src":"https:\/\/i0.wp.com\/wp.ufpel.edu.br\/artenosul\/files\/2017\/12\/Carolina1.jpg?resize=350%2C200&ssl=1","width":350,"height":200,"srcset":"https:\/\/i0.wp.com\/wp.ufpel.edu.br\/artenosul\/files\/2017\/12\/Carolina1.jpg?resize=350%2C200&ssl=1 1x, https:\/\/i0.wp.com\/wp.ufpel.edu.br\/artenosul\/files\/2017\/12\/Carolina1.jpg?resize=525%2C300&ssl=1 1.5x, https:\/\/i0.wp.com\/wp.ufpel.edu.br\/artenosul\/files\/2017\/12\/Carolina1.jpg?resize=700%2C400&ssl=1 2x"},"classes":[]},{"id":10211,"url":"https:\/\/wp.ufpel.edu.br\/artenosul\/2021\/11\/15\/obra-valoriza-a-arte-de-mulheres-negras-da-regiao-sul\/","url_meta":{"origin":30048,"position":5},"title":"Obra valoriza a arte de mulheres negras da regi\u00e3o Sul","author":"artenosul","date":"15 de novembro de 2021","format":false,"excerpt":"Por Gabriella Cazarotti\u00a0 \u00a0 \u00a0 E-book \u201cDo Fogo que Arde em N\u00f3s\u201d registra poeticamente viv\u00eancias de autoras ga\u00fachas\u00a0\u00a0\u00a0\u00a0 A pesquisa de mestrado de Ediane Oliveira rendeu muito mais do que conte\u00fado acad\u00eamico. A jornalista e militante dos movimentos negros percebeu que o material que ela vinha estudando desde 2019 era\u2026","rel":"","context":"Em &quot;LITERATURA&quot;","block_context":{"text":"LITERATURA","link":"https:\/\/wp.ufpel.edu.br\/artenosul\/category\/literatura\/"},"img":{"alt_text":"","src":"https:\/\/i0.wp.com\/wp.ufpel.edu.br\/artenosul\/files\/2021\/11\/Imagem3.png?resize=350%2C200&ssl=1","width":350,"height":200},"classes":[]}],"_links":{"self":[{"href":"https:\/\/wp.ufpel.edu.br\/artenosul\/wp-json\/wp\/v2\/posts\/30048","targetHints":{"allow":["GET"]}}],"collection":[{"href":"https:\/\/wp.ufpel.edu.br\/artenosul\/wp-json\/wp\/v2\/posts"}],"about":[{"href":"https:\/\/wp.ufpel.edu.br\/artenosul\/wp-json\/wp\/v2\/types\/post"}],"author":[{"embeddable":true,"href":"https:\/\/wp.ufpel.edu.br\/artenosul\/wp-json\/wp\/v2\/users\/571"}],"replies":[{"embeddable":true,"href":"https:\/\/wp.ufpel.edu.br\/artenosul\/wp-json\/wp\/v2\/comments?post=30048"}],"version-history":[{"count":3,"href":"https:\/\/wp.ufpel.edu.br\/artenosul\/wp-json\/wp\/v2\/posts\/30048\/revisions"}],"predecessor-version":[{"id":30059,"href":"https:\/\/wp.ufpel.edu.br\/artenosul\/wp-json\/wp\/v2\/posts\/30048\/revisions\/30059"}],"wp:featuredmedia":[{"embeddable":true,"href":"https:\/\/wp.ufpel.edu.br\/artenosul\/wp-json\/wp\/v2\/media\/30053"}],"wp:attachment":[{"href":"https:\/\/wp.ufpel.edu.br\/artenosul\/wp-json\/wp\/v2\/media?parent=30048"}],"wp:term":[{"taxonomy":"category","embeddable":true,"href":"https:\/\/wp.ufpel.edu.br\/artenosul\/wp-json\/wp\/v2\/categories?post=30048"},{"taxonomy":"post_tag","embeddable":true,"href":"https:\/\/wp.ufpel.edu.br\/artenosul\/wp-json\/wp\/v2\/tags?post=30048"}],"curies":[{"name":"wp","href":"https:\/\/api.w.org\/{rel}","templated":true}]}}