{"id":29693,"date":"2025-10-22T23:29:19","date_gmt":"2025-10-23T02:29:19","guid":{"rendered":"https:\/\/wp.ufpel.edu.br\/artenosul\/?p=29693"},"modified":"2025-10-22T23:29:19","modified_gmt":"2025-10-23T02:29:19","slug":"drama-conta-vitorias-e-percalcos-do-pioneiro-mark-kerr","status":"publish","type":"post","link":"https:\/\/wp.ufpel.edu.br\/artenosul\/2025\/10\/22\/drama-conta-vitorias-e-percalcos-do-pioneiro-mark-kerr\/","title":{"rendered":"Drama conta vit\u00f3rias e percal\u00e7os do pioneiro Mark Kerr"},"content":{"rendered":"<p style=\"text-align: center;\"><span style=\"color: #000080;\"><em><span style=\"font-family: arial, helvetica, sans-serif;\"><strong>Lan\u00e7ado neste ano, filme \u201cThe Smashing Machine: Cora\u00e7\u00e3o de lutador\u201d mostra os dilemas de um esporte controverso\u00a0 \u00a0 \u00a0 \u00a0<\/strong><\/span><\/em><\/span><\/p>\n<p style=\"text-align: right;\"><span style=\"color: #000080;\"><em><span style=\"font-family: arial, helvetica, sans-serif;\"><strong>Por Francisco Maihub\u00a0 \u00a0 \u00a0<\/strong><\/span><\/em><\/span><\/p>\n<p>&nbsp;<\/p>\n<div id=\"attachment_29695\" style=\"width: 835px\" class=\"wp-caption aligncenter\"><img loading=\"lazy\" decoding=\"async\" aria-describedby=\"caption-attachment-29695\" class=\" wp-image-29695\" src=\"https:\/\/wp.ufpel.edu.br\/artenosul\/files\/2025\/10\/Imagem2b-500x321.jpg\" alt=\"\" width=\"835\" height=\"536\" srcset=\"https:\/\/wp.ufpel.edu.br\/artenosul\/files\/2025\/10\/Imagem2b-500x321.jpg 500w, https:\/\/wp.ufpel.edu.br\/artenosul\/files\/2025\/10\/Imagem2b-300x193.jpg 300w, https:\/\/wp.ufpel.edu.br\/artenosul\/files\/2025\/10\/Imagem2b.jpg 554w\" sizes=\"auto, (max-width: 835px) 100vw, 835px\" \/><p id=\"caption-attachment-29695\" class=\"wp-caption-text\"><span style=\"font-family: arial, helvetica, sans-serif;\"><strong><span style=\"color: #0000ff;\">O verdadeiro Mark Kerr no inicio de sua carreira e o ator Dwayne Johnson que faz o seu papel\u00a0 \u00a0 \u00a0Fotos: Divulga\u00e7\u00e3o<\/span><\/strong><\/span><\/p><\/div>\n<p style=\"text-align: right;\"><span style=\"color: #000080;\"><em><span style=\"font-family: arial, helvetica, sans-serif;\"><strong>\u00a0 \u00a0<\/strong><\/span><\/em><\/span><\/p>\n<p style=\"text-align: justify;\"><span style=\"font-family: arial, helvetica, sans-serif;\">O filme \u201cCora\u00e7\u00e3o de lutador: The Smashing Machine\u201d \u00e9 um drama esportivo baseado na hist\u00f3ria do lend\u00e1rio lutador pioneiro do MMA Mark Kerr, lan\u00e7ado em 2025. Foi escrito, dirigido e produzido por Benny Sofdie e estrelado por Dwayne Johnson, que faz o papel do Mark Kerr, e com Emily Blunt, que interpreta a Dawn Staples, namorada de Mark Kerr. Aviso para os internautas: esta resenha cont\u00e9m <em>spoilers<\/em>.<\/span><\/p>\n<p style=\"text-align: justify;\"><span style=\"font-family: arial, helvetica, sans-serif;\">A produ\u00e7\u00e3o \u00e9 baseada na biografia de Mark Kerr, lutador pioneiro do MMA e UFC. Ele lutou no Brasil no evento World Vale Tudo Championship 3, em janeiro de 1997. O Vale Tudo \u00e9 uma modalidade esportiva de combate, de contato corporal total e com poucas regras, precursor das modernas artes marciais mistas (MMA). A apari\u00e7\u00e3o de Kerr foi muito aguardada na \u00e9poca, j\u00e1 que ele era um dos favoritos. Ap\u00f3s seu sucesso no Brasil, o atleta foi convidado para lutar no Ultimate Fighting Championships (UFC), e foi duas vezes campe\u00e3o do torneio peso pesado do UFC, al\u00e9m de ser eternizado no Hall da Fama.<\/span><\/p>\n<p>&nbsp;<\/p>\n<div id=\"attachment_29696\" style=\"width: 736px\" class=\"wp-caption aligncenter\"><img loading=\"lazy\" decoding=\"async\" aria-describedby=\"caption-attachment-29696\" class=\" wp-image-29696\" src=\"https:\/\/wp.ufpel.edu.br\/artenosul\/files\/2025\/10\/the-smashing-machine-plano-critico-500x333.jpg\" alt=\"\" width=\"736\" height=\"490\" srcset=\"https:\/\/wp.ufpel.edu.br\/artenosul\/files\/2025\/10\/the-smashing-machine-plano-critico-500x333.jpg 500w, https:\/\/wp.ufpel.edu.br\/artenosul\/files\/2025\/10\/the-smashing-machine-plano-critico-300x200.jpg 300w, https:\/\/wp.ufpel.edu.br\/artenosul\/files\/2025\/10\/the-smashing-machine-plano-critico-768x512.jpg 768w, https:\/\/wp.ufpel.edu.br\/artenosul\/files\/2025\/10\/the-smashing-machine-plano-critico-855x570.jpg 855w, https:\/\/wp.ufpel.edu.br\/artenosul\/files\/2025\/10\/the-smashing-machine-plano-critico.jpg 1170w\" sizes=\"auto, (max-width: 736px) 100vw, 736px\" \/><p id=\"caption-attachment-29696\" class=\"wp-caption-text\"><span style=\"font-family: arial, helvetica, sans-serif;\"><strong><span style=\"color: #0000ff;\">Carreira de Mark Kerr tem como marco competi\u00e7\u00e3o ocorrida em S\u00e3o Paulo<\/span><\/strong><\/span><\/p><\/div>\n<p>&nbsp;<\/p>\n<p style=\"text-align: justify;\"><span style=\"font-family: arial, helvetica, sans-serif;\">O filme come\u00e7a com o lutador se apresentando no evento Vale Tudo em S\u00e3o Paulo, em 1997, quando estreou na sua primeira luta profissional contra Paul Varelans, derrotado com uma joelhada, marcando assim o in\u00edcio da sua carreira hist\u00f3rica. Ele \u00e9 mostrado vitorioso, dando entrevista aos jornalistas. Mas, em seguida, em uma conversa com uma senhora, ouve ela dizer que n\u00e3o consegue assistir uma luta profissional por ser brutal e sangrenta. Ent\u00e3o, um menino que estava com ela pede seu aut\u00f3grafo e Mark o aconselha n\u00e3o se envolver em brigas. Mark Kerr mostra, assim, que apesar da brutalidade dos eventos de luta, \u00e9 uma pessoa diferente fora dos ringues.<\/span><\/p>\n<p style=\"text-align: justify;\"><span style=\"font-family: arial, helvetica, sans-serif;\">Vemos a rotina do lutador, seu relacionamento complicado com Dawn, sua namorada envolvida nas tarefas dom\u00e9sticas. Como parte do seu cotidiano, ele injeta em si mesmo um opioide que \u00e9 identificado no frasco como altamente viciante, o que lhe trar\u00e1 futuros problemas.<\/span><\/p>\n<p style=\"text-align: justify;\"><span style=\"font-family: arial, helvetica, sans-serif;\">Viaja para o Jap\u00e3o rumo \u00e0 sua pr\u00f3xima luta, pela qual discute seu sal\u00e1rio com empres\u00e1rios japoneses. Ali vai aparecer, participando do mesmo torneio, seu amigo Mark Coleman (interpretado pelo ator Ryan Bader), o lutador profissional que conta a amizade entre os dois desde 1988.<\/span><\/p>\n<p style=\"text-align: justify;\"><span style=\"font-family: arial, helvetica, sans-serif;\">Mark Kerr resolve comprar um vaso decorado no Jap\u00e3o para presentear sua namorada, quando \u00e9 questionado por um jornalista sobre a possibilidade de perder a luta contra o ucraniano Igor Vovchamchyn, seu pr\u00f3ximo advers\u00e1rio. Kerr apenas diz que nunca perdeu uma luta e n\u00e3o saberia responder se perdesse. Durante uma coletiva de imprensa no evento Pride, \u00e9 anunciada a mudan\u00e7a de regras no esporte de combate, no qual passar\u00e1 a ser proibido morder, atingir os olhos com os dedos, joelhada e chute no rosto do oponente.<\/span><\/p>\n<p>&nbsp;<\/p>\n<div id=\"attachment_29697\" style=\"width: 557px\" class=\"wp-caption aligncenter\"><img loading=\"lazy\" decoding=\"async\" aria-describedby=\"caption-attachment-29697\" class=\"wp-image-29697 \" src=\"https:\/\/wp.ufpel.edu.br\/artenosul\/files\/2025\/10\/Imagem1b-500x462.jpg\" alt=\"\" width=\"557\" height=\"515\" srcset=\"https:\/\/wp.ufpel.edu.br\/artenosul\/files\/2025\/10\/Imagem1b-500x462.jpg 500w, https:\/\/wp.ufpel.edu.br\/artenosul\/files\/2025\/10\/Imagem1b-300x277.jpg 300w, https:\/\/wp.ufpel.edu.br\/artenosul\/files\/2025\/10\/Imagem1b.jpg 567w\" sizes=\"auto, (max-width: 557px) 100vw, 557px\" \/><p id=\"caption-attachment-29697\" class=\"wp-caption-text\"><span style=\"font-family: arial, helvetica, sans-serif;\"><strong><span style=\"color: #0000ff;\">Apesar de parecer invenc\u00edvel, vit\u00f3rias e derrotas fazem parte do cotidiano do atleta<\/span><\/strong><\/span><\/p><\/div>\n<p>&nbsp;<\/p>\n<p style=\"text-align: justify;\"><span style=\"font-family: arial, helvetica, sans-serif;\">Durante a luta, Mark Kerr \u00e9 derrotado pelo tem\u00edvel Igor com socos e joelhadas na cabe\u00e7a. Tentou contestar o resultado na luta, pedindo falta e reclamando do \u00e1rbitro, e vai para o vesti\u00e1rio chorando por causa da sua primeira derrota. A namorada Dawn assumiu um pouco da culpa ao confidenciar a Mark Coleman que levou Kerr para beber na pr\u00e9-estreia da luta. Mas, devido \u00e0s infra\u00e7\u00f5es de Igor, a competi\u00e7\u00e3o \u00e9 anulada como &#8220;luta sem resultado&#8221;. Mesmo assim, Kerr n\u00e3o ficou muito satisfeito, pois ele diz que &#8220;n\u00e3o luta para ter lutas sem resultado&#8221;.<\/span><\/p>\n<p style=\"text-align: justify;\"><span style=\"font-family: arial, helvetica, sans-serif;\">O atleta discute e briga com sua namorada, sofre uma overdose de rem\u00e9dios e \u00e9 levado por uma ambul\u00e2ncia. No dia seguinte, seu amigo Mark Coleman o visita e diz pra Mark Kerr mudar seu comportamento, conselho com o qual Kerr concorda. Seu amigo tem um posicionamento realista. Ao ser perguntado por um jornalista sobre continuar lutando e qual seria a sua motiva\u00e7\u00e3o, Coleman assume que \u00e9 a necessidade de sustentar a sua fam\u00edlia.<\/span><\/p>\n<p style=\"text-align: justify;\"><span style=\"font-family: arial, helvetica, sans-serif;\">Mark Kerr leva sua companheira ao parque de divers\u00f5es. Em seguida, os dois novamente brigam, e ela acaba quebrando o pr\u00f3prio vaso que ele comprou para ela no Jap\u00e3o.<\/span><\/p>\n<p style=\"text-align: justify;\"><span style=\"font-family: arial, helvetica, sans-serif;\">Kerr participa no dia seguinte de uma coletiva de imprensa e responde \u00e0s perguntas sobre o torneio que vai decidir o melhor lutador do mundo. No evento de luta Pride Grand Prix no Jap\u00e3o, em 2000, uma das principais lutas \u00e9 a do Mark Kerr versus Enson Inoue, na qual Kerr vence, para a alegria dos f\u00e3s.<\/span><\/p>\n<p style=\"text-align: justify;\"><span style=\"font-family: arial, helvetica, sans-serif;\">Ao chegar no vesti\u00e1rio, ele \u00e9 recebido por sua namorada entregando o vaso que ela tinha espatifado, agora com as partes coladas. Foi mencionada a arte japonesa conhecida como Kintsugi,\u00a0 dizendo que um objeto se torna mais lindo e significativo, ao ser consertado depois de passar por uma quebra.<\/span><\/p>\n<p style=\"text-align: justify;\"><span style=\"font-family: arial, helvetica, sans-serif;\">Kerr raspa a cabe\u00e7a e surpreende sua parceira. Logo depois, eles t\u00eam outra briga, ap\u00f3s ela perguntar sobre a liga\u00e7\u00e3o telef\u00f4nica de seu amigo e treinador, falando que ele deve ir ao Jap\u00e3o sem a presen\u00e7a da sua namorada. Dawn amea\u00e7a cometer suic\u00eddio com uma arma. Mark Kerr consegue impedir, embora Dawn seja internada em um centro de assist\u00eancia social.<\/span><\/p>\n<p style=\"text-align: justify;\"><span style=\"font-family: arial, helvetica, sans-serif;\">Mark Coleman, amigo de Kerr, vence o advers\u00e1rio Akira Shaji e se classifica para a final do torneio. Em contraste, Kerr \u00e9 derrotado pelo Kazuyuki Fujita e, assim, eliminado do torneio ficando sem o pr\u00eamio. A final do torneio fica entre seu amigo Mark Coleman versus Igor Vovchamchyn, na qual Coleman vence e se torna o campe\u00e3o do torneio em T\u00f3quio<\/span><\/p>\n<p style=\"text-align: justify;\"><span style=\"font-family: arial, helvetica, sans-serif;\">O filme termina com o verdadeiro Mark Kerr fazendo compras no mercado no Arizona, Estados Unidos em 2025. E os cr\u00e9ditos finais dizem que Mark Kerr e sua namorada Dawn voltaram, casaram-se e tiveram um filho. O atleta se aposentou em 2009, mas junto a Mark Coleman, foi um dos grandes pioneiros do esporte. Os nomes dos dois atletas est\u00e3o na mem\u00f3ria dos f\u00e3s do esporte e o filme encerra com o verdadeiro Mark Kerr levando as compras para o carro e indo embora&#8230;<\/span><\/p>\n<p>&nbsp;<\/p>\n<div id=\"attachment_29698\" style=\"width: 803px\" class=\"wp-caption aligncenter\"><img loading=\"lazy\" decoding=\"async\" aria-describedby=\"caption-attachment-29698\" class=\" wp-image-29698\" src=\"https:\/\/wp.ufpel.edu.br\/artenosul\/files\/2025\/10\/Imagem3b.jpg\" alt=\"\" width=\"803\" height=\"498\" srcset=\"https:\/\/wp.ufpel.edu.br\/artenosul\/files\/2025\/10\/Imagem3b.jpg 450w, https:\/\/wp.ufpel.edu.br\/artenosul\/files\/2025\/10\/Imagem3b-300x186.jpg 300w\" sizes=\"auto, (max-width: 803px) 100vw, 803px\" \/><p id=\"caption-attachment-29698\" class=\"wp-caption-text\"><span style=\"font-family: arial, helvetica, sans-serif;\"><strong><span style=\"color: #0000ff;\">O pr\u00f3prio Mark Kerr tem participado ao lado do ator Dwayne Johnson na campanha de divulga\u00e7\u00e3o do filme<\/span><\/strong><\/span><\/p><\/div>\n<p>&nbsp;<\/p>\n<p style=\"text-align: justify;\"><span style=\"color: #0000ff;\"><strong><span style=\"font-family: arial, helvetica, sans-serif;\">Ficha T\u00e9cnica<\/span><\/strong><\/span><\/p>\n<p style=\"text-align: justify;\"><span style=\"font-family: arial, helvetica, sans-serif;\"><span style=\"color: #0000ff;\"><strong>Proced\u00eancia:<\/strong> <\/span>Estados Unidos<\/span><\/p>\n<p style=\"text-align: justify;\"><span style=\"font-family: arial, helvetica, sans-serif;\"><span style=\"color: #0000ff;\"><strong>Ano:<\/strong><\/span> 2025<\/span><\/p>\n<p style=\"text-align: justify;\"><span style=\"font-family: arial, helvetica, sans-serif;\"><span style=\"color: #0000ff;\"><strong>Dura\u00e7\u00e3o:<\/strong><\/span> 123 minutos<\/span><\/p>\n<p style=\"text-align: justify;\"><span style=\"font-family: arial, helvetica, sans-serif;\"><span style=\"color: #0000ff;\"><strong>G\u00eanero:<\/strong> <\/span>drama esportivo<\/span><\/p>\n<p style=\"text-align: justify;\"><span style=\"font-family: arial, helvetica, sans-serif;\"><span style=\"color: #0000ff;\"><strong>Dire\u00e7\u00e3o:<\/strong><\/span> Benny Safdie<\/span><\/p>\n<p style=\"text-align: justify;\"><span style=\"font-family: arial, helvetica, sans-serif;\"><span style=\"color: #0000ff;\"><strong>Produ\u00e7\u00e3o:<\/strong> <\/span>Dwayne Johnson, Dany Garcia, Benny Safdie, Eli Bush e David Koplan<\/span><\/p>\n<p style=\"text-align: justify;\"><span style=\"font-family: arial, helvetica, sans-serif;\"><span style=\"color: #0000ff;\"><strong>Roteiro:<\/strong> <\/span>Benny Safdie, baseado em &#8220;The Smashing Machine: The Life and Times of Extreme Fighter Mark Kerr&#8221;, de John Hyams<\/span><\/p>\n<p style=\"text-align: justify;\"><span style=\"color: #0000ff;\"><strong><span style=\"font-family: arial, helvetica, sans-serif;\">Elenco:<\/span><\/strong><\/span><\/p>\n<p style=\"text-align: justify;\"><span style=\"font-family: arial, helvetica, sans-serif;\">Dwayne Johnson como Mark Kerr<\/span><\/p>\n<p style=\"text-align: justify;\"><span style=\"font-family: arial, helvetica, sans-serif;\">Emily Blunt como Dawn Staples<\/span><\/p>\n<p style=\"text-align: justify;\"><span style=\"font-family: arial, helvetica, sans-serif;\">Ryan Bader como Mark Coleman<\/span><\/p>\n<p style=\"text-align: justify;\"><span style=\"font-family: arial, helvetica, sans-serif;\">Bas Rutten como ele mesmo<\/span><\/p>\n<p style=\"text-align: justify;\"><span style=\"font-family: arial, helvetica, sans-serif;\">Oleksandr Usyk como Igor Vovchanchyn<\/span><\/p>\n<p style=\"text-align: justify;\"><span style=\"font-family: arial, helvetica, sans-serif;\">Lyndsey Gavin como Elizabeth Coleman<\/span><\/p>\n<p style=\"text-align: justify;\"><span style=\"font-family: arial, helvetica, sans-serif;\">Satoshi Ishii como Enson Inoue<\/span><\/p>\n<p style=\"text-align: justify;\"><span style=\"font-family: arial, helvetica, sans-serif;\"><span style=\"color: #0000ff;\"><strong>M\u00fasica:<\/strong><\/span>\u00a0 Nala Sinephro<\/span><\/p>\n<p style=\"text-align: justify;\"><span style=\"font-family: arial, helvetica, sans-serif;\"><span style=\"color: #0000ff;\"><strong>Edi\u00e7\u00e3o:<\/strong><\/span> Benny Safdie<\/span><\/p>\n<p style=\"text-align: justify;\"><a href=\"http:\/\/wp.ufpel.edu.br\/artenosul\"><span style=\"color: #0000ff;\"><strong><span style=\"font-family: arial, helvetica, sans-serif;\">PRIMEIRA P\u00c1GINA<\/span><\/strong><\/span><\/a><\/p>\n<p style=\"text-align: justify;\"><span style=\"color: #0000ff;\"><strong><span style=\"font-family: arial, helvetica, sans-serif;\">COMENT\u00c1RIOS<\/span><\/strong><\/span><\/p>\n<div data-test='contact-form'\n\t\t\tid='contact-form-29693'\n\t\t\tclass='wp-block-jetpack-contact-form-container '\n\t\t\tdata-wp-interactive='jetpack\/form' data-wp-context='{\"formId\":\"29693\",\"formHash\":\"b7185bc3caa6aa873301f3c790585b74a19a224f\",\"showErrors\":false,\"errors\":[],\"fields\":[],\"isMultiStep\":false,\"useAjax\":true,\"submissionData\":null,\"formattedSubmissionData\":[],\"submissionSuccess\":false,\"submissionError\":null,\"elementId\":\"jp-form-b7185bc3caa6aa873301f3c790585b74a19a224f\",\"isSingleInputForm\":false}'\n\t\t\tdata-wp-watch--scroll-to-wrapper=\"callbacks.scrollToWrapper\"\n\t\t>\n<div class=\"contact-form-submission contact-form-ajax-submission\" data-wp-class--submission-success=\"context.submissionSuccess\"><p class=\"go-back-message\"><a class=\"link\" role=\"button\" tabindex=\"0\" data-wp-on--click=\"actions.goBack\" href=\"\/artenosul\/wp-json\/wp\/v2\/posts\/29693\">Voltar<\/a><\/p><h4 id=\"contact-form-success-header\">Sua mensagem foi enviada<\/h4>\n\n<template data-wp-each--submission=\"context.formattedSubmissionData\">\n\t\t\t\t\t<div class=\"jetpack_forms_contact-form-success-summary\">\n\t\t\t\t\t\t<div class=\"field-name\" data-wp-text=\"context.submission.label\" data-wp-bind--hidden=\"!context.submission.label\"><\/div>\n\t\t\t\t\t\t<div class=\"field-value\" data-wp-text=\"context.submission.value\"><\/div>\n\t\t\t\t\t\t<div class=\"field-images\" data-wp-bind--hidden=\"!context.submission.images\">\n\t\t\t\t\t\t\t<template data-wp-each--image=\"context.submission.images\">\n\t\t\t\t\t\t\t\t<figure class=\"field-image\" data-wp-class--is-empty=\"!context.image\">\n\t\t\t\t\t\t\t\t\t<img data-wp-bind--src=\"context.image\" data-wp-bind--hidden=\"!context.image\" \/>\n\t\t\t\t\t\t\t\t\t<img decoding=\"async\" src=\"data:image\/gif;base64,R0lGODlhAQABAAD\/ACwAAAAAAQABAAACADs=\" data-wp-bind--hidden=\"context.image\" \/>\n\t\t\t\t\t\t\t\t<\/figure>\n\t\t\t\t\t\t\t<\/template>\n\t\t\t\t\t\t<\/div>\n\t\t\t\t\t<\/div>\n\t\t\t\t<\/template><\/div><form action='https:\/\/wp.ufpel.edu.br\/artenosul\/2025\/10\/22\/drama-conta-vitorias-e-percalcos-do-pioneiro-mark-kerr\/'\n\t\t\t\tid='jp-form-b7185bc3caa6aa873301f3c790585b74a19a224f'\n\t\t\t\tmethod='post'\n\t\t\t\tclass='contact-form commentsblock' aria-label=\"Drama conta vit\u00f3rias e percal\u00e7os do pioneiro Mark Kerr\"\n\t\t\t\tdata-wp-on--submit=\"actions.onFormSubmit\"\n\t\t\t\tdata-wp-on--reset=\"actions.onFormReset\"\n\t\t\t\tdata-wp-class--submission-success=\"context.submissionSuccess\"\n\t\t\t\tdata-wp-class--is-first-step=\"state.isFirstStep\"\n\t\t\t\tdata-wp-class--is-last-step=\"state.isLastStep\"\n\t\t\t\tdata-wp-class--is-ajax-form=\"context.useAjax\"\n\t\t\t\tnovalidate >\n<input type='hidden' name='jetpack_contact_form_jwt' value='eyJ0eXAiOiJKV1QiLCJhbGciOiJIUzI1NiJ9.eyJlbmNyeXB0ZWRfYXR0cmlidXRlcyI6IkZsWnZGREtSSXN1QXJCWEUyL3dCT1BnbmJZd2QzUkFkODFhK2I4aTY4MHAycnRaL29tbWRhc1pwMWNrTGxFQTk4ak9MOUxFeUN4d3Y3LzdaV3dpL2Z1b3BrVklhY0hFa3BjeEVybFZkK3ByZGMwb2RzZkpTblZxUDhkeEU3M01wODZyd0tic0FWYlJuZ1BjNEtIK0NYQmxDcmhMQjFSYVZFRGdaZW9Lc1Q1c2RQSmRjbjRaelpMeklMc1RRK0QzTDN5U2hOQXlWWUZQaXV1dmcrNExGaEtxeUJSVU0xbjByMnpTd3NNOTBpOURDVjRnSWhEd2VsTnhDc2VqaDZmWGJFWllUQ012QjlzSFZQSm5MU1pXMHNMZ21aYTdnUWtWWmlZVEpGbmlrRmU0VVBMZEdpNUdsbWY5b2VxZWlnSnpiNGo4d1BlcjVKeVVlWnRLcWdjbTNaY0JVWS94WUxCOGNXSXRuTEE3UUZOMFFoM0l6eHhnWk9uRnVFMHVnOWpYK3IvSEJHTGdrcExidFRsMXpEQ1VId1BPd3RCVnhjazQ5eDg5cWdXa3pwakwza3VnemJTei9OYStJSGE2UkpxWlFiblVCQVhsQ0ZEUFh2M284cHo1UlVlckkxZTdzczAydkRqNUtsbGh6VHAzS0NldWV1MnFQWktCWFlhNFJTV0VXNW4xNmFFOHhZallBdFVFVHRyNHVZa3NpVktaSHIwSGFsczQ4RUhMeWIwZXUzazRqWUFQTzV6NFJwMkl6ZzdIRTVleUc5a29IbWs5Nm9lUmtLeUFpK3hxdVhyanNWUms0M2JyZjF0YmQ5ejhuWEJlSEVrcnc5by9kazE0UUNHZHNOQWZncE50TWtZZzVST0JFZHpWampJeEEyRWlLdkJMQjNFTmdLMTBKNjlHVUtCVkdTZ2hCLzZvQ2ZNWWRRVGxZcGlCMmRuQk5KNEU3dVFJTTdTQlExNXMrMDREeFlwLytxVTZjRnJ4czNXQzFEOEd3NkxTY3JFZWs3bmtZbjY0UlZyRGtCdklwK2pTVUlCSytXMXlrYmg5TlF2bXZwZEtXYmlZVERNVXJGd2tOb05ad1dUV0llZUdBR0Q0ekFMMkdWcFdpN0hJSVRTMDc2aUkzNW9VSnFvVklPNE1ETUFmZDdYaDFET3hQOTdXT3l0V3FLc1VZM2I2RXJHcC9sd0gyTVArNWtvUjFKamJzNG92cGFqbmRRZ2NGNnNkNHRZY2YvNFZBN0Y5VyswY0NocmEvSXVQSUp1Zz0iLCJjb250ZW50IjoiW2NvbnRhY3QtZmllbGQgbGFiZWw9XCJOb21lXCIgdHlwZT1cIm5hbWVcIl1bY29udGFjdC1maWVsZCBsYWJlbD1cIkUtbWFpbFwiIHR5cGU9XCJlbWFpbFwiXVtjb250YWN0LWZpZWxkIGxhYmVsPVwiTWVuc2FnZW1cIiB0eXBlPVwidGV4dGFyZWFcIl0iLCJoYXNoIjoiYjcxODViYzNjYWE2YWE4NzMzMDFmM2M3OTA1ODViNzRhMTlhMjI0ZiIsInNvdXJjZSI6eyJlbnRyeV90aXRsZSI6IkRyYW1hIGNvbnRhIHZpdFx1MDBmM3JpYXMgZSBwZXJjYWxcdTAwZTdvcyBkbyBwaW9uZWlybyBNYXJrIEtlcnIiLCJlbnRyeV9wYWdlIjoxLCJzb3VyY2VfaWQiOjI5NjkzLCJzb3VyY2VfdHlwZSI6InNpbmdsZSIsInJlcXVlc3RfdXJsIjoiaHR0cHM6Ly93cC51ZnBlbC5lZHUuYnIvYXJ0ZW5vc3VsL3dwLWpzb24vd3AvdjIvcG9zdHMvMjk2OTMifSwidmVyc2lvbiI6MiwiY2lwaGVyIjoiYWVzLTI1Ni1nY20ifQ.XrkuPtLq58C19s--bdGb9Q8BcFl5jL6RPmH8AEZMeL4' \/>\n\n<div style=\"\"  data-wp-interactive=\"jetpack\/form\" data-wp-context='{\"fieldId\":\"g29693-nome\",\"fieldType\":\"name\",\"fieldLabel\":\"Nome\",\"fieldValue\":\"\",\"fieldPlaceholder\":\"\",\"fieldIsRequired\":\"\",\"fieldErrorMessage\":\"\",\"fieldExtra\":[],\"formHash\":\"b7185bc3caa6aa873301f3c790585b74a19a224f\"}'  class='grunion-field-name-wrap grunion-field-wrap'  data-wp-init='callbacks.initializeField' data-wp-on--jetpack-form-reset='callbacks.initializeField' >\n<label\n\t\t\t\tfor='g29693-nome' class=\"grunion-field-label name\" >Nome<\/label>\n<input\n\t\t\t\t\ttype='text'\n\t\t\t\t\tname='g29693-nome'\n\t\t\t\t\tid='g29693-nome'\n\t\t\t\t\tvalue=''\n\n\t\t\t\t\tdata-wp-bind--aria-invalid='state.fieldHasErrors'\n\t\t\t\t\tdata-wp-bind--value='state.getFieldValue'\n\t\t\t\t\taria-errormessage='g29693-nome-text-error-message'\n\t\t\t\t\tdata-wp-on--input='actions.onFieldChange'\n\t\t\t\t\tdata-wp-on--blur='actions.onFieldBlur'\n\t\t\t\t\tdata-wp-class--has-value='state.hasFieldValue'\n\n\t\t\t\t\tclass='name  grunion-field' \n\t\t\t\t\t \/>\n \n\t\t\t<div id=\"g29693-nome-text-error\" class=\"contact-form__input-error\" data-wp-class--has-errors=\"state.fieldHasErrors\">\n\t\t\t\t<span class=\"contact-form__warning-icon\">\n\t\t\t\t\t<svg width=\"16\" height=\"16\" viewBox=\"0 0 16 16\" fill=\"none\" xmlns=\"http:\/\/www.w3.org\/2000\/svg\">\n\t\t\t\t\t\t<path d=\"M8.50015 11.6402H7.50015V10.6402H8.50015V11.6402Z\" \/>\n\t\t\t\t\t\t<path d=\"M7.50015 9.64018H8.50015V6.30684H7.50015V9.64018Z\" \/>\n\t\t\t\t\t\t<path fill-rule=\"evenodd\" clip-rule=\"evenodd\" d=\"M6.98331 3.0947C7.42933 2.30177 8.57096 2.30177 9.01698 3.09469L13.8771 11.7349C14.3145 12.5126 13.7525 13.4735 12.8602 13.4735H3.14004C2.24774 13.4735 1.68575 12.5126 2.12321 11.7349L6.98331 3.0947ZM8.14541 3.58496C8.08169 3.47168 7.9186 3.47168 7.85488 3.58496L2.99478 12.2251C2.93229 12.3362 3.01257 12.4735 3.14004 12.4735H12.8602C12.9877 12.4735 13.068 12.3362 13.0055 12.2251L8.14541 3.58496Z\" \/>\n\t\t\t\t\t<\/svg>\n\t\t\t\t\t<span class=\"visually-hidden\">Aviso<\/span>\n\t\t\t\t<\/span>\n\t\t\t\t<span data-wp-text=\"state.errorMessage\" id=\"g29693-nome-text-error-message\" role=\"alert\" aria-live=\"assertive\"><\/span>\n\t\t\t<\/div> \n\t<\/div>\n\n<div style=\"\"  data-wp-interactive=\"jetpack\/form\" data-wp-context='{\"fieldId\":\"g29693-email\",\"fieldType\":\"email\",\"fieldLabel\":\"E-mail\",\"fieldValue\":\"\",\"fieldPlaceholder\":\"\",\"fieldIsRequired\":\"\",\"fieldErrorMessage\":\"\",\"fieldExtra\":[],\"formHash\":\"b7185bc3caa6aa873301f3c790585b74a19a224f\"}'  class='grunion-field-email-wrap grunion-field-wrap'  data-wp-init='callbacks.initializeField' data-wp-on--jetpack-form-reset='callbacks.initializeField' >\n<label\n\t\t\t\tfor='g29693-email' class=\"grunion-field-label email\" >E-mail<\/label>\n<input\n\t\t\t\t\ttype='email'\n\t\t\t\t\tname='g29693-email'\n\t\t\t\t\tid='g29693-email'\n\t\t\t\t\tvalue=''\n\n\t\t\t\t\tdata-wp-bind--aria-invalid='state.fieldHasErrors'\n\t\t\t\t\tdata-wp-bind--value='state.getFieldValue'\n\t\t\t\t\taria-errormessage='g29693-email-email-error-message'\n\t\t\t\t\tdata-wp-on--input='actions.onFieldChange'\n\t\t\t\t\tdata-wp-on--blur='actions.onFieldBlur'\n\t\t\t\t\tdata-wp-class--has-value='state.hasFieldValue'\n\n\t\t\t\t\tclass='email  grunion-field' \n\t\t\t\t\t \/>\n \n\t\t\t<div id=\"g29693-email-email-error\" class=\"contact-form__input-error\" data-wp-class--has-errors=\"state.fieldHasErrors\">\n\t\t\t\t<span class=\"contact-form__warning-icon\">\n\t\t\t\t\t<svg width=\"16\" height=\"16\" viewBox=\"0 0 16 16\" fill=\"none\" xmlns=\"http:\/\/www.w3.org\/2000\/svg\">\n\t\t\t\t\t\t<path d=\"M8.50015 11.6402H7.50015V10.6402H8.50015V11.6402Z\" \/>\n\t\t\t\t\t\t<path d=\"M7.50015 9.64018H8.50015V6.30684H7.50015V9.64018Z\" \/>\n\t\t\t\t\t\t<path fill-rule=\"evenodd\" clip-rule=\"evenodd\" d=\"M6.98331 3.0947C7.42933 2.30177 8.57096 2.30177 9.01698 3.09469L13.8771 11.7349C14.3145 12.5126 13.7525 13.4735 12.8602 13.4735H3.14004C2.24774 13.4735 1.68575 12.5126 2.12321 11.7349L6.98331 3.0947ZM8.14541 3.58496C8.08169 3.47168 7.9186 3.47168 7.85488 3.58496L2.99478 12.2251C2.93229 12.3362 3.01257 12.4735 3.14004 12.4735H12.8602C12.9877 12.4735 13.068 12.3362 13.0055 12.2251L8.14541 3.58496Z\" \/>\n\t\t\t\t\t<\/svg>\n\t\t\t\t\t<span class=\"visually-hidden\">Aviso<\/span>\n\t\t\t\t<\/span>\n\t\t\t\t<span data-wp-text=\"state.errorMessage\" id=\"g29693-email-email-error-message\" role=\"alert\" aria-live=\"assertive\"><\/span>\n\t\t\t<\/div> \n\t<\/div>\n\n<div style=\"\"  data-wp-interactive=\"jetpack\/form\" data-wp-context='{\"fieldId\":\"g29693-mensagem\",\"fieldType\":\"textarea\",\"fieldLabel\":\"Mensagem\",\"fieldValue\":\"\",\"fieldPlaceholder\":\"\",\"fieldIsRequired\":\"\",\"fieldErrorMessage\":\"\",\"fieldExtra\":[],\"formHash\":\"b7185bc3caa6aa873301f3c790585b74a19a224f\"}'  class='grunion-field-textarea-wrap grunion-field-wrap'  data-wp-init='callbacks.initializeField' data-wp-on--jetpack-form-reset='callbacks.initializeField' >\n<label\n\t\t\t\tfor='contact-form-comment-g29693-mensagem' class=\"grunion-field-label textarea\" >Mensagem<\/label>\n<textarea\n\t\t                style=''\n\t\t                name='g29693-mensagem'\n\t\t                id='contact-form-comment-g29693-mensagem'\n\t\t                rows='20'\n\t\t\t\t\t\tdata-wp-text='state.getFieldValue'\n\t\t\t\t\t\tdata-wp-on--input='actions.onFieldChange'\n\t\t\t\t\t\tdata-wp-on--blur='actions.onFieldBlur'\n\t\t\t\t\t\tdata-wp-class--has-value='state.hasFieldValue'\n\t\t\t\t\t\tdata-wp-bind--aria-invalid='state.fieldHasErrors'\n\t\t\t\t\t\taria-errormessage='g29693-mensagem-textarea-error-message'\n\t\t\t\t\t\tclass='textarea  grunion-field'  ><\/textarea>\n \n\t\t\t<div id=\"g29693-mensagem-textarea-error\" class=\"contact-form__input-error\" data-wp-class--has-errors=\"state.fieldHasErrors\">\n\t\t\t\t<span class=\"contact-form__warning-icon\">\n\t\t\t\t\t<svg width=\"16\" height=\"16\" viewBox=\"0 0 16 16\" fill=\"none\" xmlns=\"http:\/\/www.w3.org\/2000\/svg\">\n\t\t\t\t\t\t<path d=\"M8.50015 11.6402H7.50015V10.6402H8.50015V11.6402Z\" \/>\n\t\t\t\t\t\t<path d=\"M7.50015 9.64018H8.50015V6.30684H7.50015V9.64018Z\" \/>\n\t\t\t\t\t\t<path fill-rule=\"evenodd\" clip-rule=\"evenodd\" d=\"M6.98331 3.0947C7.42933 2.30177 8.57096 2.30177 9.01698 3.09469L13.8771 11.7349C14.3145 12.5126 13.7525 13.4735 12.8602 13.4735H3.14004C2.24774 13.4735 1.68575 12.5126 2.12321 11.7349L6.98331 3.0947ZM8.14541 3.58496C8.08169 3.47168 7.9186 3.47168 7.85488 3.58496L2.99478 12.2251C2.93229 12.3362 3.01257 12.4735 3.14004 12.4735H12.8602C12.9877 12.4735 13.068 12.3362 13.0055 12.2251L8.14541 3.58496Z\" \/>\n\t\t\t\t\t<\/svg>\n\t\t\t\t\t<span class=\"visually-hidden\">Aviso<\/span>\n\t\t\t\t<\/span>\n\t\t\t\t<span data-wp-text=\"state.errorMessage\" id=\"g29693-mensagem-textarea-error-message\" role=\"alert\" aria-live=\"assertive\"><\/span>\n\t\t\t<\/div>\n\t<\/div>\n\t<p class='contact-submit'>\n<div class=\"contact-form__error\" data-wp-class--show-errors=\"state.showFormErrors\"><span class=\"contact-form__warning-icon\"><span class=\"visually-hidden\">Aten\u00e7\u00e3o.<\/span><i aria-hidden=\"true\"><\/i><\/span>\n\t\t\t\t<span data-wp-text=\"state.getFormErrorMessage\"><\/span>\n\t\t\t\t<ul>\n\t\t\t\t<template data-wp-each=\"state.getErrorList\" data-wp-key=\"context.item.id\">\n\t\t\t\t\t<li><a data-wp-bind--href=\"context.item.anchor\" data-wp-on--click=\"actions.scrollIntoView\" data-wp-text=\"context.item.label\"><\/a><\/li>\n\t\t\t\t<\/template>\n\t\t\t\t<\/ul><\/div><div class=\"contact-form__error\" data-wp-class--show-errors=\"state.showSubmissionError\" data-wp-text=\"context.submissionError\"><\/div>\t\t<button type='submit' class='pushbutton-wide'>Enviar<\/button>\t\t<input type='hidden' name='contact-form-id' value='29693' \/>\n\t\t<input type='hidden' name='action' value='grunion-contact-form' \/>\n\t\t<input type='hidden' name='contact-form-hash' value='b7185bc3caa6aa873301f3c790585b74a19a224f' \/>\n\t<\/p>\n<p style=\"display: none !important;\" class=\"akismet-fields-container\" data-prefix=\"ak_\"><label>&#916;<textarea name=\"ak_hp_textarea\" cols=\"45\" rows=\"8\" maxlength=\"100\"><\/textarea><\/label><input type=\"hidden\" id=\"ak_js_1\" name=\"ak_js\" value=\"198\"\/><script>document.getElementById( \"ak_js_1\" ).setAttribute( \"value\", ( new Date() ).getTime() );<\/script><\/p><\/form>\n<\/div>\n","protected":false},"excerpt":{"rendered":"<p>Lan\u00e7ado neste ano, filme \u201cThe Smashing Machine: Cora\u00e7\u00e3o de lutador\u201d mostra os dilemas de um esporte controverso\u00a0 \u00a0 \u00a0 \u00a0 Por Francisco Maihub\u00a0 \u00a0 \u00a0 &nbsp; \u00a0 \u00a0 O filme \u201cCora\u00e7\u00e3o de lutador: The Smashing Machine\u201d \u00e9 um drama esportivo baseado na hist\u00f3ria do lend\u00e1rio lutador pioneiro do MMA Mark Kerr, lan\u00e7ado em 2025. Foi &hellip; <\/p>\n<p><a class=\"more-link btn\" href=\"https:\/\/wp.ufpel.edu.br\/artenosul\/2025\/10\/22\/drama-conta-vitorias-e-percalcos-do-pioneiro-mark-kerr\/\">Continue lendo<\/a><\/p>\n","protected":false},"author":571,"featured_media":29701,"comment_status":"closed","ping_status":"closed","sticky":false,"template":"","format":"standard","meta":{"jetpack_post_was_ever_published":false,"_jetpack_newsletter_access":"","_jetpack_dont_email_post_to_subs":false,"_jetpack_newsletter_tier_id":0,"_jetpack_memberships_contains_paywalled_content":false,"_jetpack_memberships_contains_paid_content":false,"footnotes":"","jetpack_publicize_message":"","jetpack_publicize_feature_enabled":true,"jetpack_social_post_already_shared":true,"jetpack_social_options":{"image_generator_settings":{"template":"highway","default_image_id":0,"font":"","enabled":false},"version":2}},"categories":[112,315],"tags":[114,2916,2915,321,2922,2923,2918,1021,2917,2920,2919,2921],"class_list":["post-29693","post","type-post","status-publish","format-standard","has-post-thumbnail","hentry","category-cinema","category-opiniao","tag-cinema","tag-coracao-de-lutador","tag-coracao-de-lutador-the-smashing-machine","tag-critica","tag-dwayne-johnson","tag-francisco-maihub","tag-mark-kerr","tag-resenha","tag-the-smashing-machine","tag-tudo","tag-vale","tag-vale-tudo","nodate","item-wrap"],"jetpack_publicize_connections":[],"jetpack_featured_media_url":"https:\/\/wp.ufpel.edu.br\/artenosul\/files\/2025\/10\/CORACAO-DE-LUTADOR-THE-SMASHING-MACHINE_Diamond-Films_02.webp","jetpack_sharing_enabled":true,"jetpack_likes_enabled":true,"jetpack_shortlink":"https:\/\/wp.me\/p6PuxQ-7IV","jetpack-related-posts":[{"id":7083,"url":"https:\/\/wp.ufpel.edu.br\/artenosul\/2017\/07\/28\/shows-nas-ruas-de-pelotas\/","url_meta":{"origin":29693,"position":0},"title":"Espet\u00e1culos nas ruas de Pelotas","author":"artenosul","date":"28 de julho de 2017","format":false,"excerpt":"F\u00e1bio \u00c1vila \u00a0 \u00a0 \u00a0O entretenimento cultural \u00e9 algo de suma import\u00e2ncia na vida das pessoas, o cinema, teatro e os shows musicais, sobretudo de modalidades mais populares. N\u00e3o diferente de tantas outras op\u00e7\u00f5es de distra\u00e7\u00e3o, os shows est\u00e3o cada vez mais caros e alguns tornam-se inacess\u00edveis \u00e0 maioria da\u2026","rel":"","context":"Em &quot;COMUNIDADE&quot;","block_context":{"text":"COMUNIDADE","link":"https:\/\/wp.ufpel.edu.br\/artenosul\/category\/comunidade\/"},"img":{"alt_text":"","src":"https:\/\/i0.wp.com\/wp.ufpel.edu.br\/artenosul\/files\/2017\/07\/3-2.png?resize=350%2C200&ssl=1","width":350,"height":200,"srcset":"https:\/\/i0.wp.com\/wp.ufpel.edu.br\/artenosul\/files\/2017\/07\/3-2.png?resize=350%2C200&ssl=1 1x, https:\/\/i0.wp.com\/wp.ufpel.edu.br\/artenosul\/files\/2017\/07\/3-2.png?resize=525%2C300&ssl=1 1.5x, https:\/\/i0.wp.com\/wp.ufpel.edu.br\/artenosul\/files\/2017\/07\/3-2.png?resize=700%2C400&ssl=1 2x"},"classes":[]},{"id":30016,"url":"https:\/\/wp.ufpel.edu.br\/artenosul\/2025\/11\/28\/wong-kar-wai-marca-a-historia-do-cinema-com-in-the-mood-for-love\/","url_meta":{"origin":29693,"position":1},"title":"Wong Kar-Wai marca a hist\u00f3ria do cinema com \u201cIn the Mood for Love\u201d","author":"artenosul","date":"28 de novembro de 2025","format":false,"excerpt":"Cinematografia oriental influencia produ\u00e7\u00e3o norte-americana tendo o sil\u00eancio como o cora\u00e7\u00e3o do tempo\u00a0\u00a0\u00a0\u00a0 \u00a0Por Gustavo Silva Fuchs\u00a0\u00a0\u00a0\u00a0\u00a0 \u00a0 \u00a0 Dirigido por Wong Kar-Wai, \u201cIn the Mood for Love\u201d completa 25 anos da sua data de lan\u00e7amento (2000). \u00c9 um dos filmes mais influentes do cinema asi\u00e1tico contempor\u00e2neo e, ao mesmo\u2026","rel":"","context":"Em &quot;CINEMA&quot;","block_context":{"text":"CINEMA","link":"https:\/\/wp.ufpel.edu.br\/artenosul\/category\/cinema\/"},"img":{"alt_text":"","src":"https:\/\/i0.wp.com\/wp.ufpel.edu.br\/artenosul\/files\/2025\/11\/FEATURE-in-the-mood-for-loveb.jpg?resize=350%2C200&ssl=1","width":350,"height":200,"srcset":"https:\/\/i0.wp.com\/wp.ufpel.edu.br\/artenosul\/files\/2025\/11\/FEATURE-in-the-mood-for-loveb.jpg?resize=350%2C200&ssl=1 1x, https:\/\/i0.wp.com\/wp.ufpel.edu.br\/artenosul\/files\/2025\/11\/FEATURE-in-the-mood-for-loveb.jpg?resize=525%2C300&ssl=1 1.5x"},"classes":[]},{"id":30312,"url":"https:\/\/wp.ufpel.edu.br\/artenosul\/2026\/02\/01\/producao-pelotense-vence-mostra-regional-da-fronteira-2026\/","url_meta":{"origin":29693,"position":2},"title":"Produ\u00e7\u00e3o pelotense vence Mostra Regional da Fronteira 2026","author":"artenosul","date":"1 de fevereiro de 2026","format":false,"excerpt":"Al\u00e9m do melhor filme \u201cO Jogo\u201d, de Pelotas, evento premiou obras de\u00a0Bag\u00e9,\u00a0Cachoeira do Sul,\u00a0Cap\u00e3o da Canoa,\u00a0Porto Alegre,\u00a0Sant\u2019Ana do Livramento\u00a0e\u00a0Uruguaiana \u200b \u00a0 A 17\u00aa edi\u00e7\u00e3o da\u00a0Mostra Regional do Festival Internacional de Cinema da Fronteira\u00a0anunciou na noite de s\u00e1bado, dia 31 de janeiro, os vencedores da edi\u00e7\u00e3o deste ano. Desde o dia\u2026","rel":"","context":"Em &quot;CINEMA&quot;","block_context":{"text":"CINEMA","link":"https:\/\/wp.ufpel.edu.br\/artenosul\/category\/cinema\/"},"img":{"alt_text":"Premiados e homenageados da 17\u00aa Mostra Regional marcaram o encerramento do festival","src":"https:\/\/i0.wp.com\/wp.ufpel.edu.br\/artenosul\/files\/2026\/02\/Premiados-da-17a-Mostra-Regional-credito-Isidoro-B.-Guggiana-scaled.jpg?resize=350%2C200&ssl=1","width":350,"height":200,"srcset":"https:\/\/i0.wp.com\/wp.ufpel.edu.br\/artenosul\/files\/2026\/02\/Premiados-da-17a-Mostra-Regional-credito-Isidoro-B.-Guggiana-scaled.jpg?resize=350%2C200&ssl=1 1x, https:\/\/i0.wp.com\/wp.ufpel.edu.br\/artenosul\/files\/2026\/02\/Premiados-da-17a-Mostra-Regional-credito-Isidoro-B.-Guggiana-scaled.jpg?resize=525%2C300&ssl=1 1.5x, https:\/\/i0.wp.com\/wp.ufpel.edu.br\/artenosul\/files\/2026\/02\/Premiados-da-17a-Mostra-Regional-credito-Isidoro-B.-Guggiana-scaled.jpg?resize=700%2C400&ssl=1 2x, https:\/\/i0.wp.com\/wp.ufpel.edu.br\/artenosul\/files\/2026\/02\/Premiados-da-17a-Mostra-Regional-credito-Isidoro-B.-Guggiana-scaled.jpg?resize=1050%2C600&ssl=1 3x, https:\/\/i0.wp.com\/wp.ufpel.edu.br\/artenosul\/files\/2026\/02\/Premiados-da-17a-Mostra-Regional-credito-Isidoro-B.-Guggiana-scaled.jpg?resize=1400%2C800&ssl=1 4x"},"classes":[]},{"id":26476,"url":"https:\/\/wp.ufpel.edu.br\/artenosul\/2024\/03\/03\/otroporto-arte-cultura-e-educacao-reunidas-em-bairro-pelotense\/","url_meta":{"origin":29693,"position":3},"title":"Otroporto: arte, cultura e educa\u00e7\u00e3o reunidas em bairro pelotense","author":"artenosul","date":"3 de mar\u00e7o de 2024","format":false,"excerpt":"Neste quinta-feira e sexta-feira ocorre o projeto Cine C\u00e9u do Porto com mostra de curta-metragens de estudantes e a presen\u00e7a do consagrado diretor ga\u00facho Jorge Furtado\u00a0 \u00a0 \u00a0 \u00a0\u00a0 Por Carolina Pereira Soares\u00a0 \u00a0 \u00a0 \u00a0 \u00a0 \u00a0 A Otroporto \u2013 Ind\u00fastria Criativa \u00e9 uma entidade sem fins lucrativos localizada\u2026","rel":"","context":"Em &quot;ARTES VISUAIS&quot;","block_context":{"text":"ARTES VISUAIS","link":"https:\/\/wp.ufpel.edu.br\/artenosul\/category\/artes-visuais\/"},"img":{"alt_text":"","src":"https:\/\/i0.wp.com\/wp.ufpel.edu.br\/artenosul\/files\/2024\/03\/Jorge_Furtado_2022_cropped.png?resize=350%2C200&ssl=1","width":350,"height":200},"classes":[]},{"id":30257,"url":"https:\/\/wp.ufpel.edu.br\/artenosul\/2026\/01\/25\/17a-mostra-regional-da-fronteira-apresenta-curta-metragens-em-bage\/","url_meta":{"origin":29693,"position":4},"title":"17\u00aa Mostra Regional da Fronteira apresenta curta-metragens em Bag\u00e9","author":"artenosul","date":"25 de janeiro de 2026","format":false,"excerpt":"De 29 de janeiro a 1\u00ba de fevereiro, haver\u00e1 sess\u00f5es de cinema, debates sobre os filmes, passeios hist\u00f3ricos e festa de Carnaval, sempre com entrada franca \u00a0 \u00a0 Na pr\u00f3xima quinta-feira, come\u00e7a a 17\u00aa Mostra Regional da Fronteira, em Bag\u00e9. Ser\u00e1 entre os dias 29 de janeiro e 1\u00ba de\u2026","rel":"","context":"Em &quot;CINEMA&quot;","block_context":{"text":"CINEMA","link":"https:\/\/wp.ufpel.edu.br\/artenosul\/category\/cinema\/"},"img":{"alt_text":"","src":"https:\/\/i0.wp.com\/wp.ufpel.edu.br\/artenosul\/files\/2026\/01\/Centro-Historico-Vila-de-Santa-Thereza-credito-Joba-Migliorinb.jpg?resize=350%2C200&ssl=1","width":350,"height":200,"srcset":"https:\/\/i0.wp.com\/wp.ufpel.edu.br\/artenosul\/files\/2026\/01\/Centro-Historico-Vila-de-Santa-Thereza-credito-Joba-Migliorinb.jpg?resize=350%2C200&ssl=1 1x, https:\/\/i0.wp.com\/wp.ufpel.edu.br\/artenosul\/files\/2026\/01\/Centro-Historico-Vila-de-Santa-Thereza-credito-Joba-Migliorinb.jpg?resize=525%2C300&ssl=1 1.5x, https:\/\/i0.wp.com\/wp.ufpel.edu.br\/artenosul\/files\/2026\/01\/Centro-Historico-Vila-de-Santa-Thereza-credito-Joba-Migliorinb.jpg?resize=700%2C400&ssl=1 2x, https:\/\/i0.wp.com\/wp.ufpel.edu.br\/artenosul\/files\/2026\/01\/Centro-Historico-Vila-de-Santa-Thereza-credito-Joba-Migliorinb.jpg?resize=1050%2C600&ssl=1 3x, https:\/\/i0.wp.com\/wp.ufpel.edu.br\/artenosul\/files\/2026\/01\/Centro-Historico-Vila-de-Santa-Thereza-credito-Joba-Migliorinb.jpg?resize=1400%2C800&ssl=1 4x"},"classes":[]},{"id":650,"url":"https:\/\/wp.ufpel.edu.br\/artenosul\/2015\/12\/06\/guido-cnr-completa-15-anos-de-carreira\/","url_meta":{"origin":29693,"position":5},"title":"Guido CNR completa 15 anos de carreira","author":"artenosul","date":"6 de dezembro de 2015","format":false,"excerpt":"Reportagem de Camila Porto e Rayssa Natale -\u00a0 Leandro Fagundes, mais conhecido como Guido CNR, \u00e9 um cantor de rap conhecido por suas melodias pesadas, que objetivam retratar a realidade e sentimentos. O cantor j\u00e1 passou por muitas coisas nesses 15 anos de carreira. Carregando o peso do preconceito, Guido\u2026","rel":"","context":"Em &quot;M\u00daSICA&quot;","block_context":{"text":"M\u00daSICA","link":"https:\/\/wp.ufpel.edu.br\/artenosul\/category\/musica\/"},"img":{"alt_text":"","src":"https:\/\/i0.wp.com\/wp.ufpel.edu.br\/artenosul\/files\/2015\/12\/Rayssa.jpg?resize=350%2C200&ssl=1","width":350,"height":200,"srcset":"https:\/\/i0.wp.com\/wp.ufpel.edu.br\/artenosul\/files\/2015\/12\/Rayssa.jpg?resize=350%2C200&ssl=1 1x, https:\/\/i0.wp.com\/wp.ufpel.edu.br\/artenosul\/files\/2015\/12\/Rayssa.jpg?resize=525%2C300&ssl=1 1.5x"},"classes":[]}],"_links":{"self":[{"href":"https:\/\/wp.ufpel.edu.br\/artenosul\/wp-json\/wp\/v2\/posts\/29693","targetHints":{"allow":["GET"]}}],"collection":[{"href":"https:\/\/wp.ufpel.edu.br\/artenosul\/wp-json\/wp\/v2\/posts"}],"about":[{"href":"https:\/\/wp.ufpel.edu.br\/artenosul\/wp-json\/wp\/v2\/types\/post"}],"author":[{"embeddable":true,"href":"https:\/\/wp.ufpel.edu.br\/artenosul\/wp-json\/wp\/v2\/users\/571"}],"replies":[{"embeddable":true,"href":"https:\/\/wp.ufpel.edu.br\/artenosul\/wp-json\/wp\/v2\/comments?post=29693"}],"version-history":[{"count":3,"href":"https:\/\/wp.ufpel.edu.br\/artenosul\/wp-json\/wp\/v2\/posts\/29693\/revisions"}],"predecessor-version":[{"id":29711,"href":"https:\/\/wp.ufpel.edu.br\/artenosul\/wp-json\/wp\/v2\/posts\/29693\/revisions\/29711"}],"wp:featuredmedia":[{"embeddable":true,"href":"https:\/\/wp.ufpel.edu.br\/artenosul\/wp-json\/wp\/v2\/media\/29701"}],"wp:attachment":[{"href":"https:\/\/wp.ufpel.edu.br\/artenosul\/wp-json\/wp\/v2\/media?parent=29693"}],"wp:term":[{"taxonomy":"category","embeddable":true,"href":"https:\/\/wp.ufpel.edu.br\/artenosul\/wp-json\/wp\/v2\/categories?post=29693"},{"taxonomy":"post_tag","embeddable":true,"href":"https:\/\/wp.ufpel.edu.br\/artenosul\/wp-json\/wp\/v2\/tags?post=29693"}],"curies":[{"name":"wp","href":"https:\/\/api.w.org\/{rel}","templated":true}]}}