{"id":29511,"date":"2025-08-11T16:30:08","date_gmt":"2025-08-11T19:30:08","guid":{"rendered":"https:\/\/wp.ufpel.edu.br\/artenosul\/?p=29511"},"modified":"2025-08-11T16:30:08","modified_gmt":"2025-08-11T19:30:08","slug":"entre-o-silencio-e-a-fluidez-tudo-e-rio-acontece","status":"publish","type":"post","link":"https:\/\/wp.ufpel.edu.br\/artenosul\/2025\/08\/11\/entre-o-silencio-e-a-fluidez-tudo-e-rio-acontece\/","title":{"rendered":"Entre o sil\u00eancio e a fluidez, \u201cTudo \u00c9 Rio\u201d acontece"},"content":{"rendered":"<p style=\"text-align: center;\"><span style=\"font-family: arial, helvetica, sans-serif; color: #000080;\"><strong><em>\u201cN\u00e3o vou enganar voc\u00ea: este n\u00e3o \u00e9 um livro para ser bebido num gole s\u00f3. Carla n\u00e3o escreve, borda. Cada frase mais sublinhada que a outra. Pois ent\u00e3o deixe de lado a sede de hist\u00f3ria e leia tomando gosto, que \u00e0s vezes o caldo queima a boca\u201d\u00a0 \u00a0 \u00a0 \u00a0 \u00a0\u00a0<\/em><\/strong><\/span><\/p>\n<p style=\"text-align: right;\"><span style=\"font-family: arial, helvetica, sans-serif;\"><strong><em><span style=\"color: #000080;\">Por Martha Cristina Melo\u00a0<\/span>\u00a0\u00a0\u00a0\u00a0<\/em><\/strong><\/span><\/p>\n<p>&nbsp;<\/p>\n<div id=\"attachment_29528\" style=\"width: 754px\" class=\"wp-caption aligncenter\"><img loading=\"lazy\" decoding=\"async\" aria-describedby=\"caption-attachment-29528\" class=\"wp-image-29528 \" src=\"https:\/\/wp.ufpel.edu.br\/artenosul\/files\/2025\/08\/Primeira-Imagem-Tudo-E-Rio-1-500x307.jpg\" alt=\"\" width=\"754\" height=\"463\" srcset=\"https:\/\/wp.ufpel.edu.br\/artenosul\/files\/2025\/08\/Primeira-Imagem-Tudo-E-Rio-1-500x307.jpg 500w, https:\/\/wp.ufpel.edu.br\/artenosul\/files\/2025\/08\/Primeira-Imagem-Tudo-E-Rio-1-300x184.jpg 300w, https:\/\/wp.ufpel.edu.br\/artenosul\/files\/2025\/08\/Primeira-Imagem-Tudo-E-Rio-1-768x471.jpg 768w, https:\/\/wp.ufpel.edu.br\/artenosul\/files\/2025\/08\/Primeira-Imagem-Tudo-E-Rio-1-855x525.jpg 855w, https:\/\/wp.ufpel.edu.br\/artenosul\/files\/2025\/08\/Primeira-Imagem-Tudo-E-Rio-1.jpg 857w\" sizes=\"auto, (max-width: 754px) 100vw, 754px\" \/><p id=\"caption-attachment-29528\" class=\"wp-caption-text\"><span style=\"font-family: arial, helvetica, sans-serif;\"><strong><span style=\"color: #0000ff;\">&#8220;Tudo \u00c9 Rio&#8221; marca a estreia liter\u00e1ria de Carla Madeira j\u00e1 como um sucesso editorial<\/span><\/strong><\/span><\/p><\/div>\n<p>&nbsp;<\/p>\n<p style=\"text-align: justify;\"><span style=\"font-family: arial, helvetica, sans-serif;\">Cris Guerra, escritora mineira e respons\u00e1vel pelo pref\u00e1cio de \u201cTudo \u00c9 Rio\u201d, \u00e9 feliz ao afirmar que, de fato, Carla Madeira n\u00e3o escreve. Borda. O mesmo pref\u00e1cio que convida, tamb\u00e9m desafia o leitor a conhecer uma narrativa intensa e nem sempre \u201cdif\u00edcil de engolir\u201d. Como met\u00e1fora de um rio, a vida \u00e9 apresentada em fluxo constante: tudo traz, tudo leva e, principalmente, tudo lava.<\/span><\/p>\n<p style=\"text-align: justify;\"><span style=\"font-family: arial, helvetica, sans-serif;\">Publicado em 2014 pela Editora Quixote, &#8220;Tudo \u00c9 Rio&#8221; marca a estreia liter\u00e1ria de Carla Madeira e \u00e9 sucesso editorial, com mais de 200 mil exemplares vendidos. Com texto de apresenta\u00e7\u00e3o assinado por Martha Medeiros, o livro foi relan\u00e7ado em 2021 pela Editora Record, e conquistou sexto lugar na lista de mais vendidos da Amazon em 2024, segundo a pr\u00f3pria empresa.<\/span><\/p>\n<p>&nbsp;<\/p>\n<p style=\"text-align: center;\"><span style=\"font-family: arial, helvetica, sans-serif;\"><strong><em><span style=\"color: #0000ff;\">\u201cTudo \u00e9 Rio, como sugere o t\u00edtulo, \u00e9 l\u00edquido. (&#8230;) Mas Carla consegue n\u00e3o deixar cair nem um pingo para fora da narrativa, a prosa nunca escorre para o sentimentalismo barato, n\u00e3o h\u00e1 enchente, transbordamento, excesso \u2013 a precis\u00e3o de sua literatura \u00e9 absoluta\u201d \u2013 Martha Medeiros<\/span> <\/em><\/strong><\/span><\/p>\n<p>&nbsp;<\/p>\n<p style=\"text-align: justify;\"><span style=\"font-family: arial, helvetica, sans-serif;\">Sua narrativa acontece em o que parece uma cidade interiorana, embora a autora nunca precise nomear ou delimitar espa\u00e7o. Essa ambienta\u00e7\u00e3o impl\u00edcita, por sua vez, \u00e9 um dos m\u00e9ritos da escrita de Carla, que constr\u00f3i atmosferas mais pelo que deixa subentendido do que pelo afirma. O ano em que se passa a trama, assim como sua cidade, \u00e9 irrelevante.<\/span><\/p>\n<p style=\"text-align: justify;\"><span style=\"font-family: arial, helvetica, sans-serif;\">A hist\u00f3ria acompanha tr\u00eas personagens principais, cujas vidas se cruzam em ensaios intensos e, por muitas vezes, irrepar\u00e1veis. Dalva e Ven\u00e2ncio formam um casal jovem, vivendo o auge da paix\u00e3o. Ambos cresceram na mesma cidade que, por sua vez, presenciou o nascimento de um amor profundo e de uma fam\u00edlia linda. Entretanto, por baixo da leveza, nas camadas mais profundas da mente de Ven\u00e2ncio, nasceram a obsess\u00e3o e o ci\u00fames \u201cdescontrolado\u201d.<\/span><\/p>\n<p style=\"text-align: justify;\"><span style=\"font-family: arial, helvetica, sans-serif;\">Em determinado momento da hist\u00f3ria, tudo muda: uma trag\u00e9dia que obriga o leitor a pausar a leitura tamb\u00e9m cria um abismo entre Dalva e Ven\u00e2ncio. Desnorteados, ambos seguem seus caminhos e, apesar de permanecerem sob o mesmo teto, passam a buscar ref\u00fagio individualmente. Dalva, desde o princ\u00edpio da trama, passa a sair todos os dias pela manh\u00e3, por anos, e volta \u00e0 noite. Ven\u00e2ncio, um pouco mais previs\u00edvel, come\u00e7a a frequentar o prost\u00edbulo da cidade. \u00c9 l\u00e1 que conhece Lucy, a prostituta mais desejada da regi\u00e3o e uma das personagens centrais da obra.<\/span><\/p>\n<p style=\"text-align: justify;\"><span style=\"font-family: arial, helvetica, sans-serif;\">Lucy, por sua vez, \u00e9 uma quest\u00e3o \u00e0 parte. A narrativa retrata a prostitui\u00e7\u00e3o de forma que divide opini\u00f5es. Apesar das cr\u00edticas \u00e0 poss\u00edvel hipersexualiza\u00e7\u00e3o da personagem, \u00e9 poss\u00edvel observar que sua constru\u00e7\u00e3o carrega uma intencionalidade l\u00fadica, intensa e impulsiva. Lucy \u00e9 quase uma caricatura de si mesma, e talvez por isso t\u00e3o humana. Ainda assim, h\u00e1 quem questione uma constru\u00e7\u00e3o t\u00e3o apoiada em personagens secund\u00e1rios e o espa\u00e7o excessivo dedicado \u00e0 perspectiva masculina \u2013 o que o homem pensa, o que o leva a agir, seu instinto sexual animalesco \u2013, um recorte que, por vezes, parece refor\u00e7ar o protagonismo do olhar masculino sobre a hist\u00f3ria.<\/span><\/p>\n<p style=\"text-align: justify;\"><span style=\"font-family: arial, helvetica, sans-serif;\">O fato \u00e9 que Lucy \u00e9 uma boa prostituta, orgulhosa de seu trabalho e livre de qualquer tipo de amarra \u2013 ainda que isso signifique ignorar quest\u00f5es emocionais e viver completamente sozinha no mundo. Sua hist\u00f3ria cruza com a de Ven\u00e2ncio no momento em que ele nega envolvimento com ela, o que \u00e9 suficiente para criar uma obsess\u00e3o pelo personagem por parte de Lucy.<\/span><\/p>\n<p style=\"text-align: justify;\"><span style=\"font-family: arial, helvetica, sans-serif;\">A trama guarda uma reviravolta que suaviza o peso do que j\u00e1 passou, ainda que possamos questionar se foi necess\u00e1ria. As personagens, no entanto, s\u00e3o consistentemente bem constru\u00eddas, com peculiaridades pr\u00f3prias e hist\u00f3ricos individuais, descritos com a fluidez da escrita de Carla Madeira (e de um rio). Al\u00e9m das figuras principais, destaco, em especial, a constru\u00e7\u00e3o da m\u00e3e de Dalva. Aurora \u00e9 uma mulher forte, s\u00e1bia, terna e extremamente corajosa. Com papel essencial na hist\u00f3ria, Carla Madeira a descreve de forma a encantar com tanta intelig\u00eancia e sensibilidade, ainda que dentro de suas viv\u00eancias e conservadorismos.<\/span><\/p>\n<p>&nbsp;<\/p>\n<p style=\"text-align: center;\"><span style=\"font-family: arial, helvetica, sans-serif;\"><strong><em><span style=\"color: #0000ff;\">\u201cEu disse que Deus \u00e9 de sentir e n\u00e3o paro de falar. Sei que estou inventando um pouco tamb\u00e9m, tentando adivinhar o que pode trazer al\u00edvio para sua dor, tentando fazer alguma coisa. Quero lavar seus p\u00e9s com \u00e1gua morna, oferecer a alegria de uma comida boa, uma cama macia, carinhos at\u00e9 voc\u00ea adormecer. \u00c9 s\u00f3 isso que uma m\u00e3e pode fazer, mesmo com todo o seu amor. Deus \u00e9 m\u00e3e, sofre tamb\u00e9m de impot\u00eancias, mas est\u00e1 sempre l\u00e1 , pronto para virar as noites acordado e n\u00e3o deixar a gente sozinho \u201c.<\/span> <\/em><\/strong><\/span><\/p>\n<p>&nbsp;<\/p>\n<p><img loading=\"lazy\" decoding=\"async\" class=\"size-medium wp-image-29536 aligncenter\" src=\"https:\/\/wp.ufpel.edu.br\/artenosul\/files\/2025\/08\/Segunda-Imagem-Tudo-e-Rio-1.jpg\" alt=\"\" width=\"310\" height=\"445\" srcset=\"https:\/\/wp.ufpel.edu.br\/artenosul\/files\/2025\/08\/Segunda-Imagem-Tudo-e-Rio-1.jpg 310w, https:\/\/wp.ufpel.edu.br\/artenosul\/files\/2025\/08\/Segunda-Imagem-Tudo-e-Rio-1-209x300.jpg 209w\" sizes=\"auto, (max-width: 310px) 100vw, 310px\" \/><\/p>\n<p>&nbsp;<\/p>\n<p style=\"text-align: justify;\"><span style=\"font-family: arial, helvetica, sans-serif; color: #0000ff;\"><strong>Um retrato da vida como ela \u00e9<\/strong><\/span><\/p>\n<p style=\"text-align: justify;\"><span style=\"font-family: arial, helvetica, sans-serif;\">\u00c9 fundamental entender que \u201cTudo \u00e9 Rio\u201d n\u00e3o \u00e9, necessariamente, uma hist\u00f3ria com conclus\u00e3o que satisfaz o leitor. Como a hist\u00f3ria acaba, levanta questionamentos, isso porque nem todas as atitudes das personagens s\u00e3o esclarecidas ou devem ser compreendidas \u2013 afinal, nenhum tipo de arte se compromete com conclus\u00f5es morais ou com \u201co que deveria ter sido feito\u201d. In\u00fameras cr\u00edticas \u00e0 obra e \u00e0s escolhas narrativas de Carla partem de uma revolta com o que o livro tenta passar, mas, na verdade, a obra \u00e9 paralela com a realidade em um sentido: nem tudo \u00e9 como deve ser. E talvez a beleza do livro esteja na verossimilhan\u00e7a.<\/span><\/p>\n<p style=\"text-align: justify;\"><span style=\"font-family: arial, helvetica, sans-serif;\">A simplicidade da escrita de Carla Madeira que n\u00e3o deixa de ser po\u00e9tica \u00e9 um b\u00e1lsamo que aproxima o leitor e n\u00e3o simplifica grandes acontecimentos. Como citado anteriormente, a subjetividade \u00e9 uma das belezas da narrativa de \u201cTudo \u00c9 Rio\u201d<em>. <\/em><\/span><\/p>\n<p style=\"text-align: justify;\"><span style=\"font-family: arial, helvetica, sans-serif;\">Humanizando decis\u00f5es question\u00e1veis, \u201cTudo \u00c9 Rio\u201d nos obriga a encarar a realidade atrav\u00e9s da arte, \u00e0 medida que nos faz compreender que, muitas vezes, fazemos o que podemos. Afinal,<em> no <\/em>\u201cfundo estamos presos \u00e0 incapacidade de ser outra coisa diferente do que somos\u201d.<em>\u00a0 <\/em><\/span><\/p>\n<p style=\"text-align: justify;\"><a href=\"http:\/\/wp.ufpel.edu.br\/artenosul\"><span style=\"color: #0000ff;\"><strong><span style=\"font-family: arial, helvetica, sans-serif;\">PRIMEIRA P\u00c1GINA<\/span><\/strong><\/span><\/a><\/p>\n<p style=\"text-align: justify;\"><span style=\"color: #0000ff;\"><strong><span style=\"font-family: arial, helvetica, sans-serif;\">COMENT\u00c1RIOS<\/span><\/strong><\/span><\/p>\n<p>&nbsp;<\/p>\n<div data-test='contact-form'\n\t\t\tid='contact-form-29511'\n\t\t\tclass='wp-block-jetpack-contact-form-container '\n\t\t\tdata-wp-interactive='jetpack\/form' data-wp-context='{\"formId\":\"29511\",\"formHash\":\"617cb7e44fa34a1fc2fbec88782bf53a91366b17\",\"showErrors\":false,\"errors\":[],\"fields\":[],\"isMultiStep\":false,\"useAjax\":true,\"submissionData\":null,\"formattedSubmissionData\":[],\"submissionSuccess\":false,\"submissionError\":null,\"elementId\":\"jp-form-617cb7e44fa34a1fc2fbec88782bf53a91366b17\",\"isSingleInputForm\":false}'\n\t\t\tdata-wp-watch--scroll-to-wrapper=\"callbacks.scrollToWrapper\"\n\t\t>\n<div class=\"contact-form-submission contact-form-ajax-submission\" data-wp-class--submission-success=\"context.submissionSuccess\"><p class=\"go-back-message\"><a class=\"link\" role=\"button\" tabindex=\"0\" data-wp-on--click=\"actions.goBack\" href=\"\/artenosul\/wp-json\/wp\/v2\/posts\/29511\">Voltar<\/a><\/p><h4 id=\"contact-form-success-header\">Sua mensagem foi enviada<\/h4>\n\n<template data-wp-each--submission=\"context.formattedSubmissionData\">\n\t\t\t\t\t<div class=\"jetpack_forms_contact-form-success-summary\">\n\t\t\t\t\t\t<div class=\"field-name\" data-wp-text=\"context.submission.label\" data-wp-bind--hidden=\"!context.submission.label\"><\/div>\n\t\t\t\t\t\t<div class=\"field-value\" data-wp-text=\"context.submission.value\"><\/div>\n\t\t\t\t\t\t<div class=\"field-images\" data-wp-bind--hidden=\"!context.submission.images\">\n\t\t\t\t\t\t\t<template data-wp-each--image=\"context.submission.images\">\n\t\t\t\t\t\t\t\t<figure class=\"field-image\" data-wp-class--is-empty=\"!context.image\">\n\t\t\t\t\t\t\t\t\t<img data-wp-bind--src=\"context.image\" data-wp-bind--hidden=\"!context.image\" \/>\n\t\t\t\t\t\t\t\t\t<img decoding=\"async\" src=\"data:image\/gif;base64,R0lGODlhAQABAAD\/ACwAAAAAAQABAAACADs=\" data-wp-bind--hidden=\"context.image\" \/>\n\t\t\t\t\t\t\t\t<\/figure>\n\t\t\t\t\t\t\t<\/template>\n\t\t\t\t\t\t<\/div>\n\t\t\t\t\t<\/div>\n\t\t\t\t<\/template><\/div><form action='https:\/\/wp.ufpel.edu.br\/artenosul\/2025\/08\/11\/entre-o-silencio-e-a-fluidez-tudo-e-rio-acontece\/'\n\t\t\t\tid='jp-form-617cb7e44fa34a1fc2fbec88782bf53a91366b17'\n\t\t\t\tmethod='post'\n\t\t\t\tclass='contact-form commentsblock' aria-label=\"Entre o sil\u00eancio e a fluidez, \u201cTudo \u00c9 Rio\u201d acontece\"\n\t\t\t\tdata-wp-on--submit=\"actions.onFormSubmit\"\n\t\t\t\tdata-wp-on--reset=\"actions.onFormReset\"\n\t\t\t\tdata-wp-class--submission-success=\"context.submissionSuccess\"\n\t\t\t\tdata-wp-class--is-first-step=\"state.isFirstStep\"\n\t\t\t\tdata-wp-class--is-last-step=\"state.isLastStep\"\n\t\t\t\tdata-wp-class--is-ajax-form=\"context.useAjax\"\n\t\t\t\tnovalidate >\n<input type='hidden' name='jetpack_contact_form_jwt' value='eyJ0eXAiOiJKV1QiLCJhbGciOiJIUzI1NiJ9.eyJlbmNyeXB0ZWRfYXR0cmlidXRlcyI6IllaanF5S3BlbFF0VmlpVzAzSzM4aDNTdDBWQlQ4NzE3c1A4SHBJMWNaMmx4dUZMSmdqa3g0UEd5K0Y2bGp5MXVDOEtzYTJzWVQzVjBVNWZPYnMzbFI0ZEZnMDlNaHc5R1k4S1pGRUZJZGl0YlBXZnIyVkJvYUV2TFBFNUNGTk8yK2dIUjNyZmpjb1owRG1RT0tsb2lUM3AyTEttbzZLZkFOY0tiL0tJYzIyK0M4R212MFp0d3hsL3RaSUVzU04yWXBHZStuY1hKK1dUUmF0ZENoc0t4UDVLazJZREkvb2wvRG12VkQ5WllZUG0wWnNwSzhFbDdwTTNVeXIvWHVqalhMMFo0V2Q3TkZDWUpYOW80a3FRUzZ0RTBjNDV6QmxJUW0zNlUrZkJrVU5LZVFyTStTRlJFb0NhaXZncEl5YkFtZFFhOHMzN2RKcVlvRisrM0hERTVsSExpVnZaa2RRVHA2dFlEY2tNQmNydHlLUnM5MU53NHczVG45Y1c3L3lNcFFkUkN6dmcwVkN5aXdmL29zYjJ6Wlh2K1ZiVUZPVU95V3dsSXpicXNVajZUaTVQbGRadHo0UzlqdVdsVUN1MjFpUTRQSWhKRmpVWVl0aDBQa2k1aEcwVFVWQngxMXNHK1Q1QjdiRXhYM3pvbmMzWWoyYnFkY2QyZ0ZiTnUxVk4zeE8rdEJLK2Yya3gyNFFzMWNqSzBXeVhjaG43QWRsZlcyT3hCZnJUVTNzSlpmNXQ4ajh5YzlDWk9PVVQwcFpHWXVaaEFLTG1IL0VnRVZERFdDTXJEZHBYUkVjM0N5YWNqZXBIZndwQzRlekFCT1llTFBDNmxTMGFQeGJyN1RUVVgrY1g2QUIvdFFPSGlKOUxkUldQZGZzYjRLRkNnN3VHMmdXRlFGbWFNbldlZjlqd2w0KzUwelVOc1JtR3I3bkNxVmdENlBqMDlXdlN2ZmdlNkpDUmRad0JhOFAyYzkxUndxUTNKRWxHZVBlZFRTSFRmanRwb3F6ZDBhSm5kbGZWU2FFRHQxMVpreXhqeWN5dUV2bUQ2TzlVMTliNHBXV09jZXhtZ3BNMXFyZnV4cUNIanZjVG90azNrajFGeFNXbE5jUjRQU1VVZmthRU56dVdVSmVOejljdnk5NStzaFk3aE5zRVlNdUNTMkhZK1FPNUlXS1grSFJ2OVZIQ0dna0g1UG4zTURKaE9QMWZrME9RTWNyZHZRa1h4V1Btc0czM1VUWHA3VDUrdEtKbXRGelBDT1dKYmk0ZmRHTUZTNUw5NCIsImNvbnRlbnQiOiJbY29udGFjdC1maWVsZCBsYWJlbD1cIk5vbWVcIiB0eXBlPVwibmFtZVwiXVtjb250YWN0LWZpZWxkIGxhYmVsPVwiRS1tYWlsXCIgdHlwZT1cImVtYWlsXCJdW2NvbnRhY3QtZmllbGQgbGFiZWw9XCJNZW5zYWdlbVwiIHR5cGU9XCJ0ZXh0YXJlYVwiXSIsImhhc2giOiI2MTdjYjdlNDRmYTM0YTFmYzJmYmVjODg3ODJiZjUzYTkxMzY2YjE3Iiwic291cmNlIjp7ImVudHJ5X3RpdGxlIjoiRW50cmUgbyBzaWxcdTAwZWFuY2lvIGUgYSBmbHVpZGV6LCBcdTIwMWNUdWRvIFx1MDBjOSBSaW9cdTIwMWQgYWNvbnRlY2UiLCJlbnRyeV9wYWdlIjoxLCJzb3VyY2VfaWQiOjI5NTExLCJzb3VyY2VfdHlwZSI6InNpbmdsZSIsInJlcXVlc3RfdXJsIjoiaHR0cHM6Ly93cC51ZnBlbC5lZHUuYnIvYXJ0ZW5vc3VsL3dwLWpzb24vd3AvdjIvcG9zdHMvMjk1MTEifSwidmVyc2lvbiI6MiwiY2lwaGVyIjoiYWVzLTI1Ni1nY20ifQ.ptiGseVLu8jKcHLBGOnv136bQMsTDo2ejrMmjyzSYpI' \/>\n\n<div style=\"\"  data-wp-interactive=\"jetpack\/form\" data-wp-context='{\"fieldId\":\"g29511-nome\",\"fieldType\":\"name\",\"fieldLabel\":\"Nome\",\"fieldValue\":\"\",\"fieldPlaceholder\":\"\",\"fieldIsRequired\":\"\",\"fieldErrorMessage\":\"\",\"fieldExtra\":[],\"formHash\":\"617cb7e44fa34a1fc2fbec88782bf53a91366b17\"}'  class='grunion-field-name-wrap grunion-field-wrap'  data-wp-init='callbacks.initializeField' data-wp-on--jetpack-form-reset='callbacks.initializeField' >\n<label\n\t\t\t\tfor='g29511-nome' class=\"grunion-field-label name\" >Nome<\/label>\n<input\n\t\t\t\t\ttype='text'\n\t\t\t\t\tname='g29511-nome'\n\t\t\t\t\tid='g29511-nome'\n\t\t\t\t\tvalue=''\n\n\t\t\t\t\tdata-wp-bind--aria-invalid='state.fieldHasErrors'\n\t\t\t\t\tdata-wp-bind--value='state.getFieldValue'\n\t\t\t\t\taria-errormessage='g29511-nome-text-error-message'\n\t\t\t\t\tdata-wp-on--input='actions.onFieldChange'\n\t\t\t\t\tdata-wp-on--blur='actions.onFieldBlur'\n\t\t\t\t\tdata-wp-class--has-value='state.hasFieldValue'\n\n\t\t\t\t\tclass='name  grunion-field' \n\t\t\t\t\t \/>\n \n\t\t\t<div id=\"g29511-nome-text-error\" class=\"contact-form__input-error\" data-wp-class--has-errors=\"state.fieldHasErrors\">\n\t\t\t\t<span class=\"contact-form__warning-icon\">\n\t\t\t\t\t<svg width=\"16\" height=\"16\" viewBox=\"0 0 16 16\" fill=\"none\" xmlns=\"http:\/\/www.w3.org\/2000\/svg\">\n\t\t\t\t\t\t<path d=\"M8.50015 11.6402H7.50015V10.6402H8.50015V11.6402Z\" \/>\n\t\t\t\t\t\t<path d=\"M7.50015 9.64018H8.50015V6.30684H7.50015V9.64018Z\" \/>\n\t\t\t\t\t\t<path fill-rule=\"evenodd\" clip-rule=\"evenodd\" d=\"M6.98331 3.0947C7.42933 2.30177 8.57096 2.30177 9.01698 3.09469L13.8771 11.7349C14.3145 12.5126 13.7525 13.4735 12.8602 13.4735H3.14004C2.24774 13.4735 1.68575 12.5126 2.12321 11.7349L6.98331 3.0947ZM8.14541 3.58496C8.08169 3.47168 7.9186 3.47168 7.85488 3.58496L2.99478 12.2251C2.93229 12.3362 3.01257 12.4735 3.14004 12.4735H12.8602C12.9877 12.4735 13.068 12.3362 13.0055 12.2251L8.14541 3.58496Z\" \/>\n\t\t\t\t\t<\/svg>\n\t\t\t\t\t<span class=\"visually-hidden\">Aviso<\/span>\n\t\t\t\t<\/span>\n\t\t\t\t<span data-wp-text=\"state.errorMessage\" id=\"g29511-nome-text-error-message\" role=\"alert\" aria-live=\"assertive\"><\/span>\n\t\t\t<\/div> \n\t<\/div>\n\n<div style=\"\"  data-wp-interactive=\"jetpack\/form\" data-wp-context='{\"fieldId\":\"g29511-email\",\"fieldType\":\"email\",\"fieldLabel\":\"E-mail\",\"fieldValue\":\"\",\"fieldPlaceholder\":\"\",\"fieldIsRequired\":\"\",\"fieldErrorMessage\":\"\",\"fieldExtra\":[],\"formHash\":\"617cb7e44fa34a1fc2fbec88782bf53a91366b17\"}'  class='grunion-field-email-wrap grunion-field-wrap'  data-wp-init='callbacks.initializeField' data-wp-on--jetpack-form-reset='callbacks.initializeField' >\n<label\n\t\t\t\tfor='g29511-email' class=\"grunion-field-label email\" >E-mail<\/label>\n<input\n\t\t\t\t\ttype='email'\n\t\t\t\t\tname='g29511-email'\n\t\t\t\t\tid='g29511-email'\n\t\t\t\t\tvalue=''\n\n\t\t\t\t\tdata-wp-bind--aria-invalid='state.fieldHasErrors'\n\t\t\t\t\tdata-wp-bind--value='state.getFieldValue'\n\t\t\t\t\taria-errormessage='g29511-email-email-error-message'\n\t\t\t\t\tdata-wp-on--input='actions.onFieldChange'\n\t\t\t\t\tdata-wp-on--blur='actions.onFieldBlur'\n\t\t\t\t\tdata-wp-class--has-value='state.hasFieldValue'\n\n\t\t\t\t\tclass='email  grunion-field' \n\t\t\t\t\t \/>\n \n\t\t\t<div id=\"g29511-email-email-error\" class=\"contact-form__input-error\" data-wp-class--has-errors=\"state.fieldHasErrors\">\n\t\t\t\t<span class=\"contact-form__warning-icon\">\n\t\t\t\t\t<svg width=\"16\" height=\"16\" viewBox=\"0 0 16 16\" fill=\"none\" xmlns=\"http:\/\/www.w3.org\/2000\/svg\">\n\t\t\t\t\t\t<path d=\"M8.50015 11.6402H7.50015V10.6402H8.50015V11.6402Z\" \/>\n\t\t\t\t\t\t<path d=\"M7.50015 9.64018H8.50015V6.30684H7.50015V9.64018Z\" \/>\n\t\t\t\t\t\t<path fill-rule=\"evenodd\" clip-rule=\"evenodd\" d=\"M6.98331 3.0947C7.42933 2.30177 8.57096 2.30177 9.01698 3.09469L13.8771 11.7349C14.3145 12.5126 13.7525 13.4735 12.8602 13.4735H3.14004C2.24774 13.4735 1.68575 12.5126 2.12321 11.7349L6.98331 3.0947ZM8.14541 3.58496C8.08169 3.47168 7.9186 3.47168 7.85488 3.58496L2.99478 12.2251C2.93229 12.3362 3.01257 12.4735 3.14004 12.4735H12.8602C12.9877 12.4735 13.068 12.3362 13.0055 12.2251L8.14541 3.58496Z\" \/>\n\t\t\t\t\t<\/svg>\n\t\t\t\t\t<span class=\"visually-hidden\">Aviso<\/span>\n\t\t\t\t<\/span>\n\t\t\t\t<span data-wp-text=\"state.errorMessage\" id=\"g29511-email-email-error-message\" role=\"alert\" aria-live=\"assertive\"><\/span>\n\t\t\t<\/div> \n\t<\/div>\n\n<div style=\"\"  data-wp-interactive=\"jetpack\/form\" data-wp-context='{\"fieldId\":\"g29511-mensagem\",\"fieldType\":\"textarea\",\"fieldLabel\":\"Mensagem\",\"fieldValue\":\"\",\"fieldPlaceholder\":\"\",\"fieldIsRequired\":\"\",\"fieldErrorMessage\":\"\",\"fieldExtra\":[],\"formHash\":\"617cb7e44fa34a1fc2fbec88782bf53a91366b17\"}'  class='grunion-field-textarea-wrap grunion-field-wrap'  data-wp-init='callbacks.initializeField' data-wp-on--jetpack-form-reset='callbacks.initializeField' >\n<label\n\t\t\t\tfor='contact-form-comment-g29511-mensagem' class=\"grunion-field-label textarea\" >Mensagem<\/label>\n<textarea\n\t\t                style=''\n\t\t                name='g29511-mensagem'\n\t\t                id='contact-form-comment-g29511-mensagem'\n\t\t                rows='20'\n\t\t\t\t\t\tdata-wp-text='state.getFieldValue'\n\t\t\t\t\t\tdata-wp-on--input='actions.onFieldChange'\n\t\t\t\t\t\tdata-wp-on--blur='actions.onFieldBlur'\n\t\t\t\t\t\tdata-wp-class--has-value='state.hasFieldValue'\n\t\t\t\t\t\tdata-wp-bind--aria-invalid='state.fieldHasErrors'\n\t\t\t\t\t\taria-errormessage='g29511-mensagem-textarea-error-message'\n\t\t\t\t\t\tclass='textarea  grunion-field'  ><\/textarea>\n \n\t\t\t<div id=\"g29511-mensagem-textarea-error\" class=\"contact-form__input-error\" data-wp-class--has-errors=\"state.fieldHasErrors\">\n\t\t\t\t<span class=\"contact-form__warning-icon\">\n\t\t\t\t\t<svg width=\"16\" height=\"16\" viewBox=\"0 0 16 16\" fill=\"none\" xmlns=\"http:\/\/www.w3.org\/2000\/svg\">\n\t\t\t\t\t\t<path d=\"M8.50015 11.6402H7.50015V10.6402H8.50015V11.6402Z\" \/>\n\t\t\t\t\t\t<path d=\"M7.50015 9.64018H8.50015V6.30684H7.50015V9.64018Z\" \/>\n\t\t\t\t\t\t<path fill-rule=\"evenodd\" clip-rule=\"evenodd\" d=\"M6.98331 3.0947C7.42933 2.30177 8.57096 2.30177 9.01698 3.09469L13.8771 11.7349C14.3145 12.5126 13.7525 13.4735 12.8602 13.4735H3.14004C2.24774 13.4735 1.68575 12.5126 2.12321 11.7349L6.98331 3.0947ZM8.14541 3.58496C8.08169 3.47168 7.9186 3.47168 7.85488 3.58496L2.99478 12.2251C2.93229 12.3362 3.01257 12.4735 3.14004 12.4735H12.8602C12.9877 12.4735 13.068 12.3362 13.0055 12.2251L8.14541 3.58496Z\" \/>\n\t\t\t\t\t<\/svg>\n\t\t\t\t\t<span class=\"visually-hidden\">Aviso<\/span>\n\t\t\t\t<\/span>\n\t\t\t\t<span data-wp-text=\"state.errorMessage\" id=\"g29511-mensagem-textarea-error-message\" role=\"alert\" aria-live=\"assertive\"><\/span>\n\t\t\t<\/div>\n\t<\/div>\n\t<p class='contact-submit'>\n<div class=\"contact-form__error\" data-wp-class--show-errors=\"state.showFormErrors\"><span class=\"contact-form__warning-icon\"><span class=\"visually-hidden\">Aten\u00e7\u00e3o.<\/span><i aria-hidden=\"true\"><\/i><\/span>\n\t\t\t\t<span data-wp-text=\"state.getFormErrorMessage\"><\/span>\n\t\t\t\t<ul>\n\t\t\t\t<template data-wp-each=\"state.getErrorList\" data-wp-key=\"context.item.id\">\n\t\t\t\t\t<li><a data-wp-bind--href=\"context.item.anchor\" data-wp-on--click=\"actions.scrollIntoView\" data-wp-text=\"context.item.label\"><\/a><\/li>\n\t\t\t\t<\/template>\n\t\t\t\t<\/ul><\/div><div class=\"contact-form__error\" data-wp-class--show-errors=\"state.showSubmissionError\" data-wp-text=\"context.submissionError\"><\/div>\t\t<button type='submit' class='pushbutton-wide'>Enviar<\/button>\t\t<input type='hidden' name='contact-form-id' value='29511' \/>\n\t\t<input type='hidden' name='action' value='grunion-contact-form' \/>\n\t\t<input type='hidden' name='contact-form-hash' value='617cb7e44fa34a1fc2fbec88782bf53a91366b17' \/>\n\t<\/p>\n<p style=\"display: none !important;\" class=\"akismet-fields-container\" data-prefix=\"ak_\"><label>&#916;<textarea name=\"ak_hp_textarea\" cols=\"45\" rows=\"8\" maxlength=\"100\"><\/textarea><\/label><input type=\"hidden\" id=\"ak_js_1\" name=\"ak_js\" value=\"99\"\/><script>document.getElementById( \"ak_js_1\" ).setAttribute( \"value\", ( new Date() ).getTime() );<\/script><\/p><\/form>\n<\/div>\n<p>&nbsp;<\/p>\n","protected":false},"excerpt":{"rendered":"<p>\u201cN\u00e3o vou enganar voc\u00ea: este n\u00e3o \u00e9 um livro para ser bebido num gole s\u00f3. Carla n\u00e3o escreve, borda. Cada frase mais sublinhada que a outra. Pois ent\u00e3o deixe de lado a sede de hist\u00f3ria e leia tomando gosto, que \u00e0s vezes o caldo queima a boca\u201d\u00a0 \u00a0 \u00a0 \u00a0 \u00a0\u00a0 Por Martha Cristina Melo\u00a0\u00a0\u00a0\u00a0\u00a0 &hellip; <\/p>\n<p><a class=\"more-link btn\" href=\"https:\/\/wp.ufpel.edu.br\/artenosul\/2025\/08\/11\/entre-o-silencio-e-a-fluidez-tudo-e-rio-acontece\/\">Continue lendo<\/a><\/p>\n","protected":false},"author":571,"featured_media":0,"comment_status":"closed","ping_status":"closed","sticky":false,"template":"","format":"standard","meta":{"jetpack_post_was_ever_published":false,"_jetpack_newsletter_access":"","_jetpack_dont_email_post_to_subs":false,"_jetpack_newsletter_tier_id":0,"_jetpack_memberships_contains_paywalled_content":false,"_jetpack_memberships_contains_paid_content":false,"footnotes":"","jetpack_publicize_message":"","jetpack_publicize_feature_enabled":true,"jetpack_social_post_already_shared":true,"jetpack_social_options":{"image_generator_settings":{"template":"highway","default_image_id":0,"font":"","enabled":false},"version":2}},"categories":[83,315],"tags":[],"class_list":["post-29511","post","type-post","status-publish","format-standard","hentry","category-literatura","category-opiniao","nodate","item-wrap"],"jetpack_publicize_connections":[],"jetpack_featured_media_url":"","jetpack_sharing_enabled":true,"jetpack_likes_enabled":true,"jetpack_shortlink":"https:\/\/wp.me\/p6PuxQ-7FZ","jetpack-related-posts":[{"id":30166,"url":"https:\/\/wp.ufpel.edu.br\/artenosul\/2025\/12\/12\/artesanato-revela-historia\/","url_meta":{"origin":29511,"position":0},"title":"Artesanato revela hist\u00f3ria","author":"artenosul","date":"12 de dezembro de 2025","format":false,"excerpt":"Desde 1985, o projeto N\u00f3s do Mar contribui para a cultura local da cidade do Rio Grande com seu trabalho criativo\u00a0\u00a0\u00a0\u00a0 Por Erick Borges Lopes\u00a0\u00a0\u00a0\u00a0 \u00a0 \u00a0 As pe\u00e7as artesanais produzidas pelo projeto N\u00f3s do Mar contam a hist\u00f3ria da cidade de Rio Grande e estimulam a valoriza\u00e7\u00e3o do patrim\u00f4nio\u2026","rel":"","context":"Em &quot;ARTESANATO&quot;","block_context":{"text":"ARTESANATO","link":"https:\/\/wp.ufpel.edu.br\/artenosul\/category\/artesanato\/"},"img":{"alt_text":"","src":"https:\/\/i0.wp.com\/wp.ufpel.edu.br\/artenosul\/files\/2025\/12\/Imagem4.jpg?resize=350%2C200&ssl=1","width":350,"height":200,"srcset":"https:\/\/i0.wp.com\/wp.ufpel.edu.br\/artenosul\/files\/2025\/12\/Imagem4.jpg?resize=350%2C200&ssl=1 1x, https:\/\/i0.wp.com\/wp.ufpel.edu.br\/artenosul\/files\/2025\/12\/Imagem4.jpg?resize=525%2C300&ssl=1 1.5x"},"classes":[]},{"id":26780,"url":"https:\/\/wp.ufpel.edu.br\/artenosul\/2024\/06\/15\/curso-feltro-em-historias-promove-integracao-entre-literatura-infantil-e-costura\/","url_meta":{"origin":29511,"position":1},"title":"Curso \u201cFeltro em Hist\u00f3rias\u201d promove integra\u00e7\u00e3o entre literatura infantil e costura","author":"artenosul","date":"15 de junho de 2024","format":false,"excerpt":"Atividades ocorrem na cidade do Rio Grande com parceria da loja Art\u2019Evid\u00eancia e a Secretaria de Munic\u00edpio de Cultura, Esporte e Economia Criativa\u00a0 \u00a0 \u00a0\u00a0 Por Vict\u00f3ria Silva\u00a0 \u00a0 \u00a0 \u00a0\u00a0 \u00a0 \u00a0 Explorar a criatividade e as habilidades de cada participante para dar vida a hist\u00f3rias infantis atrav\u00e9s da\u2026","rel":"","context":"Em &quot;ARTESANATO&quot;","block_context":{"text":"ARTESANATO","link":"https:\/\/wp.ufpel.edu.br\/artenosul\/category\/artesanato\/"},"img":{"alt_text":"","src":"https:\/\/i0.wp.com\/wp.ufpel.edu.br\/artenosul\/files\/2024\/06\/Foto-3-scaled.jpeg?resize=350%2C200&ssl=1","width":350,"height":200,"srcset":"https:\/\/i0.wp.com\/wp.ufpel.edu.br\/artenosul\/files\/2024\/06\/Foto-3-scaled.jpeg?resize=350%2C200&ssl=1 1x, https:\/\/i0.wp.com\/wp.ufpel.edu.br\/artenosul\/files\/2024\/06\/Foto-3-scaled.jpeg?resize=525%2C300&ssl=1 1.5x, https:\/\/i0.wp.com\/wp.ufpel.edu.br\/artenosul\/files\/2024\/06\/Foto-3-scaled.jpeg?resize=700%2C400&ssl=1 2x, https:\/\/i0.wp.com\/wp.ufpel.edu.br\/artenosul\/files\/2024\/06\/Foto-3-scaled.jpeg?resize=1050%2C600&ssl=1 3x, https:\/\/i0.wp.com\/wp.ufpel.edu.br\/artenosul\/files\/2024\/06\/Foto-3-scaled.jpeg?resize=1400%2C800&ssl=1 4x"},"classes":[]},{"id":2678,"url":"https:\/\/wp.ufpel.edu.br\/artenosul\/2016\/06\/01\/encontrando-sofia-o-sentido-do-cinema-na-ufpel\/","url_meta":{"origin":29511,"position":2},"title":"O sentido dos cursos de cinema","author":"artenosul","date":"1 de junho de 2016","format":false,"excerpt":"- Reportagem de Calvin Cousin e Gabriela Schander -\u00a0 Uma conversa sobre a produ\u00e7\u00e3o t\u00e9cnica e cultural nas forma\u00e7\u00f5es em audiovisual - \u00a0 A Universidade Federal de Pelotas (UFpel) tem a distin\u00e7\u00e3o de ser a \u00fanica universidade federal no Rio Grande do Sul com um curso em Cinema e Audiovisual\u2026","rel":"","context":"Em &quot;ARTES VISUAIS&quot;","block_context":{"text":"ARTES VISUAIS","link":"https:\/\/wp.ufpel.edu.br\/artenosul\/category\/artes-visuais\/"},"img":{"alt_text":"","src":"https:\/\/i0.wp.com\/wp.ufpel.edu.br\/artenosul\/files\/2016\/06\/Calvin2-e1522441460240.png?resize=350%2C200&ssl=1","width":350,"height":200,"srcset":"https:\/\/i0.wp.com\/wp.ufpel.edu.br\/artenosul\/files\/2016\/06\/Calvin2-e1522441460240.png?resize=350%2C200&ssl=1 1x, https:\/\/i0.wp.com\/wp.ufpel.edu.br\/artenosul\/files\/2016\/06\/Calvin2-e1522441460240.png?resize=525%2C300&ssl=1 1.5x"},"classes":[]},{"id":13843,"url":"https:\/\/wp.ufpel.edu.br\/artenosul\/2023\/06\/30\/inscricoes-abertas-para-festival-da-fronteira-que-faz-homenagem-a-leona-cavalli\/","url_meta":{"origin":29511,"position":3},"title":"Inscri\u00e7\u00f5es abertas para Festival da Fronteira que faz homenagem \u00e0 Leona Cavalli","author":"artenosul","date":"30 de junho de 2023","format":false,"excerpt":"Evento acontece na cidade de Bag\u00e9 de 29 de novembro a 3 de dezembro e convida participa\u00e7\u00e3o de filmes curtas e longas \u00a0 Est\u00e3o abertas as inscri\u00e7\u00f5es para o 14\u00ba Festival Internacional de Cinema da Fronteira. H\u00e1 dois prazos. Filmes curtas e longas de qualquer nacionalidade podem ser inscritos at\u00e9\u2026","rel":"","context":"Em &quot;CINEMA&quot;","block_context":{"text":"CINEMA","link":"https:\/\/wp.ufpel.edu.br\/artenosul\/category\/cinema\/"},"img":{"alt_text":"","src":"https:\/\/i0.wp.com\/wp.ufpel.edu.br\/artenosul\/files\/2023\/06\/Leona-Cavalli-credito-Jonathan-Giuliani-scaled.jpg?resize=350%2C200&ssl=1","width":350,"height":200,"srcset":"https:\/\/i0.wp.com\/wp.ufpel.edu.br\/artenosul\/files\/2023\/06\/Leona-Cavalli-credito-Jonathan-Giuliani-scaled.jpg?resize=350%2C200&ssl=1 1x, https:\/\/i0.wp.com\/wp.ufpel.edu.br\/artenosul\/files\/2023\/06\/Leona-Cavalli-credito-Jonathan-Giuliani-scaled.jpg?resize=525%2C300&ssl=1 1.5x, https:\/\/i0.wp.com\/wp.ufpel.edu.br\/artenosul\/files\/2023\/06\/Leona-Cavalli-credito-Jonathan-Giuliani-scaled.jpg?resize=700%2C400&ssl=1 2x, https:\/\/i0.wp.com\/wp.ufpel.edu.br\/artenosul\/files\/2023\/06\/Leona-Cavalli-credito-Jonathan-Giuliani-scaled.jpg?resize=1050%2C600&ssl=1 3x, https:\/\/i0.wp.com\/wp.ufpel.edu.br\/artenosul\/files\/2023\/06\/Leona-Cavalli-credito-Jonathan-Giuliani-scaled.jpg?resize=1400%2C800&ssl=1 4x"},"classes":[]},{"id":8508,"url":"https:\/\/wp.ufpel.edu.br\/artenosul\/2019\/11\/17\/propostas-criativas-na-noite-lgbt-de-rio-grande\/","url_meta":{"origin":29511,"position":4},"title":"Propostas criativas na noite LGBT de Rio Grande","author":"artenosul","date":"17 de novembro de 2019","format":false,"excerpt":"Por Nathalia Farias Rio Grande, munic\u00edpio localizado no sul do Rio Grande do Sul. Possui uma popula\u00e7\u00e3o de 207 036 habitantes, segundo estimativas do Instituto Brasileiro de Geografia e Estat\u00edstica. Vizinha de Pelotas, cidade universit\u00e1ria considerada refer\u00eancia quando se trata em vida noturna e entretenimento, Rio Grande est\u00e1 se mostrando\u2026","rel":"","context":"Em &quot;M\u00daSICA&quot;","block_context":{"text":"M\u00daSICA","link":"https:\/\/wp.ufpel.edu.br\/artenosul\/category\/musica\/"},"img":{"alt_text":"","src":"https:\/\/i0.wp.com\/wp.ufpel.edu.br\/artenosul\/files\/2019\/11\/1-1.jpg?resize=350%2C200&ssl=1","width":350,"height":200,"srcset":"https:\/\/i0.wp.com\/wp.ufpel.edu.br\/artenosul\/files\/2019\/11\/1-1.jpg?resize=350%2C200&ssl=1 1x, https:\/\/i0.wp.com\/wp.ufpel.edu.br\/artenosul\/files\/2019\/11\/1-1.jpg?resize=525%2C300&ssl=1 1.5x, https:\/\/i0.wp.com\/wp.ufpel.edu.br\/artenosul\/files\/2019\/11\/1-1.jpg?resize=700%2C400&ssl=1 2x, https:\/\/i0.wp.com\/wp.ufpel.edu.br\/artenosul\/files\/2019\/11\/1-1.jpg?resize=1050%2C600&ssl=1 3x, https:\/\/i0.wp.com\/wp.ufpel.edu.br\/artenosul\/files\/2019\/11\/1-1.jpg?resize=1400%2C800&ssl=1 4x"},"classes":[]},{"id":27212,"url":"https:\/\/wp.ufpel.edu.br\/artenosul\/2024\/10\/02\/exposicao-do-museu-leopoldo-gotuzzo-traz-olhar-sobre-natureza\/","url_meta":{"origin":29511,"position":5},"title":"Exposi\u00e7\u00e3o do Museu Leopoldo Gotuzzo traz olhar sobre natureza\u00a0","author":"artenosul","date":"2 de outubro de 2024","format":false,"excerpt":"Mostra fez parte da programa\u00e7\u00e3o da Primavera dos Museus e continua aberta \u00e0 visita\u00e7\u00e3o\u00a0 \u00a0 \u00a0\u00a0 Por Vanessa Oliveira\u00a0 \u00a0 \u00a0 \u00a0\u00a0 \u00a0 O Museu de Arte Leopoldo Gotuzzo (MALG), vinculado \u00e0 Universidade Federal de Pelotas (UFPel), inaugurou a exposi\u00e7\u00e3o \u201cOlhar Peregrino: Percursos de Gotuzzo atrav\u00e9s da paisagem\u201d, no dia\u2026","rel":"","context":"Em &quot;ARTES VISUAIS&quot;","block_context":{"text":"ARTES VISUAIS","link":"https:\/\/wp.ufpel.edu.br\/artenosul\/category\/artes-visuais\/"},"img":{"alt_text":"","src":"https:\/\/i0.wp.com\/wp.ufpel.edu.br\/artenosul\/files\/2024\/10\/thumbnail-4b.jpg?resize=350%2C200&ssl=1","width":350,"height":200,"srcset":"https:\/\/i0.wp.com\/wp.ufpel.edu.br\/artenosul\/files\/2024\/10\/thumbnail-4b.jpg?resize=350%2C200&ssl=1 1x, https:\/\/i0.wp.com\/wp.ufpel.edu.br\/artenosul\/files\/2024\/10\/thumbnail-4b.jpg?resize=525%2C300&ssl=1 1.5x, https:\/\/i0.wp.com\/wp.ufpel.edu.br\/artenosul\/files\/2024\/10\/thumbnail-4b.jpg?resize=700%2C400&ssl=1 2x, https:\/\/i0.wp.com\/wp.ufpel.edu.br\/artenosul\/files\/2024\/10\/thumbnail-4b.jpg?resize=1050%2C600&ssl=1 3x"},"classes":[]}],"_links":{"self":[{"href":"https:\/\/wp.ufpel.edu.br\/artenosul\/wp-json\/wp\/v2\/posts\/29511","targetHints":{"allow":["GET"]}}],"collection":[{"href":"https:\/\/wp.ufpel.edu.br\/artenosul\/wp-json\/wp\/v2\/posts"}],"about":[{"href":"https:\/\/wp.ufpel.edu.br\/artenosul\/wp-json\/wp\/v2\/types\/post"}],"author":[{"embeddable":true,"href":"https:\/\/wp.ufpel.edu.br\/artenosul\/wp-json\/wp\/v2\/users\/571"}],"replies":[{"embeddable":true,"href":"https:\/\/wp.ufpel.edu.br\/artenosul\/wp-json\/wp\/v2\/comments?post=29511"}],"version-history":[{"count":3,"href":"https:\/\/wp.ufpel.edu.br\/artenosul\/wp-json\/wp\/v2\/posts\/29511\/revisions"}],"predecessor-version":[{"id":29537,"href":"https:\/\/wp.ufpel.edu.br\/artenosul\/wp-json\/wp\/v2\/posts\/29511\/revisions\/29537"}],"wp:attachment":[{"href":"https:\/\/wp.ufpel.edu.br\/artenosul\/wp-json\/wp\/v2\/media?parent=29511"}],"wp:term":[{"taxonomy":"category","embeddable":true,"href":"https:\/\/wp.ufpel.edu.br\/artenosul\/wp-json\/wp\/v2\/categories?post=29511"},{"taxonomy":"post_tag","embeddable":true,"href":"https:\/\/wp.ufpel.edu.br\/artenosul\/wp-json\/wp\/v2\/tags?post=29511"}],"curies":[{"name":"wp","href":"https:\/\/api.w.org\/{rel}","templated":true}]}}