{"id":29421,"date":"2025-08-02T11:30:13","date_gmt":"2025-08-02T14:30:13","guid":{"rendered":"https:\/\/wp.ufpel.edu.br\/artenosul\/?p=29421"},"modified":"2025-08-02T11:31:21","modified_gmt":"2025-08-02T14:31:21","slug":"dos-sinais-a-cena","status":"publish","type":"post","link":"https:\/\/wp.ufpel.edu.br\/artenosul\/2025\/08\/02\/dos-sinais-a-cena\/","title":{"rendered":"\u201cDos Sinais \u00e0 Cena\u201d"},"content":{"rendered":"<p style=\"text-align: center;\"><span style=\"font-family: arial, helvetica, sans-serif; color: #000080;\"><strong><em>Projeto promove protagonismo da comunidade surda no teatro em Pelotas\u00a0\u00a0\u00a0\u00a0\u00a0 <\/em><\/strong><\/span><\/p>\n<p style=\"text-align: right;\"><span style=\"font-family: arial, helvetica, sans-serif; color: #000080;\"><strong><em>Por Larissa Ribeiro Duarte\u00a0\u00a0\u00a0\u00a0\u00a0\u00a0 <\/em><\/strong><\/span><\/p>\n<p style=\"text-align: justify;\"><span style=\"font-family: arial, helvetica, sans-serif;\">Em um cen\u00e1rio onde a acessibilidade cultural ainda \u00e9 um desafio, o projeto Dos Sinais \u00e0 Cena transforma o teatro em uma potente ferramenta de inclus\u00e3o e protagonismo da comunidade surda em Pelotas. Criada por Germano Rusch, ator, professor e diretor, a iniciativa prop\u00f5e uma cena feita <em>com<\/em> e <em>por<\/em> surdos, na qual a Libras (L\u00edngua Brasileira de Sinais) e a express\u00e3o corporal s\u00e3o os elementos centrais da cria\u00e7\u00e3o.<\/span><\/p>\n<p style=\"text-align: justify;\"><span style=\"font-family: arial, helvetica, sans-serif;\">A ideia nasceu em 2017, quando Germano, ainda estudante da licenciatura em Teatro na Universidade Federal de Pelotas (UFPel), decidiu sair da zona de conforto no est\u00e1gio curricular. Ao optar por trabalhar com estudantes surdos do Ensino M\u00e9dio na Escola Carmen Baldino, em Rio Grande, ele percebeu o quanto a arte poderia ser uma ponte entre mundos. A inspira\u00e7\u00e3o veio das aulas de Libras na faculdade e do desejo de atuar em um espa\u00e7o no qual \u00a0a acessibilidade cultural era quase inexistente.<\/span><\/p>\n<p>&nbsp;<\/p>\n<div id=\"attachment_29423\" style=\"width: 818px\" class=\"wp-caption aligncenter\"><img loading=\"lazy\" decoding=\"async\" aria-describedby=\"caption-attachment-29423\" class=\" wp-image-29423\" src=\"https:\/\/wp.ufpel.edu.br\/artenosul\/files\/2025\/08\/cdv_photo_1753367272_20250724112752-500x333.jpg\" alt=\"\" width=\"818\" height=\"545\" srcset=\"https:\/\/wp.ufpel.edu.br\/artenosul\/files\/2025\/08\/cdv_photo_1753367272_20250724112752-500x333.jpg 500w, https:\/\/wp.ufpel.edu.br\/artenosul\/files\/2025\/08\/cdv_photo_1753367272_20250724112752-300x200.jpg 300w, https:\/\/wp.ufpel.edu.br\/artenosul\/files\/2025\/08\/cdv_photo_1753367272_20250724112752-768x512.jpg 768w, https:\/\/wp.ufpel.edu.br\/artenosul\/files\/2025\/08\/cdv_photo_1753367272_20250724112752-855x570.jpg 855w, https:\/\/wp.ufpel.edu.br\/artenosul\/files\/2025\/08\/cdv_photo_1753367272_20250724112752.jpg 1280w\" sizes=\"auto, (max-width: 818px) 100vw, 818px\" \/><p id=\"caption-attachment-29423\" class=\"wp-caption-text\"><span style=\"font-family: arial, helvetica, sans-serif;\"><strong><span style=\"color: #0000ff;\">\u00c0 esquerda, Germano Rusch, idealizador do projeto \u201cDos sinais \u00e0 cena\u201d, durante oficina\u00a0 \u00a0 \u00a0Fotos: Divulga\u00e7\u00e3o<\/span><\/strong><\/span><\/p><\/div>\n<p>&nbsp;<\/p>\n<p style=\"text-align: justify;\"><span style=\"font-family: arial, helvetica, sans-serif;\">\u201cEu me sentei com eles e disse: voc\u00eas me ensinam Libras do jeito de voc\u00eas e eu mostro como o teatro pode ser legal. Eles toparam\u201d, relembra Germano. Daquela troca surgiu o Trabalho de Conclus\u00e3o de Curso (TCC) de Germano e que mais tarde se tornaria projeto aprovado pela Incubadora de projetos de inclus\u00e3o OTROPORTO, com apoio financeiro e t\u00e9cnico para se consolidar.<\/span><\/p>\n<p style=\"text-align: justify;\"><span style=\"font-family: arial, helvetica, sans-serif; color: #0000ff;\"><strong>Libras, corpo e viv\u00eancia coletiva<\/strong><\/span><\/p>\n<p style=\"text-align: justify;\"><span style=\"font-family: arial, helvetica, sans-serif;\">Todas as oficinas s\u00e3o conduzidas em Libras, mesmo quando h\u00e1 participantes ouvintes. Al\u00e9m da l\u00edngua de sinais, os chamados classificadores (gestos e express\u00f5es corporais que ampliam ou substituem os sinais) s\u00e3o usados para dar fluidez \u00e0 comunica\u00e7\u00e3o e estimular a cria\u00e7\u00e3o. A linguagem teatral surge do corpo, do olhar e da viv\u00eancia compartilhada.<\/span><\/p>\n<p>&nbsp;<\/p>\n<div id=\"attachment_29424\" style=\"width: 855px\" class=\"wp-caption aligncenter\"><img loading=\"lazy\" decoding=\"async\" aria-describedby=\"caption-attachment-29424\" class=\" wp-image-29424\" src=\"https:\/\/wp.ufpel.edu.br\/artenosul\/files\/2025\/08\/cdv_photo_1753367267_20250724112747-500x375.jpg\" alt=\"\" width=\"855\" height=\"641\" srcset=\"https:\/\/wp.ufpel.edu.br\/artenosul\/files\/2025\/08\/cdv_photo_1753367267_20250724112747-500x375.jpg 500w, https:\/\/wp.ufpel.edu.br\/artenosul\/files\/2025\/08\/cdv_photo_1753367267_20250724112747-300x225.jpg 300w, https:\/\/wp.ufpel.edu.br\/artenosul\/files\/2025\/08\/cdv_photo_1753367267_20250724112747-768x576.jpg 768w, https:\/\/wp.ufpel.edu.br\/artenosul\/files\/2025\/08\/cdv_photo_1753367267_20250724112747-1536x1152.jpg 1536w, https:\/\/wp.ufpel.edu.br\/artenosul\/files\/2025\/08\/cdv_photo_1753367267_20250724112747-855x641.jpg 855w, https:\/\/wp.ufpel.edu.br\/artenosul\/files\/2025\/08\/cdv_photo_1753367267_20250724112747.jpg 1600w\" sizes=\"auto, (max-width: 855px) 100vw, 855px\" \/><p id=\"caption-attachment-29424\" class=\"wp-caption-text\"><span style=\"font-family: arial, helvetica, sans-serif;\"><strong><span style=\"color: #0000ff;\">Todas oficinas s\u00e3o conduzidas em Libras e com os gestos e express\u00f5es corporais que ampliam ou substituem os sinais<\/span><\/strong><\/span><\/p><\/div>\n<p>&nbsp;<\/p>\n<p style=\"text-align: justify;\"><span style=\"font-family: arial, helvetica, sans-serif;\">Germano conta que precisou adaptar a metodologia para lidar com um grupo diverso, composto por crian\u00e7as, adultos e idosos, incluindo pessoas autistas, com dificuldades cognitivas ou em processo de alfabetiza\u00e7\u00e3o. O objetivo era nivelar o grupo sem tirar a leveza e o prazer de aprender. \u201cA aula tinha que ser gostosa para eles. Tinha que ser divertida pra mim, principalmente, e muito mais para eles.\u201d<\/span><\/p>\n<p style=\"text-align: justify;\"><span style=\"font-family: arial, helvetica, sans-serif;\">O processo de cria\u00e7\u00e3o \u00e9 coletivo desde o in\u00edcio. As cenas surgem a partir das experi\u00eancias reais dos participantes, principalmente relacionadas \u00e0s dificuldades enfrentadas pela comunidade surda. Uma delas retratava a tentativa frustrada de assistir a um filme nacional sem legenda, o que para um p\u00fablico ouvinte \u00e9 comum, mas para eles \u00e9 determinante.<\/span><\/p>\n<p style=\"text-align: justify;\"><span style=\"font-family: arial, helvetica, sans-serif;\">\u201cEles s\u00e3o os protagonistas da cena. Atuando, mostrando suas dificuldades ou qualidades, mas eles em cena\u201d, destaca o diretor. A proposta do projeto \u00e9 garantir que as pessoas surdas tenham propriedade para contar suas hist\u00f3rias, sem media\u00e7\u00f5es.<\/span><\/p>\n<p style=\"text-align: justify;\"><span style=\"font-family: arial, helvetica, sans-serif;\">Mais do que ensinar teatro, Germano conduz um processo de cria\u00e7\u00e3o coletiva que valoriza a autonomia e as narrativas de quem sempre esteve \u00e0 margem da cena.<\/span><\/p>\n<p style=\"text-align: justify;\"><span style=\"font-family: arial, helvetica, sans-serif;\">O projeto contou com a parceria da Escola Alfredo Dub e com o apoio da Associa\u00e7\u00e3o de Surdos de Pelotas (ASP), promovendo aulas pr\u00e1ticas em que a linguagem teatral \u00e9 usada como instrumento de express\u00e3o visual, corporal e emocional. Em vez de um int\u00e9rprete isolado na lateral do palco, os pr\u00f3prios estudantes constroem narrativas a partir de refer\u00eancias pessoais e situa\u00e7\u00f5es cotidianas.<\/span><\/p>\n<p style=\"text-align: justify;\"><span style=\"font-family: arial, helvetica, sans-serif; color: #0000ff;\"><strong>Al\u00e9m da acessibilidade: apropria\u00e7\u00e3o e identidade<\/strong><\/span><\/p>\n<p style=\"text-align: justify;\"><span style=\"font-family: arial, helvetica, sans-serif;\">A diferen\u00e7a mais significativa entre o teatro convencional e o que se constr\u00f3i em Dos sinais \u00e0 cena est\u00e1 no pertencimento. Segundo Germano, muitos temas explorados no teatro tradicional n\u00e3o atravessam a comunidade surda. Para que o trabalho fizesse sentido, ele precisou partir das experi\u00eancias do grupo, criando espa\u00e7os onde cada pessoa pudesse se reconhecer. As cenas n\u00e3o seguem roteiros prontos, mas surgem das necessidades, emo\u00e7\u00f5es e viv\u00eancias dos participantes.<\/span><\/p>\n<p style=\"text-align: justify;\"><span style=\"font-family: arial, helvetica, sans-serif;\">A fluidez da express\u00e3o corporal garante que mesmo quem n\u00e3o domina Libras consiga compreender as cenas. \u201cEles s\u00e3o muito expressivos. A teatralidade est\u00e1 no corpo deles desde sempre\u201d, comenta o diretor.<\/span><\/p>\n<p>&nbsp;<\/p>\n<div id=\"attachment_29430\" style=\"width: 741px\" class=\"wp-caption aligncenter\"><img loading=\"lazy\" decoding=\"async\" aria-describedby=\"caption-attachment-29430\" class=\" wp-image-29430\" src=\"https:\/\/wp.ufpel.edu.br\/artenosul\/files\/2025\/08\/cdv_photo_1753367263_20250724112743b-500x496.jpg\" alt=\"\" width=\"741\" height=\"735\" srcset=\"https:\/\/wp.ufpel.edu.br\/artenosul\/files\/2025\/08\/cdv_photo_1753367263_20250724112743b-500x496.jpg 500w, https:\/\/wp.ufpel.edu.br\/artenosul\/files\/2025\/08\/cdv_photo_1753367263_20250724112743b-300x298.jpg 300w, https:\/\/wp.ufpel.edu.br\/artenosul\/files\/2025\/08\/cdv_photo_1753367263_20250724112743b-768x762.jpg 768w, https:\/\/wp.ufpel.edu.br\/artenosul\/files\/2025\/08\/cdv_photo_1753367263_20250724112743b-855x848.jpg 855w, https:\/\/wp.ufpel.edu.br\/artenosul\/files\/2025\/08\/cdv_photo_1753367263_20250724112743b.jpg 1200w\" sizes=\"auto, (max-width: 741px) 100vw, 741px\" \/><p id=\"caption-attachment-29430\" class=\"wp-caption-text\"><span style=\"font-family: arial, helvetica, sans-serif;\"><strong><span style=\"color: #0000ff;\">Atividades contam com parceria da Escola Alfredo Dub e apoio da Associa\u00e7\u00e3o de Surdos de Pelotas<\/span> <span style=\"color: #0000ff;\">(ASP)<\/span><\/strong><\/span><\/p><\/div>\n<p>&nbsp;<\/p>\n<p style=\"text-align: justify;\"><span style=\"font-family: arial, helvetica, sans-serif; color: #0000ff;\"><strong>O futuro do projeto<\/strong><\/span><\/p>\n<p style=\"text-align: justify;\"><span style=\"font-family: arial, helvetica, sans-serif;\">Com apoio inicial da Incubadora OTROPORTO, o projeto teve investimento para aulas, int\u00e9rpretes e capacita\u00e7\u00e3o. Agora, Germano busca novas formas de financiamento para dar continuidade \u00e0s oficinas e, quem sabe, levar as cenas ao palco para p\u00fablicos diversos, com acessibilidade para ouvintes e surdos.<\/span><\/p>\n<p style=\"text-align: justify;\"><span style=\"font-family: arial, helvetica, sans-serif;\">Apesar da relev\u00e2ncia e do impacto do projeto, a falta de apoio financeiro \u00e9 um obst\u00e1culo constante. A parceria com a incubadora foi o empurr\u00e3o necess\u00e1rio para transformar uma ideia em pr\u00e1tica.<\/span><\/p>\n<p style=\"text-align: justify;\"><span style=\"font-family: arial, helvetica, sans-serif;\">Agora, o futuro do Dos Sinais \u00e0 Cena depende do interesse e do investimento coletivo em uma arte feita para todos e com todos.<\/span><\/p>\n<p style=\"text-align: justify;\"><span style=\"font-family: arial, helvetica, sans-serif;\">Trabalhar com arte inclusiva, para Germano, \u00e9 mais do que ensinar: \u00e9 aprender. \u201cO mais transformador \u00e9 ver eles se reconhecendo em cena, mostrando suas dores e conquistas. \u00c9 teatro de verdade, com prop\u00f3sito e com alma.\u201d<\/span><\/p>\n<p style=\"text-align: justify;\"><span style=\"font-family: arial, helvetica, sans-serif;\">Para acompanhar mais sobre o projeto, siga <a href=\"https:\/\/www.instagram.com\/dossinaisacena_projeto\/\" target=\"_blank\" rel=\"noopener\"><strong>@dossinaisacena_projeto<\/strong><\/a> no Instagram.<\/span><\/p>\n<p><span style=\"font-family: arial, helvetica, sans-serif; color: #0000ff;\"><strong>Assista ao v\u00eddeo com o depoimento de <span style=\"font-family: arial, helvetica, sans-serif;\">Germano Rusch <\/span>sobre a iniciativa:<\/strong><\/span><\/p>\n<p>&nbsp;<\/p>\n<div class=\"embed-container\"><iframe loading=\"lazy\" title=\"Dos Sinais \u00e0 Cena - Um projeto Incubadora OTROPORTO.\" width=\"855\" height=\"481\" src=\"https:\/\/www.youtube.com\/embed\/ASBG55WlPVc?feature=oembed\" frameborder=\"0\" allow=\"accelerometer; autoplay; clipboard-write; encrypted-media; gyroscope; picture-in-picture; web-share\" referrerpolicy=\"strict-origin-when-cross-origin\" allowfullscreen><\/iframe><\/div>\n<p style=\"text-align: justify;\"><span style=\"font-family: arial, helvetica, sans-serif;\"><strong>\u00a0<\/strong><\/span><\/p>\n<p style=\"text-align: justify;\"><a href=\"http:\/\/wp.ufpel.edu.br\/artenosul\"><span style=\"font-family: arial, helvetica, sans-serif; color: #0000ff;\"><strong>PRIMEIRA P\u00c1GINA<\/strong><\/span><\/a><\/p>\n<p style=\"text-align: justify;\"><span style=\"font-family: arial, helvetica, sans-serif; color: #0000ff;\"><strong>COMENT\u00c1RIOS<\/strong><\/span><\/p>\n<p>&nbsp;<\/p>\n<div data-test='contact-form'\n\t\t\tid='contact-form-29421'\n\t\t\tclass='wp-block-jetpack-contact-form-container '\n\t\t\tdata-wp-interactive='jetpack\/form' data-wp-context='{\"formId\":\"29421\",\"formHash\":\"4a11bc6f71de8e7654be3dc7fff5ac190b167829\",\"showErrors\":false,\"errors\":[],\"fields\":[],\"isMultiStep\":false,\"useAjax\":true,\"submissionData\":null,\"formattedSubmissionData\":[],\"submissionSuccess\":false,\"submissionError\":null,\"elementId\":\"jp-form-4a11bc6f71de8e7654be3dc7fff5ac190b167829\",\"isSingleInputForm\":false}'\n\t\t\tdata-wp-watch--scroll-to-wrapper=\"callbacks.scrollToWrapper\"\n\t\t>\n<div class=\"contact-form-submission contact-form-ajax-submission\" data-wp-class--submission-success=\"context.submissionSuccess\"><p class=\"go-back-message\"><a class=\"link\" role=\"button\" tabindex=\"0\" data-wp-on--click=\"actions.goBack\" href=\"\/artenosul\/wp-json\/wp\/v2\/posts\/29421\">Voltar<\/a><\/p><h4 id=\"contact-form-success-header\">Sua mensagem foi enviada<\/h4>\n\n<template data-wp-each--submission=\"context.formattedSubmissionData\">\n\t\t\t\t\t<div class=\"jetpack_forms_contact-form-success-summary\">\n\t\t\t\t\t\t<div class=\"field-name\" data-wp-text=\"context.submission.label\" data-wp-bind--hidden=\"!context.submission.label\"><\/div>\n\t\t\t\t\t\t<div class=\"field-value\" data-wp-text=\"context.submission.value\"><\/div>\n\t\t\t\t\t\t<div class=\"field-images\" data-wp-bind--hidden=\"!context.submission.images\">\n\t\t\t\t\t\t\t<template data-wp-each--image=\"context.submission.images\">\n\t\t\t\t\t\t\t\t<figure class=\"field-image\" data-wp-class--is-empty=\"!context.image\">\n\t\t\t\t\t\t\t\t\t<img data-wp-bind--src=\"context.image\" data-wp-bind--hidden=\"!context.image\" \/>\n\t\t\t\t\t\t\t\t\t<img decoding=\"async\" src=\"data:image\/gif;base64,R0lGODlhAQABAAD\/ACwAAAAAAQABAAACADs=\" data-wp-bind--hidden=\"context.image\" \/>\n\t\t\t\t\t\t\t\t<\/figure>\n\t\t\t\t\t\t\t<\/template>\n\t\t\t\t\t\t<\/div>\n\t\t\t\t\t<\/div>\n\t\t\t\t<\/template><\/div><form action='https:\/\/wp.ufpel.edu.br\/artenosul\/2025\/08\/02\/dos-sinais-a-cena\/'\n\t\t\t\tid='jp-form-4a11bc6f71de8e7654be3dc7fff5ac190b167829'\n\t\t\t\tmethod='post'\n\t\t\t\tclass='contact-form commentsblock' aria-label=\"\u201cDos Sinais \u00e0 Cena\u201d\"\n\t\t\t\tdata-wp-on--submit=\"actions.onFormSubmit\"\n\t\t\t\tdata-wp-on--reset=\"actions.onFormReset\"\n\t\t\t\tdata-wp-class--submission-success=\"context.submissionSuccess\"\n\t\t\t\tdata-wp-class--is-first-step=\"state.isFirstStep\"\n\t\t\t\tdata-wp-class--is-last-step=\"state.isLastStep\"\n\t\t\t\tdata-wp-class--is-ajax-form=\"context.useAjax\"\n\t\t\t\tnovalidate >\n<input type='hidden' name='jetpack_contact_form_jwt' value='eyJ0eXAiOiJKV1QiLCJhbGciOiJIUzI1NiJ9.eyJlbmNyeXB0ZWRfYXR0cmlidXRlcyI6Inp6dXFCenFLd3l0N0JaRjhCcDE5akxZaTlKcUhPdjVxS3kyQ3l4TUkrR08wUHdiQW4ybFkwOTFFaXZEV2RqR1hNSlo5NHJadnh1cENTSzg2b0EyTjczK3pNdkR3REEzUEk3cllEUjZNNEVvWDhHZnBEcCthOEwzcGsrTmNwbU96Wi82NnNZSlBvY1ZDOHU2N1M3MkFhM3lGdGxUamZTOU4zT3hhdjlhbWJoTnRURHpzOUYxdUtHclBmZWYybFRjYnhkdzFSaElJSXVXZFpLSDZkREZ1aDJNSFZFd2dZVGR4YzdyT2pKbnJwT1F2UzkzM3E2SVYwZWgyTXUyWnhZcWVKSUtLcW9ZMmp1UUk3YmhCa2NNRUVFbjNINWhsRmMveW40ZEM1cnJzM3A1RXNMbzgrckVlME9GYXhkcEdhQ0RHTGRDQkxVQmJMb1lZK3N6TW5GZ005eVFVUkpLbUpCZTJXUW14OGdHVDBHUmZJTnJDaUIwbmpuanlON3VESllsdkFvRUVMeStLY1FwSTh0aTJSZmNjV1ZZS1VxU1U4c0k0UjVBVnM4blpKTEdSTVVqTTc5L3k3bUY3ZWpXTlhRQktYZUJyR3hyTi9IS2huV3IybVFGTW1oS2wzYncwSTQ4L3p3Y05iZVl0OExKck9iN1RoSFRxY1MwbFA4dU9lZjNKbk9IdkE5ZGJiMXIzajZwVTBSclNQc2hDZmJmYVEvUitmUkY0cEJ1MDUvNWhERHRVWW9IWGdvRnJhZmxBdmhWYmJ0R3V1VGdUOTVpRTdQNzFPbVNBNGk2QlM0VWRLNGpDbUlGNlNhWGppaU9GUmRabzVHRyt6NkNhem8vR2FjeGk3QzNSRXArdWc0bnpSNEwvZUpoUjNoR2xLeXozU1ZCeGVPVkp3TVhRU1JZWllraHZUQ0xpb2h6SnBMRVdRTk8xV0pUaS9BQ2tqbDhZbzR1U1h0T05JcVRMT0phVGhvbk5Mek16NExhOFdTNitFR1E0VWRpRHlSYTJFY2Z5Yzc3NWl6VHM0Slc5eG9udGhtRXhjb0kxZHhsQWFOOUhGQk1LeERYNHF2QkNGQmd1bHEvSVVQSHBMVHhPR1lzc0Q0QWZXRkFyQTBiWkRRQ3VzTVVzbndNZ0hocFI3ZkhTTGNUV3dHRkc3eDVoTVBvTHdwZG9DbExiOFNnSjBnVFBrdFprZTR3SzJQZ082eHh1TkFJPSIsImNvbnRlbnQiOiJbY29udGFjdC1maWVsZCBsYWJlbD1cIk5vbWVcIiB0eXBlPVwibmFtZVwiXVtjb250YWN0LWZpZWxkIGxhYmVsPVwiRS1tYWlsXCIgdHlwZT1cImVtYWlsXCJdW2NvbnRhY3QtZmllbGQgbGFiZWw9XCJNZW5zYWdlbVwiIHR5cGU9XCJ0ZXh0YXJlYVwiXSIsImhhc2giOiI0YTExYmM2ZjcxZGU4ZTc2NTRiZTNkYzdmZmY1YWMxOTBiMTY3ODI5Iiwic291cmNlIjp7ImVudHJ5X3RpdGxlIjoiXHUyMDFjRG9zIFNpbmFpcyBcdTAwZTAgQ2VuYVx1MjAxZCIsImVudHJ5X3BhZ2UiOjEsInNvdXJjZV9pZCI6Mjk0MjEsInNvdXJjZV90eXBlIjoic2luZ2xlIiwicmVxdWVzdF91cmwiOiJodHRwczovL3dwLnVmcGVsLmVkdS5ici9hcnRlbm9zdWwvd3AtanNvbi93cC92Mi9wb3N0cy8yOTQyMSJ9LCJ2ZXJzaW9uIjoyLCJjaXBoZXIiOiJhZXMtMjU2LWdjbSJ9.k--CpvEIcZJrkyDXcRK6iI_-BpS4YWJo0ktxO4JjrSo' \/>\n\n<div style=\"\"  data-wp-interactive=\"jetpack\/form\" data-wp-context='{\"fieldId\":\"g29421-nome\",\"fieldType\":\"name\",\"fieldLabel\":\"Nome\",\"fieldValue\":\"\",\"fieldPlaceholder\":\"\",\"fieldIsRequired\":\"\",\"fieldErrorMessage\":\"\",\"fieldExtra\":[],\"formHash\":\"4a11bc6f71de8e7654be3dc7fff5ac190b167829\"}'  class='grunion-field-name-wrap grunion-field-wrap'  data-wp-init='callbacks.initializeField' data-wp-on--jetpack-form-reset='callbacks.initializeField' >\n<label\n\t\t\t\tfor='g29421-nome' class=\"grunion-field-label name\" >Nome<\/label>\n<input\n\t\t\t\t\ttype='text'\n\t\t\t\t\tname='g29421-nome'\n\t\t\t\t\tid='g29421-nome'\n\t\t\t\t\tvalue=''\n\n\t\t\t\t\tdata-wp-bind--aria-invalid='state.fieldHasErrors'\n\t\t\t\t\tdata-wp-bind--value='state.getFieldValue'\n\t\t\t\t\taria-errormessage='g29421-nome-text-error-message'\n\t\t\t\t\tdata-wp-on--input='actions.onFieldChange'\n\t\t\t\t\tdata-wp-on--blur='actions.onFieldBlur'\n\t\t\t\t\tdata-wp-class--has-value='state.hasFieldValue'\n\n\t\t\t\t\tclass='name  grunion-field' \n\t\t\t\t\t \/>\n \n\t\t\t<div id=\"g29421-nome-text-error\" class=\"contact-form__input-error\" data-wp-class--has-errors=\"state.fieldHasErrors\">\n\t\t\t\t<span class=\"contact-form__warning-icon\">\n\t\t\t\t\t<svg width=\"16\" height=\"16\" viewBox=\"0 0 16 16\" fill=\"none\" xmlns=\"http:\/\/www.w3.org\/2000\/svg\">\n\t\t\t\t\t\t<path d=\"M8.50015 11.6402H7.50015V10.6402H8.50015V11.6402Z\" \/>\n\t\t\t\t\t\t<path d=\"M7.50015 9.64018H8.50015V6.30684H7.50015V9.64018Z\" \/>\n\t\t\t\t\t\t<path fill-rule=\"evenodd\" clip-rule=\"evenodd\" d=\"M6.98331 3.0947C7.42933 2.30177 8.57096 2.30177 9.01698 3.09469L13.8771 11.7349C14.3145 12.5126 13.7525 13.4735 12.8602 13.4735H3.14004C2.24774 13.4735 1.68575 12.5126 2.12321 11.7349L6.98331 3.0947ZM8.14541 3.58496C8.08169 3.47168 7.9186 3.47168 7.85488 3.58496L2.99478 12.2251C2.93229 12.3362 3.01257 12.4735 3.14004 12.4735H12.8602C12.9877 12.4735 13.068 12.3362 13.0055 12.2251L8.14541 3.58496Z\" \/>\n\t\t\t\t\t<\/svg>\n\t\t\t\t\t<span class=\"visually-hidden\">Aviso<\/span>\n\t\t\t\t<\/span>\n\t\t\t\t<span data-wp-text=\"state.errorMessage\" id=\"g29421-nome-text-error-message\" role=\"alert\" aria-live=\"assertive\"><\/span>\n\t\t\t<\/div> \n\t<\/div>\n\n<div style=\"\"  data-wp-interactive=\"jetpack\/form\" data-wp-context='{\"fieldId\":\"g29421-email\",\"fieldType\":\"email\",\"fieldLabel\":\"E-mail\",\"fieldValue\":\"\",\"fieldPlaceholder\":\"\",\"fieldIsRequired\":\"\",\"fieldErrorMessage\":\"\",\"fieldExtra\":[],\"formHash\":\"4a11bc6f71de8e7654be3dc7fff5ac190b167829\"}'  class='grunion-field-email-wrap grunion-field-wrap'  data-wp-init='callbacks.initializeField' data-wp-on--jetpack-form-reset='callbacks.initializeField' >\n<label\n\t\t\t\tfor='g29421-email' class=\"grunion-field-label email\" >E-mail<\/label>\n<input\n\t\t\t\t\ttype='email'\n\t\t\t\t\tname='g29421-email'\n\t\t\t\t\tid='g29421-email'\n\t\t\t\t\tvalue=''\n\n\t\t\t\t\tdata-wp-bind--aria-invalid='state.fieldHasErrors'\n\t\t\t\t\tdata-wp-bind--value='state.getFieldValue'\n\t\t\t\t\taria-errormessage='g29421-email-email-error-message'\n\t\t\t\t\tdata-wp-on--input='actions.onFieldChange'\n\t\t\t\t\tdata-wp-on--blur='actions.onFieldBlur'\n\t\t\t\t\tdata-wp-class--has-value='state.hasFieldValue'\n\n\t\t\t\t\tclass='email  grunion-field' \n\t\t\t\t\t \/>\n \n\t\t\t<div id=\"g29421-email-email-error\" class=\"contact-form__input-error\" data-wp-class--has-errors=\"state.fieldHasErrors\">\n\t\t\t\t<span class=\"contact-form__warning-icon\">\n\t\t\t\t\t<svg width=\"16\" height=\"16\" viewBox=\"0 0 16 16\" fill=\"none\" xmlns=\"http:\/\/www.w3.org\/2000\/svg\">\n\t\t\t\t\t\t<path d=\"M8.50015 11.6402H7.50015V10.6402H8.50015V11.6402Z\" \/>\n\t\t\t\t\t\t<path d=\"M7.50015 9.64018H8.50015V6.30684H7.50015V9.64018Z\" \/>\n\t\t\t\t\t\t<path fill-rule=\"evenodd\" clip-rule=\"evenodd\" d=\"M6.98331 3.0947C7.42933 2.30177 8.57096 2.30177 9.01698 3.09469L13.8771 11.7349C14.3145 12.5126 13.7525 13.4735 12.8602 13.4735H3.14004C2.24774 13.4735 1.68575 12.5126 2.12321 11.7349L6.98331 3.0947ZM8.14541 3.58496C8.08169 3.47168 7.9186 3.47168 7.85488 3.58496L2.99478 12.2251C2.93229 12.3362 3.01257 12.4735 3.14004 12.4735H12.8602C12.9877 12.4735 13.068 12.3362 13.0055 12.2251L8.14541 3.58496Z\" \/>\n\t\t\t\t\t<\/svg>\n\t\t\t\t\t<span class=\"visually-hidden\">Aviso<\/span>\n\t\t\t\t<\/span>\n\t\t\t\t<span data-wp-text=\"state.errorMessage\" id=\"g29421-email-email-error-message\" role=\"alert\" aria-live=\"assertive\"><\/span>\n\t\t\t<\/div> \n\t<\/div>\n\n<div style=\"\"  data-wp-interactive=\"jetpack\/form\" data-wp-context='{\"fieldId\":\"g29421-mensagem\",\"fieldType\":\"textarea\",\"fieldLabel\":\"Mensagem\",\"fieldValue\":\"\",\"fieldPlaceholder\":\"\",\"fieldIsRequired\":\"\",\"fieldErrorMessage\":\"\",\"fieldExtra\":[],\"formHash\":\"4a11bc6f71de8e7654be3dc7fff5ac190b167829\"}'  class='grunion-field-textarea-wrap grunion-field-wrap'  data-wp-init='callbacks.initializeField' data-wp-on--jetpack-form-reset='callbacks.initializeField' >\n<label\n\t\t\t\tfor='contact-form-comment-g29421-mensagem' class=\"grunion-field-label textarea\" >Mensagem<\/label>\n<textarea\n\t\t                style=''\n\t\t                name='g29421-mensagem'\n\t\t                id='contact-form-comment-g29421-mensagem'\n\t\t                rows='20'\n\t\t\t\t\t\tdata-wp-text='state.getFieldValue'\n\t\t\t\t\t\tdata-wp-on--input='actions.onFieldChange'\n\t\t\t\t\t\tdata-wp-on--blur='actions.onFieldBlur'\n\t\t\t\t\t\tdata-wp-class--has-value='state.hasFieldValue'\n\t\t\t\t\t\tdata-wp-bind--aria-invalid='state.fieldHasErrors'\n\t\t\t\t\t\taria-errormessage='g29421-mensagem-textarea-error-message'\n\t\t\t\t\t\tclass='textarea  grunion-field'  ><\/textarea>\n \n\t\t\t<div id=\"g29421-mensagem-textarea-error\" class=\"contact-form__input-error\" data-wp-class--has-errors=\"state.fieldHasErrors\">\n\t\t\t\t<span class=\"contact-form__warning-icon\">\n\t\t\t\t\t<svg width=\"16\" height=\"16\" viewBox=\"0 0 16 16\" fill=\"none\" xmlns=\"http:\/\/www.w3.org\/2000\/svg\">\n\t\t\t\t\t\t<path d=\"M8.50015 11.6402H7.50015V10.6402H8.50015V11.6402Z\" \/>\n\t\t\t\t\t\t<path d=\"M7.50015 9.64018H8.50015V6.30684H7.50015V9.64018Z\" \/>\n\t\t\t\t\t\t<path fill-rule=\"evenodd\" clip-rule=\"evenodd\" d=\"M6.98331 3.0947C7.42933 2.30177 8.57096 2.30177 9.01698 3.09469L13.8771 11.7349C14.3145 12.5126 13.7525 13.4735 12.8602 13.4735H3.14004C2.24774 13.4735 1.68575 12.5126 2.12321 11.7349L6.98331 3.0947ZM8.14541 3.58496C8.08169 3.47168 7.9186 3.47168 7.85488 3.58496L2.99478 12.2251C2.93229 12.3362 3.01257 12.4735 3.14004 12.4735H12.8602C12.9877 12.4735 13.068 12.3362 13.0055 12.2251L8.14541 3.58496Z\" \/>\n\t\t\t\t\t<\/svg>\n\t\t\t\t\t<span class=\"visually-hidden\">Aviso<\/span>\n\t\t\t\t<\/span>\n\t\t\t\t<span data-wp-text=\"state.errorMessage\" id=\"g29421-mensagem-textarea-error-message\" role=\"alert\" aria-live=\"assertive\"><\/span>\n\t\t\t<\/div>\n\t<\/div>\n\t<p class='contact-submit'>\n<div class=\"contact-form__error\" data-wp-class--show-errors=\"state.showFormErrors\"><span class=\"contact-form__warning-icon\"><span class=\"visually-hidden\">Aten\u00e7\u00e3o.<\/span><i aria-hidden=\"true\"><\/i><\/span>\n\t\t\t\t<span data-wp-text=\"state.getFormErrorMessage\"><\/span>\n\t\t\t\t<ul>\n\t\t\t\t<template data-wp-each=\"state.getErrorList\" data-wp-key=\"context.item.id\">\n\t\t\t\t\t<li><a data-wp-bind--href=\"context.item.anchor\" data-wp-on--click=\"actions.scrollIntoView\" data-wp-text=\"context.item.label\"><\/a><\/li>\n\t\t\t\t<\/template>\n\t\t\t\t<\/ul><\/div><div class=\"contact-form__error\" data-wp-class--show-errors=\"state.showSubmissionError\" data-wp-text=\"context.submissionError\"><\/div>\t\t<button type='submit' class='pushbutton-wide'>Enviar<\/button>\t\t<input type='hidden' name='contact-form-id' value='29421' \/>\n\t\t<input type='hidden' name='action' value='grunion-contact-form' \/>\n\t\t<input type='hidden' name='contact-form-hash' value='4a11bc6f71de8e7654be3dc7fff5ac190b167829' \/>\n\t<\/p>\n<p style=\"display: none !important;\" class=\"akismet-fields-container\" data-prefix=\"ak_\"><label>&#916;<textarea name=\"ak_hp_textarea\" cols=\"45\" rows=\"8\" maxlength=\"100\"><\/textarea><\/label><input type=\"hidden\" id=\"ak_js_1\" name=\"ak_js\" value=\"168\"\/><script>document.getElementById( \"ak_js_1\" ).setAttribute( \"value\", ( new Date() ).getTime() );<\/script><\/p><\/form>\n<\/div>\n","protected":false},"excerpt":{"rendered":"<p>Projeto promove protagonismo da comunidade surda no teatro em Pelotas\u00a0\u00a0\u00a0\u00a0\u00a0 Por Larissa Ribeiro Duarte\u00a0\u00a0\u00a0\u00a0\u00a0\u00a0 Em um cen\u00e1rio onde a acessibilidade cultural ainda \u00e9 um desafio, o projeto Dos Sinais \u00e0 Cena transforma o teatro em uma potente ferramenta de inclus\u00e3o e protagonismo da comunidade surda em Pelotas. Criada por Germano Rusch, ator, professor e diretor, &hellip; <\/p>\n<p><a class=\"more-link btn\" href=\"https:\/\/wp.ufpel.edu.br\/artenosul\/2025\/08\/02\/dos-sinais-a-cena\/\">Continue lendo<\/a><\/p>\n","protected":false},"author":571,"featured_media":29424,"comment_status":"closed","ping_status":"closed","sticky":false,"template":"","format":"standard","meta":{"jetpack_post_was_ever_published":false,"_jetpack_newsletter_access":"","_jetpack_dont_email_post_to_subs":false,"_jetpack_newsletter_tier_id":0,"_jetpack_memberships_contains_paywalled_content":false,"_jetpack_memberships_contains_paid_content":false,"footnotes":"","jetpack_publicize_message":"","jetpack_publicize_feature_enabled":true,"jetpack_social_post_already_shared":true,"jetpack_social_options":{"image_generator_settings":{"template":"highway","default_image_id":0,"font":"","enabled":false},"version":2}},"categories":[88,50],"tags":[2087,2847,2848,2398,2851,2852,2849,2850,2088,2845,2846,51],"class_list":["post-29421","post","type-post","status-publish","format-standard","has-post-thumbnail","hentry","category-comunidade","category-teatro","tag-associacao-otroporto-industria-criativa","tag-audicao","tag-cena","tag-deficiencia","tag-germano-rusch","tag-larissa-ribeiro-duarte","tag-oficina-teatral","tag-oficina-teatral-para-deficientes-autitivos","tag-otroporto","tag-surdo","tag-surdos","tag-teatro","nodate","item-wrap"],"jetpack_publicize_connections":[],"jetpack_featured_media_url":"https:\/\/wp.ufpel.edu.br\/artenosul\/files\/2025\/08\/cdv_photo_1753367267_20250724112747.jpg","jetpack_sharing_enabled":true,"jetpack_likes_enabled":true,"jetpack_shortlink":"https:\/\/wp.me\/p6PuxQ-7Ex","jetpack-related-posts":[{"id":29776,"url":"https:\/\/wp.ufpel.edu.br\/artenosul\/2025\/11\/06\/otroporto-seleciona-artistas-para-pinturas-murais-em-sua-sede\/","url_meta":{"origin":29421,"position":0},"title":"Otroporto seleciona artistas para pinturas murais em sua sede","author":"artenosul","date":"6 de novembro de 2025","format":false,"excerpt":"Podem participar brasileiros e estrangeiros com propostas em diversas linguagens visuais \u00a0 \u00a0 Est\u00e3o abertas at\u00e9 o dia 21 de novembro as inscri\u00e7\u00f5es para a sele\u00e7\u00e3o de artistas para integrarem os novos espa\u00e7os da Galeria Otroporto Conexxion. A escolha faz parte do Edital 005\/2025, lan\u00e7ado pela Otroporto Ind\u00fastria Criativa, que\u2026","rel":"","context":"Em &quot;ARTES VISUAIS&quot;","block_context":{"text":"ARTES VISUAIS","link":"https:\/\/wp.ufpel.edu.br\/artenosul\/category\/artes-visuais\/"},"img":{"alt_text":"","src":"https:\/\/i0.wp.com\/wp.ufpel.edu.br\/artenosul\/files\/2025\/11\/Galeria-OTROPORTO-Connexion-Foto_Gabi-Mazza_Satolep-Press-scaled.jpeg?resize=350%2C200&ssl=1","width":350,"height":200,"srcset":"https:\/\/i0.wp.com\/wp.ufpel.edu.br\/artenosul\/files\/2025\/11\/Galeria-OTROPORTO-Connexion-Foto_Gabi-Mazza_Satolep-Press-scaled.jpeg?resize=350%2C200&ssl=1 1x, https:\/\/i0.wp.com\/wp.ufpel.edu.br\/artenosul\/files\/2025\/11\/Galeria-OTROPORTO-Connexion-Foto_Gabi-Mazza_Satolep-Press-scaled.jpeg?resize=525%2C300&ssl=1 1.5x, https:\/\/i0.wp.com\/wp.ufpel.edu.br\/artenosul\/files\/2025\/11\/Galeria-OTROPORTO-Connexion-Foto_Gabi-Mazza_Satolep-Press-scaled.jpeg?resize=700%2C400&ssl=1 2x, https:\/\/i0.wp.com\/wp.ufpel.edu.br\/artenosul\/files\/2025\/11\/Galeria-OTROPORTO-Connexion-Foto_Gabi-Mazza_Satolep-Press-scaled.jpeg?resize=1050%2C600&ssl=1 3x, https:\/\/i0.wp.com\/wp.ufpel.edu.br\/artenosul\/files\/2025\/11\/Galeria-OTROPORTO-Connexion-Foto_Gabi-Mazza_Satolep-Press-scaled.jpeg?resize=1400%2C800&ssl=1 4x"},"classes":[]},{"id":26476,"url":"https:\/\/wp.ufpel.edu.br\/artenosul\/2024\/03\/03\/otroporto-arte-cultura-e-educacao-reunidas-em-bairro-pelotense\/","url_meta":{"origin":29421,"position":1},"title":"Otroporto: arte, cultura e educa\u00e7\u00e3o reunidas em bairro pelotense","author":"artenosul","date":"3 de mar\u00e7o de 2024","format":false,"excerpt":"Neste quinta-feira e sexta-feira ocorre o projeto Cine C\u00e9u do Porto com mostra de curta-metragens de estudantes e a presen\u00e7a do consagrado diretor ga\u00facho Jorge Furtado\u00a0 \u00a0 \u00a0 \u00a0\u00a0 Por Carolina Pereira Soares\u00a0 \u00a0 \u00a0 \u00a0 \u00a0 \u00a0 A Otroporto \u2013 Ind\u00fastria Criativa \u00e9 uma entidade sem fins lucrativos localizada\u2026","rel":"","context":"Em &quot;ARTES VISUAIS&quot;","block_context":{"text":"ARTES VISUAIS","link":"https:\/\/wp.ufpel.edu.br\/artenosul\/category\/artes-visuais\/"},"img":{"alt_text":"","src":"https:\/\/i0.wp.com\/wp.ufpel.edu.br\/artenosul\/files\/2024\/03\/Jorge_Furtado_2022_cropped.png?resize=350%2C200&ssl=1","width":350,"height":200},"classes":[]},{"id":29638,"url":"https:\/\/wp.ufpel.edu.br\/artenosul\/2025\/09\/09\/i-mostra-de-animacao-do-festival-de-cinema-da-fronteira-comeca-amanha-em-pelotas\/","url_meta":{"origin":29421,"position":2},"title":"I Mostra de Anima\u00e7\u00e3o do Festival de Cinema da Fronteira come\u00e7a amanh\u00e3 em Pelotas","author":"artenosul","date":"9 de setembro de 2025","format":false,"excerpt":"Com entrada franca, festival exibe mais de 20 curtas nacionais e o longa 'Bizarros Peixes das Fossas Abissais' na escola Jornalista Deogar Soares, Otroporto e CEU Dunas\u200b \u00a0 \u00a0 De 10 a 12 de setembro de 2025, a cidade de Pelotas ser\u00e1 palco de uma sele\u00e7\u00e3o especial de curtas e\u2026","rel":"","context":"Em &quot;CINEMA&quot;","block_context":{"text":"CINEMA","link":"https:\/\/wp.ufpel.edu.br\/artenosul\/category\/cinema\/"},"img":{"alt_text":"","src":"https:\/\/i0.wp.com\/wp.ufpel.edu.br\/artenosul\/files\/2025\/09\/Carcinizacao-de-Denis-Souza-Pelotas-Brasil-credito-Divulgacao.png?resize=350%2C200&ssl=1","width":350,"height":200,"srcset":"https:\/\/i0.wp.com\/wp.ufpel.edu.br\/artenosul\/files\/2025\/09\/Carcinizacao-de-Denis-Souza-Pelotas-Brasil-credito-Divulgacao.png?resize=350%2C200&ssl=1 1x, https:\/\/i0.wp.com\/wp.ufpel.edu.br\/artenosul\/files\/2025\/09\/Carcinizacao-de-Denis-Souza-Pelotas-Brasil-credito-Divulgacao.png?resize=525%2C300&ssl=1 1.5x, https:\/\/i0.wp.com\/wp.ufpel.edu.br\/artenosul\/files\/2025\/09\/Carcinizacao-de-Denis-Souza-Pelotas-Brasil-credito-Divulgacao.png?resize=700%2C400&ssl=1 2x, https:\/\/i0.wp.com\/wp.ufpel.edu.br\/artenosul\/files\/2025\/09\/Carcinizacao-de-Denis-Souza-Pelotas-Brasil-credito-Divulgacao.png?resize=1050%2C600&ssl=1 3x, https:\/\/i0.wp.com\/wp.ufpel.edu.br\/artenosul\/files\/2025\/09\/Carcinizacao-de-Denis-Souza-Pelotas-Brasil-credito-Divulgacao.png?resize=1400%2C800&ssl=1 4x"},"classes":[]},{"id":163,"url":"https:\/\/wp.ufpel.edu.br\/artenosul\/2015\/10\/12\/o-teatro-chega-as-ruas-de-pelotas-semana-que-vem\/","url_meta":{"origin":29421,"position":3},"title":"O teatro chega \u00e0s ruas de Pelotas semana que vem","author":"artenosul","date":"12 de outubro de 2015","format":false,"excerpt":"Reportagem de Camila Mascarenhas -\u00a0 Teatrua, uma mistura de teatro e rua. Esse foi o nome escolhido para o primeiro festival de teatro de rua, que ir\u00e1 ocorrer na pr\u00f3xima semana, no Centro Hist\u00f3rico de Pelotas. O projeto foi criado pelos cineastas Francisco Maximila e Thiago Rodeguiero, com a inten\u00e7\u00e3o\u2026","rel":"","context":"Em &quot;NOT\u00cdCIAS&quot;","block_context":{"text":"NOT\u00cdCIAS","link":"https:\/\/wp.ufpel.edu.br\/artenosul\/category\/noticias\/"},"img":{"alt_text":"","src":"https:\/\/i0.wp.com\/wp.ufpel.edu.br\/artenosul\/files\/2015\/10\/2Olha-o-Santo-Fotografia-Andressa-Vasconcelos.jpg?resize=350%2C200&ssl=1","width":350,"height":200,"srcset":"https:\/\/i0.wp.com\/wp.ufpel.edu.br\/artenosul\/files\/2015\/10\/2Olha-o-Santo-Fotografia-Andressa-Vasconcelos.jpg?resize=350%2C200&ssl=1 1x, https:\/\/i0.wp.com\/wp.ufpel.edu.br\/artenosul\/files\/2015\/10\/2Olha-o-Santo-Fotografia-Andressa-Vasconcelos.jpg?resize=525%2C300&ssl=1 1.5x"},"classes":[]},{"id":8232,"url":"https:\/\/wp.ufpel.edu.br\/artenosul\/2019\/06\/19\/ii-mostra-pelotense-de-teatro-independente\/","url_meta":{"origin":29421,"position":4},"title":"II Mostra Pelotense de Teatro Independente","author":"artenosul","date":"19 de junho de 2019","format":false,"excerpt":"\u00a0 \u00a0\u00a0\u00a0\u00a0 A II Mostra Pelotense de Teatro Independente acontece a partir do dia 24 de junho (segunda-feira) e finaliza dia 30 de junho, com a promo\u00e7\u00e3o de duas oficinas de experimenta\u00e7\u00e3o teatral, uma conta\u00e7\u00e3o de hist\u00f3ria e 12 pe\u00e7as teatrais, com grupos de cidades da regi\u00e3o, incluindo Pelotas e\u2026","rel":"","context":"Em &quot;NOT\u00cdCIAS&quot;","block_context":{"text":"NOT\u00cdCIAS","link":"https:\/\/wp.ufpel.edu.br\/artenosul\/category\/noticias\/"},"img":{"alt_text":"","src":"https:\/\/i0.wp.com\/wp.ufpel.edu.br\/artenosul\/files\/2019\/06\/64497327_1037856379752956_4086114881915322368_n.jpg?resize=350%2C200&ssl=1","width":350,"height":200,"srcset":"https:\/\/i0.wp.com\/wp.ufpel.edu.br\/artenosul\/files\/2019\/06\/64497327_1037856379752956_4086114881915322368_n.jpg?resize=350%2C200&ssl=1 1x, https:\/\/i0.wp.com\/wp.ufpel.edu.br\/artenosul\/files\/2019\/06\/64497327_1037856379752956_4086114881915322368_n.jpg?resize=525%2C300&ssl=1 1.5x, https:\/\/i0.wp.com\/wp.ufpel.edu.br\/artenosul\/files\/2019\/06\/64497327_1037856379752956_4086114881915322368_n.jpg?resize=700%2C400&ssl=1 2x"},"classes":[]},{"id":195,"url":"https:\/\/wp.ufpel.edu.br\/artenosul\/2015\/10\/17\/teatro-escola-de-pelotas-existe-desde-1914\/","url_meta":{"origin":29421,"position":5},"title":"Teatro Escola de Pelotas existe desde 1914","author":"artenosul","date":"17 de outubro de 2015","format":false,"excerpt":"Reportagem de William Machado -\u00a0 O Teatro Escola de Pelotas foi criado em 1914, com o nome de Corpo C\u00eanico do Apostolado dos Homens da Catedral, era dirigido por Ant\u00f4nio Alves dos Reis, num tempo em que as mulheres ainda n\u00e3o podiam participar. Somente em 1946, com Davi Jos\u00e9 Zanotta,\u2026","rel":"","context":"Em &quot;NOT\u00cdCIAS&quot;","block_context":{"text":"NOT\u00cdCIAS","link":"https:\/\/wp.ufpel.edu.br\/artenosul\/category\/noticias\/"},"img":{"alt_text":"","src":"https:\/\/i0.wp.com\/wp.ufpel.edu.br\/artenosul\/files\/2015\/10\/WilliamPRIMEIRA-REPORTAGEM.jpg?resize=350%2C200&ssl=1","width":350,"height":200},"classes":[]}],"_links":{"self":[{"href":"https:\/\/wp.ufpel.edu.br\/artenosul\/wp-json\/wp\/v2\/posts\/29421","targetHints":{"allow":["GET"]}}],"collection":[{"href":"https:\/\/wp.ufpel.edu.br\/artenosul\/wp-json\/wp\/v2\/posts"}],"about":[{"href":"https:\/\/wp.ufpel.edu.br\/artenosul\/wp-json\/wp\/v2\/types\/post"}],"author":[{"embeddable":true,"href":"https:\/\/wp.ufpel.edu.br\/artenosul\/wp-json\/wp\/v2\/users\/571"}],"replies":[{"embeddable":true,"href":"https:\/\/wp.ufpel.edu.br\/artenosul\/wp-json\/wp\/v2\/comments?post=29421"}],"version-history":[{"count":9,"href":"https:\/\/wp.ufpel.edu.br\/artenosul\/wp-json\/wp\/v2\/posts\/29421\/revisions"}],"predecessor-version":[{"id":29437,"href":"https:\/\/wp.ufpel.edu.br\/artenosul\/wp-json\/wp\/v2\/posts\/29421\/revisions\/29437"}],"wp:featuredmedia":[{"embeddable":true,"href":"https:\/\/wp.ufpel.edu.br\/artenosul\/wp-json\/wp\/v2\/media\/29424"}],"wp:attachment":[{"href":"https:\/\/wp.ufpel.edu.br\/artenosul\/wp-json\/wp\/v2\/media?parent=29421"}],"wp:term":[{"taxonomy":"category","embeddable":true,"href":"https:\/\/wp.ufpel.edu.br\/artenosul\/wp-json\/wp\/v2\/categories?post=29421"},{"taxonomy":"post_tag","embeddable":true,"href":"https:\/\/wp.ufpel.edu.br\/artenosul\/wp-json\/wp\/v2\/tags?post=29421"}],"curies":[{"name":"wp","href":"https:\/\/api.w.org\/{rel}","templated":true}]}}