{"id":29407,"date":"2025-08-01T19:01:47","date_gmt":"2025-08-01T22:01:47","guid":{"rendered":"https:\/\/wp.ufpel.edu.br\/artenosul\/?p=29407"},"modified":"2025-08-01T19:11:38","modified_gmt":"2025-08-01T22:11:38","slug":"nova-versao-dos-super-herois-da-marvel","status":"publish","type":"post","link":"https:\/\/wp.ufpel.edu.br\/artenosul\/2025\/08\/01\/nova-versao-dos-super-herois-da-marvel\/","title":{"rendered":"Nova vers\u00e3o dos super-her\u00f3is da Marvel"},"content":{"rendered":"<p style=\"text-align: center;\"><span style=\"font-family: arial, helvetica, sans-serif; color: #000080;\"><strong><em>&#8220;Quarteto Fant\u00e1stico: Primeiros Passos\u201d \u00e9 uma boa porta de entrada para novos f\u00e3s\u00a0\u00a0\u00a0\u00a0 <\/em><\/strong><\/span><\/p>\n<p style=\"text-align: right;\"><span style=\"font-family: arial, helvetica, sans-serif; color: #000080;\"><strong><em>\u00a0<\/em><\/strong><\/span><span style=\"font-family: arial, helvetica, sans-serif;\"><strong><em><span style=\"color: #000080;\">Por Pedro Farias\u00a0<\/span>\u00a0\u00a0\u00a0\u00a0<\/em><\/strong><\/span><\/p>\n<p>&nbsp;<\/p>\n<div id=\"attachment_29409\" style=\"width: 827px\" class=\"wp-caption aligncenter\"><img loading=\"lazy\" decoding=\"async\" aria-describedby=\"caption-attachment-29409\" class=\"wp-image-29409\" src=\"https:\/\/wp.ufpel.edu.br\/artenosul\/files\/2025\/08\/quarteto-fantastico-primeiros-passos-capa-500x222.jpg\" alt=\"\" width=\"827\" height=\"367\" srcset=\"https:\/\/wp.ufpel.edu.br\/artenosul\/files\/2025\/08\/quarteto-fantastico-primeiros-passos-capa-500x222.jpg 500w, https:\/\/wp.ufpel.edu.br\/artenosul\/files\/2025\/08\/quarteto-fantastico-primeiros-passos-capa-300x133.jpg 300w, https:\/\/wp.ufpel.edu.br\/artenosul\/files\/2025\/08\/quarteto-fantastico-primeiros-passos-capa-768x342.jpg 768w, https:\/\/wp.ufpel.edu.br\/artenosul\/files\/2025\/08\/quarteto-fantastico-primeiros-passos-capa-855x380.jpg 855w, https:\/\/wp.ufpel.edu.br\/artenosul\/files\/2025\/08\/quarteto-fantastico-primeiros-passos-capa.jpg 987w\" sizes=\"auto, (max-width: 827px) 100vw, 827px\" \/><p id=\"caption-attachment-29409\" class=\"wp-caption-text\"><strong><span style=\"font-family: arial, helvetica, sans-serif;\"><span style=\"color: #0000ff;\">Filme estreou em julho com Ebon Moss-Bachrach (Ben Grimm\/&#8217;O Coisa&#8221;), Pedro Pascal (Reed Richards\/&#8221;Sr. Fant\u00e1stico&#8221;), Vanessa Kirby (Sue Storm\/&#8221;Mulher Invis\u00edvel&#8221;) e Joseph Quinn (Johnny Storm\/&#8221;Tocha Humana&#8221;) Fotos: Marvel Studios\/Divulga\u00e7\u00e3o<\/span><\/span><\/strong><\/p><\/div>\n<p>&nbsp;<\/p>\n<p style=\"text-align: justify;\"><span style=\"font-family: arial, helvetica, sans-serif;\">\u201cQuarteto Fant\u00e1stico: Primeiros Passos\u201d, lan\u00e7ado nas salas de exibi\u00e7\u00e3o do Brasil em 24 de julho, \u00e9 uma nova vers\u00e3o da origem do famoso grupo de super-her\u00f3is da Marvel. O filme \u00e9 uma excelente porta de entrada para quem nunca leu as HQs ou viu os filmes anteriores, apresentando de forma leve e divertida como cada personagem ganhou seus poderes. A classifica\u00e7\u00e3o et\u00e1ria permite levar a crian\u00e7ada, que provavelmente vai se divertir com as piadas e momentos de a\u00e7\u00e3o mais descontra\u00eddos.<\/span><\/p>\n<p style=\"text-align: justify;\"><span style=\"font-family: arial, helvetica, sans-serif;\">O filme traz Pedro Pascal como Reed Richards (Sr. Fant\u00e1stico), Vanessa Kirby como Sue Storm (Mulher Invis\u00edvel), Joseph Quinn como Johnny Storm (Tocha Humana) e Ebon Moss-Bachrach no papel de Ben Grimm (O Coisa). O elenco consegue dar vida a personagens cl\u00e1ssicos com carisma e energia, especialmente em um roteiro que equilibra aventura com humor.<\/span><\/p>\n<p>&nbsp;<\/p>\n<div id=\"attachment_29410\" style=\"width: 917px\" class=\"wp-caption aligncenter\"><img loading=\"lazy\" decoding=\"async\" aria-describedby=\"caption-attachment-29410\" class=\"wp-image-29410 \" src=\"https:\/\/wp.ufpel.edu.br\/artenosul\/files\/2025\/08\/Foto-2-2-500x333.jpg\" alt=\"\" width=\"917\" height=\"611\" srcset=\"https:\/\/wp.ufpel.edu.br\/artenosul\/files\/2025\/08\/Foto-2-2-500x333.jpg 500w, https:\/\/wp.ufpel.edu.br\/artenosul\/files\/2025\/08\/Foto-2-2-300x200.jpg 300w, https:\/\/wp.ufpel.edu.br\/artenosul\/files\/2025\/08\/Foto-2-2-768x512.jpg 768w, https:\/\/wp.ufpel.edu.br\/artenosul\/files\/2025\/08\/Foto-2-2-855x570.jpg 855w, https:\/\/wp.ufpel.edu.br\/artenosul\/files\/2025\/08\/Foto-2-2.jpg 1024w\" sizes=\"auto, (max-width: 917px) 100vw, 917px\" \/><p id=\"caption-attachment-29410\" class=\"wp-caption-text\"><span style=\"font-family: arial, helvetica, sans-serif;\"><strong><span style=\"color: #0000ff;\">Pedro Pascal, no papel do Sr. Fant\u00e1stico, na cena em que fala com a imprensa \u00a0\u00a0<\/span>\u00a0\u00a0\u00a0\u00a0\u00a0\u00a0\u00a0<\/strong><\/span><\/p><\/div>\n<p>&nbsp;<\/p>\n<p style=\"text-align: justify;\"><span style=\"font-family: arial, helvetica, sans-serif;\">O visual tamb\u00e9m \u00e9 um dos destaques. Os uniformes t\u00eam um estilo retr\u00f4, que lembra a d\u00e9cada de 1960, mas com um toque futurista que atualiza a est\u00e9tica da equipe sem perder a ess\u00eancia original. A dire\u00e7\u00e3o de arte valoriza o colorido e a identidade visual da equipe, o que torna o filme agrad\u00e1vel de assistir at\u00e9 para quem n\u00e3o \u00e9 f\u00e3 de super-her\u00f3is.<\/span><\/p>\n<p style=\"text-align: justify;\"><span style=\"font-family: arial, helvetica, sans-serif;\">Para quem j\u00e1 acompanha o Quarteto Fant\u00e1stico, vale lembrar que esta \u00e9 a mais nova tentativa da Marvel de revitalizar os personagens no cinema. Antes disso, o grupo teve tr\u00eas filmes principais: \u201cQuarteto Fant\u00e1stico\u201d (2005), sua continua\u00e7\u00e3o \u201cQuarteto Fant\u00e1stico e o Surfista Prateado\u201d (2007), com Ioan Gruffudd, Jessica Alba, Chris Evans e Michael Chiklis; al\u00e9m de um <em>reboot<\/em> com o mesmo t\u00edtulo original, fracassado em 2015, com Miles Teller, Kate Mara, Michael B. Jordan e Jamie Bell. Diferente desses, \u201cPrimeiros Passos\u201d aposta em um tom mais acess\u00edvel e fiel ao esp\u00edrito original das HQs, sem abrir m\u00e3o de atualiza\u00e7\u00f5es modernas.<\/span><\/p>\n<p style=\"text-align: justify;\"><span style=\"font-family: arial, helvetica, sans-serif;\">No geral, o filme acerta ao simplificar a origem da equipe e torn\u00e1-la divertida para novos p\u00fablicos. N\u00e3o \u00e9 uma produ\u00e7\u00e3o complexa, mas cumpre muito bem seu papel de reapresentar o Quarteto Fant\u00e1stico \u00e0s novas gera\u00e7\u00f5es e, quem sabe, preparar o terreno para hist\u00f3rias mais ambiciosas no futuro.<\/span><\/p>\n<p>&nbsp;<\/p>\n<div id=\"attachment_29412\" style=\"width: 875px\" class=\"wp-caption aligncenter\"><img loading=\"lazy\" decoding=\"async\" aria-describedby=\"caption-attachment-29412\" class=\" wp-image-29412\" src=\"https:\/\/wp.ufpel.edu.br\/artenosul\/files\/2025\/08\/Foto-3-1-500x333.jpg\" alt=\"\" width=\"875\" height=\"583\" srcset=\"https:\/\/wp.ufpel.edu.br\/artenosul\/files\/2025\/08\/Foto-3-1-500x333.jpg 500w, https:\/\/wp.ufpel.edu.br\/artenosul\/files\/2025\/08\/Foto-3-1-300x200.jpg 300w, https:\/\/wp.ufpel.edu.br\/artenosul\/files\/2025\/08\/Foto-3-1-768x512.jpg 768w, https:\/\/wp.ufpel.edu.br\/artenosul\/files\/2025\/08\/Foto-3-1-855x570.jpg 855w, https:\/\/wp.ufpel.edu.br\/artenosul\/files\/2025\/08\/Foto-3-1.jpg 1024w\" sizes=\"auto, (max-width: 875px) 100vw, 875px\" \/><p id=\"caption-attachment-29412\" class=\"wp-caption-text\"><span style=\"font-family: arial, helvetica, sans-serif;\"><strong><span style=\"color: #0000ff;\">Conversando com H.E.R.B.I.E.,\u00a0 est\u00e1 &#8220;O Coisa&#8221;, que adquiriu seus poderes depois de\u00a0 exposto a raios c\u00f3smicos\u00a0<\/span><\/strong><\/span><\/p><\/div>\n<p>&nbsp;<\/p>\n<p style=\"text-align: justify;\"><span style=\"font-family: arial, helvetica, sans-serif; color: #0000ff;\"><strong>Ficha T\u00e9cnica: <\/strong><\/span><\/p>\n<p style=\"text-align: justify;\"><span style=\"font-family: arial, helvetica, sans-serif; color: #0000ff;\"><strong>\u201cQuarteto Fant\u00e1stico:<\/strong> <strong>Primeiros Passos\u201d<\/strong><\/span><\/p>\n<p style=\"text-align: justify;\"><span style=\"font-family: arial, helvetica, sans-serif;\"><span style=\"color: #0000ff;\"><strong>Dire\u00e7\u00e3o: <\/strong><\/span>Matt Shakman<\/span><\/p>\n<p style=\"text-align: justify;\"><span style=\"font-family: arial, helvetica, sans-serif;\"><span style=\"color: #0000ff;\"><strong>Roteiro: <\/strong><\/span>Josh Friedman, Eric Pearson, Jeff Kaplan, Ian Springer<\/span><\/p>\n<p style=\"text-align: justify;\"><span style=\"font-family: arial, helvetica, sans-serif;\"><span style=\"color: #0000ff;\"><strong>Elenco:<\/strong><\/span> Pedro Pascal, Vanessa Kirby, Ebon Moss-Bachrach, Joseph Quinn, Julia Garner, Natasha Lyonne, Paul Walter Hauser, Ralph Ineson, Sarah Niles, Mark Gatiss, Matthew Wood, Ada Scott<\/span><\/p>\n<p style=\"text-align: justify;\"><span style=\"font-family: arial, helvetica, sans-serif;\"><span style=\"color: #0000ff;\"><strong>Dura\u00e7\u00e3o:<\/strong><\/span> 115 min.<\/span><\/p>\n<p style=\"text-align: justify;\"><span style=\"font-family: arial, helvetica, sans-serif;\"><span style=\"color: #0000ff;\"><strong>Faixa et\u00e1ria: <\/strong><\/span>12 anos.<\/span><\/p>\n<p style=\"text-align: justify;\"><a href=\"http:\/\/wp.ufpel.edu.br\/artenosul\"><span style=\"font-family: arial, helvetica, sans-serif; color: #0000ff;\"><strong>PRIMEIRA P\u00c1GINA<\/strong><\/span><\/a><\/p>\n<p style=\"text-align: justify;\"><span style=\"font-family: arial, helvetica, sans-serif; color: #0000ff;\"><strong>COMENT\u00c1RIOS<\/strong><\/span><\/p>\n<p>&nbsp;<\/p>\n<div data-test='contact-form'\n\t\t\tid='contact-form-29407'\n\t\t\tclass='wp-block-jetpack-contact-form-container '\n\t\t\tdata-wp-interactive='jetpack\/form' data-wp-context='{\"formId\":\"29407\",\"formHash\":\"9730e745fe51f638f4bc7136f38160809d01b1af\",\"showErrors\":false,\"errors\":[],\"fields\":[],\"isMultiStep\":false,\"useAjax\":true,\"submissionData\":null,\"formattedSubmissionData\":[],\"submissionSuccess\":false,\"submissionError\":null,\"elementId\":\"jp-form-9730e745fe51f638f4bc7136f38160809d01b1af\",\"isSingleInputForm\":false}'\n\t\t\tdata-wp-watch--scroll-to-wrapper=\"callbacks.scrollToWrapper\"\n\t\t>\n<div class=\"contact-form-submission contact-form-ajax-submission\" data-wp-class--submission-success=\"context.submissionSuccess\"><p class=\"go-back-message\"><a class=\"link\" role=\"button\" tabindex=\"0\" data-wp-on--click=\"actions.goBack\" href=\"\/artenosul\/wp-json\/wp\/v2\/posts\/29407\">Voltar<\/a><\/p><h4 id=\"contact-form-success-header\">Sua mensagem foi enviada<\/h4>\n\n<template data-wp-each--submission=\"context.formattedSubmissionData\">\n\t\t\t\t\t<div class=\"jetpack_forms_contact-form-success-summary\">\n\t\t\t\t\t\t<div class=\"field-name\" data-wp-text=\"context.submission.label\" data-wp-bind--hidden=\"!context.submission.label\"><\/div>\n\t\t\t\t\t\t<div class=\"field-value\" data-wp-text=\"context.submission.value\"><\/div>\n\t\t\t\t\t\t<div class=\"field-images\" data-wp-bind--hidden=\"!context.submission.images\">\n\t\t\t\t\t\t\t<template data-wp-each--image=\"context.submission.images\">\n\t\t\t\t\t\t\t\t<figure class=\"field-image\" data-wp-class--is-empty=\"!context.image\">\n\t\t\t\t\t\t\t\t\t<img data-wp-bind--src=\"context.image\" data-wp-bind--hidden=\"!context.image\" \/>\n\t\t\t\t\t\t\t\t\t<img decoding=\"async\" src=\"data:image\/gif;base64,R0lGODlhAQABAAD\/ACwAAAAAAQABAAACADs=\" data-wp-bind--hidden=\"context.image\" \/>\n\t\t\t\t\t\t\t\t<\/figure>\n\t\t\t\t\t\t\t<\/template>\n\t\t\t\t\t\t<\/div>\n\t\t\t\t\t<\/div>\n\t\t\t\t<\/template><\/div><form action='https:\/\/wp.ufpel.edu.br\/artenosul\/2025\/08\/01\/nova-versao-dos-super-herois-da-marvel\/'\n\t\t\t\tid='jp-form-9730e745fe51f638f4bc7136f38160809d01b1af'\n\t\t\t\tmethod='post'\n\t\t\t\tclass='contact-form commentsblock' aria-label=\"Nova vers\u00e3o dos super-her\u00f3is da Marvel\"\n\t\t\t\tdata-wp-on--submit=\"actions.onFormSubmit\"\n\t\t\t\tdata-wp-on--reset=\"actions.onFormReset\"\n\t\t\t\tdata-wp-class--submission-success=\"context.submissionSuccess\"\n\t\t\t\tdata-wp-class--is-first-step=\"state.isFirstStep\"\n\t\t\t\tdata-wp-class--is-last-step=\"state.isLastStep\"\n\t\t\t\tdata-wp-class--is-ajax-form=\"context.useAjax\"\n\t\t\t\tnovalidate >\n<input type='hidden' name='jetpack_contact_form_jwt' value='eyJ0eXAiOiJKV1QiLCJhbGciOiJIUzI1NiJ9.eyJlbmNyeXB0ZWRfYXR0cmlidXRlcyI6InFUa2Y3ODBwMTVpRSttQ0xLOEphQ0JSbzR5YjM4M2ZWT1ZMcUVTUUFDWDN1c0hlK2g5L0daMmU5VTFTN1RWVjZNN0doSGZuL0NhS0hRVmZzL1duSTJyK1pnclhxMWJkdEtjYThuS2pQU1MwN1hnazRrblB3Q3BjSDRKWTlpY2NjaWdoTTQvZ0NlbnFKZ2hUZmgwYlB2UVJ2a044Wk9iQUlOL29LelE1Tk1LRDJKa0h4VndmbzhIeDVURzVZcWc2bnZSbzN5N1c0bVJSTGs4K2tyeHZUM1JaKzlHZE9DMzcyWEY1UUFuR29kSCt6QUMvSkZYSFRuSllxRVljSXdJajArZWpUSFRtbU9iMUNHRFF5dW44bnRTSE9BWW5tV0VFYmNUQUdhTVNGaWpHRFBRNVkxa1EzdFo4b3ZoN2wrQ0hPMVBNUDV2a0Q5aDMxQVpNMHVadkdZRVAwRFExR2wwTHg0Q2tmNkNWWXFYVHpVc1VoY2o1a1pNaGdpeThRQXJZYXhDRk9oRXkyeXBUNVcvVmpRVmUybE5MZW9EMTlQRFZHa0JkMHRWZkFBazZtTHRPQ3NScTRQVmhvSFNrbWVpREg1S1FIbi8wMiswQ2Q2YnFLdXlBMmIwdGhxeldFZEFnOHBPelZRNzYzb2tsbWppeGV2eXRCK2dPcE9zblZBKzhmT0p0T2d2Z2JvTlBkRi94aG9wYnR5TGczR3lBblR4RUE3WFRtRnVqaVROREFPNTBRbXNxTnloS3ZsMitEM1U3L3E3U0lLUVVuTUpZMDJDZXF3YnFucXJ3RWdPZTUxT1pDbWdkZ250OW9VZEpDdTNST21sQjJTNW93NHVrTzUxTzYwYThPUTdRZU16a0dnZHV3UzBLb1kxNGwwMEE0Z3hWOXpoRkE5SlViaEtUdmpxYlBtMDVJNTgzT2JPd0cydzBsa1dDdWZ6U2V5OWJ0NEIwRlR1c2xQNHNab3Rnem5GcVZpWWhoVGNmS3Mzejl2aDBNbE1hWTMwL0hMMEd5YzlEbFZhVEVxUVd1cFFVVzU1am94UlAzT3RaRkZOeGVUZTdBWVRVRzFQVnFML25IZzY1M01lZlhqUFRYcjNFbXBLbmNNYWhJRTB2dUZpZG9Hb3N6WjBYY2JFdHpka3hGMDFudThrMWxva09rNU8wd0t3dG5hZkxNeTZLeDZSSDNnS3pCSVo5b1JJOHlTUHZoVTFWTTFqWnFPQUZLTUwySTVDL042dz09IiwiY29udGVudCI6Iltjb250YWN0LWZpZWxkIGxhYmVsPVwiTm9tZVwiIHR5cGU9XCJuYW1lXCJdW2NvbnRhY3QtZmllbGQgbGFiZWw9XCJFLW1haWxcIiB0eXBlPVwiZW1haWxcIl1bY29udGFjdC1maWVsZCBsYWJlbD1cIk1lbnNhZ2VtXCIgdHlwZT1cInRleHRhcmVhXCJdIiwiaGFzaCI6Ijk3MzBlNzQ1ZmU1MWY2MzhmNGJjNzEzNmYzODE2MDgwOWQwMWIxYWYiLCJzb3VyY2UiOnsiZW50cnlfdGl0bGUiOiJOb3ZhIHZlcnNcdTAwZTNvIGRvcyBzdXBlci1oZXJcdTAwZjNpcyBkYSBNYXJ2ZWwiLCJlbnRyeV9wYWdlIjoxLCJzb3VyY2VfaWQiOjI5NDA3LCJzb3VyY2VfdHlwZSI6InNpbmdsZSIsInJlcXVlc3RfdXJsIjoiaHR0cHM6Ly93cC51ZnBlbC5lZHUuYnIvYXJ0ZW5vc3VsL3dwLWpzb24vd3AvdjIvcG9zdHMvMjk0MDcifSwidmVyc2lvbiI6MiwiY2lwaGVyIjoiYWVzLTI1Ni1nY20ifQ.RS6CWIcBySqXkBUP1gP3HLAJGq6G3R6H-QxTM1X126s' \/>\n\n<div style=\"\"  data-wp-interactive=\"jetpack\/form\" data-wp-context='{\"fieldId\":\"g29407-nome\",\"fieldType\":\"name\",\"fieldLabel\":\"Nome\",\"fieldValue\":\"\",\"fieldPlaceholder\":\"\",\"fieldIsRequired\":\"\",\"fieldErrorMessage\":\"\",\"fieldExtra\":[],\"formHash\":\"9730e745fe51f638f4bc7136f38160809d01b1af\"}'  class='grunion-field-name-wrap grunion-field-wrap'  data-wp-init='callbacks.initializeField' data-wp-on--jetpack-form-reset='callbacks.initializeField' >\n<label\n\t\t\t\tfor='g29407-nome' class=\"grunion-field-label name\" >Nome<\/label>\n<input\n\t\t\t\t\ttype='text'\n\t\t\t\t\tname='g29407-nome'\n\t\t\t\t\tid='g29407-nome'\n\t\t\t\t\tvalue=''\n\n\t\t\t\t\tdata-wp-bind--aria-invalid='state.fieldHasErrors'\n\t\t\t\t\tdata-wp-bind--value='state.getFieldValue'\n\t\t\t\t\taria-errormessage='g29407-nome-text-error-message'\n\t\t\t\t\tdata-wp-on--input='actions.onFieldChange'\n\t\t\t\t\tdata-wp-on--blur='actions.onFieldBlur'\n\t\t\t\t\tdata-wp-class--has-value='state.hasFieldValue'\n\n\t\t\t\t\tclass='name  grunion-field' \n\t\t\t\t\t \/>\n \n\t\t\t<div id=\"g29407-nome-text-error\" class=\"contact-form__input-error\" data-wp-class--has-errors=\"state.fieldHasErrors\">\n\t\t\t\t<span class=\"contact-form__warning-icon\">\n\t\t\t\t\t<svg width=\"16\" height=\"16\" viewBox=\"0 0 16 16\" fill=\"none\" xmlns=\"http:\/\/www.w3.org\/2000\/svg\">\n\t\t\t\t\t\t<path d=\"M8.50015 11.6402H7.50015V10.6402H8.50015V11.6402Z\" \/>\n\t\t\t\t\t\t<path d=\"M7.50015 9.64018H8.50015V6.30684H7.50015V9.64018Z\" \/>\n\t\t\t\t\t\t<path fill-rule=\"evenodd\" clip-rule=\"evenodd\" d=\"M6.98331 3.0947C7.42933 2.30177 8.57096 2.30177 9.01698 3.09469L13.8771 11.7349C14.3145 12.5126 13.7525 13.4735 12.8602 13.4735H3.14004C2.24774 13.4735 1.68575 12.5126 2.12321 11.7349L6.98331 3.0947ZM8.14541 3.58496C8.08169 3.47168 7.9186 3.47168 7.85488 3.58496L2.99478 12.2251C2.93229 12.3362 3.01257 12.4735 3.14004 12.4735H12.8602C12.9877 12.4735 13.068 12.3362 13.0055 12.2251L8.14541 3.58496Z\" \/>\n\t\t\t\t\t<\/svg>\n\t\t\t\t\t<span class=\"visually-hidden\">Aviso<\/span>\n\t\t\t\t<\/span>\n\t\t\t\t<span data-wp-text=\"state.errorMessage\" id=\"g29407-nome-text-error-message\" role=\"alert\" aria-live=\"assertive\"><\/span>\n\t\t\t<\/div> \n\t<\/div>\n\n<div style=\"\"  data-wp-interactive=\"jetpack\/form\" data-wp-context='{\"fieldId\":\"g29407-email\",\"fieldType\":\"email\",\"fieldLabel\":\"E-mail\",\"fieldValue\":\"\",\"fieldPlaceholder\":\"\",\"fieldIsRequired\":\"\",\"fieldErrorMessage\":\"\",\"fieldExtra\":[],\"formHash\":\"9730e745fe51f638f4bc7136f38160809d01b1af\"}'  class='grunion-field-email-wrap grunion-field-wrap'  data-wp-init='callbacks.initializeField' data-wp-on--jetpack-form-reset='callbacks.initializeField' >\n<label\n\t\t\t\tfor='g29407-email' class=\"grunion-field-label email\" >E-mail<\/label>\n<input\n\t\t\t\t\ttype='email'\n\t\t\t\t\tname='g29407-email'\n\t\t\t\t\tid='g29407-email'\n\t\t\t\t\tvalue=''\n\n\t\t\t\t\tdata-wp-bind--aria-invalid='state.fieldHasErrors'\n\t\t\t\t\tdata-wp-bind--value='state.getFieldValue'\n\t\t\t\t\taria-errormessage='g29407-email-email-error-message'\n\t\t\t\t\tdata-wp-on--input='actions.onFieldChange'\n\t\t\t\t\tdata-wp-on--blur='actions.onFieldBlur'\n\t\t\t\t\tdata-wp-class--has-value='state.hasFieldValue'\n\n\t\t\t\t\tclass='email  grunion-field' \n\t\t\t\t\t \/>\n \n\t\t\t<div id=\"g29407-email-email-error\" class=\"contact-form__input-error\" data-wp-class--has-errors=\"state.fieldHasErrors\">\n\t\t\t\t<span class=\"contact-form__warning-icon\">\n\t\t\t\t\t<svg width=\"16\" height=\"16\" viewBox=\"0 0 16 16\" fill=\"none\" xmlns=\"http:\/\/www.w3.org\/2000\/svg\">\n\t\t\t\t\t\t<path d=\"M8.50015 11.6402H7.50015V10.6402H8.50015V11.6402Z\" \/>\n\t\t\t\t\t\t<path d=\"M7.50015 9.64018H8.50015V6.30684H7.50015V9.64018Z\" \/>\n\t\t\t\t\t\t<path fill-rule=\"evenodd\" clip-rule=\"evenodd\" d=\"M6.98331 3.0947C7.42933 2.30177 8.57096 2.30177 9.01698 3.09469L13.8771 11.7349C14.3145 12.5126 13.7525 13.4735 12.8602 13.4735H3.14004C2.24774 13.4735 1.68575 12.5126 2.12321 11.7349L6.98331 3.0947ZM8.14541 3.58496C8.08169 3.47168 7.9186 3.47168 7.85488 3.58496L2.99478 12.2251C2.93229 12.3362 3.01257 12.4735 3.14004 12.4735H12.8602C12.9877 12.4735 13.068 12.3362 13.0055 12.2251L8.14541 3.58496Z\" \/>\n\t\t\t\t\t<\/svg>\n\t\t\t\t\t<span class=\"visually-hidden\">Aviso<\/span>\n\t\t\t\t<\/span>\n\t\t\t\t<span data-wp-text=\"state.errorMessage\" id=\"g29407-email-email-error-message\" role=\"alert\" aria-live=\"assertive\"><\/span>\n\t\t\t<\/div> \n\t<\/div>\n\n<div style=\"\"  data-wp-interactive=\"jetpack\/form\" data-wp-context='{\"fieldId\":\"g29407-mensagem\",\"fieldType\":\"textarea\",\"fieldLabel\":\"Mensagem\",\"fieldValue\":\"\",\"fieldPlaceholder\":\"\",\"fieldIsRequired\":\"\",\"fieldErrorMessage\":\"\",\"fieldExtra\":[],\"formHash\":\"9730e745fe51f638f4bc7136f38160809d01b1af\"}'  class='grunion-field-textarea-wrap grunion-field-wrap'  data-wp-init='callbacks.initializeField' data-wp-on--jetpack-form-reset='callbacks.initializeField' >\n<label\n\t\t\t\tfor='contact-form-comment-g29407-mensagem' class=\"grunion-field-label textarea\" >Mensagem<\/label>\n<textarea\n\t\t                style=''\n\t\t                name='g29407-mensagem'\n\t\t                id='contact-form-comment-g29407-mensagem'\n\t\t                rows='20'\n\t\t\t\t\t\tdata-wp-text='state.getFieldValue'\n\t\t\t\t\t\tdata-wp-on--input='actions.onFieldChange'\n\t\t\t\t\t\tdata-wp-on--blur='actions.onFieldBlur'\n\t\t\t\t\t\tdata-wp-class--has-value='state.hasFieldValue'\n\t\t\t\t\t\tdata-wp-bind--aria-invalid='state.fieldHasErrors'\n\t\t\t\t\t\taria-errormessage='g29407-mensagem-textarea-error-message'\n\t\t\t\t\t\tclass='textarea  grunion-field'  ><\/textarea>\n \n\t\t\t<div id=\"g29407-mensagem-textarea-error\" class=\"contact-form__input-error\" data-wp-class--has-errors=\"state.fieldHasErrors\">\n\t\t\t\t<span class=\"contact-form__warning-icon\">\n\t\t\t\t\t<svg width=\"16\" height=\"16\" viewBox=\"0 0 16 16\" fill=\"none\" xmlns=\"http:\/\/www.w3.org\/2000\/svg\">\n\t\t\t\t\t\t<path d=\"M8.50015 11.6402H7.50015V10.6402H8.50015V11.6402Z\" \/>\n\t\t\t\t\t\t<path d=\"M7.50015 9.64018H8.50015V6.30684H7.50015V9.64018Z\" \/>\n\t\t\t\t\t\t<path fill-rule=\"evenodd\" clip-rule=\"evenodd\" d=\"M6.98331 3.0947C7.42933 2.30177 8.57096 2.30177 9.01698 3.09469L13.8771 11.7349C14.3145 12.5126 13.7525 13.4735 12.8602 13.4735H3.14004C2.24774 13.4735 1.68575 12.5126 2.12321 11.7349L6.98331 3.0947ZM8.14541 3.58496C8.08169 3.47168 7.9186 3.47168 7.85488 3.58496L2.99478 12.2251C2.93229 12.3362 3.01257 12.4735 3.14004 12.4735H12.8602C12.9877 12.4735 13.068 12.3362 13.0055 12.2251L8.14541 3.58496Z\" \/>\n\t\t\t\t\t<\/svg>\n\t\t\t\t\t<span class=\"visually-hidden\">Aviso<\/span>\n\t\t\t\t<\/span>\n\t\t\t\t<span data-wp-text=\"state.errorMessage\" id=\"g29407-mensagem-textarea-error-message\" role=\"alert\" aria-live=\"assertive\"><\/span>\n\t\t\t<\/div>\n\t<\/div>\n\t<p class='contact-submit'>\n<div class=\"contact-form__error\" data-wp-class--show-errors=\"state.showFormErrors\"><span class=\"contact-form__warning-icon\"><span class=\"visually-hidden\">Aten\u00e7\u00e3o.<\/span><i aria-hidden=\"true\"><\/i><\/span>\n\t\t\t\t<span data-wp-text=\"state.getFormErrorMessage\"><\/span>\n\t\t\t\t<ul>\n\t\t\t\t<template data-wp-each=\"state.getErrorList\" data-wp-key=\"context.item.id\">\n\t\t\t\t\t<li><a data-wp-bind--href=\"context.item.anchor\" data-wp-on--click=\"actions.scrollIntoView\" data-wp-text=\"context.item.label\"><\/a><\/li>\n\t\t\t\t<\/template>\n\t\t\t\t<\/ul><\/div><div class=\"contact-form__error\" data-wp-class--show-errors=\"state.showSubmissionError\" data-wp-text=\"context.submissionError\"><\/div>\t\t<button type='submit' class='pushbutton-wide'>Enviar<\/button>\t\t<input type='hidden' name='contact-form-id' value='29407' \/>\n\t\t<input type='hidden' name='action' value='grunion-contact-form' \/>\n\t\t<input type='hidden' name='contact-form-hash' value='9730e745fe51f638f4bc7136f38160809d01b1af' \/>\n\t<\/p>\n<p style=\"display: none !important;\" class=\"akismet-fields-container\" data-prefix=\"ak_\"><label>&#916;<textarea name=\"ak_hp_textarea\" cols=\"45\" rows=\"8\" maxlength=\"100\"><\/textarea><\/label><input type=\"hidden\" id=\"ak_js_1\" name=\"ak_js\" value=\"23\"\/><script>document.getElementById( \"ak_js_1\" ).setAttribute( \"value\", ( new Date() ).getTime() );<\/script><\/p><\/form>\n<\/div>\n","protected":false},"excerpt":{"rendered":"<p>&#8220;Quarteto Fant\u00e1stico: Primeiros Passos\u201d \u00e9 uma boa porta de entrada para novos f\u00e3s\u00a0\u00a0\u00a0\u00a0 \u00a0Por Pedro Farias\u00a0\u00a0\u00a0\u00a0\u00a0 &nbsp; &nbsp; \u201cQuarteto Fant\u00e1stico: Primeiros Passos\u201d, lan\u00e7ado nas salas de exibi\u00e7\u00e3o do Brasil em 24 de julho, \u00e9 uma nova vers\u00e3o da origem do famoso grupo de super-her\u00f3is da Marvel. O filme \u00e9 uma excelente porta de entrada para &hellip; <\/p>\n<p><a class=\"more-link btn\" href=\"https:\/\/wp.ufpel.edu.br\/artenosul\/2025\/08\/01\/nova-versao-dos-super-herois-da-marvel\/\">Continue lendo<\/a><\/p>\n","protected":false},"author":571,"featured_media":29415,"comment_status":"closed","ping_status":"closed","sticky":false,"template":"","format":"standard","meta":{"jetpack_post_was_ever_published":false,"_jetpack_newsletter_access":"","_jetpack_dont_email_post_to_subs":false,"_jetpack_newsletter_tier_id":0,"_jetpack_memberships_contains_paywalled_content":false,"_jetpack_memberships_contains_paid_content":false,"footnotes":"","jetpack_publicize_message":"","jetpack_publicize_feature_enabled":true,"jetpack_social_post_already_shared":true,"jetpack_social_options":{"image_generator_settings":{"template":"highway","default_image_id":0,"font":"","enabled":false},"version":2}},"categories":[112,315],"tags":[2843,2842,2489,2490,2832,2840,2839,2831,2838,2844,2775,2830,2833,2834,2835,2837,2841,2836,2829],"class_list":["post-29407","post","type-post","status-publish","format-standard","has-post-thumbnail","hentry","category-cinema","category-opiniao","tag-ben-grimm","tag-ebon-moss-bachrach","tag-historias-em-quadrinhos","tag-hq","tag-hqs","tag-johnny-storm","tag-joseph-quinn","tag-marvel","tag-mulher-invisivel","tag-o-coisa","tag-pedro-farias","tag-pedro-pascal","tag-quarteto-fantastico","tag-reed-richards","tag-sr-fantastico","tag-sue-storm","tag-tocha-humana","tag-vanessa-kirby","tag-quarteto-fantastico-primeiros-passos","nodate","item-wrap"],"jetpack_publicize_connections":[],"jetpack_featured_media_url":"https:\/\/wp.ufpel.edu.br\/artenosul\/files\/2025\/08\/imageb.jpg","jetpack_sharing_enabled":true,"jetpack_likes_enabled":true,"jetpack_shortlink":"https:\/\/wp.me\/p6PuxQ-7Ej","jetpack-related-posts":[{"id":29568,"url":"https:\/\/wp.ufpel.edu.br\/artenosul\/2025\/08\/14\/the-bear-desacelera-e-testa-o-apetite-do-publico-por-novas-historias\/","url_meta":{"origin":29407,"position":0},"title":"&#8220;The Bear&#8221; desacelera e testa o apetite do p\u00fablico por novas hist\u00f3rias","author":"artenosul","date":"14 de agosto de 2025","format":false,"excerpt":"A nova temporada afrouxa o ritmo que a consagrou, mas mant\u00e9m viva a mistura de afeto, trauma e mem\u00f3ria\u00a0 \u00a0 \u00a0 \u00a0 \u00a0\u00a0 por Maria Clara Goulart\u00a0 \u00a0 \u00a0 \u00a0 \u00a0\u00a0 \u00a0 \u00a0 Quando se trata de comida e mem\u00f3ria, poucos programas exploram t\u00e3o bem essa conex\u00e3o como a s\u00e9rie\u2026","rel":"","context":"Em &quot;OPINI\u00c3O&quot;","block_context":{"text":"OPINI\u00c3O","link":"https:\/\/wp.ufpel.edu.br\/artenosul\/category\/opiniao\/"},"img":{"alt_text":"","src":"https:\/\/i0.wp.com\/wp.ufpel.edu.br\/artenosul\/files\/2025\/08\/Imagem3-1.jpg?resize=350%2C200&ssl=1","width":350,"height":200},"classes":[]},{"id":9147,"url":"https:\/\/wp.ufpel.edu.br\/artenosul\/2021\/04\/19\/minisserie-expoe-feridas-raciais\/","url_meta":{"origin":29407,"position":1},"title":"Miniss\u00e9rie exp\u00f5e feridas raciais","author":"artenosul","date":"19 de abril de 2021","format":false,"excerpt":"Por Nathalia Farias Hist\u00f3ria retoma quest\u00f5es antigas que continuam mais vivas do que nunca A quest\u00e3o racial nos Estados Unidos deve ser um dos temas principais de \u201cFalc\u00e3o e o Soldado Invernal\u201d (\u201cThe Falcon and the Winter Soldier\u201d), a miniss\u00e9rie criada para o Disney+ por Malcolm Spellman, baseada nos personagens\u2026","rel":"","context":"Em &quot;CINEMA&quot;","block_context":{"text":"CINEMA","link":"https:\/\/wp.ufpel.edu.br\/artenosul\/category\/cinema\/"},"img":{"alt_text":"","src":"https:\/\/i0.wp.com\/wp.ufpel.edu.br\/artenosul\/files\/2021\/04\/falcao-e-o-soldado-invernal-divulgacao.jpg?resize=350%2C200&ssl=1","width":350,"height":200,"srcset":"https:\/\/i0.wp.com\/wp.ufpel.edu.br\/artenosul\/files\/2021\/04\/falcao-e-o-soldado-invernal-divulgacao.jpg?resize=350%2C200&ssl=1 1x, https:\/\/i0.wp.com\/wp.ufpel.edu.br\/artenosul\/files\/2021\/04\/falcao-e-o-soldado-invernal-divulgacao.jpg?resize=525%2C300&ssl=1 1.5x, https:\/\/i0.wp.com\/wp.ufpel.edu.br\/artenosul\/files\/2021\/04\/falcao-e-o-soldado-invernal-divulgacao.jpg?resize=700%2C400&ssl=1 2x, https:\/\/i0.wp.com\/wp.ufpel.edu.br\/artenosul\/files\/2021\/04\/falcao-e-o-soldado-invernal-divulgacao.jpg?resize=1050%2C600&ssl=1 3x"},"classes":[]},{"id":6873,"url":"https:\/\/wp.ufpel.edu.br\/artenosul\/2017\/07\/14\/oxigenio-filme-rodado-em-rio-grande-inova\/","url_meta":{"origin":29407,"position":2},"title":"\u201cOxig\u00eanio\u201d: filme rodado em Rio Grande inova","author":"artenosul","date":"14 de julho de 2017","format":false,"excerpt":"Fernanda Cadaval \u00a0 \u00a0 \u00a0\"Oxig\u00eanio\", o filme longa metragem que mistura tr\u00eas g\u00eaneros cinematogr\u00e1ficos diferentes, apresenta como proposta ser multi plataforma e servir de incentivo para a s\u00e9tima arte na regi\u00e3o, como afirma o produtor do longa Beto Rodrigues. A rodagem do filme est\u00e1 tendo a participa\u00e7\u00e3o de rio-grandinos na\u2026","rel":"","context":"Em &quot;CINEMA&quot;","block_context":{"text":"CINEMA","link":"https:\/\/wp.ufpel.edu.br\/artenosul\/category\/cinema\/"},"img":{"alt_text":"","src":"https:\/\/i0.wp.com\/wp.ufpel.edu.br\/artenosul\/files\/2017\/07\/Foto-2-1.jpg?resize=350%2C200&ssl=1","width":350,"height":200,"srcset":"https:\/\/i0.wp.com\/wp.ufpel.edu.br\/artenosul\/files\/2017\/07\/Foto-2-1.jpg?resize=350%2C200&ssl=1 1x, https:\/\/i0.wp.com\/wp.ufpel.edu.br\/artenosul\/files\/2017\/07\/Foto-2-1.jpg?resize=525%2C300&ssl=1 1.5x, https:\/\/i0.wp.com\/wp.ufpel.edu.br\/artenosul\/files\/2017\/07\/Foto-2-1.jpg?resize=700%2C400&ssl=1 2x, https:\/\/i0.wp.com\/wp.ufpel.edu.br\/artenosul\/files\/2017\/07\/Foto-2-1.jpg?resize=1050%2C600&ssl=1 3x"},"classes":[]},{"id":7267,"url":"https:\/\/wp.ufpel.edu.br\/artenosul\/2017\/08\/18\/critica-o-filme-da-minha-vida\/","url_meta":{"origin":29407,"position":3},"title":"Cr\u00edtica: \u201cO Filme da Minha Vida\u201d","author":"artenosul","date":"18 de agosto de 2017","format":false,"excerpt":"\u00a0 Matheus Pereira \u00a0\u00a0\u00a0\u00a0 O jovem Tony sempre via o in\u00edcio e o final dos filmes. O in\u00edcio pra entender a hist\u00f3ria e o fim porque o fim sempre \u00e9 bonito. Com o tempo, entretanto, ele aprendeu que o meio \u00e9 t\u00e3o importante quanto o in\u00edcio e o final juntos,\u2026","rel":"","context":"Em &quot;CINEMA&quot;","block_context":{"text":"CINEMA","link":"https:\/\/wp.ufpel.edu.br\/artenosul\/category\/cinema\/"},"img":{"alt_text":"","src":"https:\/\/i0.wp.com\/wp.ufpel.edu.br\/artenosul\/files\/2017\/08\/o-filme-da-minha-vida-bruna-linzmeyer.jpg?resize=350%2C200&ssl=1","width":350,"height":200,"srcset":"https:\/\/i0.wp.com\/wp.ufpel.edu.br\/artenosul\/files\/2017\/08\/o-filme-da-minha-vida-bruna-linzmeyer.jpg?resize=350%2C200&ssl=1 1x, https:\/\/i0.wp.com\/wp.ufpel.edu.br\/artenosul\/files\/2017\/08\/o-filme-da-minha-vida-bruna-linzmeyer.jpg?resize=525%2C300&ssl=1 1.5x, https:\/\/i0.wp.com\/wp.ufpel.edu.br\/artenosul\/files\/2017\/08\/o-filme-da-minha-vida-bruna-linzmeyer.jpg?resize=700%2C400&ssl=1 2x"},"classes":[]},{"id":29587,"url":"https:\/\/wp.ufpel.edu.br\/artenosul\/2025\/08\/16\/amores-materialistas-analise-do-afeto-na-era-do-capitalismo\/","url_meta":{"origin":29407,"position":4},"title":"\u201cAmores Materialistas\u201d: an\u00e1lise\u00a0 do afeto na era do capitalismo","author":"artenosul","date":"16 de agosto de 2025","format":false,"excerpt":"Estabelecendo o amor como uma moeda de troca, a diretora Celine Song investiga as nuances dos relacionamentos afetivos no s\u00e9culo XXI\u00a0 \u00a0 \u00a0\u00a0 Por Maria Clara Goulart\u00a0\u00a0\u00a0\u00a0\u00a0 Grande parte do discurso on-line sobre o romance no cinema hoje \u00e9 marcado pela saudade, a nostalgia pelas grandes declara\u00e7\u00f5es de amor, pelas\u2026","rel":"","context":"Em &quot;CINEMA&quot;","block_context":{"text":"CINEMA","link":"https:\/\/wp.ufpel.edu.br\/artenosul\/category\/cinema\/"},"img":{"alt_text":"","src":"https:\/\/i0.wp.com\/wp.ufpel.edu.br\/artenosul\/files\/2025\/08\/Imagem2-1.png?resize=350%2C200&ssl=1","width":350,"height":200,"srcset":"https:\/\/i0.wp.com\/wp.ufpel.edu.br\/artenosul\/files\/2025\/08\/Imagem2-1.png?resize=350%2C200&ssl=1 1x, https:\/\/i0.wp.com\/wp.ufpel.edu.br\/artenosul\/files\/2025\/08\/Imagem2-1.png?resize=525%2C300&ssl=1 1.5x"},"classes":[]},{"id":5123,"url":"https:\/\/wp.ufpel.edu.br\/artenosul\/2017\/03\/23\/destaque-a-musica-autoral\/","url_meta":{"origin":29407,"position":5},"title":"Destaque \u00e0 m\u00fasica autoral","author":"artenosul","date":"23 de mar\u00e7o de 2017","format":false,"excerpt":"\u00a0 Reportagem de Anah\u00ed Silveira e Larissa Patines \u2013 Mostra A Vapor apresenta novos compositores s\u00e1bado e domingo, a partir das 15h, na esplanada do Theatro Sete de Abril em Pelotas - \u00a0 \u00a0 \u00a0 \u00a0Indiferen\u00e7a. Por muitas vezes, esse \u00e9 o obst\u00e1culo para aqueles que se mant\u00eam na m\u00fasica\u2026","rel":"","context":"Em &quot;M\u00daSICA&quot;","block_context":{"text":"M\u00daSICA","link":"https:\/\/wp.ufpel.edu.br\/artenosul\/category\/musica\/"},"img":{"alt_text":"","src":"https:\/\/i0.wp.com\/wp.ufpel.edu.br\/artenosul\/files\/2017\/03\/Anahi2b-e1499518932268.jpg?resize=350%2C200&ssl=1","width":350,"height":200},"classes":[]}],"_links":{"self":[{"href":"https:\/\/wp.ufpel.edu.br\/artenosul\/wp-json\/wp\/v2\/posts\/29407","targetHints":{"allow":["GET"]}}],"collection":[{"href":"https:\/\/wp.ufpel.edu.br\/artenosul\/wp-json\/wp\/v2\/posts"}],"about":[{"href":"https:\/\/wp.ufpel.edu.br\/artenosul\/wp-json\/wp\/v2\/types\/post"}],"author":[{"embeddable":true,"href":"https:\/\/wp.ufpel.edu.br\/artenosul\/wp-json\/wp\/v2\/users\/571"}],"replies":[{"embeddable":true,"href":"https:\/\/wp.ufpel.edu.br\/artenosul\/wp-json\/wp\/v2\/comments?post=29407"}],"version-history":[{"count":5,"href":"https:\/\/wp.ufpel.edu.br\/artenosul\/wp-json\/wp\/v2\/posts\/29407\/revisions"}],"predecessor-version":[{"id":29418,"href":"https:\/\/wp.ufpel.edu.br\/artenosul\/wp-json\/wp\/v2\/posts\/29407\/revisions\/29418"}],"wp:featuredmedia":[{"embeddable":true,"href":"https:\/\/wp.ufpel.edu.br\/artenosul\/wp-json\/wp\/v2\/media\/29415"}],"wp:attachment":[{"href":"https:\/\/wp.ufpel.edu.br\/artenosul\/wp-json\/wp\/v2\/media?parent=29407"}],"wp:term":[{"taxonomy":"category","embeddable":true,"href":"https:\/\/wp.ufpel.edu.br\/artenosul\/wp-json\/wp\/v2\/categories?post=29407"},{"taxonomy":"post_tag","embeddable":true,"href":"https:\/\/wp.ufpel.edu.br\/artenosul\/wp-json\/wp\/v2\/tags?post=29407"}],"curies":[{"name":"wp","href":"https:\/\/api.w.org\/{rel}","templated":true}]}}