{"id":29126,"date":"2025-06-21T11:55:19","date_gmt":"2025-06-21T14:55:19","guid":{"rendered":"https:\/\/wp.ufpel.edu.br\/artenosul\/?p=29126"},"modified":"2025-06-21T11:59:08","modified_gmt":"2025-06-21T14:59:08","slug":"cassino-2024-e-um-retrato-cru-e-sensivel-da-juventude-a-deriva","status":"publish","type":"post","link":"https:\/\/wp.ufpel.edu.br\/artenosul\/2025\/06\/21\/cassino-2024-e-um-retrato-cru-e-sensivel-da-juventude-a-deriva\/","title":{"rendered":"\u201cCassino\u201d (2024) \u00e9 um retrato cru e sens\u00edvel da juventude \u00e0 deriva"},"content":{"rendered":"<p style=\"text-align: center;\"><span style=\"color: #000080; font-family: arial, helvetica, sans-serif;\"><strong><em>Com realismo reconhec\u00edvel para quem \u00e9 da regi\u00e3o, o filme de Gianluca Cozza revela o vazio e a resist\u00eancia de quem vive o Balne\u00e1rio Cassino fora da temporada\u00a0\u00a0\u00a0 <\/em><\/strong><\/span><\/p>\n<p style=\"text-align: right;\"><span style=\"color: #000080; font-family: arial, helvetica, sans-serif;\"><strong><em>por Maria Clara Goulart\u00a0\u00a0\u00a0<\/em><\/strong><\/span><\/p>\n<p>&nbsp;<\/p>\n<div id=\"attachment_29128\" style=\"width: 706px\" class=\"wp-caption aligncenter\"><img loading=\"lazy\" decoding=\"async\" aria-describedby=\"caption-attachment-29128\" class=\"wp-image-29128\" src=\"https:\/\/wp.ufpel.edu.br\/artenosul\/files\/2025\/06\/PraiaEditada2.jpeg\" alt=\"\" width=\"706\" height=\"502\" srcset=\"https:\/\/wp.ufpel.edu.br\/artenosul\/files\/2025\/06\/PraiaEditada2.jpeg 494w, https:\/\/wp.ufpel.edu.br\/artenosul\/files\/2025\/06\/PraiaEditada2-300x213.jpeg 300w\" sizes=\"auto, (max-width: 706px) 100vw, 706px\" \/><p id=\"caption-attachment-29128\" class=\"wp-caption-text\"><span style=\"font-family: arial, helvetica, sans-serif;\"><strong><span style=\"color: #0000ff;\">Hist\u00f3ria fala de um lugar para al\u00e9m dos r\u00f3tulos tur\u00edsticos\u00a0 \u00a0 \u00a0 \u00a0 \u00a0 \u00a0Fotos: Divulga\u00e7\u00e3o<\/span><\/strong><\/span><\/p><\/div>\n<p>&nbsp;<\/p>\n<p style=\"text-align: justify;\"><span style=\"font-family: arial, helvetica, sans-serif;\">O sil\u00eancio que toma conta do Balne\u00e1rio Cassino no inverno n\u00e3o \u00e9 apenas clim\u00e1tico: ele se infiltra nas cal\u00e7adas vazias, nas casas fechadas \u00e0 espera da pr\u00f3xima temporada e na paisagem estagnada de uma cidade que, fora do ver\u00e3o, parece suspensa no tempo. Cassino, o maior balne\u00e1rio do mundo em extens\u00e3o, \u00e9 tamb\u00e9m um lugar de contrastes, entre a agita\u00e7\u00e3o da alta temporada e a in\u00e9rcia do resto do ano, entre as casas dos veranistas e os bairros mais afastados onde vivem os que ficam o ano inteiro. Apesar de n\u00e3o ser um document\u00e1rio, o filme de curta-metragem \u201cCassino\u201d apresenta um realismo reconhec\u00edvel para quem \u00e9 desta regi\u00e3o do Rio Grande do Sul: cada plano parece extra\u00eddo do cotidiano, como se o diretor tivesse captado o que h\u00e1 de mais \u00edntimo e inconfund\u00edvel na experi\u00eancia de viver ali.<\/span><\/p>\n<p style=\"text-align: justify;\"><span style=\"font-family: arial, helvetica, sans-serif;\">\u00c9 desse segundo \u201cCassino\u201d, muitas vezes invis\u00edvel nas narrativas tur\u00edsticas, que v\u00eam Daniel, Tando e Soninho. Moradores da cidade, incorporam uma juventude que convive com o excesso de ociosidade, com a dist\u00e2ncia simb\u00f3lica em rela\u00e7\u00e3o aos privil\u00e9gios que as casas de veraneio representam e com a vontade, ainda difusa, de emergir. Em \u201cCassino\u201d, dirigido por Gianluca Cozza, acompanhamos os tr\u00eas em suas caminhadas noturnas, quando invadir resid\u00eancias se torna uma esp\u00e9cie de passatempo, n\u00e3o por necessidade, mas por t\u00e9dio, curiosidade e uma busca silenciosa por algo que n\u00e3o sabem nomear.<\/span><\/p>\n<p style=\"text-align: justify;\"><span style=\"font-family: arial, helvetica, sans-serif;\">O filme se estrutura de forma fragmentada, sem um arco narrativo tradicional, como se refletisse a pr\u00f3pria rotina dos personagens. Eles andam, conversam, dividem cigarros, contam hist\u00f3rias e revelam frustra\u00e7\u00f5es. E \u00e9 nesse fluxo aparentemente banal que \u201cCassino\u201d revela sua densidade: um retrato sem adornos da juventude perif\u00e9rica em suspens\u00e3o, \u00e0 espera de algo que talvez nunca venha.<\/span><\/p>\n<p style=\"text-align: justify;\"><span style=\"font-family: arial, helvetica, sans-serif;\">Os di\u00e1logos, por vezes marcados por grosseria e humor \u00e1spero, s\u00e3o atravessados por um vocabul\u00e1rio t\u00edpico de seu entorno. N\u00e3o se trata apenas de brutalidade emocional, mas de um modo de se expressar condicionado pela realidade em que vivem, por uma cultura pela qual a dureza \u00e9 aprendida cedo e a sensibilidade tem pouco espa\u00e7o para se manifestar. H\u00e1, nos personagens, uma mistura de indiferen\u00e7a e inquieta\u00e7\u00e3o que parece comum a muitos papareias, moradores do extremo sul do pa\u00eds. Entre eles, a ideia de sair da cidade, de tentar a vida em outro lugar, costuma ser vista n\u00e3o s\u00f3 como um desejo, mas como o \u00fanico caminho poss\u00edvel para escapar da rotina repetitiva, da falta de perspectivas e da sensa\u00e7\u00e3o de que nada muda.<\/span><\/p>\n<p style=\"text-align: justify;\"><span style=\"font-family: arial, helvetica, sans-serif;\">A breve viagem de Soninho a S\u00e3o Paulo refor\u00e7a essa tens\u00e3o: \u00e9 uma tentativa de deslocamento f\u00edsico e simb\u00f3lico, de sair da condi\u00e7\u00e3o em que est\u00e1, ainda que sem saber bem o que encontrar do outro lado. Esse gesto de fuga dialoga diretamente com as invas\u00f5es de casas: adentrar espa\u00e7os que n\u00e3o lhes pertencem \u00e9, em alguma medida, experimentar outras possibilidades de vida, mesmo que de forma provis\u00f3ria, silenciosa, quase clandestina.<\/span><\/p>\n<p>&nbsp;<\/p>\n<div id=\"attachment_29129\" style=\"width: 580px\" class=\"wp-caption aligncenter\"><img loading=\"lazy\" decoding=\"async\" aria-describedby=\"caption-attachment-29129\" class=\"wp-image-29129\" src=\"https:\/\/wp.ufpel.edu.br\/artenosul\/files\/2025\/06\/CASSINO-CMGEditada.jpg\" alt=\"\" width=\"580\" height=\"488\" srcset=\"https:\/\/wp.ufpel.edu.br\/artenosul\/files\/2025\/06\/CASSINO-CMGEditada.jpg 418w, https:\/\/wp.ufpel.edu.br\/artenosul\/files\/2025\/06\/CASSINO-CMGEditada-300x253.jpg 300w\" sizes=\"auto, (max-width: 580px) 100vw, 580px\" \/><p id=\"caption-attachment-29129\" class=\"wp-caption-text\"><span style=\"font-family: arial, helvetica, sans-serif;\"><strong><span style=\"color: #0000ff;\">Filme reflete rotina dos personagens que vivenciam seus sonhos, desafios e contradi\u00e7\u00f5es<\/span><\/strong><\/span><\/p><\/div>\n<p>&nbsp;<\/p>\n<p style=\"text-align: justify;\"><span style=\"font-family: arial, helvetica, sans-serif;\">Por fim, Soninho revela o motivo de sua volta ao Rio Grande, momento em que a conversa toma outro rumo. Ele conta, com um certo constrangimento, que a viagem n\u00e3o saiu como esperado, em parte por causa de uma desilus\u00e3o amorosa. Mas em vez de zombarem ou refor\u00e7arem o fracasso, seus amigos o acolhem, dizendo que ele n\u00e3o deveria ter sa\u00eddo e que v\u00e3o ajud\u00e1-lo a reconstruir a vida ali mesmo, no Cassino. \u00c9 um momento de escuta e apoio, que rompe, mesmo que brevemente, o c\u00f3digo da camaradagem masculina.<\/span><\/p>\n<p style=\"text-align: justify;\"><span style=\"font-family: arial, helvetica, sans-serif;\">A ambienta\u00e7\u00e3o \u00e9 um dos grandes trunfos da obra. As ruas vazias, filmadas \u00e0 noite com luz natural e planos longos, traduzem um sentimento de desamparo e familiaridade. H\u00e1 uma estranheza reconhec\u00edvel ali: quem j\u00e1 caminhou pelo Cassino fora de temporada sabe o que \u00e9 estar sozinho entre quarteir\u00f5es apagados. A praia, curiosamente, mal aparece, e essa aus\u00eancia parece proposital. O filme n\u00e3o quer retratar o balne\u00e1rio como destino tur\u00edstico, mas como um espa\u00e7o de intervalo, onde o vazio se torna paisagem predominante.<\/span><\/p>\n<p style=\"text-align: justify;\"><span style=\"font-family: arial, helvetica, sans-serif;\"><a href=\"https:\/\/wp.ufpel.edu.br\/artenosul?s=filme+%22Cassino%22\" target=\"_blank\" rel=\"noopener\"><strong>\u201cCassino\u201d<\/strong> <\/a>\u00e9, acima de tudo, um filme sobre o inverno, n\u00e3o apenas o do clima, mas o das rela\u00e7\u00f5es, das oportunidades, das perspectivas. Um tempo de hiato em que a juventude se desloca lentamente, \u00e0 deriva. Gianluca Cozza aposta em uma narrativa econ\u00f4mica, sem respostas f\u00e1ceis nem grandes reviravoltas, sustentada por uma observa\u00e7\u00e3o atenta e sem filtros. Seus personagens n\u00e3o s\u00e3o her\u00f3is nem vil\u00f5es, mas jovens atravessando um espa\u00e7o e um tempo que pouco lhes oferecem.<\/span><\/p>\n<p>&nbsp;<\/p>\n<p style=\"text-align: justify;\"><span style=\"font-family: arial, helvetica, sans-serif;\"><strong><span style=\"color: #0000ff;\">Ficha T\u00e9cnica<\/span>:<\/strong><\/span><\/p>\n<p style=\"text-align: justify;\"><span style=\"font-family: arial, helvetica, sans-serif;\"><strong><span style=\"color: #0000ff;\">Dire\u00e7\u00e3o:<\/span><\/strong> Gianluca Cozza<\/span><\/p>\n<p style=\"text-align: justify;\"><span style=\"font-family: arial, helvetica, sans-serif;\"><span style=\"color: #0000ff;\"><strong>Produ\u00e7\u00e3o:<\/strong><\/span> Jo\u00e3o Fernando Chagas, Nica Maleoa, Pedro Guindani<\/span><\/p>\n<p style=\"text-align: justify;\"><span style=\"font-family: arial, helvetica, sans-serif;\"><span style=\"color: #0000ff;\"><strong>Roteiro:<\/strong> <\/span>Andr\u00e9 Berzagui, Eleonora Loner, Gianluca Cozza<\/span><\/p>\n<p style=\"text-align: justify;\"><span style=\"font-family: arial, helvetica, sans-serif;\"><strong><span style=\"color: #0000ff;\">Montagem:<\/span> <\/strong>Andr\u00e9 Berzagui<\/span><\/p>\n<p style=\"text-align: justify;\"><span style=\"font-family: arial, helvetica, sans-serif;\"><span style=\"color: #0000ff;\"><strong>Dire\u00e7\u00e3o de Arte:<\/strong><\/span> Luciana Abbud, Richard Tavares<\/span><\/p>\n<p style=\"text-align: justify;\"><span style=\"font-family: arial, helvetica, sans-serif;\"><span style=\"color: #0000ff;\"><strong>Empresa(s) produtora(s):<\/strong><\/span> Saturno Filmes<\/span><\/p>\n<p style=\"text-align: justify;\"><span style=\"font-family: arial, helvetica, sans-serif;\"><span style=\"color: #0000ff;\"><strong>Elenco:<\/strong> <\/span>Leandro Gomes, Daniel Guimar\u00e3es, Anderson Campos<\/span><\/p>\n<p>&nbsp;<\/p>\n<p style=\"text-align: justify;\"><a href=\"http:\/\/wp.ufpel.edu.br\/artenosul\"><span style=\"color: #0000ff;\"><strong><span style=\"font-family: arial, helvetica, sans-serif;\">PRIMEIRA P\u00c1GINA<\/span><\/strong><\/span><\/a><\/p>\n<p style=\"text-align: justify;\"><span style=\"color: #0000ff;\"><strong><span style=\"font-family: arial, helvetica, sans-serif;\">COMENT\u00c1RIOS<\/span><\/strong><\/span><\/p>\n<p>&nbsp;<\/p>\n<div data-test='contact-form'\n\t\t\tid='contact-form-29126'\n\t\t\tclass='wp-block-jetpack-contact-form-container '\n\t\t\tdata-wp-interactive='jetpack\/form' data-wp-context='{\"formId\":\"29126\",\"formHash\":\"ea3b5f8fcf5bef4604968fa784d2fcbe9b1a18bc\",\"showErrors\":false,\"errors\":[],\"fields\":[],\"isMultiStep\":false,\"useAjax\":true,\"submissionData\":null,\"formattedSubmissionData\":[],\"submissionSuccess\":false,\"submissionError\":null,\"elementId\":\"jp-form-ea3b5f8fcf5bef4604968fa784d2fcbe9b1a18bc\",\"isSingleInputForm\":false}'\n\t\t\tdata-wp-watch--scroll-to-wrapper=\"callbacks.scrollToWrapper\"\n\t\t>\n<div class=\"contact-form-submission contact-form-ajax-submission\" data-wp-class--submission-success=\"context.submissionSuccess\"><p class=\"go-back-message\"><a class=\"link\" role=\"button\" tabindex=\"0\" data-wp-on--click=\"actions.goBack\" href=\"\/artenosul\/wp-json\/wp\/v2\/posts\/29126\">Voltar<\/a><\/p><h4 id=\"contact-form-success-header\">Sua mensagem foi enviada<\/h4>\n\n<template data-wp-each--submission=\"context.formattedSubmissionData\">\n\t\t\t\t\t<div class=\"jetpack_forms_contact-form-success-summary\">\n\t\t\t\t\t\t<div class=\"field-name\" data-wp-text=\"context.submission.label\" data-wp-bind--hidden=\"!context.submission.label\"><\/div>\n\t\t\t\t\t\t<div class=\"field-value\" data-wp-text=\"context.submission.value\"><\/div>\n\t\t\t\t\t\t<div class=\"field-images\" data-wp-bind--hidden=\"!context.submission.images\">\n\t\t\t\t\t\t\t<template data-wp-each--image=\"context.submission.images\">\n\t\t\t\t\t\t\t\t<figure class=\"field-image\" data-wp-class--is-empty=\"!context.image\">\n\t\t\t\t\t\t\t\t\t<img data-wp-bind--src=\"context.image\" data-wp-bind--hidden=\"!context.image\" \/>\n\t\t\t\t\t\t\t\t\t<img decoding=\"async\" src=\"data:image\/gif;base64,R0lGODlhAQABAAD\/ACwAAAAAAQABAAACADs=\" data-wp-bind--hidden=\"context.image\" \/>\n\t\t\t\t\t\t\t\t<\/figure>\n\t\t\t\t\t\t\t<\/template>\n\t\t\t\t\t\t<\/div>\n\t\t\t\t\t<\/div>\n\t\t\t\t<\/template><\/div><form action='https:\/\/wp.ufpel.edu.br\/artenosul\/2025\/06\/21\/cassino-2024-e-um-retrato-cru-e-sensivel-da-juventude-a-deriva\/'\n\t\t\t\tid='jp-form-ea3b5f8fcf5bef4604968fa784d2fcbe9b1a18bc'\n\t\t\t\tmethod='post'\n\t\t\t\tclass='contact-form commentsblock' aria-label=\"\u201cCassino\u201d (2024) \u00e9 um retrato cru e sens\u00edvel da juventude \u00e0 deriva\"\n\t\t\t\tdata-wp-on--submit=\"actions.onFormSubmit\"\n\t\t\t\tdata-wp-on--reset=\"actions.onFormReset\"\n\t\t\t\tdata-wp-class--submission-success=\"context.submissionSuccess\"\n\t\t\t\tdata-wp-class--is-first-step=\"state.isFirstStep\"\n\t\t\t\tdata-wp-class--is-last-step=\"state.isLastStep\"\n\t\t\t\tdata-wp-class--is-ajax-form=\"context.useAjax\"\n\t\t\t\tnovalidate >\n<input type='hidden' name='jetpack_contact_form_jwt' value='eyJ0eXAiOiJKV1QiLCJhbGciOiJIUzI1NiJ9.eyJlbmNyeXB0ZWRfYXR0cmlidXRlcyI6InRTQ0lIcVJhM0NpdFZ0M0RLVytaSlRTVjVBSjNDZ1ZsY2I0QWlSKzhMMk5nOWp5djhXbis0cElnWC9SUUJCeXBCZlhCY1Jnbk1jc0NITHdrT09lclk3YTE5SHBhcU1Ydmk2bGFVRkUvS3Y2UnM4Yll6eEkvMkNGRWNRMnJ3Vm1CbDRxUk9VMWhrNjZTdjJuYTZEM3l4dFl4S0JuSWtkZkRqalgyK1d6UmxCUzVqUlR0bXp2NW1MQmlXME5mWlIvd1IrUGZld0IxT0w1SkR2cTNWRHZlbHcxMk1Sc0dBQW1ZRnViS0JMK3FxSVg1cWRnWTdNcHVVRkF1MnlEN3psRjVlbmRSbDFqSWdOQ0s2OEUxWmNLQlVzcmwvK2Q1aGZxWm9MaDN6VjlDL2lWQzZGUUNwaU9hcmtwd3FIQnVGK1ZnU3F0bUJKeEJqNmM0M3V6Qk1jcm9JU05xZ3dnVzlhdklyUzladjlZMDNLVHczcUZMYW82QnE4MUczZ2NhTTAwWHQ3dEhmSm9Ic3RKSVJYVjVOY0ZvQVZzcEFOM3NqK092VDAwWERMemp0aUlMZ0tUU1M4M0RvTitSOGV4NXN3V1VQRmZWRnVHUE5aTnBzelhaMDZXU0w2Y3gwWEtFYm1hcW9XTGtqNEhEaW9RZzdtMGhYUUgwQ205WFlmQ28ydlo2dDAxY3NqN1l4TFVTOUlpQUZvM1J5RUJhSmM5OW5uZ25IQTBvekdzdTIxR1pBUmZFSFQwdCt3MU1CQzgvVGZmeDBPb1Y1d0kwOVZjYmt1ekxIbWgzZVJFWEl2YTB3RGtSNWV1NngxdkNDdW9wRGdMRXlScC9FMThBVGloN0RnR0wzM2lGSmlUQlIwNzJFMmhjaEN5ek9wNUc1UWMrNjFXTVY4NVdvQjJDcGNUQWUzV1k0ZDJWSlRaakhQMlljTmMzV0RhOHhUemJvaFVwVlBDRnovSFNzT2V4dEdrbEZBc0c0Tm1BdGk4TGpUNXF0V09BdUtkUHBkd1hOemw3T0pZcENjalpwazBzbHJ0YTVDMnBicmY0eFdxRjl6NE5CVUhkT0wrMm5KRFJEbkhYdStVOVRtcnhidnJvMVJiblErL29zbElMeVhqUHgzbkZmRjBWMnVqeFdRem9lbmdLby9ySk1zUWRwT0VSa204d2d2TzIyWEtUNGc0YnRqemNwcEprT0doTVgzQmoxRExBcmhGSjJ3NUlKY0tNeWZwUXl1aERLRlpONzZDTXQrTzBSZHJYREMzalR3RUNETyt0WHc4Z1pFUjdwT1FQazlNdEZiTzFFdmhmZzMxck1xaz0iLCJjb250ZW50IjoiW2NvbnRhY3QtZmllbGQgbGFiZWw9XCJOb21lXCIgdHlwZT1cIm5hbWVcIl1bY29udGFjdC1maWVsZCBsYWJlbD1cIkUtbWFpbFwiIHR5cGU9XCJlbWFpbFwiXVtjb250YWN0LWZpZWxkIGxhYmVsPVwiTWVuc2FnZW1cIiB0eXBlPVwidGV4dGFyZWFcIl0iLCJoYXNoIjoiZWEzYjVmOGZjZjViZWY0NjA0OTY4ZmE3ODRkMmZjYmU5YjFhMThiYyIsInNvdXJjZSI6eyJlbnRyeV90aXRsZSI6Ilx1MjAxY0Nhc3Npbm9cdTIwMWQgKDIwMjQpIFx1MDBlOSB1bSByZXRyYXRvIGNydSBlIHNlbnNcdTAwZWR2ZWwgZGEganV2ZW50dWRlIFx1MDBlMCBkZXJpdmEiLCJlbnRyeV9wYWdlIjoxLCJzb3VyY2VfaWQiOjI5MTI2LCJzb3VyY2VfdHlwZSI6InNpbmdsZSIsInJlcXVlc3RfdXJsIjoiaHR0cHM6Ly93cC51ZnBlbC5lZHUuYnIvYXJ0ZW5vc3VsL3dwLWpzb24vd3AvdjIvcG9zdHMvMjkxMjYifSwidmVyc2lvbiI6MiwiY2lwaGVyIjoiYWVzLTI1Ni1nY20ifQ.9l0X495Dln2-UzcfYdekBY0jWQt1D505q0gQd6bkxOU' \/>\n\n<div style=\"\"  data-wp-interactive=\"jetpack\/form\" data-wp-context='{\"fieldId\":\"g29126-nome\",\"fieldType\":\"name\",\"fieldLabel\":\"Nome\",\"fieldValue\":\"\",\"fieldPlaceholder\":\"\",\"fieldIsRequired\":\"\",\"fieldErrorMessage\":\"\",\"fieldExtra\":[],\"formHash\":\"ea3b5f8fcf5bef4604968fa784d2fcbe9b1a18bc\"}'  class='grunion-field-name-wrap grunion-field-wrap'  data-wp-init='callbacks.initializeField' data-wp-on--jetpack-form-reset='callbacks.initializeField' >\n<label\n\t\t\t\tfor='g29126-nome' class=\"grunion-field-label name\" >Nome<\/label>\n<input\n\t\t\t\t\ttype='text'\n\t\t\t\t\tname='g29126-nome'\n\t\t\t\t\tid='g29126-nome'\n\t\t\t\t\tvalue=''\n\n\t\t\t\t\tdata-wp-bind--aria-invalid='state.fieldHasErrors'\n\t\t\t\t\tdata-wp-bind--value='state.getFieldValue'\n\t\t\t\t\taria-errormessage='g29126-nome-text-error-message'\n\t\t\t\t\tdata-wp-on--input='actions.onFieldChange'\n\t\t\t\t\tdata-wp-on--blur='actions.onFieldBlur'\n\t\t\t\t\tdata-wp-class--has-value='state.hasFieldValue'\n\n\t\t\t\t\tclass='name  grunion-field' \n\t\t\t\t\t \/>\n \n\t\t\t<div id=\"g29126-nome-text-error\" class=\"contact-form__input-error\" data-wp-class--has-errors=\"state.fieldHasErrors\">\n\t\t\t\t<span class=\"contact-form__warning-icon\">\n\t\t\t\t\t<svg width=\"16\" height=\"16\" viewBox=\"0 0 16 16\" fill=\"none\" xmlns=\"http:\/\/www.w3.org\/2000\/svg\">\n\t\t\t\t\t\t<path d=\"M8.50015 11.6402H7.50015V10.6402H8.50015V11.6402Z\" \/>\n\t\t\t\t\t\t<path d=\"M7.50015 9.64018H8.50015V6.30684H7.50015V9.64018Z\" \/>\n\t\t\t\t\t\t<path fill-rule=\"evenodd\" clip-rule=\"evenodd\" d=\"M6.98331 3.0947C7.42933 2.30177 8.57096 2.30177 9.01698 3.09469L13.8771 11.7349C14.3145 12.5126 13.7525 13.4735 12.8602 13.4735H3.14004C2.24774 13.4735 1.68575 12.5126 2.12321 11.7349L6.98331 3.0947ZM8.14541 3.58496C8.08169 3.47168 7.9186 3.47168 7.85488 3.58496L2.99478 12.2251C2.93229 12.3362 3.01257 12.4735 3.14004 12.4735H12.8602C12.9877 12.4735 13.068 12.3362 13.0055 12.2251L8.14541 3.58496Z\" \/>\n\t\t\t\t\t<\/svg>\n\t\t\t\t\t<span class=\"visually-hidden\">Aviso<\/span>\n\t\t\t\t<\/span>\n\t\t\t\t<span data-wp-text=\"state.errorMessage\" id=\"g29126-nome-text-error-message\" role=\"alert\" aria-live=\"assertive\"><\/span>\n\t\t\t<\/div> \n\t<\/div>\n\n<div style=\"\"  data-wp-interactive=\"jetpack\/form\" data-wp-context='{\"fieldId\":\"g29126-email\",\"fieldType\":\"email\",\"fieldLabel\":\"E-mail\",\"fieldValue\":\"\",\"fieldPlaceholder\":\"\",\"fieldIsRequired\":\"\",\"fieldErrorMessage\":\"\",\"fieldExtra\":[],\"formHash\":\"ea3b5f8fcf5bef4604968fa784d2fcbe9b1a18bc\"}'  class='grunion-field-email-wrap grunion-field-wrap'  data-wp-init='callbacks.initializeField' data-wp-on--jetpack-form-reset='callbacks.initializeField' >\n<label\n\t\t\t\tfor='g29126-email' class=\"grunion-field-label email\" >E-mail<\/label>\n<input\n\t\t\t\t\ttype='email'\n\t\t\t\t\tname='g29126-email'\n\t\t\t\t\tid='g29126-email'\n\t\t\t\t\tvalue=''\n\n\t\t\t\t\tdata-wp-bind--aria-invalid='state.fieldHasErrors'\n\t\t\t\t\tdata-wp-bind--value='state.getFieldValue'\n\t\t\t\t\taria-errormessage='g29126-email-email-error-message'\n\t\t\t\t\tdata-wp-on--input='actions.onFieldChange'\n\t\t\t\t\tdata-wp-on--blur='actions.onFieldBlur'\n\t\t\t\t\tdata-wp-class--has-value='state.hasFieldValue'\n\n\t\t\t\t\tclass='email  grunion-field' \n\t\t\t\t\t \/>\n \n\t\t\t<div id=\"g29126-email-email-error\" class=\"contact-form__input-error\" data-wp-class--has-errors=\"state.fieldHasErrors\">\n\t\t\t\t<span class=\"contact-form__warning-icon\">\n\t\t\t\t\t<svg width=\"16\" height=\"16\" viewBox=\"0 0 16 16\" fill=\"none\" xmlns=\"http:\/\/www.w3.org\/2000\/svg\">\n\t\t\t\t\t\t<path d=\"M8.50015 11.6402H7.50015V10.6402H8.50015V11.6402Z\" \/>\n\t\t\t\t\t\t<path d=\"M7.50015 9.64018H8.50015V6.30684H7.50015V9.64018Z\" \/>\n\t\t\t\t\t\t<path fill-rule=\"evenodd\" clip-rule=\"evenodd\" d=\"M6.98331 3.0947C7.42933 2.30177 8.57096 2.30177 9.01698 3.09469L13.8771 11.7349C14.3145 12.5126 13.7525 13.4735 12.8602 13.4735H3.14004C2.24774 13.4735 1.68575 12.5126 2.12321 11.7349L6.98331 3.0947ZM8.14541 3.58496C8.08169 3.47168 7.9186 3.47168 7.85488 3.58496L2.99478 12.2251C2.93229 12.3362 3.01257 12.4735 3.14004 12.4735H12.8602C12.9877 12.4735 13.068 12.3362 13.0055 12.2251L8.14541 3.58496Z\" \/>\n\t\t\t\t\t<\/svg>\n\t\t\t\t\t<span class=\"visually-hidden\">Aviso<\/span>\n\t\t\t\t<\/span>\n\t\t\t\t<span data-wp-text=\"state.errorMessage\" id=\"g29126-email-email-error-message\" role=\"alert\" aria-live=\"assertive\"><\/span>\n\t\t\t<\/div> \n\t<\/div>\n\n<div style=\"\"  data-wp-interactive=\"jetpack\/form\" data-wp-context='{\"fieldId\":\"g29126-mensagem\",\"fieldType\":\"textarea\",\"fieldLabel\":\"Mensagem\",\"fieldValue\":\"\",\"fieldPlaceholder\":\"\",\"fieldIsRequired\":\"\",\"fieldErrorMessage\":\"\",\"fieldExtra\":[],\"formHash\":\"ea3b5f8fcf5bef4604968fa784d2fcbe9b1a18bc\"}'  class='grunion-field-textarea-wrap grunion-field-wrap'  data-wp-init='callbacks.initializeField' data-wp-on--jetpack-form-reset='callbacks.initializeField' >\n<label\n\t\t\t\tfor='contact-form-comment-g29126-mensagem' class=\"grunion-field-label textarea\" >Mensagem<\/label>\n<textarea\n\t\t                style=''\n\t\t                name='g29126-mensagem'\n\t\t                id='contact-form-comment-g29126-mensagem'\n\t\t                rows='20'\n\t\t\t\t\t\tdata-wp-text='state.getFieldValue'\n\t\t\t\t\t\tdata-wp-on--input='actions.onFieldChange'\n\t\t\t\t\t\tdata-wp-on--blur='actions.onFieldBlur'\n\t\t\t\t\t\tdata-wp-class--has-value='state.hasFieldValue'\n\t\t\t\t\t\tdata-wp-bind--aria-invalid='state.fieldHasErrors'\n\t\t\t\t\t\taria-errormessage='g29126-mensagem-textarea-error-message'\n\t\t\t\t\t\tclass='textarea  grunion-field'  ><\/textarea>\n \n\t\t\t<div id=\"g29126-mensagem-textarea-error\" class=\"contact-form__input-error\" data-wp-class--has-errors=\"state.fieldHasErrors\">\n\t\t\t\t<span class=\"contact-form__warning-icon\">\n\t\t\t\t\t<svg width=\"16\" height=\"16\" viewBox=\"0 0 16 16\" fill=\"none\" xmlns=\"http:\/\/www.w3.org\/2000\/svg\">\n\t\t\t\t\t\t<path d=\"M8.50015 11.6402H7.50015V10.6402H8.50015V11.6402Z\" \/>\n\t\t\t\t\t\t<path d=\"M7.50015 9.64018H8.50015V6.30684H7.50015V9.64018Z\" \/>\n\t\t\t\t\t\t<path fill-rule=\"evenodd\" clip-rule=\"evenodd\" d=\"M6.98331 3.0947C7.42933 2.30177 8.57096 2.30177 9.01698 3.09469L13.8771 11.7349C14.3145 12.5126 13.7525 13.4735 12.8602 13.4735H3.14004C2.24774 13.4735 1.68575 12.5126 2.12321 11.7349L6.98331 3.0947ZM8.14541 3.58496C8.08169 3.47168 7.9186 3.47168 7.85488 3.58496L2.99478 12.2251C2.93229 12.3362 3.01257 12.4735 3.14004 12.4735H12.8602C12.9877 12.4735 13.068 12.3362 13.0055 12.2251L8.14541 3.58496Z\" \/>\n\t\t\t\t\t<\/svg>\n\t\t\t\t\t<span class=\"visually-hidden\">Aviso<\/span>\n\t\t\t\t<\/span>\n\t\t\t\t<span data-wp-text=\"state.errorMessage\" id=\"g29126-mensagem-textarea-error-message\" role=\"alert\" aria-live=\"assertive\"><\/span>\n\t\t\t<\/div>\n\t<\/div>\n\t<p class='contact-submit'>\n<div class=\"contact-form__error\" data-wp-class--show-errors=\"state.showFormErrors\"><span class=\"contact-form__warning-icon\"><span class=\"visually-hidden\">Aten\u00e7\u00e3o.<\/span><i aria-hidden=\"true\"><\/i><\/span>\n\t\t\t\t<span data-wp-text=\"state.getFormErrorMessage\"><\/span>\n\t\t\t\t<ul>\n\t\t\t\t<template data-wp-each=\"state.getErrorList\" data-wp-key=\"context.item.id\">\n\t\t\t\t\t<li><a data-wp-bind--href=\"context.item.anchor\" data-wp-on--click=\"actions.scrollIntoView\" data-wp-text=\"context.item.label\"><\/a><\/li>\n\t\t\t\t<\/template>\n\t\t\t\t<\/ul><\/div><div class=\"contact-form__error\" data-wp-class--show-errors=\"state.showSubmissionError\" data-wp-text=\"context.submissionError\"><\/div>\t\t<button type='submit' class='pushbutton-wide'>Enviar<\/button>\t\t<input type='hidden' name='contact-form-id' value='29126' \/>\n\t\t<input type='hidden' name='action' value='grunion-contact-form' \/>\n\t\t<input type='hidden' name='contact-form-hash' value='ea3b5f8fcf5bef4604968fa784d2fcbe9b1a18bc' \/>\n\t<\/p>\n<p style=\"display: none !important;\" class=\"akismet-fields-container\" data-prefix=\"ak_\"><label>&#916;<textarea name=\"ak_hp_textarea\" cols=\"45\" rows=\"8\" maxlength=\"100\"><\/textarea><\/label><input type=\"hidden\" id=\"ak_js_1\" name=\"ak_js\" value=\"9\"\/><script>document.getElementById( \"ak_js_1\" ).setAttribute( \"value\", ( new Date() ).getTime() );<\/script><\/p><\/form>\n<\/div>\n","protected":false},"excerpt":{"rendered":"<p>Com realismo reconhec\u00edvel para quem \u00e9 da regi\u00e3o, o filme de Gianluca Cozza revela o vazio e a resist\u00eancia de quem vive o Balne\u00e1rio Cassino fora da temporada\u00a0\u00a0\u00a0 por Maria Clara Goulart\u00a0\u00a0\u00a0 &nbsp; &nbsp; O sil\u00eancio que toma conta do Balne\u00e1rio Cassino no inverno n\u00e3o \u00e9 apenas clim\u00e1tico: ele se infiltra nas cal\u00e7adas vazias, nas &hellip; <\/p>\n<p><a class=\"more-link btn\" href=\"https:\/\/wp.ufpel.edu.br\/artenosul\/2025\/06\/21\/cassino-2024-e-um-retrato-cru-e-sensivel-da-juventude-a-deriva\/\">Continue lendo<\/a><\/p>\n","protected":false},"author":571,"featured_media":29133,"comment_status":"closed","ping_status":"closed","sticky":false,"template":"","format":"standard","meta":{"jetpack_post_was_ever_published":false,"_jetpack_newsletter_access":"","_jetpack_dont_email_post_to_subs":false,"_jetpack_newsletter_tier_id":0,"_jetpack_memberships_contains_paywalled_content":false,"_jetpack_memberships_contains_paid_content":false,"footnotes":"","jetpack_publicize_message":"","jetpack_publicize_feature_enabled":true,"jetpack_social_post_already_shared":true,"jetpack_social_options":{"image_generator_settings":{"template":"highway","default_image_id":0,"font":"","enabled":false},"version":2}},"categories":[112,315],"tags":[2741,1486,417,114,745,414,2740,317,1399,2739,2065,537,91],"class_list":["post-29126","post","type-post","status-publish","format-standard","has-post-thumbnail","hentry","category-cinema","category-opiniao","tag-anderson-campos","tag-balneario-cassino","tag-cassino","tag-cinema","tag-curta","tag-curta-metragem","tag-daniel-guimaraes","tag-filme","tag-gianluca-cozza","tag-leandro-gomes","tag-maria-clara-goulart","tag-opiniao","tag-rio-grande","nodate","item-wrap"],"jetpack_publicize_connections":[],"jetpack_featured_media_url":"https:\/\/wp.ufpel.edu.br\/artenosul\/files\/2025\/06\/Capa.jpg","jetpack_sharing_enabled":true,"jetpack_likes_enabled":true,"jetpack_shortlink":"https:\/\/wp.me\/p6PuxQ-7zM","jetpack-related-posts":[{"id":26996,"url":"https:\/\/wp.ufpel.edu.br\/artenosul\/2024\/08\/29\/curta-rio-grandino-cassino-e-premiado-no-52o-festival-de-cinema-de-gramado\/","url_meta":{"origin":29126,"position":0},"title":"Curta rio-grandino \u201cCassino\u201d \u00e9 premiado no 52\u00ba Festival de Cinema de Gramado","author":"artenosul","date":"29 de agosto de 2024","format":false,"excerpt":"O filme realizado no Balne\u00e1rio Cassino participou da Mostra Ga\u00facha de Curtas e recebeu o destaque de Melhor Dire\u00e7\u00e3o de Fotografia\u00a0 \u00a0 \u00a0\u00a0 Por Fernanda Farinha\u00a0 \u00a0 \u00a0 \u00a0 \u00a0 \u00a0 O curta-metragem \u201cCassino\u201d conta a hist\u00f3ria de Daniel, Tando e Soninho, tr\u00eas ladr\u00f5es que circulam durante a noite pelas\u2026","rel":"","context":"Em &quot;NOT\u00cdCIAS&quot;","block_context":{"text":"NOT\u00cdCIAS","link":"https:\/\/wp.ufpel.edu.br\/artenosul\/category\/noticias\/"},"img":{"alt_text":"","src":"https:\/\/i0.wp.com\/wp.ufpel.edu.br\/artenosul\/files\/2024\/08\/52FCG-11082024-05076.webp?resize=350%2C200&ssl=1","width":350,"height":200,"srcset":"https:\/\/i0.wp.com\/wp.ufpel.edu.br\/artenosul\/files\/2024\/08\/52FCG-11082024-05076.webp?resize=350%2C200&ssl=1 1x, https:\/\/i0.wp.com\/wp.ufpel.edu.br\/artenosul\/files\/2024\/08\/52FCG-11082024-05076.webp?resize=525%2C300&ssl=1 1.5x, https:\/\/i0.wp.com\/wp.ufpel.edu.br\/artenosul\/files\/2024\/08\/52FCG-11082024-05076.webp?resize=700%2C400&ssl=1 2x"},"classes":[]},{"id":29027,"url":"https:\/\/wp.ufpel.edu.br\/artenosul\/2025\/06\/07\/cassino-e-indicado-ao-premio-grande-otelo-e-leva-litoral-gaucho-as-telas\/","url_meta":{"origin":29126,"position":1},"title":"&#8220;Cassino&#8221; \u00e9 indicado ao Pr\u00eamio Grande Otelo e leva litoral ga\u00facho \u00e0s telas","author":"artenosul","date":"7 de junho de 2025","format":false,"excerpt":"Gravado em Rio Grande, com equipe majoritariamente ga\u00facha, o filme curta-metragem transforma paisagem afetiva em cinema\u00a0 \u00a0 \u00a0\u00a0 Por Martha Cristina Melo\u00a0 \u00a0 \u00a0 \u00a0 \u00a0 \u00a0 Dirigido pelo rio-grandino Gianluca Cozza, o curta-metragem Cassino foi indicado \u00e0 categoria \u201cfic\u00e7\u00e3o\u201d do Pr\u00eamio Grande Otelo, uma das maiores premia\u00e7\u00f5es do cinema\u2026","rel":"","context":"Em &quot;CINEMA&quot;","block_context":{"text":"CINEMA","link":"https:\/\/wp.ufpel.edu.br\/artenosul\/category\/cinema\/"},"img":{"alt_text":"","src":"https:\/\/i0.wp.com\/wp.ufpel.edu.br\/artenosul\/files\/2025\/06\/CAPA-DA-MATERIA.jpeg?resize=350%2C200&ssl=1","width":350,"height":200,"srcset":"https:\/\/i0.wp.com\/wp.ufpel.edu.br\/artenosul\/files\/2025\/06\/CAPA-DA-MATERIA.jpeg?resize=350%2C200&ssl=1 1x, https:\/\/i0.wp.com\/wp.ufpel.edu.br\/artenosul\/files\/2025\/06\/CAPA-DA-MATERIA.jpeg?resize=525%2C300&ssl=1 1.5x, https:\/\/i0.wp.com\/wp.ufpel.edu.br\/artenosul\/files\/2025\/06\/CAPA-DA-MATERIA.jpeg?resize=700%2C400&ssl=1 2x"},"classes":[]},{"id":27787,"url":"https:\/\/wp.ufpel.edu.br\/artenosul\/2025\/01\/28\/festa-de-mae-iemanja-celebra-jubileu-de-ouro-com-programacao-especial-em-rio-grande\/","url_meta":{"origin":29126,"position":2},"title":"Festa de M\u00e3e Iemanj\u00e1 celebra Jubileu de Ouro com programa\u00e7\u00e3o especial em Rio Grande","author":"artenosul","date":"28 de janeiro de 2025","format":false,"excerpt":"O maior evento religioso do litoral sul espera receber mais de 150 mil devotos em sua 50\u00aa edi\u00e7\u00e3o no Balne\u00e1rio Cassino\u00a0 \u00a0 \u00a0 \u00a0\u00a0 por Isadora Jaeger e Maria Clara Goulart\u00a0 \u00a0 \u00a0 \u00a0\u00a0 \u00a0 \u00a0 Nesta semana, o Rio Grande celebra o Jubileu de Ouro da M\u00e3e Iemanj\u00e1, data\u2026","rel":"","context":"Em &quot;ARTESANATO&quot;","block_context":{"text":"ARTESANATO","link":"https:\/\/wp.ufpel.edu.br\/artenosul\/category\/artesanato\/"},"img":{"alt_text":"","src":"https:\/\/i0.wp.com\/wp.ufpel.edu.br\/artenosul\/files\/2025\/01\/FOTO-1-scaled.jpeg?resize=350%2C200&ssl=1","width":350,"height":200,"srcset":"https:\/\/i0.wp.com\/wp.ufpel.edu.br\/artenosul\/files\/2025\/01\/FOTO-1-scaled.jpeg?resize=350%2C200&ssl=1 1x, https:\/\/i0.wp.com\/wp.ufpel.edu.br\/artenosul\/files\/2025\/01\/FOTO-1-scaled.jpeg?resize=525%2C300&ssl=1 1.5x, https:\/\/i0.wp.com\/wp.ufpel.edu.br\/artenosul\/files\/2025\/01\/FOTO-1-scaled.jpeg?resize=700%2C400&ssl=1 2x, https:\/\/i0.wp.com\/wp.ufpel.edu.br\/artenosul\/files\/2025\/01\/FOTO-1-scaled.jpeg?resize=1050%2C600&ssl=1 3x, https:\/\/i0.wp.com\/wp.ufpel.edu.br\/artenosul\/files\/2025\/01\/FOTO-1-scaled.jpeg?resize=1400%2C800&ssl=1 4x"},"classes":[]},{"id":27839,"url":"https:\/\/wp.ufpel.edu.br\/artenosul\/2025\/02\/04\/50o-festa-de-iemanja-reune-milhares-de-pessoas-em-celebracao-de-cultura-e-religiosidade\/","url_meta":{"origin":29126,"position":3},"title":"50\u00ba Festa de Iemanj\u00e1 re\u00fane milhares de pessoas em celebra\u00e7\u00e3o de cultura e religiosidade","author":"artenosul","date":"4 de fevereiro de 2025","format":false,"excerpt":"Turistas e popula\u00e7\u00e3o local estiveram presentes para celebrar o Jubileu de Ouro com prociss\u00e3o luminosa e manifesta\u00e7\u00f5es art\u00edsticas\u00a0 \u00a0\u00a0\u00a0 \u00a0 Por Isadora Jaeger e Maria Clara Goulart\u00a0\u00a0\u00a0 \u00a0 \u00a0 Realizada entre os dias 31 de janeiro e 2 de fevereiro no Balne\u00e1rio Cassino, a Festa de Iemanj\u00e1 atingiu a marca\u2026","rel":"","context":"Em &quot;COMUNIDADE&quot;","block_context":{"text":"COMUNIDADE","link":"https:\/\/wp.ufpel.edu.br\/artenosul\/category\/comunidade\/"},"img":{"alt_text":"","src":"https:\/\/i0.wp.com\/wp.ufpel.edu.br\/artenosul\/files\/2025\/02\/FOTO4.jpg?resize=350%2C200&ssl=1","width":350,"height":200,"srcset":"https:\/\/i0.wp.com\/wp.ufpel.edu.br\/artenosul\/files\/2025\/02\/FOTO4.jpg?resize=350%2C200&ssl=1 1x, https:\/\/i0.wp.com\/wp.ufpel.edu.br\/artenosul\/files\/2025\/02\/FOTO4.jpg?resize=525%2C300&ssl=1 1.5x, https:\/\/i0.wp.com\/wp.ufpel.edu.br\/artenosul\/files\/2025\/02\/FOTO4.jpg?resize=700%2C400&ssl=1 2x, https:\/\/i0.wp.com\/wp.ufpel.edu.br\/artenosul\/files\/2025\/02\/FOTO4.jpg?resize=1050%2C600&ssl=1 3x"},"classes":[]},{"id":11438,"url":"https:\/\/wp.ufpel.edu.br\/artenosul\/2022\/05\/16\/luzes-de-natal-elevou-autoestima-do-balneario-cassino-ao-longo-do-ano\/","url_meta":{"origin":29126,"position":4},"title":"&#8220;Luzes de Natal&#8221; elevou autoestima do Balne\u00e1rio Cassino ao longo do ano","author":"artenosul","date":"16 de maio de 2022","format":false,"excerpt":"Por Joanna Manhago Andrade\u00a0 \u00a0 \u00a0\u00a0 Ap\u00f3s o sucesso de 2021 o evento deste ano j\u00e1 est\u00e1 sendo montado \u00a0 Aconteceu durante todo o m\u00eas de dezembro de 2021, o projeto \u201cOndas de Natal\u201d no Balne\u00e1rio Cassino, em Rio Grande. A ideia da iniciativa, promovida pela Prefeitura do Rio Grande\u2026","rel":"","context":"Em &quot;COMUNIDADE&quot;","block_context":{"text":"COMUNIDADE","link":"https:\/\/wp.ufpel.edu.br\/artenosul\/category\/comunidade\/"},"img":{"alt_text":"","src":"https:\/\/i0.wp.com\/wp.ufpel.edu.br\/artenosul\/files\/2022\/05\/Luzes-de-Natal-Joanna-Manhago-3b.jpg?resize=350%2C200&ssl=1","width":350,"height":200,"srcset":"https:\/\/i0.wp.com\/wp.ufpel.edu.br\/artenosul\/files\/2022\/05\/Luzes-de-Natal-Joanna-Manhago-3b.jpg?resize=350%2C200&ssl=1 1x, https:\/\/i0.wp.com\/wp.ufpel.edu.br\/artenosul\/files\/2022\/05\/Luzes-de-Natal-Joanna-Manhago-3b.jpg?resize=525%2C300&ssl=1 1.5x, https:\/\/i0.wp.com\/wp.ufpel.edu.br\/artenosul\/files\/2022\/05\/Luzes-de-Natal-Joanna-Manhago-3b.jpg?resize=700%2C400&ssl=1 2x, https:\/\/i0.wp.com\/wp.ufpel.edu.br\/artenosul\/files\/2022\/05\/Luzes-de-Natal-Joanna-Manhago-3b.jpg?resize=1050%2C600&ssl=1 3x"},"classes":[]},{"id":10386,"url":"https:\/\/wp.ufpel.edu.br\/artenosul\/2022\/04\/15\/filme-rio-grandino-compete-no-festival-visions-du-reel\/","url_meta":{"origin":29126,"position":5},"title":"Filme rio-grandino compete no festival Visions du R\u00e9el  \u00a0","author":"artenosul","date":"15 de abril de 2022","format":false,"excerpt":"Por Thiago Lehn e Vitor Valente\u00a0 \u00a0\u00a0 O evento internacional ocorre na Su\u00ed\u00e7a entre os dias 7 e 17 de abril O filme \u201cMadrugada\u201d, com participa\u00e7\u00e3o do cineasta rio-grandino Gianluca Cozza, ter\u00e1 exibi\u00e7\u00e3o no festival Visions du R\u00e9el, entre os dias 7 e 17 de abril na cidade de Nyon,\u2026","rel":"","context":"Em &quot;CINEMA&quot;","block_context":{"text":"CINEMA","link":"https:\/\/wp.ufpel.edu.br\/artenosul\/category\/cinema\/"},"img":{"alt_text":"","src":"https:\/\/i0.wp.com\/wp.ufpel.edu.br\/artenosul\/files\/2022\/04\/maior_MADRUGADA_05.jpg?resize=350%2C200&ssl=1","width":350,"height":200,"srcset":"https:\/\/i0.wp.com\/wp.ufpel.edu.br\/artenosul\/files\/2022\/04\/maior_MADRUGADA_05.jpg?resize=350%2C200&ssl=1 1x, https:\/\/i0.wp.com\/wp.ufpel.edu.br\/artenosul\/files\/2022\/04\/maior_MADRUGADA_05.jpg?resize=525%2C300&ssl=1 1.5x, https:\/\/i0.wp.com\/wp.ufpel.edu.br\/artenosul\/files\/2022\/04\/maior_MADRUGADA_05.jpg?resize=700%2C400&ssl=1 2x"},"classes":[]}],"_links":{"self":[{"href":"https:\/\/wp.ufpel.edu.br\/artenosul\/wp-json\/wp\/v2\/posts\/29126","targetHints":{"allow":["GET"]}}],"collection":[{"href":"https:\/\/wp.ufpel.edu.br\/artenosul\/wp-json\/wp\/v2\/posts"}],"about":[{"href":"https:\/\/wp.ufpel.edu.br\/artenosul\/wp-json\/wp\/v2\/types\/post"}],"author":[{"embeddable":true,"href":"https:\/\/wp.ufpel.edu.br\/artenosul\/wp-json\/wp\/v2\/users\/571"}],"replies":[{"embeddable":true,"href":"https:\/\/wp.ufpel.edu.br\/artenosul\/wp-json\/wp\/v2\/comments?post=29126"}],"version-history":[{"count":2,"href":"https:\/\/wp.ufpel.edu.br\/artenosul\/wp-json\/wp\/v2\/posts\/29126\/revisions"}],"predecessor-version":[{"id":29131,"href":"https:\/\/wp.ufpel.edu.br\/artenosul\/wp-json\/wp\/v2\/posts\/29126\/revisions\/29131"}],"wp:featuredmedia":[{"embeddable":true,"href":"https:\/\/wp.ufpel.edu.br\/artenosul\/wp-json\/wp\/v2\/media\/29133"}],"wp:attachment":[{"href":"https:\/\/wp.ufpel.edu.br\/artenosul\/wp-json\/wp\/v2\/media?parent=29126"}],"wp:term":[{"taxonomy":"category","embeddable":true,"href":"https:\/\/wp.ufpel.edu.br\/artenosul\/wp-json\/wp\/v2\/categories?post=29126"},{"taxonomy":"post_tag","embeddable":true,"href":"https:\/\/wp.ufpel.edu.br\/artenosul\/wp-json\/wp\/v2\/tags?post=29126"}],"curies":[{"name":"wp","href":"https:\/\/api.w.org\/{rel}","templated":true}]}}