{"id":29068,"date":"2025-06-17T12:40:25","date_gmt":"2025-06-17T15:40:25","guid":{"rendered":"https:\/\/wp.ufpel.edu.br\/artenosul\/?p=29068"},"modified":"2025-06-17T12:40:25","modified_gmt":"2025-06-17T15:40:25","slug":"palestra-sobre-cemiterios-instiga-curiosidade-no-4-galeria-de-arte-e-cafe","status":"publish","type":"post","link":"https:\/\/wp.ufpel.edu.br\/artenosul\/2025\/06\/17\/palestra-sobre-cemiterios-instiga-curiosidade-no-4-galeria-de-arte-e-cafe\/","title":{"rendered":"Palestra sobre cemit\u00e9rios instiga curiosidade no 4 Galeria de Arte e Caf\u00e9  \u00a0"},"content":{"rendered":"<p style=\"text-align: center;\"><span style=\"color: #000080;\"><em><strong><span style=\"font-family: arial, helvetica, sans-serif;\">Organizado pelo Pelotas Mal-Assombrada, evento despertou interesse sobre sepulturas de Pelotas e seus ritos f\u00fanebres\u00a0 \u00a0 \u00a0\u00a0<\/span><\/strong><\/em><\/span><\/p>\n<p style=\"text-align: right;\"><span style=\"color: #000080;\"><em><strong><span style=\"font-family: arial, helvetica, sans-serif;\">\u00a0<\/span><span style=\"font-family: arial, helvetica, sans-serif;\">Por Bruna Farias\u00a0 \u00a0 \u00a0<\/span><\/strong><\/em><\/span><\/p>\n<p>&nbsp;<\/p>\n<div id=\"attachment_29070\" style=\"width: 808px\" class=\"wp-caption aligncenter\"><img loading=\"lazy\" decoding=\"async\" aria-describedby=\"caption-attachment-29070\" class=\" wp-image-29070\" src=\"https:\/\/wp.ufpel.edu.br\/artenosul\/files\/2025\/06\/FOTO-2-500x375.jpeg\" alt=\"\" width=\"808\" height=\"606\" srcset=\"https:\/\/wp.ufpel.edu.br\/artenosul\/files\/2025\/06\/FOTO-2-500x375.jpeg 500w, https:\/\/wp.ufpel.edu.br\/artenosul\/files\/2025\/06\/FOTO-2-300x225.jpeg 300w, https:\/\/wp.ufpel.edu.br\/artenosul\/files\/2025\/06\/FOTO-2-768x576.jpeg 768w, https:\/\/wp.ufpel.edu.br\/artenosul\/files\/2025\/06\/FOTO-2-1536x1152.jpeg 1536w, https:\/\/wp.ufpel.edu.br\/artenosul\/files\/2025\/06\/FOTO-2-2048x1536.jpeg 2048w, https:\/\/wp.ufpel.edu.br\/artenosul\/files\/2025\/06\/FOTO-2-855x641.jpeg 855w\" sizes=\"auto, (max-width: 808px) 100vw, 808px\" \/><p id=\"caption-attachment-29070\" class=\"wp-caption-text\"><span style=\"font-family: arial, helvetica, sans-serif;\"><strong><span style=\"color: #0000ff;\">P\u00fablico lotou espa\u00e7o\u00a0 para prestigiar a apresenta\u00e7\u00e3o de\u00a0 \u201cOs Cemit\u00e9rios de Pelotas\u201d\u00a0 \u00a0 \u00a0Foto: Renata \u00c1vila<\/span><\/strong><\/span><\/p><\/div>\n<p>&nbsp;<\/p>\n<p style=\"text-align: justify;\"><span style=\"font-family: arial, helvetica, sans-serif;\">Revelando os segredos enterrados nos cemit\u00e9rios da cidade, a palestra \u201cOs Cemit\u00e9rios de Pelotas\u201d aconteceu na sexta\u2011feira, dia 13\u202fde junho, no 4\u202fGaleria\u202fde Arte e Caf\u00e9. O evento, conduzido pelo historiador\u202fNikolas Corr\u00eaa, que coordena os passeios \u201cPelotas Mal-Assombrada\u201d, atraiu mais de 40 ouvintes interessados em desvendar os simbolismos que repousam entre as l\u00e1pides, jazigos e cemit\u00e9rios da cidade.<\/span><\/p>\n<p style=\"text-align: justify;\"><span style=\"font-family: arial, helvetica, sans-serif;\">Visando gerar mais conhecimento sobre os costumes funer\u00e1rios, a arte tumular e as pessoas que marcaram a hist\u00f3ria local, a ideia da palestra surgiu com o fato de Nikolas frequentar o Cemit\u00e9rio S\u00e3o Francisco de Paula desde crian\u00e7a, e ganhou for\u00e7a ao perceber que a sociedade tem interesse por esses espa\u00e7os: \u201cDurante os passeios do Pelotas Mal-Assombrada, percebi que as pessoas t\u00eam a curiosidade hist\u00f3rica de conhecer esses lugares, ent\u00e3o o objetivo da palestra \u00e9 contar mais sobre os cemit\u00e9rios da cidade e convidar as pessoas a visit\u00e1-los\u201d, explicou Nikolas, que trabalha com a hist\u00f3ria do munic\u00edpio h\u00e1 mais de 10 anos.<\/span><\/p>\n<p style=\"text-align: justify;\"><span style=\"font-family: arial, helvetica, sans-serif;\">Com uma hora e meia de dura\u00e7\u00e3o, a palestra se inicia com a distribui\u00e7\u00e3o de um mapa personalizado, para os ouvintes acompanharem os locais dos jazigos citados. Dividida em seis partes, a palestra leva o p\u00fablico em uma viagem sobre o contexto hist\u00f3rico global dos ritos funer\u00e1rios, at\u00e9 chegar nos costumes f\u00fanebres que eram realizados em Pelotas. A seguir, os ouvintes s\u00e3o convidados a conhecer mais sobre os dez principais cemit\u00e9rios que j\u00e1 existiram na cidade, em locais que, hoje, s\u00e3o residenciais. Depois, Nikolas apresenta as partes mais esperadas do evento: os s\u00edmbolos e esculturas que ainda podem ser encontrados no cemit\u00e9rio S\u00e3o Francisco de Paula. S\u00e3o contadas as hist\u00f3rias e mostrados os jazigos de figuras conhecidas da sociedade, como o escritor Jo\u00e3o Sim\u00f5es Lopes Neto e a Cigana Terena; al\u00e9m de algumas das mensagens e despedidas que podem ser encontradas nos t\u00famulos.<\/span><\/p>\n<p>&nbsp;<\/p>\n<p>&nbsp;<\/p>\n<div id=\"attachment_29071\" style=\"width: 881px\" class=\"wp-caption aligncenter\"><img loading=\"lazy\" decoding=\"async\" aria-describedby=\"caption-attachment-29071\" class=\" wp-image-29071\" src=\"https:\/\/wp.ufpel.edu.br\/artenosul\/files\/2025\/06\/FOTO-1-1-500x375.jpeg\" alt=\"\" width=\"881\" height=\"661\" srcset=\"https:\/\/wp.ufpel.edu.br\/artenosul\/files\/2025\/06\/FOTO-1-1-500x375.jpeg 500w, https:\/\/wp.ufpel.edu.br\/artenosul\/files\/2025\/06\/FOTO-1-1-300x225.jpeg 300w, https:\/\/wp.ufpel.edu.br\/artenosul\/files\/2025\/06\/FOTO-1-1-768x576.jpeg 768w, https:\/\/wp.ufpel.edu.br\/artenosul\/files\/2025\/06\/FOTO-1-1-1536x1152.jpeg 1536w, https:\/\/wp.ufpel.edu.br\/artenosul\/files\/2025\/06\/FOTO-1-1-2048x1536.jpeg 2048w, https:\/\/wp.ufpel.edu.br\/artenosul\/files\/2025\/06\/FOTO-1-1-855x641.jpeg 855w\" sizes=\"auto, (max-width: 881px) 100vw, 881px\" \/><p id=\"caption-attachment-29071\" class=\"wp-caption-text\"><span style=\"font-family: arial, helvetica, sans-serif;\"><strong><span style=\"color: #0000ff;\">Um dos momentos mais esperados \u00e9 quando s\u00e3o mostrados jazigos de figuras conhecidas da sociedade\u00a0 Foto: Renata \u00c1vila<\/span><\/strong><\/span><\/p><\/div>\n<p>&nbsp;<\/p>\n<p style=\"text-align: justify;\"><span style=\"font-family: arial, helvetica, sans-serif;\">Natural de Rio Grande, a psic\u00f3loga Raquel Farias Weska se interessou muito pela proposta da palestra por trabalhar diariamente com a quest\u00e3o do luto com seus pacientes. Para a ouvinte, as fotos contendo as mensagens de despedida foram a parte mais interessante da palestra. \u201cEu sou psic\u00f3loga e estava esperando chegar nessa parte, porque sempre me toca muito ver o que as pessoas que ficaram escreveram para quem foi embora. E as que foram mostradas hoje, com poesias, s\u00e3o muito lindas\u201d, relata.<\/span><\/p>\n<p style=\"text-align: justify;\"><span style=\"font-family: arial, helvetica, sans-serif;\">Para o organizador, os cemit\u00e9rios t\u00eam muito a dizer sobre quem somos enquanto sociedade, e \u00e9 essencial que a comunidade tenha a oportunidade de conhecer mais sobre esses locais para n\u00e3o esquecer da hist\u00f3ria da cidade. \u201cN\u00f3s sempre tivemos esse interesse de tentar apresentar os cemit\u00e9rios como espa\u00e7os de reflex\u00e3o, observando o lado hist\u00f3rico, art\u00edstico e cultural\u201d, explica Nikolas. Diante da receptividade do p\u00fablico, a equipe do Pelotas Mal-Assombrada j\u00e1 planeja novas datas para a palestra, al\u00e9m de estudar a realiza\u00e7\u00e3o de novos encontros com outras tem\u00e1ticas.<\/span><\/p>\n<p style=\"text-align: justify;\"><a href=\"http:\/\/wp.ufpel.edu.br\/artenosul\"><span style=\"color: #0000ff;\"><strong><span style=\"font-family: arial, helvetica, sans-serif;\">PRIMEIRA P\u00c1GINA<\/span><\/strong><\/span><\/a><\/p>\n<p style=\"text-align: justify;\"><span style=\"color: #0000ff;\"><strong><span style=\"font-family: arial, helvetica, sans-serif;\">COMENT\u00c1RIOS<\/span><\/strong><\/span><\/p>\n<p>&nbsp;<\/p>\n<div data-test='contact-form'\n\t\t\tid='contact-form-29068'\n\t\t\tclass='wp-block-jetpack-contact-form-container '\n\t\t\tdata-wp-interactive='jetpack\/form' data-wp-context='{\"formId\":\"29068\",\"formHash\":\"9c0d586adf4d9187d09c426d0b64e9d49366b6a3\",\"showErrors\":false,\"errors\":[],\"fields\":[],\"isMultiStep\":false,\"useAjax\":true,\"submissionData\":null,\"formattedSubmissionData\":[],\"submissionSuccess\":false,\"submissionError\":null,\"elementId\":\"jp-form-9c0d586adf4d9187d09c426d0b64e9d49366b6a3\",\"isSingleInputForm\":false}'\n\t\t\tdata-wp-watch--scroll-to-wrapper=\"callbacks.scrollToWrapper\"\n\t\t>\n<div class=\"contact-form-submission contact-form-ajax-submission\" data-wp-class--submission-success=\"context.submissionSuccess\"><p class=\"go-back-message\"><a class=\"link\" role=\"button\" tabindex=\"0\" data-wp-on--click=\"actions.goBack\" href=\"\/artenosul\/wp-json\/wp\/v2\/posts\/29068\">Voltar<\/a><\/p><h4 id=\"contact-form-success-header\">Sua mensagem foi enviada<\/h4>\n\n<template data-wp-each--submission=\"context.formattedSubmissionData\">\n\t\t\t\t\t<div class=\"jetpack_forms_contact-form-success-summary\">\n\t\t\t\t\t\t<div class=\"field-name\" data-wp-text=\"context.submission.label\" data-wp-bind--hidden=\"!context.submission.label\"><\/div>\n\t\t\t\t\t\t<div class=\"field-value\" data-wp-text=\"context.submission.value\"><\/div>\n\t\t\t\t\t\t<div class=\"field-images\" data-wp-bind--hidden=\"!context.submission.images\">\n\t\t\t\t\t\t\t<template data-wp-each--image=\"context.submission.images\">\n\t\t\t\t\t\t\t\t<figure class=\"field-image\" data-wp-class--is-empty=\"!context.image\">\n\t\t\t\t\t\t\t\t\t<img data-wp-bind--src=\"context.image\" data-wp-bind--hidden=\"!context.image\" \/>\n\t\t\t\t\t\t\t\t\t<img decoding=\"async\" src=\"data:image\/gif;base64,R0lGODlhAQABAAD\/ACwAAAAAAQABAAACADs=\" data-wp-bind--hidden=\"context.image\" \/>\n\t\t\t\t\t\t\t\t<\/figure>\n\t\t\t\t\t\t\t<\/template>\n\t\t\t\t\t\t<\/div>\n\t\t\t\t\t<\/div>\n\t\t\t\t<\/template><\/div><form action='https:\/\/wp.ufpel.edu.br\/artenosul\/2025\/06\/17\/palestra-sobre-cemiterios-instiga-curiosidade-no-4-galeria-de-arte-e-cafe\/'\n\t\t\t\tid='jp-form-9c0d586adf4d9187d09c426d0b64e9d49366b6a3'\n\t\t\t\tmethod='post'\n\t\t\t\tclass='contact-form commentsblock' aria-label=\"Palestra sobre cemit\u00e9rios instiga curiosidade no 4 Galeria de Arte e Caf\u00e9  \u00a0\"\n\t\t\t\tdata-wp-on--submit=\"actions.onFormSubmit\"\n\t\t\t\tdata-wp-on--reset=\"actions.onFormReset\"\n\t\t\t\tdata-wp-class--submission-success=\"context.submissionSuccess\"\n\t\t\t\tdata-wp-class--is-first-step=\"state.isFirstStep\"\n\t\t\t\tdata-wp-class--is-last-step=\"state.isLastStep\"\n\t\t\t\tdata-wp-class--is-ajax-form=\"context.useAjax\"\n\t\t\t\tnovalidate >\n<input type='hidden' name='jetpack_contact_form_jwt' value='eyJ0eXAiOiJKV1QiLCJhbGciOiJIUzI1NiJ9.eyJlbmNyeXB0ZWRfYXR0cmlidXRlcyI6IktqOGpmVWZnT0xSS0h3c0Z0M2RQUVIwZ2JRS3kvN3lCOWg1RE5McmFxejNSa0prUXY3YmQ3WC9pcDZvUW5BZUVTbE9vNDg0cGxUdXdxZHBuVTNOK2tONlphcWx1cGtUU014bWtrMVcwZWpKWjN4RFBpQVo5K2Q0TzJVQ2xtdG83YVJWaGs1U2NuN25EK1VtRjNSVXdSNXVtUUtmdWpYazVHQzQ0TUtCSkQ1WDlMNkhkbWE3TTdKcE42RDE0Y3V4bU0rbXliclRSclBROCtBVkowb1pmWVg3eU9mS0RqMFFFNUlRRWhoanFjMTQ0dU1KVWpsQW9Kd0dJQ2ljVkFWbllvWWVoeTRGejQ3L3R4STMvZEVTSllZUXRpK2E0WlkyeTdYTXp6aVk3SXM0S1I1cHZDVlVKSU9Ka1dRWGVmbVRkVFpic01POHIwQWFyVy80LzBCTlBaeTF0WGN4L0Z6UnkvaHoyZElWaENTNTJSWGNYNmYxckg4VnpCYU90Y084TFpxRWVsNlB5d2JFN2g5OFh3NWs0bC9pY3k2V01iNHo4M3RDTzc3Tmd1cW91OHk1MFhyS3pjSDZNOWhadU8wUG5icVFuQmFBcndRQWExVTRmRVdSeFZTMTFhek80V0xFT2JxcnNSS0l2eDkrVWpmOUNTcCsrU3ZWZnl5V0tnUlRDN0pFT25VbHRXeWUwOUllNDluSjc0cWV4VjYwWWxpdlZyQ2JKamtYRnpxUlZhaFJaZ0lqTFgrSHk2dVJLd0FzVVNOQUxna0J5WGV5enpPZTVud3llejVLSmpEYnZKVzIrVTNpKy9JYkovY3gvdUw2TXVXVmw4MnB0b3BOUDl6TGJtbmF3RU9nakdWbnVYcEVWVGRiMnFOY0QxTjFWcHRMTnp6K3d4KzA5NFpyUDRWMkdyRWlHVm9pUHRsVTVTbHJHWk85V01xd2V3MnQ4aTJic3JsTWZPZjdwWk5aSW55Q2JJRmFiRlVxT3ZzTHFhZ0ZYdFpYa2lWVUdYNU11ZisvcGNWRGt3ZXZxNDBnTzFHMEtzSW9DL3llS05YWFZlTVBXTENObmpST3BBWHhpQk0vT1hFNjVUVHFSZTdocjNBNnJvQnc5L2NMcnpNTWpTcTE3T3ZDWlprWGNscEdKcEhPV0lNM05KQS96MXFvOVVQc2ZlWnM0dENFZDR1YUp5VkNrRVZpdlhXVDZYUi9FMUlhRzdsVldia0FwRUl6WWk3d0dFRUdHQk1EZ3lWZWI5eXdPMDlEWFdYTnRIM2NDY1M0aEZYeDVaaGlUUUlpK3h1KzQxVDdxSlRKZHp6RT0iLCJjb250ZW50IjoiW2NvbnRhY3QtZmllbGQgbGFiZWw9XCJOb21lXCIgdHlwZT1cIm5hbWVcIl1bY29udGFjdC1maWVsZCBsYWJlbD1cIkUtbWFpbFwiIHR5cGU9XCJlbWFpbFwiXVtjb250YWN0LWZpZWxkIGxhYmVsPVwiTWVuc2FnZW1cIiB0eXBlPVwidGV4dGFyZWFcIl0iLCJoYXNoIjoiOWMwZDU4NmFkZjRkOTE4N2QwOWM0MjZkMGI2NGU5ZDQ5MzY2YjZhMyIsInNvdXJjZSI6eyJlbnRyeV90aXRsZSI6IlBhbGVzdHJhIHNvYnJlIGNlbWl0XHUwMGU5cmlvcyBpbnN0aWdhIGN1cmlvc2lkYWRlIG5vIDQgR2FsZXJpYSBkZSBBcnRlIGUgQ2FmXHUwMGU5ICBcdTAwYTAiLCJlbnRyeV9wYWdlIjoxLCJzb3VyY2VfaWQiOjI5MDY4LCJzb3VyY2VfdHlwZSI6InNpbmdsZSIsInJlcXVlc3RfdXJsIjoiaHR0cHM6Ly93cC51ZnBlbC5lZHUuYnIvYXJ0ZW5vc3VsL3dwLWpzb24vd3AvdjIvcG9zdHMvMjkwNjgifSwidmVyc2lvbiI6MiwiY2lwaGVyIjoiYWVzLTI1Ni1nY20ifQ.2E76PimctpIr7gQlL0I1lR0bJPdV9XBPfrz1-ht4HYo' \/>\n\n<div style=\"\"  data-wp-interactive=\"jetpack\/form\" data-wp-context='{\"fieldId\":\"g29068-nome\",\"fieldType\":\"name\",\"fieldLabel\":\"Nome\",\"fieldValue\":\"\",\"fieldPlaceholder\":\"\",\"fieldIsRequired\":\"\",\"fieldErrorMessage\":\"\",\"fieldExtra\":[],\"formHash\":\"9c0d586adf4d9187d09c426d0b64e9d49366b6a3\"}'  class='grunion-field-name-wrap grunion-field-wrap'  data-wp-init='callbacks.initializeField' data-wp-on--jetpack-form-reset='callbacks.initializeField' >\n<label\n\t\t\t\tfor='g29068-nome' class=\"grunion-field-label name\" >Nome<\/label>\n<input\n\t\t\t\t\ttype='text'\n\t\t\t\t\tname='g29068-nome'\n\t\t\t\t\tid='g29068-nome'\n\t\t\t\t\tvalue=''\n\n\t\t\t\t\tdata-wp-bind--aria-invalid='state.fieldHasErrors'\n\t\t\t\t\tdata-wp-bind--value='state.getFieldValue'\n\t\t\t\t\taria-errormessage='g29068-nome-text-error-message'\n\t\t\t\t\tdata-wp-on--input='actions.onFieldChange'\n\t\t\t\t\tdata-wp-on--blur='actions.onFieldBlur'\n\t\t\t\t\tdata-wp-class--has-value='state.hasFieldValue'\n\n\t\t\t\t\tclass='name  grunion-field' \n\t\t\t\t\t \/>\n \n\t\t\t<div id=\"g29068-nome-text-error\" class=\"contact-form__input-error\" data-wp-class--has-errors=\"state.fieldHasErrors\">\n\t\t\t\t<span class=\"contact-form__warning-icon\">\n\t\t\t\t\t<svg width=\"16\" height=\"16\" viewBox=\"0 0 16 16\" fill=\"none\" xmlns=\"http:\/\/www.w3.org\/2000\/svg\">\n\t\t\t\t\t\t<path d=\"M8.50015 11.6402H7.50015V10.6402H8.50015V11.6402Z\" \/>\n\t\t\t\t\t\t<path d=\"M7.50015 9.64018H8.50015V6.30684H7.50015V9.64018Z\" \/>\n\t\t\t\t\t\t<path fill-rule=\"evenodd\" clip-rule=\"evenodd\" d=\"M6.98331 3.0947C7.42933 2.30177 8.57096 2.30177 9.01698 3.09469L13.8771 11.7349C14.3145 12.5126 13.7525 13.4735 12.8602 13.4735H3.14004C2.24774 13.4735 1.68575 12.5126 2.12321 11.7349L6.98331 3.0947ZM8.14541 3.58496C8.08169 3.47168 7.9186 3.47168 7.85488 3.58496L2.99478 12.2251C2.93229 12.3362 3.01257 12.4735 3.14004 12.4735H12.8602C12.9877 12.4735 13.068 12.3362 13.0055 12.2251L8.14541 3.58496Z\" \/>\n\t\t\t\t\t<\/svg>\n\t\t\t\t\t<span class=\"visually-hidden\">Aviso<\/span>\n\t\t\t\t<\/span>\n\t\t\t\t<span data-wp-text=\"state.errorMessage\" id=\"g29068-nome-text-error-message\" role=\"alert\" aria-live=\"assertive\"><\/span>\n\t\t\t<\/div> \n\t<\/div>\n\n<div style=\"\"  data-wp-interactive=\"jetpack\/form\" data-wp-context='{\"fieldId\":\"g29068-email\",\"fieldType\":\"email\",\"fieldLabel\":\"E-mail\",\"fieldValue\":\"\",\"fieldPlaceholder\":\"\",\"fieldIsRequired\":\"\",\"fieldErrorMessage\":\"\",\"fieldExtra\":[],\"formHash\":\"9c0d586adf4d9187d09c426d0b64e9d49366b6a3\"}'  class='grunion-field-email-wrap grunion-field-wrap'  data-wp-init='callbacks.initializeField' data-wp-on--jetpack-form-reset='callbacks.initializeField' >\n<label\n\t\t\t\tfor='g29068-email' class=\"grunion-field-label email\" >E-mail<\/label>\n<input\n\t\t\t\t\ttype='email'\n\t\t\t\t\tname='g29068-email'\n\t\t\t\t\tid='g29068-email'\n\t\t\t\t\tvalue=''\n\n\t\t\t\t\tdata-wp-bind--aria-invalid='state.fieldHasErrors'\n\t\t\t\t\tdata-wp-bind--value='state.getFieldValue'\n\t\t\t\t\taria-errormessage='g29068-email-email-error-message'\n\t\t\t\t\tdata-wp-on--input='actions.onFieldChange'\n\t\t\t\t\tdata-wp-on--blur='actions.onFieldBlur'\n\t\t\t\t\tdata-wp-class--has-value='state.hasFieldValue'\n\n\t\t\t\t\tclass='email  grunion-field' \n\t\t\t\t\t \/>\n \n\t\t\t<div id=\"g29068-email-email-error\" class=\"contact-form__input-error\" data-wp-class--has-errors=\"state.fieldHasErrors\">\n\t\t\t\t<span class=\"contact-form__warning-icon\">\n\t\t\t\t\t<svg width=\"16\" height=\"16\" viewBox=\"0 0 16 16\" fill=\"none\" xmlns=\"http:\/\/www.w3.org\/2000\/svg\">\n\t\t\t\t\t\t<path d=\"M8.50015 11.6402H7.50015V10.6402H8.50015V11.6402Z\" \/>\n\t\t\t\t\t\t<path d=\"M7.50015 9.64018H8.50015V6.30684H7.50015V9.64018Z\" \/>\n\t\t\t\t\t\t<path fill-rule=\"evenodd\" clip-rule=\"evenodd\" d=\"M6.98331 3.0947C7.42933 2.30177 8.57096 2.30177 9.01698 3.09469L13.8771 11.7349C14.3145 12.5126 13.7525 13.4735 12.8602 13.4735H3.14004C2.24774 13.4735 1.68575 12.5126 2.12321 11.7349L6.98331 3.0947ZM8.14541 3.58496C8.08169 3.47168 7.9186 3.47168 7.85488 3.58496L2.99478 12.2251C2.93229 12.3362 3.01257 12.4735 3.14004 12.4735H12.8602C12.9877 12.4735 13.068 12.3362 13.0055 12.2251L8.14541 3.58496Z\" \/>\n\t\t\t\t\t<\/svg>\n\t\t\t\t\t<span class=\"visually-hidden\">Aviso<\/span>\n\t\t\t\t<\/span>\n\t\t\t\t<span data-wp-text=\"state.errorMessage\" id=\"g29068-email-email-error-message\" role=\"alert\" aria-live=\"assertive\"><\/span>\n\t\t\t<\/div> \n\t<\/div>\n\n<div style=\"\"  data-wp-interactive=\"jetpack\/form\" data-wp-context='{\"fieldId\":\"g29068-mensagem\",\"fieldType\":\"textarea\",\"fieldLabel\":\"Mensagem\",\"fieldValue\":\"\",\"fieldPlaceholder\":\"\",\"fieldIsRequired\":\"\",\"fieldErrorMessage\":\"\",\"fieldExtra\":[],\"formHash\":\"9c0d586adf4d9187d09c426d0b64e9d49366b6a3\"}'  class='grunion-field-textarea-wrap grunion-field-wrap'  data-wp-init='callbacks.initializeField' data-wp-on--jetpack-form-reset='callbacks.initializeField' >\n<label\n\t\t\t\tfor='contact-form-comment-g29068-mensagem' class=\"grunion-field-label textarea\" >Mensagem<\/label>\n<textarea\n\t\t                style=''\n\t\t                name='g29068-mensagem'\n\t\t                id='contact-form-comment-g29068-mensagem'\n\t\t                rows='20'\n\t\t\t\t\t\tdata-wp-text='state.getFieldValue'\n\t\t\t\t\t\tdata-wp-on--input='actions.onFieldChange'\n\t\t\t\t\t\tdata-wp-on--blur='actions.onFieldBlur'\n\t\t\t\t\t\tdata-wp-class--has-value='state.hasFieldValue'\n\t\t\t\t\t\tdata-wp-bind--aria-invalid='state.fieldHasErrors'\n\t\t\t\t\t\taria-errormessage='g29068-mensagem-textarea-error-message'\n\t\t\t\t\t\tclass='textarea  grunion-field'  ><\/textarea>\n \n\t\t\t<div id=\"g29068-mensagem-textarea-error\" class=\"contact-form__input-error\" data-wp-class--has-errors=\"state.fieldHasErrors\">\n\t\t\t\t<span class=\"contact-form__warning-icon\">\n\t\t\t\t\t<svg width=\"16\" height=\"16\" viewBox=\"0 0 16 16\" fill=\"none\" xmlns=\"http:\/\/www.w3.org\/2000\/svg\">\n\t\t\t\t\t\t<path d=\"M8.50015 11.6402H7.50015V10.6402H8.50015V11.6402Z\" \/>\n\t\t\t\t\t\t<path d=\"M7.50015 9.64018H8.50015V6.30684H7.50015V9.64018Z\" \/>\n\t\t\t\t\t\t<path fill-rule=\"evenodd\" clip-rule=\"evenodd\" d=\"M6.98331 3.0947C7.42933 2.30177 8.57096 2.30177 9.01698 3.09469L13.8771 11.7349C14.3145 12.5126 13.7525 13.4735 12.8602 13.4735H3.14004C2.24774 13.4735 1.68575 12.5126 2.12321 11.7349L6.98331 3.0947ZM8.14541 3.58496C8.08169 3.47168 7.9186 3.47168 7.85488 3.58496L2.99478 12.2251C2.93229 12.3362 3.01257 12.4735 3.14004 12.4735H12.8602C12.9877 12.4735 13.068 12.3362 13.0055 12.2251L8.14541 3.58496Z\" \/>\n\t\t\t\t\t<\/svg>\n\t\t\t\t\t<span class=\"visually-hidden\">Aviso<\/span>\n\t\t\t\t<\/span>\n\t\t\t\t<span data-wp-text=\"state.errorMessage\" id=\"g29068-mensagem-textarea-error-message\" role=\"alert\" aria-live=\"assertive\"><\/span>\n\t\t\t<\/div>\n\t<\/div>\n\t<p class='contact-submit'>\n<div class=\"contact-form__error\" data-wp-class--show-errors=\"state.showFormErrors\"><span class=\"contact-form__warning-icon\"><span class=\"visually-hidden\">Aten\u00e7\u00e3o.<\/span><i aria-hidden=\"true\"><\/i><\/span>\n\t\t\t\t<span data-wp-text=\"state.getFormErrorMessage\"><\/span>\n\t\t\t\t<ul>\n\t\t\t\t<template data-wp-each=\"state.getErrorList\" data-wp-key=\"context.item.id\">\n\t\t\t\t\t<li><a data-wp-bind--href=\"context.item.anchor\" data-wp-on--click=\"actions.scrollIntoView\" data-wp-text=\"context.item.label\"><\/a><\/li>\n\t\t\t\t<\/template>\n\t\t\t\t<\/ul><\/div><div class=\"contact-form__error\" data-wp-class--show-errors=\"state.showSubmissionError\" data-wp-text=\"context.submissionError\"><\/div>\t\t<button type='submit' class='pushbutton-wide'>Enviar<\/button>\t\t<input type='hidden' name='contact-form-id' value='29068' \/>\n\t\t<input type='hidden' name='action' value='grunion-contact-form' \/>\n\t\t<input type='hidden' name='contact-form-hash' value='9c0d586adf4d9187d09c426d0b64e9d49366b6a3' \/>\n\t<\/p>\n<p style=\"display: none !important;\" class=\"akismet-fields-container\" data-prefix=\"ak_\"><label>&#916;<textarea name=\"ak_hp_textarea\" cols=\"45\" rows=\"8\" maxlength=\"100\"><\/textarea><\/label><input type=\"hidden\" id=\"ak_js_1\" name=\"ak_js\" value=\"179\"\/><script>document.getElementById( \"ak_js_1\" ).setAttribute( \"value\", ( new Date() ).getTime() );<\/script><\/p><\/form>\n<\/div>\n","protected":false},"excerpt":{"rendered":"<p>Organizado pelo Pelotas Mal-Assombrada, evento despertou interesse sobre sepulturas de Pelotas e seus ritos f\u00fanebres\u00a0 \u00a0 \u00a0\u00a0 \u00a0Por Bruna Farias\u00a0 \u00a0 \u00a0 &nbsp; &nbsp; Revelando os segredos enterrados nos cemit\u00e9rios da cidade, a palestra \u201cOs Cemit\u00e9rios de Pelotas\u201d aconteceu na sexta\u2011feira, dia 13\u202fde junho, no 4\u202fGaleria\u202fde Arte e Caf\u00e9. O evento, conduzido pelo historiador\u202fNikolas Corr\u00eaa, &hellip; <\/p>\n<p><a class=\"more-link btn\" href=\"https:\/\/wp.ufpel.edu.br\/artenosul\/2025\/06\/17\/palestra-sobre-cemiterios-instiga-curiosidade-no-4-galeria-de-arte-e-cafe\/\">Continue lendo<\/a><\/p>\n","protected":false},"author":571,"featured_media":29071,"comment_status":"closed","ping_status":"closed","sticky":false,"template":"","format":"standard","meta":{"jetpack_post_was_ever_published":false,"_jetpack_newsletter_access":"","_jetpack_dont_email_post_to_subs":false,"_jetpack_newsletter_tier_id":0,"_jetpack_memberships_contains_paywalled_content":false,"_jetpack_memberships_contains_paid_content":false,"footnotes":"","jetpack_publicize_message":"","jetpack_publicize_feature_enabled":true,"jetpack_social_post_already_shared":true,"jetpack_social_options":{"image_generator_settings":{"template":"highway","default_image_id":0,"font":"","enabled":false},"version":2}},"categories":[88,2706,83,1],"tags":[2185,2380,2183,146,2268,2673,2704,2266,2184,2703,2705],"class_list":["post-29068","post","type-post","status-publish","format-standard","has-post-thumbnail","hentry","category-comunidade","category-historia","category-literatura","category-noticias","tag-4-galeria-cafe","tag-4-galeria-de-arte-e-cafe","tag-bruna-farias","tag-historia","tag-nikolas-correa","tag-os-cemiterios-de-pelotas","tag-palestra","tag-pelotas-mal-assombrada","tag-renata-avila","tag-renata","tag-sexta-feira-13","nodate","item-wrap"],"jetpack_publicize_connections":[],"jetpack_featured_media_url":"https:\/\/wp.ufpel.edu.br\/artenosul\/files\/2025\/06\/FOTO-1-1-scaled.jpeg","jetpack_sharing_enabled":true,"jetpack_likes_enabled":true,"jetpack_shortlink":"https:\/\/wp.me\/p6PuxQ-7yQ","jetpack-related-posts":[{"id":28991,"url":"https:\/\/wp.ufpel.edu.br\/artenosul\/2025\/06\/03\/pelotas-mal-assombrada-apresenta-palestra-sobre-cemiterios-na-sexta-feira-13\/","url_meta":{"origin":29068,"position":0},"title":"&#8220;Pelotas Mal-assombrada&#8221; apresenta palestra sobre cemit\u00e9rios na sexta-feira 13","author":"artenosul","date":"3 de junho de 2025","format":false,"excerpt":"Encontro no 4 Galeria de Arte e Caf\u00e9 levar\u00e1 p\u00fablico para uma viagem no tempo, explorando as sepulturas antigas e seus ritos f\u00fanebres\u00a0 \u00a0 \u00a0 Por Bruna Farias\u00a0 \u00a0 \u00a0 \u00a0 \u00a0 \u00a0 Explorando ainda mais os mist\u00e9rios da cidade, a palestra \u201cOs Cemit\u00e9rios de Pelotas\u201d, apresentada por Nikolas Corr\u00eaa,\u2026","rel":"","context":"Em &quot;COMUNIDADE&quot;","block_context":{"text":"COMUNIDADE","link":"https:\/\/wp.ufpel.edu.br\/artenosul\/category\/comunidade\/"},"img":{"alt_text":"","src":"https:\/\/i0.wp.com\/wp.ufpel.edu.br\/artenosul\/files\/2025\/06\/foto-1-divulgacao3.png?resize=350%2C200&ssl=1","width":350,"height":200,"srcset":"https:\/\/i0.wp.com\/wp.ufpel.edu.br\/artenosul\/files\/2025\/06\/foto-1-divulgacao3.png?resize=350%2C200&ssl=1 1x, https:\/\/i0.wp.com\/wp.ufpel.edu.br\/artenosul\/files\/2025\/06\/foto-1-divulgacao3.png?resize=525%2C300&ssl=1 1.5x"},"classes":[]},{"id":27517,"url":"https:\/\/wp.ufpel.edu.br\/artenosul\/2024\/12\/04\/exposicao-reflete-sobre-a-historia-e-passado-de-pelotas\/","url_meta":{"origin":29068,"position":1},"title":"Exposi\u00e7\u00e3o reflete sobre os tempos passados em Pelotas","author":"artenosul","date":"4 de dezembro de 2024","format":false,"excerpt":"\u00daltima exposi\u00e7\u00e3o do ano do 4 Galeria de Arte e Caf\u00e9 convida a popula\u00e7\u00e3o a explorar a identidade da cidade por meio de fatos hist\u00f3ricos e lendas\u00a0 \u00a0 \u00a0 \u00a0 Por Bruna Farias\u00a0 \u00a0 \u00a0 \u00a0\u00a0 Trazendo uma imers\u00e3o hist\u00f3rica, a mostra \u201cMem\u00f3rias Reveladas: Lendas e Verdades Pelotenses\u201d, do 4\u2026","rel":"","context":"Em &quot;ARTES VISUAIS&quot;","block_context":{"text":"ARTES VISUAIS","link":"https:\/\/wp.ufpel.edu.br\/artenosul\/category\/artes-visuais\/"},"img":{"alt_text":"","src":"https:\/\/i0.wp.com\/wp.ufpel.edu.br\/artenosul\/files\/2024\/12\/Foto-1-CAPA-scaled.jpeg?resize=350%2C200&ssl=1","width":350,"height":200,"srcset":"https:\/\/i0.wp.com\/wp.ufpel.edu.br\/artenosul\/files\/2024\/12\/Foto-1-CAPA-scaled.jpeg?resize=350%2C200&ssl=1 1x, https:\/\/i0.wp.com\/wp.ufpel.edu.br\/artenosul\/files\/2024\/12\/Foto-1-CAPA-scaled.jpeg?resize=525%2C300&ssl=1 1.5x, https:\/\/i0.wp.com\/wp.ufpel.edu.br\/artenosul\/files\/2024\/12\/Foto-1-CAPA-scaled.jpeg?resize=700%2C400&ssl=1 2x, https:\/\/i0.wp.com\/wp.ufpel.edu.br\/artenosul\/files\/2024\/12\/Foto-1-CAPA-scaled.jpeg?resize=1050%2C600&ssl=1 3x, https:\/\/i0.wp.com\/wp.ufpel.edu.br\/artenosul\/files\/2024\/12\/Foto-1-CAPA-scaled.jpeg?resize=1400%2C800&ssl=1 4x"},"classes":[]},{"id":26878,"url":"https:\/\/wp.ufpel.edu.br\/artenosul\/2024\/07\/24\/espetaculo-irmas-abutre-invade-o-4-galeria-cafe-nesta-sexta-feira\/","url_meta":{"origin":29068,"position":2},"title":"Espet\u00e1culo &#8220;Irm\u00e3s Abutre&#8221; invade o 4 Galeria Caf\u00e9 nesta sexta-feira","author":"artenosul","date":"24 de julho de 2024","format":false,"excerpt":"Inspirada no esquete \u201cO finado Ivo Joaquim\u201d de Ism\u00e1iler Borges, a pe\u00e7a da Voc\u00ea Sabe Quem Companhia de Teatro retorna para nova apresenta\u00e7\u00e3o Por Bruna Farias e Renata \u00c1vila\u00a0 \u00a0 \u00a0\u00a0 \u00a0 \u00a0 Com muita confus\u00e3o e insanidade, a pe\u00e7a \u2018Irm\u00e3s Abutre\u2019, produzida pela Voc\u00ea Sabe Quem Companhia de Teatro\u2026","rel":"","context":"Em &quot;TEATRO&quot;","block_context":{"text":"TEATRO","link":"https:\/\/wp.ufpel.edu.br\/artenosul\/category\/teatro\/"},"img":{"alt_text":"","src":"https:\/\/i0.wp.com\/wp.ufpel.edu.br\/artenosul\/files\/2024\/07\/foto-1-destaque.jpg?resize=350%2C200&ssl=1","width":350,"height":200,"srcset":"https:\/\/i0.wp.com\/wp.ufpel.edu.br\/artenosul\/files\/2024\/07\/foto-1-destaque.jpg?resize=350%2C200&ssl=1 1x, https:\/\/i0.wp.com\/wp.ufpel.edu.br\/artenosul\/files\/2024\/07\/foto-1-destaque.jpg?resize=525%2C300&ssl=1 1.5x, https:\/\/i0.wp.com\/wp.ufpel.edu.br\/artenosul\/files\/2024\/07\/foto-1-destaque.jpg?resize=700%2C400&ssl=1 2x"},"classes":[]},{"id":26934,"url":"https:\/\/wp.ufpel.edu.br\/artenosul\/2024\/08\/03\/peca-teatral-irmas-abutre-diverte-publico-no-4-galeria-cafe\/","url_meta":{"origin":29068,"position":3},"title":"Pe\u00e7a teatral &#8216;Irm\u00e3s Abutre&#8217; diverte p\u00fablico no 4 Galeria Caf\u00e9","author":"artenosul","date":"3 de agosto de 2024","format":false,"excerpt":"Produzida pela Voc\u00ea Sabe Quem Companhia de Teatro (VSQ Cia), com apoio da Bibliotheca P\u00fablica Pelotense e da Associa\u00e7\u00e3o AmaSete, o espet\u00e1culo arrancou gargalhadas da plateia\u00a0 \u00a0 \u00a0 \u00a0 \u00a0 Por Bruna Farias e Renata \u00c1vila\u00a0 \u00a0 \u00a0 \u00a0 \u00a0 \u00a0 Considerado o vel\u00f3rio com mais gritaria e desentendimentos na\u2026","rel":"","context":"Em &quot;NOT\u00cdCIAS&quot;","block_context":{"text":"NOT\u00cdCIAS","link":"https:\/\/wp.ufpel.edu.br\/artenosul\/category\/noticias\/"},"img":{"alt_text":"","src":"https:\/\/i0.wp.com\/wp.ufpel.edu.br\/artenosul\/files\/2024\/08\/foto-2-textob.jpg?resize=350%2C200&ssl=1","width":350,"height":200,"srcset":"https:\/\/i0.wp.com\/wp.ufpel.edu.br\/artenosul\/files\/2024\/08\/foto-2-textob.jpg?resize=350%2C200&ssl=1 1x, https:\/\/i0.wp.com\/wp.ufpel.edu.br\/artenosul\/files\/2024\/08\/foto-2-textob.jpg?resize=525%2C300&ssl=1 1.5x, https:\/\/i0.wp.com\/wp.ufpel.edu.br\/artenosul\/files\/2024\/08\/foto-2-textob.jpg?resize=700%2C400&ssl=1 2x"},"classes":[]},{"id":27149,"url":"https:\/\/wp.ufpel.edu.br\/artenosul\/2024\/09\/24\/pelotas-mal-assombrada-um-passeio-pelo-desconhecido\/","url_meta":{"origin":29068,"position":4},"title":"\u201cPelotas Mal Assombrada\u201d: um passeio pelo desconhecido","author":"artenosul","date":"24 de setembro de 2024","format":false,"excerpt":"Uma jornada pela hist\u00f3ria sombria e n\u00e3o contada da cidade revela secretos ocultos\u00a0 \u00a0 \u00a0 \u00a0 \u00a0 Por Emily Alves e Lidiane Lopes\u00a0 \u00a0 O tour \u201cPelotas Mal Assombrada\u201d est\u00e1 trazendo \u00e0 tona uma perspectiva desconhecida da cidade, explorando uma vis\u00e3o g\u00f3tica e questionadora. Em atividade h\u00e1 um ano, o\u2026","rel":"","context":"Em &quot;COMUNIDADE&quot;","block_context":{"text":"COMUNIDADE","link":"https:\/\/wp.ufpel.edu.br\/artenosul\/category\/comunidade\/"},"img":{"alt_text":"","src":"https:\/\/i0.wp.com\/wp.ufpel.edu.br\/artenosul\/files\/2024\/09\/2024-09-24b.png?resize=350%2C200&ssl=1","width":350,"height":200},"classes":[]},{"id":30453,"url":"https:\/\/wp.ufpel.edu.br\/artenosul\/2026\/02\/19\/redes-sociais-dao-lugar-ao-culto-da-memoria\/","url_meta":{"origin":29068,"position":5},"title":"Redes sociais d\u00e3o lugar ao culto da mem\u00f3ria","author":"artenosul","date":"19 de fevereiro de 2026","format":false,"excerpt":"Grupos Antiga Pelotas, Pelotas Antiga e Olhares Sobre Pelotas se re\u00fanem no Facebook, Instagram e Youtube, interessados em compartilhar imagens do passado da cidade\u00a0\u00a0\u00a0\u00a0 Por Pedro Ezequiel de Almeida\u00a0\u00a0\u00a0 \u00a0 \u00a0 Em um cen\u00e1rio conturbado de anos, o resgate hist\u00f3rico na cidade de Pelotas segue marcado por dificuldades ainda n\u00e3o\u2026","rel":"","context":"Em &quot;COMUNIDADE&quot;","block_context":{"text":"COMUNIDADE","link":"https:\/\/wp.ufpel.edu.br\/artenosul\/category\/comunidade\/"},"img":{"alt_text":"","src":"https:\/\/i0.wp.com\/wp.ufpel.edu.br\/artenosul\/files\/2026\/02\/634720156_1962137478016519_4192627739583079287_n.jpg?resize=350%2C200&ssl=1","width":350,"height":200,"srcset":"https:\/\/i0.wp.com\/wp.ufpel.edu.br\/artenosul\/files\/2026\/02\/634720156_1962137478016519_4192627739583079287_n.jpg?resize=350%2C200&ssl=1 1x, https:\/\/i0.wp.com\/wp.ufpel.edu.br\/artenosul\/files\/2026\/02\/634720156_1962137478016519_4192627739583079287_n.jpg?resize=525%2C300&ssl=1 1.5x"},"classes":[]}],"_links":{"self":[{"href":"https:\/\/wp.ufpel.edu.br\/artenosul\/wp-json\/wp\/v2\/posts\/29068","targetHints":{"allow":["GET"]}}],"collection":[{"href":"https:\/\/wp.ufpel.edu.br\/artenosul\/wp-json\/wp\/v2\/posts"}],"about":[{"href":"https:\/\/wp.ufpel.edu.br\/artenosul\/wp-json\/wp\/v2\/types\/post"}],"author":[{"embeddable":true,"href":"https:\/\/wp.ufpel.edu.br\/artenosul\/wp-json\/wp\/v2\/users\/571"}],"replies":[{"embeddable":true,"href":"https:\/\/wp.ufpel.edu.br\/artenosul\/wp-json\/wp\/v2\/comments?post=29068"}],"version-history":[{"count":2,"href":"https:\/\/wp.ufpel.edu.br\/artenosul\/wp-json\/wp\/v2\/posts\/29068\/revisions"}],"predecessor-version":[{"id":29073,"href":"https:\/\/wp.ufpel.edu.br\/artenosul\/wp-json\/wp\/v2\/posts\/29068\/revisions\/29073"}],"wp:featuredmedia":[{"embeddable":true,"href":"https:\/\/wp.ufpel.edu.br\/artenosul\/wp-json\/wp\/v2\/media\/29071"}],"wp:attachment":[{"href":"https:\/\/wp.ufpel.edu.br\/artenosul\/wp-json\/wp\/v2\/media?parent=29068"}],"wp:term":[{"taxonomy":"category","embeddable":true,"href":"https:\/\/wp.ufpel.edu.br\/artenosul\/wp-json\/wp\/v2\/categories?post=29068"},{"taxonomy":"post_tag","embeddable":true,"href":"https:\/\/wp.ufpel.edu.br\/artenosul\/wp-json\/wp\/v2\/tags?post=29068"}],"curies":[{"name":"wp","href":"https:\/\/api.w.org\/{rel}","templated":true}]}}