{"id":28959,"date":"2025-05-30T19:07:51","date_gmt":"2025-05-30T22:07:51","guid":{"rendered":"https:\/\/wp.ufpel.edu.br\/artenosul\/?p=28959"},"modified":"2025-05-30T19:23:06","modified_gmt":"2025-05-30T22:23:06","slug":"arte-transforma-educacao-em-expressividade","status":"publish","type":"post","link":"https:\/\/wp.ufpel.edu.br\/artenosul\/2025\/05\/30\/arte-transforma-educacao-em-expressividade\/","title":{"rendered":"Arte transforma educa\u00e7\u00e3o em expressividade"},"content":{"rendered":"<p style=\"text-align: center;\"><span style=\"color: #000080;\"><em><strong><span style=\"font-family: arial, helvetica, sans-serif;\">Projeto escolar transforma cria\u00e7\u00f5es de alunos em publica\u00e7\u00e3o liter\u00e1ria e conquista espa\u00e7o na Feira do Livro de Pelotas\u00a0\u00a0 <\/span><\/strong><\/em><\/span><\/p>\n<p style=\"text-align: right;\"><span style=\"color: #000080;\"><em><strong><span style=\"font-family: arial, helvetica, sans-serif;\">Por Jo\u00e3o Pedro Goulart\u00a0\u00a0\u00a0<\/span><\/strong><\/em><\/span><\/p>\n<p>&nbsp;<\/p>\n<div id=\"attachment_28961\" style=\"width: 512px\" class=\"wp-caption aligncenter\"><img loading=\"lazy\" decoding=\"async\" aria-describedby=\"caption-attachment-28961\" class=\" wp-image-28961\" src=\"https:\/\/wp.ufpel.edu.br\/artenosul\/files\/2025\/05\/Capa-do-caderno-312x500.jpeg\" alt=\"\" width=\"512\" height=\"820\" srcset=\"https:\/\/wp.ufpel.edu.br\/artenosul\/files\/2025\/05\/Capa-do-caderno-312x500.jpeg 312w, https:\/\/wp.ufpel.edu.br\/artenosul\/files\/2025\/05\/Capa-do-caderno-187x300.jpeg 187w, https:\/\/wp.ufpel.edu.br\/artenosul\/files\/2025\/05\/Capa-do-caderno.jpeg 341w\" sizes=\"auto, (max-width: 512px) 100vw, 512px\" \/><p id=\"caption-attachment-28961\" class=\"wp-caption-text\"><strong style=\"font-family: arial, helvetica, sans-serif;\"><span style=\"color: #0000ff;\">Primeira edi\u00e7\u00e3o teve participa\u00e7\u00e3o de somente uma escola\u00a0 \u00a0Fotos: Divulga\u00e7\u00e3o<\/span><\/strong><\/p><\/div>\n<p>&nbsp;<\/p>\n<p style=\"text-align: justify;\"><span style=\"font-family: arial, helvetica, sans-serif;\">No cen\u00e1rio plural da cultura sul-rio-grandense, uma iniciativa valoriza a express\u00e3o art\u00edstica dos estudantes e ganha destaque. O \u201cCaderno Liter\u00e1rio Escrito a Giz\u2026\u201d \u00e9 um modelo inspirador de uni\u00e3o entre a arte e a educa\u00e7\u00e3o. Trata-se de um projeto que tem origem no ambiente escolar e se expandiu para a Feira do Livro de Pelotas. Desenvolvido por professores apaixonados por explorar a criatividade dos alunos, o projeto transforma desenhos, fotografias e textos liter\u00e1rios em uma publica\u00e7\u00e3o vibrante e cheia de inventividade.<\/span><\/p>\n<p>&nbsp;<\/p>\n<p>&nbsp;<\/p>\n<div id=\"attachment_28978\" style=\"width: 694px\" class=\"wp-caption aligncenter\"><img loading=\"lazy\" decoding=\"async\" aria-describedby=\"caption-attachment-28978\" class=\" wp-image-28978\" src=\"https:\/\/wp.ufpel.edu.br\/artenosul\/files\/2025\/05\/WhatsApp-Image-2025-02-26-at-20.46.36-375x500.jpeg\" alt=\"\" width=\"694\" height=\"926\" srcset=\"https:\/\/wp.ufpel.edu.br\/artenosul\/files\/2025\/05\/WhatsApp-Image-2025-02-26-at-20.46.36-375x500.jpeg 375w, https:\/\/wp.ufpel.edu.br\/artenosul\/files\/2025\/05\/WhatsApp-Image-2025-02-26-at-20.46.36-225x300.jpeg 225w, https:\/\/wp.ufpel.edu.br\/artenosul\/files\/2025\/05\/WhatsApp-Image-2025-02-26-at-20.46.36-768x1024.jpeg 768w, https:\/\/wp.ufpel.edu.br\/artenosul\/files\/2025\/05\/WhatsApp-Image-2025-02-26-at-20.46.36-855x1140.jpeg 855w, https:\/\/wp.ufpel.edu.br\/artenosul\/files\/2025\/05\/WhatsApp-Image-2025-02-26-at-20.46.36.jpeg 960w\" sizes=\"auto, (max-width: 694px) 100vw, 694px\" \/><p id=\"caption-attachment-28978\" class=\"wp-caption-text\"><span style=\"font-family: arial, helvetica, sans-serif;\"><strong><span style=\"color: #0000ff;\">Professores Marta Bottini\u00a0 e Ronaldo Campello tiveram ideia ao constatarem criatividade dos<\/span> <span style=\"color: #0000ff;\">alunos<\/span><\/strong><\/span><\/p><\/div>\n<p>&nbsp;<\/p>\n<p style=\"text-align: justify;\"><span style=\"font-family: arial, helvetica, sans-serif;\">Idealizado pelos professores Marta Bottini e Ronaldo Campello, o projeto surgiu da observa\u00e7\u00e3o do talento espont\u00e2neo e expressivo dos alunos. Enquanto Marta, professora de artes, sempre trabalhou o universo da criatividade em sala de aula, Ronaldo, que leciona na \u00e1rea das exatas, percebeu a criatividade dos estudantes se manifestando nos rabiscos feitos entre as atividades matem\u00e1ticas. A jun\u00e7\u00e3o de olhares impulsionou a cria\u00e7\u00e3o do &#8220;Caderno&#8221;, um espa\u00e7o para dar visibilidade a essas produ\u00e7\u00f5es.<\/span><\/p>\n<p style=\"text-align: justify;\"><span style=\"font-family: arial, helvetica, sans-serif;\">\u201cSempre notei que, ap\u00f3s realizarem as atividades, muitos alunos faziam desenhos como forma de express\u00e3o, revelando seus sentimentos\u201d, descreve Ronaldo, sobre a primeira percep\u00e7\u00e3o do potencial art\u00edstico dos alunos. Com duas edi\u00e7\u00f5es j\u00e1 publicadas, o trabalho tem um repert\u00f3rio variado; conta com desenhos, poesias, contos, fotografias, entre outros. O projeto \u00e9 aberto a alunos, professores, funcion\u00e1rios e \u00e0 comunidade escolar.<\/span><\/p>\n<p>&nbsp;<\/p>\n<div id=\"attachment_28968\" style=\"width: 652px\" class=\"wp-caption aligncenter\"><img loading=\"lazy\" decoding=\"async\" aria-describedby=\"caption-attachment-28968\" class=\" wp-image-28968\" src=\"https:\/\/wp.ufpel.edu.br\/artenosul\/files\/2025\/05\/WhatsApp-Image-2025-02-27-at-19.56.26-500x459.jpeg\" alt=\"\" width=\"652\" height=\"599\" srcset=\"https:\/\/wp.ufpel.edu.br\/artenosul\/files\/2025\/05\/WhatsApp-Image-2025-02-27-at-19.56.26-500x459.jpeg 500w, https:\/\/wp.ufpel.edu.br\/artenosul\/files\/2025\/05\/WhatsApp-Image-2025-02-27-at-19.56.26-300x275.jpeg 300w, https:\/\/wp.ufpel.edu.br\/artenosul\/files\/2025\/05\/WhatsApp-Image-2025-02-27-at-19.56.26.jpeg 717w\" sizes=\"auto, (max-width: 652px) 100vw, 652px\" \/><p id=\"caption-attachment-28968\" class=\"wp-caption-text\"><span style=\"font-family: arial, helvetica, sans-serif;\"><strong><span style=\"color: #0000ff;\">Estudantes fazem releituras de obras consagradas da hist\u00f3ria da arte<\/span><\/strong><\/span><\/p><\/div>\n<p>&nbsp;<\/p>\n<p style=\"text-align: justify;\"><span style=\"font-family: arial, helvetica, sans-serif; color: #0000ff;\"><strong>Criatividade, inspira\u00e7\u00e3o e protagonismo<\/strong><\/span><\/p>\n<p style=\"text-align: justify;\"><span style=\"font-family: arial, helvetica, sans-serif;\">A arte \u00e9 fundamental no desenvolvimento dos alunos, pontua Marta. Para ela, os desenhos proporcionam experi\u00eancias para al\u00e9m da sala de aula, e convida os estudantes ao cuidado de si, \u00e0 constru\u00e7\u00e3o de novas possibilidades e ao despertar dos sentidos para enxergar o mundo de maneira mais sens\u00edvel. \u201cN\u00e3o se limita ao que est\u00e1 estabelecido como certo ou errado; pelo contr\u00e1rio, permite a liberdade de express\u00e3o, d\u00e1 voz \u00e0 individualidade e incentiva a cria\u00e7\u00e3o sem amarras\u201d, observa.<\/span><\/p>\n<p>&nbsp;<\/p>\n<div id=\"attachment_28975\" style=\"width: 655px\" class=\"wp-caption aligncenter\"><img loading=\"lazy\" decoding=\"async\" aria-describedby=\"caption-attachment-28975\" class=\" wp-image-28975\" src=\"https:\/\/wp.ufpel.edu.br\/artenosul\/files\/2025\/05\/WhatsApp-Image-2025-02-27-at-20.04.51-500x375.jpeg\" alt=\"\" width=\"655\" height=\"491\" srcset=\"https:\/\/wp.ufpel.edu.br\/artenosul\/files\/2025\/05\/WhatsApp-Image-2025-02-27-at-20.04.51-500x375.jpeg 500w, https:\/\/wp.ufpel.edu.br\/artenosul\/files\/2025\/05\/WhatsApp-Image-2025-02-27-at-20.04.51-300x225.jpeg 300w, https:\/\/wp.ufpel.edu.br\/artenosul\/files\/2025\/05\/WhatsApp-Image-2025-02-27-at-20.04.51-768x576.jpeg 768w, https:\/\/wp.ufpel.edu.br\/artenosul\/files\/2025\/05\/WhatsApp-Image-2025-02-27-at-20.04.51-1536x1152.jpeg 1536w, https:\/\/wp.ufpel.edu.br\/artenosul\/files\/2025\/05\/WhatsApp-Image-2025-02-27-at-20.04.51-855x641.jpeg 855w, https:\/\/wp.ufpel.edu.br\/artenosul\/files\/2025\/05\/WhatsApp-Image-2025-02-27-at-20.04.51.jpeg 1600w\" sizes=\"auto, (max-width: 655px) 100vw, 655px\" \/><p id=\"caption-attachment-28975\" class=\"wp-caption-text\"><span style=\"font-family: arial, helvetica, sans-serif;\"><strong><span style=\"color: #0000ff;\">Participa\u00e7\u00e3o na Feira do Livro de Pelotas foi um momento de encontro com a comunidade<\/span><\/strong><\/span><\/p><\/div>\n<p>&nbsp;<\/p>\n<p style=\"text-align: justify;\"><span style=\"font-family: arial, helvetica, sans-serif; color: #0000ff;\"><strong>Arte para superar desafios<\/strong><\/span><\/p>\n<p style=\"text-align: justify;\"><span style=\"font-family: arial, helvetica, sans-serif;\">A constru\u00e7\u00e3o do \u201cCaderno Liter\u00e1rio\u201d acontece em v\u00e1rias etapas, e cada uma delas apresenta desafios espec\u00edficos, que come\u00e7am j\u00e1 no in\u00edcio do ano letivo. O primeiro obst\u00e1culo \u00e9 ministrar os conte\u00fados te\u00f3ricos que embasam as produ\u00e7\u00f5es dos alunos, como releitura, sombra e luz, ponto e linha, al\u00e9m de no\u00e7\u00f5es b\u00e1sicas de fotografia. Depois, acontece a fase pr\u00e1tica, quando os alunos aplicam esses conhecimentos.<\/span><\/p>\n<p>&nbsp;<\/p>\n<div id=\"attachment_28973\" style=\"width: 565px\" class=\"wp-caption aligncenter\"><img loading=\"lazy\" decoding=\"async\" aria-describedby=\"caption-attachment-28973\" class=\" wp-image-28973\" src=\"https:\/\/wp.ufpel.edu.br\/artenosul\/files\/2025\/05\/WhatsApp-Image-2025-02-27-at-20.16.53-423x500.jpeg\" alt=\"\" width=\"565\" height=\"668\" srcset=\"https:\/\/wp.ufpel.edu.br\/artenosul\/files\/2025\/05\/WhatsApp-Image-2025-02-27-at-20.16.53-423x500.jpeg 423w, https:\/\/wp.ufpel.edu.br\/artenosul\/files\/2025\/05\/WhatsApp-Image-2025-02-27-at-20.16.53-254x300.jpeg 254w, https:\/\/wp.ufpel.edu.br\/artenosul\/files\/2025\/05\/WhatsApp-Image-2025-02-27-at-20.16.53.jpeg 497w\" sizes=\"auto, (max-width: 565px) 100vw, 565px\" \/><p id=\"caption-attachment-28973\" class=\"wp-caption-text\"><span style=\"font-family: arial, helvetica, sans-serif;\"><strong><span style=\"color: #0000ff;\">Frida Kahlo foi uma das artistas homenageadas<\/span><\/strong><\/span><\/p><\/div>\n<p>&nbsp;<\/p>\n<p style=\"text-align: justify;\"><span style=\"font-family: arial, helvetica, sans-serif;\">Para Marta, um dos maiores desafios foi fazer com que os alunos compreendessem seu papel na sociedade e reconhecessem seu pr\u00f3prio potencial. Para isso, foi essencial criar um v\u00ednculo de confian\u00e7a e proximidade entre professor e aluno, permitindo um espa\u00e7o de troca verdadeira com respeito \u00e0 individualidade de cada um. Al\u00e9m disso, outro aprendizado foi oferecer aos alunos a possibilidade de errar e aprender com os erros.<\/span><\/p>\n<p style=\"text-align: justify;\"><span style=\"font-family: arial, helvetica, sans-serif;\">\u201cTrabalhar a arte exige sair da zona de conforto, lidar com conflitos internos e superar limita\u00e7\u00f5es. Muitas vezes, \u00e9 preciso \u2018deixar o pote de tinta cair no ch\u00e3o\u2019, desacomodar pensamentos e repensar ideias\u201d, diz a professora de artes.<\/span><\/p>\n<p>&nbsp;<\/p>\n<div id=\"attachment_28979\" style=\"width: 483px\" class=\"wp-caption aligncenter\"><img loading=\"lazy\" decoding=\"async\" aria-describedby=\"caption-attachment-28979\" class=\"wp-image-28979 \" src=\"https:\/\/wp.ufpel.edu.br\/artenosul\/files\/2025\/05\/Professores-375x500.jpeg\" alt=\"\" width=\"483\" height=\"644\" srcset=\"https:\/\/wp.ufpel.edu.br\/artenosul\/files\/2025\/05\/Professores-375x500.jpeg 375w, https:\/\/wp.ufpel.edu.br\/artenosul\/files\/2025\/05\/Professores-225x300.jpeg 225w, https:\/\/wp.ufpel.edu.br\/artenosul\/files\/2025\/05\/Professores-768x1024.jpeg 768w, https:\/\/wp.ufpel.edu.br\/artenosul\/files\/2025\/05\/Professores-855x1140.jpeg 855w, https:\/\/wp.ufpel.edu.br\/artenosul\/files\/2025\/05\/Professores.jpeg 990w\" sizes=\"auto, (max-width: 483px) 100vw, 483px\" \/><p id=\"caption-attachment-28979\" class=\"wp-caption-text\"><span style=\"font-family: arial, helvetica, sans-serif; color: #0000ff;\"><strong><span style=\"color: #0000ff;\">Ronaldo e Marta pensam no projeto como uma forma de conscientiza\u00e7\u00e3o dos estudantes sobre os seus pap\u00e9is sociais<\/span><\/strong><\/span><\/p><\/div>\n<p>&nbsp;<\/p>\n<p style=\"text-align: justify;\"><span style=\"font-family: arial, helvetica, sans-serif; color: #0000ff;\"><strong>Sess\u00e3o de aut\u00f3grafos e ascens\u00e3o<\/strong><\/span><\/p>\n<p style=\"text-align: justify;\"><span style=\"font-family: arial, helvetica, sans-serif;\">Ao longo dos anos, o Escrito a Giz n\u00e3o s\u00f3 revelou talentos dentro das escolas, mas tamb\u00e9m ganhou palco fora delas. As participa\u00e7\u00f5es mais recentes na Feira do Livro de Pelotas (49\u00aa e 50\u00aa edi\u00e7\u00f5es) o consolidou como uma vitrine da produ\u00e7\u00e3o art\u00edstica estudantil, e permitiu que os alunos vivenciassem a experi\u00eancia de autografar suas pr\u00f3prias obras. O crescimento do projeto, que passou de uma escola integrante, em 2023, para tr\u00eas, em 2024, refletiu o engajamento dos estudantes na aproxima\u00e7\u00e3o da educa\u00e7\u00e3o com a arte.<\/span><\/p>\n<p>&nbsp;<\/p>\n<div id=\"attachment_28980\" style=\"width: 539px\" class=\"wp-caption aligncenter\"><img loading=\"lazy\" decoding=\"async\" aria-describedby=\"caption-attachment-28980\" class=\" wp-image-28980\" src=\"https:\/\/wp.ufpel.edu.br\/artenosul\/files\/2025\/05\/WhatsApp-Image-2025-02-27-at-20.04.49-1-375x500.jpeg\" alt=\"\" width=\"539\" height=\"719\" srcset=\"https:\/\/wp.ufpel.edu.br\/artenosul\/files\/2025\/05\/WhatsApp-Image-2025-02-27-at-20.04.49-1-375x500.jpeg 375w, https:\/\/wp.ufpel.edu.br\/artenosul\/files\/2025\/05\/WhatsApp-Image-2025-02-27-at-20.04.49-1-225x300.jpeg 225w, https:\/\/wp.ufpel.edu.br\/artenosul\/files\/2025\/05\/WhatsApp-Image-2025-02-27-at-20.04.49-1-768x1024.jpeg 768w, https:\/\/wp.ufpel.edu.br\/artenosul\/files\/2025\/05\/WhatsApp-Image-2025-02-27-at-20.04.49-1-855x1140.jpeg 855w, https:\/\/wp.ufpel.edu.br\/artenosul\/files\/2025\/05\/WhatsApp-Image-2025-02-27-at-20.04.49-1.jpeg 960w\" sizes=\"auto, (max-width: 539px) 100vw, 539px\" \/><p id=\"caption-attachment-28980\" class=\"wp-caption-text\"><span style=\"font-family: arial, helvetica, sans-serif;\"><strong><span style=\"color: #0000ff;\">Estudantes autografaram seus trabalhos no lan\u00e7amento da edi\u00e7\u00e3o na festa dos livros<\/span><\/strong><\/span><\/p><\/div>\n<p>&nbsp;<\/p>\n<p style=\"text-align: justify;\"><span style=\"font-family: arial, helvetica, sans-serif;\">Para o professor Campello, a participa\u00e7\u00e3o nas duas \u00faltimas edi\u00e7\u00f5es da Feira foi fundamental para fortalecer a proposta do projeto. \u201cNa edi\u00e7\u00e3o de 2023, apenas uma escola participou: a Escola Areal. J\u00e1 em 2024, conseguimos ampliar a participa\u00e7\u00e3o para tr\u00eas escolas \u2013 Escola Areal, Escola Fernando Treptow e Col\u00e9gio Municipal Pelotense \u2013 e mais de 25 alunos estiveram na sess\u00e3o de aut\u00f3grafos\u201d, compara.<\/span><\/p>\n<p>&nbsp;<\/p>\n<div id=\"attachment_28974\" style=\"width: 551px\" class=\"wp-caption aligncenter\"><img loading=\"lazy\" decoding=\"async\" aria-describedby=\"caption-attachment-28974\" class=\"wp-image-28974 \" src=\"https:\/\/wp.ufpel.edu.br\/artenosul\/files\/2025\/05\/WhatsApp-Image-2025-02-27-at-20.14.48-1-313x500.jpeg\" alt=\"\" width=\"551\" height=\"880\" srcset=\"https:\/\/wp.ufpel.edu.br\/artenosul\/files\/2025\/05\/WhatsApp-Image-2025-02-27-at-20.14.48-1-313x500.jpeg 313w, https:\/\/wp.ufpel.edu.br\/artenosul\/files\/2025\/05\/WhatsApp-Image-2025-02-27-at-20.14.48-1-188x300.jpeg 188w, https:\/\/wp.ufpel.edu.br\/artenosul\/files\/2025\/05\/WhatsApp-Image-2025-02-27-at-20.14.48-1.jpeg 342w\" sizes=\"auto, (max-width: 551px) 100vw, 551px\" \/><p id=\"caption-attachment-28974\" class=\"wp-caption-text\"><strong><span style=\"font-family: arial, helvetica, sans-serif;\"><span style=\"color: #0000ff;\">No ano passado, edi\u00e7\u00e3o teve a participa\u00e7\u00e3o de tr\u00eas escolas<\/span><\/span><\/strong><\/p><\/div>\n<p>&nbsp;<\/p>\n<p style=\"text-align: justify;\"><span style=\"font-family: arial, helvetica, sans-serif; color: #0000ff;\"><strong>Dever cumprido<\/strong><\/span><\/p>\n<p style=\"text-align: justify;\"><span style=\"font-family: arial, helvetica, sans-serif;\">Participar do \u201cCaderno Liter\u00e1rio Escrito a Giz\u201d \u00e9 uma experi\u00eancia marcante para os alunos que dedicam tempo e criatividade para produzir seus trabalhos. Atualmente no ensino m\u00e9dio, o aluno Lu\u00eds Gustavo da Rosa, de 15 anos, lembra de cada aula envolvida no projeto como um momento de aprimoramento, em busca do melhor resultado poss\u00edvel. Ao ver sua produ\u00e7\u00e3o finalizada e publicada, o ex-aluno da Escola Fernando Treptow sentiu a satisfa\u00e7\u00e3o por contribuir para uma obra coletiva de express\u00e3o art\u00edstica dentro do col\u00e9gio.<\/span><\/p>\n<p>&nbsp;<\/p>\n<div id=\"attachment_28966\" style=\"width: 636px\" class=\"wp-caption aligncenter\"><img loading=\"lazy\" decoding=\"async\" aria-describedby=\"caption-attachment-28966\" class=\" wp-image-28966\" src=\"https:\/\/wp.ufpel.edu.br\/artenosul\/files\/2025\/05\/WhatsApp-Image-2025-02-27-at-20.00.08-394x500.jpeg\" alt=\"\" width=\"636\" height=\"807\" srcset=\"https:\/\/wp.ufpel.edu.br\/artenosul\/files\/2025\/05\/WhatsApp-Image-2025-02-27-at-20.00.08-394x500.jpeg 394w, https:\/\/wp.ufpel.edu.br\/artenosul\/files\/2025\/05\/WhatsApp-Image-2025-02-27-at-20.00.08-236x300.jpeg 236w, https:\/\/wp.ufpel.edu.br\/artenosul\/files\/2025\/05\/WhatsApp-Image-2025-02-27-at-20.00.08.jpeg 503w\" sizes=\"auto, (max-width: 636px) 100vw, 636px\" \/><p id=\"caption-attachment-28966\" class=\"wp-caption-text\"><span style=\"font-family: arial, helvetica, sans-serif;\"><strong><span style=\"color: #0000ff;\">Aspectos do cotidiano ganham vis\u00e3o nova de acordo com sensibilidade e express\u00e3o dos estudantes<\/span><\/strong><\/span><\/p><\/div>\n<p>&nbsp;<\/p>\n<p style=\"text-align: justify;\"><span style=\"font-family: arial, helvetica, sans-serif;\">Al\u00e9m do reconhecimento, o projeto tamb\u00e9m despertou no jovem um novo olhar sobre suas pr\u00f3prias capacidades criativas. A oportunidade de transformar ideias em textos e imagens mostrou que a imagina\u00e7\u00e3o \u00e9 um campo f\u00e9rtil de possibilidades, bastando incentivo e dedica\u00e7\u00e3o para explorar todo o seu potencial. \u201cVi que minha mente era capaz de produzir muitos trabalhos e textos de qualidade. Isso d\u00e1 uma motiva\u00e7\u00e3o para realizar outros trabalhos agora e futuramente\u201d, assegura Lu\u00eds.<\/span><\/p>\n<p style=\"text-align: justify;\"><span style=\"font-family: arial, helvetica, sans-serif;\">Para os professores, \u00e9 um privil\u00e9gio desenvolver um projeto que ultrapassa os muros da escola e vai para o mundo. Mas independentemente do lugar que estiverem, h\u00e1 algo que n\u00e3o muda: Marta e Ronaldo seguir\u00e3o acreditando na arte como um meio poderoso de express\u00e3o, capaz de transformar tanto os alunos-artistas quanto os que vivenciam suas cria\u00e7\u00f5es.<\/span><\/p>\n<p style=\"text-align: justify;\"><span style=\"font-family: arial, helvetica, sans-serif; color: #0000ff;\"><strong>Confira as edi\u00e7\u00f5es<\/strong><\/span><\/p>\n<p style=\"text-align: justify;\"><span style=\"font-family: arial, helvetica, sans-serif;\"><strong><a href=\"https:\/\/encurtador.com.br\/FmEcg\" target=\"_blank\" rel=\"noopener\">1\u00ba Caderno Liter\u00e1rio Escrito A Giz<\/a><\/strong><\/span><\/p>\n<p style=\"text-align: justify;\"><a href=\"https:\/\/encurtador.com.br\/wuCuQ\" target=\"_blank\" rel=\"noopener\"><strong><span style=\"font-family: arial, helvetica, sans-serif;\">2\u00ba Caderno Liter\u00e1rio Escrito A Giz<\/span><\/strong><\/a><\/p>\n<p>&nbsp;<\/p>\n<p style=\"text-align: justify;\"><a href=\"http:\/\/wp.ufpel.edu.br\/artenosul\"><span style=\"color: #0000ff;\"><strong><span style=\"font-family: arial, helvetica, sans-serif;\">PRIMEIRA P\u00c1GINA<\/span><\/strong><\/span><\/a><\/p>\n<p style=\"text-align: justify;\"><span style=\"color: #0000ff;\"><strong><span style=\"font-family: arial, helvetica, sans-serif;\">COMENT\u00c1RIOS<\/span><\/strong><\/span><\/p>\n<div data-test='contact-form'\n\t\t\tid='contact-form-28959'\n\t\t\tclass='wp-block-jetpack-contact-form-container '\n\t\t\tdata-wp-interactive='jetpack\/form' data-wp-context='{\"formId\":\"28959\",\"formHash\":\"4eae3772eb13d53a0205396bfbcc275f3b8b1b55\",\"showErrors\":false,\"errors\":[],\"fields\":[],\"isMultiStep\":false,\"useAjax\":true,\"submissionData\":null,\"formattedSubmissionData\":[],\"submissionSuccess\":false,\"submissionError\":null,\"elementId\":\"jp-form-4eae3772eb13d53a0205396bfbcc275f3b8b1b55\",\"isSingleInputForm\":false}'\n\t\t\tdata-wp-watch--scroll-to-wrapper=\"callbacks.scrollToWrapper\"\n\t\t>\n<div class=\"contact-form-submission contact-form-ajax-submission\" data-wp-class--submission-success=\"context.submissionSuccess\"><p class=\"go-back-message\"><a class=\"link\" role=\"button\" tabindex=\"0\" data-wp-on--click=\"actions.goBack\" href=\"\/artenosul\/wp-json\/wp\/v2\/posts\/28959\">Voltar<\/a><\/p><h4 id=\"contact-form-success-header\">Sua mensagem foi enviada<\/h4>\n\n<template data-wp-each--submission=\"context.formattedSubmissionData\">\n\t\t\t\t\t<div class=\"jetpack_forms_contact-form-success-summary\">\n\t\t\t\t\t\t<div class=\"field-name\" data-wp-text=\"context.submission.label\" data-wp-bind--hidden=\"!context.submission.label\"><\/div>\n\t\t\t\t\t\t<div class=\"field-value\" data-wp-text=\"context.submission.value\"><\/div>\n\t\t\t\t\t\t<div class=\"field-images\" data-wp-bind--hidden=\"!context.submission.images\">\n\t\t\t\t\t\t\t<template data-wp-each--image=\"context.submission.images\">\n\t\t\t\t\t\t\t\t<figure class=\"field-image\" data-wp-class--is-empty=\"!context.image\">\n\t\t\t\t\t\t\t\t\t<img data-wp-bind--src=\"context.image\" data-wp-bind--hidden=\"!context.image\" \/>\n\t\t\t\t\t\t\t\t\t<img decoding=\"async\" src=\"data:image\/gif;base64,R0lGODlhAQABAAD\/ACwAAAAAAQABAAACADs=\" data-wp-bind--hidden=\"context.image\" \/>\n\t\t\t\t\t\t\t\t<\/figure>\n\t\t\t\t\t\t\t<\/template>\n\t\t\t\t\t\t<\/div>\n\t\t\t\t\t<\/div>\n\t\t\t\t<\/template><\/div><form action='https:\/\/wp.ufpel.edu.br\/artenosul\/2025\/05\/30\/arte-transforma-educacao-em-expressividade\/'\n\t\t\t\tid='jp-form-4eae3772eb13d53a0205396bfbcc275f3b8b1b55'\n\t\t\t\tmethod='post'\n\t\t\t\tclass='contact-form commentsblock' aria-label=\"Arte transforma educa\u00e7\u00e3o em expressividade\"\n\t\t\t\tdata-wp-on--submit=\"actions.onFormSubmit\"\n\t\t\t\tdata-wp-on--reset=\"actions.onFormReset\"\n\t\t\t\tdata-wp-class--submission-success=\"context.submissionSuccess\"\n\t\t\t\tdata-wp-class--is-first-step=\"state.isFirstStep\"\n\t\t\t\tdata-wp-class--is-last-step=\"state.isLastStep\"\n\t\t\t\tdata-wp-class--is-ajax-form=\"context.useAjax\"\n\t\t\t\tnovalidate >\n<input type='hidden' name='jetpack_contact_form_jwt' value='eyJ0eXAiOiJKV1QiLCJhbGciOiJIUzI1NiJ9.eyJlbmNyeXB0ZWRfYXR0cmlidXRlcyI6ImlBSVJNSWNRM3lyRVlTekV3d0dMYlB5blpDc0FVVWNXaHNKb2xlcFhCeHlyM3NiMk83aVFRWnNMMU04UVZRVThSWlRmc1JCLyt5cWpiTUVaRXIvazZqQXZTV1hTZWFCTmdHNFdZNDZkRk1LUmhsMXl0ZTcyUm4xSGh6WmpXQTBDSHZ6NmRwSXp5SkdlVU1OL3Exd0pFRFdJM3paRWljeDhTWk42K0lHOWI4QUFmMll4VGwyaTJ6L0NRSUdZUUEyeFJzaHh5aEFMYWhncWlpOFI2SGFLaTNHTHpYZklpajlKN3RVT2dXb3dkektCcHVtNWtJOXl6djBMN3o3UE9PL1RoUEdQWmpwSENGSWJaT3FmM0tIU2o4VnQ1V1FEZGRBYldVOEhvclFueUZzM3p3MDJtb0RmdDk4c1M3ODFXOXFjRzM1bG55NjY0YVYzMUJady9URmlrdDAyaE9NbHIxeVlYRW9kbXdBZ1h5NDB6Y0dQM28wR2lzK09zY0EwUXFOL1JNTkFURmJURHMrd250R1VJcis1T2tNR2hhdVRuQTN2UXZWNEJJc1IrUzRuMnBjcC9SUFd1R0dqZGhJNFVYV1FJZnB3clJuOHMwOXdZZkxYZjlQaVdTcjBDNk92ZStwSFZHcFhVRUxYaC8yQ1dnbXVMQThkcm54S1J2aWRoMmp0NFhLZHQxWWhZQ29NL2N0Z3J6SmRoOWxIbmZqWmdLMkxRcUpGT3pXZXZYakE4NmJQYUtwVmtweHFWL0NvZ0E5NmFSTVNHYU5iOTlpYncvbG9lNGQ3cnR3c0F6TnBCNzEyUUZ1OTJidkZhTU03cUM3Zi9DckM2UGtRR3R2ZXBDOE0weTJQdDNEU0I3bHliRHYwbjhYaWhiYzlaWEVablEyR3NZWkFJa0JvYXZsV0NaaUJYODRTKzV3K3ltSURpQldGTXRaMk01TzU2REYxVFRVNndjZjNubkE4MjA3RE1OejIxZ2lzcFdONWFPQnVyMEhRNzUwUTdFNXdVRkhNMTBCa25sTlh5VTVlNlE4S0Rabm9aUlRHZ1p5Y0J4TW54THJjeHhMckI3b20zZGtYRnRsOTFEd0d2THArNjAzdE1WYW90cGFqUE02Mk9JdHBIRVlJT0x6VDFQU2NKaGVFU2FvQ2s2Uko1RmdtTVR0akF6eEZnM1RlMXNhcDIveE02VWk4TG5CMDliVit3Um1XMjdjeVhEMlhONUZnS0tDM1pQUmoyYUxCd3NZPSIsImNvbnRlbnQiOiJbY29udGFjdC1maWVsZCBsYWJlbD1cIk5vbWVcIiB0eXBlPVwibmFtZVwiXVtjb250YWN0LWZpZWxkIGxhYmVsPVwiRS1tYWlsXCIgdHlwZT1cImVtYWlsXCJdW2NvbnRhY3QtZmllbGQgbGFiZWw9XCJNZW5zYWdlbVwiIHR5cGU9XCJ0ZXh0YXJlYVwiXSIsImhhc2giOiI0ZWFlMzc3MmViMTNkNTNhMDIwNTM5NmJmYmNjMjc1ZjNiOGIxYjU1Iiwic291cmNlIjp7ImVudHJ5X3RpdGxlIjoiQXJ0ZSB0cmFuc2Zvcm1hIGVkdWNhXHUwMGU3XHUwMGUzbyBlbSBleHByZXNzaXZpZGFkZSIsImVudHJ5X3BhZ2UiOjEsInNvdXJjZV9pZCI6Mjg5NTksInNvdXJjZV90eXBlIjoic2luZ2xlIiwicmVxdWVzdF91cmwiOiJodHRwczovL3dwLnVmcGVsLmVkdS5ici9hcnRlbm9zdWwvd3AtanNvbi93cC92Mi9wb3N0cy8yODk1OSJ9LCJ2ZXJzaW9uIjoyLCJjaXBoZXIiOiJhZXMtMjU2LWdjbSJ9.8JagqSZEN3PiN_ZnAlQkv-MQNYGfjEFfOEWtry1CN3o' \/>\n\n<div style=\"\"  data-wp-interactive=\"jetpack\/form\" data-wp-context='{\"fieldId\":\"g28959-nome\",\"fieldType\":\"name\",\"fieldLabel\":\"Nome\",\"fieldValue\":\"\",\"fieldPlaceholder\":\"\",\"fieldIsRequired\":\"\",\"fieldErrorMessage\":\"\",\"fieldExtra\":[],\"formHash\":\"4eae3772eb13d53a0205396bfbcc275f3b8b1b55\"}'  class='grunion-field-name-wrap grunion-field-wrap'  data-wp-init='callbacks.initializeField' data-wp-on--jetpack-form-reset='callbacks.initializeField' >\n<label\n\t\t\t\tfor='g28959-nome' class=\"grunion-field-label name\" >Nome<\/label>\n<input\n\t\t\t\t\ttype='text'\n\t\t\t\t\tname='g28959-nome'\n\t\t\t\t\tid='g28959-nome'\n\t\t\t\t\tvalue=''\n\n\t\t\t\t\tdata-wp-bind--aria-invalid='state.fieldHasErrors'\n\t\t\t\t\tdata-wp-bind--value='state.getFieldValue'\n\t\t\t\t\taria-errormessage='g28959-nome-text-error-message'\n\t\t\t\t\tdata-wp-on--input='actions.onFieldChange'\n\t\t\t\t\tdata-wp-on--blur='actions.onFieldBlur'\n\t\t\t\t\tdata-wp-class--has-value='state.hasFieldValue'\n\n\t\t\t\t\tclass='name  grunion-field' \n\t\t\t\t\t \/>\n \n\t\t\t<div id=\"g28959-nome-text-error\" class=\"contact-form__input-error\" data-wp-class--has-errors=\"state.fieldHasErrors\">\n\t\t\t\t<span class=\"contact-form__warning-icon\">\n\t\t\t\t\t<svg width=\"16\" height=\"16\" viewBox=\"0 0 16 16\" fill=\"none\" xmlns=\"http:\/\/www.w3.org\/2000\/svg\">\n\t\t\t\t\t\t<path d=\"M8.50015 11.6402H7.50015V10.6402H8.50015V11.6402Z\" \/>\n\t\t\t\t\t\t<path d=\"M7.50015 9.64018H8.50015V6.30684H7.50015V9.64018Z\" \/>\n\t\t\t\t\t\t<path fill-rule=\"evenodd\" clip-rule=\"evenodd\" d=\"M6.98331 3.0947C7.42933 2.30177 8.57096 2.30177 9.01698 3.09469L13.8771 11.7349C14.3145 12.5126 13.7525 13.4735 12.8602 13.4735H3.14004C2.24774 13.4735 1.68575 12.5126 2.12321 11.7349L6.98331 3.0947ZM8.14541 3.58496C8.08169 3.47168 7.9186 3.47168 7.85488 3.58496L2.99478 12.2251C2.93229 12.3362 3.01257 12.4735 3.14004 12.4735H12.8602C12.9877 12.4735 13.068 12.3362 13.0055 12.2251L8.14541 3.58496Z\" \/>\n\t\t\t\t\t<\/svg>\n\t\t\t\t\t<span class=\"visually-hidden\">Aviso<\/span>\n\t\t\t\t<\/span>\n\t\t\t\t<span data-wp-text=\"state.errorMessage\" id=\"g28959-nome-text-error-message\" role=\"alert\" aria-live=\"assertive\"><\/span>\n\t\t\t<\/div> \n\t<\/div>\n\n<div style=\"\"  data-wp-interactive=\"jetpack\/form\" data-wp-context='{\"fieldId\":\"g28959-email\",\"fieldType\":\"email\",\"fieldLabel\":\"E-mail\",\"fieldValue\":\"\",\"fieldPlaceholder\":\"\",\"fieldIsRequired\":\"\",\"fieldErrorMessage\":\"\",\"fieldExtra\":[],\"formHash\":\"4eae3772eb13d53a0205396bfbcc275f3b8b1b55\"}'  class='grunion-field-email-wrap grunion-field-wrap'  data-wp-init='callbacks.initializeField' data-wp-on--jetpack-form-reset='callbacks.initializeField' >\n<label\n\t\t\t\tfor='g28959-email' class=\"grunion-field-label email\" >E-mail<\/label>\n<input\n\t\t\t\t\ttype='email'\n\t\t\t\t\tname='g28959-email'\n\t\t\t\t\tid='g28959-email'\n\t\t\t\t\tvalue=''\n\n\t\t\t\t\tdata-wp-bind--aria-invalid='state.fieldHasErrors'\n\t\t\t\t\tdata-wp-bind--value='state.getFieldValue'\n\t\t\t\t\taria-errormessage='g28959-email-email-error-message'\n\t\t\t\t\tdata-wp-on--input='actions.onFieldChange'\n\t\t\t\t\tdata-wp-on--blur='actions.onFieldBlur'\n\t\t\t\t\tdata-wp-class--has-value='state.hasFieldValue'\n\n\t\t\t\t\tclass='email  grunion-field' \n\t\t\t\t\t \/>\n \n\t\t\t<div id=\"g28959-email-email-error\" class=\"contact-form__input-error\" data-wp-class--has-errors=\"state.fieldHasErrors\">\n\t\t\t\t<span class=\"contact-form__warning-icon\">\n\t\t\t\t\t<svg width=\"16\" height=\"16\" viewBox=\"0 0 16 16\" fill=\"none\" xmlns=\"http:\/\/www.w3.org\/2000\/svg\">\n\t\t\t\t\t\t<path d=\"M8.50015 11.6402H7.50015V10.6402H8.50015V11.6402Z\" \/>\n\t\t\t\t\t\t<path d=\"M7.50015 9.64018H8.50015V6.30684H7.50015V9.64018Z\" \/>\n\t\t\t\t\t\t<path fill-rule=\"evenodd\" clip-rule=\"evenodd\" d=\"M6.98331 3.0947C7.42933 2.30177 8.57096 2.30177 9.01698 3.09469L13.8771 11.7349C14.3145 12.5126 13.7525 13.4735 12.8602 13.4735H3.14004C2.24774 13.4735 1.68575 12.5126 2.12321 11.7349L6.98331 3.0947ZM8.14541 3.58496C8.08169 3.47168 7.9186 3.47168 7.85488 3.58496L2.99478 12.2251C2.93229 12.3362 3.01257 12.4735 3.14004 12.4735H12.8602C12.9877 12.4735 13.068 12.3362 13.0055 12.2251L8.14541 3.58496Z\" \/>\n\t\t\t\t\t<\/svg>\n\t\t\t\t\t<span class=\"visually-hidden\">Aviso<\/span>\n\t\t\t\t<\/span>\n\t\t\t\t<span data-wp-text=\"state.errorMessage\" id=\"g28959-email-email-error-message\" role=\"alert\" aria-live=\"assertive\"><\/span>\n\t\t\t<\/div> \n\t<\/div>\n\n<div style=\"\"  data-wp-interactive=\"jetpack\/form\" data-wp-context='{\"fieldId\":\"g28959-mensagem\",\"fieldType\":\"textarea\",\"fieldLabel\":\"Mensagem\",\"fieldValue\":\"\",\"fieldPlaceholder\":\"\",\"fieldIsRequired\":\"\",\"fieldErrorMessage\":\"\",\"fieldExtra\":[],\"formHash\":\"4eae3772eb13d53a0205396bfbcc275f3b8b1b55\"}'  class='grunion-field-textarea-wrap grunion-field-wrap'  data-wp-init='callbacks.initializeField' data-wp-on--jetpack-form-reset='callbacks.initializeField' >\n<label\n\t\t\t\tfor='contact-form-comment-g28959-mensagem' class=\"grunion-field-label textarea\" >Mensagem<\/label>\n<textarea\n\t\t                style=''\n\t\t                name='g28959-mensagem'\n\t\t                id='contact-form-comment-g28959-mensagem'\n\t\t                rows='20'\n\t\t\t\t\t\tdata-wp-text='state.getFieldValue'\n\t\t\t\t\t\tdata-wp-on--input='actions.onFieldChange'\n\t\t\t\t\t\tdata-wp-on--blur='actions.onFieldBlur'\n\t\t\t\t\t\tdata-wp-class--has-value='state.hasFieldValue'\n\t\t\t\t\t\tdata-wp-bind--aria-invalid='state.fieldHasErrors'\n\t\t\t\t\t\taria-errormessage='g28959-mensagem-textarea-error-message'\n\t\t\t\t\t\tclass='textarea  grunion-field'  ><\/textarea>\n \n\t\t\t<div id=\"g28959-mensagem-textarea-error\" class=\"contact-form__input-error\" data-wp-class--has-errors=\"state.fieldHasErrors\">\n\t\t\t\t<span class=\"contact-form__warning-icon\">\n\t\t\t\t\t<svg width=\"16\" height=\"16\" viewBox=\"0 0 16 16\" fill=\"none\" xmlns=\"http:\/\/www.w3.org\/2000\/svg\">\n\t\t\t\t\t\t<path d=\"M8.50015 11.6402H7.50015V10.6402H8.50015V11.6402Z\" \/>\n\t\t\t\t\t\t<path d=\"M7.50015 9.64018H8.50015V6.30684H7.50015V9.64018Z\" \/>\n\t\t\t\t\t\t<path fill-rule=\"evenodd\" clip-rule=\"evenodd\" d=\"M6.98331 3.0947C7.42933 2.30177 8.57096 2.30177 9.01698 3.09469L13.8771 11.7349C14.3145 12.5126 13.7525 13.4735 12.8602 13.4735H3.14004C2.24774 13.4735 1.68575 12.5126 2.12321 11.7349L6.98331 3.0947ZM8.14541 3.58496C8.08169 3.47168 7.9186 3.47168 7.85488 3.58496L2.99478 12.2251C2.93229 12.3362 3.01257 12.4735 3.14004 12.4735H12.8602C12.9877 12.4735 13.068 12.3362 13.0055 12.2251L8.14541 3.58496Z\" \/>\n\t\t\t\t\t<\/svg>\n\t\t\t\t\t<span class=\"visually-hidden\">Aviso<\/span>\n\t\t\t\t<\/span>\n\t\t\t\t<span data-wp-text=\"state.errorMessage\" id=\"g28959-mensagem-textarea-error-message\" role=\"alert\" aria-live=\"assertive\"><\/span>\n\t\t\t<\/div>\n\t<\/div>\n\t<p class='contact-submit'>\n<div class=\"contact-form__error\" data-wp-class--show-errors=\"state.showFormErrors\"><span class=\"contact-form__warning-icon\"><span class=\"visually-hidden\">Aten\u00e7\u00e3o.<\/span><i aria-hidden=\"true\"><\/i><\/span>\n\t\t\t\t<span data-wp-text=\"state.getFormErrorMessage\"><\/span>\n\t\t\t\t<ul>\n\t\t\t\t<template data-wp-each=\"state.getErrorList\" data-wp-key=\"context.item.id\">\n\t\t\t\t\t<li><a data-wp-bind--href=\"context.item.anchor\" data-wp-on--click=\"actions.scrollIntoView\" data-wp-text=\"context.item.label\"><\/a><\/li>\n\t\t\t\t<\/template>\n\t\t\t\t<\/ul><\/div><div class=\"contact-form__error\" data-wp-class--show-errors=\"state.showSubmissionError\" data-wp-text=\"context.submissionError\"><\/div>\t\t<button type='submit' class='pushbutton-wide'>Enviar<\/button>\t\t<input type='hidden' name='contact-form-id' value='28959' \/>\n\t\t<input type='hidden' name='action' value='grunion-contact-form' \/>\n\t\t<input type='hidden' name='contact-form-hash' value='4eae3772eb13d53a0205396bfbcc275f3b8b1b55' \/>\n\t<\/p>\n<p style=\"display: none !important;\" class=\"akismet-fields-container\" data-prefix=\"ak_\"><label>&#916;<textarea name=\"ak_hp_textarea\" cols=\"45\" rows=\"8\" maxlength=\"100\"><\/textarea><\/label><input type=\"hidden\" id=\"ak_js_1\" name=\"ak_js\" value=\"3\"\/><script>document.getElementById( \"ak_js_1\" ).setAttribute( \"value\", ( new Date() ).getTime() );<\/script><\/p><\/form>\n<\/div>\n","protected":false},"excerpt":{"rendered":"<p>Projeto escolar transforma cria\u00e7\u00f5es de alunos em publica\u00e7\u00e3o liter\u00e1ria e conquista espa\u00e7o na Feira do Livro de Pelotas\u00a0\u00a0 Por Jo\u00e3o Pedro Goulart\u00a0\u00a0\u00a0 &nbsp; &nbsp; No cen\u00e1rio plural da cultura sul-rio-grandense, uma iniciativa valoriza a express\u00e3o art\u00edstica dos estudantes e ganha destaque. O \u201cCaderno Liter\u00e1rio Escrito a Giz\u2026\u201d \u00e9 um modelo inspirador de uni\u00e3o entre a &hellip; <\/p>\n<p><a class=\"more-link btn\" href=\"https:\/\/wp.ufpel.edu.br\/artenosul\/2025\/05\/30\/arte-transforma-educacao-em-expressividade\/\">Continue lendo<\/a><\/p>\n","protected":false},"author":571,"featured_media":28964,"comment_status":"closed","ping_status":"closed","sticky":false,"template":"","format":"standard","meta":{"jetpack_post_was_ever_published":false,"_jetpack_newsletter_access":"","_jetpack_dont_email_post_to_subs":false,"_jetpack_newsletter_tier_id":0,"_jetpack_memberships_contains_paywalled_content":false,"_jetpack_memberships_contains_paid_content":false,"footnotes":"","jetpack_publicize_message":"","jetpack_publicize_feature_enabled":true,"jetpack_social_post_already_shared":true,"jetpack_social_options":{"image_generator_settings":{"template":"highway","default_image_id":0,"font":"","enabled":false},"version":2}},"categories":[13,88,83],"tags":[2667,2670,2663,2121,2071,2070,2671,2672,2669,120,2666,86,2664,2665,2668],"class_list":["post-28959","post","type-post","status-publish","format-standard","has-post-thumbnail","hentry","category-artes-visuais","category-comunidade","category-literatura","tag-artes","tag-caderno-literario","tag-caderno-literario-escrito-a-giz","tag-colegio-municipal-pelotense","tag-ensino","tag-escola","tag-escola-areal","tag-escola-fernando-treptow","tag-escolas","tag-feira-do-livro-de-pelotas","tag-joao-pedro-goulart","tag-literatura","tag-marta-bottini","tag-ronaldo-campello","tag-visuais","nodate","item-wrap"],"jetpack_publicize_connections":[],"jetpack_featured_media_url":"https:\/\/wp.ufpel.edu.br\/artenosul\/files\/2025\/05\/WhatsApp-Image-2025-02-27-at-20.04.35.jpeg","jetpack_sharing_enabled":true,"jetpack_likes_enabled":true,"jetpack_shortlink":"https:\/\/wp.me\/p6PuxQ-7x5","jetpack-related-posts":[{"id":29398,"url":"https:\/\/wp.ufpel.edu.br\/artenosul\/2025\/08\/01\/a-ideia-e-formar-um-ser-humano-mais-consciente-mais-autonomo\/","url_meta":{"origin":28959,"position":0},"title":"&#8220;A ideia \u00e9 formar um ser humano mais consciente, mais aut\u00f4nomo&#8221;","author":"artenosul","date":"1 de agosto de 2025","format":false,"excerpt":"Em entrevista, o professor Emanuel Santos fala sobre sua trajet\u00f3ria na arte-educa\u00e7\u00e3o\u00a0 \u00a0 \u00a0 \u00a0 Por Jo\u00e3o Pedro Goulart\u00a0 \u00a0 \u00a0\u00a0 Arte-educador formado em Artes Visuais, Emanuel dos Santos \u00e9 professor da rede estadual de ensino e mestrando do Programa de P\u00f3s-Gradua\u00e7\u00e3o em Artes, do Centro de Artes da Universidade\u2026","rel":"","context":"Em &quot;ARTES VISUAIS&quot;","block_context":{"text":"ARTES VISUAIS","link":"https:\/\/wp.ufpel.edu.br\/artenosul\/category\/artes-visuais\/"},"img":{"alt_text":"","src":"https:\/\/i0.wp.com\/wp.ufpel.edu.br\/artenosul\/files\/2025\/08\/WhatsApp-Image-2025-07-27-at-19.41.02b.jpeg?resize=350%2C200&ssl=1","width":350,"height":200},"classes":[]},{"id":27088,"url":"https:\/\/wp.ufpel.edu.br\/artenosul\/2024\/09\/09\/coletivo-de-autores-de-pelotas-realiza-festim-da-primavera-em-outubro\/","url_meta":{"origin":28959,"position":1},"title":"Coletivo de Autores de Pelotas realiza Festim da Primavera em outubro","author":"artenosul","date":"9 de setembro de 2024","format":false,"excerpt":"Grupo promove evento com v\u00e1rias atividades para incentivar literatura e lan\u00e7ar seu novo livro \u201cPo\u00e7\u00e3o Liter\u00e1ria\"\u00a0 \u00a0 \u00a0 \u00a0 \u00a0 Por Enzzo Lopes Rodrigues\u00a0\u00a0\u00a0 \u00a0 O Coletivo de Autores de Pelotas (CAP) come\u00e7ou em fevereiro de 2019, a partir de uma conversa informal entre amigos sobre dicas de como publicar\u2026","rel":"","context":"Em &quot;COMUNIDADE&quot;","block_context":{"text":"COMUNIDADE","link":"https:\/\/wp.ufpel.edu.br\/artenosul\/category\/comunidade\/"},"img":{"alt_text":"","src":"https:\/\/i0.wp.com\/wp.ufpel.edu.br\/artenosul\/files\/2024\/09\/WhatsApp-Image-2024-09-09-at-11.47.21b-1.jpeg?resize=350%2C200&ssl=1","width":350,"height":200},"classes":[]},{"id":13017,"url":"https:\/\/wp.ufpel.edu.br\/artenosul\/2022\/11\/17\/lojistas-avaliam-feira-do-livro-apos-dois-anos-de-pandemia\/","url_meta":{"origin":28959,"position":2},"title":"Lojistas avaliam Feira do Livro ap\u00f3s dois anos de pandemia","author":"artenosul","date":"17 de novembro de 2022","format":false,"excerpt":"Livreiros comentam desempenho dos 18 dias do evento em cen\u00e1rio de retomada presencial e com alta dos pre\u00e7os no mercado liter\u00e1rio\u00a0 \u00a0 \u00a0 \u00a0 Por Ana Garrafiel\u00a0 \u00a0 \u00a0 \u00a0 Na ter\u00e7a-feira (dia 15 de novembro), a Feira do Livro de Pelotas encerrou sua 48\u00aa edi\u00e7\u00e3o ap\u00f3s 18 dias de\u2026","rel":"","context":"Em &quot;COMUNIDADE&quot;","block_context":{"text":"COMUNIDADE","link":"https:\/\/wp.ufpel.edu.br\/artenosul\/category\/comunidade\/"},"img":{"alt_text":"","src":"https:\/\/i0.wp.com\/wp.ufpel.edu.br\/artenosul\/files\/2022\/11\/FMEwmKDPNU3ovHOnM1FoSWa3f6S7c6T5CAuhu8Hq.jpg?resize=350%2C200&ssl=1","width":350,"height":200},"classes":[]},{"id":28932,"url":"https:\/\/wp.ufpel.edu.br\/artenosul\/2025\/05\/13\/horroroso-mas-nem-tanto-o-olhar-de-rafael-sica-para-a-urbanidade\/","url_meta":{"origin":28959,"position":3},"title":"Horroroso, mas nem tanto: o olhar de Rafael Sica para a urbanidade","author":"artenosul","date":"13 de maio de 2025","format":false,"excerpt":"Com tra\u00e7o expressivo e humor mordaz, quadrinista pelotense lan\u00e7a guia ilustrado de uma cidade fict\u00edcia que espelha a realidade\u00a0 \u00a0 \u00a0 \u00a0\u00a0 \u00a0Por Larissa Duarte\u00a0 \u00a0 \u00a0 \u00a0 \u00a0 \u00a0 \u00a0 \u00a0 Em mar\u00e7o deste ano, o quadrinista pelotense Rafael Sica lan\u00e7ou nacionalmente sua nova obra: \u201cEstive em Horroroso e\u2026","rel":"","context":"Em &quot;ARTES VISUAIS&quot;","block_context":{"text":"ARTES VISUAIS","link":"https:\/\/wp.ufpel.edu.br\/artenosul\/category\/artes-visuais\/"},"img":{"alt_text":"","src":"https:\/\/i0.wp.com\/wp.ufpel.edu.br\/artenosul\/files\/2025\/05\/FOTO-REPORTAGEM-4.jpg?resize=350%2C200&ssl=1","width":350,"height":200,"srcset":"https:\/\/i0.wp.com\/wp.ufpel.edu.br\/artenosul\/files\/2025\/05\/FOTO-REPORTAGEM-4.jpg?resize=350%2C200&ssl=1 1x, https:\/\/i0.wp.com\/wp.ufpel.edu.br\/artenosul\/files\/2025\/05\/FOTO-REPORTAGEM-4.jpg?resize=525%2C300&ssl=1 1.5x, https:\/\/i0.wp.com\/wp.ufpel.edu.br\/artenosul\/files\/2025\/05\/FOTO-REPORTAGEM-4.jpg?resize=700%2C400&ssl=1 2x, https:\/\/i0.wp.com\/wp.ufpel.edu.br\/artenosul\/files\/2025\/05\/FOTO-REPORTAGEM-4.jpg?resize=1050%2C600&ssl=1 3x, https:\/\/i0.wp.com\/wp.ufpel.edu.br\/artenosul\/files\/2025\/05\/FOTO-REPORTAGEM-4.jpg?resize=1400%2C800&ssl=1 4x"},"classes":[]},{"id":417,"url":"https:\/\/wp.ufpel.edu.br\/artenosul\/2015\/11\/19\/feira-do-livro-celebrou-a-cultura-pelotense\/","url_meta":{"origin":28959,"position":4},"title":"Feira do livro celebrou a cultura pelotense","author":"artenosul","date":"19 de novembro de 2015","format":false,"excerpt":"Reportagem de Matheus Muniz e Ingrid D\u2019\u00c1vila -\u00a0 As aten\u00e7\u00f5es ficaram divididas entre as obras e as apresenta\u00e7\u00f5es. Quem visitou a 43\u00aa Feira do Livro, ocorrida na Pra\u00e7a Coronel Pedro Os\u00f3rio, do dia 29 de outubro at\u00e9 o domingo passado, teve a oportunidade de prestigiar diversas atra\u00e7\u00f5es. O evento, que\u2026","rel":"","context":"Em &quot;COMUNIDADE&quot;","block_context":{"text":"COMUNIDADE","link":"https:\/\/wp.ufpel.edu.br\/artenosul\/category\/comunidade\/"},"img":{"alt_text":"","src":"https:\/\/i0.wp.com\/wp.ufpel.edu.br\/artenosul\/files\/2015\/11\/Matheus.jpg?resize=350%2C200&ssl=1","width":350,"height":200,"srcset":"https:\/\/i0.wp.com\/wp.ufpel.edu.br\/artenosul\/files\/2015\/11\/Matheus.jpg?resize=350%2C200&ssl=1 1x, https:\/\/i0.wp.com\/wp.ufpel.edu.br\/artenosul\/files\/2015\/11\/Matheus.jpg?resize=525%2C300&ssl=1 1.5x, https:\/\/i0.wp.com\/wp.ufpel.edu.br\/artenosul\/files\/2015\/11\/Matheus.jpg?resize=700%2C400&ssl=1 2x"},"classes":[]},{"id":27212,"url":"https:\/\/wp.ufpel.edu.br\/artenosul\/2024\/10\/02\/exposicao-do-museu-leopoldo-gotuzzo-traz-olhar-sobre-natureza\/","url_meta":{"origin":28959,"position":5},"title":"Exposi\u00e7\u00e3o do Museu Leopoldo Gotuzzo traz olhar sobre natureza\u00a0","author":"artenosul","date":"2 de outubro de 2024","format":false,"excerpt":"Mostra fez parte da programa\u00e7\u00e3o da Primavera dos Museus e continua aberta \u00e0 visita\u00e7\u00e3o\u00a0 \u00a0 \u00a0\u00a0 Por Vanessa Oliveira\u00a0 \u00a0 \u00a0 \u00a0\u00a0 \u00a0 O Museu de Arte Leopoldo Gotuzzo (MALG), vinculado \u00e0 Universidade Federal de Pelotas (UFPel), inaugurou a exposi\u00e7\u00e3o \u201cOlhar Peregrino: Percursos de Gotuzzo atrav\u00e9s da paisagem\u201d, no dia\u2026","rel":"","context":"Em &quot;ARTES VISUAIS&quot;","block_context":{"text":"ARTES VISUAIS","link":"https:\/\/wp.ufpel.edu.br\/artenosul\/category\/artes-visuais\/"},"img":{"alt_text":"","src":"https:\/\/i0.wp.com\/wp.ufpel.edu.br\/artenosul\/files\/2024\/10\/thumbnail-4b.jpg?resize=350%2C200&ssl=1","width":350,"height":200,"srcset":"https:\/\/i0.wp.com\/wp.ufpel.edu.br\/artenosul\/files\/2024\/10\/thumbnail-4b.jpg?resize=350%2C200&ssl=1 1x, https:\/\/i0.wp.com\/wp.ufpel.edu.br\/artenosul\/files\/2024\/10\/thumbnail-4b.jpg?resize=525%2C300&ssl=1 1.5x, https:\/\/i0.wp.com\/wp.ufpel.edu.br\/artenosul\/files\/2024\/10\/thumbnail-4b.jpg?resize=700%2C400&ssl=1 2x, https:\/\/i0.wp.com\/wp.ufpel.edu.br\/artenosul\/files\/2024\/10\/thumbnail-4b.jpg?resize=1050%2C600&ssl=1 3x"},"classes":[]}],"_links":{"self":[{"href":"https:\/\/wp.ufpel.edu.br\/artenosul\/wp-json\/wp\/v2\/posts\/28959","targetHints":{"allow":["GET"]}}],"collection":[{"href":"https:\/\/wp.ufpel.edu.br\/artenosul\/wp-json\/wp\/v2\/posts"}],"about":[{"href":"https:\/\/wp.ufpel.edu.br\/artenosul\/wp-json\/wp\/v2\/types\/post"}],"author":[{"embeddable":true,"href":"https:\/\/wp.ufpel.edu.br\/artenosul\/wp-json\/wp\/v2\/users\/571"}],"replies":[{"embeddable":true,"href":"https:\/\/wp.ufpel.edu.br\/artenosul\/wp-json\/wp\/v2\/comments?post=28959"}],"version-history":[{"count":11,"href":"https:\/\/wp.ufpel.edu.br\/artenosul\/wp-json\/wp\/v2\/posts\/28959\/revisions"}],"predecessor-version":[{"id":28990,"href":"https:\/\/wp.ufpel.edu.br\/artenosul\/wp-json\/wp\/v2\/posts\/28959\/revisions\/28990"}],"wp:featuredmedia":[{"embeddable":true,"href":"https:\/\/wp.ufpel.edu.br\/artenosul\/wp-json\/wp\/v2\/media\/28964"}],"wp:attachment":[{"href":"https:\/\/wp.ufpel.edu.br\/artenosul\/wp-json\/wp\/v2\/media?parent=28959"}],"wp:term":[{"taxonomy":"category","embeddable":true,"href":"https:\/\/wp.ufpel.edu.br\/artenosul\/wp-json\/wp\/v2\/categories?post=28959"},{"taxonomy":"post_tag","embeddable":true,"href":"https:\/\/wp.ufpel.edu.br\/artenosul\/wp-json\/wp\/v2\/tags?post=28959"}],"curies":[{"name":"wp","href":"https:\/\/api.w.org\/{rel}","templated":true}]}}