{"id":28810,"date":"2025-03-20T11:08:56","date_gmt":"2025-03-20T14:08:56","guid":{"rendered":"https:\/\/wp.ufpel.edu.br\/artenosul\/?p=28810"},"modified":"2025-03-20T15:50:53","modified_gmt":"2025-03-20T18:50:53","slug":"projeto-de-extensao-incentiva-a-leitura-de-obras-literarias-escritas-por-mulheres","status":"publish","type":"post","link":"https:\/\/wp.ufpel.edu.br\/artenosul\/2025\/03\/20\/projeto-de-extensao-incentiva-a-leitura-de-obras-literarias-escritas-por-mulheres\/","title":{"rendered":"Projeto de extens\u00e3o incentiva a leitura de obras liter\u00e1rias escritas por mulheres"},"content":{"rendered":"<p style=\"text-align: center;\"><span style=\"font-family: arial, helvetica, sans-serif; color: #003366;\"><strong><em>Aberto para a comunidade, o Clube de Leitura Ler Mulheres visa promover a literatura feminina e retoma suas atividades no m\u00eas de mar\u00e7o\u00a0 \u00a0 \u00a0 \u00a0 \u00a0<\/em><\/strong><\/span><\/p>\n<p style=\"text-align: right;\"><span style=\"font-family: arial, helvetica, sans-serif; color: #003366;\"><strong><em>Por Maria Eduarda Lopes\u00a0 \u00a0 \u00a0 \u00a0 \u00a0<\/em><\/strong><\/span><\/p>\n<p>&nbsp;<\/p>\n<div id=\"attachment_28813\" style=\"width: 808px\" class=\"wp-caption aligncenter\"><img loading=\"lazy\" decoding=\"async\" aria-describedby=\"caption-attachment-28813\" class=\" wp-image-28813\" src=\"https:\/\/wp.ufpel.edu.br\/artenosul\/files\/2025\/03\/Capa-500x225.jpg\" alt=\"\" width=\"808\" height=\"364\" srcset=\"https:\/\/wp.ufpel.edu.br\/artenosul\/files\/2025\/03\/Capa-500x225.jpg 500w, https:\/\/wp.ufpel.edu.br\/artenosul\/files\/2025\/03\/Capa-300x135.jpg 300w, https:\/\/wp.ufpel.edu.br\/artenosul\/files\/2025\/03\/Capa-768x346.jpg 768w, https:\/\/wp.ufpel.edu.br\/artenosul\/files\/2025\/03\/Capa-1536x691.jpg 1536w, https:\/\/wp.ufpel.edu.br\/artenosul\/files\/2025\/03\/Capa-855x385.jpg 855w, https:\/\/wp.ufpel.edu.br\/artenosul\/files\/2025\/03\/Capa.jpg 1600w\" sizes=\"auto, (max-width: 808px) 100vw, 808px\" \/><p id=\"caption-attachment-28813\" class=\"wp-caption-text\"><span style=\"font-family: arial, helvetica, sans-serif;\"><strong><span style=\"color: #0000ff;\">\u00a0 \u00a0 \u00a0 \u00a0 \u00a0 \u00a0 \u00a0 \u00a0 \u00a0 \u00a0 \u00a0As reuni\u00f5es ocorrem todos as quintas-feiras de cada m\u00eas e s\u00e3o espa\u00e7os para leituras e discuss\u00f5es sobre livros\u00a0 \u00a0 \u00a0 \u00a0 \u00a0 \u00a0 \u00a0 \u00a0 \u00a0 \u00a0Foto: Arquivo Pessoal<\/span><\/strong><\/span><\/p><\/div>\n<p>&nbsp;<\/p>\n<p style=\"text-align: justify;\"><span style=\"font-family: arial, helvetica, sans-serif;\">No m\u00eas de mar\u00e7o, marcado pelo Dia Internacional das Mulheres e pela luta feminista, o Clube de Leitura Ler Mulheres retorna com suas atividades no dia 27, pr\u00f3xima quinta-feira, das 18h \u00e0s 19h30, no Otroporto (Rua Benjamin Constant, 701, bairro Centro, em Pelotas). O Clube \u00e9 um projeto de extens\u00e3o desenvolvido pelo Centro de Letras e Comunica\u00e7\u00e3o (CLC) da Universidade Federal de Pelotas (UFPel), que visa incentivar a leitura de obras liter\u00e1rias escritas por mulheres. Sendo uma atividade gratuita e aberta ao p\u00fablico, as reuni\u00f5es ocorrem todos as quintas-feiras de cada m\u00eas e se tornam espa\u00e7os para leituras e discuss\u00f5es sobre livros, al\u00e9m de fomentar a visibilidade acerca da relev\u00e2ncia da escrita feminina.<\/span><\/p>\n<p style=\"text-align: justify;\"><span style=\"font-family: arial, helvetica, sans-serif;\">O \u00fanico custo de investimento para participar \u00e9 a aquisi\u00e7\u00e3o do livro e a locomo\u00e7\u00e3o at\u00e9 o local de reuni\u00e3o. O p\u00fablico-alvo do clube busca englobar o p\u00fablico geral, n\u00e3o havendo nenhum tipo de limita\u00e7\u00e3o de idade para a participa\u00e7\u00e3o. A escolha dos livros, baseada no conceito de bibliodiversidade, inclui autoras de diferentes nacionalidades e \u00e9pocas, e obras de diversas editoras.<\/span><\/p>\n<p style=\"text-align: justify;\"><span style=\"font-family: arial, helvetica, sans-serif;\">O projeto surgiu h\u00e1 quase dois anos atrav\u00e9s da motiva\u00e7\u00e3o de existir um clube de leitura dentro de uma universidade p\u00fablica, conforme relatado pela coordenadora do Centro de Letras e Comunica\u00e7\u00e3o da UFPel, Vanessa Damasceno. \u201cSurge de uma motiva\u00e7\u00e3o pessoal minha, enquanto mulher, enquanto pessoa, enquanto professora, que sempre tive os livros como companheiros desde a minha adolesc\u00eancia, antes de me tornar professora e formadora de professores\u201d, disse Vanessa.<\/span><\/p>\n<p style=\"text-align: justify;\"><span style=\"font-family: arial, helvetica, sans-serif;\">Entre os principais objetivos do clube, a coordenadora lista o equil\u00edbrio na representatividade das mulheres na sociedade, pois historicamente as mulheres tiveram menos oportunidades para se dedicar \u00e0 literatura, foram menos publicadas, divulgadas e premiadas. Um dado que comprova essa realidade \u00e9 que das 117 edi\u00e7\u00f5es do Pr\u00eamio Nobel de Literatura, que existe desde 1901, apenas 18 mulheres foram laureadas, nenhuma delas sendo brasileira.<\/span><\/p>\n<p style=\"text-align: justify;\"><span style=\"font-family: arial, helvetica, sans-serif;\">\u201c\u00c9 para escutarmos a vis\u00e3o das mulheres sobre tem\u00e1ticas que muitas vezes foram e ainda s\u00e3o escritas por homens, para saber o que pensa e como se exprime metade da popula\u00e7\u00e3o mundial. E se estamos em busca de mais mulheres em todos os espa\u00e7os, na pol\u00edtica, no institucional e nas profiss\u00f5es, para termos equil\u00edbrio, \u00e9 necess\u00e1rio que a gente leia mulheres\u201d, completa a coordenadora.<\/span><\/p>\n<p style=\"text-align: justify;\"><span style=\"font-family: arial, helvetica, sans-serif;\">Al\u00e9m da import\u00e2ncia de trazer visibilidade para a equidade de g\u00eanero na literatura, o projeto tamb\u00e9m fomenta a cultura na comunidade local. A participante e chefe do n\u00facleo administrativo do Centro de Letras e Comunica\u00e7\u00e3o da UFPel, Carla Machado, conta um pouco sobre a sua experi\u00eancia: \u201cEu sempre gostei de ler literatura. No entanto, buscava uma orienta\u00e7\u00e3o sobre o que ler que realmente me interessasse. E quando vi essa proposta de ler livros escritos por mulheres, logo pensei que deveria ser bom. Mas ao entrar para o clube, bem no in\u00edcio do projeto, no in\u00edcio de 2023, me surpreendi positivamente. Foi uma das melhores escolhas que fiz nos \u00faltimos tempos\u201d, reflete Carla.<\/span><\/p>\n<p style=\"text-align: justify;\"><span style=\"font-family: arial, helvetica, sans-serif;\">Uma das obras que marcou a participante foi o livro \u201cSolit\u00e1ria\u201d, da escritora e jornalista brasileira Eliana Alves Cruz. O livro conta a hist\u00f3ria de duas mulheres negras, Mabel e Eunice, m\u00e3e e filha, que moram em um condom\u00ednio de luxo no qual trabalham. Entretanto, Eunice acaba se tornando testemunha-chave de um crime chocante ocorrido na casa dos patr\u00f5es.<\/span><\/p>\n<p style=\"text-align: justify;\"><span style=\"font-family: arial, helvetica, sans-serif;\">Retornando em mar\u00e7o, o Clube de Leitura Ler Mulheres \u00e9 um importante projeto constru\u00eddo e desenvolvido dentro da universidade p\u00fablica para impactar positivamente a comunidade pelotense, trazendo uma iniciativa importante para a sociedade atual ao valorizar e reconhecer n\u00e3o s\u00f3 a literatura feminina, mas tamb\u00e9m as mulheres que edificam o campo liter\u00e1rio.<\/span><\/p>\n<p style=\"text-align: justify;\"><span style=\"color: #0000ff;\"><strong><span style=\"font-family: arial, helvetica, sans-serif;\">Para o ano de 2025, o clube vai contar com a seguinte curadoria de livros:<\/span><\/strong><\/span><\/p>\n<p style=\"text-align: justify;\"><span style=\"font-family: arial, helvetica, sans-serif;\"><span style=\"color: #0000ff;\"><strong>Mar\u00e7o<\/strong>:<\/span> \u201cA maior mentira do mundo\u201d de Luciana Gerbovic<\/span><\/p>\n<p style=\"text-align: justify;\"><span style=\"font-family: arial, helvetica, sans-serif;\"><span style=\"color: #0000ff;\"><strong>Abril<\/strong>:<\/span> \u201cEssa coisa viva\u201d de Maria Esther Maciel<\/span><\/p>\n<p style=\"text-align: justify;\"><span style=\"font-family: arial, helvetica, sans-serif;\"><span style=\"color: #0000ff;\"><strong>Maio<\/strong>:<\/span> \u201cJo\u00e3o Maria Matilde\u201d de Marcela Dant\u00e9s<\/span><\/p>\n<p style=\"text-align: justify;\"><span style=\"font-family: arial, helvetica, sans-serif;\"><span style=\"color: #0000ff;\"><strong>Junho<\/strong>:<\/span> \u201cControle\u201d de Natalia Borges Polesso<\/span><\/p>\n<p style=\"text-align: justify;\"><span style=\"font-family: arial, helvetica, sans-serif;\"><span style=\"color: #0000ff;\"><strong>Julho<\/strong>:<\/span> \u201cCartas para a m\u00e3e\u201d de Teresa C\u00e1rdenas<\/span><\/p>\n<p style=\"text-align: justify;\"><span style=\"font-family: arial, helvetica, sans-serif;\"><span style=\"color: #0000ff;\"><strong>Agosto<\/strong>:<\/span> \u201cVirg\u00ednia mordida\u201d de Jeovanna Vieira<\/span><\/p>\n<p style=\"text-align: justify;\"><span style=\"font-family: arial, helvetica, sans-serif;\"><span style=\"color: #0000ff;\"><strong>Setembro<\/strong>:<\/span> \u201cDias de se fazer sil\u00eancio\u201d de Camila Maccari<\/span><\/p>\n<p style=\"text-align: justify;\"><span style=\"font-family: arial, helvetica, sans-serif;\"><span style=\"color: #0000ff;\"><strong>Outubro<\/strong>:<\/span> \u201cO c\u00e9u para os bastardos\u201d de Lila Guerra<\/span><\/p>\n<p style=\"text-align: justify;\"><span style=\"font-family: arial, helvetica, sans-serif;\"><span style=\"color: #0000ff;\"><strong>Novembro<\/strong>:<\/span> \u201cUm exu em Nova York\u201d de Cidinha da Silva<\/span><\/p>\n<p style=\"text-align: justify;\"><span style=\"font-family: arial, helvetica, sans-serif;\"><span style=\"color: #0000ff;\"><strong>Dezembro<\/strong>:<\/span> \u201cA analfabeta\u201d de \u00c1gota Kristof<\/span><\/p>\n<p style=\"text-align: justify;\"><a href=\"http:\/\/wp.ufpel.edu.br\/artenosul\"><span style=\"color: #0000ff;\"><strong><span style=\"font-family: arial, helvetica, sans-serif;\">PRIMEIRA P\u00c1GINA<\/span><\/strong><\/span><\/a><\/p>\n<p style=\"text-align: justify;\"><span style=\"color: #0000ff;\"><strong><span style=\"font-family: arial, helvetica, sans-serif;\">COMENT\u00c1RIOS<\/span><\/strong><\/span><\/p>\n<p>&nbsp;<\/p>\n<div data-test='contact-form'\n\t\t\tid='contact-form-28810'\n\t\t\tclass='wp-block-jetpack-contact-form-container '\n\t\t\tdata-wp-interactive='jetpack\/form' data-wp-context='{\"formId\":\"28810\",\"formHash\":\"f79a263240c38cb84f3355665a4dd3b7d1dfb4b2\",\"showErrors\":false,\"errors\":[],\"fields\":[],\"isMultiStep\":false,\"useAjax\":true,\"submissionData\":null,\"formattedSubmissionData\":[],\"submissionSuccess\":false,\"submissionError\":null,\"elementId\":\"jp-form-f79a263240c38cb84f3355665a4dd3b7d1dfb4b2\",\"isSingleInputForm\":false}'\n\t\t\tdata-wp-watch--scroll-to-wrapper=\"callbacks.scrollToWrapper\"\n\t\t>\n<div class=\"contact-form-submission contact-form-ajax-submission\" data-wp-class--submission-success=\"context.submissionSuccess\"><p class=\"go-back-message\"><a class=\"link\" role=\"button\" tabindex=\"0\" data-wp-on--click=\"actions.goBack\" href=\"\/artenosul\/wp-json\/wp\/v2\/posts\/28810\">Voltar<\/a><\/p><h4 id=\"contact-form-success-header\">Sua mensagem foi enviada<\/h4>\n\n<template data-wp-each--submission=\"context.formattedSubmissionData\">\n\t\t\t\t\t<div class=\"jetpack_forms_contact-form-success-summary\">\n\t\t\t\t\t\t<div class=\"field-name\" data-wp-text=\"context.submission.label\" data-wp-bind--hidden=\"!context.submission.label\"><\/div>\n\t\t\t\t\t\t<div class=\"field-value\" data-wp-text=\"context.submission.value\"><\/div>\n\t\t\t\t\t\t<div class=\"field-images\" data-wp-bind--hidden=\"!context.submission.images\">\n\t\t\t\t\t\t\t<template data-wp-each--image=\"context.submission.images\">\n\t\t\t\t\t\t\t\t<figure class=\"field-image\" data-wp-class--is-empty=\"!context.image\">\n\t\t\t\t\t\t\t\t\t<img data-wp-bind--src=\"context.image\" data-wp-bind--hidden=\"!context.image\" \/>\n\t\t\t\t\t\t\t\t\t<img decoding=\"async\" src=\"data:image\/gif;base64,R0lGODlhAQABAAD\/ACwAAAAAAQABAAACADs=\" data-wp-bind--hidden=\"context.image\" \/>\n\t\t\t\t\t\t\t\t<\/figure>\n\t\t\t\t\t\t\t<\/template>\n\t\t\t\t\t\t<\/div>\n\t\t\t\t\t<\/div>\n\t\t\t\t<\/template><\/div><form action='https:\/\/wp.ufpel.edu.br\/artenosul\/2025\/03\/20\/projeto-de-extensao-incentiva-a-leitura-de-obras-literarias-escritas-por-mulheres\/'\n\t\t\t\tid='jp-form-f79a263240c38cb84f3355665a4dd3b7d1dfb4b2'\n\t\t\t\tmethod='post'\n\t\t\t\tclass='contact-form commentsblock' aria-label=\"Projeto de extens\u00e3o incentiva a leitura de obras liter\u00e1rias escritas por mulheres\"\n\t\t\t\tdata-wp-on--submit=\"actions.onFormSubmit\"\n\t\t\t\tdata-wp-on--reset=\"actions.onFormReset\"\n\t\t\t\tdata-wp-class--submission-success=\"context.submissionSuccess\"\n\t\t\t\tdata-wp-class--is-first-step=\"state.isFirstStep\"\n\t\t\t\tdata-wp-class--is-last-step=\"state.isLastStep\"\n\t\t\t\tdata-wp-class--is-ajax-form=\"context.useAjax\"\n\t\t\t\tnovalidate >\n<input type='hidden' name='jetpack_contact_form_jwt' value='eyJ0eXAiOiJKV1QiLCJhbGciOiJIUzI1NiJ9.eyJlbmNyeXB0ZWRfYXR0cmlidXRlcyI6IkVYbkhaRkQyaW5pblFla3lkWjI2SnV2NXJvU3pURytSWEF2V3FTVFpFMDlaUlJYZEowamNTdWpMQm5tQzZJQ090QmpBSURpbzVlZGRzQldzSTRwek1weUlqM3diSzhmdE9pLys3cFFXa0ZzQXVoNHl2K3IwcHNUNXY0NzhCUjY0Z3lLTmprZWZSZU0wRGo5Tk43cmh2azhuTkwzMDQzKzdWc3RPeCtjVEVzOCtkbmpYak1adE9hVDhmMzZBQUkrWXhENVAxdmpTeTlGeTRJWHVUWDM1V1Q1UVJubVVRYXIzYnBQWjVFL3R5NUxoekloYzNuSmdtMENxWVQrTlN4WEdpcGdPc1Z0NXNZZjdFYUs2ckE4R0o2aGZ5ZnpBNkI5bzBaMjgxbFllTysyanBVNWZ6elFUS2xKTjFJU1A0MlNselU5QWIwTHdYZ0todzVVSDBmZ2ZWeDk4VVlvT0VkV3YxOEd4bndkcnhGTEFqNE8wTkszT3Z6Vm1BcnZHajdVV3FrTktyM1RubFBXUE9mYVdMOS9JdkNKeUM0cnNXb2J4akRWbHFHZVBBTWpLbytHUmM3bTJDQ3NWVWVSUVhiVzZvS2VobzBkRmtKWWZDK1B6NmI5NkNqeElJRnAvb2dpQU5Tc0szb1hsancvWmpNS3pGTHhUT1VqYlJWV0xzNnZyRVhmdEJUSUxTRWZYNjRUVXBOUlZuQ3NIQTNVd0Y1dkQ5aEtwTlZoVUx0ZkRqdjNYbVBCVWlqTklPdVlOVG1IditmaG5BTUcwallRZXg1aTN5SGljeWNtQ1k3WGZKZGJiZlhQTXUxeTA4N3g5cFVPODZSMVNiWDZTaG9kUHo1THZzV3dEbjlVRWMrUi8zN092OGROenB6OVlaRkFMRy9jazhlajVKK2FRamlkNWpQWWtBYkp4SGpIeGZNbVBpb2F3Y1pnL1BqbXI4MzdJek5vSS96Ri9hNGxZZ043ZlJOUlp3bTFnV1NLWk5ubDNDbnI0ZkYvdlI4Z0psaE9TU2FITzM3ekxydVIzeGR6OVNJOEo2RHYyZnF0VEIwWkFKYmNlb3NrbDZCU3VLUjMxbDRZUjVIREtxb2t0WmxXQ0FMZitraHBCa1dITndia0ZJRXdzS2JzUFRlTDcya1VCWXcrUWVJcG00V1M0RHNiVWU3RS8xTk95aFFRWldQamJHMjVCakJHanR1Z2VrT25wL2R6T3RiMFNLUXR5bDh0WEEzakVEYUZ5RTFVQll5RWFyejNsYmNOZ2pFWEtSRjFLVVM1eDRmZ3daeWNNZXRobXd2b24rK0ROSFVSQWw3TT0iLCJjb250ZW50IjoiW2NvbnRhY3QtZmllbGQgbGFiZWw9XCJOb21lXCIgdHlwZT1cIm5hbWVcIl1bY29udGFjdC1maWVsZCBsYWJlbD1cIkUtbWFpbFwiIHR5cGU9XCJlbWFpbFwiXVtjb250YWN0LWZpZWxkIGxhYmVsPVwiTWVuc2FnZW1cIiB0eXBlPVwidGV4dGFyZWFcIl0iLCJoYXNoIjoiZjc5YTI2MzI0MGMzOGNiODRmMzM1NTY2NWE0ZGQzYjdkMWRmYjRiMiIsInNvdXJjZSI6eyJlbnRyeV90aXRsZSI6IlByb2pldG8gZGUgZXh0ZW5zXHUwMGUzbyBpbmNlbnRpdmEgYSBsZWl0dXJhIGRlIG9icmFzIGxpdGVyXHUwMGUxcmlhcyBlc2NyaXRhcyBwb3IgbXVsaGVyZXMiLCJlbnRyeV9wYWdlIjoxLCJzb3VyY2VfaWQiOjI4ODEwLCJzb3VyY2VfdHlwZSI6InNpbmdsZSIsInJlcXVlc3RfdXJsIjoiaHR0cHM6Ly93cC51ZnBlbC5lZHUuYnIvYXJ0ZW5vc3VsL3dwLWpzb24vd3AvdjIvcG9zdHMvMjg4MTAifSwidmVyc2lvbiI6MiwiY2lwaGVyIjoiYWVzLTI1Ni1nY20ifQ.DVD5QXpH_fFF38oUeE8dtltPGBKVagVihpVcDvZsPzk' \/>\n\n<div style=\"\"  data-wp-interactive=\"jetpack\/form\" data-wp-context='{\"fieldId\":\"g28810-nome\",\"fieldType\":\"name\",\"fieldLabel\":\"Nome\",\"fieldValue\":\"\",\"fieldPlaceholder\":\"\",\"fieldIsRequired\":\"\",\"fieldErrorMessage\":\"\",\"fieldExtra\":[],\"formHash\":\"f79a263240c38cb84f3355665a4dd3b7d1dfb4b2\"}'  class='grunion-field-name-wrap grunion-field-wrap'  data-wp-init='callbacks.initializeField' data-wp-on--jetpack-form-reset='callbacks.initializeField' >\n<label\n\t\t\t\tfor='g28810-nome' class=\"grunion-field-label name\" >Nome<\/label>\n<input\n\t\t\t\t\ttype='text'\n\t\t\t\t\tname='g28810-nome'\n\t\t\t\t\tid='g28810-nome'\n\t\t\t\t\tvalue=''\n\n\t\t\t\t\tdata-wp-bind--aria-invalid='state.fieldHasErrors'\n\t\t\t\t\tdata-wp-bind--value='state.getFieldValue'\n\t\t\t\t\taria-errormessage='g28810-nome-text-error-message'\n\t\t\t\t\tdata-wp-on--input='actions.onFieldChange'\n\t\t\t\t\tdata-wp-on--blur='actions.onFieldBlur'\n\t\t\t\t\tdata-wp-class--has-value='state.hasFieldValue'\n\n\t\t\t\t\tclass='name  grunion-field' \n\t\t\t\t\t \/>\n \n\t\t\t<div id=\"g28810-nome-text-error\" class=\"contact-form__input-error\" data-wp-class--has-errors=\"state.fieldHasErrors\">\n\t\t\t\t<span class=\"contact-form__warning-icon\">\n\t\t\t\t\t<svg width=\"16\" height=\"16\" viewBox=\"0 0 16 16\" fill=\"none\" xmlns=\"http:\/\/www.w3.org\/2000\/svg\">\n\t\t\t\t\t\t<path d=\"M8.50015 11.6402H7.50015V10.6402H8.50015V11.6402Z\" \/>\n\t\t\t\t\t\t<path d=\"M7.50015 9.64018H8.50015V6.30684H7.50015V9.64018Z\" \/>\n\t\t\t\t\t\t<path fill-rule=\"evenodd\" clip-rule=\"evenodd\" d=\"M6.98331 3.0947C7.42933 2.30177 8.57096 2.30177 9.01698 3.09469L13.8771 11.7349C14.3145 12.5126 13.7525 13.4735 12.8602 13.4735H3.14004C2.24774 13.4735 1.68575 12.5126 2.12321 11.7349L6.98331 3.0947ZM8.14541 3.58496C8.08169 3.47168 7.9186 3.47168 7.85488 3.58496L2.99478 12.2251C2.93229 12.3362 3.01257 12.4735 3.14004 12.4735H12.8602C12.9877 12.4735 13.068 12.3362 13.0055 12.2251L8.14541 3.58496Z\" \/>\n\t\t\t\t\t<\/svg>\n\t\t\t\t\t<span class=\"visually-hidden\">Aviso<\/span>\n\t\t\t\t<\/span>\n\t\t\t\t<span data-wp-text=\"state.errorMessage\" id=\"g28810-nome-text-error-message\" role=\"alert\" aria-live=\"assertive\"><\/span>\n\t\t\t<\/div> \n\t<\/div>\n\n<div style=\"\"  data-wp-interactive=\"jetpack\/form\" data-wp-context='{\"fieldId\":\"g28810-email\",\"fieldType\":\"email\",\"fieldLabel\":\"E-mail\",\"fieldValue\":\"\",\"fieldPlaceholder\":\"\",\"fieldIsRequired\":\"\",\"fieldErrorMessage\":\"\",\"fieldExtra\":[],\"formHash\":\"f79a263240c38cb84f3355665a4dd3b7d1dfb4b2\"}'  class='grunion-field-email-wrap grunion-field-wrap'  data-wp-init='callbacks.initializeField' data-wp-on--jetpack-form-reset='callbacks.initializeField' >\n<label\n\t\t\t\tfor='g28810-email' class=\"grunion-field-label email\" >E-mail<\/label>\n<input\n\t\t\t\t\ttype='email'\n\t\t\t\t\tname='g28810-email'\n\t\t\t\t\tid='g28810-email'\n\t\t\t\t\tvalue=''\n\n\t\t\t\t\tdata-wp-bind--aria-invalid='state.fieldHasErrors'\n\t\t\t\t\tdata-wp-bind--value='state.getFieldValue'\n\t\t\t\t\taria-errormessage='g28810-email-email-error-message'\n\t\t\t\t\tdata-wp-on--input='actions.onFieldChange'\n\t\t\t\t\tdata-wp-on--blur='actions.onFieldBlur'\n\t\t\t\t\tdata-wp-class--has-value='state.hasFieldValue'\n\n\t\t\t\t\tclass='email  grunion-field' \n\t\t\t\t\t \/>\n \n\t\t\t<div id=\"g28810-email-email-error\" class=\"contact-form__input-error\" data-wp-class--has-errors=\"state.fieldHasErrors\">\n\t\t\t\t<span class=\"contact-form__warning-icon\">\n\t\t\t\t\t<svg width=\"16\" height=\"16\" viewBox=\"0 0 16 16\" fill=\"none\" xmlns=\"http:\/\/www.w3.org\/2000\/svg\">\n\t\t\t\t\t\t<path d=\"M8.50015 11.6402H7.50015V10.6402H8.50015V11.6402Z\" \/>\n\t\t\t\t\t\t<path d=\"M7.50015 9.64018H8.50015V6.30684H7.50015V9.64018Z\" \/>\n\t\t\t\t\t\t<path fill-rule=\"evenodd\" clip-rule=\"evenodd\" d=\"M6.98331 3.0947C7.42933 2.30177 8.57096 2.30177 9.01698 3.09469L13.8771 11.7349C14.3145 12.5126 13.7525 13.4735 12.8602 13.4735H3.14004C2.24774 13.4735 1.68575 12.5126 2.12321 11.7349L6.98331 3.0947ZM8.14541 3.58496C8.08169 3.47168 7.9186 3.47168 7.85488 3.58496L2.99478 12.2251C2.93229 12.3362 3.01257 12.4735 3.14004 12.4735H12.8602C12.9877 12.4735 13.068 12.3362 13.0055 12.2251L8.14541 3.58496Z\" \/>\n\t\t\t\t\t<\/svg>\n\t\t\t\t\t<span class=\"visually-hidden\">Aviso<\/span>\n\t\t\t\t<\/span>\n\t\t\t\t<span data-wp-text=\"state.errorMessage\" id=\"g28810-email-email-error-message\" role=\"alert\" aria-live=\"assertive\"><\/span>\n\t\t\t<\/div> \n\t<\/div>\n\n<div style=\"\"  data-wp-interactive=\"jetpack\/form\" data-wp-context='{\"fieldId\":\"g28810-mensagem\",\"fieldType\":\"textarea\",\"fieldLabel\":\"Mensagem\",\"fieldValue\":\"\",\"fieldPlaceholder\":\"\",\"fieldIsRequired\":\"\",\"fieldErrorMessage\":\"\",\"fieldExtra\":[],\"formHash\":\"f79a263240c38cb84f3355665a4dd3b7d1dfb4b2\"}'  class='grunion-field-textarea-wrap grunion-field-wrap'  data-wp-init='callbacks.initializeField' data-wp-on--jetpack-form-reset='callbacks.initializeField' >\n<label\n\t\t\t\tfor='contact-form-comment-g28810-mensagem' class=\"grunion-field-label textarea\" >Mensagem<\/label>\n<textarea\n\t\t                style=''\n\t\t                name='g28810-mensagem'\n\t\t                id='contact-form-comment-g28810-mensagem'\n\t\t                rows='20'\n\t\t\t\t\t\tdata-wp-text='state.getFieldValue'\n\t\t\t\t\t\tdata-wp-on--input='actions.onFieldChange'\n\t\t\t\t\t\tdata-wp-on--blur='actions.onFieldBlur'\n\t\t\t\t\t\tdata-wp-class--has-value='state.hasFieldValue'\n\t\t\t\t\t\tdata-wp-bind--aria-invalid='state.fieldHasErrors'\n\t\t\t\t\t\taria-errormessage='g28810-mensagem-textarea-error-message'\n\t\t\t\t\t\tclass='textarea  grunion-field'  ><\/textarea>\n \n\t\t\t<div id=\"g28810-mensagem-textarea-error\" class=\"contact-form__input-error\" data-wp-class--has-errors=\"state.fieldHasErrors\">\n\t\t\t\t<span class=\"contact-form__warning-icon\">\n\t\t\t\t\t<svg width=\"16\" height=\"16\" viewBox=\"0 0 16 16\" fill=\"none\" xmlns=\"http:\/\/www.w3.org\/2000\/svg\">\n\t\t\t\t\t\t<path d=\"M8.50015 11.6402H7.50015V10.6402H8.50015V11.6402Z\" \/>\n\t\t\t\t\t\t<path d=\"M7.50015 9.64018H8.50015V6.30684H7.50015V9.64018Z\" \/>\n\t\t\t\t\t\t<path fill-rule=\"evenodd\" clip-rule=\"evenodd\" d=\"M6.98331 3.0947C7.42933 2.30177 8.57096 2.30177 9.01698 3.09469L13.8771 11.7349C14.3145 12.5126 13.7525 13.4735 12.8602 13.4735H3.14004C2.24774 13.4735 1.68575 12.5126 2.12321 11.7349L6.98331 3.0947ZM8.14541 3.58496C8.08169 3.47168 7.9186 3.47168 7.85488 3.58496L2.99478 12.2251C2.93229 12.3362 3.01257 12.4735 3.14004 12.4735H12.8602C12.9877 12.4735 13.068 12.3362 13.0055 12.2251L8.14541 3.58496Z\" \/>\n\t\t\t\t\t<\/svg>\n\t\t\t\t\t<span class=\"visually-hidden\">Aviso<\/span>\n\t\t\t\t<\/span>\n\t\t\t\t<span data-wp-text=\"state.errorMessage\" id=\"g28810-mensagem-textarea-error-message\" role=\"alert\" aria-live=\"assertive\"><\/span>\n\t\t\t<\/div>\n\t<\/div>\n\t<p class='contact-submit'>\n<div class=\"contact-form__error\" data-wp-class--show-errors=\"state.showFormErrors\"><span class=\"contact-form__warning-icon\"><span class=\"visually-hidden\">Aten\u00e7\u00e3o.<\/span><i aria-hidden=\"true\"><\/i><\/span>\n\t\t\t\t<span data-wp-text=\"state.getFormErrorMessage\"><\/span>\n\t\t\t\t<ul>\n\t\t\t\t<template data-wp-each=\"state.getErrorList\" data-wp-key=\"context.item.id\">\n\t\t\t\t\t<li><a data-wp-bind--href=\"context.item.anchor\" data-wp-on--click=\"actions.scrollIntoView\" data-wp-text=\"context.item.label\"><\/a><\/li>\n\t\t\t\t<\/template>\n\t\t\t\t<\/ul><\/div><div class=\"contact-form__error\" data-wp-class--show-errors=\"state.showSubmissionError\" data-wp-text=\"context.submissionError\"><\/div>\t\t<button type='submit' class='pushbutton-wide'>Enviar<\/button>\t\t<input type='hidden' name='contact-form-id' value='28810' \/>\n\t\t<input type='hidden' name='action' value='grunion-contact-form' \/>\n\t\t<input type='hidden' name='contact-form-hash' value='f79a263240c38cb84f3355665a4dd3b7d1dfb4b2' \/>\n\t<\/p>\n<p style=\"display: none !important;\" class=\"akismet-fields-container\" data-prefix=\"ak_\"><label>&#916;<textarea name=\"ak_hp_textarea\" cols=\"45\" rows=\"8\" maxlength=\"100\"><\/textarea><\/label><input type=\"hidden\" id=\"ak_js_1\" name=\"ak_js\" value=\"44\"\/><script>document.getElementById( \"ak_js_1\" ).setAttribute( \"value\", ( new Date() ).getTime() );<\/script><\/p><\/form>\n<\/div>\n<p style=\"text-align: justify;\">\n","protected":false},"excerpt":{"rendered":"<p>Aberto para a comunidade, o Clube de Leitura Ler Mulheres visa promover a literatura feminina e retoma suas atividades no m\u00eas de mar\u00e7o\u00a0 \u00a0 \u00a0 \u00a0 \u00a0 Por Maria Eduarda Lopes\u00a0 \u00a0 \u00a0 \u00a0 \u00a0 &nbsp; &nbsp; No m\u00eas de mar\u00e7o, marcado pelo Dia Internacional das Mulheres e pela luta feminista, o Clube de Leitura &hellip; <\/p>\n<p><a class=\"more-link btn\" href=\"https:\/\/wp.ufpel.edu.br\/artenosul\/2025\/03\/20\/projeto-de-extensao-incentiva-a-leitura-de-obras-literarias-escritas-por-mulheres\/\">Continue lendo<\/a><\/p>\n","protected":false},"author":571,"featured_media":28813,"comment_status":"closed","ping_status":"closed","sticky":false,"template":"","format":"standard","meta":{"jetpack_post_was_ever_published":false,"_jetpack_newsletter_access":"","_jetpack_dont_email_post_to_subs":false,"_jetpack_newsletter_tier_id":0,"_jetpack_memberships_contains_paywalled_content":false,"_jetpack_memberships_contains_paid_content":false,"footnotes":"","jetpack_publicize_message":"","jetpack_publicize_feature_enabled":true,"jetpack_social_post_already_shared":true,"jetpack_social_options":{"image_generator_settings":{"template":"highway","default_image_id":0,"font":"","enabled":false},"version":2}},"categories":[88,83,1],"tags":[2614,2615,2613,605,86,1823,2391,2088,507,2616],"class_list":["post-28810","post","type-post","status-publish","format-standard","has-post-thumbnail","hentry","category-comunidade","category-literatura","category-noticias","tag-centro-de-letras-e-comunicacao","tag-clc","tag-clube-de-leitura-ler-mulheres","tag-leitura","tag-literatura","tag-literatura-feminina","tag-maria-eduarda-lopes","tag-otroporto","tag-ufpel","tag-vanessa-damasceno-ferreira","nodate","item-wrap"],"jetpack_publicize_connections":[],"jetpack_featured_media_url":"https:\/\/wp.ufpel.edu.br\/artenosul\/files\/2025\/03\/Capa.jpg","jetpack_sharing_enabled":true,"jetpack_likes_enabled":true,"jetpack_shortlink":"https:\/\/wp.me\/p6PuxQ-7uG","jetpack-related-posts":[{"id":13778,"url":"https:\/\/wp.ufpel.edu.br\/artenosul\/2023\/05\/17\/mulheres-mitos-e-deusas-retoma-a-narrativa-feminina-sobre-a-historia\/","url_meta":{"origin":28810,"position":0},"title":"\u201cMulheres, mitos e deusas\u201d retoma a narrativa feminina sobre a hist\u00f3ria","author":"artenosul","date":"17 de maio de 2023","format":false,"excerpt":"Em seu livro, a autora Martha Robles analisa hist\u00f3rias de grandes mulheres atrav\u00e9s dos tempos e as estruturas de poder entre os sexos\u00a0\u00a0\u00a0 Por Hillary Orestes\u00a0\u00a0\u00a0\u00a0\u00a0 \u201cMulheres, mitos e deusas\u201d \u00e9 uma obra da autora e soci\u00f3loga mexicana Martha Robles publicada em 1966, mas que s\u00f3 ganhou tradu\u00e7\u00e3o para o\u2026","rel":"","context":"Em &quot;LITERATURA&quot;","block_context":{"text":"LITERATURA","link":"https:\/\/wp.ufpel.edu.br\/artenosul\/category\/literatura\/"},"img":{"alt_text":"","src":"https:\/\/i0.wp.com\/wp.ufpel.edu.br\/artenosul\/files\/2023\/05\/Mulheres-mitos-e-deusas-Creditos-Hillary-Orestes.jpg?resize=350%2C200&ssl=1","width":350,"height":200,"srcset":"https:\/\/i0.wp.com\/wp.ufpel.edu.br\/artenosul\/files\/2023\/05\/Mulheres-mitos-e-deusas-Creditos-Hillary-Orestes.jpg?resize=350%2C200&ssl=1 1x, https:\/\/i0.wp.com\/wp.ufpel.edu.br\/artenosul\/files\/2023\/05\/Mulheres-mitos-e-deusas-Creditos-Hillary-Orestes.jpg?resize=525%2C300&ssl=1 1.5x, https:\/\/i0.wp.com\/wp.ufpel.edu.br\/artenosul\/files\/2023\/05\/Mulheres-mitos-e-deusas-Creditos-Hillary-Orestes.jpg?resize=700%2C400&ssl=1 2x, https:\/\/i0.wp.com\/wp.ufpel.edu.br\/artenosul\/files\/2023\/05\/Mulheres-mitos-e-deusas-Creditos-Hillary-Orestes.jpg?resize=1050%2C600&ssl=1 3x, https:\/\/i0.wp.com\/wp.ufpel.edu.br\/artenosul\/files\/2023\/05\/Mulheres-mitos-e-deusas-Creditos-Hillary-Orestes.jpg?resize=1400%2C800&ssl=1 4x"},"classes":[]},{"id":26869,"url":"https:\/\/wp.ufpel.edu.br\/artenosul\/2024\/07\/19\/jornalistas-rio-grandinas-lancam-clube-de-leitura-focado-na-literatura-da-regiao-sul-do-estado\/","url_meta":{"origin":28810,"position":1},"title":"Jornalistas rio-grandinas lan\u00e7am clube de leitura focado na literatura da Regi\u00e3o Sul do Estado","author":"artenosul","date":"19 de julho de 2024","format":false,"excerpt":"Lisandra Miranda e Milene Louzada estar\u00e3o neste s\u00e1bado, dia 20 de julho, na Livraria Hippocampus, no Balne\u00e1rio Cassino, para o primeiro encontro do clube\u00a0\u00a0 \u00a0 Por Vict\u00f3ria Silva\u00a0 \u00a0 \u00a0 Idealizado pelas jornalistas rio-grandinas Lisandra Miranda e Milene Louzada, o Clube Ao Quadrado vem para somar no cen\u00e1rio liter\u00e1rio da\u2026","rel":"","context":"Em &quot;LITERATURA&quot;","block_context":{"text":"LITERATURA","link":"https:\/\/wp.ufpel.edu.br\/artenosul\/category\/literatura\/"},"img":{"alt_text":"","src":"https:\/\/i0.wp.com\/wp.ufpel.edu.br\/artenosul\/files\/2024\/07\/B.png?resize=350%2C200&ssl=1","width":350,"height":200,"srcset":"https:\/\/i0.wp.com\/wp.ufpel.edu.br\/artenosul\/files\/2024\/07\/B.png?resize=350%2C200&ssl=1 1x, https:\/\/i0.wp.com\/wp.ufpel.edu.br\/artenosul\/files\/2024\/07\/B.png?resize=525%2C300&ssl=1 1.5x, https:\/\/i0.wp.com\/wp.ufpel.edu.br\/artenosul\/files\/2024\/07\/B.png?resize=700%2C400&ssl=1 2x, https:\/\/i0.wp.com\/wp.ufpel.edu.br\/artenosul\/files\/2024\/07\/B.png?resize=1050%2C600&ssl=1 3x, https:\/\/i0.wp.com\/wp.ufpel.edu.br\/artenosul\/files\/2024\/07\/B.png?resize=1400%2C800&ssl=1 4x"},"classes":[]},{"id":27716,"url":"https:\/\/wp.ufpel.edu.br\/artenosul\/2024\/12\/26\/clube-de-literatura-classica-divulga-obras-que-vem-conquistando-o-brasil\/","url_meta":{"origin":28810,"position":2},"title":"Clube de Literatura Cl\u00e1ssica divulga obras que v\u00eam conquistando o Brasil","author":"artenosul","date":"26 de dezembro de 2024","format":false,"excerpt":"Iniciativa criada na cidade ga\u00facha de Dois Irm\u00e3os j\u00e1 tem mais de 12 mil assinantes\u00a0 \u00a0 \u00a0 \u00a0 \u00a0 Por Enrique Carvalho\u00a0 \u00a0 \u00a0 \u00a0 O que surgiu como um clube de leitura casual, tornou-se uma iniciativa da pequena cidade de Dois Irm\u00e3os (RS) em busca de fomentar o segmento\u2026","rel":"","context":"Em &quot;LITERATURA&quot;","block_context":{"text":"LITERATURA","link":"https:\/\/wp.ufpel.edu.br\/artenosul\/category\/literatura\/"},"img":{"alt_text":"","src":"https:\/\/i0.wp.com\/wp.ufpel.edu.br\/artenosul\/files\/2024\/12\/Imagem1-3.png?resize=350%2C200&ssl=1","width":350,"height":200,"srcset":"https:\/\/i0.wp.com\/wp.ufpel.edu.br\/artenosul\/files\/2024\/12\/Imagem1-3.png?resize=350%2C200&ssl=1 1x, https:\/\/i0.wp.com\/wp.ufpel.edu.br\/artenosul\/files\/2024\/12\/Imagem1-3.png?resize=525%2C300&ssl=1 1.5x"},"classes":[]},{"id":28006,"url":"https:\/\/wp.ufpel.edu.br\/artenosul\/2025\/02\/27\/livraria-sobre-rodas-leva-saber-para-sao-lourenco\/","url_meta":{"origin":28810,"position":3},"title":"Livraria sobre rodas leva saber para S\u00e3o Louren\u00e7o\u00a0\u00a0\u00a0\u00a0","author":"artenosul","date":"27 de fevereiro de 2025","format":false,"excerpt":"A Fuscoteca do Amadinho incentiva a leitura e est\u00e1 precisando de doa\u00e7\u00f5es\u00a0 \u00a0 \u00a0 Por Eduarda Saraiva\u00a0 \u00a0 \u00a0 \u00a0 \u00a0\u00a0 \u00a0 \u00a0 A literatura pode chegar aos leitores das formas mais inusitadas, e, em S\u00e3o Louren\u00e7o do Sul, ela viaja sobre quatro rodas. A \"Fuscoteca do Amadinho\" \u00e9 uma\u2026","rel":"","context":"Em &quot;COMUNIDADE&quot;","block_context":{"text":"COMUNIDADE","link":"https:\/\/wp.ufpel.edu.br\/artenosul\/category\/comunidade\/"},"img":{"alt_text":"","src":"https:\/\/i0.wp.com\/wp.ufpel.edu.br\/artenosul\/files\/2025\/02\/Fuscoteca-do-Amadinho-5-scaled.jpg?resize=350%2C200&ssl=1","width":350,"height":200,"srcset":"https:\/\/i0.wp.com\/wp.ufpel.edu.br\/artenosul\/files\/2025\/02\/Fuscoteca-do-Amadinho-5-scaled.jpg?resize=350%2C200&ssl=1 1x, https:\/\/i0.wp.com\/wp.ufpel.edu.br\/artenosul\/files\/2025\/02\/Fuscoteca-do-Amadinho-5-scaled.jpg?resize=525%2C300&ssl=1 1.5x, https:\/\/i0.wp.com\/wp.ufpel.edu.br\/artenosul\/files\/2025\/02\/Fuscoteca-do-Amadinho-5-scaled.jpg?resize=700%2C400&ssl=1 2x, https:\/\/i0.wp.com\/wp.ufpel.edu.br\/artenosul\/files\/2025\/02\/Fuscoteca-do-Amadinho-5-scaled.jpg?resize=1050%2C600&ssl=1 3x, https:\/\/i0.wp.com\/wp.ufpel.edu.br\/artenosul\/files\/2025\/02\/Fuscoteca-do-Amadinho-5-scaled.jpg?resize=1400%2C800&ssl=1 4x"},"classes":[]},{"id":6843,"url":"https:\/\/wp.ufpel.edu.br\/artenosul\/2017\/07\/14\/novo-espaco-estimula-a-leitura\/","url_meta":{"origin":28810,"position":4},"title":"Novo espa\u00e7o estimula a leitura","author":"artenosul","date":"14 de julho de 2017","format":false,"excerpt":"\u00a0\u00a0\u00a0\u00a0 Ricardo Borges Leite \u00a0\u00a0\u00a0\u00a0 No dia 3 de Maio, a Esta\u00e7\u00e3o Rodovi\u00e1ria de Pelotas (Eterpel) inaugurou o projeto \u201cEmbarque na Leitura\u201d, que tem como objetivo aumentar a circula\u00e7\u00e3o na Rodovi\u00e1ria, e estimular a leitura entre a popula\u00e7\u00e3o. \u00a0\u00a0\u00a0\u00a0 Com idealiza\u00e7\u00e3o da Eterpel e apoio do Sesi e da Fiergs,\u2026","rel":"","context":"Em &quot;COMUNIDADE&quot;","block_context":{"text":"COMUNIDADE","link":"https:\/\/wp.ufpel.edu.br\/artenosul\/category\/comunidade\/"},"img":{"alt_text":"","src":"https:\/\/i0.wp.com\/wp.ufpel.edu.br\/artenosul\/files\/2017\/07\/Ricardo.jpg?resize=350%2C200&ssl=1","width":350,"height":200,"srcset":"https:\/\/i0.wp.com\/wp.ufpel.edu.br\/artenosul\/files\/2017\/07\/Ricardo.jpg?resize=350%2C200&ssl=1 1x, https:\/\/i0.wp.com\/wp.ufpel.edu.br\/artenosul\/files\/2017\/07\/Ricardo.jpg?resize=525%2C300&ssl=1 1.5x"},"classes":[]},{"id":9993,"url":"https:\/\/wp.ufpel.edu.br\/artenosul\/2021\/10\/19\/projeto-leia-rio-grande-apoia-escritores-do-municipio\/","url_meta":{"origin":28810,"position":5},"title":"Projeto Leia Rio Grande apoia escritores do munic\u00edpio","author":"artenosul","date":"19 de outubro de 2021","format":false,"excerpt":"Por Ana Caroline Rossetto e Milene Louzada\u00a0\u00a0\u00a0 A\u00e7\u00f5es promovem nomes locais da literatura por transmiss\u00f5es e oficinas online O Projeto Leia Rio Grande teve seu lan\u00e7amento no dia 8 de julho em uma transmiss\u00e3o online, visto que a atividade iniciou durante o per\u00edodo pand\u00eamico. Todas as suas a\u00e7\u00f5es foram realizadas\u2026","rel":"","context":"Em &quot;COMUNIDADE&quot;","block_context":{"text":"COMUNIDADE","link":"https:\/\/wp.ufpel.edu.br\/artenosul\/category\/comunidade\/"},"img":{"alt_text":"","src":"https:\/\/i0.wp.com\/wp.ufpel.edu.br\/artenosul\/files\/2021\/10\/2021-10-19-2b-500x426.png?resize=350%2C200&ssl=1","width":350,"height":200},"classes":[]}],"_links":{"self":[{"href":"https:\/\/wp.ufpel.edu.br\/artenosul\/wp-json\/wp\/v2\/posts\/28810","targetHints":{"allow":["GET"]}}],"collection":[{"href":"https:\/\/wp.ufpel.edu.br\/artenosul\/wp-json\/wp\/v2\/posts"}],"about":[{"href":"https:\/\/wp.ufpel.edu.br\/artenosul\/wp-json\/wp\/v2\/types\/post"}],"author":[{"embeddable":true,"href":"https:\/\/wp.ufpel.edu.br\/artenosul\/wp-json\/wp\/v2\/users\/571"}],"replies":[{"embeddable":true,"href":"https:\/\/wp.ufpel.edu.br\/artenosul\/wp-json\/wp\/v2\/comments?post=28810"}],"version-history":[{"count":4,"href":"https:\/\/wp.ufpel.edu.br\/artenosul\/wp-json\/wp\/v2\/posts\/28810\/revisions"}],"predecessor-version":[{"id":28816,"href":"https:\/\/wp.ufpel.edu.br\/artenosul\/wp-json\/wp\/v2\/posts\/28810\/revisions\/28816"}],"wp:featuredmedia":[{"embeddable":true,"href":"https:\/\/wp.ufpel.edu.br\/artenosul\/wp-json\/wp\/v2\/media\/28813"}],"wp:attachment":[{"href":"https:\/\/wp.ufpel.edu.br\/artenosul\/wp-json\/wp\/v2\/media?parent=28810"}],"wp:term":[{"taxonomy":"category","embeddable":true,"href":"https:\/\/wp.ufpel.edu.br\/artenosul\/wp-json\/wp\/v2\/categories?post=28810"},{"taxonomy":"post_tag","embeddable":true,"href":"https:\/\/wp.ufpel.edu.br\/artenosul\/wp-json\/wp\/v2\/tags?post=28810"}],"curies":[{"name":"wp","href":"https:\/\/api.w.org\/{rel}","templated":true}]}}