{"id":28794,"date":"2025-03-20T09:40:29","date_gmt":"2025-03-20T12:40:29","guid":{"rendered":"https:\/\/wp.ufpel.edu.br\/artenosul\/?p=28794"},"modified":"2025-03-20T10:34:03","modified_gmt":"2025-03-20T13:34:03","slug":"ir-ao-cinema-na-era-do-streaming","status":"publish","type":"post","link":"https:\/\/wp.ufpel.edu.br\/artenosul\/2025\/03\/20\/ir-ao-cinema-na-era-do-streaming\/","title":{"rendered":"Ir ao cinema na era do streaming"},"content":{"rendered":"<p style=\"text-align: center;\"><span style=\"font-family: arial, helvetica, sans-serif; color: #000080;\"><strong><em>Entrevista de gerente de marketing do CineArt destaca as diferen\u00e7as que permanecem ao ver os filmes na tela grande\u00a0 \u00a0 \u00a0 \u00a0<\/em><\/strong><\/span><\/p>\n<p style=\"text-align: right;\"><span style=\"font-family: arial, helvetica, sans-serif; color: #000080;\"><strong><em>Por Enrique Carvalho\u00a0 \u00a0 \u00a0 \u00a0<\/em><\/strong><\/span><\/p>\n<p>&nbsp;<\/p>\n<div id=\"attachment_28796\" style=\"width: 845px\" class=\"wp-caption aligncenter\"><img loading=\"lazy\" decoding=\"async\" aria-describedby=\"caption-attachment-28796\" class=\"wp-image-28796\" src=\"https:\/\/wp.ufpel.edu.br\/artenosul\/files\/2025\/03\/images-1-500x333.jpeg\" alt=\"\" width=\"845\" height=\"563\" srcset=\"https:\/\/wp.ufpel.edu.br\/artenosul\/files\/2025\/03\/images-1-500x333.jpeg 500w, https:\/\/wp.ufpel.edu.br\/artenosul\/files\/2025\/03\/images-1-300x200.jpeg 300w, https:\/\/wp.ufpel.edu.br\/artenosul\/files\/2025\/03\/images-1.jpeg 678w\" sizes=\"auto, (max-width: 845px) 100vw, 845px\" \/><p id=\"caption-attachment-28796\" class=\"wp-caption-text\"><span style=\"font-family: arial, helvetica, sans-serif;\"><strong><span style=\"color: #0000ff;\">O h\u00e1bito de frequentar as salas de cinema tem seu sentido renovado na era digital<\/span><\/strong><\/span><\/p><\/div>\n<p>&nbsp;<\/p>\n<p style=\"text-align: justify;\"><span style=\"font-family: arial, helvetica, sans-serif;\">Atualmente, na era do <em>streaming<\/em>, a cultura cinematogr\u00e1fica mudou muito, mas a experi\u00eancia completa de ver um filme continua sendo a ida a uma sala de exibi\u00e7\u00e3o. A gerente de marketing do CineArt de Pelotas, Gabriela Isquierdo, fala sobre as estrat\u00e9gias que est\u00e3o sendo criadas e como \u00e9 o relacionamento do p\u00fablico local com este cinema, que atualmente conta com quatro salas.<\/span><\/p>\n<p style=\"text-align: justify;\"><span style=\"font-family: arial, helvetica, sans-serif;\">A arte do cinema, nascida em 1896 com o <em>clip<\/em> \u201cA Chegada do Trem na Esta\u00e7\u00e3o\u201d dos irm\u00e3os Lumi\u00e8re, passou por transforma\u00e7\u00f5es ao longo dos s\u00e9culos. Desde ser considerada, principalmente pelas elites do come\u00e7o do s\u00e9culo XX, uma simula\u00e7\u00e3o menos prestigiosa do teatro e ser relegada para a classe trabalhadora mais desprivilegiada, at\u00e9 ser consolidada como uma linguagem art\u00edstica base de uma ind\u00fastria que em 2024 teve seu recorde de 30 bilh\u00f5es de d\u00f3lares de faturamento conforme informa o site americano Deadline<em>.<\/em><\/span><\/p>\n<p style=\"text-align: justify;\"><span style=\"font-family: arial, helvetica, sans-serif;\">Nos anos p\u00f3s-pand\u00eamicos, contudo, h\u00e1 uma instabilidade em rela\u00e7\u00e3o \u00e0 frequ\u00eancia de espectadores indo \u00e0s salas de cinema. Os n\u00fameros de ingressos vendidos foram de mais de 11 bilh\u00f5es em 2019 para menos de 2,5 bilh\u00f5es em 2020. A queda expressiva d\u00e1-se por conta do lockdown global, mas mesmo ap\u00f3s a normaliza\u00e7\u00e3o da situa\u00e7\u00e3o sanit\u00e1ria, o cinema n\u00e3o tem performado a mesmo ritmo de escalada que estava tendo desde 2004. Pode-se claramente ver esse desempenho no gr\u00e1fico ao lado retirado do site The Numbers.<\/span><\/p>\n<p><img loading=\"lazy\" decoding=\"async\" class=\" wp-image-28799 aligncenter\" src=\"https:\/\/wp.ufpel.edu.br\/artenosul\/files\/2025\/03\/Imagem1b.png\" alt=\"\" width=\"632\" height=\"359\" \/><\/p>\n<p style=\"text-align: justify;\"><span style=\"font-family: arial, helvetica, sans-serif;\">Ao contr\u00e1rio das telonas, os servi\u00e7os de streaming, como a Netflix, nunca pararam de ter seus n\u00fameros de assinantes subindo a cada ano, chegando a mais 300 milh\u00f5es em 2024, como vemos no gr\u00e1fico de assinantes ao lado retirado do site Statista.<\/span><\/p>\n<p>&nbsp;<\/p>\n<p>&nbsp;<\/p>\n<p><img loading=\"lazy\" decoding=\"async\" class=\" wp-image-28800 aligncenter\" src=\"https:\/\/wp.ufpel.edu.br\/artenosul\/files\/2025\/03\/Imagem2b.png\" alt=\"\" width=\"612\" height=\"388\" \/><\/p>\n<p style=\"text-align: justify;\"><span style=\"font-family: arial, helvetica, sans-serif;\">Para entendermos mais sobre o cen\u00e1rio local do cinema, conversamos com Gabriela Isquierdo, gerente de marketing do CineArt, cinema j\u00e1 consolidado da cidade de Pelotas. Aberto em 2001, o CineArt tem ao longo do tempo modernizando-se e ampliando seu espa\u00e7o para acomodar mais telespectadores. Em 2004, teve sua primeira amplia\u00e7\u00e3o para tr\u00eas salas. Em 2014, mudou o sistema de exibi\u00e7\u00e3o para ter suas salas cem por cento digitais. J\u00e1, em 2018, \u00e9 ampliado novamente para ter quatro salas.<\/span><\/p>\n<p style=\"text-align: justify;\"><span style=\"font-family: arial, helvetica, sans-serif;\"><span style=\"color: #0000ff;\"><strong>Arte no Sul &#8211;<\/strong><\/span> Qual \u00e9 a estrat\u00e9gia do cinema para atrair o p\u00fablico?<\/span><\/p>\n<p style=\"text-align: justify;\"><span style=\"font-family: arial, helvetica, sans-serif;\"><span style=\"color: #0000ff;\"><strong>Gabriela Isquierdo &#8211;<\/strong><\/span> Aqui no CineArt, n\u00f3s trabalhamos com bastante promo\u00e7\u00f5es, temos o valor bastante acess\u00edvel. Al\u00e9m disso, n\u00f3s buscamos ter uma rede-social bem ativa e promovemos bastantes an\u00fancios; eu acredito que a gente precise instigar as pessoas a ir ao cinema. Antigamente, para saber as programa\u00e7\u00f5es dos filmes, as pessoas deveriam sair de casa e ir na frente do cinema saber os hor\u00e1rios. As salas, hoje em dia, com as redes-sociais, podem estimular que as pessoas acessem isso de uma maneira muito mais f\u00e1cil. Precisamos trabalhar um bom marketing, n\u00e3o apenas em torno do que j\u00e1 \u00e9 feito pelas distribuidoras, Disney e \u00a0Warner, por exemplo.<\/span><\/p>\n<p style=\"text-align: justify;\"><span style=\"font-family: arial, helvetica, sans-serif;\"><span style=\"color: #0000ff;\"><strong>Arte no Sul &#8211;<\/strong><\/span> De que maneira o cinema pode oferecer uma experi\u00eancia \u00fanica e imersiva que supere a experi\u00eancia de assistir a um filme em casa?<\/span><\/p>\n<p style=\"text-align: justify;\"><span style=\"font-family: arial, helvetica, sans-serif;\"><span style=\"color: #0000ff;\"><strong>Gabriela Isquierdo &#8211; <\/strong><\/span>Pra mim, pessoalmente, assistir a um filme no cinema \u00e9 uma experi\u00eancia totalmente diferente de ver um filme em casa. Voc\u00ea n\u00e3o ter\u00e1 uma tela gigante como tem no cinema, n\u00e3o ter\u00e1 o som do cinema, \u00e9 uma outra experi\u00eancia. At\u00e9 a pipoca que tu comes. \u00c9 uma experi\u00eancia muito diferente de voc\u00ea ver um filme em casa.<\/span><\/p>\n<p>&nbsp;<\/p>\n<div id=\"attachment_28798\" style=\"width: 751px\" class=\"wp-caption aligncenter\"><img loading=\"lazy\" decoding=\"async\" aria-describedby=\"caption-attachment-28798\" class=\" wp-image-28798\" src=\"https:\/\/wp.ufpel.edu.br\/artenosul\/files\/2025\/03\/Foto-Saguao-CineArt-500x387.webp\" alt=\"\" width=\"751\" height=\"581\" srcset=\"https:\/\/wp.ufpel.edu.br\/artenosul\/files\/2025\/03\/Foto-Saguao-CineArt-500x387.webp 500w, https:\/\/wp.ufpel.edu.br\/artenosul\/files\/2025\/03\/Foto-Saguao-CineArt-300x232.webp 300w, https:\/\/wp.ufpel.edu.br\/artenosul\/files\/2025\/03\/Foto-Saguao-CineArt.webp 768w\" sizes=\"auto, (max-width: 751px) 100vw, 751px\" \/><p id=\"caption-attachment-28798\" class=\"wp-caption-text\"><span style=\"font-family: arial, helvetica, sans-serif;\"><strong><span style=\"color: #0000ff;\">O CineArt est\u00e1 localizado no Centro da cidade de Pelotas\u00a0 \u00a0Foto: Divulga\u00e7\u00e3o\u00a0<\/span><\/strong><\/span><\/p><\/div>\n<p>&nbsp;<\/p>\n<p style=\"text-align: justify;\"><span style=\"font-family: arial, helvetica, sans-serif;\"><span style=\"color: #0000ff;\"><strong>Arte no Sul &#8211;<\/strong><\/span> Como a sua equipe lida com as mudan\u00e7as nos h\u00e1bitos de consumo de entretenimento e como elas impactam a programa\u00e7\u00e3o e marketing do cinema?<\/span><\/p>\n<p style=\"text-align: justify;\"><span style=\"font-family: arial, helvetica, sans-serif;\"><span style=\"color: #0000ff;\"><strong>Gabriela Isquierdo &#8211;<\/strong><\/span> A gente [equipe do CineArt] comenta muito sobre a diferen\u00e7a de voc\u00ea pedir uma comida em casa e voc\u00ea ir em um restaurante. Quando voc\u00ea est\u00e1 indo ao cinema, voc\u00ea n\u00e3o est\u00e1 indo s\u00f3 assistir a um filme, as pessoas colocam muito isso na cabe\u00e7a. Mas, n\u00e3o, quando voc\u00ea est\u00e1 indo no cinema, est\u00e1 indo fazer uma programa\u00e7\u00e3o. Tu est\u00e1s saindo de casa, tu est\u00e1s indo ver outras pessoas. Tem gente que vai no cinema sozinho, mas est\u00e1 numa sala junto de outras pessoas. \u00c9 uma experi\u00eancia de voc\u00ea rir em conjunto, ficar com medo em conjunto. \u00c9 diferente de voc\u00ea assistir ao filme em casa.<\/span><\/p>\n<p style=\"text-align: justify;\"><span style=\"font-family: arial, helvetica, sans-serif;\"><span style=\"color: #0000ff;\"><strong>Arte no Sul &#8211;<\/strong><\/span> Quais s\u00e3o as principais vantagens que o cinema oferece em rela\u00e7\u00e3o \u00e0s plataformas de streaming e como elas s\u00e3o comunicadas ao p\u00fablico?<\/span><\/p>\n<p style=\"text-align: justify;\"><span style=\"font-family: arial, helvetica, sans-serif;\"><span style=\"color: #0000ff;\"><strong>Gabriela Isquierdo &#8211;<\/strong><\/span> Uma das principais diferen\u00e7as, e tomara que ainda siga bastante tempo assim, \u00e9 que as estreias a gente ainda confere s\u00f3 no cinema. Ent\u00e3o, primeiro a estreia \u00e9 lan\u00e7ada no cinema. Isso \u00e9 a principal diferen\u00e7a, al\u00e9m de todos os fatores j\u00e1 citados.<\/span><\/p>\n<p style=\"text-align: justify;\"><span style=\"font-family: arial, helvetica, sans-serif;\"><span style=\"color: #0000ff;\"><strong>Arte no Sul &#8211; <\/strong><\/span>Como a sua equipe trabalha para criar uma comunidade em torno do cinema, com eventos especiais, exibi\u00e7\u00f5es tem\u00e1ticas ou parcerias com influenciadores locais?<\/span><\/p>\n<p style=\"text-align: justify;\"><span style=\"font-family: arial, helvetica, sans-serif;\"><span style=\"color: #0000ff;\"><strong>Gabriela Isquierdo &#8211; <\/strong><\/span>Desde que assumimos a administra\u00e7\u00e3o do cinema em 2014, n\u00e3o sei se voc\u00ea sabe, mas o CineArt \u00e9 uma empresa local, desde ent\u00e3o tivemos uma rede-social bem ativa, desde o tempo do <a href=\"https:\/\/www.facebook.com\/Cineartpelotas\/?locale=pt_BR\" target=\"_blank\" rel=\"noopener\"><strong>Facebook,<\/strong><\/a> com um engajamento alt\u00edssimo. Hoje, at\u00e9 temos um engajamento legal no <a href=\"https:\/\/www.instagram.com\/cineartpelotas\/\" target=\"_blank\" rel=\"noopener\"><strong>Instagram<\/strong><\/a>, mas no Facebook era bem forte. E tamb\u00e9m temos clientes bem engajados, eles conhecem a gente, quem s\u00e3o os donos do cinema.<\/span><\/p>\n<p style=\"text-align: justify;\"><span style=\"font-family: arial, helvetica, sans-serif;\">As pessoas que realmente v\u00e3o no cinema s\u00e3o bem ass\u00edduas, nos conhecemos pelo nome. Isso \u00e9 a constru\u00e7\u00e3o de uma comunidade, muito mais que uma rede-social ou chamar um <em>influencer<\/em>.<\/span><\/p>\n<p style=\"text-align: justify;\"><span style=\"font-family: arial, helvetica, sans-serif;\">Sobre eventos, um dos mais legais que fazemos \u00e9 o Doa\u00e7\u00e3o de Cinema, quando trocamos cartazes do cinema por alimentos. J\u00e1 tivemos tr\u00eas edi\u00e7\u00f5es e logo teremos a quarta. As pessoas nos procuravam para pegar os cartazes dos filmes e pensamos por que n\u00e3o juntar tudo isso e fazer uma doa\u00e7\u00e3o em um dia s\u00f3, tudo em troca de um alimento?<\/span><\/p>\n<p style=\"text-align: justify;\"><span style=\"font-family: arial, helvetica, sans-serif;\">\u00a0<\/span><\/p>\n<p style=\"text-align: justify;\"><span style=\"font-family: arial, helvetica, sans-serif; color: #0000ff;\"><strong>La\u00e7os atrav\u00e9s do cinema<\/strong><\/span><\/p>\n<p style=\"text-align: justify;\"><span style=\"font-family: arial, helvetica, sans-serif;\">O ato de ir ao cinema n\u00e3o \u00e9 apenas meramente um entretenimento, mas sim uma constru\u00e7\u00e3o de um evento coletivo. Podemos avali\u00e1-lo como a cria\u00e7\u00e3o de la\u00e7os dentre uma comunidade. A pr\u00f3pria UFPel tem o Cine Ufpel, projeto que visa promover o acesso \u00e0 cultura por meio de obras do audiovisual, em especial os filmes brasileiros e latino-americanos. Localizado na rua Lobo da Costa, 447, no centro de Pelotas, promove sess\u00f5es nas quintas e sextas-feiras. Para acompanhar a programa\u00e7\u00e3o, pode-se acessar o <a href=\"https:\/\/www.instagram.com\/cineufpel\/\" target=\"_blank\" rel=\"noopener\"><strong>Instagram do Cine UFPel<\/strong> <\/a>e acompanhar as divulga\u00e7\u00f5es de hor\u00e1rios.\u00a0<\/span><\/p>\n<p style=\"text-align: justify;\"><span style=\"font-family: arial, helvetica, sans-serif;\">\u00a0Os filmes, como podemos ver com a repercuss\u00e3o de \u201cAinda Estou Aqui\u201d, mant\u00e9m a mem\u00f3ria viva de um recorte temporal de nossa hist\u00f3ria. Acompanhar o cinema \u00e9 estudar o passado e aprender com ele, \u00e9 buscar novas perspectivas de vida ou encarar realidades fant\u00e1sticas que cativam o esp\u00edrito. Assistir a um filme pode ser um ato de resist\u00eancia, de amor, de medo, de coragem. Isso acarreta diversos prop\u00f3sitos e fazer esse ato em comunidade, indo ao local, enriquece ainda mais o senso de pertencer a um grupo social, uma comunidade, um pa\u00eds.<\/span><\/p>\n<p style=\"text-align: justify;\"><span style=\"font-family: arial, helvetica, sans-serif;\">Com a ascens\u00e3o dos <em>streamings, <\/em>assistir a uma obra audiovisual torna-se uma a\u00e7\u00e3o cada dia mais insipida em rela\u00e7\u00e3o \u00e0 experi\u00eancia comunit\u00e1ria que poderia ser. Isso pode fazer parte de um movimento de atomiza\u00e7\u00e3o da sociedade, no qual o indiv\u00edduo se distancia dos outros com cada vez mais frequ\u00eancia e perde-se o senso de pertencer a um universo mais amplo e compartilhado com seus semelhantes. Ir ao cinema \u00e9 manter parte de uma cultura viva.<\/span><\/p>\n<p style=\"text-align: justify;\"><a href=\"http:\/\/wp.ufpel.edu.br\/artenosul\"><span style=\"color: #0000ff;\"><strong><span style=\"font-family: arial, helvetica, sans-serif;\">PRIMEIRA P\u00c1GINA<\/span><\/strong><\/span><\/a><\/p>\n<p style=\"text-align: justify;\"><span style=\"color: #0000ff;\"><strong><span style=\"font-family: arial, helvetica, sans-serif;\">COMENT\u00c1RIOS<\/span><\/strong><\/span><\/p>\n<p>&nbsp;<\/p>\n<div data-test='contact-form'\n\t\t\tid='contact-form-28794'\n\t\t\tclass='wp-block-jetpack-contact-form-container '\n\t\t\tdata-wp-interactive='jetpack\/form' data-wp-context='{\"formId\":\"28794\",\"formHash\":\"bca6c5db2fade2b90b4615997159dba27ad5a57f\",\"showErrors\":false,\"errors\":[],\"fields\":[],\"isMultiStep\":false,\"useAjax\":true,\"submissionData\":null,\"formattedSubmissionData\":[],\"submissionSuccess\":false,\"submissionError\":null,\"elementId\":\"jp-form-bca6c5db2fade2b90b4615997159dba27ad5a57f\",\"isSingleInputForm\":false}'\n\t\t\tdata-wp-watch--scroll-to-wrapper=\"callbacks.scrollToWrapper\"\n\t\t>\n<div class=\"contact-form-submission contact-form-ajax-submission\" data-wp-class--submission-success=\"context.submissionSuccess\"><p class=\"go-back-message\"><a class=\"link\" role=\"button\" tabindex=\"0\" data-wp-on--click=\"actions.goBack\" href=\"\/artenosul\/wp-json\/wp\/v2\/posts\/28794\">Voltar<\/a><\/p><h4 id=\"contact-form-success-header\">Sua mensagem foi enviada<\/h4>\n\n<template data-wp-each--submission=\"context.formattedSubmissionData\">\n\t\t\t\t\t<div class=\"jetpack_forms_contact-form-success-summary\">\n\t\t\t\t\t\t<div class=\"field-name\" data-wp-text=\"context.submission.label\" data-wp-bind--hidden=\"!context.submission.label\"><\/div>\n\t\t\t\t\t\t<div class=\"field-value\" data-wp-text=\"context.submission.value\"><\/div>\n\t\t\t\t\t\t<div class=\"field-images\" data-wp-bind--hidden=\"!context.submission.images\">\n\t\t\t\t\t\t\t<template data-wp-each--image=\"context.submission.images\">\n\t\t\t\t\t\t\t\t<figure class=\"field-image\" data-wp-class--is-empty=\"!context.image\">\n\t\t\t\t\t\t\t\t\t<img data-wp-bind--src=\"context.image\" data-wp-bind--hidden=\"!context.image\" \/>\n\t\t\t\t\t\t\t\t\t<img decoding=\"async\" src=\"data:image\/gif;base64,R0lGODlhAQABAAD\/ACwAAAAAAQABAAACADs=\" data-wp-bind--hidden=\"context.image\" \/>\n\t\t\t\t\t\t\t\t<\/figure>\n\t\t\t\t\t\t\t<\/template>\n\t\t\t\t\t\t<\/div>\n\t\t\t\t\t<\/div>\n\t\t\t\t<\/template><\/div><form action='https:\/\/wp.ufpel.edu.br\/artenosul\/2025\/03\/20\/ir-ao-cinema-na-era-do-streaming\/'\n\t\t\t\tid='jp-form-bca6c5db2fade2b90b4615997159dba27ad5a57f'\n\t\t\t\tmethod='post'\n\t\t\t\tclass='contact-form commentsblock' aria-label=\"Ir ao cinema na era do streaming\"\n\t\t\t\tdata-wp-on--submit=\"actions.onFormSubmit\"\n\t\t\t\tdata-wp-on--reset=\"actions.onFormReset\"\n\t\t\t\tdata-wp-class--submission-success=\"context.submissionSuccess\"\n\t\t\t\tdata-wp-class--is-first-step=\"state.isFirstStep\"\n\t\t\t\tdata-wp-class--is-last-step=\"state.isLastStep\"\n\t\t\t\tdata-wp-class--is-ajax-form=\"context.useAjax\"\n\t\t\t\tnovalidate >\n<input type='hidden' name='jetpack_contact_form_jwt' value='eyJ0eXAiOiJKV1QiLCJhbGciOiJIUzI1NiJ9.eyJlbmNyeXB0ZWRfYXR0cmlidXRlcyI6IktEUHdEbzg5VjRsRVlnbm95U0c3dUxtWXFkQ05NQ3BmbXRHaUYvaFdiS0ZoYWlyTTY3MmkvZGh2SGhwNEpyUURLeUFMcDBxam12aDlTbHFIM21aQm9BcXcxOVU5RTF5aEpEemQvUVg4NFVqRHhMKzhMMkxaeE9lTitxMmM1T3JwUTRBUXJTOW40Qld1cCtRTUIyNlEyaFIwMm55aVNMNHpBL0VmWEpxZDd0ajNqL0xsVDBva0VMQ0ZjU2lVOGozK2x5YXN3aUpXS3BhczZEM0tMWlM1eDl5UU9RZ3pFV0VJUnBzZmJXbTcvZmhZamlvL3NkUUdlMDVGb2lONmxXc3JhamhWRmEzUkdMT3JNR0c4dVJiNXd6RllRSlV1YVlERmFVTlcvK2d2T3M0c3ovNWNvTGJOSkxaK2FVcWdGdjY1akM2ajg0NThJZ3VhbitYd1J6MEtVNm9id3AxbVFZT0pmNm5ncXNEcjhlZEo3SGthaDY1MEJKcU1Fd21qR0tubzh6U3RiNzRHY0NaVnVJK3ZWenFFL0UyYzRQKzZIVHpUbzNnTWJLZ2p2b2lTR0hSb3pmeWxNekdUVjhDVi9IUGR5YTFVOWZiZVMzUE9hekFSNjdrMGkzMUhtc1kweXpwa01KaFNZOEJLYTl4VVNPZ0ZlbTVYeERxakpVZXkzMEE4blpyN1RlWjIwWGxON2pGRG5HMTk1M2tscFYwQ2tOUHJVMGZoclVSSnJIdldScU04dXhzbnh6NUtpOHBzNlE5RUxhRXBRWmNjUyttUEFiRXV0MGROTHBIajVGdGlac2JKOG1vYWliaDdMaTVqajZGYXNWRHpucDlHN1E4bUZzeUFHUUhiNkR1MkhxUVlHN0dmeWFZY1VZelFkRU8ySDRHZmR0OXVLT21OcGJBRmpyREZETU9tYUVBbVc1Y211QXA3TVhhY2xFV2NDVjlOL3pmbFc1ejVRaXlrL0JwTzFuK053U2RTTUZPSmlRZFRUZ3JEMVJyZmQ0K29pbExEc0pmbVpUWVRlTFZndWR1cmxWT2ZlMDFJSGVQakhxcDRIaXZsWUZPZ3NVeitPK1RmVlh5R2ZPQnZjU1FWdlpKelVuSHFxZllqemtNMHRxWGZxeWNIc1pTZmNrZUdhNVJmbGVpVEVDNU9QNXJHbnBrRW5lNG1GbElFMmVWRFZ0eElhUjR2c1NPclFwckNXVmdmIiwiY29udGVudCI6Iltjb250YWN0LWZpZWxkIGxhYmVsPVwiTm9tZVwiIHR5cGU9XCJuYW1lXCJdW2NvbnRhY3QtZmllbGQgbGFiZWw9XCJFLW1haWxcIiB0eXBlPVwiZW1haWxcIl1bY29udGFjdC1maWVsZCBsYWJlbD1cIk1lbnNhZ2VtXCIgdHlwZT1cInRleHRhcmVhXCJdIiwiaGFzaCI6ImJjYTZjNWRiMmZhZGUyYjkwYjQ2MTU5OTcxNTlkYmEyN2FkNWE1N2YiLCJzb3VyY2UiOnsiZW50cnlfdGl0bGUiOiJJciBhbyBjaW5lbWEgbmEgZXJhIGRvIHN0cmVhbWluZyIsImVudHJ5X3BhZ2UiOjEsInNvdXJjZV9pZCI6Mjg3OTQsInNvdXJjZV90eXBlIjoic2luZ2xlIiwicmVxdWVzdF91cmwiOiJodHRwczovL3dwLnVmcGVsLmVkdS5ici9hcnRlbm9zdWwvd3AtanNvbi93cC92Mi9wb3N0cy8yODc5NCJ9LCJ2ZXJzaW9uIjoyLCJjaXBoZXIiOiJhZXMtMjU2LWdjbSJ9.qg9mqpYPhOrnnDwF3N6dLBha01R09Hk33S8u1kWAAyI' \/>\n\n<div style=\"\"  data-wp-interactive=\"jetpack\/form\" data-wp-context='{\"fieldId\":\"g28794-nome\",\"fieldType\":\"name\",\"fieldLabel\":\"Nome\",\"fieldValue\":\"\",\"fieldPlaceholder\":\"\",\"fieldIsRequired\":\"\",\"fieldErrorMessage\":\"\",\"fieldExtra\":[],\"formHash\":\"bca6c5db2fade2b90b4615997159dba27ad5a57f\"}'  class='grunion-field-name-wrap grunion-field-wrap'  data-wp-init='callbacks.initializeField' data-wp-on--jetpack-form-reset='callbacks.initializeField' >\n<label\n\t\t\t\tfor='g28794-nome' class=\"grunion-field-label name\" >Nome<\/label>\n<input\n\t\t\t\t\ttype='text'\n\t\t\t\t\tname='g28794-nome'\n\t\t\t\t\tid='g28794-nome'\n\t\t\t\t\tvalue=''\n\n\t\t\t\t\tdata-wp-bind--aria-invalid='state.fieldHasErrors'\n\t\t\t\t\tdata-wp-bind--value='state.getFieldValue'\n\t\t\t\t\taria-errormessage='g28794-nome-text-error-message'\n\t\t\t\t\tdata-wp-on--input='actions.onFieldChange'\n\t\t\t\t\tdata-wp-on--blur='actions.onFieldBlur'\n\t\t\t\t\tdata-wp-class--has-value='state.hasFieldValue'\n\n\t\t\t\t\tclass='name  grunion-field' \n\t\t\t\t\t \/>\n \n\t\t\t<div id=\"g28794-nome-text-error\" class=\"contact-form__input-error\" data-wp-class--has-errors=\"state.fieldHasErrors\">\n\t\t\t\t<span class=\"contact-form__warning-icon\">\n\t\t\t\t\t<svg width=\"16\" height=\"16\" viewBox=\"0 0 16 16\" fill=\"none\" xmlns=\"http:\/\/www.w3.org\/2000\/svg\">\n\t\t\t\t\t\t<path d=\"M8.50015 11.6402H7.50015V10.6402H8.50015V11.6402Z\" \/>\n\t\t\t\t\t\t<path d=\"M7.50015 9.64018H8.50015V6.30684H7.50015V9.64018Z\" \/>\n\t\t\t\t\t\t<path fill-rule=\"evenodd\" clip-rule=\"evenodd\" d=\"M6.98331 3.0947C7.42933 2.30177 8.57096 2.30177 9.01698 3.09469L13.8771 11.7349C14.3145 12.5126 13.7525 13.4735 12.8602 13.4735H3.14004C2.24774 13.4735 1.68575 12.5126 2.12321 11.7349L6.98331 3.0947ZM8.14541 3.58496C8.08169 3.47168 7.9186 3.47168 7.85488 3.58496L2.99478 12.2251C2.93229 12.3362 3.01257 12.4735 3.14004 12.4735H12.8602C12.9877 12.4735 13.068 12.3362 13.0055 12.2251L8.14541 3.58496Z\" \/>\n\t\t\t\t\t<\/svg>\n\t\t\t\t\t<span class=\"visually-hidden\">Aviso<\/span>\n\t\t\t\t<\/span>\n\t\t\t\t<span data-wp-text=\"state.errorMessage\" id=\"g28794-nome-text-error-message\" role=\"alert\" aria-live=\"assertive\"><\/span>\n\t\t\t<\/div> \n\t<\/div>\n\n<div style=\"\"  data-wp-interactive=\"jetpack\/form\" data-wp-context='{\"fieldId\":\"g28794-email\",\"fieldType\":\"email\",\"fieldLabel\":\"E-mail\",\"fieldValue\":\"\",\"fieldPlaceholder\":\"\",\"fieldIsRequired\":\"\",\"fieldErrorMessage\":\"\",\"fieldExtra\":[],\"formHash\":\"bca6c5db2fade2b90b4615997159dba27ad5a57f\"}'  class='grunion-field-email-wrap grunion-field-wrap'  data-wp-init='callbacks.initializeField' data-wp-on--jetpack-form-reset='callbacks.initializeField' >\n<label\n\t\t\t\tfor='g28794-email' class=\"grunion-field-label email\" >E-mail<\/label>\n<input\n\t\t\t\t\ttype='email'\n\t\t\t\t\tname='g28794-email'\n\t\t\t\t\tid='g28794-email'\n\t\t\t\t\tvalue=''\n\n\t\t\t\t\tdata-wp-bind--aria-invalid='state.fieldHasErrors'\n\t\t\t\t\tdata-wp-bind--value='state.getFieldValue'\n\t\t\t\t\taria-errormessage='g28794-email-email-error-message'\n\t\t\t\t\tdata-wp-on--input='actions.onFieldChange'\n\t\t\t\t\tdata-wp-on--blur='actions.onFieldBlur'\n\t\t\t\t\tdata-wp-class--has-value='state.hasFieldValue'\n\n\t\t\t\t\tclass='email  grunion-field' \n\t\t\t\t\t \/>\n \n\t\t\t<div id=\"g28794-email-email-error\" class=\"contact-form__input-error\" data-wp-class--has-errors=\"state.fieldHasErrors\">\n\t\t\t\t<span class=\"contact-form__warning-icon\">\n\t\t\t\t\t<svg width=\"16\" height=\"16\" viewBox=\"0 0 16 16\" fill=\"none\" xmlns=\"http:\/\/www.w3.org\/2000\/svg\">\n\t\t\t\t\t\t<path d=\"M8.50015 11.6402H7.50015V10.6402H8.50015V11.6402Z\" \/>\n\t\t\t\t\t\t<path d=\"M7.50015 9.64018H8.50015V6.30684H7.50015V9.64018Z\" \/>\n\t\t\t\t\t\t<path fill-rule=\"evenodd\" clip-rule=\"evenodd\" d=\"M6.98331 3.0947C7.42933 2.30177 8.57096 2.30177 9.01698 3.09469L13.8771 11.7349C14.3145 12.5126 13.7525 13.4735 12.8602 13.4735H3.14004C2.24774 13.4735 1.68575 12.5126 2.12321 11.7349L6.98331 3.0947ZM8.14541 3.58496C8.08169 3.47168 7.9186 3.47168 7.85488 3.58496L2.99478 12.2251C2.93229 12.3362 3.01257 12.4735 3.14004 12.4735H12.8602C12.9877 12.4735 13.068 12.3362 13.0055 12.2251L8.14541 3.58496Z\" \/>\n\t\t\t\t\t<\/svg>\n\t\t\t\t\t<span class=\"visually-hidden\">Aviso<\/span>\n\t\t\t\t<\/span>\n\t\t\t\t<span data-wp-text=\"state.errorMessage\" id=\"g28794-email-email-error-message\" role=\"alert\" aria-live=\"assertive\"><\/span>\n\t\t\t<\/div> \n\t<\/div>\n\n<div style=\"\"  data-wp-interactive=\"jetpack\/form\" data-wp-context='{\"fieldId\":\"g28794-mensagem\",\"fieldType\":\"textarea\",\"fieldLabel\":\"Mensagem\",\"fieldValue\":\"\",\"fieldPlaceholder\":\"\",\"fieldIsRequired\":\"\",\"fieldErrorMessage\":\"\",\"fieldExtra\":[],\"formHash\":\"bca6c5db2fade2b90b4615997159dba27ad5a57f\"}'  class='grunion-field-textarea-wrap grunion-field-wrap'  data-wp-init='callbacks.initializeField' data-wp-on--jetpack-form-reset='callbacks.initializeField' >\n<label\n\t\t\t\tfor='contact-form-comment-g28794-mensagem' class=\"grunion-field-label textarea\" >Mensagem<\/label>\n<textarea\n\t\t                style=''\n\t\t                name='g28794-mensagem'\n\t\t                id='contact-form-comment-g28794-mensagem'\n\t\t                rows='20'\n\t\t\t\t\t\tdata-wp-text='state.getFieldValue'\n\t\t\t\t\t\tdata-wp-on--input='actions.onFieldChange'\n\t\t\t\t\t\tdata-wp-on--blur='actions.onFieldBlur'\n\t\t\t\t\t\tdata-wp-class--has-value='state.hasFieldValue'\n\t\t\t\t\t\tdata-wp-bind--aria-invalid='state.fieldHasErrors'\n\t\t\t\t\t\taria-errormessage='g28794-mensagem-textarea-error-message'\n\t\t\t\t\t\tclass='textarea  grunion-field'  ><\/textarea>\n \n\t\t\t<div id=\"g28794-mensagem-textarea-error\" class=\"contact-form__input-error\" data-wp-class--has-errors=\"state.fieldHasErrors\">\n\t\t\t\t<span class=\"contact-form__warning-icon\">\n\t\t\t\t\t<svg width=\"16\" height=\"16\" viewBox=\"0 0 16 16\" fill=\"none\" xmlns=\"http:\/\/www.w3.org\/2000\/svg\">\n\t\t\t\t\t\t<path d=\"M8.50015 11.6402H7.50015V10.6402H8.50015V11.6402Z\" \/>\n\t\t\t\t\t\t<path d=\"M7.50015 9.64018H8.50015V6.30684H7.50015V9.64018Z\" \/>\n\t\t\t\t\t\t<path fill-rule=\"evenodd\" clip-rule=\"evenodd\" d=\"M6.98331 3.0947C7.42933 2.30177 8.57096 2.30177 9.01698 3.09469L13.8771 11.7349C14.3145 12.5126 13.7525 13.4735 12.8602 13.4735H3.14004C2.24774 13.4735 1.68575 12.5126 2.12321 11.7349L6.98331 3.0947ZM8.14541 3.58496C8.08169 3.47168 7.9186 3.47168 7.85488 3.58496L2.99478 12.2251C2.93229 12.3362 3.01257 12.4735 3.14004 12.4735H12.8602C12.9877 12.4735 13.068 12.3362 13.0055 12.2251L8.14541 3.58496Z\" \/>\n\t\t\t\t\t<\/svg>\n\t\t\t\t\t<span class=\"visually-hidden\">Aviso<\/span>\n\t\t\t\t<\/span>\n\t\t\t\t<span data-wp-text=\"state.errorMessage\" id=\"g28794-mensagem-textarea-error-message\" role=\"alert\" aria-live=\"assertive\"><\/span>\n\t\t\t<\/div>\n\t<\/div>\n\t<p class='contact-submit'>\n<div class=\"contact-form__error\" data-wp-class--show-errors=\"state.showFormErrors\"><span class=\"contact-form__warning-icon\"><span class=\"visually-hidden\">Aten\u00e7\u00e3o.<\/span><i aria-hidden=\"true\"><\/i><\/span>\n\t\t\t\t<span data-wp-text=\"state.getFormErrorMessage\"><\/span>\n\t\t\t\t<ul>\n\t\t\t\t<template data-wp-each=\"state.getErrorList\" data-wp-key=\"context.item.id\">\n\t\t\t\t\t<li><a data-wp-bind--href=\"context.item.anchor\" data-wp-on--click=\"actions.scrollIntoView\" data-wp-text=\"context.item.label\"><\/a><\/li>\n\t\t\t\t<\/template>\n\t\t\t\t<\/ul><\/div><div class=\"contact-form__error\" data-wp-class--show-errors=\"state.showSubmissionError\" data-wp-text=\"context.submissionError\"><\/div>\t\t<button type='submit' class='pushbutton-wide'>Enviar<\/button>\t\t<input type='hidden' name='contact-form-id' value='28794' \/>\n\t\t<input type='hidden' name='action' value='grunion-contact-form' \/>\n\t\t<input type='hidden' name='contact-form-hash' value='bca6c5db2fade2b90b4615997159dba27ad5a57f' \/>\n\t<\/p>\n<p style=\"display: none !important;\" class=\"akismet-fields-container\" data-prefix=\"ak_\"><label>&#916;<textarea name=\"ak_hp_textarea\" cols=\"45\" rows=\"8\" maxlength=\"100\"><\/textarea><\/label><input type=\"hidden\" id=\"ak_js_1\" name=\"ak_js\" value=\"228\"\/><script>document.getElementById( \"ak_js_1\" ).setAttribute( \"value\", ( new Date() ).getTime() );<\/script><\/p><\/form>\n<\/div>\n","protected":false},"excerpt":{"rendered":"<p>Entrevista de gerente de marketing do CineArt destaca as diferen\u00e7as que permanecem ao ver os filmes na tela grande\u00a0 \u00a0 \u00a0 \u00a0 Por Enrique Carvalho\u00a0 \u00a0 \u00a0 \u00a0 &nbsp; &nbsp; Atualmente, na era do streaming, a cultura cinematogr\u00e1fica mudou muito, mas a experi\u00eancia completa de ver um filme continua sendo a ida a uma sala &hellip; <\/p>\n<p><a class=\"more-link btn\" href=\"https:\/\/wp.ufpel.edu.br\/artenosul\/2025\/03\/20\/ir-ao-cinema-na-era-do-streaming\/\">Continue lendo<\/a><\/p>\n","protected":false},"author":571,"featured_media":28802,"comment_status":"closed","ping_status":"closed","sticky":false,"template":"","format":"standard","meta":{"jetpack_post_was_ever_published":false,"_jetpack_newsletter_access":"","_jetpack_dont_email_post_to_subs":false,"_jetpack_newsletter_tier_id":0,"_jetpack_memberships_contains_paywalled_content":false,"_jetpack_memberships_contains_paid_content":false,"footnotes":"","jetpack_publicize_message":"","jetpack_publicize_feature_enabled":true,"jetpack_social_post_already_shared":true,"jetpack_social_options":{"image_generator_settings":{"template":"highway","default_image_id":0,"font":"","enabled":false},"version":2}},"categories":[112],"tags":[1023,593,2455,2612,2611],"class_list":["post-28794","post","type-post","status-publish","format-standard","has-post-thumbnail","hentry","category-cinema","tag-cine-ufpel","tag-cineart","tag-enrique-carvalho","tag-gabriela-isquierdo","tag-salas-de-exibicao","nodate","item-wrap"],"jetpack_publicize_connections":[],"jetpack_featured_media_url":"https:\/\/wp.ufpel.edu.br\/artenosul\/files\/2025\/03\/images.jpeg","jetpack_sharing_enabled":true,"jetpack_likes_enabled":true,"jetpack_shortlink":"https:\/\/wp.me\/p6PuxQ-7uq","jetpack-related-posts":[{"id":8818,"url":"https:\/\/wp.ufpel.edu.br\/artenosul\/2020\/11\/06\/depois-de-sete-meses-fechado-cineart-retoma-atividades\/","url_meta":{"origin":28794,"position":0},"title":"Depois de sete meses fechado, CineArt retoma atividades","author":"artenosul","date":"6 de novembro de 2020","format":false,"excerpt":"Por Daniela Mello Salas de cinema de Pelotas v\u00e3o reabrir com novas medidas de seguran\u00e7a De acordo com o Decreto n\u00ba 6.267\/2020, publicado pela Prefeitura de Pelotas no dia 29 de outubro, os cinemas est\u00e3o autorizados a retomar suas atividades. Depois de sete longos meses fechado, o CineArt \u00e9 uma\u2026","rel":"","context":"Em &quot;CINEMA&quot;","block_context":{"text":"CINEMA","link":"https:\/\/wp.ufpel.edu.br\/artenosul\/category\/cinema\/"},"img":{"alt_text":"","src":"https:\/\/i0.wp.com\/wp.ufpel.edu.br\/artenosul\/files\/2020\/11\/Foto-Saguao-CineArt.jpeg?resize=350%2C200&ssl=1","width":350,"height":200,"srcset":"https:\/\/i0.wp.com\/wp.ufpel.edu.br\/artenosul\/files\/2020\/11\/Foto-Saguao-CineArt.jpeg?resize=350%2C200&ssl=1 1x, https:\/\/i0.wp.com\/wp.ufpel.edu.br\/artenosul\/files\/2020\/11\/Foto-Saguao-CineArt.jpeg?resize=525%2C300&ssl=1 1.5x, https:\/\/i0.wp.com\/wp.ufpel.edu.br\/artenosul\/files\/2020\/11\/Foto-Saguao-CineArt.jpeg?resize=700%2C400&ssl=1 2x, https:\/\/i0.wp.com\/wp.ufpel.edu.br\/artenosul\/files\/2020\/11\/Foto-Saguao-CineArt.jpeg?resize=1050%2C600&ssl=1 3x"},"classes":[]},{"id":6819,"url":"https:\/\/wp.ufpel.edu.br\/artenosul\/2017\/07\/10\/cinema-em-pelotas-os-bastidores-das-salas-de-exibicao-da-cidade\/","url_meta":{"origin":28794,"position":1},"title":"Cinema em Pelotas: os bastidores das salas de exibi\u00e7\u00e3o da cidade","author":"artenosul","date":"10 de julho de 2017","format":false,"excerpt":"\u00a0 Matheus Pereira \u00a0 \u00a0 \u00a0 \u00a0 \u00a0 \u00a0 \u00a0Quem conheceu Pelotas h\u00e1 algumas d\u00e9cadas sabe que cada bairro tinha uma ou mais salas de cinema. V\u00e1rios eram os espa\u00e7os onde a popula\u00e7\u00e3o podia desfrutar dos mais diversos exemplares do audiovisual. Com o tempo, as salas foram entrando em extin\u00e7\u00e3o\u2026","rel":"","context":"Em &quot;CINEMA&quot;","block_context":{"text":"CINEMA","link":"https:\/\/wp.ufpel.edu.br\/artenosul\/category\/cinema\/"},"img":{"alt_text":"","src":"https:\/\/i0.wp.com\/wp.ufpel.edu.br\/artenosul\/files\/2017\/07\/MatheusDSC_0054.jpg?resize=350%2C200&ssl=1","width":350,"height":200,"srcset":"https:\/\/i0.wp.com\/wp.ufpel.edu.br\/artenosul\/files\/2017\/07\/MatheusDSC_0054.jpg?resize=350%2C200&ssl=1 1x, https:\/\/i0.wp.com\/wp.ufpel.edu.br\/artenosul\/files\/2017\/07\/MatheusDSC_0054.jpg?resize=525%2C300&ssl=1 1.5x, https:\/\/i0.wp.com\/wp.ufpel.edu.br\/artenosul\/files\/2017\/07\/MatheusDSC_0054.jpg?resize=700%2C400&ssl=1 2x"},"classes":[]},{"id":10526,"url":"https:\/\/wp.ufpel.edu.br\/artenosul\/2022\/04\/18\/cinema-pelotense-se-prepara-para-receber-aposta-de-bilheteria\/","url_meta":{"origin":28794,"position":2},"title":"Cinema pelotense se prepara para receber aposta de bilheteria","author":"artenosul","date":"18 de abril de 2022","format":false,"excerpt":"Por Alexsandro Santos\u00a0 \u00a0 \u00a0\u00a0 Filme \"Doutor Estranho no Multiverso da Loucura\" estreia dia 4 de maio com ingressos em pr\u00e9-venda no CineArt Na primeira semana do m\u00eas de maio, estrear\u00e1 nos cinemas o pr\u00f3ximo filme da franquia da Marvel Studios. Intitulado \u201cDoutor Estranho no Multiverso da Loucura\u201d. A pe\u00e7a\u2026","rel":"","context":"Em &quot;CINEMA&quot;","block_context":{"text":"CINEMA","link":"https:\/\/wp.ufpel.edu.br\/artenosul\/category\/cinema\/"},"img":{"alt_text":"","src":"https:\/\/i0.wp.com\/wp.ufpel.edu.br\/artenosul\/files\/2022\/04\/Doctor-Strange-with-Chaos-Magic-1.jpg?resize=350%2C200&ssl=1","width":350,"height":200,"srcset":"https:\/\/i0.wp.com\/wp.ufpel.edu.br\/artenosul\/files\/2022\/04\/Doctor-Strange-with-Chaos-Magic-1.jpg?resize=350%2C200&ssl=1 1x, https:\/\/i0.wp.com\/wp.ufpel.edu.br\/artenosul\/files\/2022\/04\/Doctor-Strange-with-Chaos-Magic-1.jpg?resize=525%2C300&ssl=1 1.5x, https:\/\/i0.wp.com\/wp.ufpel.edu.br\/artenosul\/files\/2022\/04\/Doctor-Strange-with-Chaos-Magic-1.jpg?resize=700%2C400&ssl=1 2x"},"classes":[]},{"id":4692,"url":"https:\/\/wp.ufpel.edu.br\/artenosul\/2017\/03\/10\/telona-para-todos\/","url_meta":{"origin":28794,"position":3},"title":"A grande tela para todos","author":"artenosul","date":"10 de mar\u00e7o de 2017","format":false,"excerpt":"\u00a0 Reportagem de Al\u00e9xia Tavares \u2013 O CineUFPel \u00e9 uma alternativa de programa\u00e7\u00e3o para os cin\u00e9filos pelotenses \u00a0 \u00a0 \u00a0Al\u00e9m das salas de cinema comerciais (CineArt e CineFlix), bastante conhecidas na cidade, Pelotas possui outra op\u00e7\u00e3o de cinema n\u00e3o t\u00e3o lembrada, mas com entrada franca, o CineUFPel. A Ufpel trouxe\u2026","rel":"","context":"Em &quot;CINEMA&quot;","block_context":{"text":"CINEMA","link":"https:\/\/wp.ufpel.edu.br\/artenosul\/category\/cinema\/"},"img":{"alt_text":"","src":"https:\/\/i0.wp.com\/wp.ufpel.edu.br\/artenosul\/files\/2017\/03\/Alexia1b-e1501189957726.jpg?resize=350%2C200&ssl=1","width":350,"height":200},"classes":[]},{"id":29924,"url":"https:\/\/wp.ufpel.edu.br\/artenosul\/2025\/11\/19\/agente-secreto-desponta-como-o-filme-do-ano\/","url_meta":{"origin":28794,"position":4},"title":"\u201cAgente Secreto\u201d desponta como o filme do ano","author":"artenosul","date":"19 de novembro de 2025","format":false,"excerpt":"Em cartaz nas salas do cinema traz um recorte criativo sobre o per\u00edodo da ditadura militar\u00a0 \u00a0 \u00a0 Por Gabriel Ribeiro da Silva\u00a0 \u00a0 \u00a0 \u00a0 \u00a0 \u201cO Agente Secreto\u201d, filme dirigido por Kl\u00e9ber Mendon\u00e7a Filho e protagonizado por Wagner Moura, despontou como um dos principais t\u00edtulos a representar o\u2026","rel":"","context":"Em &quot;CINEMA&quot;","block_context":{"text":"CINEMA","link":"https:\/\/wp.ufpel.edu.br\/artenosul\/category\/cinema\/"},"img":{"alt_text":"","src":"https:\/\/i0.wp.com\/wp.ufpel.edu.br\/artenosul\/files\/2025\/11\/wagner-moura-o-agente-secreto-2-857x482b.jpg?resize=350%2C200&ssl=1","width":350,"height":200},"classes":[]},{"id":12425,"url":"https:\/\/wp.ufpel.edu.br\/artenosul\/2022\/08\/18\/filme-independente-nacional-amanha\/","url_meta":{"origin":28794,"position":5},"title":"Filme independente nacional amanh\u00e3","author":"artenosul","date":"18 de agosto de 2022","format":false,"excerpt":"O Cine UFPel apresenta o longa \"A Mesma Parte de um Homem\" Amanh\u00e3, \u00e0s 16h, o p\u00fablico pelotense vai ter o privil\u00e9gio de ver a estreia do filme longa brasileiro\u00a0 \"A mesma parte de um homem\", com dire\u00e7\u00e3o de Ana Johan, no Cine UFPel.\u00a0 A entrada \u00e9 gratuita e \u00e9\u2026","rel":"","context":"Em &quot;CINEMA&quot;","block_context":{"text":"CINEMA","link":"https:\/\/wp.ufpel.edu.br\/artenosul\/category\/cinema\/"},"img":{"alt_text":"","src":"https:\/\/i0.wp.com\/wp.ufpel.edu.br\/artenosul\/files\/2022\/08\/a-mesma-parte-de-um-homem-filme-com-irandhir-santos-1649425169688_v2_450x337.jpg?resize=350%2C200&ssl=1","width":350,"height":200},"classes":[]}],"_links":{"self":[{"href":"https:\/\/wp.ufpel.edu.br\/artenosul\/wp-json\/wp\/v2\/posts\/28794","targetHints":{"allow":["GET"]}}],"collection":[{"href":"https:\/\/wp.ufpel.edu.br\/artenosul\/wp-json\/wp\/v2\/posts"}],"about":[{"href":"https:\/\/wp.ufpel.edu.br\/artenosul\/wp-json\/wp\/v2\/types\/post"}],"author":[{"embeddable":true,"href":"https:\/\/wp.ufpel.edu.br\/artenosul\/wp-json\/wp\/v2\/users\/571"}],"replies":[{"embeddable":true,"href":"https:\/\/wp.ufpel.edu.br\/artenosul\/wp-json\/wp\/v2\/comments?post=28794"}],"version-history":[{"count":8,"href":"https:\/\/wp.ufpel.edu.br\/artenosul\/wp-json\/wp\/v2\/posts\/28794\/revisions"}],"predecessor-version":[{"id":28809,"href":"https:\/\/wp.ufpel.edu.br\/artenosul\/wp-json\/wp\/v2\/posts\/28794\/revisions\/28809"}],"wp:featuredmedia":[{"embeddable":true,"href":"https:\/\/wp.ufpel.edu.br\/artenosul\/wp-json\/wp\/v2\/media\/28802"}],"wp:attachment":[{"href":"https:\/\/wp.ufpel.edu.br\/artenosul\/wp-json\/wp\/v2\/media?parent=28794"}],"wp:term":[{"taxonomy":"category","embeddable":true,"href":"https:\/\/wp.ufpel.edu.br\/artenosul\/wp-json\/wp\/v2\/categories?post=28794"},{"taxonomy":"post_tag","embeddable":true,"href":"https:\/\/wp.ufpel.edu.br\/artenosul\/wp-json\/wp\/v2\/tags?post=28794"}],"curies":[{"name":"wp","href":"https:\/\/api.w.org\/{rel}","templated":true}]}}