{"id":28057,"date":"2025-03-11T09:46:29","date_gmt":"2025-03-11T12:46:29","guid":{"rendered":"https:\/\/wp.ufpel.edu.br\/artenosul\/?p=28057"},"modified":"2025-03-11T09:46:29","modified_gmt":"2025-03-11T12:46:29","slug":"todo-dia-a-mesma-noite","status":"publish","type":"post","link":"https:\/\/wp.ufpel.edu.br\/artenosul\/2025\/03\/11\/todo-dia-a-mesma-noite\/","title":{"rendered":"Todo Dia a Mesma noite"},"content":{"rendered":"<p style=\"text-align: center;\"><span style=\"color: #000080;\"><em><strong><span style=\"font-family: arial, helvetica, sans-serif;\">\u00a0<\/span><span style=\"font-family: arial, helvetica, sans-serif;\">A trag\u00e9dia na Boate Kiss pelos olhos de Daniela Arbex\u00a0 \u00a0 \u00a0\u00a0<\/span><\/strong><\/em><\/span><\/p>\n<p style=\"text-align: right;\"><span style=\"color: #000080;\"><em><strong><span style=\"font-family: arial, helvetica, sans-serif;\">Por Mariana Pereira\u00a0 \u00a0 \u00a0\u00a0<\/span><\/strong><\/em><\/span><\/p>\n<p>&nbsp;<\/p>\n<div id=\"attachment_28060\" style=\"width: 459px\" class=\"wp-caption aligncenter\"><img loading=\"lazy\" decoding=\"async\" aria-describedby=\"caption-attachment-28060\" class=\"wp-image-28060 \" src=\"https:\/\/wp.ufpel.edu.br\/artenosul\/files\/2025\/03\/primeirablog-1.b.jpg\" alt=\"\" width=\"459\" height=\"526\" srcset=\"https:\/\/wp.ufpel.edu.br\/artenosul\/files\/2025\/03\/primeirablog-1.b.jpg 436w, https:\/\/wp.ufpel.edu.br\/artenosul\/files\/2025\/03\/primeirablog-1.b-262x300.jpg 262w\" sizes=\"auto, (max-width: 459px) 100vw, 459px\" \/><p id=\"caption-attachment-28060\" class=\"wp-caption-text\"><span style=\"font-family: arial, helvetica, sans-serif;\"><strong><span style=\"color: #0000ff;\">Obra relata uma das maiores trag\u00e9dias do Brasil Imagem: Divulga\u00e7\u00e3o<\/span><\/strong><\/span><\/p><\/div>\n<p>&nbsp;<\/p>\n<p style=\"text-align: justify;\"><span style=\"font-family: arial, helvetica, sans-serif;\">O livro \u201cTodo Dia a Mesma Noite\u201d, escrito pela jornalista Daniela Arbex, aborda a tr\u00e1gica hist\u00f3ria do inc\u00eandio na Boate Kiss, ocorrido em Santa Maria, no Rio Grande do Sul, em 27 de janeiro de 2013. A obra \u00e9 um relato emocionante e detalhado da maior trag\u00e9dia do Brasil em termos de n\u00famero de mortes em um evento p\u00fablico. Com uma abordagem profunda e sens\u00edvel, Arbex traz \u00e0 tona n\u00e3o apenas os detalhes do inc\u00eandio, mas tamb\u00e9m as consequ\u00eancias desse evento devastador para as v\u00edtimas e suas fam\u00edlias, al\u00e9m de analisar as falhas do poder p\u00fablico e da sociedade que contribu\u00edram para essa cat\u00e1strofe.<\/span><\/p>\n<p style=\"text-align: justify;\"><span style=\"font-family: arial, helvetica, sans-serif;\">A hist\u00f3ria do inc\u00eandio \u00e9 contada de forma intensa e humana. A autora come\u00e7a retratando a noite da trag\u00e9dia, quando a Boate Kiss, que estava lotada de jovens celebrando a noite, foi tomada por um inc\u00eandio causado por um sinalizador usado durante um show da banda Gurizada Fandangueira. Em poucos minutos, o fogo se espalhou e a boate, com sa\u00eddas de emerg\u00eancia inadequadas e uma grande quantidade de pessoas em um espa\u00e7o apertado, se tornou uma armadilha mortal. O tr\u00e1gico resultado foi de 242 mortos e centenas de feridos.<\/span><\/p>\n<p style=\"text-align: justify;\"><span style=\"font-family: arial, helvetica, sans-serif;\">O livro se torna uma reflex\u00e3o sobre a mem\u00f3ria e a busca por justi\u00e7a. A autora, por meio de entrevistas, pesquisas e relatos pessoais, questiona como a sociedade lida com as trag\u00e9dias e como a justi\u00e7a \u00e9 muitas vezes lenta e falha. Enquanto as fam\u00edlias das v\u00edtimas buscam respostas e a dor da perda continua a fazer parte da rotina de muitas pessoas, os respons\u00e1veis pela trag\u00e9dia ainda n\u00e3o foram totalmente punidos.<\/span><\/p>\n<p style=\"text-align: justify;\"><span style=\"font-family: arial, helvetica, sans-serif;\">A obra levanta a quest\u00e3o de como eventos como o inc\u00eandio na Boate Kiss podem ser esquecidos ou minimizados com o tempo, sendo que as v\u00edtimas merecem ser lembradas, e suas fam\u00edlias, justi\u00e7a. Arbex nos lembra que, mesmo ap\u00f3s anos, a dor e as consequ\u00eancias ainda marcam a vida daqueles que vivenciaram esse evento de perto.<\/span><\/p>\n<p style=\"text-align: justify;\"><span style=\"font-family: arial, helvetica, sans-serif;\">O que mais chamou a aten\u00e7\u00e3o do p\u00fablico foi a forma como Daniela retratou esse dia t\u00e3o triste e marcante para tantas fam\u00edlias. Ela vai al\u00e9m da descri\u00e7\u00e3o do evento em si. Ela narra as hist\u00f3rias das v\u00edtimas e de seus familiares, mostrando o impacto da trag\u00e9dia na vida das pessoas. Para cada v\u00edtima, existe uma hist\u00f3ria, um sonho interrompido, uma fam\u00edlia dilacerada pela perda. A obra humaniza a dor e o sofrimento, dando voz aos que perderam seus entes queridos e aos sobreviventes, que carregam as cicatrizes tanto f\u00edsicas quanto emocionais do que viveram naquela noite infernal.<\/span><\/p>\n<p style=\"text-align: justify;\"><span style=\"font-family: arial, helvetica, sans-serif; color: #0000ff;\"><strong>Falhas e descaso <\/strong><\/span><\/p>\n<p style=\"text-align: justify;\"><span style=\"font-family: arial, helvetica, sans-serif;\">Em &#8220;Todo Dia a Mesma Noite&#8221;, a autora tamb\u00e9m dedica uma parte significativa do livro para discutir as falhas do sistema de seguran\u00e7a e fiscaliza\u00e7\u00e3o que contribu\u00edram para que o inc\u00eandio acontecesse de forma t\u00e3o devastadora. Daniela Arbex denuncia a neglig\u00eancia das autoridades locais, que permitiram que a boate funcionasse sem a devida fiscaliza\u00e7\u00e3o e sem as condi\u00e7\u00f5es m\u00ednimas de seguran\u00e7a exigidas por lei. A boate Kiss possu\u00eda sa\u00eddas de emerg\u00eancia bloqueadas, a ac\u00fastica do local favorecia o p\u00e2nico e a falta de equipamentos adequados de combate ao fogo aumentaram a trag\u00e9dia. A autora ainda destaca a falta de responsabilidade das empresas envolvidas, como a fabricante do sinalizador que provocou o inc\u00eandio. Ela tamb\u00e9m critica a omiss\u00e3o das autoridades em cuidar da seguran\u00e7a dos cidad\u00e3os, que s\u00e3o os principais respons\u00e1veis por garantir que espa\u00e7os de lazer p\u00fablicos e privados sejam seguros para todos. A sensa\u00e7\u00e3o de impunidade e a sensa\u00e7\u00e3o de que a vida das pessoas n\u00e3o vale o suficiente s\u00e3o recorrentes ao longo da leitura.<\/span><\/p>\n<p>&nbsp;<\/p>\n<div id=\"attachment_28059\" style=\"width: 326px\" class=\"wp-caption aligncenter\"><img loading=\"lazy\" decoding=\"async\" aria-describedby=\"caption-attachment-28059\" class=\" wp-image-28059\" src=\"https:\/\/wp.ufpel.edu.br\/artenosul\/files\/2025\/03\/G.jpg\" alt=\"\" width=\"326\" height=\"435\" srcset=\"https:\/\/wp.ufpel.edu.br\/artenosul\/files\/2025\/03\/G.jpg 231w, https:\/\/wp.ufpel.edu.br\/artenosul\/files\/2025\/03\/G-225x300.jpg 225w\" sizes=\"auto, (max-width: 326px) 100vw, 326px\" \/><p id=\"caption-attachment-28059\" class=\"wp-caption-text\"><span style=\"font-family: arial, helvetica, sans-serif;\"><strong><span style=\"color: #0000ff;\">Os livros de Daniela Arbex abordam viol\u00eancia e hist\u00f3ria recente do Brasil\u00a0 \u00a0 \u00a0 \u00a0 Foto: Divulga\u00e7\u00e3o<\/span><\/strong><\/span><\/p><\/div>\n<p>&nbsp;<\/p>\n<p style=\"text-align: justify;\"><span style=\"font-family: arial, helvetica, sans-serif; color: #0000ff;\"><strong>Sobre a autora <\/strong><\/span><\/p>\n<p style=\"text-align: justify;\"><span style=\"font-family: arial, helvetica, sans-serif;\">Daniela Arbex \u00e9 uma jornalista brasileira, conhecida principalmente pelo seu trabalho como rep\u00f3rter investigativa. Antes de se tornar escritora, Daniela trabalhou como rep\u00f3rter em ve\u00edculos como o jornal O Globo e a revista Veja. Ela tem uma carreira marcada pela apura\u00e7\u00e3o rigorosa e pelo seu comprometimento em dar voz \u00e0s v\u00edtimas de grandes trag\u00e9dias e injusti\u00e7as sociais. Daniela \u00e9 autora de livros que abordam temas fortes e impactantes, com uma escrita que busca n\u00e3o s\u00f3 informar, mas tamb\u00e9m emocionar e provocar reflex\u00e3o sobre quest\u00f5es fundamentais da sociedade.<\/span><\/p>\n<p style=\"text-align: justify;\"><span style=\"font-family: arial, helvetica, sans-serif;\">Al\u00e9m da obra \u201cTodo Dia a Mesma Noite\u201d, Daniela Arbex tamb\u00e9m \u00e9 autora de outros livros que discutem temas como viol\u00eancia e hist\u00f3ria recente do Brasil, sempre com um olhar atento \u00e0 busca por justi\u00e7a e pela preserva\u00e7\u00e3o da mem\u00f3ria hist\u00f3rica. A autora \u00e9 admirada por sua dedica\u00e7\u00e3o em revelar hist\u00f3rias que muitas vezes s\u00e3o ignoradas pela m\u00eddia tradicional, com uma abordagem profunda e sens\u00edvel que emociona e provoca reflex\u00e3o.<\/span><\/p>\n<p style=\"text-align: justify;\"><a href=\"http:\/\/wp.ufpel.edu.br\/artenosul\"><span style=\"color: #0000ff;\"><strong><span style=\"font-family: arial, helvetica, sans-serif;\">PRIMEIRA P\u00c1GINA<\/span><\/strong><\/span><\/a><\/p>\n<p style=\"text-align: justify;\"><span style=\"color: #0000ff;\"><strong><span style=\"font-family: arial, helvetica, sans-serif;\">COMENT\u00c1RIOS<\/span><\/strong><\/span><\/p>\n<p>&nbsp;<\/p>\n<div data-test='contact-form'\n\t\t\tid='contact-form-28057'\n\t\t\tclass='wp-block-jetpack-contact-form-container '\n\t\t\tdata-wp-interactive='jetpack\/form' data-wp-context='{\"formId\":\"28057\",\"formHash\":\"08a3c4d361c72d488f1c89fdb2d6f31fb1f21a3d\",\"showErrors\":false,\"errors\":[],\"fields\":[],\"isMultiStep\":false,\"useAjax\":true,\"submissionData\":null,\"formattedSubmissionData\":[],\"submissionSuccess\":false,\"submissionError\":null,\"elementId\":\"jp-form-08a3c4d361c72d488f1c89fdb2d6f31fb1f21a3d\",\"isSingleInputForm\":false}'\n\t\t\tdata-wp-watch--scroll-to-wrapper=\"callbacks.scrollToWrapper\"\n\t\t>\n<div class=\"contact-form-submission contact-form-ajax-submission\" data-wp-class--submission-success=\"context.submissionSuccess\"><p class=\"go-back-message\"><a class=\"link\" role=\"button\" tabindex=\"0\" data-wp-on--click=\"actions.goBack\" href=\"\/artenosul\/wp-json\/wp\/v2\/posts\/28057\">Voltar<\/a><\/p><h4 id=\"contact-form-success-header\">Sua mensagem foi enviada<\/h4>\n\n<template data-wp-each--submission=\"context.formattedSubmissionData\">\n\t\t\t\t\t<div class=\"jetpack_forms_contact-form-success-summary\">\n\t\t\t\t\t\t<div class=\"field-name\" data-wp-text=\"context.submission.label\" data-wp-bind--hidden=\"!context.submission.label\"><\/div>\n\t\t\t\t\t\t<div class=\"field-value\" data-wp-text=\"context.submission.value\"><\/div>\n\t\t\t\t\t\t<div class=\"field-images\" data-wp-bind--hidden=\"!context.submission.images\">\n\t\t\t\t\t\t\t<template data-wp-each--image=\"context.submission.images\">\n\t\t\t\t\t\t\t\t<figure class=\"field-image\" data-wp-class--is-empty=\"!context.image\">\n\t\t\t\t\t\t\t\t\t<img data-wp-bind--src=\"context.image\" data-wp-bind--hidden=\"!context.image\" \/>\n\t\t\t\t\t\t\t\t\t<img decoding=\"async\" src=\"data:image\/gif;base64,R0lGODlhAQABAAD\/ACwAAAAAAQABAAACADs=\" data-wp-bind--hidden=\"context.image\" \/>\n\t\t\t\t\t\t\t\t<\/figure>\n\t\t\t\t\t\t\t<\/template>\n\t\t\t\t\t\t<\/div>\n\t\t\t\t\t<\/div>\n\t\t\t\t<\/template><\/div><form action='https:\/\/wp.ufpel.edu.br\/artenosul\/2025\/03\/11\/todo-dia-a-mesma-noite\/'\n\t\t\t\tid='jp-form-08a3c4d361c72d488f1c89fdb2d6f31fb1f21a3d'\n\t\t\t\tmethod='post'\n\t\t\t\tclass='contact-form commentsblock' aria-label=\"Todo Dia a Mesma noite\"\n\t\t\t\tdata-wp-on--submit=\"actions.onFormSubmit\"\n\t\t\t\tdata-wp-on--reset=\"actions.onFormReset\"\n\t\t\t\tdata-wp-class--submission-success=\"context.submissionSuccess\"\n\t\t\t\tdata-wp-class--is-first-step=\"state.isFirstStep\"\n\t\t\t\tdata-wp-class--is-last-step=\"state.isLastStep\"\n\t\t\t\tdata-wp-class--is-ajax-form=\"context.useAjax\"\n\t\t\t\tnovalidate >\n<input type='hidden' name='jetpack_contact_form_jwt' value='eyJ0eXAiOiJKV1QiLCJhbGciOiJIUzI1NiJ9.eyJlbmNyeXB0ZWRfYXR0cmlidXRlcyI6IlNlclJCSDhRcXFZSWhueE1lN2JFK2Q4bnVZdllnS2xtbU93ellCcitXMWVIdzVFTjdCNWNuQ1BRQk5rN2lTaXZIV3BuMW0wNEtxa3B3TGZvMzY5dVJVYUppN1lhMm40WHJ6eGtwSWV3VnVJVW8yalc5ZG5BeVArcXJNTkNCeUhyZHBFNzZDUHFFYU5ITVhaampBNi8vUXN1bW1KM2txR0VLQ3llZHI5U1lEUmVuN2tCdnkwNDlZOCtPUmYwR2liMFY1czlvWmZpOUdBUWlRL2hmSjBtMDZMNjl0MGdBaW9uNmE3TlNZSGpWZVlSSElaTGFYNGpEUlcwQ0FNN01uTStaTUpVZm42MEljdEVWS1lXeVJDT2hXdzlrbitBQnIycFFURWozd1dwWENZZ2dtRXU4WXpxQVFqbkZ3eFBFSnNJdUsxVkdiZ25EMzdwei9WOWJkWkRwd0ZydjM4MkF2MVdRYUg1VzUxbGVBZEdUVnpHcHBRbU9aNGQxeTZrSnFxT3BrY3BtelZ3UHVPRGpyUjM4dHZUTE1TR2RIak1YeWFtcFI3WFQ4MmZWcnZwdmtKbTN5L1kvSlk1QUJIRkQ4SVVOUEpWaDErb2w5U2IyNjRyUnZMdGtoQ0MyOGk0M2grUllpTks1bEpCVDBSbTVFY2ZlRFV2aVRxSzQ0dW93UzFoUzNPMmlGMEU0K01yMXFubWZrcGRuR05JZ1piVDUrTkRFcVBqNUVEcFNlNXU3Q2ticmRkUy9RLysrOVExYmNQVjFxcjExZzBmZUdTOTVOekFyanUrVmpKY0g1MWxCYjdjZWltaDc2clFqSjNoeWxPeHRZcWM1RjNzdi92Mk1lNGJwVWVxWjZ6K2daOE9KWDRlRWlTcTNsYkpISmdKZnJ4RU5uYjd4Ymc5QmlsdHF3RHBCd2ZTSFpYOXRtbXlUNXBGcU5PNjFkempUbHhOcC8zeCswUnpTT2pPbUJJR1JUaEZFSHE2QVJDL2w5UG9DTy8wNC9UQXVGVVRndHZOVWFnakFQVDVsd0NPNit2VFE2SWdxTzd1S0RQdW5Ma0VaMnpNV2xncnNsVlI0SnNPSytZdWVtU2NiNXdZbkIxMnY0QmFUUEMyRTM0UnNnTEhYVDZjVXRXdGNuSWVhUDQ2MDFxdDBsdTdqa2t1aGFJaUdudGNvTWFvYjdHbys5SjFqaGs9IiwiY29udGVudCI6Iltjb250YWN0LWZpZWxkIGxhYmVsPVwiTm9tZVwiIHR5cGU9XCJuYW1lXCJdW2NvbnRhY3QtZmllbGQgbGFiZWw9XCJFLW1haWxcIiB0eXBlPVwiZW1haWxcIl1bY29udGFjdC1maWVsZCBsYWJlbD1cIk1lbnNhZ2VtXCIgdHlwZT1cInRleHRhcmVhXCJdIiwiaGFzaCI6IjA4YTNjNGQzNjFjNzJkNDg4ZjFjODlmZGIyZDZmMzFmYjFmMjFhM2QiLCJzb3VyY2UiOnsiZW50cnlfdGl0bGUiOiJUb2RvIERpYSBhIE1lc21hIG5vaXRlIiwiZW50cnlfcGFnZSI6MSwic291cmNlX2lkIjoyODA1Nywic291cmNlX3R5cGUiOiJzaW5nbGUiLCJyZXF1ZXN0X3VybCI6Imh0dHBzOi8vd3AudWZwZWwuZWR1LmJyL2FydGVub3N1bC93cC1qc29uL3dwL3YyL3Bvc3RzLzI4MDU3In0sInZlcnNpb24iOjIsImNpcGhlciI6ImFlcy0yNTYtZ2NtIn0.nwXBZTVaw6XABCQZxQRGm-dqUJKEBky3oZYFl1iDUb4' \/>\n\n<div style=\"\"  data-wp-interactive=\"jetpack\/form\" data-wp-context='{\"fieldId\":\"g28057-nome\",\"fieldType\":\"name\",\"fieldLabel\":\"Nome\",\"fieldValue\":\"\",\"fieldPlaceholder\":\"\",\"fieldIsRequired\":\"\",\"fieldErrorMessage\":\"\",\"fieldExtra\":[],\"formHash\":\"08a3c4d361c72d488f1c89fdb2d6f31fb1f21a3d\"}'  class='grunion-field-name-wrap grunion-field-wrap'  data-wp-init='callbacks.initializeField' data-wp-on--jetpack-form-reset='callbacks.initializeField' >\n<label\n\t\t\t\tfor='g28057-nome' class=\"grunion-field-label name\" >Nome<\/label>\n<input\n\t\t\t\t\ttype='text'\n\t\t\t\t\tname='g28057-nome'\n\t\t\t\t\tid='g28057-nome'\n\t\t\t\t\tvalue=''\n\n\t\t\t\t\tdata-wp-bind--aria-invalid='state.fieldHasErrors'\n\t\t\t\t\tdata-wp-bind--value='state.getFieldValue'\n\t\t\t\t\taria-errormessage='g28057-nome-text-error-message'\n\t\t\t\t\tdata-wp-on--input='actions.onFieldChange'\n\t\t\t\t\tdata-wp-on--blur='actions.onFieldBlur'\n\t\t\t\t\tdata-wp-class--has-value='state.hasFieldValue'\n\n\t\t\t\t\tclass='name  grunion-field' \n\t\t\t\t\t \/>\n \n\t\t\t<div id=\"g28057-nome-text-error\" class=\"contact-form__input-error\" data-wp-class--has-errors=\"state.fieldHasErrors\">\n\t\t\t\t<span class=\"contact-form__warning-icon\">\n\t\t\t\t\t<svg width=\"16\" height=\"16\" viewBox=\"0 0 16 16\" fill=\"none\" xmlns=\"http:\/\/www.w3.org\/2000\/svg\">\n\t\t\t\t\t\t<path d=\"M8.50015 11.6402H7.50015V10.6402H8.50015V11.6402Z\" \/>\n\t\t\t\t\t\t<path d=\"M7.50015 9.64018H8.50015V6.30684H7.50015V9.64018Z\" \/>\n\t\t\t\t\t\t<path fill-rule=\"evenodd\" clip-rule=\"evenodd\" d=\"M6.98331 3.0947C7.42933 2.30177 8.57096 2.30177 9.01698 3.09469L13.8771 11.7349C14.3145 12.5126 13.7525 13.4735 12.8602 13.4735H3.14004C2.24774 13.4735 1.68575 12.5126 2.12321 11.7349L6.98331 3.0947ZM8.14541 3.58496C8.08169 3.47168 7.9186 3.47168 7.85488 3.58496L2.99478 12.2251C2.93229 12.3362 3.01257 12.4735 3.14004 12.4735H12.8602C12.9877 12.4735 13.068 12.3362 13.0055 12.2251L8.14541 3.58496Z\" \/>\n\t\t\t\t\t<\/svg>\n\t\t\t\t\t<span class=\"visually-hidden\">Aviso<\/span>\n\t\t\t\t<\/span>\n\t\t\t\t<span data-wp-text=\"state.errorMessage\" id=\"g28057-nome-text-error-message\" role=\"alert\" aria-live=\"assertive\"><\/span>\n\t\t\t<\/div> \n\t<\/div>\n\n<div style=\"\"  data-wp-interactive=\"jetpack\/form\" data-wp-context='{\"fieldId\":\"g28057-email\",\"fieldType\":\"email\",\"fieldLabel\":\"E-mail\",\"fieldValue\":\"\",\"fieldPlaceholder\":\"\",\"fieldIsRequired\":\"\",\"fieldErrorMessage\":\"\",\"fieldExtra\":[],\"formHash\":\"08a3c4d361c72d488f1c89fdb2d6f31fb1f21a3d\"}'  class='grunion-field-email-wrap grunion-field-wrap'  data-wp-init='callbacks.initializeField' data-wp-on--jetpack-form-reset='callbacks.initializeField' >\n<label\n\t\t\t\tfor='g28057-email' class=\"grunion-field-label email\" >E-mail<\/label>\n<input\n\t\t\t\t\ttype='email'\n\t\t\t\t\tname='g28057-email'\n\t\t\t\t\tid='g28057-email'\n\t\t\t\t\tvalue=''\n\n\t\t\t\t\tdata-wp-bind--aria-invalid='state.fieldHasErrors'\n\t\t\t\t\tdata-wp-bind--value='state.getFieldValue'\n\t\t\t\t\taria-errormessage='g28057-email-email-error-message'\n\t\t\t\t\tdata-wp-on--input='actions.onFieldChange'\n\t\t\t\t\tdata-wp-on--blur='actions.onFieldBlur'\n\t\t\t\t\tdata-wp-class--has-value='state.hasFieldValue'\n\n\t\t\t\t\tclass='email  grunion-field' \n\t\t\t\t\t \/>\n \n\t\t\t<div id=\"g28057-email-email-error\" class=\"contact-form__input-error\" data-wp-class--has-errors=\"state.fieldHasErrors\">\n\t\t\t\t<span class=\"contact-form__warning-icon\">\n\t\t\t\t\t<svg width=\"16\" height=\"16\" viewBox=\"0 0 16 16\" fill=\"none\" xmlns=\"http:\/\/www.w3.org\/2000\/svg\">\n\t\t\t\t\t\t<path d=\"M8.50015 11.6402H7.50015V10.6402H8.50015V11.6402Z\" \/>\n\t\t\t\t\t\t<path d=\"M7.50015 9.64018H8.50015V6.30684H7.50015V9.64018Z\" \/>\n\t\t\t\t\t\t<path fill-rule=\"evenodd\" clip-rule=\"evenodd\" d=\"M6.98331 3.0947C7.42933 2.30177 8.57096 2.30177 9.01698 3.09469L13.8771 11.7349C14.3145 12.5126 13.7525 13.4735 12.8602 13.4735H3.14004C2.24774 13.4735 1.68575 12.5126 2.12321 11.7349L6.98331 3.0947ZM8.14541 3.58496C8.08169 3.47168 7.9186 3.47168 7.85488 3.58496L2.99478 12.2251C2.93229 12.3362 3.01257 12.4735 3.14004 12.4735H12.8602C12.9877 12.4735 13.068 12.3362 13.0055 12.2251L8.14541 3.58496Z\" \/>\n\t\t\t\t\t<\/svg>\n\t\t\t\t\t<span class=\"visually-hidden\">Aviso<\/span>\n\t\t\t\t<\/span>\n\t\t\t\t<span data-wp-text=\"state.errorMessage\" id=\"g28057-email-email-error-message\" role=\"alert\" aria-live=\"assertive\"><\/span>\n\t\t\t<\/div> \n\t<\/div>\n\n<div style=\"\"  data-wp-interactive=\"jetpack\/form\" data-wp-context='{\"fieldId\":\"g28057-mensagem\",\"fieldType\":\"textarea\",\"fieldLabel\":\"Mensagem\",\"fieldValue\":\"\",\"fieldPlaceholder\":\"\",\"fieldIsRequired\":\"\",\"fieldErrorMessage\":\"\",\"fieldExtra\":[],\"formHash\":\"08a3c4d361c72d488f1c89fdb2d6f31fb1f21a3d\"}'  class='grunion-field-textarea-wrap grunion-field-wrap'  data-wp-init='callbacks.initializeField' data-wp-on--jetpack-form-reset='callbacks.initializeField' >\n<label\n\t\t\t\tfor='contact-form-comment-g28057-mensagem' class=\"grunion-field-label textarea\" >Mensagem<\/label>\n<textarea\n\t\t                style=''\n\t\t                name='g28057-mensagem'\n\t\t                id='contact-form-comment-g28057-mensagem'\n\t\t                rows='20'\n\t\t\t\t\t\tdata-wp-text='state.getFieldValue'\n\t\t\t\t\t\tdata-wp-on--input='actions.onFieldChange'\n\t\t\t\t\t\tdata-wp-on--blur='actions.onFieldBlur'\n\t\t\t\t\t\tdata-wp-class--has-value='state.hasFieldValue'\n\t\t\t\t\t\tdata-wp-bind--aria-invalid='state.fieldHasErrors'\n\t\t\t\t\t\taria-errormessage='g28057-mensagem-textarea-error-message'\n\t\t\t\t\t\tclass='textarea  grunion-field'  ><\/textarea>\n \n\t\t\t<div id=\"g28057-mensagem-textarea-error\" class=\"contact-form__input-error\" data-wp-class--has-errors=\"state.fieldHasErrors\">\n\t\t\t\t<span class=\"contact-form__warning-icon\">\n\t\t\t\t\t<svg width=\"16\" height=\"16\" viewBox=\"0 0 16 16\" fill=\"none\" xmlns=\"http:\/\/www.w3.org\/2000\/svg\">\n\t\t\t\t\t\t<path d=\"M8.50015 11.6402H7.50015V10.6402H8.50015V11.6402Z\" \/>\n\t\t\t\t\t\t<path d=\"M7.50015 9.64018H8.50015V6.30684H7.50015V9.64018Z\" \/>\n\t\t\t\t\t\t<path fill-rule=\"evenodd\" clip-rule=\"evenodd\" d=\"M6.98331 3.0947C7.42933 2.30177 8.57096 2.30177 9.01698 3.09469L13.8771 11.7349C14.3145 12.5126 13.7525 13.4735 12.8602 13.4735H3.14004C2.24774 13.4735 1.68575 12.5126 2.12321 11.7349L6.98331 3.0947ZM8.14541 3.58496C8.08169 3.47168 7.9186 3.47168 7.85488 3.58496L2.99478 12.2251C2.93229 12.3362 3.01257 12.4735 3.14004 12.4735H12.8602C12.9877 12.4735 13.068 12.3362 13.0055 12.2251L8.14541 3.58496Z\" \/>\n\t\t\t\t\t<\/svg>\n\t\t\t\t\t<span class=\"visually-hidden\">Aviso<\/span>\n\t\t\t\t<\/span>\n\t\t\t\t<span data-wp-text=\"state.errorMessage\" id=\"g28057-mensagem-textarea-error-message\" role=\"alert\" aria-live=\"assertive\"><\/span>\n\t\t\t<\/div>\n\t<\/div>\n\t<p class='contact-submit'>\n<div class=\"contact-form__error\" data-wp-class--show-errors=\"state.showFormErrors\"><span class=\"contact-form__warning-icon\"><span class=\"visually-hidden\">Aten\u00e7\u00e3o.<\/span><i aria-hidden=\"true\"><\/i><\/span>\n\t\t\t\t<span data-wp-text=\"state.getFormErrorMessage\"><\/span>\n\t\t\t\t<ul>\n\t\t\t\t<template data-wp-each=\"state.getErrorList\" data-wp-key=\"context.item.id\">\n\t\t\t\t\t<li><a data-wp-bind--href=\"context.item.anchor\" data-wp-on--click=\"actions.scrollIntoView\" data-wp-text=\"context.item.label\"><\/a><\/li>\n\t\t\t\t<\/template>\n\t\t\t\t<\/ul><\/div><div class=\"contact-form__error\" data-wp-class--show-errors=\"state.showSubmissionError\" data-wp-text=\"context.submissionError\"><\/div>\t\t<button type='submit' class='pushbutton-wide'>Enviar<\/button>\t\t<input type='hidden' name='contact-form-id' value='28057' \/>\n\t\t<input type='hidden' name='action' value='grunion-contact-form' \/>\n\t\t<input type='hidden' name='contact-form-hash' value='08a3c4d361c72d488f1c89fdb2d6f31fb1f21a3d' \/>\n\t<\/p>\n<p style=\"display: none !important;\" class=\"akismet-fields-container\" data-prefix=\"ak_\"><label>&#916;<textarea name=\"ak_hp_textarea\" cols=\"45\" rows=\"8\" maxlength=\"100\"><\/textarea><\/label><input type=\"hidden\" id=\"ak_js_1\" name=\"ak_js\" value=\"52\"\/><script>document.getElementById( \"ak_js_1\" ).setAttribute( \"value\", ( new Date() ).getTime() );<\/script><\/p><\/form>\n<\/div>\n<p>&nbsp;<\/p>\n","protected":false},"excerpt":{"rendered":"<p>\u00a0A trag\u00e9dia na Boate Kiss pelos olhos de Daniela Arbex\u00a0 \u00a0 \u00a0\u00a0 Por Mariana Pereira\u00a0 \u00a0 \u00a0\u00a0 &nbsp; &nbsp; O livro \u201cTodo Dia a Mesma Noite\u201d, escrito pela jornalista Daniela Arbex, aborda a tr\u00e1gica hist\u00f3ria do inc\u00eandio na Boate Kiss, ocorrido em Santa Maria, no Rio Grande do Sul, em 27 de janeiro de 2013. &hellip; <\/p>\n<p><a class=\"more-link btn\" href=\"https:\/\/wp.ufpel.edu.br\/artenosul\/2025\/03\/11\/todo-dia-a-mesma-noite\/\">Continue lendo<\/a><\/p>\n","protected":false},"author":571,"featured_media":28062,"comment_status":"closed","ping_status":"closed","sticky":false,"template":"","format":"standard","meta":{"jetpack_post_was_ever_published":false,"_jetpack_newsletter_access":"","_jetpack_dont_email_post_to_subs":false,"_jetpack_newsletter_tier_id":0,"_jetpack_memberships_contains_paywalled_content":false,"_jetpack_memberships_contains_paid_content":false,"footnotes":"","jetpack_publicize_message":"","jetpack_publicize_feature_enabled":true,"jetpack_social_post_already_shared":true,"jetpack_social_options":{"image_generator_settings":{"template":"highway","default_image_id":0,"font":"","enabled":false},"version":2}},"categories":[83,315],"tags":[2559,2558,299,2561,2560,2557],"class_list":["post-28057","post","type-post","status-publish","format-standard","has-post-thumbnail","hentry","category-literatura","category-opiniao","tag-boate-kiss","tag-daniela-arbex","tag-jornalismo","tag-mariana-pereira","tag-santa-maria","tag-todo-dia-a-mesma-noite","nodate","item-wrap"],"jetpack_publicize_connections":[],"jetpack_featured_media_url":"https:\/\/wp.ufpel.edu.br\/artenosul\/files\/2025\/03\/08b67cb9efb8e99b2f2f4835f5ce9f1f.webp","jetpack_sharing_enabled":true,"jetpack_likes_enabled":true,"jetpack_shortlink":"https:\/\/wp.me\/p6PuxQ-7ix","jetpack-related-posts":[{"id":13325,"url":"https:\/\/wp.ufpel.edu.br\/artenosul\/2023\/03\/07\/comedia-teatral-antes-do-ano-que-vem-com-mariana-xavier-estreia-em-pelotas\/","url_meta":{"origin":28057,"position":0},"title":"Com\u00e9dia teatral \u201cAntes do Ano Que Vem\u201d, com Mariana Xavier, estreia em Pelotas","author":"artenosul","date":"7 de mar\u00e7o de 2023","format":false,"excerpt":"Espet\u00e1culo ser\u00e1 apresentado no Theatro Guarany amanh\u00e3 \u00e0s 20h e comemora Dia Internacional da Mulher\u00a0 \u00a0 \u00a0 \u00a0 \u00a0 Por Beatriz Gomes\u00a0 \u00a0 \u00a0 \u00a0 \u00a0\u00a0 \u00c9 noite de Ano Novo quando Dizu\u00edte, a faxineira que trabalha na Central de Atendimento aos Desesperados (CAD) - uma esp\u00e9cie de Centro de\u2026","rel":"","context":"Em &quot;NOT\u00cdCIAS&quot;","block_context":{"text":"NOT\u00cdCIAS","link":"https:\/\/wp.ufpel.edu.br\/artenosul\/category\/noticias\/"},"img":{"alt_text":"","src":"https:\/\/i0.wp.com\/wp.ufpel.edu.br\/artenosul\/files\/2023\/03\/Imagem1.png?resize=350%2C200&ssl=1","width":350,"height":200,"srcset":"https:\/\/i0.wp.com\/wp.ufpel.edu.br\/artenosul\/files\/2023\/03\/Imagem1.png?resize=350%2C200&ssl=1 1x, https:\/\/i0.wp.com\/wp.ufpel.edu.br\/artenosul\/files\/2023\/03\/Imagem1.png?resize=525%2C300&ssl=1 1.5x"},"classes":[]},{"id":27597,"url":"https:\/\/wp.ufpel.edu.br\/artenosul\/2024\/12\/13\/nossos-sonhos-atraves-de-coreografias-e-musica\/","url_meta":{"origin":28057,"position":1},"title":"\u201cNossos Sonhos\u201d atrav\u00e9s de coreografias e m\u00fasica","author":"artenosul","date":"13 de dezembro de 2024","format":false,"excerpt":"Academia Corpo & Dan\u00e7a apresenta espet\u00e1culo no Theatro Guarany na pr\u00f3xima ter\u00e7a-feira\u00a0\u00a0\u00a0 Por Paulo Pereira da Silva\u00a0\u00a0\u00a0\u00a0\u00a0 \u00a0 \u00a0 A Academia Corpo & Dan\u00e7a levar\u00e1 para o palco do Theatro Guarany, em Pelotas, o espet\u00e1culo \u201dNossos Sonhos\u201d, com a inten\u00e7\u00e3o de mostrar ao p\u00fablico, atrav\u00e9s da dan\u00e7a, nossos anseios mais\u2026","rel":"","context":"Em &quot;COMUNIDADE&quot;","block_context":{"text":"COMUNIDADE","link":"https:\/\/wp.ufpel.edu.br\/artenosul\/category\/comunidade\/"},"img":{"alt_text":"","src":"https:\/\/i0.wp.com\/wp.ufpel.edu.br\/artenosul\/files\/2024\/12\/Paulo3.jpg?resize=350%2C200&ssl=1","width":350,"height":200,"srcset":"https:\/\/i0.wp.com\/wp.ufpel.edu.br\/artenosul\/files\/2024\/12\/Paulo3.jpg?resize=350%2C200&ssl=1 1x, https:\/\/i0.wp.com\/wp.ufpel.edu.br\/artenosul\/files\/2024\/12\/Paulo3.jpg?resize=525%2C300&ssl=1 1.5x, https:\/\/i0.wp.com\/wp.ufpel.edu.br\/artenosul\/files\/2024\/12\/Paulo3.jpg?resize=700%2C400&ssl=1 2x"},"classes":[]},{"id":7220,"url":"https:\/\/wp.ufpel.edu.br\/artenosul\/2017\/08\/11\/refugio-cultural-na-zona-norte-de-pelotas\/","url_meta":{"origin":28057,"position":2},"title":"Ref\u00fagio cultural na Zona Norte de Pelotas","author":"artenosul","date":"11 de agosto de 2017","format":false,"excerpt":"Fernando Vargas \u00a0\u00a0\u00a0\u00a0\u00a0 Localizado na Rua Anchieta, n\u00famero \u00a04.480, pr\u00f3ximo \u00e0 Avenida Dom Joaquim, e coordenado por Daniela de Moraes Meine e Paulo Ben-Hur Meine, o \u00c1gape Espa\u00e7o de Arte \u00e9 um ambiente que prop\u00f5e uma nova forma de expressar a cultura para a comunidade pelotense. Desde a data de\u2026","rel":"","context":"Em &quot;ARTES VISUAIS&quot;","block_context":{"text":"ARTES VISUAIS","link":"https:\/\/wp.ufpel.edu.br\/artenosul\/category\/artes-visuais\/"},"img":{"alt_text":"","src":"https:\/\/i0.wp.com\/wp.ufpel.edu.br\/artenosul\/files\/2017\/08\/foto-2-.jpg?resize=350%2C200&ssl=1","width":350,"height":200,"srcset":"https:\/\/i0.wp.com\/wp.ufpel.edu.br\/artenosul\/files\/2017\/08\/foto-2-.jpg?resize=350%2C200&ssl=1 1x, https:\/\/i0.wp.com\/wp.ufpel.edu.br\/artenosul\/files\/2017\/08\/foto-2-.jpg?resize=525%2C300&ssl=1 1.5x, https:\/\/i0.wp.com\/wp.ufpel.edu.br\/artenosul\/files\/2017\/08\/foto-2-.jpg?resize=700%2C400&ssl=1 2x"},"classes":[]},{"id":8948,"url":"https:\/\/wp.ufpel.edu.br\/artenosul\/2020\/12\/02\/investigacoes-fascinantes-em-misterios-sem-solucao\/","url_meta":{"origin":28057,"position":3},"title":"Investiga\u00e7\u00f5es fascinantes em \u201cMist\u00e9rios sem Solu\u00e7\u00e3o\u201d","author":"artenosul","date":"2 de dezembro de 2020","format":false,"excerpt":"Por Daniela Mello S\u00e9rie criminal do streaming aborda assassinatos e desaparecimentos n\u00e3o resolvidos at\u00e9 dias atuais \u201cMist\u00e9rios sem Solu\u00e7\u00e3o\u201d \u00e9 uma s\u00e9rie documental lan\u00e7ada pela Netflix em julho deste ano, que despertou a curiosidade e indigna\u00e7\u00e3o de sua audi\u00eancia, pois aborda crimes e enigmas reais n\u00e3o resolvidos at\u00e9 os dias\u2026","rel":"","context":"Em &quot;CINEMA&quot;","block_context":{"text":"CINEMA","link":"https:\/\/wp.ufpel.edu.br\/artenosul\/category\/cinema\/"},"img":{"alt_text":"","src":"https:\/\/i0.wp.com\/wp.ufpel.edu.br\/artenosul\/files\/2020\/12\/misterioss.jpg?resize=350%2C200&ssl=1","width":350,"height":200},"classes":[]},{"id":7156,"url":"https:\/\/wp.ufpel.edu.br\/artenosul\/2017\/08\/03\/dona-dinnah-o-lado-b-da-noite\/","url_meta":{"origin":28057,"position":4},"title":"Dona Dinnah, o lado B da noite","author":"artenosul","date":"3 de agosto de 2017","format":false,"excerpt":"Mariana Lealdino \u00a0\u00a0\u00a0\u00a0 Inverno. Pelotas. Quando o sol se p\u00f5e na cidade mais doce do Rio Grande do Sul, a vida noturna \u00e9 convidativa. Happy Hour, balada, a noite pelotense, apesar de fria, n\u00e3o intimida os amantes de uma boa m\u00fasica. \u00a0 Ao entrar no pequeno \u201cpub\u201d, a primeira provoca\u00e7\u00e3o\u2026","rel":"","context":"Em &quot;M\u00daSICA&quot;","block_context":{"text":"M\u00daSICA","link":"https:\/\/wp.ufpel.edu.br\/artenosul\/category\/musica\/"},"img":{"alt_text":"","src":"https:\/\/i0.wp.com\/wp.ufpel.edu.br\/artenosul\/files\/2017\/08\/EduardoFreda2.jpg?resize=350%2C200&ssl=1","width":350,"height":200},"classes":[]},{"id":6675,"url":"https:\/\/wp.ufpel.edu.br\/artenosul\/2017\/06\/23\/espetaculo-no-mercado\/","url_meta":{"origin":28057,"position":5},"title":"Espet\u00e1culo no Mercado","author":"artenosul","date":"23 de junho de 2017","format":false,"excerpt":"Grupo Vc Sabe Quem apresenta pe\u00e7a segunda-feira com entrada franca -\u00a0 Reportagem de Mariana Florencio - \u00a0 \u00a0 \u00a0Na pr\u00f3xima segunda, dia 26 de junho, a companhia de teatro Vc Sabe Quem apresenta sua pe\u00e7a Dona Frida no encerramento da primeira temporada do Sete ao Entardecer 2017. A hist\u00f3ria vai\u2026","rel":"","context":"Em &quot;NOT\u00cdCIAS&quot;","block_context":{"text":"NOT\u00cdCIAS","link":"https:\/\/wp.ufpel.edu.br\/artenosul\/category\/noticias\/"},"img":{"alt_text":"","src":"https:\/\/i0.wp.com\/wp.ufpel.edu.br\/artenosul\/files\/2017\/06\/MarianaFlorencioDona-Frida2-e1499525107874.jpg?resize=350%2C200&ssl=1","width":350,"height":200,"srcset":"https:\/\/i0.wp.com\/wp.ufpel.edu.br\/artenosul\/files\/2017\/06\/MarianaFlorencioDona-Frida2-e1499525107874.jpg?resize=350%2C200&ssl=1 1x, https:\/\/i0.wp.com\/wp.ufpel.edu.br\/artenosul\/files\/2017\/06\/MarianaFlorencioDona-Frida2-e1499525107874.jpg?resize=525%2C300&ssl=1 1.5x"},"classes":[]}],"_links":{"self":[{"href":"https:\/\/wp.ufpel.edu.br\/artenosul\/wp-json\/wp\/v2\/posts\/28057","targetHints":{"allow":["GET"]}}],"collection":[{"href":"https:\/\/wp.ufpel.edu.br\/artenosul\/wp-json\/wp\/v2\/posts"}],"about":[{"href":"https:\/\/wp.ufpel.edu.br\/artenosul\/wp-json\/wp\/v2\/types\/post"}],"author":[{"embeddable":true,"href":"https:\/\/wp.ufpel.edu.br\/artenosul\/wp-json\/wp\/v2\/users\/571"}],"replies":[{"embeddable":true,"href":"https:\/\/wp.ufpel.edu.br\/artenosul\/wp-json\/wp\/v2\/comments?post=28057"}],"version-history":[{"count":2,"href":"https:\/\/wp.ufpel.edu.br\/artenosul\/wp-json\/wp\/v2\/posts\/28057\/revisions"}],"predecessor-version":[{"id":28063,"href":"https:\/\/wp.ufpel.edu.br\/artenosul\/wp-json\/wp\/v2\/posts\/28057\/revisions\/28063"}],"wp:featuredmedia":[{"embeddable":true,"href":"https:\/\/wp.ufpel.edu.br\/artenosul\/wp-json\/wp\/v2\/media\/28062"}],"wp:attachment":[{"href":"https:\/\/wp.ufpel.edu.br\/artenosul\/wp-json\/wp\/v2\/media?parent=28057"}],"wp:term":[{"taxonomy":"category","embeddable":true,"href":"https:\/\/wp.ufpel.edu.br\/artenosul\/wp-json\/wp\/v2\/categories?post=28057"},{"taxonomy":"post_tag","embeddable":true,"href":"https:\/\/wp.ufpel.edu.br\/artenosul\/wp-json\/wp\/v2\/tags?post=28057"}],"curies":[{"name":"wp","href":"https:\/\/api.w.org\/{rel}","templated":true}]}}