{"id":27670,"date":"2024-12-20T20:09:30","date_gmt":"2024-12-20T23:09:30","guid":{"rendered":"https:\/\/wp.ufpel.edu.br\/artenosul\/?p=27670"},"modified":"2024-12-21T13:32:41","modified_gmt":"2024-12-21T16:32:41","slug":"musica-de-concerto-para-todos","status":"publish","type":"post","link":"https:\/\/wp.ufpel.edu.br\/artenosul\/2024\/12\/20\/musica-de-concerto-para-todos\/","title":{"rendered":"M\u00fasica de orquestra para todos"},"content":{"rendered":"<p style=\"text-align: center;\"><span style=\"font-family: arial, helvetica, sans-serif; color: #003366;\"><em><strong>Projeto de extens\u00e3o \u00a0Estudos em Performance e Pr\u00e1ticas Musicais Coletivas visa diminuir a dist\u00e2ncia entre o erudito e o popular\u00a0 \u00a0 \u00a0 \u00a0 \u00a0 \u00a0<\/strong><\/em><\/span><\/p>\n<p style=\"text-align: right;\"><span style=\"font-family: arial, helvetica, sans-serif; color: #003366;\"><em><strong>Por Arthur dos Reis Rezer e Vit\u00f3ria Scheffer\u00a0 \u00a0 \u00a0 \u00a0 \u00a0\u00a0<\/strong><\/em><\/span><\/p>\n<p style=\"text-align: justify;\"><span style=\"font-family: arial, helvetica, sans-serif;\">A acessibilidade da m\u00fasica caracter\u00edstica da cultura erudita \u2013 m\u00fasicas de c\u00e2mara, sinfonias, quartetos, concertos, etc. &#8211; \u00e9 uma problem\u00e1tica que acompanha as nossas sociedades desde a \u00e9poca medieval. A elitiza\u00e7\u00e3o de certas manifesta\u00e7\u00f5es art\u00edsticas e a marginaliza\u00e7\u00e3o de outras representa uma barreira extrema entre diferentes <em>status <\/em>sociais. Assim, a atitude de indiv\u00edduos e institui\u00e7\u00f5es pode propor maior acesso \u00e0s artes \u201ccultas\u201d, diminuindo essa dist\u00e2ncia. Um exemplo disso s\u00e3o os projetos de extens\u00e3o desenvolvidos pelo Curso de M\u00fasica da Universidade Federal de Pelotas (UFPel), que visam aproximar a cultura musical erudita da comunidade local, fortalecendo o di\u00e1logo entre a universidade e a popula\u00e7\u00e3o.<\/span><\/p>\n<p>&nbsp;<\/p>\n<div id=\"attachment_27673\" style=\"width: 800px\" class=\"wp-caption aligncenter\"><img loading=\"lazy\" decoding=\"async\" aria-describedby=\"caption-attachment-27673\" class=\" wp-image-27673\" src=\"https:\/\/wp.ufpel.edu.br\/artenosul\/files\/2024\/12\/maxresdefault-500x281.jpg\" alt=\"\" width=\"800\" height=\"449\" srcset=\"https:\/\/wp.ufpel.edu.br\/artenosul\/files\/2024\/12\/maxresdefault-500x281.jpg 500w, https:\/\/wp.ufpel.edu.br\/artenosul\/files\/2024\/12\/maxresdefault-300x169.jpg 300w, https:\/\/wp.ufpel.edu.br\/artenosul\/files\/2024\/12\/maxresdefault-768x432.jpg 768w, https:\/\/wp.ufpel.edu.br\/artenosul\/files\/2024\/12\/maxresdefault-855x481.jpg 855w, https:\/\/wp.ufpel.edu.br\/artenosul\/files\/2024\/12\/maxresdefault.jpg 1280w\" sizes=\"auto, (max-width: 800px) 100vw, 800px\" \/><p id=\"caption-attachment-27673\" class=\"wp-caption-text\"><span style=\"font-family: arial, helvetica, sans-serif;\"><span style=\"color: #0000ff;\"><strong><span style=\"color: #0000ff;\">\u00a0 \u00a0 \u00a0 \u00a0 \u00a0 \u00a0 \u00a0 \u00a0 \u00a0 \u00a0Ensaio de \u201cPressentimento\u201d, composi\u00e7\u00e3o de Henrique Guerreiro com base no poema de Rutnea Guerreiro\u00a0 \u00a0 \u00a0 \u00a0 \u00a0 \u00a0 \u00a0\u00a0<\/span><\/strong> <\/span><strong><span style=\"color: #0000ff;\">Foto: Youtube Camerata UFPel<\/span><\/strong><\/span><\/p><\/div>\n<p style=\"text-align: justify;\"><span style=\"font-family: arial, helvetica, sans-serif;\"><em>.<\/em><\/span><\/p>\n<p style=\"text-align: justify;\"><span style=\"font-family: arial, helvetica, sans-serif;\">O projeto de extens\u00e3o \u00a0Estudos em Performance e Pr\u00e1ticas Musicais Coletivas na UFPel \u00a0foi fundado pelo professor Tiago Sabino Ribas, com o objetivo de promover a performance e a contempla\u00e7\u00e3o de m\u00fasicas tocadas por instrumentos eruditos, de pouco acesso a grande parte da sociedade. Foram muito executadas m\u00fasicas barrocas, como obras dos compositores Bach e Vivaldi, frequentemente tocados em forma\u00e7\u00f5es de \u201cM\u00fasica de C\u00e2mara\u201d. Este termo tem origem no italiano <em>&#8220;musica da camera&#8221;<\/em>, que significa &#8220;m\u00fasica de quarto&#8221;. Refere-se ao ambiente privado em que essas composi\u00e7\u00f5es eram originalmente executadas, como sal\u00f5es ou aposentos de nobres e aristocratas, cuja reg\u00eancia, ou seja, um maestro, \u00e9 dispens\u00e1vel e pouco comum. Hoje em dia, a m\u00fasica de c\u00e2mara continua mais presente em apresenta\u00e7\u00f5es de grupos menores de instrumentistas.<\/span><\/p>\n<p style=\"text-align: justify;\"><span style=\"font-family: arial, helvetica, sans-serif;\">A partir da sa\u00edda do professor Ribas da UFPel, o projeto estava sem um respons\u00e1vel e maestro para continuar com as atividades. No entanto, os alunos do curso continuaram demonstrando interesse na participa\u00e7\u00e3o como m\u00fasicos integrantes, e se propuseram a cria\u00e7\u00e3o de um novo grupo. A Camerata UFPel, com aval da professora Luciana Elisa Lozada Ten\u00f3rio do curso de M\u00fasica, e organiza\u00e7\u00e3o da aluna do curso M\u00fasica Licenciatura, Bruna Silva Monteiro, \u00e9 um grupo musical com 13 integrantes no momento. \u00a0Est\u00e1 iniciando suas atividades musicais voltadas para a regi\u00e3o de Pelotas.<\/span><\/p>\n<p style=\"text-align: justify;\"><span style=\"font-family: arial, helvetica, sans-serif;\">A proposta visa justamente estudos, ensaios e exibi\u00e7\u00f5es relacionados \u00e0 m\u00fasica de c\u00e2mara, por isso o nome Camerata. Com violinos, violas, violoncelos e um contrabaixo ac\u00fastico, o grupo musical, embora recente, j\u00e1 est\u00e1 verdadeiramente pronto para apresenta\u00e7\u00f5es no cen\u00e1rio cultural de Pelotas.<\/span><\/p>\n<p style=\"text-align: justify;\"><span style=\"font-family: arial, helvetica, sans-serif;\">Com ensaios semanais no pr\u00e9dio do Centro de Artes da UFPel, a Camerata envolve desde m\u00fasicas originais a artistas desconhecidos at\u00e9 os tradicionais da m\u00fasica de c\u00e2mara. Com tr\u00eas publica\u00e7\u00f5es na sua <a href=\"https:\/\/www.youtube.com\/@CamerataUFPel\" target=\"_blank\" rel=\"noopener\"><strong>p\u00e1gina do YouTube<\/strong><\/a>, o projeto ainda busca alcan\u00e7ar novas barreiras e propagar a cultura musical em novos ambientes.<\/span><\/p>\n<p>&nbsp;<\/p>\n<div id=\"attachment_27672\" style=\"width: 771px\" class=\"wp-caption aligncenter\"><img loading=\"lazy\" decoding=\"async\" aria-describedby=\"caption-attachment-27672\" class=\" wp-image-27672\" src=\"https:\/\/wp.ufpel.edu.br\/artenosul\/files\/2024\/12\/A-Camerata-UFPel-na-sua-reproducao-da-musica-Mourao-de-Cesar-Guerra-Peixe.-Fonte-Reproducao-Youtube-Camerata-UFPel-500x281.jpg\" alt=\"\" width=\"771\" height=\"434\" srcset=\"https:\/\/wp.ufpel.edu.br\/artenosul\/files\/2024\/12\/A-Camerata-UFPel-na-sua-reproducao-da-musica-Mourao-de-Cesar-Guerra-Peixe.-Fonte-Reproducao-Youtube-Camerata-UFPel-500x281.jpg 500w, https:\/\/wp.ufpel.edu.br\/artenosul\/files\/2024\/12\/A-Camerata-UFPel-na-sua-reproducao-da-musica-Mourao-de-Cesar-Guerra-Peixe.-Fonte-Reproducao-Youtube-Camerata-UFPel-300x169.jpg 300w, https:\/\/wp.ufpel.edu.br\/artenosul\/files\/2024\/12\/A-Camerata-UFPel-na-sua-reproducao-da-musica-Mourao-de-Cesar-Guerra-Peixe.-Fonte-Reproducao-Youtube-Camerata-UFPel-768x432.jpg 768w, https:\/\/wp.ufpel.edu.br\/artenosul\/files\/2024\/12\/A-Camerata-UFPel-na-sua-reproducao-da-musica-Mourao-de-Cesar-Guerra-Peixe.-Fonte-Reproducao-Youtube-Camerata-UFPel-855x481.jpg 855w, https:\/\/wp.ufpel.edu.br\/artenosul\/files\/2024\/12\/A-Camerata-UFPel-na-sua-reproducao-da-musica-Mourao-de-Cesar-Guerra-Peixe.-Fonte-Reproducao-Youtube-Camerata-UFPel.jpg 1280w\" sizes=\"auto, (max-width: 771px) 100vw, 771px\" \/><p id=\"caption-attachment-27672\" class=\"wp-caption-text\"><span style=\"font-family: arial, helvetica, sans-serif;\"><strong><span style=\"color: #0000ff;\">A Camerata UFPel na sua reprodu\u00e7\u00e3o da m\u00fasica \u201cMour\u00e3o\u201d, de C\u00e9sar Guerra-Peixe\u00a0 \u00a0 Foto: Youtube Camerata UFPel<\/span><\/strong><\/span><\/p><\/div>\n<p>&nbsp;<\/p>\n<p style=\"text-align: justify;\"><span style=\"font-family: arial, helvetica, sans-serif;\">Com a proposta de expandir suas atividades, a Camerata UFPel projeta um futuro promissor, com iniciativas que integram outras artes e buscam parcerias dentro da pr\u00f3pria Universidade. O desejo de unir grupos como o coral, o conjunto de choro e o grupo Iluminuro, do Bacharelado em M\u00fasica, reflete a import\u00e2ncia do trabalho colaborativo na forma\u00e7\u00e3o musical e na amplia\u00e7\u00e3o do repert\u00f3rio cultural em Pelotas<\/span><\/p>\n<p style=\"text-align: justify;\"><span style=\"font-family: arial, helvetica, sans-serif;\">Al\u00e9m de fomentar a m\u00fasica em conjunto, a experi\u00eancia proporciona um ambiente de crescimento coletivo e supera\u00e7\u00e3o, incentivando os m\u00fasicos a enfrentarem o desafio de tocar em grupo e a compartilharem suas pr\u00e1ticas com a comunidade. Em um cen\u00e1rio em que a acessibilidade \u00e0 m\u00fasica erudita ainda enfrenta barreiras, projetos como a Camerata UFPel se destacam como um elo fundamental entre a universidade e a sociedade, garantindo que a cultura musical alcance novos p\u00fablicos e inspire novas gera\u00e7\u00f5es de artistas e ouvintes.<\/span><\/p>\n<p style=\"text-align: justify;\"><span style=\"font-family: arial, helvetica, sans-serif;\">Com o apoio cont\u00ednuo de alunos, professores e colaboradores, a Camerata pretende n\u00e3o apenas crescer regionalmente, mas se consolidar como um espa\u00e7o essencial para a pr\u00e1tica e valoriza\u00e7\u00e3o da m\u00fasica de c\u00e2mara.<\/span><\/p>\n<p style=\"text-align: justify;\"><a href=\"http:\/\/wp.ufpel.edu.br\/artenosul\"><span style=\"color: #0000ff;\"><strong><span style=\"font-family: arial, helvetica, sans-serif;\">PRIMEIRA P\u00c1GINA<\/span><\/strong><\/span><\/a><\/p>\n<p style=\"text-align: justify;\"><span style=\"color: #0000ff;\"><strong><span style=\"font-family: arial, helvetica, sans-serif;\">COMENT\u00c1RIOS<\/span><\/strong><\/span><\/p>\n<div data-test='contact-form'\n\t\t\tid='contact-form-27670'\n\t\t\tclass='wp-block-jetpack-contact-form-container '\n\t\t\tdata-wp-interactive='jetpack\/form' data-wp-context='{\"formId\":\"27670\",\"formHash\":\"6ac5d2acbddfc4468769cf4ef529f77d428c98d9\",\"showErrors\":false,\"errors\":[],\"fields\":[],\"isMultiStep\":false,\"useAjax\":true,\"submissionData\":null,\"formattedSubmissionData\":[],\"submissionSuccess\":false,\"submissionError\":null,\"elementId\":\"jp-form-6ac5d2acbddfc4468769cf4ef529f77d428c98d9\",\"isSingleInputForm\":false}'\n\t\t\tdata-wp-watch--scroll-to-wrapper=\"callbacks.scrollToWrapper\"\n\t\t>\n<div class=\"contact-form-submission contact-form-ajax-submission\" data-wp-class--submission-success=\"context.submissionSuccess\"><p class=\"go-back-message\"><a class=\"link\" role=\"button\" tabindex=\"0\" data-wp-on--click=\"actions.goBack\" href=\"\/artenosul\/wp-json\/wp\/v2\/posts\/27670\">Voltar<\/a><\/p><h4 id=\"contact-form-success-header\">Sua mensagem foi enviada<\/h4>\n\n<template data-wp-each--submission=\"context.formattedSubmissionData\">\n\t\t\t\t\t<div class=\"jetpack_forms_contact-form-success-summary\">\n\t\t\t\t\t\t<div class=\"field-name\" data-wp-text=\"context.submission.label\" data-wp-bind--hidden=\"!context.submission.label\"><\/div>\n\t\t\t\t\t\t<div class=\"field-value\" data-wp-text=\"context.submission.value\"><\/div>\n\t\t\t\t\t\t<div class=\"field-images\" data-wp-bind--hidden=\"!context.submission.images\">\n\t\t\t\t\t\t\t<template data-wp-each--image=\"context.submission.images\">\n\t\t\t\t\t\t\t\t<figure class=\"field-image\" data-wp-class--is-empty=\"!context.image\">\n\t\t\t\t\t\t\t\t\t<img data-wp-bind--src=\"context.image\" data-wp-bind--hidden=\"!context.image\" \/>\n\t\t\t\t\t\t\t\t\t<img decoding=\"async\" src=\"data:image\/gif;base64,R0lGODlhAQABAAD\/ACwAAAAAAQABAAACADs=\" data-wp-bind--hidden=\"context.image\" \/>\n\t\t\t\t\t\t\t\t<\/figure>\n\t\t\t\t\t\t\t<\/template>\n\t\t\t\t\t\t<\/div>\n\t\t\t\t\t<\/div>\n\t\t\t\t<\/template><\/div><form action='https:\/\/wp.ufpel.edu.br\/artenosul\/2024\/12\/20\/musica-de-concerto-para-todos\/'\n\t\t\t\tid='jp-form-6ac5d2acbddfc4468769cf4ef529f77d428c98d9'\n\t\t\t\tmethod='post'\n\t\t\t\tclass='contact-form commentsblock' aria-label=\"M\u00fasica de orquestra para todos\"\n\t\t\t\tdata-wp-on--submit=\"actions.onFormSubmit\"\n\t\t\t\tdata-wp-on--reset=\"actions.onFormReset\"\n\t\t\t\tdata-wp-class--submission-success=\"context.submissionSuccess\"\n\t\t\t\tdata-wp-class--is-first-step=\"state.isFirstStep\"\n\t\t\t\tdata-wp-class--is-last-step=\"state.isLastStep\"\n\t\t\t\tdata-wp-class--is-ajax-form=\"context.useAjax\"\n\t\t\t\tnovalidate >\n<input type='hidden' name='jetpack_contact_form_jwt' value='eyJ0eXAiOiJKV1QiLCJhbGciOiJIUzI1NiJ9.eyJlbmNyeXB0ZWRfYXR0cmlidXRlcyI6ImRzRmV0Yi9yQnVSTVBObVpQMkVvTjhnT3E5UGJyTzFMK01FdldUa2E3TndnY0VOMUVkWFlVMkQ0Q0pvN2hyaXJlV0I5dEthWHpUcnRkTDFKYTBlOWFDVUpWQ01TV2NIM1ExVXd1cHFGTU0rME9ML0VGT0FBS203ZkNlWEUvczVndFd1REU0SXZvczd0em5OcXBYRDlRQThYb2hrQ1J1bVo3M2xkNisyL0ZPbTk2NG0vUHZTQmQzNkhvMFRHbzJKc2FMSkMzT1FOdnprUEIrMkRuZS92N2RIT0dVOXhvbzcwdld0bFh2RGdWc3FPYzY5SWdBUllVdG4vU2Nzdnl4SE9lVmNUNHZiSFdOZUdnWEFTSU55RXpXS1pFNFBHRHhFRkJYQlRqbTNYZ0x1dVN3U2xEOXJERjhpZmYxWUV5VUpHT2FVU1hWdWdoWnkvallXS1JqdUtBdXFDV3Y2SkVSdXROaXFEVzVwZ0ZhMWY3RGR4V2VIZ2s4TU9KZVFuZ2s2SmE3SjVoTm9IcHQ5bXZ4bWhML1F5aStCVElNNDA4Nk9heHlPTWRQdG5UbzFmaVorV1poUitQZHFESm82Y2wrc0FobUw1K0czNmVhTG1SMjMvRUx3R2RVc0pOQW05Z3owTWQzM3lydEYrTWJEeWV5NW96U0ZGbURHTnpLZWVrTTlialVaeENkQUNaWVlybHVOU2dGWjM3YXNqZ1gvcGp6SUhTcG5TRmNUM0hhVWdQYnJDSm1pL2pqeEFKRVB4ZTQrNStBM1lRRjdCT01MaWEyTjE4RWlDNjc0M1hlcS9xakt3Tms4Sk4yWnc0eVd1UUhkQTJTbndDby9ESW5pY1djMDlyRndOa1V4V2J0OGFuSlh0ZjJ1V1FZblJtcTRZaXUyUTIzRnJZYWQ5d3l4aXJZcE5rSFRYb1VlREJLbmZiejFjMENqeElzeHNPR3c0eGNjQ0J4VjFOSkZCVWVsaXQ3aktqT3I4ZkpCeWtzeFhya2UxdDNBZ0kzQXBYZzJ4U2dRRGNvaU1VMXZTcFdXMi9jMDQvdFJxZ1k4ZHJPbWFBbEhrdDdSY1o0VEtiQVZaZENUbXkxZjVzRXM3Uk9XY1ZNUlYvbWlmcDFWdHNlTzBUMm51UHl0b0RTcTVkcmF0eSsvcm5DRVhWL0FpOFkwUHdKS2R3OUI1OHJHTHcwYUZxZmxlTUl1NXVveWZvMEQvUEtjciIsImNvbnRlbnQiOiJbY29udGFjdC1maWVsZCBsYWJlbD1cIk5vbWVcIiB0eXBlPVwibmFtZVwiXVtjb250YWN0LWZpZWxkIGxhYmVsPVwiRS1tYWlsXCIgdHlwZT1cImVtYWlsXCJdW2NvbnRhY3QtZmllbGQgbGFiZWw9XCJNZW5zYWdlbVwiIHR5cGU9XCJ0ZXh0YXJlYVwiXSIsImhhc2giOiI2YWM1ZDJhY2JkZGZjNDQ2ODc2OWNmNGVmNTI5Zjc3ZDQyOGM5OGQ5Iiwic291cmNlIjp7ImVudHJ5X3RpdGxlIjoiTVx1MDBmYXNpY2EgZGUgb3JxdWVzdHJhIHBhcmEgdG9kb3MiLCJlbnRyeV9wYWdlIjoxLCJzb3VyY2VfaWQiOjI3NjcwLCJzb3VyY2VfdHlwZSI6InNpbmdsZSIsInJlcXVlc3RfdXJsIjoiaHR0cHM6Ly93cC51ZnBlbC5lZHUuYnIvYXJ0ZW5vc3VsL3dwLWpzb24vd3AvdjIvcG9zdHMvMjc2NzAifSwidmVyc2lvbiI6MiwiY2lwaGVyIjoiYWVzLTI1Ni1nY20ifQ.UD33ojE4m6Mr89GgSN-E1huidorHtXivKJHFQ0sUqsg' \/>\n\n<div style=\"\"  data-wp-interactive=\"jetpack\/form\" data-wp-context='{\"fieldId\":\"g27670-nome\",\"fieldType\":\"name\",\"fieldLabel\":\"Nome\",\"fieldValue\":\"\",\"fieldPlaceholder\":\"\",\"fieldIsRequired\":\"\",\"fieldErrorMessage\":\"\",\"fieldExtra\":[],\"formHash\":\"6ac5d2acbddfc4468769cf4ef529f77d428c98d9\"}'  class='grunion-field-name-wrap grunion-field-wrap'  data-wp-init='callbacks.initializeField' data-wp-on--jetpack-form-reset='callbacks.initializeField' >\n<label\n\t\t\t\tfor='g27670-nome' class=\"grunion-field-label name\" >Nome<\/label>\n<input\n\t\t\t\t\ttype='text'\n\t\t\t\t\tname='g27670-nome'\n\t\t\t\t\tid='g27670-nome'\n\t\t\t\t\tvalue=''\n\n\t\t\t\t\tdata-wp-bind--aria-invalid='state.fieldHasErrors'\n\t\t\t\t\tdata-wp-bind--value='state.getFieldValue'\n\t\t\t\t\taria-errormessage='g27670-nome-text-error-message'\n\t\t\t\t\tdata-wp-on--input='actions.onFieldChange'\n\t\t\t\t\tdata-wp-on--blur='actions.onFieldBlur'\n\t\t\t\t\tdata-wp-class--has-value='state.hasFieldValue'\n\n\t\t\t\t\tclass='name  grunion-field' \n\t\t\t\t\t \/>\n \n\t\t\t<div id=\"g27670-nome-text-error\" class=\"contact-form__input-error\" data-wp-class--has-errors=\"state.fieldHasErrors\">\n\t\t\t\t<span class=\"contact-form__warning-icon\">\n\t\t\t\t\t<svg width=\"16\" height=\"16\" viewBox=\"0 0 16 16\" fill=\"none\" xmlns=\"http:\/\/www.w3.org\/2000\/svg\">\n\t\t\t\t\t\t<path d=\"M8.50015 11.6402H7.50015V10.6402H8.50015V11.6402Z\" \/>\n\t\t\t\t\t\t<path d=\"M7.50015 9.64018H8.50015V6.30684H7.50015V9.64018Z\" \/>\n\t\t\t\t\t\t<path fill-rule=\"evenodd\" clip-rule=\"evenodd\" d=\"M6.98331 3.0947C7.42933 2.30177 8.57096 2.30177 9.01698 3.09469L13.8771 11.7349C14.3145 12.5126 13.7525 13.4735 12.8602 13.4735H3.14004C2.24774 13.4735 1.68575 12.5126 2.12321 11.7349L6.98331 3.0947ZM8.14541 3.58496C8.08169 3.47168 7.9186 3.47168 7.85488 3.58496L2.99478 12.2251C2.93229 12.3362 3.01257 12.4735 3.14004 12.4735H12.8602C12.9877 12.4735 13.068 12.3362 13.0055 12.2251L8.14541 3.58496Z\" \/>\n\t\t\t\t\t<\/svg>\n\t\t\t\t\t<span class=\"visually-hidden\">Aviso<\/span>\n\t\t\t\t<\/span>\n\t\t\t\t<span data-wp-text=\"state.errorMessage\" id=\"g27670-nome-text-error-message\" role=\"alert\" aria-live=\"assertive\"><\/span>\n\t\t\t<\/div> \n\t<\/div>\n\n<div style=\"\"  data-wp-interactive=\"jetpack\/form\" data-wp-context='{\"fieldId\":\"g27670-email\",\"fieldType\":\"email\",\"fieldLabel\":\"E-mail\",\"fieldValue\":\"\",\"fieldPlaceholder\":\"\",\"fieldIsRequired\":\"\",\"fieldErrorMessage\":\"\",\"fieldExtra\":[],\"formHash\":\"6ac5d2acbddfc4468769cf4ef529f77d428c98d9\"}'  class='grunion-field-email-wrap grunion-field-wrap'  data-wp-init='callbacks.initializeField' data-wp-on--jetpack-form-reset='callbacks.initializeField' >\n<label\n\t\t\t\tfor='g27670-email' class=\"grunion-field-label email\" >E-mail<\/label>\n<input\n\t\t\t\t\ttype='email'\n\t\t\t\t\tname='g27670-email'\n\t\t\t\t\tid='g27670-email'\n\t\t\t\t\tvalue=''\n\n\t\t\t\t\tdata-wp-bind--aria-invalid='state.fieldHasErrors'\n\t\t\t\t\tdata-wp-bind--value='state.getFieldValue'\n\t\t\t\t\taria-errormessage='g27670-email-email-error-message'\n\t\t\t\t\tdata-wp-on--input='actions.onFieldChange'\n\t\t\t\t\tdata-wp-on--blur='actions.onFieldBlur'\n\t\t\t\t\tdata-wp-class--has-value='state.hasFieldValue'\n\n\t\t\t\t\tclass='email  grunion-field' \n\t\t\t\t\t \/>\n \n\t\t\t<div id=\"g27670-email-email-error\" class=\"contact-form__input-error\" data-wp-class--has-errors=\"state.fieldHasErrors\">\n\t\t\t\t<span class=\"contact-form__warning-icon\">\n\t\t\t\t\t<svg width=\"16\" height=\"16\" viewBox=\"0 0 16 16\" fill=\"none\" xmlns=\"http:\/\/www.w3.org\/2000\/svg\">\n\t\t\t\t\t\t<path d=\"M8.50015 11.6402H7.50015V10.6402H8.50015V11.6402Z\" \/>\n\t\t\t\t\t\t<path d=\"M7.50015 9.64018H8.50015V6.30684H7.50015V9.64018Z\" \/>\n\t\t\t\t\t\t<path fill-rule=\"evenodd\" clip-rule=\"evenodd\" d=\"M6.98331 3.0947C7.42933 2.30177 8.57096 2.30177 9.01698 3.09469L13.8771 11.7349C14.3145 12.5126 13.7525 13.4735 12.8602 13.4735H3.14004C2.24774 13.4735 1.68575 12.5126 2.12321 11.7349L6.98331 3.0947ZM8.14541 3.58496C8.08169 3.47168 7.9186 3.47168 7.85488 3.58496L2.99478 12.2251C2.93229 12.3362 3.01257 12.4735 3.14004 12.4735H12.8602C12.9877 12.4735 13.068 12.3362 13.0055 12.2251L8.14541 3.58496Z\" \/>\n\t\t\t\t\t<\/svg>\n\t\t\t\t\t<span class=\"visually-hidden\">Aviso<\/span>\n\t\t\t\t<\/span>\n\t\t\t\t<span data-wp-text=\"state.errorMessage\" id=\"g27670-email-email-error-message\" role=\"alert\" aria-live=\"assertive\"><\/span>\n\t\t\t<\/div> \n\t<\/div>\n\n<div style=\"\"  data-wp-interactive=\"jetpack\/form\" data-wp-context='{\"fieldId\":\"g27670-mensagem\",\"fieldType\":\"textarea\",\"fieldLabel\":\"Mensagem\",\"fieldValue\":\"\",\"fieldPlaceholder\":\"\",\"fieldIsRequired\":\"\",\"fieldErrorMessage\":\"\",\"fieldExtra\":[],\"formHash\":\"6ac5d2acbddfc4468769cf4ef529f77d428c98d9\"}'  class='grunion-field-textarea-wrap grunion-field-wrap'  data-wp-init='callbacks.initializeField' data-wp-on--jetpack-form-reset='callbacks.initializeField' >\n<label\n\t\t\t\tfor='contact-form-comment-g27670-mensagem' class=\"grunion-field-label textarea\" >Mensagem<\/label>\n<textarea\n\t\t                style=''\n\t\t                name='g27670-mensagem'\n\t\t                id='contact-form-comment-g27670-mensagem'\n\t\t                rows='20'\n\t\t\t\t\t\tdata-wp-text='state.getFieldValue'\n\t\t\t\t\t\tdata-wp-on--input='actions.onFieldChange'\n\t\t\t\t\t\tdata-wp-on--blur='actions.onFieldBlur'\n\t\t\t\t\t\tdata-wp-class--has-value='state.hasFieldValue'\n\t\t\t\t\t\tdata-wp-bind--aria-invalid='state.fieldHasErrors'\n\t\t\t\t\t\taria-errormessage='g27670-mensagem-textarea-error-message'\n\t\t\t\t\t\tclass='textarea  grunion-field'  ><\/textarea>\n \n\t\t\t<div id=\"g27670-mensagem-textarea-error\" class=\"contact-form__input-error\" data-wp-class--has-errors=\"state.fieldHasErrors\">\n\t\t\t\t<span class=\"contact-form__warning-icon\">\n\t\t\t\t\t<svg width=\"16\" height=\"16\" viewBox=\"0 0 16 16\" fill=\"none\" xmlns=\"http:\/\/www.w3.org\/2000\/svg\">\n\t\t\t\t\t\t<path d=\"M8.50015 11.6402H7.50015V10.6402H8.50015V11.6402Z\" \/>\n\t\t\t\t\t\t<path d=\"M7.50015 9.64018H8.50015V6.30684H7.50015V9.64018Z\" \/>\n\t\t\t\t\t\t<path fill-rule=\"evenodd\" clip-rule=\"evenodd\" d=\"M6.98331 3.0947C7.42933 2.30177 8.57096 2.30177 9.01698 3.09469L13.8771 11.7349C14.3145 12.5126 13.7525 13.4735 12.8602 13.4735H3.14004C2.24774 13.4735 1.68575 12.5126 2.12321 11.7349L6.98331 3.0947ZM8.14541 3.58496C8.08169 3.47168 7.9186 3.47168 7.85488 3.58496L2.99478 12.2251C2.93229 12.3362 3.01257 12.4735 3.14004 12.4735H12.8602C12.9877 12.4735 13.068 12.3362 13.0055 12.2251L8.14541 3.58496Z\" \/>\n\t\t\t\t\t<\/svg>\n\t\t\t\t\t<span class=\"visually-hidden\">Aviso<\/span>\n\t\t\t\t<\/span>\n\t\t\t\t<span data-wp-text=\"state.errorMessage\" id=\"g27670-mensagem-textarea-error-message\" role=\"alert\" aria-live=\"assertive\"><\/span>\n\t\t\t<\/div>\n\t<\/div>\n\t<p class='contact-submit'>\n<div class=\"contact-form__error\" data-wp-class--show-errors=\"state.showFormErrors\"><span class=\"contact-form__warning-icon\"><span class=\"visually-hidden\">Aten\u00e7\u00e3o.<\/span><i aria-hidden=\"true\"><\/i><\/span>\n\t\t\t\t<span data-wp-text=\"state.getFormErrorMessage\"><\/span>\n\t\t\t\t<ul>\n\t\t\t\t<template data-wp-each=\"state.getErrorList\" data-wp-key=\"context.item.id\">\n\t\t\t\t\t<li><a data-wp-bind--href=\"context.item.anchor\" data-wp-on--click=\"actions.scrollIntoView\" data-wp-text=\"context.item.label\"><\/a><\/li>\n\t\t\t\t<\/template>\n\t\t\t\t<\/ul><\/div><div class=\"contact-form__error\" data-wp-class--show-errors=\"state.showSubmissionError\" data-wp-text=\"context.submissionError\"><\/div>\t\t<button type='submit' class='pushbutton-wide'>Enviar<\/button>\t\t<input type='hidden' name='contact-form-id' value='27670' \/>\n\t\t<input type='hidden' name='action' value='grunion-contact-form' \/>\n\t\t<input type='hidden' name='contact-form-hash' value='6ac5d2acbddfc4468769cf4ef529f77d428c98d9' \/>\n\t<\/p>\n<p style=\"display: none !important;\" class=\"akismet-fields-container\" data-prefix=\"ak_\"><label>&#916;<textarea name=\"ak_hp_textarea\" cols=\"45\" rows=\"8\" maxlength=\"100\"><\/textarea><\/label><input type=\"hidden\" id=\"ak_js_1\" name=\"ak_js\" value=\"215\"\/><script>document.getElementById( \"ak_js_1\" ).setAttribute( \"value\", ( new Date() ).getTime() );<\/script><\/p><\/form>\n<\/div>\n","protected":false},"excerpt":{"rendered":"<p>Projeto de extens\u00e3o \u00a0Estudos em Performance e Pr\u00e1ticas Musicais Coletivas visa diminuir a dist\u00e2ncia entre o erudito e o popular\u00a0 \u00a0 \u00a0 \u00a0 \u00a0 \u00a0 Por Arthur dos Reis Rezer e Vit\u00f3ria Scheffer\u00a0 \u00a0 \u00a0 \u00a0 \u00a0\u00a0 A acessibilidade da m\u00fasica caracter\u00edstica da cultura erudita \u2013 m\u00fasicas de c\u00e2mara, sinfonias, quartetos, concertos, etc. &#8211; \u00e9 &hellip; <\/p>\n<p><a class=\"more-link btn\" href=\"https:\/\/wp.ufpel.edu.br\/artenosul\/2024\/12\/20\/musica-de-concerto-para-todos\/\">Continue lendo<\/a><\/p>\n","protected":false},"author":571,"featured_media":27672,"comment_status":"closed","ping_status":"closed","sticky":false,"template":"","format":"standard","meta":{"jetpack_post_was_ever_published":false,"_jetpack_newsletter_access":"","_jetpack_dont_email_post_to_subs":false,"_jetpack_newsletter_tier_id":0,"_jetpack_memberships_contains_paywalled_content":false,"_jetpack_memberships_contains_paid_content":false,"footnotes":"","jetpack_publicize_message":"","jetpack_publicize_feature_enabled":true,"jetpack_social_post_already_shared":true,"jetpack_social_options":{"image_generator_settings":{"template":"highway","default_image_id":0,"font":"","enabled":false},"version":2}},"categories":[88,6],"tags":[2426,2429,2425,7,1180,2428,2427],"class_list":["post-27670","post","type-post","status-publish","format-standard","has-post-thumbnail","hentry","category-comunidade","category-musica","tag-arthur-dos-reis-rezer","tag-camerata-ufpel","tag-estudos-em-performance-e-praticas-musicais-coletivas","tag-musica","tag-orquestra","tag-orquestra-de-camara","tag-vitoria-scheffer","nodate","item-wrap"],"jetpack_publicize_connections":[],"jetpack_featured_media_url":"https:\/\/wp.ufpel.edu.br\/artenosul\/files\/2024\/12\/A-Camerata-UFPel-na-sua-reproducao-da-musica-Mourao-de-Cesar-Guerra-Peixe.-Fonte-Reproducao-Youtube-Camerata-UFPel.jpg","jetpack_sharing_enabled":true,"jetpack_likes_enabled":true,"jetpack_shortlink":"https:\/\/wp.me\/p6PuxQ-7ci","jetpack-related-posts":[{"id":9314,"url":"https:\/\/wp.ufpel.edu.br\/artenosul\/2021\/05\/03\/musica-para-todos\/","url_meta":{"origin":27670,"position":0},"title":"M\u00fasica para todos","author":"artenosul","date":"3 de maio de 2021","format":false,"excerpt":"Por Gabriel Antunes Gon\u00e7alves\u00a0 \u00a0\u00a0 Orquestra Estudantil do Areal oferece aulas sobre v\u00e1rios instrumentos musicais Com seis anos de exist\u00eancia, comemorados sempre no m\u00eas de setembro, a Orquestra Estudantil Areal tem recebido alunos da rede estadual e estudantes da rede particular com bolsa de estudos. A iniciativa consiste em oferecer\u2026","rel":"","context":"Em &quot;COMUNIDADE&quot;","block_context":{"text":"COMUNIDADE","link":"https:\/\/wp.ufpel.edu.br\/artenosul\/category\/comunidade\/"},"img":{"alt_text":"","src":"https:\/\/i0.wp.com\/wp.ufpel.edu.br\/artenosul\/files\/2021\/05\/Imagem2.jpg?resize=350%2C200&ssl=1","width":350,"height":200,"srcset":"https:\/\/i0.wp.com\/wp.ufpel.edu.br\/artenosul\/files\/2021\/05\/Imagem2.jpg?resize=350%2C200&ssl=1 1x, https:\/\/i0.wp.com\/wp.ufpel.edu.br\/artenosul\/files\/2021\/05\/Imagem2.jpg?resize=525%2C300&ssl=1 1.5x"},"classes":[]},{"id":27858,"url":"https:\/\/wp.ufpel.edu.br\/artenosul\/2025\/02\/06\/orquestra-jovem-sesc-brasil-deixa-sua-marca-no-festival-internacional-de-musica-em-pelotas\/","url_meta":{"origin":27670,"position":1},"title":"Orquestra Jovem Sesc Brasil deixa sua marca no Festival Internacional de M\u00fasica em Pelotas","author":"artenosul","date":"6 de fevereiro de 2025","format":false,"excerpt":"Evento encerrou na sexta, dia 31 de janeiro, e o grupo de 58 jovens musicistas ga\u00fachos e de nove estados brasileiros fez concerto dia 29, no Theatro Guarany\u00a0\u00a0\u00a0\u00a0 \u00a0 Por Lylian Santos\u00a0\u00a0\u00a0\u00a0\u00a0 \u00a0 \u00a0 At\u00e9 sexta-feira (31), Pelotas recebeu a 13\u00aa edi\u00e7\u00e3o do j\u00e1 tradicional Festival Internacional Sesc de M\u00fasica.\u2026","rel":"","context":"Em &quot;M\u00daSICA&quot;","block_context":{"text":"M\u00daSICA","link":"https:\/\/wp.ufpel.edu.br\/artenosul\/category\/musica\/"},"img":{"alt_text":"","src":"https:\/\/i0.wp.com\/wp.ufpel.edu.br\/artenosul\/files\/2025\/02\/1-1-scaled.jpg?resize=350%2C200&ssl=1","width":350,"height":200,"srcset":"https:\/\/i0.wp.com\/wp.ufpel.edu.br\/artenosul\/files\/2025\/02\/1-1-scaled.jpg?resize=350%2C200&ssl=1 1x, https:\/\/i0.wp.com\/wp.ufpel.edu.br\/artenosul\/files\/2025\/02\/1-1-scaled.jpg?resize=525%2C300&ssl=1 1.5x, https:\/\/i0.wp.com\/wp.ufpel.edu.br\/artenosul\/files\/2025\/02\/1-1-scaled.jpg?resize=700%2C400&ssl=1 2x, https:\/\/i0.wp.com\/wp.ufpel.edu.br\/artenosul\/files\/2025\/02\/1-1-scaled.jpg?resize=1050%2C600&ssl=1 3x, https:\/\/i0.wp.com\/wp.ufpel.edu.br\/artenosul\/files\/2025\/02\/1-1-scaled.jpg?resize=1400%2C800&ssl=1 4x"},"classes":[]},{"id":29460,"url":"https:\/\/wp.ufpel.edu.br\/artenosul\/2025\/08\/04\/rock-gauderio-e-musica-classica-juntos\/","url_meta":{"origin":27670,"position":2},"title":"Rock gaud\u00e9rio e m\u00fasica cl\u00e1ssica juntos","author":"artenosul","date":"4 de agosto de 2025","format":false,"excerpt":"Document\u00e1rio registra encontro in\u00e9dito entre banda ga\u00facha Doidivanas e Orquestra Estudantil de Pelotas\u00a0\u00a0\u00a0\u00a0 Por Maria Eduarda Santos\u00a0\u00a0\u00a0\u00a0 Um encontro entre o rock gaud\u00e9rio e a m\u00fasica cl\u00e1ssica se transformou em mais do que um concerto. Virou narrativa. Virou documento. Tendo estreado em julho, o document\u00e1rio \u201cDoidivanas e a Orquestra Estudantil\u2026","rel":"","context":"Em &quot;COMUNIDADE&quot;","block_context":{"text":"COMUNIDADE","link":"https:\/\/wp.ufpel.edu.br\/artenosul\/category\/comunidade\/"},"img":{"alt_text":"","src":"https:\/\/i0.wp.com\/wp.ufpel.edu.br\/artenosul\/files\/2025\/08\/bbbbbb.jpg?resize=350%2C200&ssl=1","width":350,"height":200,"srcset":"https:\/\/i0.wp.com\/wp.ufpel.edu.br\/artenosul\/files\/2025\/08\/bbbbbb.jpg?resize=350%2C200&ssl=1 1x, https:\/\/i0.wp.com\/wp.ufpel.edu.br\/artenosul\/files\/2025\/08\/bbbbbb.jpg?resize=525%2C300&ssl=1 1.5x, https:\/\/i0.wp.com\/wp.ufpel.edu.br\/artenosul\/files\/2025\/08\/bbbbbb.jpg?resize=700%2C400&ssl=1 2x, https:\/\/i0.wp.com\/wp.ufpel.edu.br\/artenosul\/files\/2025\/08\/bbbbbb.jpg?resize=1050%2C600&ssl=1 3x, https:\/\/i0.wp.com\/wp.ufpel.edu.br\/artenosul\/files\/2025\/08\/bbbbbb.jpg?resize=1400%2C800&ssl=1 4x"},"classes":[]},{"id":27236,"url":"https:\/\/wp.ufpel.edu.br\/artenosul\/2024\/10\/03\/programa-orquestra-jovem-do-sesc-com-inscricoes-abertas-ate-dia-9-de-outubro\/","url_meta":{"origin":27670,"position":3},"title":"Programa Orquestra Jovem do Sesc com inscri\u00e7\u00f5es abertas at\u00e9 dia 9 de outubro","author":"artenosul","date":"3 de outubro de 2024","format":false,"excerpt":"Pelotas foi a cidade escolhida como sede de projeto que busca estimular o desenvolvimento art\u00edstico de adolescentes\u00a0 \u00a0 \u00a0 \u00a0\u00a0 Por Fernanda Farinha\u00a0 \u00a0 \u00a0 \u00a0\u00a0 \u00a0 \u00a0 O programa Orquestra Jovem do Sesc \u00e9 uma inova\u00e7\u00e3o no Rio Grande do Sul, sendo o primeiro projeto de orquestra voltado para\u2026","rel":"","context":"Em &quot;COMUNIDADE&quot;","block_context":{"text":"COMUNIDADE","link":"https:\/\/wp.ufpel.edu.br\/artenosul\/category\/comunidade\/"},"img":{"alt_text":"","src":"https:\/\/i0.wp.com\/wp.ufpel.edu.br\/artenosul\/files\/2024\/10\/53479155862_b1a46e1e83_h.jpg?resize=350%2C200&ssl=1","width":350,"height":200,"srcset":"https:\/\/i0.wp.com\/wp.ufpel.edu.br\/artenosul\/files\/2024\/10\/53479155862_b1a46e1e83_h.jpg?resize=350%2C200&ssl=1 1x, https:\/\/i0.wp.com\/wp.ufpel.edu.br\/artenosul\/files\/2024\/10\/53479155862_b1a46e1e83_h.jpg?resize=525%2C300&ssl=1 1.5x, https:\/\/i0.wp.com\/wp.ufpel.edu.br\/artenosul\/files\/2024\/10\/53479155862_b1a46e1e83_h.jpg?resize=700%2C400&ssl=1 2x, https:\/\/i0.wp.com\/wp.ufpel.edu.br\/artenosul\/files\/2024\/10\/53479155862_b1a46e1e83_h.jpg?resize=1050%2C600&ssl=1 3x, https:\/\/i0.wp.com\/wp.ufpel.edu.br\/artenosul\/files\/2024\/10\/53479155862_b1a46e1e83_h.jpg?resize=1400%2C800&ssl=1 4x"},"classes":[]},{"id":28740,"url":"https:\/\/wp.ufpel.edu.br\/artenosul\/2025\/03\/18\/a-coisinha-um-espaco-de-arte-resistencia-e-pertencimento\/","url_meta":{"origin":27670,"position":4},"title":"A Coisinha: um espa\u00e7o de arte, resist\u00eancia e pertencimento","author":"artenosul","date":"18 de mar\u00e7o de 2025","format":false,"excerpt":"Edi\u00e7\u00e3o mais recente aconteceu no dia 22 de fevereiro e a pr\u00f3xima est\u00e1 programada para 13 abril\u00a0 \u00a0 \u00a0 \u00a0 Por Vit\u00f3ria Scheffer e Arthur Rezer\u00a0 \u00a0 \u00a0 \u00a0 Entre pulsa\u00e7\u00f5es de batidas eletr\u00f4nicas e entrela\u00e7ar de corpos em meio \u00e0 pista de dan\u00e7a, A Coisinha toma forma como um\u2026","rel":"","context":"Em &quot;ARTES VISUAIS&quot;","block_context":{"text":"ARTES VISUAIS","link":"https:\/\/wp.ufpel.edu.br\/artenosul\/category\/artes-visuais\/"},"img":{"alt_text":"","src":"https:\/\/i0.wp.com\/wp.ufpel.edu.br\/artenosul\/files\/2025\/03\/Foto-6-scaled.jpg?resize=350%2C200&ssl=1","width":350,"height":200,"srcset":"https:\/\/i0.wp.com\/wp.ufpel.edu.br\/artenosul\/files\/2025\/03\/Foto-6-scaled.jpg?resize=350%2C200&ssl=1 1x, https:\/\/i0.wp.com\/wp.ufpel.edu.br\/artenosul\/files\/2025\/03\/Foto-6-scaled.jpg?resize=525%2C300&ssl=1 1.5x, https:\/\/i0.wp.com\/wp.ufpel.edu.br\/artenosul\/files\/2025\/03\/Foto-6-scaled.jpg?resize=700%2C400&ssl=1 2x, https:\/\/i0.wp.com\/wp.ufpel.edu.br\/artenosul\/files\/2025\/03\/Foto-6-scaled.jpg?resize=1050%2C600&ssl=1 3x, https:\/\/i0.wp.com\/wp.ufpel.edu.br\/artenosul\/files\/2025\/03\/Foto-6-scaled.jpg?resize=1400%2C800&ssl=1 4x"},"classes":[]},{"id":26238,"url":"https:\/\/wp.ufpel.edu.br\/artenosul\/2024\/01\/13\/12a-edicao-do-festival-internacional-sesc-de-musica-inicia-segunda-em-pelotas\/","url_meta":{"origin":27670,"position":5},"title":"12\u00aa edi\u00e7\u00e3o do Festival Internacional Sesc de M\u00fasica inicia segunda em Pelotas  \u00a0","author":"artenosul","date":"13 de janeiro de 2024","format":false,"excerpt":"Evento movimentar\u00e1 v\u00e1rias partes da cidade com a previs\u00e3o de 63 apresenta\u00e7\u00f5es musicais\u00a0 \u00a0 \u00a0\u00a0 Por Let\u00edcia Vieira\u00a0 \u00a0 \u00a0 \u00a0 \u00a0 \u00a0 Considerado um dos maiores eventos de m\u00fasica de concerto da Am\u00e9rica Latina, a 12\u00aa edi\u00e7\u00e3o do Festival Internacional Sesc de M\u00fasica ocorre em Pelotas a partir desta\u2026","rel":"","context":"Em &quot;COMUNIDADE&quot;","block_context":{"text":"COMUNIDADE","link":"https:\/\/wp.ufpel.edu.br\/artenosul\/category\/comunidade\/"},"img":{"alt_text":"","src":"https:\/\/i0.wp.com\/wp.ufpel.edu.br\/artenosul\/files\/2024\/01\/c2f74a3a89e947daa637d116f404e24d.jpg?resize=350%2C200&ssl=1","width":350,"height":200,"srcset":"https:\/\/i0.wp.com\/wp.ufpel.edu.br\/artenosul\/files\/2024\/01\/c2f74a3a89e947daa637d116f404e24d.jpg?resize=350%2C200&ssl=1 1x, https:\/\/i0.wp.com\/wp.ufpel.edu.br\/artenosul\/files\/2024\/01\/c2f74a3a89e947daa637d116f404e24d.jpg?resize=525%2C300&ssl=1 1.5x, https:\/\/i0.wp.com\/wp.ufpel.edu.br\/artenosul\/files\/2024\/01\/c2f74a3a89e947daa637d116f404e24d.jpg?resize=700%2C400&ssl=1 2x"},"classes":[]}],"_links":{"self":[{"href":"https:\/\/wp.ufpel.edu.br\/artenosul\/wp-json\/wp\/v2\/posts\/27670","targetHints":{"allow":["GET"]}}],"collection":[{"href":"https:\/\/wp.ufpel.edu.br\/artenosul\/wp-json\/wp\/v2\/posts"}],"about":[{"href":"https:\/\/wp.ufpel.edu.br\/artenosul\/wp-json\/wp\/v2\/types\/post"}],"author":[{"embeddable":true,"href":"https:\/\/wp.ufpel.edu.br\/artenosul\/wp-json\/wp\/v2\/users\/571"}],"replies":[{"embeddable":true,"href":"https:\/\/wp.ufpel.edu.br\/artenosul\/wp-json\/wp\/v2\/comments?post=27670"}],"version-history":[{"count":8,"href":"https:\/\/wp.ufpel.edu.br\/artenosul\/wp-json\/wp\/v2\/posts\/27670\/revisions"}],"predecessor-version":[{"id":27712,"href":"https:\/\/wp.ufpel.edu.br\/artenosul\/wp-json\/wp\/v2\/posts\/27670\/revisions\/27712"}],"wp:featuredmedia":[{"embeddable":true,"href":"https:\/\/wp.ufpel.edu.br\/artenosul\/wp-json\/wp\/v2\/media\/27672"}],"wp:attachment":[{"href":"https:\/\/wp.ufpel.edu.br\/artenosul\/wp-json\/wp\/v2\/media?parent=27670"}],"wp:term":[{"taxonomy":"category","embeddable":true,"href":"https:\/\/wp.ufpel.edu.br\/artenosul\/wp-json\/wp\/v2\/categories?post=27670"},{"taxonomy":"post_tag","embeddable":true,"href":"https:\/\/wp.ufpel.edu.br\/artenosul\/wp-json\/wp\/v2\/tags?post=27670"}],"curies":[{"name":"wp","href":"https:\/\/api.w.org\/{rel}","templated":true}]}}