{"id":27635,"date":"2024-12-17T21:26:42","date_gmt":"2024-12-18T00:26:42","guid":{"rendered":"https:\/\/wp.ufpel.edu.br\/artenosul\/?p=27635"},"modified":"2024-12-17T21:26:42","modified_gmt":"2024-12-18T00:26:42","slug":"espetaculos-do-curso-de-danca-da-ufpel-reforcam-funcao-social-da-arte","status":"publish","type":"post","link":"https:\/\/wp.ufpel.edu.br\/artenosul\/2024\/12\/17\/espetaculos-do-curso-de-danca-da-ufpel-reforcam-funcao-social-da-arte\/","title":{"rendered":"Espet\u00e1culos do curso de Dan\u00e7a da UFPel refor\u00e7am fun\u00e7\u00e3o social da arte"},"content":{"rendered":"<p style=\"text-align: center;\"><span style=\"color: #003366;\"><em><strong><span style=\"font-family: arial, helvetica, sans-serif;\">Montagens \u2018\u2019O ritmo do cotidiano\u2019\u2019 e \u2018\u2019Coisas que eu queria te dizer\u2019\u2019\u00a0 tratam da expressividade de pequenos gestos do dia a dia e da comunica\u00e7\u00e3o nas rela\u00e7\u00f5es familiares\u00a0 \u00a0 \u00a0 \u00a0<\/span><\/strong><\/em><\/span><\/p>\n<p style=\"text-align: right;\"><span style=\"color: #003366;\"><em><strong><span style=\"font-family: arial, helvetica, sans-serif;\">Por Clarisse Ribeiro\u00a0 \u00a0 \u00a0 \u00a0\u00a0<\/span><\/strong><\/em><\/span><\/p>\n<p style=\"text-align: justify;\"><span style=\"font-family: arial, helvetica, sans-serif;\"><em>\u00a0<\/em><\/span><span style=\"font-family: arial, helvetica, sans-serif;\"><em>\u00a0<\/em><\/span><\/p>\n<div id=\"attachment_27637\" style=\"width: 588px\" class=\"wp-caption aligncenter\"><img loading=\"lazy\" decoding=\"async\" aria-describedby=\"caption-attachment-27637\" class=\" wp-image-27637\" src=\"https:\/\/wp.ufpel.edu.br\/artenosul\/files\/2024\/12\/a2afdf8a-cc2b-4e7e-88ea-a6eed0d51192b-330x500.jpeg\" alt=\"\" width=\"588\" height=\"891\" srcset=\"https:\/\/wp.ufpel.edu.br\/artenosul\/files\/2024\/12\/a2afdf8a-cc2b-4e7e-88ea-a6eed0d51192b-330x500.jpeg 330w, https:\/\/wp.ufpel.edu.br\/artenosul\/files\/2024\/12\/a2afdf8a-cc2b-4e7e-88ea-a6eed0d51192b-198x300.jpeg 198w, https:\/\/wp.ufpel.edu.br\/artenosul\/files\/2024\/12\/a2afdf8a-cc2b-4e7e-88ea-a6eed0d51192b-768x1163.jpeg 768w, https:\/\/wp.ufpel.edu.br\/artenosul\/files\/2024\/12\/a2afdf8a-cc2b-4e7e-88ea-a6eed0d51192b-1015x1536.jpeg 1015w, https:\/\/wp.ufpel.edu.br\/artenosul\/files\/2024\/12\/a2afdf8a-cc2b-4e7e-88ea-a6eed0d51192b-1353x2048.jpeg 1353w, https:\/\/wp.ufpel.edu.br\/artenosul\/files\/2024\/12\/a2afdf8a-cc2b-4e7e-88ea-a6eed0d51192b-855x1294.jpeg 855w, https:\/\/wp.ufpel.edu.br\/artenosul\/files\/2024\/12\/a2afdf8a-cc2b-4e7e-88ea-a6eed0d51192b.jpeg 1536w\" sizes=\"auto, (max-width: 588px) 100vw, 588px\" \/><p id=\"caption-attachment-27637\" class=\"wp-caption-text\"><span style=\"font-family: arial, helvetica, sans-serif;\"><strong><span style=\"color: #0000ff;\">Espet\u00e1culos dirigidos por Mariana Martins e Francine Sampaio buscam proporcionar novas experi\u00eancias tanto ao elenco como ao p\u00fablico\u00a0 \u00a0 \u00a0 \u00a0 \u00a0 \u00a0 Foto: Larissa Borges<\/span><\/strong><\/span><\/p><\/div>\n<p>&nbsp;<\/p>\n<p style=\"text-align: justify;\"><span style=\"font-family: arial, helvetica, sans-serif;\">Nos \u00faltimos meses, especialmente em outubro, os palcos da Universidade Federal de Pelotas (UFPel) foram marcados pelas montagens dos espet\u00e1culos de dan\u00e7a \u2018\u2019O ritmo do cotidiano\u2019\u2019 e \u2018\u2019Coisas que eu queria te dizer\u2019\u2019, dirigidos pelas alunas do curso de Dan\u00e7a Mariana Martins e Francine Sampaio. Combinando arte, poesia e emo\u00e7\u00e3o, essas realiza\u00e7\u00f5es proporcionam aos alunos da UFPel e aos espectadores uma experi\u00eancia \u00fanica. Al\u00e9m de socializar com o p\u00fablico, os estudantes t\u00eam a oportunidade de se tornarem diretores de suas pr\u00f3prias obras, aprimorando suas habilidades em diferentes contextos de trabalho.<\/span><\/p>\n<p>&nbsp;<\/p>\n<div id=\"attachment_27638\" style=\"width: 454px\" class=\"wp-caption aligncenter\"><img loading=\"lazy\" decoding=\"async\" aria-describedby=\"caption-attachment-27638\" class=\"wp-image-27638 \" src=\"https:\/\/wp.ufpel.edu.br\/artenosul\/files\/2024\/12\/IMG_5397-375x500.jpeg\" alt=\"\" width=\"454\" height=\"605\" srcset=\"https:\/\/wp.ufpel.edu.br\/artenosul\/files\/2024\/12\/IMG_5397-375x500.jpeg 375w, https:\/\/wp.ufpel.edu.br\/artenosul\/files\/2024\/12\/IMG_5397-225x300.jpeg 225w, https:\/\/wp.ufpel.edu.br\/artenosul\/files\/2024\/12\/IMG_5397-768x1024.jpeg 768w, https:\/\/wp.ufpel.edu.br\/artenosul\/files\/2024\/12\/IMG_5397-1152x1536.jpeg 1152w, https:\/\/wp.ufpel.edu.br\/artenosul\/files\/2024\/12\/IMG_5397-1536x2048.jpeg 1536w, https:\/\/wp.ufpel.edu.br\/artenosul\/files\/2024\/12\/IMG_5397-855x1140.jpeg 855w, https:\/\/wp.ufpel.edu.br\/artenosul\/files\/2024\/12\/IMG_5397-scaled.jpeg 1920w\" sizes=\"auto, (max-width: 454px) 100vw, 454px\" \/><p id=\"caption-attachment-27638\" class=\"wp-caption-text\"><span style=\"font-family: arial, helvetica, sans-serif;\"><strong><span style=\"color: #0000ff;\">Coreografias remetem aos nossos h\u00e1bitos corporais da vida di\u00e1ria\u00a0 \u00a0 \u00a0 \u00a0 \u00a0 \u00a0 \u00a0 \u00a0Foto: Gabriele Winkel<\/span><\/strong><\/span><\/p><\/div>\n<p style=\"text-align: justify;\"><span style=\"font-family: arial, helvetica, sans-serif;\">Com a dan\u00e7a atuante como meio de express\u00e3o, as montagens se tornam uma forma de refletir a sua fun\u00e7\u00e3o na sociedade. A proposta de \u2018\u2019O ritmo do cotidiano\u2019\u2019, de acordo com a diretora Mariana Martins, procurou aproximar os espectadores da arte da dan\u00e7a por meio do reconhecimento dos movimentos do dia a dia. Ela recorda que a escolha do tema da montagem surgiu a partir das experi\u00eancias que teve em est\u00e1gios durante o curso, com atividades voltadas para dan\u00e7a a partir de movimentos que podem ser observados nas rotinas di\u00e1rias. \u201cDessa forma, pretendeu-se oportunizar reflex\u00f5es acerca de que todo corpo \u00e9 capaz de dan\u00e7ar\u2019\u2019, explica Mariana.<\/span><\/p>\n<p style=\"text-align: justify;\"><span style=\"font-family: arial, helvetica, sans-serif;\">Ao trabalhar com movimentos rotineiros e com um elenco formado majoritariamente por pessoas iniciantes na dan\u00e7a, a diretora procurou oportunizar uma viv\u00eancia diferente e inovadora \u2018\u2019Ter essa experi\u00eancia foi muito importante para mim, principalmente por enxergar nos corpos em cena a potencialidade no dan\u00e7ar de cada uma e conseguir proporcionar que as pr\u00f3prias int\u00e9rpretes-criadoras se reconhecessem como pessoas que dan\u00e7am\u2019\u2019, diz.<\/span><\/p>\n<p style=\"text-align: justify;\"><span style=\"font-family: arial, helvetica, sans-serif;\">Al\u00e9m disso, pessoas de outros cursos tamb\u00e9m participam das montagens. Para Anita Manzke, parte do elenco e aluna do primeiro semestre de Teatro, o espet\u00e1culo encoraja as pessoas que, por algum motivo, acreditam que n\u00e3o podem dan\u00e7ar: \u2018\u2019Quando a gente mostra que, sim, todos n\u00f3s dan\u00e7amos na nossa rotina, que tudo \u00e0 nossa volta pode virar dan\u00e7a, abre-se um espa\u00e7o para as pessoas se sentirem confort\u00e1veis e enxergarem que, sim, todos n\u00f3s podemos estar nesse contexto de dan\u00e7a\u2019\u2019, comenta Anita.<\/span><\/p>\n<p style=\"text-align: justify;\"><span style=\"font-family: arial, helvetica, sans-serif;\">O espet\u00e1culo buscou aproximar o p\u00fablico da arte e, dessa maneira, reafirmar o papel social da dan\u00e7a nos detalhes, proporcionando um novo olhar e, para Gabriele, uma das espectadoras, o espet\u00e1culo oferece uma nova perspectiva: \u2018\u2019Obtive uma nova percep\u00e7\u00e3o sobre a dan\u00e7a. Consegui notar que ela est\u00e1 no nosso dia a dia, em nossa rotina e em pequenas coisas,\u2019 conta.<\/span><\/p>\n<p>&nbsp;<\/p>\n<div id=\"attachment_27640\" style=\"width: 842px\" class=\"wp-caption aligncenter\"><img loading=\"lazy\" decoding=\"async\" aria-describedby=\"caption-attachment-27640\" class=\" wp-image-27640\" src=\"https:\/\/wp.ufpel.edu.br\/artenosul\/files\/2024\/12\/IMG_6941b-500x316.jpeg\" alt=\"\" width=\"842\" height=\"532\" srcset=\"https:\/\/wp.ufpel.edu.br\/artenosul\/files\/2024\/12\/IMG_6941b-500x316.jpeg 500w, https:\/\/wp.ufpel.edu.br\/artenosul\/files\/2024\/12\/IMG_6941b-300x190.jpeg 300w, https:\/\/wp.ufpel.edu.br\/artenosul\/files\/2024\/12\/IMG_6941b.jpeg 661w\" sizes=\"auto, (max-width: 842px) 100vw, 842px\" \/><p id=\"caption-attachment-27640\" class=\"wp-caption-text\"><span style=\"font-family: arial, helvetica, sans-serif;\"><strong><span style=\"color: #0000ff;\">P\u00fablico \u00e9 motivado sobre rela\u00e7\u00f5es familiares e comunica\u00e7\u00e3o desde a chegada na sala de apresenta\u00e7\u00e3o\u00a0<\/span> <span style=\"color: #0000ff;\">Foto: Larissa<\/span> <span style=\"color: #0000ff;\">H\u00f6nke<\/span><\/strong><\/span><\/p><\/div>\n<p>&nbsp;<\/p>\n<p style=\"text-align: justify;\"><span style=\"font-family: arial, helvetica, sans-serif;\">Por outro lado, \u2018\u2019Coisas que eu queria te dizer\u2019\u2019 aproxima seu p\u00fablico de uma perspectiva sobre a contemporaneidade com sensibilidade e uma reflex\u00e3o sobre a comunica\u00e7\u00e3o. Para Francine, diretora do espet\u00e1culo, a forma moderna de se comunicar pode ser restrita e insuficiente: \u2018\u2019O meu objetivo \u00e9 fazer com que as pessoas, os espectadores e o p\u00fablico reflitam sobre a escassez da comunica\u00e7\u00e3o entre as pessoas hoje em dia por conta das tecnologias que acabam criando uma bolha. E a\u00ed a gente deixa de falar para as pessoas o que a gente sente, o que a gente percebe, o que a gente v\u00ea, o que a gente n\u00e3o v\u00ea\u2019\u2019, explica Francine.<\/span><\/p>\n<p style=\"text-align: justify;\"><span style=\"font-family: arial, helvetica, sans-serif;\">Ao explorar as cartas como meio de comunica\u00e7\u00e3o, a diretora revisitou sua inf\u00e2ncia e sua din\u00e2mica familiar em momentos dif\u00edceis A escolha do tema est\u00e1 relacionado aos problemas de comunica\u00e7\u00e3o entre os familiares. Ela e sua m\u00e3e come\u00e7aram a trocar cartas na tentativa de melhorar esse ponto. \u201cEnt\u00e3o, as minhas partes art\u00edsticas da faculdade sempre foram em rela\u00e7\u00e3o \u00e0 minha fam\u00edlia, \u00e0 minha vida, uma coisa mais pessoal.\u2019\u2019, conta.<\/span><\/p>\n<p>&nbsp;<\/p>\n<div id=\"attachment_27641\" style=\"width: 475px\" class=\"wp-caption aligncenter\"><img loading=\"lazy\" decoding=\"async\" aria-describedby=\"caption-attachment-27641\" class=\" wp-image-27641\" src=\"https:\/\/wp.ufpel.edu.br\/artenosul\/files\/2024\/12\/8c1d527e-af45-4dee-8e51-7b9d129bd299-375x500.jpeg\" alt=\"\" width=\"475\" height=\"633\" srcset=\"https:\/\/wp.ufpel.edu.br\/artenosul\/files\/2024\/12\/8c1d527e-af45-4dee-8e51-7b9d129bd299-375x500.jpeg 375w, https:\/\/wp.ufpel.edu.br\/artenosul\/files\/2024\/12\/8c1d527e-af45-4dee-8e51-7b9d129bd299-225x300.jpeg 225w, https:\/\/wp.ufpel.edu.br\/artenosul\/files\/2024\/12\/8c1d527e-af45-4dee-8e51-7b9d129bd299-768x1024.jpeg 768w, https:\/\/wp.ufpel.edu.br\/artenosul\/files\/2024\/12\/8c1d527e-af45-4dee-8e51-7b9d129bd299-1152x1536.jpeg 1152w, https:\/\/wp.ufpel.edu.br\/artenosul\/files\/2024\/12\/8c1d527e-af45-4dee-8e51-7b9d129bd299-855x1140.jpeg 855w, https:\/\/wp.ufpel.edu.br\/artenosul\/files\/2024\/12\/8c1d527e-af45-4dee-8e51-7b9d129bd299.jpeg 1200w\" sizes=\"auto, (max-width: 475px) 100vw, 475px\" \/><p id=\"caption-attachment-27641\" class=\"wp-caption-text\"><span style=\"font-family: arial, helvetica, sans-serif;\"><strong><span style=\"color: #0000ff;\">Participam das montagens tamb\u00e9m estudantes de out<\/span>r<span style=\"color: #0000ff;\">os cursos al\u00e9m da faculdade de Dan\u00e7a\u00a0 \u00a0 \u00a0 Foto: Larissa Borges<\/span><\/strong><\/span><\/p><\/div>\n<p>&nbsp;<\/p>\n<p style=\"text-align: justify;\"><span style=\"font-family: arial, helvetica, sans-serif;\">Al\u00e9m disso, para aumentar a intera\u00e7\u00e3o com seu p\u00fablico, Francine, em parceria com sua orientadora Josiane Corr\u00eaa, solicitou uma senha para a entrada do p\u00fablico nas salas de apresenta\u00e7\u00e3o dos espet\u00e1culos. \u00a0Para assistir, como forma de ingresso, foi necess\u00e1rio escrever uma carta com coisas que nunca foram compartilhadas com algu\u00e9m. \u2018\u2019Como o espet\u00e1culo fala sobre cartas, e eu tenho as cartas presentes na minha montagem, n\u00f3s decidimos fazer de um outro formato, que n\u00e3o seja o \u00f3bvio\u2019\u2019, explica.<\/span><\/p>\n<p style=\"text-align: justify;\"><span style=\"font-family: arial, helvetica, sans-serif;\">A montagem explora os sentimentos e a comunica\u00e7\u00e3o de todas as maneiras, inclusive em suas m\u00fasicas e narra\u00e7\u00f5es, sendo uma oportunidade de entendermos a sociedade e seu comportamento \u2018\u2019Ent\u00e3o, a Francine explorou a escrita de cartas, instigando o elenco a narrar mem\u00f3rias afetivas, criou coreografias que buscam \u2018falar com o corpo\u2019, selecionou m\u00fasicas que comunicam mensagens importantes na vis\u00e3o dela, entre outras possibilidades\u2019\u2019, destaca a orientadora Josiane. \u2018\u2019Considero interessante refletir sobre o trabalho dela, pois experimentar diferentes modos de se comunicar faz com que mais pessoas possam receber e recriar as informa\u00e7\u00f5es disponibilizadas\u2019\u2019, diz.<\/span><\/p>\n<p style=\"text-align: justify;\"><span style=\"font-family: arial, helvetica, sans-serif;\">Assim, cada montagem exerce o seu devido papel de expressividade, alcan\u00e7ando o objetivo de impactar e conscientizar o p\u00fablico, tanto em rela\u00e7\u00e3o ao cotidiano quanto \u00e0 comunica\u00e7\u00e3o. At\u00e9 o momento, as pr\u00f3ximas montagens e apresenta\u00e7\u00f5es dos semestres seguintes do Curso de Dan\u00e7a da Universidade Federal de Pelotas (UFPel) ainda n\u00e3o t\u00eam data para acontecer, mas s\u00e3o muito aguardadas, tendo em vista estas realiza\u00e7\u00f5es!<\/span><\/p>\n<p style=\"text-align: justify;\"><a href=\"http:\/\/wp.ufpel.edu.br\/artenosul\"><span style=\"color: #0000ff;\"><strong><span style=\"font-family: arial, helvetica, sans-serif;\">PRIMEIRA P\u00c1GINA<\/span><\/strong><\/span><\/a><\/p>\n<p style=\"text-align: justify;\"><span style=\"color: #0000ff;\"><strong><span style=\"font-family: arial, helvetica, sans-serif;\">COMENT\u00c1RIOS<\/span><\/strong><\/span><\/p>\n<p>&nbsp;<\/p>\n<div data-test='contact-form'\n\t\t\tid='contact-form-27635'\n\t\t\tclass='wp-block-jetpack-contact-form-container '\n\t\t\tdata-wp-interactive='jetpack\/form' data-wp-context='{\"formId\":\"27635\",\"formHash\":\"5e6505e1a3772202cbc9291a3b6062c88dd0cd8c\",\"showErrors\":false,\"errors\":[],\"fields\":[],\"isMultiStep\":false,\"useAjax\":true,\"submissionData\":null,\"formattedSubmissionData\":[],\"submissionSuccess\":false,\"submissionError\":null,\"elementId\":\"jp-form-5e6505e1a3772202cbc9291a3b6062c88dd0cd8c\",\"isSingleInputForm\":false}'\n\t\t\tdata-wp-watch--scroll-to-wrapper=\"callbacks.scrollToWrapper\"\n\t\t>\n<div class=\"contact-form-submission contact-form-ajax-submission\" data-wp-class--submission-success=\"context.submissionSuccess\"><p class=\"go-back-message\"><a class=\"link\" role=\"button\" tabindex=\"0\" data-wp-on--click=\"actions.goBack\" href=\"\/artenosul\/wp-json\/wp\/v2\/posts\/27635\">Voltar<\/a><\/p><h4 id=\"contact-form-success-header\">Sua mensagem foi enviada<\/h4>\n\n<template data-wp-each--submission=\"context.formattedSubmissionData\">\n\t\t\t\t\t<div class=\"jetpack_forms_contact-form-success-summary\">\n\t\t\t\t\t\t<div class=\"field-name\" data-wp-text=\"context.submission.label\" data-wp-bind--hidden=\"!context.submission.label\"><\/div>\n\t\t\t\t\t\t<div class=\"field-value\" data-wp-text=\"context.submission.value\"><\/div>\n\t\t\t\t\t\t<div class=\"field-images\" data-wp-bind--hidden=\"!context.submission.images\">\n\t\t\t\t\t\t\t<template data-wp-each--image=\"context.submission.images\">\n\t\t\t\t\t\t\t\t<figure class=\"field-image\" data-wp-class--is-empty=\"!context.image\">\n\t\t\t\t\t\t\t\t\t<img data-wp-bind--src=\"context.image\" data-wp-bind--hidden=\"!context.image\" \/>\n\t\t\t\t\t\t\t\t\t<img decoding=\"async\" src=\"data:image\/gif;base64,R0lGODlhAQABAAD\/ACwAAAAAAQABAAACADs=\" data-wp-bind--hidden=\"context.image\" \/>\n\t\t\t\t\t\t\t\t<\/figure>\n\t\t\t\t\t\t\t<\/template>\n\t\t\t\t\t\t<\/div>\n\t\t\t\t\t<\/div>\n\t\t\t\t<\/template><\/div><form action='https:\/\/wp.ufpel.edu.br\/artenosul\/2024\/12\/17\/espetaculos-do-curso-de-danca-da-ufpel-reforcam-funcao-social-da-arte\/'\n\t\t\t\tid='jp-form-5e6505e1a3772202cbc9291a3b6062c88dd0cd8c'\n\t\t\t\tmethod='post'\n\t\t\t\tclass='contact-form commentsblock' aria-label=\"Espet\u00e1culos do curso de Dan\u00e7a da UFPel refor\u00e7am fun\u00e7\u00e3o social da arte\"\n\t\t\t\tdata-wp-on--submit=\"actions.onFormSubmit\"\n\t\t\t\tdata-wp-on--reset=\"actions.onFormReset\"\n\t\t\t\tdata-wp-class--submission-success=\"context.submissionSuccess\"\n\t\t\t\tdata-wp-class--is-first-step=\"state.isFirstStep\"\n\t\t\t\tdata-wp-class--is-last-step=\"state.isLastStep\"\n\t\t\t\tdata-wp-class--is-ajax-form=\"context.useAjax\"\n\t\t\t\tnovalidate >\n<input type='hidden' name='jetpack_contact_form_jwt' value='eyJ0eXAiOiJKV1QiLCJhbGciOiJIUzI1NiJ9.eyJlbmNyeXB0ZWRfYXR0cmlidXRlcyI6IlZQQTY0Z0hDZUJUcEVSTVJndExvQ1huWTB6UUcwc3FxOU1xRWhpNEE3NnR3NElKek9tZ0IvVXJxUnk3TjRaYkdkU2RtZEZHVmh0a3A0M0pzV2JaOXhRVVl4YmpHZlRUd3VUWG1OTHEvaEJTVUQ3eURCYy9GbkFsd216REZZR25rb2Y5TUFvdHdhUlR3TEJSVzV5MlhZN0pTRGttTHhvKys3Zi95dVdoRXdVOFBoOGdMNlhxSmxsSHBvbWlLNFgvcFBqOWpoTnh6TVpCZGdNTjNEeFRnMENCbGVnek9QeHV0OVVWZmVaenlWOEpDb1NDSFg1bHlLbkdxd21jV0ltenIvUWJ1NTY5QVJSc3RCcFNjOUNKZDZPUEgxQVVWbVVzcXo0MDRmNXh3UGxEaXBmUGxBUjIraitFLzRIOGlxS3Z1ci8yMUE1YnM5VU5STDZ2UUplNmNOQmx1M051LzdyeURmbmExa0FHbnI4VjN2VTJPZGlDRG1BajZvS0RKQWhqYWtscDBEdSt6NGlGWnNlZ21OSTBwcUEyOWpqTjF5SmVhK3hCcHZ1a285YVlCMkdvbUQvQ1pvaHJ0endzVGJ3ZnkxejdzMG02dXY1RTduaDVoYkdsaUwyOUJlWFY0TUJndkIxZWhVQTdWcTRsREVNb3NYdmJhc25VRXFFdWprTnFrS0lYbzRlYkRhMjhxNC91R3RVeFlQdEVvVTdQeU5KdmZXMXI4cjFZbEhFaWRYZUZZQ05DN2RVRGpuNVZQUExSK3NnNExDTnVGNy9YRG05WlA1U2JhTSsrY1k3SUpucHpDTGMrcE1zTXBjY0E2dHhRek5IRUVHYk9PTlkvRFZ0NXR5eDJ3Wnk0WUlUTEFpZVRFMWNYam05T2dTbFUyREEwOFp3dUFRK1dvNWF1eTAxVWJvR2hhV0s0dHo5eUtZRU01bUQ1bjhTa3NtMnQwMWZHNnVmWVJac2NJbzl5VHpUTGNURHhMMHRZMm1WUG45Vmd0SzZiY0k2Wit0cWF5blNESEUxbmZuZEZiVUNQMWdxeUo0MHFybGo5RXM4cXhYUEFrRTkwRGgyTUNGazE5YlBldVZ4Q3pmQ0wzdDN0WjNPVlVpMDJ3bUdWajd6NVYycHRQVUI3REUySzVvM1gydlRmMWJ6Qmx2L3RXT203V2IvNzJpZFFWRzVFUS94VkF5ZW9tZnNnbFV1MWhCaVpSQnV3OStiZWdFdllqNzdZUXRTUy8yYXlzTFJ0Z2NWRjJVdWo3d0lpT1F1VjBiNkY4eDBOanl5WXFwRC9USmlTVFVjQ09LakhJZmlaMDJqUnlsYlU9IiwiY29udGVudCI6Iltjb250YWN0LWZpZWxkIGxhYmVsPVwiTm9tZVwiIHR5cGU9XCJuYW1lXCJdW2NvbnRhY3QtZmllbGQgbGFiZWw9XCJFLW1haWxcIiB0eXBlPVwiZW1haWxcIl1bY29udGFjdC1maWVsZCBsYWJlbD1cIk1lbnNhZ2VtXCIgdHlwZT1cInRleHRhcmVhXCJdIiwiaGFzaCI6IjVlNjUwNWUxYTM3NzIyMDJjYmM5MjkxYTNiNjA2MmM4OGRkMGNkOGMiLCJzb3VyY2UiOnsiZW50cnlfdGl0bGUiOiJFc3BldFx1MDBlMWN1bG9zIGRvIGN1cnNvIGRlIERhblx1MDBlN2EgZGEgVUZQZWwgcmVmb3JcdTAwZTdhbSBmdW5cdTAwZTdcdTAwZTNvIHNvY2lhbCBkYSBhcnRlIiwiZW50cnlfcGFnZSI6MSwic291cmNlX2lkIjoyNzYzNSwic291cmNlX3R5cGUiOiJzaW5nbGUiLCJyZXF1ZXN0X3VybCI6Imh0dHBzOi8vd3AudWZwZWwuZWR1LmJyL2FydGVub3N1bC93cC1qc29uL3dwL3YyL3Bvc3RzLzI3NjM1In0sInZlcnNpb24iOjIsImNpcGhlciI6ImFlcy0yNTYtZ2NtIn0.DwjtUgSJlbM9EqNp4nMj9VWrGKLVW8CQjqKIediTXIM' \/>\n\n<div style=\"\"  data-wp-interactive=\"jetpack\/form\" data-wp-context='{\"fieldId\":\"g27635-nome\",\"fieldType\":\"name\",\"fieldLabel\":\"Nome\",\"fieldValue\":\"\",\"fieldPlaceholder\":\"\",\"fieldIsRequired\":\"\",\"fieldErrorMessage\":\"\",\"fieldExtra\":[],\"formHash\":\"5e6505e1a3772202cbc9291a3b6062c88dd0cd8c\"}'  class='grunion-field-name-wrap grunion-field-wrap'  data-wp-init='callbacks.initializeField' data-wp-on--jetpack-form-reset='callbacks.initializeField' >\n<label\n\t\t\t\tfor='g27635-nome' class=\"grunion-field-label name\" >Nome<\/label>\n<input\n\t\t\t\t\ttype='text'\n\t\t\t\t\tname='g27635-nome'\n\t\t\t\t\tid='g27635-nome'\n\t\t\t\t\tvalue=''\n\n\t\t\t\t\tdata-wp-bind--aria-invalid='state.fieldHasErrors'\n\t\t\t\t\tdata-wp-bind--value='state.getFieldValue'\n\t\t\t\t\taria-errormessage='g27635-nome-text-error-message'\n\t\t\t\t\tdata-wp-on--input='actions.onFieldChange'\n\t\t\t\t\tdata-wp-on--blur='actions.onFieldBlur'\n\t\t\t\t\tdata-wp-class--has-value='state.hasFieldValue'\n\n\t\t\t\t\tclass='name  grunion-field' \n\t\t\t\t\t \/>\n \n\t\t\t<div id=\"g27635-nome-text-error\" class=\"contact-form__input-error\" data-wp-class--has-errors=\"state.fieldHasErrors\">\n\t\t\t\t<span class=\"contact-form__warning-icon\">\n\t\t\t\t\t<svg width=\"16\" height=\"16\" viewBox=\"0 0 16 16\" fill=\"none\" xmlns=\"http:\/\/www.w3.org\/2000\/svg\">\n\t\t\t\t\t\t<path d=\"M8.50015 11.6402H7.50015V10.6402H8.50015V11.6402Z\" \/>\n\t\t\t\t\t\t<path d=\"M7.50015 9.64018H8.50015V6.30684H7.50015V9.64018Z\" \/>\n\t\t\t\t\t\t<path fill-rule=\"evenodd\" clip-rule=\"evenodd\" d=\"M6.98331 3.0947C7.42933 2.30177 8.57096 2.30177 9.01698 3.09469L13.8771 11.7349C14.3145 12.5126 13.7525 13.4735 12.8602 13.4735H3.14004C2.24774 13.4735 1.68575 12.5126 2.12321 11.7349L6.98331 3.0947ZM8.14541 3.58496C8.08169 3.47168 7.9186 3.47168 7.85488 3.58496L2.99478 12.2251C2.93229 12.3362 3.01257 12.4735 3.14004 12.4735H12.8602C12.9877 12.4735 13.068 12.3362 13.0055 12.2251L8.14541 3.58496Z\" \/>\n\t\t\t\t\t<\/svg>\n\t\t\t\t\t<span class=\"visually-hidden\">Aviso<\/span>\n\t\t\t\t<\/span>\n\t\t\t\t<span data-wp-text=\"state.errorMessage\" id=\"g27635-nome-text-error-message\" role=\"alert\" aria-live=\"assertive\"><\/span>\n\t\t\t<\/div> \n\t<\/div>\n\n<div style=\"\"  data-wp-interactive=\"jetpack\/form\" data-wp-context='{\"fieldId\":\"g27635-email\",\"fieldType\":\"email\",\"fieldLabel\":\"E-mail\",\"fieldValue\":\"\",\"fieldPlaceholder\":\"\",\"fieldIsRequired\":\"\",\"fieldErrorMessage\":\"\",\"fieldExtra\":[],\"formHash\":\"5e6505e1a3772202cbc9291a3b6062c88dd0cd8c\"}'  class='grunion-field-email-wrap grunion-field-wrap'  data-wp-init='callbacks.initializeField' data-wp-on--jetpack-form-reset='callbacks.initializeField' >\n<label\n\t\t\t\tfor='g27635-email' class=\"grunion-field-label email\" >E-mail<\/label>\n<input\n\t\t\t\t\ttype='email'\n\t\t\t\t\tname='g27635-email'\n\t\t\t\t\tid='g27635-email'\n\t\t\t\t\tvalue=''\n\n\t\t\t\t\tdata-wp-bind--aria-invalid='state.fieldHasErrors'\n\t\t\t\t\tdata-wp-bind--value='state.getFieldValue'\n\t\t\t\t\taria-errormessage='g27635-email-email-error-message'\n\t\t\t\t\tdata-wp-on--input='actions.onFieldChange'\n\t\t\t\t\tdata-wp-on--blur='actions.onFieldBlur'\n\t\t\t\t\tdata-wp-class--has-value='state.hasFieldValue'\n\n\t\t\t\t\tclass='email  grunion-field' \n\t\t\t\t\t \/>\n \n\t\t\t<div id=\"g27635-email-email-error\" class=\"contact-form__input-error\" data-wp-class--has-errors=\"state.fieldHasErrors\">\n\t\t\t\t<span class=\"contact-form__warning-icon\">\n\t\t\t\t\t<svg width=\"16\" height=\"16\" viewBox=\"0 0 16 16\" fill=\"none\" xmlns=\"http:\/\/www.w3.org\/2000\/svg\">\n\t\t\t\t\t\t<path d=\"M8.50015 11.6402H7.50015V10.6402H8.50015V11.6402Z\" \/>\n\t\t\t\t\t\t<path d=\"M7.50015 9.64018H8.50015V6.30684H7.50015V9.64018Z\" \/>\n\t\t\t\t\t\t<path fill-rule=\"evenodd\" clip-rule=\"evenodd\" d=\"M6.98331 3.0947C7.42933 2.30177 8.57096 2.30177 9.01698 3.09469L13.8771 11.7349C14.3145 12.5126 13.7525 13.4735 12.8602 13.4735H3.14004C2.24774 13.4735 1.68575 12.5126 2.12321 11.7349L6.98331 3.0947ZM8.14541 3.58496C8.08169 3.47168 7.9186 3.47168 7.85488 3.58496L2.99478 12.2251C2.93229 12.3362 3.01257 12.4735 3.14004 12.4735H12.8602C12.9877 12.4735 13.068 12.3362 13.0055 12.2251L8.14541 3.58496Z\" \/>\n\t\t\t\t\t<\/svg>\n\t\t\t\t\t<span class=\"visually-hidden\">Aviso<\/span>\n\t\t\t\t<\/span>\n\t\t\t\t<span data-wp-text=\"state.errorMessage\" id=\"g27635-email-email-error-message\" role=\"alert\" aria-live=\"assertive\"><\/span>\n\t\t\t<\/div> \n\t<\/div>\n\n<div style=\"\"  data-wp-interactive=\"jetpack\/form\" data-wp-context='{\"fieldId\":\"g27635-mensagem\",\"fieldType\":\"textarea\",\"fieldLabel\":\"Mensagem\",\"fieldValue\":\"\",\"fieldPlaceholder\":\"\",\"fieldIsRequired\":\"\",\"fieldErrorMessage\":\"\",\"fieldExtra\":[],\"formHash\":\"5e6505e1a3772202cbc9291a3b6062c88dd0cd8c\"}'  class='grunion-field-textarea-wrap grunion-field-wrap'  data-wp-init='callbacks.initializeField' data-wp-on--jetpack-form-reset='callbacks.initializeField' >\n<label\n\t\t\t\tfor='contact-form-comment-g27635-mensagem' class=\"grunion-field-label textarea\" >Mensagem<\/label>\n<textarea\n\t\t                style=''\n\t\t                name='g27635-mensagem'\n\t\t                id='contact-form-comment-g27635-mensagem'\n\t\t                rows='20'\n\t\t\t\t\t\tdata-wp-text='state.getFieldValue'\n\t\t\t\t\t\tdata-wp-on--input='actions.onFieldChange'\n\t\t\t\t\t\tdata-wp-on--blur='actions.onFieldBlur'\n\t\t\t\t\t\tdata-wp-class--has-value='state.hasFieldValue'\n\t\t\t\t\t\tdata-wp-bind--aria-invalid='state.fieldHasErrors'\n\t\t\t\t\t\taria-errormessage='g27635-mensagem-textarea-error-message'\n\t\t\t\t\t\tclass='textarea  grunion-field'  ><\/textarea>\n \n\t\t\t<div id=\"g27635-mensagem-textarea-error\" class=\"contact-form__input-error\" data-wp-class--has-errors=\"state.fieldHasErrors\">\n\t\t\t\t<span class=\"contact-form__warning-icon\">\n\t\t\t\t\t<svg width=\"16\" height=\"16\" viewBox=\"0 0 16 16\" fill=\"none\" xmlns=\"http:\/\/www.w3.org\/2000\/svg\">\n\t\t\t\t\t\t<path d=\"M8.50015 11.6402H7.50015V10.6402H8.50015V11.6402Z\" \/>\n\t\t\t\t\t\t<path d=\"M7.50015 9.64018H8.50015V6.30684H7.50015V9.64018Z\" \/>\n\t\t\t\t\t\t<path fill-rule=\"evenodd\" clip-rule=\"evenodd\" d=\"M6.98331 3.0947C7.42933 2.30177 8.57096 2.30177 9.01698 3.09469L13.8771 11.7349C14.3145 12.5126 13.7525 13.4735 12.8602 13.4735H3.14004C2.24774 13.4735 1.68575 12.5126 2.12321 11.7349L6.98331 3.0947ZM8.14541 3.58496C8.08169 3.47168 7.9186 3.47168 7.85488 3.58496L2.99478 12.2251C2.93229 12.3362 3.01257 12.4735 3.14004 12.4735H12.8602C12.9877 12.4735 13.068 12.3362 13.0055 12.2251L8.14541 3.58496Z\" \/>\n\t\t\t\t\t<\/svg>\n\t\t\t\t\t<span class=\"visually-hidden\">Aviso<\/span>\n\t\t\t\t<\/span>\n\t\t\t\t<span data-wp-text=\"state.errorMessage\" id=\"g27635-mensagem-textarea-error-message\" role=\"alert\" aria-live=\"assertive\"><\/span>\n\t\t\t<\/div>\n\t<\/div>\n\t<p class='contact-submit'>\n<div class=\"contact-form__error\" data-wp-class--show-errors=\"state.showFormErrors\"><span class=\"contact-form__warning-icon\"><span class=\"visually-hidden\">Aten\u00e7\u00e3o.<\/span><i aria-hidden=\"true\"><\/i><\/span>\n\t\t\t\t<span data-wp-text=\"state.getFormErrorMessage\"><\/span>\n\t\t\t\t<ul>\n\t\t\t\t<template data-wp-each=\"state.getErrorList\" data-wp-key=\"context.item.id\">\n\t\t\t\t\t<li><a data-wp-bind--href=\"context.item.anchor\" data-wp-on--click=\"actions.scrollIntoView\" data-wp-text=\"context.item.label\"><\/a><\/li>\n\t\t\t\t<\/template>\n\t\t\t\t<\/ul><\/div><div class=\"contact-form__error\" data-wp-class--show-errors=\"state.showSubmissionError\" data-wp-text=\"context.submissionError\"><\/div>\t\t<button type='submit' class='pushbutton-wide'>Enviar<\/button>\t\t<input type='hidden' name='contact-form-id' value='27635' \/>\n\t\t<input type='hidden' name='action' value='grunion-contact-form' \/>\n\t\t<input type='hidden' name='contact-form-hash' value='5e6505e1a3772202cbc9291a3b6062c88dd0cd8c' \/>\n\t<\/p>\n<p style=\"display: none !important;\" class=\"akismet-fields-container\" data-prefix=\"ak_\"><label>&#916;<textarea name=\"ak_hp_textarea\" cols=\"45\" rows=\"8\" maxlength=\"100\"><\/textarea><\/label><input type=\"hidden\" id=\"ak_js_1\" name=\"ak_js\" value=\"211\"\/><script>document.getElementById( \"ak_js_1\" ).setAttribute( \"value\", ( new Date() ).getTime() );<\/script><\/p><\/form>\n<\/div>\n","protected":false},"excerpt":{"rendered":"<p>Montagens \u2018\u2019O ritmo do cotidiano\u2019\u2019 e \u2018\u2019Coisas que eu queria te dizer\u2019\u2019\u00a0 tratam da expressividade de pequenos gestos do dia a dia e da comunica\u00e7\u00e3o nas rela\u00e7\u00f5es familiares\u00a0 \u00a0 \u00a0 \u00a0 Por Clarisse Ribeiro\u00a0 \u00a0 \u00a0 \u00a0\u00a0 \u00a0\u00a0 &nbsp; Nos \u00faltimos meses, especialmente em outubro, os palcos da Universidade Federal de Pelotas (UFPel) foram marcados &hellip; <\/p>\n<p><a class=\"more-link btn\" href=\"https:\/\/wp.ufpel.edu.br\/artenosul\/2024\/12\/17\/espetaculos-do-curso-de-danca-da-ufpel-reforcam-funcao-social-da-arte\/\">Continue lendo<\/a><\/p>\n","protected":false},"author":571,"featured_media":27640,"comment_status":"closed","ping_status":"closed","sticky":false,"template":"","format":"standard","meta":{"jetpack_post_was_ever_published":false,"_jetpack_newsletter_access":"","_jetpack_dont_email_post_to_subs":false,"_jetpack_newsletter_tier_id":0,"_jetpack_memberships_contains_paywalled_content":false,"_jetpack_memberships_contains_paid_content":false,"footnotes":"","jetpack_publicize_message":"","jetpack_publicize_feature_enabled":true,"jetpack_social_post_already_shared":true,"jetpack_social_options":{"image_generator_settings":{"template":"highway","default_image_id":0,"font":"","enabled":false},"version":2}},"categories":[45],"tags":[1998,2417,46,2419,2418,507],"class_list":["post-27635","post","type-post","status-publish","format-standard","has-post-thumbnail","hentry","category-danca","tag-centro-de-artes-da-ufpel","tag-clarisse-ribeiro","tag-danca","tag-francine-sampaio","tag-mariana-martins","tag-ufpel","nodate","item-wrap"],"jetpack_publicize_connections":[],"jetpack_featured_media_url":"https:\/\/wp.ufpel.edu.br\/artenosul\/files\/2024\/12\/IMG_6941b.jpeg","jetpack_sharing_enabled":true,"jetpack_likes_enabled":true,"jetpack_shortlink":"https:\/\/wp.me\/p6PuxQ-7bJ","jetpack-related-posts":[{"id":28080,"url":"https:\/\/wp.ufpel.edu.br\/artenosul\/2025\/03\/12\/arte-movimento-e-inclusao-na-trajetoria-de-projeto-de-danca-teatro\/","url_meta":{"origin":27635,"position":0},"title":"Arte, movimento e inclus\u00e3o na trajet\u00f3ria de projeto de dan\u00e7a-teatro","author":"artenosul","date":"12 de mar\u00e7o de 2025","format":false,"excerpt":"A professora Maria Falkembach fala sobre os desafios, as conquistas e express\u00e3o art\u00edstica do Grupo Tat\u00e1, projeto de extens\u00e3o da UFPel\u00a0\u00a0\u00a0 Por Priscila Fagundes\u00a0\u00a0\u00a0\u00a0\u00a0 \u00a0 \u00a0 A professora do curso de Dan\u00e7a - Licenciatura da Universidade Federal de Pelotas (UFPel), Maria Falkembach, \u00e9 uma das principais refer\u00eancias no desenvolvimento do\u2026","rel":"","context":"Em &quot;DAN\u00c7A&quot;","block_context":{"text":"DAN\u00c7A","link":"https:\/\/wp.ufpel.edu.br\/artenosul\/category\/danca\/"},"img":{"alt_text":"","src":"https:\/\/i0.wp.com\/wp.ufpel.edu.br\/artenosul\/files\/2025\/03\/Professora-Maria-1.png?resize=350%2C200&ssl=1","width":350,"height":200,"srcset":"https:\/\/i0.wp.com\/wp.ufpel.edu.br\/artenosul\/files\/2025\/03\/Professora-Maria-1.png?resize=350%2C200&ssl=1 1x, https:\/\/i0.wp.com\/wp.ufpel.edu.br\/artenosul\/files\/2025\/03\/Professora-Maria-1.png?resize=525%2C300&ssl=1 1.5x, https:\/\/i0.wp.com\/wp.ufpel.edu.br\/artenosul\/files\/2025\/03\/Professora-Maria-1.png?resize=700%2C400&ssl=1 2x"},"classes":[]},{"id":3127,"url":"https:\/\/wp.ufpel.edu.br\/artenosul\/2016\/07\/04\/maestria-do-ballet-russo-no-brasil\/","url_meta":{"origin":27635,"position":1},"title":"Maestria do ballet russo","author":"artenosul","date":"4 de julho de 2016","format":false,"excerpt":"- Reportagem de Patr\u00edcia Tanaka - Com mais de tr\u00eas d\u00e9cadas de exist\u00eancia, a companhia apresentou duos e solos -\u00a0 O State Russian Ballet trouxe mais uma vez a excel\u00eancia do ballet russo para o Rio Grande do Sul.\u00a0\u00a0 A companhia tem mais de 30 anos de estrada, e conta\u2026","rel":"","context":"Em &quot;DAN\u00c7A&quot;","block_context":{"text":"DAN\u00c7A","link":"https:\/\/wp.ufpel.edu.br\/artenosul\/category\/danca\/"},"img":{"alt_text":"","src":"https:\/\/i0.wp.com\/wp.ufpel.edu.br\/artenosul\/files\/2016\/07\/foto-2b.jpg?resize=350%2C200&ssl=1","width":350,"height":200},"classes":[]},{"id":172,"url":"https:\/\/wp.ufpel.edu.br\/artenosul\/2015\/10\/13\/pelotas-tem-uma-companhia-de-danca-permanente\/","url_meta":{"origin":27635,"position":2},"title":"Pelotas tem uma companhia de dan\u00e7a permanente","author":"artenosul","date":"13 de outubro de 2015","format":false,"excerpt":"Reportagem de Ingrid D\u2019Avila e Matheus Muniz - Que Pelotas \u00e9 reconhecida como uma capital cultural, ningu\u00e9m duvida. Uma agenda recheada durante todo ano com eventos que incluem shows, espet\u00e1culos de teatro e amostras de dan\u00e7a.\u00a0 Mas mesmo com manifesta\u00e7\u00f5es de arte e cultura frequentes, Pelotas n\u00e3o tinha uma companhia\u2026","rel":"","context":"Em &quot;DAN\u00c7A&quot;","block_context":{"text":"DAN\u00c7A","link":"https:\/\/wp.ufpel.edu.br\/artenosul\/category\/danca\/"},"img":{"alt_text":"","src":"https:\/\/i0.wp.com\/wp.ufpel.edu.br\/artenosul\/files\/2015\/10\/Ingridcartaz-ballet-poeta-225x318.jpg?resize=350%2C200&ssl=1","width":350,"height":200},"classes":[]},{"id":505,"url":"https:\/\/wp.ufpel.edu.br\/artenosul\/2015\/11\/26\/tres-amigas-criaram-uma-das-primeiras-academias-de-danca-de-rio-grande\/","url_meta":{"origin":27635,"position":3},"title":"Tr\u00eas amigas apaixonadas pela dan\u00e7a criaram uma das primeiras academias do munic\u00edpio de Rio Grande","author":"artenosul","date":"26 de novembro de 2015","format":false,"excerpt":"Reportagem de D\u00e9bora Klein - Refer\u00eancia em Rio Grande, a Academia de Dan\u00e7a Ensaio est\u00e1 a um passo de completar 35 anos. Criada em setembro de 1981, a escola surgiu pela uni\u00e3o de tr\u00eas amigas apaixonadas pela dan\u00e7a. Atualmente, sob a dire\u00e7\u00e3o da bailarina Eug\u00eania Klinger, 160 alunos, entre crian\u00e7as\u2026","rel":"","context":"Em &quot;DAN\u00c7A&quot;","block_context":{"text":"DAN\u00c7A","link":"https:\/\/wp.ufpel.edu.br\/artenosul\/category\/danca\/"},"img":{"alt_text":"","src":"https:\/\/i0.wp.com\/wp.ufpel.edu.br\/artenosul\/files\/2015\/11\/aulas-2%C2%BA-grau-de-ballet-foto-divulga%C3%A7%C3%A3o.jpg?resize=350%2C200&ssl=1","width":350,"height":200,"srcset":"https:\/\/i0.wp.com\/wp.ufpel.edu.br\/artenosul\/files\/2015\/11\/aulas-2%C2%BA-grau-de-ballet-foto-divulga%C3%A7%C3%A3o.jpg?resize=350%2C200&ssl=1 1x, https:\/\/i0.wp.com\/wp.ufpel.edu.br\/artenosul\/files\/2015\/11\/aulas-2%C2%BA-grau-de-ballet-foto-divulga%C3%A7%C3%A3o.jpg?resize=525%2C300&ssl=1 1.5x, https:\/\/i0.wp.com\/wp.ufpel.edu.br\/artenosul\/files\/2015\/11\/aulas-2%C2%BA-grau-de-ballet-foto-divulga%C3%A7%C3%A3o.jpg?resize=700%2C400&ssl=1 2x"},"classes":[]},{"id":28051,"url":"https:\/\/wp.ufpel.edu.br\/artenosul\/2025\/03\/11\/pela-maior-valorizacao-e-atencao-a-danca\/","url_meta":{"origin":27635,"position":4},"title":"Pela maior valoriza\u00e7\u00e3o e aten\u00e7\u00e3o \u00e0 dan\u00e7a","author":"artenosul","date":"11 de mar\u00e7o de 2025","format":false,"excerpt":"Entre o amor \u00e0 arte e a busca por apoio, as companhias de Pelotas sobrevivem\u00a0 \u00a0 \u00a0 \u00a0 \u00a0 Por Giulia Lemons Brum\u00a0 \u00a0 \u00a0 \u00a0 \u00a0 \u00a0 Com qual frequ\u00eancia voc\u00ea e sua fam\u00edlia costumam ir a eventos culturais? Voc\u00ea se lembra da \u00faltima vez que esteve em um\u2026","rel":"","context":"Em &quot;DAN\u00c7A&quot;","block_context":{"text":"DAN\u00c7A","link":"https:\/\/wp.ufpel.edu.br\/artenosul\/category\/danca\/"},"img":{"alt_text":"","src":"https:\/\/i0.wp.com\/wp.ufpel.edu.br\/artenosul\/files\/2025\/03\/IMG-20250305-WA0045.jpg?resize=350%2C200&ssl=1","width":350,"height":200,"srcset":"https:\/\/i0.wp.com\/wp.ufpel.edu.br\/artenosul\/files\/2025\/03\/IMG-20250305-WA0045.jpg?resize=350%2C200&ssl=1 1x, https:\/\/i0.wp.com\/wp.ufpel.edu.br\/artenosul\/files\/2025\/03\/IMG-20250305-WA0045.jpg?resize=525%2C300&ssl=1 1.5x, https:\/\/i0.wp.com\/wp.ufpel.edu.br\/artenosul\/files\/2025\/03\/IMG-20250305-WA0045.jpg?resize=700%2C400&ssl=1 2x, https:\/\/i0.wp.com\/wp.ufpel.edu.br\/artenosul\/files\/2025\/03\/IMG-20250305-WA0045.jpg?resize=1050%2C600&ssl=1 3x"},"classes":[]},{"id":13004,"url":"https:\/\/wp.ufpel.edu.br\/artenosul\/2022\/11\/16\/espetaculo-celebra-11-anos-da-freedom-cia-de-danca-sabado-e-domingo\/","url_meta":{"origin":27635,"position":5},"title":"Espet\u00e1culo celebra 11 anos da Freedom Cia de Dan\u00e7a sexta e s\u00e1bado","author":"artenosul","date":"16 de novembro de 2022","format":false,"excerpt":"Grupo apresenta tr\u00eas sess\u00f5es no Teatro Municipal de Rio Grande do musical \u201cCinderela \u00e0s Avessas\u201d neste fim de semana \u00a0\u00a0\u00a0\u00a0\u00a0 Por Tais Carolina e Mariah Coi\u00a0\u00a0\u00a0\u00a0\u00a0 O Teatro Municipal do Rio Grande, no Sul do Estado, receber\u00e1, nos dias 18 e 19 de novembro, o espet\u00e1culo \u201cCinderela \u00e0s Avessas\u201d, realizado\u2026","rel":"","context":"Em &quot;COMUNIDADE&quot;","block_context":{"text":"COMUNIDADE","link":"https:\/\/wp.ufpel.edu.br\/artenosul\/category\/comunidade\/"},"img":{"alt_text":"","src":"https:\/\/i0.wp.com\/wp.ufpel.edu.br\/artenosul\/files\/2022\/11\/IMG_20221113_220543.jpg?resize=350%2C200&ssl=1","width":350,"height":200,"srcset":"https:\/\/i0.wp.com\/wp.ufpel.edu.br\/artenosul\/files\/2022\/11\/IMG_20221113_220543.jpg?resize=350%2C200&ssl=1 1x, https:\/\/i0.wp.com\/wp.ufpel.edu.br\/artenosul\/files\/2022\/11\/IMG_20221113_220543.jpg?resize=525%2C300&ssl=1 1.5x, https:\/\/i0.wp.com\/wp.ufpel.edu.br\/artenosul\/files\/2022\/11\/IMG_20221113_220543.jpg?resize=700%2C400&ssl=1 2x, https:\/\/i0.wp.com\/wp.ufpel.edu.br\/artenosul\/files\/2022\/11\/IMG_20221113_220543.jpg?resize=1050%2C600&ssl=1 3x"},"classes":[]}],"_links":{"self":[{"href":"https:\/\/wp.ufpel.edu.br\/artenosul\/wp-json\/wp\/v2\/posts\/27635","targetHints":{"allow":["GET"]}}],"collection":[{"href":"https:\/\/wp.ufpel.edu.br\/artenosul\/wp-json\/wp\/v2\/posts"}],"about":[{"href":"https:\/\/wp.ufpel.edu.br\/artenosul\/wp-json\/wp\/v2\/types\/post"}],"author":[{"embeddable":true,"href":"https:\/\/wp.ufpel.edu.br\/artenosul\/wp-json\/wp\/v2\/users\/571"}],"replies":[{"embeddable":true,"href":"https:\/\/wp.ufpel.edu.br\/artenosul\/wp-json\/wp\/v2\/comments?post=27635"}],"version-history":[{"count":9,"href":"https:\/\/wp.ufpel.edu.br\/artenosul\/wp-json\/wp\/v2\/posts\/27635\/revisions"}],"predecessor-version":[{"id":27649,"href":"https:\/\/wp.ufpel.edu.br\/artenosul\/wp-json\/wp\/v2\/posts\/27635\/revisions\/27649"}],"wp:featuredmedia":[{"embeddable":true,"href":"https:\/\/wp.ufpel.edu.br\/artenosul\/wp-json\/wp\/v2\/media\/27640"}],"wp:attachment":[{"href":"https:\/\/wp.ufpel.edu.br\/artenosul\/wp-json\/wp\/v2\/media?parent=27635"}],"wp:term":[{"taxonomy":"category","embeddable":true,"href":"https:\/\/wp.ufpel.edu.br\/artenosul\/wp-json\/wp\/v2\/categories?post=27635"},{"taxonomy":"post_tag","embeddable":true,"href":"https:\/\/wp.ufpel.edu.br\/artenosul\/wp-json\/wp\/v2\/tags?post=27635"}],"curies":[{"name":"wp","href":"https:\/\/api.w.org\/{rel}","templated":true}]}}