{"id":27574,"date":"2024-12-09T10:08:25","date_gmt":"2024-12-09T13:08:25","guid":{"rendered":"https:\/\/wp.ufpel.edu.br\/artenosul\/?p=27574"},"modified":"2024-12-09T10:18:56","modified_gmt":"2024-12-09T13:18:56","slug":"peca-alem-da-visibilidade-traz-debate-sobre-acessibilidade-nas-instituicoes-de-ensino","status":"publish","type":"post","link":"https:\/\/wp.ufpel.edu.br\/artenosul\/2024\/12\/09\/peca-alem-da-visibilidade-traz-debate-sobre-acessibilidade-nas-instituicoes-de-ensino\/","title":{"rendered":"Pe\u00e7a \u201cAl\u00e9m da visibilidade\u201d traz debate sobre acessibilidade nas institui\u00e7\u00f5es de ensino"},"content":{"rendered":"<p style=\"text-align: center;\"><span style=\"color: #003366; font-family: arial, helvetica, sans-serif;\"><em><strong>Elenco \u00e9 composto quase inteiramente por alunos com defici\u00eancia e neurodivergentes do IFSUL de Pelotas\u00a0 \u00a0 \u00a0 \u00a0 \u00a0<\/strong><\/em><\/span><\/p>\n<p style=\"text-align: right;\"><span style=\"color: #003366; font-family: arial, helvetica, sans-serif;\"><em><strong>Por Lu\u00eds Esteves Garcez\u00a0 \u00a0 \u00a0 \u00a0 \u00a0<\/strong><\/em><\/span><\/p>\n<p style=\"text-align: justify;\"><span style=\"font-family: arial, helvetica, sans-serif;\">Na tarde de quarta-feira, dia 27 de novembro, estive no Instituto Federal de Educa\u00e7\u00e3o, Ci\u00eancia e Tecnologia Sul-rio-grandense (IFSul) de Pelotas, para assistir a primeira apresenta\u00e7\u00e3o da pe\u00e7a \u201cAl\u00e9m da Visibilidade\u201d, realizada por alunos e funcion\u00e1rios do estabelecimento. Abordando os assuntos de acessibilidade em institui\u00e7\u00f5es de ensino e capacitismo institucional, os atores, todos com alguma defici\u00eancia ou neurodiverg\u00eancia (com exce\u00e7\u00e3o da diretora da pe\u00e7a, que tamb\u00e9m atuou), retrataram o primeiro dia de aula de uma turma com diversos alunos com necessidades especiais no IFSul.<\/span><\/p>\n<p style=\"text-align: justify;\"><span style=\"font-family: arial, helvetica, sans-serif;\">Tendo chegado ao local mais ou menos uma hora antes da pe\u00e7a come\u00e7ar, pude assistir o \u00faltimo ensaio, quando observei uma situa\u00e7\u00e3o ironicamente metalingu\u00edstica. Na metade da pe\u00e7a, os atores encenam o primeiro contato deles com o alarme do IFSul. Na pe\u00e7a, o som do alarme \u00e9 retratado pelo grito de uma das atrizes. Esse grito causa uma crise de p\u00e2nico na sua colega deficiente visual, com sensibilidade auditiva, e ela precisa ser acalmada pelos colegas.<\/span><\/p>\n<p style=\"text-align: justify;\"><span style=\"font-family: arial, helvetica, sans-serif;\">Durante o ensaio que assisti, esse alarme tocou tr\u00eas vezes, em menos de meia hora, e por mais que o grito de Rafaela Oleiro tenha sido estridente durante sua atua\u00e7\u00e3o na pe\u00e7a, voz humana alguma poderia atingir a intensidade assustadora do alarme do IFSul. Al\u00e9m de alto, \u00e9 exageradamente longo. Nesses tr\u00eas momentos que o alarme soou, eu pude ver como ele realmente afeta aqueles atores com defici\u00eancia \u201cfora do palco\u201d, e assistir a overdose sensorial que ele causou em alguns daqueles alunos fez com que a cena que representou isso na pe\u00e7a tivesse uma carga emocional a mais para mim.<\/span><\/p>\n<p style=\"text-align: justify;\"><span style=\"font-family: arial, helvetica, sans-serif;\">Al\u00e9m do problema do alarme, a falta de piso t\u00e1til em todo o campus tamb\u00e9m \u00e9 criticada na pe\u00e7a, em uma cena que demonstra a dificuldade que um cego enfrenta quando aquele piso que ele est\u00e1 usando para se guiar simplesmente acaba. Imagine que voc\u00ea est\u00e1 caminhando e, em certo ponto do trajeto, o ch\u00e3o termina e d\u00e1 lugar para um abismo infinito. Suponho que o sentimento seja parecido. A postura de professores sem devido treinamento e empatia para lidar com alunos especiais tamb\u00e9m \u00e9 representada, e esse talvez seja o pior dos problemas, e o mais dif\u00edcil de solucionar. Um alarme pode ser trocado em um dia, pisos especiais podem ser instalados em quest\u00e3o de semanas, mas treinar todo um corpo docente para n\u00e3o s\u00f3 interagir. como ensinar pessoas com diversas defici\u00eancias, \u00e9 uma tarefa \u00e1rdua que n\u00e3o depende s\u00f3 da dire\u00e7\u00e3o, mas tamb\u00e9m do profissional.<\/span><\/p>\n<p>&nbsp;<\/p>\n<div id=\"attachment_27576\" style=\"width: 794px\" class=\"wp-caption aligncenter\"><img loading=\"lazy\" decoding=\"async\" aria-describedby=\"caption-attachment-27576\" class=\" wp-image-27576\" src=\"https:\/\/wp.ufpel.edu.br\/artenosul\/files\/2024\/12\/Imagem1-1-500x333.jpg\" alt=\"\" width=\"794\" height=\"529\" srcset=\"https:\/\/wp.ufpel.edu.br\/artenosul\/files\/2024\/12\/Imagem1-1-500x333.jpg 500w, https:\/\/wp.ufpel.edu.br\/artenosul\/files\/2024\/12\/Imagem1-1-300x200.jpg 300w, https:\/\/wp.ufpel.edu.br\/artenosul\/files\/2024\/12\/Imagem1-1-768x512.jpg 768w, https:\/\/wp.ufpel.edu.br\/artenosul\/files\/2024\/12\/Imagem1-1-855x570.jpg 855w, https:\/\/wp.ufpel.edu.br\/artenosul\/files\/2024\/12\/Imagem1-1.jpg 1299w\" sizes=\"auto, (max-width: 794px) 100vw, 794px\" \/><p id=\"caption-attachment-27576\" class=\"wp-caption-text\"><span style=\"font-family: arial, helvetica, sans-serif;\"><strong><span style=\"color: #0000ff;\">O elenco de \u201cAl\u00e9m da Visibilidade\u201d: Patr\u00edcia Montone, Bruno Jos\u00e9 Garcia, T\u00e2nia Madeira, Luiza Belea, Lu\u00eds Pedro Gon\u00e7alves Luiza Vit\u00f3ria Barb<\/span>o<span style=\"color: #0000ff;\">sa e Rafaela Oleiro\u00a0 \u00a0 \u00a0 \u00a0 \u00a0 \u00a0Foto: Lu\u00edsa Bohn<\/span><\/strong><\/span><\/p><\/div>\n<p>&nbsp;<\/p>\n<p style=\"text-align: justify;\"><span style=\"font-family: arial, helvetica, sans-serif;\">A diretora de \u201cAl\u00e9m da Visibilidade\u201d, Patr\u00edcia Montone, al\u00e9m de dirigir e atuar na pe\u00e7a, tamb\u00e9m \u00e9 psicopedagoga e faz assist\u00eancia no IFSul para alunos com defici\u00eancia auditiva e visual. Ela entrou para o time do IFSul h\u00e1 apenas cinco meses, mas trabalhou durante 13 anos com crian\u00e7as com defici\u00eancia. Ap\u00f3s a pe\u00e7a, me encontrei com Patr\u00edcia, ela me contou que, nesses cinco meses l\u00e1 dentro, apesar do IFSul de Pelotas ter uma demanda grande para inclus\u00e3o e acessibilidade e fazer o poss\u00edvel para atender as necessidades especiais dos alunos, escutou de muitos alunos com necessidades especiais um relato de invisibilidade social. Os cegos e os surdos se sentem evitados pelos colegas e ignorados por alguns professores.<\/span><\/p>\n<p style=\"text-align: justify;\"><span style=\"font-family: arial, helvetica, sans-serif;\">Com as hist\u00f3rias de discrimina\u00e7\u00e3o e exclus\u00e3o que ouviu, Patr\u00edcia decidiu organizar uma pe\u00e7a para mostrar o que os estudantes com defici\u00eancia do IFSUL passam l\u00e1 dentro, em que todas as cenas foram relatos pessoais que aconteceram com os atores. Com o objetivo de questionar se a inclus\u00e3o \u00e9 realmente vivida pelos que precisam dela ou se ela \u00e9 apenas uma teoria no nosso dia a dia. A pe\u00e7a, nas palavras da diretora, foi feita para que aqueles estudantes pudessem expressar o descontentamento que eles sentem com essa realidade, com a possibilidade de tocar no cora\u00e7\u00e3o dos alunos e professores na audi\u00eancia.<\/span><\/p>\n<p style=\"text-align: justify;\"><span style=\"font-family: arial, helvetica, sans-serif;\">Patr\u00edcia montou o elenco convidando alunos que ela acreditou que pudessem retratar com emo\u00e7\u00e3o para o p\u00fablico essas experi\u00eancias das pessoas com defici\u00eancia e neurodiverg\u00eancias. Com o trabalho de dirigir cinco alunos com diferentes defici\u00eancias (surdez, cegueira, TDAH e baixa vis\u00e3o) em m\u00e3os, teve receio que pudesse ser uma tarefa muito dif\u00edcil, mas comenta que foi uma experi\u00eancia muito f\u00e1cil e que todos pegaram o roteiro muito r\u00e1pido. Talvez porque todos aqueles atores n\u00e3o estavam \u201catuando\u201d por completo, mas sim sendo eles mesmos, retratando a pr\u00f3pria vida. A pe\u00e7a n\u00e3o tem data certa para ser encenada novamente, mas Patr\u00edcia me contou que pretende se sentar com a dire\u00e7\u00e3o de outras institui\u00e7\u00f5es para a possibilidade de \u201cAl\u00e9m da Visibilidade\u201d acontecer novamente, em outras escolas e faculdades pelotenses.<\/span><\/p>\n<p>&nbsp;<\/p>\n<div id=\"attachment_27577\" style=\"width: 804px\" class=\"wp-caption aligncenter\"><img loading=\"lazy\" decoding=\"async\" aria-describedby=\"caption-attachment-27577\" class=\"wp-image-27577 \" src=\"https:\/\/wp.ufpel.edu.br\/artenosul\/files\/2024\/12\/Imagem2-1-500x333.jpg\" alt=\"\" width=\"804\" height=\"536\" srcset=\"https:\/\/wp.ufpel.edu.br\/artenosul\/files\/2024\/12\/Imagem2-1-500x333.jpg 500w, https:\/\/wp.ufpel.edu.br\/artenosul\/files\/2024\/12\/Imagem2-1-300x200.jpg 300w, https:\/\/wp.ufpel.edu.br\/artenosul\/files\/2024\/12\/Imagem2-1-768x512.jpg 768w, https:\/\/wp.ufpel.edu.br\/artenosul\/files\/2024\/12\/Imagem2-1-855x570.jpg 855w, https:\/\/wp.ufpel.edu.br\/artenosul\/files\/2024\/12\/Imagem2-1.jpg 1299w\" sizes=\"auto, (max-width: 804px) 100vw, 804px\" \/><p id=\"caption-attachment-27577\" class=\"wp-caption-text\"><span style=\"font-family: arial, helvetica, sans-serif;\"><strong><span style=\"color: #0000ff;\">Professora Patr\u00edcia Montone decidiu organizar pe\u00e7a para mostrar dificuldades enfrentadas por estudantes com defici\u00eancia\u00a0 \u00a0<\/span>\u00a0<span style=\"color: #0000ff;\">Foto: Lu\u00edsa Bohn <\/span><\/strong><\/span><\/p><\/div>\n<p>&nbsp;<\/p>\n<p style=\"text-align: justify;\"><span style=\"font-family: arial, helvetica, sans-serif;\">Outro objetivo que a \u201cAl\u00e9m da Visibilidade\u201d teve foi homenagear a tradutora e int\u00e9rprete de LIBRAS e coordenadora do N\u00facleo de Apoio a Pessoas com Necessidades Espec\u00edficas (NAPNE), T\u00e2nia Madeira, com quem tamb\u00e9m tive a oportunidade de conversar. Ela me contou que achou muito importante a apresenta\u00e7\u00e3o para aqueles alunos, para que eles fiquem mais pr\u00f3ximos de aceitarem sua pr\u00f3pria defici\u00eancia, pois ela acredita que se n\u00e3o conseguimos nos aceitar, n\u00e3o conseguimos nos relacionar bem com os outros e nem com o ambiente onde estamos.<\/span><\/p>\n<p style=\"text-align: justify;\"><span style=\"font-family: arial, helvetica, sans-serif;\">Perguntei para T\u00e2nia quais os maiores desafios que ela enfrentou nesses quatro anos em que dirige o NAPNE. Ela n\u00e3o precisou pensar muito para me responder que \u00e9 a falta de profissionais qualificados para atender esse p\u00fablico. O IFSul tem, hoje, 157 alunos apresentando alguma necessidade espec\u00edfica, mas apenas tr\u00eas psicopedagogos. Um n\u00famero que ela considera ser insuficiente para dar conta dessa demanda da institui\u00e7\u00e3o.<\/span><\/p>\n<p style=\"text-align: justify;\"><span style=\"font-family: arial, helvetica, sans-serif;\">Tamb\u00e9m citei em nossa conversa o problema do alarme, que havia ficado em minha mente ap\u00f3s a apresenta\u00e7\u00e3o. T\u00e2nia respondeu que ela est\u00e1 tentando resolver essa quest\u00e3o desde que ela entrou para o NAPNE, quatro anos atr\u00e1s. Ela comentou que, por reclama\u00e7\u00e3o de professores e de alguns alunos, n\u00e3o podem simplesmente n\u00e3o ter um alarme, pois ele \u00e9 importante para muitos se organizarem, o que \u00e9 compreens\u00edvel. O plano atual do NAPNE \u00e9 se livrar do \u00fanico alarme e distribuir pelas salas e corredores diversos alarmes menos abrasivos, de menos intensidade, mas ainda n\u00e3o h\u00e1 data para essa mudan\u00e7a, pois \u00e9 algo que depende de uma verba que a institui\u00e7\u00e3o n\u00e3o pode disponibilizar nesse momento.<\/span><\/p>\n<p style=\"text-align: justify;\"><span style=\"font-family: arial, helvetica, sans-serif;\">Tamb\u00e9m conversamos sobre o piso t\u00e1til, e T\u00e2nia comentou que eles priorizaram a instala\u00e7\u00e3o dele em \u00e1reas onde alunos cegos t\u00eam aula e tamb\u00e9m nas \u00e1reas de acesso comum. Mas, pela institui\u00e7\u00e3o ser muito grande, atualmente \u00e9 imposs\u00edvel coloc\u00e1-lo em todos os corredores dos tr\u00eas andares, tamb\u00e9m por falta de verba. Ela tamb\u00e9m cita o que ela considera ser uma falha enorme de engenharia, que no segundo piso h\u00e1 uma entrada com acessibilidade para a biblioteca, onde n\u00e3o h\u00e1 piso t\u00e1til. Apesar desses problemas, T\u00e2nia admira a dire\u00e7\u00e3o geral do IFSUL pelo acolhimento que ela prov\u00e9m ao NAPNE e pela facilidade de comunica\u00e7\u00e3o que os dois n\u00facleos t\u00eam, e entende que muitos problemas n\u00e3o podem ser resolvidos s\u00f3 na base do \u201cquerer\u201d.<\/span><\/p>\n<p style=\"text-align: justify;\"><span style=\"font-family: arial, helvetica, sans-serif;\">Consegui trocar algumas palavras com uma das atrizes da pe\u00e7a, Rafaela Oleiro, estudante de Licenciatura em Computa\u00e7\u00e3o que hoje cursa o quinto semestre e espera se formar em um ano e meio. Rafaela foi diagnosticada com Transtorno de D\u00e9ficit de Aten\u00e7\u00e3o e Hiperatividade (TDAH) em 2020, mas vive com ele desde a inf\u00e2ncia. Ela tem uma longa hist\u00f3ria dentro do IFSul de Pelotas, j\u00e1 que cursou parte de seu ensino m\u00e9dio no curso de Eletrot\u00e9cnica da institui\u00e7\u00e3o, entretanto, ela comenta que, na \u00e9poca, as coisas l\u00e1 eram muito diferentes. Em 2016, quando botou os p\u00e9s l\u00e1 pela primeira vez, n\u00e3o existia na escola nenhuma psicopedagoga que pudesse perceber o problema que a adolescente sequer sabia que tinha. Ela comentou tamb\u00e9m que eram raros os professores que tentavam compreender as diferen\u00e7as dos alunos, e os que faziam, faziam por conta pr\u00f3pria, j\u00e1 que n\u00e3o havia est\u00edmulo da dire\u00e7\u00e3o para tal. Enquanto isso, a maioria dos professores n\u00e3o tinha no\u00e7\u00e3o do que fazer com algu\u00e9m diferente em sala de aula. A atriz me contou que, atualmente, no in\u00edcio de todo semestre letivo, todos os professores de seu curso fazem uma reuni\u00e3o com os psicopedagogos do IFSUL para conversar sobre os alunos especiais, e que a experi\u00eancia dela l\u00e1 dentro hoje em dia \u00e9 muito melhor do que era na \u00e9poca do ensino m\u00e9dio.<\/span><\/p>\n<p style=\"text-align: justify;\"><span style=\"font-family: arial, helvetica, sans-serif;\">\u201cTenho muito orgulho do lugar onde eu estudo, d\u00e1 para ver quanto ele evoluiu em pouco tempo. Tenho orgulho do curso que eu fa\u00e7o, porque as pessoas l\u00e1 s\u00e3o interessadas em inserir os alunos. O professor \u00c1lvaro Freitas de L\u00f3gica de Programa\u00e7\u00e3o, por exemplo, repensou toda a cadeira dele para que ela se adequasse a um aluno cego e ele pudesse aprender aquilo com a mesma facilidade dos outros. \u201d Citou ela, alegre. Tamb\u00e9m afirmou para mim que T\u00e2nia Madeira mereceu aquela homenagem, porque ela est\u00e1 por tr\u00e1s de todas essas mudan\u00e7as positivas que aconteceram nesses \u00faltimos anos, e que, nas palavras de Rafaela, ela \u00e9 a \u201cmanda-chuva\u201d que est\u00e1 por tr\u00e1s de todas essas pessoas com necessidades especiais, e \u00e9 ela que vai para a luta por eles.<\/span><\/p>\n<p>&nbsp;<\/p>\n<p style=\"text-align: center;\"><span style=\"color: #0000ff; font-family: arial, helvetica, sans-serif;\"><strong>\u201cEu senti que a pe\u00e7a foi especial, gostei de poder ser eu mesma e poder me expressar da maneira que eu sou. Me senti vista por meu problema ter sido mostrado l\u00e1. Me senti representada, por mim mesma, mas me senti.\u201d \u2013 Rafaela Oleiro<\/strong><\/span><\/p>\n<p>&nbsp;<\/p>\n<p style=\"text-align: justify;\"><span style=\"font-family: arial, helvetica, sans-serif;\">O Brasil possui um sistema estudantil que hoje se esfor\u00e7a para ser aberto a todos, indiferente das necessidades especiais dos estudantes. Nosso sistema de cotas em vestibulares equilibra as chances dos cidad\u00e3os, garantindo que todos tenham oportunidades muito mais parecidas do que seriam sem esse sistema. O problema \u00e9 essa facilidade da introdu\u00e7\u00e3o ao aluno deficiente \u00e0 institui\u00e7\u00e3o de ensino raramente vem junto de um acompanhamento especial a esse aluno durante sua jornada no mundo acad\u00eamico. N\u00e3o adianta diminuir a barreira de entrada se a barreira de perman\u00eancia n\u00e3o for alterada, moldada de forma que esse aluno n\u00e3o sinta que todo dia de aula seja uma batalha imposs\u00edvel. Esse sistema, a longo prazo, n\u00e3o \u00e9 eficiente, ele s\u00f3 mascara o problema, fazendo parecer que a educa\u00e7\u00e3o brasileira \u00e9 acess\u00edvel a todos, quando na verdade, apenas 5% das pessoas com defici\u00eancia no Brasil terminaram o ensino superior.<\/span><\/p>\n<p style=\"text-align: justify;\"><span style=\"font-family: arial, helvetica, sans-serif;\">Dados coletados pela Pesquisa Nacional de Sa\u00fade de 2021, realizada pelo IBGE, constam que temos pelo menos 17,3 milh\u00f5es de pessoas com alguma defici\u00eancia no Pa\u00eds. O sistema de cotas foi um grande passo \u00e0 frente para prover oportunidades para essas pessoas, mas n\u00e3o \u00e9 suficiente, especialmente quando nos referimos a alunos que n\u00e3o conseguem enxergar ou escutar, ou que possuem alguma dificuldade cognitiva ou motora. \u201cAl\u00e9m da Visibilidade\u201d cr\u00edtica de forma leve e bem-humorada a falta de sentido em colocar esses estudantes nas institui\u00e7\u00f5es e larga-los l\u00e1 dentro sem qualquer medida de acompanhamento que torne acess\u00edvel para que eles, al\u00e9m de entrar, consigam sair de l\u00e1 com um diploma na m\u00e3o.<\/span><\/p>\n<p style=\"text-align: justify;\"><span style=\"font-family: arial, helvetica, sans-serif;\"><a href=\"http:\/\/wp.ufpel.edu.br\/artenosul\"><span style=\"color: #0000ff;\"><strong>PRIMEIRA P\u00c1GINA<\/strong><\/span><\/a><\/span><\/p>\n<p style=\"text-align: justify;\"><span style=\"color: #0000ff; font-family: arial, helvetica, sans-serif;\"><strong>COMENT\u00c1RIOS<\/strong><\/span><\/p>\n<div data-test='contact-form'\n\t\t\tid='contact-form-27574'\n\t\t\tclass='wp-block-jetpack-contact-form-container '\n\t\t\tdata-wp-interactive='jetpack\/form' data-wp-context='{\"formId\":\"27574\",\"formHash\":\"98d39783e7e3dc1501c234360b1a79c05f709280\",\"showErrors\":false,\"errors\":[],\"fields\":[],\"isMultiStep\":false,\"useAjax\":true,\"submissionData\":null,\"formattedSubmissionData\":[],\"submissionSuccess\":false,\"submissionError\":null,\"elementId\":\"jp-form-98d39783e7e3dc1501c234360b1a79c05f709280\",\"isSingleInputForm\":false}'\n\t\t\tdata-wp-watch--scroll-to-wrapper=\"callbacks.scrollToWrapper\"\n\t\t>\n<div class=\"contact-form-submission contact-form-ajax-submission\" data-wp-class--submission-success=\"context.submissionSuccess\"><p class=\"go-back-message\"><a class=\"link\" role=\"button\" tabindex=\"0\" data-wp-on--click=\"actions.goBack\" href=\"\/artenosul\/wp-json\/wp\/v2\/posts\/27574\">Voltar<\/a><\/p><h4 id=\"contact-form-success-header\">Sua mensagem foi enviada<\/h4>\n\n<template data-wp-each--submission=\"context.formattedSubmissionData\">\n\t\t\t\t\t<div class=\"jetpack_forms_contact-form-success-summary\">\n\t\t\t\t\t\t<div class=\"field-name\" data-wp-text=\"context.submission.label\" data-wp-bind--hidden=\"!context.submission.label\"><\/div>\n\t\t\t\t\t\t<div class=\"field-value\" data-wp-text=\"context.submission.value\"><\/div>\n\t\t\t\t\t\t<div class=\"field-images\" data-wp-bind--hidden=\"!context.submission.images\">\n\t\t\t\t\t\t\t<template data-wp-each--image=\"context.submission.images\">\n\t\t\t\t\t\t\t\t<figure class=\"field-image\" data-wp-class--is-empty=\"!context.image\">\n\t\t\t\t\t\t\t\t\t<img data-wp-bind--src=\"context.image\" data-wp-bind--hidden=\"!context.image\" \/>\n\t\t\t\t\t\t\t\t\t<img decoding=\"async\" src=\"data:image\/gif;base64,R0lGODlhAQABAAD\/ACwAAAAAAQABAAACADs=\" data-wp-bind--hidden=\"context.image\" \/>\n\t\t\t\t\t\t\t\t<\/figure>\n\t\t\t\t\t\t\t<\/template>\n\t\t\t\t\t\t<\/div>\n\t\t\t\t\t<\/div>\n\t\t\t\t<\/template><\/div><form action='https:\/\/wp.ufpel.edu.br\/artenosul\/2024\/12\/09\/peca-alem-da-visibilidade-traz-debate-sobre-acessibilidade-nas-instituicoes-de-ensino\/'\n\t\t\t\tid='jp-form-98d39783e7e3dc1501c234360b1a79c05f709280'\n\t\t\t\tmethod='post'\n\t\t\t\tclass='contact-form commentsblock' aria-label=\"Pe\u00e7a \u201cAl\u00e9m da visibilidade\u201d traz debate sobre acessibilidade nas institui\u00e7\u00f5es de ensino\"\n\t\t\t\tdata-wp-on--submit=\"actions.onFormSubmit\"\n\t\t\t\tdata-wp-on--reset=\"actions.onFormReset\"\n\t\t\t\tdata-wp-class--submission-success=\"context.submissionSuccess\"\n\t\t\t\tdata-wp-class--is-first-step=\"state.isFirstStep\"\n\t\t\t\tdata-wp-class--is-last-step=\"state.isLastStep\"\n\t\t\t\tdata-wp-class--is-ajax-form=\"context.useAjax\"\n\t\t\t\tnovalidate >\n<input type='hidden' name='jetpack_contact_form_jwt' value='eyJ0eXAiOiJKV1QiLCJhbGciOiJIUzI1NiJ9.eyJlbmNyeXB0ZWRfYXR0cmlidXRlcyI6InBDNmc2WTcrZWdCWnJYL2NTVU02S0p4OTN6ZVN5VUdZMkkzdHg3Tnk1VG15enUrWkM0WUtKckJPY1pucFlISDQ1bENaQ0NUQWUzTFhmMXpVUCtCcXF4clVLSjZaZyszMTM0UG1qeWZscDV5U2tTLzJPMjJadHBIVHM5QWtRZkZzZmJXVkRuSElmQTVxQm52VGh2M09pblRyOVlvU0tNYk5kS3FvOWEvVjkwN0lkN0RranRUSE1FN0hTOHB1b3FVVGU2T0l4M2RRVFJBRjNFYjlMSFh3Q0xnS3FxOWFKODVzZUd3MWNoMCsvbVNRdXpSM0hWSGQ1bUlTa0hHTUZwbm1EYzU1YXY4ZDdpcHhueWVGY3BHcy9adS85eFh4VXg3WE90YUJkcWhFeXBrbGxVY0FjQ0d0NHdTdVc4T2diSzhrdkJKUGEvT05jM1FxSXh1djFIb3kyQ2dmN3RwYzUzaWJKSm9CTitjcHprTVlwMWgvUnRMeng1MlBIaytKdit4QU1LaVJLOEFVWlFxOEN6TUc2dk1keEpIM1Rxc1d6T0h4MVNabUpHYjVkT29vUXRIZGZsWG5LazF0aVdaTjBEUWEzcFJHQWRBOFlyR3JKNDlYa1cvVXhJTkdTVlZNNHNVZHMrYlE1N3NOUnBIVmtJOXlxSDFQQXM5RU1LRldadUJ5TXJZWTFYK2taY2lGOCswMnIwYlViNi9KVXFBWXZIekFWSjBrbDJMejN3aHJVbXNvVEZMYWFCZCtoNVovakdaeXhQczhNTFlXbjg3QmM4VVhGRVE5NTBDS2J1Y2t2aWdJQW5tMnpmem42VnQwZG9ia1ZCeUpjdW5iaDNaSmNXUVhCeHNxTUpaaWlUVVgzOWkydnpVTU1Rc2VlN2gvVXR5a3F0aEtaR2FENEIyZ05XTDZ4NkFJNk5lTU1ka0FqNDlQMm1NNUhvZXhtR0dYY1JNVGh1MWt5R0RwU1J0NlcvT3RVVmtjWmFmck96dFlzWVdpOXBZSmNsS0tVZ2E3NzBiNGtmOG5xL3FnM1B4cTZNeVIrTHQ1dmxYTHZqRDFHZmtIQlRmb3dpSmxBbW5XMXBXSDRNeTJOajJyTjNrQXdFWmtGWjVQRUVmSURZaVd2TFV6S3gwTjVlVFhBRnJncktackhEKzV5MXBtVHlib0xuWXY1MzRKNFU2clJVUmdQNFZoSWQrd09zVG5xUWpFZ2lxNXpQa0swZFBIVmxrUkJNM3BCSTRabHZrU0dtVUcxeXY0c082SlBJMkd3ZW1oTVIrWUszcE53ZnVja29DRG1yQUgzOWZGMkJ4OEIrYktqZW9Ra3VXelptSmlJajNJZmdTeWxiWkVrejlGaXdab1V3PT0iLCJjb250ZW50IjoiW2NvbnRhY3QtZmllbGQgbGFiZWw9XCJOb21lXCIgdHlwZT1cIm5hbWVcIl1bY29udGFjdC1maWVsZCBsYWJlbD1cIkUtbWFpbFwiIHR5cGU9XCJlbWFpbFwiXVtjb250YWN0LWZpZWxkIGxhYmVsPVwiTWVuc2FnZW1cIiB0eXBlPVwidGV4dGFyZWFcIl0iLCJoYXNoIjoiOThkMzk3ODNlN2UzZGMxNTAxYzIzNDM2MGIxYTc5YzA1ZjcwOTI4MCIsInNvdXJjZSI6eyJlbnRyeV90aXRsZSI6IlBlXHUwMGU3YSBcdTIwMWNBbFx1MDBlOW0gZGEgdmlzaWJpbGlkYWRlXHUyMDFkIHRyYXogZGViYXRlIHNvYnJlIGFjZXNzaWJpbGlkYWRlIG5hcyBpbnN0aXR1aVx1MDBlN1x1MDBmNWVzIGRlIGVuc2lubyIsImVudHJ5X3BhZ2UiOjEsInNvdXJjZV9pZCI6Mjc1NzQsInNvdXJjZV90eXBlIjoic2luZ2xlIiwicmVxdWVzdF91cmwiOiJodHRwczovL3dwLnVmcGVsLmVkdS5ici9hcnRlbm9zdWwvd3AtanNvbi93cC92Mi9wb3N0cy8yNzU3NCJ9LCJ2ZXJzaW9uIjoyLCJjaXBoZXIiOiJhZXMtMjU2LWdjbSJ9._3OZC1sXLadL6XVSGEK9ebgn60pWlUGvMNdKagBEfig' \/>\n\n<div style=\"\"  data-wp-interactive=\"jetpack\/form\" data-wp-context='{\"fieldId\":\"g27574-nome\",\"fieldType\":\"name\",\"fieldLabel\":\"Nome\",\"fieldValue\":\"\",\"fieldPlaceholder\":\"\",\"fieldIsRequired\":\"\",\"fieldErrorMessage\":\"\",\"fieldExtra\":[],\"formHash\":\"98d39783e7e3dc1501c234360b1a79c05f709280\"}'  class='grunion-field-name-wrap grunion-field-wrap'  data-wp-init='callbacks.initializeField' data-wp-on--jetpack-form-reset='callbacks.initializeField' >\n<label\n\t\t\t\tfor='g27574-nome' class=\"grunion-field-label name\" >Nome<\/label>\n<input\n\t\t\t\t\ttype='text'\n\t\t\t\t\tname='g27574-nome'\n\t\t\t\t\tid='g27574-nome'\n\t\t\t\t\tvalue=''\n\n\t\t\t\t\tdata-wp-bind--aria-invalid='state.fieldHasErrors'\n\t\t\t\t\tdata-wp-bind--value='state.getFieldValue'\n\t\t\t\t\taria-errormessage='g27574-nome-text-error-message'\n\t\t\t\t\tdata-wp-on--input='actions.onFieldChange'\n\t\t\t\t\tdata-wp-on--blur='actions.onFieldBlur'\n\t\t\t\t\tdata-wp-class--has-value='state.hasFieldValue'\n\n\t\t\t\t\tclass='name  grunion-field' \n\t\t\t\t\t \/>\n \n\t\t\t<div id=\"g27574-nome-text-error\" class=\"contact-form__input-error\" data-wp-class--has-errors=\"state.fieldHasErrors\">\n\t\t\t\t<span class=\"contact-form__warning-icon\">\n\t\t\t\t\t<svg width=\"16\" height=\"16\" viewBox=\"0 0 16 16\" fill=\"none\" xmlns=\"http:\/\/www.w3.org\/2000\/svg\">\n\t\t\t\t\t\t<path d=\"M8.50015 11.6402H7.50015V10.6402H8.50015V11.6402Z\" \/>\n\t\t\t\t\t\t<path d=\"M7.50015 9.64018H8.50015V6.30684H7.50015V9.64018Z\" \/>\n\t\t\t\t\t\t<path fill-rule=\"evenodd\" clip-rule=\"evenodd\" d=\"M6.98331 3.0947C7.42933 2.30177 8.57096 2.30177 9.01698 3.09469L13.8771 11.7349C14.3145 12.5126 13.7525 13.4735 12.8602 13.4735H3.14004C2.24774 13.4735 1.68575 12.5126 2.12321 11.7349L6.98331 3.0947ZM8.14541 3.58496C8.08169 3.47168 7.9186 3.47168 7.85488 3.58496L2.99478 12.2251C2.93229 12.3362 3.01257 12.4735 3.14004 12.4735H12.8602C12.9877 12.4735 13.068 12.3362 13.0055 12.2251L8.14541 3.58496Z\" \/>\n\t\t\t\t\t<\/svg>\n\t\t\t\t\t<span class=\"visually-hidden\">Aviso<\/span>\n\t\t\t\t<\/span>\n\t\t\t\t<span data-wp-text=\"state.errorMessage\" id=\"g27574-nome-text-error-message\" role=\"alert\" aria-live=\"assertive\"><\/span>\n\t\t\t<\/div> \n\t<\/div>\n\n<div style=\"\"  data-wp-interactive=\"jetpack\/form\" data-wp-context='{\"fieldId\":\"g27574-email\",\"fieldType\":\"email\",\"fieldLabel\":\"E-mail\",\"fieldValue\":\"\",\"fieldPlaceholder\":\"\",\"fieldIsRequired\":\"\",\"fieldErrorMessage\":\"\",\"fieldExtra\":[],\"formHash\":\"98d39783e7e3dc1501c234360b1a79c05f709280\"}'  class='grunion-field-email-wrap grunion-field-wrap'  data-wp-init='callbacks.initializeField' data-wp-on--jetpack-form-reset='callbacks.initializeField' >\n<label\n\t\t\t\tfor='g27574-email' class=\"grunion-field-label email\" >E-mail<\/label>\n<input\n\t\t\t\t\ttype='email'\n\t\t\t\t\tname='g27574-email'\n\t\t\t\t\tid='g27574-email'\n\t\t\t\t\tvalue=''\n\n\t\t\t\t\tdata-wp-bind--aria-invalid='state.fieldHasErrors'\n\t\t\t\t\tdata-wp-bind--value='state.getFieldValue'\n\t\t\t\t\taria-errormessage='g27574-email-email-error-message'\n\t\t\t\t\tdata-wp-on--input='actions.onFieldChange'\n\t\t\t\t\tdata-wp-on--blur='actions.onFieldBlur'\n\t\t\t\t\tdata-wp-class--has-value='state.hasFieldValue'\n\n\t\t\t\t\tclass='email  grunion-field' \n\t\t\t\t\t \/>\n \n\t\t\t<div id=\"g27574-email-email-error\" class=\"contact-form__input-error\" data-wp-class--has-errors=\"state.fieldHasErrors\">\n\t\t\t\t<span class=\"contact-form__warning-icon\">\n\t\t\t\t\t<svg width=\"16\" height=\"16\" viewBox=\"0 0 16 16\" fill=\"none\" xmlns=\"http:\/\/www.w3.org\/2000\/svg\">\n\t\t\t\t\t\t<path d=\"M8.50015 11.6402H7.50015V10.6402H8.50015V11.6402Z\" \/>\n\t\t\t\t\t\t<path d=\"M7.50015 9.64018H8.50015V6.30684H7.50015V9.64018Z\" \/>\n\t\t\t\t\t\t<path fill-rule=\"evenodd\" clip-rule=\"evenodd\" d=\"M6.98331 3.0947C7.42933 2.30177 8.57096 2.30177 9.01698 3.09469L13.8771 11.7349C14.3145 12.5126 13.7525 13.4735 12.8602 13.4735H3.14004C2.24774 13.4735 1.68575 12.5126 2.12321 11.7349L6.98331 3.0947ZM8.14541 3.58496C8.08169 3.47168 7.9186 3.47168 7.85488 3.58496L2.99478 12.2251C2.93229 12.3362 3.01257 12.4735 3.14004 12.4735H12.8602C12.9877 12.4735 13.068 12.3362 13.0055 12.2251L8.14541 3.58496Z\" \/>\n\t\t\t\t\t<\/svg>\n\t\t\t\t\t<span class=\"visually-hidden\">Aviso<\/span>\n\t\t\t\t<\/span>\n\t\t\t\t<span data-wp-text=\"state.errorMessage\" id=\"g27574-email-email-error-message\" role=\"alert\" aria-live=\"assertive\"><\/span>\n\t\t\t<\/div> \n\t<\/div>\n\n<div style=\"\"  data-wp-interactive=\"jetpack\/form\" data-wp-context='{\"fieldId\":\"g27574-mensagem\",\"fieldType\":\"textarea\",\"fieldLabel\":\"Mensagem\",\"fieldValue\":\"\",\"fieldPlaceholder\":\"\",\"fieldIsRequired\":\"\",\"fieldErrorMessage\":\"\",\"fieldExtra\":[],\"formHash\":\"98d39783e7e3dc1501c234360b1a79c05f709280\"}'  class='grunion-field-textarea-wrap grunion-field-wrap'  data-wp-init='callbacks.initializeField' data-wp-on--jetpack-form-reset='callbacks.initializeField' >\n<label\n\t\t\t\tfor='contact-form-comment-g27574-mensagem' class=\"grunion-field-label textarea\" >Mensagem<\/label>\n<textarea\n\t\t                style=''\n\t\t                name='g27574-mensagem'\n\t\t                id='contact-form-comment-g27574-mensagem'\n\t\t                rows='20'\n\t\t\t\t\t\tdata-wp-text='state.getFieldValue'\n\t\t\t\t\t\tdata-wp-on--input='actions.onFieldChange'\n\t\t\t\t\t\tdata-wp-on--blur='actions.onFieldBlur'\n\t\t\t\t\t\tdata-wp-class--has-value='state.hasFieldValue'\n\t\t\t\t\t\tdata-wp-bind--aria-invalid='state.fieldHasErrors'\n\t\t\t\t\t\taria-errormessage='g27574-mensagem-textarea-error-message'\n\t\t\t\t\t\tclass='textarea  grunion-field'  ><\/textarea>\n \n\t\t\t<div id=\"g27574-mensagem-textarea-error\" class=\"contact-form__input-error\" data-wp-class--has-errors=\"state.fieldHasErrors\">\n\t\t\t\t<span class=\"contact-form__warning-icon\">\n\t\t\t\t\t<svg width=\"16\" height=\"16\" viewBox=\"0 0 16 16\" fill=\"none\" xmlns=\"http:\/\/www.w3.org\/2000\/svg\">\n\t\t\t\t\t\t<path d=\"M8.50015 11.6402H7.50015V10.6402H8.50015V11.6402Z\" \/>\n\t\t\t\t\t\t<path d=\"M7.50015 9.64018H8.50015V6.30684H7.50015V9.64018Z\" \/>\n\t\t\t\t\t\t<path fill-rule=\"evenodd\" clip-rule=\"evenodd\" d=\"M6.98331 3.0947C7.42933 2.30177 8.57096 2.30177 9.01698 3.09469L13.8771 11.7349C14.3145 12.5126 13.7525 13.4735 12.8602 13.4735H3.14004C2.24774 13.4735 1.68575 12.5126 2.12321 11.7349L6.98331 3.0947ZM8.14541 3.58496C8.08169 3.47168 7.9186 3.47168 7.85488 3.58496L2.99478 12.2251C2.93229 12.3362 3.01257 12.4735 3.14004 12.4735H12.8602C12.9877 12.4735 13.068 12.3362 13.0055 12.2251L8.14541 3.58496Z\" \/>\n\t\t\t\t\t<\/svg>\n\t\t\t\t\t<span class=\"visually-hidden\">Aviso<\/span>\n\t\t\t\t<\/span>\n\t\t\t\t<span data-wp-text=\"state.errorMessage\" id=\"g27574-mensagem-textarea-error-message\" role=\"alert\" aria-live=\"assertive\"><\/span>\n\t\t\t<\/div>\n\t<\/div>\n\t<p class='contact-submit'>\n<div class=\"contact-form__error\" data-wp-class--show-errors=\"state.showFormErrors\"><span class=\"contact-form__warning-icon\"><span class=\"visually-hidden\">Aten\u00e7\u00e3o.<\/span><i aria-hidden=\"true\"><\/i><\/span>\n\t\t\t\t<span data-wp-text=\"state.getFormErrorMessage\"><\/span>\n\t\t\t\t<ul>\n\t\t\t\t<template data-wp-each=\"state.getErrorList\" data-wp-key=\"context.item.id\">\n\t\t\t\t\t<li><a data-wp-bind--href=\"context.item.anchor\" data-wp-on--click=\"actions.scrollIntoView\" data-wp-text=\"context.item.label\"><\/a><\/li>\n\t\t\t\t<\/template>\n\t\t\t\t<\/ul><\/div><div class=\"contact-form__error\" data-wp-class--show-errors=\"state.showSubmissionError\" data-wp-text=\"context.submissionError\"><\/div>\t\t<button type='submit' class='pushbutton-wide'>Enviar<\/button>\t\t<input type='hidden' name='contact-form-id' value='27574' \/>\n\t\t<input type='hidden' name='action' value='grunion-contact-form' \/>\n\t\t<input type='hidden' name='contact-form-hash' value='98d39783e7e3dc1501c234360b1a79c05f709280' \/>\n\t<\/p>\n<p style=\"display: none !important;\" class=\"akismet-fields-container\" data-prefix=\"ak_\"><label>&#916;<textarea name=\"ak_hp_textarea\" cols=\"45\" rows=\"8\" maxlength=\"100\"><\/textarea><\/label><input type=\"hidden\" id=\"ak_js_1\" name=\"ak_js\" value=\"19\"\/><script>document.getElementById( \"ak_js_1\" ).setAttribute( \"value\", ( new Date() ).getTime() );<\/script><\/p><\/form>\n<\/div>\n","protected":false},"excerpt":{"rendered":"<p>Elenco \u00e9 composto quase inteiramente por alunos com defici\u00eancia e neurodivergentes do IFSUL de Pelotas\u00a0 \u00a0 \u00a0 \u00a0 \u00a0 Por Lu\u00eds Esteves Garcez\u00a0 \u00a0 \u00a0 \u00a0 \u00a0 Na tarde de quarta-feira, dia 27 de novembro, estive no Instituto Federal de Educa\u00e7\u00e3o, Ci\u00eancia e Tecnologia Sul-rio-grandense (IFSul) de Pelotas, para assistir a primeira apresenta\u00e7\u00e3o da pe\u00e7a &hellip; <\/p>\n<p><a class=\"more-link btn\" href=\"https:\/\/wp.ufpel.edu.br\/artenosul\/2024\/12\/09\/peca-alem-da-visibilidade-traz-debate-sobre-acessibilidade-nas-instituicoes-de-ensino\/\">Continue lendo<\/a><\/p>\n","protected":false},"author":571,"featured_media":27576,"comment_status":"closed","ping_status":"closed","sticky":false,"template":"","format":"standard","meta":{"jetpack_post_was_ever_published":false,"_jetpack_newsletter_access":"","_jetpack_dont_email_post_to_subs":false,"_jetpack_newsletter_tier_id":0,"_jetpack_memberships_contains_paywalled_content":false,"_jetpack_memberships_contains_paid_content":false,"footnotes":"","jetpack_publicize_message":"","jetpack_publicize_feature_enabled":true,"jetpack_social_post_already_shared":true,"jetpack_social_options":{"image_generator_settings":{"template":"highway","default_image_id":0,"font":"","enabled":false},"version":2}},"categories":[88,1,50],"tags":[1045,2404,2398,787,1793,2402,2396,2397,2399,2400,2403,1713,2401,51],"class_list":["post-27574","post","type-post","status-publish","format-standard","has-post-thumbnail","hentry","category-comunidade","category-noticias","category-teatro","tag-acessibilidade","tag-alem-da-visibilidade","tag-deficiencia","tag-educacao","tag-espetaculo","tag-ifsul","tag-luis-esteves-garcez","tag-montagem","tag-necessidades-especiais","tag-neurodivergencia","tag-patricia-montone","tag-peca","tag-rafaela-oleiro","tag-teatro","nodate","item-wrap"],"jetpack_publicize_connections":[],"jetpack_featured_media_url":"https:\/\/wp.ufpel.edu.br\/artenosul\/files\/2024\/12\/Imagem1-1.jpg","jetpack_sharing_enabled":true,"jetpack_likes_enabled":true,"jetpack_shortlink":"https:\/\/wp.me\/p6PuxQ-7aK","jetpack-related-posts":[{"id":8797,"url":"https:\/\/wp.ufpel.edu.br\/artenosul\/2020\/11\/05\/projeto-elabora-programas-de-acessibilidade-para-os-museus-de-pelotas\/","url_meta":{"origin":27574,"position":0},"title":"Projeto elabora Programas de Acessibilidade para os museus de Pelotas","author":"artenosul","date":"5 de novembro de 2020","format":false,"excerpt":"Por Roger Vilela Com equipe integrada por estudantes da UFPel, documentos ser\u00e3o entregues aos\u00a0museus em dezembro Para elaborar os Programas de Acessibilidade de seus museus institucionais \u2013 Museu do Doce, Museu de Ci\u00eancias Naturais Carlos Ritter (MCNCR) e Museu de Arte Leopoldo Gotuzzo (MALG) \u2013 e adequ\u00e1-los \u00e0 lei, a\u2026","rel":"","context":"Em &quot;COMUNIDADE&quot;","block_context":{"text":"COMUNIDADE","link":"https:\/\/wp.ufpel.edu.br\/artenosul\/category\/comunidade\/"},"img":{"alt_text":"","src":"https:\/\/i0.wp.com\/wp.ufpel.edu.br\/artenosul\/files\/2020\/11\/Imagem-1-5-scaled.jpg?resize=350%2C200&ssl=1","width":350,"height":200,"srcset":"https:\/\/i0.wp.com\/wp.ufpel.edu.br\/artenosul\/files\/2020\/11\/Imagem-1-5-scaled.jpg?resize=350%2C200&ssl=1 1x, https:\/\/i0.wp.com\/wp.ufpel.edu.br\/artenosul\/files\/2020\/11\/Imagem-1-5-scaled.jpg?resize=525%2C300&ssl=1 1.5x, https:\/\/i0.wp.com\/wp.ufpel.edu.br\/artenosul\/files\/2020\/11\/Imagem-1-5-scaled.jpg?resize=700%2C400&ssl=1 2x, https:\/\/i0.wp.com\/wp.ufpel.edu.br\/artenosul\/files\/2020\/11\/Imagem-1-5-scaled.jpg?resize=1050%2C600&ssl=1 3x, https:\/\/i0.wp.com\/wp.ufpel.edu.br\/artenosul\/files\/2020\/11\/Imagem-1-5-scaled.jpg?resize=1400%2C800&ssl=1 4x"},"classes":[]},{"id":6675,"url":"https:\/\/wp.ufpel.edu.br\/artenosul\/2017\/06\/23\/espetaculo-no-mercado\/","url_meta":{"origin":27574,"position":1},"title":"Espet\u00e1culo no Mercado","author":"artenosul","date":"23 de junho de 2017","format":false,"excerpt":"Grupo Vc Sabe Quem apresenta pe\u00e7a segunda-feira com entrada franca -\u00a0 Reportagem de Mariana Florencio - \u00a0 \u00a0 \u00a0Na pr\u00f3xima segunda, dia 26 de junho, a companhia de teatro Vc Sabe Quem apresenta sua pe\u00e7a Dona Frida no encerramento da primeira temporada do Sete ao Entardecer 2017. A hist\u00f3ria vai\u2026","rel":"","context":"Em &quot;NOT\u00cdCIAS&quot;","block_context":{"text":"NOT\u00cdCIAS","link":"https:\/\/wp.ufpel.edu.br\/artenosul\/category\/noticias\/"},"img":{"alt_text":"","src":"https:\/\/i0.wp.com\/wp.ufpel.edu.br\/artenosul\/files\/2017\/06\/MarianaFlorencioDona-Frida2-e1499525107874.jpg?resize=350%2C200&ssl=1","width":350,"height":200,"srcset":"https:\/\/i0.wp.com\/wp.ufpel.edu.br\/artenosul\/files\/2017\/06\/MarianaFlorencioDona-Frida2-e1499525107874.jpg?resize=350%2C200&ssl=1 1x, https:\/\/i0.wp.com\/wp.ufpel.edu.br\/artenosul\/files\/2017\/06\/MarianaFlorencioDona-Frida2-e1499525107874.jpg?resize=525%2C300&ssl=1 1.5x"},"classes":[]},{"id":26066,"url":"https:\/\/wp.ufpel.edu.br\/artenosul\/2023\/12\/05\/cavg-ifsul-comemora-100-anos-com-apresentacoes-e-exposicoes\/","url_meta":{"origin":27574,"position":2},"title":"CaVG\/IFSul comemora 100 anos com apresenta\u00e7\u00f5es e exposi\u00e7\u00f5es","author":"artenosul","date":"5 de dezembro de 2023","format":false,"excerpt":"M\u00fasica, dan\u00e7a e poesia fizeram parte da programa\u00e7\u00e3o que celebra um s\u00e9culo desde a funda\u00e7\u00e3o\u00a0 \u00a0 \u00a0 Por Vanessa Centeno Ferreira\u00a0 \u00a0 \u00a0 \u00a0 \u00a0 Para comemorar um s\u00e9culo de hist\u00f3ria, completado no dia 12 de outubro de 2023, o evento Arte nos 100 Anos CaVG est\u00e1 sendo realizado pelo\u2026","rel":"","context":"Em &quot;COMUNIDADE&quot;","block_context":{"text":"COMUNIDADE","link":"https:\/\/wp.ufpel.edu.br\/artenosul\/category\/comunidade\/"},"img":{"alt_text":"","src":"https:\/\/i0.wp.com\/wp.ufpel.edu.br\/artenosul\/files\/2023\/12\/IMG-20231127-WA00753b.jpg?resize=350%2C200&ssl=1","width":350,"height":200,"srcset":"https:\/\/i0.wp.com\/wp.ufpel.edu.br\/artenosul\/files\/2023\/12\/IMG-20231127-WA00753b.jpg?resize=350%2C200&ssl=1 1x, https:\/\/i0.wp.com\/wp.ufpel.edu.br\/artenosul\/files\/2023\/12\/IMG-20231127-WA00753b.jpg?resize=525%2C300&ssl=1 1.5x"},"classes":[]},{"id":26666,"url":"https:\/\/wp.ufpel.edu.br\/artenosul\/2024\/03\/14\/do-palco-para-o-cinema-teatro-dos-gatos-pelados-participa-de-filme-gravado-em-pelotas\/","url_meta":{"origin":27574,"position":3},"title":"Do palco para o cinema: Teatro dos Gatos Pelados participa de filme gravado em Pelotas","author":"artenosul","date":"14 de mar\u00e7o de 2024","format":false,"excerpt":"\u201cPassaporte Mem\u00f3ria\u201d, uma produ\u00e7\u00e3o da Atama Filmes de Porto Alegre, teve algumas grava\u00e7\u00f5es na cidade e contou com a participa\u00e7\u00e3o de 12 alunos do Col\u00e9gio Pelotense no elenco\u00a0 \u00a0 \u00a0 \u00a0 Por Felipe Boettge\u00a0 \u00a0 \u00a0 \u00a0 \u00a0 \u00a0 Com a passagem da produ\u00e7\u00e3o de \u201cPassaporte Mem\u00f3ria\u201d um filme produzido\u2026","rel":"","context":"Em &quot;CINEMA&quot;","block_context":{"text":"CINEMA","link":"https:\/\/wp.ufpel.edu.br\/artenosul\/category\/cinema\/"},"img":{"alt_text":"","src":"https:\/\/i0.wp.com\/wp.ufpel.edu.br\/artenosul\/files\/2024\/03\/Imagem4-1.jpg?resize=350%2C200&ssl=1","width":350,"height":200},"classes":[]},{"id":7873,"url":"https:\/\/wp.ufpel.edu.br\/artenosul\/2017\/12\/18\/cade-o-palco-que-tinha-aqui\/","url_meta":{"origin":27574,"position":4},"title":"Cad\u00ea o palco que tinha aqui?","author":"artenosul","date":"18 de dezembro de 2017","format":false,"excerpt":"\u00a0 \u00a0 \u00a0 Por Cassiane Ribeiro Fonseca \u00a0 \u00a0 \u00a0 Pelotas \u00e9 palco de cultura e diversidade. E isso se explica pelo crescente p\u00fablico que frequenta os diferentes espa\u00e7os de manifesta\u00e7\u00f5es art\u00edsticas, de rua ou n\u00e3o, sejam eles musicais, gastron\u00f4micos, liter\u00e1rios ou teatrais. A Voc\u00ea Sabe Quem CIA de Teatro\u2026","rel":"","context":"Em &quot;TEATRO&quot;","block_context":{"text":"TEATRO","link":"https:\/\/wp.ufpel.edu.br\/artenosul\/category\/teatro\/"},"img":{"alt_text":"","src":"https:\/\/i0.wp.com\/wp.ufpel.edu.br\/artenosul\/files\/2017\/12\/Imagem-divulga%C3%A7%C3%A3o-p%C3%A1gina-VOCE-SABE-QUEM-CIA-TEATRO-e1513599210392.jpg?resize=350%2C200&ssl=1","width":350,"height":200,"srcset":"https:\/\/i0.wp.com\/wp.ufpel.edu.br\/artenosul\/files\/2017\/12\/Imagem-divulga%C3%A7%C3%A3o-p%C3%A1gina-VOCE-SABE-QUEM-CIA-TEATRO-e1513599210392.jpg?resize=350%2C200&ssl=1 1x, https:\/\/i0.wp.com\/wp.ufpel.edu.br\/artenosul\/files\/2017\/12\/Imagem-divulga%C3%A7%C3%A3o-p%C3%A1gina-VOCE-SABE-QUEM-CIA-TEATRO-e1513599210392.jpg?resize=525%2C300&ssl=1 1.5x, https:\/\/i0.wp.com\/wp.ufpel.edu.br\/artenosul\/files\/2017\/12\/Imagem-divulga%C3%A7%C3%A3o-p%C3%A1gina-VOCE-SABE-QUEM-CIA-TEATRO-e1513599210392.jpg?resize=700%2C400&ssl=1 2x"},"classes":[]},{"id":27188,"url":"https:\/\/wp.ufpel.edu.br\/artenosul\/2024\/09\/27\/museu-do-doce-tem-programacao-especial-para-primavera-dos-museus\/","url_meta":{"origin":27574,"position":5},"title":"Museu do Doce tem programa\u00e7\u00e3o especial para Primavera dos Museus","author":"artenosul","date":"27 de setembro de 2024","format":false,"excerpt":"Amanh\u00e3, dia 28 de setembro, o espa\u00e7o ter\u00e1 atividades culturais e musicais com abertura noturna\u00a0 \u00a0 \u00a0 \u00a0 St\u00e9fane Costa\u00a0 \u00a0 \u00a0 \u00a0 \u00a0 \u00a0 Museus de todo o Pa\u00eds est\u00e3o com uma programa\u00e7\u00e3o especial pela 18\u00aa Primavera dos Museus, a\u00e7\u00e3o promovida pelo Instituto Brasileiro de Museus (Ibram). Esses locais\u2026","rel":"","context":"Em &quot;COMUNIDADE&quot;","block_context":{"text":"COMUNIDADE","link":"https:\/\/wp.ufpel.edu.br\/artenosul\/category\/comunidade\/"},"img":{"alt_text":"","src":"https:\/\/i0.wp.com\/wp.ufpel.edu.br\/artenosul\/files\/2024\/08\/Imagem1.jpg?resize=350%2C200&ssl=1","width":350,"height":200,"srcset":"https:\/\/i0.wp.com\/wp.ufpel.edu.br\/artenosul\/files\/2024\/08\/Imagem1.jpg?resize=350%2C200&ssl=1 1x, https:\/\/i0.wp.com\/wp.ufpel.edu.br\/artenosul\/files\/2024\/08\/Imagem1.jpg?resize=525%2C300&ssl=1 1.5x"},"classes":[]}],"_links":{"self":[{"href":"https:\/\/wp.ufpel.edu.br\/artenosul\/wp-json\/wp\/v2\/posts\/27574","targetHints":{"allow":["GET"]}}],"collection":[{"href":"https:\/\/wp.ufpel.edu.br\/artenosul\/wp-json\/wp\/v2\/posts"}],"about":[{"href":"https:\/\/wp.ufpel.edu.br\/artenosul\/wp-json\/wp\/v2\/types\/post"}],"author":[{"embeddable":true,"href":"https:\/\/wp.ufpel.edu.br\/artenosul\/wp-json\/wp\/v2\/users\/571"}],"replies":[{"embeddable":true,"href":"https:\/\/wp.ufpel.edu.br\/artenosul\/wp-json\/wp\/v2\/comments?post=27574"}],"version-history":[{"count":8,"href":"https:\/\/wp.ufpel.edu.br\/artenosul\/wp-json\/wp\/v2\/posts\/27574\/revisions"}],"predecessor-version":[{"id":27585,"href":"https:\/\/wp.ufpel.edu.br\/artenosul\/wp-json\/wp\/v2\/posts\/27574\/revisions\/27585"}],"wp:featuredmedia":[{"embeddable":true,"href":"https:\/\/wp.ufpel.edu.br\/artenosul\/wp-json\/wp\/v2\/media\/27576"}],"wp:attachment":[{"href":"https:\/\/wp.ufpel.edu.br\/artenosul\/wp-json\/wp\/v2\/media?parent=27574"}],"wp:term":[{"taxonomy":"category","embeddable":true,"href":"https:\/\/wp.ufpel.edu.br\/artenosul\/wp-json\/wp\/v2\/categories?post=27574"},{"taxonomy":"post_tag","embeddable":true,"href":"https:\/\/wp.ufpel.edu.br\/artenosul\/wp-json\/wp\/v2\/tags?post=27574"}],"curies":[{"name":"wp","href":"https:\/\/api.w.org\/{rel}","templated":true}]}}