{"id":27537,"date":"2024-12-05T16:43:10","date_gmt":"2024-12-05T19:43:10","guid":{"rendered":"https:\/\/wp.ufpel.edu.br\/artenosul\/?p=27537"},"modified":"2024-12-06T09:48:19","modified_gmt":"2024-12-06T12:48:19","slug":"ii-recital-de-piano-para-amigas-e-amigos-com-virginia-mello-alves","status":"publish","type":"post","link":"https:\/\/wp.ufpel.edu.br\/artenosul\/2024\/12\/05\/ii-recital-de-piano-para-amigas-e-amigos-com-virginia-mello-alves\/","title":{"rendered":"&#8220;II Recital de Piano para Amigas e Amigos&#8221; com Virg\u00ednia Mello Alves"},"content":{"rendered":"<p style=\"text-align: center;\"><span style=\"color: #003366;\"><em><strong><span style=\"font-family: arial, helvetica, sans-serif;\">Al\u00e9m do seu compositor preferido Ludovico Einaudi, repert\u00f3rio da apresenta\u00e7\u00e3o nesta sexta, dia 6 de dezembro, traz composi\u00e7\u00f5es cl\u00e1ssicas, m\u00fasicas populares e trilhas sonoras\u00a0 \u00a0 \u00a0 \u00a0<\/span><\/strong><\/em><\/span><\/p>\n<p style=\"text-align: right;\"><span style=\"color: #003366;\"><em><strong><span style=\"font-family: arial, helvetica, sans-serif;\">Por Paulo Pereira da Silva\u00a0 \u00a0 \u00a0<\/span><\/strong><\/em><\/span><\/p>\n<p style=\"text-align: right;\"><span style=\"color: #003366;\"><em><strong><span style=\"font-family: arial, helvetica, sans-serif;\"> \u00a0\u00a0<\/span><\/strong><\/em><\/span><\/p>\n<div id=\"attachment_27539\" style=\"width: 359px\" class=\"wp-caption aligncenter\"><img loading=\"lazy\" decoding=\"async\" aria-describedby=\"caption-attachment-27539\" class=\" wp-image-27539\" src=\"https:\/\/wp.ufpel.edu.br\/artenosul\/files\/2024\/12\/Imagem2.jpg\" alt=\"\" width=\"359\" height=\"479\" srcset=\"https:\/\/wp.ufpel.edu.br\/artenosul\/files\/2024\/12\/Imagem2.jpg 270w, https:\/\/wp.ufpel.edu.br\/artenosul\/files\/2024\/12\/Imagem2-225x300.jpg 225w\" sizes=\"auto, (max-width: 359px) 100vw, 359px\" \/><p id=\"caption-attachment-27539\" class=\"wp-caption-text\"><span style=\"font-family: arial, helvetica, sans-serif;\"><strong><span style=\"color: #0000ff;\">Virg\u00ednia Alves concilia suas atividades<\/span> <span style=\"color: #0000ff;\">acad\u00eamicas de F\u00edsica e Astronomia com a arte musical<\/span><\/strong><\/span><\/p><\/div>\n<p>&nbsp;<\/p>\n<p style=\"text-align: justify;\"><span style=\"font-family: arial, helvetica, sans-serif;\">Do retorno \u00e0 pr\u00e1tica de pianista durante o longo per\u00edodo de isolamento, na pandemia, despertou a musicalidade adormecida desde a inf\u00e2ncia e adolesc\u00eancia da professora de F\u00edsica Virg\u00ednia Mello Alves, interrompida pela atividade profissional e maternidade. Assim, do Departamento de F\u00edsica e Matem\u00e1tica da Universidade Federal de Pelotas (UFPel), ela compartilhou seus momentos em v\u00eddeos e <em>lives<\/em> constantemente com amigos da universidade, familiares e colegas que a vida lhe presenteou. A arte musical integrou-se \u00e0s atividades extra-curriculares da docente, que preza pela intera\u00e7\u00e3o entre diversas formas de conhecimento.<\/span><\/p>\n<p style=\"text-align: justify;\"><span style=\"font-family: arial, helvetica, sans-serif;\">Com o fim da pandemia, Virg\u00ednia passou a realizar recitais. E, nesta sexta-feira, dia 6 de dezembro, a pianista apresenta o \u201cII Recital de Piano para Amigas e Amigos\u201d, \u00e0s 19h30, no audit\u00f3rio do Conservat\u00f3rio de M\u00fasica da UFPel na (Rua F\u00e9lix Xavier da Cunha, 651, no Centro de Pelotas). O recital \u00e9 um momento de troca, afeto e momentos de sensibiliza\u00e7\u00e3o, de uma artista da m\u00fasica amadora que toca, sabe tocar e ama o que toca. \u00a0O evento \u00e9 aberto, livre para todo o p\u00fablico, com entrada franca.<\/span><\/p>\n<p>&nbsp;<\/p>\n<p><img loading=\"lazy\" decoding=\"async\" class=\" wp-image-27540 aligncenter\" src=\"https:\/\/wp.ufpel.edu.br\/artenosul\/files\/2024\/12\/Imagem1-282x500.jpg\" alt=\"\" width=\"521\" height=\"924\" srcset=\"https:\/\/wp.ufpel.edu.br\/artenosul\/files\/2024\/12\/Imagem1-282x500.jpg 282w, https:\/\/wp.ufpel.edu.br\/artenosul\/files\/2024\/12\/Imagem1-169x300.jpg 169w, https:\/\/wp.ufpel.edu.br\/artenosul\/files\/2024\/12\/Imagem1.jpg 528w\" sizes=\"auto, (max-width: 521px) 100vw, 521px\" \/><\/p>\n<p>&nbsp;<\/p>\n<p style=\"text-align: justify;\"><span style=\"font-family: arial, helvetica, sans-serif;\">Na apresenta\u00e7\u00e3o deste ano, o repert\u00f3rio refaz as composi\u00e7\u00f5es cl\u00e1ssicas j\u00e1 consagradas pelo p\u00fablico, \u201cLe Lac de Come\u201d de C. Galos, \u201cSonata ao Luar\u201d de Beethoven, \u201cIer\u00e8 Gymnopedie\u201d de Erik Satie e \u201c2me Nocturne\u201d de Fr\u00e9d\u00e9ric Chopin. Traz tamb\u00e9m as reconhecidas m\u00fasicas populares \u201cA Thousand Years\u201d, de Valerie Nater, \u201cSing of Guy\u201d, de Elton John, \u201cBohemian Rapsody\u201d, de Fred Mercury, e a trilha sonora &#8220;Somewhere in Time&#8221;, de John Barry.<\/span><\/p>\n<p style=\"text-align: justify;\"><span style=\"font-family: arial, helvetica, sans-serif;\">Virg\u00ednia reserva um bloco para execu\u00e7\u00e3o de uma sele\u00e7\u00e3o de m\u00fasicas do seu autor preferido, o compositor Ludovico Einaudi, com as obras: \u201cBerlin Dong\u201d, \u201cDietro Casa\u201d, \u201cPrimavera Nightbook\u201d,\u00a0 \u201cHigh Heels\u201d, \u201cLove is a Mystery\u201d, \u201cNuvole Bianche\u201d, e \u201cI Giorni\u201d. \u00c9 um brinde \u00e0 diversidade com t\u00edtulos cl\u00e1ssicos e populares.<\/span><\/p>\n<p>&nbsp;<\/p>\n<div id=\"attachment_27541\" style=\"width: 744px\" class=\"wp-caption aligncenter\"><img loading=\"lazy\" decoding=\"async\" aria-describedby=\"caption-attachment-27541\" class=\" wp-image-27541\" src=\"https:\/\/wp.ufpel.edu.br\/artenosul\/files\/2024\/12\/Imagem4.jpg\" alt=\"\" width=\"744\" height=\"389\" srcset=\"https:\/\/wp.ufpel.edu.br\/artenosul\/files\/2024\/12\/Imagem4.jpg 333w, https:\/\/wp.ufpel.edu.br\/artenosul\/files\/2024\/12\/Imagem4-300x157.jpg 300w\" sizes=\"auto, (max-width: 744px) 100vw, 744px\" \/><p id=\"caption-attachment-27541\" class=\"wp-caption-text\"><strong><span style=\"font-family: arial, helvetica, sans-serif;\"><span style=\"color: #0000ff;\">Este ser\u00e1\u00a0 o segundo recital de Virg\u00ednia no Conservat\u00f3rio de M\u00fasica da UFPel ap\u00f3s a pandemia<\/span><\/span><\/strong><\/p><\/div>\n<hr \/>\n<p>&nbsp;<\/p>\n<p style=\"text-align: justify;\"><span style=\"font-family: arial, helvetica, sans-serif;\">Dos momentos de troca nas apresenta\u00e7\u00f5es musicais <em>online <\/em>com o reconhecimento e est\u00edmulo dos ouvintes, Virg\u00ednia resgatou sua habilidade instrumental, aprimorou-se e evoluiu para sua primeira apresenta\u00e7\u00e3o solo presencial, realizada em 30 de novembro de 2023 no Conservat\u00f3rio de M\u00fasica da UFPel, com apoio da Reitoria da UFPel, do Centro de Artes e tamb\u00e9m do Theatro Sete de Abril.<\/span><\/p>\n<p style=\"text-align: justify;\"><span style=\"font-family: arial, helvetica, sans-serif;\">\u00c9 professora e pesquisadora, estando \u00e0s v\u00e9speras de apresentar seu memorial acad\u00eamico para se tornar titular. Come\u00e7ou pela Universidade Federal do Rio Grande do Sul (UFRGS), como professora tempor\u00e1ria. Em seguida, foi efetiva no Instituto Federal do Rio Grande do Sul (IFSul), at\u00e9 ingressar na UFPel em 1995. Foi pioneira nas <a href=\"https:\/\/www.youtube.com\/watch?v=wtANjPnD7Rc\" target=\"_blank\" rel=\"noopener\"><strong>palestras para divulga\u00e7\u00e3o cient\u00edfica<\/strong><\/a> do Instituto de F\u00edsica e Matem\u00e1tica (IFM) da UFPel.<\/span><\/p>\n<p style=\"text-align: justify;\"><span style=\"font-family: arial, helvetica, sans-serif;\">Praticou piano quando crian\u00e7a no Instituto Musical Americano de Porto Alegre, com a professora Erica Rosado Gobbato. Tamb\u00e9m estudou teoria musical na Escolinha da OSPA na juventude e no Coral da UFRGS at\u00e9 ingressar na universidade. Depois de longo per\u00edodo afastada da m\u00fasica, voltou a praticar regularmente quando o piano teve o seu espa\u00e7o em uma casa maior.<\/span><\/p>\n<p style=\"text-align: justify;\"><span style=\"font-family: arial, helvetica, sans-serif;\">Durante sua carreira na institui\u00e7\u00e3o, contribuiu na forma\u00e7\u00e3o de professores de gradua\u00e7\u00e3o, na extens\u00e3o e pesquisa acad\u00eamica, e recentemente na p\u00f3s-gradua\u00e7\u00e3o, com o mestrado profissional, voltado a professores no ensino de F\u00edsica, na Universidade Federal do Rio Grande (FURG). Paralelo \u00e0 doc\u00eancia, esteve ativa na administra\u00e7\u00e3o como coordenadora de curso, com o desafio de formatar as diretrizes curriculares e homologar no MEC o reconhecimento do curso de F\u00edsica.<\/span><\/p>\n<p style=\"text-align: justify;\"><span style=\"font-family: arial, helvetica, sans-serif;\">Atrav\u00e9s do seu trabalho na parte de ci\u00eancias, entre as coordenadorias e a Pr\u00f3-<\/span><span style=\"font-family: arial, helvetica, sans-serif;\">Reitoria de Gradua\u00e7\u00e3o, fez o treinamento em toda a regi\u00e3o de Pelotas para a implanta\u00e7\u00e3o da reformula\u00e7\u00e3o dos novos par\u00e2metros nacionais da educa\u00e7\u00e3o b\u00e1sica. Foi convidada para o cargo de diretora de ensino da Pr\u00f3- Reitoria de Gradua\u00e7\u00e3o em 2005, atuando no programa de Reestrutura\u00e7\u00e3o e Expans\u00e3o das Universidades Federais (Reuni), quando o n\u00famero de 6 mil estudantes saltou para mais de 20 mil na UFPel.<\/span><\/p>\n<p style=\"text-align: justify;\"><span style=\"font-family: arial, helvetica, sans-serif;\">Entre as suas atividades de extens\u00e3o e ensino de F\u00edsica, destaca-se a divulga\u00e7\u00e3o da Astronomia e o projeto do planet\u00e1rio f\u00edsico. Os equipamentos foram adquiridos em 2009 e aguarda-se a constru\u00e7\u00e3o do pr\u00e9dio para a sua instala\u00e7\u00e3o. Sendo a \u00fanica professora com habilita\u00e7\u00e3o no ensino de F\u00edsica e \u00fanica astr\u00f4noma, tem-se voltado a trabalhos interdisciplinares com a Museologia, artes e demais \u00e1reas da ci\u00eancia.<\/span><\/p>\n<p style=\"text-align: justify;\"><span style=\"font-family: arial, helvetica, sans-serif;\">Em 2016, atrav\u00e9s do F\u00f3rum de Pr\u00e1ticas Interdisciplinares da Faculdade de F\u00edsica, participou do recital &#8220;Timbrar Bach Sonatas &amp; Partitas&#8221;, de flauta e piano, com Raul Costa e Lucia Cervini, unindo-se \u00e0 participa\u00e7\u00e3o especial de Paulo Krebs com as proje\u00e7\u00f5es astron\u00f4micas das gal\u00e1xias e do sistema solar. Essa iniciativa ressalta a relev\u00e2ncia das <strong><a href=\"https:\/\/www.youtube.com\/watch?v=KBehaMDh7vQ\" target=\"_blank\" rel=\"noopener\">interconex\u00f5es entre as \u00e1reas de M\u00fasica e Astronomia<\/a><\/strong>.<\/span><\/p>\n<p>&nbsp;<\/p>\n<div id=\"attachment_27543\" style=\"width: 792px\" class=\"wp-caption aligncenter\"><img loading=\"lazy\" decoding=\"async\" aria-describedby=\"caption-attachment-27543\" class=\"wp-image-27543 \" src=\"https:\/\/wp.ufpel.edu.br\/artenosul\/files\/2024\/12\/Imagem10-500x332.jpg\" alt=\"\" width=\"792\" height=\"526\" srcset=\"https:\/\/wp.ufpel.edu.br\/artenosul\/files\/2024\/12\/Imagem10-500x332.jpg 500w, https:\/\/wp.ufpel.edu.br\/artenosul\/files\/2024\/12\/Imagem10-300x199.jpg 300w, https:\/\/wp.ufpel.edu.br\/artenosul\/files\/2024\/12\/Imagem10.jpg 534w\" sizes=\"auto, (max-width: 792px) 100vw, 792px\" \/><p id=\"caption-attachment-27543\" class=\"wp-caption-text\"><strong><span style=\"font-family: arial, helvetica, sans-serif;\"><span style=\"color: #0000ff;\">O projeto &#8220;Timbrar Bach Sonatas &amp; Partitas&#8221; buscou as internex\u00f5es entre a arte da M\u00fasica e a ci\u00eancia da Astronomia<\/span><\/span><\/strong><\/p><\/div>\n<p>&nbsp;<\/p>\n<p style=\"text-align: justify;\"><span style=\"font-family: arial, helvetica, sans-serif;\">Virg\u00ednia prop\u00f5e um espa\u00e7o dentro da Universidade para que a comunidade acad\u00eamica possa mostrar outros conhecimentos e habilidades n\u00e3o vinculados formalmente, com rela\u00e7\u00e3o \u00e0s artes, esportes, pol\u00edtica e linguagens, entre outros, como pol\u00edtica consistente de trocar experi\u00eancias. Neste \u201cII Recital de Piano para Amigas e Amigos\u201d tem o apoio do Conservat\u00f3rio de M\u00fasica com a disponibilidade do espa\u00e7o.<\/span><\/p>\n<p style=\"text-align: justify;\"><a href=\"http:\/\/wp.ufpel.edu.br\/artenosul\"><span style=\"font-family: arial, helvetica, sans-serif; color: #0000ff;\"><strong>PRIMEIRA P\u00c1GINA <\/strong><\/span><\/a><\/p>\n<p style=\"text-align: justify;\"><span style=\"font-family: arial, helvetica, sans-serif; color: #0000ff;\"><strong>COMENT\u00c1RIOS<\/strong><\/span><\/p>\n<p>&nbsp;<\/p>\n<div data-test='contact-form'\n\t\t\tid='contact-form-27537'\n\t\t\tclass='wp-block-jetpack-contact-form-container '\n\t\t\tdata-wp-interactive='jetpack\/form' data-wp-context='{\"formId\":\"27537\",\"formHash\":\"af94a556b16759e79b7b86330905eb66ee9c69aa\",\"showErrors\":false,\"errors\":[],\"fields\":[],\"isMultiStep\":false,\"useAjax\":true,\"submissionData\":null,\"formattedSubmissionData\":[],\"submissionSuccess\":false,\"submissionError\":null,\"elementId\":\"jp-form-af94a556b16759e79b7b86330905eb66ee9c69aa\",\"isSingleInputForm\":false}'\n\t\t\tdata-wp-watch--scroll-to-wrapper=\"callbacks.scrollToWrapper\"\n\t\t>\n<div class=\"contact-form-submission contact-form-ajax-submission\" data-wp-class--submission-success=\"context.submissionSuccess\"><p class=\"go-back-message\"><a class=\"link\" role=\"button\" tabindex=\"0\" data-wp-on--click=\"actions.goBack\" href=\"\/artenosul\/wp-json\/wp\/v2\/posts\/27537\">Voltar<\/a><\/p><h4 id=\"contact-form-success-header\">Sua mensagem foi enviada<\/h4>\n\n<template data-wp-each--submission=\"context.formattedSubmissionData\">\n\t\t\t\t\t<div class=\"jetpack_forms_contact-form-success-summary\">\n\t\t\t\t\t\t<div class=\"field-name\" data-wp-text=\"context.submission.label\" data-wp-bind--hidden=\"!context.submission.label\"><\/div>\n\t\t\t\t\t\t<div class=\"field-value\" data-wp-text=\"context.submission.value\"><\/div>\n\t\t\t\t\t\t<div class=\"field-images\" data-wp-bind--hidden=\"!context.submission.images\">\n\t\t\t\t\t\t\t<template data-wp-each--image=\"context.submission.images\">\n\t\t\t\t\t\t\t\t<figure class=\"field-image\" data-wp-class--is-empty=\"!context.image\">\n\t\t\t\t\t\t\t\t\t<img data-wp-bind--src=\"context.image\" data-wp-bind--hidden=\"!context.image\" \/>\n\t\t\t\t\t\t\t\t\t<img decoding=\"async\" src=\"data:image\/gif;base64,R0lGODlhAQABAAD\/ACwAAAAAAQABAAACADs=\" data-wp-bind--hidden=\"context.image\" \/>\n\t\t\t\t\t\t\t\t<\/figure>\n\t\t\t\t\t\t\t<\/template>\n\t\t\t\t\t\t<\/div>\n\t\t\t\t\t<\/div>\n\t\t\t\t<\/template><\/div><form action='https:\/\/wp.ufpel.edu.br\/artenosul\/2024\/12\/05\/ii-recital-de-piano-para-amigas-e-amigos-com-virginia-mello-alves\/'\n\t\t\t\tid='jp-form-af94a556b16759e79b7b86330905eb66ee9c69aa'\n\t\t\t\tmethod='post'\n\t\t\t\tclass='contact-form commentsblock' aria-label=\"&quot;II Recital de Piano para Amigas e Amigos&quot; com Virg\u00ednia Mello Alves\"\n\t\t\t\tdata-wp-on--submit=\"actions.onFormSubmit\"\n\t\t\t\tdata-wp-on--reset=\"actions.onFormReset\"\n\t\t\t\tdata-wp-class--submission-success=\"context.submissionSuccess\"\n\t\t\t\tdata-wp-class--is-first-step=\"state.isFirstStep\"\n\t\t\t\tdata-wp-class--is-last-step=\"state.isLastStep\"\n\t\t\t\tdata-wp-class--is-ajax-form=\"context.useAjax\"\n\t\t\t\tnovalidate >\n<input type='hidden' name='jetpack_contact_form_jwt' value='eyJ0eXAiOiJKV1QiLCJhbGciOiJIUzI1NiJ9.eyJlbmNyeXB0ZWRfYXR0cmlidXRlcyI6ImdteEZDbnFOYVNGSzRoQzJ2c1FPYzhHYXdnRURpdUlHZjVUbEZsTDJKVDZXZHZHVitjK3QvRVp1VWVObkZDNkdxMXdHNkhvYnNuU3V1a0JuaHVJQ2ZTWHE4MHc1NFZqVWR5VjdpeFlEYllOZTJQby95aFRmdTBnRlRQanczTm0zdU1kMm40UmVROTJWWlh4bG5wUkJZQWx5cWlSRDdWZ2ZNb3ZIQ3U3SE05QXFMRzJEZk9ibjNnKzY1cUM2cERtT25jWFRLZFFjWE05OWVoRFJMNUVsR1Vkb3NXVFJJeXVYS0YrNHExdmNMbzl2SVAvRUs2WVptcHc3NytRSlpzaCtzTDhGUTV4SHJqTEYrbHQwV1VWS1VBNHREVi9UMDNUaU1CUTZRL2R1SFdSbTIvRDN0M0s2OGl1OEdrUU9xUTVmNVJtLy9IdFFSdFRUMHRMSEs4L1lMbGZmdWl5NE1UMW1YelRuYWZMZ2hwY05YeDJkZGNmYURyeVlweVpORVhiNE9XNDl1VHFPTHpEQ09lcWZ1K2FlL0ZUQVBSSW9KblU4Q1dOQll5Slgzam1jRUJidFBUeklLWkJBaTlvU1BQMDdhR1FjZFl6TlRBQkVSWThIbFJZN29iMW5MaHhsa2tFdDI3S2l2MGZaNWhINmRSZytZNFhqRERERXhxcHQ5V3gwa3o4V3FzT1QwQ29WbTdHSFExZ0Q5bXErRGkycVF1SEd4Qk1jdDR0L29KZDZ0SDl3a1c2VElxdmpwdG15dFQ1cml6YVUrbHcxdlhGYjcvUnNTWUo1Wm13ZWRFNWV3MWg1RjFwSnRmdnh6eVdqR0lkQnJTS0VpYWdWeXU5bTd1Q2NsZ1I0V3h5UzN6bUJPWGdyL20xWW5ZYzlyM3JqNDExWjNjL2pNZ1ZsbURibFlQTE1GU2tPZmpPN3JCOEo5MWcrTUk0M1ZqZkUrVmpHbmIxWS9YQjNUZ3phSENYMmNOZmdXNmg2dFFhTUM5OWhwb0t6Q0FMekszd2o3Yll5NjhycGtiN0lwVmdHVFFkUHZ1eS9sUFBUREw4NFk5YzlnSmZWelFhSDNOMmN3R2xDdGN4ekRoWnF2WG03K2orQkpHcjhucXM5dGJhLzVHUHUyTUNZbEswNzBIOEVZMXJNbGdFU2pmNWgvUGFUVGVldHhkUUZVSTVLaDRlOEo0QnY3dFpWMHR1MVFaS1R5K3FTVFJYNGJXbTlNYlZCZ1Z6RU9EZWw3dDFNUE5jaVJDWk1SMVlkSHR4emtJcmhXSGRqMDZWVW9nNzciLCJjb250ZW50IjoiW2NvbnRhY3QtZmllbGQgbGFiZWw9XCJOb21lXCIgdHlwZT1cIm5hbWVcIl1bY29udGFjdC1maWVsZCBsYWJlbD1cIkUtbWFpbFwiIHR5cGU9XCJlbWFpbFwiXVtjb250YWN0LWZpZWxkIGxhYmVsPVwiTWVuc2FnZW1cIiB0eXBlPVwidGV4dGFyZWFcIl0iLCJoYXNoIjoiYWY5NGE1NTZiMTY3NTllNzliN2I4NjMzMDkwNWViNjZlZTljNjlhYSIsInNvdXJjZSI6eyJlbnRyeV90aXRsZSI6Ilx1MjAxY0lJIFJlY2l0YWwgZGUgUGlhbm8gcGFyYSBBbWlnYXMgZSBBbWlnb3NcdTIwMWQgY29tIFZpcmdcdTAwZWRuaWEgTWVsbG8gQWx2ZXMiLCJlbnRyeV9wYWdlIjoxLCJzb3VyY2VfaWQiOjI3NTM3LCJzb3VyY2VfdHlwZSI6InNpbmdsZSIsInJlcXVlc3RfdXJsIjoiaHR0cHM6Ly93cC51ZnBlbC5lZHUuYnIvYXJ0ZW5vc3VsL3dwLWpzb24vd3AvdjIvcG9zdHMvMjc1MzcifSwidmVyc2lvbiI6MiwiY2lwaGVyIjoiYWVzLTI1Ni1nY20ifQ.ClP7bd0EXg8x2NuztUDiIOX7jR4Zls1qwNexb2RemJ0' \/>\n\n<div style=\"\"  data-wp-interactive=\"jetpack\/form\" data-wp-context='{\"fieldId\":\"g27537-nome\",\"fieldType\":\"name\",\"fieldLabel\":\"Nome\",\"fieldValue\":\"\",\"fieldPlaceholder\":\"\",\"fieldIsRequired\":\"\",\"fieldErrorMessage\":\"\",\"fieldExtra\":[],\"formHash\":\"af94a556b16759e79b7b86330905eb66ee9c69aa\"}'  class='grunion-field-name-wrap grunion-field-wrap'  data-wp-init='callbacks.initializeField' data-wp-on--jetpack-form-reset='callbacks.initializeField' >\n<label\n\t\t\t\tfor='g27537-nome' class=\"grunion-field-label name\" >Nome<\/label>\n<input\n\t\t\t\t\ttype='text'\n\t\t\t\t\tname='g27537-nome'\n\t\t\t\t\tid='g27537-nome'\n\t\t\t\t\tvalue=''\n\n\t\t\t\t\tdata-wp-bind--aria-invalid='state.fieldHasErrors'\n\t\t\t\t\tdata-wp-bind--value='state.getFieldValue'\n\t\t\t\t\taria-errormessage='g27537-nome-text-error-message'\n\t\t\t\t\tdata-wp-on--input='actions.onFieldChange'\n\t\t\t\t\tdata-wp-on--blur='actions.onFieldBlur'\n\t\t\t\t\tdata-wp-class--has-value='state.hasFieldValue'\n\n\t\t\t\t\tclass='name  grunion-field' \n\t\t\t\t\t \/>\n \n\t\t\t<div id=\"g27537-nome-text-error\" class=\"contact-form__input-error\" data-wp-class--has-errors=\"state.fieldHasErrors\">\n\t\t\t\t<span class=\"contact-form__warning-icon\">\n\t\t\t\t\t<svg width=\"16\" height=\"16\" viewBox=\"0 0 16 16\" fill=\"none\" xmlns=\"http:\/\/www.w3.org\/2000\/svg\">\n\t\t\t\t\t\t<path d=\"M8.50015 11.6402H7.50015V10.6402H8.50015V11.6402Z\" \/>\n\t\t\t\t\t\t<path d=\"M7.50015 9.64018H8.50015V6.30684H7.50015V9.64018Z\" \/>\n\t\t\t\t\t\t<path fill-rule=\"evenodd\" clip-rule=\"evenodd\" d=\"M6.98331 3.0947C7.42933 2.30177 8.57096 2.30177 9.01698 3.09469L13.8771 11.7349C14.3145 12.5126 13.7525 13.4735 12.8602 13.4735H3.14004C2.24774 13.4735 1.68575 12.5126 2.12321 11.7349L6.98331 3.0947ZM8.14541 3.58496C8.08169 3.47168 7.9186 3.47168 7.85488 3.58496L2.99478 12.2251C2.93229 12.3362 3.01257 12.4735 3.14004 12.4735H12.8602C12.9877 12.4735 13.068 12.3362 13.0055 12.2251L8.14541 3.58496Z\" \/>\n\t\t\t\t\t<\/svg>\n\t\t\t\t\t<span class=\"visually-hidden\">Aviso<\/span>\n\t\t\t\t<\/span>\n\t\t\t\t<span data-wp-text=\"state.errorMessage\" id=\"g27537-nome-text-error-message\" role=\"alert\" aria-live=\"assertive\"><\/span>\n\t\t\t<\/div> \n\t<\/div>\n\n<div style=\"\"  data-wp-interactive=\"jetpack\/form\" data-wp-context='{\"fieldId\":\"g27537-email\",\"fieldType\":\"email\",\"fieldLabel\":\"E-mail\",\"fieldValue\":\"\",\"fieldPlaceholder\":\"\",\"fieldIsRequired\":\"\",\"fieldErrorMessage\":\"\",\"fieldExtra\":[],\"formHash\":\"af94a556b16759e79b7b86330905eb66ee9c69aa\"}'  class='grunion-field-email-wrap grunion-field-wrap'  data-wp-init='callbacks.initializeField' data-wp-on--jetpack-form-reset='callbacks.initializeField' >\n<label\n\t\t\t\tfor='g27537-email' class=\"grunion-field-label email\" >E-mail<\/label>\n<input\n\t\t\t\t\ttype='email'\n\t\t\t\t\tname='g27537-email'\n\t\t\t\t\tid='g27537-email'\n\t\t\t\t\tvalue=''\n\n\t\t\t\t\tdata-wp-bind--aria-invalid='state.fieldHasErrors'\n\t\t\t\t\tdata-wp-bind--value='state.getFieldValue'\n\t\t\t\t\taria-errormessage='g27537-email-email-error-message'\n\t\t\t\t\tdata-wp-on--input='actions.onFieldChange'\n\t\t\t\t\tdata-wp-on--blur='actions.onFieldBlur'\n\t\t\t\t\tdata-wp-class--has-value='state.hasFieldValue'\n\n\t\t\t\t\tclass='email  grunion-field' \n\t\t\t\t\t \/>\n \n\t\t\t<div id=\"g27537-email-email-error\" class=\"contact-form__input-error\" data-wp-class--has-errors=\"state.fieldHasErrors\">\n\t\t\t\t<span class=\"contact-form__warning-icon\">\n\t\t\t\t\t<svg width=\"16\" height=\"16\" viewBox=\"0 0 16 16\" fill=\"none\" xmlns=\"http:\/\/www.w3.org\/2000\/svg\">\n\t\t\t\t\t\t<path d=\"M8.50015 11.6402H7.50015V10.6402H8.50015V11.6402Z\" \/>\n\t\t\t\t\t\t<path d=\"M7.50015 9.64018H8.50015V6.30684H7.50015V9.64018Z\" \/>\n\t\t\t\t\t\t<path fill-rule=\"evenodd\" clip-rule=\"evenodd\" d=\"M6.98331 3.0947C7.42933 2.30177 8.57096 2.30177 9.01698 3.09469L13.8771 11.7349C14.3145 12.5126 13.7525 13.4735 12.8602 13.4735H3.14004C2.24774 13.4735 1.68575 12.5126 2.12321 11.7349L6.98331 3.0947ZM8.14541 3.58496C8.08169 3.47168 7.9186 3.47168 7.85488 3.58496L2.99478 12.2251C2.93229 12.3362 3.01257 12.4735 3.14004 12.4735H12.8602C12.9877 12.4735 13.068 12.3362 13.0055 12.2251L8.14541 3.58496Z\" \/>\n\t\t\t\t\t<\/svg>\n\t\t\t\t\t<span class=\"visually-hidden\">Aviso<\/span>\n\t\t\t\t<\/span>\n\t\t\t\t<span data-wp-text=\"state.errorMessage\" id=\"g27537-email-email-error-message\" role=\"alert\" aria-live=\"assertive\"><\/span>\n\t\t\t<\/div> \n\t<\/div>\n\n<div style=\"\"  data-wp-interactive=\"jetpack\/form\" data-wp-context='{\"fieldId\":\"g27537-mensagem\",\"fieldType\":\"textarea\",\"fieldLabel\":\"Mensagem\",\"fieldValue\":\"\",\"fieldPlaceholder\":\"\",\"fieldIsRequired\":\"\",\"fieldErrorMessage\":\"\",\"fieldExtra\":[],\"formHash\":\"af94a556b16759e79b7b86330905eb66ee9c69aa\"}'  class='grunion-field-textarea-wrap grunion-field-wrap'  data-wp-init='callbacks.initializeField' data-wp-on--jetpack-form-reset='callbacks.initializeField' >\n<label\n\t\t\t\tfor='contact-form-comment-g27537-mensagem' class=\"grunion-field-label textarea\" >Mensagem<\/label>\n<textarea\n\t\t                style=''\n\t\t                name='g27537-mensagem'\n\t\t                id='contact-form-comment-g27537-mensagem'\n\t\t                rows='20'\n\t\t\t\t\t\tdata-wp-text='state.getFieldValue'\n\t\t\t\t\t\tdata-wp-on--input='actions.onFieldChange'\n\t\t\t\t\t\tdata-wp-on--blur='actions.onFieldBlur'\n\t\t\t\t\t\tdata-wp-class--has-value='state.hasFieldValue'\n\t\t\t\t\t\tdata-wp-bind--aria-invalid='state.fieldHasErrors'\n\t\t\t\t\t\taria-errormessage='g27537-mensagem-textarea-error-message'\n\t\t\t\t\t\tclass='textarea  grunion-field'  ><\/textarea>\n \n\t\t\t<div id=\"g27537-mensagem-textarea-error\" class=\"contact-form__input-error\" data-wp-class--has-errors=\"state.fieldHasErrors\">\n\t\t\t\t<span class=\"contact-form__warning-icon\">\n\t\t\t\t\t<svg width=\"16\" height=\"16\" viewBox=\"0 0 16 16\" fill=\"none\" xmlns=\"http:\/\/www.w3.org\/2000\/svg\">\n\t\t\t\t\t\t<path d=\"M8.50015 11.6402H7.50015V10.6402H8.50015V11.6402Z\" \/>\n\t\t\t\t\t\t<path d=\"M7.50015 9.64018H8.50015V6.30684H7.50015V9.64018Z\" \/>\n\t\t\t\t\t\t<path fill-rule=\"evenodd\" clip-rule=\"evenodd\" d=\"M6.98331 3.0947C7.42933 2.30177 8.57096 2.30177 9.01698 3.09469L13.8771 11.7349C14.3145 12.5126 13.7525 13.4735 12.8602 13.4735H3.14004C2.24774 13.4735 1.68575 12.5126 2.12321 11.7349L6.98331 3.0947ZM8.14541 3.58496C8.08169 3.47168 7.9186 3.47168 7.85488 3.58496L2.99478 12.2251C2.93229 12.3362 3.01257 12.4735 3.14004 12.4735H12.8602C12.9877 12.4735 13.068 12.3362 13.0055 12.2251L8.14541 3.58496Z\" \/>\n\t\t\t\t\t<\/svg>\n\t\t\t\t\t<span class=\"visually-hidden\">Aviso<\/span>\n\t\t\t\t<\/span>\n\t\t\t\t<span data-wp-text=\"state.errorMessage\" id=\"g27537-mensagem-textarea-error-message\" role=\"alert\" aria-live=\"assertive\"><\/span>\n\t\t\t<\/div>\n\t<\/div>\n\t<p class='contact-submit'>\n<div class=\"contact-form__error\" data-wp-class--show-errors=\"state.showFormErrors\"><span class=\"contact-form__warning-icon\"><span class=\"visually-hidden\">Aten\u00e7\u00e3o.<\/span><i aria-hidden=\"true\"><\/i><\/span>\n\t\t\t\t<span data-wp-text=\"state.getFormErrorMessage\"><\/span>\n\t\t\t\t<ul>\n\t\t\t\t<template data-wp-each=\"state.getErrorList\" data-wp-key=\"context.item.id\">\n\t\t\t\t\t<li><a data-wp-bind--href=\"context.item.anchor\" data-wp-on--click=\"actions.scrollIntoView\" data-wp-text=\"context.item.label\"><\/a><\/li>\n\t\t\t\t<\/template>\n\t\t\t\t<\/ul><\/div><div class=\"contact-form__error\" data-wp-class--show-errors=\"state.showSubmissionError\" data-wp-text=\"context.submissionError\"><\/div>\t\t<button type='submit' class='pushbutton-wide'>Enviar<\/button>\t\t<input type='hidden' name='contact-form-id' value='27537' \/>\n\t\t<input type='hidden' name='action' value='grunion-contact-form' \/>\n\t\t<input type='hidden' name='contact-form-hash' value='af94a556b16759e79b7b86330905eb66ee9c69aa' \/>\n\t<\/p>\n<p style=\"display: none !important;\" class=\"akismet-fields-container\" data-prefix=\"ak_\"><label>&#916;<textarea name=\"ak_hp_textarea\" cols=\"45\" rows=\"8\" maxlength=\"100\"><\/textarea><\/label><input type=\"hidden\" id=\"ak_js_1\" name=\"ak_js\" value=\"56\"\/><script>document.getElementById( \"ak_js_1\" ).setAttribute( \"value\", ( new Date() ).getTime() );<\/script><\/p><\/form>\n<\/div>\n","protected":false},"excerpt":{"rendered":"<p>Al\u00e9m do seu compositor preferido Ludovico Einaudi, repert\u00f3rio da apresenta\u00e7\u00e3o nesta sexta, dia 6 de dezembro, traz composi\u00e7\u00f5es cl\u00e1ssicas, m\u00fasicas populares e trilhas sonoras\u00a0 \u00a0 \u00a0 \u00a0 Por Paulo Pereira da Silva\u00a0 \u00a0 \u00a0 \u00a0\u00a0 &nbsp; Do retorno \u00e0 pr\u00e1tica de pianista durante o longo per\u00edodo de isolamento, na pandemia, despertou a musicalidade adormecida desde &hellip; <\/p>\n<p><a class=\"more-link btn\" href=\"https:\/\/wp.ufpel.edu.br\/artenosul\/2024\/12\/05\/ii-recital-de-piano-para-amigas-e-amigos-com-virginia-mello-alves\/\">Continue lendo<\/a><\/p>\n","protected":false},"author":571,"featured_media":27545,"comment_status":"closed","ping_status":"closed","sticky":false,"template":"","format":"standard","meta":{"jetpack_post_was_ever_published":false,"_jetpack_newsletter_access":"","_jetpack_dont_email_post_to_subs":false,"_jetpack_newsletter_tier_id":0,"_jetpack_memberships_contains_paywalled_content":false,"_jetpack_memberships_contains_paid_content":false,"footnotes":"","jetpack_publicize_message":"","jetpack_publicize_feature_enabled":true,"jetpack_social_post_already_shared":true,"jetpack_social_options":{"image_generator_settings":{"template":"highway","default_image_id":0,"font":"","enabled":false},"version":2}},"categories":[88,6,1],"tags":[2382,2383,7,2381,723,1972,1975],"class_list":["post-27537","post","type-post","status-publish","format-standard","has-post-thumbnail","hentry","category-comunidade","category-musica","category-noticias","tag-astronomia","tag-ludovico-eunaudi","tag-musica","tag-paulo-pereira-da-silva","tag-piano","tag-recital","tag-virginia-mello-alves","nodate","item-wrap"],"jetpack_publicize_connections":[],"jetpack_featured_media_url":"https:\/\/wp.ufpel.edu.br\/artenosul\/files\/2024\/12\/Imagem5.jpg","jetpack_sharing_enabled":true,"jetpack_likes_enabled":true,"jetpack_shortlink":"https:\/\/wp.me\/p6PuxQ-7a9","jetpack-related-posts":[{"id":26032,"url":"https:\/\/wp.ufpel.edu.br\/artenosul\/2023\/11\/28\/recital-de-piano-para-amigas-e-amigos\/","url_meta":{"origin":27537,"position":0},"title":"Recital de Piano para Amigas e Amigos","author":"artenosul","date":"28 de novembro de 2023","format":false,"excerpt":"A professora e pianista Virg\u00ednia Mello Alves apresenta um repert\u00f3rio com m\u00fasicas cl\u00e1ssicas e populares nesta quinta-feira em Pelotas Em apresenta\u00e7\u00e3o especial para convidados, a pianista Virg\u00ednia Mello Alves apresenta o Recital para Amigas e Amigos, nesta quinta-feira, dia 30 de novembro, \u00e0s 20h, no Conservat\u00f3rio de M\u00fasica da UFPel.\u2026","rel":"","context":"Em &quot;M\u00daSICA&quot;","block_context":{"text":"M\u00daSICA","link":"https:\/\/wp.ufpel.edu.br\/artenosul\/category\/musica\/"},"img":{"alt_text":"","src":"https:\/\/i0.wp.com\/wp.ufpel.edu.br\/artenosul\/files\/2023\/11\/mulher-tocando-piano.jpg?resize=350%2C200&ssl=1","width":350,"height":200,"srcset":"https:\/\/i0.wp.com\/wp.ufpel.edu.br\/artenosul\/files\/2023\/11\/mulher-tocando-piano.jpg?resize=350%2C200&ssl=1 1x, https:\/\/i0.wp.com\/wp.ufpel.edu.br\/artenosul\/files\/2023\/11\/mulher-tocando-piano.jpg?resize=525%2C300&ssl=1 1.5x, https:\/\/i0.wp.com\/wp.ufpel.edu.br\/artenosul\/files\/2023\/11\/mulher-tocando-piano.jpg?resize=700%2C400&ssl=1 2x, https:\/\/i0.wp.com\/wp.ufpel.edu.br\/artenosul\/files\/2023\/11\/mulher-tocando-piano.jpg?resize=1050%2C600&ssl=1 3x, https:\/\/i0.wp.com\/wp.ufpel.edu.br\/artenosul\/files\/2023\/11\/mulher-tocando-piano.jpg?resize=1400%2C800&ssl=1 4x"},"classes":[]},{"id":26238,"url":"https:\/\/wp.ufpel.edu.br\/artenosul\/2024\/01\/13\/12a-edicao-do-festival-internacional-sesc-de-musica-inicia-segunda-em-pelotas\/","url_meta":{"origin":27537,"position":1},"title":"12\u00aa edi\u00e7\u00e3o do Festival Internacional Sesc de M\u00fasica inicia segunda em Pelotas  \u00a0","author":"artenosul","date":"13 de janeiro de 2024","format":false,"excerpt":"Evento movimentar\u00e1 v\u00e1rias partes da cidade com a previs\u00e3o de 63 apresenta\u00e7\u00f5es musicais\u00a0 \u00a0 \u00a0\u00a0 Por Let\u00edcia Vieira\u00a0 \u00a0 \u00a0 \u00a0 \u00a0 \u00a0 Considerado um dos maiores eventos de m\u00fasica de concerto da Am\u00e9rica Latina, a 12\u00aa edi\u00e7\u00e3o do Festival Internacional Sesc de M\u00fasica ocorre em Pelotas a partir desta\u2026","rel":"","context":"Em &quot;COMUNIDADE&quot;","block_context":{"text":"COMUNIDADE","link":"https:\/\/wp.ufpel.edu.br\/artenosul\/category\/comunidade\/"},"img":{"alt_text":"","src":"https:\/\/i0.wp.com\/wp.ufpel.edu.br\/artenosul\/files\/2024\/01\/c2f74a3a89e947daa637d116f404e24d.jpg?resize=350%2C200&ssl=1","width":350,"height":200,"srcset":"https:\/\/i0.wp.com\/wp.ufpel.edu.br\/artenosul\/files\/2024\/01\/c2f74a3a89e947daa637d116f404e24d.jpg?resize=350%2C200&ssl=1 1x, https:\/\/i0.wp.com\/wp.ufpel.edu.br\/artenosul\/files\/2024\/01\/c2f74a3a89e947daa637d116f404e24d.jpg?resize=525%2C300&ssl=1 1.5x, https:\/\/i0.wp.com\/wp.ufpel.edu.br\/artenosul\/files\/2024\/01\/c2f74a3a89e947daa637d116f404e24d.jpg?resize=700%2C400&ssl=1 2x"},"classes":[]},{"id":27752,"url":"https:\/\/wp.ufpel.edu.br\/artenosul\/2025\/01\/14\/13a-edicao-do-festival-internacional-sesc-de-musica-comeca-na-proxima-segunda-feira-em-pelotas\/","url_meta":{"origin":27537,"position":2},"title":"13\u00aa edi\u00e7\u00e3o do Festival Internacional Sesc de M\u00fasica come\u00e7a na pr\u00f3xima segunda-feira em Pelotas","author":"artenosul","date":"14 de janeiro de 2025","format":false,"excerpt":"A partir de 20 de janeiro, ocorrem apresenta\u00e7\u00f5es de orquestras em v\u00e1rias partes da cidade por mais de dez dias\u00a0 \u00a0 \u00a0 Por Carolina Soares\u00a0 \u00a0 \u00a0 \u00a0 \u00a0 \u00a0 Com o tema \u201cViva a m\u00fasica que pulsa em voc\u00ea\u201d, o 13\u00ba Festival Internacional Sesc de M\u00fasica \u00e9 um dos\u2026","rel":"","context":"Em &quot;M\u00daSICA&quot;","block_context":{"text":"M\u00daSICA","link":"https:\/\/wp.ufpel.edu.br\/artenosul\/category\/musica\/"},"img":{"alt_text":"","src":"https:\/\/i0.wp.com\/wp.ufpel.edu.br\/artenosul\/files\/2025\/01\/53480057286_bb74ac73a4_c.jpg?resize=350%2C200&ssl=1","width":350,"height":200,"srcset":"https:\/\/i0.wp.com\/wp.ufpel.edu.br\/artenosul\/files\/2025\/01\/53480057286_bb74ac73a4_c.jpg?resize=350%2C200&ssl=1 1x, https:\/\/i0.wp.com\/wp.ufpel.edu.br\/artenosul\/files\/2025\/01\/53480057286_bb74ac73a4_c.jpg?resize=525%2C300&ssl=1 1.5x, https:\/\/i0.wp.com\/wp.ufpel.edu.br\/artenosul\/files\/2025\/01\/53480057286_bb74ac73a4_c.jpg?resize=700%2C400&ssl=1 2x"},"classes":[]},{"id":6931,"url":"https:\/\/wp.ufpel.edu.br\/artenosul\/2017\/07\/22\/solon-silva-e-banda-talento-local-na-fenadoce\/","url_meta":{"origin":27537,"position":3},"title":"Solon Silva e Banda: Talento local na Fenadoce","author":"artenosul","date":"22 de julho de 2017","format":false,"excerpt":"\u00a0 \u00a0 Julia Mello dos Santos \u00a0 \u00a0 \u00a0Todo ano, a Fenadoce (Feira Nacional do Doce) abre suas portas ao p\u00fablico para mostrar um pouco do que Pelotas tem de bom em gastronomia e cultura local. Os j\u00e1 famosos doces pelotenses atraem visitantes de todo o Estado. Na edi\u00e7\u00e3o de\u2026","rel":"","context":"Em &quot;M\u00daSICA&quot;","block_context":{"text":"M\u00daSICA","link":"https:\/\/wp.ufpel.edu.br\/artenosul\/category\/musica\/"},"img":{"alt_text":"","src":"https:\/\/i0.wp.com\/wp.ufpel.edu.br\/artenosul\/files\/2017\/07\/solon-e-banda.jpg?resize=350%2C200&ssl=1","width":350,"height":200,"srcset":"https:\/\/i0.wp.com\/wp.ufpel.edu.br\/artenosul\/files\/2017\/07\/solon-e-banda.jpg?resize=350%2C200&ssl=1 1x, https:\/\/i0.wp.com\/wp.ufpel.edu.br\/artenosul\/files\/2017\/07\/solon-e-banda.jpg?resize=525%2C300&ssl=1 1.5x, https:\/\/i0.wp.com\/wp.ufpel.edu.br\/artenosul\/files\/2017\/07\/solon-e-banda.jpg?resize=700%2C400&ssl=1 2x, https:\/\/i0.wp.com\/wp.ufpel.edu.br\/artenosul\/files\/2017\/07\/solon-e-banda.jpg?resize=1050%2C600&ssl=1 3x, https:\/\/i0.wp.com\/wp.ufpel.edu.br\/artenosul\/files\/2017\/07\/solon-e-banda.jpg?resize=1400%2C800&ssl=1 4x"},"classes":[]},{"id":7267,"url":"https:\/\/wp.ufpel.edu.br\/artenosul\/2017\/08\/18\/critica-o-filme-da-minha-vida\/","url_meta":{"origin":27537,"position":4},"title":"Cr\u00edtica: \u201cO Filme da Minha Vida\u201d","author":"artenosul","date":"18 de agosto de 2017","format":false,"excerpt":"\u00a0 Matheus Pereira \u00a0\u00a0\u00a0\u00a0 O jovem Tony sempre via o in\u00edcio e o final dos filmes. O in\u00edcio pra entender a hist\u00f3ria e o fim porque o fim sempre \u00e9 bonito. Com o tempo, entretanto, ele aprendeu que o meio \u00e9 t\u00e3o importante quanto o in\u00edcio e o final juntos,\u2026","rel":"","context":"Em &quot;CINEMA&quot;","block_context":{"text":"CINEMA","link":"https:\/\/wp.ufpel.edu.br\/artenosul\/category\/cinema\/"},"img":{"alt_text":"","src":"https:\/\/i0.wp.com\/wp.ufpel.edu.br\/artenosul\/files\/2017\/08\/o-filme-da-minha-vida-bruna-linzmeyer.jpg?resize=350%2C200&ssl=1","width":350,"height":200,"srcset":"https:\/\/i0.wp.com\/wp.ufpel.edu.br\/artenosul\/files\/2017\/08\/o-filme-da-minha-vida-bruna-linzmeyer.jpg?resize=350%2C200&ssl=1 1x, https:\/\/i0.wp.com\/wp.ufpel.edu.br\/artenosul\/files\/2017\/08\/o-filme-da-minha-vida-bruna-linzmeyer.jpg?resize=525%2C300&ssl=1 1.5x, https:\/\/i0.wp.com\/wp.ufpel.edu.br\/artenosul\/files\/2017\/08\/o-filme-da-minha-vida-bruna-linzmeyer.jpg?resize=700%2C400&ssl=1 2x"},"classes":[]},{"id":5123,"url":"https:\/\/wp.ufpel.edu.br\/artenosul\/2017\/03\/23\/destaque-a-musica-autoral\/","url_meta":{"origin":27537,"position":5},"title":"Destaque \u00e0 m\u00fasica autoral","author":"artenosul","date":"23 de mar\u00e7o de 2017","format":false,"excerpt":"\u00a0 Reportagem de Anah\u00ed Silveira e Larissa Patines \u2013 Mostra A Vapor apresenta novos compositores s\u00e1bado e domingo, a partir das 15h, na esplanada do Theatro Sete de Abril em Pelotas - \u00a0 \u00a0 \u00a0 \u00a0Indiferen\u00e7a. Por muitas vezes, esse \u00e9 o obst\u00e1culo para aqueles que se mant\u00eam na m\u00fasica\u2026","rel":"","context":"Em &quot;M\u00daSICA&quot;","block_context":{"text":"M\u00daSICA","link":"https:\/\/wp.ufpel.edu.br\/artenosul\/category\/musica\/"},"img":{"alt_text":"","src":"https:\/\/i0.wp.com\/wp.ufpel.edu.br\/artenosul\/files\/2017\/03\/Anahi2b-e1499518932268.jpg?resize=350%2C200&ssl=1","width":350,"height":200},"classes":[]}],"_links":{"self":[{"href":"https:\/\/wp.ufpel.edu.br\/artenosul\/wp-json\/wp\/v2\/posts\/27537","targetHints":{"allow":["GET"]}}],"collection":[{"href":"https:\/\/wp.ufpel.edu.br\/artenosul\/wp-json\/wp\/v2\/posts"}],"about":[{"href":"https:\/\/wp.ufpel.edu.br\/artenosul\/wp-json\/wp\/v2\/types\/post"}],"author":[{"embeddable":true,"href":"https:\/\/wp.ufpel.edu.br\/artenosul\/wp-json\/wp\/v2\/users\/571"}],"replies":[{"embeddable":true,"href":"https:\/\/wp.ufpel.edu.br\/artenosul\/wp-json\/wp\/v2\/comments?post=27537"}],"version-history":[{"count":6,"href":"https:\/\/wp.ufpel.edu.br\/artenosul\/wp-json\/wp\/v2\/posts\/27537\/revisions"}],"predecessor-version":[{"id":27549,"href":"https:\/\/wp.ufpel.edu.br\/artenosul\/wp-json\/wp\/v2\/posts\/27537\/revisions\/27549"}],"wp:featuredmedia":[{"embeddable":true,"href":"https:\/\/wp.ufpel.edu.br\/artenosul\/wp-json\/wp\/v2\/media\/27545"}],"wp:attachment":[{"href":"https:\/\/wp.ufpel.edu.br\/artenosul\/wp-json\/wp\/v2\/media?parent=27537"}],"wp:term":[{"taxonomy":"category","embeddable":true,"href":"https:\/\/wp.ufpel.edu.br\/artenosul\/wp-json\/wp\/v2\/categories?post=27537"},{"taxonomy":"post_tag","embeddable":true,"href":"https:\/\/wp.ufpel.edu.br\/artenosul\/wp-json\/wp\/v2\/tags?post=27537"}],"curies":[{"name":"wp","href":"https:\/\/api.w.org\/{rel}","templated":true}]}}