{"id":2722,"date":"2016-06-02T11:57:10","date_gmt":"2016-06-02T14:57:10","guid":{"rendered":"https:\/\/wp.ufpel.edu.br\/artenosul\/?p=2722"},"modified":"2017-07-07T21:00:06","modified_gmt":"2017-07-08T00:00:06","slug":"rio-grande-tem-novo-espaco-cultural","status":"publish","type":"post","link":"https:\/\/wp.ufpel.edu.br\/artenosul\/2016\/06\/02\/rio-grande-tem-novo-espaco-cultural\/","title":{"rendered":"Rio Grande tem novo espa\u00e7o cultural"},"content":{"rendered":"<h3 style=\"text-align: justify\"><strong><span style=\"color: #993300\">&#8211; Reportagem de Etienne de Castro Farias &#8211;<\/span><\/strong><\/h3>\n<h3 style=\"text-align: justify\"><strong><span style=\"color: #993300\">A cantora Luciana Lima criou um local para artistas debaterem e trocarem ideias &#8211;<\/span><\/strong><\/h3>\n<h4 style=\"text-align: justify\">A cidade do Rio Grande tem atualmente 200 mil habitantes e \u00e9 considerada o ber\u00e7o de muitos artistas independentes. No entanto, h\u00e1 alguns anos n\u00e3o havia manifesta\u00e7\u00e3o cultural por parte daqueles que t\u00eam o papel de fazer a arte ser sentida, respirada e vivida em uma cidade.<\/h4>\n<h4 style=\"text-align: justify\">Em fevereiro de 2015, a cantora e compositora Luciana Lima alugou uma casa para que que os artistas locais tivessem um espa\u00e7o para debater e trocar ideias sobre a cultura em geral. Por estar inserida na parte da m\u00fasica, houve uma dificuldade inicial de reunir os artistas das mais diversas \u00e1reas. Foi ent\u00e3o que nasceu o projeto Arte na Pra\u00e7a, evento que ocorre aos finais de semana, com data previamente marcada, e \u00e9 aberto para todo e qualquer artista que queira expor o seu trabalho. Al\u00e9m de abrir horizontes para os talentos locais, o evento cumpre o seu objetivo ao se tornar um evento p\u00fablico e com autonomia total, no qual a troca de conhecimentos \u00e9 o grande fil\u00e3o.<\/h4>\n<p>&nbsp;<\/p>\n<div id=\"attachment_2724\" style=\"width: 249px\" class=\"wp-caption alignleft\"><img loading=\"lazy\" decoding=\"async\" aria-describedby=\"caption-attachment-2724\" class=\" wp-image-2724\" src=\"https:\/\/wp.ufpel.edu.br\/artenosul\/files\/2016\/06\/Etienne-202x318.jpg\" alt=\"Wesley Conrado e Luciana Lima coordenam o projeto cultural\" width=\"249\" height=\"392\" srcset=\"https:\/\/wp.ufpel.edu.br\/artenosul\/files\/2016\/06\/Etienne-202x318.jpg 202w, https:\/\/wp.ufpel.edu.br\/artenosul\/files\/2016\/06\/Etienne-101x159.jpg 101w, https:\/\/wp.ufpel.edu.br\/artenosul\/files\/2016\/06\/Etienne.jpg 220w\" sizes=\"auto, (max-width: 249px) 100vw, 249px\" \/><p id=\"caption-attachment-2724\" class=\"wp-caption-text\"><span style=\"color: #993300\"><strong>Wesley Conrado e Luciana Lima coordenam o projeto voltado \u00e0s artes e atividades culturais<\/strong><\/span><\/p><\/div>\n<p>Foi realizando estes eventos que Luciana conheceu e se aproximou de outros artistas rio-grandinos, isto era o que ela precisava para idealizar o projeto Clube do Autoconhecimento, na Casa das Primaveras &#8211; como \u00e9 carinhosamente chamada pelos frequentadores.Foram nestes eventos que Luciana ganhou um grande parceiro para tirar a ideia da cabe\u00e7a e coloc\u00e1-los na pr\u00e1tica, Wesley Conrado. Os dois j\u00e1 se conheciam e tinham pensamentos muito parecidos, o que facilitou o conv\u00edvio e a execu\u00e7\u00e3o do projeto.<\/p>\n<p><span style=\"color: #993300\"><strong>O Clube do Autoconhecimento \u00a0<\/strong><\/span><\/p>\n<p>Segundo a respons\u00e1vel pelo Clube, ele nasceu atrav\u00e9s das inquieta\u00e7\u00f5es pessoais sobre como melhorar o mundo, no entanto, foi percebido que o necess\u00e1rio era fazer uma mudan\u00e7a interna, mas como realizar essa mudan\u00e7a de h\u00e1bitos t\u00e3o enraizados? Nada melhor do que ter como base para se autoconhecer a arte e a cultura e buscar outras pessoas que tamb\u00e9m estejam atr\u00e1s desta mudan\u00e7a.<\/p>\n<h4 style=\"text-align: justify\">O Clube conta atualmente com 25 associados, que pagam um valor \u00fanico de R$ 50,00 e t\u00eam desconto nas oficinas e acesso \u00e0 biblioteca da Casa das Primaveras. Entre os cursos e palestras disponibilizados por diversos artistas, mediante fechamento de turma, est\u00e3o: compostagem, vegetarianismo \u2013 pela sa\u00fade, pelos animais e pelo planeta; gastronomia vegetariana, canto terapia, improviso teatral, desenvolvimento do senso corporal, desenvolvendo seu potencial \u2013 <em>clownesco<\/em> (linguagem dos palha\u00e7os), desmascarando EU \u2013 Duke de Orleans (oficina de confec\u00e7\u00e3o de m\u00e1scaras de cer\u00e2mica), cria\u00e7\u00e3o de poesia, medita\u00e7\u00e3o sonora, <em>street art<\/em>, yoga, estudos budistas, confec\u00e7\u00e3o de mandalas, filtro dos sonhos e olho da deusa.<\/h4>\n<h4 style=\"text-align: justify\">A joia do Clube \u00e9 uma semente de dente de le\u00e3o, planta que tem as suas sementes espalhadas com o vento, e a ideia \u00e9 exatamente essa. \u201cTu vens, participas da oficina e podes levar isso para a tua casa, para os teus amigos, tu te transformas em uma semente de dente de le\u00e3o e tu vais espalhar essas ideias por onde tu andares tamb\u00e9m. Se tu fores um solo f\u00e9rtil, tu vais gerar mais sementes\u201d, explica Luciana. A casa fica aberta das 10h \u00e0s 21h e qualquer pessoa, de qualquer idade, pode associar-se.<\/h4>\n<h4 style=\"text-align: justify\">O projeto do Clube do Autoconhecimento foi encaminhado \u00e0 Secretaria Municipal de Educa\u00e7\u00e3o, com o objetivo de levar esta experi\u00eancia aos professores da rede p\u00fablica e dissemin\u00e1-la entre os estudantes. No entanto, houve uma troca de comando do \u00f3rg\u00e3o municipal, o que dificultou o andamento do projeto, portanto, at\u00e9 o fechamento da mat\u00e9ria, o grupo n\u00e3o tinha uma resposta sobre a proposta.<\/h4>\n<h4 style=\"text-align: justify\">Al\u00e9m disso, o projeto tamb\u00e9m foi encaminhado \u00e0 Secretaria de Cidadania e Assist\u00eancia Social. A ideia segundo Wesley, \u00e9 de que o clube funcione de forma itinerante dentro dos cinco Centros de Refer\u00eancia de Assist\u00eancia Social (CRAS), de Rio Grande, e da ala feminina da Penitenci\u00e1ria Estadual do Rio Grande (PERG). \u201cO Clube n\u00e3o \u00e9 necessariamente a casa, e sim a ideia em si, ele pode ir pra qualquer lugar, ele pode ir pra onde a pessoa que tem o conhecimento quiser levar\u201d, afirmou Conrado.<\/h4>\n<h4 style=\"text-align: justify\">Quem quiser conhecer um pouco mais sobre o clube pode visit\u00e1-lo em Rio Grande, na Rua Andradas, 395, ou ainda pode visitar a<strong> <span style=\"color: #993300\"><a style=\"color: #993300\" href=\"https:\/\/www.facebook.com\/groups\/clubedoautoconhecimeto\/?fref=ts\" target=\"_blank\" rel=\"noopener\"><em>fanpage<\/em> no Facebook<\/a>.<\/span><\/strong><\/h4>\n<h4 style=\"text-align: justify\"><a href=\"https:\/\/wp.ufpel.edu.br\/artenosul\"><strong><span style=\"color: #993300\">PRIMEIRA P\u00c1GINA<\/span><\/strong><\/a><\/h4>\n<p style=\"text-align: justify\"><div data-test='contact-form'\n\t\t\tid='contact-form-2722'\n\t\t\tclass='wp-block-jetpack-contact-form-container '\n\t\t\tdata-wp-interactive='jetpack\/form' data-wp-context='{\"formId\":\"2722\",\"formHash\":\"51dc6ce986ee98d6d1fe582c47d5929d600a0ad8\",\"showErrors\":false,\"errors\":[],\"fields\":[],\"isMultiStep\":false,\"useAjax\":true,\"submissionData\":null,\"formattedSubmissionData\":[],\"submissionSuccess\":false,\"submissionError\":null,\"elementId\":\"jp-form-51dc6ce986ee98d6d1fe582c47d5929d600a0ad8\",\"isSingleInputForm\":false}'\n\t\t\tdata-wp-watch--scroll-to-wrapper=\"callbacks.scrollToWrapper\"\n\t\t>\n<div class=\"contact-form-submission contact-form-ajax-submission\" data-wp-class--submission-success=\"context.submissionSuccess\"><p class=\"go-back-message\"><a class=\"link\" role=\"button\" tabindex=\"0\" data-wp-on--click=\"actions.goBack\" href=\"\/artenosul\/wp-json\/wp\/v2\/posts\/2722\">Voltar<\/a><\/p><h4 id=\"contact-form-success-header\">Sua mensagem foi enviada<\/h4>\n\n<template data-wp-each--submission=\"context.formattedSubmissionData\">\n\t\t\t\t\t<div class=\"jetpack_forms_contact-form-success-summary\">\n\t\t\t\t\t\t<div class=\"field-name\" data-wp-text=\"context.submission.label\" data-wp-bind--hidden=\"!context.submission.label\"><\/div>\n\t\t\t\t\t\t<div class=\"field-value\" data-wp-text=\"context.submission.value\"><\/div>\n\t\t\t\t\t\t<div class=\"field-images\" data-wp-bind--hidden=\"!context.submission.images\">\n\t\t\t\t\t\t\t<template data-wp-each--image=\"context.submission.images\">\n\t\t\t\t\t\t\t\t<figure class=\"field-image\" data-wp-class--is-empty=\"!context.image\">\n\t\t\t\t\t\t\t\t\t<img data-wp-bind--src=\"context.image\" data-wp-bind--hidden=\"!context.image\" \/>\n\t\t\t\t\t\t\t\t\t<img decoding=\"async\" src=\"data:image\/gif;base64,R0lGODlhAQABAAD\/ACwAAAAAAQABAAACADs=\" data-wp-bind--hidden=\"context.image\" \/>\n\t\t\t\t\t\t\t\t<\/figure>\n\t\t\t\t\t\t\t<\/template>\n\t\t\t\t\t\t<\/div>\n\t\t\t\t\t<\/div>\n\t\t\t\t<\/template><\/div><form action='https:\/\/wp.ufpel.edu.br\/artenosul\/2016\/06\/02\/rio-grande-tem-novo-espaco-cultural\/'\n\t\t\t\tid='jp-form-51dc6ce986ee98d6d1fe582c47d5929d600a0ad8'\n\t\t\t\tmethod='post'\n\t\t\t\tclass='contact-form commentsblock' aria-label=\"Rio Grande tem novo espa\u00e7o cultural\"\n\t\t\t\tdata-wp-on--submit=\"actions.onFormSubmit\"\n\t\t\t\tdata-wp-on--reset=\"actions.onFormReset\"\n\t\t\t\tdata-wp-class--submission-success=\"context.submissionSuccess\"\n\t\t\t\tdata-wp-class--is-first-step=\"state.isFirstStep\"\n\t\t\t\tdata-wp-class--is-last-step=\"state.isLastStep\"\n\t\t\t\tdata-wp-class--is-ajax-form=\"context.useAjax\"\n\t\t\t\tnovalidate >\n<input type='hidden' name='jetpack_contact_form_jwt' value='eyJ0eXAiOiJKV1QiLCJhbGciOiJIUzI1NiJ9.eyJlbmNyeXB0ZWRfYXR0cmlidXRlcyI6InJncTU4dEIvL3hNekZOd0g0SFNWZUZnRm10akcrdnVyaXl4MVdNWXFTdG0wL0lGa2JyTVdZYndIcEpDeEtsdjBSZ2NiMDk5cVZYcmlsZm5HM1g1ZUdFRUhVdEdNdE9xKyt0TGJUNEx3K2ljNkZjTmh2ZkxaZFgyaVVLSzBBMmw0K244bUV6eHRSTkFKRE9nRERjeFhzc0Y4dTlhYjI1enNQZ3d5OHFDWXl1RzZuelFsYVBjZnBRV2xkZFNMRlJ3Yi9tOVNzYU44aVgyd1E0R1dXeEU2T21BcUxXR2JEZHlGaDgwUkx3MUl4THhVcHFDTGJRTXFoQnlJcXRIcUd6d2xmWmtCc1F6Mm5LaFVxMTFFaXA3d2E5L3cxQjByN3lURjNPNS9md3dGUStUdVd6RzVIQlVMdWlVSFIvclJlekdncFhQZmFzTmRBbWxmSzBoWE1QbGo5ZWlUVHgvdWwrdDNZdG5NUWN2YjFpbUQvajdzQ05rdUNXb1MxZjNWWitId2thUTloTXJrVDZ5Vjl1eC81WU9XWSttZDg1enlrK0hYK1VZcW9BVkk1Y3JsbEFVa0M3eVpiNGVlbzBiTU1qMEpBMGp6aFNJcU1uaXlRQjBBOEtIZGdKNGU3Wnl5dDRGY2VhRUNJd3NWRjNHanFxMDJWZFBWY3Z4ZW1vTDFUcVpzbXdBaGtUQ2hpYlI3cktEZVgwc2t6WHo4TEdJNUxCdjVpMEc4UEJib21vV2Y2Y09oWU95WVYwbjZ5TTdRSGtPc2tEbVl1aDZENWNxWXVWaUNncGFVRENtN3pvUndPT0Z2dTl4SHNBWHg2c25nQVdBTGdMbHlIVm1yN2RLWWgwd0NHS2k5WDlBUDEyazVzMWhsMWVrS3JyQThvTHVaYlV3cFYvSTZoVXRCN2ZDb1RGY3hyOWtxK0s5UHhlS29VUXlxMlRPOVVManl3WGVvbzdOUmZMRHpaTkVZcUJKdUdFcjYrVURXaEtwa1JCWlJlbzl2N0hhVkQ4Ym8zSkdMT2JvSHZaZTJRQzFzTWdZd0I2TjZ0dmJxNFB3c00yL21MQUtBak00WFZ0MjRLYi9ybkFBdTd6ZnhqNGZlK3Z3cmk1OTUzQVRiSkQ1ejMrUzVyNGFZK3BtYzFlSVhTbXZEOHJtNHhDM1VMNXBGQUZUb2NXanBPNDhnWlF4SGNUS3FHMW5IQnNCNTFkU3ZXYldOVVpPVDJmTk1wZz09IiwiY29udGVudCI6Iltjb250YWN0LWZpZWxkIGxhYmVsPSdOb21lJyB0eXBlPSduYW1lJy9dW2NvbnRhY3QtZmllbGQgbGFiZWw9J0VtYWlsJyB0eXBlPSdlbWFpbCcvXVtjb250YWN0LWZpZWxkIGxhYmVsPSdDb21lbnRcdTAwZTFyaW8nIHR5cGU9J3RleHRhcmVhJy9dIiwiaGFzaCI6IjUxZGM2Y2U5ODZlZTk4ZDZkMWZlNTgyYzQ3ZDU5MjlkNjAwYTBhZDgiLCJzb3VyY2UiOnsiZW50cnlfdGl0bGUiOiJSaW8gR3JhbmRlIHRlbSBub3ZvIGVzcGFcdTAwZTdvIGN1bHR1cmFsIiwiZW50cnlfcGFnZSI6MSwic291cmNlX2lkIjoyNzIyLCJzb3VyY2VfdHlwZSI6InNpbmdsZSIsInJlcXVlc3RfdXJsIjoiaHR0cHM6Ly93cC51ZnBlbC5lZHUuYnIvYXJ0ZW5vc3VsL3dwLWpzb24vd3AvdjIvcG9zdHMvMjcyMiJ9LCJ2ZXJzaW9uIjoyLCJjaXBoZXIiOiJhZXMtMjU2LWdjbSJ9.AnoU1Gy-2nElLRu8hlcs8Ib4bzFfKvMtNfNGR_q1IY4' \/>\n\n<div style=\"\"  data-wp-interactive=\"jetpack\/form\" data-wp-context='{\"fieldId\":\"g2722-nome\",\"fieldType\":\"name\",\"fieldLabel\":\"Nome\",\"fieldValue\":\"\",\"fieldPlaceholder\":\"\",\"fieldIsRequired\":\"\",\"fieldErrorMessage\":\"\",\"fieldExtra\":[],\"formHash\":\"51dc6ce986ee98d6d1fe582c47d5929d600a0ad8\"}'  class='grunion-field-name-wrap grunion-field-wrap'  data-wp-init='callbacks.initializeField' data-wp-on--jetpack-form-reset='callbacks.initializeField' >\n<label\n\t\t\t\tfor='g2722-nome' class=\"grunion-field-label name\" >Nome<\/label>\n<input\n\t\t\t\t\ttype='text'\n\t\t\t\t\tname='g2722-nome'\n\t\t\t\t\tid='g2722-nome'\n\t\t\t\t\tvalue=''\n\n\t\t\t\t\tdata-wp-bind--aria-invalid='state.fieldHasErrors'\n\t\t\t\t\tdata-wp-bind--value='state.getFieldValue'\n\t\t\t\t\taria-errormessage='g2722-nome-text-error-message'\n\t\t\t\t\tdata-wp-on--input='actions.onFieldChange'\n\t\t\t\t\tdata-wp-on--blur='actions.onFieldBlur'\n\t\t\t\t\tdata-wp-class--has-value='state.hasFieldValue'\n\n\t\t\t\t\tclass='name  grunion-field' \n\t\t\t\t\t \/>\n \n\t\t\t<div id=\"g2722-nome-text-error\" class=\"contact-form__input-error\" data-wp-class--has-errors=\"state.fieldHasErrors\">\n\t\t\t\t<span class=\"contact-form__warning-icon\">\n\t\t\t\t\t<svg width=\"16\" height=\"16\" viewBox=\"0 0 16 16\" fill=\"none\" xmlns=\"http:\/\/www.w3.org\/2000\/svg\">\n\t\t\t\t\t\t<path d=\"M8.50015 11.6402H7.50015V10.6402H8.50015V11.6402Z\" \/>\n\t\t\t\t\t\t<path d=\"M7.50015 9.64018H8.50015V6.30684H7.50015V9.64018Z\" \/>\n\t\t\t\t\t\t<path fill-rule=\"evenodd\" clip-rule=\"evenodd\" d=\"M6.98331 3.0947C7.42933 2.30177 8.57096 2.30177 9.01698 3.09469L13.8771 11.7349C14.3145 12.5126 13.7525 13.4735 12.8602 13.4735H3.14004C2.24774 13.4735 1.68575 12.5126 2.12321 11.7349L6.98331 3.0947ZM8.14541 3.58496C8.08169 3.47168 7.9186 3.47168 7.85488 3.58496L2.99478 12.2251C2.93229 12.3362 3.01257 12.4735 3.14004 12.4735H12.8602C12.9877 12.4735 13.068 12.3362 13.0055 12.2251L8.14541 3.58496Z\" \/>\n\t\t\t\t\t<\/svg>\n\t\t\t\t\t<span class=\"visually-hidden\">Aviso<\/span>\n\t\t\t\t<\/span>\n\t\t\t\t<span data-wp-text=\"state.errorMessage\" id=\"g2722-nome-text-error-message\" role=\"alert\" aria-live=\"assertive\"><\/span>\n\t\t\t<\/div> \n\t<\/div>\n\n<div style=\"\"  data-wp-interactive=\"jetpack\/form\" data-wp-context='{\"fieldId\":\"g2722-email\",\"fieldType\":\"email\",\"fieldLabel\":\"Email\",\"fieldValue\":\"\",\"fieldPlaceholder\":\"\",\"fieldIsRequired\":\"\",\"fieldErrorMessage\":\"\",\"fieldExtra\":[],\"formHash\":\"51dc6ce986ee98d6d1fe582c47d5929d600a0ad8\"}'  class='grunion-field-email-wrap grunion-field-wrap'  data-wp-init='callbacks.initializeField' data-wp-on--jetpack-form-reset='callbacks.initializeField' >\n<label\n\t\t\t\tfor='g2722-email' class=\"grunion-field-label email\" >Email<\/label>\n<input\n\t\t\t\t\ttype='email'\n\t\t\t\t\tname='g2722-email'\n\t\t\t\t\tid='g2722-email'\n\t\t\t\t\tvalue=''\n\n\t\t\t\t\tdata-wp-bind--aria-invalid='state.fieldHasErrors'\n\t\t\t\t\tdata-wp-bind--value='state.getFieldValue'\n\t\t\t\t\taria-errormessage='g2722-email-email-error-message'\n\t\t\t\t\tdata-wp-on--input='actions.onFieldChange'\n\t\t\t\t\tdata-wp-on--blur='actions.onFieldBlur'\n\t\t\t\t\tdata-wp-class--has-value='state.hasFieldValue'\n\n\t\t\t\t\tclass='email  grunion-field' \n\t\t\t\t\t \/>\n \n\t\t\t<div id=\"g2722-email-email-error\" class=\"contact-form__input-error\" data-wp-class--has-errors=\"state.fieldHasErrors\">\n\t\t\t\t<span class=\"contact-form__warning-icon\">\n\t\t\t\t\t<svg width=\"16\" height=\"16\" viewBox=\"0 0 16 16\" fill=\"none\" xmlns=\"http:\/\/www.w3.org\/2000\/svg\">\n\t\t\t\t\t\t<path d=\"M8.50015 11.6402H7.50015V10.6402H8.50015V11.6402Z\" \/>\n\t\t\t\t\t\t<path d=\"M7.50015 9.64018H8.50015V6.30684H7.50015V9.64018Z\" \/>\n\t\t\t\t\t\t<path fill-rule=\"evenodd\" clip-rule=\"evenodd\" d=\"M6.98331 3.0947C7.42933 2.30177 8.57096 2.30177 9.01698 3.09469L13.8771 11.7349C14.3145 12.5126 13.7525 13.4735 12.8602 13.4735H3.14004C2.24774 13.4735 1.68575 12.5126 2.12321 11.7349L6.98331 3.0947ZM8.14541 3.58496C8.08169 3.47168 7.9186 3.47168 7.85488 3.58496L2.99478 12.2251C2.93229 12.3362 3.01257 12.4735 3.14004 12.4735H12.8602C12.9877 12.4735 13.068 12.3362 13.0055 12.2251L8.14541 3.58496Z\" \/>\n\t\t\t\t\t<\/svg>\n\t\t\t\t\t<span class=\"visually-hidden\">Aviso<\/span>\n\t\t\t\t<\/span>\n\t\t\t\t<span data-wp-text=\"state.errorMessage\" id=\"g2722-email-email-error-message\" role=\"alert\" aria-live=\"assertive\"><\/span>\n\t\t\t<\/div> \n\t<\/div>\n\n<div style=\"\"  data-wp-interactive=\"jetpack\/form\" data-wp-context='{\"fieldId\":\"g2722-comentrio\",\"fieldType\":\"textarea\",\"fieldLabel\":\"Coment\\u00e1rio\",\"fieldValue\":\"\",\"fieldPlaceholder\":\"\",\"fieldIsRequired\":\"\",\"fieldErrorMessage\":\"\",\"fieldExtra\":[],\"formHash\":\"51dc6ce986ee98d6d1fe582c47d5929d600a0ad8\"}'  class='grunion-field-textarea-wrap grunion-field-wrap'  data-wp-init='callbacks.initializeField' data-wp-on--jetpack-form-reset='callbacks.initializeField' >\n<label\n\t\t\t\tfor='contact-form-comment-g2722-comentrio' class=\"grunion-field-label textarea\" >Coment\u00e1rio<\/label>\n<textarea\n\t\t                style=''\n\t\t                name='g2722-comentrio'\n\t\t                id='contact-form-comment-g2722-comentrio'\n\t\t                rows='20'\n\t\t\t\t\t\tdata-wp-text='state.getFieldValue'\n\t\t\t\t\t\tdata-wp-on--input='actions.onFieldChange'\n\t\t\t\t\t\tdata-wp-on--blur='actions.onFieldBlur'\n\t\t\t\t\t\tdata-wp-class--has-value='state.hasFieldValue'\n\t\t\t\t\t\tdata-wp-bind--aria-invalid='state.fieldHasErrors'\n\t\t\t\t\t\taria-errormessage='g2722-comentrio-textarea-error-message'\n\t\t\t\t\t\tclass='textarea  grunion-field'  ><\/textarea>\n \n\t\t\t<div id=\"g2722-comentrio-textarea-error\" class=\"contact-form__input-error\" data-wp-class--has-errors=\"state.fieldHasErrors\">\n\t\t\t\t<span class=\"contact-form__warning-icon\">\n\t\t\t\t\t<svg width=\"16\" height=\"16\" viewBox=\"0 0 16 16\" fill=\"none\" xmlns=\"http:\/\/www.w3.org\/2000\/svg\">\n\t\t\t\t\t\t<path d=\"M8.50015 11.6402H7.50015V10.6402H8.50015V11.6402Z\" \/>\n\t\t\t\t\t\t<path d=\"M7.50015 9.64018H8.50015V6.30684H7.50015V9.64018Z\" \/>\n\t\t\t\t\t\t<path fill-rule=\"evenodd\" clip-rule=\"evenodd\" d=\"M6.98331 3.0947C7.42933 2.30177 8.57096 2.30177 9.01698 3.09469L13.8771 11.7349C14.3145 12.5126 13.7525 13.4735 12.8602 13.4735H3.14004C2.24774 13.4735 1.68575 12.5126 2.12321 11.7349L6.98331 3.0947ZM8.14541 3.58496C8.08169 3.47168 7.9186 3.47168 7.85488 3.58496L2.99478 12.2251C2.93229 12.3362 3.01257 12.4735 3.14004 12.4735H12.8602C12.9877 12.4735 13.068 12.3362 13.0055 12.2251L8.14541 3.58496Z\" \/>\n\t\t\t\t\t<\/svg>\n\t\t\t\t\t<span class=\"visually-hidden\">Aviso<\/span>\n\t\t\t\t<\/span>\n\t\t\t\t<span data-wp-text=\"state.errorMessage\" id=\"g2722-comentrio-textarea-error-message\" role=\"alert\" aria-live=\"assertive\"><\/span>\n\t\t\t<\/div>\n\t<\/div>\n\t<p class='contact-submit'>\n<div class=\"contact-form__error\" data-wp-class--show-errors=\"state.showFormErrors\"><span class=\"contact-form__warning-icon\"><span class=\"visually-hidden\">Aten\u00e7\u00e3o.<\/span><i aria-hidden=\"true\"><\/i><\/span>\n\t\t\t\t<span data-wp-text=\"state.getFormErrorMessage\"><\/span>\n\t\t\t\t<ul>\n\t\t\t\t<template data-wp-each=\"state.getErrorList\" data-wp-key=\"context.item.id\">\n\t\t\t\t\t<li><a data-wp-bind--href=\"context.item.anchor\" data-wp-on--click=\"actions.scrollIntoView\" data-wp-text=\"context.item.label\"><\/a><\/li>\n\t\t\t\t<\/template>\n\t\t\t\t<\/ul><\/div><div class=\"contact-form__error\" data-wp-class--show-errors=\"state.showSubmissionError\" data-wp-text=\"context.submissionError\"><\/div>\t\t<button type='submit' class='pushbutton-wide'>Enviar<\/button>\t\t<input type='hidden' name='contact-form-id' value='2722' \/>\n\t\t<input type='hidden' name='action' value='grunion-contact-form' \/>\n\t\t<input type='hidden' name='contact-form-hash' value='51dc6ce986ee98d6d1fe582c47d5929d600a0ad8' \/>\n\t<\/p>\n<p style=\"display: none !important;\" class=\"akismet-fields-container\" data-prefix=\"ak_\"><label>&#916;<textarea name=\"ak_hp_textarea\" cols=\"45\" rows=\"8\" maxlength=\"100\"><\/textarea><\/label><input type=\"hidden\" id=\"ak_js_1\" name=\"ak_js\" value=\"171\"\/><script>document.getElementById( \"ak_js_1\" ).setAttribute( \"value\", ( new Date() ).getTime() );<\/script><\/p><\/form>\n<\/div><\/p>\n<h4 style=\"text-align: justify\"><span style=\"color: #993300\"><strong>COMENT\u00c1RIOS:<\/strong><\/span><\/h4>\n","protected":false},"excerpt":{"rendered":"<p>&#8211; Reportagem de Etienne de Castro Farias &#8211; A cantora Luciana Lima criou um local para artistas debaterem e trocarem ideias &#8211; A cidade do Rio Grande tem atualmente 200 mil habitantes e \u00e9 considerada o ber\u00e7o de muitos artistas independentes. No entanto, h\u00e1 alguns anos n\u00e3o havia manifesta\u00e7\u00e3o cultural por parte daqueles que t\u00eam &hellip; <\/p>\n<p><a class=\"more-link btn\" href=\"https:\/\/wp.ufpel.edu.br\/artenosul\/2016\/06\/02\/rio-grande-tem-novo-espaco-cultural\/\">Continue lendo<\/a><\/p>\n","protected":false},"author":571,"featured_media":2724,"comment_status":"closed","ping_status":"closed","sticky":false,"template":"","format":"standard","meta":{"jetpack_post_was_ever_published":false,"_jetpack_newsletter_access":"","_jetpack_dont_email_post_to_subs":false,"_jetpack_newsletter_tier_id":0,"_jetpack_memberships_contains_paywalled_content":false,"_jetpack_memberships_contains_paid_content":false,"footnotes":"","jetpack_publicize_message":"","jetpack_publicize_feature_enabled":true,"jetpack_social_post_already_shared":true,"jetpack_social_options":{"image_generator_settings":{"template":"highway","default_image_id":0,"font":"","enabled":false},"version":2}},"categories":[13,112,88,45,83,6,1,50],"tags":[237,236,235,239,91,238],"class_list":["post-2722","post","type-post","status-publish","format-standard","has-post-thumbnail","hentry","category-artes-visuais","category-cinema","category-comunidade","category-danca","category-literatura","category-musica","category-noticias","category-teatro","tag-casa-das-primaveras","tag-clube-do-autoconhecimento","tag-espaco-cultural","tag-luciana-lima","tag-rio-grande","tag-wesley-conrado","nodate","item-wrap"],"jetpack_publicize_connections":[],"jetpack_featured_media_url":"https:\/\/wp.ufpel.edu.br\/artenosul\/files\/2016\/06\/Etienne.jpg","jetpack_sharing_enabled":true,"jetpack_likes_enabled":true,"jetpack_shortlink":"https:\/\/wp.me\/p6PuxQ-HU","jetpack-related-posts":[{"id":10537,"url":"https:\/\/wp.ufpel.edu.br\/artenosul\/2022\/04\/18\/musica-leva-ao-debate-de-ideias-em-rio-grande\/","url_meta":{"origin":2722,"position":0},"title":"M\u00fasica leva ao debate de ideias em Rio Grande","author":"artenosul","date":"18 de abril de 2022","format":false,"excerpt":"Por Rayla Ribeiro e Vitor Porto\u00a0 \u00a0 \u00a0\u00a0 Batalhas de Rap acontecem a Pra\u00e7a Tamandar\u00e9 \u00e0s quartas-feiras Desde a Gr\u00e9cia antiga at\u00e9 as cidades empobrecidas da Am\u00e9rica Latina nos dias de hoje, as pessoas se re\u00fanem em pra\u00e7as para falarem e serem ouvidas. No extremo sul do Brasil n\u00e3o \u00e9\u2026","rel":"","context":"Em &quot;COMUNIDADE&quot;","block_context":{"text":"COMUNIDADE","link":"https:\/\/wp.ufpel.edu.br\/artenosul\/category\/comunidade\/"},"img":{"alt_text":"","src":"https:\/\/i0.wp.com\/wp.ufpel.edu.br\/artenosul\/files\/2022\/04\/Batalha-do-Cassino-2.jpeg?resize=350%2C200&ssl=1","width":350,"height":200,"srcset":"https:\/\/i0.wp.com\/wp.ufpel.edu.br\/artenosul\/files\/2022\/04\/Batalha-do-Cassino-2.jpeg?resize=350%2C200&ssl=1 1x, https:\/\/i0.wp.com\/wp.ufpel.edu.br\/artenosul\/files\/2022\/04\/Batalha-do-Cassino-2.jpeg?resize=525%2C300&ssl=1 1.5x, https:\/\/i0.wp.com\/wp.ufpel.edu.br\/artenosul\/files\/2022\/04\/Batalha-do-Cassino-2.jpeg?resize=700%2C400&ssl=1 2x"},"classes":[]},{"id":10427,"url":"https:\/\/wp.ufpel.edu.br\/artenosul\/2022\/04\/16\/projeto-apoia-trabalho-de-artistas-rio-grandinos\/","url_meta":{"origin":2722,"position":1},"title":"Projeto apoia trabalho de artistas rio-grandinos","author":"artenosul","date":"16 de abril de 2022","format":false,"excerpt":"Por Joanna Manhago Andrade\u00a0\u00a0\u00a0 O Teatro Municipal Agora aconteceu de janeiro a dezembro de 2021 e contou com mais de 45 apresenta\u00e7\u00f5es art\u00edsticas Durante a pandemia da Covid-19, um dos principais setores afetados foi o cultural. Cantores, dan\u00e7arinos, pintores e artistas em geral tiveram poucas oportunidades de expressar o seu\u2026","rel":"","context":"Em &quot;COMUNIDADE&quot;","block_context":{"text":"COMUNIDADE","link":"https:\/\/wp.ufpel.edu.br\/artenosul\/category\/comunidade\/"},"img":{"alt_text":"","src":"https:\/\/i0.wp.com\/wp.ufpel.edu.br\/artenosul\/files\/2022\/04\/Arquivo-Tais-Carolina-2.jpeg?resize=350%2C200&ssl=1","width":350,"height":200,"srcset":"https:\/\/i0.wp.com\/wp.ufpel.edu.br\/artenosul\/files\/2022\/04\/Arquivo-Tais-Carolina-2.jpeg?resize=350%2C200&ssl=1 1x, https:\/\/i0.wp.com\/wp.ufpel.edu.br\/artenosul\/files\/2022\/04\/Arquivo-Tais-Carolina-2.jpeg?resize=525%2C300&ssl=1 1.5x, https:\/\/i0.wp.com\/wp.ufpel.edu.br\/artenosul\/files\/2022\/04\/Arquivo-Tais-Carolina-2.jpeg?resize=700%2C400&ssl=1 2x"},"classes":[]},{"id":10588,"url":"https:\/\/wp.ufpel.edu.br\/artenosul\/2022\/04\/26\/quality-sul-lanca-projeto-de-rap-acustico-em-rio-grande\/","url_meta":{"origin":2722,"position":2},"title":"Quality Sul lan\u00e7a projeto de rap ac\u00fastico em Rio Grande","author":"artenosul","date":"26 de abril de 2022","format":false,"excerpt":"Por Br\u00edgida Sodr\u00e9\u00a0 \u00a0 \u00a0\u00a0 A can\u00e7\u00e3o \u201cInevit\u00e1vel\u201d conta com participa\u00e7\u00e3o de Gii Quaresma, Isaque Acosta, Juanitto e Ravena Com uma pegada que lembra o famoso Poesia Ac\u00fastica, o grupo de rap rio-grandino Quality Sul lan\u00e7ou no dia 12 de abril a m\u00fasica \u201cInevit\u00e1vel\u201d, que conta com vocais de Mc\u2026","rel":"","context":"Em &quot;M\u00daSICA&quot;","block_context":{"text":"M\u00daSICA","link":"https:\/\/wp.ufpel.edu.br\/artenosul\/category\/musica\/"},"img":{"alt_text":"","src":"https:\/\/i0.wp.com\/wp.ufpel.edu.br\/artenosul\/files\/2022\/04\/Foto1.jpg?resize=350%2C200&ssl=1","width":350,"height":200,"srcset":"https:\/\/i0.wp.com\/wp.ufpel.edu.br\/artenosul\/files\/2022\/04\/Foto1.jpg?resize=350%2C200&ssl=1 1x, https:\/\/i0.wp.com\/wp.ufpel.edu.br\/artenosul\/files\/2022\/04\/Foto1.jpg?resize=525%2C300&ssl=1 1.5x, https:\/\/i0.wp.com\/wp.ufpel.edu.br\/artenosul\/files\/2022\/04\/Foto1.jpg?resize=700%2C400&ssl=1 2x, https:\/\/i0.wp.com\/wp.ufpel.edu.br\/artenosul\/files\/2022\/04\/Foto1.jpg?resize=1050%2C600&ssl=1 3x"},"classes":[]},{"id":9212,"url":"https:\/\/wp.ufpel.edu.br\/artenosul\/2021\/04\/24\/o-sucesso-das-lives-em-um-mundo-isolado\/","url_meta":{"origin":2722,"position":3},"title":"O sucesso das transmiss\u00f5es pela internet em um mundo isolado","author":"artenosul","date":"24 de abril de 2021","format":false,"excerpt":"Por Andressa Siemionko e Josimara Megiato\u00a0 \u00a0 Artistas enfrentam desafios e promovem shows on-line durante a pandemia Se divertir na sala de casa como \u00fanica alternativa nunca passou pela cabe\u00e7a de ningu\u00e9m. Mas, com o isolamento causado pela pandemia do novo coronav\u00edrus, essa foi a realidade do entretenimento no mundo\u2026","rel":"","context":"Em &quot;M\u00daSICA&quot;","block_context":{"text":"M\u00daSICA","link":"https:\/\/wp.ufpel.edu.br\/artenosul\/category\/musica\/"},"img":{"alt_text":"","src":"https:\/\/i0.wp.com\/wp.ufpel.edu.br\/artenosul\/files\/2021\/04\/2021-04-24-14.png?resize=350%2C200&ssl=1","width":350,"height":200,"srcset":"https:\/\/i0.wp.com\/wp.ufpel.edu.br\/artenosul\/files\/2021\/04\/2021-04-24-14.png?resize=350%2C200&ssl=1 1x, https:\/\/i0.wp.com\/wp.ufpel.edu.br\/artenosul\/files\/2021\/04\/2021-04-24-14.png?resize=525%2C300&ssl=1 1.5x, https:\/\/i0.wp.com\/wp.ufpel.edu.br\/artenosul\/files\/2021\/04\/2021-04-24-14.png?resize=700%2C400&ssl=1 2x"},"classes":[]},{"id":4676,"url":"https:\/\/wp.ufpel.edu.br\/artenosul\/2017\/03\/09\/cena-musical-gaucha\/","url_meta":{"origin":2722,"position":4},"title":"Cena musical ga\u00facha","author":"artenosul","date":"9 de mar\u00e7o de 2017","format":false,"excerpt":"\u00a0 Reportagem de Roberta Pereira \u2013 A cantora nascida em Dom Pedrito fala sobre o contexto art\u00edstico e seus desafios - \u00a0\u00a0\u00a0\u00a0 Vinda do interior de Dom Pedrito, Lara Rossato subiu em um palco pela primeira vez aos 14 anos e n\u00e3o saiu mais deles. Em 2005, ao se mudar\u2026","rel":"","context":"Em &quot;M\u00daSICA&quot;","block_context":{"text":"M\u00daSICA","link":"https:\/\/wp.ufpel.edu.br\/artenosul\/category\/musica\/"},"img":{"alt_text":"","src":"https:\/\/i0.wp.com\/wp.ufpel.edu.br\/artenosul\/files\/2017\/03\/Roberta2-e1501190178620.jpg?resize=350%2C200&ssl=1","width":350,"height":200},"classes":[]},{"id":8412,"url":"https:\/\/wp.ufpel.edu.br\/artenosul\/2019\/10\/13\/a-arte-de-ser-artista-em-cangucu\/","url_meta":{"origin":2722,"position":5},"title":"A arte de ser artista em Cangu\u00e7u","author":"artenosul","date":"13 de outubro de 2019","format":false,"excerpt":"Por Liziane Stoelben Rodrigues Cangu\u00e7u \u00e9 uma cidade ga\u00facha localizada no sul do estado do Rio Grande do Sul. Continua sendo um munic\u00edpio pequeno, mas tem muito a dizer sobre suas peculiaridades, al\u00e9m das suas belezas naturais. A cidade leva hoje o t\u00edtulo de Capital Nacional da Agricultura Familiar e\u2026","rel":"","context":"Em &quot;COMUNIDADE&quot;","block_context":{"text":"COMUNIDADE","link":"https:\/\/wp.ufpel.edu.br\/artenosul\/category\/comunidade\/"},"img":{"alt_text":"","src":"https:\/\/i0.wp.com\/wp.ufpel.edu.br\/artenosul\/files\/2019\/10\/2-4.jpg?resize=350%2C200&ssl=1","width":350,"height":200,"srcset":"https:\/\/i0.wp.com\/wp.ufpel.edu.br\/artenosul\/files\/2019\/10\/2-4.jpg?resize=350%2C200&ssl=1 1x, https:\/\/i0.wp.com\/wp.ufpel.edu.br\/artenosul\/files\/2019\/10\/2-4.jpg?resize=525%2C300&ssl=1 1.5x, https:\/\/i0.wp.com\/wp.ufpel.edu.br\/artenosul\/files\/2019\/10\/2-4.jpg?resize=700%2C400&ssl=1 2x"},"classes":[]}],"_links":{"self":[{"href":"https:\/\/wp.ufpel.edu.br\/artenosul\/wp-json\/wp\/v2\/posts\/2722","targetHints":{"allow":["GET"]}}],"collection":[{"href":"https:\/\/wp.ufpel.edu.br\/artenosul\/wp-json\/wp\/v2\/posts"}],"about":[{"href":"https:\/\/wp.ufpel.edu.br\/artenosul\/wp-json\/wp\/v2\/types\/post"}],"author":[{"embeddable":true,"href":"https:\/\/wp.ufpel.edu.br\/artenosul\/wp-json\/wp\/v2\/users\/571"}],"replies":[{"embeddable":true,"href":"https:\/\/wp.ufpel.edu.br\/artenosul\/wp-json\/wp\/v2\/comments?post=2722"}],"version-history":[{"count":15,"href":"https:\/\/wp.ufpel.edu.br\/artenosul\/wp-json\/wp\/v2\/posts\/2722\/revisions"}],"predecessor-version":[{"id":2746,"href":"https:\/\/wp.ufpel.edu.br\/artenosul\/wp-json\/wp\/v2\/posts\/2722\/revisions\/2746"}],"wp:featuredmedia":[{"embeddable":true,"href":"https:\/\/wp.ufpel.edu.br\/artenosul\/wp-json\/wp\/v2\/media\/2724"}],"wp:attachment":[{"href":"https:\/\/wp.ufpel.edu.br\/artenosul\/wp-json\/wp\/v2\/media?parent=2722"}],"wp:term":[{"taxonomy":"category","embeddable":true,"href":"https:\/\/wp.ufpel.edu.br\/artenosul\/wp-json\/wp\/v2\/categories?post=2722"},{"taxonomy":"post_tag","embeddable":true,"href":"https:\/\/wp.ufpel.edu.br\/artenosul\/wp-json\/wp\/v2\/tags?post=2722"}],"curies":[{"name":"wp","href":"https:\/\/api.w.org\/{rel}","templated":true}]}}