{"id":27188,"date":"2024-09-27T15:22:44","date_gmt":"2024-09-27T18:22:44","guid":{"rendered":"https:\/\/wp.ufpel.edu.br\/artenosul\/?p=27188"},"modified":"2024-09-27T15:22:44","modified_gmt":"2024-09-27T18:22:44","slug":"museu-do-doce-tem-programacao-especial-para-primavera-dos-museus","status":"publish","type":"post","link":"https:\/\/wp.ufpel.edu.br\/artenosul\/2024\/09\/27\/museu-do-doce-tem-programacao-especial-para-primavera-dos-museus\/","title":{"rendered":"Museu do Doce tem programa\u00e7\u00e3o especial para Primavera dos Museus"},"content":{"rendered":"<p style=\"text-align: center;\"><span style=\"color: #003366;\"><strong><span style=\"font-family: arial, helvetica, sans-serif;\"><em>Amanh\u00e3, dia 28 de setembro, o espa\u00e7o ter\u00e1 atividades culturais e musicais com abertura noturna\u00a0 \u00a0 \u00a0 \u00a0<\/em><\/span><\/strong><\/span><\/p>\n<p style=\"text-align: right;\"><span style=\"color: #003366;\"><strong><span style=\"font-family: arial, helvetica, sans-serif;\"><em>St\u00e9fane Costa\u00a0 \u00a0 \u00a0 \u00a0<\/em><\/span><\/strong><\/span><\/p>\n<p style=\"text-align: justify;\"><span style=\"font-family: arial, helvetica, sans-serif;\"><em>\u00a0<\/em><\/span><\/p>\n<div id=\"attachment_27190\" style=\"width: 756px\" class=\"wp-caption aligncenter\"><img loading=\"lazy\" decoding=\"async\" aria-describedby=\"caption-attachment-27190\" class=\"wp-image-27190 \" src=\"https:\/\/wp.ufpel.edu.br\/artenosul\/files\/2024\/09\/Foto-1-2-500x281.jpeg\" alt=\"\" width=\"756\" height=\"425\" srcset=\"https:\/\/wp.ufpel.edu.br\/artenosul\/files\/2024\/09\/Foto-1-2-500x281.jpeg 500w, https:\/\/wp.ufpel.edu.br\/artenosul\/files\/2024\/09\/Foto-1-2-300x169.jpeg 300w, https:\/\/wp.ufpel.edu.br\/artenosul\/files\/2024\/09\/Foto-1-2-768x432.jpeg 768w, https:\/\/wp.ufpel.edu.br\/artenosul\/files\/2024\/09\/Foto-1-2-1536x865.jpeg 1536w, https:\/\/wp.ufpel.edu.br\/artenosul\/files\/2024\/09\/Foto-1-2-2048x1153.jpeg 2048w, https:\/\/wp.ufpel.edu.br\/artenosul\/files\/2024\/09\/Foto-1-2-855x481.jpeg 855w\" sizes=\"auto, (max-width: 756px) 100vw, 756px\" \/><p id=\"caption-attachment-27190\" class=\"wp-caption-text\"><strong><span style=\"font-family: arial, helvetica, sans-serif;\"><span style=\"color: #0000ff;\">O Museu do Doce fica no Casar\u00e3o 8 do Centro Hist\u00f3rico de Pelotas\u00a0 \u00a0 Fotos: St\u00e9fane Costa<\/span><\/span><\/strong><\/p><\/div>\n<p>&nbsp;<\/p>\n<p style=\"text-align: justify;\"><span style=\"font-family: arial, helvetica, sans-serif;\">Museus de todo o Pa\u00eds est\u00e3o com uma programa\u00e7\u00e3o especial pela 18\u00aa Primavera dos Museus, a\u00e7\u00e3o promovida pelo Instituto Brasileiro de Museus (Ibram). Esses locais de resgate hist\u00f3rico e import\u00e2ncia cultural est\u00e3o realizando oficinas especiais, visita\u00e7\u00f5es e exposi\u00e7\u00f5es. Em Pelotas n\u00e3o \u00e9 diferente. Na Princesa do Sul, o <a href=\"https:\/\/wp.ufpel.edu.br\/artenosul?s=Museu+do+Doce\" target=\"_blank\" rel=\"noopener\"><strong>Museu do Doce<\/strong><\/a>, administrado pela Universidade Federal de Pelotas (UFPel), receber\u00e1 visitantes em v\u00e1rias atividades.<\/span><\/p>\n<p style=\"text-align: justify;\"><span style=\"font-family: arial, helvetica, sans-serif;\">Uma variedade de oficinas seria realizada nesta semana, por\u00e9m com o cen\u00e1rio alarmante das fortes chuvas e cancelamento das atividades na Universidade, a programa\u00e7\u00e3o precisou ser adiada para a pr\u00f3xima semana. Neste s\u00e1bado (dia 28 de setembro), o espa\u00e7o funcionar\u00e1 at\u00e9 as 22h, para o evento \u201cUma Noite no Museu\u201d, com abertura prevista para a as visita\u00e7\u00f5es \u00e0s 10h. Ou seja, o museu estar\u00e1 aberto das dez da manh\u00e3 \u00e0s dez da noite.<\/span><\/p>\n<p style=\"text-align: justify;\"><span style=\"font-family: arial, helvetica, sans-serif;\">O visitante poder\u00e1 visitar as exposi\u00e7\u00f5es do Museu durante todo o hor\u00e1rio de funcionamento. \u00a0Haver\u00e1 uma oficina de biscoitos \u00e0s 15h. A banda Sobreviventes, do Centro Musical O Batuta, ir\u00e1 abrir a programa\u00e7\u00e3o musical \u00e0s 17h, seguida pela banda Lady Blue, \u00e0s 18h. O N\u00facleo de Teatro da UFPel far\u00e1 uma encena\u00e7\u00e3o de \u201cA atriz\u201d \u00e0s 19h. E a noite de atividades culturais ser\u00e1 fechada com apresenta\u00e7\u00e3o da banda de reggae do Kilombo Urbano.<\/span><\/p>\n<p style=\"text-align: justify;\"><span style=\"font-family: arial, helvetica, sans-serif;\">As demais atividades que precisaram ser adiadas ter\u00e3o data e hor\u00e1rio divulgadas no <strong><a href=\"https:\/\/www.facebook.com\/museudodoce\" target=\"_blank\" rel=\"noopener\">Facebook<\/a> <\/strong>e no <a href=\"https:\/\/www.instagram.com\/museudodoce?igsh=am82dDF0ZmkyaGNz\" target=\"_blank\" rel=\"noopener\"><strong>Instagram<\/strong><\/a>.<\/span><\/p>\n<p>&nbsp;<\/p>\n<div id=\"attachment_27191\" style=\"width: 817px\" class=\"wp-caption aligncenter\"><img loading=\"lazy\" decoding=\"async\" aria-describedby=\"caption-attachment-27191\" class=\" wp-image-27191\" src=\"https:\/\/wp.ufpel.edu.br\/artenosul\/files\/2024\/09\/Foto-2-2-500x282.jpeg\" alt=\"\" width=\"817\" height=\"461\" srcset=\"https:\/\/wp.ufpel.edu.br\/artenosul\/files\/2024\/09\/Foto-2-2-500x282.jpeg 500w, https:\/\/wp.ufpel.edu.br\/artenosul\/files\/2024\/09\/Foto-2-2-300x169.jpeg 300w, https:\/\/wp.ufpel.edu.br\/artenosul\/files\/2024\/09\/Foto-2-2-768x432.jpeg 768w, https:\/\/wp.ufpel.edu.br\/artenosul\/files\/2024\/09\/Foto-2-2-1536x865.jpeg 1536w, https:\/\/wp.ufpel.edu.br\/artenosul\/files\/2024\/09\/Foto-2-2-2048x1153.jpeg 2048w, https:\/\/wp.ufpel.edu.br\/artenosul\/files\/2024\/09\/Foto-2-2-855x481.jpeg 855w\" sizes=\"auto, (max-width: 817px) 100vw, 817px\" \/><p id=\"caption-attachment-27191\" class=\"wp-caption-text\"><span style=\"font-family: arial, helvetica, sans-serif; color: #0000ff;\"><strong><span style=\"color: #0000ff;\">Exposi\u00e7\u00e3o de cadernos de receitas das antigas doceiras \u00e9 uma das atra\u00e7\u00f5es do museu<\/span><\/strong><\/span><\/p><\/div>\n<p style=\"text-align: justify;\"><span style=\"font-family: arial, helvetica, sans-serif; color: #0000ff;\"><strong>Inclus\u00e3o <\/strong><\/span><\/p>\n<p style=\"text-align: justify;\"><span style=\"font-family: arial, helvetica, sans-serif;\">Com o tema \u201cMuseus, acessibilidade e inclus\u00e3o\u201d, a Primavera dos Museus prop\u00f5e a estes espa\u00e7os que reforcem seu papel na sociedade. Para Noris Leal, diretora do Museu do Doce, a inclus\u00e3o vai muito al\u00e9m da acessibilidade \u00e0 pessoa com defici\u00eancia, \u00e9 o refor\u00e7ar a inclus\u00e3o \u00e0 cultura para todas as pessoas. \u201cA gente est\u00e1 tentando possibilitar que mais pessoas que n\u00e3o tenham como h\u00e1bito vir ao museu possam participar das atividades\u201d, diz.<\/span><\/p>\n<p style=\"text-align: justify;\"><span style=\"font-family: arial, helvetica, sans-serif;\">\u00a0<\/span><\/p>\n<div id=\"attachment_27193\" style=\"width: 722px\" class=\"wp-caption aligncenter\"><img loading=\"lazy\" decoding=\"async\" aria-describedby=\"caption-attachment-27193\" class=\" wp-image-27193\" src=\"https:\/\/wp.ufpel.edu.br\/artenosul\/files\/2024\/09\/Foto-4-500x282.jpeg\" alt=\"\" width=\"722\" height=\"407\" srcset=\"https:\/\/wp.ufpel.edu.br\/artenosul\/files\/2024\/09\/Foto-4-500x282.jpeg 500w, https:\/\/wp.ufpel.edu.br\/artenosul\/files\/2024\/09\/Foto-4-300x169.jpeg 300w, https:\/\/wp.ufpel.edu.br\/artenosul\/files\/2024\/09\/Foto-4-768x432.jpeg 768w, https:\/\/wp.ufpel.edu.br\/artenosul\/files\/2024\/09\/Foto-4-1536x865.jpeg 1536w, https:\/\/wp.ufpel.edu.br\/artenosul\/files\/2024\/09\/Foto-4-2048x1153.jpeg 2048w, https:\/\/wp.ufpel.edu.br\/artenosul\/files\/2024\/09\/Foto-4-855x481.jpeg 855w\" sizes=\"auto, (max-width: 722px) 100vw, 722px\" \/><p id=\"caption-attachment-27193\" class=\"wp-caption-text\"><strong><span style=\"color: #0000ff;\">A diretora do Museu, Noris Leal, salienta a import\u00e2ncia da democratiza\u00e7\u00e3o e da acessibilidade da institui\u00e7\u00e3o<\/span><\/strong><\/p><\/div>\n<p>&nbsp;<\/p>\n<p style=\"text-align: justify;\"><span style=\"font-family: arial, helvetica, sans-serif;\">Ainda, segundo a entrevistada, um dos objetivos do Museu \u00e9 tentar se aproximar do p\u00fablico que n\u00e3o costuma frequentar espa\u00e7os como os casar\u00f5es do Centro Hist\u00f3rico de Pelotas. Com as atividades realizadas no espa\u00e7o, a ideia \u00e9 que mais pessoas se sintam \u00e0 vontade para conhecer tanto sobre a hist\u00f3ria doceira de Pelotas como outras possibilidades de \u00e1reas trabalhadas dentro do museu, cumprindo assim seu papel de democratizar a educa\u00e7\u00e3o. Ela refor\u00e7a que a estrutura do Museu \u00e9 acess\u00edvel, contando com exposi\u00e7\u00f5es t\u00e1teis, livro em braile e possibilidade de tradu\u00e7\u00e3o para surdos.<\/span><\/p>\n<p>&nbsp;<\/p>\n<div id=\"attachment_27192\" style=\"width: 777px\" class=\"wp-caption aligncenter\"><img loading=\"lazy\" decoding=\"async\" aria-describedby=\"caption-attachment-27192\" class=\" wp-image-27192\" src=\"https:\/\/wp.ufpel.edu.br\/artenosul\/files\/2024\/09\/Foto-3-2-500x282.jpeg\" alt=\"\" width=\"777\" height=\"438\" srcset=\"https:\/\/wp.ufpel.edu.br\/artenosul\/files\/2024\/09\/Foto-3-2-500x282.jpeg 500w, https:\/\/wp.ufpel.edu.br\/artenosul\/files\/2024\/09\/Foto-3-2-300x169.jpeg 300w, https:\/\/wp.ufpel.edu.br\/artenosul\/files\/2024\/09\/Foto-3-2-768x432.jpeg 768w, https:\/\/wp.ufpel.edu.br\/artenosul\/files\/2024\/09\/Foto-3-2-1536x865.jpeg 1536w, https:\/\/wp.ufpel.edu.br\/artenosul\/files\/2024\/09\/Foto-3-2-2048x1153.jpeg 2048w, https:\/\/wp.ufpel.edu.br\/artenosul\/files\/2024\/09\/Foto-3-2-855x481.jpeg 855w\" sizes=\"auto, (max-width: 777px) 100vw, 777px\" \/><p id=\"caption-attachment-27192\" class=\"wp-caption-text\"><span style=\"font-family: arial, helvetica, sans-serif;\"><strong><span style=\"color: #0000ff;\">Pe\u00e7as de exposi\u00e7\u00e3o prop\u00f5em intera\u00e7\u00e3o com p\u00fablico<\/span><\/strong><\/span><\/p><\/div>\n<p style=\"text-align: justify;\"><a href=\"http:\/\/wp.ufpel.edu.br\/artenosul\"><span style=\"color: #0000ff;\"><strong><span style=\"font-family: arial, helvetica, sans-serif;\">PRIMEIRA P\u00c1GINA<\/span><\/strong><\/span><\/a><\/p>\n<p style=\"text-align: justify;\"><span style=\"color: #0000ff;\"><strong><span style=\"font-family: arial, helvetica, sans-serif;\">COMENT\u00c1RIOS<\/span><\/strong><\/span><\/p>\n<p>&nbsp;<\/p>\n<div data-test='contact-form'\n\t\t\tid='contact-form-27188'\n\t\t\tclass='wp-block-jetpack-contact-form-container '\n\t\t\tdata-wp-interactive='jetpack\/form' data-wp-context='{\"formId\":\"27188\",\"formHash\":\"69cc7b205df952d0763d00ae4c2af3026fa80a04\",\"showErrors\":false,\"errors\":[],\"fields\":[],\"isMultiStep\":false,\"useAjax\":true,\"submissionData\":null,\"formattedSubmissionData\":[],\"submissionSuccess\":false,\"submissionError\":null,\"elementId\":\"jp-form-69cc7b205df952d0763d00ae4c2af3026fa80a04\",\"isSingleInputForm\":false}'\n\t\t\tdata-wp-watch--scroll-to-wrapper=\"callbacks.scrollToWrapper\"\n\t\t>\n<div class=\"contact-form-submission contact-form-ajax-submission\" data-wp-class--submission-success=\"context.submissionSuccess\"><p class=\"go-back-message\"><a class=\"link\" role=\"button\" tabindex=\"0\" data-wp-on--click=\"actions.goBack\" href=\"\/artenosul\/wp-json\/wp\/v2\/posts\/27188\">Voltar<\/a><\/p><h4 id=\"contact-form-success-header\">Sua mensagem foi enviada<\/h4>\n\n<template data-wp-each--submission=\"context.formattedSubmissionData\">\n\t\t\t\t\t<div class=\"jetpack_forms_contact-form-success-summary\">\n\t\t\t\t\t\t<div class=\"field-name\" data-wp-text=\"context.submission.label\" data-wp-bind--hidden=\"!context.submission.label\"><\/div>\n\t\t\t\t\t\t<div class=\"field-value\" data-wp-text=\"context.submission.value\"><\/div>\n\t\t\t\t\t\t<div class=\"field-images\" data-wp-bind--hidden=\"!context.submission.images\">\n\t\t\t\t\t\t\t<template data-wp-each--image=\"context.submission.images\">\n\t\t\t\t\t\t\t\t<figure class=\"field-image\" data-wp-class--is-empty=\"!context.image\">\n\t\t\t\t\t\t\t\t\t<img data-wp-bind--src=\"context.image\" data-wp-bind--hidden=\"!context.image\" \/>\n\t\t\t\t\t\t\t\t\t<img decoding=\"async\" src=\"data:image\/gif;base64,R0lGODlhAQABAAD\/ACwAAAAAAQABAAACADs=\" data-wp-bind--hidden=\"context.image\" \/>\n\t\t\t\t\t\t\t\t<\/figure>\n\t\t\t\t\t\t\t<\/template>\n\t\t\t\t\t\t<\/div>\n\t\t\t\t\t<\/div>\n\t\t\t\t<\/template><\/div><form action='https:\/\/wp.ufpel.edu.br\/artenosul\/2024\/09\/27\/museu-do-doce-tem-programacao-especial-para-primavera-dos-museus\/'\n\t\t\t\tid='jp-form-69cc7b205df952d0763d00ae4c2af3026fa80a04'\n\t\t\t\tmethod='post'\n\t\t\t\tclass='contact-form commentsblock' aria-label=\"Museu do Doce tem programa\u00e7\u00e3o especial para Primavera dos Museus\"\n\t\t\t\tdata-wp-on--submit=\"actions.onFormSubmit\"\n\t\t\t\tdata-wp-on--reset=\"actions.onFormReset\"\n\t\t\t\tdata-wp-class--submission-success=\"context.submissionSuccess\"\n\t\t\t\tdata-wp-class--is-first-step=\"state.isFirstStep\"\n\t\t\t\tdata-wp-class--is-last-step=\"state.isLastStep\"\n\t\t\t\tdata-wp-class--is-ajax-form=\"context.useAjax\"\n\t\t\t\tnovalidate >\n<input type='hidden' name='jetpack_contact_form_jwt' value='eyJ0eXAiOiJKV1QiLCJhbGciOiJIUzI1NiJ9.eyJlbmNyeXB0ZWRfYXR0cmlidXRlcyI6Img4OUhBS1NHTWM4dXRIR2NhREQ2THhPampBbzJCYjNla0hqU2NrUlpYVWp6VlhkLzR6aWhZUmt5cEY2VDVZSk5US0VrOVZjazUxVWRnYzNDaklNTGF0Q3V3dzBSSUtWYUFZSlo5WCtzb2treEozd0tXcFVUYkdmVThuZW9HNldrQTVtQmRXdHJ2aXZsU200Znd5OVJTZkI0Z3pZQmdodXY1eUVhTWJONzNndjFrM3FUeVp2MVBoYUtzRlNQNjlVdUo0Rmt5ZkhFSWhxY3JsbGp5a1NxWHJ1Y2NOMThyVEl6c1AxallETU5CQU5nODlVWjNOR29HUnVLaGFMSGsxM2xGcmM1UjZPQU53MmlFZFJnaU11elo5Um5QU0h2dFJoMFQ3RFk3ZzErZHRoZTIwQnJ5SzNCNjFGVEVFR2hnTTloSWZpWDR3VlBNUFRIUStBWW4rUGJhWXk4T0JNU3F1VWh2OHFzVXJ6VVBlT3d6OEJIUUgwbUlOUjZNTDFwT2tNYzJBdE1USW1KZUVaU3BzRWpKOGJaS2pjVy9Dd2h4TGR2YlNockxBQWhwSERYY3JFL0xEdUlDRHR5eHRLSmUxd1JXT1JZT3JTUk8wMHU2TzN1aWdkT045clRpWWdtby84d0VDaTc3VC9vUlgrZ3JQNWhIREl6clNlaTNpWUxaR2J2YTlPaEZHUFF3dldVMkRVazAwRG16Y0FUZmd0UHRobWxBLzFHMmZKMEpwcTUzK2RMVVpFdnJBRU9qdmJMeTlCczVLWEVJOGhSdGZ1TFIvcDJKL2pmVmxjaHNvM0ExSndYVFpsbng0YXNJamZMQ0JkU2VLbEg2djUxTzEyY3pBU2pmM3FxMTdzMUphZERoOTcxMGIxRk5XZUNZR3ZQdGVJa3ByNkczQXZLRFNXeSs1ZUhLNWlhbTZmZUdFSTh5ZzVXbjVucmxKRnpvVjhYL3lLeUZZU1M3MUF2OTdScWJIV2RNMkMvUFBvRm9TbzdCWjNxa0hXVENyay9hRlUzMzdvNEhKTzA3bmhYLzRXcXZ5U3ZLMEZiTDc4eXo2VE5yMFFPNUFnOThTOFlERURuWG4zYS9PUVd4aGF2eVJQZ1dZbHdmc1NyeWgwMjVDSkkrTFFjdFMrNFprTTNIdUVJbVJqMXdwVlpGUk92Ykp2V0NnbjNsQnh0VVI0UEV3UENlQzdvUS9FeEtWRlZJTERqMDdBbEJLZkRmd1Avejkza21DcllpUFVOMXozMi9NOVN5V21rbE5QYWdGYWc0NWpubmtNMFpDL2YiLCJjb250ZW50IjoiW2NvbnRhY3QtZmllbGQgbGFiZWw9XCJOb21lXCIgdHlwZT1cIm5hbWVcIl1bY29udGFjdC1maWVsZCBsYWJlbD1cIkUtbWFpbFwiIHR5cGU9XCJlbWFpbFwiXVtjb250YWN0LWZpZWxkIGxhYmVsPVwiTWVuc2FnZW1cIiB0eXBlPVwidGV4dGFyZWFcIl0iLCJoYXNoIjoiNjljYzdiMjA1ZGY5NTJkMDc2M2QwMGFlNGMyYWYzMDI2ZmE4MGEwNCIsInNvdXJjZSI6eyJlbnRyeV90aXRsZSI6Ik11c2V1IGRvIERvY2UgdGVtIHByb2dyYW1hXHUwMGU3XHUwMGUzbyBlc3BlY2lhbCBwYXJhIFByaW1hdmVyYSBkb3MgTXVzZXVzIiwiZW50cnlfcGFnZSI6MSwic291cmNlX2lkIjoyNzE4OCwic291cmNlX3R5cGUiOiJzaW5nbGUiLCJyZXF1ZXN0X3VybCI6Imh0dHBzOi8vd3AudWZwZWwuZWR1LmJyL2FydGVub3N1bC93cC1qc29uL3dwL3YyL3Bvc3RzLzI3MTg4In0sInZlcnNpb24iOjIsImNpcGhlciI6ImFlcy0yNTYtZ2NtIn0.y0CPJFtCYvnGCKDhD8KdTxilFAXXaJ50OiiQpvsMY4I' \/>\n\n<div style=\"\"  data-wp-interactive=\"jetpack\/form\" data-wp-context='{\"fieldId\":\"g27188-nome\",\"fieldType\":\"name\",\"fieldLabel\":\"Nome\",\"fieldValue\":\"\",\"fieldPlaceholder\":\"\",\"fieldIsRequired\":\"\",\"fieldErrorMessage\":\"\",\"fieldExtra\":[],\"formHash\":\"69cc7b205df952d0763d00ae4c2af3026fa80a04\"}'  class='grunion-field-name-wrap grunion-field-wrap'  data-wp-init='callbacks.initializeField' data-wp-on--jetpack-form-reset='callbacks.initializeField' >\n<label\n\t\t\t\tfor='g27188-nome' class=\"grunion-field-label name\" >Nome<\/label>\n<input\n\t\t\t\t\ttype='text'\n\t\t\t\t\tname='g27188-nome'\n\t\t\t\t\tid='g27188-nome'\n\t\t\t\t\tvalue=''\n\n\t\t\t\t\tdata-wp-bind--aria-invalid='state.fieldHasErrors'\n\t\t\t\t\tdata-wp-bind--value='state.getFieldValue'\n\t\t\t\t\taria-errormessage='g27188-nome-text-error-message'\n\t\t\t\t\tdata-wp-on--input='actions.onFieldChange'\n\t\t\t\t\tdata-wp-on--blur='actions.onFieldBlur'\n\t\t\t\t\tdata-wp-class--has-value='state.hasFieldValue'\n\n\t\t\t\t\tclass='name  grunion-field' \n\t\t\t\t\t \/>\n \n\t\t\t<div id=\"g27188-nome-text-error\" class=\"contact-form__input-error\" data-wp-class--has-errors=\"state.fieldHasErrors\">\n\t\t\t\t<span class=\"contact-form__warning-icon\">\n\t\t\t\t\t<svg width=\"16\" height=\"16\" viewBox=\"0 0 16 16\" fill=\"none\" xmlns=\"http:\/\/www.w3.org\/2000\/svg\">\n\t\t\t\t\t\t<path d=\"M8.50015 11.6402H7.50015V10.6402H8.50015V11.6402Z\" \/>\n\t\t\t\t\t\t<path d=\"M7.50015 9.64018H8.50015V6.30684H7.50015V9.64018Z\" \/>\n\t\t\t\t\t\t<path fill-rule=\"evenodd\" clip-rule=\"evenodd\" d=\"M6.98331 3.0947C7.42933 2.30177 8.57096 2.30177 9.01698 3.09469L13.8771 11.7349C14.3145 12.5126 13.7525 13.4735 12.8602 13.4735H3.14004C2.24774 13.4735 1.68575 12.5126 2.12321 11.7349L6.98331 3.0947ZM8.14541 3.58496C8.08169 3.47168 7.9186 3.47168 7.85488 3.58496L2.99478 12.2251C2.93229 12.3362 3.01257 12.4735 3.14004 12.4735H12.8602C12.9877 12.4735 13.068 12.3362 13.0055 12.2251L8.14541 3.58496Z\" \/>\n\t\t\t\t\t<\/svg>\n\t\t\t\t\t<span class=\"visually-hidden\">Aviso<\/span>\n\t\t\t\t<\/span>\n\t\t\t\t<span data-wp-text=\"state.errorMessage\" id=\"g27188-nome-text-error-message\" role=\"alert\" aria-live=\"assertive\"><\/span>\n\t\t\t<\/div> \n\t<\/div>\n\n<div style=\"\"  data-wp-interactive=\"jetpack\/form\" data-wp-context='{\"fieldId\":\"g27188-email\",\"fieldType\":\"email\",\"fieldLabel\":\"E-mail\",\"fieldValue\":\"\",\"fieldPlaceholder\":\"\",\"fieldIsRequired\":\"\",\"fieldErrorMessage\":\"\",\"fieldExtra\":[],\"formHash\":\"69cc7b205df952d0763d00ae4c2af3026fa80a04\"}'  class='grunion-field-email-wrap grunion-field-wrap'  data-wp-init='callbacks.initializeField' data-wp-on--jetpack-form-reset='callbacks.initializeField' >\n<label\n\t\t\t\tfor='g27188-email' class=\"grunion-field-label email\" >E-mail<\/label>\n<input\n\t\t\t\t\ttype='email'\n\t\t\t\t\tname='g27188-email'\n\t\t\t\t\tid='g27188-email'\n\t\t\t\t\tvalue=''\n\n\t\t\t\t\tdata-wp-bind--aria-invalid='state.fieldHasErrors'\n\t\t\t\t\tdata-wp-bind--value='state.getFieldValue'\n\t\t\t\t\taria-errormessage='g27188-email-email-error-message'\n\t\t\t\t\tdata-wp-on--input='actions.onFieldChange'\n\t\t\t\t\tdata-wp-on--blur='actions.onFieldBlur'\n\t\t\t\t\tdata-wp-class--has-value='state.hasFieldValue'\n\n\t\t\t\t\tclass='email  grunion-field' \n\t\t\t\t\t \/>\n \n\t\t\t<div id=\"g27188-email-email-error\" class=\"contact-form__input-error\" data-wp-class--has-errors=\"state.fieldHasErrors\">\n\t\t\t\t<span class=\"contact-form__warning-icon\">\n\t\t\t\t\t<svg width=\"16\" height=\"16\" viewBox=\"0 0 16 16\" fill=\"none\" xmlns=\"http:\/\/www.w3.org\/2000\/svg\">\n\t\t\t\t\t\t<path d=\"M8.50015 11.6402H7.50015V10.6402H8.50015V11.6402Z\" \/>\n\t\t\t\t\t\t<path d=\"M7.50015 9.64018H8.50015V6.30684H7.50015V9.64018Z\" \/>\n\t\t\t\t\t\t<path fill-rule=\"evenodd\" clip-rule=\"evenodd\" d=\"M6.98331 3.0947C7.42933 2.30177 8.57096 2.30177 9.01698 3.09469L13.8771 11.7349C14.3145 12.5126 13.7525 13.4735 12.8602 13.4735H3.14004C2.24774 13.4735 1.68575 12.5126 2.12321 11.7349L6.98331 3.0947ZM8.14541 3.58496C8.08169 3.47168 7.9186 3.47168 7.85488 3.58496L2.99478 12.2251C2.93229 12.3362 3.01257 12.4735 3.14004 12.4735H12.8602C12.9877 12.4735 13.068 12.3362 13.0055 12.2251L8.14541 3.58496Z\" \/>\n\t\t\t\t\t<\/svg>\n\t\t\t\t\t<span class=\"visually-hidden\">Aviso<\/span>\n\t\t\t\t<\/span>\n\t\t\t\t<span data-wp-text=\"state.errorMessage\" id=\"g27188-email-email-error-message\" role=\"alert\" aria-live=\"assertive\"><\/span>\n\t\t\t<\/div> \n\t<\/div>\n\n<div style=\"\"  data-wp-interactive=\"jetpack\/form\" data-wp-context='{\"fieldId\":\"g27188-mensagem\",\"fieldType\":\"textarea\",\"fieldLabel\":\"Mensagem\",\"fieldValue\":\"\",\"fieldPlaceholder\":\"\",\"fieldIsRequired\":\"\",\"fieldErrorMessage\":\"\",\"fieldExtra\":[],\"formHash\":\"69cc7b205df952d0763d00ae4c2af3026fa80a04\"}'  class='grunion-field-textarea-wrap grunion-field-wrap'  data-wp-init='callbacks.initializeField' data-wp-on--jetpack-form-reset='callbacks.initializeField' >\n<label\n\t\t\t\tfor='contact-form-comment-g27188-mensagem' class=\"grunion-field-label textarea\" >Mensagem<\/label>\n<textarea\n\t\t                style=''\n\t\t                name='g27188-mensagem'\n\t\t                id='contact-form-comment-g27188-mensagem'\n\t\t                rows='20'\n\t\t\t\t\t\tdata-wp-text='state.getFieldValue'\n\t\t\t\t\t\tdata-wp-on--input='actions.onFieldChange'\n\t\t\t\t\t\tdata-wp-on--blur='actions.onFieldBlur'\n\t\t\t\t\t\tdata-wp-class--has-value='state.hasFieldValue'\n\t\t\t\t\t\tdata-wp-bind--aria-invalid='state.fieldHasErrors'\n\t\t\t\t\t\taria-errormessage='g27188-mensagem-textarea-error-message'\n\t\t\t\t\t\tclass='textarea  grunion-field'  ><\/textarea>\n \n\t\t\t<div id=\"g27188-mensagem-textarea-error\" class=\"contact-form__input-error\" data-wp-class--has-errors=\"state.fieldHasErrors\">\n\t\t\t\t<span class=\"contact-form__warning-icon\">\n\t\t\t\t\t<svg width=\"16\" height=\"16\" viewBox=\"0 0 16 16\" fill=\"none\" xmlns=\"http:\/\/www.w3.org\/2000\/svg\">\n\t\t\t\t\t\t<path d=\"M8.50015 11.6402H7.50015V10.6402H8.50015V11.6402Z\" \/>\n\t\t\t\t\t\t<path d=\"M7.50015 9.64018H8.50015V6.30684H7.50015V9.64018Z\" \/>\n\t\t\t\t\t\t<path fill-rule=\"evenodd\" clip-rule=\"evenodd\" d=\"M6.98331 3.0947C7.42933 2.30177 8.57096 2.30177 9.01698 3.09469L13.8771 11.7349C14.3145 12.5126 13.7525 13.4735 12.8602 13.4735H3.14004C2.24774 13.4735 1.68575 12.5126 2.12321 11.7349L6.98331 3.0947ZM8.14541 3.58496C8.08169 3.47168 7.9186 3.47168 7.85488 3.58496L2.99478 12.2251C2.93229 12.3362 3.01257 12.4735 3.14004 12.4735H12.8602C12.9877 12.4735 13.068 12.3362 13.0055 12.2251L8.14541 3.58496Z\" \/>\n\t\t\t\t\t<\/svg>\n\t\t\t\t\t<span class=\"visually-hidden\">Aviso<\/span>\n\t\t\t\t<\/span>\n\t\t\t\t<span data-wp-text=\"state.errorMessage\" id=\"g27188-mensagem-textarea-error-message\" role=\"alert\" aria-live=\"assertive\"><\/span>\n\t\t\t<\/div>\n\t<\/div>\n\t<p class='contact-submit'>\n<div class=\"contact-form__error\" data-wp-class--show-errors=\"state.showFormErrors\"><span class=\"contact-form__warning-icon\"><span class=\"visually-hidden\">Aten\u00e7\u00e3o.<\/span><i aria-hidden=\"true\"><\/i><\/span>\n\t\t\t\t<span data-wp-text=\"state.getFormErrorMessage\"><\/span>\n\t\t\t\t<ul>\n\t\t\t\t<template data-wp-each=\"state.getErrorList\" data-wp-key=\"context.item.id\">\n\t\t\t\t\t<li><a data-wp-bind--href=\"context.item.anchor\" data-wp-on--click=\"actions.scrollIntoView\" data-wp-text=\"context.item.label\"><\/a><\/li>\n\t\t\t\t<\/template>\n\t\t\t\t<\/ul><\/div><div class=\"contact-form__error\" data-wp-class--show-errors=\"state.showSubmissionError\" data-wp-text=\"context.submissionError\"><\/div>\t\t<button type='submit' class='pushbutton-wide'>Enviar<\/button>\t\t<input type='hidden' name='contact-form-id' value='27188' \/>\n\t\t<input type='hidden' name='action' value='grunion-contact-form' \/>\n\t\t<input type='hidden' name='contact-form-hash' value='69cc7b205df952d0763d00ae4c2af3026fa80a04' \/>\n\t<\/p>\n<p style=\"display: none !important;\" class=\"akismet-fields-container\" data-prefix=\"ak_\"><label>&#916;<textarea name=\"ak_hp_textarea\" cols=\"45\" rows=\"8\" maxlength=\"100\"><\/textarea><\/label><input type=\"hidden\" id=\"ak_js_1\" name=\"ak_js\" value=\"19\"\/><script>document.getElementById( \"ak_js_1\" ).setAttribute( \"value\", ( new Date() ).getTime() );<\/script><\/p><\/form>\n<\/div>\n","protected":false},"excerpt":{"rendered":"<p>Amanh\u00e3, dia 28 de setembro, o espa\u00e7o ter\u00e1 atividades culturais e musicais com abertura noturna\u00a0 \u00a0 \u00a0 \u00a0 St\u00e9fane Costa\u00a0 \u00a0 \u00a0 \u00a0 \u00a0 &nbsp; Museus de todo o Pa\u00eds est\u00e3o com uma programa\u00e7\u00e3o especial pela 18\u00aa Primavera dos Museus, a\u00e7\u00e3o promovida pelo Instituto Brasileiro de Museus (Ibram). Esses locais de resgate hist\u00f3rico e import\u00e2ncia &hellip; <\/p>\n<p><a class=\"more-link btn\" href=\"https:\/\/wp.ufpel.edu.br\/artenosul\/2024\/09\/27\/museu-do-doce-tem-programacao-especial-para-primavera-dos-museus\/\">Continue lendo<\/a><\/p>\n","protected":false},"author":571,"featured_media":26904,"comment_status":"closed","ping_status":"closed","sticky":false,"template":"","format":"standard","meta":{"jetpack_post_was_ever_published":false,"_jetpack_newsletter_access":"","_jetpack_dont_email_post_to_subs":false,"_jetpack_newsletter_tier_id":0,"_jetpack_memberships_contains_paywalled_content":false,"_jetpack_memberships_contains_paid_content":false,"footnotes":"","jetpack_publicize_message":"","jetpack_publicize_feature_enabled":true,"jetpack_social_post_already_shared":true,"jetpack_social_options":{"image_generator_settings":{"template":"highway","default_image_id":0,"font":"","enabled":false},"version":2}},"categories":[88,1],"tags":[2276,786,506,2279,131,2277,1720,2278],"class_list":["post-27188","post","type-post","status-publish","format-standard","has-post-thumbnail","hentry","category-comunidade","category-noticias","tag-18a-primavera-dos-museus","tag-centro-historico","tag-museu-do-doce","tag-museu-do-doce-de-pelotas","tag-pelotas","tag-primavera-dos-museus","tag-stefane-costa","tag-uma-noite-no-museu","nodate","item-wrap"],"jetpack_publicize_connections":[],"jetpack_featured_media_url":"https:\/\/wp.ufpel.edu.br\/artenosul\/files\/2024\/08\/Imagem1.jpg","jetpack_sharing_enabled":true,"jetpack_likes_enabled":true,"jetpack_shortlink":"https:\/\/wp.me\/p6PuxQ-74w","jetpack-related-posts":[{"id":21642,"url":"https:\/\/wp.ufpel.edu.br\/artenosul\/2023\/09\/18\/confira-a-programacao-da-17a-primavera-dos-museus-em-pelotas\/","url_meta":{"origin":27188,"position":0},"title":"Confira a programa\u00e7\u00e3o da 17\u00aa Primavera dos Museus em Pelotas","author":"artenosul","date":"18 de setembro de 2023","format":false,"excerpt":"Evento anual acontece de hoje a 24 de setembro e trar\u00e1 semana com atividades especiais em busca de fortalecer la\u00e7os entre museus e sociedade\u00a0 \u00a0\u00a0 Por Beatriz Gomes\u00a0 \u00a0 \u00a0 \u00a0 O munic\u00edpio de Pelotas receber\u00e1 a 17\u00aa edi\u00e7\u00e3o da \u201cPrimavera dos Museus\u201d, iniciativa anual que \u00e9 coordenada pelo Instituto\u2026","rel":"","context":"Em &quot;COMUNIDADE&quot;","block_context":{"text":"COMUNIDADE","link":"https:\/\/wp.ufpel.edu.br\/artenosul\/category\/comunidade\/"},"img":{"alt_text":"","src":"https:\/\/i0.wp.com\/wp.ufpel.edu.br\/artenosul\/files\/2023\/09\/museu-de-arte-leopoldo.jpg?resize=350%2C200&ssl=1","width":350,"height":200,"srcset":"https:\/\/i0.wp.com\/wp.ufpel.edu.br\/artenosul\/files\/2023\/09\/museu-de-arte-leopoldo.jpg?resize=350%2C200&ssl=1 1x, https:\/\/i0.wp.com\/wp.ufpel.edu.br\/artenosul\/files\/2023\/09\/museu-de-arte-leopoldo.jpg?resize=525%2C300&ssl=1 1.5x, https:\/\/i0.wp.com\/wp.ufpel.edu.br\/artenosul\/files\/2023\/09\/museu-de-arte-leopoldo.jpg?resize=700%2C400&ssl=1 2x, https:\/\/i0.wp.com\/wp.ufpel.edu.br\/artenosul\/files\/2023\/09\/museu-de-arte-leopoldo.jpg?resize=1050%2C600&ssl=1 3x"},"classes":[]},{"id":27045,"url":"https:\/\/wp.ufpel.edu.br\/artenosul\/2024\/09\/02\/exposicao-promove-reflexoes-sobre-enchente-que-afetou-pelotas\/","url_meta":{"origin":27188,"position":1},"title":"Exposi\u00e7\u00e3o promove reflex\u00f5es sobre enchente que afetou Pelotas","author":"artenosul","date":"2 de setembro de 2024","format":false,"excerpt":"Mapa da cidade em 3D, exposto no Museu Carlos Ritter, prop\u00f5e e estimula debates sobre a cidade\u00a0 \u00a0 \u00a0 St\u00e9fane Costa\u00a0 \u00a0 \u00a0 \u00a0 \u00a0 Parte do cora\u00e7\u00e3o do Centro Hist\u00f3rico de Pelotas, o Museu de Ci\u00eancias Naturais Carlos Ritter mostra muito mais do que se prop\u00f5e. Apesar de visar\u2026","rel":"","context":"Em &quot;COMUNIDADE&quot;","block_context":{"text":"COMUNIDADE","link":"https:\/\/wp.ufpel.edu.br\/artenosul\/category\/comunidade\/"},"img":{"alt_text":"","src":"https:\/\/i0.wp.com\/wp.ufpel.edu.br\/artenosul\/files\/2024\/09\/Foto-3b.jpeg?resize=350%2C200&ssl=1","width":350,"height":200,"srcset":"https:\/\/i0.wp.com\/wp.ufpel.edu.br\/artenosul\/files\/2024\/09\/Foto-3b.jpeg?resize=350%2C200&ssl=1 1x, https:\/\/i0.wp.com\/wp.ufpel.edu.br\/artenosul\/files\/2024\/09\/Foto-3b.jpeg?resize=525%2C300&ssl=1 1.5x, https:\/\/i0.wp.com\/wp.ufpel.edu.br\/artenosul\/files\/2024\/09\/Foto-3b.jpeg?resize=700%2C400&ssl=1 2x"},"classes":[]},{"id":26492,"url":"https:\/\/wp.ufpel.edu.br\/artenosul\/2024\/03\/05\/licoes-da-historia-do-doce-e-ciencias-naturais-no-centro-de-pelotas\/","url_meta":{"origin":27188,"position":2},"title":"Li\u00e7\u00f5es da hist\u00f3ria do doce e ci\u00eancias naturais no Centro de Pelotas","author":"artenosul","date":"5 de mar\u00e7o de 2024","format":false,"excerpt":"Os museus da Universidade Federal de Pelotas (UFPel) cumprem sua miss\u00e3o de democratizar conhecimentos\u00a0 \u00a0 \u00a0 \u00a0 \u00a0 \u00a0 \u00a0 \u00a0 \u00a0 Por Carolina Farias Tapia e Sara Lopes da Silva\u00a0 \u00a0 \u00a0 \u00a0 \u00a0\u00a0 No cora\u00e7\u00e3o da cidade de Pelotas, localizados no entorno da pra\u00e7a Coronel Pedro Os\u00f3rio, os\u2026","rel":"","context":"Em &quot;COMUNIDADE&quot;","block_context":{"text":"COMUNIDADE","link":"https:\/\/wp.ufpel.edu.br\/artenosul\/category\/comunidade\/"},"img":{"alt_text":"","src":"https:\/\/i0.wp.com\/wp.ufpel.edu.br\/artenosul\/files\/2024\/03\/fachada-doce-1-rotated.jpg?resize=350%2C200&ssl=1","width":350,"height":200},"classes":[]},{"id":8639,"url":"https:\/\/wp.ufpel.edu.br\/artenosul\/2020\/07\/23\/visita-ao-museu-do-doce-em-video\/","url_meta":{"origin":27188,"position":3},"title":"Visita ao Museu do Doce em v\u00eddeo","author":"artenosul","date":"23 de julho de 2020","format":false,"excerpt":"Por Gilmar Hermes No in\u00edcio deste m\u00eas, dia 2 de julho, a emissora TV Brasil apresentou uma edi\u00e7\u00e3o do programa Conhecendo Museus sobre o Museu do Doce de Pelotas, vinculado ao Instituto de Ci\u00eancias Humanas da UFPel. E, desde o dia 15 de julho, o epis\u00f3dio da temporada deste ano\u2026","rel":"","context":"Em &quot;COMUNIDADE&quot;","block_context":{"text":"COMUNIDADE","link":"https:\/\/wp.ufpel.edu.br\/artenosul\/category\/comunidade\/"},"img":{"alt_text":"","src":"https:\/\/i0.wp.com\/wp.ufpel.edu.br\/artenosul\/files\/2020\/07\/6-scaled.jpeg?resize=350%2C200&ssl=1","width":350,"height":200,"srcset":"https:\/\/i0.wp.com\/wp.ufpel.edu.br\/artenosul\/files\/2020\/07\/6-scaled.jpeg?resize=350%2C200&ssl=1 1x, https:\/\/i0.wp.com\/wp.ufpel.edu.br\/artenosul\/files\/2020\/07\/6-scaled.jpeg?resize=525%2C300&ssl=1 1.5x, https:\/\/i0.wp.com\/wp.ufpel.edu.br\/artenosul\/files\/2020\/07\/6-scaled.jpeg?resize=700%2C400&ssl=1 2x, https:\/\/i0.wp.com\/wp.ufpel.edu.br\/artenosul\/files\/2020\/07\/6-scaled.jpeg?resize=1050%2C600&ssl=1 3x, https:\/\/i0.wp.com\/wp.ufpel.edu.br\/artenosul\/files\/2020\/07\/6-scaled.jpeg?resize=1400%2C800&ssl=1 4x"},"classes":[]},{"id":2734,"url":"https:\/\/wp.ufpel.edu.br\/artenosul\/2016\/06\/02\/exposicao-revisita-obra-de-gotuzzo\/","url_meta":{"origin":27188,"position":4},"title":"Mostra revisita obra de Gotuzzo","author":"artenosul","date":"2 de junho de 2016","format":false,"excerpt":"- Reportagem de Carina dos Reis e Lucas Pereira - Museu de Artes \u00a0comemora 30 anos em grande estilo com exposi\u00e7\u00f5es e encontros - Abriram no dia 18 de maio as comemora\u00e7\u00f5es do trig\u00e9simo anivers\u00e1rio do Museu de Artes Leopoldo Gotuzzo (MALG),\u00a0 vinculado \u00e0 Universidade Federal de Pelotas (UFPel). Nas\u2026","rel":"","context":"Em &quot;ARTES VISUAIS&quot;","block_context":{"text":"ARTES VISUAIS","link":"https:\/\/wp.ufpel.edu.br\/artenosul\/category\/artes-visuais\/"},"img":{"alt_text":"","src":"https:\/\/i0.wp.com\/wp.ufpel.edu.br\/artenosul\/files\/2016\/06\/O-Museu-se-enfeitou-para-receber-as-obras-do-artista2.jpg?resize=350%2C200&ssl=1","width":350,"height":200,"srcset":"https:\/\/i0.wp.com\/wp.ufpel.edu.br\/artenosul\/files\/2016\/06\/O-Museu-se-enfeitou-para-receber-as-obras-do-artista2.jpg?resize=350%2C200&ssl=1 1x, https:\/\/i0.wp.com\/wp.ufpel.edu.br\/artenosul\/files\/2016\/06\/O-Museu-se-enfeitou-para-receber-as-obras-do-artista2.jpg?resize=525%2C300&ssl=1 1.5x, https:\/\/i0.wp.com\/wp.ufpel.edu.br\/artenosul\/files\/2016\/06\/O-Museu-se-enfeitou-para-receber-as-obras-do-artista2.jpg?resize=700%2C400&ssl=1 2x"},"classes":[]},{"id":21371,"url":"https:\/\/wp.ufpel.edu.br\/artenosul\/2023\/08\/18\/dia-do-patrimonio-tera-diversas-atividades-na-regiao-neste-fim-de-semana\/","url_meta":{"origin":27188,"position":5},"title":"Dia do Patrim\u00f4nio ter\u00e1 diversas atividades na regi\u00e3o neste fim de semana","author":"artenosul","date":"18 de agosto de 2023","format":false,"excerpt":"Cidades de Pelotas e Rio Grande tem programa\u00e7\u00e3o que valoriza bens hist\u00f3ricos e culturais\u00a0 \u00a0 \u00a0 Por St\u00e9fane Costa\u00a0\u00a0\u00a0\u00a0\u00a0 Celebrado no dia 17 de agosto, data de cria\u00e7\u00e3o do Instituto do Patrim\u00f4nio Hist\u00f3rico e Art\u00edstico Nacional (Iphan), o Dia do Patrim\u00f4nio chega em mais uma edi\u00e7\u00e3o para mostrar a import\u00e2ncia\u2026","rel":"","context":"Em &quot;COMUNIDADE&quot;","block_context":{"text":"COMUNIDADE","link":"https:\/\/wp.ufpel.edu.br\/artenosul\/category\/comunidade\/"},"img":{"alt_text":"","src":"https:\/\/i0.wp.com\/wp.ufpel.edu.br\/artenosul\/files\/2023\/08\/52300973877_99b63d0225_k.jpg?resize=350%2C200&ssl=1","width":350,"height":200,"srcset":"https:\/\/i0.wp.com\/wp.ufpel.edu.br\/artenosul\/files\/2023\/08\/52300973877_99b63d0225_k.jpg?resize=350%2C200&ssl=1 1x, https:\/\/i0.wp.com\/wp.ufpel.edu.br\/artenosul\/files\/2023\/08\/52300973877_99b63d0225_k.jpg?resize=525%2C300&ssl=1 1.5x, https:\/\/i0.wp.com\/wp.ufpel.edu.br\/artenosul\/files\/2023\/08\/52300973877_99b63d0225_k.jpg?resize=700%2C400&ssl=1 2x, https:\/\/i0.wp.com\/wp.ufpel.edu.br\/artenosul\/files\/2023\/08\/52300973877_99b63d0225_k.jpg?resize=1050%2C600&ssl=1 3x, https:\/\/i0.wp.com\/wp.ufpel.edu.br\/artenosul\/files\/2023\/08\/52300973877_99b63d0225_k.jpg?resize=1400%2C800&ssl=1 4x"},"classes":[]}],"_links":{"self":[{"href":"https:\/\/wp.ufpel.edu.br\/artenosul\/wp-json\/wp\/v2\/posts\/27188","targetHints":{"allow":["GET"]}}],"collection":[{"href":"https:\/\/wp.ufpel.edu.br\/artenosul\/wp-json\/wp\/v2\/posts"}],"about":[{"href":"https:\/\/wp.ufpel.edu.br\/artenosul\/wp-json\/wp\/v2\/types\/post"}],"author":[{"embeddable":true,"href":"https:\/\/wp.ufpel.edu.br\/artenosul\/wp-json\/wp\/v2\/users\/571"}],"replies":[{"embeddable":true,"href":"https:\/\/wp.ufpel.edu.br\/artenosul\/wp-json\/wp\/v2\/comments?post=27188"}],"version-history":[{"count":5,"href":"https:\/\/wp.ufpel.edu.br\/artenosul\/wp-json\/wp\/v2\/posts\/27188\/revisions"}],"predecessor-version":[{"id":27198,"href":"https:\/\/wp.ufpel.edu.br\/artenosul\/wp-json\/wp\/v2\/posts\/27188\/revisions\/27198"}],"wp:featuredmedia":[{"embeddable":true,"href":"https:\/\/wp.ufpel.edu.br\/artenosul\/wp-json\/wp\/v2\/media\/26904"}],"wp:attachment":[{"href":"https:\/\/wp.ufpel.edu.br\/artenosul\/wp-json\/wp\/v2\/media?parent=27188"}],"wp:term":[{"taxonomy":"category","embeddable":true,"href":"https:\/\/wp.ufpel.edu.br\/artenosul\/wp-json\/wp\/v2\/categories?post=27188"},{"taxonomy":"post_tag","embeddable":true,"href":"https:\/\/wp.ufpel.edu.br\/artenosul\/wp-json\/wp\/v2\/tags?post=27188"}],"curies":[{"name":"wp","href":"https:\/\/api.w.org\/{rel}","templated":true}]}}