{"id":26869,"date":"2024-07-19T11:47:01","date_gmt":"2024-07-19T14:47:01","guid":{"rendered":"https:\/\/wp.ufpel.edu.br\/artenosul\/?p=26869"},"modified":"2024-07-19T11:47:01","modified_gmt":"2024-07-19T14:47:01","slug":"jornalistas-rio-grandinas-lancam-clube-de-leitura-focado-na-literatura-da-regiao-sul-do-estado","status":"publish","type":"post","link":"https:\/\/wp.ufpel.edu.br\/artenosul\/2024\/07\/19\/jornalistas-rio-grandinas-lancam-clube-de-leitura-focado-na-literatura-da-regiao-sul-do-estado\/","title":{"rendered":"Jornalistas rio-grandinas lan\u00e7am clube de leitura focado na literatura da Regi\u00e3o Sul do Estado"},"content":{"rendered":"<p style=\"text-align: center;\"><span style=\"color: #000080;\"><em><strong><span style=\"font-family: arial, helvetica, sans-serif;\">Lisandra Miranda e Milene Louzada estar\u00e3o neste s\u00e1bado, dia 20 de julho, na Livraria Hippocampus, no Balne\u00e1rio Cassino, para o primeiro encontro do clube\u00a0\u00a0 \u00a0<\/span><\/strong><\/em><\/span><\/p>\n<p style=\"text-align: right;\"><span style=\"color: #000080;\"><em><strong><span style=\"font-family: arial, helvetica, sans-serif;\">Por Vict\u00f3ria Silva\u00a0 \u00a0 \u00a0<\/span><\/strong><\/em><\/span><\/p>\n<p style=\"text-align: justify;\"><span style=\"font-family: arial, helvetica, sans-serif;\">Idealizado pelas jornalistas rio-grandinas Lisandra Miranda e Milene Louzada, o Clube Ao Quadrado vem para somar no cen\u00e1rio liter\u00e1rio da cidade do Rio Grande, na Regi\u00e3o Sul do Estado. Neste s\u00e1bado, dia 20 de julho, acontece o primeiro encontro do clube, \u00e0s 15h, na Livraria Hippocampus, na Rua Jovem Airton Porto Alegre, n\u00ba 387, no Balne\u00e1rio Cassino. A proposta \u00e9 criar um espa\u00e7o de troca de experi\u00eancias de leitura entre leitores e autores das obras selecionadas a cada m\u00eas, e, ao mesmo tempo, promover a divulga\u00e7\u00e3o de obras locais.<\/span><\/p>\n<p style=\"text-align: justify;\"><span style=\"font-family: arial, helvetica, sans-serif;\">O que come\u00e7ou como um <a href=\"https:\/\/open.spotify.com\/show\/1ZAk3NeteW3pykq5ZqAUev?si=hpx_sNfWQc6c6ipsOxfqsg\" target=\"_blank\" rel=\"noopener\"><strong>programa de podcast<\/strong><\/a> em 2023, o Ao Quadrado \u00e9 um projeto que une comunica\u00e7\u00e3o e literatura, duas das paix\u00f5es das criadoras. O podcast, agora em sua terceira temporada, possui dois quadros: &#8220;Ao Cubo&#8221;, que traz entrevistas com produtores culturais dos munic\u00edpios de Pelotas e Rio Grande; e \u201cDose Dupla\u201d, no qual as apresentadoras discutem as obras de seus interesses de forma leve e descontra\u00edda. Os epis\u00f3dios s\u00e3o lan\u00e7ados todas as segundas-feiras, \u00e0s 10h. O Clube Ao Quadrado \u00e9 a nova aposta das jornalistas, que pretendem trazer o estilo do programa para mais perto do p\u00fablico, facilitando o interc\u00e2mbio de la\u00e7os e de ideias.<\/span><\/p>\n<p>&nbsp;<\/p>\n<div id=\"attachment_26871\" style=\"width: 644px\" class=\"wp-caption aligncenter\"><img loading=\"lazy\" decoding=\"async\" aria-describedby=\"caption-attachment-26871\" class=\"wp-image-26871 \" src=\"https:\/\/wp.ufpel.edu.br\/artenosul\/files\/2024\/07\/Foto-de-divulgacao-1-500x500.png\" alt=\"\" width=\"644\" height=\"644\" srcset=\"https:\/\/wp.ufpel.edu.br\/artenosul\/files\/2024\/07\/Foto-de-divulgacao-1-500x500.png 500w, https:\/\/wp.ufpel.edu.br\/artenosul\/files\/2024\/07\/Foto-de-divulgacao-1-300x300.png 300w, https:\/\/wp.ufpel.edu.br\/artenosul\/files\/2024\/07\/Foto-de-divulgacao-1-768x768.png 768w, https:\/\/wp.ufpel.edu.br\/artenosul\/files\/2024\/07\/Foto-de-divulgacao-1-1536x1536.png 1536w, https:\/\/wp.ufpel.edu.br\/artenosul\/files\/2024\/07\/Foto-de-divulgacao-1-2048x2048.png 2048w, https:\/\/wp.ufpel.edu.br\/artenosul\/files\/2024\/07\/Foto-de-divulgacao-1-855x855.png 855w\" sizes=\"auto, (max-width: 644px) 100vw, 644px\" \/><p id=\"caption-attachment-26871\" class=\"wp-caption-text\"><strong><span style=\"font-family: arial, helvetica, sans-serif;\"><span style=\"color: #3366ff;\">Milene Louzada e Lisandra Miranda produzem conte\u00fado jornal\u00edstico e liter\u00e1rio desde 2023\u00a0 \u00a0 \u00a0 \u00a0 \u00a0 \u00a0 \u00a0 \u00a0 \u00a0 \u00a0 \u00a0 \u00a0 \u00a0 \u00a0Foto: Divulga\u00e7\u00e3o\/Instagram @aoquadradopod<\/span><\/span><\/strong><\/p><\/div>\n<p style=\"text-align: justify;\"><span style=\"font-family: arial, helvetica, sans-serif;\">O clube, hoje com mais de 20 inscritos, n\u00e3o tem mensalidade nem requer associa\u00e7\u00e3o. As reuni\u00f5es, em formato presencial, s\u00e3o mensais, todo terceiro s\u00e1bado de cada m\u00eas at\u00e9 novembro. Para esta primeira edi\u00e7\u00e3o, o destaque ser\u00e1 para escritoras mulheres da regi\u00e3o.<\/span><\/p>\n<p style=\"text-align: justify;\"><span style=\"font-family: arial, helvetica, sans-serif;\">\u201cIncentivar a leitura dos autores nacionais \u00e9 incentivar o mercado a olhar para quem produz dentro do pa\u00eds\u201d, pontuaram as jornalistas. \u201c\u00c9 gratificante perceber como as pessoas respeitam o nosso trabalho, que fazemos com seriedade, dedica\u00e7\u00e3o e muita leitura. Acreditamos que \u00e9 um sonho se tornando realidade, afinal, sempre ouvimos que nossa profiss\u00e3o vai acabar, mas o Ao Quadrado \u00e9 a esperan\u00e7a de que \u00e9 poss\u00edvel fazermos comunica\u00e7\u00e3o sobre tem\u00e1ticas que gostamos, pois temos pessoas que nos ouvem e abra\u00e7am essa ideia\u201d.<\/span><\/p>\n<p style=\"text-align: justify;\"><span style=\"font-family: arial, helvetica, sans-serif;\">Neste m\u00eas, a escritora e jornalista Andr\u00e9ia Pires \u00e9 a convidada. O bate-papo ter\u00e1 como foco o seu livro &#8220;O C\u00e9u Riscado na Pele&#8221;, publicado em 2021 pela Editora Concha, da qual Andr\u00e9ia \u00e9 a propriet\u00e1ria. \u201cAndr\u00e9ia \u00e9 rio-grandina e tem a cidade do Rio Grande como ambienta\u00e7\u00e3o em seus livros, assim valoriza os espa\u00e7os do munic\u00edpio para criar cen\u00e1rios para suas hist\u00f3rias, o que faz com que o leitor se identifique ao longo da leitura\u201d, explicam Lisandra e Milene ao justificarem a escolha do livro de abertura da primeira edi\u00e7\u00e3o do clube.\u00a0\u00a0\u00a0<\/span><\/p>\n<p style=\"text-align: justify;\"><span style=\"font-family: arial, helvetica, sans-serif;\">Para participar, \u00e9 necess\u00e1rio preencher este formul\u00e1rio: <a href=\"https:\/\/docs.google.com\/forms\/d\/e\/1FAIpQLScXX8vdb9NgGEKuiYDaZ8Vv0GBTzAsjyjETOaPEzyNxQH2P3A\/viewform\" target=\"_blank\" rel=\"noopener\"><strong>https:\/\/forms.gle\/gJCfcsQspo4SMUQo9<\/strong><\/a>. Mais informa\u00e7\u00f5es est\u00e3o dispon\u00edveis no perfil do <strong><a href=\"https:\/\/www.instagram.com\/aoquadradopod?igsh=YWxuanBza2NiNDgx\" target=\"_blank\" rel=\"noopener\">projeto Ao Quadrado no Instagram<\/a>.<\/strong><\/span><\/p>\n<p style=\"text-align: justify;\"><a href=\"http:\/\/wp.ufpel.edu.br\/artenosul\"><span style=\"color: #3366ff;\"><strong><span style=\"font-family: arial, helvetica, sans-serif;\">PRIMEIRA P\u00c1GINA<\/span><\/strong><\/span><\/a><\/p>\n<p style=\"text-align: justify;\"><span style=\"color: #3366ff;\"><strong><span style=\"font-family: arial, helvetica, sans-serif;\">COMENT\u00c1RIOS<\/span><\/strong><\/span><\/p>\n<div data-test='contact-form'\n\t\t\tid='contact-form-26869'\n\t\t\tclass='wp-block-jetpack-contact-form-container '\n\t\t\tdata-wp-interactive='jetpack\/form' data-wp-context='{\"formId\":\"26869\",\"formHash\":\"2446ff190c72718ed87dc3865376a100620bee80\",\"showErrors\":false,\"errors\":[],\"fields\":[],\"isMultiStep\":false,\"useAjax\":true,\"submissionData\":null,\"formattedSubmissionData\":[],\"submissionSuccess\":false,\"submissionError\":null,\"elementId\":\"jp-form-2446ff190c72718ed87dc3865376a100620bee80\",\"isSingleInputForm\":false}'\n\t\t\tdata-wp-watch--scroll-to-wrapper=\"callbacks.scrollToWrapper\"\n\t\t>\n<div class=\"contact-form-submission contact-form-ajax-submission\" data-wp-class--submission-success=\"context.submissionSuccess\"><p class=\"go-back-message\"><a class=\"link\" role=\"button\" tabindex=\"0\" data-wp-on--click=\"actions.goBack\" href=\"\/artenosul\/wp-json\/wp\/v2\/posts\/26869\">Voltar<\/a><\/p><h4 id=\"contact-form-success-header\">Sua mensagem foi enviada<\/h4>\n\n<template data-wp-each--submission=\"context.formattedSubmissionData\">\n\t\t\t\t\t<div class=\"jetpack_forms_contact-form-success-summary\">\n\t\t\t\t\t\t<div class=\"field-name\" data-wp-text=\"context.submission.label\" data-wp-bind--hidden=\"!context.submission.label\"><\/div>\n\t\t\t\t\t\t<div class=\"field-value\" data-wp-text=\"context.submission.value\"><\/div>\n\t\t\t\t\t\t<div class=\"field-images\" data-wp-bind--hidden=\"!context.submission.images\">\n\t\t\t\t\t\t\t<template data-wp-each--image=\"context.submission.images\">\n\t\t\t\t\t\t\t\t<figure class=\"field-image\" data-wp-class--is-empty=\"!context.image\">\n\t\t\t\t\t\t\t\t\t<img data-wp-bind--src=\"context.image\" data-wp-bind--hidden=\"!context.image\" \/>\n\t\t\t\t\t\t\t\t\t<img decoding=\"async\" src=\"data:image\/gif;base64,R0lGODlhAQABAAD\/ACwAAAAAAQABAAACADs=\" data-wp-bind--hidden=\"context.image\" \/>\n\t\t\t\t\t\t\t\t<\/figure>\n\t\t\t\t\t\t\t<\/template>\n\t\t\t\t\t\t<\/div>\n\t\t\t\t\t<\/div>\n\t\t\t\t<\/template><\/div><form action='https:\/\/wp.ufpel.edu.br\/artenosul\/2024\/07\/19\/jornalistas-rio-grandinas-lancam-clube-de-leitura-focado-na-literatura-da-regiao-sul-do-estado\/'\n\t\t\t\tid='jp-form-2446ff190c72718ed87dc3865376a100620bee80'\n\t\t\t\tmethod='post'\n\t\t\t\tclass='contact-form commentsblock' aria-label=\"Jornalistas rio-grandinas lan\u00e7am clube de leitura focado na literatura da Regi\u00e3o Sul do Estado\"\n\t\t\t\tdata-wp-on--submit=\"actions.onFormSubmit\"\n\t\t\t\tdata-wp-on--reset=\"actions.onFormReset\"\n\t\t\t\tdata-wp-class--submission-success=\"context.submissionSuccess\"\n\t\t\t\tdata-wp-class--is-first-step=\"state.isFirstStep\"\n\t\t\t\tdata-wp-class--is-last-step=\"state.isLastStep\"\n\t\t\t\tdata-wp-class--is-ajax-form=\"context.useAjax\"\n\t\t\t\tnovalidate >\n<input type='hidden' name='jetpack_contact_form_jwt' value='eyJ0eXAiOiJKV1QiLCJhbGciOiJIUzI1NiJ9.eyJlbmNyeXB0ZWRfYXR0cmlidXRlcyI6IkVRek9zMHVxeXhXa09Lb1dpOXg0dTNXM3NwTWt6L0dsSmkyWXBRaU9HOXI4TCs2SGYwRUlMRG52cmtVNm1ESHNubnV5bTlwTERtMzJiRHA3cHhRa0Z4eERJTkRsVitSZEJoTzNQY0Y3N202QjZ0SkxVOXJnQ09vckNCY29SM3lxMm9MbXJWSDNTMVZWS052enFnZFVhbkVnejFHOEJrOTJUaVY3UlljV2VsMU1ieGtUNTJ1MlRKMUppOWhBMHhNbUppTGluYm5ONTBBdThhYzljeUh0cVBPeTF6YTkwTnFDam1DcXJUNHFuOWh2QmhVeG9kVzB6Skp6VmViTVhPNWdkL1VIcTk1dTlwS3BEditBMDEya2Z5cTdZRXNzUnBaYVhBUk1wcVFCeEw3a0JhaVdmUUlmRUNCOXNybzlXK0FrQUhUU0lSbmpRYWRESnpGZmRsbXM1YkxwZGJ3dUxKRndMWnpURmUyOG80TlRpRG93TDNad2xtWmk3Yys3ZlROK2FwQzY0MmpkdHQwOG4zd21vQUlnL1l3UHBGbGgyT3dBdG1oSVhpem5DV2pnRkxMb3JEdi9YZE9CK09ZQXNFMS9MemhTdlVablpVeXpOUnIyKy9lZjY2bU1WeldIL2puRmRvTHpBV3NMMlVTekkvT3l6SFZtWk9ybFVYM3lvTTA5ai9vRXVUeVpOM3NzVTlSbUUyeE9mMXNMa05DSGZmQmp5SGxzOGtDUFFyeVg2VU5kT1BsYUFlQy9EUW5UQWtFbE5ENjJNT1g0Z25Ua3lmcFl1MlI0Q1VUbWFqSDMvcHltMk55VEViUkcveU9EQ0twbVIzY2xDZjV2MlpHek1QRmhZZ0J0dlpVWUg0UXRZSnhUbDc4SU5ZMlZRV1M2MS96RnVLNHM3KzRPS3d2KzFnVSs3UFp1OEh1NWdhdW9IT3lLTzl4ZzFuYUJlcnBGblBjck92R1l6N053Nk90V0UwalBpTlNPdWZETS8rbHRYM3pINXgvaEI2V1pra3lqaU9jNzhKMkgxak1BY2tDdjkyeWpVbnFlUjVCR05wOFBUZysxQ1BxR2RWOGd5L1pCOFZGZ1MrQzVkUDhRWXIyRUIvNDNKN2t2Q2pJeWFRcE56RWViMmVsTzdWaEl6RGxTemg0UEFmZmNFTHVvd1JYTUR4UHU0aXJCdnAyYzlzdVVLK1BsTkdJd2lRaDJUKy9VVi96MTNPSzVhd0w2c2hUVnpxMCt2NzJWYUUwZ1B3eWxGZlBiQ2lkSXM0MWhHNEF5Y2JiUWE2R3FDazBDcEhHcGI0b3VtMFN6aTAxM214N2hjdDVTK2F0aTc2VTduVGFaIiwiY29udGVudCI6Iltjb250YWN0LWZpZWxkIGxhYmVsPVwiTm9tZVwiIHR5cGU9XCJuYW1lXCJdW2NvbnRhY3QtZmllbGQgbGFiZWw9XCJFLW1haWxcIiB0eXBlPVwiZW1haWxcIl1bY29udGFjdC1maWVsZCBsYWJlbD1cIk1lbnNhZ2VtXCIgdHlwZT1cInRleHRhcmVhXCJdIiwiaGFzaCI6IjI0NDZmZjE5MGM3MjcxOGVkODdkYzM4NjUzNzZhMTAwNjIwYmVlODAiLCJzb3VyY2UiOnsiZW50cnlfdGl0bGUiOiJKb3JuYWxpc3RhcyByaW8tZ3JhbmRpbmFzIGxhblx1MDBlN2FtIGNsdWJlIGRlIGxlaXR1cmEgZm9jYWRvIG5hIGxpdGVyYXR1cmEgZGEgUmVnaVx1MDBlM28gU3VsIGRvIEVzdGFkbyIsImVudHJ5X3BhZ2UiOjEsInNvdXJjZV9pZCI6MjY4NjksInNvdXJjZV90eXBlIjoic2luZ2xlIiwicmVxdWVzdF91cmwiOiJodHRwczovL3dwLnVmcGVsLmVkdS5ici9hcnRlbm9zdWwvd3AtanNvbi93cC92Mi9wb3N0cy8yNjg2OSJ9LCJ2ZXJzaW9uIjoyLCJjaXBoZXIiOiJhZXMtMjU2LWdjbSJ9.A0VsOk1fLG-YJmqQ939hdFvwZGNZec2e2zxCb-G7DoE' \/>\n\n<div style=\"\"  data-wp-interactive=\"jetpack\/form\" data-wp-context='{\"fieldId\":\"g26869-nome\",\"fieldType\":\"name\",\"fieldLabel\":\"Nome\",\"fieldValue\":\"\",\"fieldPlaceholder\":\"\",\"fieldIsRequired\":\"\",\"fieldErrorMessage\":\"\",\"fieldExtra\":[],\"formHash\":\"2446ff190c72718ed87dc3865376a100620bee80\"}'  class='grunion-field-name-wrap grunion-field-wrap'  data-wp-init='callbacks.initializeField' data-wp-on--jetpack-form-reset='callbacks.initializeField' >\n<label\n\t\t\t\tfor='g26869-nome' class=\"grunion-field-label name\" >Nome<\/label>\n<input\n\t\t\t\t\ttype='text'\n\t\t\t\t\tname='g26869-nome'\n\t\t\t\t\tid='g26869-nome'\n\t\t\t\t\tvalue=''\n\n\t\t\t\t\tdata-wp-bind--aria-invalid='state.fieldHasErrors'\n\t\t\t\t\tdata-wp-bind--value='state.getFieldValue'\n\t\t\t\t\taria-errormessage='g26869-nome-text-error-message'\n\t\t\t\t\tdata-wp-on--input='actions.onFieldChange'\n\t\t\t\t\tdata-wp-on--blur='actions.onFieldBlur'\n\t\t\t\t\tdata-wp-class--has-value='state.hasFieldValue'\n\n\t\t\t\t\tclass='name  grunion-field' \n\t\t\t\t\t \/>\n \n\t\t\t<div id=\"g26869-nome-text-error\" class=\"contact-form__input-error\" data-wp-class--has-errors=\"state.fieldHasErrors\">\n\t\t\t\t<span class=\"contact-form__warning-icon\">\n\t\t\t\t\t<svg width=\"16\" height=\"16\" viewBox=\"0 0 16 16\" fill=\"none\" xmlns=\"http:\/\/www.w3.org\/2000\/svg\">\n\t\t\t\t\t\t<path d=\"M8.50015 11.6402H7.50015V10.6402H8.50015V11.6402Z\" \/>\n\t\t\t\t\t\t<path d=\"M7.50015 9.64018H8.50015V6.30684H7.50015V9.64018Z\" \/>\n\t\t\t\t\t\t<path fill-rule=\"evenodd\" clip-rule=\"evenodd\" d=\"M6.98331 3.0947C7.42933 2.30177 8.57096 2.30177 9.01698 3.09469L13.8771 11.7349C14.3145 12.5126 13.7525 13.4735 12.8602 13.4735H3.14004C2.24774 13.4735 1.68575 12.5126 2.12321 11.7349L6.98331 3.0947ZM8.14541 3.58496C8.08169 3.47168 7.9186 3.47168 7.85488 3.58496L2.99478 12.2251C2.93229 12.3362 3.01257 12.4735 3.14004 12.4735H12.8602C12.9877 12.4735 13.068 12.3362 13.0055 12.2251L8.14541 3.58496Z\" \/>\n\t\t\t\t\t<\/svg>\n\t\t\t\t\t<span class=\"visually-hidden\">Aviso<\/span>\n\t\t\t\t<\/span>\n\t\t\t\t<span data-wp-text=\"state.errorMessage\" id=\"g26869-nome-text-error-message\" role=\"alert\" aria-live=\"assertive\"><\/span>\n\t\t\t<\/div> \n\t<\/div>\n\n<div style=\"\"  data-wp-interactive=\"jetpack\/form\" data-wp-context='{\"fieldId\":\"g26869-email\",\"fieldType\":\"email\",\"fieldLabel\":\"E-mail\",\"fieldValue\":\"\",\"fieldPlaceholder\":\"\",\"fieldIsRequired\":\"\",\"fieldErrorMessage\":\"\",\"fieldExtra\":[],\"formHash\":\"2446ff190c72718ed87dc3865376a100620bee80\"}'  class='grunion-field-email-wrap grunion-field-wrap'  data-wp-init='callbacks.initializeField' data-wp-on--jetpack-form-reset='callbacks.initializeField' >\n<label\n\t\t\t\tfor='g26869-email' class=\"grunion-field-label email\" >E-mail<\/label>\n<input\n\t\t\t\t\ttype='email'\n\t\t\t\t\tname='g26869-email'\n\t\t\t\t\tid='g26869-email'\n\t\t\t\t\tvalue=''\n\n\t\t\t\t\tdata-wp-bind--aria-invalid='state.fieldHasErrors'\n\t\t\t\t\tdata-wp-bind--value='state.getFieldValue'\n\t\t\t\t\taria-errormessage='g26869-email-email-error-message'\n\t\t\t\t\tdata-wp-on--input='actions.onFieldChange'\n\t\t\t\t\tdata-wp-on--blur='actions.onFieldBlur'\n\t\t\t\t\tdata-wp-class--has-value='state.hasFieldValue'\n\n\t\t\t\t\tclass='email  grunion-field' \n\t\t\t\t\t \/>\n \n\t\t\t<div id=\"g26869-email-email-error\" class=\"contact-form__input-error\" data-wp-class--has-errors=\"state.fieldHasErrors\">\n\t\t\t\t<span class=\"contact-form__warning-icon\">\n\t\t\t\t\t<svg width=\"16\" height=\"16\" viewBox=\"0 0 16 16\" fill=\"none\" xmlns=\"http:\/\/www.w3.org\/2000\/svg\">\n\t\t\t\t\t\t<path d=\"M8.50015 11.6402H7.50015V10.6402H8.50015V11.6402Z\" \/>\n\t\t\t\t\t\t<path d=\"M7.50015 9.64018H8.50015V6.30684H7.50015V9.64018Z\" \/>\n\t\t\t\t\t\t<path fill-rule=\"evenodd\" clip-rule=\"evenodd\" d=\"M6.98331 3.0947C7.42933 2.30177 8.57096 2.30177 9.01698 3.09469L13.8771 11.7349C14.3145 12.5126 13.7525 13.4735 12.8602 13.4735H3.14004C2.24774 13.4735 1.68575 12.5126 2.12321 11.7349L6.98331 3.0947ZM8.14541 3.58496C8.08169 3.47168 7.9186 3.47168 7.85488 3.58496L2.99478 12.2251C2.93229 12.3362 3.01257 12.4735 3.14004 12.4735H12.8602C12.9877 12.4735 13.068 12.3362 13.0055 12.2251L8.14541 3.58496Z\" \/>\n\t\t\t\t\t<\/svg>\n\t\t\t\t\t<span class=\"visually-hidden\">Aviso<\/span>\n\t\t\t\t<\/span>\n\t\t\t\t<span data-wp-text=\"state.errorMessage\" id=\"g26869-email-email-error-message\" role=\"alert\" aria-live=\"assertive\"><\/span>\n\t\t\t<\/div> \n\t<\/div>\n\n<div style=\"\"  data-wp-interactive=\"jetpack\/form\" data-wp-context='{\"fieldId\":\"g26869-mensagem\",\"fieldType\":\"textarea\",\"fieldLabel\":\"Mensagem\",\"fieldValue\":\"\",\"fieldPlaceholder\":\"\",\"fieldIsRequired\":\"\",\"fieldErrorMessage\":\"\",\"fieldExtra\":[],\"formHash\":\"2446ff190c72718ed87dc3865376a100620bee80\"}'  class='grunion-field-textarea-wrap grunion-field-wrap'  data-wp-init='callbacks.initializeField' data-wp-on--jetpack-form-reset='callbacks.initializeField' >\n<label\n\t\t\t\tfor='contact-form-comment-g26869-mensagem' class=\"grunion-field-label textarea\" >Mensagem<\/label>\n<textarea\n\t\t                style=''\n\t\t                name='g26869-mensagem'\n\t\t                id='contact-form-comment-g26869-mensagem'\n\t\t                rows='20'\n\t\t\t\t\t\tdata-wp-text='state.getFieldValue'\n\t\t\t\t\t\tdata-wp-on--input='actions.onFieldChange'\n\t\t\t\t\t\tdata-wp-on--blur='actions.onFieldBlur'\n\t\t\t\t\t\tdata-wp-class--has-value='state.hasFieldValue'\n\t\t\t\t\t\tdata-wp-bind--aria-invalid='state.fieldHasErrors'\n\t\t\t\t\t\taria-errormessage='g26869-mensagem-textarea-error-message'\n\t\t\t\t\t\tclass='textarea  grunion-field'  ><\/textarea>\n \n\t\t\t<div id=\"g26869-mensagem-textarea-error\" class=\"contact-form__input-error\" data-wp-class--has-errors=\"state.fieldHasErrors\">\n\t\t\t\t<span class=\"contact-form__warning-icon\">\n\t\t\t\t\t<svg width=\"16\" height=\"16\" viewBox=\"0 0 16 16\" fill=\"none\" xmlns=\"http:\/\/www.w3.org\/2000\/svg\">\n\t\t\t\t\t\t<path d=\"M8.50015 11.6402H7.50015V10.6402H8.50015V11.6402Z\" \/>\n\t\t\t\t\t\t<path d=\"M7.50015 9.64018H8.50015V6.30684H7.50015V9.64018Z\" \/>\n\t\t\t\t\t\t<path fill-rule=\"evenodd\" clip-rule=\"evenodd\" d=\"M6.98331 3.0947C7.42933 2.30177 8.57096 2.30177 9.01698 3.09469L13.8771 11.7349C14.3145 12.5126 13.7525 13.4735 12.8602 13.4735H3.14004C2.24774 13.4735 1.68575 12.5126 2.12321 11.7349L6.98331 3.0947ZM8.14541 3.58496C8.08169 3.47168 7.9186 3.47168 7.85488 3.58496L2.99478 12.2251C2.93229 12.3362 3.01257 12.4735 3.14004 12.4735H12.8602C12.9877 12.4735 13.068 12.3362 13.0055 12.2251L8.14541 3.58496Z\" \/>\n\t\t\t\t\t<\/svg>\n\t\t\t\t\t<span class=\"visually-hidden\">Aviso<\/span>\n\t\t\t\t<\/span>\n\t\t\t\t<span data-wp-text=\"state.errorMessage\" id=\"g26869-mensagem-textarea-error-message\" role=\"alert\" aria-live=\"assertive\"><\/span>\n\t\t\t<\/div>\n\t<\/div>\n\t<p class='contact-submit'>\n<div class=\"contact-form__error\" data-wp-class--show-errors=\"state.showFormErrors\"><span class=\"contact-form__warning-icon\"><span class=\"visually-hidden\">Aten\u00e7\u00e3o.<\/span><i aria-hidden=\"true\"><\/i><\/span>\n\t\t\t\t<span data-wp-text=\"state.getFormErrorMessage\"><\/span>\n\t\t\t\t<ul>\n\t\t\t\t<template data-wp-each=\"state.getErrorList\" data-wp-key=\"context.item.id\">\n\t\t\t\t\t<li><a data-wp-bind--href=\"context.item.anchor\" data-wp-on--click=\"actions.scrollIntoView\" data-wp-text=\"context.item.label\"><\/a><\/li>\n\t\t\t\t<\/template>\n\t\t\t\t<\/ul><\/div><div class=\"contact-form__error\" data-wp-class--show-errors=\"state.showSubmissionError\" data-wp-text=\"context.submissionError\"><\/div>\t\t<button type='submit' class='pushbutton-wide'>Enviar<\/button>\t\t<input type='hidden' name='contact-form-id' value='26869' \/>\n\t\t<input type='hidden' name='action' value='grunion-contact-form' \/>\n\t\t<input type='hidden' name='contact-form-hash' value='2446ff190c72718ed87dc3865376a100620bee80' \/>\n\t<\/p>\n<p style=\"display: none !important;\" class=\"akismet-fields-container\" data-prefix=\"ak_\"><label>&#916;<textarea name=\"ak_hp_textarea\" cols=\"45\" rows=\"8\" maxlength=\"100\"><\/textarea><\/label><input type=\"hidden\" id=\"ak_js_1\" name=\"ak_js\" value=\"113\"\/><script>document.getElementById( \"ak_js_1\" ).setAttribute( \"value\", ( new Date() ).getTime() );<\/script><\/p><\/form>\n<\/div>\n<p style=\"text-align: justify;\">\n","protected":false},"excerpt":{"rendered":"<p>Lisandra Miranda e Milene Louzada estar\u00e3o neste s\u00e1bado, dia 20 de julho, na Livraria Hippocampus, no Balne\u00e1rio Cassino, para o primeiro encontro do clube\u00a0\u00a0 \u00a0 Por Vict\u00f3ria Silva\u00a0 \u00a0 \u00a0 Idealizado pelas jornalistas rio-grandinas Lisandra Miranda e Milene Louzada, o Clube Ao Quadrado vem para somar no cen\u00e1rio liter\u00e1rio da cidade do Rio Grande, na &hellip; <\/p>\n<p><a class=\"more-link btn\" href=\"https:\/\/wp.ufpel.edu.br\/artenosul\/2024\/07\/19\/jornalistas-rio-grandinas-lancam-clube-de-leitura-focado-na-literatura-da-regiao-sul-do-estado\/\">Continue lendo<\/a><\/p>\n","protected":false},"author":571,"featured_media":26873,"comment_status":"closed","ping_status":"closed","sticky":false,"template":"","format":"standard","meta":{"jetpack_post_was_ever_published":false,"_jetpack_newsletter_access":"","_jetpack_dont_email_post_to_subs":false,"_jetpack_newsletter_tier_id":0,"_jetpack_memberships_contains_paywalled_content":false,"_jetpack_memberships_contains_paid_content":false,"footnotes":"","jetpack_publicize_message":"","jetpack_publicize_feature_enabled":true,"jetpack_social_post_already_shared":true,"jetpack_social_options":{"image_generator_settings":{"template":"highway","default_image_id":0,"font":"","enabled":false},"version":2}},"categories":[83,1],"tags":[2176,1486,2179,2175,2177,2180,1255,1087,2178,91,1852],"class_list":["post-26869","post","type-post","status-publish","format-standard","has-post-thumbnail","hentry","category-literatura","category-noticias","tag-ao-quadrado","tag-balneario-cassino","tag-clube-ao-quadrado","tag-clube-do-livro-ao-quadrado","tag-lisandra-miranda","tag-livraria-hippocampus","tag-milene-louzada","tag-podcast","tag-programa-de-podcast","tag-rio-grande","tag-victoria-silva","nodate","item-wrap"],"jetpack_publicize_connections":[],"jetpack_featured_media_url":"https:\/\/wp.ufpel.edu.br\/artenosul\/files\/2024\/07\/B.png","jetpack_sharing_enabled":true,"jetpack_likes_enabled":true,"jetpack_shortlink":"https:\/\/wp.me\/p6PuxQ-6Zn","jetpack-related-posts":[{"id":9993,"url":"https:\/\/wp.ufpel.edu.br\/artenosul\/2021\/10\/19\/projeto-leia-rio-grande-apoia-escritores-do-municipio\/","url_meta":{"origin":26869,"position":0},"title":"Projeto Leia Rio Grande apoia escritores do munic\u00edpio","author":"artenosul","date":"19 de outubro de 2021","format":false,"excerpt":"Por Ana Caroline Rossetto e Milene Louzada\u00a0\u00a0\u00a0 A\u00e7\u00f5es promovem nomes locais da literatura por transmiss\u00f5es e oficinas online O Projeto Leia Rio Grande teve seu lan\u00e7amento no dia 8 de julho em uma transmiss\u00e3o online, visto que a atividade iniciou durante o per\u00edodo pand\u00eamico. Todas as suas a\u00e7\u00f5es foram realizadas\u2026","rel":"","context":"Em &quot;COMUNIDADE&quot;","block_context":{"text":"COMUNIDADE","link":"https:\/\/wp.ufpel.edu.br\/artenosul\/category\/comunidade\/"},"img":{"alt_text":"","src":"https:\/\/i0.wp.com\/wp.ufpel.edu.br\/artenosul\/files\/2021\/10\/2021-10-19-2b-500x426.png?resize=350%2C200&ssl=1","width":350,"height":200},"classes":[]},{"id":9713,"url":"https:\/\/wp.ufpel.edu.br\/artenosul\/2021\/09\/06\/rio-imenso-andrea-pires-escreve-livro-artesanal-no-periodo-pandemico\/","url_meta":{"origin":26869,"position":1},"title":"&#8220;Rio Imenso&#8221;: Andr\u00e9ia Pires escreve livro artesanal no per\u00edodo pand\u00eamico","author":"artenosul","date":"6 de setembro de 2021","format":false,"excerpt":"Por Ana Caroline Rossetto e Milene Louzada\u00a0 \u00a0 \u00a0 \u00a0 Conjunto de contos experimentais retrata cen\u00e1rio rio-grandino \u00a0 O livro \u2018Rio Imenso\u2019 \u00e9 de autoria da jornalista, editora e escritora Andr\u00e9ia Pires e come\u00e7ou a ser elaborado entre os anos de 2013 a 2018, como um conjunto de contos experimentais\u2026","rel":"","context":"Em &quot;LITERATURA&quot;","block_context":{"text":"LITERATURA","link":"https:\/\/wp.ufpel.edu.br\/artenosul\/category\/literatura\/"},"img":{"alt_text":"","src":"https:\/\/i0.wp.com\/wp.ufpel.edu.br\/artenosul\/files\/2021\/09\/Andreia-Pires-jornalista2.png?resize=350%2C200&ssl=1","width":350,"height":200,"srcset":"https:\/\/i0.wp.com\/wp.ufpel.edu.br\/artenosul\/files\/2021\/09\/Andreia-Pires-jornalista2.png?resize=350%2C200&ssl=1 1x, https:\/\/i0.wp.com\/wp.ufpel.edu.br\/artenosul\/files\/2021\/09\/Andreia-Pires-jornalista2.png?resize=525%2C300&ssl=1 1.5x, https:\/\/i0.wp.com\/wp.ufpel.edu.br\/artenosul\/files\/2021\/09\/Andreia-Pires-jornalista2.png?resize=700%2C400&ssl=1 2x"},"classes":[]},{"id":26996,"url":"https:\/\/wp.ufpel.edu.br\/artenosul\/2024\/08\/29\/curta-rio-grandino-cassino-e-premiado-no-52o-festival-de-cinema-de-gramado\/","url_meta":{"origin":26869,"position":2},"title":"Curta rio-grandino \u201cCassino\u201d \u00e9 premiado no 52\u00ba Festival de Cinema de Gramado","author":"artenosul","date":"29 de agosto de 2024","format":false,"excerpt":"O filme realizado no Balne\u00e1rio Cassino participou da Mostra Ga\u00facha de Curtas e recebeu o destaque de Melhor Dire\u00e7\u00e3o de Fotografia\u00a0 \u00a0 \u00a0\u00a0 Por Fernanda Farinha\u00a0 \u00a0 \u00a0 \u00a0 \u00a0 \u00a0 O curta-metragem \u201cCassino\u201d conta a hist\u00f3ria de Daniel, Tando e Soninho, tr\u00eas ladr\u00f5es que circulam durante a noite pelas\u2026","rel":"","context":"Em &quot;NOT\u00cdCIAS&quot;","block_context":{"text":"NOT\u00cdCIAS","link":"https:\/\/wp.ufpel.edu.br\/artenosul\/category\/noticias\/"},"img":{"alt_text":"","src":"https:\/\/i0.wp.com\/wp.ufpel.edu.br\/artenosul\/files\/2024\/08\/52FCG-11082024-05076.webp?resize=350%2C200&ssl=1","width":350,"height":200,"srcset":"https:\/\/i0.wp.com\/wp.ufpel.edu.br\/artenosul\/files\/2024\/08\/52FCG-11082024-05076.webp?resize=350%2C200&ssl=1 1x, https:\/\/i0.wp.com\/wp.ufpel.edu.br\/artenosul\/files\/2024\/08\/52FCG-11082024-05076.webp?resize=525%2C300&ssl=1 1.5x, https:\/\/i0.wp.com\/wp.ufpel.edu.br\/artenosul\/files\/2024\/08\/52FCG-11082024-05076.webp?resize=700%2C400&ssl=1 2x"},"classes":[]},{"id":13265,"url":"https:\/\/wp.ufpel.edu.br\/artenosul\/2023\/02\/16\/rio-grande-volta-a-contar-com-sua-corte-de-carnaval-apos-tres-anos\/","url_meta":{"origin":26869,"position":3},"title":"Rio Grande volta a contar com sua Corte de Carnaval\u00a0ap\u00f3s tr\u00eas anos","author":"artenosul","date":"16 de fevereiro de 2023","format":false,"excerpt":"Pela primeira vez o munic\u00edpio tem uma Soberana da Diversidade e hoje ocorre a abertura oficial das festas momescas na cidade\u00a0 \u00a0 \u00a0 \u00a0 \u00a0 Por Daniel Costa\u00a0 \u00a0 \u00a0 \u00a0 \u00a0 \u00a0 \u00a0 O Carnaval representa uma das maiores festividades do Brasil e \u00e9 marcada pelo tradicional clima de\u2026","rel":"","context":"Em &quot;COMUNIDADE&quot;","block_context":{"text":"COMUNIDADE","link":"https:\/\/wp.ufpel.edu.br\/artenosul\/category\/comunidade\/"},"img":{"alt_text":"","src":"https:\/\/i0.wp.com\/wp.ufpel.edu.br\/artenosul\/files\/2023\/02\/MG_2347-scaled.jpg?resize=350%2C200&ssl=1","width":350,"height":200,"srcset":"https:\/\/i0.wp.com\/wp.ufpel.edu.br\/artenosul\/files\/2023\/02\/MG_2347-scaled.jpg?resize=350%2C200&ssl=1 1x, https:\/\/i0.wp.com\/wp.ufpel.edu.br\/artenosul\/files\/2023\/02\/MG_2347-scaled.jpg?resize=525%2C300&ssl=1 1.5x, https:\/\/i0.wp.com\/wp.ufpel.edu.br\/artenosul\/files\/2023\/02\/MG_2347-scaled.jpg?resize=700%2C400&ssl=1 2x, https:\/\/i0.wp.com\/wp.ufpel.edu.br\/artenosul\/files\/2023\/02\/MG_2347-scaled.jpg?resize=1050%2C600&ssl=1 3x, https:\/\/i0.wp.com\/wp.ufpel.edu.br\/artenosul\/files\/2023\/02\/MG_2347-scaled.jpg?resize=1400%2C800&ssl=1 4x"},"classes":[]},{"id":10352,"url":"https:\/\/wp.ufpel.edu.br\/artenosul\/2022\/04\/12\/habitos-de-consumo-literario-mudam-durante-pandemia\/","url_meta":{"origin":26869,"position":4},"title":"H\u00e1bitos de consumo liter\u00e1rio mudam durante pandemia","author":"artenosul","date":"12 de abril de 2022","format":false,"excerpt":"\u00a0 Por Andrea Cardoso da Silva\u00a0 \u00a0\u00a0 Faturamento das editoras brasileiras com conte\u00fado digital cresceu 36% em 2020\u00a0 e jovens apreciam praticidade dos e-books Segundo a Pesquisa Conte\u00fado Digital do Setor Editorial Brasileiro, houve um aumento de 36% no faturamento das editoras brasileiras com conte\u00fados digitais em 2020. As vendas\u2026","rel":"","context":"Em &quot;LITERATURA&quot;","block_context":{"text":"LITERATURA","link":"https:\/\/wp.ufpel.edu.br\/artenosul\/category\/literatura\/"},"img":{"alt_text":"","src":"https:\/\/i0.wp.com\/wp.ufpel.edu.br\/artenosul\/files\/2022\/04\/photo_2022-04-05_13-52-15-2.jpg?resize=350%2C200&ssl=1","width":350,"height":200,"srcset":"https:\/\/i0.wp.com\/wp.ufpel.edu.br\/artenosul\/files\/2022\/04\/photo_2022-04-05_13-52-15-2.jpg?resize=350%2C200&ssl=1 1x, https:\/\/i0.wp.com\/wp.ufpel.edu.br\/artenosul\/files\/2022\/04\/photo_2022-04-05_13-52-15-2.jpg?resize=525%2C300&ssl=1 1.5x, https:\/\/i0.wp.com\/wp.ufpel.edu.br\/artenosul\/files\/2022\/04\/photo_2022-04-05_13-52-15-2.jpg?resize=700%2C400&ssl=1 2x, https:\/\/i0.wp.com\/wp.ufpel.edu.br\/artenosul\/files\/2022\/04\/photo_2022-04-05_13-52-15-2.jpg?resize=1050%2C600&ssl=1 3x"},"classes":[]},{"id":11438,"url":"https:\/\/wp.ufpel.edu.br\/artenosul\/2022\/05\/16\/luzes-de-natal-elevou-autoestima-do-balneario-cassino-ao-longo-do-ano\/","url_meta":{"origin":26869,"position":5},"title":"&#8220;Luzes de Natal&#8221; elevou autoestima do Balne\u00e1rio Cassino ao longo do ano","author":"artenosul","date":"16 de maio de 2022","format":false,"excerpt":"Por Joanna Manhago Andrade\u00a0 \u00a0 \u00a0\u00a0 Ap\u00f3s o sucesso de 2021 o evento deste ano j\u00e1 est\u00e1 sendo montado \u00a0 Aconteceu durante todo o m\u00eas de dezembro de 2021, o projeto \u201cOndas de Natal\u201d no Balne\u00e1rio Cassino, em Rio Grande. A ideia da iniciativa, promovida pela Prefeitura do Rio Grande\u2026","rel":"","context":"Em &quot;COMUNIDADE&quot;","block_context":{"text":"COMUNIDADE","link":"https:\/\/wp.ufpel.edu.br\/artenosul\/category\/comunidade\/"},"img":{"alt_text":"","src":"https:\/\/i0.wp.com\/wp.ufpel.edu.br\/artenosul\/files\/2022\/05\/Luzes-de-Natal-Joanna-Manhago-3b.jpg?resize=350%2C200&ssl=1","width":350,"height":200,"srcset":"https:\/\/i0.wp.com\/wp.ufpel.edu.br\/artenosul\/files\/2022\/05\/Luzes-de-Natal-Joanna-Manhago-3b.jpg?resize=350%2C200&ssl=1 1x, https:\/\/i0.wp.com\/wp.ufpel.edu.br\/artenosul\/files\/2022\/05\/Luzes-de-Natal-Joanna-Manhago-3b.jpg?resize=525%2C300&ssl=1 1.5x, https:\/\/i0.wp.com\/wp.ufpel.edu.br\/artenosul\/files\/2022\/05\/Luzes-de-Natal-Joanna-Manhago-3b.jpg?resize=700%2C400&ssl=1 2x, https:\/\/i0.wp.com\/wp.ufpel.edu.br\/artenosul\/files\/2022\/05\/Luzes-de-Natal-Joanna-Manhago-3b.jpg?resize=1050%2C600&ssl=1 3x"},"classes":[]}],"_links":{"self":[{"href":"https:\/\/wp.ufpel.edu.br\/artenosul\/wp-json\/wp\/v2\/posts\/26869","targetHints":{"allow":["GET"]}}],"collection":[{"href":"https:\/\/wp.ufpel.edu.br\/artenosul\/wp-json\/wp\/v2\/posts"}],"about":[{"href":"https:\/\/wp.ufpel.edu.br\/artenosul\/wp-json\/wp\/v2\/types\/post"}],"author":[{"embeddable":true,"href":"https:\/\/wp.ufpel.edu.br\/artenosul\/wp-json\/wp\/v2\/users\/571"}],"replies":[{"embeddable":true,"href":"https:\/\/wp.ufpel.edu.br\/artenosul\/wp-json\/wp\/v2\/comments?post=26869"}],"version-history":[{"count":3,"href":"https:\/\/wp.ufpel.edu.br\/artenosul\/wp-json\/wp\/v2\/posts\/26869\/revisions"}],"predecessor-version":[{"id":26875,"href":"https:\/\/wp.ufpel.edu.br\/artenosul\/wp-json\/wp\/v2\/posts\/26869\/revisions\/26875"}],"wp:featuredmedia":[{"embeddable":true,"href":"https:\/\/wp.ufpel.edu.br\/artenosul\/wp-json\/wp\/v2\/media\/26873"}],"wp:attachment":[{"href":"https:\/\/wp.ufpel.edu.br\/artenosul\/wp-json\/wp\/v2\/media?parent=26869"}],"wp:term":[{"taxonomy":"category","embeddable":true,"href":"https:\/\/wp.ufpel.edu.br\/artenosul\/wp-json\/wp\/v2\/categories?post=26869"},{"taxonomy":"post_tag","embeddable":true,"href":"https:\/\/wp.ufpel.edu.br\/artenosul\/wp-json\/wp\/v2\/tags?post=26869"}],"curies":[{"name":"wp","href":"https:\/\/api.w.org\/{rel}","templated":true}]}}