{"id":236,"date":"2015-10-19T00:46:12","date_gmt":"2015-10-19T02:46:12","guid":{"rendered":"https:\/\/wp.ufpel.edu.br\/artenosul\/?p=236"},"modified":"2015-10-20T11:11:38","modified_gmt":"2015-10-20T13:11:38","slug":"juliano-guerra-personalidade-sarcasmo-e-amor","status":"publish","type":"post","link":"https:\/\/wp.ufpel.edu.br\/artenosul\/2015\/10\/19\/juliano-guerra-personalidade-sarcasmo-e-amor\/","title":{"rendered":"Juliano Guerra: personalidade, sarcasmo e amor"},"content":{"rendered":"<h4 style=\"text-align: justify\">Reportagem de<strong> Estevan Garcia <\/strong>e<strong> \u00a0Vanessa Kleber &#8211;\u00a0<\/strong><\/h4>\n<h4 style=\"text-align: justify\">Sotaque marcante, ritmos tipicamente brasileiros e letras que transformam o cotidiano em poesia. Essas s\u00e3o algumas das caracter\u00edsticas do trabalho do m\u00fasico Juliano Guerra, nascido no munic\u00edpio de Cangu\u00e7u, em 7 de outubro de 1983.<\/h4>\n<h4 style=\"text-align: justify\">O artista iniciou sua carreira ainda no final dos anos 90, quando participou de projetos como \u201cBanda de Rock Revel e o Quinteto de Choro\u201d e \u201cSamba Noesis\u201d, at\u00e9 come\u00e7ar a sua caminhada solo. Seu primeiro \u00e1lbum, denominado \u201cLama\u201d, lan\u00e7ado em agosto de 2012, mescla ritmos como bolero, samba e bossa nova, utilizando instrumentos musicais n\u00e3o muito usuais, como o sopapo, instrumento da cultura negra do Rio Grande do Sul.<\/h4>\n<div id=\"attachment_237\" style=\"width: 572px\" class=\"wp-caption aligncenter\"><a href=\"https:\/\/wp.ufpel.edu.br\/artenosul\/files\/2015\/10\/Juliano-Guerra-foto-divulga\u00e7\u00e3o-Fot\u00f3grafo-Felipe-Campal-HD-3BB.jpg\"><img loading=\"lazy\" decoding=\"async\" aria-describedby=\"caption-attachment-237\" class=\" wp-image-237\" src=\"https:\/\/wp.ufpel.edu.br\/artenosul\/files\/2015\/10\/Juliano-Guerra-foto-divulga\u00e7\u00e3o-Fot\u00f3grafo-Felipe-Campal-HD-3BB-424x283.jpg\" alt=\"M\u00fasico gravou recentemente CD &quot;Sexta Feira&quot; Foto: Divulga\u00e7\u00e3o\/Felipe Campal\" width=\"572\" height=\"382\" srcset=\"https:\/\/wp.ufpel.edu.br\/artenosul\/files\/2015\/10\/Juliano-Guerra-foto-divulga\u00e7\u00e3o-Fot\u00f3grafo-Felipe-Campal-HD-3BB-424x283.jpg 424w, https:\/\/wp.ufpel.edu.br\/artenosul\/files\/2015\/10\/Juliano-Guerra-foto-divulga\u00e7\u00e3o-Fot\u00f3grafo-Felipe-Campal-HD-3BB-212x141.jpg 212w, https:\/\/wp.ufpel.edu.br\/artenosul\/files\/2015\/10\/Juliano-Guerra-foto-divulga\u00e7\u00e3o-Fot\u00f3grafo-Felipe-Campal-HD-3BB.jpg 691w\" sizes=\"auto, (max-width: 572px) 100vw, 572px\" \/><\/a><p id=\"caption-attachment-237\" class=\"wp-caption-text\">M\u00fasico gravou recentemente disco solo &#8220;Sexta Feira&#8221; \u00a0 \u00a0 \u00a0 \u00a0 Foto: Divulga\u00e7\u00e3o\/Felipe Campal<\/p><\/div>\n<h4 style=\"text-align: justify\">Nos anos 2013 e 2014, Guerra se dedicou a produ\u00e7\u00f5es com colabora\u00e7\u00e3o de outros artistas e \u00e0s grava\u00e7\u00f5es de seu segundo disco solo, o \u201cSexta-Feira\u201d. O disco, pr\u00e9-produzido em parceria com o percussionista e baterista Davi Batuka, foi inteiramente gravado no munic\u00edpio de Pelotas, produzido de maneira independente e distribu\u00eddo pelo selo pelotense da Esc\u00e1pula Records. O \u201cSexta-Feira\u201d conta com 10 can\u00e7\u00f5es com letras de um tom sarc\u00e1stico e de amor, com um ritmo carregado instrumentalmente e ainda guardando um espa\u00e7o para um di\u00e1logo com o samba. Entre as faixas est\u00e1 \u201cLogo Vem\u201d, que teve videoclipe produzido pela Moviola Filmes.<\/h4>\n<h4 style=\"text-align: justify\">A fim conhecer um pouco mais o trabalho desse artista de personalidade, entrevistamos Guerra, que nos contou um pouco sobre a carreira, a m\u00fasica independente na regi\u00e3o, o \u201cSexta-feira\u201d, al\u00e9m do videoclipe de \u201cLogo Vem\u201d e seu mais novo show. Confira a entrevista.<\/h4>\n<div id=\"attachment_238\" style=\"width: 565px\" class=\"wp-caption aligncenter\"><a href=\"https:\/\/wp.ufpel.edu.br\/artenosul\/files\/2015\/10\/Juliano-Guerra-foto-divulga\u00e7\u00e3o-Fot\u00f3grafo-Felipe-Yurgel-HD-2BCC.jpg\"><img loading=\"lazy\" decoding=\"async\" aria-describedby=\"caption-attachment-238\" class=\" wp-image-238\" src=\"https:\/\/wp.ufpel.edu.br\/artenosul\/files\/2015\/10\/Juliano-Guerra-foto-divulga\u00e7\u00e3o-Fot\u00f3grafo-Felipe-Yurgel-HD-2BCC-424x283.jpg\" alt=\"Juliano Guerra revela que o h\u00e1bio de escutar r\u00e1dio do pai e as can\u00e7\u00f5es maternas influenciaram sua proposta musical recente Foto: Divulga\u00e7\u00e3o\/Felipe Yurgel \" width=\"565\" height=\"377\" srcset=\"https:\/\/wp.ufpel.edu.br\/artenosul\/files\/2015\/10\/Juliano-Guerra-foto-divulga\u00e7\u00e3o-Fot\u00f3grafo-Felipe-Yurgel-HD-2BCC-424x283.jpg 424w, https:\/\/wp.ufpel.edu.br\/artenosul\/files\/2015\/10\/Juliano-Guerra-foto-divulga\u00e7\u00e3o-Fot\u00f3grafo-Felipe-Yurgel-HD-2BCC-212x142.jpg 212w, https:\/\/wp.ufpel.edu.br\/artenosul\/files\/2015\/10\/Juliano-Guerra-foto-divulga\u00e7\u00e3o-Fot\u00f3grafo-Felipe-Yurgel-HD-2BCC.jpg 707w\" sizes=\"auto, (max-width: 565px) 100vw, 565px\" \/><\/a><p id=\"caption-attachment-238\" class=\"wp-caption-text\">Juliano Guerra revela que o h\u00e1bito de escutar r\u00e1dio do pai e as can\u00e7\u00f5es maternas influenciaram nas suas propostas musicais \u00a0recentes \u00a0 \u00a0 \u00a0 \u00a0 Foto: Divulga\u00e7\u00e3o\/Felipe Yurgel<\/p><\/div>\n<h4 style=\"text-align: justify\"><strong>Arte no Sul (AS)<\/strong>: Como tu enxergas o desenvolvimento da m\u00fasica independente aqui na regi\u00e3o?<\/h4>\n<h4 style=\"text-align: justify\"><strong>JG<\/strong>: Acho que temos produzido cada vez mais (em quantidade) e, at\u00e9 por isso mesmo, temos progredido na qualidade e no acabamento das produ\u00e7\u00f5es. A revolu\u00e7\u00e3o digital deu essa possibilidade de se gravar com muito mais ferramentas em um home studio, por exemplo, do que aquelas que eu tive gravando pela primeira vez, em 2000, quando a Revel (minha primeira banda) foi para um est\u00fadio em Porto Alegre gravar nossa primeira demo. Falando ainda das possibilidades de produ\u00e7\u00e3o &#8211; e puxando a brasa pro meu assado sem constrangimento -, penso que termos selos como o Esc\u00e1pula Records, pelo qual lancei o &#8220;Sexta-Feira&#8221;, oferecendo \u00f3timas condi\u00e7\u00f5es de trabalho. Tamb\u00e9m h\u00e1 um est\u00fadio com o equipamento e a per\u00edcia t\u00e9cnica do A Vapor, que contribui imensamente pra esse aumento de qualidade do qual falei.<\/h4>\n<h4 style=\"text-align: justify\">Por outro lado, temos ainda bastante dificuldade com os shows, tanto pelas poucas possibilidades de circula\u00e7\u00e3o (mostrar o trabalho fora de Pelotas n\u00e3o \u00e9 f\u00e1cil) como pela aus\u00eancia de um bom teatro de pequeno\/m\u00e9dio porte no qual os artistas possam mostrar seu trabalho sem um investimento absolutamente fora da realidade de quem faz, por exemplo, m\u00fasica autoral por aqui.<\/h4>\n<h4 style=\"text-align: justify\"><\/h4>\n<h4 style=\"text-align: justify\"><strong>AS<\/strong>: Quando tu decidiste que querias trabalhar com m\u00fasica? Da onde surgiu ou surgem as tuas inspira\u00e7\u00f5es?<\/h4>\n<h4 style=\"text-align: justify\"><\/h4>\n<h4 style=\"text-align: justify\"><strong>JG:<\/strong> Eu n\u00e3o sei bem quando eu decidi trabalhar com m\u00fasica, foi mais uma coisa que me aconteceu do que uma decis\u00e3o, at\u00e9 porque tive meu primeiro instrumento ali pelos 6 anos e desde ent\u00e3o eu j\u00e1 gostava de &#8220;inventar&#8221; minhas pr\u00f3prias can\u00e7\u00f5es. Com 17 anos eu j\u00e1 tinha uma banda que tocava can\u00e7\u00f5es escritas por mim, al\u00e9m de minhas primeiras parcerias, feitas com o Mauricio Antunes, batera da banda que tamb\u00e9m escrevia letras que eu passei a musicar.<\/h4>\n<h4 style=\"text-align: justify\">Sobre inspira\u00e7\u00e3o, eu gosto de ter cuidado quanto ao car\u00e1ter meio m\u00edstico que \u00e0s vezes se d\u00e1 a essa palavra. Meu processo de composi\u00e7\u00e3o \u00e9 fazer\/refazer\/revisar\/desistir\/retomar, muito mais do que descer uma entidade ditando a can\u00e7\u00e3o j\u00e1 pronta. Dito isto, os temas que me interessam na hora de escrever uma can\u00e7\u00e3o s\u00e3o diversos e aparecem de todo lado: das m\u00fasicas que ou\u00e7o, dos filmes, dos livros, da conversa na rua, do que est\u00e1 acontecendo ou aconteceu na minha vida. Depois do surgimento do tema (\u00e0s vezes s\u00f3 um verso solto, uma express\u00e3o, um ou dois acordes no viol\u00e3o) come\u00e7a a parte que considero a mais prazerosa: montar e remontar as pe\u00e7as at\u00e9 chegar a um resultado satisfat\u00f3rio.<\/h4>\n<h4><strong>AS<\/strong>: Esse ano tu lan\u00e7aste teu segundo disco, o \u201cSexta-feira\u201d. Conte-nos um pouco como foi o processo de produ\u00e7\u00e3o desse \u00e1lbum.<\/h4>\n<h4 style=\"text-align: justify\">\u00a0<strong>JG<\/strong>: O &#8220;Sexta-Feira&#8221; foi a realiza\u00e7\u00e3o de algo que eu ansiava muito por fazer, um disco com uma &#8220;bandona&#8221;, com uma turma de m\u00fasicos com os quais eu tenho afinidade, pessoas que se envolveram de verdade com aquilo que est\u00e1vamos fazendo. A gente ensaiou no est\u00fadio do baterista e percussionista Davi Batuka, que foi meu parceiro na pr\u00e9-produ\u00e7\u00e3o.\u00a0A log\u00edstica da coisa toda foi da Ana Maia, que passou a ser minha produtora depois do &#8220;Lama&#8221;, meu primeiro disco.\u00a0Quando fomos pro est\u00fadio (o A Vapor, como eu disse anteriormente), as m\u00fasicas j\u00e1 tinham arranjos definidos e, conforme gravamos, a coisa foi sendo burilada, ajustada. A capta\u00e7\u00e3o, mixagem e masteriza\u00e7\u00e3o do disco foram trabalho do Lauro Maia &#8211; sem d\u00favida, um dos t\u00e9cnicos mais talentosos e dedicados da cena. Foi um bocado de trabalho e dedica\u00e7\u00e3o de bastante gente e o resultado est\u00e1 a\u00ed pra ser ouvido &#8211; eu tenho muito orgulho desse disco.<\/h4>\n<div id=\"attachment_239\" style=\"width: 601px\" class=\"wp-caption aligncenter\"><a href=\"https:\/\/wp.ufpel.edu.br\/artenosul\/files\/2015\/10\/Juliano-Guerra-foto-divulga\u00e7\u00e3o-Fot\u00f3grafo-Felipe-Yurgel-HD-2DDD.jpg\"><img loading=\"lazy\" decoding=\"async\" aria-describedby=\"caption-attachment-239\" class=\" wp-image-239\" src=\"https:\/\/wp.ufpel.edu.br\/artenosul\/files\/2015\/10\/Juliano-Guerra-foto-divulga\u00e7\u00e3o-Fot\u00f3grafo-Felipe-Yurgel-HD-2DDD-424x237.jpg\" alt=\"M\u00fasico gravou clipe em parceria com a Moviola Filmes Foto: Divulga\u00e7\u00e3o\/Felipe Yurgel\" width=\"601\" height=\"336\" srcset=\"https:\/\/wp.ufpel.edu.br\/artenosul\/files\/2015\/10\/Juliano-Guerra-foto-divulga\u00e7\u00e3o-Fot\u00f3grafo-Felipe-Yurgel-HD-2DDD-424x237.jpg 424w, https:\/\/wp.ufpel.edu.br\/artenosul\/files\/2015\/10\/Juliano-Guerra-foto-divulga\u00e7\u00e3o-Fot\u00f3grafo-Felipe-Yurgel-HD-2DDD-212x118.jpg 212w, https:\/\/wp.ufpel.edu.br\/artenosul\/files\/2015\/10\/Juliano-Guerra-foto-divulga\u00e7\u00e3o-Fot\u00f3grafo-Felipe-Yurgel-HD-2DDD.jpg 640w\" sizes=\"auto, (max-width: 601px) 100vw, 601px\" \/><\/a><p id=\"caption-attachment-239\" class=\"wp-caption-text\">Cantor gravou clipe em parceria com a Moviola Filmes \u00a0 \u00a0 \u00a0 \u00a0 \u00a0 \u00a0 \u00a0 Foto: Divulga\u00e7\u00e3o\/Felipe Yurgel<\/p><\/div>\n<p>&nbsp;<\/p>\n<h4><strong>AS<\/strong>: Recentemente tu lan\u00e7aste o videoclipe da m\u00fasica &#8216;Logo Vem&#8217; em parceria com a produtora independente Moviola Filmes, como que se deu essa parceria e a produ\u00e7\u00e3o do clipe?<\/h4>\n<h4 style=\"text-align: justify\"><\/h4>\n<h4 style=\"text-align: justify\"><strong>JG<\/strong>: Tenho um amigo que conta uma hist\u00f3ria engra\u00e7ada sobre como ele j\u00e1 namorava a mulher dele mesmo antes dela namorar com ele, ela s\u00f3 n\u00e3o sabia ainda. Minha hist\u00f3ria com a Moviola \u00e9 parecida: eu j\u00e1 namorava com eles antes deles saberem de mim. O filme &#8220;O Liberdade&#8221; fez parte da minha vida de forma muito intensa durante a grava\u00e7\u00e3o do &#8220;Lama&#8221; &#8211; ainda hoje, ao rever qualquer cena do filme, fico impressionado com a beleza desse registro (e o bar Liberdade, num causo meio longo que eu n\u00e3o pretendo reproduzir dessa vez, foi o respons\u00e1vel direto pelo meu &#8220;pulo&#8221; do rock pro samba, ainda ali pelo fim da adolesc\u00eancia). Fazer o clipe com a Moviola foi, portanto, uma dessas felicidades que aparecem na vida da gente meio por acaso. Tenho muita afinidade com a turma toda da Moviola, tanto na forma de pensar sobre o que se faz quanto na escolha de temas, nas inclina\u00e7\u00f5es est\u00e9ticas, essa coisa toda.<\/h4>\n<h4>N\u00f3s (eu, Ana, Eduardo e os moviolas) trabalhamos bastante antes de ir pros finalmentes, o que foi essencial pra produ\u00e7\u00e3o do clipe, gravado todo em um \u00fanico dia de muito calor que me fez derreter no vestid\u00e3o vermelho. Foi tamb\u00e9m uma oportunidade de trabalhar com uma pessoa muito querida que \u00e9 o Eduardo Bandeira Braga, nossa estrela e, sem d\u00favida, a &#8220;alma&#8221; do clipe que bolamos. Ta\u00ed mais um trabalho que s\u00f3 me d\u00e1 satisfa\u00e7\u00e3o ter feito.<\/h4>\n<h4 style=\"text-align: justify\"><strong>AS<\/strong>: Tu est\u00e1s produzindo um novo show em que ir\u00e1s cantar sucessos da d\u00e9cada de 60, 70 e 80, que s\u00e3o considerados por muitos m\u00fasica &#8220;brega&#8221;. Da onde surgiu essa ideia?<\/h4>\n<h4 style=\"text-align: justify\"><\/h4>\n<h4 style=\"text-align: justify\"><strong>JG<\/strong>: O brega est\u00e1 &#8220;amarrado&#8221; na minha forma\u00e7\u00e3o: nasci e cresci na zona rural de Cangu\u00e7u, ouvindo as r\u00e1dios AM de tabela pelo radinho de pilha do meu pai (deve fazer uns 30 anos que ele praticamente s\u00f3 desliga o r\u00e1dio pra dormir). Minha m\u00e3e, que sempre cantou lindamente e desprovida de preconceito musical, cantarolava pela casa &#8211; ainda outro dia a vi cantando &#8220;As Pastorinhas&#8221; pra minha sobrinha rec\u00e9m nascida, mais ou menos como deve ter feito quando nasci tamb\u00e9m &#8211; can\u00e7\u00f5es bel\u00edssimas que s\u00f3 depois de tempos fui entender que eram de &#8220;universos&#8221; diferentes, de Noel Rosa a Waldick Soriano, Odair Jos\u00e9, Agnaldo Tim\u00f3teo. De alguma maneira, talvez por causa dos preconceitos bobos que a gente pega na adolesc\u00eancia (s\u00f3 gosto de rock, buuu, s\u00f3 gosto de samba, bl\u00e9\u00e9\u00e9), essas can\u00e7\u00f5es ficaram meio deixadas de lado na minha vida at\u00e9 uns dois anos atr\u00e1s, quando minha esposa me apresentou o filme &#8220;Vou rifar meu cora\u00e7\u00e3o&#8221;, dirigido pela Ana Rieper, um document\u00e1rio simplesmente maravilhoso sobre o brega. Lembrou-me dessas coisas todas, al\u00e9m de despertar meu interesse em ouvir e conhecer melhor os artistas e can\u00e7\u00f5es que se enquadram nessa est\u00e9tica. Esse show, portanto, t\u00e1 na incubadora faz algum tempo, e, conforme eu fui ficando mais \u00edntimo dessas can\u00e7\u00f5es, ele tamb\u00e9m foi se tornando mais imposs\u00edvel de evitar: \u00e9 algo que eu tenho que fazer, um pouco como desculpas (a mim mesmo) pelos anos de desaten\u00e7\u00e3o com esse conjunto de artistas, mas principalmente pelo prazer que me d\u00e1 tocar as m\u00fasicas de artistas brilhantes como Wando, Odair Jos\u00e9 e Reginaldo Rossi.<\/h4>\n<h4 style=\"text-align: justify\"><\/h4>\n<h4 style=\"text-align: justify\">O \u201cSexta-Feira\u201d est\u00e1 dispon\u00edvel para download gratuito no <a href=\"http:\/\/www.julianoguerra.com\" target=\"_blank\"><strong>site do m\u00fasico<\/strong> <\/a>ou pode ser adquirido pelo valor m\u00e9dio de R$ 25,00 nas lojas de CD, pelos servi\u00e7os de distribui\u00e7\u00e3o digital como iTunes, Spotify e Deezer, al\u00e9m do pr\u00f3prio site.<\/h4>\n<h4>Veja o clipe<strong> <a href=\"https:\/\/www.youtube.com\/watch?v=wX9KxrAvCIs\" target=\"_blank\">&#8220;Logo Vem&#8221;<\/a><\/strong> produzido com a Moviola Filmes.<\/h4>\n<h4><a href=\"https:\/\/wp.ufpel.edu.br\/artenosul\"><strong>PRIMEIRA P\u00c1GINA<\/strong><\/a><\/h4>\n<div data-test='contact-form'\n\t\t\tid='contact-form-236'\n\t\t\tclass='wp-block-jetpack-contact-form-container '\n\t\t\tdata-wp-interactive='jetpack\/form' data-wp-context='{\"formId\":\"236\",\"formHash\":\"8c5b69a5a45be4675b7714b211e5d98d6868e8c0\",\"showErrors\":false,\"errors\":[],\"fields\":[],\"isMultiStep\":false,\"useAjax\":true,\"submissionData\":null,\"formattedSubmissionData\":[],\"submissionSuccess\":false,\"submissionError\":null,\"elementId\":\"jp-form-8c5b69a5a45be4675b7714b211e5d98d6868e8c0\",\"isSingleInputForm\":false}'\n\t\t\tdata-wp-watch--scroll-to-wrapper=\"callbacks.scrollToWrapper\"\n\t\t>\n<div class=\"contact-form-submission contact-form-ajax-submission\" data-wp-class--submission-success=\"context.submissionSuccess\"><p class=\"go-back-message\"><a class=\"link\" role=\"button\" tabindex=\"0\" data-wp-on--click=\"actions.goBack\" href=\"\/artenosul\/wp-json\/wp\/v2\/posts\/236\">Voltar<\/a><\/p><h4 id=\"contact-form-success-header\">Sua mensagem foi enviada<\/h4>\n\n<template data-wp-each--submission=\"context.formattedSubmissionData\">\n\t\t\t\t\t<div class=\"jetpack_forms_contact-form-success-summary\">\n\t\t\t\t\t\t<div class=\"field-name\" data-wp-text=\"context.submission.label\" data-wp-bind--hidden=\"!context.submission.label\"><\/div>\n\t\t\t\t\t\t<div class=\"field-value\" data-wp-text=\"context.submission.value\"><\/div>\n\t\t\t\t\t\t<div class=\"field-images\" data-wp-bind--hidden=\"!context.submission.images\">\n\t\t\t\t\t\t\t<template data-wp-each--image=\"context.submission.images\">\n\t\t\t\t\t\t\t\t<figure class=\"field-image\" data-wp-class--is-empty=\"!context.image\">\n\t\t\t\t\t\t\t\t\t<img data-wp-bind--src=\"context.image\" data-wp-bind--hidden=\"!context.image\" \/>\n\t\t\t\t\t\t\t\t\t<img decoding=\"async\" src=\"data:image\/gif;base64,R0lGODlhAQABAAD\/ACwAAAAAAQABAAACADs=\" data-wp-bind--hidden=\"context.image\" \/>\n\t\t\t\t\t\t\t\t<\/figure>\n\t\t\t\t\t\t\t<\/template>\n\t\t\t\t\t\t<\/div>\n\t\t\t\t\t<\/div>\n\t\t\t\t<\/template><\/div><form action='https:\/\/wp.ufpel.edu.br\/artenosul\/2015\/10\/19\/juliano-guerra-personalidade-sarcasmo-e-amor\/'\n\t\t\t\tid='jp-form-8c5b69a5a45be4675b7714b211e5d98d6868e8c0'\n\t\t\t\tmethod='post'\n\t\t\t\tclass='contact-form commentsblock' aria-label=\"Juliano Guerra: personalidade, sarcasmo e amor\"\n\t\t\t\tdata-wp-on--submit=\"actions.onFormSubmit\"\n\t\t\t\tdata-wp-on--reset=\"actions.onFormReset\"\n\t\t\t\tdata-wp-class--submission-success=\"context.submissionSuccess\"\n\t\t\t\tdata-wp-class--is-first-step=\"state.isFirstStep\"\n\t\t\t\tdata-wp-class--is-last-step=\"state.isLastStep\"\n\t\t\t\tdata-wp-class--is-ajax-form=\"context.useAjax\"\n\t\t\t\tnovalidate >\n<input type='hidden' name='jetpack_contact_form_jwt' value='eyJ0eXAiOiJKV1QiLCJhbGciOiJIUzI1NiJ9.eyJlbmNyeXB0ZWRfYXR0cmlidXRlcyI6IlNvOURHZ29wOVRrSEhzc05FOWp6Z05sT1hRRTF6QUNPSSs3Q0hwUW1IR1NTWXpoN1k4Rk52ZEpiMG1tb09lSDlVMDRoMzB2Mi90d2dyUnNQclNXSUw4RHpyUkJodElWMW4wN3hKRWFRMTNOQmlKazlsQWpHTDBya2lTY2FGQVYxNzhRWHRMQnFSSy9URzRsOFJlZ2RuSkpGRk5JQ2p2KzlMM0dweXdKNkRxVlRNaXdtd2FCQWVKYnhUL29RajdhWlRZQUg1MW9WUHZnWmdnVDBLTzZTK3E0TkF3YVlmc2NsclMvaDdRNWx6cDZNNWo3VTF3eG0vOFVaaGVXRWFqOCthbmRYdVQ0dXgxR0lCek9ibm5lekdFaURFTEtwSWllM2hXYXUwRXpxaVNoaUxObGd6TXVJVXJINFh5SmdFOHRKMFQzVzg4VzNZSGRPemdPc2UzY0lLRWRVelJXUDRqUkV6RFRDamhBRm5Oa0tzN1RVazNMQ01yS3BPR0RHUHY0NHdIQk9lMVV1RFlNVHl5MUJTdllwb2lZemhNVHplaGcvOVg2Z3ZtbjRrZmtubnRocnRpYzRJb056ZGV4TVJpNWNTL09WdklFclRCZUZscVpBb2pQemFTZUo2WTlHcWo3NFJWMnBGL1crZGdCT1BkOHRucHBxbXlySVg2Q3hHcWdtbGZPRFJUVlh3MjFiSUlPMzlwbnQwTGZZRS9PQjh1OEc5RmpaRXIxY0Zhb2FVcEhWaS9vcXExU2R1VmpGUlZJRllMNUk5cm5kVXEzYStBV3RoTEFORUs2WDZDSG5VT2hDU0pqeWhyNnVmRkYwdHp4eUtxbXcySUFTaENCZ1RocDNLOEZKcGdsck1tYjJqQjA1cnpkeXgvY3g2QXZBN2JmWlFxRThpYjNUakNZUzV5RG01bklPZ2ZVTzZBbXFLTktsWnkrSDVhWFd4YlZPcDdIODJ3eTY0cDRCeElJU3NEancxWncxMWRjUmgrL2xwcjE4SkhQajFzYW9XckI4anU4RGEwbHRCWHNxK0JFT3NHTjBmWllVWXF0RjhqenUyVElRa0FHMStkaVduUDhpYjJHSU04OVhqNERleXB3djYvMnhaTElSb29ielErQk0yRFBUa3JJazdPaUdsMmpROWwxMG9sTHJWaU43QnZwa0Y2TEY3eEJWY3krekprRU4wMGdRVFlpWWtyY0hhR09vL213UWlKcS8ybkErRWtkNiIsImNvbnRlbnQiOiJbY29udGFjdC1maWVsZCBsYWJlbD0nTm9tZScgdHlwZT0nbmFtZScvXVtjb250YWN0LWZpZWxkIGxhYmVsPSdFbWFpbCcgdHlwZT0nZW1haWwnL11bY29udGFjdC1maWVsZCBsYWJlbD0nQ29tZW50XHUwMGUxcmlvJyB0eXBlPSd0ZXh0YXJlYScvXSIsImhhc2giOiI4YzViNjlhNWE0NWJlNDY3NWI3NzE0YjIxMWU1ZDk4ZDY4NjhlOGMwIiwic291cmNlIjp7ImVudHJ5X3RpdGxlIjoiSnVsaWFubyBHdWVycmE6IHBlcnNvbmFsaWRhZGUsIHNhcmNhc21vIGUgYW1vciIsImVudHJ5X3BhZ2UiOjEsInNvdXJjZV9pZCI6MjM2LCJzb3VyY2VfdHlwZSI6InNpbmdsZSIsInJlcXVlc3RfdXJsIjoiaHR0cHM6Ly93cC51ZnBlbC5lZHUuYnIvYXJ0ZW5vc3VsL3dwLWpzb24vd3AvdjIvcG9zdHMvMjM2In0sInZlcnNpb24iOjIsImNpcGhlciI6ImFlcy0yNTYtZ2NtIn0.xgDBFrmk9Bi3b4mc79NYcM6Te40ruL0TRcPo_yqBO58' \/>\n\n<div style=\"\"  data-wp-interactive=\"jetpack\/form\" data-wp-context='{\"fieldId\":\"g236-nome\",\"fieldType\":\"name\",\"fieldLabel\":\"Nome\",\"fieldValue\":\"\",\"fieldPlaceholder\":\"\",\"fieldIsRequired\":\"\",\"fieldErrorMessage\":\"\",\"fieldExtra\":[],\"formHash\":\"8c5b69a5a45be4675b7714b211e5d98d6868e8c0\"}'  class='grunion-field-name-wrap grunion-field-wrap'  data-wp-init='callbacks.initializeField' data-wp-on--jetpack-form-reset='callbacks.initializeField' >\n<label\n\t\t\t\tfor='g236-nome' class=\"grunion-field-label name\" >Nome<\/label>\n<input\n\t\t\t\t\ttype='text'\n\t\t\t\t\tname='g236-nome'\n\t\t\t\t\tid='g236-nome'\n\t\t\t\t\tvalue=''\n\n\t\t\t\t\tdata-wp-bind--aria-invalid='state.fieldHasErrors'\n\t\t\t\t\tdata-wp-bind--value='state.getFieldValue'\n\t\t\t\t\taria-errormessage='g236-nome-text-error-message'\n\t\t\t\t\tdata-wp-on--input='actions.onFieldChange'\n\t\t\t\t\tdata-wp-on--blur='actions.onFieldBlur'\n\t\t\t\t\tdata-wp-class--has-value='state.hasFieldValue'\n\n\t\t\t\t\tclass='name  grunion-field' \n\t\t\t\t\t \/>\n \n\t\t\t<div id=\"g236-nome-text-error\" class=\"contact-form__input-error\" data-wp-class--has-errors=\"state.fieldHasErrors\">\n\t\t\t\t<span class=\"contact-form__warning-icon\">\n\t\t\t\t\t<svg width=\"16\" height=\"16\" viewBox=\"0 0 16 16\" fill=\"none\" xmlns=\"http:\/\/www.w3.org\/2000\/svg\">\n\t\t\t\t\t\t<path d=\"M8.50015 11.6402H7.50015V10.6402H8.50015V11.6402Z\" \/>\n\t\t\t\t\t\t<path d=\"M7.50015 9.64018H8.50015V6.30684H7.50015V9.64018Z\" \/>\n\t\t\t\t\t\t<path fill-rule=\"evenodd\" clip-rule=\"evenodd\" d=\"M6.98331 3.0947C7.42933 2.30177 8.57096 2.30177 9.01698 3.09469L13.8771 11.7349C14.3145 12.5126 13.7525 13.4735 12.8602 13.4735H3.14004C2.24774 13.4735 1.68575 12.5126 2.12321 11.7349L6.98331 3.0947ZM8.14541 3.58496C8.08169 3.47168 7.9186 3.47168 7.85488 3.58496L2.99478 12.2251C2.93229 12.3362 3.01257 12.4735 3.14004 12.4735H12.8602C12.9877 12.4735 13.068 12.3362 13.0055 12.2251L8.14541 3.58496Z\" \/>\n\t\t\t\t\t<\/svg>\n\t\t\t\t\t<span class=\"visually-hidden\">Aviso<\/span>\n\t\t\t\t<\/span>\n\t\t\t\t<span data-wp-text=\"state.errorMessage\" id=\"g236-nome-text-error-message\" role=\"alert\" aria-live=\"assertive\"><\/span>\n\t\t\t<\/div> \n\t<\/div>\n\n<div style=\"\"  data-wp-interactive=\"jetpack\/form\" data-wp-context='{\"fieldId\":\"g236-email\",\"fieldType\":\"email\",\"fieldLabel\":\"Email\",\"fieldValue\":\"\",\"fieldPlaceholder\":\"\",\"fieldIsRequired\":\"\",\"fieldErrorMessage\":\"\",\"fieldExtra\":[],\"formHash\":\"8c5b69a5a45be4675b7714b211e5d98d6868e8c0\"}'  class='grunion-field-email-wrap grunion-field-wrap'  data-wp-init='callbacks.initializeField' data-wp-on--jetpack-form-reset='callbacks.initializeField' >\n<label\n\t\t\t\tfor='g236-email' class=\"grunion-field-label email\" >Email<\/label>\n<input\n\t\t\t\t\ttype='email'\n\t\t\t\t\tname='g236-email'\n\t\t\t\t\tid='g236-email'\n\t\t\t\t\tvalue=''\n\n\t\t\t\t\tdata-wp-bind--aria-invalid='state.fieldHasErrors'\n\t\t\t\t\tdata-wp-bind--value='state.getFieldValue'\n\t\t\t\t\taria-errormessage='g236-email-email-error-message'\n\t\t\t\t\tdata-wp-on--input='actions.onFieldChange'\n\t\t\t\t\tdata-wp-on--blur='actions.onFieldBlur'\n\t\t\t\t\tdata-wp-class--has-value='state.hasFieldValue'\n\n\t\t\t\t\tclass='email  grunion-field' \n\t\t\t\t\t \/>\n \n\t\t\t<div id=\"g236-email-email-error\" class=\"contact-form__input-error\" data-wp-class--has-errors=\"state.fieldHasErrors\">\n\t\t\t\t<span class=\"contact-form__warning-icon\">\n\t\t\t\t\t<svg width=\"16\" height=\"16\" viewBox=\"0 0 16 16\" fill=\"none\" xmlns=\"http:\/\/www.w3.org\/2000\/svg\">\n\t\t\t\t\t\t<path d=\"M8.50015 11.6402H7.50015V10.6402H8.50015V11.6402Z\" \/>\n\t\t\t\t\t\t<path d=\"M7.50015 9.64018H8.50015V6.30684H7.50015V9.64018Z\" \/>\n\t\t\t\t\t\t<path fill-rule=\"evenodd\" clip-rule=\"evenodd\" d=\"M6.98331 3.0947C7.42933 2.30177 8.57096 2.30177 9.01698 3.09469L13.8771 11.7349C14.3145 12.5126 13.7525 13.4735 12.8602 13.4735H3.14004C2.24774 13.4735 1.68575 12.5126 2.12321 11.7349L6.98331 3.0947ZM8.14541 3.58496C8.08169 3.47168 7.9186 3.47168 7.85488 3.58496L2.99478 12.2251C2.93229 12.3362 3.01257 12.4735 3.14004 12.4735H12.8602C12.9877 12.4735 13.068 12.3362 13.0055 12.2251L8.14541 3.58496Z\" \/>\n\t\t\t\t\t<\/svg>\n\t\t\t\t\t<span class=\"visually-hidden\">Aviso<\/span>\n\t\t\t\t<\/span>\n\t\t\t\t<span data-wp-text=\"state.errorMessage\" id=\"g236-email-email-error-message\" role=\"alert\" aria-live=\"assertive\"><\/span>\n\t\t\t<\/div> \n\t<\/div>\n\n<div style=\"\"  data-wp-interactive=\"jetpack\/form\" data-wp-context='{\"fieldId\":\"g236-comentrio\",\"fieldType\":\"textarea\",\"fieldLabel\":\"Coment\\u00e1rio\",\"fieldValue\":\"\",\"fieldPlaceholder\":\"\",\"fieldIsRequired\":\"\",\"fieldErrorMessage\":\"\",\"fieldExtra\":[],\"formHash\":\"8c5b69a5a45be4675b7714b211e5d98d6868e8c0\"}'  class='grunion-field-textarea-wrap grunion-field-wrap'  data-wp-init='callbacks.initializeField' data-wp-on--jetpack-form-reset='callbacks.initializeField' >\n<label\n\t\t\t\tfor='contact-form-comment-g236-comentrio' class=\"grunion-field-label textarea\" >Coment\u00e1rio<\/label>\n<textarea\n\t\t                style=''\n\t\t                name='g236-comentrio'\n\t\t                id='contact-form-comment-g236-comentrio'\n\t\t                rows='20'\n\t\t\t\t\t\tdata-wp-text='state.getFieldValue'\n\t\t\t\t\t\tdata-wp-on--input='actions.onFieldChange'\n\t\t\t\t\t\tdata-wp-on--blur='actions.onFieldBlur'\n\t\t\t\t\t\tdata-wp-class--has-value='state.hasFieldValue'\n\t\t\t\t\t\tdata-wp-bind--aria-invalid='state.fieldHasErrors'\n\t\t\t\t\t\taria-errormessage='g236-comentrio-textarea-error-message'\n\t\t\t\t\t\tclass='textarea  grunion-field'  ><\/textarea>\n \n\t\t\t<div id=\"g236-comentrio-textarea-error\" class=\"contact-form__input-error\" data-wp-class--has-errors=\"state.fieldHasErrors\">\n\t\t\t\t<span class=\"contact-form__warning-icon\">\n\t\t\t\t\t<svg width=\"16\" height=\"16\" viewBox=\"0 0 16 16\" fill=\"none\" xmlns=\"http:\/\/www.w3.org\/2000\/svg\">\n\t\t\t\t\t\t<path d=\"M8.50015 11.6402H7.50015V10.6402H8.50015V11.6402Z\" \/>\n\t\t\t\t\t\t<path d=\"M7.50015 9.64018H8.50015V6.30684H7.50015V9.64018Z\" \/>\n\t\t\t\t\t\t<path fill-rule=\"evenodd\" clip-rule=\"evenodd\" d=\"M6.98331 3.0947C7.42933 2.30177 8.57096 2.30177 9.01698 3.09469L13.8771 11.7349C14.3145 12.5126 13.7525 13.4735 12.8602 13.4735H3.14004C2.24774 13.4735 1.68575 12.5126 2.12321 11.7349L6.98331 3.0947ZM8.14541 3.58496C8.08169 3.47168 7.9186 3.47168 7.85488 3.58496L2.99478 12.2251C2.93229 12.3362 3.01257 12.4735 3.14004 12.4735H12.8602C12.9877 12.4735 13.068 12.3362 13.0055 12.2251L8.14541 3.58496Z\" \/>\n\t\t\t\t\t<\/svg>\n\t\t\t\t\t<span class=\"visually-hidden\">Aviso<\/span>\n\t\t\t\t<\/span>\n\t\t\t\t<span data-wp-text=\"state.errorMessage\" id=\"g236-comentrio-textarea-error-message\" role=\"alert\" aria-live=\"assertive\"><\/span>\n\t\t\t<\/div>\n\t<\/div>\n\t<p class='contact-submit'>\n<div class=\"contact-form__error\" data-wp-class--show-errors=\"state.showFormErrors\"><span class=\"contact-form__warning-icon\"><span class=\"visually-hidden\">Aten\u00e7\u00e3o.<\/span><i aria-hidden=\"true\"><\/i><\/span>\n\t\t\t\t<span data-wp-text=\"state.getFormErrorMessage\"><\/span>\n\t\t\t\t<ul>\n\t\t\t\t<template data-wp-each=\"state.getErrorList\" data-wp-key=\"context.item.id\">\n\t\t\t\t\t<li><a data-wp-bind--href=\"context.item.anchor\" data-wp-on--click=\"actions.scrollIntoView\" data-wp-text=\"context.item.label\"><\/a><\/li>\n\t\t\t\t<\/template>\n\t\t\t\t<\/ul><\/div><div class=\"contact-form__error\" data-wp-class--show-errors=\"state.showSubmissionError\" data-wp-text=\"context.submissionError\"><\/div>\t\t<button type='submit' class='pushbutton-wide'>Enviar<\/button>\t\t<input type='hidden' name='contact-form-id' value='236' \/>\n\t\t<input type='hidden' name='action' value='grunion-contact-form' \/>\n\t\t<input type='hidden' name='contact-form-hash' value='8c5b69a5a45be4675b7714b211e5d98d6868e8c0' \/>\n\t<\/p>\n<p style=\"display: none !important;\" class=\"akismet-fields-container\" data-prefix=\"ak_\"><label>&#916;<textarea name=\"ak_hp_textarea\" cols=\"45\" rows=\"8\" maxlength=\"100\"><\/textarea><\/label><input type=\"hidden\" id=\"ak_js_1\" name=\"ak_js\" value=\"38\"\/><script>document.getElementById( \"ak_js_1\" ).setAttribute( \"value\", ( new Date() ).getTime() );<\/script><\/p><\/form>\n<\/div>\n","protected":false},"excerpt":{"rendered":"<p>Reportagem de Estevan Garcia e \u00a0Vanessa Kleber &#8211;\u00a0 Sotaque marcante, ritmos tipicamente brasileiros e letras que transformam o cotidiano em poesia. Essas s\u00e3o algumas das caracter\u00edsticas do trabalho do m\u00fasico Juliano Guerra, nascido no munic\u00edpio de Cangu\u00e7u, em 7 de outubro de 1983. O artista iniciou sua carreira ainda no final dos anos 90, quando &hellip; <\/p>\n<p><a class=\"more-link btn\" href=\"https:\/\/wp.ufpel.edu.br\/artenosul\/2015\/10\/19\/juliano-guerra-personalidade-sarcasmo-e-amor\/\">Continue lendo<\/a><\/p>\n","protected":false},"author":571,"featured_media":237,"comment_status":"closed","ping_status":"closed","sticky":false,"template":"","format":"standard","meta":{"jetpack_post_was_ever_published":false,"_jetpack_newsletter_access":"","_jetpack_dont_email_post_to_subs":false,"_jetpack_newsletter_tier_id":0,"_jetpack_memberships_contains_paywalled_content":false,"_jetpack_memberships_contains_paid_content":false,"footnotes":"","jetpack_publicize_message":"","jetpack_publicize_feature_enabled":true,"jetpack_social_post_already_shared":true,"jetpack_social_options":{"image_generator_settings":{"template":"highway","default_image_id":0,"font":"","enabled":false},"version":2}},"categories":[6,1],"tags":[106,105,107,104,7],"class_list":["post-236","post","type-post","status-publish","format-standard","has-post-thumbnail","hentry","category-musica","category-noticias","tag-logo-vem","tag-cd-sexta-feira","tag-juliano-guerra","tag-moviola-filmes","tag-musica","nodate","item-wrap"],"jetpack_publicize_connections":[],"jetpack_featured_media_url":"https:\/\/wp.ufpel.edu.br\/artenosul\/files\/2015\/10\/Juliano-Guerra-foto-divulga\u00e7\u00e3o-Fot\u00f3grafo-Felipe-Campal-HD-3BB.jpg","jetpack_sharing_enabled":true,"jetpack_likes_enabled":true,"jetpack_shortlink":"https:\/\/wp.me\/p6PuxQ-3O","jetpack-related-posts":[{"id":7911,"url":"https:\/\/wp.ufpel.edu.br\/artenosul\/2017\/12\/24\/o-tarja-preta-de-cada-dia\/","url_meta":{"origin":236,"position":0},"title":"O Tarja Preta de cada dia","author":"artenosul","date":"24 de dezembro de 2017","format":false,"excerpt":"Douglas Dutra \u00a0\u00a0\u00a0\u00a0 S\u00f3 com tarja preta pra sobrevivemos \u00e0s neuras de nossas cabe\u00e7as. Dos rem\u00e9dios aos smartphones, acordamos e vamos dormir sedados. Foi esse olhar c\u00e1ustico e tr\u00e1gico que Juliano Guerra apresentou na pr\u00e9via de seu novo trabalho, Neura, no show Tarja Preta, no dia 28 de novembro no\u2026","rel":"","context":"Em &quot;M\u00daSICA&quot;","block_context":{"text":"M\u00daSICA","link":"https:\/\/wp.ufpel.edu.br\/artenosul\/category\/musica\/"},"img":{"alt_text":"","src":"https:\/\/i0.wp.com\/wp.ufpel.edu.br\/artenosul\/files\/2017\/12\/foto-Douglas-Dutra.jpg?resize=350%2C200&ssl=1","width":350,"height":200,"srcset":"https:\/\/i0.wp.com\/wp.ufpel.edu.br\/artenosul\/files\/2017\/12\/foto-Douglas-Dutra.jpg?resize=350%2C200&ssl=1 1x, https:\/\/i0.wp.com\/wp.ufpel.edu.br\/artenosul\/files\/2017\/12\/foto-Douglas-Dutra.jpg?resize=525%2C300&ssl=1 1.5x, https:\/\/i0.wp.com\/wp.ufpel.edu.br\/artenosul\/files\/2017\/12\/foto-Douglas-Dutra.jpg?resize=700%2C400&ssl=1 2x, https:\/\/i0.wp.com\/wp.ufpel.edu.br\/artenosul\/files\/2017\/12\/foto-Douglas-Dutra.jpg?resize=1050%2C600&ssl=1 3x, https:\/\/i0.wp.com\/wp.ufpel.edu.br\/artenosul\/files\/2017\/12\/foto-Douglas-Dutra.jpg?resize=1400%2C800&ssl=1 4x"},"classes":[]},{"id":4356,"url":"https:\/\/wp.ufpel.edu.br\/artenosul\/2016\/12\/18\/juliano-guerra-sexta-feira\/","url_meta":{"origin":236,"position":1},"title":"Juliano Guerra: \u00e1lbum solo","author":"artenosul","date":"18 de dezembro de 2016","format":false,"excerpt":"Texto de Felipe dos Santos Madeira - CD \u2013 Cr\u00edtica - \u00a0 \u00a0 \u00a0\u201cSexta-Feira\u201d \u00e9 o segundo \u00e1lbum solo do m\u00fasico e compositor cangu\u00e7uense Juliano Guerra. Lan\u00e7ado em mar\u00e7o de 2015, o disco, pr\u00e9-produzido em parceria com o baterista e percussionista Davi Batuka, al\u00e9m de inteiramente gravado e finalizado em\u2026","rel":"","context":"Em &quot;M\u00daSICA&quot;","block_context":{"text":"M\u00daSICA","link":"https:\/\/wp.ufpel.edu.br\/artenosul\/category\/musica\/"},"img":{"alt_text":"","src":"https:\/\/i0.wp.com\/wp.ufpel.edu.br\/artenosul\/files\/2016\/12\/capa.jpg?resize=350%2C200&ssl=1","width":350,"height":200,"srcset":"https:\/\/i0.wp.com\/wp.ufpel.edu.br\/artenosul\/files\/2016\/12\/capa.jpg?resize=350%2C200&ssl=1 1x, https:\/\/i0.wp.com\/wp.ufpel.edu.br\/artenosul\/files\/2016\/12\/capa.jpg?resize=525%2C300&ssl=1 1.5x, https:\/\/i0.wp.com\/wp.ufpel.edu.br\/artenosul\/files\/2016\/12\/capa.jpg?resize=700%2C400&ssl=1 2x"},"classes":[]},{"id":27597,"url":"https:\/\/wp.ufpel.edu.br\/artenosul\/2024\/12\/13\/nossos-sonhos-atraves-de-coreografias-e-musica\/","url_meta":{"origin":236,"position":2},"title":"\u201cNossos Sonhos\u201d atrav\u00e9s de coreografias e m\u00fasica","author":"artenosul","date":"13 de dezembro de 2024","format":false,"excerpt":"Academia Corpo & Dan\u00e7a apresenta espet\u00e1culo no Theatro Guarany na pr\u00f3xima ter\u00e7a-feira\u00a0\u00a0\u00a0 Por Paulo Pereira da Silva\u00a0\u00a0\u00a0\u00a0\u00a0 \u00a0 \u00a0 A Academia Corpo & Dan\u00e7a levar\u00e1 para o palco do Theatro Guarany, em Pelotas, o espet\u00e1culo \u201dNossos Sonhos\u201d, com a inten\u00e7\u00e3o de mostrar ao p\u00fablico, atrav\u00e9s da dan\u00e7a, nossos anseios mais\u2026","rel":"","context":"Em &quot;COMUNIDADE&quot;","block_context":{"text":"COMUNIDADE","link":"https:\/\/wp.ufpel.edu.br\/artenosul\/category\/comunidade\/"},"img":{"alt_text":"","src":"https:\/\/i0.wp.com\/wp.ufpel.edu.br\/artenosul\/files\/2024\/12\/Paulo3.jpg?resize=350%2C200&ssl=1","width":350,"height":200,"srcset":"https:\/\/i0.wp.com\/wp.ufpel.edu.br\/artenosul\/files\/2024\/12\/Paulo3.jpg?resize=350%2C200&ssl=1 1x, https:\/\/i0.wp.com\/wp.ufpel.edu.br\/artenosul\/files\/2024\/12\/Paulo3.jpg?resize=525%2C300&ssl=1 1.5x, https:\/\/i0.wp.com\/wp.ufpel.edu.br\/artenosul\/files\/2024\/12\/Paulo3.jpg?resize=700%2C400&ssl=1 2x"},"classes":[]},{"id":6979,"url":"https:\/\/wp.ufpel.edu.br\/artenosul\/2017\/07\/25\/diogo-nogueira-apresenta-alma-brasileira\/","url_meta":{"origin":236,"position":3},"title":"Diogo Nogueira apresenta &#8220;Alma Brasileira&#8221;","author":"artenosul","date":"25 de julho de 2017","format":false,"excerpt":"Fernanda Winck \u00a0 \u00a0 \u00a0O cantor Diogo Nogueira\u00a0trouxe o seu show \u201cAlma Brasileira\u201d no dia 21 de junho ao Theatro Guarany em Pelotas. Cantou m\u00fasicas autorais e v\u00e1rios sucessos da MPB tais como \u201cFlor de Lis\u201d, \u201cAvi\u00e3o\u201d, \u201cFato Consumado\u201d, \u201cBeiral\u201d (Djavan), \u201cBeijo Partido\u201d, \u201cTravessia\u201d (Toninho Horta, Milton Nascimento), \u201cCodinome Beija\u2026","rel":"","context":"Em &quot;M\u00daSICA&quot;","block_context":{"text":"M\u00daSICA","link":"https:\/\/wp.ufpel.edu.br\/artenosul\/category\/musica\/"},"img":{"alt_text":"","src":"https:\/\/i0.wp.com\/wp.ufpel.edu.br\/artenosul\/files\/2017\/07\/Diogo2.png?resize=350%2C200&ssl=1","width":350,"height":200,"srcset":"https:\/\/i0.wp.com\/wp.ufpel.edu.br\/artenosul\/files\/2017\/07\/Diogo2.png?resize=350%2C200&ssl=1 1x, https:\/\/i0.wp.com\/wp.ufpel.edu.br\/artenosul\/files\/2017\/07\/Diogo2.png?resize=525%2C300&ssl=1 1.5x"},"classes":[]},{"id":26640,"url":"https:\/\/wp.ufpel.edu.br\/artenosul\/2024\/03\/14\/renascenca-o-famoso-samba-do-mercado-central-de-pelotas\/","url_meta":{"origin":236,"position":4},"title":"Renascen\u00e7a: o famoso samba do Mercado Central de Pelotas","author":"artenosul","date":"14 de mar\u00e7o de 2024","format":false,"excerpt":"O movimento cultural das rodas de batucada segue trazendo alegria para a regi\u00e3o\u00a0\u00a0\u00a0 Por Jo\u00e3o Miguel Rico Donini\u00a0\u00a0\u00a0\u00a0 \u00a0 \u00a0 \u00a0 Um grupo criado de uma forma r\u00e1pida, sem compromisso, feito porque gostam de estar juntos, o Renascen\u00e7a se tornou refer\u00eancia em Pelotas. Em fevereiro de 2014, houve um concurso\u2026","rel":"","context":"Em &quot;M\u00daSICA&quot;","block_context":{"text":"M\u00daSICA","link":"https:\/\/wp.ufpel.edu.br\/artenosul\/category\/musica\/"},"img":{"alt_text":"","src":"https:\/\/i0.wp.com\/wp.ufpel.edu.br\/artenosul\/files\/2024\/03\/Imagem1.png?resize=350%2C200&ssl=1","width":350,"height":200,"srcset":"https:\/\/i0.wp.com\/wp.ufpel.edu.br\/artenosul\/files\/2024\/03\/Imagem1.png?resize=350%2C200&ssl=1 1x, https:\/\/i0.wp.com\/wp.ufpel.edu.br\/artenosul\/files\/2024\/03\/Imagem1.png?resize=525%2C300&ssl=1 1.5x"},"classes":[]},{"id":10452,"url":"https:\/\/wp.ufpel.edu.br\/artenosul\/2022\/04\/16\/musica-e-dancas-brasileiras-ganham-espaco-em-portugal\/","url_meta":{"origin":236,"position":5},"title":"M\u00fasica e dan\u00e7as brasileiras ganham espa\u00e7o em Portugal","author":"artenosul","date":"16 de abril de 2022","format":false,"excerpt":"Por Vit\u00f3ria de G\u00f3es (Correspondente do site Arte no Sul em terras portuguesas)\u00a0\u00a0\u00a0\u00a0 Sonoridades brasileiras fazem parte do cotidiano do pa\u00eds europeu Recentemente repercutiu nas redes sociais um artigo publicado em um jornal portugu\u00eas que comentava sobre a influ\u00eancia de youtubers brasileiros na linguagem das crian\u00e7as portuguesas. Aos poucos, elas\u2026","rel":"","context":"Em &quot;M\u00daSICA&quot;","block_context":{"text":"M\u00daSICA","link":"https:\/\/wp.ufpel.edu.br\/artenosul\/category\/musica\/"},"img":{"alt_text":"","src":"https:\/\/i0.wp.com\/wp.ufpel.edu.br\/artenosul\/files\/2022\/04\/2022-04-16-2c-1.png?resize=350%2C200&ssl=1","width":350,"height":200,"srcset":"https:\/\/i0.wp.com\/wp.ufpel.edu.br\/artenosul\/files\/2022\/04\/2022-04-16-2c-1.png?resize=350%2C200&ssl=1 1x, https:\/\/i0.wp.com\/wp.ufpel.edu.br\/artenosul\/files\/2022\/04\/2022-04-16-2c-1.png?resize=525%2C300&ssl=1 1.5x"},"classes":[]}],"_links":{"self":[{"href":"https:\/\/wp.ufpel.edu.br\/artenosul\/wp-json\/wp\/v2\/posts\/236","targetHints":{"allow":["GET"]}}],"collection":[{"href":"https:\/\/wp.ufpel.edu.br\/artenosul\/wp-json\/wp\/v2\/posts"}],"about":[{"href":"https:\/\/wp.ufpel.edu.br\/artenosul\/wp-json\/wp\/v2\/types\/post"}],"author":[{"embeddable":true,"href":"https:\/\/wp.ufpel.edu.br\/artenosul\/wp-json\/wp\/v2\/users\/571"}],"replies":[{"embeddable":true,"href":"https:\/\/wp.ufpel.edu.br\/artenosul\/wp-json\/wp\/v2\/comments?post=236"}],"version-history":[{"count":5,"href":"https:\/\/wp.ufpel.edu.br\/artenosul\/wp-json\/wp\/v2\/posts\/236\/revisions"}],"predecessor-version":[{"id":254,"href":"https:\/\/wp.ufpel.edu.br\/artenosul\/wp-json\/wp\/v2\/posts\/236\/revisions\/254"}],"wp:featuredmedia":[{"embeddable":true,"href":"https:\/\/wp.ufpel.edu.br\/artenosul\/wp-json\/wp\/v2\/media\/237"}],"wp:attachment":[{"href":"https:\/\/wp.ufpel.edu.br\/artenosul\/wp-json\/wp\/v2\/media?parent=236"}],"wp:term":[{"taxonomy":"category","embeddable":true,"href":"https:\/\/wp.ufpel.edu.br\/artenosul\/wp-json\/wp\/v2\/categories?post=236"},{"taxonomy":"post_tag","embeddable":true,"href":"https:\/\/wp.ufpel.edu.br\/artenosul\/wp-json\/wp\/v2\/tags?post=236"}],"curies":[{"name":"wp","href":"https:\/\/api.w.org\/{rel}","templated":true}]}}