{"id":13825,"date":"2023-06-23T13:30:00","date_gmt":"2023-06-23T16:30:00","guid":{"rendered":"https:\/\/wp.ufpel.edu.br\/artenosul\/?p=13825"},"modified":"2023-06-23T14:07:56","modified_gmt":"2023-06-23T17:07:56","slug":"projeto-interperiferias-propoe-integracao-dos-esportes-e-cultura","status":"publish","type":"post","link":"https:\/\/wp.ufpel.edu.br\/artenosul\/2023\/06\/23\/projeto-interperiferias-propoe-integracao-dos-esportes-e-cultura\/","title":{"rendered":"Projeto InterPeriferias prop\u00f5e integra\u00e7\u00e3o dos esportes e cultura"},"content":{"rendered":"<p style=\"text-align: center;\"><span style=\"color: #003366;\"><em><strong><span style=\"font-family: arial, helvetica, sans-serif;\">Neste s\u00e1bado est\u00e1 sendo promovida uma roda de samba na Associa\u00e7\u00e3o dos Sargentos\u00a0 \u00a0 \u00a0\u00a0<\/span><\/strong><\/em><\/span><\/p>\n<p>&nbsp;<\/p>\n<div id=\"attachment_13827\" style=\"width: 760px\" class=\"wp-caption aligncenter\"><img loading=\"lazy\" decoding=\"async\" aria-describedby=\"caption-attachment-13827\" class=\" wp-image-13827\" src=\"https:\/\/wp.ufpel.edu.br\/artenosul\/files\/2023\/06\/2023-06-23-3-500x281.png\" alt=\"\" width=\"760\" height=\"427\" srcset=\"https:\/\/wp.ufpel.edu.br\/artenosul\/files\/2023\/06\/2023-06-23-3-500x281.png 500w, https:\/\/wp.ufpel.edu.br\/artenosul\/files\/2023\/06\/2023-06-23-3-300x169.png 300w, https:\/\/wp.ufpel.edu.br\/artenosul\/files\/2023\/06\/2023-06-23-3-768x432.png 768w, https:\/\/wp.ufpel.edu.br\/artenosul\/files\/2023\/06\/2023-06-23-3-855x481.png 855w, https:\/\/wp.ufpel.edu.br\/artenosul\/files\/2023\/06\/2023-06-23-3.png 1366w\" sizes=\"auto, (max-width: 760px) 100vw, 760px\" \/><p id=\"caption-attachment-13827\" class=\"wp-caption-text\"><span style=\"font-family: arial, helvetica, sans-serif;\"><strong><span style=\"color: #0000ff;\">Grupo Pelo Telefone traz um repert\u00f3rio com v\u00e1rios sucessos da m\u00fasica popular brasileira\u00a0 \u00a0 \u00a0 \u00a0 \u00a0 \u00a0 \u00a0 \u00a0 \u00a0Foto: YouTube<\/span><\/strong><\/span><\/p><\/div>\n<p>&nbsp;<\/p>\n<p style=\"text-align: justify;\"><span style=\"font-family: arial, helvetica, sans-serif;\">O projeto InterPeriferias prop\u00f5e uma vis\u00e3o renovada da pr\u00e1tica de futebol e insere as atividades esportivas em um contexto cultural mais amplo. Neste s\u00e1bado, dia 24 de junho, promove uma roda de samba com o <a href=\"https:\/\/www.facebook.com\/grupopelotelefone\" target=\"_blank\" rel=\"noopener\"><strong>Grupo Pelo Telefone<\/strong><\/a>, reunindo quem gosta de futebol e samba. No repert\u00f3rio do show, est\u00e3o <a href=\"https:\/\/www.youtube.com\/@GrupoPeloTelefone100\" target=\"_blank\" rel=\"noopener\"><strong>sucessos como os de Bruno &amp; Marrone, Fagner, Ra\u00e7a Negra, Diogo Nogueira e Caetano Veloso<\/strong><\/a>. A apresenta\u00e7\u00e3o ser\u00e1 a partir das 21h, na Associa\u00e7\u00e3o dos Sargentos\/Sub Tenentes\/Tenentes da Brigada Militar (avenida Domingos de Almeida, 1489, bairro Areal, em Pelotas). Os ingressos custam 20 reais.<\/span><\/p>\n<p style=\"text-align: justify;\"><span style=\"font-family: arial, helvetica, sans-serif;\">Participam do Projeto de Extens\u00e3o InterPeriferias do Futebol atletas amadores interessados na pr\u00e1tica futebol\u00edstica em uma forma\u00e7\u00e3o esportiva e cultural. A ideia \u00e9 ampliar as possibilidades de jogar e refletir sobre o futebol enquanto um fen\u00f4meno mais amplo, com repercuss\u00e3o no campo esportivo, econ\u00f4mico, social, pol\u00edtico e cultural. A atual coordena\u00e7\u00e3o \u00e9 do professor F\u00e1bio Machado Pinto, da Escola Superior de Educa\u00e7\u00e3o F\u00edsica da UFPel.<\/span><\/p>\n<p style=\"text-align: justify;\"><span style=\"font-family: arial, helvetica, sans-serif;\">Dos dias 15 a 19 de julho, em Florian\u00f3polis, o projeto integra o II Encontro Internacional sobre Esporte, Cultura e Forma\u00e7\u00e3o: Interperiferias do Futebol, o X Interc\u00e2mbio Internacional Esportivo, Art\u00edstico e Cultural Interperiferias do Futebol e o III Festival Internacional de Pr\u00e1ticas Corporais do Mercosul. Participam o Instituto Superior de Educacion Fisica da Universidad de La Republica Uruguay (UDELAR), a Escola Superior de Educa\u00e7\u00e3o F\u00edsica da Universidade Federal de Pelotas (ESEF\/UFPel), o Departamento de Esporte, Cultura e Lazer da Universidade Federal de Santa Catarina (UFSC) e a Universidade Federal do Paran\u00e1 (UFPR).<\/span><\/p>\n<p style=\"text-align: justify;\"><span style=\"font-family: arial, helvetica, sans-serif;\">Os tr\u00eas eventos v\u00e3o contar com atividades cientificas e culturais: mesa-redonda e lan\u00e7amento de livros, reuni\u00f5es interinstitucionais entre grupos de pesquisa, oficinas de pr\u00e1ticas corporais, festival de futebol e atividades culturais e art\u00edsticas. O objetivo \u00e9 promover a sociabilidade e a reflex\u00e3o sobre as quest\u00f5es sociais, culturais e esportivas relacionadas ao futebol profissional e comunit\u00e1rio, al\u00e9m de estreitar as rela\u00e7\u00f5es entre as institui\u00e7\u00f5es e os grupos de pesquisa. Assim, visam contribuir para a forma\u00e7\u00e3o de profissionais, estudantes da gradua\u00e7\u00e3o e p\u00f3s-gradua\u00e7\u00e3o, assim como da comunidade local.<\/span><\/p>\n<p style=\"text-align: justify;\"><a href=\"http:\/\/wp.ufpel.edu.br\/artenosul\"><span style=\"color: #0000ff;\"><strong><span style=\"font-family: arial, helvetica, sans-serif;\">PRIMEIRA P\u00c1GINA<\/span><\/strong><\/span><\/a><\/p>\n<p style=\"text-align: justify;\"><span style=\"color: #0000ff;\"><strong><span style=\"font-family: arial, helvetica, sans-serif;\">COMENT\u00c1RIOS<\/span><\/strong><\/span><\/p>\n<div data-test='contact-form'\n\t\t\tid='contact-form-13825'\n\t\t\tclass='wp-block-jetpack-contact-form-container '\n\t\t\tdata-wp-interactive='jetpack\/form' data-wp-context='{\"formId\":\"13825\",\"formHash\":\"2e9a4759472aaaeca27f7669f731820e34e2682a\",\"showErrors\":false,\"errors\":[],\"fields\":[],\"isMultiStep\":false,\"useAjax\":true,\"submissionData\":null,\"formattedSubmissionData\":[],\"submissionSuccess\":false,\"submissionError\":null,\"elementId\":\"jp-form-2e9a4759472aaaeca27f7669f731820e34e2682a\",\"isSingleInputForm\":false}'\n\t\t\tdata-wp-watch--scroll-to-wrapper=\"callbacks.scrollToWrapper\"\n\t\t>\n<div class=\"contact-form-submission contact-form-ajax-submission\" data-wp-class--submission-success=\"context.submissionSuccess\"><p class=\"go-back-message\"><a class=\"link\" role=\"button\" tabindex=\"0\" data-wp-on--click=\"actions.goBack\" href=\"\/artenosul\/wp-json\/wp\/v2\/posts\/13825\">Voltar<\/a><\/p><h4 id=\"contact-form-success-header\">Sua mensagem foi enviada<\/h4>\n\n<template data-wp-each--submission=\"context.formattedSubmissionData\">\n\t\t\t\t\t<div class=\"jetpack_forms_contact-form-success-summary\">\n\t\t\t\t\t\t<div class=\"field-name\" data-wp-text=\"context.submission.label\" data-wp-bind--hidden=\"!context.submission.label\"><\/div>\n\t\t\t\t\t\t<div class=\"field-value\" data-wp-text=\"context.submission.value\"><\/div>\n\t\t\t\t\t\t<div class=\"field-images\" data-wp-bind--hidden=\"!context.submission.images\">\n\t\t\t\t\t\t\t<template data-wp-each--image=\"context.submission.images\">\n\t\t\t\t\t\t\t\t<figure class=\"field-image\" data-wp-class--is-empty=\"!context.image\">\n\t\t\t\t\t\t\t\t\t<img data-wp-bind--src=\"context.image\" data-wp-bind--hidden=\"!context.image\" \/>\n\t\t\t\t\t\t\t\t\t<img decoding=\"async\" src=\"data:image\/gif;base64,R0lGODlhAQABAAD\/ACwAAAAAAQABAAACADs=\" data-wp-bind--hidden=\"context.image\" \/>\n\t\t\t\t\t\t\t\t<\/figure>\n\t\t\t\t\t\t\t<\/template>\n\t\t\t\t\t\t<\/div>\n\t\t\t\t\t<\/div>\n\t\t\t\t<\/template><\/div><form action='https:\/\/wp.ufpel.edu.br\/artenosul\/2023\/06\/23\/projeto-interperiferias-propoe-integracao-dos-esportes-e-cultura\/'\n\t\t\t\tid='jp-form-2e9a4759472aaaeca27f7669f731820e34e2682a'\n\t\t\t\tmethod='post'\n\t\t\t\tclass='contact-form commentsblock' aria-label=\"Projeto InterPeriferias prop\u00f5e integra\u00e7\u00e3o dos esportes e cultura\"\n\t\t\t\tdata-wp-on--submit=\"actions.onFormSubmit\"\n\t\t\t\tdata-wp-on--reset=\"actions.onFormReset\"\n\t\t\t\tdata-wp-class--submission-success=\"context.submissionSuccess\"\n\t\t\t\tdata-wp-class--is-first-step=\"state.isFirstStep\"\n\t\t\t\tdata-wp-class--is-last-step=\"state.isLastStep\"\n\t\t\t\tdata-wp-class--is-ajax-form=\"context.useAjax\"\n\t\t\t\tnovalidate >\n<input type='hidden' name='jetpack_contact_form_jwt' value='eyJ0eXAiOiJKV1QiLCJhbGciOiJIUzI1NiJ9.eyJlbmNyeXB0ZWRfYXR0cmlidXRlcyI6Im45a0c1cTByVFo0c0d1TnFXYUtkeFQ0UGFCYVdCUUZrcWxhSkhrYTZNZnJkcEFWeEdhVXpQRFFlS3h4NnJVTWVPU1RBOEZVQ05zM0xXVU9qOUZLcVd2bCtUNEljMWhlSER4Qnk5RVlnajZ4aEtiZWMwTStEZXgrSGlQeDYwVXkxdVNSOEVJRWl1d1hDQjBiLytVaTNFbHpSWTNYd3pHa0MwVnUvcVVKL2Fud1p3dWRaY2VLRDBJQ2gzeFhuSTkwZ2VyL3JKcE53WmtzZHQwQjJXbmN0N2k4VjRpQzBPSFhPT3BYVFhzeFQ2S2NuSDN2NXp3cEczRzVMUW5xMU9ZZ2lTS0NNWERFbmsybTVYdW9JbHpmK0VjZVYrdW16aUlXQnk0R29kYlVFeE9NKzlnTlNnYXVkSG1LTXd4UHQxZkZqcHExblNkZmJCYVVuZ0pKRitKQzhuclFqcVFucjRqYkRueGJVSjd5bmFzZmE0YlNDa3VuRXo1VVFQSVU3SmpxOGZ4V0FHaHQyM0x0aHJGeGJKWmJvbW41RzcvVE83YjNyQ1lDYjVyRnE2bFN1cGtpTm5uM0VDNkdWNEtUWHNUK1pVWEQzWGErWlp3ckNlQURHMmpEczkwWE5BN2x0YkdnR0dncFZMZVZERFQveVdzb01uK2RpRU8ydDBBSUlYcjdEQTc3WVY0a0VNdGkvNmtSSEIrZEhIR0crZXdoY1FZaUpocEhQTUlycHNkRTE0T0pqR3BIZVhJb0lwNlc3cmQxM2trU042T05ZaTMvRE5DRnh5N1J4eFRtaXJsdnYyTE05aXBjcGdaQkViUlhtZWdBekJtZVNScUtxRVJtTU40WkNEcDBobTdJalhwNDFWM1lkVUpnbWdGcTNueXhhVWZSOWNvN3QrSnhtT2ZIWThTc2pFMHlYR1JKYWhMNzAzalZDdXFNYWRMbnlMMmVDZm1odTFDN0JUZkZWMVJubjVRbmMrQm9rek43eEV3dW1TcmZ3U0FpcytWNGR2OThVNDIyanArcWdTVGRzZ3lUb2dCSFdwdzRwTHIreGhJKzFRWVdENGFWNmIwZ1BrYkhZMmhhQmJLNWN4VTVMVzJML3d1VzlXdTZWcThvc1RmbytEUVprQVZZQ0l1eDRDemYyZTJISmhpVTQwMmJKejk4dUFkbFlxOG5rQ0FNdlU0N3JQc0d6cE5qeXhReGRnSFdHem9Mc1A0TExvSnJNclQ1dVB3VzZNOFVyNXNtRGRuSm9iTEdnVmg2bitXaEFuc2JLOEdQVldsb0lEbjV3QlFRPSIsImNvbnRlbnQiOiJbY29udGFjdC1maWVsZCBsYWJlbD1cIk5vbWVcIiB0eXBlPVwibmFtZVwiXVtjb250YWN0LWZpZWxkIGxhYmVsPVwiRS1tYWlsXCIgdHlwZT1cImVtYWlsXCJdW2NvbnRhY3QtZmllbGQgbGFiZWw9XCJNZW5zYWdlbVwiIHR5cGU9XCJ0ZXh0YXJlYVwiXSIsImhhc2giOiIyZTlhNDc1OTQ3MmFhYWVjYTI3Zjc2NjlmNzMxODIwZTM0ZTI2ODJhIiwic291cmNlIjp7ImVudHJ5X3RpdGxlIjoiUHJvamV0byBJbnRlclBlcmlmZXJpYXMgcHJvcFx1MDBmNWUgaW50ZWdyYVx1MDBlN1x1MDBlM28gZG9zIGVzcG9ydGVzIGUgY3VsdHVyYSIsImVudHJ5X3BhZ2UiOjEsInNvdXJjZV9pZCI6MTM4MjUsInNvdXJjZV90eXBlIjoic2luZ2xlIiwicmVxdWVzdF91cmwiOiJodHRwczovL3dwLnVmcGVsLmVkdS5ici9hcnRlbm9zdWwvd3AtanNvbi93cC92Mi9wb3N0cy8xMzgyNSJ9LCJ2ZXJzaW9uIjoyLCJjaXBoZXIiOiJhZXMtMjU2LWdjbSJ9.lVnRnCfd7H5ixaYCLG8CTxGyeJlQXt1VeR0HgqfBrKo' \/>\n\n<div style=\"\"  data-wp-interactive=\"jetpack\/form\" data-wp-context='{\"fieldId\":\"g13825-nome\",\"fieldType\":\"name\",\"fieldLabel\":\"Nome\",\"fieldValue\":\"\",\"fieldPlaceholder\":\"\",\"fieldIsRequired\":\"\",\"fieldErrorMessage\":\"\",\"fieldExtra\":[],\"formHash\":\"2e9a4759472aaaeca27f7669f731820e34e2682a\"}'  class='grunion-field-name-wrap grunion-field-wrap'  data-wp-init='callbacks.initializeField' data-wp-on--jetpack-form-reset='callbacks.initializeField' >\n<label\n\t\t\t\tfor='g13825-nome' class=\"grunion-field-label name\" >Nome<\/label>\n<input\n\t\t\t\t\ttype='text'\n\t\t\t\t\tname='g13825-nome'\n\t\t\t\t\tid='g13825-nome'\n\t\t\t\t\tvalue=''\n\n\t\t\t\t\tdata-wp-bind--aria-invalid='state.fieldHasErrors'\n\t\t\t\t\tdata-wp-bind--value='state.getFieldValue'\n\t\t\t\t\taria-errormessage='g13825-nome-text-error-message'\n\t\t\t\t\tdata-wp-on--input='actions.onFieldChange'\n\t\t\t\t\tdata-wp-on--blur='actions.onFieldBlur'\n\t\t\t\t\tdata-wp-class--has-value='state.hasFieldValue'\n\n\t\t\t\t\tclass='name  grunion-field' \n\t\t\t\t\t \/>\n \n\t\t\t<div id=\"g13825-nome-text-error\" class=\"contact-form__input-error\" data-wp-class--has-errors=\"state.fieldHasErrors\">\n\t\t\t\t<span class=\"contact-form__warning-icon\">\n\t\t\t\t\t<svg width=\"16\" height=\"16\" viewBox=\"0 0 16 16\" fill=\"none\" xmlns=\"http:\/\/www.w3.org\/2000\/svg\">\n\t\t\t\t\t\t<path d=\"M8.50015 11.6402H7.50015V10.6402H8.50015V11.6402Z\" \/>\n\t\t\t\t\t\t<path d=\"M7.50015 9.64018H8.50015V6.30684H7.50015V9.64018Z\" \/>\n\t\t\t\t\t\t<path fill-rule=\"evenodd\" clip-rule=\"evenodd\" d=\"M6.98331 3.0947C7.42933 2.30177 8.57096 2.30177 9.01698 3.09469L13.8771 11.7349C14.3145 12.5126 13.7525 13.4735 12.8602 13.4735H3.14004C2.24774 13.4735 1.68575 12.5126 2.12321 11.7349L6.98331 3.0947ZM8.14541 3.58496C8.08169 3.47168 7.9186 3.47168 7.85488 3.58496L2.99478 12.2251C2.93229 12.3362 3.01257 12.4735 3.14004 12.4735H12.8602C12.9877 12.4735 13.068 12.3362 13.0055 12.2251L8.14541 3.58496Z\" \/>\n\t\t\t\t\t<\/svg>\n\t\t\t\t\t<span class=\"visually-hidden\">Aviso<\/span>\n\t\t\t\t<\/span>\n\t\t\t\t<span data-wp-text=\"state.errorMessage\" id=\"g13825-nome-text-error-message\" role=\"alert\" aria-live=\"assertive\"><\/span>\n\t\t\t<\/div> \n\t<\/div>\n\n<div style=\"\"  data-wp-interactive=\"jetpack\/form\" data-wp-context='{\"fieldId\":\"g13825-email\",\"fieldType\":\"email\",\"fieldLabel\":\"E-mail\",\"fieldValue\":\"\",\"fieldPlaceholder\":\"\",\"fieldIsRequired\":\"\",\"fieldErrorMessage\":\"\",\"fieldExtra\":[],\"formHash\":\"2e9a4759472aaaeca27f7669f731820e34e2682a\"}'  class='grunion-field-email-wrap grunion-field-wrap'  data-wp-init='callbacks.initializeField' data-wp-on--jetpack-form-reset='callbacks.initializeField' >\n<label\n\t\t\t\tfor='g13825-email' class=\"grunion-field-label email\" >E-mail<\/label>\n<input\n\t\t\t\t\ttype='email'\n\t\t\t\t\tname='g13825-email'\n\t\t\t\t\tid='g13825-email'\n\t\t\t\t\tvalue=''\n\n\t\t\t\t\tdata-wp-bind--aria-invalid='state.fieldHasErrors'\n\t\t\t\t\tdata-wp-bind--value='state.getFieldValue'\n\t\t\t\t\taria-errormessage='g13825-email-email-error-message'\n\t\t\t\t\tdata-wp-on--input='actions.onFieldChange'\n\t\t\t\t\tdata-wp-on--blur='actions.onFieldBlur'\n\t\t\t\t\tdata-wp-class--has-value='state.hasFieldValue'\n\n\t\t\t\t\tclass='email  grunion-field' \n\t\t\t\t\t \/>\n \n\t\t\t<div id=\"g13825-email-email-error\" class=\"contact-form__input-error\" data-wp-class--has-errors=\"state.fieldHasErrors\">\n\t\t\t\t<span class=\"contact-form__warning-icon\">\n\t\t\t\t\t<svg width=\"16\" height=\"16\" viewBox=\"0 0 16 16\" fill=\"none\" xmlns=\"http:\/\/www.w3.org\/2000\/svg\">\n\t\t\t\t\t\t<path d=\"M8.50015 11.6402H7.50015V10.6402H8.50015V11.6402Z\" \/>\n\t\t\t\t\t\t<path d=\"M7.50015 9.64018H8.50015V6.30684H7.50015V9.64018Z\" \/>\n\t\t\t\t\t\t<path fill-rule=\"evenodd\" clip-rule=\"evenodd\" d=\"M6.98331 3.0947C7.42933 2.30177 8.57096 2.30177 9.01698 3.09469L13.8771 11.7349C14.3145 12.5126 13.7525 13.4735 12.8602 13.4735H3.14004C2.24774 13.4735 1.68575 12.5126 2.12321 11.7349L6.98331 3.0947ZM8.14541 3.58496C8.08169 3.47168 7.9186 3.47168 7.85488 3.58496L2.99478 12.2251C2.93229 12.3362 3.01257 12.4735 3.14004 12.4735H12.8602C12.9877 12.4735 13.068 12.3362 13.0055 12.2251L8.14541 3.58496Z\" \/>\n\t\t\t\t\t<\/svg>\n\t\t\t\t\t<span class=\"visually-hidden\">Aviso<\/span>\n\t\t\t\t<\/span>\n\t\t\t\t<span data-wp-text=\"state.errorMessage\" id=\"g13825-email-email-error-message\" role=\"alert\" aria-live=\"assertive\"><\/span>\n\t\t\t<\/div> \n\t<\/div>\n\n<div style=\"\"  data-wp-interactive=\"jetpack\/form\" data-wp-context='{\"fieldId\":\"g13825-mensagem\",\"fieldType\":\"textarea\",\"fieldLabel\":\"Mensagem\",\"fieldValue\":\"\",\"fieldPlaceholder\":\"\",\"fieldIsRequired\":\"\",\"fieldErrorMessage\":\"\",\"fieldExtra\":[],\"formHash\":\"2e9a4759472aaaeca27f7669f731820e34e2682a\"}'  class='grunion-field-textarea-wrap grunion-field-wrap'  data-wp-init='callbacks.initializeField' data-wp-on--jetpack-form-reset='callbacks.initializeField' >\n<label\n\t\t\t\tfor='contact-form-comment-g13825-mensagem' class=\"grunion-field-label textarea\" >Mensagem<\/label>\n<textarea\n\t\t                style=''\n\t\t                name='g13825-mensagem'\n\t\t                id='contact-form-comment-g13825-mensagem'\n\t\t                rows='20'\n\t\t\t\t\t\tdata-wp-text='state.getFieldValue'\n\t\t\t\t\t\tdata-wp-on--input='actions.onFieldChange'\n\t\t\t\t\t\tdata-wp-on--blur='actions.onFieldBlur'\n\t\t\t\t\t\tdata-wp-class--has-value='state.hasFieldValue'\n\t\t\t\t\t\tdata-wp-bind--aria-invalid='state.fieldHasErrors'\n\t\t\t\t\t\taria-errormessage='g13825-mensagem-textarea-error-message'\n\t\t\t\t\t\tclass='textarea  grunion-field'  ><\/textarea>\n \n\t\t\t<div id=\"g13825-mensagem-textarea-error\" class=\"contact-form__input-error\" data-wp-class--has-errors=\"state.fieldHasErrors\">\n\t\t\t\t<span class=\"contact-form__warning-icon\">\n\t\t\t\t\t<svg width=\"16\" height=\"16\" viewBox=\"0 0 16 16\" fill=\"none\" xmlns=\"http:\/\/www.w3.org\/2000\/svg\">\n\t\t\t\t\t\t<path d=\"M8.50015 11.6402H7.50015V10.6402H8.50015V11.6402Z\" \/>\n\t\t\t\t\t\t<path d=\"M7.50015 9.64018H8.50015V6.30684H7.50015V9.64018Z\" \/>\n\t\t\t\t\t\t<path fill-rule=\"evenodd\" clip-rule=\"evenodd\" d=\"M6.98331 3.0947C7.42933 2.30177 8.57096 2.30177 9.01698 3.09469L13.8771 11.7349C14.3145 12.5126 13.7525 13.4735 12.8602 13.4735H3.14004C2.24774 13.4735 1.68575 12.5126 2.12321 11.7349L6.98331 3.0947ZM8.14541 3.58496C8.08169 3.47168 7.9186 3.47168 7.85488 3.58496L2.99478 12.2251C2.93229 12.3362 3.01257 12.4735 3.14004 12.4735H12.8602C12.9877 12.4735 13.068 12.3362 13.0055 12.2251L8.14541 3.58496Z\" \/>\n\t\t\t\t\t<\/svg>\n\t\t\t\t\t<span class=\"visually-hidden\">Aviso<\/span>\n\t\t\t\t<\/span>\n\t\t\t\t<span data-wp-text=\"state.errorMessage\" id=\"g13825-mensagem-textarea-error-message\" role=\"alert\" aria-live=\"assertive\"><\/span>\n\t\t\t<\/div>\n\t<\/div>\n\t<p class='contact-submit'>\n<div class=\"contact-form__error\" data-wp-class--show-errors=\"state.showFormErrors\"><span class=\"contact-form__warning-icon\"><span class=\"visually-hidden\">Aten\u00e7\u00e3o.<\/span><i aria-hidden=\"true\"><\/i><\/span>\n\t\t\t\t<span data-wp-text=\"state.getFormErrorMessage\"><\/span>\n\t\t\t\t<ul>\n\t\t\t\t<template data-wp-each=\"state.getErrorList\" data-wp-key=\"context.item.id\">\n\t\t\t\t\t<li><a data-wp-bind--href=\"context.item.anchor\" data-wp-on--click=\"actions.scrollIntoView\" data-wp-text=\"context.item.label\"><\/a><\/li>\n\t\t\t\t<\/template>\n\t\t\t\t<\/ul><\/div><div class=\"contact-form__error\" data-wp-class--show-errors=\"state.showSubmissionError\" data-wp-text=\"context.submissionError\"><\/div>\t\t<button type='submit' class='pushbutton-wide'>Enviar<\/button>\t\t<input type='hidden' name='contact-form-id' value='13825' \/>\n\t\t<input type='hidden' name='action' value='grunion-contact-form' \/>\n\t\t<input type='hidden' name='contact-form-hash' value='2e9a4759472aaaeca27f7669f731820e34e2682a' \/>\n\t<\/p>\n<p style=\"display: none !important;\" class=\"akismet-fields-container\" data-prefix=\"ak_\"><label>&#916;<textarea name=\"ak_hp_textarea\" cols=\"45\" rows=\"8\" maxlength=\"100\"><\/textarea><\/label><input type=\"hidden\" id=\"ak_js_1\" name=\"ak_js\" value=\"127\"\/><script>document.getElementById( \"ak_js_1\" ).setAttribute( \"value\", ( new Date() ).getTime() );<\/script><\/p><\/form>\n<\/div>\n<p style=\"text-align: justify;\">\n","protected":false},"excerpt":{"rendered":"<p>Neste s\u00e1bado est\u00e1 sendo promovida uma roda de samba na Associa\u00e7\u00e3o dos Sargentos\u00a0 \u00a0 \u00a0\u00a0 &nbsp; &nbsp; O projeto InterPeriferias prop\u00f5e uma vis\u00e3o renovada da pr\u00e1tica de futebol e insere as atividades esportivas em um contexto cultural mais amplo. Neste s\u00e1bado, dia 24 de junho, promove uma roda de samba com o Grupo Pelo Telefone, &hellip; <\/p>\n<p><a class=\"more-link btn\" href=\"https:\/\/wp.ufpel.edu.br\/artenosul\/2023\/06\/23\/projeto-interperiferias-propoe-integracao-dos-esportes-e-cultura\/\">Continue lendo<\/a><\/p>\n","protected":false},"author":571,"featured_media":13829,"comment_status":"closed","ping_status":"closed","sticky":false,"template":"","format":"standard","meta":{"jetpack_post_was_ever_published":false,"_jetpack_newsletter_access":"","_jetpack_dont_email_post_to_subs":false,"_jetpack_newsletter_tier_id":0,"_jetpack_memberships_contains_paywalled_content":false,"_jetpack_memberships_contains_paid_content":false,"footnotes":"","jetpack_publicize_message":"","jetpack_publicize_feature_enabled":true,"jetpack_social_post_already_shared":true,"jetpack_social_options":{"image_generator_settings":{"template":"highway","default_image_id":0,"font":"","enabled":false},"version":2}},"categories":[88,6,1],"tags":[1832,1831,1829,1833,1834,1836,1828,1830,14,1835],"class_list":["post-13825","post","type-post","status-publish","format-standard","has-post-thumbnail","hentry","category-comunidade","category-musica","category-noticias","tag-associacao-dos-sargentos-de-pelotas","tag-futebol","tag-grupo-pelo-telefone","tag-ii-encontro-internacional-sobre-esporte","tag-ii-encontro-internacional-sobre-esporte-cultura-e-formacao-interperiferias-do-futebolo-futebol","tag-iii-festival-internacional-de-praticas-corporais-do-mercosul","tag-interperiferias","tag-roda-de-samba","tag-samba","tag-x-intercambio-internacional-esportivo-artistico-e-cultural-interperiferias-do-futebol","nodate","item-wrap"],"jetpack_publicize_connections":[],"jetpack_featured_media_url":"https:\/\/wp.ufpel.edu.br\/artenosul\/files\/2023\/06\/gRUPO.png","jetpack_sharing_enabled":true,"jetpack_likes_enabled":true,"jetpack_shortlink":"https:\/\/wp.me\/p6PuxQ-3AZ","jetpack-related-posts":[{"id":26640,"url":"https:\/\/wp.ufpel.edu.br\/artenosul\/2024\/03\/14\/renascenca-o-famoso-samba-do-mercado-central-de-pelotas\/","url_meta":{"origin":13825,"position":0},"title":"Renascen\u00e7a: o famoso samba do Mercado Central de Pelotas","author":"artenosul","date":"14 de mar\u00e7o de 2024","format":false,"excerpt":"O movimento cultural das rodas de batucada segue trazendo alegria para a regi\u00e3o\u00a0\u00a0\u00a0 Por Jo\u00e3o Miguel Rico Donini\u00a0\u00a0\u00a0\u00a0 \u00a0 \u00a0 \u00a0 Um grupo criado de uma forma r\u00e1pida, sem compromisso, feito porque gostam de estar juntos, o Renascen\u00e7a se tornou refer\u00eancia em Pelotas. Em fevereiro de 2014, houve um concurso\u2026","rel":"","context":"Em &quot;M\u00daSICA&quot;","block_context":{"text":"M\u00daSICA","link":"https:\/\/wp.ufpel.edu.br\/artenosul\/category\/musica\/"},"img":{"alt_text":"","src":"https:\/\/i0.wp.com\/wp.ufpel.edu.br\/artenosul\/files\/2024\/03\/Imagem1.png?resize=350%2C200&ssl=1","width":350,"height":200,"srcset":"https:\/\/i0.wp.com\/wp.ufpel.edu.br\/artenosul\/files\/2024\/03\/Imagem1.png?resize=350%2C200&ssl=1 1x, https:\/\/i0.wp.com\/wp.ufpel.edu.br\/artenosul\/files\/2024\/03\/Imagem1.png?resize=525%2C300&ssl=1 1.5x"},"classes":[]},{"id":8759,"url":"https:\/\/wp.ufpel.edu.br\/artenosul\/2020\/10\/27\/grupo-sente-o-clima-samba-clube-produz-novo-ep-durante-isolamento\/","url_meta":{"origin":13825,"position":1},"title":"Grupo Sente o Clima Samba Clube produz novo EP durante isolamento","author":"artenosul","date":"27 de outubro de 2020","format":false,"excerpt":"Por Valesca Silva de Deus Em distanciamento social, grupo enfrenta desafios do mercado musical em Pelotas A pandemia de coronavirus em 2020 causou diversos preju\u00edzos na sa\u00fade, economia e intera\u00e7\u00e3o social no mundo. Estabelecimentos se reinventaram durante o per\u00edodo de crise para seguir pagando as contas, por meio de sistema\u2026","rel":"","context":"Em &quot;NOT\u00cdCIAS&quot;","block_context":{"text":"NOT\u00cdCIAS","link":"https:\/\/wp.ufpel.edu.br\/artenosul\/category\/noticias\/"},"img":{"alt_text":"","src":"https:\/\/i0.wp.com\/wp.ufpel.edu.br\/artenosul\/files\/2020\/10\/Imagem1-1.jpg?resize=350%2C200&ssl=1","width":350,"height":200,"srcset":"https:\/\/i0.wp.com\/wp.ufpel.edu.br\/artenosul\/files\/2020\/10\/Imagem1-1.jpg?resize=350%2C200&ssl=1 1x, https:\/\/i0.wp.com\/wp.ufpel.edu.br\/artenosul\/files\/2020\/10\/Imagem1-1.jpg?resize=525%2C300&ssl=1 1.5x, https:\/\/i0.wp.com\/wp.ufpel.edu.br\/artenosul\/files\/2020\/10\/Imagem1-1.jpg?resize=700%2C400&ssl=1 2x, https:\/\/i0.wp.com\/wp.ufpel.edu.br\/artenosul\/files\/2020\/10\/Imagem1-1.jpg?resize=1050%2C600&ssl=1 3x"},"classes":[]},{"id":9695,"url":"https:\/\/wp.ufpel.edu.br\/artenosul\/2021\/09\/03\/raizes-femininas-resistem-e-crescem-no-samba-gaucho\/","url_meta":{"origin":13825,"position":2},"title":"Ra\u00edzes femininas resistem e crescem no samba ga\u00facho","author":"artenosul","date":"3 de setembro de 2021","format":false,"excerpt":"Por Ester Caetano\u00a0 \u00a0 \u00a0 \u00a0\u00a0 Glau Barros coordena o projeto Sambaob\u00e1, que d\u00e1 visibilidade \u00e0s mulheres sambistas De uma ancestralidade musical, a cantora Glau Barros j\u00e1 carregava nas veias a arte, a religiosidade, a serenata, o batuque e o gaiteiro. No ano passado, ela foi destacada com o Pr\u00eamio\u2026","rel":"","context":"Em &quot;COMUNIDADE&quot;","block_context":{"text":"COMUNIDADE","link":"https:\/\/wp.ufpel.edu.br\/artenosul\/category\/comunidade\/"},"img":{"alt_text":"","src":"https:\/\/i0.wp.com\/wp.ufpel.edu.br\/artenosul\/files\/2021\/09\/Glau-Barros.-Foto-Luis-Ferreirah.-MG_5518.40.jpg?resize=350%2C200&ssl=1","width":350,"height":200,"srcset":"https:\/\/i0.wp.com\/wp.ufpel.edu.br\/artenosul\/files\/2021\/09\/Glau-Barros.-Foto-Luis-Ferreirah.-MG_5518.40.jpg?resize=350%2C200&ssl=1 1x, https:\/\/i0.wp.com\/wp.ufpel.edu.br\/artenosul\/files\/2021\/09\/Glau-Barros.-Foto-Luis-Ferreirah.-MG_5518.40.jpg?resize=525%2C300&ssl=1 1.5x, https:\/\/i0.wp.com\/wp.ufpel.edu.br\/artenosul\/files\/2021\/09\/Glau-Barros.-Foto-Luis-Ferreirah.-MG_5518.40.jpg?resize=700%2C400&ssl=1 2x"},"classes":[]},{"id":55,"url":"https:\/\/wp.ufpel.edu.br\/artenosul\/2015\/10\/09\/samba-anima-publico-no-mercado-central\/","url_meta":{"origin":13825,"position":3},"title":"Samba anima p\u00fablico no Mercado Central","author":"artenosul","date":"9 de outubro de 2015","format":false,"excerpt":"Reportagem de Carolina \u00c1vila e Let\u00edcia Eloi Pinto -\u00a0 O samba \u00e9 nativo do Brasil, \u00a0ou seja, trata-se de um g\u00eanero musical original do Pa\u00eds. Surgiu a partir da mistura das culturas africana e brasileira. Proporcionando divers\u00e3o e alegria, sempre foi atrativo para a popula\u00e7\u00e3o e, ao longo dos anos,\u2026","rel":"","context":"Em &quot;M\u00daSICA&quot;","block_context":{"text":"M\u00daSICA","link":"https:\/\/wp.ufpel.edu.br\/artenosul\/category\/musica\/"},"img":{"alt_text":"","src":"https:\/\/i0.wp.com\/wp.ufpel.edu.br\/artenosul\/files\/2015\/10\/Leticia2.jpg?resize=350%2C200&ssl=1","width":350,"height":200,"srcset":"https:\/\/i0.wp.com\/wp.ufpel.edu.br\/artenosul\/files\/2015\/10\/Leticia2.jpg?resize=350%2C200&ssl=1 1x, https:\/\/i0.wp.com\/wp.ufpel.edu.br\/artenosul\/files\/2015\/10\/Leticia2.jpg?resize=525%2C300&ssl=1 1.5x"},"classes":[]},{"id":13098,"url":"https:\/\/wp.ufpel.edu.br\/artenosul\/2022\/11\/22\/cordao-carnavalesco-agita-comunidade-pelotense\/","url_meta":{"origin":13825,"position":4},"title":"Cord\u00e3o Carnavalesco agita comunidade pelotense","author":"artenosul","date":"22 de novembro de 2022","format":false,"excerpt":"Atividade promovida por grupo de instrumentistas reuniu uma multid\u00e3o na rua Sete de Setembro\u00a0 \u00a0 \u00a0 \u00a0 Por Alexsandro Santos\u00a0 \u00a0 \u00a0 \u00a0\u00a0 \u00a0 Na tarde do s\u00e1bado, dia 12 de novembro, aconteceu mais uma roda de samba do Grupo Cord\u00e3o Carnavalesco do Ponto Chic. Geralmente promovido no Mercado P\u00fablico\u2026","rel":"","context":"Em &quot;COMUNIDADE&quot;","block_context":{"text":"COMUNIDADE","link":"https:\/\/wp.ufpel.edu.br\/artenosul\/category\/comunidade\/"},"img":{"alt_text":"","src":"https:\/\/i0.wp.com\/wp.ufpel.edu.br\/artenosul\/files\/2022\/11\/IMG_1472-scaled.jpg?resize=350%2C200&ssl=1","width":350,"height":200,"srcset":"https:\/\/i0.wp.com\/wp.ufpel.edu.br\/artenosul\/files\/2022\/11\/IMG_1472-scaled.jpg?resize=350%2C200&ssl=1 1x, https:\/\/i0.wp.com\/wp.ufpel.edu.br\/artenosul\/files\/2022\/11\/IMG_1472-scaled.jpg?resize=525%2C300&ssl=1 1.5x, https:\/\/i0.wp.com\/wp.ufpel.edu.br\/artenosul\/files\/2022\/11\/IMG_1472-scaled.jpg?resize=700%2C400&ssl=1 2x, https:\/\/i0.wp.com\/wp.ufpel.edu.br\/artenosul\/files\/2022\/11\/IMG_1472-scaled.jpg?resize=1050%2C600&ssl=1 3x, https:\/\/i0.wp.com\/wp.ufpel.edu.br\/artenosul\/files\/2022\/11\/IMG_1472-scaled.jpg?resize=1400%2C800&ssl=1 4x"},"classes":[]},{"id":6979,"url":"https:\/\/wp.ufpel.edu.br\/artenosul\/2017\/07\/25\/diogo-nogueira-apresenta-alma-brasileira\/","url_meta":{"origin":13825,"position":5},"title":"Diogo Nogueira apresenta &#8220;Alma Brasileira&#8221;","author":"artenosul","date":"25 de julho de 2017","format":false,"excerpt":"Fernanda Winck \u00a0 \u00a0 \u00a0O cantor Diogo Nogueira\u00a0trouxe o seu show \u201cAlma Brasileira\u201d no dia 21 de junho ao Theatro Guarany em Pelotas. Cantou m\u00fasicas autorais e v\u00e1rios sucessos da MPB tais como \u201cFlor de Lis\u201d, \u201cAvi\u00e3o\u201d, \u201cFato Consumado\u201d, \u201cBeiral\u201d (Djavan), \u201cBeijo Partido\u201d, \u201cTravessia\u201d (Toninho Horta, Milton Nascimento), \u201cCodinome Beija\u2026","rel":"","context":"Em &quot;M\u00daSICA&quot;","block_context":{"text":"M\u00daSICA","link":"https:\/\/wp.ufpel.edu.br\/artenosul\/category\/musica\/"},"img":{"alt_text":"","src":"https:\/\/i0.wp.com\/wp.ufpel.edu.br\/artenosul\/files\/2017\/07\/Diogo2.png?resize=350%2C200&ssl=1","width":350,"height":200,"srcset":"https:\/\/i0.wp.com\/wp.ufpel.edu.br\/artenosul\/files\/2017\/07\/Diogo2.png?resize=350%2C200&ssl=1 1x, https:\/\/i0.wp.com\/wp.ufpel.edu.br\/artenosul\/files\/2017\/07\/Diogo2.png?resize=525%2C300&ssl=1 1.5x"},"classes":[]}],"_links":{"self":[{"href":"https:\/\/wp.ufpel.edu.br\/artenosul\/wp-json\/wp\/v2\/posts\/13825","targetHints":{"allow":["GET"]}}],"collection":[{"href":"https:\/\/wp.ufpel.edu.br\/artenosul\/wp-json\/wp\/v2\/posts"}],"about":[{"href":"https:\/\/wp.ufpel.edu.br\/artenosul\/wp-json\/wp\/v2\/types\/post"}],"author":[{"embeddable":true,"href":"https:\/\/wp.ufpel.edu.br\/artenosul\/wp-json\/wp\/v2\/users\/571"}],"replies":[{"embeddable":true,"href":"https:\/\/wp.ufpel.edu.br\/artenosul\/wp-json\/wp\/v2\/comments?post=13825"}],"version-history":[{"count":8,"href":"https:\/\/wp.ufpel.edu.br\/artenosul\/wp-json\/wp\/v2\/posts\/13825\/revisions"}],"predecessor-version":[{"id":13836,"href":"https:\/\/wp.ufpel.edu.br\/artenosul\/wp-json\/wp\/v2\/posts\/13825\/revisions\/13836"}],"wp:featuredmedia":[{"embeddable":true,"href":"https:\/\/wp.ufpel.edu.br\/artenosul\/wp-json\/wp\/v2\/media\/13829"}],"wp:attachment":[{"href":"https:\/\/wp.ufpel.edu.br\/artenosul\/wp-json\/wp\/v2\/media?parent=13825"}],"wp:term":[{"taxonomy":"category","embeddable":true,"href":"https:\/\/wp.ufpel.edu.br\/artenosul\/wp-json\/wp\/v2\/categories?post=13825"},{"taxonomy":"post_tag","embeddable":true,"href":"https:\/\/wp.ufpel.edu.br\/artenosul\/wp-json\/wp\/v2\/tags?post=13825"}],"curies":[{"name":"wp","href":"https:\/\/api.w.org\/{rel}","templated":true}]}}