{"id":13717,"date":"2023-05-02T00:25:17","date_gmt":"2023-05-02T03:25:17","guid":{"rendered":"https:\/\/wp.ufpel.edu.br\/artenosul\/?p=13717"},"modified":"2023-05-02T13:50:57","modified_gmt":"2023-05-02T16:50:57","slug":"next-in-fashion-de-volta-nas-passarelas-do-streaming","status":"publish","type":"post","link":"https:\/\/wp.ufpel.edu.br\/artenosul\/2023\/05\/02\/next-in-fashion-de-volta-nas-passarelas-do-streaming\/","title":{"rendered":"&#8220;Next In Fashion&#8221;: de volta nas passarelas do streaming"},"content":{"rendered":"<p style=\"text-align: center;\"><span style=\"color: #000080;\"><em><strong><span style=\"font-family: arial, helvetica, sans-serif;\">Reality show promove competi\u00e7\u00e3o entre novos talentos da moda americana\u00a0 \u00a0 \u00a0 \u00a0 \u00a0<\/span><\/strong><\/em><\/span><\/p>\n<p style=\"text-align: right;\"><span style=\"color: #000080;\"><em><strong><span style=\"font-family: arial, helvetica, sans-serif;\">Por Thierri Cunha\u00a0 \u00a0 \u00a0 \u00a0<\/span><\/strong><\/em><\/span><\/p>\n<p style=\"text-align: justify;\"><span style=\"font-family: arial, helvetica, sans-serif;\">Ao longo de 10 epis\u00f3dios, a segunda temporada de <em>&#8220;Next In Fashion&#8221;, <\/em>no servi\u00e7o de streaming Netflix, teve comando dos apresentadores Tan France, designer de moda, e Gigi Hadid, modelo. \u00c9, num cen\u00e1rio de competi\u00e7\u00e3o, que os 12 participantes da temporada foram colocados para lan\u00e7ar suas ideias e concorrer entre si por meio de provas com temas pr\u00e9-designados.<\/span><\/p>\n<p style=\"text-align: justify;\"><span style=\"font-family: arial, helvetica, sans-serif;\">Com o intuito de descobrir o mais novo nome do mundo da moda, os participantes t\u00eam suas cria\u00e7\u00f5es avaliadas e julgadas por grandes personalidades do universo da moda, como Donatella Versace, Isabel Marant, Olivier Rousteing, Candice Swanepoel e Emma Chamberlain.<\/span><\/p>\n<p style=\"text-align: justify;\"><span style=\"font-family: arial, helvetica, sans-serif;\">Embora possa parecer f\u00e1cil, os 12 nomes selecionados j\u00e1 precisaram fazer looks que representassem a m\u00e3e-terra e que fossem feitos a partir de materiais reciclados. Deveriam remeter \u00e0 inf\u00e2ncia em roupas que fossem us\u00e1veis no MET Gala, o mais importante evento solene do mundo da moda, comandado pela revista Vogue estadunidense.<\/span><\/p>\n<p>&nbsp;<\/p>\n<div id=\"attachment_13719\" style=\"width: 745px\" class=\"wp-caption aligncenter\"><img loading=\"lazy\" decoding=\"async\" aria-describedby=\"caption-attachment-13719\" class=\" wp-image-13719\" src=\"https:\/\/wp.ufpel.edu.br\/artenosul\/files\/2023\/05\/Imagem1-500x282.jpg\" alt=\"\" width=\"745\" height=\"420\" srcset=\"https:\/\/wp.ufpel.edu.br\/artenosul\/files\/2023\/05\/Imagem1-500x282.jpg 500w, https:\/\/wp.ufpel.edu.br\/artenosul\/files\/2023\/05\/Imagem1-300x169.jpg 300w, https:\/\/wp.ufpel.edu.br\/artenosul\/files\/2023\/05\/Imagem1.jpg 602w\" sizes=\"auto, (max-width: 745px) 100vw, 745px\" \/><p id=\"caption-attachment-13719\" class=\"wp-caption-text\"><strong><span style=\"font-family: arial, helvetica, sans-serif;\"><span style=\"color: #0000ff;\">Tan France, Gigi Hadid e participantes da segunda temporada de &#8220;Next In Fashion&#8221;\u00a0 \u00a0 \u00a0 \u00a0\u00a0<\/span> \u00a0<span style=\"color: #0000ff;\">Foto: Divulga\u00e7\u00e3o<\/span><\/span><\/strong><\/p><\/div>\n<p>&nbsp;<\/p>\n<p style=\"text-align: justify;\"><span style=\"font-family: arial, helvetica, sans-serif;\">Dentre os nomes competidores, \u00e9 poss\u00edvel notar o melhor desenvolvimento ao longo dos epis\u00f3dios de Nigel, designer que tem como sua marca e assinatura o <em>streetwear<\/em>, roupas mais associadas ao bairro <em>Brooklyn<\/em> em Nova Iorque que \u00e9 formado, em grande parte, pela popula\u00e7\u00e3o negra da cidade. O estilo \u00e9 caracterizado por roupas largas, uso de jeans, sempre trazendo uma abordagem do lado urbano. O estilista, por sua vez, queridinho da temporada, desenvolve as pe\u00e7as com excel\u00eancia, dentro das propostas apresentadas, mas sempre adaptando tamb\u00e9m para o seu estilo pessoal, adicionando uma camada de <em>upcycling<\/em>, outra tend\u00eancia em ascens\u00e3o no mundo da moda, que prev\u00ea o reaproveitamento das pe\u00e7as para a cria\u00e7\u00e3o de novas.<\/span><\/p>\n<p style=\"text-align: justify;\"><span style=\"font-family: arial, helvetica, sans-serif;\">Ao longo dos epis\u00f3dios, o programa vai tendo um desenrolar que prende o espectador de maneira que se sente sempre instigado a assistir o pr\u00f3ximo cap\u00edtulo. A linguagem tamb\u00e9m \u00e9 de f\u00e1cil acesso, sempre pr\u00f3xima do nosso dia a dia, com g\u00edrias e termos, principalmente para os ligados no mundo da moda, que j\u00e1 s\u00e3o reconhecidas e entendidas.<\/span><\/p>\n<p style=\"text-align: justify;\"><span style=\"font-family: arial, helvetica, sans-serif;\">A s\u00e9rie pode servir como uma excelente porta de entrada para os que gostam de moda, mas n\u00e3o sabem por onde come\u00e7ar, visto que, no desenvolvimento dos epis\u00f3dios, conseguimos entender melhor sobre conceitos, corte, costura, modelagem, olhar t\u00e9cnico e import\u00e2ncia de manter-se fiel a si mesmo em termos de cria\u00e7\u00e3o.<\/span><\/p>\n<p style=\"text-align: justify;\"><span style=\"font-family: arial, helvetica, sans-serif;\">A trajet\u00f3ria do apresentador e designer de moda Tan France na m\u00eddia come\u00e7ou em &#8220;Queer Eye&#8221;, s\u00e9rie tamb\u00e9m da Netflix. Junto de um time de outros apresentadores, eles s\u00e3o respons\u00e1veis por transformar a vida e rotina dos participantes selecionados. No programa, France \u00e9 encarregado de ser o especialista em moda, assim como no reality show. O apresentador e estilista anglo-americano, de ascend\u00eancia paquistanesa, conta com mais de 3,8 milh\u00f5es de seguidores em seu perfil do Instagram e uma biografia publicada.<\/span><\/p>\n<p style=\"text-align: justify;\"><span style=\"font-family: arial, helvetica, sans-serif;\">J\u00e1 a modelo Gigi Hadid acumula mais de 78 milh\u00f5es de seguidores em suas redes sociais e um curr\u00edculo vasto de desfiles de moda feitos. Ela iniciou sua carreira cedo, aos dois anos de idade j\u00e1 estrelava campanhas da marca estadunidense Guess. Mas retornou \u00e0s passarelas para valer em 2011. Desde ent\u00e3o, desfilou para as grandes grifes, como Jean Paul Gaultier, Chanel, Versace, Balmain e Jacquemus.<\/span><\/p>\n<p style=\"text-align: justify;\"><a href=\"http:\/\/wp.ufpel.edu.br\/artenosul\"><span style=\"color: #0000ff;\"><strong><span style=\"font-family: arial, helvetica, sans-serif;\">PRIMEIRA P\u00c1GINA<\/span><\/strong><\/span><\/a><\/p>\n<p style=\"text-align: justify;\"><span style=\"color: #0000ff;\"><strong><span style=\"font-family: arial, helvetica, sans-serif;\">COMENT\u00c1RIOS<\/span><\/strong><\/span><\/p>\n<div data-test='contact-form'\n\t\t\tid='contact-form-13717'\n\t\t\tclass='wp-block-jetpack-contact-form-container '\n\t\t\tdata-wp-interactive='jetpack\/form' data-wp-context='{\"formId\":\"13717\",\"formHash\":\"97aa5a12499a15b23b1d9155c0096309762179b3\",\"showErrors\":false,\"errors\":[],\"fields\":[],\"isMultiStep\":false,\"useAjax\":true,\"submissionData\":null,\"formattedSubmissionData\":[],\"submissionSuccess\":false,\"submissionError\":null,\"elementId\":\"jp-form-97aa5a12499a15b23b1d9155c0096309762179b3\",\"isSingleInputForm\":false}'\n\t\t\tdata-wp-watch--scroll-to-wrapper=\"callbacks.scrollToWrapper\"\n\t\t>\n<div class=\"contact-form-submission contact-form-ajax-submission\" data-wp-class--submission-success=\"context.submissionSuccess\"><p class=\"go-back-message\"><a class=\"link\" role=\"button\" tabindex=\"0\" data-wp-on--click=\"actions.goBack\" href=\"\/artenosul\/wp-json\/wp\/v2\/posts\/13717\">Voltar<\/a><\/p><h4 id=\"contact-form-success-header\">Sua mensagem foi enviada<\/h4>\n\n<template data-wp-each--submission=\"context.formattedSubmissionData\">\n\t\t\t\t\t<div class=\"jetpack_forms_contact-form-success-summary\">\n\t\t\t\t\t\t<div class=\"field-name\" data-wp-text=\"context.submission.label\" data-wp-bind--hidden=\"!context.submission.label\"><\/div>\n\t\t\t\t\t\t<div class=\"field-value\" data-wp-text=\"context.submission.value\"><\/div>\n\t\t\t\t\t\t<div class=\"field-images\" data-wp-bind--hidden=\"!context.submission.images\">\n\t\t\t\t\t\t\t<template data-wp-each--image=\"context.submission.images\">\n\t\t\t\t\t\t\t\t<figure class=\"field-image\" data-wp-class--is-empty=\"!context.image\">\n\t\t\t\t\t\t\t\t\t<img data-wp-bind--src=\"context.image\" data-wp-bind--hidden=\"!context.image\" \/>\n\t\t\t\t\t\t\t\t\t<img decoding=\"async\" src=\"data:image\/gif;base64,R0lGODlhAQABAAD\/ACwAAAAAAQABAAACADs=\" data-wp-bind--hidden=\"context.image\" \/>\n\t\t\t\t\t\t\t\t<\/figure>\n\t\t\t\t\t\t\t<\/template>\n\t\t\t\t\t\t<\/div>\n\t\t\t\t\t<\/div>\n\t\t\t\t<\/template><\/div><form action='https:\/\/wp.ufpel.edu.br\/artenosul\/2023\/05\/02\/next-in-fashion-de-volta-nas-passarelas-do-streaming\/'\n\t\t\t\tid='jp-form-97aa5a12499a15b23b1d9155c0096309762179b3'\n\t\t\t\tmethod='post'\n\t\t\t\tclass='contact-form commentsblock' aria-label=\"&quot;Next In Fashion&quot;: de volta nas passarelas do streaming\"\n\t\t\t\tdata-wp-on--submit=\"actions.onFormSubmit\"\n\t\t\t\tdata-wp-on--reset=\"actions.onFormReset\"\n\t\t\t\tdata-wp-class--submission-success=\"context.submissionSuccess\"\n\t\t\t\tdata-wp-class--is-first-step=\"state.isFirstStep\"\n\t\t\t\tdata-wp-class--is-last-step=\"state.isLastStep\"\n\t\t\t\tdata-wp-class--is-ajax-form=\"context.useAjax\"\n\t\t\t\tnovalidate >\n<input type='hidden' name='jetpack_contact_form_jwt' value='eyJ0eXAiOiJKV1QiLCJhbGciOiJIUzI1NiJ9.eyJlbmNyeXB0ZWRfYXR0cmlidXRlcyI6IkdQZSs1eER1L1ZsM3NFd3VsWXpZVm9NalNLRTVIeTJTaDdXTW1tYW9Lc2xwalU2elBrSTh5c05hWDJyUE9yZVJLVjk1QXZhQU5hdWFIeUpYeU5wTndjblE0R2I4WFVmSWk1Q3ZKZUdBazA5WUNDQmlMMzNpTURrU3ZPczhlMEdsa1dNMGNFMXVlYTVFN3lvTklFNFdGNjNoT2QyZUJJRkdQQyszdHJBY21DcmF5dW5NQnFrNHVSczVMTjJYYjYxSGxQMU03WjZ1K3l1U0ExRTYvaENnOE8yNXJXMjh3aTFoNHA2RFJSTWFuWEFFVk5PdXd3RnpyQ3pLNXdlMWNZcUt1SWExYTNWVk1ZeitrUk1oYmR0S1FCSSsyZmxqSjhwcFpJZTBDREttbkQ1eTJRYTZmOXI4WUJ3RVZ1ditvcG85NWdaY3pIOWg2QXdhb2pNeE55aDNEU0tPdUhKQ0hzb0FmSWsxSHByY1BtNFZNUHJtdFl2anR6MHE3dEZFK0NxUWIvY1lweFQyL2duRzVzaGVEaHEvN1U5SkxFcXNpaFZ2TnFiNlpocDdybUtRR3V0SllXQ3BGN2phbkZWTFpRSjQ5dG0xTHRsOU00OXc0bE1tVjhzSlEvZklzSG5YY1RvVlVOR2lOSmd0TVpMTGl0UFpLSXRpSFN3K0k2a1hORG5PMk9Fd2l2YTdDM3ZFSjBuQU12WWhpcWJoK0VSL0xRZnlhRE1CTzVhWjY1NkgxaktybEh6QVZudDF0aXU1bmxWY1pTb2FzVzZlTHdWRm5KZW10TkVzdGR3TjJMSnhLVmVZR3FkaE1IUCt1RExYZjB4N2Nnb3c4MjRTNUpSMmxFUlB4MzJHRWpXRkwyaVEzUzBzVEVEa3hGVHBsckNkR215aWt1dGRjcFU3YjEvWnNRZ3k1dzY0Rm9zY2JlbVBUeW5KZU1kRW5PRHJHeU5WL1pHd3JvLzc1MlA3OVhEbWJIRmV2enZQcW5lRHRDRzU5aUVIWmVtMDlrM2pPTFE4K3pnL0Y1bnMxeXJDYWlmMkpsSnJONzEzTVZpd3FmekJkZ0tlby9TTTI2eDNJN2FML2h3c0p6R0lRVnpHWGQ2U3dnUno0NnVET2t6WGE5NlhoZEZlcGpMR0ZpdFFlMnREd2RXdWVvMFpDMGN1OTNsek5WbDI2QmtSSG04dnZlR3hWSVNpYXlycTNKR0RnOEU3SUNYcjhGUVdZSVA1WWdsNGpWc2NGWFVhVTN2bTZDeVV5QT09IiwiY29udGVudCI6Iltjb250YWN0LWZpZWxkIGxhYmVsPVwiTm9tZVwiIHR5cGU9XCJuYW1lXCJdW2NvbnRhY3QtZmllbGQgbGFiZWw9XCJFLW1haWxcIiB0eXBlPVwiZW1haWxcIl1bY29udGFjdC1maWVsZCBsYWJlbD1cIk1lbnNhZ2VtXCIgdHlwZT1cInRleHRhcmVhXCJdIiwiaGFzaCI6Ijk3YWE1YTEyNDk5YTE1YjIzYjFkOTE1NWMwMDk2MzA5NzYyMTc5YjMiLCJzb3VyY2UiOnsiZW50cnlfdGl0bGUiOiJcdTIwMWNOZXh0IEluIEZhc2hpb25cdTIwMWQ6IGRlIHZvbHRhIG5hcyBwYXNzYXJlbGFzIGRvIHN0cmVhbWluZyIsImVudHJ5X3BhZ2UiOjEsInNvdXJjZV9pZCI6MTM3MTcsInNvdXJjZV90eXBlIjoic2luZ2xlIiwicmVxdWVzdF91cmwiOiJodHRwczovL3dwLnVmcGVsLmVkdS5ici9hcnRlbm9zdWwvd3AtanNvbi93cC92Mi9wb3N0cy8xMzcxNyJ9LCJ2ZXJzaW9uIjoyLCJjaXBoZXIiOiJhZXMtMjU2LWdjbSJ9.kjoloo2yefMsYAVFYnyOwNQTyXTF41nZoW5_a_KR6pU' \/>\n\n<div style=\"\"  data-wp-interactive=\"jetpack\/form\" data-wp-context='{\"fieldId\":\"g13717-nome\",\"fieldType\":\"name\",\"fieldLabel\":\"Nome\",\"fieldValue\":\"\",\"fieldPlaceholder\":\"\",\"fieldIsRequired\":\"\",\"fieldErrorMessage\":\"\",\"fieldExtra\":[],\"formHash\":\"97aa5a12499a15b23b1d9155c0096309762179b3\"}'  class='grunion-field-name-wrap grunion-field-wrap'  data-wp-init='callbacks.initializeField' data-wp-on--jetpack-form-reset='callbacks.initializeField' >\n<label\n\t\t\t\tfor='g13717-nome' class=\"grunion-field-label name\" >Nome<\/label>\n<input\n\t\t\t\t\ttype='text'\n\t\t\t\t\tname='g13717-nome'\n\t\t\t\t\tid='g13717-nome'\n\t\t\t\t\tvalue=''\n\n\t\t\t\t\tdata-wp-bind--aria-invalid='state.fieldHasErrors'\n\t\t\t\t\tdata-wp-bind--value='state.getFieldValue'\n\t\t\t\t\taria-errormessage='g13717-nome-text-error-message'\n\t\t\t\t\tdata-wp-on--input='actions.onFieldChange'\n\t\t\t\t\tdata-wp-on--blur='actions.onFieldBlur'\n\t\t\t\t\tdata-wp-class--has-value='state.hasFieldValue'\n\n\t\t\t\t\tclass='name  grunion-field' \n\t\t\t\t\t \/>\n \n\t\t\t<div id=\"g13717-nome-text-error\" class=\"contact-form__input-error\" data-wp-class--has-errors=\"state.fieldHasErrors\">\n\t\t\t\t<span class=\"contact-form__warning-icon\">\n\t\t\t\t\t<svg width=\"16\" height=\"16\" viewBox=\"0 0 16 16\" fill=\"none\" xmlns=\"http:\/\/www.w3.org\/2000\/svg\">\n\t\t\t\t\t\t<path d=\"M8.50015 11.6402H7.50015V10.6402H8.50015V11.6402Z\" \/>\n\t\t\t\t\t\t<path d=\"M7.50015 9.64018H8.50015V6.30684H7.50015V9.64018Z\" \/>\n\t\t\t\t\t\t<path fill-rule=\"evenodd\" clip-rule=\"evenodd\" d=\"M6.98331 3.0947C7.42933 2.30177 8.57096 2.30177 9.01698 3.09469L13.8771 11.7349C14.3145 12.5126 13.7525 13.4735 12.8602 13.4735H3.14004C2.24774 13.4735 1.68575 12.5126 2.12321 11.7349L6.98331 3.0947ZM8.14541 3.58496C8.08169 3.47168 7.9186 3.47168 7.85488 3.58496L2.99478 12.2251C2.93229 12.3362 3.01257 12.4735 3.14004 12.4735H12.8602C12.9877 12.4735 13.068 12.3362 13.0055 12.2251L8.14541 3.58496Z\" \/>\n\t\t\t\t\t<\/svg>\n\t\t\t\t\t<span class=\"visually-hidden\">Aviso<\/span>\n\t\t\t\t<\/span>\n\t\t\t\t<span data-wp-text=\"state.errorMessage\" id=\"g13717-nome-text-error-message\" role=\"alert\" aria-live=\"assertive\"><\/span>\n\t\t\t<\/div> \n\t<\/div>\n\n<div style=\"\"  data-wp-interactive=\"jetpack\/form\" data-wp-context='{\"fieldId\":\"g13717-email\",\"fieldType\":\"email\",\"fieldLabel\":\"E-mail\",\"fieldValue\":\"\",\"fieldPlaceholder\":\"\",\"fieldIsRequired\":\"\",\"fieldErrorMessage\":\"\",\"fieldExtra\":[],\"formHash\":\"97aa5a12499a15b23b1d9155c0096309762179b3\"}'  class='grunion-field-email-wrap grunion-field-wrap'  data-wp-init='callbacks.initializeField' data-wp-on--jetpack-form-reset='callbacks.initializeField' >\n<label\n\t\t\t\tfor='g13717-email' class=\"grunion-field-label email\" >E-mail<\/label>\n<input\n\t\t\t\t\ttype='email'\n\t\t\t\t\tname='g13717-email'\n\t\t\t\t\tid='g13717-email'\n\t\t\t\t\tvalue=''\n\n\t\t\t\t\tdata-wp-bind--aria-invalid='state.fieldHasErrors'\n\t\t\t\t\tdata-wp-bind--value='state.getFieldValue'\n\t\t\t\t\taria-errormessage='g13717-email-email-error-message'\n\t\t\t\t\tdata-wp-on--input='actions.onFieldChange'\n\t\t\t\t\tdata-wp-on--blur='actions.onFieldBlur'\n\t\t\t\t\tdata-wp-class--has-value='state.hasFieldValue'\n\n\t\t\t\t\tclass='email  grunion-field' \n\t\t\t\t\t \/>\n \n\t\t\t<div id=\"g13717-email-email-error\" class=\"contact-form__input-error\" data-wp-class--has-errors=\"state.fieldHasErrors\">\n\t\t\t\t<span class=\"contact-form__warning-icon\">\n\t\t\t\t\t<svg width=\"16\" height=\"16\" viewBox=\"0 0 16 16\" fill=\"none\" xmlns=\"http:\/\/www.w3.org\/2000\/svg\">\n\t\t\t\t\t\t<path d=\"M8.50015 11.6402H7.50015V10.6402H8.50015V11.6402Z\" \/>\n\t\t\t\t\t\t<path d=\"M7.50015 9.64018H8.50015V6.30684H7.50015V9.64018Z\" \/>\n\t\t\t\t\t\t<path fill-rule=\"evenodd\" clip-rule=\"evenodd\" d=\"M6.98331 3.0947C7.42933 2.30177 8.57096 2.30177 9.01698 3.09469L13.8771 11.7349C14.3145 12.5126 13.7525 13.4735 12.8602 13.4735H3.14004C2.24774 13.4735 1.68575 12.5126 2.12321 11.7349L6.98331 3.0947ZM8.14541 3.58496C8.08169 3.47168 7.9186 3.47168 7.85488 3.58496L2.99478 12.2251C2.93229 12.3362 3.01257 12.4735 3.14004 12.4735H12.8602C12.9877 12.4735 13.068 12.3362 13.0055 12.2251L8.14541 3.58496Z\" \/>\n\t\t\t\t\t<\/svg>\n\t\t\t\t\t<span class=\"visually-hidden\">Aviso<\/span>\n\t\t\t\t<\/span>\n\t\t\t\t<span data-wp-text=\"state.errorMessage\" id=\"g13717-email-email-error-message\" role=\"alert\" aria-live=\"assertive\"><\/span>\n\t\t\t<\/div> \n\t<\/div>\n\n<div style=\"\"  data-wp-interactive=\"jetpack\/form\" data-wp-context='{\"fieldId\":\"g13717-mensagem\",\"fieldType\":\"textarea\",\"fieldLabel\":\"Mensagem\",\"fieldValue\":\"\",\"fieldPlaceholder\":\"\",\"fieldIsRequired\":\"\",\"fieldErrorMessage\":\"\",\"fieldExtra\":[],\"formHash\":\"97aa5a12499a15b23b1d9155c0096309762179b3\"}'  class='grunion-field-textarea-wrap grunion-field-wrap'  data-wp-init='callbacks.initializeField' data-wp-on--jetpack-form-reset='callbacks.initializeField' >\n<label\n\t\t\t\tfor='contact-form-comment-g13717-mensagem' class=\"grunion-field-label textarea\" >Mensagem<\/label>\n<textarea\n\t\t                style=''\n\t\t                name='g13717-mensagem'\n\t\t                id='contact-form-comment-g13717-mensagem'\n\t\t                rows='20'\n\t\t\t\t\t\tdata-wp-text='state.getFieldValue'\n\t\t\t\t\t\tdata-wp-on--input='actions.onFieldChange'\n\t\t\t\t\t\tdata-wp-on--blur='actions.onFieldBlur'\n\t\t\t\t\t\tdata-wp-class--has-value='state.hasFieldValue'\n\t\t\t\t\t\tdata-wp-bind--aria-invalid='state.fieldHasErrors'\n\t\t\t\t\t\taria-errormessage='g13717-mensagem-textarea-error-message'\n\t\t\t\t\t\tclass='textarea  grunion-field'  ><\/textarea>\n \n\t\t\t<div id=\"g13717-mensagem-textarea-error\" class=\"contact-form__input-error\" data-wp-class--has-errors=\"state.fieldHasErrors\">\n\t\t\t\t<span class=\"contact-form__warning-icon\">\n\t\t\t\t\t<svg width=\"16\" height=\"16\" viewBox=\"0 0 16 16\" fill=\"none\" xmlns=\"http:\/\/www.w3.org\/2000\/svg\">\n\t\t\t\t\t\t<path d=\"M8.50015 11.6402H7.50015V10.6402H8.50015V11.6402Z\" \/>\n\t\t\t\t\t\t<path d=\"M7.50015 9.64018H8.50015V6.30684H7.50015V9.64018Z\" \/>\n\t\t\t\t\t\t<path fill-rule=\"evenodd\" clip-rule=\"evenodd\" d=\"M6.98331 3.0947C7.42933 2.30177 8.57096 2.30177 9.01698 3.09469L13.8771 11.7349C14.3145 12.5126 13.7525 13.4735 12.8602 13.4735H3.14004C2.24774 13.4735 1.68575 12.5126 2.12321 11.7349L6.98331 3.0947ZM8.14541 3.58496C8.08169 3.47168 7.9186 3.47168 7.85488 3.58496L2.99478 12.2251C2.93229 12.3362 3.01257 12.4735 3.14004 12.4735H12.8602C12.9877 12.4735 13.068 12.3362 13.0055 12.2251L8.14541 3.58496Z\" \/>\n\t\t\t\t\t<\/svg>\n\t\t\t\t\t<span class=\"visually-hidden\">Aviso<\/span>\n\t\t\t\t<\/span>\n\t\t\t\t<span data-wp-text=\"state.errorMessage\" id=\"g13717-mensagem-textarea-error-message\" role=\"alert\" aria-live=\"assertive\"><\/span>\n\t\t\t<\/div>\n\t<\/div>\n\t<p class='contact-submit'>\n<div class=\"contact-form__error\" data-wp-class--show-errors=\"state.showFormErrors\"><span class=\"contact-form__warning-icon\"><span class=\"visually-hidden\">Aten\u00e7\u00e3o.<\/span><i aria-hidden=\"true\"><\/i><\/span>\n\t\t\t\t<span data-wp-text=\"state.getFormErrorMessage\"><\/span>\n\t\t\t\t<ul>\n\t\t\t\t<template data-wp-each=\"state.getErrorList\" data-wp-key=\"context.item.id\">\n\t\t\t\t\t<li><a data-wp-bind--href=\"context.item.anchor\" data-wp-on--click=\"actions.scrollIntoView\" data-wp-text=\"context.item.label\"><\/a><\/li>\n\t\t\t\t<\/template>\n\t\t\t\t<\/ul><\/div><div class=\"contact-form__error\" data-wp-class--show-errors=\"state.showSubmissionError\" data-wp-text=\"context.submissionError\"><\/div>\t\t<button type='submit' class='pushbutton-wide'>Enviar<\/button>\t\t<input type='hidden' name='contact-form-id' value='13717' \/>\n\t\t<input type='hidden' name='action' value='grunion-contact-form' \/>\n\t\t<input type='hidden' name='contact-form-hash' value='97aa5a12499a15b23b1d9155c0096309762179b3' \/>\n\t<\/p>\n<p style=\"display: none !important;\" class=\"akismet-fields-container\" data-prefix=\"ak_\"><label>&#916;<textarea name=\"ak_hp_textarea\" cols=\"45\" rows=\"8\" maxlength=\"100\"><\/textarea><\/label><input type=\"hidden\" id=\"ak_js_1\" name=\"ak_js\" value=\"104\"\/><script>document.getElementById( \"ak_js_1\" ).setAttribute( \"value\", ( new Date() ).getTime() );<\/script><\/p><\/form>\n<\/div>\n","protected":false},"excerpt":{"rendered":"<p>Reality show promove competi\u00e7\u00e3o entre novos talentos da moda americana\u00a0 \u00a0 \u00a0 \u00a0 \u00a0 Por Thierri Cunha\u00a0 \u00a0 \u00a0 \u00a0 Ao longo de 10 epis\u00f3dios, a segunda temporada de &#8220;Next In Fashion&#8221;, no servi\u00e7o de streaming Netflix, teve comando dos apresentadores Tan France, designer de moda, e Gigi Hadid, modelo. \u00c9, num cen\u00e1rio de competi\u00e7\u00e3o, &hellip; <\/p>\n<p><a class=\"more-link btn\" href=\"https:\/\/wp.ufpel.edu.br\/artenosul\/2023\/05\/02\/next-in-fashion-de-volta-nas-passarelas-do-streaming\/\">Continue lendo<\/a><\/p>\n","protected":false},"author":571,"featured_media":13719,"comment_status":"closed","ping_status":"closed","sticky":false,"template":"","format":"standard","meta":{"jetpack_post_was_ever_published":false,"_jetpack_newsletter_access":"","_jetpack_dont_email_post_to_subs":false,"_jetpack_newsletter_tier_id":0,"_jetpack_memberships_contains_paywalled_content":false,"_jetpack_memberships_contains_paid_content":false,"footnotes":"","jetpack_publicize_message":"","jetpack_publicize_feature_enabled":true,"jetpack_social_post_already_shared":true,"jetpack_social_options":{"image_generator_settings":{"template":"highway","default_image_id":0,"font":"","enabled":false},"version":2}},"categories":[1,623],"tags":[1805,1802,1806,1801,1803,1799,1804,1807,344,770,1800,1776],"class_list":["post-13717","post","type-post","status-publish","format-standard","has-post-thumbnail","hentry","category-noticias","category-televisao","tag-candice-swanepoel","tag-donatella-versace","tag-emma-chamberlain","tag-gigi-hadid","tag-isabel-marant","tag-next-in-fashion","tag-olivier-rousteing","tag-reality-show","tag-serie","tag-streaming","tag-tan-france","tag-thierri-cunha","nodate","item-wrap"],"jetpack_publicize_connections":[],"jetpack_featured_media_url":"https:\/\/wp.ufpel.edu.br\/artenosul\/files\/2023\/05\/Imagem1.jpg","jetpack_sharing_enabled":true,"jetpack_likes_enabled":true,"jetpack_shortlink":"https:\/\/wp.me\/p6PuxQ-3zf","jetpack-related-posts":[{"id":13613,"url":"https:\/\/wp.ufpel.edu.br\/artenosul\/2023\/04\/23\/cultura-negra-em-festa\/","url_meta":{"origin":13717,"position":0},"title":"Cultura negra em festa","author":"artenosul","date":"23 de abril de 2023","format":false,"excerpt":"Voltado para refor\u00e7ar ra\u00edzes culturais, Festival Cabobu convidou p\u00fablico para as ruas de Pelotas no fim de semana\u00a0 \u00a0 \u00a0 Por Thierri Cunha\u00a0 \u00a0 \u00a0 \u00a0\u00a0 A cidade de Pelotas recebeu com maestria o Festival Cabobu, conhecido como a festa dos tambores, nos dias 21, 22 e 23 de abril\u2026","rel":"","context":"Em &quot;COMUNIDADE&quot;","block_context":{"text":"COMUNIDADE","link":"https:\/\/wp.ufpel.edu.br\/artenosul\/category\/comunidade\/"},"img":{"alt_text":"","src":"https:\/\/i0.wp.com\/wp.ufpel.edu.br\/artenosul\/files\/2023\/04\/Imagem1bb.jpg?resize=350%2C200&ssl=1","width":350,"height":200,"srcset":"https:\/\/i0.wp.com\/wp.ufpel.edu.br\/artenosul\/files\/2023\/04\/Imagem1bb.jpg?resize=350%2C200&ssl=1 1x, https:\/\/i0.wp.com\/wp.ufpel.edu.br\/artenosul\/files\/2023\/04\/Imagem1bb.jpg?resize=525%2C300&ssl=1 1.5x"},"classes":[]},{"id":7916,"url":"https:\/\/wp.ufpel.edu.br\/artenosul\/2017\/12\/24\/critica-segunda-temporada-de-stranger-things\/","url_meta":{"origin":13717,"position":1},"title":"Cr\u00edtica: Segunda temporada de Stranger Things","author":"artenosul","date":"24 de dezembro de 2017","format":false,"excerpt":"Mariana Florencio \u00a0\u00a0\u00a0\u00a0 Stranger Things, s\u00e9rie produzida pela Netflix, foi um dos maiores sucessos do streaming on-line em 2015. Agora, a s\u00e9rie de fic\u00e7\u00e3o cient\u00edfica e terror que trouxe os anos 80 de volta \u00e0 moda, voltou para sua segunda temporada. Dirigida e produzida pelos irm\u00e3os Matt Duffer e Ross\u2026","rel":"","context":"Em &quot;OPINI\u00c3O&quot;","block_context":{"text":"OPINI\u00c3O","link":"https:\/\/wp.ufpel.edu.br\/artenosul\/category\/opiniao\/"},"img":{"alt_text":"","src":"https:\/\/i0.wp.com\/wp.ufpel.edu.br\/artenosul\/files\/2017\/12\/Divulga%C3%A7%C3%A3o-Netflix.jpg?resize=350%2C200&ssl=1","width":350,"height":200,"srcset":"https:\/\/i0.wp.com\/wp.ufpel.edu.br\/artenosul\/files\/2017\/12\/Divulga%C3%A7%C3%A3o-Netflix.jpg?resize=350%2C200&ssl=1 1x, https:\/\/i0.wp.com\/wp.ufpel.edu.br\/artenosul\/files\/2017\/12\/Divulga%C3%A7%C3%A3o-Netflix.jpg?resize=525%2C300&ssl=1 1.5x, https:\/\/i0.wp.com\/wp.ufpel.edu.br\/artenosul\/files\/2017\/12\/Divulga%C3%A7%C3%A3o-Netflix.jpg?resize=700%2C400&ssl=1 2x"},"classes":[]},{"id":89,"url":"https:\/\/wp.ufpel.edu.br\/artenosul\/2015\/10\/11\/lua-de-ismalia-experimento-que-deu-certo\/","url_meta":{"origin":13717,"position":2},"title":"Lua de Ism\u00e1lia: experimento que deu certo","author":"artenosul","date":"11 de outubro de 2015","format":false,"excerpt":"Reportagem de J\u00falia de Andrade e Monique Heemann - O escritor brasileiro Alphonsus de Guimaraens criou asas para que sua personagem Ism\u00e1lia pudesse voar. A banda Lua de Ism\u00e1lia tem aspira\u00e7\u00f5es semelhantes: sair do ch\u00e3o para experimentar o novo. Ela \u00e9 uma combina\u00e7\u00e3o entre a energia de um corpo jovem\u2026","rel":"","context":"Em &quot;M\u00daSICA&quot;","block_context":{"text":"M\u00daSICA","link":"https:\/\/wp.ufpel.edu.br\/artenosul\/category\/musica\/"},"img":{"alt_text":"","src":"https:\/\/i0.wp.com\/wp.ufpel.edu.br\/artenosul\/files\/2015\/10\/Foto1Julia-212x318.jpg?resize=350%2C200&ssl=1","width":350,"height":200},"classes":[]},{"id":9948,"url":"https:\/\/wp.ufpel.edu.br\/artenosul\/2021\/10\/15\/recem-lancada-serie-round-6-tem-sucesso-de-audiencia\/","url_meta":{"origin":13717,"position":3},"title":"Rec\u00e9m-lan\u00e7ada, s\u00e9rie &#8220;Round 6&#8221; tem sucesso de audi\u00eancia","author":"artenosul","date":"15 de outubro de 2021","format":false,"excerpt":"Por William Engel\u00a0 \u00a0 \u00a0 Envolvendo jogos mortais, produ\u00e7\u00e3o para o streaming \u00e9 cercada de pol\u00eamicas No dia 17 de setembro, a Netflix, em parceria com a produtora Siren Pictures, lan\u00e7ou a s\u00e9rie \u201cRound 6\u201d. De origem sul-coreana, vem ganhando milhares de f\u00e3s no mundo todo e chegou a ficar\u2026","rel":"","context":"Em &quot;NOT\u00cdCIAS&quot;","block_context":{"text":"NOT\u00cdCIAS","link":"https:\/\/wp.ufpel.edu.br\/artenosul\/category\/noticias\/"},"img":{"alt_text":"","src":"https:\/\/i0.wp.com\/wp.ufpel.edu.br\/artenosul\/files\/2021\/10\/round-6-audiencia-netflix-1024x768-1.jpg?resize=350%2C200&ssl=1","width":350,"height":200,"srcset":"https:\/\/i0.wp.com\/wp.ufpel.edu.br\/artenosul\/files\/2021\/10\/round-6-audiencia-netflix-1024x768-1.jpg?resize=350%2C200&ssl=1 1x, https:\/\/i0.wp.com\/wp.ufpel.edu.br\/artenosul\/files\/2021\/10\/round-6-audiencia-netflix-1024x768-1.jpg?resize=525%2C300&ssl=1 1.5x, https:\/\/i0.wp.com\/wp.ufpel.edu.br\/artenosul\/files\/2021\/10\/round-6-audiencia-netflix-1024x768-1.jpg?resize=700%2C400&ssl=1 2x"},"classes":[]},{"id":29006,"url":"https:\/\/wp.ufpel.edu.br\/artenosul\/2025\/06\/06\/moda-indigena-quando-vestir-e-tambem-resistir\/","url_meta":{"origin":13717,"position":4},"title":"Moda ind\u00edgena: quando vestir \u00e9 tamb\u00e9m resistir","author":"artenosul","date":"6 de junho de 2025","format":false,"excerpt":"Em um pa\u00eds cuja hist\u00f3ria oficial tentou apagar os povos origin\u00e1rios, a moda ind\u00edgena surge como um grito de resist\u00eancia\u00a0\u00a0\u00a0\u00a0 Por Vanessa Oliveira\u00a0\u00a0\u00a0 \u00a0\u00a0\u00a0\u00a0\u00a0 \u00a0 \u00a0 Quando pensamos ou ouvimos falar em moda, a primeira coisa que imaginamos \u00e9, look do dia, tend\u00eancias, grifes, desfiles e afins. A moda vai\u2026","rel":"","context":"Em &quot;ARTES VISUAIS&quot;","block_context":{"text":"ARTES VISUAIS","link":"https:\/\/wp.ufpel.edu.br\/artenosul\/category\/artes-visuais\/"},"img":{"alt_text":"","src":"https:\/\/i0.wp.com\/wp.ufpel.edu.br\/artenosul\/files\/2025\/06\/56b39cb6-0ad3-4cc7-a57c-96eb55a58549b.jpeg?resize=350%2C200&ssl=1","width":350,"height":200,"srcset":"https:\/\/i0.wp.com\/wp.ufpel.edu.br\/artenosul\/files\/2025\/06\/56b39cb6-0ad3-4cc7-a57c-96eb55a58549b.jpeg?resize=350%2C200&ssl=1 1x, https:\/\/i0.wp.com\/wp.ufpel.edu.br\/artenosul\/files\/2025\/06\/56b39cb6-0ad3-4cc7-a57c-96eb55a58549b.jpeg?resize=525%2C300&ssl=1 1.5x, https:\/\/i0.wp.com\/wp.ufpel.edu.br\/artenosul\/files\/2025\/06\/56b39cb6-0ad3-4cc7-a57c-96eb55a58549b.jpeg?resize=700%2C400&ssl=1 2x"},"classes":[]},{"id":4780,"url":"https:\/\/wp.ufpel.edu.br\/artenosul\/2017\/03\/13\/cafe-pelotense-na-internet\/","url_meta":{"origin":13717,"position":5},"title":"Caf\u00e9 Pelotense na internet","author":"artenosul","date":"13 de mar\u00e7o de 2017","format":false,"excerpt":"\u00a0 \u00a0 Reportagem de \u00a0Isabelle Domingues - Deborah Anttuart festeja dois anos do projeto e comemora o seu retorno - \u00a0 \u00a0 \u00a0Pelotas \u00e9 mesmo uma cidade encantadora. Suas formas, cores e sabores agradam aos diferentes paladares daqueles apaixonados por curtir bons momentos ao lado de quem amam, inebriados pelo\u2026","rel":"","context":"Em &quot;NOT\u00cdCIAS&quot;","block_context":{"text":"NOT\u00cdCIAS","link":"https:\/\/wp.ufpel.edu.br\/artenosul\/category\/noticias\/"},"img":{"alt_text":"","src":"https:\/\/i0.wp.com\/wp.ufpel.edu.br\/artenosul\/files\/2017\/03\/Isabelle2b-e1499697646625.jpg?resize=350%2C200&ssl=1","width":350,"height":200,"srcset":"https:\/\/i0.wp.com\/wp.ufpel.edu.br\/artenosul\/files\/2017\/03\/Isabelle2b-e1499697646625.jpg?resize=350%2C200&ssl=1 1x, https:\/\/i0.wp.com\/wp.ufpel.edu.br\/artenosul\/files\/2017\/03\/Isabelle2b-e1499697646625.jpg?resize=525%2C300&ssl=1 1.5x"},"classes":[]}],"_links":{"self":[{"href":"https:\/\/wp.ufpel.edu.br\/artenosul\/wp-json\/wp\/v2\/posts\/13717","targetHints":{"allow":["GET"]}}],"collection":[{"href":"https:\/\/wp.ufpel.edu.br\/artenosul\/wp-json\/wp\/v2\/posts"}],"about":[{"href":"https:\/\/wp.ufpel.edu.br\/artenosul\/wp-json\/wp\/v2\/types\/post"}],"author":[{"embeddable":true,"href":"https:\/\/wp.ufpel.edu.br\/artenosul\/wp-json\/wp\/v2\/users\/571"}],"replies":[{"embeddable":true,"href":"https:\/\/wp.ufpel.edu.br\/artenosul\/wp-json\/wp\/v2\/comments?post=13717"}],"version-history":[{"count":12,"href":"https:\/\/wp.ufpel.edu.br\/artenosul\/wp-json\/wp\/v2\/posts\/13717\/revisions"}],"predecessor-version":[{"id":13731,"href":"https:\/\/wp.ufpel.edu.br\/artenosul\/wp-json\/wp\/v2\/posts\/13717\/revisions\/13731"}],"wp:featuredmedia":[{"embeddable":true,"href":"https:\/\/wp.ufpel.edu.br\/artenosul\/wp-json\/wp\/v2\/media\/13719"}],"wp:attachment":[{"href":"https:\/\/wp.ufpel.edu.br\/artenosul\/wp-json\/wp\/v2\/media?parent=13717"}],"wp:term":[{"taxonomy":"category","embeddable":true,"href":"https:\/\/wp.ufpel.edu.br\/artenosul\/wp-json\/wp\/v2\/categories?post=13717"},{"taxonomy":"post_tag","embeddable":true,"href":"https:\/\/wp.ufpel.edu.br\/artenosul\/wp-json\/wp\/v2\/tags?post=13717"}],"curies":[{"name":"wp","href":"https:\/\/api.w.org\/{rel}","templated":true}]}}