{"id":13156,"date":"2022-12-02T16:38:10","date_gmt":"2022-12-02T19:38:10","guid":{"rendered":"https:\/\/wp.ufpel.edu.br\/artenosul\/?p=13156"},"modified":"2022-12-02T17:19:01","modified_gmt":"2022-12-02T20:19:01","slug":"fenadoce-escolhe-nova-corte-para-2023","status":"publish","type":"post","link":"https:\/\/wp.ufpel.edu.br\/artenosul\/2022\/12\/02\/fenadoce-escolhe-nova-corte-para-2023\/","title":{"rendered":"Fenadoce escolhe nova corte para 2023"},"content":{"rendered":"<p style=\"text-align: center;\"><span style=\"color: #003366;\"><em><strong><span style=\"font-family: arial, helvetica, sans-serif;\">Cerim\u00f4nia elegeu as tr\u00eas novas Baronesas que ir\u00e3o representar a Feira no pr\u00f3ximo ano\u00a0 \u00a0<\/span><\/strong><\/em><\/span><\/p>\n<p style=\"text-align: right;\"><span style=\"color: #003366;\"><em><strong><span style=\"font-family: arial, helvetica, sans-serif;\">Por Micael Carvalho\u00a0 \u00a0 \u00a0\u00a0<\/span><\/strong><\/em><\/span><\/p>\n<div id=\"attachment_13158\" style=\"width: 755px\" class=\"wp-caption aligncenter\"><img loading=\"lazy\" decoding=\"async\" aria-describedby=\"caption-attachment-13158\" class=\" wp-image-13158\" src=\"https:\/\/wp.ufpel.edu.br\/artenosul\/files\/2022\/12\/Micael-3-500x333.jpg\" alt=\"\" width=\"755\" height=\"503\" srcset=\"https:\/\/wp.ufpel.edu.br\/artenosul\/files\/2022\/12\/Micael-3-500x333.jpg 500w, https:\/\/wp.ufpel.edu.br\/artenosul\/files\/2022\/12\/Micael-3-300x200.jpg 300w, https:\/\/wp.ufpel.edu.br\/artenosul\/files\/2022\/12\/Micael-3.jpg 602w\" sizes=\"auto, (max-width: 755px) 100vw, 755px\" \/><p id=\"caption-attachment-13158\" class=\"wp-caption-text\"><span style=\"color: #0000ff;\"><strong><span style=\"font-family: arial, helvetica, sans-serif;\"><span style=\"color: #0000ff;\">Formam a corte eleita de Baronesas da 29\u00aa Fenadoce, as candidatas Kayane Medina Teixeira, representando a Empresa Sertec Servi\u00e7os T\u00e9cnicos Cont\u00e1beis, Larissa Dias Lima, representando a Empresa \u00d3ptica Bella Vista e Martaneli Gon\u00e7alves de Bittencourt, representando a Empresa Goldee Colch\u00f5es\u00a0 \u00a0 \u00a0 \u00a0 \u00a0 \u00a0 \u00a0 Fotos: Michel Corvello<\/span><\/span><\/strong><\/span><\/p><\/div>\n<p>&nbsp;<\/p>\n<p style=\"text-align: justify;\"><span style=\"font-family: arial, helvetica, sans-serif;\">Na noite do dia 30 de novembro, foi realizada a cerim\u00f4nia de escolha da nova corte da Feira Nacional do Doce, no Centro de Eventos de Pelotas. O evento, idealizado pela C\u00e2mara de Dirigentes Lojistas (CDL) Pelotas, teve a participa\u00e7\u00e3o de 15 candidatas, das quais, tr\u00eas ir\u00e3o representar a 29\u00aa edi\u00e7\u00e3o da Fenadoce no ano de 2023.<\/span><\/p>\n<p style=\"text-align: justify;\"><span style=\"font-family: arial, helvetica, sans-serif;\">Ap\u00f3s as duas primeiras etapas do concurso, compostas por oficinas, atividades em equipe e entrevistas com as candidatas, as participantes realizaram desfiles com trajes finos e casuais.<\/span><\/p>\n<p>&nbsp;<\/p>\n<div id=\"attachment_13159\" style=\"width: 761px\" class=\"wp-caption aligncenter\"><img loading=\"lazy\" decoding=\"async\" aria-describedby=\"caption-attachment-13159\" class=\" wp-image-13159\" src=\"https:\/\/wp.ufpel.edu.br\/artenosul\/files\/2022\/12\/Micael-2-500x333.jpg\" alt=\"\" width=\"761\" height=\"507\" srcset=\"https:\/\/wp.ufpel.edu.br\/artenosul\/files\/2022\/12\/Micael-2-500x333.jpg 500w, https:\/\/wp.ufpel.edu.br\/artenosul\/files\/2022\/12\/Micael-2-300x200.jpg 300w, https:\/\/wp.ufpel.edu.br\/artenosul\/files\/2022\/12\/Micael-2.jpg 602w\" sizes=\"auto, (max-width: 761px) 100vw, 761px\" \/><p id=\"caption-attachment-13159\" class=\"wp-caption-text\"><span style=\"font-family: arial, helvetica, sans-serif;\"><strong><span style=\"color: #0000ff;\">O vice-prefeito e secret\u00e1rio de Desenvolvimento Rural, Idemar Barz, cumprimentou as candidatas vencedoras<\/span><\/strong><\/span><\/p><\/div>\n<p>&nbsp;<\/p>\n<p style=\"text-align: justify;\"><span style=\"font-family: arial, helvetica, sans-serif;\">O vice-prefeito e secret\u00e1rio de Desenvolvimento Rural, Idemar Barz, parabenizou a organiza\u00e7\u00e3o pela realiza\u00e7\u00e3o do evento e destacou a import\u00e2ncia das eleitas como Baronesas da Fenadoce. \u201cN\u00f3s sabemos a import\u00e2ncia que a Fenadoce tem para Pelotas, sendo reconhecida nacionalmente como a Feira do Doce. Desde j\u00e1 estendo meus cumprimentos \u00e0 corte que deixa a Fenadoce hoje e desejo sucesso \u00e0s novas soberanas, visto que s\u00e3o elas que levam o nome da Feira e da nossa cidade para diferentes lugares do Estado e do Pa\u00eds\u201d, destacou o vice-prefeito.<\/span><\/p>\n<p style=\"text-align: justify;\"><span style=\"font-family: arial, helvetica, sans-serif;\">Os representantes do Executivo Municipal e do conselho gestor do CDL, Daniel Centeno, realizaram a entrega de presentes para as Baronesas que se despedem da corte. Desde a \u00faltima edi\u00e7\u00e3o, o concurso deixou de premiar as escolhidas como rainha e princesas, passando a instituir a percep\u00e7\u00e3o de equidade entre as soberanas elegendo-as como Baronesas da Fenadoce.<\/span><\/p>\n<p style=\"text-align: justify;\"><span style=\"font-family: arial, helvetica, sans-serif;\">A 29\u00aa edi\u00e7\u00e3o da Feira Nacional do Doce acontece entre os dias 2 e 18 de junho de 2023, no Centro de Eventos Fenadoce. Na sua programa\u00e7\u00e3o, as atra\u00e7\u00f5es art\u00edsticas e culturais s\u00e3o sempre um destaque.<\/span><\/p>\n<p>&nbsp;<\/p>\n<div id=\"attachment_13160\" style=\"width: 785px\" class=\"wp-caption aligncenter\"><img loading=\"lazy\" decoding=\"async\" aria-describedby=\"caption-attachment-13160\" class=\" wp-image-13160\" src=\"https:\/\/wp.ufpel.edu.br\/artenosul\/files\/2022\/12\/Micael-1-500x333.jpg\" alt=\"\" width=\"785\" height=\"523\" srcset=\"https:\/\/wp.ufpel.edu.br\/artenosul\/files\/2022\/12\/Micael-1-500x333.jpg 500w, https:\/\/wp.ufpel.edu.br\/artenosul\/files\/2022\/12\/Micael-1-300x200.jpg 300w, https:\/\/wp.ufpel.edu.br\/artenosul\/files\/2022\/12\/Micael-1.jpg 602w\" sizes=\"auto, (max-width: 785px) 100vw, 785px\" \/><p id=\"caption-attachment-13160\" class=\"wp-caption-text\"><strong><span style=\"font-family: arial, helvetica, sans-serif;\"><span style=\"color: #0000ff;\">A cerim\u00f4nia de escolha ocorreu no dia 30 de novembro no Centro de Eventos de Pelotas<\/span><\/span><\/strong><\/p><\/div>\n<p>&nbsp;<\/p>\n<p><a href=\"http:\/\/wp.ufpel.edu.br\/artenosul\"><span style=\"font-family: arial, helvetica, sans-serif; color: #0000ff;\"><strong>PRIMEIRA P\u00c1GINA<\/strong><\/span><\/a><\/p>\n<p><span style=\"font-family: arial, helvetica, sans-serif; color: #0000ff;\"><strong>COMENT\u00c3RIOS<\/strong><\/span><\/p>\n<div data-test='contact-form'\n\t\t\tid='contact-form-13156'\n\t\t\tclass='wp-block-jetpack-contact-form-container '\n\t\t\tdata-wp-interactive='jetpack\/form' data-wp-context='{\"formId\":\"13156\",\"formHash\":\"68e275ffa9e5dc7762ecdae1151c1738fa614aa5\",\"showErrors\":false,\"errors\":[],\"fields\":[],\"isMultiStep\":false,\"useAjax\":true,\"submissionData\":null,\"formattedSubmissionData\":[],\"submissionSuccess\":false,\"submissionError\":null,\"elementId\":\"jp-form-68e275ffa9e5dc7762ecdae1151c1738fa614aa5\",\"isSingleInputForm\":false}'\n\t\t\tdata-wp-watch--scroll-to-wrapper=\"callbacks.scrollToWrapper\"\n\t\t>\n<div class=\"contact-form-submission contact-form-ajax-submission\" data-wp-class--submission-success=\"context.submissionSuccess\"><p class=\"go-back-message\"><a class=\"link\" role=\"button\" tabindex=\"0\" data-wp-on--click=\"actions.goBack\" href=\"\/artenosul\/wp-json\/wp\/v2\/posts\/13156\">Voltar<\/a><\/p><h4 id=\"contact-form-success-header\">Sua mensagem foi enviada<\/h4>\n\n<template data-wp-each--submission=\"context.formattedSubmissionData\">\n\t\t\t\t\t<div class=\"jetpack_forms_contact-form-success-summary\">\n\t\t\t\t\t\t<div class=\"field-name\" data-wp-text=\"context.submission.label\" data-wp-bind--hidden=\"!context.submission.label\"><\/div>\n\t\t\t\t\t\t<div class=\"field-value\" data-wp-text=\"context.submission.value\"><\/div>\n\t\t\t\t\t\t<div class=\"field-images\" data-wp-bind--hidden=\"!context.submission.images\">\n\t\t\t\t\t\t\t<template data-wp-each--image=\"context.submission.images\">\n\t\t\t\t\t\t\t\t<figure class=\"field-image\" data-wp-class--is-empty=\"!context.image\">\n\t\t\t\t\t\t\t\t\t<img data-wp-bind--src=\"context.image\" data-wp-bind--hidden=\"!context.image\" \/>\n\t\t\t\t\t\t\t\t\t<img decoding=\"async\" src=\"data:image\/gif;base64,R0lGODlhAQABAAD\/ACwAAAAAAQABAAACADs=\" data-wp-bind--hidden=\"context.image\" \/>\n\t\t\t\t\t\t\t\t<\/figure>\n\t\t\t\t\t\t\t<\/template>\n\t\t\t\t\t\t<\/div>\n\t\t\t\t\t<\/div>\n\t\t\t\t<\/template><\/div><form action='https:\/\/wp.ufpel.edu.br\/artenosul\/2022\/12\/02\/fenadoce-escolhe-nova-corte-para-2023\/'\n\t\t\t\tid='jp-form-68e275ffa9e5dc7762ecdae1151c1738fa614aa5'\n\t\t\t\tmethod='post'\n\t\t\t\tclass='contact-form commentsblock' aria-label=\"Fenadoce escolhe nova corte para 2023\"\n\t\t\t\tdata-wp-on--submit=\"actions.onFormSubmit\"\n\t\t\t\tdata-wp-on--reset=\"actions.onFormReset\"\n\t\t\t\tdata-wp-class--submission-success=\"context.submissionSuccess\"\n\t\t\t\tdata-wp-class--is-first-step=\"state.isFirstStep\"\n\t\t\t\tdata-wp-class--is-last-step=\"state.isLastStep\"\n\t\t\t\tdata-wp-class--is-ajax-form=\"context.useAjax\"\n\t\t\t\tnovalidate >\n<input type='hidden' name='jetpack_contact_form_jwt' value='eyJ0eXAiOiJKV1QiLCJhbGciOiJIUzI1NiJ9.eyJlbmNyeXB0ZWRfYXR0cmlidXRlcyI6Ing1WkZJVGNvOUZjRm5HeUdJWlh6V2pSSDJYV2l2QWJrUDRoMGgzN29MZnowNWRGdzJzbHl4WWF3d2l0TEhDWnlwUlhwbENKRERXa0t2YmJGTkhHWm5XMG44SXV6SkE1Vndkb29wejdWVEl6MVNxVUZqOS9EQXNCdEZPNEtzUFR1L2JQeWJ5bEJZRWRkNVh2ZVdlU0lBNkZ1Njd0SDVJbXVrRkE4aTdhWmh1aC9PVnlLa3JCL2Fzb2ppem1RTlgyenE5QzNDakR4eUc0NzJ3NUV6aDkyeVkzdUVOL0tDaW04bU84NXR2eEUzQ1EyQUV0L2VVYzE2Z1ZmUmhleEFkR3JHcHR1ZDU2QWJJQlZhYkRHeW1CTlFBZmZzd29TNWNKSlcwSys5Z2tjblA0eUIrOTVMSDJ1Ui8rWEJzNmdiNHNlbVFvVHJMZFIxekVRK0tmTUhqWlh6SzRZbUE0dlBIbW5JQlluS1FuSk82Q1NrajJPbENzQ2ZaSjh2U05XR1FGaC9OZHJkdlVuRlFJUEZtblRxQ0lGVDZuTzQ2dXl0cEc0UVdXdGc2VGZ0ZEh4cFg1c3ZjQTFJUHdRREN4T0xUbTNGdmZVbHhnRGIvN05Dbk5EdkNIOFJKbHpEUUdqcllNN0xuYThzN1J0TkZONURzU1RpOXlaZmZ0RDdRZ2lnaTh1elB2MjNydHJ1enNPQWZzbitmZDFSczRXYVRZdGZXc2lseHRLMWYvR1ZLb3hkS2FEd0lmYmFKcFZjZStBWmdCdlNFNXhRU3RjVk81Y1BlUzl3M2x0YXBucDAydHdkbXVGeU9MVXZYbzV4TzRpVGhjKzhFZFBxVTI5NWJCSFpFNGd4eU4rNk4rbm5kZEtsZHVLQk5Qckk0bm5CcDRNTTJRWGg2QTZMSlFlbTZrY0JiMkQ1YVg3QW44VE1OYk9hRW1NOWNjS1Z6b05nVExnYUM4bFJweWhxeWxyWEtoZk9OYWdqSTFxV0RheXU0dkRBTVhucW8wMmFodWdlbjFJbDQ4SUd0YSsrSjBNazRxbGx5b20zUzJJM0psMml1WlFSbkNOSlVoVXBLcFRGalFvUCtkTHcycnp6NHF1WXFtUlhOandvakJnL2lpSU44TGlqWlVzdmJsZjlIaTJNcnJ4T0VWS3RpSyt5RktlZWZpeC8zUnpkOXdmNHpmYkVEK0FDd05walpaRmtYc1pZUHBJMDVpYXhpcz0iLCJjb250ZW50IjoiW2NvbnRhY3QtZmllbGQgbGFiZWw9XCJOb21lXCIgdHlwZT1cIm5hbWVcIl1bY29udGFjdC1maWVsZCBsYWJlbD1cIkUtbWFpbFwiIHR5cGU9XCJlbWFpbFwiXVtjb250YWN0LWZpZWxkIGxhYmVsPVwiTWVuc2FnZW1cIiB0eXBlPVwidGV4dGFyZWFcIl0iLCJoYXNoIjoiNjhlMjc1ZmZhOWU1ZGM3NzYyZWNkYWUxMTUxYzE3MzhmYTYxNGFhNSIsInNvdXJjZSI6eyJlbnRyeV90aXRsZSI6IkZlbmFkb2NlIGVzY29saGUgbm92YSBjb3J0ZSBwYXJhIDIwMjMiLCJlbnRyeV9wYWdlIjoxLCJzb3VyY2VfaWQiOjEzMTU2LCJzb3VyY2VfdHlwZSI6InNpbmdsZSIsInJlcXVlc3RfdXJsIjoiaHR0cHM6Ly93cC51ZnBlbC5lZHUuYnIvYXJ0ZW5vc3VsL3dwLWpzb24vd3AvdjIvcG9zdHMvMTMxNTYifSwidmVyc2lvbiI6MiwiY2lwaGVyIjoiYWVzLTI1Ni1nY20ifQ.dyEVx-0N_AyJ715h_CqquUprbVnrfYFPl4kFhBG-nqI' \/>\n\n<div style=\"\"  data-wp-interactive=\"jetpack\/form\" data-wp-context='{\"fieldId\":\"g13156-nome\",\"fieldType\":\"name\",\"fieldLabel\":\"Nome\",\"fieldValue\":\"\",\"fieldPlaceholder\":\"\",\"fieldIsRequired\":\"\",\"fieldErrorMessage\":\"\",\"fieldExtra\":[],\"formHash\":\"68e275ffa9e5dc7762ecdae1151c1738fa614aa5\"}'  class='grunion-field-name-wrap grunion-field-wrap'  data-wp-init='callbacks.initializeField' data-wp-on--jetpack-form-reset='callbacks.initializeField' >\n<label\n\t\t\t\tfor='g13156-nome' class=\"grunion-field-label name\" >Nome<\/label>\n<input\n\t\t\t\t\ttype='text'\n\t\t\t\t\tname='g13156-nome'\n\t\t\t\t\tid='g13156-nome'\n\t\t\t\t\tvalue=''\n\n\t\t\t\t\tdata-wp-bind--aria-invalid='state.fieldHasErrors'\n\t\t\t\t\tdata-wp-bind--value='state.getFieldValue'\n\t\t\t\t\taria-errormessage='g13156-nome-text-error-message'\n\t\t\t\t\tdata-wp-on--input='actions.onFieldChange'\n\t\t\t\t\tdata-wp-on--blur='actions.onFieldBlur'\n\t\t\t\t\tdata-wp-class--has-value='state.hasFieldValue'\n\n\t\t\t\t\tclass='name  grunion-field' \n\t\t\t\t\t \/>\n \n\t\t\t<div id=\"g13156-nome-text-error\" class=\"contact-form__input-error\" data-wp-class--has-errors=\"state.fieldHasErrors\">\n\t\t\t\t<span class=\"contact-form__warning-icon\">\n\t\t\t\t\t<svg width=\"16\" height=\"16\" viewBox=\"0 0 16 16\" fill=\"none\" xmlns=\"http:\/\/www.w3.org\/2000\/svg\">\n\t\t\t\t\t\t<path d=\"M8.50015 11.6402H7.50015V10.6402H8.50015V11.6402Z\" \/>\n\t\t\t\t\t\t<path d=\"M7.50015 9.64018H8.50015V6.30684H7.50015V9.64018Z\" \/>\n\t\t\t\t\t\t<path fill-rule=\"evenodd\" clip-rule=\"evenodd\" d=\"M6.98331 3.0947C7.42933 2.30177 8.57096 2.30177 9.01698 3.09469L13.8771 11.7349C14.3145 12.5126 13.7525 13.4735 12.8602 13.4735H3.14004C2.24774 13.4735 1.68575 12.5126 2.12321 11.7349L6.98331 3.0947ZM8.14541 3.58496C8.08169 3.47168 7.9186 3.47168 7.85488 3.58496L2.99478 12.2251C2.93229 12.3362 3.01257 12.4735 3.14004 12.4735H12.8602C12.9877 12.4735 13.068 12.3362 13.0055 12.2251L8.14541 3.58496Z\" \/>\n\t\t\t\t\t<\/svg>\n\t\t\t\t\t<span class=\"visually-hidden\">Aviso<\/span>\n\t\t\t\t<\/span>\n\t\t\t\t<span data-wp-text=\"state.errorMessage\" id=\"g13156-nome-text-error-message\" role=\"alert\" aria-live=\"assertive\"><\/span>\n\t\t\t<\/div> \n\t<\/div>\n\n<div style=\"\"  data-wp-interactive=\"jetpack\/form\" data-wp-context='{\"fieldId\":\"g13156-email\",\"fieldType\":\"email\",\"fieldLabel\":\"E-mail\",\"fieldValue\":\"\",\"fieldPlaceholder\":\"\",\"fieldIsRequired\":\"\",\"fieldErrorMessage\":\"\",\"fieldExtra\":[],\"formHash\":\"68e275ffa9e5dc7762ecdae1151c1738fa614aa5\"}'  class='grunion-field-email-wrap grunion-field-wrap'  data-wp-init='callbacks.initializeField' data-wp-on--jetpack-form-reset='callbacks.initializeField' >\n<label\n\t\t\t\tfor='g13156-email' class=\"grunion-field-label email\" >E-mail<\/label>\n<input\n\t\t\t\t\ttype='email'\n\t\t\t\t\tname='g13156-email'\n\t\t\t\t\tid='g13156-email'\n\t\t\t\t\tvalue=''\n\n\t\t\t\t\tdata-wp-bind--aria-invalid='state.fieldHasErrors'\n\t\t\t\t\tdata-wp-bind--value='state.getFieldValue'\n\t\t\t\t\taria-errormessage='g13156-email-email-error-message'\n\t\t\t\t\tdata-wp-on--input='actions.onFieldChange'\n\t\t\t\t\tdata-wp-on--blur='actions.onFieldBlur'\n\t\t\t\t\tdata-wp-class--has-value='state.hasFieldValue'\n\n\t\t\t\t\tclass='email  grunion-field' \n\t\t\t\t\t \/>\n \n\t\t\t<div id=\"g13156-email-email-error\" class=\"contact-form__input-error\" data-wp-class--has-errors=\"state.fieldHasErrors\">\n\t\t\t\t<span class=\"contact-form__warning-icon\">\n\t\t\t\t\t<svg width=\"16\" height=\"16\" viewBox=\"0 0 16 16\" fill=\"none\" xmlns=\"http:\/\/www.w3.org\/2000\/svg\">\n\t\t\t\t\t\t<path d=\"M8.50015 11.6402H7.50015V10.6402H8.50015V11.6402Z\" \/>\n\t\t\t\t\t\t<path d=\"M7.50015 9.64018H8.50015V6.30684H7.50015V9.64018Z\" \/>\n\t\t\t\t\t\t<path fill-rule=\"evenodd\" clip-rule=\"evenodd\" d=\"M6.98331 3.0947C7.42933 2.30177 8.57096 2.30177 9.01698 3.09469L13.8771 11.7349C14.3145 12.5126 13.7525 13.4735 12.8602 13.4735H3.14004C2.24774 13.4735 1.68575 12.5126 2.12321 11.7349L6.98331 3.0947ZM8.14541 3.58496C8.08169 3.47168 7.9186 3.47168 7.85488 3.58496L2.99478 12.2251C2.93229 12.3362 3.01257 12.4735 3.14004 12.4735H12.8602C12.9877 12.4735 13.068 12.3362 13.0055 12.2251L8.14541 3.58496Z\" \/>\n\t\t\t\t\t<\/svg>\n\t\t\t\t\t<span class=\"visually-hidden\">Aviso<\/span>\n\t\t\t\t<\/span>\n\t\t\t\t<span data-wp-text=\"state.errorMessage\" id=\"g13156-email-email-error-message\" role=\"alert\" aria-live=\"assertive\"><\/span>\n\t\t\t<\/div> \n\t<\/div>\n\n<div style=\"\"  data-wp-interactive=\"jetpack\/form\" data-wp-context='{\"fieldId\":\"g13156-mensagem\",\"fieldType\":\"textarea\",\"fieldLabel\":\"Mensagem\",\"fieldValue\":\"\",\"fieldPlaceholder\":\"\",\"fieldIsRequired\":\"\",\"fieldErrorMessage\":\"\",\"fieldExtra\":[],\"formHash\":\"68e275ffa9e5dc7762ecdae1151c1738fa614aa5\"}'  class='grunion-field-textarea-wrap grunion-field-wrap'  data-wp-init='callbacks.initializeField' data-wp-on--jetpack-form-reset='callbacks.initializeField' >\n<label\n\t\t\t\tfor='contact-form-comment-g13156-mensagem' class=\"grunion-field-label textarea\" >Mensagem<\/label>\n<textarea\n\t\t                style=''\n\t\t                name='g13156-mensagem'\n\t\t                id='contact-form-comment-g13156-mensagem'\n\t\t                rows='20'\n\t\t\t\t\t\tdata-wp-text='state.getFieldValue'\n\t\t\t\t\t\tdata-wp-on--input='actions.onFieldChange'\n\t\t\t\t\t\tdata-wp-on--blur='actions.onFieldBlur'\n\t\t\t\t\t\tdata-wp-class--has-value='state.hasFieldValue'\n\t\t\t\t\t\tdata-wp-bind--aria-invalid='state.fieldHasErrors'\n\t\t\t\t\t\taria-errormessage='g13156-mensagem-textarea-error-message'\n\t\t\t\t\t\tclass='textarea  grunion-field'  ><\/textarea>\n \n\t\t\t<div id=\"g13156-mensagem-textarea-error\" class=\"contact-form__input-error\" data-wp-class--has-errors=\"state.fieldHasErrors\">\n\t\t\t\t<span class=\"contact-form__warning-icon\">\n\t\t\t\t\t<svg width=\"16\" height=\"16\" viewBox=\"0 0 16 16\" fill=\"none\" xmlns=\"http:\/\/www.w3.org\/2000\/svg\">\n\t\t\t\t\t\t<path d=\"M8.50015 11.6402H7.50015V10.6402H8.50015V11.6402Z\" \/>\n\t\t\t\t\t\t<path d=\"M7.50015 9.64018H8.50015V6.30684H7.50015V9.64018Z\" \/>\n\t\t\t\t\t\t<path fill-rule=\"evenodd\" clip-rule=\"evenodd\" d=\"M6.98331 3.0947C7.42933 2.30177 8.57096 2.30177 9.01698 3.09469L13.8771 11.7349C14.3145 12.5126 13.7525 13.4735 12.8602 13.4735H3.14004C2.24774 13.4735 1.68575 12.5126 2.12321 11.7349L6.98331 3.0947ZM8.14541 3.58496C8.08169 3.47168 7.9186 3.47168 7.85488 3.58496L2.99478 12.2251C2.93229 12.3362 3.01257 12.4735 3.14004 12.4735H12.8602C12.9877 12.4735 13.068 12.3362 13.0055 12.2251L8.14541 3.58496Z\" \/>\n\t\t\t\t\t<\/svg>\n\t\t\t\t\t<span class=\"visually-hidden\">Aviso<\/span>\n\t\t\t\t<\/span>\n\t\t\t\t<span data-wp-text=\"state.errorMessage\" id=\"g13156-mensagem-textarea-error-message\" role=\"alert\" aria-live=\"assertive\"><\/span>\n\t\t\t<\/div>\n\t<\/div>\n\t<p class='contact-submit'>\n<div class=\"contact-form__error\" data-wp-class--show-errors=\"state.showFormErrors\"><span class=\"contact-form__warning-icon\"><span class=\"visually-hidden\">Aten\u00e7\u00e3o.<\/span><i aria-hidden=\"true\"><\/i><\/span>\n\t\t\t\t<span data-wp-text=\"state.getFormErrorMessage\"><\/span>\n\t\t\t\t<ul>\n\t\t\t\t<template data-wp-each=\"state.getErrorList\" data-wp-key=\"context.item.id\">\n\t\t\t\t\t<li><a data-wp-bind--href=\"context.item.anchor\" data-wp-on--click=\"actions.scrollIntoView\" data-wp-text=\"context.item.label\"><\/a><\/li>\n\t\t\t\t<\/template>\n\t\t\t\t<\/ul><\/div><div class=\"contact-form__error\" data-wp-class--show-errors=\"state.showSubmissionError\" data-wp-text=\"context.submissionError\"><\/div>\t\t<button type='submit' class='pushbutton-wide'>Enviar<\/button>\t\t<input type='hidden' name='contact-form-id' value='13156' \/>\n\t\t<input type='hidden' name='action' value='grunion-contact-form' \/>\n\t\t<input type='hidden' name='contact-form-hash' value='68e275ffa9e5dc7762ecdae1151c1738fa614aa5' \/>\n\t<\/p>\n<p style=\"display: none !important;\" class=\"akismet-fields-container\" data-prefix=\"ak_\"><label>&#916;<textarea name=\"ak_hp_textarea\" cols=\"45\" rows=\"8\" maxlength=\"100\"><\/textarea><\/label><input type=\"hidden\" id=\"ak_js_1\" name=\"ak_js\" value=\"67\"\/><script>document.getElementById( \"ak_js_1\" ).setAttribute( \"value\", ( new Date() ).getTime() );<\/script><\/p><\/form>\n<\/div>\n","protected":false},"excerpt":{"rendered":"<p>Cerim\u00f4nia elegeu as tr\u00eas novas Baronesas que ir\u00e3o representar a Feira no pr\u00f3ximo ano\u00a0 \u00a0 Por Micael Carvalho\u00a0 \u00a0 \u00a0\u00a0 &nbsp; Na noite do dia 30 de novembro, foi realizada a cerim\u00f4nia de escolha da nova corte da Feira Nacional do Doce, no Centro de Eventos de Pelotas. O evento, idealizado pela C\u00e2mara de Dirigentes &hellip; <\/p>\n<p><a class=\"more-link btn\" href=\"https:\/\/wp.ufpel.edu.br\/artenosul\/2022\/12\/02\/fenadoce-escolhe-nova-corte-para-2023\/\">Continue lendo<\/a><\/p>\n","protected":false},"author":571,"featured_media":13160,"comment_status":"closed","ping_status":"closed","sticky":false,"template":"","format":"standard","meta":{"jetpack_post_was_ever_published":false,"_jetpack_newsletter_access":"","_jetpack_dont_email_post_to_subs":false,"_jetpack_newsletter_tier_id":0,"_jetpack_memberships_contains_paywalled_content":false,"_jetpack_memberships_contains_paid_content":false,"footnotes":"","jetpack_publicize_message":"","jetpack_publicize_feature_enabled":true,"jetpack_social_post_already_shared":true,"jetpack_social_options":{"image_generator_settings":{"template":"highway","default_image_id":0,"font":"","enabled":false},"version":2}},"categories":[88,1],"tags":[1678,1677,1675,1676,1679,1680,234,231,1674],"class_list":["post-13156","post","type-post","status-publish","format-standard","has-post-thumbnail","hentry","category-comunidade","category-noticias","tag-29a-feira-nacional-do-doce","tag-29a-fenadoce","tag-baronesa","tag-baronesas","tag-cerimonia-de-escolha-da-nova-corte-da-feira-nacional-do-doce","tag-eleicao-de-baronesas","tag-feira-nacional-do-doce","tag-fenadoce","tag-micael-carvalho","nodate","item-wrap"],"jetpack_publicize_connections":[],"jetpack_featured_media_url":"https:\/\/wp.ufpel.edu.br\/artenosul\/files\/2022\/12\/Micael-1.jpg","jetpack_sharing_enabled":true,"jetpack_likes_enabled":true,"jetpack_shortlink":"https:\/\/wp.me\/p6PuxQ-3qc","jetpack-related-posts":[{"id":8939,"url":"https:\/\/wp.ufpel.edu.br\/artenosul\/2020\/12\/02\/especial-de-natal-da-fenadoce\/","url_meta":{"origin":13156,"position":0},"title":"Especial de Natal da Fenadoce","author":"artenosul","date":"2 de dezembro de 2020","format":false,"excerpt":"Por Anarelli Martinez A Feira Nacional do Doce ter\u00e1 programa\u00e7\u00e3o de 5 a 31 de dezembro Com o objetivo de fomentar a tradi\u00e7\u00e3o doceira de Pelotas, valorizar a arte e cultura local, promover a\u00e7\u00f5es sociais e estimular o com\u00e9rcio local, a C\u00e2mara de Dirigentes Lojistas (CDL) de Pelotas ir\u00e1 promover\u2026","rel":"","context":"Em &quot;COMUNIDADE&quot;","block_context":{"text":"COMUNIDADE","link":"https:\/\/wp.ufpel.edu.br\/artenosul\/category\/comunidade\/"},"img":{"alt_text":"","src":"https:\/\/i0.wp.com\/wp.ufpel.edu.br\/artenosul\/files\/2020\/12\/1-1.jpg?resize=350%2C200&ssl=1","width":350,"height":200,"srcset":"https:\/\/i0.wp.com\/wp.ufpel.edu.br\/artenosul\/files\/2020\/12\/1-1.jpg?resize=350%2C200&ssl=1 1x, https:\/\/i0.wp.com\/wp.ufpel.edu.br\/artenosul\/files\/2020\/12\/1-1.jpg?resize=525%2C300&ssl=1 1.5x, https:\/\/i0.wp.com\/wp.ufpel.edu.br\/artenosul\/files\/2020\/12\/1-1.jpg?resize=700%2C400&ssl=1 2x"},"classes":[]},{"id":11952,"url":"https:\/\/wp.ufpel.edu.br\/artenosul\/2022\/06\/25\/28a-edicao-da-fenadoce-encerra-com-sucesso\/","url_meta":{"origin":13156,"position":1},"title":"28\u00aa edi\u00e7\u00e3o da Fenadoce encerra com sucesso","author":"artenosul","date":"25 de junho de 2022","format":false,"excerpt":"Por Elena Santos\u00a0 \u00a0 \u00a0\u00a0 Evento favorece atividades econ\u00f4micas e art\u00edsticas da regi\u00e3o Ap\u00f3s dois anos de restri\u00e7\u00f5es por conta da pandemia do coronav\u00edrus, houve a retomada da tradicional festa de Pelotas, a Fenadoce, em sua 28\u00aa edi\u00e7\u00e3o, que se estendeu at\u00e9 o \u00faltimo domingo, dia 19 de junho. Contou\u2026","rel":"","context":"Em &quot;COMUNIDADE&quot;","block_context":{"text":"COMUNIDADE","link":"https:\/\/wp.ufpel.edu.br\/artenosul\/category\/comunidade\/"},"img":{"alt_text":"","src":"https:\/\/i0.wp.com\/wp.ufpel.edu.br\/artenosul\/files\/2022\/06\/Rafael-Takaki-9316.jpg?resize=350%2C200&ssl=1","width":350,"height":200,"srcset":"https:\/\/i0.wp.com\/wp.ufpel.edu.br\/artenosul\/files\/2022\/06\/Rafael-Takaki-9316.jpg?resize=350%2C200&ssl=1 1x, https:\/\/i0.wp.com\/wp.ufpel.edu.br\/artenosul\/files\/2022\/06\/Rafael-Takaki-9316.jpg?resize=525%2C300&ssl=1 1.5x, https:\/\/i0.wp.com\/wp.ufpel.edu.br\/artenosul\/files\/2022\/06\/Rafael-Takaki-9316.jpg?resize=700%2C400&ssl=1 2x, https:\/\/i0.wp.com\/wp.ufpel.edu.br\/artenosul\/files\/2022\/06\/Rafael-Takaki-9316.jpg?resize=1050%2C600&ssl=1 3x, https:\/\/i0.wp.com\/wp.ufpel.edu.br\/artenosul\/files\/2022\/06\/Rafael-Takaki-9316.jpg?resize=1400%2C800&ssl=1 4x"},"classes":[]},{"id":13807,"url":"https:\/\/wp.ufpel.edu.br\/artenosul\/2023\/06\/09\/diversidade-artistica-na-feira-nacional-do-doce\/","url_meta":{"origin":13156,"position":2},"title":"Diversidade art\u00edstica na Feira Nacional do Doce","author":"artenosul","date":"9 de junho de 2023","format":false,"excerpt":"J\u00e1 no seu segundo fim de semana, evento seguir\u00e1 at\u00e9 o dia 18 de junho\u00a0 \u00a0 \u00a0 \u00a0\u00a0 Por St\u00e9fane Costa\u00a0 \u00a0 \u00a0 \u00a0 \u00a0 Trazendo a magia do mundo das crian\u00e7as e a import\u00e2ncia das lembran\u00e7as, a 29\u00aa edi\u00e7\u00e3o da Feira Nacional do Doce (Fenadoce), cujo tema \u00e9 Doce\u2026","rel":"","context":"Em &quot;COMUNIDADE&quot;","block_context":{"text":"COMUNIDADE","link":"https:\/\/wp.ufpel.edu.br\/artenosul\/category\/comunidade\/"},"img":{"alt_text":"","src":"https:\/\/i0.wp.com\/wp.ufpel.edu.br\/artenosul\/files\/2023\/06\/Foto-2-3B-scaled.jpg?resize=350%2C200&ssl=1","width":350,"height":200,"srcset":"https:\/\/i0.wp.com\/wp.ufpel.edu.br\/artenosul\/files\/2023\/06\/Foto-2-3B-scaled.jpg?resize=350%2C200&ssl=1 1x, https:\/\/i0.wp.com\/wp.ufpel.edu.br\/artenosul\/files\/2023\/06\/Foto-2-3B-scaled.jpg?resize=525%2C300&ssl=1 1.5x, https:\/\/i0.wp.com\/wp.ufpel.edu.br\/artenosul\/files\/2023\/06\/Foto-2-3B-scaled.jpg?resize=700%2C400&ssl=1 2x, https:\/\/i0.wp.com\/wp.ufpel.edu.br\/artenosul\/files\/2023\/06\/Foto-2-3B-scaled.jpg?resize=1050%2C600&ssl=1 3x, https:\/\/i0.wp.com\/wp.ufpel.edu.br\/artenosul\/files\/2023\/06\/Foto-2-3B-scaled.jpg?resize=1400%2C800&ssl=1 4x"},"classes":[]},{"id":8961,"url":"https:\/\/wp.ufpel.edu.br\/artenosul\/2020\/12\/04\/fenadoce-especial-de-fim-de-ano-ate-dia-31-de-dezembro\/","url_meta":{"origin":13156,"position":3},"title":"Fenadoce Especial de Fim de Ano at\u00e9 dia 31 de dezembro","author":"artenosul","date":"4 de dezembro de 2020","format":false,"excerpt":"Por Danieli Schiavon Feira h\u00edbrida e fora de \u00e9poca viabiliza a realiza\u00e7\u00e3o do evento em 2020 A tradicional Feira do Doce de Pelotas n\u00e3o p\u00f4de acontecer em maio deste ano, m\u00eas em que o evento ocorre tradicionalmente e re\u00fane as principais docerias da cidade, shows, apresenta\u00e7\u00f5es art\u00edsticas, parque de divers\u00f5es\u2026","rel":"","context":"Em &quot;COMUNIDADE&quot;","block_context":{"text":"COMUNIDADE","link":"https:\/\/wp.ufpel.edu.br\/artenosul\/category\/comunidade\/"},"img":{"alt_text":"","src":"https:\/\/i0.wp.com\/wp.ufpel.edu.br\/artenosul\/files\/2020\/12\/Doces-finos-tradicionais-de-Pelotas-estarao-a-venda-em-diversos-pontos-da-cidade-Foto-Rafael-Takaki-Reproducao.jpg?resize=350%2C200&ssl=1","width":350,"height":200,"srcset":"https:\/\/i0.wp.com\/wp.ufpel.edu.br\/artenosul\/files\/2020\/12\/Doces-finos-tradicionais-de-Pelotas-estarao-a-venda-em-diversos-pontos-da-cidade-Foto-Rafael-Takaki-Reproducao.jpg?resize=350%2C200&ssl=1 1x, https:\/\/i0.wp.com\/wp.ufpel.edu.br\/artenosul\/files\/2020\/12\/Doces-finos-tradicionais-de-Pelotas-estarao-a-venda-em-diversos-pontos-da-cidade-Foto-Rafael-Takaki-Reproducao.jpg?resize=525%2C300&ssl=1 1.5x, https:\/\/i0.wp.com\/wp.ufpel.edu.br\/artenosul\/files\/2020\/12\/Doces-finos-tradicionais-de-Pelotas-estarao-a-venda-em-diversos-pontos-da-cidade-Foto-Rafael-Takaki-Reproducao.jpg?resize=700%2C400&ssl=1 2x, https:\/\/i0.wp.com\/wp.ufpel.edu.br\/artenosul\/files\/2020\/12\/Doces-finos-tradicionais-de-Pelotas-estarao-a-venda-em-diversos-pontos-da-cidade-Foto-Rafael-Takaki-Reproducao.jpg?resize=1050%2C600&ssl=1 3x, https:\/\/i0.wp.com\/wp.ufpel.edu.br\/artenosul\/files\/2020\/12\/Doces-finos-tradicionais-de-Pelotas-estarao-a-venda-em-diversos-pontos-da-cidade-Foto-Rafael-Takaki-Reproducao.jpg?resize=1400%2C800&ssl=1 4x"},"classes":[]},{"id":29261,"url":"https:\/\/wp.ufpel.edu.br\/artenosul\/2025\/07\/15\/fenadoce-saiba-como-evento-comecou-e-origem-dos-doces-de-pelotas\/","url_meta":{"origin":13156,"position":4},"title":"Fenadoce: saiba como evento come\u00e7ou e origem dos doces de Pelotas","author":"artenosul","date":"15 de julho de 2025","format":false,"excerpt":"Com quase 40 anos de hist\u00f3ria, a Feira Nacional do Doce movimenta a gastronomia, cultura e arte de Pelotas\u00a0 \u00a0 \u00a0 \u00a0 \u00a0\u00a0 Por Bruna Farias\u00a0 \u00a0 \u00a0\u00a0 \u00a0 \u00a0\u00a0\u00a0\u00a0\u00a0\u00a0\u00a0\u00a0\u00a0 Realizada anualmente na cidade de Pelotas, no Rio Grande do Sul, a Fenadoce \u00e9 uma viagem pela identidade gastron\u00f4mica, cultural\u2026","rel":"","context":"Em &quot;COMUNIDADE&quot;","block_context":{"text":"COMUNIDADE","link":"https:\/\/wp.ufpel.edu.br\/artenosul\/category\/comunidade\/"},"img":{"alt_text":"","src":"https:\/\/i0.wp.com\/wp.ufpel.edu.br\/artenosul\/files\/2025\/07\/foto-1-capa.jpg?resize=350%2C200&ssl=1","width":350,"height":200,"srcset":"https:\/\/i0.wp.com\/wp.ufpel.edu.br\/artenosul\/files\/2025\/07\/foto-1-capa.jpg?resize=350%2C200&ssl=1 1x, https:\/\/i0.wp.com\/wp.ufpel.edu.br\/artenosul\/files\/2025\/07\/foto-1-capa.jpg?resize=525%2C300&ssl=1 1.5x, https:\/\/i0.wp.com\/wp.ufpel.edu.br\/artenosul\/files\/2025\/07\/foto-1-capa.jpg?resize=700%2C400&ssl=1 2x, https:\/\/i0.wp.com\/wp.ufpel.edu.br\/artenosul\/files\/2025\/07\/foto-1-capa.jpg?resize=1050%2C600&ssl=1 3x, https:\/\/i0.wp.com\/wp.ufpel.edu.br\/artenosul\/files\/2025\/07\/foto-1-capa.jpg?resize=1400%2C800&ssl=1 4x"},"classes":[]},{"id":10717,"url":"https:\/\/wp.ufpel.edu.br\/artenosul\/2022\/05\/10\/fenadoce-2022-o-retorno-perspectivas-e-programacao\/","url_meta":{"origin":13156,"position":5},"title":"\u201cFenadoce\u00a0 2022, o retorno\u201d: perspectivas e programa\u00e7\u00e3o","author":"artenosul","date":"10 de maio de 2022","format":false,"excerpt":"Por Ronaldo Luis\u00a0\u00a0\u00a0\u00a0 \u201cDoces (re)encontros\u201d \u00e9 o tema da 28\u00aa edi\u00e7\u00e3o da Feira Nacional que ocorre de 3 a 19 de junho \u00a0 Ap\u00f3s adiamento por dois anos consecutivos, em raz\u00e3o da pandemia, a Feira Nacional do Doce (Fenadoce), ter\u00e1 sua 28\u00aa edi\u00e7\u00e3o entre os dias 3 e 19 de\u2026","rel":"","context":"Em &quot;COMUNIDADE&quot;","block_context":{"text":"COMUNIDADE","link":"https:\/\/wp.ufpel.edu.br\/artenosul\/category\/comunidade\/"},"img":{"alt_text":"","src":"https:\/\/i0.wp.com\/wp.ufpel.edu.br\/artenosul\/files\/2022\/05\/Imagem13.jpg?resize=350%2C200&ssl=1","width":350,"height":200},"classes":[]}],"_links":{"self":[{"href":"https:\/\/wp.ufpel.edu.br\/artenosul\/wp-json\/wp\/v2\/posts\/13156","targetHints":{"allow":["GET"]}}],"collection":[{"href":"https:\/\/wp.ufpel.edu.br\/artenosul\/wp-json\/wp\/v2\/posts"}],"about":[{"href":"https:\/\/wp.ufpel.edu.br\/artenosul\/wp-json\/wp\/v2\/types\/post"}],"author":[{"embeddable":true,"href":"https:\/\/wp.ufpel.edu.br\/artenosul\/wp-json\/wp\/v2\/users\/571"}],"replies":[{"embeddable":true,"href":"https:\/\/wp.ufpel.edu.br\/artenosul\/wp-json\/wp\/v2\/comments?post=13156"}],"version-history":[{"count":9,"href":"https:\/\/wp.ufpel.edu.br\/artenosul\/wp-json\/wp\/v2\/posts\/13156\/revisions"}],"predecessor-version":[{"id":13169,"href":"https:\/\/wp.ufpel.edu.br\/artenosul\/wp-json\/wp\/v2\/posts\/13156\/revisions\/13169"}],"wp:featuredmedia":[{"embeddable":true,"href":"https:\/\/wp.ufpel.edu.br\/artenosul\/wp-json\/wp\/v2\/media\/13160"}],"wp:attachment":[{"href":"https:\/\/wp.ufpel.edu.br\/artenosul\/wp-json\/wp\/v2\/media?parent=13156"}],"wp:term":[{"taxonomy":"category","embeddable":true,"href":"https:\/\/wp.ufpel.edu.br\/artenosul\/wp-json\/wp\/v2\/categories?post=13156"},{"taxonomy":"post_tag","embeddable":true,"href":"https:\/\/wp.ufpel.edu.br\/artenosul\/wp-json\/wp\/v2\/tags?post=13156"}],"curies":[{"name":"wp","href":"https:\/\/api.w.org\/{rel}","templated":true}]}}