{"id":12852,"date":"2022-10-20T09:42:48","date_gmt":"2022-10-20T12:42:48","guid":{"rendered":"https:\/\/wp.ufpel.edu.br\/artenosul\/?p=12852"},"modified":"2022-10-20T09:47:28","modified_gmt":"2022-10-20T12:47:28","slug":"the-sandman-mantem-o-espirito-dos-quadrinhos","status":"publish","type":"post","link":"https:\/\/wp.ufpel.edu.br\/artenosul\/2022\/10\/20\/the-sandman-mantem-o-espirito-dos-quadrinhos\/","title":{"rendered":"\u201cThe Sandman\u201d mant\u00e9m o esp\u00edrito dos quadrinhos"},"content":{"rendered":"<p style=\"text-align: center;\"><span style=\"color: #003366;\"><em><strong><span style=\"font-family: arial, helvetica, sans-serif;\">S\u00e9rie que estreou em agosto adapta um dos maiores cl\u00e1ssicos dos quadrinhos da DC\u00a0\u00a0 <\/span><\/strong><\/em><\/span><\/p>\n<p style=\"text-align: right;\"><span style=\"color: #003366;\"><em><strong><span style=\"font-family: arial, helvetica, sans-serif;\">Douglas Rafael Duarte\u00a0\u00a0\u00a0\u00a0<\/span><\/strong><\/em><\/span><\/p>\n<p style=\"text-align: justify;\"><span style=\"font-family: arial, helvetica, sans-serif;\">No dia 5 de agosto, estreou \u201cThe Sandman\u201d na plataforma de streaming Netflix. \u00a0A produ\u00e7\u00e3o adapta para as telas a obra de Neil Gaiman, um dos maiores cl\u00e1ssicos dos quadrinhos da DC Comics. A s\u00e9rie, que j\u00e1 pode ser considerada um sucesso global, acompanha a jornada de Morpheus, o rei do mundo dos sonhos e um dos sete Perp\u00e9tuos (entidades divinas respons\u00e1veis por sentimentos e experi\u00eancias humanas). Mais do que tudo, \u00e9 um convite a refletir sobre temas complexos como a morte, eternidade e o prop\u00f3sito da exist\u00eancia humana.<\/span><\/p>\n<p style=\"text-align: justify;\"><span style=\"font-family: arial, helvetica, sans-serif;\">A produ\u00e7\u00e3o agradou tanto quem n\u00e3o teve qualquer contato com a franquia quanto quem j\u00e1 gostava das aventuras do sombrio Morpheus (ou simplesmente \u201cSonho\u201d) desde as p\u00e1ginas das HQs. Ostenta a not\u00e1vel pontua\u00e7\u00e3o de 87% de avalia\u00e7\u00e3o positiva da cr\u00edtica e 80% do p\u00fablico no site <em>Rotten Tomatoes<\/em>. De acordo com a plataforma especializada em monitoramento de produtos de streaming <em>FlixPatrol<\/em>, a s\u00e9rie ainda ficou por algumas semanas em primeiro lugar no Top 10 global e nacional, batendo concorrentes de peso como \u201cStranger Things\u201d.<\/span><\/p>\n<div id=\"attachment_12859\" style=\"width: 683px\" class=\"wp-caption aligncenter\"><img loading=\"lazy\" decoding=\"async\" aria-describedby=\"caption-attachment-12859\" class=\" wp-image-12859\" src=\"https:\/\/wp.ufpel.edu.br\/artenosul\/files\/2022\/10\/images-1.jpg\" alt=\"\" width=\"683\" height=\"424\" \/><p id=\"caption-attachment-12859\" class=\"wp-caption-text\"><strong><span style=\"font-family: arial, helvetica, sans-serif;\"><span style=\"color: #3366ff;\">Tom Sturridge como Morpheus (o Sonho)<\/span>\u00a0 <span style=\"color: #3366ff;\">\u00a0 Fotos: Divulga\u00e7\u00e3o<\/span><\/span><\/strong><\/p><\/div>\n<p style=\"text-align: justify;\"><span style=\"font-family: arial, helvetica, sans-serif; color: #3366ff;\"><strong>Sintonia com p\u00fablico<\/strong><\/span><\/p>\n<p style=\"text-align: justify;\"><span style=\"font-family: arial, helvetica, sans-serif;\">\u201cThe Sandman\u201d \u00e9 uma das tantas hist\u00f3rias em quadrinhos que v\u00eam sendo acompanhadas pelos leitores atuais desde ao longo da inf\u00e2ncia e da adolesc\u00eancia. Ap\u00f3s a not\u00edcia de que a obra seria adaptada para as telas, o sentimento de muitos f\u00e3s foi o mesmo: um misto de anima\u00e7\u00e3o e de temor pelo resultado. Afinal, n\u00e3o seria a primeira vez que produ\u00e7\u00f5es inspiradas em livros ou HQs decepcionariam (quando n\u00e3o desfiguram completamente um personagem ou at\u00e9 um universo inteiro). Definitivamente n\u00e3o foi o caso.<\/span><\/p>\n<p style=\"text-align: justify;\"><span style=\"font-family: arial, helvetica, sans-serif;\">Ao terminar de assistir os 10 epis\u00f3dios da s\u00e9rie, pode ficar uma inc\u00f4moda sensa\u00e7\u00e3o de se gostar mais da produ\u00e7\u00e3o cinematogr\u00e1fica do que dos quadrinhos (algo n\u00e3o muito comum). Ent\u00e3o, a s\u00e9rie \u00e9 uma motiva\u00e7\u00e3o para reler as p\u00e1ginas da obra de Gaiman. Os \u201cPrel\u00fadios e noturnos\u201d e \u201cA casa das bonecas\u201d s\u00e3o as hist\u00f3rias escolhidas para serem adaptadas para as telas entre as 75 edi\u00e7\u00f5es da obra, publicadas entre 1989 e 1996. E a verdade \u00e9 que o seriado n\u00e3o s\u00f3 preserva o que havia de melhor nos gibis, como melhora alguns aspectos do enredo.<\/span><\/p>\n<p style=\"text-align: justify;\"><span style=\"font-family: arial, helvetica, sans-serif;\">A participa\u00e7\u00e3o muito pr\u00f3xima do autor, por um lado, pode ter sido um fator primordial para o sucesso da produ\u00e7\u00e3o. Neil Gaiman ajudou na sele\u00e7\u00e3o de elenco, al\u00e9m de escrever ele pr\u00f3prio o roteiro do primeiro epis\u00f3dio juntamente com Allan Heinberg (\u201cGrey&#8217;s Anatomy\u201d) e David S. Goyer (trilogia \u201cCavaleiro das Trevas\u201d). Os aspectos mais marcantes da HQ, como o ambiente sombrio e a mistura de fantasia, terror e temas filos\u00f3ficos, permitem que o \u201cesp\u00edrito dos quadrinhos\u201d seja preservado na s\u00e9rie.<\/span><\/p>\n<p style=\"text-align: justify;\"><span style=\"font-family: arial, helvetica, sans-serif;\">Por outro lado, a op\u00e7\u00e3o por distanciar-se um pouco do universo DC melhora a experi\u00eancia. A narrativa mais linear e conectada, ao inv\u00e9s da op\u00e7\u00e3o por segmentos mais independentes entre si (como ocorria nos quadrinhos), passa uma sensa\u00e7\u00e3o de continuidade bastante interessante para a hist\u00f3ria. A divis\u00e3o do protagonismo entre outros personagens, al\u00e9m de Morpheus, tamb\u00e9m foi uma \u00f3tima escolha.<\/span><\/p>\n<p style=\"text-align: justify;\"><span style=\"font-family: arial, helvetica, sans-serif; color: #0000ff;\"><strong>Di\u00e1logos, sonhos e pesadelos<\/strong><\/span><\/p>\n<p style=\"text-align: justify;\"><span style=\"font-family: arial, helvetica, sans-serif;\">A inser\u00e7\u00e3o do Mathew (o Corvo) em mais hist\u00f3rias do que originalmente apresentava a HQ, permitiu o aprofundamento e qualifica\u00e7\u00e3o de alguns di\u00e1logos, como na jornada pelo inferno, por exemplo. \u00c9 de se destacar ainda a participa\u00e7\u00e3o de Lucienne (Vivienne Acheampong) na evolu\u00e7\u00e3o pessoal de Morpheus. Ainda assim, nenhuma decis\u00e3o foi melhor do que a de dar maior relev\u00e2ncia para o personagem Cor\u00edntio (Boyd Holbrook de \u201cNarcos\u201d). Al\u00e9m de tapar alguns \u201cfuros\u201d na trama original, o pesadelo que fugiu do mundo dos sonhos mostrou-se o vil\u00e3o perfeito para uma temporada inicial.<\/span><\/p>\n<p style=\"text-align: justify;\"><span style=\"font-family: arial, helvetica, sans-serif;\">\u00c9 preciso pontuar, no entanto, que nada disso significa um enfraquecimento do personagem principal, muito pelo contr\u00e1rio. Cada di\u00e1logo, cada embate, cada antagonismo e cada trama compartilhada com outros indiv\u00edduos do seu universo convergem para a afirma\u00e7\u00e3o de Morpheus como a figura incompar\u00e1vel e essencial da produ\u00e7\u00e3o. E a atua\u00e7\u00e3o praticamente impec\u00e1vel de Tom Sturridge (\u201cAs Vantagens de ser Invis\u00edvel\u201d) certamente foi decisiva para que o resultado final n\u00e3o fosse de apenas um personagem marcante, mas de toda uma hist\u00f3ria que funciona muito bem.<\/span><\/p>\n<p style=\"text-align: justify;\"><span style=\"font-family: arial, helvetica, sans-serif;\">O ator, ali\u00e1s, contou que pediu ajuda para Gaiman na hora de construir o personagem. De acordo com o pr\u00f3prio, uma de suas principais preocupa\u00e7\u00f5es era saber como a voz de Sonho (uma das mais destacadas formas gr\u00e1ficas da HQ, com seus bal\u00f5es negros), deveria soar. &#8220;Neil me falou que ele \u00e9 a voz dentro da sua cabe\u00e7a. Ele \u00e9 a voz que te leva ao sono. A voz que o guia pelos seus sonhos&#8221;, relatou Sturridge em entrevista de lan\u00e7amento da s\u00e9rie.<\/span><\/p>\n<div id=\"attachment_12857\" style=\"width: 583px\" class=\"wp-caption aligncenter\"><img loading=\"lazy\" decoding=\"async\" aria-describedby=\"caption-attachment-12857\" class=\" wp-image-12857\" src=\"https:\/\/wp.ufpel.edu.br\/artenosul\/files\/2022\/10\/Corintio-500x375.jpg\" alt=\"\" width=\"583\" height=\"437\" srcset=\"https:\/\/wp.ufpel.edu.br\/artenosul\/files\/2022\/10\/Corintio-500x375.jpg 500w, https:\/\/wp.ufpel.edu.br\/artenosul\/files\/2022\/10\/Corintio-300x225.jpg 300w, https:\/\/wp.ufpel.edu.br\/artenosul\/files\/2022\/10\/Corintio-768x576.jpg 768w, https:\/\/wp.ufpel.edu.br\/artenosul\/files\/2022\/10\/Corintio-855x641.jpg 855w, https:\/\/wp.ufpel.edu.br\/artenosul\/files\/2022\/10\/Corintio.jpg 1200w\" sizes=\"auto, (max-width: 583px) 100vw, 583px\" \/><p id=\"caption-attachment-12857\" class=\"wp-caption-text\"><strong><span style=\"font-family: arial, helvetica, sans-serif;\"><span style=\"color: #3366ff;\">O ator Boyd Holbrook faz o papel de\u00a0 Cor\u00edntio<\/span><\/span><\/strong><\/p><\/div>\n<p style=\"text-align: justify;\"><span style=\"font-family: arial, helvetica, sans-serif; color: #3366ff;\"><strong>Profundidade filos\u00f3fica<\/strong><\/span><\/p>\n<p style=\"text-align: justify;\"><span style=\"font-family: arial, helvetica, sans-serif;\">O ar soturno e solit\u00e1rio, as d\u00favidas com rela\u00e7\u00e3o \u00e0 complexidade das rela\u00e7\u00f5es humanas, a perplexidade de Morpheus diante do comportamento dos mortais e tudo mais que configura esse cativante personagem est\u00e3o devidamente transplantados dos quadrinhos e expressos na atua\u00e7\u00e3o de Tom Sturridge. Assim como no ritmo e estilo da narrativa, nos cen\u00e1rios e efeitos especiais e at\u00e9 na caracteriza\u00e7\u00e3o dos personagens. Mais do que tudo, a complexidade est\u00e1 na abordagem dos temas com profundidade filos\u00f3fica em cada segmento.<\/span><\/p>\n<p style=\"text-align: justify;\"><span style=\"font-family: arial, helvetica, sans-serif;\">Em s\u00edntese, \u201cThe Sandman\u201d fez melhor nas telas o que j\u00e1 era muito bom nas p\u00e1ginas quadriculadas. A s\u00e9rie tem muitos pontos positivos: n\u00e3o perdeu a ess\u00eancia e consertou falhas no enredo sem descaracterizar personagens ou promover mudan\u00e7as dr\u00e1sticas ou incompat\u00edveis com a trama original. As atua\u00e7\u00f5es individuais dos atores (em especial Morpheus, L\u00facifer e Cor\u00edntio) n\u00e3o deixaram nada a desejar. A introdu\u00e7\u00e3o (ainda incipiente) da instigante rela\u00e7\u00e3o de Sonho com seus irm\u00e3os (os Perp\u00e9tuos), em especial com a Morte e o Desejo, e o vasto material das hist\u00f3rias ainda n\u00e3o adaptadas, sugerem que a produ\u00e7\u00e3o far\u00e1 ainda mais sucesso no futuro e, provavelmente, marcar\u00e1 \u00e9poca. Para isto, basta n\u00e3o abandonar a receita bem-sucedida da primeira temporada.<\/span><\/p>\n<p style=\"text-align: justify;\"><a href=\"http:\/\/wp.ufpel.edu.br\/artenosul\"><span style=\"color: #3366ff;\"><strong><span style=\"font-family: arial, helvetica, sans-serif;\">PRIMEIRA P\u00c1GINA<\/span><\/strong><\/span><\/a><\/p>\n<p style=\"text-align: justify;\"><span style=\"color: #3366ff;\"><strong><span style=\"font-family: arial, helvetica, sans-serif;\">COMENT\u00c1RIOS<\/span><\/strong><\/span><\/p>\n<div data-test='contact-form'\n\t\t\tid='contact-form-12852'\n\t\t\tclass='wp-block-jetpack-contact-form-container '\n\t\t\tdata-wp-interactive='jetpack\/form' data-wp-context='{\"formId\":\"12852\",\"formHash\":\"608dd788f0023ae96d8c887fa15962e3f67211bf\",\"showErrors\":false,\"errors\":[],\"fields\":[],\"isMultiStep\":false,\"useAjax\":true,\"submissionData\":null,\"formattedSubmissionData\":[],\"submissionSuccess\":false,\"submissionError\":null,\"elementId\":\"jp-form-608dd788f0023ae96d8c887fa15962e3f67211bf\",\"isSingleInputForm\":false}'\n\t\t\tdata-wp-watch--scroll-to-wrapper=\"callbacks.scrollToWrapper\"\n\t\t>\n<div class=\"contact-form-submission contact-form-ajax-submission\" data-wp-class--submission-success=\"context.submissionSuccess\"><p class=\"go-back-message\"><a class=\"link\" role=\"button\" tabindex=\"0\" data-wp-on--click=\"actions.goBack\" href=\"\/artenosul\/wp-json\/wp\/v2\/posts\/12852\">Voltar<\/a><\/p><h4 id=\"contact-form-success-header\">Sua mensagem foi enviada<\/h4>\n\n<template data-wp-each--submission=\"context.formattedSubmissionData\">\n\t\t\t\t\t<div class=\"jetpack_forms_contact-form-success-summary\">\n\t\t\t\t\t\t<div class=\"field-name\" data-wp-text=\"context.submission.label\" data-wp-bind--hidden=\"!context.submission.label\"><\/div>\n\t\t\t\t\t\t<div class=\"field-value\" data-wp-text=\"context.submission.value\"><\/div>\n\t\t\t\t\t\t<div class=\"field-images\" data-wp-bind--hidden=\"!context.submission.images\">\n\t\t\t\t\t\t\t<template data-wp-each--image=\"context.submission.images\">\n\t\t\t\t\t\t\t\t<figure class=\"field-image\" data-wp-class--is-empty=\"!context.image\">\n\t\t\t\t\t\t\t\t\t<img data-wp-bind--src=\"context.image\" data-wp-bind--hidden=\"!context.image\" \/>\n\t\t\t\t\t\t\t\t\t<img decoding=\"async\" src=\"data:image\/gif;base64,R0lGODlhAQABAAD\/ACwAAAAAAQABAAACADs=\" data-wp-bind--hidden=\"context.image\" \/>\n\t\t\t\t\t\t\t\t<\/figure>\n\t\t\t\t\t\t\t<\/template>\n\t\t\t\t\t\t<\/div>\n\t\t\t\t\t<\/div>\n\t\t\t\t<\/template><\/div><form action='https:\/\/wp.ufpel.edu.br\/artenosul\/2022\/10\/20\/the-sandman-mantem-o-espirito-dos-quadrinhos\/'\n\t\t\t\tid='jp-form-608dd788f0023ae96d8c887fa15962e3f67211bf'\n\t\t\t\tmethod='post'\n\t\t\t\tclass='contact-form commentsblock' aria-label=\"\u201cThe Sandman\u201d mant\u00e9m o esp\u00edrito dos quadrinhos\"\n\t\t\t\tdata-wp-on--submit=\"actions.onFormSubmit\"\n\t\t\t\tdata-wp-on--reset=\"actions.onFormReset\"\n\t\t\t\tdata-wp-class--submission-success=\"context.submissionSuccess\"\n\t\t\t\tdata-wp-class--is-first-step=\"state.isFirstStep\"\n\t\t\t\tdata-wp-class--is-last-step=\"state.isLastStep\"\n\t\t\t\tdata-wp-class--is-ajax-form=\"context.useAjax\"\n\t\t\t\tnovalidate >\n<input type='hidden' name='jetpack_contact_form_jwt' value='eyJ0eXAiOiJKV1QiLCJhbGciOiJIUzI1NiJ9.eyJlbmNyeXB0ZWRfYXR0cmlidXRlcyI6IjNkbHBtQWJZb0hVUW54aFZMaHB4YXNXelk0bkJHT3R4TkllcTlUQzFMSFlzZXRycFJGQ2ZJNytUWFdIb0lOSXFmaHNsVlYyaDhSVUI4cWFaalRNeUNOK2tUdTVIMEdhMmtaWTBLN1FPdkdDeTU1dWJYS1NmNDlwVkNsb09wdHJvY21yUy8xNFB1N2FyZ1M4dEcwVWlHWEJhQmRhZ3Btc25WL1ZxeWt2YXo2a1ByaEMwelBFeTRhQXNRbG4zcEI4YUVFd1RRWHJ5MmVydExMNldnbFB0dWJEOHlEQnA2N0dld1ZMNWs3RDYwT1huWGhuSmtwN0p1eFdSYTNPOEg1TW5CclJoeFJLTzFaYmIyazZYOWo2TC8wa1h2em1GeUxKeW10WDQ5Nk0vQkZSK0NMSEw5RGdMRGQwbnI5QiszMTRHU0RBdlZVZXByTXJObmt6cFBTQTNuY1VJN3R4U1Q3RS9hbThsa1A2UlVUL2hTL29YZVpVLzhoRFM1cGdIZnA4QVVCSXZYMFBHVmdLMUZkdkxzcGliREUxS3VXS3dwbXFMa1JYWWhyajVpUEJYdnd3T0VSTTdLbVpqUXBEdStTam5ieGsydUVXNmlreVpLNXhJc01KaGhWQ2dLZW15c0drNDFneXV2WUF5QVNPb1V6RzBCNmlqZTBHQ0IwMllMYjRhNnJnTzRkdnJxcG11RGhqVjBFTEd4MzVvQVl0cGdqcDBnZE5xNE1zNVk2UXFaWm1mV09JVGpuZHVVZzlpbUczS3U3ZklySHF2WDJRNTEvbkZlcGY3ZHBIc2tBVmozK2ltcUJWNWJtUFZTZWViR2FSSEZmckJFeW5aUlgrVjBlamlZWU9nSU1MRmEyOUVvQlBKdUlSS2VhaHl3TWRuU2pmcXVuWXkzMU42RFJQVDR5dWdBdE5TREszVlBybGh5dllLc2d6aFlzeUNDN1VkNnpOSzQxNjRlMEFhZHp0SXNBTUVoSkxHZVRST3llNW4xWmc4TDhuZTVCYktzKzZadEhtaEVGNldCL3Z3dWVNSnVCUmlhWHJlVlpWMm4yVnRSWFN2ZDVHSUM3STlhY2VidklOdmZ0VEhYeUlzcEhOVFhQMm13KzZleGlRL1VSNktneHEvVGtTSHZNUk50ZVNEZmFpN2dQaFhxQ25XRDN5YzQ5dU04ZFBvZzR3Tkc3a2NaZ2htYWUrRnJWT0FwaVpZcm1veHBHYXJBZ2FFWTM2L2o5TkFpdzN1NDZhNjRpYWdqbDRkdlh5NlF4cVVzQT09IiwiY29udGVudCI6Iltjb250YWN0LWZpZWxkIGxhYmVsPVwiTm9tZVwiIHR5cGU9XCJuYW1lXCJdW2NvbnRhY3QtZmllbGQgbGFiZWw9XCJFLW1haWxcIiB0eXBlPVwiZW1haWxcIl1bY29udGFjdC1maWVsZCBsYWJlbD1cIk1lbnNhZ2VtXCIgdHlwZT1cInRleHRhcmVhXCJdIiwiaGFzaCI6IjYwOGRkNzg4ZjAwMjNhZTk2ZDhjODg3ZmExNTk2MmUzZjY3MjExYmYiLCJzb3VyY2UiOnsiZW50cnlfdGl0bGUiOiJcdTIwMWNUaGUgU2FuZG1hblx1MjAxZCBtYW50XHUwMGU5bSBvIGVzcFx1MDBlZHJpdG8gZG9zIHF1YWRyaW5ob3MiLCJlbnRyeV9wYWdlIjoxLCJzb3VyY2VfaWQiOjEyODUyLCJzb3VyY2VfdHlwZSI6InNpbmdsZSIsInJlcXVlc3RfdXJsIjoiaHR0cHM6Ly93cC51ZnBlbC5lZHUuYnIvYXJ0ZW5vc3VsL3dwLWpzb24vd3AvdjIvcG9zdHMvMTI4NTIifSwidmVyc2lvbiI6MiwiY2lwaGVyIjoiYWVzLTI1Ni1nY20ifQ.J6BooDn626__P9ttdV8jWKKeTixs-ntNNYQ5gOBqJ10' \/>\n\n<div style=\"\"  data-wp-interactive=\"jetpack\/form\" data-wp-context='{\"fieldId\":\"g12852-nome\",\"fieldType\":\"name\",\"fieldLabel\":\"Nome\",\"fieldValue\":\"\",\"fieldPlaceholder\":\"\",\"fieldIsRequired\":\"\",\"fieldErrorMessage\":\"\",\"fieldExtra\":[],\"formHash\":\"608dd788f0023ae96d8c887fa15962e3f67211bf\"}'  class='grunion-field-name-wrap grunion-field-wrap'  data-wp-init='callbacks.initializeField' data-wp-on--jetpack-form-reset='callbacks.initializeField' >\n<label\n\t\t\t\tfor='g12852-nome' class=\"grunion-field-label name\" >Nome<\/label>\n<input\n\t\t\t\t\ttype='text'\n\t\t\t\t\tname='g12852-nome'\n\t\t\t\t\tid='g12852-nome'\n\t\t\t\t\tvalue=''\n\n\t\t\t\t\tdata-wp-bind--aria-invalid='state.fieldHasErrors'\n\t\t\t\t\tdata-wp-bind--value='state.getFieldValue'\n\t\t\t\t\taria-errormessage='g12852-nome-text-error-message'\n\t\t\t\t\tdata-wp-on--input='actions.onFieldChange'\n\t\t\t\t\tdata-wp-on--blur='actions.onFieldBlur'\n\t\t\t\t\tdata-wp-class--has-value='state.hasFieldValue'\n\n\t\t\t\t\tclass='name  grunion-field' \n\t\t\t\t\t \/>\n \n\t\t\t<div id=\"g12852-nome-text-error\" class=\"contact-form__input-error\" data-wp-class--has-errors=\"state.fieldHasErrors\">\n\t\t\t\t<span class=\"contact-form__warning-icon\">\n\t\t\t\t\t<svg width=\"16\" height=\"16\" viewBox=\"0 0 16 16\" fill=\"none\" xmlns=\"http:\/\/www.w3.org\/2000\/svg\">\n\t\t\t\t\t\t<path d=\"M8.50015 11.6402H7.50015V10.6402H8.50015V11.6402Z\" \/>\n\t\t\t\t\t\t<path d=\"M7.50015 9.64018H8.50015V6.30684H7.50015V9.64018Z\" \/>\n\t\t\t\t\t\t<path fill-rule=\"evenodd\" clip-rule=\"evenodd\" d=\"M6.98331 3.0947C7.42933 2.30177 8.57096 2.30177 9.01698 3.09469L13.8771 11.7349C14.3145 12.5126 13.7525 13.4735 12.8602 13.4735H3.14004C2.24774 13.4735 1.68575 12.5126 2.12321 11.7349L6.98331 3.0947ZM8.14541 3.58496C8.08169 3.47168 7.9186 3.47168 7.85488 3.58496L2.99478 12.2251C2.93229 12.3362 3.01257 12.4735 3.14004 12.4735H12.8602C12.9877 12.4735 13.068 12.3362 13.0055 12.2251L8.14541 3.58496Z\" \/>\n\t\t\t\t\t<\/svg>\n\t\t\t\t\t<span class=\"visually-hidden\">Aviso<\/span>\n\t\t\t\t<\/span>\n\t\t\t\t<span data-wp-text=\"state.errorMessage\" id=\"g12852-nome-text-error-message\" role=\"alert\" aria-live=\"assertive\"><\/span>\n\t\t\t<\/div> \n\t<\/div>\n\n<div style=\"\"  data-wp-interactive=\"jetpack\/form\" data-wp-context='{\"fieldId\":\"g12852-email\",\"fieldType\":\"email\",\"fieldLabel\":\"E-mail\",\"fieldValue\":\"\",\"fieldPlaceholder\":\"\",\"fieldIsRequired\":\"\",\"fieldErrorMessage\":\"\",\"fieldExtra\":[],\"formHash\":\"608dd788f0023ae96d8c887fa15962e3f67211bf\"}'  class='grunion-field-email-wrap grunion-field-wrap'  data-wp-init='callbacks.initializeField' data-wp-on--jetpack-form-reset='callbacks.initializeField' >\n<label\n\t\t\t\tfor='g12852-email' class=\"grunion-field-label email\" >E-mail<\/label>\n<input\n\t\t\t\t\ttype='email'\n\t\t\t\t\tname='g12852-email'\n\t\t\t\t\tid='g12852-email'\n\t\t\t\t\tvalue=''\n\n\t\t\t\t\tdata-wp-bind--aria-invalid='state.fieldHasErrors'\n\t\t\t\t\tdata-wp-bind--value='state.getFieldValue'\n\t\t\t\t\taria-errormessage='g12852-email-email-error-message'\n\t\t\t\t\tdata-wp-on--input='actions.onFieldChange'\n\t\t\t\t\tdata-wp-on--blur='actions.onFieldBlur'\n\t\t\t\t\tdata-wp-class--has-value='state.hasFieldValue'\n\n\t\t\t\t\tclass='email  grunion-field' \n\t\t\t\t\t \/>\n \n\t\t\t<div id=\"g12852-email-email-error\" class=\"contact-form__input-error\" data-wp-class--has-errors=\"state.fieldHasErrors\">\n\t\t\t\t<span class=\"contact-form__warning-icon\">\n\t\t\t\t\t<svg width=\"16\" height=\"16\" viewBox=\"0 0 16 16\" fill=\"none\" xmlns=\"http:\/\/www.w3.org\/2000\/svg\">\n\t\t\t\t\t\t<path d=\"M8.50015 11.6402H7.50015V10.6402H8.50015V11.6402Z\" \/>\n\t\t\t\t\t\t<path d=\"M7.50015 9.64018H8.50015V6.30684H7.50015V9.64018Z\" \/>\n\t\t\t\t\t\t<path fill-rule=\"evenodd\" clip-rule=\"evenodd\" d=\"M6.98331 3.0947C7.42933 2.30177 8.57096 2.30177 9.01698 3.09469L13.8771 11.7349C14.3145 12.5126 13.7525 13.4735 12.8602 13.4735H3.14004C2.24774 13.4735 1.68575 12.5126 2.12321 11.7349L6.98331 3.0947ZM8.14541 3.58496C8.08169 3.47168 7.9186 3.47168 7.85488 3.58496L2.99478 12.2251C2.93229 12.3362 3.01257 12.4735 3.14004 12.4735H12.8602C12.9877 12.4735 13.068 12.3362 13.0055 12.2251L8.14541 3.58496Z\" \/>\n\t\t\t\t\t<\/svg>\n\t\t\t\t\t<span class=\"visually-hidden\">Aviso<\/span>\n\t\t\t\t<\/span>\n\t\t\t\t<span data-wp-text=\"state.errorMessage\" id=\"g12852-email-email-error-message\" role=\"alert\" aria-live=\"assertive\"><\/span>\n\t\t\t<\/div> \n\t<\/div>\n\n<div style=\"\"  data-wp-interactive=\"jetpack\/form\" data-wp-context='{\"fieldId\":\"g12852-mensagem\",\"fieldType\":\"textarea\",\"fieldLabel\":\"Mensagem\",\"fieldValue\":\"\",\"fieldPlaceholder\":\"\",\"fieldIsRequired\":\"\",\"fieldErrorMessage\":\"\",\"fieldExtra\":[],\"formHash\":\"608dd788f0023ae96d8c887fa15962e3f67211bf\"}'  class='grunion-field-textarea-wrap grunion-field-wrap'  data-wp-init='callbacks.initializeField' data-wp-on--jetpack-form-reset='callbacks.initializeField' >\n<label\n\t\t\t\tfor='contact-form-comment-g12852-mensagem' class=\"grunion-field-label textarea\" >Mensagem<\/label>\n<textarea\n\t\t                style=''\n\t\t                name='g12852-mensagem'\n\t\t                id='contact-form-comment-g12852-mensagem'\n\t\t                rows='20'\n\t\t\t\t\t\tdata-wp-text='state.getFieldValue'\n\t\t\t\t\t\tdata-wp-on--input='actions.onFieldChange'\n\t\t\t\t\t\tdata-wp-on--blur='actions.onFieldBlur'\n\t\t\t\t\t\tdata-wp-class--has-value='state.hasFieldValue'\n\t\t\t\t\t\tdata-wp-bind--aria-invalid='state.fieldHasErrors'\n\t\t\t\t\t\taria-errormessage='g12852-mensagem-textarea-error-message'\n\t\t\t\t\t\tclass='textarea  grunion-field'  ><\/textarea>\n \n\t\t\t<div id=\"g12852-mensagem-textarea-error\" class=\"contact-form__input-error\" data-wp-class--has-errors=\"state.fieldHasErrors\">\n\t\t\t\t<span class=\"contact-form__warning-icon\">\n\t\t\t\t\t<svg width=\"16\" height=\"16\" viewBox=\"0 0 16 16\" fill=\"none\" xmlns=\"http:\/\/www.w3.org\/2000\/svg\">\n\t\t\t\t\t\t<path d=\"M8.50015 11.6402H7.50015V10.6402H8.50015V11.6402Z\" \/>\n\t\t\t\t\t\t<path d=\"M7.50015 9.64018H8.50015V6.30684H7.50015V9.64018Z\" \/>\n\t\t\t\t\t\t<path fill-rule=\"evenodd\" clip-rule=\"evenodd\" d=\"M6.98331 3.0947C7.42933 2.30177 8.57096 2.30177 9.01698 3.09469L13.8771 11.7349C14.3145 12.5126 13.7525 13.4735 12.8602 13.4735H3.14004C2.24774 13.4735 1.68575 12.5126 2.12321 11.7349L6.98331 3.0947ZM8.14541 3.58496C8.08169 3.47168 7.9186 3.47168 7.85488 3.58496L2.99478 12.2251C2.93229 12.3362 3.01257 12.4735 3.14004 12.4735H12.8602C12.9877 12.4735 13.068 12.3362 13.0055 12.2251L8.14541 3.58496Z\" \/>\n\t\t\t\t\t<\/svg>\n\t\t\t\t\t<span class=\"visually-hidden\">Aviso<\/span>\n\t\t\t\t<\/span>\n\t\t\t\t<span data-wp-text=\"state.errorMessage\" id=\"g12852-mensagem-textarea-error-message\" role=\"alert\" aria-live=\"assertive\"><\/span>\n\t\t\t<\/div>\n\t<\/div>\n\t<p class='contact-submit'>\n<div class=\"contact-form__error\" data-wp-class--show-errors=\"state.showFormErrors\"><span class=\"contact-form__warning-icon\"><span class=\"visually-hidden\">Aten\u00e7\u00e3o.<\/span><i aria-hidden=\"true\"><\/i><\/span>\n\t\t\t\t<span data-wp-text=\"state.getFormErrorMessage\"><\/span>\n\t\t\t\t<ul>\n\t\t\t\t<template data-wp-each=\"state.getErrorList\" data-wp-key=\"context.item.id\">\n\t\t\t\t\t<li><a data-wp-bind--href=\"context.item.anchor\" data-wp-on--click=\"actions.scrollIntoView\" data-wp-text=\"context.item.label\"><\/a><\/li>\n\t\t\t\t<\/template>\n\t\t\t\t<\/ul><\/div><div class=\"contact-form__error\" data-wp-class--show-errors=\"state.showSubmissionError\" data-wp-text=\"context.submissionError\"><\/div>\t\t<button type='submit' class='pushbutton-wide'>Enviar<\/button>\t\t<input type='hidden' name='contact-form-id' value='12852' \/>\n\t\t<input type='hidden' name='action' value='grunion-contact-form' \/>\n\t\t<input type='hidden' name='contact-form-hash' value='608dd788f0023ae96d8c887fa15962e3f67211bf' \/>\n\t<\/p>\n<p style=\"display: none !important;\" class=\"akismet-fields-container\" data-prefix=\"ak_\"><label>&#916;<textarea name=\"ak_hp_textarea\" cols=\"45\" rows=\"8\" maxlength=\"100\"><\/textarea><\/label><input type=\"hidden\" id=\"ak_js_1\" name=\"ak_js\" value=\"198\"\/><script>document.getElementById( \"ak_js_1\" ).setAttribute( \"value\", ( new Date() ).getTime() );<\/script><\/p><\/form>\n<\/div>\n","protected":false},"excerpt":{"rendered":"<p>S\u00e9rie que estreou em agosto adapta um dos maiores cl\u00e1ssicos dos quadrinhos da DC\u00a0\u00a0 Douglas Rafael Duarte\u00a0\u00a0\u00a0\u00a0 No dia 5 de agosto, estreou \u201cThe Sandman\u201d na plataforma de streaming Netflix. \u00a0A produ\u00e7\u00e3o adapta para as telas a obra de Neil Gaiman, um dos maiores cl\u00e1ssicos dos quadrinhos da DC Comics. A s\u00e9rie, que j\u00e1 pode &hellip; <\/p>\n<p><a class=\"more-link btn\" href=\"https:\/\/wp.ufpel.edu.br\/artenosul\/2022\/10\/20\/the-sandman-mantem-o-espirito-dos-quadrinhos\/\">Continue lendo<\/a><\/p>\n","protected":false},"author":571,"featured_media":12860,"comment_status":"closed","ping_status":"closed","sticky":false,"template":"","format":"standard","meta":{"jetpack_post_was_ever_published":false,"_jetpack_newsletter_access":"","_jetpack_dont_email_post_to_subs":false,"_jetpack_newsletter_tier_id":0,"_jetpack_memberships_contains_paywalled_content":false,"_jetpack_memberships_contains_paid_content":false,"footnotes":"","jetpack_publicize_message":"","jetpack_publicize_feature_enabled":true,"jetpack_social_post_already_shared":true,"jetpack_social_options":{"image_generator_settings":{"template":"highway","default_image_id":0,"font":"","enabled":false},"version":2}},"categories":[1,315,623],"tags":[1235,1602,345,1603,770,1601],"class_list":["post-12852","post","type-post","status-publish","format-standard","has-post-thumbnail","hentry","category-noticias","category-opiniao","category-televisao","tag-douglas-rafael-duarte","tag-neil-gaiman","tag-netflix","tag-quadrinhos","tag-streaming","tag-the-sandman","nodate","item-wrap"],"jetpack_publicize_connections":[],"jetpack_featured_media_url":"https:\/\/wp.ufpel.edu.br\/artenosul\/files\/2022\/10\/sandman942-6700416.jpg","jetpack_sharing_enabled":true,"jetpack_likes_enabled":true,"jetpack_shortlink":"https:\/\/wp.me\/p6PuxQ-3li","jetpack-related-posts":[{"id":29190,"url":"https:\/\/wp.ufpel.edu.br\/artenosul\/2025\/06\/27\/ricardo-darin-lidera-adaptacao-poderosa-de-o-eternauta-no-streaming\/","url_meta":{"origin":12852,"position":0},"title":"Ricardo Dar\u00edn lidera adapta\u00e7\u00e3o poderosa de \u201cO Eternauta\u201d no streaming","author":"artenosul","date":"27 de junho de 2025","format":false,"excerpt":"S\u00e9rie argentina transforma quadrinho cl\u00e1ssico em drama atual com forte cr\u00edtica social e visual impactante. Por Pedro Farias\u00a0 \u00a0 \u00a0 \u00a0 \u00a0 Com estreia marcada para 30 de abril de 2025 na Netflix, \u201cO Eternauta\u201d adapta um dos quadrinhos mais influentes da Am\u00e9rica Latina, criado por H\u00e9ctor Germ\u00e1n Oesterheld e\u2026","rel":"","context":"Em &quot;OPINI\u00c3O&quot;","block_context":{"text":"OPINI\u00c3O","link":"https:\/\/wp.ufpel.edu.br\/artenosul\/category\/opiniao\/"},"img":{"alt_text":"","src":"https:\/\/wp.ufpel.edu.br\/artenosul\/files\/2025\/06\/RicardoDarin.avif","width":350,"height":200,"srcset":"https:\/\/wp.ufpel.edu.br\/artenosul\/files\/2025\/06\/RicardoDarin.avif 1x, https:\/\/wp.ufpel.edu.br\/artenosul\/files\/2025\/06\/RicardoDarin.avif 1.5x, https:\/\/wp.ufpel.edu.br\/artenosul\/files\/2025\/06\/RicardoDarin.avif 2x"},"classes":[]},{"id":13496,"url":"https:\/\/wp.ufpel.edu.br\/artenosul\/2023\/04\/17\/episodio-especial-power-rangers-agora-e-sempre-chega-ao-streaming-nesta-quarta-feira\/","url_meta":{"origin":12852,"position":1},"title":"Epis\u00f3dio especial \u201cPower Rangers: Agora e Sempre\u201d chega ao streaming nesta quarta-feira","author":"artenosul","date":"17 de abril de 2023","format":false,"excerpt":"Produ\u00e7\u00e3o celebra os 30 anos da s\u00e9rie e gera expectativa pela volta de personagens da primeira gera\u00e7\u00e3o dos her\u00f3is de uniformes coloridos\u00a0\u00a0\u00a0\u00a0 Por Douglas Rafael Duarte\u00a0\u00a0\u00a0\u00a0\u00a0\u00a0 \u00a0 Nesta quarta-feira, dia 19 de abril, estreia no cat\u00e1logo da Netflix \u201cPower Rangers: Agora e Sempre\u201d. O epis\u00f3dio especial da s\u00e9rie foi produzido\u2026","rel":"","context":"Em &quot;NOT\u00cdCIAS&quot;","block_context":{"text":"NOT\u00cdCIAS","link":"https:\/\/wp.ufpel.edu.br\/artenosul\/category\/noticias\/"},"img":{"alt_text":"","src":"https:\/\/i0.wp.com\/wp.ufpel.edu.br\/artenosul\/files\/2023\/04\/Imagem-8b.jpeg?resize=350%2C200&ssl=1","width":350,"height":200,"srcset":"https:\/\/i0.wp.com\/wp.ufpel.edu.br\/artenosul\/files\/2023\/04\/Imagem-8b.jpeg?resize=350%2C200&ssl=1 1x, https:\/\/i0.wp.com\/wp.ufpel.edu.br\/artenosul\/files\/2023\/04\/Imagem-8b.jpeg?resize=525%2C300&ssl=1 1.5x, https:\/\/i0.wp.com\/wp.ufpel.edu.br\/artenosul\/files\/2023\/04\/Imagem-8b.jpeg?resize=700%2C400&ssl=1 2x, https:\/\/i0.wp.com\/wp.ufpel.edu.br\/artenosul\/files\/2023\/04\/Imagem-8b.jpeg?resize=1050%2C600&ssl=1 3x, https:\/\/i0.wp.com\/wp.ufpel.edu.br\/artenosul\/files\/2023\/04\/Imagem-8b.jpeg?resize=1400%2C800&ssl=1 4x"},"classes":[]},{"id":9454,"url":"https:\/\/wp.ufpel.edu.br\/artenosul\/2021\/06\/14\/pandemia-inspira-serie-sweet-tooth-no-streaming\/","url_meta":{"origin":12852,"position":2},"title":"Pandemia inspira s\u00e9rie &#8220;Sweet Tooth&#8221; no streaming  \u00a0","author":"artenosul","date":"14 de junho de 2021","format":false,"excerpt":"Por William Engel\u00a0 \u00a0\u00a0 Fantasia lida de maneira simb\u00f3lica com as dificuldades vividas no momento O servi\u00e7o de streaming Netflix lan\u00e7ou sua mais nova s\u00e9rie fantasiosa, \u201cSweet Tooth\u201d, inspirada nos quadrinhos de mesmo nome de Jeff Lemire. Traz uma vis\u00e3o de um mundo diat\u00f3pico e p\u00f3s apocal\u00edptico em que a\u2026","rel":"","context":"Em &quot;NOT\u00cdCIAS&quot;","block_context":{"text":"NOT\u00cdCIAS","link":"https:\/\/wp.ufpel.edu.br\/artenosul\/category\/noticias\/"},"img":{"alt_text":"","src":"https:\/\/i0.wp.com\/wp.ufpel.edu.br\/artenosul\/files\/2021\/06\/Imagem2-1.jpg?resize=350%2C200&ssl=1","width":350,"height":200,"srcset":"https:\/\/i0.wp.com\/wp.ufpel.edu.br\/artenosul\/files\/2021\/06\/Imagem2-1.jpg?resize=350%2C200&ssl=1 1x, https:\/\/i0.wp.com\/wp.ufpel.edu.br\/artenosul\/files\/2021\/06\/Imagem2-1.jpg?resize=525%2C300&ssl=1 1.5x, https:\/\/i0.wp.com\/wp.ufpel.edu.br\/artenosul\/files\/2021\/06\/Imagem2-1.jpg?resize=700%2C400&ssl=1 2x"},"classes":[]},{"id":27912,"url":"https:\/\/wp.ufpel.edu.br\/artenosul\/2025\/02\/19\/professor-de-cinema-de-animacao-celebra-desenho-de-imprensa\/","url_meta":{"origin":12852,"position":3},"title":"Professor de cinema de anima\u00e7\u00e3o celebra desenho de imprensa","author":"artenosul","date":"19 de fevereiro de 2025","format":false,"excerpt":"A obra do cineasta Andr\u00e9 Luis Porto Macedo tem fortes ra\u00edzes nos quadrinhos, tiras e charges\u00a0 \u00a0 \u00a0 \u00a0 Por Vanessa Centeno Ferreira\u00a0 \u00a0 \u00a0 \u00a0\u00a0 \u00a0 \u00a0 O professor do Curso de Cinema de Anima\u00e7\u00e3o do Centro de Artes UFPel, Andr\u00e9 Luis Porto Macedo, \u00e9 conhecido como o criador\u2026","rel":"","context":"Em &quot;ARTES VISUAIS&quot;","block_context":{"text":"ARTES VISUAIS","link":"https:\/\/wp.ufpel.edu.br\/artenosul\/category\/artes-visuais\/"},"img":{"alt_text":"","src":"https:\/\/i0.wp.com\/wp.ufpel.edu.br\/artenosul\/files\/2025\/02\/Nova-Tentativa.jpg?resize=350%2C200&ssl=1","width":350,"height":200,"srcset":"https:\/\/i0.wp.com\/wp.ufpel.edu.br\/artenosul\/files\/2025\/02\/Nova-Tentativa.jpg?resize=350%2C200&ssl=1 1x, https:\/\/i0.wp.com\/wp.ufpel.edu.br\/artenosul\/files\/2025\/02\/Nova-Tentativa.jpg?resize=525%2C300&ssl=1 1.5x"},"classes":[]},{"id":28932,"url":"https:\/\/wp.ufpel.edu.br\/artenosul\/2025\/05\/13\/horroroso-mas-nem-tanto-o-olhar-de-rafael-sica-para-a-urbanidade\/","url_meta":{"origin":12852,"position":4},"title":"Horroroso, mas nem tanto: o olhar de Rafael Sica para a urbanidade","author":"artenosul","date":"13 de maio de 2025","format":false,"excerpt":"Com tra\u00e7o expressivo e humor mordaz, quadrinista pelotense lan\u00e7a guia ilustrado de uma cidade fict\u00edcia que espelha a realidade\u00a0 \u00a0 \u00a0 \u00a0\u00a0 \u00a0Por Larissa Duarte\u00a0 \u00a0 \u00a0 \u00a0 \u00a0 \u00a0 \u00a0 \u00a0 Em mar\u00e7o deste ano, o quadrinista pelotense Rafael Sica lan\u00e7ou nacionalmente sua nova obra: \u201cEstive em Horroroso e\u2026","rel":"","context":"Em &quot;ARTES VISUAIS&quot;","block_context":{"text":"ARTES VISUAIS","link":"https:\/\/wp.ufpel.edu.br\/artenosul\/category\/artes-visuais\/"},"img":{"alt_text":"","src":"https:\/\/i0.wp.com\/wp.ufpel.edu.br\/artenosul\/files\/2025\/05\/FOTO-REPORTAGEM-4.jpg?resize=350%2C200&ssl=1","width":350,"height":200,"srcset":"https:\/\/i0.wp.com\/wp.ufpel.edu.br\/artenosul\/files\/2025\/05\/FOTO-REPORTAGEM-4.jpg?resize=350%2C200&ssl=1 1x, https:\/\/i0.wp.com\/wp.ufpel.edu.br\/artenosul\/files\/2025\/05\/FOTO-REPORTAGEM-4.jpg?resize=525%2C300&ssl=1 1.5x, https:\/\/i0.wp.com\/wp.ufpel.edu.br\/artenosul\/files\/2025\/05\/FOTO-REPORTAGEM-4.jpg?resize=700%2C400&ssl=1 2x, https:\/\/i0.wp.com\/wp.ufpel.edu.br\/artenosul\/files\/2025\/05\/FOTO-REPORTAGEM-4.jpg?resize=1050%2C600&ssl=1 3x, https:\/\/i0.wp.com\/wp.ufpel.edu.br\/artenosul\/files\/2025\/05\/FOTO-REPORTAGEM-4.jpg?resize=1400%2C800&ssl=1 4x"},"classes":[]},{"id":9147,"url":"https:\/\/wp.ufpel.edu.br\/artenosul\/2021\/04\/19\/minisserie-expoe-feridas-raciais\/","url_meta":{"origin":12852,"position":5},"title":"Miniss\u00e9rie exp\u00f5e feridas raciais","author":"artenosul","date":"19 de abril de 2021","format":false,"excerpt":"Por Nathalia Farias Hist\u00f3ria retoma quest\u00f5es antigas que continuam mais vivas do que nunca A quest\u00e3o racial nos Estados Unidos deve ser um dos temas principais de \u201cFalc\u00e3o e o Soldado Invernal\u201d (\u201cThe Falcon and the Winter Soldier\u201d), a miniss\u00e9rie criada para o Disney+ por Malcolm Spellman, baseada nos personagens\u2026","rel":"","context":"Em &quot;CINEMA&quot;","block_context":{"text":"CINEMA","link":"https:\/\/wp.ufpel.edu.br\/artenosul\/category\/cinema\/"},"img":{"alt_text":"","src":"https:\/\/i0.wp.com\/wp.ufpel.edu.br\/artenosul\/files\/2021\/04\/falcao-e-o-soldado-invernal-divulgacao.jpg?resize=350%2C200&ssl=1","width":350,"height":200,"srcset":"https:\/\/i0.wp.com\/wp.ufpel.edu.br\/artenosul\/files\/2021\/04\/falcao-e-o-soldado-invernal-divulgacao.jpg?resize=350%2C200&ssl=1 1x, https:\/\/i0.wp.com\/wp.ufpel.edu.br\/artenosul\/files\/2021\/04\/falcao-e-o-soldado-invernal-divulgacao.jpg?resize=525%2C300&ssl=1 1.5x, https:\/\/i0.wp.com\/wp.ufpel.edu.br\/artenosul\/files\/2021\/04\/falcao-e-o-soldado-invernal-divulgacao.jpg?resize=700%2C400&ssl=1 2x, https:\/\/i0.wp.com\/wp.ufpel.edu.br\/artenosul\/files\/2021\/04\/falcao-e-o-soldado-invernal-divulgacao.jpg?resize=1050%2C600&ssl=1 3x"},"classes":[]}],"_links":{"self":[{"href":"https:\/\/wp.ufpel.edu.br\/artenosul\/wp-json\/wp\/v2\/posts\/12852","targetHints":{"allow":["GET"]}}],"collection":[{"href":"https:\/\/wp.ufpel.edu.br\/artenosul\/wp-json\/wp\/v2\/posts"}],"about":[{"href":"https:\/\/wp.ufpel.edu.br\/artenosul\/wp-json\/wp\/v2\/types\/post"}],"author":[{"embeddable":true,"href":"https:\/\/wp.ufpel.edu.br\/artenosul\/wp-json\/wp\/v2\/users\/571"}],"replies":[{"embeddable":true,"href":"https:\/\/wp.ufpel.edu.br\/artenosul\/wp-json\/wp\/v2\/comments?post=12852"}],"version-history":[{"count":11,"href":"https:\/\/wp.ufpel.edu.br\/artenosul\/wp-json\/wp\/v2\/posts\/12852\/revisions"}],"predecessor-version":[{"id":12868,"href":"https:\/\/wp.ufpel.edu.br\/artenosul\/wp-json\/wp\/v2\/posts\/12852\/revisions\/12868"}],"wp:featuredmedia":[{"embeddable":true,"href":"https:\/\/wp.ufpel.edu.br\/artenosul\/wp-json\/wp\/v2\/media\/12860"}],"wp:attachment":[{"href":"https:\/\/wp.ufpel.edu.br\/artenosul\/wp-json\/wp\/v2\/media?parent=12852"}],"wp:term":[{"taxonomy":"category","embeddable":true,"href":"https:\/\/wp.ufpel.edu.br\/artenosul\/wp-json\/wp\/v2\/categories?post=12852"},{"taxonomy":"post_tag","embeddable":true,"href":"https:\/\/wp.ufpel.edu.br\/artenosul\/wp-json\/wp\/v2\/tags?post=12852"}],"curies":[{"name":"wp","href":"https:\/\/api.w.org\/{rel}","templated":true}]}}