{"id":124,"date":"2015-10-11T13:48:38","date_gmt":"2015-10-11T16:48:38","guid":{"rendered":"https:\/\/wp.ufpel.edu.br\/artenosul\/?p=124"},"modified":"2015-10-11T20:11:04","modified_gmt":"2015-10-11T23:11:04","slug":"matt-deharp-de-paris-para-o-mundo","status":"publish","type":"post","link":"https:\/\/wp.ufpel.edu.br\/artenosul\/2015\/10\/11\/matt-deharp-de-paris-para-o-mundo\/","title":{"rendered":"Matt DeHarp: de Paris para o mundo"},"content":{"rendered":"<h4 style=\"text-align: justify\">Reportagem de<strong>\u00a0Isabelle Domingues<\/strong> &#8211;<\/h4>\n<h4 style=\"text-align: justify\">Ap\u00f3s viajar por diversos pa\u00edses da Europa e America do Sul, o m\u00fasico franc\u00eas escolheu Pelotas como seu novo lar e trouxe na mala, o melhor da m\u00fasica francesa, blues e folk.<\/h4>\n<h4 style=\"text-align: justify\">Voc\u00ea alguma vez j\u00e1 teve vontade de largar tudo para o alto e se aventurar estrada a fora? \u00c9 preciso coragem e atitude, n\u00e3o \u00e9 mesmo? Pois isso tudo, somado a uma boa dose de talento, s\u00e3o os ingredientes que qualificam o m\u00fasico franc\u00eas Matt DeHarp. Durante 20 anos ele se aventurou pelo continente europeu e desembarcou no Brasil, escolhendo a cidade de Pelotas como sua nova morada.<\/h4>\n<h4 style=\"text-align: justify\">Desde que deixou a terra natal e deu in\u00edcio \u00e0 sua jornada, o artista j\u00e1 passou pela Rep\u00fablica Tcheca, Su\u00e9cia, Espanha, Alemanha e por alguns pa\u00edses sul-americanos, como Argentina e Col\u00f4mbia. Trabalhou com diversos grupos musicais, dentre eles o Tow Dollar Bash, estabelecendo grandes parcerias. Na companhia de seu viol\u00e3o e tendo como fiel escudeira a paix\u00e3o pela m\u00fasica, o artista n\u00e3o exita em estar sempre aprimorando seu trabalho e pesquisando diferentes sonoridades .\u00a0 No repert\u00f3rio, o melhor da m\u00fasica francesa, blues, folk e country figuram dentre os seus prediletos. Recentemente, sua mais nova aposta \u00e9 o Cajun, estilo musical originado no sudoeste de Louisiana, nos Estados Unidos. Por\u00e9m, engana-se quem pensa que a m\u00fasica de nosso pa\u00eds fica de fora. O artista revela gostar de m\u00fasica brasileira e estar escutando muito forr\u00f3 e os sucessos de Luiz Gonzaga.<\/h4>\n<h4 style=\"text-align: justify\">No Brasil, sua chegada foi em 2012. Esteve em S\u00e3o Paulo, Porto Alegre e, mais tarde, encontrou a base de que precisava aqui, na cidade do doce. Estudioso da hist\u00f3ria do Rio Grande do Sul, acredita que Pelotas possui muito potencial e que tem tudo para ser uma cidade modelo. Adepto a uma filosofia mais naturalista, procura viver em sintonia com o meio ambiente. Quando n\u00e3o est\u00e1 se apresentando, tenta usufruir o m\u00e1ximo de seu tempo livre com a \u201cbioconstru\u00e7\u00e3o\u201d, num projeto batizado de \u201cCasa da \u00c1rvore\u201d. Seu objetivo \u00e9 cultivar a jardinagem, plantar e colher o alimento que consome, desvinculando-se do modo de vida capitalista das grandes metr\u00f3poles. No entanto, admite n\u00e3o ser tarefa f\u00e1cil.<\/h4>\n<div id=\"attachment_125\" style=\"width: 239px\" class=\"wp-caption alignright\"><a href=\"https:\/\/wp.ufpel.edu.br\/artenosul\/files\/2015\/10\/Foto1Isabelle.jpg\"><img loading=\"lazy\" decoding=\"async\" aria-describedby=\"caption-attachment-125\" class=\"size-medium wp-image-125\" src=\"https:\/\/wp.ufpel.edu.br\/artenosul\/files\/2015\/10\/Foto1Isabelle-239x318.jpg\" alt=\"DeHarp vincula a m\u00fasica a um modo naturalista de viver\" width=\"239\" height=\"318\" srcset=\"https:\/\/wp.ufpel.edu.br\/artenosul\/files\/2015\/10\/Foto1Isabelle-239x318.jpg 239w, https:\/\/wp.ufpel.edu.br\/artenosul\/files\/2015\/10\/Foto1Isabelle-119x159.jpg 119w, https:\/\/wp.ufpel.edu.br\/artenosul\/files\/2015\/10\/Foto1Isabelle.jpg 334w\" sizes=\"auto, (max-width: 239px) 100vw, 239px\" \/><\/a><p id=\"caption-attachment-125\" class=\"wp-caption-text\">DeHarp vincula a m\u00fasica a um modo naturalista de viver<\/p><\/div>\n<h4 style=\"text-align: justify\">Para o futuro, DeHarp pretende continuar viajando por todo Brasil e outros paises da Am\u00e9rica, mas, em seguida, voltar ao seu porto seguro. Um lugar mais tranquilo onde possa descansar, n\u00e3o descartando ser Pelotas. Um artista sem amarras, de espirito livre e destemido que faz do mundo o seu quintal. O seu desejo? Continuar tocando e vivendo, sobrevivendo, diz ele. Um recado para seu p\u00fablico: -\u201c que todos os sentimentos que est\u00e3o contidos nessas can\u00e7\u00f5es possam sobrepassar a barreira da linguagem. \u00c9 o que quero passar e acho que o Brasil sabe.\u201d<\/h4>\n<h4 style=\"text-align: justify\">Matt DeHarp tem uma p\u00e1gina no <strong><a href=\"https:\/\/www.facebook.com\/matt.deharp\">Facebook<\/a><\/strong>, um <strong><a href=\"https:\/\/mattdeharp.bandcamp.com\">site com suas m\u00fasicas<\/a><\/strong> e outro com seus <strong><a href=\"http:\/\/mattdeharp.wix.com\/mattdeharp#!concerts\/cnnz\">shows<\/a><\/strong>.<\/h4>\n<p>&nbsp;<\/p>\n<h4><strong><a href=\"https:\/\/wp.ufpel.edu.br\/artenosul\">PRIMEIRA P\u00c1GINA<\/a><\/strong><\/h4>\n<p>&nbsp;<\/p>\n<div data-test='contact-form'\n\t\t\tid='contact-form-124'\n\t\t\tclass='wp-block-jetpack-contact-form-container '\n\t\t\tdata-wp-interactive='jetpack\/form' data-wp-context='{\"formId\":\"124\",\"formHash\":\"bcf19ffd0f758ddf9724d693f83e79edeb45bdfc\",\"showErrors\":false,\"errors\":[],\"fields\":[],\"isMultiStep\":false,\"useAjax\":true,\"submissionData\":null,\"formattedSubmissionData\":[],\"submissionSuccess\":false,\"submissionError\":null,\"elementId\":\"jp-form-bcf19ffd0f758ddf9724d693f83e79edeb45bdfc\",\"isSingleInputForm\":false}'\n\t\t\tdata-wp-watch--scroll-to-wrapper=\"callbacks.scrollToWrapper\"\n\t\t>\n<div class=\"contact-form-submission contact-form-ajax-submission\" data-wp-class--submission-success=\"context.submissionSuccess\"><p class=\"go-back-message\"><a class=\"link\" role=\"button\" tabindex=\"0\" data-wp-on--click=\"actions.goBack\" href=\"\/artenosul\/wp-json\/wp\/v2\/posts\/124\">Voltar<\/a><\/p><h4 id=\"contact-form-success-header\">Sua mensagem foi enviada<\/h4>\n\n<template data-wp-each--submission=\"context.formattedSubmissionData\">\n\t\t\t\t\t<div class=\"jetpack_forms_contact-form-success-summary\">\n\t\t\t\t\t\t<div class=\"field-name\" data-wp-text=\"context.submission.label\" data-wp-bind--hidden=\"!context.submission.label\"><\/div>\n\t\t\t\t\t\t<div class=\"field-value\" data-wp-text=\"context.submission.value\"><\/div>\n\t\t\t\t\t\t<div class=\"field-images\" data-wp-bind--hidden=\"!context.submission.images\">\n\t\t\t\t\t\t\t<template data-wp-each--image=\"context.submission.images\">\n\t\t\t\t\t\t\t\t<figure class=\"field-image\" data-wp-class--is-empty=\"!context.image\">\n\t\t\t\t\t\t\t\t\t<img data-wp-bind--src=\"context.image\" data-wp-bind--hidden=\"!context.image\" \/>\n\t\t\t\t\t\t\t\t\t<img decoding=\"async\" src=\"data:image\/gif;base64,R0lGODlhAQABAAD\/ACwAAAAAAQABAAACADs=\" data-wp-bind--hidden=\"context.image\" \/>\n\t\t\t\t\t\t\t\t<\/figure>\n\t\t\t\t\t\t\t<\/template>\n\t\t\t\t\t\t<\/div>\n\t\t\t\t\t<\/div>\n\t\t\t\t<\/template><\/div><form action='https:\/\/wp.ufpel.edu.br\/artenosul\/2015\/10\/11\/matt-deharp-de-paris-para-o-mundo\/'\n\t\t\t\tid='jp-form-bcf19ffd0f758ddf9724d693f83e79edeb45bdfc'\n\t\t\t\tmethod='post'\n\t\t\t\tclass='contact-form commentsblock' aria-label=\"Matt DeHarp: de Paris para o mundo\"\n\t\t\t\tdata-wp-on--submit=\"actions.onFormSubmit\"\n\t\t\t\tdata-wp-on--reset=\"actions.onFormReset\"\n\t\t\t\tdata-wp-class--submission-success=\"context.submissionSuccess\"\n\t\t\t\tdata-wp-class--is-first-step=\"state.isFirstStep\"\n\t\t\t\tdata-wp-class--is-last-step=\"state.isLastStep\"\n\t\t\t\tdata-wp-class--is-ajax-form=\"context.useAjax\"\n\t\t\t\tnovalidate >\n<input type='hidden' name='jetpack_contact_form_jwt' value='eyJ0eXAiOiJKV1QiLCJhbGciOiJIUzI1NiJ9.eyJlbmNyeXB0ZWRfYXR0cmlidXRlcyI6Ikh2QmRGeHlxRCtnWERpcjJleGtQTEE1L2ppOWFIYUgzdjJUZFpGb2Z6VlJrVkYrMU1velFwdi9DcDB3eGVMOHdlZlJ5ZFZHMm1RaE5ZMEV1eWYwcjQyRERsQVphSUU5T0JWWVBXdVg1ZXpaWlRDYzlQUGd1cjdxZVo2NllMbXBQRThMTDNidDBBS3BFUUFKUEt1RXJpcGowS0pqYUlWK2RaalByWlQ3dEJTUUsyL0Vab3NlVUU1YkUrcDY0WXUxeTFXNitWTXp4Y014L0N1eXhrM2M2TkVXK091WWcrclZzN3FCbGJRM3E3TWZSUlhlMzRuTTFXRUwzUkV6Q1N0T2xHREpHZUd6VnYySWRTdXlZaFNiakpIdGVaZk9vQjRyaGUyL3N2UW5xdW9lRnUwZ240UktVL2FiWGo1b1hUL09JWGJWNElWLzBIVmprTE1Ybmo3S2QzRWhTVGZRSWJuajBSeTZaMkxvNDRJc0ozaXh2U0hMdmpuTFlsZkNRRE9HdUw0ay83alhnWEd5cmxSVXN2c0xBTnZiM1JqZ0srTjFoN1BEazVNbG1iYno5c0hqNkdDNkZNNEttZ2x5TXVjQktnS01TRnJtamt2cU4vd0tQeDk4QUwwMHdtdHNTazl5RnpBYWlXUjlKdUNpU2hqaCtPY2hsNElqRzBEZXhYTWxpbmJrenJOc2dPTWcvaVJsMnhFdjNOR01BWjVwK25hUDJBdEdSZXREMnpxU2w1WTE4dHJYZTNsNUxGN29iOENrSWsrMVdSS0VmQjJXampWY3ppa2tMNEtSdGpnRjJhQWVJMGk4N0xrME9xQnEzSEJIZFVoc3U2OUFDeUw4MUhaSWtkOWZuUGFVRzl4WUFPU2NxTG9qZ0d4Tk9BNzNOMlVyQzRnbVBJdFN3bnZGNG82dzU3M04yWFJZQ0k0K0dSRHBkK3UvbithTm5HdkRNbWw2NmpXNHdpbEFZenUxSkJlQTZwR1psMjNtQ2dOWGtZTXYwM2ttYW5GRlY0cm12alVjL2NJWVNaK3BQZXowUk1hSFJkZFBHUzFBYjZRZGkzM3FHOHZSOHk5b0cycGxCRGQ4dHVlb3g5Z1VQdThrOHdKcnJyVFpTOE1jRUd0TFVTbWNCWXM5bFFMdVQwOHM1dlFYLzBOQ2YzRzRHRjFmWlNNR1MzdHVuSFpiYnl2WGZpT0JLSnZmQUozU0duVWpFIiwiY29udGVudCI6Iltjb250YWN0LWZpZWxkIGxhYmVsPSdOb21lJyB0eXBlPSduYW1lJyByZXF1aXJlZD0nMScvXVtjb250YWN0LWZpZWxkIGxhYmVsPSdFbWFpbCcgdHlwZT0nZW1haWwnIHJlcXVpcmVkPScxJy9dW2NvbnRhY3QtZmllbGQgbGFiZWw9J0NvbWVudFx1MDBlMXJpbycgdHlwZT0ndGV4dGFyZWEnL10iLCJoYXNoIjoiYmNmMTlmZmQwZjc1OGRkZjk3MjRkNjkzZjgzZTc5ZWRlYjQ1YmRmYyIsInNvdXJjZSI6eyJlbnRyeV90aXRsZSI6Ik1hdHQgRGVIYXJwOiBkZSBQYXJpcyBwYXJhIG8gbXVuZG8iLCJlbnRyeV9wYWdlIjoxLCJzb3VyY2VfaWQiOjEyNCwic291cmNlX3R5cGUiOiJzaW5nbGUiLCJyZXF1ZXN0X3VybCI6Imh0dHBzOi8vd3AudWZwZWwuZWR1LmJyL2FydGVub3N1bC93cC1qc29uL3dwL3YyL3Bvc3RzLzEyNCJ9LCJ2ZXJzaW9uIjoyLCJjaXBoZXIiOiJhZXMtMjU2LWdjbSJ9.vg7mGBGNA4N6Pef_jX8f0nvwKiU0y1M4eMKS70RClsk' \/>\n\n<div style=\"\"  data-wp-interactive=\"jetpack\/form\" data-wp-context='{\"fieldId\":\"g124-nome\",\"fieldType\":\"name\",\"fieldLabel\":\"Nome\",\"fieldValue\":\"\",\"fieldPlaceholder\":\"\",\"fieldIsRequired\":\"1\",\"fieldErrorMessage\":\"\",\"fieldExtra\":[],\"formHash\":\"bcf19ffd0f758ddf9724d693f83e79edeb45bdfc\"}'  class='grunion-field-name-wrap grunion-field-wrap'  data-wp-init='callbacks.initializeField' data-wp-on--jetpack-form-reset='callbacks.initializeField' >\n<label\n\t\t\t\tfor='g124-nome' class=\"grunion-field-label name\" >Nome<span class=\"grunion-label-required\" aria-hidden=\"true\">(obrigat\u00f3rio)<\/span><\/label>\n<input\n\t\t\t\t\ttype='text'\n\t\t\t\t\tname='g124-nome'\n\t\t\t\t\tid='g124-nome'\n\t\t\t\t\tvalue=''\n\n\t\t\t\t\tdata-wp-bind--aria-invalid='state.fieldHasErrors'\n\t\t\t\t\tdata-wp-bind--value='state.getFieldValue'\n\t\t\t\t\taria-errormessage='g124-nome-text-error-message'\n\t\t\t\t\tdata-wp-on--input='actions.onFieldChange'\n\t\t\t\t\tdata-wp-on--blur='actions.onFieldBlur'\n\t\t\t\t\tdata-wp-class--has-value='state.hasFieldValue'\n\n\t\t\t\t\tclass='name  grunion-field' \n\t\t\t\t\trequired='true' aria-required='true'  \/>\n \n\t\t\t<div id=\"g124-nome-text-error\" class=\"contact-form__input-error\" data-wp-class--has-errors=\"state.fieldHasErrors\">\n\t\t\t\t<span class=\"contact-form__warning-icon\">\n\t\t\t\t\t<svg width=\"16\" height=\"16\" viewBox=\"0 0 16 16\" fill=\"none\" xmlns=\"http:\/\/www.w3.org\/2000\/svg\">\n\t\t\t\t\t\t<path d=\"M8.50015 11.6402H7.50015V10.6402H8.50015V11.6402Z\" \/>\n\t\t\t\t\t\t<path d=\"M7.50015 9.64018H8.50015V6.30684H7.50015V9.64018Z\" \/>\n\t\t\t\t\t\t<path fill-rule=\"evenodd\" clip-rule=\"evenodd\" d=\"M6.98331 3.0947C7.42933 2.30177 8.57096 2.30177 9.01698 3.09469L13.8771 11.7349C14.3145 12.5126 13.7525 13.4735 12.8602 13.4735H3.14004C2.24774 13.4735 1.68575 12.5126 2.12321 11.7349L6.98331 3.0947ZM8.14541 3.58496C8.08169 3.47168 7.9186 3.47168 7.85488 3.58496L2.99478 12.2251C2.93229 12.3362 3.01257 12.4735 3.14004 12.4735H12.8602C12.9877 12.4735 13.068 12.3362 13.0055 12.2251L8.14541 3.58496Z\" \/>\n\t\t\t\t\t<\/svg>\n\t\t\t\t\t<span class=\"visually-hidden\">Aviso<\/span>\n\t\t\t\t<\/span>\n\t\t\t\t<span data-wp-text=\"state.errorMessage\" id=\"g124-nome-text-error-message\" role=\"alert\" aria-live=\"assertive\"><\/span>\n\t\t\t<\/div> \n\t<\/div>\n\n<div style=\"\"  data-wp-interactive=\"jetpack\/form\" data-wp-context='{\"fieldId\":\"g124-email\",\"fieldType\":\"email\",\"fieldLabel\":\"Email\",\"fieldValue\":\"\",\"fieldPlaceholder\":\"\",\"fieldIsRequired\":\"1\",\"fieldErrorMessage\":\"\",\"fieldExtra\":[],\"formHash\":\"bcf19ffd0f758ddf9724d693f83e79edeb45bdfc\"}'  class='grunion-field-email-wrap grunion-field-wrap'  data-wp-init='callbacks.initializeField' data-wp-on--jetpack-form-reset='callbacks.initializeField' >\n<label\n\t\t\t\tfor='g124-email' class=\"grunion-field-label email\" >Email<span class=\"grunion-label-required\" aria-hidden=\"true\">(obrigat\u00f3rio)<\/span><\/label>\n<input\n\t\t\t\t\ttype='email'\n\t\t\t\t\tname='g124-email'\n\t\t\t\t\tid='g124-email'\n\t\t\t\t\tvalue=''\n\n\t\t\t\t\tdata-wp-bind--aria-invalid='state.fieldHasErrors'\n\t\t\t\t\tdata-wp-bind--value='state.getFieldValue'\n\t\t\t\t\taria-errormessage='g124-email-email-error-message'\n\t\t\t\t\tdata-wp-on--input='actions.onFieldChange'\n\t\t\t\t\tdata-wp-on--blur='actions.onFieldBlur'\n\t\t\t\t\tdata-wp-class--has-value='state.hasFieldValue'\n\n\t\t\t\t\tclass='email  grunion-field' \n\t\t\t\t\trequired='true' aria-required='true'  \/>\n \n\t\t\t<div id=\"g124-email-email-error\" class=\"contact-form__input-error\" data-wp-class--has-errors=\"state.fieldHasErrors\">\n\t\t\t\t<span class=\"contact-form__warning-icon\">\n\t\t\t\t\t<svg width=\"16\" height=\"16\" viewBox=\"0 0 16 16\" fill=\"none\" xmlns=\"http:\/\/www.w3.org\/2000\/svg\">\n\t\t\t\t\t\t<path d=\"M8.50015 11.6402H7.50015V10.6402H8.50015V11.6402Z\" \/>\n\t\t\t\t\t\t<path d=\"M7.50015 9.64018H8.50015V6.30684H7.50015V9.64018Z\" \/>\n\t\t\t\t\t\t<path fill-rule=\"evenodd\" clip-rule=\"evenodd\" d=\"M6.98331 3.0947C7.42933 2.30177 8.57096 2.30177 9.01698 3.09469L13.8771 11.7349C14.3145 12.5126 13.7525 13.4735 12.8602 13.4735H3.14004C2.24774 13.4735 1.68575 12.5126 2.12321 11.7349L6.98331 3.0947ZM8.14541 3.58496C8.08169 3.47168 7.9186 3.47168 7.85488 3.58496L2.99478 12.2251C2.93229 12.3362 3.01257 12.4735 3.14004 12.4735H12.8602C12.9877 12.4735 13.068 12.3362 13.0055 12.2251L8.14541 3.58496Z\" \/>\n\t\t\t\t\t<\/svg>\n\t\t\t\t\t<span class=\"visually-hidden\">Aviso<\/span>\n\t\t\t\t<\/span>\n\t\t\t\t<span data-wp-text=\"state.errorMessage\" id=\"g124-email-email-error-message\" role=\"alert\" aria-live=\"assertive\"><\/span>\n\t\t\t<\/div> \n\t<\/div>\n\n<div style=\"\"  data-wp-interactive=\"jetpack\/form\" data-wp-context='{\"fieldId\":\"g124-comentrio\",\"fieldType\":\"textarea\",\"fieldLabel\":\"Coment\\u00e1rio\",\"fieldValue\":\"\",\"fieldPlaceholder\":\"\",\"fieldIsRequired\":\"\",\"fieldErrorMessage\":\"\",\"fieldExtra\":[],\"formHash\":\"bcf19ffd0f758ddf9724d693f83e79edeb45bdfc\"}'  class='grunion-field-textarea-wrap grunion-field-wrap'  data-wp-init='callbacks.initializeField' data-wp-on--jetpack-form-reset='callbacks.initializeField' >\n<label\n\t\t\t\tfor='contact-form-comment-g124-comentrio' class=\"grunion-field-label textarea\" >Coment\u00e1rio<\/label>\n<textarea\n\t\t                style=''\n\t\t                name='g124-comentrio'\n\t\t                id='contact-form-comment-g124-comentrio'\n\t\t                rows='20'\n\t\t\t\t\t\tdata-wp-text='state.getFieldValue'\n\t\t\t\t\t\tdata-wp-on--input='actions.onFieldChange'\n\t\t\t\t\t\tdata-wp-on--blur='actions.onFieldBlur'\n\t\t\t\t\t\tdata-wp-class--has-value='state.hasFieldValue'\n\t\t\t\t\t\tdata-wp-bind--aria-invalid='state.fieldHasErrors'\n\t\t\t\t\t\taria-errormessage='g124-comentrio-textarea-error-message'\n\t\t\t\t\t\tclass='textarea  grunion-field'  ><\/textarea>\n \n\t\t\t<div id=\"g124-comentrio-textarea-error\" class=\"contact-form__input-error\" data-wp-class--has-errors=\"state.fieldHasErrors\">\n\t\t\t\t<span class=\"contact-form__warning-icon\">\n\t\t\t\t\t<svg width=\"16\" height=\"16\" viewBox=\"0 0 16 16\" fill=\"none\" xmlns=\"http:\/\/www.w3.org\/2000\/svg\">\n\t\t\t\t\t\t<path d=\"M8.50015 11.6402H7.50015V10.6402H8.50015V11.6402Z\" \/>\n\t\t\t\t\t\t<path d=\"M7.50015 9.64018H8.50015V6.30684H7.50015V9.64018Z\" \/>\n\t\t\t\t\t\t<path fill-rule=\"evenodd\" clip-rule=\"evenodd\" d=\"M6.98331 3.0947C7.42933 2.30177 8.57096 2.30177 9.01698 3.09469L13.8771 11.7349C14.3145 12.5126 13.7525 13.4735 12.8602 13.4735H3.14004C2.24774 13.4735 1.68575 12.5126 2.12321 11.7349L6.98331 3.0947ZM8.14541 3.58496C8.08169 3.47168 7.9186 3.47168 7.85488 3.58496L2.99478 12.2251C2.93229 12.3362 3.01257 12.4735 3.14004 12.4735H12.8602C12.9877 12.4735 13.068 12.3362 13.0055 12.2251L8.14541 3.58496Z\" \/>\n\t\t\t\t\t<\/svg>\n\t\t\t\t\t<span class=\"visually-hidden\">Aviso<\/span>\n\t\t\t\t<\/span>\n\t\t\t\t<span data-wp-text=\"state.errorMessage\" id=\"g124-comentrio-textarea-error-message\" role=\"alert\" aria-live=\"assertive\"><\/span>\n\t\t\t<\/div>\n\t<\/div>\n\t<p class='contact-submit'>\n<div class=\"contact-form__error\" data-wp-class--show-errors=\"state.showFormErrors\"><span class=\"contact-form__warning-icon\"><span class=\"visually-hidden\">Aten\u00e7\u00e3o.<\/span><i aria-hidden=\"true\"><\/i><\/span>\n\t\t\t\t<span data-wp-text=\"state.getFormErrorMessage\"><\/span>\n\t\t\t\t<ul>\n\t\t\t\t<template data-wp-each=\"state.getErrorList\" data-wp-key=\"context.item.id\">\n\t\t\t\t\t<li><a data-wp-bind--href=\"context.item.anchor\" data-wp-on--click=\"actions.scrollIntoView\" data-wp-text=\"context.item.label\"><\/a><\/li>\n\t\t\t\t<\/template>\n\t\t\t\t<\/ul><\/div><div class=\"contact-form__error\" data-wp-class--show-errors=\"state.showSubmissionError\" data-wp-text=\"context.submissionError\"><\/div>\t\t<button type='submit' class='pushbutton-wide'>Enviar<\/button>\t\t<input type='hidden' name='contact-form-id' value='124' \/>\n\t\t<input type='hidden' name='action' value='grunion-contact-form' \/>\n\t\t<input type='hidden' name='contact-form-hash' value='bcf19ffd0f758ddf9724d693f83e79edeb45bdfc' \/>\n\t<\/p>\n<p style=\"display: none !important;\" class=\"akismet-fields-container\" data-prefix=\"ak_\"><label>&#916;<textarea name=\"ak_hp_textarea\" cols=\"45\" rows=\"8\" maxlength=\"100\"><\/textarea><\/label><input type=\"hidden\" id=\"ak_js_1\" name=\"ak_js\" value=\"99\"\/><script>document.getElementById( \"ak_js_1\" ).setAttribute( \"value\", ( new Date() ).getTime() );<\/script><\/p><\/form>\n<\/div>\n","protected":false},"excerpt":{"rendered":"<p>Reportagem de\u00a0Isabelle Domingues &#8211; Ap\u00f3s viajar por diversos pa\u00edses da Europa e America do Sul, o m\u00fasico franc\u00eas escolheu Pelotas como seu novo lar e trouxe na mala, o melhor da m\u00fasica francesa, blues e folk. Voc\u00ea alguma vez j\u00e1 teve vontade de largar tudo para o alto e se aventurar estrada a fora? \u00c9 &hellip; <\/p>\n<p><a class=\"more-link btn\" href=\"https:\/\/wp.ufpel.edu.br\/artenosul\/2015\/10\/11\/matt-deharp-de-paris-para-o-mundo\/\">Continue lendo<\/a><\/p>\n","protected":false},"author":571,"featured_media":126,"comment_status":"closed","ping_status":"closed","sticky":false,"template":"","format":"standard","meta":{"jetpack_post_was_ever_published":false,"_jetpack_newsletter_access":"","_jetpack_dont_email_post_to_subs":false,"_jetpack_newsletter_tier_id":0,"_jetpack_memberships_contains_paywalled_content":false,"_jetpack_memberships_contains_paid_content":false,"footnotes":"","jetpack_publicize_message":"","jetpack_publicize_feature_enabled":true,"jetpack_social_post_already_shared":true,"jetpack_social_options":{"image_generator_settings":{"template":"highway","default_image_id":0,"font":"","enabled":false},"version":2}},"categories":[6,1],"tags":[26,28,27,25,7],"class_list":["post-124","post","type-post","status-publish","format-standard","has-post-thumbnail","hentry","category-musica","category-noticias","tag-blues","tag-country","tag-folk","tag-matt-deharp","tag-musica","nodate","item-wrap"],"jetpack_publicize_connections":[],"jetpack_featured_media_url":"https:\/\/wp.ufpel.edu.br\/artenosul\/files\/2015\/10\/Foto2IsabelleB.jpg","jetpack_sharing_enabled":true,"jetpack_likes_enabled":true,"jetpack_shortlink":"https:\/\/wp.me\/p6PuxQ-20","jetpack-related-posts":[{"id":6782,"url":"https:\/\/wp.ufpel.edu.br\/artenosul\/2017\/07\/08\/cenario-musical-de-blues-e-rock-predomina-nos-bares-pelotenses\/","url_meta":{"origin":124,"position":0},"title":"Cen\u00e1rio musical de blues e rock predomina nos bares pelotenses","author":"artenosul","date":"8 de julho de 2017","format":false,"excerpt":"\u00a0 Larissa Medeiros \u00a0\u00a0\u00a0\u00a0 Pelotas oferece um grande n\u00famero de bares e festas com shows not\u00e1veis. No que diz respeito a blues e outros g\u00eaneros musicais \u201cirm\u00e3os\u201d, al\u00e9m de vertentes como o rock, por exemplo, os shows fortalecem a cultura local. A maioria deles \u00e9 feita por artistas e grupos\u2026","rel":"","context":"Em &quot;M\u00daSICA&quot;","block_context":{"text":"M\u00daSICA","link":"https:\/\/wp.ufpel.edu.br\/artenosul\/category\/musica\/"},"img":{"alt_text":"","src":"https:\/\/i0.wp.com\/wp.ufpel.edu.br\/artenosul\/files\/2017\/07\/2.jpg?resize=350%2C200&ssl=1","width":350,"height":200,"srcset":"https:\/\/i0.wp.com\/wp.ufpel.edu.br\/artenosul\/files\/2017\/07\/2.jpg?resize=350%2C200&ssl=1 1x, https:\/\/i0.wp.com\/wp.ufpel.edu.br\/artenosul\/files\/2017\/07\/2.jpg?resize=525%2C300&ssl=1 1.5x, https:\/\/i0.wp.com\/wp.ufpel.edu.br\/artenosul\/files\/2017\/07\/2.jpg?resize=700%2C400&ssl=1 2x"},"classes":[]},{"id":7835,"url":"https:\/\/wp.ufpel.edu.br\/artenosul\/2017\/12\/06\/john-mayer-em-busca-de-tudo\/","url_meta":{"origin":124,"position":1},"title":"John Mayer: em busca de tudo","author":"artenosul","date":"6 de dezembro de 2017","format":false,"excerpt":"Jess\u00e9 Kr\u00fcger \u00a0\u00a0\u00a0\u00a0 O \u00e1lbum The Search for Everything, lan\u00e7ado em 14 de abril de 2017, marcou o retorno do m\u00fasico John Mayer depois de quatro anos sem produzir in\u00e9ditas. S\u00e3o 12 faixas nas quais o guitarrista, cantor e compositor viaja por suas diferentes vertentes musicais, fazendo um aparato de\u2026","rel":"","context":"Em &quot;M\u00daSICA&quot;","block_context":{"text":"M\u00daSICA","link":"https:\/\/wp.ufpel.edu.br\/artenosul\/category\/musica\/"},"img":{"alt_text":"","src":"https:\/\/i0.wp.com\/wp.ufpel.edu.br\/artenosul\/files\/2017\/12\/Foto-entre-7-e-8-par%C3%A1grafo-e1512572940441.jpg?resize=350%2C200&ssl=1","width":350,"height":200,"srcset":"https:\/\/i0.wp.com\/wp.ufpel.edu.br\/artenosul\/files\/2017\/12\/Foto-entre-7-e-8-par%C3%A1grafo-e1512572940441.jpg?resize=350%2C200&ssl=1 1x, https:\/\/i0.wp.com\/wp.ufpel.edu.br\/artenosul\/files\/2017\/12\/Foto-entre-7-e-8-par%C3%A1grafo-e1512572940441.jpg?resize=525%2C300&ssl=1 1.5x, https:\/\/i0.wp.com\/wp.ufpel.edu.br\/artenosul\/files\/2017\/12\/Foto-entre-7-e-8-par%C3%A1grafo-e1512572940441.jpg?resize=700%2C400&ssl=1 2x"},"classes":[]},{"id":345,"url":"https:\/\/wp.ufpel.edu.br\/artenosul\/2015\/11\/10\/gahuer-carrasco-a-luta-por-um-sonho\/","url_meta":{"origin":124,"position":2},"title":"Gahuer Carrasco: \u201cA luta por um sonho\u201d","author":"artenosul","date":"10 de novembro de 2015","format":false,"excerpt":"Reportagem de Isabelle Domingues - Gahuer Carrasco tem muito a comemorar. Completando 20 anos de estrada, carrega consigo a arte como sua fiel escudeira e pode contar com o orgulho e satisfa\u00e7\u00e3o de quem fez do mundo o seu quintal. Em meio \u00e0s comemora\u00e7\u00f5es, as grava\u00e7\u00f5es do CD e DVD\u2026","rel":"","context":"Em &quot;M\u00daSICA&quot;","block_context":{"text":"M\u00daSICA","link":"https:\/\/wp.ufpel.edu.br\/artenosul\/category\/musica\/"},"img":{"alt_text":"","src":"https:\/\/i0.wp.com\/wp.ufpel.edu.br\/artenosul\/files\/2015\/11\/Gauer6.jpg?resize=350%2C200&ssl=1","width":350,"height":200,"srcset":"https:\/\/i0.wp.com\/wp.ufpel.edu.br\/artenosul\/files\/2015\/11\/Gauer6.jpg?resize=350%2C200&ssl=1 1x, https:\/\/i0.wp.com\/wp.ufpel.edu.br\/artenosul\/files\/2015\/11\/Gauer6.jpg?resize=525%2C300&ssl=1 1.5x, https:\/\/i0.wp.com\/wp.ufpel.edu.br\/artenosul\/files\/2015\/11\/Gauer6.jpg?resize=700%2C400&ssl=1 2x"},"classes":[]},{"id":7995,"url":"https:\/\/wp.ufpel.edu.br\/artenosul\/2018\/02\/07\/cesar-lascano-do-samba-as-multiplas-referencias-musicais\/","url_meta":{"origin":124,"position":3},"title":"C\u00e9sar Lascano: do samba \u00e0s m\u00faltiplas refer\u00eancias musicais","author":"artenosul","date":"7 de fevereiro de 2018","format":false,"excerpt":"\u00a0 Larissa Teixeira Medeiros \u00a0 \u00a0 \u00a0Pelotas, 1990. Neste cen\u00e1rio, dia 20 de abril, nascia C\u00e9sar Eduardo Hasse Lascano, geralmente conhecido apenas por\u00a0\u00a0Lascano. Na divisa entre o Centro e o bairro Areal, o m\u00fasico, compositor e, agora, professor, tem vivido profundamente o Carnaval pelotense. Esse foi o ponto de partida\u2026","rel":"","context":"Em &quot;M\u00daSICA&quot;","block_context":{"text":"M\u00daSICA","link":"https:\/\/wp.ufpel.edu.br\/artenosul\/category\/musica\/"},"img":{"alt_text":"","src":"https:\/\/i0.wp.com\/wp.ufpel.edu.br\/artenosul\/files\/2018\/02\/Larissa1-e1518013065990.png?resize=350%2C200&ssl=1","width":350,"height":200,"srcset":"https:\/\/i0.wp.com\/wp.ufpel.edu.br\/artenosul\/files\/2018\/02\/Larissa1-e1518013065990.png?resize=350%2C200&ssl=1 1x, https:\/\/i0.wp.com\/wp.ufpel.edu.br\/artenosul\/files\/2018\/02\/Larissa1-e1518013065990.png?resize=525%2C300&ssl=1 1.5x"},"classes":[]},{"id":27858,"url":"https:\/\/wp.ufpel.edu.br\/artenosul\/2025\/02\/06\/orquestra-jovem-sesc-brasil-deixa-sua-marca-no-festival-internacional-de-musica-em-pelotas\/","url_meta":{"origin":124,"position":4},"title":"Orquestra Jovem Sesc Brasil deixa sua marca no Festival Internacional de M\u00fasica em Pelotas","author":"artenosul","date":"6 de fevereiro de 2025","format":false,"excerpt":"Evento encerrou na sexta, dia 31 de janeiro, e o grupo de 58 jovens musicistas ga\u00fachos e de nove estados brasileiros fez concerto dia 29, no Theatro Guarany\u00a0\u00a0\u00a0\u00a0 \u00a0 Por Lylian Santos\u00a0\u00a0\u00a0\u00a0\u00a0 \u00a0 \u00a0 At\u00e9 sexta-feira (31), Pelotas recebeu a 13\u00aa edi\u00e7\u00e3o do j\u00e1 tradicional Festival Internacional Sesc de M\u00fasica.\u2026","rel":"","context":"Em &quot;M\u00daSICA&quot;","block_context":{"text":"M\u00daSICA","link":"https:\/\/wp.ufpel.edu.br\/artenosul\/category\/musica\/"},"img":{"alt_text":"","src":"https:\/\/i0.wp.com\/wp.ufpel.edu.br\/artenosul\/files\/2025\/02\/1-1-scaled.jpg?resize=350%2C200&ssl=1","width":350,"height":200,"srcset":"https:\/\/i0.wp.com\/wp.ufpel.edu.br\/artenosul\/files\/2025\/02\/1-1-scaled.jpg?resize=350%2C200&ssl=1 1x, https:\/\/i0.wp.com\/wp.ufpel.edu.br\/artenosul\/files\/2025\/02\/1-1-scaled.jpg?resize=525%2C300&ssl=1 1.5x, https:\/\/i0.wp.com\/wp.ufpel.edu.br\/artenosul\/files\/2025\/02\/1-1-scaled.jpg?resize=700%2C400&ssl=1 2x, https:\/\/i0.wp.com\/wp.ufpel.edu.br\/artenosul\/files\/2025\/02\/1-1-scaled.jpg?resize=1050%2C600&ssl=1 3x, https:\/\/i0.wp.com\/wp.ufpel.edu.br\/artenosul\/files\/2025\/02\/1-1-scaled.jpg?resize=1400%2C800&ssl=1 4x"},"classes":[]},{"id":483,"url":"https:\/\/wp.ufpel.edu.br\/artenosul\/2015\/11\/26\/dupla-hermana-encanta-ruas-de-pelotas-com-sua-musica\/","url_meta":{"origin":124,"position":5},"title":"Dupla hermana encanta ruas de Pelotas com sua m\u00fasica","author":"artenosul","date":"26 de novembro de 2015","format":false,"excerpt":"Reportagem de Camila Mascarenhas \u2013 Um conglomerado de pessoas est\u00e1 reunido no cal\u00e7ad\u00e3o de Pelotas, em volta de uma dupla simp\u00e1tica. O jovem Facu, com uma pequena caixa de som e viol\u00e3o, e\u00a0Sol, uma mo\u00e7a\u00a0de boina estilo franc\u00eas e microfone na m\u00e3o. As can\u00e7\u00f5es de Ray Charles, misturadas com o\u2026","rel":"","context":"Em &quot;M\u00daSICA&quot;","block_context":{"text":"M\u00daSICA","link":"https:\/\/wp.ufpel.edu.br\/artenosul\/category\/musica\/"},"img":{"alt_text":"Facu e Sol vieram de Buenos Aires, apresentam covers  e experimentam suas primeiras composi\u00e7\u00f5es pr\u00f3prias        Foto de N\u00e1gila Rodrigues","src":"https:\/\/i0.wp.com\/wp.ufpel.edu.br\/artenosul\/files\/2015\/11\/CamilaFoto-1-N%C3%A1gila-Rodrigues-Aprensenta%C3%A7%C3%A3o-de-Facu-e-Sol-2-416x318.jpg?resize=350%2C200&ssl=1","width":350,"height":200,"srcset":"https:\/\/i0.wp.com\/wp.ufpel.edu.br\/artenosul\/files\/2015\/11\/CamilaFoto-1-N%C3%A1gila-Rodrigues-Aprensenta%C3%A7%C3%A3o-de-Facu-e-Sol-2-416x318.jpg?resize=350%2C200&ssl=1 1x, https:\/\/i0.wp.com\/wp.ufpel.edu.br\/artenosul\/files\/2015\/11\/CamilaFoto-1-N%C3%A1gila-Rodrigues-Aprensenta%C3%A7%C3%A3o-de-Facu-e-Sol-2-416x318.jpg?resize=525%2C300&ssl=1 1.5x, https:\/\/i0.wp.com\/wp.ufpel.edu.br\/artenosul\/files\/2015\/11\/CamilaFoto-1-N%C3%A1gila-Rodrigues-Aprensenta%C3%A7%C3%A3o-de-Facu-e-Sol-2-416x318.jpg?resize=700%2C400&ssl=1 2x"},"classes":[]}],"_links":{"self":[{"href":"https:\/\/wp.ufpel.edu.br\/artenosul\/wp-json\/wp\/v2\/posts\/124","targetHints":{"allow":["GET"]}}],"collection":[{"href":"https:\/\/wp.ufpel.edu.br\/artenosul\/wp-json\/wp\/v2\/posts"}],"about":[{"href":"https:\/\/wp.ufpel.edu.br\/artenosul\/wp-json\/wp\/v2\/types\/post"}],"author":[{"embeddable":true,"href":"https:\/\/wp.ufpel.edu.br\/artenosul\/wp-json\/wp\/v2\/users\/571"}],"replies":[{"embeddable":true,"href":"https:\/\/wp.ufpel.edu.br\/artenosul\/wp-json\/wp\/v2\/comments?post=124"}],"version-history":[{"count":1,"href":"https:\/\/wp.ufpel.edu.br\/artenosul\/wp-json\/wp\/v2\/posts\/124\/revisions"}],"predecessor-version":[{"id":127,"href":"https:\/\/wp.ufpel.edu.br\/artenosul\/wp-json\/wp\/v2\/posts\/124\/revisions\/127"}],"wp:featuredmedia":[{"embeddable":true,"href":"https:\/\/wp.ufpel.edu.br\/artenosul\/wp-json\/wp\/v2\/media\/126"}],"wp:attachment":[{"href":"https:\/\/wp.ufpel.edu.br\/artenosul\/wp-json\/wp\/v2\/media?parent=124"}],"wp:term":[{"taxonomy":"category","embeddable":true,"href":"https:\/\/wp.ufpel.edu.br\/artenosul\/wp-json\/wp\/v2\/categories?post=124"},{"taxonomy":"post_tag","embeddable":true,"href":"https:\/\/wp.ufpel.edu.br\/artenosul\/wp-json\/wp\/v2\/tags?post=124"}],"curies":[{"name":"wp","href":"https:\/\/api.w.org\/{rel}","templated":true}]}}