{"id":11913,"date":"2022-06-08T12:10:14","date_gmt":"2022-06-08T15:10:14","guid":{"rendered":"https:\/\/wp.ufpel.edu.br\/artenosul\/?p=11913"},"modified":"2022-06-08T12:10:14","modified_gmt":"2022-06-08T15:10:14","slug":"cangucu-sedia-geracao-e-distribuicao-da-chama-crioula-2022","status":"publish","type":"post","link":"https:\/\/wp.ufpel.edu.br\/artenosul\/2022\/06\/08\/cangucu-sedia-geracao-e-distribuicao-da-chama-crioula-2022\/","title":{"rendered":"Cangu\u00e7u sedia Gera\u00e7\u00e3o e Distribui\u00e7\u00e3o da Chama Crioula 2022"},"content":{"rendered":"<p style=\"text-align: right;\"><span style=\"color: #003366;\"><em><strong><span style=\"font-family: arial, helvetica, sans-serif;\">Por J\u00e9ssica Timm\u00a0\u00a0<\/span><\/strong><\/em><\/span><\/p>\n<p style=\"text-align: center;\"><span style=\"color: #003366;\"><em><strong><span style=\"font-family: arial, helvetica, sans-serif;\">Evento acontecer\u00e1 nos dias 12 e 13 de agosto na 21\u00aa Regi\u00e3o Tradicionalista<\/span><\/strong><\/em><\/span><\/p>\n<p>&nbsp;<\/p>\n<p style=\"text-align: justify;\"><span style=\"font-family: arial, helvetica, sans-serif;\">Na 73\u00aa Gera\u00e7\u00e3o e Distribui\u00e7\u00e3o da Chama Crioula do Rio Grande do Sul, o destino sede ser\u00e1 o munic\u00edpio de Cangu\u00e7u, 21\u00aa Regi\u00e3o Tradicionalista. Previsto para ocorrer nos dias 12 e 13 de agosto, o evento est\u00e1 sendo organizado pela Comiss\u00e3o Executiva de Evento e pelo Departamento de Cultura de Cangu\u00e7u.<\/span><\/p>\n<p style=\"text-align: justify;\"><span style=\"font-family: arial, helvetica, sans-serif;\">O acendimento da Chama Crioula, marco de abertura dos Festejos Farroupilhas no Rio Grande do Sul, percorre as principais regi\u00f5es tradicionalistas. \u00c9 carregada por grupos de cavaleiros, que espalham o fogo em s\u00edmbolo da coragem, a uni\u00e3o dos povos e o amor do ga\u00facho pela sua terra.<\/span><\/p>\n<div id=\"attachment_11915\" style=\"width: 617px\" class=\"wp-caption aligncenter\"><img loading=\"lazy\" decoding=\"async\" aria-describedby=\"caption-attachment-11915\" class=\" wp-image-11915\" src=\"https:\/\/wp.ufpel.edu.br\/artenosul\/files\/2022\/06\/Imagem2-1-500x334.jpg\" alt=\"\" width=\"617\" height=\"412\" srcset=\"https:\/\/wp.ufpel.edu.br\/artenosul\/files\/2022\/06\/Imagem2-1-500x334.jpg 500w, https:\/\/wp.ufpel.edu.br\/artenosul\/files\/2022\/06\/Imagem2-1-300x200.jpg 300w, https:\/\/wp.ufpel.edu.br\/artenosul\/files\/2022\/06\/Imagem2-1-768x512.jpg 768w, https:\/\/wp.ufpel.edu.br\/artenosul\/files\/2022\/06\/Imagem2-1-1536x1025.jpg 1536w, https:\/\/wp.ufpel.edu.br\/artenosul\/files\/2022\/06\/Imagem2-1-855x570.jpg 855w, https:\/\/wp.ufpel.edu.br\/artenosul\/files\/2022\/06\/Imagem2-1.jpg 2007w\" sizes=\"auto, (max-width: 617px) 100vw, 617px\" \/><p id=\"caption-attachment-11915\" class=\"wp-caption-text\"><span style=\"font-family: arial, helvetica, sans-serif;\"><strong><span style=\"color: #0000ff;\">Centelha da Chama Crioula chegando em 2019 em Cangu\u00e7u\u00a0 \u00a0 \u00a0 \u00a0 \u00a0 \u00a0 \u00a0 \u00a0Fotos: J\u00e9ssica Timm<\/span><\/strong><\/span><\/p><\/div>\n<p style=\"text-align: justify;\"><span style=\"font-family: arial, helvetica, sans-serif;\">Conforme informado pela coordenadora do Departamento de Cultura, Roberta Oliveira, a expectativa para a realiza\u00e7\u00e3o do evento de Gera\u00e7\u00e3o e Distribui\u00e7\u00e3o da Chama Crioula em Cangu\u00e7u \u00e9 grande, tendo em vista, que houve o seu adiamento por dois anos consecutivos, em 2020 e 2021, devido \u00e0 pandemia de Covid-19.<\/span><\/p>\n<p style=\"text-align: justify;\"><span style=\"font-family: arial, helvetica, sans-serif;\">\u201cEsperamos proporcionar um grande espet\u00e1culo aos presentes. Assim, como planej\u00e1vamos fazer em 2020, quando foi necess\u00e1rio adiar as festividades devido \u00e0 pandemia. Em 2021, houve a mesma quest\u00e3o e um novo adiamento. Agora, gra\u00e7as ao avan\u00e7o da vacina\u00e7\u00e3o, estamos finalmente pr\u00f3ximos de realizar esse importante evento tradicionalista em Cangu\u00e7u\u201d, destacou.<\/span><\/p>\n<p style=\"text-align: justify;\"><span style=\"font-family: arial, helvetica, sans-serif;\">No dia 12 de agosto, al\u00e9m do acendimento da Chama Crioula, haver\u00e1 ainda o espet\u00e1culo \u201cLiberdade, pelas asas do Gavi\u00e3o\u201d, que contar\u00e1 a hist\u00f3ria do cangu\u00e7uense, Joaquim Teixeira Nunes, o coronel Gavi\u00e3o, grande l\u00edder dos Lanceiros Negros Farrapos. A apresenta\u00e7\u00e3o ser\u00e1 realizada no Parque Tur\u00edstico Nossa Senhora da Concei\u00e7\u00e3o, de forma aberta e gratuita ao p\u00fablico.<\/span><\/p>\n<p style=\"text-align: justify;\"><span style=\"font-family: arial, helvetica, sans-serif;\">\u201cEstamos trabalhando muito para possibilitar que o evento seja realizado com a sua devida propor\u00e7\u00e3o. Passamos por dois adiamentos em raz\u00e3o da pandemia e, agora, estamos com uma perspectiva positiva de que Cangu\u00e7u, enfim, conseguir\u00e1 realizar a gera\u00e7\u00e3o e distribui\u00e7\u00e3o da Chama Crioula\u201d, declarou o prefeito de Cangu\u00e7u, Vinicius Pegoraro.<\/span><\/p>\n<div id=\"attachment_11916\" style=\"width: 500px\" class=\"wp-caption aligncenter\"><img loading=\"lazy\" decoding=\"async\" aria-describedby=\"caption-attachment-11916\" class=\"size-medium wp-image-11916\" src=\"https:\/\/wp.ufpel.edu.br\/artenosul\/files\/2022\/06\/Imagem3-1-500x333.jpg\" alt=\"\" width=\"500\" height=\"333\" srcset=\"https:\/\/wp.ufpel.edu.br\/artenosul\/files\/2022\/06\/Imagem3-1-500x333.jpg 500w, https:\/\/wp.ufpel.edu.br\/artenosul\/files\/2022\/06\/Imagem3-1-300x200.jpg 300w, https:\/\/wp.ufpel.edu.br\/artenosul\/files\/2022\/06\/Imagem3-1-768x512.jpg 768w, https:\/\/wp.ufpel.edu.br\/artenosul\/files\/2022\/06\/Imagem3-1-1536x1024.jpg 1536w, https:\/\/wp.ufpel.edu.br\/artenosul\/files\/2022\/06\/Imagem3-1-855x570.jpg 855w, https:\/\/wp.ufpel.edu.br\/artenosul\/files\/2022\/06\/Imagem3-1.jpg 2007w\" sizes=\"auto, (max-width: 500px) 100vw, 500px\" \/><p id=\"caption-attachment-11916\" class=\"wp-caption-text\"><span style=\"font-family: arial, helvetica, sans-serif;\"><strong><span style=\"color: #0000ff;\">Prefeito de Cangu\u00e7u, Vinicius Pegoraro, projeta um grande evento<\/span><\/strong><\/span><\/p><\/div>\n<p style=\"text-align: justify;\"><span style=\"font-family: arial, helvetica, sans-serif;\">No momento, a Comiss\u00e3o Executiva est\u00e1 em tratativas para definir os roteiros da Chama e os locais de acampamentos. No \u00faltimo m\u00eas, o presidente da Ordem dos Cavaleiros do Rio Grande do Sul (ORCAV), Ildo Wagner, esteve na cidade para acompanhar essas defini\u00e7\u00f5es e o planejamento do evento.<\/span><\/p>\n<p style=\"text-align: justify;\"><span style=\"font-family: arial, helvetica, sans-serif;\">A previs\u00e3o \u00e9 que Cangu\u00e7u receba cerca de mil cavaleiros e mais de 4 mil pessoas nos dias de evento, fator que aquecer\u00e1 os setores como hotelaria, alimenta\u00e7\u00e3o, entidades tradicionalistas, entre outros setores da economia.<\/span><\/p>\n<p style=\"text-align: justify;\"><a href=\"http:\/\/wp.ufpel.edu.br\/artenosul\"><span style=\"color: #0000ff;\"><strong><span style=\"font-family: arial, helvetica, sans-serif;\">PRIMEIRA P\u00c1GINA<\/span><\/strong><\/span><\/a><\/p>\n<p style=\"text-align: justify;\"><span style=\"color: #0000ff;\"><strong><span style=\"font-family: arial, helvetica, sans-serif;\">COMENT\u00c1RIOS<\/span><\/strong><\/span><\/p>\n<div data-test='contact-form'\n\t\t\tid='contact-form-11913'\n\t\t\tclass='wp-block-jetpack-contact-form-container '\n\t\t\tdata-wp-interactive='jetpack\/form' data-wp-context='{\"formId\":\"11913\",\"formHash\":\"f7555ced23ed51ee58b92629650420139fd68b6b\",\"showErrors\":false,\"errors\":[],\"fields\":[],\"isMultiStep\":false,\"useAjax\":true,\"submissionData\":null,\"formattedSubmissionData\":[],\"submissionSuccess\":false,\"submissionError\":null,\"elementId\":\"jp-form-f7555ced23ed51ee58b92629650420139fd68b6b\",\"isSingleInputForm\":false}'\n\t\t\tdata-wp-watch--scroll-to-wrapper=\"callbacks.scrollToWrapper\"\n\t\t>\n<div class=\"contact-form-submission contact-form-ajax-submission\" data-wp-class--submission-success=\"context.submissionSuccess\"><p class=\"go-back-message\"><a class=\"link\" role=\"button\" tabindex=\"0\" data-wp-on--click=\"actions.goBack\" href=\"\/artenosul\/wp-json\/wp\/v2\/posts\/11913\">Voltar<\/a><\/p><h4 id=\"contact-form-success-header\">Sua mensagem foi enviada<\/h4>\n\n<template data-wp-each--submission=\"context.formattedSubmissionData\">\n\t\t\t\t\t<div class=\"jetpack_forms_contact-form-success-summary\">\n\t\t\t\t\t\t<div class=\"field-name\" data-wp-text=\"context.submission.label\" data-wp-bind--hidden=\"!context.submission.label\"><\/div>\n\t\t\t\t\t\t<div class=\"field-value\" data-wp-text=\"context.submission.value\"><\/div>\n\t\t\t\t\t\t<div class=\"field-images\" data-wp-bind--hidden=\"!context.submission.images\">\n\t\t\t\t\t\t\t<template data-wp-each--image=\"context.submission.images\">\n\t\t\t\t\t\t\t\t<figure class=\"field-image\" data-wp-class--is-empty=\"!context.image\">\n\t\t\t\t\t\t\t\t\t<img data-wp-bind--src=\"context.image\" data-wp-bind--hidden=\"!context.image\" \/>\n\t\t\t\t\t\t\t\t\t<img decoding=\"async\" src=\"data:image\/gif;base64,R0lGODlhAQABAAD\/ACwAAAAAAQABAAACADs=\" data-wp-bind--hidden=\"context.image\" \/>\n\t\t\t\t\t\t\t\t<\/figure>\n\t\t\t\t\t\t\t<\/template>\n\t\t\t\t\t\t<\/div>\n\t\t\t\t\t<\/div>\n\t\t\t\t<\/template><\/div><form action='https:\/\/wp.ufpel.edu.br\/artenosul\/2022\/06\/08\/cangucu-sedia-geracao-e-distribuicao-da-chama-crioula-2022\/'\n\t\t\t\tid='jp-form-f7555ced23ed51ee58b92629650420139fd68b6b'\n\t\t\t\tmethod='post'\n\t\t\t\tclass='contact-form commentsblock' aria-label=\"Cangu\u00e7u sedia Gera\u00e7\u00e3o e Distribui\u00e7\u00e3o da Chama Crioula 2022\"\n\t\t\t\tdata-wp-on--submit=\"actions.onFormSubmit\"\n\t\t\t\tdata-wp-on--reset=\"actions.onFormReset\"\n\t\t\t\tdata-wp-class--submission-success=\"context.submissionSuccess\"\n\t\t\t\tdata-wp-class--is-first-step=\"state.isFirstStep\"\n\t\t\t\tdata-wp-class--is-last-step=\"state.isLastStep\"\n\t\t\t\tdata-wp-class--is-ajax-form=\"context.useAjax\"\n\t\t\t\tnovalidate >\n<input type='hidden' name='jetpack_contact_form_jwt' value='eyJ0eXAiOiJKV1QiLCJhbGciOiJIUzI1NiJ9.eyJlbmNyeXB0ZWRfYXR0cmlidXRlcyI6InEvMkJpWjRZY25WK0IzWmRaVEtRREp2dCsrR21VbURIZWdaYUs0Tk82TVNTUzFrejV6UjFDbWJsY1NLVGt5bnliVlFRbXZNU1F2Mk1VQXhodWhYNnpPRDBBaTJVa1pRVlFaOTZBVDN2RTlITXM2YXlaR2xnckZvWm5BVVEzZWVJVTlwMUdmdWJ1NWN5Mm5rYTdrZkQ3MzN1QU01UnVwMjYwSENDQUNDZ0dGdVVqWGwza3VuREFHNityZ2Y0OU9wcm52MDhtQWh6dUMrYk96b0tyd0QwaXkxRzRjR3VFeWZZVXdqMkY1N2J2OUtYTitHaVVYZWdGQk0zTEVrYzcxdGtTQW9lTXJhcC9taXdYNDEvSXVvRXZBbVNvVzNHK3RaRlZXYW1XSG04bkRyNEhxN1E3bVl1YTVsK3hFdW16c3dvOWV5bS80MjN0WlZrL3pTRkxnSjk3OHVsTGJtMFZ1b3VveUt2Qzk3T1hJR1hXck5TUXVrY1U4RTFCSnFEa0lZdDZDUnNycXdTRko0M0J4cC95ajVrT0l3MVZBNGpYUTdXSVBKcXlvNE85NllqZ21IVXdodVI2azdGelJFZmw0c3VXUHNaRlN3cDR5SGV4eWtpSWhBRDVrTjBFZGQ2ZzhaUW9WR2lxYnMyUzAveERxaUtCOHNSQ1YyWStmdHF4Snd4a2o5dElGRCsrV0NJaDZuOG5veFdrNFJXZ2ZTS1pUNkdZc3VFR0hsR0JCQjJ0SmppZkgvU09qYThnVkhIMDJjcURMTXgxY3Q4d0pFVmtMaDhOeWl4ZGFBWUw4OGV0R2V0TmpEUnlLK1BFSW1ybFpDZjY3WCtLWHU4ZHF3cUV1NjUwcExMKzhFSTgrUUZUbHM4SkQ1U1NkQjVsL2MwTEtodHJpZjdWNU5WVTBWenJWaW5vSDRBSWJtSVpBdy95TmZ5bWp6TDRGV1lVQ3dyQStmUDdRTHkrUFlKMkpFa0dYbzR6YWhEUVJaVUZmdkFSNnlhbTl5SjJUM3BsUnNQV2c0eDM5K2dsQys3T1d0Q2xORnRSRDAyVmZleE1jdklyVW5rVERTSGN3dXlVMkRNRmxIb2NBSUl3bmxDZjU0akl0a3JHYWwvY0NtczJBV2JwcVUyaGxiUHoxN0pZSTl3TGpHeDFvNUpFeUFQeGVuY2FXTkYxTk85ek1sbDhZUUVvMFpGeEJaZFZPNVF5ajR1Zytid1hYVmcydGhqQnBLWjBpN0FXRHhENEw4TEtmQ0ZUbGZFQ0JFcEVyWnEyaldFT0d0aVZoTmdTR3A0R295TWtFdDMiLCJjb250ZW50IjoiW2NvbnRhY3QtZmllbGQgbGFiZWw9XCJOb21lXCIgdHlwZT1cIm5hbWVcIl1bY29udGFjdC1maWVsZCBsYWJlbD1cIkUtbWFpbFwiIHR5cGU9XCJlbWFpbFwiXVtjb250YWN0LWZpZWxkIGxhYmVsPVwiTWVuc2FnZW1cIiB0eXBlPVwidGV4dGFyZWFcIl0iLCJoYXNoIjoiZjc1NTVjZWQyM2VkNTFlZTU4YjkyNjI5NjUwNDIwMTM5ZmQ2OGI2YiIsInNvdXJjZSI6eyJlbnRyeV90aXRsZSI6IkNhbmd1XHUwMGU3dSBzZWRpYSBHZXJhXHUwMGU3XHUwMGUzbyBlIERpc3RyaWJ1aVx1MDBlN1x1MDBlM28gZGEgQ2hhbWEgQ3Jpb3VsYSAyMDIyIiwiZW50cnlfcGFnZSI6MSwic291cmNlX2lkIjoxMTkxMywic291cmNlX3R5cGUiOiJzaW5nbGUiLCJyZXF1ZXN0X3VybCI6Imh0dHBzOi8vd3AudWZwZWwuZWR1LmJyL2FydGVub3N1bC93cC1qc29uL3dwL3YyL3Bvc3RzLzExOTEzIn0sInZlcnNpb24iOjIsImNpcGhlciI6ImFlcy0yNTYtZ2NtIn0.5LyWfCO2Wf8e9Eagzo7mDWCT1sgx28DDGMVIsH-mnbA' \/>\n\n<div style=\"\"  data-wp-interactive=\"jetpack\/form\" data-wp-context='{\"fieldId\":\"g11913-nome\",\"fieldType\":\"name\",\"fieldLabel\":\"Nome\",\"fieldValue\":\"\",\"fieldPlaceholder\":\"\",\"fieldIsRequired\":\"\",\"fieldErrorMessage\":\"\",\"fieldExtra\":[],\"formHash\":\"f7555ced23ed51ee58b92629650420139fd68b6b\"}'  class='grunion-field-name-wrap grunion-field-wrap'  data-wp-init='callbacks.initializeField' data-wp-on--jetpack-form-reset='callbacks.initializeField' >\n<label\n\t\t\t\tfor='g11913-nome' class=\"grunion-field-label name\" >Nome<\/label>\n<input\n\t\t\t\t\ttype='text'\n\t\t\t\t\tname='g11913-nome'\n\t\t\t\t\tid='g11913-nome'\n\t\t\t\t\tvalue=''\n\n\t\t\t\t\tdata-wp-bind--aria-invalid='state.fieldHasErrors'\n\t\t\t\t\tdata-wp-bind--value='state.getFieldValue'\n\t\t\t\t\taria-errormessage='g11913-nome-text-error-message'\n\t\t\t\t\tdata-wp-on--input='actions.onFieldChange'\n\t\t\t\t\tdata-wp-on--blur='actions.onFieldBlur'\n\t\t\t\t\tdata-wp-class--has-value='state.hasFieldValue'\n\n\t\t\t\t\tclass='name  grunion-field' \n\t\t\t\t\t \/>\n \n\t\t\t<div id=\"g11913-nome-text-error\" class=\"contact-form__input-error\" data-wp-class--has-errors=\"state.fieldHasErrors\">\n\t\t\t\t<span class=\"contact-form__warning-icon\">\n\t\t\t\t\t<svg width=\"16\" height=\"16\" viewBox=\"0 0 16 16\" fill=\"none\" xmlns=\"http:\/\/www.w3.org\/2000\/svg\">\n\t\t\t\t\t\t<path d=\"M8.50015 11.6402H7.50015V10.6402H8.50015V11.6402Z\" \/>\n\t\t\t\t\t\t<path d=\"M7.50015 9.64018H8.50015V6.30684H7.50015V9.64018Z\" \/>\n\t\t\t\t\t\t<path fill-rule=\"evenodd\" clip-rule=\"evenodd\" d=\"M6.98331 3.0947C7.42933 2.30177 8.57096 2.30177 9.01698 3.09469L13.8771 11.7349C14.3145 12.5126 13.7525 13.4735 12.8602 13.4735H3.14004C2.24774 13.4735 1.68575 12.5126 2.12321 11.7349L6.98331 3.0947ZM8.14541 3.58496C8.08169 3.47168 7.9186 3.47168 7.85488 3.58496L2.99478 12.2251C2.93229 12.3362 3.01257 12.4735 3.14004 12.4735H12.8602C12.9877 12.4735 13.068 12.3362 13.0055 12.2251L8.14541 3.58496Z\" \/>\n\t\t\t\t\t<\/svg>\n\t\t\t\t\t<span class=\"visually-hidden\">Aviso<\/span>\n\t\t\t\t<\/span>\n\t\t\t\t<span data-wp-text=\"state.errorMessage\" id=\"g11913-nome-text-error-message\" role=\"alert\" aria-live=\"assertive\"><\/span>\n\t\t\t<\/div> \n\t<\/div>\n\n<div style=\"\"  data-wp-interactive=\"jetpack\/form\" data-wp-context='{\"fieldId\":\"g11913-email\",\"fieldType\":\"email\",\"fieldLabel\":\"E-mail\",\"fieldValue\":\"\",\"fieldPlaceholder\":\"\",\"fieldIsRequired\":\"\",\"fieldErrorMessage\":\"\",\"fieldExtra\":[],\"formHash\":\"f7555ced23ed51ee58b92629650420139fd68b6b\"}'  class='grunion-field-email-wrap grunion-field-wrap'  data-wp-init='callbacks.initializeField' data-wp-on--jetpack-form-reset='callbacks.initializeField' >\n<label\n\t\t\t\tfor='g11913-email' class=\"grunion-field-label email\" >E-mail<\/label>\n<input\n\t\t\t\t\ttype='email'\n\t\t\t\t\tname='g11913-email'\n\t\t\t\t\tid='g11913-email'\n\t\t\t\t\tvalue=''\n\n\t\t\t\t\tdata-wp-bind--aria-invalid='state.fieldHasErrors'\n\t\t\t\t\tdata-wp-bind--value='state.getFieldValue'\n\t\t\t\t\taria-errormessage='g11913-email-email-error-message'\n\t\t\t\t\tdata-wp-on--input='actions.onFieldChange'\n\t\t\t\t\tdata-wp-on--blur='actions.onFieldBlur'\n\t\t\t\t\tdata-wp-class--has-value='state.hasFieldValue'\n\n\t\t\t\t\tclass='email  grunion-field' \n\t\t\t\t\t \/>\n \n\t\t\t<div id=\"g11913-email-email-error\" class=\"contact-form__input-error\" data-wp-class--has-errors=\"state.fieldHasErrors\">\n\t\t\t\t<span class=\"contact-form__warning-icon\">\n\t\t\t\t\t<svg width=\"16\" height=\"16\" viewBox=\"0 0 16 16\" fill=\"none\" xmlns=\"http:\/\/www.w3.org\/2000\/svg\">\n\t\t\t\t\t\t<path d=\"M8.50015 11.6402H7.50015V10.6402H8.50015V11.6402Z\" \/>\n\t\t\t\t\t\t<path d=\"M7.50015 9.64018H8.50015V6.30684H7.50015V9.64018Z\" \/>\n\t\t\t\t\t\t<path fill-rule=\"evenodd\" clip-rule=\"evenodd\" d=\"M6.98331 3.0947C7.42933 2.30177 8.57096 2.30177 9.01698 3.09469L13.8771 11.7349C14.3145 12.5126 13.7525 13.4735 12.8602 13.4735H3.14004C2.24774 13.4735 1.68575 12.5126 2.12321 11.7349L6.98331 3.0947ZM8.14541 3.58496C8.08169 3.47168 7.9186 3.47168 7.85488 3.58496L2.99478 12.2251C2.93229 12.3362 3.01257 12.4735 3.14004 12.4735H12.8602C12.9877 12.4735 13.068 12.3362 13.0055 12.2251L8.14541 3.58496Z\" \/>\n\t\t\t\t\t<\/svg>\n\t\t\t\t\t<span class=\"visually-hidden\">Aviso<\/span>\n\t\t\t\t<\/span>\n\t\t\t\t<span data-wp-text=\"state.errorMessage\" id=\"g11913-email-email-error-message\" role=\"alert\" aria-live=\"assertive\"><\/span>\n\t\t\t<\/div> \n\t<\/div>\n\n<div style=\"\"  data-wp-interactive=\"jetpack\/form\" data-wp-context='{\"fieldId\":\"g11913-mensagem\",\"fieldType\":\"textarea\",\"fieldLabel\":\"Mensagem\",\"fieldValue\":\"\",\"fieldPlaceholder\":\"\",\"fieldIsRequired\":\"\",\"fieldErrorMessage\":\"\",\"fieldExtra\":[],\"formHash\":\"f7555ced23ed51ee58b92629650420139fd68b6b\"}'  class='grunion-field-textarea-wrap grunion-field-wrap'  data-wp-init='callbacks.initializeField' data-wp-on--jetpack-form-reset='callbacks.initializeField' >\n<label\n\t\t\t\tfor='contact-form-comment-g11913-mensagem' class=\"grunion-field-label textarea\" >Mensagem<\/label>\n<textarea\n\t\t                style=''\n\t\t                name='g11913-mensagem'\n\t\t                id='contact-form-comment-g11913-mensagem'\n\t\t                rows='20'\n\t\t\t\t\t\tdata-wp-text='state.getFieldValue'\n\t\t\t\t\t\tdata-wp-on--input='actions.onFieldChange'\n\t\t\t\t\t\tdata-wp-on--blur='actions.onFieldBlur'\n\t\t\t\t\t\tdata-wp-class--has-value='state.hasFieldValue'\n\t\t\t\t\t\tdata-wp-bind--aria-invalid='state.fieldHasErrors'\n\t\t\t\t\t\taria-errormessage='g11913-mensagem-textarea-error-message'\n\t\t\t\t\t\tclass='textarea  grunion-field'  ><\/textarea>\n \n\t\t\t<div id=\"g11913-mensagem-textarea-error\" class=\"contact-form__input-error\" data-wp-class--has-errors=\"state.fieldHasErrors\">\n\t\t\t\t<span class=\"contact-form__warning-icon\">\n\t\t\t\t\t<svg width=\"16\" height=\"16\" viewBox=\"0 0 16 16\" fill=\"none\" xmlns=\"http:\/\/www.w3.org\/2000\/svg\">\n\t\t\t\t\t\t<path d=\"M8.50015 11.6402H7.50015V10.6402H8.50015V11.6402Z\" \/>\n\t\t\t\t\t\t<path d=\"M7.50015 9.64018H8.50015V6.30684H7.50015V9.64018Z\" \/>\n\t\t\t\t\t\t<path fill-rule=\"evenodd\" clip-rule=\"evenodd\" d=\"M6.98331 3.0947C7.42933 2.30177 8.57096 2.30177 9.01698 3.09469L13.8771 11.7349C14.3145 12.5126 13.7525 13.4735 12.8602 13.4735H3.14004C2.24774 13.4735 1.68575 12.5126 2.12321 11.7349L6.98331 3.0947ZM8.14541 3.58496C8.08169 3.47168 7.9186 3.47168 7.85488 3.58496L2.99478 12.2251C2.93229 12.3362 3.01257 12.4735 3.14004 12.4735H12.8602C12.9877 12.4735 13.068 12.3362 13.0055 12.2251L8.14541 3.58496Z\" \/>\n\t\t\t\t\t<\/svg>\n\t\t\t\t\t<span class=\"visually-hidden\">Aviso<\/span>\n\t\t\t\t<\/span>\n\t\t\t\t<span data-wp-text=\"state.errorMessage\" id=\"g11913-mensagem-textarea-error-message\" role=\"alert\" aria-live=\"assertive\"><\/span>\n\t\t\t<\/div>\n\t<\/div>\n\t<p class='contact-submit'>\n<div class=\"contact-form__error\" data-wp-class--show-errors=\"state.showFormErrors\"><span class=\"contact-form__warning-icon\"><span class=\"visually-hidden\">Aten\u00e7\u00e3o.<\/span><i aria-hidden=\"true\"><\/i><\/span>\n\t\t\t\t<span data-wp-text=\"state.getFormErrorMessage\"><\/span>\n\t\t\t\t<ul>\n\t\t\t\t<template data-wp-each=\"state.getErrorList\" data-wp-key=\"context.item.id\">\n\t\t\t\t\t<li><a data-wp-bind--href=\"context.item.anchor\" data-wp-on--click=\"actions.scrollIntoView\" data-wp-text=\"context.item.label\"><\/a><\/li>\n\t\t\t\t<\/template>\n\t\t\t\t<\/ul><\/div><div class=\"contact-form__error\" data-wp-class--show-errors=\"state.showSubmissionError\" data-wp-text=\"context.submissionError\"><\/div>\t\t<button type='submit' class='pushbutton-wide'>Enviar<\/button>\t\t<input type='hidden' name='contact-form-id' value='11913' \/>\n\t\t<input type='hidden' name='action' value='grunion-contact-form' \/>\n\t\t<input type='hidden' name='contact-form-hash' value='f7555ced23ed51ee58b92629650420139fd68b6b' \/>\n\t<\/p>\n<p style=\"display: none !important;\" class=\"akismet-fields-container\" data-prefix=\"ak_\"><label>&#916;<textarea name=\"ak_hp_textarea\" cols=\"45\" rows=\"8\" maxlength=\"100\"><\/textarea><\/label><input type=\"hidden\" id=\"ak_js_1\" name=\"ak_js\" value=\"16\"\/><script>document.getElementById( \"ak_js_1\" ).setAttribute( \"value\", ( new Date() ).getTime() );<\/script><\/p><\/form>\n<\/div>\n","protected":false},"excerpt":{"rendered":"<p>Por J\u00e9ssica Timm\u00a0\u00a0 Evento acontecer\u00e1 nos dias 12 e 13 de agosto na 21\u00aa Regi\u00e3o Tradicionalista &nbsp; Na 73\u00aa Gera\u00e7\u00e3o e Distribui\u00e7\u00e3o da Chama Crioula do Rio Grande do Sul, o destino sede ser\u00e1 o munic\u00edpio de Cangu\u00e7u, 21\u00aa Regi\u00e3o Tradicionalista. Previsto para ocorrer nos dias 12 e 13 de agosto, o evento est\u00e1 sendo &hellip; <\/p>\n<p><a class=\"more-link btn\" href=\"https:\/\/wp.ufpel.edu.br\/artenosul\/2022\/06\/08\/cangucu-sedia-geracao-e-distribuicao-da-chama-crioula-2022\/\">Continue lendo<\/a><\/p>\n","protected":false},"author":571,"featured_media":11915,"comment_status":"closed","ping_status":"closed","sticky":false,"template":"","format":"standard","meta":{"jetpack_post_was_ever_published":false,"_jetpack_newsletter_access":"","_jetpack_dont_email_post_to_subs":false,"_jetpack_newsletter_tier_id":0,"_jetpack_memberships_contains_paywalled_content":false,"_jetpack_memberships_contains_paid_content":false,"footnotes":"","jetpack_publicize_message":"","jetpack_publicize_feature_enabled":true,"jetpack_social_post_already_shared":true,"jetpack_social_options":{"image_generator_settings":{"template":"highway","default_image_id":0,"font":"","enabled":false},"version":2}},"categories":[88,1],"tags":[915,1518,936,1519,1031,1509],"class_list":["post-11913","post","type-post","status-publish","format-standard","has-post-thumbnail","hentry","category-comunidade","category-noticias","tag-21a-regiao-tradicionalista","tag-73a-geracao-e-distribuicao-da-chama-crioula-do-rio-grande-do-sul","tag-cangucu","tag-chama-crioula","tag-jessica-timm","tag-tradicionalismo","nodate","item-wrap"],"jetpack_publicize_connections":[],"jetpack_featured_media_url":"https:\/\/wp.ufpel.edu.br\/artenosul\/files\/2022\/06\/Imagem2-1.jpg","jetpack_sharing_enabled":true,"jetpack_likes_enabled":true,"jetpack_shortlink":"https:\/\/wp.me\/p6PuxQ-369","jetpack-related-posts":[{"id":27103,"url":"https:\/\/wp.ufpel.edu.br\/artenosul\/2024\/09\/10\/chegada-da-chama-crioula-marca-inicio-dos-festejos-farroupilhas-em-cangucu\/","url_meta":{"origin":11913,"position":0},"title":"Chegada da Chama Crioula marca in\u00edcio dos Festejos Farroupilhas em Cangu\u00e7u","author":"artenosul","date":"10 de setembro de 2024","format":false,"excerpt":"Programa\u00e7\u00e3o teve in\u00edcio no dia 8 de setembro e prossegue at\u00e9 dia 22\u00a0 \u00a0 \u00a0 \u00a0\u00a0 Por Amanda Leitzke e Chaiane R\u00f6mer\u00a0 \u00a0 \u00a0 \u00a0\u00a0 \u00a0 \u00a0 No domingo, dia 8 de setembro, a cidade de Cangu\u00e7u recebeu a Chama Crioula, trazida pelo piquete O Vanguardeiro. Este evento deu in\u00edcio\u2026","rel":"","context":"Em &quot;COMUNIDADE&quot;","block_context":{"text":"COMUNIDADE","link":"https:\/\/wp.ufpel.edu.br\/artenosul\/category\/comunidade\/"},"img":{"alt_text":"","src":"https:\/\/i0.wp.com\/wp.ufpel.edu.br\/artenosul\/files\/2024\/09\/foto-2-1b.jpeg?resize=350%2C200&ssl=1","width":350,"height":200,"srcset":"https:\/\/i0.wp.com\/wp.ufpel.edu.br\/artenosul\/files\/2024\/09\/foto-2-1b.jpeg?resize=350%2C200&ssl=1 1x, https:\/\/i0.wp.com\/wp.ufpel.edu.br\/artenosul\/files\/2024\/09\/foto-2-1b.jpeg?resize=525%2C300&ssl=1 1.5x, https:\/\/i0.wp.com\/wp.ufpel.edu.br\/artenosul\/files\/2024\/09\/foto-2-1b.jpeg?resize=700%2C400&ssl=1 2x, https:\/\/i0.wp.com\/wp.ufpel.edu.br\/artenosul\/files\/2024\/09\/foto-2-1b.jpeg?resize=1050%2C600&ssl=1 3x, https:\/\/i0.wp.com\/wp.ufpel.edu.br\/artenosul\/files\/2024\/09\/foto-2-1b.jpeg?resize=1400%2C800&ssl=1 4x"},"classes":[]},{"id":10511,"url":"https:\/\/wp.ufpel.edu.br\/artenosul\/2022\/04\/17\/fecanpop-e-sucesso-em-cangucu\/","url_meta":{"origin":11913,"position":1},"title":"FECANPOP \u00e9 sucesso em Cangu\u00e7u","author":"artenosul","date":"17 de abril de 2022","format":false,"excerpt":"Por J\u00e9ssica Timm\u00a0 \u00a0\u00a0 Evento reuniu m\u00fasicos locais e nacionais em transmiss\u00e3o ao vivo pela Prefeitura O Festival Cangu\u00e7u da Can\u00e7\u00e3o Popular (FECANPOP), realizado nos dias 25 e 26 de mar\u00e7o, foi um sucesso em Cangu\u00e7u. Em sua vig\u00e9sima edi\u00e7\u00e3o, o evento contou com a participa\u00e7\u00e3o de artistas locais e\u2026","rel":"","context":"Em &quot;COMUNIDADE&quot;","block_context":{"text":"COMUNIDADE","link":"https:\/\/wp.ufpel.edu.br\/artenosul\/category\/comunidade\/"},"img":{"alt_text":"","src":"https:\/\/i0.wp.com\/wp.ufpel.edu.br\/artenosul\/files\/2022\/04\/Imagem3-2.jpg?resize=350%2C200&ssl=1","width":350,"height":200,"srcset":"https:\/\/i0.wp.com\/wp.ufpel.edu.br\/artenosul\/files\/2022\/04\/Imagem3-2.jpg?resize=350%2C200&ssl=1 1x, https:\/\/i0.wp.com\/wp.ufpel.edu.br\/artenosul\/files\/2022\/04\/Imagem3-2.jpg?resize=525%2C300&ssl=1 1.5x"},"classes":[]},{"id":8766,"url":"https:\/\/wp.ufpel.edu.br\/artenosul\/2020\/10\/29\/ciena-em-cangucu-e-transferida-devido-a-pandemia\/","url_meta":{"origin":11913,"position":2},"title":"Ciena em Cangu\u00e7u \u00e9 transferida devido \u00e0 pandemia","author":"artenosul","date":"29 de outubro de 2020","format":false,"excerpt":"Por J\u00e9ssica Timm Evento ocorreu de forma online durante o per\u00edodo de isolamento social A Ciranda Estudantil Nativista (Ciena), evento anual que celebra a cultura ga\u00facha no munic\u00edpio de Cangu\u00e7u, n\u00e3o pode ser realizada de forma presencial no ano de 2020. O movimento que ocorreria nos dias 22, 23 e\u2026","rel":"","context":"Em &quot;COMUNIDADE&quot;","block_context":{"text":"COMUNIDADE","link":"https:\/\/wp.ufpel.edu.br\/artenosul\/category\/comunidade\/"},"img":{"alt_text":"","src":"https:\/\/i0.wp.com\/wp.ufpel.edu.br\/artenosul\/files\/2020\/10\/Imagem2-1.jpg?resize=350%2C200&ssl=1","width":350,"height":200},"classes":[]},{"id":9842,"url":"https:\/\/wp.ufpel.edu.br\/artenosul\/2021\/09\/17\/festividades-gauchas-voltam-aos-poucos-ao-presencial\/","url_meta":{"origin":11913,"position":3},"title":"Festividades ga\u00fachas voltam aos poucos ao presencial","author":"artenosul","date":"17 de setembro de 2021","format":false,"excerpt":"Por Vit\u00f3ria de G\u00f3es\u00a0\u00a0\u00a0\u00a0 Semana Farroupilha motiva retorno gradual das atividades nas entidades tradicionalistas Desde o dia 12 de mar\u00e7o de 2020, quando o governo recomendou o cancelamento de eventos devido \u00e0 pandemia de Covid-19, o Movimento Tradicionalista Ga\u00facho passou a adiar e cancelar encontros como rodeios, congressos e concursos.\u2026","rel":"","context":"Em &quot;COMUNIDADE&quot;","block_context":{"text":"COMUNIDADE","link":"https:\/\/wp.ufpel.edu.br\/artenosul\/category\/comunidade\/"},"img":{"alt_text":"","src":"https:\/\/i0.wp.com\/wp.ufpel.edu.br\/artenosul\/files\/2021\/09\/Foto-2b.jpg?resize=350%2C200&ssl=1","width":350,"height":200,"srcset":"https:\/\/i0.wp.com\/wp.ufpel.edu.br\/artenosul\/files\/2021\/09\/Foto-2b.jpg?resize=350%2C200&ssl=1 1x, https:\/\/i0.wp.com\/wp.ufpel.edu.br\/artenosul\/files\/2021\/09\/Foto-2b.jpg?resize=525%2C300&ssl=1 1.5x, https:\/\/i0.wp.com\/wp.ufpel.edu.br\/artenosul\/files\/2021\/09\/Foto-2b.jpg?resize=700%2C400&ssl=1 2x"},"classes":[]},{"id":8335,"url":"https:\/\/wp.ufpel.edu.br\/artenosul\/2019\/10\/03\/nos-trilhos-da-tradicao-conversa-com-paola-ribeiro\/","url_meta":{"origin":11913,"position":4},"title":"Nos trilhos da tradi\u00e7\u00e3o: Conversa com Paola Zanetti Ribeiro","author":"artenosul","date":"3 de outubro de 2019","format":false,"excerpt":"Por Christian Dias \u00a0 Origem, contos e mem\u00f3rias: O livro \u201cO trem da 21\u00aa RT: conhecendo os vag\u00f5es da nossa hist\u00f3ria\u201d, escrito pela jovem Paola Zanetti Ribeiro e lan\u00e7ado neste ano, conta a hist\u00f3ria da 21\u00aa Regi\u00e3o Tradicionalista (21\u00aa RT). Paola, acad\u00eamica do curso de Direito da Universidade Federal de\u2026","rel":"","context":"Em &quot;COMUNIDADE&quot;","block_context":{"text":"COMUNIDADE","link":"https:\/\/wp.ufpel.edu.br\/artenosul\/category\/comunidade\/"},"img":{"alt_text":"","src":"https:\/\/i0.wp.com\/wp.ufpel.edu.br\/artenosul\/files\/2019\/10\/1-1.jpg?resize=350%2C200&ssl=1","width":350,"height":200,"srcset":"https:\/\/i0.wp.com\/wp.ufpel.edu.br\/artenosul\/files\/2019\/10\/1-1.jpg?resize=350%2C200&ssl=1 1x, https:\/\/i0.wp.com\/wp.ufpel.edu.br\/artenosul\/files\/2019\/10\/1-1.jpg?resize=525%2C300&ssl=1 1.5x, https:\/\/i0.wp.com\/wp.ufpel.edu.br\/artenosul\/files\/2019\/10\/1-1.jpg?resize=700%2C400&ssl=1 2x"},"classes":[]},{"id":9873,"url":"https:\/\/wp.ufpel.edu.br\/artenosul\/2021\/09\/20\/festquilombola-celebra-a-contribuicao-negra\/","url_meta":{"origin":11913,"position":5},"title":"Festquilombola celebra a contribui\u00e7\u00e3o negra","author":"artenosul","date":"20 de setembro de 2021","format":false,"excerpt":"Por J\u00e9ssica Griep Timm\u00a0 \u00a0 \u00a0 Evento alusivo a cultura afro-brasileira \u00e9 realizado em Cangu\u00e7u O munic\u00edpio de Cangu\u00e7u possui uma grande diversidade \u00e9tnica cultural em sua forma\u00e7\u00e3o. At\u00e9 os dias de hoje, \u00e9 poss\u00edvel observar uma forte presen\u00e7a de tra\u00e7os da imigra\u00e7\u00e3o alem\u00e3, italiana, japonesa e africana em seu\u2026","rel":"","context":"Em &quot;COMUNIDADE&quot;","block_context":{"text":"COMUNIDADE","link":"https:\/\/wp.ufpel.edu.br\/artenosul\/category\/comunidade\/"},"img":{"alt_text":"","src":"https:\/\/i0.wp.com\/wp.ufpel.edu.br\/artenosul\/files\/2021\/09\/Imagem3-2.jpg?resize=350%2C200&ssl=1","width":350,"height":200,"srcset":"https:\/\/i0.wp.com\/wp.ufpel.edu.br\/artenosul\/files\/2021\/09\/Imagem3-2.jpg?resize=350%2C200&ssl=1 1x, https:\/\/i0.wp.com\/wp.ufpel.edu.br\/artenosul\/files\/2021\/09\/Imagem3-2.jpg?resize=525%2C300&ssl=1 1.5x"},"classes":[]}],"_links":{"self":[{"href":"https:\/\/wp.ufpel.edu.br\/artenosul\/wp-json\/wp\/v2\/posts\/11913","targetHints":{"allow":["GET"]}}],"collection":[{"href":"https:\/\/wp.ufpel.edu.br\/artenosul\/wp-json\/wp\/v2\/posts"}],"about":[{"href":"https:\/\/wp.ufpel.edu.br\/artenosul\/wp-json\/wp\/v2\/types\/post"}],"author":[{"embeddable":true,"href":"https:\/\/wp.ufpel.edu.br\/artenosul\/wp-json\/wp\/v2\/users\/571"}],"replies":[{"embeddable":true,"href":"https:\/\/wp.ufpel.edu.br\/artenosul\/wp-json\/wp\/v2\/comments?post=11913"}],"version-history":[{"count":2,"href":"https:\/\/wp.ufpel.edu.br\/artenosul\/wp-json\/wp\/v2\/posts\/11913\/revisions"}],"predecessor-version":[{"id":11919,"href":"https:\/\/wp.ufpel.edu.br\/artenosul\/wp-json\/wp\/v2\/posts\/11913\/revisions\/11919"}],"wp:featuredmedia":[{"embeddable":true,"href":"https:\/\/wp.ufpel.edu.br\/artenosul\/wp-json\/wp\/v2\/media\/11915"}],"wp:attachment":[{"href":"https:\/\/wp.ufpel.edu.br\/artenosul\/wp-json\/wp\/v2\/media?parent=11913"}],"wp:term":[{"taxonomy":"category","embeddable":true,"href":"https:\/\/wp.ufpel.edu.br\/artenosul\/wp-json\/wp\/v2\/categories?post=11913"},{"taxonomy":"post_tag","embeddable":true,"href":"https:\/\/wp.ufpel.edu.br\/artenosul\/wp-json\/wp\/v2\/tags?post=11913"}],"curies":[{"name":"wp","href":"https:\/\/api.w.org\/{rel}","templated":true}]}}