{"id":11903,"date":"2022-06-08T11:12:32","date_gmt":"2022-06-08T14:12:32","guid":{"rendered":"https:\/\/wp.ufpel.edu.br\/artenosul\/?p=11903"},"modified":"2022-06-08T11:12:32","modified_gmt":"2022-06-08T14:12:32","slug":"rapper-polidancer-e-mae-a-sociedade-esta-preparada","status":"publish","type":"post","link":"https:\/\/wp.ufpel.edu.br\/artenosul\/2022\/06\/08\/rapper-polidancer-e-mae-a-sociedade-esta-preparada\/","title":{"rendered":"Rapper, polidancer e m\u00e3e: A sociedade est\u00e1 preparada?"},"content":{"rendered":"<p style=\"text-align: right;\"><span style=\"color: #003366;\"><em><strong><span style=\"font-family: arial, helvetica, sans-serif;\">Por J\u00falia Koenig\u00a0\u00a0\u00a0\u00a0<\/span><\/strong><\/em><\/span><\/p>\n<p style=\"text-align: center;\"><span style=\"color: #003366;\"><em><strong><span style=\"font-family: arial, helvetica, sans-serif;\">Liddia Krolow fala da experi\u00eancia de ser rapper e, ao mesmo tempo, exercer a maternidade<\/span><\/strong><\/em><\/span><\/p>\n<p style=\"text-align: justify;\"><span style=\"font-family: arial, helvetica, sans-serif;\">A figura materna \u00e9 cercada de cren\u00e7as e estere\u00f3tipos que, apesar de muitas vezes ultrapassados, atravessam a vida das mulheres e m\u00e3es contempor\u00e2neas das mais diversas formas. Para fomentar o debate sobre as dificuldades de ser uma m\u00e3e que n\u00e3o corresponde exatamente \u00e0s expectativas da sociedade, convidamos Liddia Krolow, rapper e polidancer para uma conversa aberta sobre suas viv\u00eancias como m\u00e3e e profissional do \u00e2mbito art\u00edstico.<\/span><\/p>\n<div id=\"attachment_11908\" style=\"width: 604px\" class=\"wp-caption aligncenter\"><img loading=\"lazy\" decoding=\"async\" aria-describedby=\"caption-attachment-11908\" class=\" wp-image-11908\" src=\"https:\/\/wp.ufpel.edu.br\/artenosul\/files\/2022\/06\/Imagem1b.jpg\" alt=\"\" width=\"604\" height=\"403\" srcset=\"https:\/\/wp.ufpel.edu.br\/artenosul\/files\/2022\/06\/Imagem1b.jpg 478w, https:\/\/wp.ufpel.edu.br\/artenosul\/files\/2022\/06\/Imagem1b-300x200.jpg 300w\" sizes=\"auto, (max-width: 604px) 100vw, 604px\" \/><p id=\"caption-attachment-11908\" class=\"wp-caption-text\"><span style=\"font-family: arial, helvetica, sans-serif;\"><strong><span style=\"color: #0000ff;\">Liddia e sua filha nos bastidores do clipe &#8220;Luz&#8221;\u00a0 \u00a0 \u00a0 \u00a0 \u00a0 \u00a0\u00a0<\/span> <span style=\"color: #0000ff;\">Fotos: Acervo pessoal da artista<\/span><\/strong><\/span><\/p><\/div>\n<p style=\"text-align: justify;\"><span style=\"font-family: arial, helvetica, sans-serif; color: #0000ff;\"><strong>Arte no Sul<\/strong> <strong>&#8211; Trabalhar no meio do rap por s\u00ed s\u00f3 j\u00e1 traz na viv\u00eancia a quest\u00e3o do machismo quase que diariamente, lidar com o machismo de forma t\u00e3o intensa te afeta como mulher, m\u00e3e e profissional?<\/strong><\/span><\/p>\n<p style=\"text-align: justify;\"><span style=\"font-family: arial, helvetica, sans-serif;\"><span style=\"color: #0000ff;\"><strong>Liddia &#8211;<\/strong><\/span> Antes de eu entrar no meio do rap, achei que seria acolhida, mas quando estamos inseridos no meio \u00e9 que come\u00e7amos a ver onde est\u00e1 o machismo nosso de nada dia, n\u00e9. E comigo n\u00e3o foi diferente. Os caras, quando est\u00e3o trabalhando no rap, s\u00f3 precisam se preocupar com o trabalho deles. Normalmente, os meios s\u00e3o muito mais acolhedores para eles que s\u00e3o homens. J\u00e1 n\u00f3s mulheres enfrentamos o machismo e, se n\u00e3o cuidar a cabe\u00e7a, tu te afetas mesmo, porque \u00e9 quest\u00e3o de menosprezo, de n\u00e3o ter oportunidade para trabalhar, de sofrer ass\u00e9dio nos est\u00fadios. Ou seja, quando somos mulheres, al\u00e9m de fazer o nosso trabalho, ainda temos que driblar todos os ass\u00e9dios e o fato de nos subestimarem. E, como m\u00e3e, obviamente me afeta porque eu tenho que ensinar a minha filha a se defender. E n\u00e3o tem como eu dizer que ela est\u00e1 cem por cento segura em qualquer meio que ela esteja.<\/span><\/p>\n<p style=\"text-align: justify;\"><span style=\"font-family: arial, helvetica, sans-serif; color: #0000ff;\"><strong>Arte no Sul &#8211; Eu observei nas suas redes sociais que n\u00e3o h\u00e1 publica\u00e7\u00f5es com a tua filha. Isso \u00e9 porque tu buscas n\u00e3o expor a tua vida privada ou tem rela\u00e7\u00e3o com ass\u00e9dio? E uma tentativa de proteg\u00ea-la da exposi\u00e7\u00e3o?<\/strong><\/span><\/p>\n<p style=\"text-align: justify;\"><span style=\"font-family: arial, helvetica, sans-serif;\"><span style=\"color: #0000ff;\"><strong>Liddia &#8211;<\/strong><\/span> A gente n\u00e3o divulga muita coisa assim porque temo o hist\u00f3rico de pessoas que me assediaram e assediaram a ela tamb\u00e9m. Sempre tem aquele coment\u00e1rio assim \u201cah tua m\u00e3e \u00e9 m\u00f3 gostosa\u201d. E, se ousarem falar pra mim, \u201cah tua filha \u00e9 m\u00f3 gostosa\u201d, eu j\u00e1 nem converso mais, porque acho isso de uma deseleg\u00e2ncia. Ent\u00e3o, a gente optou por ser um pouco mais seletiva e n\u00e3o \u00e9 por causa nossa. O mundo n\u00e3o \u00e9 um lugar muito confort\u00e1vel, n\u00e3o \u00e9 muito seguro pra n\u00f3s mulheres. Por eu j\u00e1 ter sido muito amea\u00e7ada, inclusive de estupro, de espancamento e de morte, eu tento evitar. Recentemente tem acontecido muitas coisas que eu n\u00e3o estou levando a p\u00fablico nas minhas redes sociais, para n\u00e3o dar margem para outras pessoas pegarem como exemplo. Mas tem gente batendo na minha porta, me seguindo no trabalho, \u00e0s vezes, sofro amea\u00e7as. Ent\u00e3o, \u00e9 melhor evitar por causa dos caras.<\/span><\/p>\n<div id=\"attachment_11907\" style=\"width: 612px\" class=\"wp-caption aligncenter\"><img loading=\"lazy\" decoding=\"async\" aria-describedby=\"caption-attachment-11907\" class=\"wp-image-11907 \" src=\"https:\/\/wp.ufpel.edu.br\/artenosul\/files\/2022\/06\/Imagem4-500x325.jpg\" alt=\"\" width=\"612\" height=\"398\" srcset=\"https:\/\/wp.ufpel.edu.br\/artenosul\/files\/2022\/06\/Imagem4-500x325.jpg 500w, https:\/\/wp.ufpel.edu.br\/artenosul\/files\/2022\/06\/Imagem4-300x195.jpg 300w, https:\/\/wp.ufpel.edu.br\/artenosul\/files\/2022\/06\/Imagem4.jpg 567w\" sizes=\"auto, (max-width: 612px) 100vw, 612px\" \/><p id=\"caption-attachment-11907\" class=\"wp-caption-text\"><strong><span style=\"font-family: arial, helvetica, sans-serif;\"><span style=\"color: #0000ff;\">Grava\u00e7\u00e3o do clipe &#8220;Badbitch&#8221;: sem medo de dizer o que pensa<\/span><\/span><\/strong><\/p><\/div>\n<p style=\"text-align: justify;\"><span style=\"font-family: arial, helvetica, sans-serif; color: #0000ff;\"><strong>Arte no Sul &#8211; As mulheres s\u00e3o bombardeadas de estere\u00f3tipos por todos os lados, por trabalhar rap e tamb\u00e9m com sensualidade, tu sofres ou j\u00e1 sofreu ataques no sentido de n\u00e3o ser uma \u201cboa m\u00e3e\u201d?<\/strong><\/span><\/p>\n<p style=\"text-align: justify;\"><span style=\"font-family: arial, helvetica, sans-serif;\"><span style=\"color: #0000ff;\"><strong>Liddia &#8211;<\/strong><\/span> N\u00e3o s\u00f3 de n\u00e3o ser uma boa m\u00e3e, mas como de n\u00e3o ser um exemplo, n\u00e9, porque as pessoas querem te ver como um exemplo quando tu est\u00e1s exposta publicamente. Mas eu n\u00e3o quero isso, eu sempre deixo muito claro nas minhas redes sociais que eu n\u00e3o estou aqui para ser exemplo. Estou aqui para contar a minha hist\u00f3ria antes que algu\u00e9m conte errado, e \u00e9 \u00f3bvio que a minha palavra vai ser colocada em jogo porque eu me exponho, exponho meu corpo, exponho o que eu penso [pausa]. Ent\u00e3o eu tento lidar com as coisas da melhor maneira poss\u00edvel, tento ser a mais verdadeira poss\u00edvel ali, naquele momento, e criar uma identifica\u00e7\u00e3o com o p\u00fablico. O que eu acho que \u00e9 legal eu repasso. E o que acho que n\u00e3o \u00e9 legal, \u00e0s vezes, repasso tamb\u00e9m, porque a gente n\u00e3o \u00e9 s\u00f3 coisa boa, somos um combo de coisas ruins e boas. Acho que a gente tem que aprender a falar sobre tudo e n\u00e3o ter vergonha disso.<\/span><\/p>\n<p style=\"text-align: justify;\"><span style=\"font-family: arial, helvetica, sans-serif; color: #0000ff;\"><strong>Arte no Sul &#8211; Atrav\u00e9s das tuas redes sociais, tu transmites uma imagem de mulher forte, empoderada, dona de si. Essa \u00e9 a mulher que tu escolheste ser ou a que precisou ser?<\/strong><\/span><\/p>\n<p style=\"text-align: justify;\"><span style=\"font-family: arial, helvetica, sans-serif;\"><span style=\"color: #0000ff;\"><strong>Liddia &#8211; <\/strong><\/span>Eu n\u00e3o escolhi n\u00e3o. Nasci um pouco assim, tem relatos na fam\u00edlia de que eu j\u00e1 era assim. Lembro de muita coisa de quando era crian\u00e7a. Acho que acabei ficando assim por conta de tudo que eu tive que passar. N\u00e3o sei se chegou a ser uma escolha ou necessidade, acho que mais necessidade do que escolha porque foi meio que sem pensar muito. Quando eu me dei conta, j\u00e1 era assim. Eu nunca engoli muito o conformismo com o machismo. Ouvi muito na minha fam\u00edlia que \u201cos homens s\u00e3o assim mesmo\u201d. E eu nunca gostei disso, nunca aceitei e nunca vou aceitar! Eu sempre fui considerada uma mulher \u00e0 frente do seu tempo e isso d\u00f3i pra caralho, t\u00e1?! N\u00e3o \u00e9 uma coisa que nos deixa cem por cento do tempo satisfeita, d\u00f3i bastante.<\/span><\/p>\n<div id=\"attachment_11909\" style=\"width: 355px\" class=\"wp-caption aligncenter\"><img loading=\"lazy\" decoding=\"async\" aria-describedby=\"caption-attachment-11909\" class=\"size-full wp-image-11909\" src=\"https:\/\/wp.ufpel.edu.br\/artenosul\/files\/2022\/06\/Imagem3.jpg\" alt=\"\" width=\"355\" height=\"433\" srcset=\"https:\/\/wp.ufpel.edu.br\/artenosul\/files\/2022\/06\/Imagem3.jpg 355w, https:\/\/wp.ufpel.edu.br\/artenosul\/files\/2022\/06\/Imagem3-246x300.jpg 246w\" sizes=\"auto, (max-width: 355px) 100vw, 355px\" \/><p id=\"caption-attachment-11909\" class=\"wp-caption-text\"><strong><span style=\"font-family: arial, helvetica, sans-serif;\"><span style=\"color: #0000ff;\">Fotos das grava\u00e7\u00f5es do clipe<\/span> <span style=\"color: #0000ff;\">&#8220;Luz&#8221;<\/span><\/span><\/strong><\/p><\/div>\n<p style=\"text-align: justify;\"><span style=\"font-family: arial, helvetica, sans-serif; color: #0000ff;\"><strong>Arte no Sul &#8211; Os ataques e ass\u00e9dios que tu sofres j\u00e1 te fizeram pensar em desistir?<\/strong><\/span><\/p>\n<p style=\"text-align: justify;\"><span style=\"font-family: arial, helvetica, sans-serif;\"><strong><span style=\"color: #0000ff;\">Liddia &#8211;<\/span> <\/strong>Todos os dias tem alguma coisa que me faz pensar em jogar o rap pro alto e, ao mesmo tempo, todos os dias tem alguma coisa que me puxa de volta. Isso saiu at\u00e9 em umas cartas minhas. Eu pensava em desistir muitas vezes porque \u00e0s vezes \u00e9 foda, \u00e9 horr\u00edvel. S\u00e3o os pr\u00f3prios \u201camigos\u201d do cara, sabe? Coisas que a gente vai notando, coisas que a gente ouve e, se a gente ratear, desiste mesmo. Mas acho que isso n\u00e3o \u00e9 uma exclusividade do rap. Em todas as profiss\u00f5es que s\u00e3o majoritariamente compostas por homens, vai ter uma mulher que vai parar uma hora e vai pensar \u201cmeu Deus, o que eu estou fazendo aqui?\u201d. Mas a\u00ed a gente acaba pensando que, se n\u00e3o formos n\u00f3s a fazer isso, quem vai fazer?<\/span><\/p>\n<p style=\"text-align: justify;\"><span style=\"font-family: arial, helvetica, sans-serif; color: #0000ff;\"><strong>Arte no Sul &#8211; Nesses momentos que tu pensaste em desistir, o que te manteve firme?<\/strong><\/span><\/p>\n<p style=\"text-align: justify;\"><span style=\"font-family: arial, helvetica, sans-serif;\"><span style=\"color: #0000ff;\"><strong>Liddia &#8211;<\/strong><\/span> Ter certeza de que eu estava certa, de que isso \u00e9 uma coisa mut\u00e1vel, o comportamento humano e a sociedade em geral levam tempo, mas mudam com o passar dos anos. Ent\u00e3o, eu me mantive firme por conta dessa certeza que eu carrego de que eu estou fazendo o que eu tenho que fazer.<\/span><\/p>\n<p style=\"text-align: justify;\"><span style=\"font-family: arial, helvetica, sans-serif; color: #0000ff;\"><strong>Arte no Sul &#8211; Voc\u00ea tem algum recado para as m\u00e3es e mulheres que, assim como tu, sofrem com estigmas em rela\u00e7\u00e3o ao trabalho ou \u00e0 forma como levam a vida? <\/strong><\/span><\/p>\n<p style=\"text-align: justify;\"><span style=\"font-family: arial, helvetica, sans-serif;\"><span style=\"color: #0000ff;\"><strong>Liddia &#8211; <\/strong><\/span>Tenho, se tem uma coisa que eu desejo para n\u00f3s mulheres \u00e9 resili\u00eancia, porque vontade de desistir n\u00f3s vamos ter, mas temos sempre que voltar mais fortes. Eu acho que, independente da profiss\u00e3o que a gente escolhe, independente dos caminhos para que a vida leva a gente, a gente tem que se manter firme e procurar ter certeza do que a gente quer. S\u00f3 quando temos certeza do que queremos \u00e9 que a gente consegue chegar a algum lugar. Tem uma frase que gosto muito: \u201ceu n\u00e3o posso parar o que eu estou fazendo para cada cachorro que latir para mim durante o meu caminho\u201d. \u00a0N\u00e3o tenho como parar, entendeu? Tem coisas muito mais importantes em jogo para uma mulher do que ela ficar ligando para a opini\u00e3o alheia ou para algu\u00e9m que est\u00e1 dizendo que ela n\u00e3o pode fazer determinada coisa.<\/span><\/p>\n<div id=\"attachment_11910\" style=\"width: 271px\" class=\"wp-caption aligncenter\"><img loading=\"lazy\" decoding=\"async\" aria-describedby=\"caption-attachment-11910\" class=\"wp-image-11910 size-full\" src=\"https:\/\/wp.ufpel.edu.br\/artenosul\/files\/2022\/06\/Imagem2.jpg\" alt=\"\" width=\"271\" height=\"271\" \/><p id=\"caption-attachment-11910\" class=\"wp-caption-text\"><span style=\"font-family: arial, helvetica, sans-serif;\"><strong><span style=\"color: #0000ff;\">Rapper deve lan\u00e7ar novo clipe em breve<\/span><\/strong><\/span><\/p><\/div>\n<p style=\"text-align: justify;\"><span style=\"font-family: arial, helvetica, sans-serif; color: #0000ff;\"><strong>Arte no Sul &#8211; A pergunta que n\u00e3o pode faltar, o que podemos esperar agora? Tem algum trabalho para ser lan\u00e7ado nas pr\u00f3ximas semanas?<\/strong><\/span><\/p>\n<p style=\"text-align: justify;\"><span style=\"font-family: arial, helvetica, sans-serif;\"><span style=\"color: #0000ff;\"><strong>Liddia &#8211;<\/strong> <\/span>Estou terminando um clipe agora, montei um podcast tamb\u00e9m e gravando som. Ent\u00e3o, estou trabalhando bastante, trabalhando quietinha e podem esperar bastante trampo nesse ano.<\/span><\/p>\n<p><a href=\"http:\/\/youtube.com\/watch?v=bTVhvaYUVfU\" target=\"_blank\" rel=\"noopener\">Veja neste link o clipe &#8220;Luz&#8221;<\/a><\/p>\n<p><a href=\"https:\/\/www.youtube.com\/watch?v=xyyxNUJVT1o\" target=\"_blank\" rel=\"noopener\">Clipe &#8220;Badbitch&#8221;<\/a><\/p>\n<p style=\"text-align: justify;\"><a href=\"http:\/\/wp.ufpel.edu.br\/artenosul\"><span style=\"color: #0000ff;\"><strong><span style=\"font-family: arial, helvetica, sans-serif;\">PRIMEIRA P\u00c1GINA<\/span><\/strong><\/span><\/a><\/p>\n<p style=\"text-align: justify;\"><span style=\"color: #0000ff;\"><strong><span style=\"font-family: arial, helvetica, sans-serif;\">COMENT\u00c1RIOS<\/span><\/strong><\/span><\/p>\n<div data-test='contact-form'\n\t\t\tid='contact-form-11903'\n\t\t\tclass='wp-block-jetpack-contact-form-container '\n\t\t\tdata-wp-interactive='jetpack\/form' data-wp-context='{\"formId\":\"11903\",\"formHash\":\"b151cdef24f43d151e439502a90d588e69bd3f7c\",\"showErrors\":false,\"errors\":[],\"fields\":[],\"isMultiStep\":false,\"useAjax\":true,\"submissionData\":null,\"formattedSubmissionData\":[],\"submissionSuccess\":false,\"submissionError\":null,\"elementId\":\"jp-form-b151cdef24f43d151e439502a90d588e69bd3f7c\",\"isSingleInputForm\":false}'\n\t\t\tdata-wp-watch--scroll-to-wrapper=\"callbacks.scrollToWrapper\"\n\t\t>\n<div class=\"contact-form-submission contact-form-ajax-submission\" data-wp-class--submission-success=\"context.submissionSuccess\"><p class=\"go-back-message\"><a class=\"link\" role=\"button\" tabindex=\"0\" data-wp-on--click=\"actions.goBack\" href=\"\/artenosul\/wp-json\/wp\/v2\/posts\/11903\">Voltar<\/a><\/p><h4 id=\"contact-form-success-header\">Sua mensagem foi enviada<\/h4>\n\n<template data-wp-each--submission=\"context.formattedSubmissionData\">\n\t\t\t\t\t<div class=\"jetpack_forms_contact-form-success-summary\">\n\t\t\t\t\t\t<div class=\"field-name\" data-wp-text=\"context.submission.label\" data-wp-bind--hidden=\"!context.submission.label\"><\/div>\n\t\t\t\t\t\t<div class=\"field-value\" data-wp-text=\"context.submission.value\"><\/div>\n\t\t\t\t\t\t<div class=\"field-images\" data-wp-bind--hidden=\"!context.submission.images\">\n\t\t\t\t\t\t\t<template data-wp-each--image=\"context.submission.images\">\n\t\t\t\t\t\t\t\t<figure class=\"field-image\" data-wp-class--is-empty=\"!context.image\">\n\t\t\t\t\t\t\t\t\t<img data-wp-bind--src=\"context.image\" data-wp-bind--hidden=\"!context.image\" \/>\n\t\t\t\t\t\t\t\t\t<img decoding=\"async\" src=\"data:image\/gif;base64,R0lGODlhAQABAAD\/ACwAAAAAAQABAAACADs=\" data-wp-bind--hidden=\"context.image\" \/>\n\t\t\t\t\t\t\t\t<\/figure>\n\t\t\t\t\t\t\t<\/template>\n\t\t\t\t\t\t<\/div>\n\t\t\t\t\t<\/div>\n\t\t\t\t<\/template><\/div><form action='https:\/\/wp.ufpel.edu.br\/artenosul\/2022\/06\/08\/rapper-polidancer-e-mae-a-sociedade-esta-preparada\/'\n\t\t\t\tid='jp-form-b151cdef24f43d151e439502a90d588e69bd3f7c'\n\t\t\t\tmethod='post'\n\t\t\t\tclass='contact-form commentsblock' aria-label=\"Rapper, polidancer e m\u00e3e: A sociedade est\u00e1 preparada?\"\n\t\t\t\tdata-wp-on--submit=\"actions.onFormSubmit\"\n\t\t\t\tdata-wp-on--reset=\"actions.onFormReset\"\n\t\t\t\tdata-wp-class--submission-success=\"context.submissionSuccess\"\n\t\t\t\tdata-wp-class--is-first-step=\"state.isFirstStep\"\n\t\t\t\tdata-wp-class--is-last-step=\"state.isLastStep\"\n\t\t\t\tdata-wp-class--is-ajax-form=\"context.useAjax\"\n\t\t\t\tnovalidate >\n<input type='hidden' name='jetpack_contact_form_jwt' value='eyJ0eXAiOiJKV1QiLCJhbGciOiJIUzI1NiJ9.eyJlbmNyeXB0ZWRfYXR0cmlidXRlcyI6IkZiYkgwU3Q2VTRxNVJnUDNhRE9COVJSZGRsS1RoWFpXSU82cmxJQ1RuUTZhT1dzVUlybDhxQmQ1R2NLU3B3ZUtJOTJEc2wyNDFHVUR2ZFlzbGhhVHJycDFYdzk2eWNWRDMzMm8xcjBaR01tdmM2Z29aTWRxK3RETVkvSER1ZGMvVkowQmE4c0I1NGl2ZnBMbnpwMGMxRXRZQVUrR0U2L2JWcEVTanVDdzlZNWF0b1JCalhaZlB2b1krNHEwemZKNDJpZ1N6RHBXMDZrcHVHY3J1ZytIclNIK3Y5U05jT0xrd2xZUnJWbWM0cGV0d0xUSW16TytqNkRmVDFEdWJYWFZTcjJCa0pibGZlVE53ZkZKODY3ZmRyZW1iVnVuYW82eEFBZFlGUER1Uy9mUXJTWExwR09RbWZxT3JSYUhwbG5sQU5RN25VeUF1RWEySFRHbkpueXpZNElKL3ZobHVzV2lncnR5aENUWDZnd0o2VG1Yekc2NkRXZDc4Vzlra2FmbnF1bnZrVjdxbkNQdEwwNU9wUVZHcEJacVdMYnNtekJoQ09SK1JJOGhTcmRhRTFuWUQzMUtOeHZIMlVHYVVCZ1AwQVJHVEhQVEp6Wm54YXhnMHFRQWdXWDJuWndqVG1tbnFzU3crd04xUVB6ZzNrRUpOM3JRYlY1b2NQWTlJZDEvSWNyYTkvazQ1bkxrTXlqK2RZQ1R1eEhscm9qRHBhRHpFenhkRGNSSDl1Z01wUHl2eVRpSzVyaDkvODhVV0JuYmhwaVU5SmNGMlYwWTZyZFZmKytWYjJPZHY0YVRYOVhyUjZwdkVnMkR4cklvK0RiajFHVHpXZ0FNbWVjUEs2RVhlbXlUWUxQdmtCaVAxQ1c4aDlod0FnQTk4ekVoOXUrdzQ5RWdDSklHWHYxUFJ6eGYxcjgvMVJlQ0h5MUFjMzZ6YVhxVXl0Z25xRlQ0TU0rbkYwK0pXNHlBVDR5YnNwMXVRQ1JWNFUzbzJmcnpuOEtWRXE3TWtES2UvbnlXb1p4cnpRaTVVVnhNaURZZWoxYVoyT2lYU0UvUVJUM3RoaTJUN3JPNG9rcWZRM1hBK1FON1hPcytsTWtEZndyTnVBU0NablR6NkVOLzVZWXZhWkR2eG15WFlSWG5VSzRGWlRVR0FjSVJ3amVLMmxTenZYWExIbnlyaW4zMUsxUUg1MytWaHZPbWR0bTV2MHIwR0RyaU1DUk5kSDQvaGJqWG5FaE9XV3REWHJWTmQyNWNsZGlwSzdhdWhBPT0iLCJjb250ZW50IjoiW2NvbnRhY3QtZmllbGQgbGFiZWw9XCJOb21lXCIgdHlwZT1cIm5hbWVcIl1bY29udGFjdC1maWVsZCBsYWJlbD1cIkUtbWFpbFwiIHR5cGU9XCJlbWFpbFwiXVtjb250YWN0LWZpZWxkIGxhYmVsPVwiTWVuc2FnZW1cIiB0eXBlPVwidGV4dGFyZWFcIl0iLCJoYXNoIjoiYjE1MWNkZWYyNGY0M2QxNTFlNDM5NTAyYTkwZDU4OGU2OWJkM2Y3YyIsInNvdXJjZSI6eyJlbnRyeV90aXRsZSI6IlJhcHBlciwgcG9saWRhbmNlciBlIG1cdTAwZTNlOiBBIHNvY2llZGFkZSBlc3RcdTAwZTEgcHJlcGFyYWRhPyIsImVudHJ5X3BhZ2UiOjEsInNvdXJjZV9pZCI6MTE5MDMsInNvdXJjZV90eXBlIjoic2luZ2xlIiwicmVxdWVzdF91cmwiOiJodHRwczovL3dwLnVmcGVsLmVkdS5ici9hcnRlbm9zdWwvd3AtanNvbi93cC92Mi9wb3N0cy8xMTkwMyJ9LCJ2ZXJzaW9uIjoyLCJjaXBoZXIiOiJhZXMtMjU2LWdjbSJ9.WnFv5CMJnH3KJ_i60wOUTTIqOPsrZzF1XYaFxLXqU0U' \/>\n\n<div style=\"\"  data-wp-interactive=\"jetpack\/form\" data-wp-context='{\"fieldId\":\"g11903-nome\",\"fieldType\":\"name\",\"fieldLabel\":\"Nome\",\"fieldValue\":\"\",\"fieldPlaceholder\":\"\",\"fieldIsRequired\":\"\",\"fieldErrorMessage\":\"\",\"fieldExtra\":[],\"formHash\":\"b151cdef24f43d151e439502a90d588e69bd3f7c\"}'  class='grunion-field-name-wrap grunion-field-wrap'  data-wp-init='callbacks.initializeField' data-wp-on--jetpack-form-reset='callbacks.initializeField' >\n<label\n\t\t\t\tfor='g11903-nome' class=\"grunion-field-label name\" >Nome<\/label>\n<input\n\t\t\t\t\ttype='text'\n\t\t\t\t\tname='g11903-nome'\n\t\t\t\t\tid='g11903-nome'\n\t\t\t\t\tvalue=''\n\n\t\t\t\t\tdata-wp-bind--aria-invalid='state.fieldHasErrors'\n\t\t\t\t\tdata-wp-bind--value='state.getFieldValue'\n\t\t\t\t\taria-errormessage='g11903-nome-text-error-message'\n\t\t\t\t\tdata-wp-on--input='actions.onFieldChange'\n\t\t\t\t\tdata-wp-on--blur='actions.onFieldBlur'\n\t\t\t\t\tdata-wp-class--has-value='state.hasFieldValue'\n\n\t\t\t\t\tclass='name  grunion-field' \n\t\t\t\t\t \/>\n \n\t\t\t<div id=\"g11903-nome-text-error\" class=\"contact-form__input-error\" data-wp-class--has-errors=\"state.fieldHasErrors\">\n\t\t\t\t<span class=\"contact-form__warning-icon\">\n\t\t\t\t\t<svg width=\"16\" height=\"16\" viewBox=\"0 0 16 16\" fill=\"none\" xmlns=\"http:\/\/www.w3.org\/2000\/svg\">\n\t\t\t\t\t\t<path d=\"M8.50015 11.6402H7.50015V10.6402H8.50015V11.6402Z\" \/>\n\t\t\t\t\t\t<path d=\"M7.50015 9.64018H8.50015V6.30684H7.50015V9.64018Z\" \/>\n\t\t\t\t\t\t<path fill-rule=\"evenodd\" clip-rule=\"evenodd\" d=\"M6.98331 3.0947C7.42933 2.30177 8.57096 2.30177 9.01698 3.09469L13.8771 11.7349C14.3145 12.5126 13.7525 13.4735 12.8602 13.4735H3.14004C2.24774 13.4735 1.68575 12.5126 2.12321 11.7349L6.98331 3.0947ZM8.14541 3.58496C8.08169 3.47168 7.9186 3.47168 7.85488 3.58496L2.99478 12.2251C2.93229 12.3362 3.01257 12.4735 3.14004 12.4735H12.8602C12.9877 12.4735 13.068 12.3362 13.0055 12.2251L8.14541 3.58496Z\" \/>\n\t\t\t\t\t<\/svg>\n\t\t\t\t\t<span class=\"visually-hidden\">Aviso<\/span>\n\t\t\t\t<\/span>\n\t\t\t\t<span data-wp-text=\"state.errorMessage\" id=\"g11903-nome-text-error-message\" role=\"alert\" aria-live=\"assertive\"><\/span>\n\t\t\t<\/div> \n\t<\/div>\n\n<div style=\"\"  data-wp-interactive=\"jetpack\/form\" data-wp-context='{\"fieldId\":\"g11903-email\",\"fieldType\":\"email\",\"fieldLabel\":\"E-mail\",\"fieldValue\":\"\",\"fieldPlaceholder\":\"\",\"fieldIsRequired\":\"\",\"fieldErrorMessage\":\"\",\"fieldExtra\":[],\"formHash\":\"b151cdef24f43d151e439502a90d588e69bd3f7c\"}'  class='grunion-field-email-wrap grunion-field-wrap'  data-wp-init='callbacks.initializeField' data-wp-on--jetpack-form-reset='callbacks.initializeField' >\n<label\n\t\t\t\tfor='g11903-email' class=\"grunion-field-label email\" >E-mail<\/label>\n<input\n\t\t\t\t\ttype='email'\n\t\t\t\t\tname='g11903-email'\n\t\t\t\t\tid='g11903-email'\n\t\t\t\t\tvalue=''\n\n\t\t\t\t\tdata-wp-bind--aria-invalid='state.fieldHasErrors'\n\t\t\t\t\tdata-wp-bind--value='state.getFieldValue'\n\t\t\t\t\taria-errormessage='g11903-email-email-error-message'\n\t\t\t\t\tdata-wp-on--input='actions.onFieldChange'\n\t\t\t\t\tdata-wp-on--blur='actions.onFieldBlur'\n\t\t\t\t\tdata-wp-class--has-value='state.hasFieldValue'\n\n\t\t\t\t\tclass='email  grunion-field' \n\t\t\t\t\t \/>\n \n\t\t\t<div id=\"g11903-email-email-error\" class=\"contact-form__input-error\" data-wp-class--has-errors=\"state.fieldHasErrors\">\n\t\t\t\t<span class=\"contact-form__warning-icon\">\n\t\t\t\t\t<svg width=\"16\" height=\"16\" viewBox=\"0 0 16 16\" fill=\"none\" xmlns=\"http:\/\/www.w3.org\/2000\/svg\">\n\t\t\t\t\t\t<path d=\"M8.50015 11.6402H7.50015V10.6402H8.50015V11.6402Z\" \/>\n\t\t\t\t\t\t<path d=\"M7.50015 9.64018H8.50015V6.30684H7.50015V9.64018Z\" \/>\n\t\t\t\t\t\t<path fill-rule=\"evenodd\" clip-rule=\"evenodd\" d=\"M6.98331 3.0947C7.42933 2.30177 8.57096 2.30177 9.01698 3.09469L13.8771 11.7349C14.3145 12.5126 13.7525 13.4735 12.8602 13.4735H3.14004C2.24774 13.4735 1.68575 12.5126 2.12321 11.7349L6.98331 3.0947ZM8.14541 3.58496C8.08169 3.47168 7.9186 3.47168 7.85488 3.58496L2.99478 12.2251C2.93229 12.3362 3.01257 12.4735 3.14004 12.4735H12.8602C12.9877 12.4735 13.068 12.3362 13.0055 12.2251L8.14541 3.58496Z\" \/>\n\t\t\t\t\t<\/svg>\n\t\t\t\t\t<span class=\"visually-hidden\">Aviso<\/span>\n\t\t\t\t<\/span>\n\t\t\t\t<span data-wp-text=\"state.errorMessage\" id=\"g11903-email-email-error-message\" role=\"alert\" aria-live=\"assertive\"><\/span>\n\t\t\t<\/div> \n\t<\/div>\n\n<div style=\"\"  data-wp-interactive=\"jetpack\/form\" data-wp-context='{\"fieldId\":\"g11903-mensagem\",\"fieldType\":\"textarea\",\"fieldLabel\":\"Mensagem\",\"fieldValue\":\"\",\"fieldPlaceholder\":\"\",\"fieldIsRequired\":\"\",\"fieldErrorMessage\":\"\",\"fieldExtra\":[],\"formHash\":\"b151cdef24f43d151e439502a90d588e69bd3f7c\"}'  class='grunion-field-textarea-wrap grunion-field-wrap'  data-wp-init='callbacks.initializeField' data-wp-on--jetpack-form-reset='callbacks.initializeField' >\n<label\n\t\t\t\tfor='contact-form-comment-g11903-mensagem' class=\"grunion-field-label textarea\" >Mensagem<\/label>\n<textarea\n\t\t                style=''\n\t\t                name='g11903-mensagem'\n\t\t                id='contact-form-comment-g11903-mensagem'\n\t\t                rows='20'\n\t\t\t\t\t\tdata-wp-text='state.getFieldValue'\n\t\t\t\t\t\tdata-wp-on--input='actions.onFieldChange'\n\t\t\t\t\t\tdata-wp-on--blur='actions.onFieldBlur'\n\t\t\t\t\t\tdata-wp-class--has-value='state.hasFieldValue'\n\t\t\t\t\t\tdata-wp-bind--aria-invalid='state.fieldHasErrors'\n\t\t\t\t\t\taria-errormessage='g11903-mensagem-textarea-error-message'\n\t\t\t\t\t\tclass='textarea  grunion-field'  ><\/textarea>\n \n\t\t\t<div id=\"g11903-mensagem-textarea-error\" class=\"contact-form__input-error\" data-wp-class--has-errors=\"state.fieldHasErrors\">\n\t\t\t\t<span class=\"contact-form__warning-icon\">\n\t\t\t\t\t<svg width=\"16\" height=\"16\" viewBox=\"0 0 16 16\" fill=\"none\" xmlns=\"http:\/\/www.w3.org\/2000\/svg\">\n\t\t\t\t\t\t<path d=\"M8.50015 11.6402H7.50015V10.6402H8.50015V11.6402Z\" \/>\n\t\t\t\t\t\t<path d=\"M7.50015 9.64018H8.50015V6.30684H7.50015V9.64018Z\" \/>\n\t\t\t\t\t\t<path fill-rule=\"evenodd\" clip-rule=\"evenodd\" d=\"M6.98331 3.0947C7.42933 2.30177 8.57096 2.30177 9.01698 3.09469L13.8771 11.7349C14.3145 12.5126 13.7525 13.4735 12.8602 13.4735H3.14004C2.24774 13.4735 1.68575 12.5126 2.12321 11.7349L6.98331 3.0947ZM8.14541 3.58496C8.08169 3.47168 7.9186 3.47168 7.85488 3.58496L2.99478 12.2251C2.93229 12.3362 3.01257 12.4735 3.14004 12.4735H12.8602C12.9877 12.4735 13.068 12.3362 13.0055 12.2251L8.14541 3.58496Z\" \/>\n\t\t\t\t\t<\/svg>\n\t\t\t\t\t<span class=\"visually-hidden\">Aviso<\/span>\n\t\t\t\t<\/span>\n\t\t\t\t<span data-wp-text=\"state.errorMessage\" id=\"g11903-mensagem-textarea-error-message\" role=\"alert\" aria-live=\"assertive\"><\/span>\n\t\t\t<\/div>\n\t<\/div>\n\t<p class='contact-submit'>\n<div class=\"contact-form__error\" data-wp-class--show-errors=\"state.showFormErrors\"><span class=\"contact-form__warning-icon\"><span class=\"visually-hidden\">Aten\u00e7\u00e3o.<\/span><i aria-hidden=\"true\"><\/i><\/span>\n\t\t\t\t<span data-wp-text=\"state.getFormErrorMessage\"><\/span>\n\t\t\t\t<ul>\n\t\t\t\t<template data-wp-each=\"state.getErrorList\" data-wp-key=\"context.item.id\">\n\t\t\t\t\t<li><a data-wp-bind--href=\"context.item.anchor\" data-wp-on--click=\"actions.scrollIntoView\" data-wp-text=\"context.item.label\"><\/a><\/li>\n\t\t\t\t<\/template>\n\t\t\t\t<\/ul><\/div><div class=\"contact-form__error\" data-wp-class--show-errors=\"state.showSubmissionError\" data-wp-text=\"context.submissionError\"><\/div>\t\t<button type='submit' class='pushbutton-wide'>Enviar<\/button>\t\t<input type='hidden' name='contact-form-id' value='11903' \/>\n\t\t<input type='hidden' name='action' value='grunion-contact-form' \/>\n\t\t<input type='hidden' name='contact-form-hash' value='b151cdef24f43d151e439502a90d588e69bd3f7c' \/>\n\t<\/p>\n<p style=\"display: none !important;\" class=\"akismet-fields-container\" data-prefix=\"ak_\"><label>&#916;<textarea name=\"ak_hp_textarea\" cols=\"45\" rows=\"8\" maxlength=\"100\"><\/textarea><\/label><input type=\"hidden\" id=\"ak_js_1\" name=\"ak_js\" value=\"40\"\/><script>document.getElementById( \"ak_js_1\" ).setAttribute( \"value\", ( new Date() ).getTime() );<\/script><\/p><\/form>\n<\/div>\n","protected":false},"excerpt":{"rendered":"<p>Por J\u00falia Koenig\u00a0\u00a0\u00a0\u00a0 Liddia Krolow fala da experi\u00eancia de ser rapper e, ao mesmo tempo, exercer a maternidade A figura materna \u00e9 cercada de cren\u00e7as e estere\u00f3tipos que, apesar de muitas vezes ultrapassados, atravessam a vida das mulheres e m\u00e3es contempor\u00e2neas das mais diversas formas. Para fomentar o debate sobre as dificuldades de ser uma &hellip; <\/p>\n<p><a class=\"more-link btn\" href=\"https:\/\/wp.ufpel.edu.br\/artenosul\/2022\/06\/08\/rapper-polidancer-e-mae-a-sociedade-esta-preparada\/\">Continue lendo<\/a><\/p>\n","protected":false},"author":571,"featured_media":11907,"comment_status":"closed","ping_status":"closed","sticky":false,"template":"","format":"standard","meta":{"jetpack_post_was_ever_published":false,"_jetpack_newsletter_access":"","_jetpack_dont_email_post_to_subs":false,"_jetpack_newsletter_tier_id":0,"_jetpack_memberships_contains_paywalled_content":false,"_jetpack_memberships_contains_paid_content":false,"footnotes":"","jetpack_publicize_message":"","jetpack_publicize_feature_enabled":true,"jetpack_social_post_already_shared":true,"jetpack_social_options":{"image_generator_settings":{"template":"highway","default_image_id":0,"font":"","enabled":false},"version":2}},"categories":[88,6,1],"tags":[1436,1514,1515,1516,1142,1517,221,1513],"class_list":["post-11903","post","type-post","status-publish","format-standard","has-post-thumbnail","hentry","category-comunidade","category-musica","category-noticias","tag-julia-koenig","tag-liddia-krolow","tag-mae","tag-maternidade","tag-mulher","tag-mulheres","tag-rap","tag-rapper","nodate","item-wrap"],"jetpack_publicize_connections":[],"jetpack_featured_media_url":"https:\/\/wp.ufpel.edu.br\/artenosul\/files\/2022\/06\/Imagem4.jpg","jetpack_sharing_enabled":true,"jetpack_likes_enabled":true,"jetpack_shortlink":"https:\/\/wp.me\/p6PuxQ-35Z","jetpack-related-posts":[{"id":11872,"url":"https:\/\/wp.ufpel.edu.br\/artenosul\/2022\/06\/06\/vozes-do-silencio-a-invisibilidade-do-individuo-negro-no-sul-do-brasil\/","url_meta":{"origin":11903,"position":0},"title":"Vozes do Sil\u00eancio: a invisibilidade do indiv\u00edduo negro no sul do Brasil","author":"artenosul","date":"6 de junho de 2022","format":false,"excerpt":"Por Jo\u00e3o Pedro Cardozo Macedo\u00a0\u00a0\u00a0\u00a0 Artista pelotense roteiriza curta-metragem que apresenta seu novo \u00e1lbum musical Mar\u00e7o de 2022 foi um per\u00edodo de muitos lan\u00e7amentos para o rapper pelotense Zudizilla, com o \u00e1lbum \u201cZulu: de C\u00e9sar a Cristo (Vol. 2)\u201d, segundo da trilogia Zulu, processo que ele vem trabalhando desde 2019.\u2026","rel":"","context":"Em &quot;CINEMA&quot;","block_context":{"text":"CINEMA","link":"https:\/\/wp.ufpel.edu.br\/artenosul\/category\/cinema\/"},"img":{"alt_text":"","src":"https:\/\/i0.wp.com\/wp.ufpel.edu.br\/artenosul\/files\/2022\/06\/Zud.jpg?resize=350%2C200&ssl=1","width":350,"height":200},"classes":[]},{"id":7166,"url":"https:\/\/wp.ufpel.edu.br\/artenosul\/2017\/08\/03\/444-e-a-nova-fase-de-jay-z\/","url_meta":{"origin":11903,"position":1},"title":"\u201c4:44\u201d e a nova fase de Jay-Z","author":"artenosul","date":"3 de agosto de 2017","format":false,"excerpt":"\u00a0 \u00a0 Laura Marques \u00a0 \u00a0 \u00a0Um Jay-Z que talvez n\u00e3o agradar\u00e1 qualquer f\u00e3 de rap. Shawn Corey Carter, \u00a0lan\u00e7ou \u201c4:44\u201d no dia 30 de junho deste ano e com ele revelou a face mais humana do gangsta rap de antigamente. \u00c9 o d\u00e9cimo terceiro \u00e1lbum da carreira do rapper,\u2026","rel":"","context":"Em &quot;M\u00daSICA&quot;","block_context":{"text":"M\u00daSICA","link":"https:\/\/wp.ufpel.edu.br\/artenosul\/category\/musica\/"},"img":{"alt_text":"","src":"https:\/\/i0.wp.com\/wp.ufpel.edu.br\/artenosul\/files\/2017\/08\/1-2.jpg?resize=350%2C200&ssl=1","width":350,"height":200,"srcset":"https:\/\/i0.wp.com\/wp.ufpel.edu.br\/artenosul\/files\/2017\/08\/1-2.jpg?resize=350%2C200&ssl=1 1x, https:\/\/i0.wp.com\/wp.ufpel.edu.br\/artenosul\/files\/2017\/08\/1-2.jpg?resize=525%2C300&ssl=1 1.5x"},"classes":[]},{"id":9932,"url":"https:\/\/wp.ufpel.edu.br\/artenosul\/2021\/10\/08\/rapper-pelotense-lanca-dois-videos-na-internet\/","url_meta":{"origin":11903,"position":2},"title":"Rapper pelotense lan\u00e7a dois v\u00eddeos na internet","author":"artenosul","date":"8 de outubro de 2021","format":false,"excerpt":"por Tatiane Meggiato\u00a0 \u00a0\u00a0 O amor pela m\u00fasica levou projeto \u00e0 aprova\u00e7\u00e3o em edital estadual Ela foi influenciada pela m\u00fasica desde muito cedo. A percuss\u00e3o e o canto t\u00eam sido um legado dos seus pais. Atualmente, com 40 anos, Daiane Moraes, conhecida como Lady Dee, concilia a carreira musical com\u2026","rel":"","context":"Em &quot;COMUNIDADE&quot;","block_context":{"text":"COMUNIDADE","link":"https:\/\/wp.ufpel.edu.br\/artenosul\/category\/comunidade\/"},"img":{"alt_text":"","src":"https:\/\/i0.wp.com\/wp.ufpel.edu.br\/artenosul\/files\/2021\/10\/Imagem3.jpg?resize=350%2C200&ssl=1","width":350,"height":200},"classes":[]},{"id":9338,"url":"https:\/\/wp.ufpel.edu.br\/artenosul\/2021\/05\/03\/rap-contra-o-frio-evento-reune-artistas-de-rio-grande-em-prol-da-solidariedade\/","url_meta":{"origin":11903,"position":3},"title":"Rap contra o frio: evento re\u00fane artistas de Rio Grande em prol da solidariedade","author":"artenosul","date":"3 de maio de 2021","format":false,"excerpt":"Por Vitor Valente\u00a0 \u00a0 Shows ser\u00e3o transmitidos direto do Teatro Municipal no dia 13 de maio Uma frase cl\u00e1ssica do cen\u00e1rio hip-hop brasileiro \u00e9 \u201co rap \u00e9 compromisso\u201d. O mantra foi tema de m\u00fasica do rapper Mauro Mateus dos Santos, o Sabotage, que morreu aos 29 anos de idade em\u2026","rel":"","context":"Em &quot;M\u00daSICA&quot;","block_context":{"text":"M\u00daSICA","link":"https:\/\/wp.ufpel.edu.br\/artenosul\/category\/musica\/"},"img":{"alt_text":"","src":"https:\/\/i0.wp.com\/wp.ufpel.edu.br\/artenosul\/files\/2021\/05\/Foto-3-4.jpg?resize=350%2C200&ssl=1","width":350,"height":200,"srcset":"https:\/\/i0.wp.com\/wp.ufpel.edu.br\/artenosul\/files\/2021\/05\/Foto-3-4.jpg?resize=350%2C200&ssl=1 1x, https:\/\/i0.wp.com\/wp.ufpel.edu.br\/artenosul\/files\/2021\/05\/Foto-3-4.jpg?resize=525%2C300&ssl=1 1.5x, https:\/\/i0.wp.com\/wp.ufpel.edu.br\/artenosul\/files\/2021\/05\/Foto-3-4.jpg?resize=700%2C400&ssl=1 2x"},"classes":[]},{"id":29556,"url":"https:\/\/wp.ufpel.edu.br\/artenosul\/2025\/08\/12\/a-melhor-mae-do-mundo-mostra-a-luta-pela-sobrevivencia-com-o-afeto-e-a-busca-pela-dignidade\/","url_meta":{"origin":11903,"position":4},"title":"\u201cA melhor m\u00e3e do mundo\u201d mostra a luta pela sobreviv\u00eancia com o afeto e a busca pela dignidade","author":"artenosul","date":"12 de agosto de 2025","format":false,"excerpt":"Longa-metragem traz hist\u00f3ria presente na nossa sociedade, mas na maioria das vezes, silenciadas pelo sistema\u00a0\u00a0\u00a0\u00a0\u00a0 Por Giovana Costa \u00a0\u00a0\u00a0\u00a0\u00a0 No dia 7 de agosto, o filme \u201cA Melhor M\u00e3e do Mundo\u201d chegou ao cinema brasileiro trazendo uma narrativa comovente, com debates sens\u00edveis e intensos. Dirigido por Anna Muylaert, a trama\u2026","rel":"","context":"Em &quot;CINEMA&quot;","block_context":{"text":"CINEMA","link":"https:\/\/wp.ufpel.edu.br\/artenosul\/category\/cinema\/"},"img":{"alt_text":"","src":"https:\/\/i0.wp.com\/wp.ufpel.edu.br\/artenosul\/files\/2025\/08\/imagem-tres.jpg?resize=350%2C200&ssl=1","width":350,"height":200,"srcset":"https:\/\/i0.wp.com\/wp.ufpel.edu.br\/artenosul\/files\/2025\/08\/imagem-tres.jpg?resize=350%2C200&ssl=1 1x, https:\/\/i0.wp.com\/wp.ufpel.edu.br\/artenosul\/files\/2025\/08\/imagem-tres.jpg?resize=525%2C300&ssl=1 1.5x, https:\/\/i0.wp.com\/wp.ufpel.edu.br\/artenosul\/files\/2025\/08\/imagem-tres.jpg?resize=700%2C400&ssl=1 2x"},"classes":[]},{"id":27324,"url":"https:\/\/wp.ufpel.edu.br\/artenosul\/2024\/10\/16\/amor-e-loucura-coringa-e-arlequina-em-delirio-a-dois\/","url_meta":{"origin":11903,"position":5},"title":"Amor e Loucura: Coringa e Arlequina em Del\u00edrio a Dois","author":"artenosul","date":"16 de outubro de 2024","format":false,"excerpt":"Filme est\u00e1 em cartaz nos cinemas de Pelotas e traz hist\u00f3ria complexa com mistura de humor e trag\u00e9dia\u00a0 \u00a0 \u00a0\u00a0 Por J\u00falia Koenig\u00a0 \u00a0 \u00a0\u00a0 \u00a0 \"Coringa: Del\u00edrio a Dois\" \u00e9 uma continua\u00e7\u00e3o do aclamado filme \"Coringa\" de 2019, dirigido por Todd Phillips e, assim como na vers\u00e3o anterior, o\u2026","rel":"","context":"Em &quot;CINEMA&quot;","block_context":{"text":"CINEMA","link":"https:\/\/wp.ufpel.edu.br\/artenosul\/category\/cinema\/"},"img":{"alt_text":"","src":"https:\/\/i0.wp.com\/wp.ufpel.edu.br\/artenosul\/files\/2024\/10\/2-1.jpg?resize=350%2C200&ssl=1","width":350,"height":200,"srcset":"https:\/\/i0.wp.com\/wp.ufpel.edu.br\/artenosul\/files\/2024\/10\/2-1.jpg?resize=350%2C200&ssl=1 1x, https:\/\/i0.wp.com\/wp.ufpel.edu.br\/artenosul\/files\/2024\/10\/2-1.jpg?resize=525%2C300&ssl=1 1.5x"},"classes":[]}],"_links":{"self":[{"href":"https:\/\/wp.ufpel.edu.br\/artenosul\/wp-json\/wp\/v2\/posts\/11903","targetHints":{"allow":["GET"]}}],"collection":[{"href":"https:\/\/wp.ufpel.edu.br\/artenosul\/wp-json\/wp\/v2\/posts"}],"about":[{"href":"https:\/\/wp.ufpel.edu.br\/artenosul\/wp-json\/wp\/v2\/types\/post"}],"author":[{"embeddable":true,"href":"https:\/\/wp.ufpel.edu.br\/artenosul\/wp-json\/wp\/v2\/users\/571"}],"replies":[{"embeddable":true,"href":"https:\/\/wp.ufpel.edu.br\/artenosul\/wp-json\/wp\/v2\/comments?post=11903"}],"version-history":[{"count":4,"href":"https:\/\/wp.ufpel.edu.br\/artenosul\/wp-json\/wp\/v2\/posts\/11903\/revisions"}],"predecessor-version":[{"id":11912,"href":"https:\/\/wp.ufpel.edu.br\/artenosul\/wp-json\/wp\/v2\/posts\/11903\/revisions\/11912"}],"wp:featuredmedia":[{"embeddable":true,"href":"https:\/\/wp.ufpel.edu.br\/artenosul\/wp-json\/wp\/v2\/media\/11907"}],"wp:attachment":[{"href":"https:\/\/wp.ufpel.edu.br\/artenosul\/wp-json\/wp\/v2\/media?parent=11903"}],"wp:term":[{"taxonomy":"category","embeddable":true,"href":"https:\/\/wp.ufpel.edu.br\/artenosul\/wp-json\/wp\/v2\/categories?post=11903"},{"taxonomy":"post_tag","embeddable":true,"href":"https:\/\/wp.ufpel.edu.br\/artenosul\/wp-json\/wp\/v2\/tags?post=11903"}],"curies":[{"name":"wp","href":"https:\/\/api.w.org\/{rel}","templated":true}]}}