{"id":11882,"date":"2022-06-07T12:22:21","date_gmt":"2022-06-07T15:22:21","guid":{"rendered":"https:\/\/wp.ufpel.edu.br\/artenosul\/?p=11882"},"modified":"2022-06-08T10:23:22","modified_gmt":"2022-06-08T13:23:22","slug":"a-volta-aos-tablados-nos-ctgs","status":"publish","type":"post","link":"https:\/\/wp.ufpel.edu.br\/artenosul\/2022\/06\/07\/a-volta-aos-tablados-nos-ctgs\/","title":{"rendered":"A volta aos tablados nos CTG&#8217;s"},"content":{"rendered":"<p style=\"text-align: right;\"><span style=\"color: #003366;\"><em><span style=\"font-family: arial, helvetica, sans-serif;\"><strong>Por Vivian Domingues Mattos\u00a0 \u00a0<\/strong><\/span><\/em><\/span><\/p>\n<p style=\"text-align: center;\"><span style=\"color: #003366;\"><em><span style=\"font-family: arial, helvetica, sans-serif;\"><strong>A retomada das dan\u00e7as nos Centros de Tradi\u00e7\u00e3o Ga\u00facha cangu\u00e7uenses no p\u00f3s-pandemia<\/strong><\/span><\/em><\/span><\/p>\n<div id=\"attachment_11885\" style=\"width: 669px\" class=\"wp-caption aligncenter\"><img loading=\"lazy\" decoding=\"async\" aria-describedby=\"caption-attachment-11885\" class=\" wp-image-11885\" src=\"https:\/\/wp.ufpel.edu.br\/artenosul\/files\/2022\/06\/Grupo-sentinela-das-coxilhas-500x333.jpg\" alt=\"\" width=\"669\" height=\"445\" srcset=\"https:\/\/wp.ufpel.edu.br\/artenosul\/files\/2022\/06\/Grupo-sentinela-das-coxilhas-500x333.jpg 500w, https:\/\/wp.ufpel.edu.br\/artenosul\/files\/2022\/06\/Grupo-sentinela-das-coxilhas-300x200.jpg 300w, https:\/\/wp.ufpel.edu.br\/artenosul\/files\/2022\/06\/Grupo-sentinela-das-coxilhas-768x512.jpg 768w, https:\/\/wp.ufpel.edu.br\/artenosul\/files\/2022\/06\/Grupo-sentinela-das-coxilhas-1536x1024.jpg 1536w, https:\/\/wp.ufpel.edu.br\/artenosul\/files\/2022\/06\/Grupo-sentinela-das-coxilhas-855x570.jpg 855w, https:\/\/wp.ufpel.edu.br\/artenosul\/files\/2022\/06\/Grupo-sentinela-das-coxilhas.jpg 2048w\" sizes=\"auto, (max-width: 669px) 100vw, 669px\" \/><p id=\"caption-attachment-11885\" class=\"wp-caption-text\"><span style=\"font-family: arial, helvetica, sans-serif;\"><strong><span style=\"color: #0000ff;\">\u00a0 \u00a0 \u00a0 \u00a0 \u00a0 \u00a0 \u00a0 \u00a0 \u00a0 \u00a0 \u00a0 O Grupo Sentinela das Coxilhas promove cultura e m\u00fasica ga\u00fachas na cidade de Cangu\u00e7u\u00a0 \u00a0 \u00a0 \u00a0 \u00a0 <\/span>\u00a0<span style=\"color: #0000ff;\">Fotos: Vivian Domingues Mattos<\/span><\/strong><\/span><\/p><\/div>\n<p style=\"text-align: justify;\"><span style=\"font-family: arial, helvetica, sans-serif;\">A integra\u00e7\u00e3o e o contato entre colegas, presenciado nas dan\u00e7as tradicionalistas dos Centros de Tradi\u00e7\u00f5es Ga\u00fachas (CTG\u2019s) do Rio Grande do Sul, esteve paralisado temporariamente pela pandemia de Covid-19. Agora, ap\u00f3s as flexibiliza\u00e7\u00f5es sanit\u00e1rias permitirem maior contato, as atividades foram retomadas gradualmente e, no munic\u00edpio de Cangu\u00e7u, n\u00e3o foi diferente.<\/span><\/p>\n<p style=\"text-align: justify;\"><span style=\"font-family: arial, helvetica, sans-serif;\">Inclu\u00eddo na 21\u00aa Regi\u00e3o Tradicionalista, Cangu\u00e7u \u00e9 uma terra que culturalmente mant\u00e9m viva as tradi\u00e7\u00f5es ga\u00fachas e campeiras, principalmente as que envolvem as atividades em entidades tradicionalistas. Assim, o retorno das atividades dos CTG\u2019s aconteceu de forma gradual, seguindo os protocolos indicados pelo munic\u00edpio.<\/span><\/p>\n<div id=\"attachment_11886\" style=\"width: 628px\" class=\"wp-caption aligncenter\"><img loading=\"lazy\" decoding=\"async\" aria-describedby=\"caption-attachment-11886\" class=\" wp-image-11886\" src=\"https:\/\/wp.ufpel.edu.br\/artenosul\/files\/2022\/06\/Grupo-sentinela-das-coxilhas-3b-500x333.jpg\" alt=\"\" width=\"628\" height=\"418\" srcset=\"https:\/\/wp.ufpel.edu.br\/artenosul\/files\/2022\/06\/Grupo-sentinela-das-coxilhas-3b-500x333.jpg 500w, https:\/\/wp.ufpel.edu.br\/artenosul\/files\/2022\/06\/Grupo-sentinela-das-coxilhas-3b-300x200.jpg 300w, https:\/\/wp.ufpel.edu.br\/artenosul\/files\/2022\/06\/Grupo-sentinela-das-coxilhas-3b-768x512.jpg 768w, https:\/\/wp.ufpel.edu.br\/artenosul\/files\/2022\/06\/Grupo-sentinela-das-coxilhas-3b-1536x1024.jpg 1536w, https:\/\/wp.ufpel.edu.br\/artenosul\/files\/2022\/06\/Grupo-sentinela-das-coxilhas-3b-855x570.jpg 855w, https:\/\/wp.ufpel.edu.br\/artenosul\/files\/2022\/06\/Grupo-sentinela-das-coxilhas-3b.jpg 2048w\" sizes=\"auto, (max-width: 628px) 100vw, 628px\" \/><p id=\"caption-attachment-11886\" class=\"wp-caption-text\"><span style=\"font-family: arial, helvetica, sans-serif;\"><strong><span style=\"color: #0000ff;\">O Grupo Sentinela das Coxilhas \u00e9 um dos oito CTG&#8217;s em atua\u00e7\u00e3o no munic\u00edpio<\/span><\/strong><\/span><\/p><\/div>\n<p style=\"text-align: justify;\"><span style=\"font-family: arial, helvetica, sans-serif; color: #0000ff;\"><strong>Retomada gradual das atividades<\/strong><\/span><\/p>\n<p style=\"text-align: justify;\"><span style=\"font-family: arial, helvetica, sans-serif;\">Conforme levantamento da Secretaria Municipal de Educa\u00e7\u00e3o, Esportes e Cultura da Prefeitura, o munic\u00edpio de Cangu\u00e7u tem ao todo oito CTG\u2019s ativos. O retorno das atividades ocorreu de forma sucessiva e contou com a elabora\u00e7\u00e3o do Programa Municipal de Retomada das Entidades Tradicionalistas p\u00f3s-pandemia.<\/span><\/p>\n<p style=\"text-align: justify;\"><span style=\"font-family: arial, helvetica, sans-serif;\">Entre as realiza\u00e7\u00f5es de fomento cultural do folclore ga\u00facho, como declama\u00e7\u00e3o, canto e rodeio, est\u00e3o as dan\u00e7as tradicionalistas que envolvem esfor\u00e7o e condi\u00e7\u00e3o f\u00edsica ao serem realizadas.<\/span><\/p>\n<p style=\"text-align: justify;\"><span style=\"font-family: arial, helvetica, sans-serif;\">O dan\u00e7arino de 19 anos, integrante da invernada adulta do CTG Joaquim Paulo de Freitas, Diego Chico da Silva, comenta que a retomada dos ensaios foi estranha inicialmente e desconfort\u00e1vel. \u201cLogo no come\u00e7o n\u00f3s cansamos bastante pelo uso da m\u00e1scara, era dif\u00edcil de interpretar e complicou bastante\u201d, descreve.<\/span><\/p>\n<div id=\"attachment_11887\" style=\"width: 757px\" class=\"wp-caption aligncenter\"><img loading=\"lazy\" decoding=\"async\" aria-describedby=\"caption-attachment-11887\" class=\"wp-image-11887\" src=\"https:\/\/wp.ufpel.edu.br\/artenosul\/files\/2022\/06\/CTG-Joaquim-Paulo-de-Freitas2-500x309.jpg\" alt=\"\" width=\"757\" height=\"468\" srcset=\"https:\/\/wp.ufpel.edu.br\/artenosul\/files\/2022\/06\/CTG-Joaquim-Paulo-de-Freitas2-500x309.jpg 500w, https:\/\/wp.ufpel.edu.br\/artenosul\/files\/2022\/06\/CTG-Joaquim-Paulo-de-Freitas2-300x185.jpg 300w, https:\/\/wp.ufpel.edu.br\/artenosul\/files\/2022\/06\/CTG-Joaquim-Paulo-de-Freitas2.jpg 524w\" sizes=\"auto, (max-width: 757px) 100vw, 757px\" \/><p id=\"caption-attachment-11887\" class=\"wp-caption-text\"><span style=\"font-family: arial, helvetica, sans-serif;\"><strong><span style=\"color: #0000ff;\">O CTG Joaquim Paulo de Freitas pratica atividades do folclore ga\u00facho como as dan\u00e7as tradicionalistas<\/span><\/strong><\/span><\/p><\/div>\n<p>&nbsp;<\/p>\n<p style=\"text-align: justify;\"><span style=\"font-family: arial, helvetica, sans-serif;\">O pe\u00e3o de 24 anos do CTG Sentinela das Coxilhas, Henrique dos Santos Romel, explica que no in\u00edcio existia uma ansiedade sobre poder retornar ou n\u00e3o e que a pandemia mudou a vida em muitos aspectos, principalmente, quando ocorre o cont\u00e1gio por Covid-19 com algum integrante do grupo. \u201cSempre teve aquela d\u00favida de se vamos poder retornar ou n\u00e3o? Tamb\u00e9m \u00e9 um momento de desafios e de uma vida nova, j\u00e1 que a pandemia mudou tudo, n\u00e3o s\u00f3 no sentido sanit\u00e1rio, mas como ser humano. A gente passou a pensar em cuidar mais do pr\u00f3ximo, tentar evitar tantas aglomera\u00e7\u00f5es no in\u00edcio e se colocar mais no lugar do outro\u201d, diz.<\/span><\/p>\n<p style=\"text-align: justify;\"><span style=\"font-family: arial, helvetica, sans-serif;\">A prenda de 20 anos do CTG Joaquim, Joana Kohls, comenta que o uso de m\u00e1scara atrapalhava a respira\u00e7\u00e3o e contribuiu para um maior cansa\u00e7o nos ensaios. \u201cDan\u00e7ando e se movimentando n\u00f3s acabamos suando muito o rosto, mas, como \u00e9 algo que gostamos de fazer, n\u00e3o nos impedia de dan\u00e7ar\u201d, lembra.<\/span><\/p>\n<p style=\"text-align: justify;\"><span style=\"font-family: arial, helvetica, sans-serif;\">A integrante de 15 anos do CTG Sentinela das Coxilhas, Tahuana Bertinetti, despertou a paix\u00e3o pela dan\u00e7a na inf\u00e2ncia e para algu\u00e9m acostumada ao ritmo de ensaios, apresenta\u00e7\u00f5es e concursos, retornar \u00e9 uma experi\u00eancia diferente, mas recompensadora. \u201cNo come\u00e7o foi estranho voltar e me adaptar de novo \u00e0 rotina, passei um pouco mal no in\u00edcio, at\u00e9 me acostumar, mas amo dan\u00e7ar, sempre foi algo que gostei. Toda experi\u00eancia \u00e9 sempre gratificante, sabe?\u201d, destaca.<\/span><\/p>\n<div id=\"attachment_11888\" style=\"width: 791px\" class=\"wp-caption aligncenter\"><img loading=\"lazy\" decoding=\"async\" aria-describedby=\"caption-attachment-11888\" class=\" wp-image-11888\" src=\"https:\/\/wp.ufpel.edu.br\/artenosul\/files\/2022\/06\/Instrutores-Karine-Mauricio-e-a-filha-Ana-Clara-500x335.jpg\" alt=\"\" width=\"791\" height=\"530\" srcset=\"https:\/\/wp.ufpel.edu.br\/artenosul\/files\/2022\/06\/Instrutores-Karine-Mauricio-e-a-filha-Ana-Clara-500x335.jpg 500w, https:\/\/wp.ufpel.edu.br\/artenosul\/files\/2022\/06\/Instrutores-Karine-Mauricio-e-a-filha-Ana-Clara-300x201.jpg 300w, https:\/\/wp.ufpel.edu.br\/artenosul\/files\/2022\/06\/Instrutores-Karine-Mauricio-e-a-filha-Ana-Clara-768x515.jpg 768w, https:\/\/wp.ufpel.edu.br\/artenosul\/files\/2022\/06\/Instrutores-Karine-Mauricio-e-a-filha-Ana-Clara-1536x1031.jpg 1536w, https:\/\/wp.ufpel.edu.br\/artenosul\/files\/2022\/06\/Instrutores-Karine-Mauricio-e-a-filha-Ana-Clara-855x574.jpg 855w, https:\/\/wp.ufpel.edu.br\/artenosul\/files\/2022\/06\/Instrutores-Karine-Mauricio-e-a-filha-Ana-Clara.jpg 2048w\" sizes=\"auto, (max-width: 791px) 100vw, 791px\" \/><p id=\"caption-attachment-11888\" class=\"wp-caption-text\"><strong><span style=\"font-family: arial, helvetica, sans-serif;\"><span style=\"color: #0000ff;\">Os instrutores Karine Schwartz Gehrmann e Mauricio Gomes\u00a0 est\u00e3o \u00e0 frente dos ensaios do CTG Sentinela das Coxilhas<\/span><\/span><\/strong><\/p><\/div>\n<p>&nbsp;<\/p>\n<p style=\"text-align: justify;\"><span style=\"font-family: arial, helvetica, sans-serif; color: #0000ff;\"><strong>A paralisa\u00e7\u00e3o das dan\u00e7as para quem vive dela<\/strong><\/span><\/p>\n<p style=\"text-align: justify;\"><span style=\"font-family: arial, helvetica, sans-serif;\">O amor pelo tradicionalismo \u00e9 algo em comum para o casal de ensaiadores Karine Schwartz Gehrmann e Mauricio Gomes. Dividindo a vida e os palcos, ambos os instrutores t\u00eam a dan\u00e7a como a principal forma de trabalho e, dentre suas turmas, est\u00e3o \u00e0 frente dos ensaios do CTG Sentinela das Coxilhas.<\/span><\/p>\n<p style=\"text-align: justify;\"><span style=\"font-family: arial, helvetica, sans-serif;\">H\u00e1 cerca de 10 anos atuando como instrutora, Karine comenta que a pandemia foi um per\u00edodo desafiador. No trabalho di\u00e1rio, ela mant\u00e9m um contato frequente com crian\u00e7as, adolescentes e adultos, que durante o isolamento, deu lugar \u00e0 dist\u00e2ncia. \u201cNo in\u00edcio, n\u00f3s tentamos fazer aulas remotas e n\u00e3o deu certo, porque a dan\u00e7a \u00e9 o contato, n\u00e9? \u00c9 estar junto, tu estares presente, pegares na m\u00e3o e ensinar, j\u00e1 n\u00e3o era a mesma coisa\u201d, comenta.<\/span><\/p>\n<p style=\"text-align: justify;\"><span style=\"font-family: arial, helvetica, sans-serif;\">Durante a pandemia, Karine engravidou de sua filha, Ana Clara, agora com dois anos de idade. Ela comenta que a gesta\u00e7\u00e3o contribuiu para aliviar os sentimentos no per\u00edodo. \u201cEla veio para amenizar um pouco a dor que \u00e9 estar longe das pessoas que a gente gosta. Por isso, digo que n\u00e3o foi t\u00e3o dif\u00edcil, mas foi um momento que eu rezo muito todos os dias para n\u00e3o retornar\u201d, diz.<\/span><\/p>\n<p style=\"text-align: justify;\"><span style=\"font-family: arial, helvetica, sans-serif;\">O companheiro e instrutor, Maur\u00edcio, refor\u00e7a que a pandemia foi uma quebra de rotina e de conv\u00edvio. Ele comenta que principalmente na categoria juvenil, os relatos de aumento de ansiedade e desmotiva\u00e7\u00e3o eram mais frequentes. \u201cA gente esperava todos os dias um avan\u00e7o. T\u00ednhamos aquela esperan\u00e7a, de que iria melhorar, mas vinha uma onda, depois a outra onda, ent\u00e3o foi bem angustiante, principalmente nos primeiros meses\u201d, descreve.<\/span><\/p>\n<p style=\"text-align: justify;\"><span style=\"font-family: arial, helvetica, sans-serif;\">Atualmente, ambos retornaram com o ensaio dos grupos, recome\u00e7ando com turmas maiores do que antes do per\u00edodo de isolamento.<\/span><\/p>\n<div id=\"attachment_11890\" style=\"width: 712px\" class=\"wp-caption aligncenter\"><img loading=\"lazy\" decoding=\"async\" aria-describedby=\"caption-attachment-11890\" class=\" wp-image-11890\" src=\"https:\/\/wp.ufpel.edu.br\/artenosul\/files\/2022\/06\/CTG-Joaquim-Paulo-de-Freitas-2c-500x236.jpg\" alt=\"\" width=\"712\" height=\"336\" srcset=\"https:\/\/wp.ufpel.edu.br\/artenosul\/files\/2022\/06\/CTG-Joaquim-Paulo-de-Freitas-2c-500x236.jpg 500w, https:\/\/wp.ufpel.edu.br\/artenosul\/files\/2022\/06\/CTG-Joaquim-Paulo-de-Freitas-2c-300x142.jpg 300w, https:\/\/wp.ufpel.edu.br\/artenosul\/files\/2022\/06\/CTG-Joaquim-Paulo-de-Freitas-2c.jpg 675w\" sizes=\"auto, (max-width: 712px) 100vw, 712px\" \/><p id=\"caption-attachment-11890\" class=\"wp-caption-text\"><span style=\"font-family: arial, helvetica, sans-serif;\"><strong><span style=\"color: #0000ff;\">A rotina de ensaios do CTG Joaquim Paulo de Freitas foi interrompida\u00a0 durante a pandemia<\/span><\/strong><\/span><\/p><\/div>\n<p>&nbsp;<\/p>\n<p style=\"text-align: justify;\"><span style=\"font-family: arial, helvetica, sans-serif; color: #0000ff;\"><strong>A dan\u00e7a como equil\u00edbrio emocional<\/strong><\/span><\/p>\n<p style=\"text-align: justify;\"><span style=\"font-family: arial, helvetica, sans-serif;\">H\u00e1 cerca de um ano e seis meses, a prenda do CTG Sentinela das Coxilhas, Bruna Riemer Silveira, explica que foi diagnosticada com depress\u00e3o, ansiedade e transtorno de p\u00e2nico. Para ela, a dan\u00e7a \u00e9 uma forma de apoio \u00e0 sa\u00fade mental e os aprendizados s\u00e3o um ponto de calma durante a rotina. \u201c\u00c9 como se quando eu colocasse meus p\u00e9s nesse sal\u00e3o e ligasse a m\u00fasica, todos os sentimentos baixassem, deixando espa\u00e7o para concentra\u00e7\u00e3o e uma sensa\u00e7\u00e3o de bem-estar. A dan\u00e7a \u00e9 a \u00fanica coisa que eu penso naquele momento\u201d, comenta.<\/span><\/p>\n<p style=\"text-align: justify;\"><span style=\"font-family: arial, helvetica, sans-serif;\">J\u00e1 para o pe\u00e3o de 19 anos, integrante da invernada adulta do CTG Joaquim Paulo de Freitas, Gabriel Nunes, a dan\u00e7a gera uma rotina de ensaios e uma dedica\u00e7\u00e3o di\u00e1ria que foi quebrada durante a pandemia. Dan\u00e7arino h\u00e1 mais de dez anos, ele comenta que foi um per\u00edodo dif\u00edcil para paralisar repentinamente uma atividade que \u00e9 sua paix\u00e3o. \u201cA dan\u00e7a em si me traz tranquilidade, uma paz e alegria. Senti falta do companheirismo com o grupo e tentava procurar isso em outras atividades, mas n\u00e3o \u00e9 a mesma coisa\u201d, diz.<\/span><\/p>\n<p style=\"text-align: justify;\"><span style=\"font-family: arial, helvetica, sans-serif; color: #0000ff;\"><strong>Tradi\u00e7\u00e3o que envolve gera\u00e7\u00f5es<\/strong><\/span><\/p>\n<p style=\"text-align: justify;\"><span style=\"font-family: arial, helvetica, sans-serif;\">No envolvimento e encontro com a cultura ga\u00facha nos CTG\u2019s, muitos integrantes acabam tendo contato com a dan\u00e7a ao apoiar um familiar que est\u00e1 inserido neste cen\u00e1rio, transmitindo a paix\u00e3o pelo tradicionalismo.<\/span><\/p>\n<p style=\"text-align: justify;\"><span style=\"font-family: arial, helvetica, sans-serif;\">A prenda de 37 anos do CTG Sentinela das Coxilhas, Fabrine Sim\u00f5es Nunes, ingressou na dan\u00e7a por conta de seu filho, acompanhando-o nos ensaios. Por conta de seu envolvimento na atividade, aceitou um convite para ingressar como dan\u00e7arina na invernada adulta. \u201cSempre gostei da dan\u00e7a, sempre foi um sonho, mas nunca tive oportunidade. Meu filho, que agora tem 14 anos, foi convidado para dan\u00e7ar e consequentemente nos levou para o CTG\u201d, diz.<\/span><\/p>\n<p style=\"text-align: justify;\"><span style=\"font-family: arial, helvetica, sans-serif;\">Fabrine acompanhava o filho nos ensaios e apresenta\u00e7\u00f5es, contudo, ainda n\u00e3o havia tido a experi\u00eancia de participar de um grupo de dan\u00e7a. \u201cNo in\u00edcio eu fiquei meio receosa, com medo, mas depois que eu comecei, foi a realiza\u00e7\u00e3o de um sonho e, ainda melhor, podendo dan\u00e7ar junto com meus filhos\u201d, afirma.<\/span><\/p>\n<p style=\"text-align: justify;\"><span style=\"font-family: arial, helvetica, sans-serif;\">No per\u00edodo de isolamento social, Fabrine comenta que a aus\u00eancia dos ensaios fez falta na rotina. Ao retornar, ela explica que as reuni\u00f5es feitas antes na sede campeira do CTG Sentinela da Coxilhas, pr\u00f3xima \u00e0 sua casa, foram adaptadas agora para a cidade, devido ao aumento de membros na regi\u00e3o. Mesmo assim, ela se prop\u00f4s a continuar na atividade pelos filhos e por si mesma,<\/span><\/p>\n<p style=\"text-align: justify;\"><span style=\"font-family: arial, helvetica, sans-serif;\">J\u00e1 para o pe\u00e3o de 36 anos, tamb\u00e9m do CTG Sentinela das Coxilhas, Jo\u00e3o Dolizete Maia Ferreira, sua hist\u00f3ria como dan\u00e7arino \u00e9 semelhante \u00e0 de Fabrine. No in\u00edcio, Dolizete acompanhava suas filhas nos ensaios e criou, assim, afinidade com a atividade. O envolvimento com as filhas no CTG despertou a vontade de dan\u00e7ar e o incentivou a participar como dan\u00e7arino na categoria adulta.<\/span><\/p>\n<p style=\"text-align: justify;\"><span style=\"font-family: arial, helvetica, sans-serif;\">Para Dolizete, a paralisa\u00e7\u00e3o das atividades foi a quebra de um ritmo, tornando a retomada um pouco dif\u00edcil para alcan\u00e7ar o mesmo andamento que o grupo tinha antes. \u201cOs ensaios e apresenta\u00e7\u00f5es criam um envolvimento. Tu ficas sempre em uma correria na rotina. Chegas do trabalho, tomas um banho, acompanhas os hor\u00e1rios para chegar aqui e come\u00e7ar as atividades com o grupo. Fica mais complicado para come\u00e7ar a reagir de novo, mas \u00e9 tudo muito gratificante\u201d, diz.<\/span><\/p>\n<p style=\"text-align: justify;\"><span style=\"font-family: arial, helvetica, sans-serif; color: #0000ff;\"><strong>La\u00e7os criados pelo ritmo<\/strong><\/span><\/p>\n<p style=\"text-align: justify;\"><span style=\"font-family: arial, helvetica, sans-serif;\">O conv\u00edvio di\u00e1rio e a constru\u00e7\u00e3o de harmonia com o grupo, gera rela\u00e7\u00f5es de amizade e companheirismo entre os colegas, sendo um dos aspectos ressaltados como uma falta durante o per\u00edodo de isolamento na pandemia de Covid-19.<\/span><\/p>\n<p style=\"text-align: justify;\"><span style=\"font-family: arial, helvetica, sans-serif;\">O pe\u00e3o de 27 anos da invernada adulta do CTG Sentinela das Coxilhas, Guilherme Costa, tem a dan\u00e7a como uma forma de contato com os amigos e foi incentivado pelos seus atuais instrutores a pisar pela primeira vez no tablado, assim, partilhando um compromisso e os acompanhando onde for preciso. \u201cO que eu mais estranhei nessa \u00e9poca de pandemia foi me afastar dos meus amigos. Com o passar dos anos eu criei muitas amizades dentro dos CTG\u2019s e senti falta do conv\u00edvio com o pessoal\u201d, diz.<\/span><\/p>\n<p style=\"text-align: justify;\"><span style=\"font-family: arial, helvetica, sans-serif;\">A prenda de 17 anos da invernada adulta do CTG Joaquim Paulo de Freitas, Bibiana Quintana Mattos, comenta que sentiu falta do conv\u00edvio e ensaios com o grupo no per\u00edodo de isolamento. &#8220;\u00c0s vezes, o nosso patr\u00e3o do CTG enviava alguns v\u00eddeos no grupo e rever os nossos ensaios aumentava a saudade\u201d, exclama.<\/span><\/p>\n<p style=\"text-align: justify;\"><span style=\"font-family: arial, helvetica, sans-serif;\">Desde cedo, o pe\u00e3o de 19 anos do CTG Sentinela das Coxilhas, Renan Neitzke Munsberg, esteve envolvido com o tradicionalismo em sua vida e, ap\u00f3s um per\u00edodo afastado das dan\u00e7as, a identifica\u00e7\u00e3o com o grupo foi o incentivo que precisava para retornar. \u201cEu sempre tive vontade de voltar a dan\u00e7ar, sabe? Eu me identifiquei muito com o pessoal do grupo e me senti acolhido por eles, por isso, escolhi voltar\u201d, relata.<\/span><\/p>\n<p style=\"text-align: justify;\"><span style=\"font-family: arial, helvetica, sans-serif;\">No momento, as entidades tradicionalistas est\u00e3o focadas na retomada de ritmo para as futuras apresenta\u00e7\u00f5es e ansiosas pela volta aos tablados.<\/span><\/p>\n<p style=\"text-align: justify;\"><a href=\"http:\/\/wp.ufpel.edu.br\/artenosul\"><span style=\"color: #0000ff;\"><strong><span style=\"font-family: arial, helvetica, sans-serif;\">PRIMEIRA P\u00c1GINA<\/span><\/strong><\/span><\/a><\/p>\n<p style=\"text-align: justify;\"><span style=\"color: #0000ff;\"><strong><span style=\"font-family: arial, helvetica, sans-serif;\">COMENT\u00c1RIOS<\/span><\/strong><\/span><\/p>\n<div data-test='contact-form'\n\t\t\tid='contact-form-11882'\n\t\t\tclass='wp-block-jetpack-contact-form-container '\n\t\t\tdata-wp-interactive='jetpack\/form' data-wp-context='{\"formId\":\"11882\",\"formHash\":\"53dee1882ccec0b14b2507611e7ba52fc3a8754d\",\"showErrors\":false,\"errors\":[],\"fields\":[],\"isMultiStep\":false,\"useAjax\":true,\"submissionData\":null,\"formattedSubmissionData\":[],\"submissionSuccess\":false,\"submissionError\":null,\"elementId\":\"jp-form-53dee1882ccec0b14b2507611e7ba52fc3a8754d\",\"isSingleInputForm\":false}'\n\t\t\tdata-wp-watch--scroll-to-wrapper=\"callbacks.scrollToWrapper\"\n\t\t>\n<div class=\"contact-form-submission contact-form-ajax-submission\" data-wp-class--submission-success=\"context.submissionSuccess\"><p class=\"go-back-message\"><a class=\"link\" role=\"button\" tabindex=\"0\" data-wp-on--click=\"actions.goBack\" href=\"\/artenosul\/wp-json\/wp\/v2\/posts\/11882\">Voltar<\/a><\/p><h4 id=\"contact-form-success-header\">Sua mensagem foi enviada<\/h4>\n\n<template data-wp-each--submission=\"context.formattedSubmissionData\">\n\t\t\t\t\t<div class=\"jetpack_forms_contact-form-success-summary\">\n\t\t\t\t\t\t<div class=\"field-name\" data-wp-text=\"context.submission.label\" data-wp-bind--hidden=\"!context.submission.label\"><\/div>\n\t\t\t\t\t\t<div class=\"field-value\" data-wp-text=\"context.submission.value\"><\/div>\n\t\t\t\t\t\t<div class=\"field-images\" data-wp-bind--hidden=\"!context.submission.images\">\n\t\t\t\t\t\t\t<template data-wp-each--image=\"context.submission.images\">\n\t\t\t\t\t\t\t\t<figure class=\"field-image\" data-wp-class--is-empty=\"!context.image\">\n\t\t\t\t\t\t\t\t\t<img data-wp-bind--src=\"context.image\" data-wp-bind--hidden=\"!context.image\" \/>\n\t\t\t\t\t\t\t\t\t<img decoding=\"async\" src=\"data:image\/gif;base64,R0lGODlhAQABAAD\/ACwAAAAAAQABAAACADs=\" data-wp-bind--hidden=\"context.image\" \/>\n\t\t\t\t\t\t\t\t<\/figure>\n\t\t\t\t\t\t\t<\/template>\n\t\t\t\t\t\t<\/div>\n\t\t\t\t\t<\/div>\n\t\t\t\t<\/template><\/div><form action='https:\/\/wp.ufpel.edu.br\/artenosul\/2022\/06\/07\/a-volta-aos-tablados-nos-ctgs\/'\n\t\t\t\tid='jp-form-53dee1882ccec0b14b2507611e7ba52fc3a8754d'\n\t\t\t\tmethod='post'\n\t\t\t\tclass='contact-form commentsblock' aria-label=\"A volta aos tablados nos CTG&#039;s\"\n\t\t\t\tdata-wp-on--submit=\"actions.onFormSubmit\"\n\t\t\t\tdata-wp-on--reset=\"actions.onFormReset\"\n\t\t\t\tdata-wp-class--submission-success=\"context.submissionSuccess\"\n\t\t\t\tdata-wp-class--is-first-step=\"state.isFirstStep\"\n\t\t\t\tdata-wp-class--is-last-step=\"state.isLastStep\"\n\t\t\t\tdata-wp-class--is-ajax-form=\"context.useAjax\"\n\t\t\t\tnovalidate >\n<input type='hidden' name='jetpack_contact_form_jwt' value='eyJ0eXAiOiJKV1QiLCJhbGciOiJIUzI1NiJ9.eyJlbmNyeXB0ZWRfYXR0cmlidXRlcyI6IllkQjV0VTlqdVNkNlpOYXR2dGVRUzBwVlZ6MG1XbHRudFJZZDJKSGRhVmxzdGphQWpFeUpjYVR5TFA0ZThreGVZeEpNZ2RXSDNaL3cva0lyM2cvbEh5dUo0bzJ4Z21ocFRVMmw1RzVIaFg5U1llV3oyNzJlY2Z5b1p2bUg2dnFpNnJYSjZVa2FiUEJQZTQ4SDJUWU5DMzlMMDZiM01qcm9tL2FPUXZXem5IZnRkMVBBMDA0UGJTWllva1JiMzV0cjhZQisyaEJVZjQvcjBhVzVSNHArdHA2RXFoV1VzTllSWVgyUkZCQzBzWTV3aUdPWDNoTkI5QkVPT09mUkZaMEh1UXdkM21yemJKVVY2TWhseWpSTHZOWGtHTTIrNmRFYndzOGNBV0M3MzBhdlVFSjVkblp4aUJGRmVUbFVSUVRMQXdrZWFsNFJRL1RWNWVWbHU2MmJ3dzFSWVI2aVBxT2xPZDBDT2NiaVlISjhJb2pGcm03Vmo1VXVyZnh6REo4LzFlWGd1aVNDRWJhYmdqMXhKbzhMY1BUWHkvQnJrR21aRGR4RTQzWHh6ZW53WHpuNVNTbnJlenE3cjM1K2hQb3JyV1d0L2ExNlpKdXIxNmhaN2RXVzdGTlVWMThKNnd4YVdQWGlHN0NoY3ZJb1h6UU5Vd1grZUZtUkszKytJYWdvd2FZVHYvUXFrQ2Z3eXMraTl1cnJMaVhnV1lhdlZyaHhIZFgwVFgrN1RHRzQ2Z2ljeXc1Z1pwSkg5a0pWSmsvNnJpMjYrUUY5c0tNTnh1ckJweXRhakRNWCtwSFQ5dGRsNFVKazBxRitTS2NlVm5HQnFvaVZSS2tHdVlaaWZNWlFXSGJiZnp5L0JqMStnTC9DQUZ0cDR2SU9vNjVkcEl4QjBLeXdNdEY5YUphTmdaQW5RalRQVWtYeEhKZTNNemlrMG9oWWtvZ0doclpmcWhJd0dKYlExM1YrTFc5YXhpNUNCRWhZSEtiUDM1NjhjUUZ1dzc4YjNnY2s4VE9ielI5Nk1WWmZIYm1pZEhzWFE1T0I4NCtJQ1lnaDUxMGNubDR0YVNIYVozb0IxNlJSOHVhWUxkb0t0MXp4YzVkQVFrU29HN1BNcDN4M3BVVmQ1aW5VNE9SdlllSU9JdHRKa3ZMTWxPVmtoSy8weU5TdGFkRXF5bXBoaExOcVdMWG9pSzljcjVld1c0VHVNUT09IiwiY29udGVudCI6Iltjb250YWN0LWZpZWxkIGxhYmVsPVwiTm9tZVwiIHR5cGU9XCJuYW1lXCJdW2NvbnRhY3QtZmllbGQgbGFiZWw9XCJFLW1haWxcIiB0eXBlPVwiZW1haWxcIl1bY29udGFjdC1maWVsZCBsYWJlbD1cIk1lbnNhZ2VtXCIgdHlwZT1cInRleHRhcmVhXCJdIiwiaGFzaCI6IjUzZGVlMTg4MmNjZWMwYjE0YjI1MDc2MTFlN2JhNTJmYzNhODc1NGQiLCJzb3VyY2UiOnsiZW50cnlfdGl0bGUiOiJBIHZvbHRhIGFvcyB0YWJsYWRvcyBub3MgQ1RHXHUyMDE5cyIsImVudHJ5X3BhZ2UiOjEsInNvdXJjZV9pZCI6MTE4ODIsInNvdXJjZV90eXBlIjoic2luZ2xlIiwicmVxdWVzdF91cmwiOiJodHRwczovL3dwLnVmcGVsLmVkdS5ici9hcnRlbm9zdWwvd3AtanNvbi93cC92Mi9wb3N0cy8xMTg4MiJ9LCJ2ZXJzaW9uIjoyLCJjaXBoZXIiOiJhZXMtMjU2LWdjbSJ9.L9lUPUMyZTmDIvR-ke03FIWJ-LjRQucVz_26El5yLhw' \/>\n\n<div style=\"\"  data-wp-interactive=\"jetpack\/form\" data-wp-context='{\"fieldId\":\"g11882-nome\",\"fieldType\":\"name\",\"fieldLabel\":\"Nome\",\"fieldValue\":\"\",\"fieldPlaceholder\":\"\",\"fieldIsRequired\":\"\",\"fieldErrorMessage\":\"\",\"fieldExtra\":[],\"formHash\":\"53dee1882ccec0b14b2507611e7ba52fc3a8754d\"}'  class='grunion-field-name-wrap grunion-field-wrap'  data-wp-init='callbacks.initializeField' data-wp-on--jetpack-form-reset='callbacks.initializeField' >\n<label\n\t\t\t\tfor='g11882-nome' class=\"grunion-field-label name\" >Nome<\/label>\n<input\n\t\t\t\t\ttype='text'\n\t\t\t\t\tname='g11882-nome'\n\t\t\t\t\tid='g11882-nome'\n\t\t\t\t\tvalue=''\n\n\t\t\t\t\tdata-wp-bind--aria-invalid='state.fieldHasErrors'\n\t\t\t\t\tdata-wp-bind--value='state.getFieldValue'\n\t\t\t\t\taria-errormessage='g11882-nome-text-error-message'\n\t\t\t\t\tdata-wp-on--input='actions.onFieldChange'\n\t\t\t\t\tdata-wp-on--blur='actions.onFieldBlur'\n\t\t\t\t\tdata-wp-class--has-value='state.hasFieldValue'\n\n\t\t\t\t\tclass='name  grunion-field' \n\t\t\t\t\t \/>\n \n\t\t\t<div id=\"g11882-nome-text-error\" class=\"contact-form__input-error\" data-wp-class--has-errors=\"state.fieldHasErrors\">\n\t\t\t\t<span class=\"contact-form__warning-icon\">\n\t\t\t\t\t<svg width=\"16\" height=\"16\" viewBox=\"0 0 16 16\" fill=\"none\" xmlns=\"http:\/\/www.w3.org\/2000\/svg\">\n\t\t\t\t\t\t<path d=\"M8.50015 11.6402H7.50015V10.6402H8.50015V11.6402Z\" \/>\n\t\t\t\t\t\t<path d=\"M7.50015 9.64018H8.50015V6.30684H7.50015V9.64018Z\" \/>\n\t\t\t\t\t\t<path fill-rule=\"evenodd\" clip-rule=\"evenodd\" d=\"M6.98331 3.0947C7.42933 2.30177 8.57096 2.30177 9.01698 3.09469L13.8771 11.7349C14.3145 12.5126 13.7525 13.4735 12.8602 13.4735H3.14004C2.24774 13.4735 1.68575 12.5126 2.12321 11.7349L6.98331 3.0947ZM8.14541 3.58496C8.08169 3.47168 7.9186 3.47168 7.85488 3.58496L2.99478 12.2251C2.93229 12.3362 3.01257 12.4735 3.14004 12.4735H12.8602C12.9877 12.4735 13.068 12.3362 13.0055 12.2251L8.14541 3.58496Z\" \/>\n\t\t\t\t\t<\/svg>\n\t\t\t\t\t<span class=\"visually-hidden\">Aviso<\/span>\n\t\t\t\t<\/span>\n\t\t\t\t<span data-wp-text=\"state.errorMessage\" id=\"g11882-nome-text-error-message\" role=\"alert\" aria-live=\"assertive\"><\/span>\n\t\t\t<\/div> \n\t<\/div>\n\n<div style=\"\"  data-wp-interactive=\"jetpack\/form\" data-wp-context='{\"fieldId\":\"g11882-email\",\"fieldType\":\"email\",\"fieldLabel\":\"E-mail\",\"fieldValue\":\"\",\"fieldPlaceholder\":\"\",\"fieldIsRequired\":\"\",\"fieldErrorMessage\":\"\",\"fieldExtra\":[],\"formHash\":\"53dee1882ccec0b14b2507611e7ba52fc3a8754d\"}'  class='grunion-field-email-wrap grunion-field-wrap'  data-wp-init='callbacks.initializeField' data-wp-on--jetpack-form-reset='callbacks.initializeField' >\n<label\n\t\t\t\tfor='g11882-email' class=\"grunion-field-label email\" >E-mail<\/label>\n<input\n\t\t\t\t\ttype='email'\n\t\t\t\t\tname='g11882-email'\n\t\t\t\t\tid='g11882-email'\n\t\t\t\t\tvalue=''\n\n\t\t\t\t\tdata-wp-bind--aria-invalid='state.fieldHasErrors'\n\t\t\t\t\tdata-wp-bind--value='state.getFieldValue'\n\t\t\t\t\taria-errormessage='g11882-email-email-error-message'\n\t\t\t\t\tdata-wp-on--input='actions.onFieldChange'\n\t\t\t\t\tdata-wp-on--blur='actions.onFieldBlur'\n\t\t\t\t\tdata-wp-class--has-value='state.hasFieldValue'\n\n\t\t\t\t\tclass='email  grunion-field' \n\t\t\t\t\t \/>\n \n\t\t\t<div id=\"g11882-email-email-error\" class=\"contact-form__input-error\" data-wp-class--has-errors=\"state.fieldHasErrors\">\n\t\t\t\t<span class=\"contact-form__warning-icon\">\n\t\t\t\t\t<svg width=\"16\" height=\"16\" viewBox=\"0 0 16 16\" fill=\"none\" xmlns=\"http:\/\/www.w3.org\/2000\/svg\">\n\t\t\t\t\t\t<path d=\"M8.50015 11.6402H7.50015V10.6402H8.50015V11.6402Z\" \/>\n\t\t\t\t\t\t<path d=\"M7.50015 9.64018H8.50015V6.30684H7.50015V9.64018Z\" \/>\n\t\t\t\t\t\t<path fill-rule=\"evenodd\" clip-rule=\"evenodd\" d=\"M6.98331 3.0947C7.42933 2.30177 8.57096 2.30177 9.01698 3.09469L13.8771 11.7349C14.3145 12.5126 13.7525 13.4735 12.8602 13.4735H3.14004C2.24774 13.4735 1.68575 12.5126 2.12321 11.7349L6.98331 3.0947ZM8.14541 3.58496C8.08169 3.47168 7.9186 3.47168 7.85488 3.58496L2.99478 12.2251C2.93229 12.3362 3.01257 12.4735 3.14004 12.4735H12.8602C12.9877 12.4735 13.068 12.3362 13.0055 12.2251L8.14541 3.58496Z\" \/>\n\t\t\t\t\t<\/svg>\n\t\t\t\t\t<span class=\"visually-hidden\">Aviso<\/span>\n\t\t\t\t<\/span>\n\t\t\t\t<span data-wp-text=\"state.errorMessage\" id=\"g11882-email-email-error-message\" role=\"alert\" aria-live=\"assertive\"><\/span>\n\t\t\t<\/div> \n\t<\/div>\n\n<div style=\"\"  data-wp-interactive=\"jetpack\/form\" data-wp-context='{\"fieldId\":\"g11882-mensagem\",\"fieldType\":\"textarea\",\"fieldLabel\":\"Mensagem\",\"fieldValue\":\"\",\"fieldPlaceholder\":\"\",\"fieldIsRequired\":\"\",\"fieldErrorMessage\":\"\",\"fieldExtra\":[],\"formHash\":\"53dee1882ccec0b14b2507611e7ba52fc3a8754d\"}'  class='grunion-field-textarea-wrap grunion-field-wrap'  data-wp-init='callbacks.initializeField' data-wp-on--jetpack-form-reset='callbacks.initializeField' >\n<label\n\t\t\t\tfor='contact-form-comment-g11882-mensagem' class=\"grunion-field-label textarea\" >Mensagem<\/label>\n<textarea\n\t\t                style=''\n\t\t                name='g11882-mensagem'\n\t\t                id='contact-form-comment-g11882-mensagem'\n\t\t                rows='20'\n\t\t\t\t\t\tdata-wp-text='state.getFieldValue'\n\t\t\t\t\t\tdata-wp-on--input='actions.onFieldChange'\n\t\t\t\t\t\tdata-wp-on--blur='actions.onFieldBlur'\n\t\t\t\t\t\tdata-wp-class--has-value='state.hasFieldValue'\n\t\t\t\t\t\tdata-wp-bind--aria-invalid='state.fieldHasErrors'\n\t\t\t\t\t\taria-errormessage='g11882-mensagem-textarea-error-message'\n\t\t\t\t\t\tclass='textarea  grunion-field'  ><\/textarea>\n \n\t\t\t<div id=\"g11882-mensagem-textarea-error\" class=\"contact-form__input-error\" data-wp-class--has-errors=\"state.fieldHasErrors\">\n\t\t\t\t<span class=\"contact-form__warning-icon\">\n\t\t\t\t\t<svg width=\"16\" height=\"16\" viewBox=\"0 0 16 16\" fill=\"none\" xmlns=\"http:\/\/www.w3.org\/2000\/svg\">\n\t\t\t\t\t\t<path d=\"M8.50015 11.6402H7.50015V10.6402H8.50015V11.6402Z\" \/>\n\t\t\t\t\t\t<path d=\"M7.50015 9.64018H8.50015V6.30684H7.50015V9.64018Z\" \/>\n\t\t\t\t\t\t<path fill-rule=\"evenodd\" clip-rule=\"evenodd\" d=\"M6.98331 3.0947C7.42933 2.30177 8.57096 2.30177 9.01698 3.09469L13.8771 11.7349C14.3145 12.5126 13.7525 13.4735 12.8602 13.4735H3.14004C2.24774 13.4735 1.68575 12.5126 2.12321 11.7349L6.98331 3.0947ZM8.14541 3.58496C8.08169 3.47168 7.9186 3.47168 7.85488 3.58496L2.99478 12.2251C2.93229 12.3362 3.01257 12.4735 3.14004 12.4735H12.8602C12.9877 12.4735 13.068 12.3362 13.0055 12.2251L8.14541 3.58496Z\" \/>\n\t\t\t\t\t<\/svg>\n\t\t\t\t\t<span class=\"visually-hidden\">Aviso<\/span>\n\t\t\t\t<\/span>\n\t\t\t\t<span data-wp-text=\"state.errorMessage\" id=\"g11882-mensagem-textarea-error-message\" role=\"alert\" aria-live=\"assertive\"><\/span>\n\t\t\t<\/div>\n\t<\/div>\n\t<p class='contact-submit'>\n<div class=\"contact-form__error\" data-wp-class--show-errors=\"state.showFormErrors\"><span class=\"contact-form__warning-icon\"><span class=\"visually-hidden\">Aten\u00e7\u00e3o.<\/span><i aria-hidden=\"true\"><\/i><\/span>\n\t\t\t\t<span data-wp-text=\"state.getFormErrorMessage\"><\/span>\n\t\t\t\t<ul>\n\t\t\t\t<template data-wp-each=\"state.getErrorList\" data-wp-key=\"context.item.id\">\n\t\t\t\t\t<li><a data-wp-bind--href=\"context.item.anchor\" data-wp-on--click=\"actions.scrollIntoView\" data-wp-text=\"context.item.label\"><\/a><\/li>\n\t\t\t\t<\/template>\n\t\t\t\t<\/ul><\/div><div class=\"contact-form__error\" data-wp-class--show-errors=\"state.showSubmissionError\" data-wp-text=\"context.submissionError\"><\/div>\t\t<button type='submit' class='pushbutton-wide'>Enviar<\/button>\t\t<input type='hidden' name='contact-form-id' value='11882' \/>\n\t\t<input type='hidden' name='action' value='grunion-contact-form' \/>\n\t\t<input type='hidden' name='contact-form-hash' value='53dee1882ccec0b14b2507611e7ba52fc3a8754d' \/>\n\t<\/p>\n<p style=\"display: none !important;\" class=\"akismet-fields-container\" data-prefix=\"ak_\"><label>&#916;<textarea name=\"ak_hp_textarea\" cols=\"45\" rows=\"8\" maxlength=\"100\"><\/textarea><\/label><input type=\"hidden\" id=\"ak_js_1\" name=\"ak_js\" value=\"117\"\/><script>document.getElementById( \"ak_js_1\" ).setAttribute( \"value\", ( new Date() ).getTime() );<\/script><\/p><\/form>\n<\/div>\n","protected":false},"excerpt":{"rendered":"<p>Por Vivian Domingues Mattos\u00a0 \u00a0 A retomada das dan\u00e7as nos Centros de Tradi\u00e7\u00e3o Ga\u00facha cangu\u00e7uenses no p\u00f3s-pandemia A integra\u00e7\u00e3o e o contato entre colegas, presenciado nas dan\u00e7as tradicionalistas dos Centros de Tradi\u00e7\u00f5es Ga\u00fachas (CTG\u2019s) do Rio Grande do Sul, esteve paralisado temporariamente pela pandemia de Covid-19. Agora, ap\u00f3s as flexibiliza\u00e7\u00f5es sanit\u00e1rias permitirem maior contato, as &hellip; <\/p>\n<p><a class=\"more-link btn\" href=\"https:\/\/wp.ufpel.edu.br\/artenosul\/2022\/06\/07\/a-volta-aos-tablados-nos-ctgs\/\">Continue lendo<\/a><\/p>\n","protected":false},"author":571,"featured_media":11890,"comment_status":"closed","ping_status":"closed","sticky":false,"template":"","format":"standard","meta":{"jetpack_post_was_ever_published":false,"_jetpack_newsletter_access":"","_jetpack_dont_email_post_to_subs":false,"_jetpack_newsletter_tier_id":0,"_jetpack_memberships_contains_paywalled_content":false,"_jetpack_memberships_contains_paid_content":false,"footnotes":"","jetpack_publicize_message":"","jetpack_publicize_feature_enabled":true,"jetpack_social_post_already_shared":true,"jetpack_social_options":{"image_generator_settings":{"template":"highway","default_image_id":0,"font":"","enabled":false},"version":2}},"categories":[88,45,1],"tags":[936,1508,1507,1032,46,1511,1512,1510,1509,1418],"class_list":["post-11882","post","type-post","status-publish","format-standard","has-post-thumbnail","hentry","category-comunidade","category-danca","category-noticias","tag-cangucu","tag-ctg-joaquim-paulo-de-freitas","tag-ctg-sentinela-das-coxilhas","tag-cultura-gaucha","tag-danca","tag-danca-tradicional","tag-dancas-tradicionais","tag-gaucho","tag-tradicionalismo","tag-vivian-domingues-mattos","nodate","item-wrap"],"jetpack_publicize_connections":[],"jetpack_featured_media_url":"https:\/\/wp.ufpel.edu.br\/artenosul\/files\/2022\/06\/CTG-Joaquim-Paulo-de-Freitas-2c.jpg","jetpack_sharing_enabled":true,"jetpack_likes_enabled":true,"jetpack_shortlink":"https:\/\/wp.me\/p6PuxQ-35E","jetpack-related-posts":[{"id":12641,"url":"https:\/\/wp.ufpel.edu.br\/artenosul\/2022\/09\/22\/grupo-cangucuense-fomenta-cultura-atraves-de-dancas-folcloricas\/","url_meta":{"origin":11882,"position":0},"title":"Grupo cangu\u00e7uense fomenta cultura atrav\u00e9s de dan\u00e7as folcl\u00f3ricas","author":"artenosul","date":"22 de setembro de 2022","format":false,"excerpt":"Ideia \u00e9 manifestar tradi\u00e7\u00e3o de diversas origens com integrantes de v\u00e1rias faixas de idade\u00a0\u00a0\u00a0\u00a0 Por Vivian Domingues Mattos\u00a0\u00a0\u00a0 \u00a0 Vinculado \u00e0 Associa\u00e7\u00e3o Cultural Gramado, o Grupo de Dan\u00e7as Folcl\u00f3ricas Bauernkreis atua em Cangu\u00e7u, no Rio Grande do Sul, realizando manifesta\u00e7\u00f5es art\u00edsticas que carregam elementos que percorrem as culturas alem\u00e3, pomerana,\u2026","rel":"","context":"Em &quot;COMUNIDADE&quot;","block_context":{"text":"COMUNIDADE","link":"https:\/\/wp.ufpel.edu.br\/artenosul\/category\/comunidade\/"},"img":{"alt_text":"","src":"https:\/\/i0.wp.com\/wp.ufpel.edu.br\/artenosul\/files\/2022\/09\/WhatsApp-Image-2022-09-05-at-13.14.20.jpeg?resize=350%2C200&ssl=1","width":350,"height":200,"srcset":"https:\/\/i0.wp.com\/wp.ufpel.edu.br\/artenosul\/files\/2022\/09\/WhatsApp-Image-2022-09-05-at-13.14.20.jpeg?resize=350%2C200&ssl=1 1x, https:\/\/i0.wp.com\/wp.ufpel.edu.br\/artenosul\/files\/2022\/09\/WhatsApp-Image-2022-09-05-at-13.14.20.jpeg?resize=525%2C300&ssl=1 1.5x, https:\/\/i0.wp.com\/wp.ufpel.edu.br\/artenosul\/files\/2022\/09\/WhatsApp-Image-2022-09-05-at-13.14.20.jpeg?resize=700%2C400&ssl=1 2x, https:\/\/i0.wp.com\/wp.ufpel.edu.br\/artenosul\/files\/2022\/09\/WhatsApp-Image-2022-09-05-at-13.14.20.jpeg?resize=1050%2C600&ssl=1 3x, https:\/\/i0.wp.com\/wp.ufpel.edu.br\/artenosul\/files\/2022\/09\/WhatsApp-Image-2022-09-05-at-13.14.20.jpeg?resize=1400%2C800&ssl=1 4x"},"classes":[]},{"id":10493,"url":"https:\/\/wp.ufpel.edu.br\/artenosul\/2022\/04\/17\/bibliovan-projeto-itinerante-visita-cangucu\/","url_meta":{"origin":11882,"position":1},"title":"BiblioVAN: projeto itinerante visita Cangu\u00e7u","author":"artenosul","date":"17 de abril de 2022","format":false,"excerpt":"Por Vivian Domingues Mattos\u00a0 \u00a0 \u00a0 O poeta Pedro Marodin est\u00e1 transitando todo o Estado com a sua biblioteca Transportando cultura sobre quatro rodas, o projeto BiblioVAN do poeta e escritor Pedro Marodin, viaja entre cidades brasileiras levando literatura e arte. A iniciativa foi contemplada pela Lei Aldir Blanc de\u2026","rel":"","context":"Em &quot;LITERATURA&quot;","block_context":{"text":"LITERATURA","link":"https:\/\/wp.ufpel.edu.br\/artenosul\/category\/literatura\/"},"img":{"alt_text":"","src":"https:\/\/i0.wp.com\/wp.ufpel.edu.br\/artenosul\/files\/2022\/04\/Foto-Vivian-Domingues-Mattos-9.jpg?resize=350%2C200&ssl=1","width":350,"height":200,"srcset":"https:\/\/i0.wp.com\/wp.ufpel.edu.br\/artenosul\/files\/2022\/04\/Foto-Vivian-Domingues-Mattos-9.jpg?resize=350%2C200&ssl=1 1x, https:\/\/i0.wp.com\/wp.ufpel.edu.br\/artenosul\/files\/2022\/04\/Foto-Vivian-Domingues-Mattos-9.jpg?resize=525%2C300&ssl=1 1.5x"},"classes":[]},{"id":30463,"url":"https:\/\/wp.ufpel.edu.br\/artenosul\/2026\/02\/19\/historia-de-tradicoes-e-mudancas-na-pratica-da-danca-em-herval\/","url_meta":{"origin":11882,"position":2},"title":"Hist\u00f3ria de tradi\u00e7\u00f5es e mudan\u00e7as na pr\u00e1tica da dan\u00e7a em Herval","author":"artenosul","date":"19 de fevereiro de 2026","format":false,"excerpt":"Entretenimento marcado pelos bailes farroupilhas vem dando lugar a novos ritmos musicais e novas compreens\u00f5es dessa arte na fronteira ga\u00facha, especialmente como uma terapia\u00a0 \u00a0 \u00a0\u00a0 Por Daniel Santos e Lucas Maciel\u00a0 \u00a0 \u00a0 \u00a0\u00a0 \u00a0 \u00a0 O munic\u00edpio de Herval, localizado na fronteira entre o Brasil e o Uruguai,\u2026","rel":"","context":"Em &quot;COMUNIDADE&quot;","block_context":{"text":"COMUNIDADE","link":"https:\/\/wp.ufpel.edu.br\/artenosul\/category\/comunidade\/"},"img":{"alt_text":"","src":"https:\/\/i0.wp.com\/wp.ufpel.edu.br\/artenosul\/files\/2026\/02\/foto-1.jpg?resize=350%2C200&ssl=1","width":350,"height":200,"srcset":"https:\/\/i0.wp.com\/wp.ufpel.edu.br\/artenosul\/files\/2026\/02\/foto-1.jpg?resize=350%2C200&ssl=1 1x, https:\/\/i0.wp.com\/wp.ufpel.edu.br\/artenosul\/files\/2026\/02\/foto-1.jpg?resize=525%2C300&ssl=1 1.5x"},"classes":[]},{"id":11776,"url":"https:\/\/wp.ufpel.edu.br\/artenosul\/2022\/05\/20\/luiz-geraldo-telesca-lanca-livro-de-poemas-parnasianos\/","url_meta":{"origin":11882,"position":3},"title":"Luiz Geraldo Telesca lan\u00e7a livro de poemas parnasianos","author":"artenosul","date":"20 de maio de 2022","format":false,"excerpt":"Por Vivian Domingues Mattos\u00a0 \u00a0 \u00a0\u00a0 Escritor cangu\u00e7uense cria versos que seguem caracter\u00edsticas r\u00edtmicas e harm\u00f4nicas do movimento liter\u00e1rio do s\u00e9culo XIX Apresentando uma obra liter\u00e1ria com o uso estruturado e harmonioso das palavras, o escritor e advogado cangu\u00e7uense, Luiz Geraldo Telesca Mota, lan\u00e7a seu novo livro intitulado \u201cAchados Po\u00e9ticos\u2026","rel":"","context":"Em &quot;LITERATURA&quot;","block_context":{"text":"LITERATURA","link":"https:\/\/wp.ufpel.edu.br\/artenosul\/category\/literatura\/"},"img":{"alt_text":"","src":"https:\/\/i0.wp.com\/wp.ufpel.edu.br\/artenosul\/files\/2022\/05\/Luiz-Geraldo-Telescab.jpeg?resize=350%2C200&ssl=1","width":350,"height":200,"srcset":"https:\/\/i0.wp.com\/wp.ufpel.edu.br\/artenosul\/files\/2022\/05\/Luiz-Geraldo-Telescab.jpeg?resize=350%2C200&ssl=1 1x, https:\/\/i0.wp.com\/wp.ufpel.edu.br\/artenosul\/files\/2022\/05\/Luiz-Geraldo-Telescab.jpeg?resize=525%2C300&ssl=1 1.5x, https:\/\/i0.wp.com\/wp.ufpel.edu.br\/artenosul\/files\/2022\/05\/Luiz-Geraldo-Telescab.jpeg?resize=700%2C400&ssl=1 2x"},"classes":[]},{"id":8412,"url":"https:\/\/wp.ufpel.edu.br\/artenosul\/2019\/10\/13\/a-arte-de-ser-artista-em-cangucu\/","url_meta":{"origin":11882,"position":4},"title":"A arte de ser artista em Cangu\u00e7u","author":"artenosul","date":"13 de outubro de 2019","format":false,"excerpt":"Por Liziane Stoelben Rodrigues Cangu\u00e7u \u00e9 uma cidade ga\u00facha localizada no sul do estado do Rio Grande do Sul. Continua sendo um munic\u00edpio pequeno, mas tem muito a dizer sobre suas peculiaridades, al\u00e9m das suas belezas naturais. A cidade leva hoje o t\u00edtulo de Capital Nacional da Agricultura Familiar e\u2026","rel":"","context":"Em &quot;COMUNIDADE&quot;","block_context":{"text":"COMUNIDADE","link":"https:\/\/wp.ufpel.edu.br\/artenosul\/category\/comunidade\/"},"img":{"alt_text":"","src":"https:\/\/i0.wp.com\/wp.ufpel.edu.br\/artenosul\/files\/2019\/10\/2-4.jpg?resize=350%2C200&ssl=1","width":350,"height":200,"srcset":"https:\/\/i0.wp.com\/wp.ufpel.edu.br\/artenosul\/files\/2019\/10\/2-4.jpg?resize=350%2C200&ssl=1 1x, https:\/\/i0.wp.com\/wp.ufpel.edu.br\/artenosul\/files\/2019\/10\/2-4.jpg?resize=525%2C300&ssl=1 1.5x, https:\/\/i0.wp.com\/wp.ufpel.edu.br\/artenosul\/files\/2019\/10\/2-4.jpg?resize=700%2C400&ssl=1 2x"},"classes":[]},{"id":21602,"url":"https:\/\/wp.ufpel.edu.br\/artenosul\/2023\/09\/14\/centro-tradicoes-gauchas-coronel-thomaz-luiz-osorio-prepara-se-para-concorrer-em-diversos-festivais\/","url_meta":{"origin":11882,"position":5},"title":"Centro Tradi\u00e7\u00f5es Ga\u00fachas Coronel Thomaz Luiz Os\u00f3rio prepara-se para concorrer em diversos festivais","author":"artenosul","date":"14 de setembro de 2023","format":false,"excerpt":"CTG promoveu ensaio aberto e contou com apresenta\u00e7\u00f5es das invernadas Adulta, Mirim e Juvenil, com o intuito de arrecadar recursos visando as competi\u00e7\u00f5es estaduais\u00a0 \u00a0 \u00a0 \u00a0 Por Leonardo Cardoso e Pedro Barcelos\u00a0 \u00a0 \u00a0\u00a0 \u00a0 No dia 30 de agosto, no CTG Coronel Thomaz Luiz Os\u00f3rio, localizado no bairro\u2026","rel":"","context":"Em &quot;COMUNIDADE&quot;","block_context":{"text":"COMUNIDADE","link":"https:\/\/wp.ufpel.edu.br\/artenosul\/category\/comunidade\/"},"img":{"alt_text":"","src":"https:\/\/i0.wp.com\/wp.ufpel.edu.br\/artenosul\/files\/2023\/09\/imagem-para-capa-scaled.jpeg?resize=350%2C200&ssl=1","width":350,"height":200,"srcset":"https:\/\/i0.wp.com\/wp.ufpel.edu.br\/artenosul\/files\/2023\/09\/imagem-para-capa-scaled.jpeg?resize=350%2C200&ssl=1 1x, https:\/\/i0.wp.com\/wp.ufpel.edu.br\/artenosul\/files\/2023\/09\/imagem-para-capa-scaled.jpeg?resize=525%2C300&ssl=1 1.5x, https:\/\/i0.wp.com\/wp.ufpel.edu.br\/artenosul\/files\/2023\/09\/imagem-para-capa-scaled.jpeg?resize=700%2C400&ssl=1 2x, https:\/\/i0.wp.com\/wp.ufpel.edu.br\/artenosul\/files\/2023\/09\/imagem-para-capa-scaled.jpeg?resize=1050%2C600&ssl=1 3x, https:\/\/i0.wp.com\/wp.ufpel.edu.br\/artenosul\/files\/2023\/09\/imagem-para-capa-scaled.jpeg?resize=1400%2C800&ssl=1 4x"},"classes":[]}],"_links":{"self":[{"href":"https:\/\/wp.ufpel.edu.br\/artenosul\/wp-json\/wp\/v2\/posts\/11882","targetHints":{"allow":["GET"]}}],"collection":[{"href":"https:\/\/wp.ufpel.edu.br\/artenosul\/wp-json\/wp\/v2\/posts"}],"about":[{"href":"https:\/\/wp.ufpel.edu.br\/artenosul\/wp-json\/wp\/v2\/types\/post"}],"author":[{"embeddable":true,"href":"https:\/\/wp.ufpel.edu.br\/artenosul\/wp-json\/wp\/v2\/users\/571"}],"replies":[{"embeddable":true,"href":"https:\/\/wp.ufpel.edu.br\/artenosul\/wp-json\/wp\/v2\/comments?post=11882"}],"version-history":[{"count":14,"href":"https:\/\/wp.ufpel.edu.br\/artenosul\/wp-json\/wp\/v2\/posts\/11882\/revisions"}],"predecessor-version":[{"id":11902,"href":"https:\/\/wp.ufpel.edu.br\/artenosul\/wp-json\/wp\/v2\/posts\/11882\/revisions\/11902"}],"wp:featuredmedia":[{"embeddable":true,"href":"https:\/\/wp.ufpel.edu.br\/artenosul\/wp-json\/wp\/v2\/media\/11890"}],"wp:attachment":[{"href":"https:\/\/wp.ufpel.edu.br\/artenosul\/wp-json\/wp\/v2\/media?parent=11882"}],"wp:term":[{"taxonomy":"category","embeddable":true,"href":"https:\/\/wp.ufpel.edu.br\/artenosul\/wp-json\/wp\/v2\/categories?post=11882"},{"taxonomy":"post_tag","embeddable":true,"href":"https:\/\/wp.ufpel.edu.br\/artenosul\/wp-json\/wp\/v2\/tags?post=11882"}],"curies":[{"name":"wp","href":"https:\/\/api.w.org\/{rel}","templated":true}]}}