{"id":10705,"date":"2022-05-09T09:54:03","date_gmt":"2022-05-09T12:54:03","guid":{"rendered":"https:\/\/wp.ufpel.edu.br\/artenosul\/?p=10705"},"modified":"2022-05-09T09:54:03","modified_gmt":"2022-05-09T12:54:03","slug":"museu-casa-fernando-pessoa-um-tesouro-para-ser-conhecido","status":"publish","type":"post","link":"https:\/\/wp.ufpel.edu.br\/artenosul\/2022\/05\/09\/museu-casa-fernando-pessoa-um-tesouro-para-ser-conhecido\/","title":{"rendered":"Museu Casa Fernando Pessoa: um tesouro para ser conhecido  \u00a0"},"content":{"rendered":"<p style=\"text-align: right;\"><span style=\"color: #003366;\"><strong><span style=\"font-family: arial, helvetica, sans-serif;\"><em>Por Vit\u00f3ria de G\u00f3es (Correspondente do site Arte no Sul em terras portuguesas)\u00a0 \u00a0 \u00a0 \u00a0\u00a0<\/em><\/span><\/strong><\/span><\/p>\n<p style=\"text-align: center;\"><em><span style=\"color: #003366;\"><strong><span style=\"font-family: arial, helvetica, sans-serif;\">Institui\u00e7\u00e3o sediada na antiga moradia do poeta promove v\u00e1rias exposi\u00e7\u00f5es<\/span><\/strong><\/span><\/em><\/p>\n<div id=\"attachment_10709\" style=\"width: 375px\" class=\"wp-caption alignleft\"><img loading=\"lazy\" decoding=\"async\" aria-describedby=\"caption-attachment-10709\" class=\"size-medium wp-image-10709\" src=\"https:\/\/wp.ufpel.edu.br\/artenosul\/files\/2022\/05\/Foto-2-FP-375x500.jpeg\" alt=\"\" width=\"375\" height=\"500\" srcset=\"https:\/\/wp.ufpel.edu.br\/artenosul\/files\/2022\/05\/Foto-2-FP-375x500.jpeg 375w, https:\/\/wp.ufpel.edu.br\/artenosul\/files\/2022\/05\/Foto-2-FP-225x300.jpeg 225w, https:\/\/wp.ufpel.edu.br\/artenosul\/files\/2022\/05\/Foto-2-FP-768x1024.jpeg 768w, https:\/\/wp.ufpel.edu.br\/artenosul\/files\/2022\/05\/Foto-2-FP-1152x1536.jpeg 1152w, https:\/\/wp.ufpel.edu.br\/artenosul\/files\/2022\/05\/Foto-2-FP-855x1140.jpeg 855w, https:\/\/wp.ufpel.edu.br\/artenosul\/files\/2022\/05\/Foto-2-FP.jpeg 1512w\" sizes=\"auto, (max-width: 375px) 100vw, 375px\" \/><p id=\"caption-attachment-10709\" class=\"wp-caption-text\"><span style=\"font-family: arial, helvetica, sans-serif;\"><strong><span style=\"color: #0000ff;\">\u00a0 \u00a0 \u00a0 \u00a0 \u00a0 \u00a0 \u00a0Exposi\u00e7\u00e3o: Retratos de Pessoa com sua fam\u00edlia\u00a0 \u00a0 \u00a0 \u00a0 \u00a0 Fotos:<\/span> <span style=\"color: #0000ff;\">Vit\u00f3ria de G\u00f3es<\/span><\/strong><\/span><\/p><\/div>\n<p style=\"text-align: justify;\"><span style=\"font-family: arial, helvetica, sans-serif;\">Hist\u00f3ria, arte e literatura. Essas resumem a experi\u00eancia de visita\u00e7\u00e3o e imers\u00e3o na Casa Fernando Pessoa, em Lisboa, Portugal. O local foi habitado pelo famoso escritor portugu\u00eas durante os seus \u00faltimos 15 anos de vida e \u00e9 dedicado \u00e0 sua biografia e obra.<\/span><\/p>\n<p style=\"text-align: justify;\"><span style=\"font-family: arial, helvetica, sans-serif;\">Dividida em tr\u00eas pisos, a casa que se tornou em um museu hist\u00f3rico-cultural, conta com diferentes exposi\u00e7\u00f5es e uma biblioteca especializada em poesia mundial. Logo no primeiro espa\u00e7o \u00e9 poss\u00edvel conhecer detalhes da vida de Fernando Pessoa, com objetos pessoais do autor, fotos da inf\u00e2ncia junto \u00e0 fam\u00edlia e at\u00e9 cartas trocadas com sua namorada, Oph\u00e9lia.<\/span><\/p>\n<p style=\"text-align: justify;\"><span style=\"font-family: arial, helvetica, sans-serif;\">Recursos tecnol\u00f3gicos tamb\u00e9m s\u00e3o utilizados ao longo do museu para introduzir o visitante ao mundo liter\u00e1rio. V\u00eddeos de entrevistas a amigos e familiares de Pessoa, sons para imers\u00e3o no ambiente como por exemplo, da escrita em papel, al\u00e9m de um espa\u00e7o para sentar e ouvir a narra\u00e7\u00e3o de cap\u00edtulos de alguns livros do poeta.<\/span><\/p>\n<p>&nbsp;<\/p>\n<div id=\"attachment_10708\" style=\"width: 502px\" class=\"wp-caption aligncenter\"><img loading=\"lazy\" decoding=\"async\" aria-describedby=\"caption-attachment-10708\" class=\" wp-image-10708\" src=\"https:\/\/wp.ufpel.edu.br\/artenosul\/files\/2022\/05\/Foto-3-FP-375x500.jpeg\" alt=\"\" width=\"502\" height=\"669\" srcset=\"https:\/\/wp.ufpel.edu.br\/artenosul\/files\/2022\/05\/Foto-3-FP-375x500.jpeg 375w, https:\/\/wp.ufpel.edu.br\/artenosul\/files\/2022\/05\/Foto-3-FP-225x300.jpeg 225w, https:\/\/wp.ufpel.edu.br\/artenosul\/files\/2022\/05\/Foto-3-FP-768x1024.jpeg 768w, https:\/\/wp.ufpel.edu.br\/artenosul\/files\/2022\/05\/Foto-3-FP-1152x1536.jpeg 1152w, https:\/\/wp.ufpel.edu.br\/artenosul\/files\/2022\/05\/Foto-3-FP-855x1140.jpeg 855w, https:\/\/wp.ufpel.edu.br\/artenosul\/files\/2022\/05\/Foto-3-FP.jpeg 1512w\" sizes=\"auto, (max-width: 502px) 100vw, 502px\" \/><p id=\"caption-attachment-10708\" class=\"wp-caption-text\"><span style=\"font-family: arial, helvetica, sans-serif;\"><strong><span style=\"color: #0000ff;\">Acervo do escritor\u00a0 com obras que v\u00e3o da astrologia \u00e0 fic\u00e7\u00e3o<\/span><\/strong><\/span><\/p><\/div>\n<p style=\"text-align: justify;\"><span style=\"font-family: arial, helvetica, sans-serif;\">Maria Eduarda Moraes, 21, \u00e9 brasileira e visitou o local. Ela conta que dentre as experi\u00eancias que teve em Portugal, conhecer o museu foi uma das melhores. \u201cGostei muito de como \u00e9 organizado, acho que ele instiga a curiosidade at\u00e9 de quem nunca ouviu falar sobre o Fernando Pessoa\u201d. E completa: \u201c\u00c9 um museu para que o p\u00fablico se sinta acolhido e entenda de fato o objetivo do local e quem foi o poeta\u201d.<\/span><\/p>\n<p style=\"text-align: justify;\"><span style=\"font-family: arial, helvetica, sans-serif;\">Em 2021 a Casa Fernando Pessoa recebeu o Pr\u00eamio Museu do Ano, atribu\u00eddo pela Associa\u00e7\u00e3o Portuguesa de Museologia (APOM). O conjunto documental no espa\u00e7o tamb\u00e9m \u00e9 classificado como Tesouro Nacional em Portugal.<\/span><\/p>\n<p style=\"text-align: justify;\"><span style=\"font-family: arial, helvetica, sans-serif; color: #0000ff;\"><strong>Quem foi Fernando Pessoa<\/strong><\/span><\/p>\n<div id=\"attachment_10707\" style=\"width: 456px\" class=\"wp-caption alignright\"><img loading=\"lazy\" decoding=\"async\" aria-describedby=\"caption-attachment-10707\" class=\" wp-image-10707\" src=\"https:\/\/wp.ufpel.edu.br\/artenosul\/files\/2022\/05\/Foto-1-FP-375x500.jpeg\" alt=\"\" width=\"456\" height=\"608\" srcset=\"https:\/\/wp.ufpel.edu.br\/artenosul\/files\/2022\/05\/Foto-1-FP-375x500.jpeg 375w, https:\/\/wp.ufpel.edu.br\/artenosul\/files\/2022\/05\/Foto-1-FP-225x300.jpeg 225w, https:\/\/wp.ufpel.edu.br\/artenosul\/files\/2022\/05\/Foto-1-FP-768x1024.jpeg 768w, https:\/\/wp.ufpel.edu.br\/artenosul\/files\/2022\/05\/Foto-1-FP-1152x1536.jpeg 1152w, https:\/\/wp.ufpel.edu.br\/artenosul\/files\/2022\/05\/Foto-1-FP-855x1140.jpeg 855w, https:\/\/wp.ufpel.edu.br\/artenosul\/files\/2022\/05\/Foto-1-FP.jpeg 1512w\" sizes=\"auto, (max-width: 456px) 100vw, 456px\" \/><p id=\"caption-attachment-10707\" class=\"wp-caption-text\"><span style=\"font-family: arial, helvetica, sans-serif;\"><strong><span style=\"color: #0000ff;\">Retrato de Fernando Pessoa, 1912, por Adolfo Rodriguez<\/span> <span style=\"color: #0000ff;\">Casta\u00f1\u00e9<\/span><\/strong><\/span><\/p><\/div>\n<p style=\"text-align: justify;\"><span style=\"font-family: arial, helvetica, sans-serif;\">Fernando Ant\u00f4nio Nogueira Pessoa nasceu em 1888, em Lisboa, Portugal, e \u00e9 um dos maiores poetas da literatura portuguesa. Durante sua vida tamb\u00e9m foi fil\u00f3sofo, dramaturgo, ensa\u00edsta, tradutor, publicit\u00e1rio, astr\u00f3logo, comentarista pol\u00edtico e empres\u00e1rio.<\/span><\/p>\n<p style=\"text-align: justify;\"><span style=\"font-family: arial, helvetica, sans-serif;\">Pessoa pertence \u00e0 gera\u00e7\u00e3o de Orpheu &#8211; grupo de artistas que introduziu o modernismo em Portugal em 1915 -, por isso suas obras n\u00e3o s\u00e3o convencionais, mas possuem um tom provocativo e ir\u00f4nico. Al\u00e9m disso, \u00e9 conhecido pelos seus heter\u00f4nimos, autores fict\u00edcios com personalidades e caracter\u00edsticas liter\u00e1rias espec\u00edficas.<\/span><\/p>\n<p style=\"text-align: justify;\"><span style=\"font-family: arial, helvetica, sans-serif;\">No museu Casa Fernando Pessoa, \u00e9 poss\u00edvel conferir a genialidade do autor ao ver que os heter\u00f4nimos possuem data, hor\u00e1rio e local de nascimento e morte, tendo at\u00e9 mesmo a pesquisa astrol\u00f3gica dos mesmos, o que vai de encontro com as personalidades expressadas por cada um.<\/span><\/p>\n<p style=\"text-align: justify;\"><span style=\"font-family: arial, helvetica, sans-serif;\">O poeta morreu em 30 de novembro de 1935 e deixou mais de 25 mil p\u00e1ginas de texto, que aos poucos v\u00eam sendo publicadas. At\u00e9 hoje \u00e9 amplamente estudado, inclusive nas escolas brasileiras, por conta de sua relev\u00e2ncia liter\u00e1ria.<\/span><\/p>\n<p style=\"text-align: justify;\"><a href=\"https:\/\/casafernandopessoa.pt\/pt\/cfp\" target=\"_blank\" rel=\"noopener\"><span style=\"font-family: arial, helvetica, sans-serif;\">\u00c9 possivel visitar o museu pela internet neste link.<\/span><\/a><\/p>\n<p style=\"text-align: justify;\"><a href=\"http:\/\/wp.ufpel.edu.br\/artenosul\"><span style=\"color: #0000ff;\"><strong><span style=\"font-family: arial, helvetica, sans-serif;\">PRIMEIRA P\u00c1GINA<\/span><\/strong><\/span><\/a><\/p>\n<p style=\"text-align: justify;\"><span style=\"color: #0000ff;\"><strong><span style=\"font-family: arial, helvetica, sans-serif;\">COMENT\u00c1RIOS<\/span><\/strong><\/span><\/p>\n<div data-test='contact-form'\n\t\t\tid='contact-form-10705'\n\t\t\tclass='wp-block-jetpack-contact-form-container '\n\t\t\tdata-wp-interactive='jetpack\/form' data-wp-context='{\"formId\":\"10705\",\"formHash\":\"6414afa0d1b18e5bc5615f3e6f466a44c62ffdc1\",\"showErrors\":false,\"errors\":[],\"fields\":[],\"isMultiStep\":false,\"useAjax\":true,\"submissionData\":null,\"formattedSubmissionData\":[],\"submissionSuccess\":false,\"submissionError\":null,\"elementId\":\"jp-form-6414afa0d1b18e5bc5615f3e6f466a44c62ffdc1\",\"isSingleInputForm\":false}'\n\t\t\tdata-wp-watch--scroll-to-wrapper=\"callbacks.scrollToWrapper\"\n\t\t>\n<div class=\"contact-form-submission contact-form-ajax-submission\" data-wp-class--submission-success=\"context.submissionSuccess\"><p class=\"go-back-message\"><a class=\"link\" role=\"button\" tabindex=\"0\" data-wp-on--click=\"actions.goBack\" href=\"\/artenosul\/wp-json\/wp\/v2\/posts\/10705\">Voltar<\/a><\/p><h4 id=\"contact-form-success-header\">Sua mensagem foi enviada<\/h4>\n\n<template data-wp-each--submission=\"context.formattedSubmissionData\">\n\t\t\t\t\t<div class=\"jetpack_forms_contact-form-success-summary\">\n\t\t\t\t\t\t<div class=\"field-name\" data-wp-text=\"context.submission.label\" data-wp-bind--hidden=\"!context.submission.label\"><\/div>\n\t\t\t\t\t\t<div class=\"field-value\" data-wp-text=\"context.submission.value\"><\/div>\n\t\t\t\t\t\t<div class=\"field-images\" data-wp-bind--hidden=\"!context.submission.images\">\n\t\t\t\t\t\t\t<template data-wp-each--image=\"context.submission.images\">\n\t\t\t\t\t\t\t\t<figure class=\"field-image\" data-wp-class--is-empty=\"!context.image\">\n\t\t\t\t\t\t\t\t\t<img data-wp-bind--src=\"context.image\" data-wp-bind--hidden=\"!context.image\" \/>\n\t\t\t\t\t\t\t\t\t<img decoding=\"async\" src=\"data:image\/gif;base64,R0lGODlhAQABAAD\/ACwAAAAAAQABAAACADs=\" data-wp-bind--hidden=\"context.image\" \/>\n\t\t\t\t\t\t\t\t<\/figure>\n\t\t\t\t\t\t\t<\/template>\n\t\t\t\t\t\t<\/div>\n\t\t\t\t\t<\/div>\n\t\t\t\t<\/template><\/div><form action='https:\/\/wp.ufpel.edu.br\/artenosul\/2022\/05\/09\/museu-casa-fernando-pessoa-um-tesouro-para-ser-conhecido\/'\n\t\t\t\tid='jp-form-6414afa0d1b18e5bc5615f3e6f466a44c62ffdc1'\n\t\t\t\tmethod='post'\n\t\t\t\tclass='contact-form commentsblock' aria-label=\"Museu Casa Fernando Pessoa: um tesouro para ser conhecido  \u00a0\"\n\t\t\t\tdata-wp-on--submit=\"actions.onFormSubmit\"\n\t\t\t\tdata-wp-on--reset=\"actions.onFormReset\"\n\t\t\t\tdata-wp-class--submission-success=\"context.submissionSuccess\"\n\t\t\t\tdata-wp-class--is-first-step=\"state.isFirstStep\"\n\t\t\t\tdata-wp-class--is-last-step=\"state.isLastStep\"\n\t\t\t\tdata-wp-class--is-ajax-form=\"context.useAjax\"\n\t\t\t\tnovalidate >\n<input type='hidden' name='jetpack_contact_form_jwt' value='eyJ0eXAiOiJKV1QiLCJhbGciOiJIUzI1NiJ9.eyJlbmNyeXB0ZWRfYXR0cmlidXRlcyI6IkFwS2dER3J3SXhHbksvcm1nTjJDSWp1cnRRaEVNRHVlUk5ZTkpGcTVveUwrZjJ6WStsVGZ4NG0vNXVuTzRua1hVS3BQTEsyME50Uk5Ka2NpTEpKVGtnWmtYNFhrNlNueTV3bW9Sd1BaVVdjMWdydGg2N3I0RjVNT0FyTlJBczRJTU1NZkZac0JoMFVnTHhRS2lPTkJ6bHBvV0ZZR2Q1dzF6ZmtkRFpXY3h4UWlLdlVwaDlzNjVia2IyWlgrRDFjRnFQcXc2VDJBaTdqbzE0Um9ickxjc0YvYUZjOEFCeGdlUmh2aWpOOG44QUZ2WjRESGdaSWJsTDAyWmU0U2NtNWYxRCtOODIzdi9NWWdCN2JOZ0xmY3cxaGluQkdxQXc0TUhqc00xTHBjYXlKQXpjd0VRN1NGcFczcnV4VzYxc0JkNkwxVVFQWU8yS21ESkFjNWJNQTlLVFpzRkM3a0xhN3NESHRCTGlkTmxlRE1TUXdLZEwxU2s0MisrTGlWanpoalV1ZGI5Q01YbTVKb25xbjd6STdLOFVscllNMkZpTmVkMHdlRlYxUDZQQzJCN2MzenZ6U1hBQ2laWlFJN1ZpWmIwYU5VdWs5bFFIOXE2bWgweHpsdEpNdkJmVFBFejZscG96S05Ub0dLUU5rWjMvVzN6MXBScEJIK01uckNVdldMNnh4eVVrZ0lPMjJFd0s3c0piaGIxTkpzK1V0bW1HT3ZzWHROczBTaUgrVWZ4T2l6OEhDVy8yNktvd1BCMEFDM2lWU3dDZVBCNEpMODNnMGtudGxBUEVQd0lNUVhMUWZpZ0ExTXV3TExpL0F0NTBJM0wyQmRyQ0N6WHltWmtuTHFQUktMSldoK3B2c0FpZjBDL0wrb0Y0YlJjcDZkRGVGVithM2tDNXVrSWQ2RHh4REVQNENmSkt3cWU2NzhhREtwVjV0aHdabHkzeStvS2lSZ3VBbDZYVmxNK0g2dmtpWHVnNitKMTdCSlZQU3pIT0Y4YVduNXk0bzhabGxxUS9yQWQzTnJWZU1lckRmdyt2cjROalZXNkJrb2Z2ejFrakRLcG1yM3VjT3R5RFUzeGxrd3ZRdmdZRVRhZDJjOXFwQVBtVXBENjhtckdMTHppZ084REZqVWJDdWR6QWVCeDgrbVBJaHh1NlhxVTBoaTNkV1I4em9KZEpJaC9YQXR2UmYrR0JJZVpJdVVwRzk5RGhxMllCVklmdjBYMERkaUd6UUpEMlpTNVFjRnMveHJYaWNtODNvazhXYlMiLCJjb250ZW50IjoiW2NvbnRhY3QtZmllbGQgbGFiZWw9XCJOb21lXCIgdHlwZT1cIm5hbWVcIl1bY29udGFjdC1maWVsZCBsYWJlbD1cIkUtbWFpbFwiIHR5cGU9XCJlbWFpbFwiXVtjb250YWN0LWZpZWxkIGxhYmVsPVwiTWVuc2FnZW1cIiB0eXBlPVwidGV4dGFyZWFcIl0iLCJoYXNoIjoiNjQxNGFmYTBkMWIxOGU1YmM1NjE1ZjNlNmY0NjZhNDRjNjJmZmRjMSIsInNvdXJjZSI6eyJlbnRyeV90aXRsZSI6Ik11c2V1IENhc2EgRmVybmFuZG8gUGVzc29hOiB1bSB0ZXNvdXJvIHBhcmEgc2VyIGNvbmhlY2lkbyAgXHUwMGEwIiwiZW50cnlfcGFnZSI6MSwic291cmNlX2lkIjoxMDcwNSwic291cmNlX3R5cGUiOiJzaW5nbGUiLCJyZXF1ZXN0X3VybCI6Imh0dHBzOi8vd3AudWZwZWwuZWR1LmJyL2FydGVub3N1bC93cC1qc29uL3dwL3YyL3Bvc3RzLzEwNzA1In0sInZlcnNpb24iOjIsImNpcGhlciI6ImFlcy0yNTYtZ2NtIn0.7w8mY3gK97K8cgqciBOY0kv6k4LLakMJpKdxkqWtso8' \/>\n\n<div style=\"\"  data-wp-interactive=\"jetpack\/form\" data-wp-context='{\"fieldId\":\"g10705-nome\",\"fieldType\":\"name\",\"fieldLabel\":\"Nome\",\"fieldValue\":\"\",\"fieldPlaceholder\":\"\",\"fieldIsRequired\":\"\",\"fieldErrorMessage\":\"\",\"fieldExtra\":[],\"formHash\":\"6414afa0d1b18e5bc5615f3e6f466a44c62ffdc1\"}'  class='grunion-field-name-wrap grunion-field-wrap'  data-wp-init='callbacks.initializeField' data-wp-on--jetpack-form-reset='callbacks.initializeField' >\n<label\n\t\t\t\tfor='g10705-nome' class=\"grunion-field-label name\" >Nome<\/label>\n<input\n\t\t\t\t\ttype='text'\n\t\t\t\t\tname='g10705-nome'\n\t\t\t\t\tid='g10705-nome'\n\t\t\t\t\tvalue=''\n\n\t\t\t\t\tdata-wp-bind--aria-invalid='state.fieldHasErrors'\n\t\t\t\t\tdata-wp-bind--value='state.getFieldValue'\n\t\t\t\t\taria-errormessage='g10705-nome-text-error-message'\n\t\t\t\t\tdata-wp-on--input='actions.onFieldChange'\n\t\t\t\t\tdata-wp-on--blur='actions.onFieldBlur'\n\t\t\t\t\tdata-wp-class--has-value='state.hasFieldValue'\n\n\t\t\t\t\tclass='name  grunion-field' \n\t\t\t\t\t \/>\n \n\t\t\t<div id=\"g10705-nome-text-error\" class=\"contact-form__input-error\" data-wp-class--has-errors=\"state.fieldHasErrors\">\n\t\t\t\t<span class=\"contact-form__warning-icon\">\n\t\t\t\t\t<svg width=\"16\" height=\"16\" viewBox=\"0 0 16 16\" fill=\"none\" xmlns=\"http:\/\/www.w3.org\/2000\/svg\">\n\t\t\t\t\t\t<path d=\"M8.50015 11.6402H7.50015V10.6402H8.50015V11.6402Z\" \/>\n\t\t\t\t\t\t<path d=\"M7.50015 9.64018H8.50015V6.30684H7.50015V9.64018Z\" \/>\n\t\t\t\t\t\t<path fill-rule=\"evenodd\" clip-rule=\"evenodd\" d=\"M6.98331 3.0947C7.42933 2.30177 8.57096 2.30177 9.01698 3.09469L13.8771 11.7349C14.3145 12.5126 13.7525 13.4735 12.8602 13.4735H3.14004C2.24774 13.4735 1.68575 12.5126 2.12321 11.7349L6.98331 3.0947ZM8.14541 3.58496C8.08169 3.47168 7.9186 3.47168 7.85488 3.58496L2.99478 12.2251C2.93229 12.3362 3.01257 12.4735 3.14004 12.4735H12.8602C12.9877 12.4735 13.068 12.3362 13.0055 12.2251L8.14541 3.58496Z\" \/>\n\t\t\t\t\t<\/svg>\n\t\t\t\t\t<span class=\"visually-hidden\">Aviso<\/span>\n\t\t\t\t<\/span>\n\t\t\t\t<span data-wp-text=\"state.errorMessage\" id=\"g10705-nome-text-error-message\" role=\"alert\" aria-live=\"assertive\"><\/span>\n\t\t\t<\/div> \n\t<\/div>\n\n<div style=\"\"  data-wp-interactive=\"jetpack\/form\" data-wp-context='{\"fieldId\":\"g10705-email\",\"fieldType\":\"email\",\"fieldLabel\":\"E-mail\",\"fieldValue\":\"\",\"fieldPlaceholder\":\"\",\"fieldIsRequired\":\"\",\"fieldErrorMessage\":\"\",\"fieldExtra\":[],\"formHash\":\"6414afa0d1b18e5bc5615f3e6f466a44c62ffdc1\"}'  class='grunion-field-email-wrap grunion-field-wrap'  data-wp-init='callbacks.initializeField' data-wp-on--jetpack-form-reset='callbacks.initializeField' >\n<label\n\t\t\t\tfor='g10705-email' class=\"grunion-field-label email\" >E-mail<\/label>\n<input\n\t\t\t\t\ttype='email'\n\t\t\t\t\tname='g10705-email'\n\t\t\t\t\tid='g10705-email'\n\t\t\t\t\tvalue=''\n\n\t\t\t\t\tdata-wp-bind--aria-invalid='state.fieldHasErrors'\n\t\t\t\t\tdata-wp-bind--value='state.getFieldValue'\n\t\t\t\t\taria-errormessage='g10705-email-email-error-message'\n\t\t\t\t\tdata-wp-on--input='actions.onFieldChange'\n\t\t\t\t\tdata-wp-on--blur='actions.onFieldBlur'\n\t\t\t\t\tdata-wp-class--has-value='state.hasFieldValue'\n\n\t\t\t\t\tclass='email  grunion-field' \n\t\t\t\t\t \/>\n \n\t\t\t<div id=\"g10705-email-email-error\" class=\"contact-form__input-error\" data-wp-class--has-errors=\"state.fieldHasErrors\">\n\t\t\t\t<span class=\"contact-form__warning-icon\">\n\t\t\t\t\t<svg width=\"16\" height=\"16\" viewBox=\"0 0 16 16\" fill=\"none\" xmlns=\"http:\/\/www.w3.org\/2000\/svg\">\n\t\t\t\t\t\t<path d=\"M8.50015 11.6402H7.50015V10.6402H8.50015V11.6402Z\" \/>\n\t\t\t\t\t\t<path d=\"M7.50015 9.64018H8.50015V6.30684H7.50015V9.64018Z\" \/>\n\t\t\t\t\t\t<path fill-rule=\"evenodd\" clip-rule=\"evenodd\" d=\"M6.98331 3.0947C7.42933 2.30177 8.57096 2.30177 9.01698 3.09469L13.8771 11.7349C14.3145 12.5126 13.7525 13.4735 12.8602 13.4735H3.14004C2.24774 13.4735 1.68575 12.5126 2.12321 11.7349L6.98331 3.0947ZM8.14541 3.58496C8.08169 3.47168 7.9186 3.47168 7.85488 3.58496L2.99478 12.2251C2.93229 12.3362 3.01257 12.4735 3.14004 12.4735H12.8602C12.9877 12.4735 13.068 12.3362 13.0055 12.2251L8.14541 3.58496Z\" \/>\n\t\t\t\t\t<\/svg>\n\t\t\t\t\t<span class=\"visually-hidden\">Aviso<\/span>\n\t\t\t\t<\/span>\n\t\t\t\t<span data-wp-text=\"state.errorMessage\" id=\"g10705-email-email-error-message\" role=\"alert\" aria-live=\"assertive\"><\/span>\n\t\t\t<\/div> \n\t<\/div>\n\n<div style=\"\"  data-wp-interactive=\"jetpack\/form\" data-wp-context='{\"fieldId\":\"g10705-mensagem\",\"fieldType\":\"textarea\",\"fieldLabel\":\"Mensagem\",\"fieldValue\":\"\",\"fieldPlaceholder\":\"\",\"fieldIsRequired\":\"\",\"fieldErrorMessage\":\"\",\"fieldExtra\":[],\"formHash\":\"6414afa0d1b18e5bc5615f3e6f466a44c62ffdc1\"}'  class='grunion-field-textarea-wrap grunion-field-wrap'  data-wp-init='callbacks.initializeField' data-wp-on--jetpack-form-reset='callbacks.initializeField' >\n<label\n\t\t\t\tfor='contact-form-comment-g10705-mensagem' class=\"grunion-field-label textarea\" >Mensagem<\/label>\n<textarea\n\t\t                style=''\n\t\t                name='g10705-mensagem'\n\t\t                id='contact-form-comment-g10705-mensagem'\n\t\t                rows='20'\n\t\t\t\t\t\tdata-wp-text='state.getFieldValue'\n\t\t\t\t\t\tdata-wp-on--input='actions.onFieldChange'\n\t\t\t\t\t\tdata-wp-on--blur='actions.onFieldBlur'\n\t\t\t\t\t\tdata-wp-class--has-value='state.hasFieldValue'\n\t\t\t\t\t\tdata-wp-bind--aria-invalid='state.fieldHasErrors'\n\t\t\t\t\t\taria-errormessage='g10705-mensagem-textarea-error-message'\n\t\t\t\t\t\tclass='textarea  grunion-field'  ><\/textarea>\n \n\t\t\t<div id=\"g10705-mensagem-textarea-error\" class=\"contact-form__input-error\" data-wp-class--has-errors=\"state.fieldHasErrors\">\n\t\t\t\t<span class=\"contact-form__warning-icon\">\n\t\t\t\t\t<svg width=\"16\" height=\"16\" viewBox=\"0 0 16 16\" fill=\"none\" xmlns=\"http:\/\/www.w3.org\/2000\/svg\">\n\t\t\t\t\t\t<path d=\"M8.50015 11.6402H7.50015V10.6402H8.50015V11.6402Z\" \/>\n\t\t\t\t\t\t<path d=\"M7.50015 9.64018H8.50015V6.30684H7.50015V9.64018Z\" \/>\n\t\t\t\t\t\t<path fill-rule=\"evenodd\" clip-rule=\"evenodd\" d=\"M6.98331 3.0947C7.42933 2.30177 8.57096 2.30177 9.01698 3.09469L13.8771 11.7349C14.3145 12.5126 13.7525 13.4735 12.8602 13.4735H3.14004C2.24774 13.4735 1.68575 12.5126 2.12321 11.7349L6.98331 3.0947ZM8.14541 3.58496C8.08169 3.47168 7.9186 3.47168 7.85488 3.58496L2.99478 12.2251C2.93229 12.3362 3.01257 12.4735 3.14004 12.4735H12.8602C12.9877 12.4735 13.068 12.3362 13.0055 12.2251L8.14541 3.58496Z\" \/>\n\t\t\t\t\t<\/svg>\n\t\t\t\t\t<span class=\"visually-hidden\">Aviso<\/span>\n\t\t\t\t<\/span>\n\t\t\t\t<span data-wp-text=\"state.errorMessage\" id=\"g10705-mensagem-textarea-error-message\" role=\"alert\" aria-live=\"assertive\"><\/span>\n\t\t\t<\/div>\n\t<\/div>\n\t<p class='contact-submit'>\n<div class=\"contact-form__error\" data-wp-class--show-errors=\"state.showFormErrors\"><span class=\"contact-form__warning-icon\"><span class=\"visually-hidden\">Aten\u00e7\u00e3o.<\/span><i aria-hidden=\"true\"><\/i><\/span>\n\t\t\t\t<span data-wp-text=\"state.getFormErrorMessage\"><\/span>\n\t\t\t\t<ul>\n\t\t\t\t<template data-wp-each=\"state.getErrorList\" data-wp-key=\"context.item.id\">\n\t\t\t\t\t<li><a data-wp-bind--href=\"context.item.anchor\" data-wp-on--click=\"actions.scrollIntoView\" data-wp-text=\"context.item.label\"><\/a><\/li>\n\t\t\t\t<\/template>\n\t\t\t\t<\/ul><\/div><div class=\"contact-form__error\" data-wp-class--show-errors=\"state.showSubmissionError\" data-wp-text=\"context.submissionError\"><\/div>\t\t<button type='submit' class='pushbutton-wide'>Enviar<\/button>\t\t<input type='hidden' name='contact-form-id' value='10705' \/>\n\t\t<input type='hidden' name='action' value='grunion-contact-form' \/>\n\t\t<input type='hidden' name='contact-form-hash' value='6414afa0d1b18e5bc5615f3e6f466a44c62ffdc1' \/>\n\t<\/p>\n<p style=\"display: none !important;\" class=\"akismet-fields-container\" data-prefix=\"ak_\"><label>&#916;<textarea name=\"ak_hp_textarea\" cols=\"45\" rows=\"8\" maxlength=\"100\"><\/textarea><\/label><input type=\"hidden\" id=\"ak_js_1\" name=\"ak_js\" value=\"196\"\/><script>document.getElementById( \"ak_js_1\" ).setAttribute( \"value\", ( new Date() ).getTime() );<\/script><\/p><\/form>\n<\/div>\n<p>&nbsp;<\/p>\n<p>&nbsp;<\/p>\n","protected":false},"excerpt":{"rendered":"<p>Por Vit\u00f3ria de G\u00f3es (Correspondente do site Arte no Sul em terras portuguesas)\u00a0 \u00a0 \u00a0 \u00a0\u00a0 Institui\u00e7\u00e3o sediada na antiga moradia do poeta promove v\u00e1rias exposi\u00e7\u00f5es Hist\u00f3ria, arte e literatura. Essas resumem a experi\u00eancia de visita\u00e7\u00e3o e imers\u00e3o na Casa Fernando Pessoa, em Lisboa, Portugal. O local foi habitado pelo famoso escritor portugu\u00eas durante os &hellip; <\/p>\n<p><a class=\"more-link btn\" href=\"https:\/\/wp.ufpel.edu.br\/artenosul\/2022\/05\/09\/museu-casa-fernando-pessoa-um-tesouro-para-ser-conhecido\/\">Continue lendo<\/a><\/p>\n","protected":false},"author":571,"featured_media":10711,"comment_status":"closed","ping_status":"closed","sticky":false,"template":"","format":"standard","meta":{"jetpack_post_was_ever_published":false,"_jetpack_newsletter_access":"","_jetpack_dont_email_post_to_subs":false,"_jetpack_newsletter_tier_id":0,"_jetpack_memberships_contains_paywalled_content":false,"_jetpack_memberships_contains_paid_content":false,"footnotes":"","jetpack_publicize_message":"","jetpack_publicize_feature_enabled":true,"jetpack_social_post_already_shared":true,"jetpack_social_options":{"image_generator_settings":{"template":"highway","default_image_id":0,"font":"","enabled":false},"version":2}},"categories":[83,1],"tags":[1477,1475,86,1476,250,1276],"class_list":["post-10705","post","type-post","status-publish","format-standard","has-post-thumbnail","hentry","category-literatura","category-noticias","tag-casa-fernando-pessoa","tag-fernando-pessoa","tag-literatura","tag-museu-casa-fernando-pessoa","tag-poesia","tag-vitoria-de-goes","nodate","item-wrap"],"jetpack_publicize_connections":[],"jetpack_featured_media_url":"https:\/\/wp.ufpel.edu.br\/artenosul\/files\/2022\/05\/Foto-CAPA-FP-scaled.jpg","jetpack_sharing_enabled":true,"jetpack_likes_enabled":true,"jetpack_shortlink":"https:\/\/wp.me\/p6PuxQ-2MF","jetpack-related-posts":[{"id":6823,"url":"https:\/\/wp.ufpel.edu.br\/artenosul\/2017\/07\/10\/instituto-joao-simoes-lopes-neto-deve-reinaugurar-neste-mes\/","url_meta":{"origin":10705,"position":0},"title":"Instituto Jo\u00e3o Sim\u00f5es Lopes Neto deve reinaugurar neste m\u00eas","author":"artenosul","date":"10 de julho de 2017","format":false,"excerpt":"\u00a0\u00a0 Luis Fernando de Vargas Junior \u00a0\u00a0\u00a0\u00a0 Localizado na Rua Dom Pedro II, n\u00famero 810, o Instituto Jo\u00e3o Sim\u00f5es Lopes Neto \u00e9 um local que reflete significados culturais na hist\u00f3ria de Pelotas. O museu que est\u00e1 em reforma desde janeiro de 2017, tem pretens\u00e3o de reinaugura\u00e7\u00e3o neste m\u00eas. A casa,\u2026","rel":"","context":"Em &quot;COMUNIDADE&quot;","block_context":{"text":"COMUNIDADE","link":"https:\/\/wp.ufpel.edu.br\/artenosul\/category\/comunidade\/"},"img":{"alt_text":"","src":"https:\/\/i0.wp.com\/wp.ufpel.edu.br\/artenosul\/files\/2017\/07\/BANNER-ILUSTRA%C3%87%C3%83O-2.jpg?resize=350%2C200&ssl=1","width":350,"height":200,"srcset":"https:\/\/i0.wp.com\/wp.ufpel.edu.br\/artenosul\/files\/2017\/07\/BANNER-ILUSTRA%C3%87%C3%83O-2.jpg?resize=350%2C200&ssl=1 1x, https:\/\/i0.wp.com\/wp.ufpel.edu.br\/artenosul\/files\/2017\/07\/BANNER-ILUSTRA%C3%87%C3%83O-2.jpg?resize=525%2C300&ssl=1 1.5x, https:\/\/i0.wp.com\/wp.ufpel.edu.br\/artenosul\/files\/2017\/07\/BANNER-ILUSTRA%C3%87%C3%83O-2.jpg?resize=700%2C400&ssl=1 2x"},"classes":[]},{"id":8797,"url":"https:\/\/wp.ufpel.edu.br\/artenosul\/2020\/11\/05\/projeto-elabora-programas-de-acessibilidade-para-os-museus-de-pelotas\/","url_meta":{"origin":10705,"position":1},"title":"Projeto elabora Programas de Acessibilidade para os museus de Pelotas","author":"artenosul","date":"5 de novembro de 2020","format":false,"excerpt":"Por Roger Vilela Com equipe integrada por estudantes da UFPel, documentos ser\u00e3o entregues aos\u00a0museus em dezembro Para elaborar os Programas de Acessibilidade de seus museus institucionais \u2013 Museu do Doce, Museu de Ci\u00eancias Naturais Carlos Ritter (MCNCR) e Museu de Arte Leopoldo Gotuzzo (MALG) \u2013 e adequ\u00e1-los \u00e0 lei, a\u2026","rel":"","context":"Em &quot;COMUNIDADE&quot;","block_context":{"text":"COMUNIDADE","link":"https:\/\/wp.ufpel.edu.br\/artenosul\/category\/comunidade\/"},"img":{"alt_text":"","src":"https:\/\/i0.wp.com\/wp.ufpel.edu.br\/artenosul\/files\/2020\/11\/Imagem-1-5-scaled.jpg?resize=350%2C200&ssl=1","width":350,"height":200,"srcset":"https:\/\/i0.wp.com\/wp.ufpel.edu.br\/artenosul\/files\/2020\/11\/Imagem-1-5-scaled.jpg?resize=350%2C200&ssl=1 1x, https:\/\/i0.wp.com\/wp.ufpel.edu.br\/artenosul\/files\/2020\/11\/Imagem-1-5-scaled.jpg?resize=525%2C300&ssl=1 1.5x, https:\/\/i0.wp.com\/wp.ufpel.edu.br\/artenosul\/files\/2020\/11\/Imagem-1-5-scaled.jpg?resize=700%2C400&ssl=1 2x, https:\/\/i0.wp.com\/wp.ufpel.edu.br\/artenosul\/files\/2020\/11\/Imagem-1-5-scaled.jpg?resize=1050%2C600&ssl=1 3x, https:\/\/i0.wp.com\/wp.ufpel.edu.br\/artenosul\/files\/2020\/11\/Imagem-1-5-scaled.jpg?resize=1400%2C800&ssl=1 4x"},"classes":[]},{"id":9748,"url":"https:\/\/wp.ufpel.edu.br\/artenosul\/2021\/09\/10\/biblioteca-publica-pelotense-patrimonio-cultural-da-regiao\/","url_meta":{"origin":10705,"position":2},"title":"Bibliotheca P\u00fablica Pelotense: Patrim\u00f4nio cultural da regi\u00e3o","author":"artenosul","date":"10 de setembro de 2021","format":false,"excerpt":"Por Paulo Marques\u00a0 \u00a0 \u00a0 Institui\u00e7\u00e3o \u00e9 mantida pelas contribui\u00e7\u00f5es dos associados e conta com um museu hist\u00f3rico A Bibliotheca P\u00fablica Pelotense \u00e9 considerada um centro de refer\u00eancia cultural da regi\u00e3o sul do Rio Grande do Sul, sendo uma institui\u00e7\u00e3o sem fins lucrativos e sem qualquer v\u00ednculo com o poder\u2026","rel":"","context":"Em &quot;COMUNIDADE&quot;","block_context":{"text":"COMUNIDADE","link":"https:\/\/wp.ufpel.edu.br\/artenosul\/category\/comunidade\/"},"img":{"alt_text":"","src":"https:\/\/i0.wp.com\/wp.ufpel.edu.br\/artenosul\/files\/2021\/09\/16113237230_ba5eb1c42a_c.jpg?resize=350%2C200&ssl=1","width":350,"height":200,"srcset":"https:\/\/i0.wp.com\/wp.ufpel.edu.br\/artenosul\/files\/2021\/09\/16113237230_ba5eb1c42a_c.jpg?resize=350%2C200&ssl=1 1x, https:\/\/i0.wp.com\/wp.ufpel.edu.br\/artenosul\/files\/2021\/09\/16113237230_ba5eb1c42a_c.jpg?resize=525%2C300&ssl=1 1.5x, https:\/\/i0.wp.com\/wp.ufpel.edu.br\/artenosul\/files\/2021\/09\/16113237230_ba5eb1c42a_c.jpg?resize=700%2C400&ssl=1 2x"},"classes":[]},{"id":28861,"url":"https:\/\/wp.ufpel.edu.br\/artenosul\/2025\/03\/27\/conhecimento-e-historia-no-coracao-de-cangucu\/","url_meta":{"origin":10705,"position":3},"title":"Conhecimento e hist\u00f3ria no cora\u00e7\u00e3o de Cangu\u00e7u","author":"artenosul","date":"27 de mar\u00e7o de 2025","format":false,"excerpt":"Entre livros e rel\u00edquias: Biblioteca e Museu celebram o saber do passado, presente e futuro da cidade\u00a0\u00a0\u00a0 Por Chaiane R\u00f6mer e Amanda Leitzke\u00a0\u00a0\u00a0 \u00a0 \u00a0 A Casa da Cultura Marlene Coelho, localizada no centro de Cangu\u00e7u, \u00e9 um espa\u00e7o onde o passado e o futuro se encontram. Constru\u00eddo no s\u00e9culo\u2026","rel":"","context":"Em &quot;COMUNIDADE&quot;","block_context":{"text":"COMUNIDADE","link":"https:\/\/wp.ufpel.edu.br\/artenosul\/category\/comunidade\/"},"img":{"alt_text":"","src":"https:\/\/i0.wp.com\/wp.ufpel.edu.br\/artenosul\/files\/2025\/03\/museu-e-biblioteca-3.jpg?resize=350%2C200&ssl=1","width":350,"height":200},"classes":[]},{"id":8630,"url":"https:\/\/wp.ufpel.edu.br\/artenosul\/2020\/07\/21\/sesc-promove-arte-e-cultura-em-casa\/","url_meta":{"origin":10705,"position":4},"title":"Sesc promove arte e cultura em casa","author":"artenosul","date":"21 de julho de 2020","format":false,"excerpt":"Por Ana Cl\u00e1udia Rodrigues Ao longo do m\u00eas de julho o Senac RS est\u00e1 promovendo uma s\u00e9rie de atividades culturais ao vivo para promover a arte e cultura em casa. O projeto, que se chama Arte Sesc - Em casa com voc\u00ea, conta com uma variedade de atividades como workshops,\u2026","rel":"","context":"Em &quot;COMUNIDADE&quot;","block_context":{"text":"COMUNIDADE","link":"https:\/\/wp.ufpel.edu.br\/artenosul\/category\/comunidade\/"},"img":{"alt_text":"","src":"https:\/\/i0.wp.com\/wp.ufpel.edu.br\/artenosul\/files\/2020\/07\/23-07-Rapajador-Miniatura-site.png?resize=350%2C200&ssl=1","width":350,"height":200,"srcset":"https:\/\/i0.wp.com\/wp.ufpel.edu.br\/artenosul\/files\/2020\/07\/23-07-Rapajador-Miniatura-site.png?resize=350%2C200&ssl=1 1x, https:\/\/i0.wp.com\/wp.ufpel.edu.br\/artenosul\/files\/2020\/07\/23-07-Rapajador-Miniatura-site.png?resize=525%2C300&ssl=1 1.5x, https:\/\/i0.wp.com\/wp.ufpel.edu.br\/artenosul\/files\/2020\/07\/23-07-Rapajador-Miniatura-site.png?resize=700%2C400&ssl=1 2x, https:\/\/i0.wp.com\/wp.ufpel.edu.br\/artenosul\/files\/2020\/07\/23-07-Rapajador-Miniatura-site.png?resize=1050%2C600&ssl=1 3x"},"classes":[]},{"id":27335,"url":"https:\/\/wp.ufpel.edu.br\/artenosul\/2024\/10\/17\/festa-em-sao-lourenco-do-sul-celebra-literatura-e-livros\/","url_meta":{"origin":10705,"position":5},"title":"Festa em S\u00e3o Louren\u00e7o do Sul celebra literatura e livros","author":"artenosul","date":"17 de outubro de 2024","format":false,"excerpt":"Promo\u00e7\u00e3o do Centro de Escritores Lourencianos acontece a partir do dia 22 e ter\u00e1 caminhada liter\u00e1ria na abertura \u00a0 \u00a0 O Centro de Escritores Lourencianos (CEL) realiza de 22 a 25 de outubro a 3\u00aa edi\u00e7\u00e3o da Festa da Literatura e da Cultura em S\u00e3o Louren\u00e7o do Sul. A programa\u00e7\u00e3o\u2026","rel":"","context":"Em &quot;COMUNIDADE&quot;","block_context":{"text":"COMUNIDADE","link":"https:\/\/wp.ufpel.edu.br\/artenosul\/category\/comunidade\/"},"img":{"alt_text":"","src":"https:\/\/i0.wp.com\/wp.ufpel.edu.br\/artenosul\/files\/2024\/10\/Biblioteca-do-CEL--scaled.jpg?resize=350%2C200&ssl=1","width":350,"height":200,"srcset":"https:\/\/i0.wp.com\/wp.ufpel.edu.br\/artenosul\/files\/2024\/10\/Biblioteca-do-CEL--scaled.jpg?resize=350%2C200&ssl=1 1x, https:\/\/i0.wp.com\/wp.ufpel.edu.br\/artenosul\/files\/2024\/10\/Biblioteca-do-CEL--scaled.jpg?resize=525%2C300&ssl=1 1.5x, https:\/\/i0.wp.com\/wp.ufpel.edu.br\/artenosul\/files\/2024\/10\/Biblioteca-do-CEL--scaled.jpg?resize=700%2C400&ssl=1 2x, https:\/\/i0.wp.com\/wp.ufpel.edu.br\/artenosul\/files\/2024\/10\/Biblioteca-do-CEL--scaled.jpg?resize=1050%2C600&ssl=1 3x, https:\/\/i0.wp.com\/wp.ufpel.edu.br\/artenosul\/files\/2024\/10\/Biblioteca-do-CEL--scaled.jpg?resize=1400%2C800&ssl=1 4x"},"classes":[]}],"_links":{"self":[{"href":"https:\/\/wp.ufpel.edu.br\/artenosul\/wp-json\/wp\/v2\/posts\/10705","targetHints":{"allow":["GET"]}}],"collection":[{"href":"https:\/\/wp.ufpel.edu.br\/artenosul\/wp-json\/wp\/v2\/posts"}],"about":[{"href":"https:\/\/wp.ufpel.edu.br\/artenosul\/wp-json\/wp\/v2\/types\/post"}],"author":[{"embeddable":true,"href":"https:\/\/wp.ufpel.edu.br\/artenosul\/wp-json\/wp\/v2\/users\/571"}],"replies":[{"embeddable":true,"href":"https:\/\/wp.ufpel.edu.br\/artenosul\/wp-json\/wp\/v2\/comments?post=10705"}],"version-history":[{"count":6,"href":"https:\/\/wp.ufpel.edu.br\/artenosul\/wp-json\/wp\/v2\/posts\/10705\/revisions"}],"predecessor-version":[{"id":10716,"href":"https:\/\/wp.ufpel.edu.br\/artenosul\/wp-json\/wp\/v2\/posts\/10705\/revisions\/10716"}],"wp:featuredmedia":[{"embeddable":true,"href":"https:\/\/wp.ufpel.edu.br\/artenosul\/wp-json\/wp\/v2\/media\/10711"}],"wp:attachment":[{"href":"https:\/\/wp.ufpel.edu.br\/artenosul\/wp-json\/wp\/v2\/media?parent=10705"}],"wp:term":[{"taxonomy":"category","embeddable":true,"href":"https:\/\/wp.ufpel.edu.br\/artenosul\/wp-json\/wp\/v2\/categories?post=10705"},{"taxonomy":"post_tag","embeddable":true,"href":"https:\/\/wp.ufpel.edu.br\/artenosul\/wp-json\/wp\/v2\/tags?post=10705"}],"curies":[{"name":"wp","href":"https:\/\/api.w.org\/{rel}","templated":true}]}}