{"id":10631,"date":"2022-04-26T19:51:16","date_gmt":"2022-04-26T22:51:16","guid":{"rendered":"https:\/\/wp.ufpel.edu.br\/artenosul\/?p=10631"},"modified":"2022-04-26T20:21:11","modified_gmt":"2022-04-26T23:21:11","slug":"banda-suburban-stereotype-lanca-clipe-no-domingo","status":"publish","type":"post","link":"https:\/\/wp.ufpel.edu.br\/artenosul\/2022\/04\/26\/banda-suburban-stereotype-lanca-clipe-no-domingo\/","title":{"rendered":"Banda Suburban Stereotype estreia clipe no domingo"},"content":{"rendered":"<p dir=\"ltr\" style=\"text-align: center;\"><span style=\"color: #003366;\"><em><strong><span style=\"font-family: arial, helvetica, sans-serif;\">Lan\u00e7amento no Dia do Trabalhador ressalta a import\u00e2ncia da consci\u00eancia pol\u00edtica\u00a0 \u00a0\u00a0<\/span><\/strong><\/em><\/span><\/p>\n<p dir=\"ltr\" style=\"text-align: justify;\"><span style=\"font-family: arial, helvetica, sans-serif;\">Neste 1\u00ba de maio, a banda pelotense de hardcore Suburban Stereotype lan\u00e7a o clipe da m\u00fasica &#8220;Somos um S\u00f3&#8221;, produzido pela Mayhem Produ\u00e7\u00f5es. Celebra o car\u00e1ter questionador do movimento\u00a0 na can\u00e7\u00e3o \u201cSomos um S\u00f3\u201d, que faz parte do \u00e1lbum \u201cLeitmotiv\u201d, de 2017. O lan\u00e7amento no Dia do Trabalhador n\u00e3o \u00e9 uma coincid\u00eancia, e foi planejado para tamb\u00e9m relembrar as quest\u00f5es sociais explanadas de forma art\u00edstica pela banda em todas as suas composi\u00e7\u00f5es.<\/span><\/p>\n<p dir=\"ltr\" style=\"text-align: justify;\"><span style=\"font-family: arial, helvetica, sans-serif;\">Os integrantes da Suburban Stereotype decidiram retomar o trabalho do \u00e1lbum &#8220;Leitmotiv&#8221; para, de forma simb\u00f3lica e afetiva, reafirmar o posicionamento ideol\u00f3gico do que Douglas Jardim, baixista da banda, intitula de \u201cfa\u00e7a voc\u00ea mesmo\u201d. \u201cA nossa ideia sempre foi promover e participar de eventos com bandas que gost\u00e1vamos, de forma independente, e o Leitmotiv, para n\u00f3s, foi uma sintetiza\u00e7\u00e3o do que \u00e9 ser uma banda de hardcore\u201d, explica.<\/span><\/p>\n<div id=\"attachment_10642\" style=\"width: 750px\" class=\"wp-caption aligncenter\"><img loading=\"lazy\" decoding=\"async\" aria-describedby=\"caption-attachment-10642\" class=\"wp-image-10642\" src=\"https:\/\/wp.ufpel.edu.br\/artenosul\/files\/2022\/04\/Image-2022-04-25-at-19.38.25-500x248.jpeg\" alt=\"\" width=\"750\" height=\"372\" srcset=\"https:\/\/wp.ufpel.edu.br\/artenosul\/files\/2022\/04\/Image-2022-04-25-at-19.38.25-500x248.jpeg 500w, https:\/\/wp.ufpel.edu.br\/artenosul\/files\/2022\/04\/Image-2022-04-25-at-19.38.25-300x149.jpeg 300w, https:\/\/wp.ufpel.edu.br\/artenosul\/files\/2022\/04\/Image-2022-04-25-at-19.38.25-768x380.jpeg 768w, https:\/\/wp.ufpel.edu.br\/artenosul\/files\/2022\/04\/Image-2022-04-25-at-19.38.25-1536x760.jpeg 1536w, https:\/\/wp.ufpel.edu.br\/artenosul\/files\/2022\/04\/Image-2022-04-25-at-19.38.25-855x423.jpeg 855w, https:\/\/wp.ufpel.edu.br\/artenosul\/files\/2022\/04\/Image-2022-04-25-at-19.38.25.jpeg 1600w\" sizes=\"auto, (max-width: 750px) 100vw, 750px\" \/><p id=\"caption-attachment-10642\" class=\"wp-caption-text\"><span style=\"font-family: arial, helvetica, sans-serif;\"><strong><span style=\"color: #0000ff;\">O ex-vocalista e produtor Augusto Santos participou da forma\u00e7\u00e3o da banda no \u00e1lbum Leitmotiv\u00a0<\/span> \u00a0 <span style=\"color: #0000ff;\">\u00a0 \u00a0Foto: Divulga\u00e7\u00e3o<\/span><\/strong><\/span><\/p><\/div>\n<p dir=\"ltr\" style=\"text-align: justify;\"><span style=\"font-family: arial, helvetica, sans-serif;\">A proposta de realizar o lan\u00e7amento do clipe no Dia do Trabalhador destaca o principal objetivo da m\u00fasica \u201cSomos um S\u00f3\u201d: relembrar que a sociedade precisa despertar para uma luta coletiva, e n\u00e3o individual. Maicon Rodrigues, ex-guitarrista da Suburban, conta que o momento de produ\u00e7\u00e3o do disco e da m\u00fasica promoveu reflex\u00f5es profundas de autoconhecimento, ser pol\u00edtico e descobertas dentro do movimento.<\/span><\/p>\n<p dir=\"ltr\" style=\"text-align: justify;\"><span style=\"font-family: arial, helvetica, sans-serif;\">\u201c\u00c9 uma data muito simb\u00f3lica, e espero que seja um gatilho para que mais produ\u00e7\u00f5es possam vir a partir disso. Esse clipe tamb\u00e9m remete ao afeto e a celebra\u00e7\u00e3o que \u00e9 estarmos em um ambiente que gostamos, reunidos com pessoas que acreditam nas mesmas coisas que a gente, e mostra o que \u00e9 o nosso movimento underground\u201d, afirma.<\/span><\/p>\n<p dir=\"ltr\" style=\"text-align: justify;\"><span style=\"color: #0000ff; font-family: arial, helvetica, sans-serif;\"><strong>&#8220;Somos um S\u00f3&#8221;<\/strong><\/span><\/p>\n<p dir=\"ltr\" style=\"text-align: justify;\"><span style=\"font-family: arial, helvetica, sans-serif;\">A faixa de encerramento do \u00e1lbum de 2017 carrega um significado que vai al\u00e9m do seu pr\u00f3prio t\u00edtulo: foi criada pelas m\u00e3os de todos os integrantes da \u00faltima forma\u00e7\u00e3o da Suburban Stereotype. Parte de um disco produzido de forma colaborativa, a m\u00fasica agora \u00e9 lan\u00e7ada em formato de clipe, simbolizando tamb\u00e9m a finaliza\u00e7\u00e3o de um ciclo de trabalho junto ao &#8220;Leitmotiv&#8221;. Foi gravado em um dos \u00faltimos shows da banda, ainda em 2018, no bar pelotense Dom Bier.<\/span><\/p>\n<p dir=\"ltr\" style=\"text-align: justify;\"><span style=\"font-family: arial, helvetica, sans-serif;\">O senso de coletividade presente na letra foi pensado e roteirizado pelos m\u00fasicos da banda e por Pedro Frio, s\u00f3cio-propriet\u00e1rio da Mayhem Produ\u00e7\u00f5es. Na edi\u00e7\u00e3o do videoclipe, a m\u00fasica dialoga com os cortes de c\u00e2mera tremidos da banda que toca com o p\u00fablico em volta. A sensa\u00e7\u00e3o \u00e9 de estar no meio do \u201cmosh pit\u201d durante a apresenta\u00e7\u00e3o. \u201cA ideia foi mostrar um show de hardcore com a galera que apoia o movimento de verdade, al\u00e9m de honrar o esfor\u00e7o que bandas como a Suburban fazem pela cena underground de Pelotas e regi\u00e3o\u201d, conclui o produtor.<\/span><\/p>\n<p dir=\"ltr\" style=\"text-align: justify;\"><span style=\"font-family: arial, helvetica, sans-serif;\">Criada em meados de 2012 por amigos que compartilhavam ideais do movimento underground, a banda pelotense de hardcore, Suburban Stereotype, foi um catalisador de express\u00e3o de ideias e sentimentos em meio \u00e0s mudan\u00e7as sociais e pol\u00edticas da \u00e9poca. Sua \u00faltima forma\u00e7\u00e3o, com o \u00e1lbum Leitmotiv (2017), teve como integrantes o ex-vocalista e produtor Augusto Santos, o baixista Douglas Jardim, os ex-guitarristas Maicon Rodrigues e Pedro Bittencourt, e o baterista Rodrigo \u201cEsmute\u201d.<\/span><\/p>\n<p dir=\"ltr\" style=\"text-align: justify;\"><span style=\"font-family: arial, helvetica, sans-serif;\">O lan\u00e7amento poder\u00e1 ser conferido a partir das 10h de domingo (1\u00ba de maio), no canal do YouTube da\u00a0<a href=\"https:\/\/www.youtube.com\/c\/SuburbanStereotype\" target=\"_blank\" rel=\"nofollow noopener noreferrer\">Suburban Stereotype<\/a> e <a href=\"https:\/\/www.youtube.com\/c\/mayhemproducoes\" target=\"_blank\" rel=\"nofollow noopener noreferrer\">Mayhem Produ\u00e7\u00f5es<\/a>.<\/span><\/p>\n<p dir=\"ltr\" style=\"text-align: justify;\"><a href=\"http:\/\/wp.ufpel.edu.br\/artenosul\"><span style=\"font-family: arial, helvetica, sans-serif; color: #0000ff;\"><strong>PRIMEIRA P\u00c1GINA<\/strong><\/span><\/a><\/p>\n<p dir=\"ltr\"><span style=\"font-family: arial, helvetica, sans-serif; color: #0000ff;\"><strong>COMENT\u00c1RIOS<\/strong><\/span><\/p>\n<div data-test='contact-form'\n\t\t\tid='contact-form-10631'\n\t\t\tclass='wp-block-jetpack-contact-form-container '\n\t\t\tdata-wp-interactive='jetpack\/form' data-wp-context='{\"formId\":\"10631\",\"formHash\":\"5561ec41e1f3b6cf1e04396bc094a136d6b08d51\",\"showErrors\":false,\"errors\":[],\"fields\":[],\"isMultiStep\":false,\"useAjax\":true,\"submissionData\":null,\"formattedSubmissionData\":[],\"submissionSuccess\":false,\"submissionError\":null,\"elementId\":\"jp-form-5561ec41e1f3b6cf1e04396bc094a136d6b08d51\",\"isSingleInputForm\":false}'\n\t\t\tdata-wp-watch--scroll-to-wrapper=\"callbacks.scrollToWrapper\"\n\t\t>\n<div class=\"contact-form-submission contact-form-ajax-submission\" data-wp-class--submission-success=\"context.submissionSuccess\"><p class=\"go-back-message\"><a class=\"link\" role=\"button\" tabindex=\"0\" data-wp-on--click=\"actions.goBack\" href=\"\/artenosul\/wp-json\/wp\/v2\/posts\/10631\">Voltar<\/a><\/p><h4 id=\"contact-form-success-header\">Sua mensagem foi enviada<\/h4>\n\n<template data-wp-each--submission=\"context.formattedSubmissionData\">\n\t\t\t\t\t<div class=\"jetpack_forms_contact-form-success-summary\">\n\t\t\t\t\t\t<div class=\"field-name\" data-wp-text=\"context.submission.label\" data-wp-bind--hidden=\"!context.submission.label\"><\/div>\n\t\t\t\t\t\t<div class=\"field-value\" data-wp-text=\"context.submission.value\"><\/div>\n\t\t\t\t\t\t<div class=\"field-images\" data-wp-bind--hidden=\"!context.submission.images\">\n\t\t\t\t\t\t\t<template data-wp-each--image=\"context.submission.images\">\n\t\t\t\t\t\t\t\t<figure class=\"field-image\" data-wp-class--is-empty=\"!context.image\">\n\t\t\t\t\t\t\t\t\t<img data-wp-bind--src=\"context.image\" data-wp-bind--hidden=\"!context.image\" \/>\n\t\t\t\t\t\t\t\t\t<img decoding=\"async\" src=\"data:image\/gif;base64,R0lGODlhAQABAAD\/ACwAAAAAAQABAAACADs=\" data-wp-bind--hidden=\"context.image\" \/>\n\t\t\t\t\t\t\t\t<\/figure>\n\t\t\t\t\t\t\t<\/template>\n\t\t\t\t\t\t<\/div>\n\t\t\t\t\t<\/div>\n\t\t\t\t<\/template><\/div><form action='https:\/\/wp.ufpel.edu.br\/artenosul\/2022\/04\/26\/banda-suburban-stereotype-lanca-clipe-no-domingo\/'\n\t\t\t\tid='jp-form-5561ec41e1f3b6cf1e04396bc094a136d6b08d51'\n\t\t\t\tmethod='post'\n\t\t\t\tclass='contact-form commentsblock' aria-label=\"Banda Suburban Stereotype estreia clipe no domingo\"\n\t\t\t\tdata-wp-on--submit=\"actions.onFormSubmit\"\n\t\t\t\tdata-wp-on--reset=\"actions.onFormReset\"\n\t\t\t\tdata-wp-class--submission-success=\"context.submissionSuccess\"\n\t\t\t\tdata-wp-class--is-first-step=\"state.isFirstStep\"\n\t\t\t\tdata-wp-class--is-last-step=\"state.isLastStep\"\n\t\t\t\tdata-wp-class--is-ajax-form=\"context.useAjax\"\n\t\t\t\tnovalidate >\n<input type='hidden' name='jetpack_contact_form_jwt' value='eyJ0eXAiOiJKV1QiLCJhbGciOiJIUzI1NiJ9.eyJlbmNyeXB0ZWRfYXR0cmlidXRlcyI6IjdVODZuNTg5eDVaRnNuKzlQR2l4ZThqZVQzNXdLM0tSQVl0NjlqQjFmR0greDRSdWJRSXFuK2VKd2RkS2c3S21HSlFuZG1FU3JyS2xXYWRoRmlwY05kbXE3U09lbTVraDQ4ZGg2UjhSMG81Qll0MHFhODQwZDhNbi9MNDBvMmJmKzEzTFFnblgxaXppTjNKbS83S2lRVGkrTUR2UFhhUUh3NDA2RG1DRGVpL015N0hud0JGV0tVcms1WjRTM2RSM3FQeUhoTnpIVm0vTnoxdXJtdHdESlRacGJzNmQzTWxZN05DSWYvUldYSkxBelRucnVTN0tydG9tYXpmQ0tmZktmVDZaaG9aMzdhT3oyaXpGWGwxSXFwZ2NTb2FsU2hNTjJZQzNFZTk3REg2R2dXcVFheFVPZytCUE81Y1Y2QUcvY2lTblVESFNLMWRzYnpBeUowbWpxRFlEeHhIeXlISjgvWkpEUjd2OGg0bDJ0am9wMFVzRDZrempFbEF1RE1lOFpHOWhGZC9UYnpWQTRudk9JcVdVL2xPS3BNMXRWTGEwZHJNTWRRWkRiOU9ob0tvS1VrSWFZQU5PRkw2UEE3RkxNY24yandJTXBwN1lTTzFiTm5TNlVtb0tKdno5TzA3alAwcDJwN0Y0aVg1WWNadVZibkd6REVEZkM1dGhmZ2swTWc4NnBvSzZ6cG9iQnd4VkUwZVZXSjhDYm0zN3FWb3pTSDlRV1kwMXM2NUJsQjRBajJjZzNuekdTOHVLQXd1MlQ3V0VBc2I3a1RoMlFoK3FSUWl0b3BaY1JMNU1jYUFTSW5MWlU5SEVNTzFuWTNkTVcyNURJcmJuTXNpRDhJUDJRZzVUOHhGMHdWeE91ejY4OWFRS0IzTWxiUm1yZFNXSlg4UnFUUDFKTCt4WTNVTEM1R0ZaRTZiQlM5dHhWTDIwMkppbW10YVoyV21UOTliNkVJbnBBVC9UWEt5WkQ0a21ZcjVuUFNPeWw3dUtEaUtDMzJ4ZHF5ZHhvMFlEa3FoU2owNUpCNTZ5V2R1OFVDaGlqdU0xK3NrZnVlZkxSby8wZ2FibEltbCtJTGxDRkdHSkxlMEk4aGRlRG9nOFhqYTdqeGJSdzloU3cwNkxnYmo5TjBCQldvQmVFV3pFNXJoUW00MkxhL2VVMFAwc2R1Q3RRWGRGZjJINCsxZE5QRXU0ZWRXZ1lDajB4SmtDWFYyTTdKQ1dSVmdNeDhwdHNqaXpqN1hjIiwiY29udGVudCI6Iltjb250YWN0LWZpZWxkIGxhYmVsPVwiTm9tZVwiIHR5cGU9XCJuYW1lXCJdW2NvbnRhY3QtZmllbGQgbGFiZWw9XCJFLW1haWxcIiB0eXBlPVwiZW1haWxcIl1bY29udGFjdC1maWVsZCBsYWJlbD1cIk1lbnNhZ2VtXCIgdHlwZT1cInRleHRhcmVhXCJdIiwiaGFzaCI6IjU1NjFlYzQxZTFmM2I2Y2YxZTA0Mzk2YmMwOTRhMTM2ZDZiMDhkNTEiLCJzb3VyY2UiOnsiZW50cnlfdGl0bGUiOiJCYW5kYSBTdWJ1cmJhbiBTdGVyZW90eXBlIGVzdHJlaWEgY2xpcGUgbm8gZG9taW5nbyIsImVudHJ5X3BhZ2UiOjEsInNvdXJjZV9pZCI6MTA2MzEsInNvdXJjZV90eXBlIjoic2luZ2xlIiwicmVxdWVzdF91cmwiOiJodHRwczovL3dwLnVmcGVsLmVkdS5ici9hcnRlbm9zdWwvd3AtanNvbi93cC92Mi9wb3N0cy8xMDYzMSJ9LCJ2ZXJzaW9uIjoyLCJjaXBoZXIiOiJhZXMtMjU2LWdjbSJ9.847oBt82tsFvwaTaWLoie4P5YQmZVpBCOY2joV2E00Y' \/>\n\n<div style=\"\"  data-wp-interactive=\"jetpack\/form\" data-wp-context='{\"fieldId\":\"g10631-nome\",\"fieldType\":\"name\",\"fieldLabel\":\"Nome\",\"fieldValue\":\"\",\"fieldPlaceholder\":\"\",\"fieldIsRequired\":\"\",\"fieldErrorMessage\":\"\",\"fieldExtra\":[],\"formHash\":\"5561ec41e1f3b6cf1e04396bc094a136d6b08d51\"}'  class='grunion-field-name-wrap grunion-field-wrap'  data-wp-init='callbacks.initializeField' data-wp-on--jetpack-form-reset='callbacks.initializeField' >\n<label\n\t\t\t\tfor='g10631-nome' class=\"grunion-field-label name\" >Nome<\/label>\n<input\n\t\t\t\t\ttype='text'\n\t\t\t\t\tname='g10631-nome'\n\t\t\t\t\tid='g10631-nome'\n\t\t\t\t\tvalue=''\n\n\t\t\t\t\tdata-wp-bind--aria-invalid='state.fieldHasErrors'\n\t\t\t\t\tdata-wp-bind--value='state.getFieldValue'\n\t\t\t\t\taria-errormessage='g10631-nome-text-error-message'\n\t\t\t\t\tdata-wp-on--input='actions.onFieldChange'\n\t\t\t\t\tdata-wp-on--blur='actions.onFieldBlur'\n\t\t\t\t\tdata-wp-class--has-value='state.hasFieldValue'\n\n\t\t\t\t\tclass='name  grunion-field' \n\t\t\t\t\t \/>\n \n\t\t\t<div id=\"g10631-nome-text-error\" class=\"contact-form__input-error\" data-wp-class--has-errors=\"state.fieldHasErrors\">\n\t\t\t\t<span class=\"contact-form__warning-icon\">\n\t\t\t\t\t<svg width=\"16\" height=\"16\" viewBox=\"0 0 16 16\" fill=\"none\" xmlns=\"http:\/\/www.w3.org\/2000\/svg\">\n\t\t\t\t\t\t<path d=\"M8.50015 11.6402H7.50015V10.6402H8.50015V11.6402Z\" \/>\n\t\t\t\t\t\t<path d=\"M7.50015 9.64018H8.50015V6.30684H7.50015V9.64018Z\" \/>\n\t\t\t\t\t\t<path fill-rule=\"evenodd\" clip-rule=\"evenodd\" d=\"M6.98331 3.0947C7.42933 2.30177 8.57096 2.30177 9.01698 3.09469L13.8771 11.7349C14.3145 12.5126 13.7525 13.4735 12.8602 13.4735H3.14004C2.24774 13.4735 1.68575 12.5126 2.12321 11.7349L6.98331 3.0947ZM8.14541 3.58496C8.08169 3.47168 7.9186 3.47168 7.85488 3.58496L2.99478 12.2251C2.93229 12.3362 3.01257 12.4735 3.14004 12.4735H12.8602C12.9877 12.4735 13.068 12.3362 13.0055 12.2251L8.14541 3.58496Z\" \/>\n\t\t\t\t\t<\/svg>\n\t\t\t\t\t<span class=\"visually-hidden\">Aviso<\/span>\n\t\t\t\t<\/span>\n\t\t\t\t<span data-wp-text=\"state.errorMessage\" id=\"g10631-nome-text-error-message\" role=\"alert\" aria-live=\"assertive\"><\/span>\n\t\t\t<\/div> \n\t<\/div>\n\n<div style=\"\"  data-wp-interactive=\"jetpack\/form\" data-wp-context='{\"fieldId\":\"g10631-email\",\"fieldType\":\"email\",\"fieldLabel\":\"E-mail\",\"fieldValue\":\"\",\"fieldPlaceholder\":\"\",\"fieldIsRequired\":\"\",\"fieldErrorMessage\":\"\",\"fieldExtra\":[],\"formHash\":\"5561ec41e1f3b6cf1e04396bc094a136d6b08d51\"}'  class='grunion-field-email-wrap grunion-field-wrap'  data-wp-init='callbacks.initializeField' data-wp-on--jetpack-form-reset='callbacks.initializeField' >\n<label\n\t\t\t\tfor='g10631-email' class=\"grunion-field-label email\" >E-mail<\/label>\n<input\n\t\t\t\t\ttype='email'\n\t\t\t\t\tname='g10631-email'\n\t\t\t\t\tid='g10631-email'\n\t\t\t\t\tvalue=''\n\n\t\t\t\t\tdata-wp-bind--aria-invalid='state.fieldHasErrors'\n\t\t\t\t\tdata-wp-bind--value='state.getFieldValue'\n\t\t\t\t\taria-errormessage='g10631-email-email-error-message'\n\t\t\t\t\tdata-wp-on--input='actions.onFieldChange'\n\t\t\t\t\tdata-wp-on--blur='actions.onFieldBlur'\n\t\t\t\t\tdata-wp-class--has-value='state.hasFieldValue'\n\n\t\t\t\t\tclass='email  grunion-field' \n\t\t\t\t\t \/>\n \n\t\t\t<div id=\"g10631-email-email-error\" class=\"contact-form__input-error\" data-wp-class--has-errors=\"state.fieldHasErrors\">\n\t\t\t\t<span class=\"contact-form__warning-icon\">\n\t\t\t\t\t<svg width=\"16\" height=\"16\" viewBox=\"0 0 16 16\" fill=\"none\" xmlns=\"http:\/\/www.w3.org\/2000\/svg\">\n\t\t\t\t\t\t<path d=\"M8.50015 11.6402H7.50015V10.6402H8.50015V11.6402Z\" \/>\n\t\t\t\t\t\t<path d=\"M7.50015 9.64018H8.50015V6.30684H7.50015V9.64018Z\" \/>\n\t\t\t\t\t\t<path fill-rule=\"evenodd\" clip-rule=\"evenodd\" d=\"M6.98331 3.0947C7.42933 2.30177 8.57096 2.30177 9.01698 3.09469L13.8771 11.7349C14.3145 12.5126 13.7525 13.4735 12.8602 13.4735H3.14004C2.24774 13.4735 1.68575 12.5126 2.12321 11.7349L6.98331 3.0947ZM8.14541 3.58496C8.08169 3.47168 7.9186 3.47168 7.85488 3.58496L2.99478 12.2251C2.93229 12.3362 3.01257 12.4735 3.14004 12.4735H12.8602C12.9877 12.4735 13.068 12.3362 13.0055 12.2251L8.14541 3.58496Z\" \/>\n\t\t\t\t\t<\/svg>\n\t\t\t\t\t<span class=\"visually-hidden\">Aviso<\/span>\n\t\t\t\t<\/span>\n\t\t\t\t<span data-wp-text=\"state.errorMessage\" id=\"g10631-email-email-error-message\" role=\"alert\" aria-live=\"assertive\"><\/span>\n\t\t\t<\/div> \n\t<\/div>\n\n<div style=\"\"  data-wp-interactive=\"jetpack\/form\" data-wp-context='{\"fieldId\":\"g10631-mensagem\",\"fieldType\":\"textarea\",\"fieldLabel\":\"Mensagem\",\"fieldValue\":\"\",\"fieldPlaceholder\":\"\",\"fieldIsRequired\":\"\",\"fieldErrorMessage\":\"\",\"fieldExtra\":[],\"formHash\":\"5561ec41e1f3b6cf1e04396bc094a136d6b08d51\"}'  class='grunion-field-textarea-wrap grunion-field-wrap'  data-wp-init='callbacks.initializeField' data-wp-on--jetpack-form-reset='callbacks.initializeField' >\n<label\n\t\t\t\tfor='contact-form-comment-g10631-mensagem' class=\"grunion-field-label textarea\" >Mensagem<\/label>\n<textarea\n\t\t                style=''\n\t\t                name='g10631-mensagem'\n\t\t                id='contact-form-comment-g10631-mensagem'\n\t\t                rows='20'\n\t\t\t\t\t\tdata-wp-text='state.getFieldValue'\n\t\t\t\t\t\tdata-wp-on--input='actions.onFieldChange'\n\t\t\t\t\t\tdata-wp-on--blur='actions.onFieldBlur'\n\t\t\t\t\t\tdata-wp-class--has-value='state.hasFieldValue'\n\t\t\t\t\t\tdata-wp-bind--aria-invalid='state.fieldHasErrors'\n\t\t\t\t\t\taria-errormessage='g10631-mensagem-textarea-error-message'\n\t\t\t\t\t\tclass='textarea  grunion-field'  ><\/textarea>\n \n\t\t\t<div id=\"g10631-mensagem-textarea-error\" class=\"contact-form__input-error\" data-wp-class--has-errors=\"state.fieldHasErrors\">\n\t\t\t\t<span class=\"contact-form__warning-icon\">\n\t\t\t\t\t<svg width=\"16\" height=\"16\" viewBox=\"0 0 16 16\" fill=\"none\" xmlns=\"http:\/\/www.w3.org\/2000\/svg\">\n\t\t\t\t\t\t<path d=\"M8.50015 11.6402H7.50015V10.6402H8.50015V11.6402Z\" \/>\n\t\t\t\t\t\t<path d=\"M7.50015 9.64018H8.50015V6.30684H7.50015V9.64018Z\" \/>\n\t\t\t\t\t\t<path fill-rule=\"evenodd\" clip-rule=\"evenodd\" d=\"M6.98331 3.0947C7.42933 2.30177 8.57096 2.30177 9.01698 3.09469L13.8771 11.7349C14.3145 12.5126 13.7525 13.4735 12.8602 13.4735H3.14004C2.24774 13.4735 1.68575 12.5126 2.12321 11.7349L6.98331 3.0947ZM8.14541 3.58496C8.08169 3.47168 7.9186 3.47168 7.85488 3.58496L2.99478 12.2251C2.93229 12.3362 3.01257 12.4735 3.14004 12.4735H12.8602C12.9877 12.4735 13.068 12.3362 13.0055 12.2251L8.14541 3.58496Z\" \/>\n\t\t\t\t\t<\/svg>\n\t\t\t\t\t<span class=\"visually-hidden\">Aviso<\/span>\n\t\t\t\t<\/span>\n\t\t\t\t<span data-wp-text=\"state.errorMessage\" id=\"g10631-mensagem-textarea-error-message\" role=\"alert\" aria-live=\"assertive\"><\/span>\n\t\t\t<\/div>\n\t<\/div>\n\t<p class='contact-submit'>\n<div class=\"contact-form__error\" data-wp-class--show-errors=\"state.showFormErrors\"><span class=\"contact-form__warning-icon\"><span class=\"visually-hidden\">Aten\u00e7\u00e3o.<\/span><i aria-hidden=\"true\"><\/i><\/span>\n\t\t\t\t<span data-wp-text=\"state.getFormErrorMessage\"><\/span>\n\t\t\t\t<ul>\n\t\t\t\t<template data-wp-each=\"state.getErrorList\" data-wp-key=\"context.item.id\">\n\t\t\t\t\t<li><a data-wp-bind--href=\"context.item.anchor\" data-wp-on--click=\"actions.scrollIntoView\" data-wp-text=\"context.item.label\"><\/a><\/li>\n\t\t\t\t<\/template>\n\t\t\t\t<\/ul><\/div><div class=\"contact-form__error\" data-wp-class--show-errors=\"state.showSubmissionError\" data-wp-text=\"context.submissionError\"><\/div>\t\t<button type='submit' class='pushbutton-wide'>Enviar<\/button>\t\t<input type='hidden' name='contact-form-id' value='10631' \/>\n\t\t<input type='hidden' name='action' value='grunion-contact-form' \/>\n\t\t<input type='hidden' name='contact-form-hash' value='5561ec41e1f3b6cf1e04396bc094a136d6b08d51' \/>\n\t<\/p>\n<p style=\"display: none !important;\" class=\"akismet-fields-container\" data-prefix=\"ak_\"><label>&#916;<textarea name=\"ak_hp_textarea\" cols=\"45\" rows=\"8\" maxlength=\"100\"><\/textarea><\/label><input type=\"hidden\" id=\"ak_js_1\" name=\"ak_js\" value=\"43\"\/><script>document.getElementById( \"ak_js_1\" ).setAttribute( \"value\", ( new Date() ).getTime() );<\/script><\/p><\/form>\n<\/div>\n","protected":false},"excerpt":{"rendered":"<p>Lan\u00e7amento no Dia do Trabalhador ressalta a import\u00e2ncia da consci\u00eancia pol\u00edtica\u00a0 \u00a0\u00a0 Neste 1\u00ba de maio, a banda pelotense de hardcore Suburban Stereotype lan\u00e7a o clipe da m\u00fasica &#8220;Somos um S\u00f3&#8221;, produzido pela Mayhem Produ\u00e7\u00f5es. Celebra o car\u00e1ter questionador do movimento\u00a0 na can\u00e7\u00e3o \u201cSomos um S\u00f3\u201d, que faz parte do \u00e1lbum \u201cLeitmotiv\u201d, de 2017. O &hellip; <\/p>\n<p><a class=\"more-link btn\" href=\"https:\/\/wp.ufpel.edu.br\/artenosul\/2022\/04\/26\/banda-suburban-stereotype-lanca-clipe-no-domingo\/\">Continue lendo<\/a><\/p>\n","protected":false},"author":571,"featured_media":10641,"comment_status":"closed","ping_status":"closed","sticky":false,"template":"","format":"standard","meta":{"jetpack_post_was_ever_published":false,"_jetpack_newsletter_access":"","_jetpack_dont_email_post_to_subs":false,"_jetpack_newsletter_tier_id":0,"_jetpack_memberships_contains_paywalled_content":false,"_jetpack_memberships_contains_paid_content":false,"footnotes":"","jetpack_publicize_message":"","jetpack_publicize_feature_enabled":true,"jetpack_social_post_already_shared":true,"jetpack_social_options":{"image_generator_settings":{"template":"highway","default_image_id":0,"font":"","enabled":false},"version":2}},"categories":[6,1],"tags":[1460,1462,1459,1457,1461,1458],"class_list":["post-10631","post","type-post","status-publish","format-standard","has-post-thumbnail","hentry","category-musica","category-noticias","tag-hardcore","tag-leitmotiv","tag-maicon-rodrigues","tag-mayhem-producoes","tag-somos-um-so","tag-suburban-stereotype","nodate","item-wrap"],"jetpack_publicize_connections":[],"jetpack_featured_media_url":"https:\/\/wp.ufpel.edu.br\/artenosul\/files\/2022\/04\/Image-2022-04-25-at-19.36.29.jpeg","jetpack_sharing_enabled":true,"jetpack_likes_enabled":true,"jetpack_shortlink":"https:\/\/wp.me\/p6PuxQ-2Lt","jetpack-related-posts":[{"id":8745,"url":"https:\/\/wp.ufpel.edu.br\/artenosul\/2020\/10\/26\/em-meio-a-pandemia-coletivo-amu-e-mano-rick-apostam-na-reinvencao\/","url_meta":{"origin":10631,"position":0},"title":"Em meio \u00e0 pandemia: Coletivo AMU e Mano Rick apostam na reinven\u00e7\u00e3o","author":"artenosul","date":"26 de outubro de 2020","format":false,"excerpt":"Por Nathianni Gomes da Cruz Desafios do ano 2020 levam a descobertas e inova\u00e7\u00e3o na \u00e1rea musical Como voc\u00ea imaginou o ano de 2020 no dia 1\u00ba de janeiro? Certamente, para m\u00fasicos, poder\u00edamos esperar a resposta de um ano de lan\u00e7amentos e shows em v\u00e1rios cantos do Pa\u00eds. Infelizmente, com\u2026","rel":"","context":"Em &quot;COMUNIDADE&quot;","block_context":{"text":"COMUNIDADE","link":"https:\/\/wp.ufpel.edu.br\/artenosul\/category\/comunidade\/"},"img":{"alt_text":"","src":"https:\/\/i0.wp.com\/wp.ufpel.edu.br\/artenosul\/files\/2020\/10\/Mano-Rick.jpg?resize=350%2C200&ssl=1","width":350,"height":200,"srcset":"https:\/\/i0.wp.com\/wp.ufpel.edu.br\/artenosul\/files\/2020\/10\/Mano-Rick.jpg?resize=350%2C200&ssl=1 1x, https:\/\/i0.wp.com\/wp.ufpel.edu.br\/artenosul\/files\/2020\/10\/Mano-Rick.jpg?resize=525%2C300&ssl=1 1.5x, https:\/\/i0.wp.com\/wp.ufpel.edu.br\/artenosul\/files\/2020\/10\/Mano-Rick.jpg?resize=700%2C400&ssl=1 2x, https:\/\/i0.wp.com\/wp.ufpel.edu.br\/artenosul\/files\/2020\/10\/Mano-Rick.jpg?resize=1050%2C600&ssl=1 3x, https:\/\/i0.wp.com\/wp.ufpel.edu.br\/artenosul\/files\/2020\/10\/Mano-Rick.jpg?resize=1400%2C800&ssl=1 4x"},"classes":[]},{"id":236,"url":"https:\/\/wp.ufpel.edu.br\/artenosul\/2015\/10\/19\/juliano-guerra-personalidade-sarcasmo-e-amor\/","url_meta":{"origin":10631,"position":1},"title":"Juliano Guerra: personalidade, sarcasmo e amor","author":"artenosul","date":"19 de outubro de 2015","format":false,"excerpt":"Reportagem de Estevan Garcia e \u00a0Vanessa Kleber -\u00a0 Sotaque marcante, ritmos tipicamente brasileiros e letras que transformam o cotidiano em poesia. Essas s\u00e3o algumas das caracter\u00edsticas do trabalho do m\u00fasico Juliano Guerra, nascido no munic\u00edpio de Cangu\u00e7u, em 7 de outubro de 1983. O artista iniciou sua carreira ainda no\u2026","rel":"","context":"Em &quot;M\u00daSICA&quot;","block_context":{"text":"M\u00daSICA","link":"https:\/\/wp.ufpel.edu.br\/artenosul\/category\/musica\/"},"img":{"alt_text":"","src":"https:\/\/i0.wp.com\/wp.ufpel.edu.br\/artenosul\/files\/2015\/10\/Juliano-Guerra-foto-divulga%C3%A7%C3%A3o-Fot%C3%B3grafo-Felipe-Campal-HD-3BB.jpg?resize=350%2C200&ssl=1","width":350,"height":200,"srcset":"https:\/\/i0.wp.com\/wp.ufpel.edu.br\/artenosul\/files\/2015\/10\/Juliano-Guerra-foto-divulga%C3%A7%C3%A3o-Fot%C3%B3grafo-Felipe-Campal-HD-3BB.jpg?resize=350%2C200&ssl=1 1x, https:\/\/i0.wp.com\/wp.ufpel.edu.br\/artenosul\/files\/2015\/10\/Juliano-Guerra-foto-divulga%C3%A7%C3%A3o-Fot%C3%B3grafo-Felipe-Campal-HD-3BB.jpg?resize=525%2C300&ssl=1 1.5x"},"classes":[]},{"id":7109,"url":"https:\/\/wp.ufpel.edu.br\/artenosul\/2017\/08\/01\/clipe-de-zudzilla-e-zilla-sonoro-nao\/","url_meta":{"origin":10631,"position":2},"title":"Clipe de Zudzilla e Zilla Sonoro: &#8220;N\u00c3O&#8221;","author":"artenosul","date":"1 de agosto de 2017","format":false,"excerpt":"Eduardo Uhlmann \u00a0\u00a0\u00a0\u00a0\u00a0 \u201cUm mon\u00f3logo, de duas pessoas ocupando o mesmo lugar de fala, interagindo com a persistente e desafiadora resposta negativa que o instrumental apresenta, e que reflete a posi\u00e7\u00e3o da sociedade frente as iniciativas - reprimidas, de uma parcela da mesma, que encontra as portas do mundo fechadas\u2026","rel":"","context":"Em &quot;M\u00daSICA&quot;","block_context":{"text":"M\u00daSICA","link":"https:\/\/wp.ufpel.edu.br\/artenosul\/category\/musica\/"},"img":{"alt_text":"","src":"https:\/\/i0.wp.com\/wp.ufpel.edu.br\/artenosul\/files\/2017\/08\/2.png?resize=350%2C200&ssl=1","width":350,"height":200,"srcset":"https:\/\/i0.wp.com\/wp.ufpel.edu.br\/artenosul\/files\/2017\/08\/2.png?resize=350%2C200&ssl=1 1x, https:\/\/i0.wp.com\/wp.ufpel.edu.br\/artenosul\/files\/2017\/08\/2.png?resize=525%2C300&ssl=1 1.5x"},"classes":[]},{"id":7,"url":"https:\/\/wp.ufpel.edu.br\/artenosul\/2015\/10\/08\/a-energia-hardcore-da-banda-freak-brotherz\/","url_meta":{"origin":10631,"position":3},"title":"A energia hardcore da banda Freak Brotherz","author":"artenosul","date":"8 de outubro de 2015","format":false,"excerpt":"Reportagem de Roberta Kegles Chiesa e Priscila Machado - Uma das bandas de rock mais duradouras da cidade de Pelotas, a Freak Brotherz, traz a energia hardcore para os palcos desde 1998. Formada inicialmente pelos irm\u00e3os Danilo e Solano Ferreira, na voz e baixo, conta tamb\u00e9m com o g\u00e1s de\u2026","rel":"","context":"Em &quot;M\u00daSICA&quot;","block_context":{"text":"M\u00daSICA","link":"https:\/\/wp.ufpel.edu.br\/artenosul\/category\/musica\/"},"img":{"alt_text":"","src":"https:\/\/i0.wp.com\/wp.ufpel.edu.br\/artenosul\/files\/2015\/10\/Freak3.jpg?resize=350%2C200&ssl=1","width":350,"height":200,"srcset":"https:\/\/i0.wp.com\/wp.ufpel.edu.br\/artenosul\/files\/2015\/10\/Freak3.jpg?resize=350%2C200&ssl=1 1x, https:\/\/i0.wp.com\/wp.ufpel.edu.br\/artenosul\/files\/2015\/10\/Freak3.jpg?resize=525%2C300&ssl=1 1.5x, https:\/\/i0.wp.com\/wp.ufpel.edu.br\/artenosul\/files\/2015\/10\/Freak3.jpg?resize=700%2C400&ssl=1 2x"},"classes":[]},{"id":4849,"url":"https:\/\/wp.ufpel.edu.br\/artenosul\/2017\/03\/17\/novo-single-filme-de-terror\/","url_meta":{"origin":10631,"position":4},"title":"Novo single: Filme de Terror","author":"artenosul","date":"17 de mar\u00e7o de 2017","format":false,"excerpt":"\u00a0 Reportagem de Estevan Garcia e Mariana Argoud - Confira a m\u00fasica recente da banda da Serra Ga\u00facha WAR - \u00a0 \u00a0 \u00a0 \u00a0 \u00a0 \u00a0 \u00a0No fim de fevereiro, os guris da banda da Serra Ga\u00facha WAR (We Are Revolution) chamaram aten\u00e7\u00e3o nas redes sociais, pelo lan\u00e7amento do seu\u2026","rel":"","context":"Em &quot;M\u00daSICA&quot;","block_context":{"text":"M\u00daSICA","link":"https:\/\/wp.ufpel.edu.br\/artenosul\/category\/musica\/"},"img":{"alt_text":"","src":"https:\/\/i0.wp.com\/wp.ufpel.edu.br\/artenosul\/files\/2017\/03\/Estevan2-e1499526209612.jpg?resize=350%2C200&ssl=1","width":350,"height":200},"classes":[]},{"id":4916,"url":"https:\/\/wp.ufpel.edu.br\/artenosul\/2017\/03\/18\/prata-da-casa\/","url_meta":{"origin":10631,"position":5},"title":"Prata da casa","author":"artenosul","date":"18 de mar\u00e7o de 2017","format":false,"excerpt":"\u00a0 Reportagem de Beatriz Coan Peterle -\u00a0 Cantora e compositora pelotense lan\u00e7a single na internet -\u00a0 \u00a0 \u00a0 \u00a0Nascida em Pelotas e estudante de Dan\u00e7a na Universidade Federal de Pelotas (UFPel), Julie Schiavon, \u00e9 uma das mais novas artistas da cidade tentando se lan\u00e7ar no cen\u00e1rio musical. Com 20 anos\u2026","rel":"","context":"Em &quot;M\u00daSICA&quot;","block_context":{"text":"M\u00daSICA","link":"https:\/\/wp.ufpel.edu.br\/artenosul\/category\/musica\/"},"img":{"alt_text":"","src":"https:\/\/i0.wp.com\/wp.ufpel.edu.br\/artenosul\/files\/2017\/03\/Beatriz4-e1499521707223.jpg?resize=350%2C200&ssl=1","width":350,"height":200},"classes":[]}],"_links":{"self":[{"href":"https:\/\/wp.ufpel.edu.br\/artenosul\/wp-json\/wp\/v2\/posts\/10631","targetHints":{"allow":["GET"]}}],"collection":[{"href":"https:\/\/wp.ufpel.edu.br\/artenosul\/wp-json\/wp\/v2\/posts"}],"about":[{"href":"https:\/\/wp.ufpel.edu.br\/artenosul\/wp-json\/wp\/v2\/types\/post"}],"author":[{"embeddable":true,"href":"https:\/\/wp.ufpel.edu.br\/artenosul\/wp-json\/wp\/v2\/users\/571"}],"replies":[{"embeddable":true,"href":"https:\/\/wp.ufpel.edu.br\/artenosul\/wp-json\/wp\/v2\/comments?post=10631"}],"version-history":[{"count":10,"href":"https:\/\/wp.ufpel.edu.br\/artenosul\/wp-json\/wp\/v2\/posts\/10631\/revisions"}],"predecessor-version":[{"id":10650,"href":"https:\/\/wp.ufpel.edu.br\/artenosul\/wp-json\/wp\/v2\/posts\/10631\/revisions\/10650"}],"wp:featuredmedia":[{"embeddable":true,"href":"https:\/\/wp.ufpel.edu.br\/artenosul\/wp-json\/wp\/v2\/media\/10641"}],"wp:attachment":[{"href":"https:\/\/wp.ufpel.edu.br\/artenosul\/wp-json\/wp\/v2\/media?parent=10631"}],"wp:term":[{"taxonomy":"category","embeddable":true,"href":"https:\/\/wp.ufpel.edu.br\/artenosul\/wp-json\/wp\/v2\/categories?post=10631"},{"taxonomy":"post_tag","embeddable":true,"href":"https:\/\/wp.ufpel.edu.br\/artenosul\/wp-json\/wp\/v2\/tags?post=10631"}],"curies":[{"name":"wp","href":"https:\/\/api.w.org\/{rel}","templated":true}]}}