{"id":10588,"date":"2022-04-26T11:33:55","date_gmt":"2022-04-26T14:33:55","guid":{"rendered":"https:\/\/wp.ufpel.edu.br\/artenosul\/?p=10588"},"modified":"2022-04-27T09:02:30","modified_gmt":"2022-04-27T12:02:30","slug":"quality-sul-lanca-projeto-de-rap-acustico-em-rio-grande","status":"publish","type":"post","link":"https:\/\/wp.ufpel.edu.br\/artenosul\/2022\/04\/26\/quality-sul-lanca-projeto-de-rap-acustico-em-rio-grande\/","title":{"rendered":"Quality Sul lan\u00e7a projeto de rap ac\u00fastico em Rio Grande"},"content":{"rendered":"<p style=\"text-align: right;\"><span style=\"color: #003366;\"><em><strong><span style=\"font-family: arial, helvetica, sans-serif;\">Por Br\u00edgida Sodr\u00e9\u00a0 \u00a0 \u00a0\u00a0<\/span><\/strong><\/em><\/span><\/p>\n<p style=\"text-align: center;\"><span style=\"color: #003366;\"><em><strong><span style=\"font-family: arial, helvetica, sans-serif;\">A can\u00e7\u00e3o \u201cInevit\u00e1vel\u201d conta com participa\u00e7\u00e3o de Gii Quaresma, Isaque Acosta, Juanitto e Ravena<\/span><\/strong><\/em><\/span><\/p>\n<div class=\"embed-container\"><iframe loading=\"lazy\" title=\"Ac\u00fastico -Inevit\u00e1vel\ud83d\udc94-McQuaresma,Onlyzin,Gii Quaresma,Juanitto,Isaque Acosta,RK,Prod\u00edgio e Ravena\" width=\"855\" height=\"481\" src=\"https:\/\/www.youtube.com\/embed\/QKu4iPdZsgU?feature=oembed\" frameborder=\"0\" allow=\"accelerometer; autoplay; clipboard-write; encrypted-media; gyroscope; picture-in-picture; web-share\" referrerpolicy=\"strict-origin-when-cross-origin\" allowfullscreen><\/iframe><\/div>\n<p style=\"text-align: justify;\"><span style=\"font-family: arial, helvetica, sans-serif;\">Com uma pegada que lembra o famoso Poesia Ac\u00fastica, o grupo de rap rio-grandino Quality Sul lan\u00e7ou no dia 12 de abril a m\u00fasica \u201cInevit\u00e1vel\u201d<strong>,<\/strong> que conta com vocais de Mc Quaresma, Onlyzin, Gii Quaresma, Juanitto, Isaque Acosta, Real Keven, Prod\u00edgio e Ravena. <a href=\"https:\/\/open.spotify.com\/track\/7JcsdWGt7KjRVCkH9j7vFL?si=9sjUi6Y7SmqYv-krcSPbTA&amp;utm_source=whatsapp&amp;nd=1\" target=\"_blank\" rel=\"noopener\">A can\u00e7\u00e3o est\u00e1 dispon\u00edvel no Spotify<\/a>.<\/span><\/p>\n<p style=\"text-align: justify;\"><span style=\"font-family: arial, helvetica, sans-serif;\">Com uma semana de lan\u00e7amento, o videoclipe de quase dez minutos j\u00e1 atingiu 2,4 mil \u00a0visualiza\u00e7\u00f5es no <a href=\"https:\/\/www.youtube.com\/watch?v=QKu4iPdZsgU\" target=\"_blank\" rel=\"noopener\">canal da Quality Sul<\/a> no YouTube. Para o Mc Quaresma, 23 anos, \u201cInevit\u00e1vel\u201d \u00e9 a can\u00e7\u00e3o mais linda que j\u00e1 escreveu. \u201cSou grato por esse momento que estamos vivendo, sem palavras a todas as pessoas que t\u00eam nos apoiado\u201d, agradece o Mc.<\/span><\/p>\n<p style=\"text-align: justify;\"><span style=\"font-family: arial, helvetica, sans-serif;\">A cantora Ravena,18 anos, revela que esta foi sua primeira parceria com artistas de Rio Grande. \u201cAdmiro muito a galera da Quality e todos os artistas da cidade que correm atr\u00e1s do que querem. Agrade\u00e7o pela oportunidade e espero que gostem da minha participa\u00e7\u00e3o\u201d, expressa sua satisfa\u00e7\u00e3o.<\/span><\/p>\n<p style=\"text-align: justify;\"><span style=\"font-family: arial, helvetica, sans-serif;\">J\u00e1 Gii Quaresma,17 anos, conta que o convite partiu de seu irm\u00e3o, Mc Quaresma, que \u00e9 um dos membros da Quality. \u201cEm um som de ac\u00fastico, \u00e9 bem normal ter uma voz feminina, mas ao mesmo tempo \u00e9 bem importante pra poder mostrar que temos voz nesse tipo de som\u201d, explica a jovem sobre a presen\u00e7a de mulheres no rap. \u201c\u00c9 um momento muito fod*, muito lindo e gratificante demais\u201d, acrescenta.<\/span><\/p>\n<p style=\"text-align: justify;\"><span style=\"font-family: arial, helvetica, sans-serif;\">Isaque Acosta, de 22 anos, v\u00ea a experi\u00eancia de participar deste projeto como uma forma de valorizar a cultura local e remete para ele ao sentimento de coletividade. \u201cN\u00e3o podemos parar de manter em evid\u00eancia a cultura rica que temos no Sul do Sul do pa\u00eds. Acredito que juntos somos mais fortes\u201d, afirma o cantor.<\/span><\/p>\n<p style=\"text-align: justify;\"><span style=\"font-family: arial, helvetica, sans-serif;\">Segundo o fundador da Quality Sul, Prod\u00edgio, de 21 anos, \u201cfazer parte do ac\u00fastico foi incr\u00edvel. Juntou uma galera com estilos musicais e gostos diferentes para fazer algo in\u00e9dito em Rio Grande\u201d. J\u00e1 na vis\u00e3o de Juanitto, 25, \u201dparticipar do projeto foi como desenhar um plano e ver ele saindo do papel&#8221;. &#8220;Foi muito mais do que eu esperava\u201d, diz.<\/span><\/p>\n<p style=\"text-align: justify;\"><span style=\"color: #0000ff;\"><strong><span style=\"font-family: arial, helvetica, sans-serif;\">Constru\u00e7\u00e3o da m\u00fasica<\/span><\/strong><\/span><\/p>\n<p>&nbsp;<\/p>\n<div id=\"attachment_10613\" style=\"width: 894px\" class=\"wp-caption aligncenter\"><img loading=\"lazy\" decoding=\"async\" aria-describedby=\"caption-attachment-10613\" class=\" wp-image-10613\" src=\"https:\/\/wp.ufpel.edu.br\/artenosul\/files\/2022\/04\/Foto1-500x375.jpg\" alt=\"\" width=\"894\" height=\"671\" srcset=\"https:\/\/wp.ufpel.edu.br\/artenosul\/files\/2022\/04\/Foto1-500x375.jpg 500w, https:\/\/wp.ufpel.edu.br\/artenosul\/files\/2022\/04\/Foto1-300x225.jpg 300w, https:\/\/wp.ufpel.edu.br\/artenosul\/files\/2022\/04\/Foto1-768x576.jpg 768w, https:\/\/wp.ufpel.edu.br\/artenosul\/files\/2022\/04\/Foto1-855x641.jpg 855w, https:\/\/wp.ufpel.edu.br\/artenosul\/files\/2022\/04\/Foto1.jpg 1080w\" sizes=\"auto, (max-width: 894px) 100vw, 894px\" \/><p id=\"caption-attachment-10613\" class=\"wp-caption-text\"><strong><span style=\"font-family: arial, helvetica, sans-serif;\"><span style=\"color: #0000ff;\">Grava\u00e7\u00e3o contou com Prod\u00edgio Mc, Ravena, Mc Quaresma, Gii Quaresma, \u00a0Isaque Acosta, Real Keven, Juanitto e Onlyzin<\/span><\/span><\/strong><\/p><\/div>\n<p>&nbsp;<\/p>\n<p style=\"text-align: justify;\"><span style=\"font-family: arial, helvetica, sans-serif;\">Em entrevista ao Arte no Sul, o integrante da Quality, Real Keven, 22 anos, conta que a ideia de lan\u00e7ar um projeto ac\u00fastico surgiu em 2019. \u201cEm 2020, gravamos um, mas n\u00e3o ficou no estilo que a gente queria. Em 2021, conseguimos fechar um time fod* pra trampar com a gente e bolamos a ideia desse som\u201d, explica RK.<\/span><\/p>\n<p style=\"text-align: justify;\"><span style=\"font-family: arial, helvetica, sans-serif;\">A constru\u00e7\u00e3o da m\u00fasica se deu por meio de parcerias. Os versos cantados por Onlyzin, 19 anos, e Juanitto, 25, em \u201cInevit\u00e1vel\u201d, surgiram a partir de uma iniciativa da dupla em compor uma can\u00e7\u00e3o em parceria. \u201cUm certo dia, num ensaio da Quality, mostramos a nossa m\u00fasica para o grupo e pensamos porque n\u00e3o pegar essa m\u00fasica e fazer um projeto grande com artistas da cidade\u201d, conta Onlyzin.<\/span><\/p>\n<p style=\"text-align: justify;\"><span style=\"font-family: arial, helvetica, sans-serif;\">Nesse primeiro encontro, estavam presentes Gii Quaresma, Juanitto, Keven, Mc Quaresma, Onlyzin e Prod\u00edgio. \u201cA gente se juntou e foi um lance bem natural e sem press\u00e3o. Pensamos em adicionar mais duas vozes ao som: a Ravena, que j\u00e1 tem uma proximidade com a Quality, e o Isaque, que tinha essa liga\u00e7\u00e3o com o Juan, para incrementar o som e fechar daquele jeit\u00e3o\u201d, relembra Keven.<\/span><\/p>\n<p style=\"text-align: justify;\"><span style=\"font-family: arial, helvetica, sans-serif;\">A identidade sonora da m\u00fasica foi composta inicialmente pela melodia do Mc Quaresma e os arranjos e acordes de Juanitto no viol\u00e3o. A capta\u00e7\u00e3o, mix e master deste som foi realizada por Mdbeats, na gravadora M.Record Studio, em Rio Grande. J\u00e1 a produ\u00e7\u00e3o musical ficou nas m\u00e3os de Dedey. \u00a0<\/span><\/p>\n<p style=\"text-align: justify;\"><span style=\"font-family: arial, helvetica, sans-serif;\">\u201cRecebi o convite pra fazer a instrumentaliza\u00e7\u00e3o de fundo, tipo um tempero a mais. Porque por mais que o viol\u00e3o j\u00e1 estivesse muito bom, acabava soando enjoativo depois de um certo tempo.\u00a0 Fiz algumas percuss\u00f5es, coloquei piano, bells, guitarra, viol\u00e3o sintetizado, baixo e 808\u201d, explica o produtor. \u201cEnfim, foi uma honra ter trabalhado com esse time de monstros, mais uma vez, e espero que d\u00ea muito resultado\u201d, agradece Dedey.<\/span><\/p>\n<p style=\"text-align: justify;\"><span style=\"color: #3366ff;\"><strong><span style=\"font-family: arial, helvetica, sans-serif;\">Sobre a grava\u00e7\u00e3o do clipe<\/span><\/strong><\/span><\/p>\n<div id=\"attachment_10614\" style=\"width: 850px\" class=\"wp-caption aligncenter\"><img loading=\"lazy\" decoding=\"async\" aria-describedby=\"caption-attachment-10614\" class=\"wp-image-10614 \" src=\"https:\/\/wp.ufpel.edu.br\/artenosul\/files\/2022\/04\/Foto2-500x281.jpg\" alt=\"\" width=\"850\" height=\"478\" srcset=\"https:\/\/wp.ufpel.edu.br\/artenosul\/files\/2022\/04\/Foto2-500x281.jpg 500w, https:\/\/wp.ufpel.edu.br\/artenosul\/files\/2022\/04\/Foto2-300x169.jpg 300w, https:\/\/wp.ufpel.edu.br\/artenosul\/files\/2022\/04\/Foto2-768x432.jpg 768w, https:\/\/wp.ufpel.edu.br\/artenosul\/files\/2022\/04\/Foto2-855x481.jpg 855w, https:\/\/wp.ufpel.edu.br\/artenosul\/files\/2022\/04\/Foto2.jpg 1280w\" sizes=\"auto, (max-width: 850px) 100vw, 850px\" \/><p id=\"caption-attachment-10614\" class=\"wp-caption-text\"><span style=\"color: #0000ff;\"><strong><span style=\"font-family: arial, helvetica, sans-serif;\"><span style=\"color: #0000ff;\">Artistas posam para capa da m\u00fasica &#8220;Inevit\u00e1vel&#8221; lan\u00e7ada no Youtube no dia 12 de abril\u00a0\u00a0 \u00a0 \u00a0 \u00a0 \u00a0 \u00a0 \u00a0 \u00a0Fotos: Divulga\u00e7\u00e3o\u00a0<\/span><\/span><\/strong><\/span><\/p><\/div>\n<p>&nbsp;<\/p>\n<p style=\"text-align: justify;\"><span style=\"font-family: arial, helvetica, sans-serif;\">O lugar escolhido para grava\u00e7\u00e3o do clipe foi a casa cultural e barzinho Espa\u00e7o Lambe. Kevin conta que escolheu o lugar ap\u00f3s a realiza\u00e7\u00e3o de um poket show da Quality Sul no local. Os idealizadores da Lambe, Isadora Sim\u00f5es, 24 anos, e Diogo Azevedo, 26, adoraram a iniciativa e aceitaram ceder o Espa\u00e7o de forma gratuita para a grava\u00e7\u00e3o. \u201c\u00c9 um espa\u00e7o jovem, que tem festa e a gente que \u00e9 a cara do rol\u00ea gravou ali. Ficou uma identidade visual incr\u00edvel no videoclipe\u201d, revela Kevin. Para o casal, esta a\u00e7\u00e3o \u00e9 uma forma de apoiar os artistas locais incentivando-os e movimentando a cultura da regi\u00e3o.<\/span><\/p>\n<p style=\"text-align: justify;\"><span style=\"font-family: arial, helvetica, sans-serif;\">A capta\u00e7\u00e3o de imagens para o videoclipe foi realizada no dia 13 de mar\u00e7o por Vin\u00edcius Teixeira, propriet\u00e1rio do VT Filmes. Junto com Keven, Vin\u00edcius dirigiu a produ\u00e7\u00e3o audiovisual. \u201cN\u00e3o teve um roteiro muito elaborado. Foi um lance bem espont\u00e2neo, no feeling mesmo. A gente sentou, come\u00e7ou a gravar, interagimos com a c\u00e2mera, cantamos, fizemos o que a gente sabia\u201d, conta RK.<\/span><\/p>\n<p style=\"text-align: justify;\"><span style=\"font-family: arial, helvetica, sans-serif;\">Apontado como um dos principais respons\u00e1veis para o andamento do projeto, Prod\u00edgio revela que a maior dificuldade encontrada durante o processo foi concliar a agenda de todos os artistas envolvidos. \u201cMas fora isso, foi muito bom. A vibe foi surreal porque, al\u00e9m de ser uma galera muito diferente, acredito que todos que estavam ali s\u00e3o amigos. Ent\u00e3o, fazer um clipe com uma galera que a gente gosta e curte deixa tudo numa vibe de fam\u00edlia mesmo\u201d, acrescenta. \u00a0<\/span><\/p>\n<p style=\"text-align: justify;\"><span style=\"font-family: arial, helvetica, sans-serif;\">Para Ravena, a grava\u00e7\u00e3o foi a sua parte favorita. \u201cConsegui me soltar um pouco mais e foi bem divertido\u201d, relembra a cantora. \u00a0Juanitto tamb\u00e9m compartilha como foi a experi\u00eancia de gravar seu primeiro clipe. \u201cEstar ali no clipe como artista e cantor me passou uma sensa\u00e7\u00e3o de ser visualmente respons\u00e1vel por passar a energia do som para o p\u00fablico. Aquilo que eu sinto de verdade estando ali com meus amigos e ouvindo nosso som. Espero ter conseguido trazer isso pra voc\u00eas\u201d, expressa.<\/span><\/p>\n<p style=\"text-align: justify;\"><span style=\"font-family: arial, helvetica, sans-serif; color: #0000ff;\"><strong>PERFIL DOS M\u00daSICOS<\/strong><\/span><\/p>\n<p style=\"text-align: justify;\"><img loading=\"lazy\" decoding=\"async\" class=\"wp-image-10597 aligncenter\" src=\"https:\/\/wp.ufpel.edu.br\/artenosul\/files\/2022\/04\/1-500x333.png\" alt=\"\" width=\"750\" height=\"499\" srcset=\"https:\/\/wp.ufpel.edu.br\/artenosul\/files\/2022\/04\/1-500x333.png 500w, https:\/\/wp.ufpel.edu.br\/artenosul\/files\/2022\/04\/1-300x200.png 300w, https:\/\/wp.ufpel.edu.br\/artenosul\/files\/2022\/04\/1.png 675w\" sizes=\"auto, (max-width: 750px) 100vw, 750px\" \/><\/p>\n<p>&nbsp;<\/p>\n<p><img loading=\"lazy\" decoding=\"async\" class=\"wp-image-10598 aligncenter\" src=\"https:\/\/wp.ufpel.edu.br\/artenosul\/files\/2022\/04\/2-500x333.png\" alt=\"\" width=\"746\" height=\"497\" srcset=\"https:\/\/wp.ufpel.edu.br\/artenosul\/files\/2022\/04\/2-500x333.png 500w, https:\/\/wp.ufpel.edu.br\/artenosul\/files\/2022\/04\/2-300x200.png 300w, https:\/\/wp.ufpel.edu.br\/artenosul\/files\/2022\/04\/2.png 675w\" sizes=\"auto, (max-width: 746px) 100vw, 746px\" \/><\/p>\n<p>&nbsp;<\/p>\n<p><img loading=\"lazy\" decoding=\"async\" class=\"wp-image-10599 aligncenter\" src=\"https:\/\/wp.ufpel.edu.br\/artenosul\/files\/2022\/04\/3-500x333.png\" alt=\"\" width=\"752\" height=\"501\" srcset=\"https:\/\/wp.ufpel.edu.br\/artenosul\/files\/2022\/04\/3-500x333.png 500w, https:\/\/wp.ufpel.edu.br\/artenosul\/files\/2022\/04\/3-300x200.png 300w, https:\/\/wp.ufpel.edu.br\/artenosul\/files\/2022\/04\/3.png 675w\" sizes=\"auto, (max-width: 752px) 100vw, 752px\" \/><\/p>\n<p>&nbsp;<\/p>\n<p><img loading=\"lazy\" decoding=\"async\" class=\"wp-image-10600 aligncenter\" src=\"https:\/\/wp.ufpel.edu.br\/artenosul\/files\/2022\/04\/4-500x333.png\" alt=\"\" width=\"749\" height=\"498\" srcset=\"https:\/\/wp.ufpel.edu.br\/artenosul\/files\/2022\/04\/4-500x333.png 500w, https:\/\/wp.ufpel.edu.br\/artenosul\/files\/2022\/04\/4-300x200.png 300w, https:\/\/wp.ufpel.edu.br\/artenosul\/files\/2022\/04\/4.png 675w\" sizes=\"auto, (max-width: 749px) 100vw, 749px\" \/><\/p>\n<p>&nbsp;<\/p>\n<p><img loading=\"lazy\" decoding=\"async\" class=\"wp-image-10601 aligncenter\" src=\"https:\/\/wp.ufpel.edu.br\/artenosul\/files\/2022\/04\/5-500x333.png\" alt=\"\" width=\"758\" height=\"505\" srcset=\"https:\/\/wp.ufpel.edu.br\/artenosul\/files\/2022\/04\/5-500x333.png 500w, https:\/\/wp.ufpel.edu.br\/artenosul\/files\/2022\/04\/5-300x200.png 300w, https:\/\/wp.ufpel.edu.br\/artenosul\/files\/2022\/04\/5.png 675w\" sizes=\"auto, (max-width: 758px) 100vw, 758px\" \/><\/p>\n<p>&nbsp;<\/p>\n<p><img loading=\"lazy\" decoding=\"async\" class=\"wp-image-10604 aligncenter\" src=\"https:\/\/wp.ufpel.edu.br\/artenosul\/files\/2022\/04\/6-500x333.png\" alt=\"\" width=\"766\" height=\"510\" srcset=\"https:\/\/wp.ufpel.edu.br\/artenosul\/files\/2022\/04\/6-500x333.png 500w, https:\/\/wp.ufpel.edu.br\/artenosul\/files\/2022\/04\/6-300x200.png 300w, https:\/\/wp.ufpel.edu.br\/artenosul\/files\/2022\/04\/6.png 675w\" sizes=\"auto, (max-width: 766px) 100vw, 766px\" \/><\/p>\n<p>&nbsp;<\/p>\n<p><img loading=\"lazy\" decoding=\"async\" class=\"wp-image-10616 aligncenter\" src=\"https:\/\/wp.ufpel.edu.br\/artenosul\/files\/2022\/04\/Ravena-500x333.png\" alt=\"\" width=\"751\" height=\"500\" srcset=\"https:\/\/wp.ufpel.edu.br\/artenosul\/files\/2022\/04\/Ravena-500x333.png 500w, https:\/\/wp.ufpel.edu.br\/artenosul\/files\/2022\/04\/Ravena-300x200.png 300w, https:\/\/wp.ufpel.edu.br\/artenosul\/files\/2022\/04\/Ravena.png 676w\" sizes=\"auto, (max-width: 751px) 100vw, 751px\" \/><\/p>\n<p>&nbsp;<\/p>\n<p><img loading=\"lazy\" decoding=\"async\" class=\"wp-image-10606 aligncenter\" src=\"https:\/\/wp.ufpel.edu.br\/artenosul\/files\/2022\/04\/8-500x333.png\" alt=\"\" width=\"798\" height=\"531\" srcset=\"https:\/\/wp.ufpel.edu.br\/artenosul\/files\/2022\/04\/8-500x333.png 500w, https:\/\/wp.ufpel.edu.br\/artenosul\/files\/2022\/04\/8-300x200.png 300w, https:\/\/wp.ufpel.edu.br\/artenosul\/files\/2022\/04\/8.png 675w\" sizes=\"auto, (max-width: 798px) 100vw, 798px\" \/><\/p>\n<p>&nbsp;<\/p>\n<p><img loading=\"lazy\" decoding=\"async\" class=\"wp-image-10607 aligncenter\" src=\"https:\/\/wp.ufpel.edu.br\/artenosul\/files\/2022\/04\/9-500x333.png\" alt=\"\" width=\"803\" height=\"535\" srcset=\"https:\/\/wp.ufpel.edu.br\/artenosul\/files\/2022\/04\/9-500x333.png 500w, https:\/\/wp.ufpel.edu.br\/artenosul\/files\/2022\/04\/9-300x200.png 300w, https:\/\/wp.ufpel.edu.br\/artenosul\/files\/2022\/04\/9.png 675w\" sizes=\"auto, (max-width: 803px) 100vw, 803px\" \/><\/p>\n<p><span style=\"font-family: arial, helvetica, sans-serif;\"><a href=\"http:\/\/wp.ufpel.edu.br\/artenosul\"><span style=\"color: #0000ff;\"><strong>PRIMEIRA P\u00c1GINA<\/strong><\/span><\/a><\/span><\/p>\n<p><span style=\"color: #0000ff; font-family: arial, helvetica, sans-serif;\"><strong>COMENT\u00c1RIOS<\/strong><\/span><\/p>\n<p>Muito massa a mat\u00e9ria! Sou f\u00e3 do grupo <img decoding=\"async\" class=\"yiv1463460301wp-smiley\" src=\"https:\/\/ecp.yusercontent.com\/mail?url=https%3A%2F%2Fs.w.org%2Fimages%2Fcore%2Femoji%2F13.1.0%2F72x72%2F2764.png&amp;t=1650986242&amp;ymreqid=44e108fa-5245-fd78-1c07-3b006501f300&amp;sig=aSh4ummWxQDN82bubvcsuA--~D\" alt=\"&#x2764;\" \/><\/p>\n<p><span style=\"color: #0000ff;\"><strong>Bhia Muniz<\/strong><\/span><\/p>\n<p>Mat\u00e9ria incr\u00edvel!!<img decoding=\"async\" class=\"yiv2446335973wp-smiley\" src=\"https:\/\/ecp.yusercontent.com\/mail?url=https%3A%2F%2Fs.w.org%2Fimages%2Fcore%2Femoji%2F13.1.0%2F72x72%2F1f970.png&amp;t=1651010493&amp;ymreqid=44e108fa-5245-fd78-1cbe-30000101e700&amp;sig=OKcuwKY06xGkJJht.6wOzA--~D\" alt=\"\ufffd\ufffd\" \/><br \/>\nS\u00f3 orgulho desse grupo maravilhoso.<img decoding=\"async\" class=\"yiv2446335973wp-smiley\" src=\"https:\/\/ecp.yusercontent.com\/mail?url=https%3A%2F%2Fs.w.org%2Fimages%2Fcore%2Femoji%2F13.1.0%2F72x72%2F2764.png&amp;t=1651010493&amp;ymreqid=44e108fa-5245-fd78-1cbe-30000101e700&amp;sig=dsT2sRKRW8hKfW2LZ9g9zw--~D\" alt=\"&#x2764;\" \/><\/p>\n<p><span style=\"color: #0000ff;\"><strong>Miris Lima<\/strong><\/span><\/p>\n<p>Galera massa, reportagem foda, \u00e9 massa ver a galera dando visibilidade para o que \u00e9 da cidade, o que \u00e9 nosso, sucesso pra geral&#8230;<\/p>\n<p><strong><span style=\"color: #0000ff;\">J\u00fallia Campos<\/span><\/strong><\/p>\n<p>Os cara mais brabooo da cidade tanto numa pegada ac\u00fastica quanto na pegada do rap os cara s\u00e3o de mais <img decoding=\"async\" class=\"yiv5998337963wp-smiley\" src=\"https:\/\/ecp.yusercontent.com\/mail?url=https%3A%2F%2Fs.w.org%2Fimages%2Fcore%2Femoji%2F13.1.0%2F72x72%2F1f525.png&amp;t=1651023508&amp;ymreqid=44e108fa-5245-fd78-1c0c-fa000101f400&amp;sig=zSIHhKLREl6PvYz34FfoXQ--~D\" alt=\"\ufffd\ufffd\" \/><img decoding=\"async\" class=\"yiv5998337963wp-smiley\" src=\"https:\/\/ecp.yusercontent.com\/mail?url=https%3A%2F%2Fs.w.org%2Fimages%2Fcore%2Femoji%2F13.1.0%2F72x72%2F1f525.png&amp;t=1651023508&amp;ymreqid=44e108fa-5245-fd78-1c0c-fa000101f400&amp;sig=zSIHhKLREl6PvYz34FfoXQ--~D\" alt=\"\ufffd\ufffd\" \/><br \/>\n<span style=\"color: #0000ff;\"><strong>Antonio Silva<\/strong><\/span><\/p>\n<p>Parab\u00e9ns a todos, respeito total Dedey<\/p>\n<p><span style=\"color: #0000ff;\"><strong>Vinicios<\/strong><\/span><\/p>\n<p>&nbsp;<\/p>\n<div data-test='contact-form'\n\t\t\tid='contact-form-10588'\n\t\t\tclass='wp-block-jetpack-contact-form-container '\n\t\t\tdata-wp-interactive='jetpack\/form' data-wp-context='{\"formId\":\"10588\",\"formHash\":\"697342b37e984e7b903efc83ba36d3f4622c9353\",\"showErrors\":false,\"errors\":[],\"fields\":[],\"isMultiStep\":false,\"useAjax\":true,\"submissionData\":null,\"formattedSubmissionData\":[],\"submissionSuccess\":false,\"submissionError\":null,\"elementId\":\"jp-form-697342b37e984e7b903efc83ba36d3f4622c9353\",\"isSingleInputForm\":false}'\n\t\t\tdata-wp-watch--scroll-to-wrapper=\"callbacks.scrollToWrapper\"\n\t\t>\n<div class=\"contact-form-submission contact-form-ajax-submission\" data-wp-class--submission-success=\"context.submissionSuccess\"><p class=\"go-back-message\"><a class=\"link\" role=\"button\" tabindex=\"0\" data-wp-on--click=\"actions.goBack\" href=\"\/artenosul\/wp-json\/wp\/v2\/posts\/10588\">Voltar<\/a><\/p><h4 id=\"contact-form-success-header\">Sua mensagem foi enviada<\/h4>\n\n<template data-wp-each--submission=\"context.formattedSubmissionData\">\n\t\t\t\t\t<div class=\"jetpack_forms_contact-form-success-summary\">\n\t\t\t\t\t\t<div class=\"field-name\" data-wp-text=\"context.submission.label\" data-wp-bind--hidden=\"!context.submission.label\"><\/div>\n\t\t\t\t\t\t<div class=\"field-value\" data-wp-text=\"context.submission.value\"><\/div>\n\t\t\t\t\t\t<div class=\"field-images\" data-wp-bind--hidden=\"!context.submission.images\">\n\t\t\t\t\t\t\t<template data-wp-each--image=\"context.submission.images\">\n\t\t\t\t\t\t\t\t<figure class=\"field-image\" data-wp-class--is-empty=\"!context.image\">\n\t\t\t\t\t\t\t\t\t<img data-wp-bind--src=\"context.image\" data-wp-bind--hidden=\"!context.image\" \/>\n\t\t\t\t\t\t\t\t\t<img decoding=\"async\" src=\"data:image\/gif;base64,R0lGODlhAQABAAD\/ACwAAAAAAQABAAACADs=\" data-wp-bind--hidden=\"context.image\" \/>\n\t\t\t\t\t\t\t\t<\/figure>\n\t\t\t\t\t\t\t<\/template>\n\t\t\t\t\t\t<\/div>\n\t\t\t\t\t<\/div>\n\t\t\t\t<\/template><\/div><form action='https:\/\/wp.ufpel.edu.br\/artenosul\/2022\/04\/26\/quality-sul-lanca-projeto-de-rap-acustico-em-rio-grande\/'\n\t\t\t\tid='jp-form-697342b37e984e7b903efc83ba36d3f4622c9353'\n\t\t\t\tmethod='post'\n\t\t\t\tclass='contact-form commentsblock' aria-label=\"Quality Sul lan\u00e7a projeto de rap ac\u00fastico em Rio Grande\"\n\t\t\t\tdata-wp-on--submit=\"actions.onFormSubmit\"\n\t\t\t\tdata-wp-on--reset=\"actions.onFormReset\"\n\t\t\t\tdata-wp-class--submission-success=\"context.submissionSuccess\"\n\t\t\t\tdata-wp-class--is-first-step=\"state.isFirstStep\"\n\t\t\t\tdata-wp-class--is-last-step=\"state.isLastStep\"\n\t\t\t\tdata-wp-class--is-ajax-form=\"context.useAjax\"\n\t\t\t\tnovalidate >\n<input type='hidden' name='jetpack_contact_form_jwt' value='eyJ0eXAiOiJKV1QiLCJhbGciOiJIUzI1NiJ9.eyJlbmNyeXB0ZWRfYXR0cmlidXRlcyI6IjFXdHBPT3lQV2JyUUdIaW8vQUJwZ09jVTdnemtwdHMvK3Q3bU1LMnZSUlEzekthd0tDMlFZVlpLN1lUdThMWWgvL2YxUFh5RFFRRjZBakRid1hNSHpLcFNDMDlMVlVWVUZrdU4zRTFRc3pIbk1FMEdrYXBZTFViR1Rmb3FVQXFzR2k4NTNYRXJVNDEzdDBBU2JvKzVKbEJPZE9xL2s2T1pLL1ExY2o1UnM0OWNNNDlmL2YrNjdXN0JWTWh1ZjJzQWp4QVlZUTVldzRabzU1T3UvQko5eWZuZDF6djdQQ3ZDOXJoNU00RHNZWXJRbjYxMW5WdFREZEl0T3lrbnJyVFMyUzlyckNjekZocGkzQUlyWjJyVXltR2tsSmxKMWVOWDVZRzFVV3NUaXRsQk51a2hOTGxMSVR0Lzk4VERUSHV5M3lMcW1QK29KNVhKQ09vV0UwaW1LeGNhZW82NnFvNXJYNlpwaFdHR2tlK3l1MWRPdzRIbisveVYwd1ltYXBVZGpxU0dTTDJaTEZuUlF2RDZLK0tEMnJ5NDRyOHM1aVRHQ21qc1U0dnFZeHltVXJESGR3ZWJsZlNtcVNoeUJZMjJ3WHdueUlHNkphSC9aM0lkdmNha0NaOUVETHhOMUZFV3hYbmpReHIxOVFRUWhVcjNkemJDY1BoUnhOVVk0YTJxWlVDV3pLZ0Nmdkh0cnVBYXdJMnFLS1BjZzc3TEk1NFYwTkMzSkVOdGdNN256V3EyMTlLTXlUdDJ5YkZ5WVFiZnhzOTlBY1hSbVBqZ3FHQ09sMUljbVY4VGNIdW9WSmZMb2FVN1doVmZEVWQ1U0NRcVpnMGlKdnhVYWc1NWRyclJiVm9GckJVQlRhRnJ6aEZ2YXFqNUVtRUxkZEN6cGcrUThkMnpuT2hXSitHdmFSaVY2aVJvL1E4dEpDdkRYL1ptbGlsZ3VsaXJLZC93SVBqbWpwU0hCdEEybGNvbE1sZDVFYjhiOHVPY2ZHL3R3MityZjk4VVdEL2grQ1hORGJpdnQ3c1lmcUZkemJhRktwZHdnbHI3bDA3MlpMYTBzTk1JUW1hanJOZWMzOGxNZDMxVjZGNHpxNVBycjBSWWxHTXp4QlE1MzN2OHdjeXhRNGR2STJoSnJzc1RDSmphWjBpY1pPWnJqZGxjNnRlaHVHbHlRK1R5ZmpyMVp0MVhJVkRONENjVGtyZEM5azlFVm84QnNDVG1jTTlHcVRacnFWbVk3TUtQUDI5Y0M5Z05EeFZXMVRrQXExUXciLCJjb250ZW50IjoiW2NvbnRhY3QtZmllbGQgbGFiZWw9XCJOb21lXCIgdHlwZT1cIm5hbWVcIl1bY29udGFjdC1maWVsZCBsYWJlbD1cIkUtbWFpbFwiIHR5cGU9XCJlbWFpbFwiXVtjb250YWN0LWZpZWxkIGxhYmVsPVwiTWVuc2FnZW1cIiB0eXBlPVwidGV4dGFyZWFcIl0iLCJoYXNoIjoiNjk3MzQyYjM3ZTk4NGU3YjkwM2VmYzgzYmEzNmQzZjQ2MjJjOTM1MyIsInNvdXJjZSI6eyJlbnRyeV90aXRsZSI6IlF1YWxpdHkgU3VsIGxhblx1MDBlN2EgcHJvamV0byBkZSByYXAgYWNcdTAwZmFzdGljbyBlbSBSaW8gR3JhbmRlIiwiZW50cnlfcGFnZSI6MSwic291cmNlX2lkIjoxMDU4OCwic291cmNlX3R5cGUiOiJzaW5nbGUiLCJyZXF1ZXN0X3VybCI6Imh0dHBzOi8vd3AudWZwZWwuZWR1LmJyL2FydGVub3N1bC93cC1qc29uL3dwL3YyL3Bvc3RzLzEwNTg4In0sInZlcnNpb24iOjIsImNpcGhlciI6ImFlcy0yNTYtZ2NtIn0.KdVCMTW_WMTkDkCQz-V0Nri7-YTeifYPVS674uaZtgM' \/>\n\n<div style=\"\"  data-wp-interactive=\"jetpack\/form\" data-wp-context='{\"fieldId\":\"g10588-nome\",\"fieldType\":\"name\",\"fieldLabel\":\"Nome\",\"fieldValue\":\"\",\"fieldPlaceholder\":\"\",\"fieldIsRequired\":\"\",\"fieldErrorMessage\":\"\",\"fieldExtra\":[],\"formHash\":\"697342b37e984e7b903efc83ba36d3f4622c9353\"}'  class='grunion-field-name-wrap grunion-field-wrap'  data-wp-init='callbacks.initializeField' data-wp-on--jetpack-form-reset='callbacks.initializeField' >\n<label\n\t\t\t\tfor='g10588-nome' class=\"grunion-field-label name\" >Nome<\/label>\n<input\n\t\t\t\t\ttype='text'\n\t\t\t\t\tname='g10588-nome'\n\t\t\t\t\tid='g10588-nome'\n\t\t\t\t\tvalue=''\n\n\t\t\t\t\tdata-wp-bind--aria-invalid='state.fieldHasErrors'\n\t\t\t\t\tdata-wp-bind--value='state.getFieldValue'\n\t\t\t\t\taria-errormessage='g10588-nome-text-error-message'\n\t\t\t\t\tdata-wp-on--input='actions.onFieldChange'\n\t\t\t\t\tdata-wp-on--blur='actions.onFieldBlur'\n\t\t\t\t\tdata-wp-class--has-value='state.hasFieldValue'\n\n\t\t\t\t\tclass='name  grunion-field' \n\t\t\t\t\t \/>\n \n\t\t\t<div id=\"g10588-nome-text-error\" class=\"contact-form__input-error\" data-wp-class--has-errors=\"state.fieldHasErrors\">\n\t\t\t\t<span class=\"contact-form__warning-icon\">\n\t\t\t\t\t<svg width=\"16\" height=\"16\" viewBox=\"0 0 16 16\" fill=\"none\" xmlns=\"http:\/\/www.w3.org\/2000\/svg\">\n\t\t\t\t\t\t<path d=\"M8.50015 11.6402H7.50015V10.6402H8.50015V11.6402Z\" \/>\n\t\t\t\t\t\t<path d=\"M7.50015 9.64018H8.50015V6.30684H7.50015V9.64018Z\" \/>\n\t\t\t\t\t\t<path fill-rule=\"evenodd\" clip-rule=\"evenodd\" d=\"M6.98331 3.0947C7.42933 2.30177 8.57096 2.30177 9.01698 3.09469L13.8771 11.7349C14.3145 12.5126 13.7525 13.4735 12.8602 13.4735H3.14004C2.24774 13.4735 1.68575 12.5126 2.12321 11.7349L6.98331 3.0947ZM8.14541 3.58496C8.08169 3.47168 7.9186 3.47168 7.85488 3.58496L2.99478 12.2251C2.93229 12.3362 3.01257 12.4735 3.14004 12.4735H12.8602C12.9877 12.4735 13.068 12.3362 13.0055 12.2251L8.14541 3.58496Z\" \/>\n\t\t\t\t\t<\/svg>\n\t\t\t\t\t<span class=\"visually-hidden\">Aviso<\/span>\n\t\t\t\t<\/span>\n\t\t\t\t<span data-wp-text=\"state.errorMessage\" id=\"g10588-nome-text-error-message\" role=\"alert\" aria-live=\"assertive\"><\/span>\n\t\t\t<\/div> \n\t<\/div>\n\n<div style=\"\"  data-wp-interactive=\"jetpack\/form\" data-wp-context='{\"fieldId\":\"g10588-email\",\"fieldType\":\"email\",\"fieldLabel\":\"E-mail\",\"fieldValue\":\"\",\"fieldPlaceholder\":\"\",\"fieldIsRequired\":\"\",\"fieldErrorMessage\":\"\",\"fieldExtra\":[],\"formHash\":\"697342b37e984e7b903efc83ba36d3f4622c9353\"}'  class='grunion-field-email-wrap grunion-field-wrap'  data-wp-init='callbacks.initializeField' data-wp-on--jetpack-form-reset='callbacks.initializeField' >\n<label\n\t\t\t\tfor='g10588-email' class=\"grunion-field-label email\" >E-mail<\/label>\n<input\n\t\t\t\t\ttype='email'\n\t\t\t\t\tname='g10588-email'\n\t\t\t\t\tid='g10588-email'\n\t\t\t\t\tvalue=''\n\n\t\t\t\t\tdata-wp-bind--aria-invalid='state.fieldHasErrors'\n\t\t\t\t\tdata-wp-bind--value='state.getFieldValue'\n\t\t\t\t\taria-errormessage='g10588-email-email-error-message'\n\t\t\t\t\tdata-wp-on--input='actions.onFieldChange'\n\t\t\t\t\tdata-wp-on--blur='actions.onFieldBlur'\n\t\t\t\t\tdata-wp-class--has-value='state.hasFieldValue'\n\n\t\t\t\t\tclass='email  grunion-field' \n\t\t\t\t\t \/>\n \n\t\t\t<div id=\"g10588-email-email-error\" class=\"contact-form__input-error\" data-wp-class--has-errors=\"state.fieldHasErrors\">\n\t\t\t\t<span class=\"contact-form__warning-icon\">\n\t\t\t\t\t<svg width=\"16\" height=\"16\" viewBox=\"0 0 16 16\" fill=\"none\" xmlns=\"http:\/\/www.w3.org\/2000\/svg\">\n\t\t\t\t\t\t<path d=\"M8.50015 11.6402H7.50015V10.6402H8.50015V11.6402Z\" \/>\n\t\t\t\t\t\t<path d=\"M7.50015 9.64018H8.50015V6.30684H7.50015V9.64018Z\" \/>\n\t\t\t\t\t\t<path fill-rule=\"evenodd\" clip-rule=\"evenodd\" d=\"M6.98331 3.0947C7.42933 2.30177 8.57096 2.30177 9.01698 3.09469L13.8771 11.7349C14.3145 12.5126 13.7525 13.4735 12.8602 13.4735H3.14004C2.24774 13.4735 1.68575 12.5126 2.12321 11.7349L6.98331 3.0947ZM8.14541 3.58496C8.08169 3.47168 7.9186 3.47168 7.85488 3.58496L2.99478 12.2251C2.93229 12.3362 3.01257 12.4735 3.14004 12.4735H12.8602C12.9877 12.4735 13.068 12.3362 13.0055 12.2251L8.14541 3.58496Z\" \/>\n\t\t\t\t\t<\/svg>\n\t\t\t\t\t<span class=\"visually-hidden\">Aviso<\/span>\n\t\t\t\t<\/span>\n\t\t\t\t<span data-wp-text=\"state.errorMessage\" id=\"g10588-email-email-error-message\" role=\"alert\" aria-live=\"assertive\"><\/span>\n\t\t\t<\/div> \n\t<\/div>\n\n<div style=\"\"  data-wp-interactive=\"jetpack\/form\" data-wp-context='{\"fieldId\":\"g10588-mensagem\",\"fieldType\":\"textarea\",\"fieldLabel\":\"Mensagem\",\"fieldValue\":\"\",\"fieldPlaceholder\":\"\",\"fieldIsRequired\":\"\",\"fieldErrorMessage\":\"\",\"fieldExtra\":[],\"formHash\":\"697342b37e984e7b903efc83ba36d3f4622c9353\"}'  class='grunion-field-textarea-wrap grunion-field-wrap'  data-wp-init='callbacks.initializeField' data-wp-on--jetpack-form-reset='callbacks.initializeField' >\n<label\n\t\t\t\tfor='contact-form-comment-g10588-mensagem' class=\"grunion-field-label textarea\" >Mensagem<\/label>\n<textarea\n\t\t                style=''\n\t\t                name='g10588-mensagem'\n\t\t                id='contact-form-comment-g10588-mensagem'\n\t\t                rows='20'\n\t\t\t\t\t\tdata-wp-text='state.getFieldValue'\n\t\t\t\t\t\tdata-wp-on--input='actions.onFieldChange'\n\t\t\t\t\t\tdata-wp-on--blur='actions.onFieldBlur'\n\t\t\t\t\t\tdata-wp-class--has-value='state.hasFieldValue'\n\t\t\t\t\t\tdata-wp-bind--aria-invalid='state.fieldHasErrors'\n\t\t\t\t\t\taria-errormessage='g10588-mensagem-textarea-error-message'\n\t\t\t\t\t\tclass='textarea  grunion-field'  ><\/textarea>\n \n\t\t\t<div id=\"g10588-mensagem-textarea-error\" class=\"contact-form__input-error\" data-wp-class--has-errors=\"state.fieldHasErrors\">\n\t\t\t\t<span class=\"contact-form__warning-icon\">\n\t\t\t\t\t<svg width=\"16\" height=\"16\" viewBox=\"0 0 16 16\" fill=\"none\" xmlns=\"http:\/\/www.w3.org\/2000\/svg\">\n\t\t\t\t\t\t<path d=\"M8.50015 11.6402H7.50015V10.6402H8.50015V11.6402Z\" \/>\n\t\t\t\t\t\t<path d=\"M7.50015 9.64018H8.50015V6.30684H7.50015V9.64018Z\" \/>\n\t\t\t\t\t\t<path fill-rule=\"evenodd\" clip-rule=\"evenodd\" d=\"M6.98331 3.0947C7.42933 2.30177 8.57096 2.30177 9.01698 3.09469L13.8771 11.7349C14.3145 12.5126 13.7525 13.4735 12.8602 13.4735H3.14004C2.24774 13.4735 1.68575 12.5126 2.12321 11.7349L6.98331 3.0947ZM8.14541 3.58496C8.08169 3.47168 7.9186 3.47168 7.85488 3.58496L2.99478 12.2251C2.93229 12.3362 3.01257 12.4735 3.14004 12.4735H12.8602C12.9877 12.4735 13.068 12.3362 13.0055 12.2251L8.14541 3.58496Z\" \/>\n\t\t\t\t\t<\/svg>\n\t\t\t\t\t<span class=\"visually-hidden\">Aviso<\/span>\n\t\t\t\t<\/span>\n\t\t\t\t<span data-wp-text=\"state.errorMessage\" id=\"g10588-mensagem-textarea-error-message\" role=\"alert\" aria-live=\"assertive\"><\/span>\n\t\t\t<\/div>\n\t<\/div>\n\t<p class='contact-submit'>\n<div class=\"contact-form__error\" data-wp-class--show-errors=\"state.showFormErrors\"><span class=\"contact-form__warning-icon\"><span class=\"visually-hidden\">Aten\u00e7\u00e3o.<\/span><i aria-hidden=\"true\"><\/i><\/span>\n\t\t\t\t<span data-wp-text=\"state.getFormErrorMessage\"><\/span>\n\t\t\t\t<ul>\n\t\t\t\t<template data-wp-each=\"state.getErrorList\" data-wp-key=\"context.item.id\">\n\t\t\t\t\t<li><a data-wp-bind--href=\"context.item.anchor\" data-wp-on--click=\"actions.scrollIntoView\" data-wp-text=\"context.item.label\"><\/a><\/li>\n\t\t\t\t<\/template>\n\t\t\t\t<\/ul><\/div><div class=\"contact-form__error\" data-wp-class--show-errors=\"state.showSubmissionError\" data-wp-text=\"context.submissionError\"><\/div>\t\t<button type='submit' class='pushbutton-wide'>Enviar<\/button>\t\t<input type='hidden' name='contact-form-id' value='10588' \/>\n\t\t<input type='hidden' name='action' value='grunion-contact-form' \/>\n\t\t<input type='hidden' name='contact-form-hash' value='697342b37e984e7b903efc83ba36d3f4622c9353' \/>\n\t<\/p>\n<p style=\"display: none !important;\" class=\"akismet-fields-container\" data-prefix=\"ak_\"><label>&#916;<textarea name=\"ak_hp_textarea\" cols=\"45\" rows=\"8\" maxlength=\"100\"><\/textarea><\/label><input type=\"hidden\" id=\"ak_js_1\" name=\"ak_js\" value=\"225\"\/><script>document.getElementById( \"ak_js_1\" ).setAttribute( \"value\", ( new Date() ).getTime() );<\/script><\/p><\/form>\n<\/div>\n","protected":false},"excerpt":{"rendered":"<p>Por Br\u00edgida Sodr\u00e9\u00a0 \u00a0 \u00a0\u00a0 A can\u00e7\u00e3o \u201cInevit\u00e1vel\u201d conta com participa\u00e7\u00e3o de Gii Quaresma, Isaque Acosta, Juanitto e Ravena Com uma pegada que lembra o famoso Poesia Ac\u00fastica, o grupo de rap rio-grandino Quality Sul lan\u00e7ou no dia 12 de abril a m\u00fasica \u201cInevit\u00e1vel\u201d, que conta com vocais de Mc Quaresma, Onlyzin, Gii Quaresma, Juanitto, &hellip; <\/p>\n<p><a class=\"more-link btn\" href=\"https:\/\/wp.ufpel.edu.br\/artenosul\/2022\/04\/26\/quality-sul-lanca-projeto-de-rap-acustico-em-rio-grande\/\">Continue lendo<\/a><\/p>\n","protected":false},"author":571,"featured_media":10613,"comment_status":"closed","ping_status":"closed","sticky":false,"template":"","format":"standard","meta":{"jetpack_post_was_ever_published":false,"_jetpack_newsletter_access":"","_jetpack_dont_email_post_to_subs":false,"_jetpack_newsletter_tier_id":0,"_jetpack_memberships_contains_paywalled_content":false,"_jetpack_memberships_contains_paid_content":false,"footnotes":"","jetpack_publicize_message":"","jetpack_publicize_feature_enabled":true,"jetpack_social_post_already_shared":true,"jetpack_social_options":{"image_generator_settings":{"template":"highway","default_image_id":0,"font":"","enabled":false},"version":2}},"categories":[6,1],"tags":[1448,1451,1456,1453,1452,1449,1450,1186,1447,1455,1454],"class_list":["post-10588","post","type-post","status-publish","format-standard","has-post-thumbnail","hentry","category-musica","category-noticias","tag-brigida-sodre","tag-gii-quaresma","tag-inevitavel","tag-isaque-acosta","tag-juanitto","tag-mc-quaresma","tag-onlyzin","tag-prodigio","tag-quality-sul","tag-ravena","tag-real-keven","nodate","item-wrap"],"jetpack_publicize_connections":[],"jetpack_featured_media_url":"https:\/\/wp.ufpel.edu.br\/artenosul\/files\/2022\/04\/Foto1.jpg","jetpack_sharing_enabled":true,"jetpack_likes_enabled":true,"jetpack_shortlink":"https:\/\/wp.me\/p6PuxQ-2KM","jetpack-related-posts":[{"id":9477,"url":"https:\/\/wp.ufpel.edu.br\/artenosul\/2021\/06\/14\/pretos-unidos-passo-importante-na-jornada-de-isaque-acosta\/","url_meta":{"origin":10588,"position":0},"title":"\u201cPretos Unidos\u201d: passo importante na jornada de Isaque Acosta","author":"artenosul","date":"14 de junho de 2021","format":false,"excerpt":"Por Nathalia Farias Borges\u00a0 \u00a0\u00a0 Jovem artista rio-grandino lan\u00e7a videoclipe apesar das dificuldades durante a pandemia Com a mensagem poderosa de \u201cPretos Unidos\u201d, Isaque Acosta, artista rio-grandino de 21 anos, deu um passo important\u00edssimo na sua jornada dentro da ind\u00fastria musical em meio a um cen\u00e1rio pand\u00eamico. Em uma cidade\u2026","rel":"","context":"Em &quot;M\u00daSICA&quot;","block_context":{"text":"M\u00daSICA","link":"https:\/\/wp.ufpel.edu.br\/artenosul\/category\/musica\/"},"img":{"alt_text":"","src":"https:\/\/i0.wp.com\/wp.ufpel.edu.br\/artenosul\/files\/2021\/06\/Imagem4b.png?resize=350%2C200&ssl=1","width":350,"height":200},"classes":[]},{"id":11921,"url":"https:\/\/wp.ufpel.edu.br\/artenosul\/2022\/06\/08\/entrevista-festival-rio-grandino-rap-contra-o-frio-completa-dez-anos\/","url_meta":{"origin":10588,"position":1},"title":"Entrevista: festival rio-grandino Rap Contra o Frio completa dez anos","author":"artenosul","date":"8 de junho de 2022","format":false,"excerpt":"Por Br\u00edgida Sodr\u00e9\u00a0\u00a0\u00a0\u00a0\u00a0\u00a0 Idealizador e respons\u00e1vel pelo projeto, Andr\u00e9 Diz\u00e9ro, conta em detalhes tudo sobre evento musical em julho O festival Rap Contra o Frio surgiu em 2012, por meio da iniciativa do rapper Andr\u00e9 Diz\u00e9ro. A ideia nasceu depois que o artista foi convidado a participar de uma a\u00e7\u00e3o\u2026","rel":"","context":"Em &quot;COMUNIDADE&quot;","block_context":{"text":"COMUNIDADE","link":"https:\/\/wp.ufpel.edu.br\/artenosul\/category\/comunidade\/"},"img":{"alt_text":"","src":"https:\/\/i0.wp.com\/wp.ufpel.edu.br\/artenosul\/files\/2022\/06\/Andre-Dizero-no-festival-Rap-Contra-o-Frio-de-2021.b3.jpg?resize=350%2C200&ssl=1","width":350,"height":200},"classes":[]},{"id":10427,"url":"https:\/\/wp.ufpel.edu.br\/artenosul\/2022\/04\/16\/projeto-apoia-trabalho-de-artistas-rio-grandinos\/","url_meta":{"origin":10588,"position":2},"title":"Projeto apoia trabalho de artistas rio-grandinos","author":"artenosul","date":"16 de abril de 2022","format":false,"excerpt":"Por Joanna Manhago Andrade\u00a0\u00a0\u00a0 O Teatro Municipal Agora aconteceu de janeiro a dezembro de 2021 e contou com mais de 45 apresenta\u00e7\u00f5es art\u00edsticas Durante a pandemia da Covid-19, um dos principais setores afetados foi o cultural. Cantores, dan\u00e7arinos, pintores e artistas em geral tiveram poucas oportunidades de expressar o seu\u2026","rel":"","context":"Em &quot;COMUNIDADE&quot;","block_context":{"text":"COMUNIDADE","link":"https:\/\/wp.ufpel.edu.br\/artenosul\/category\/comunidade\/"},"img":{"alt_text":"","src":"https:\/\/i0.wp.com\/wp.ufpel.edu.br\/artenosul\/files\/2022\/04\/Arquivo-Tais-Carolina-2.jpeg?resize=350%2C200&ssl=1","width":350,"height":200,"srcset":"https:\/\/i0.wp.com\/wp.ufpel.edu.br\/artenosul\/files\/2022\/04\/Arquivo-Tais-Carolina-2.jpeg?resize=350%2C200&ssl=1 1x, https:\/\/i0.wp.com\/wp.ufpel.edu.br\/artenosul\/files\/2022\/04\/Arquivo-Tais-Carolina-2.jpeg?resize=525%2C300&ssl=1 1.5x, https:\/\/i0.wp.com\/wp.ufpel.edu.br\/artenosul\/files\/2022\/04\/Arquivo-Tais-Carolina-2.jpeg?resize=700%2C400&ssl=1 2x"},"classes":[]},{"id":9338,"url":"https:\/\/wp.ufpel.edu.br\/artenosul\/2021\/05\/03\/rap-contra-o-frio-evento-reune-artistas-de-rio-grande-em-prol-da-solidariedade\/","url_meta":{"origin":10588,"position":3},"title":"Rap contra o frio: evento re\u00fane artistas de Rio Grande em prol da solidariedade","author":"artenosul","date":"3 de maio de 2021","format":false,"excerpt":"Por Vitor Valente\u00a0 \u00a0 Shows ser\u00e3o transmitidos direto do Teatro Municipal no dia 13 de maio Uma frase cl\u00e1ssica do cen\u00e1rio hip-hop brasileiro \u00e9 \u201co rap \u00e9 compromisso\u201d. O mantra foi tema de m\u00fasica do rapper Mauro Mateus dos Santos, o Sabotage, que morreu aos 29 anos de idade em\u2026","rel":"","context":"Em &quot;M\u00daSICA&quot;","block_context":{"text":"M\u00daSICA","link":"https:\/\/wp.ufpel.edu.br\/artenosul\/category\/musica\/"},"img":{"alt_text":"","src":"https:\/\/i0.wp.com\/wp.ufpel.edu.br\/artenosul\/files\/2021\/05\/Foto-3-4.jpg?resize=350%2C200&ssl=1","width":350,"height":200,"srcset":"https:\/\/i0.wp.com\/wp.ufpel.edu.br\/artenosul\/files\/2021\/05\/Foto-3-4.jpg?resize=350%2C200&ssl=1 1x, https:\/\/i0.wp.com\/wp.ufpel.edu.br\/artenosul\/files\/2021\/05\/Foto-3-4.jpg?resize=525%2C300&ssl=1 1.5x, https:\/\/i0.wp.com\/wp.ufpel.edu.br\/artenosul\/files\/2021\/05\/Foto-3-4.jpg?resize=700%2C400&ssl=1 2x"},"classes":[]},{"id":20559,"url":"https:\/\/wp.ufpel.edu.br\/artenosul\/2023\/07\/25\/musica-e-interatividade-na-1a-edicao-do-atl-praca-rock\/","url_meta":{"origin":10588,"position":4},"title":"M\u00fasica e interatividade na 1\u00aa Edi\u00e7\u00e3o do ATL Pra\u00e7a Rock\u00a0\u00a0\u00a0\u00a0","author":"artenosul","date":"25 de julho de 2023","format":false,"excerpt":"Bandas Gabardines e Groove Jane agitaram o Shopping Rio Grande\u00a0\u00a0\u00a0\u00a0\u00a0 Por Yan Freitas e Yasser Hassan\u00a0\u00a0\u00a0\u00a0\u00a0\u00a0\u00a0 \u00a0 \u00a0 No s\u00e1bado, dia 22 de julho, o Pra\u00e7a Shopping Rio Grande recebeu o evento ATL Pra\u00e7a Rock, promovido pela R\u00e1dio Atl\u00e2ntida em comemora\u00e7\u00e3o ao m\u00eas do rock. Muitos f\u00e3s do rock\u2019n\u2019roll compareceram\u2026","rel":"","context":"Em &quot;COMUNIDADE&quot;","block_context":{"text":"COMUNIDADE","link":"https:\/\/wp.ufpel.edu.br\/artenosul\/category\/comunidade\/"},"img":{"alt_text":"","src":"https:\/\/i0.wp.com\/wp.ufpel.edu.br\/artenosul\/files\/2023\/07\/WhatsApp-Image-2023-07-24-at-18.19.08.jpeg?resize=350%2C200&ssl=1","width":350,"height":200,"srcset":"https:\/\/i0.wp.com\/wp.ufpel.edu.br\/artenosul\/files\/2023\/07\/WhatsApp-Image-2023-07-24-at-18.19.08.jpeg?resize=350%2C200&ssl=1 1x, https:\/\/i0.wp.com\/wp.ufpel.edu.br\/artenosul\/files\/2023\/07\/WhatsApp-Image-2023-07-24-at-18.19.08.jpeg?resize=525%2C300&ssl=1 1.5x, https:\/\/i0.wp.com\/wp.ufpel.edu.br\/artenosul\/files\/2023\/07\/WhatsApp-Image-2023-07-24-at-18.19.08.jpeg?resize=700%2C400&ssl=1 2x, https:\/\/i0.wp.com\/wp.ufpel.edu.br\/artenosul\/files\/2023\/07\/WhatsApp-Image-2023-07-24-at-18.19.08.jpeg?resize=1050%2C600&ssl=1 3x, https:\/\/i0.wp.com\/wp.ufpel.edu.br\/artenosul\/files\/2023\/07\/WhatsApp-Image-2023-07-24-at-18.19.08.jpeg?resize=1400%2C800&ssl=1 4x"},"classes":[]},{"id":6961,"url":"https:\/\/wp.ufpel.edu.br\/artenosul\/2017\/07\/23\/musica-homenageia-rio-grande-ha-mais-de-20-anos\/","url_meta":{"origin":10588,"position":5},"title":"M\u00fasica homenageia Rio Grande h\u00e1 mais de 20 anos","author":"artenosul","date":"23 de julho de 2017","format":false,"excerpt":"Brenda da Silva Vieira \u00a0\u00a0\u00a0 \u00a0A m\u00fasica \u201cL\u00edrica Poesia Para Uma Pequena Sereia\u201d de Lu\u00eds Mauro Vianna, com melodia de Gilberto Oliveira, \u00e9 quase um hino para Rio Grande. Sua letra carrega a suavidade do mar que cerca a cidade papareia e traz o clima das \u00e1guas para o imagin\u00e1rio\u2026","rel":"","context":"Em &quot;COMUNIDADE&quot;","block_context":{"text":"COMUNIDADE","link":"https:\/\/wp.ufpel.edu.br\/artenosul\/category\/comunidade\/"},"img":{"alt_text":"","src":"https:\/\/i0.wp.com\/wp.ufpel.edu.br\/artenosul\/files\/2017\/07\/Brenda2.jpg-e1500846645290.png?resize=350%2C200&ssl=1","width":350,"height":200},"classes":[]}],"_links":{"self":[{"href":"https:\/\/wp.ufpel.edu.br\/artenosul\/wp-json\/wp\/v2\/posts\/10588","targetHints":{"allow":["GET"]}}],"collection":[{"href":"https:\/\/wp.ufpel.edu.br\/artenosul\/wp-json\/wp\/v2\/posts"}],"about":[{"href":"https:\/\/wp.ufpel.edu.br\/artenosul\/wp-json\/wp\/v2\/types\/post"}],"author":[{"embeddable":true,"href":"https:\/\/wp.ufpel.edu.br\/artenosul\/wp-json\/wp\/v2\/users\/571"}],"replies":[{"embeddable":true,"href":"https:\/\/wp.ufpel.edu.br\/artenosul\/wp-json\/wp\/v2\/comments?post=10588"}],"version-history":[{"count":21,"href":"https:\/\/wp.ufpel.edu.br\/artenosul\/wp-json\/wp\/v2\/posts\/10588\/revisions"}],"predecessor-version":[{"id":10655,"href":"https:\/\/wp.ufpel.edu.br\/artenosul\/wp-json\/wp\/v2\/posts\/10588\/revisions\/10655"}],"wp:featuredmedia":[{"embeddable":true,"href":"https:\/\/wp.ufpel.edu.br\/artenosul\/wp-json\/wp\/v2\/media\/10613"}],"wp:attachment":[{"href":"https:\/\/wp.ufpel.edu.br\/artenosul\/wp-json\/wp\/v2\/media?parent=10588"}],"wp:term":[{"taxonomy":"category","embeddable":true,"href":"https:\/\/wp.ufpel.edu.br\/artenosul\/wp-json\/wp\/v2\/categories?post=10588"},{"taxonomy":"post_tag","embeddable":true,"href":"https:\/\/wp.ufpel.edu.br\/artenosul\/wp-json\/wp\/v2\/tags?post=10588"}],"curies":[{"name":"wp","href":"https:\/\/api.w.org\/{rel}","templated":true}]}}