{"id":10511,"date":"2022-04-17T21:31:51","date_gmt":"2022-04-18T00:31:51","guid":{"rendered":"https:\/\/wp.ufpel.edu.br\/artenosul\/?p=10511"},"modified":"2022-04-17T21:38:42","modified_gmt":"2022-04-18T00:38:42","slug":"fecanpop-e-sucesso-em-cangucu","status":"publish","type":"post","link":"https:\/\/wp.ufpel.edu.br\/artenosul\/2022\/04\/17\/fecanpop-e-sucesso-em-cangucu\/","title":{"rendered":"FECANPOP \u00e9 sucesso em Cangu\u00e7u"},"content":{"rendered":"<p style=\"text-align: right;\"><span style=\"color: #000080;\"><em><strong><span style=\"font-family: arial, helvetica, sans-serif;\">Por J\u00e9ssica Timm\u00a0 \u00a0\u00a0<\/span><\/strong><\/em><\/span><\/p>\n<p style=\"text-align: center;\"><span style=\"color: #000080;\"><em><strong><span style=\"font-family: arial, helvetica, sans-serif;\">Evento reuniu m\u00fasicos locais e nacionais em transmiss\u00e3o ao vivo pela Prefeitura<\/span><\/strong><\/em><\/span><\/p>\n<p style=\"text-align: justify;\"><span style=\"font-family: arial, helvetica, sans-serif;\">O Festival Cangu\u00e7u da Can\u00e7\u00e3o Popular (FECANPOP), realizado nos dias 25 e 26 de mar\u00e7o, foi um sucesso em Cangu\u00e7u. Em sua vig\u00e9sima edi\u00e7\u00e3o, o evento contou com a participa\u00e7\u00e3o de artistas locais e nacionais. O objetivo, conforme informado pelo Departamento de Cultura da Prefeitura, era promover a integra\u00e7\u00e3o de artistas de Cangu\u00e7u e regi\u00e3o e possibilitar ao p\u00fablico um espet\u00e1culo art\u00edstico e musical.<\/span><\/p>\n<p>&nbsp;<\/p>\n<div id=\"attachment_10513\" style=\"width: 739px\" class=\"wp-caption aligncenter\"><img loading=\"lazy\" decoding=\"async\" aria-describedby=\"caption-attachment-10513\" class=\" wp-image-10513\" src=\"https:\/\/wp.ufpel.edu.br\/artenosul\/files\/2022\/04\/Imagem1-3-500x333.jpg\" alt=\"\" width=\"739\" height=\"492\" srcset=\"https:\/\/wp.ufpel.edu.br\/artenosul\/files\/2022\/04\/Imagem1-3-500x333.jpg 500w, https:\/\/wp.ufpel.edu.br\/artenosul\/files\/2022\/04\/Imagem1-3-300x200.jpg 300w, https:\/\/wp.ufpel.edu.br\/artenosul\/files\/2022\/04\/Imagem1-3.jpg 642w\" sizes=\"auto, (max-width: 739px) 100vw, 739px\" \/><p id=\"caption-attachment-10513\" class=\"wp-caption-text\"><strong><span style=\"font-family: arial, helvetica, sans-serif;\"><span style=\"color: #0000ff;\">Ap\u00f3s primeira noite do Festival, foram selecionadas 12 m\u00fasicas para disputa da grande final\u00a0<\/span> \u00a0<span style=\"color: #0000ff;\">Foto: J\u00e9ssica Timm<\/span><\/span><\/strong><\/p><\/div>\n<p>&nbsp;<\/p>\n<p style=\"text-align: justify;\"><span style=\"font-family: arial, helvetica, sans-serif;\">Inicialmente, o Festival ocorreria no Gin\u00e1sio Municipal de Esportes, mas, ap\u00f3s um problema com a estrutura do palco, foi necess\u00e1ria a troca para o Cine Teatro da cidade. No novo local, n\u00e3o houve a libera\u00e7\u00e3o dos bombeiros para a presen\u00e7a de p\u00fablico, desta forma, o p\u00fablico pode acompanhar o evento somente atrav\u00e9s da transmiss\u00e3o ao vivo realizada pela Prefeitura.<\/span><\/p>\n<p style=\"text-align: justify;\"><span style=\"font-family: arial, helvetica, sans-serif;\">Apesar dos imprevistos, a coordenadora de cultura Roberta Coutinho destaca a boa repercuss\u00e3o do Festival. \u201cFaltando dois dias para o evento n\u00f3s precisamos fazer a troca de local. Chegando no Cine Teatro n\u00e3o conseguimos a libera\u00e7\u00e3o dos bombeiros devido ao PPCI [Plano de Preven\u00e7\u00e3o e Prote\u00e7\u00e3o Contra Inc\u00eandios]. Mas nem mesmo esses imprevistos conseguiram tirar o brilhantismo do nosso Festival e tenho certeza de que o p\u00fablico ficou maravilhado com o que assistiu\u201d, destacou.<\/span><\/p>\n<p style=\"text-align: justify;\"><span style=\"font-family: arial, helvetica, sans-serif;\">O Festival estava sem realiza\u00e7\u00e3o desde o ano de 2014 e foi retomado pela Prefeitura em 2021. Agora, conforme informado pelo prefeito Vinicius Pegoraro, a inten\u00e7\u00e3o \u00e9 possibilitar a manuten\u00e7\u00e3o do evento de forma anual, \u201cEstamos na segunda edi\u00e7\u00e3o do Festival ap\u00f3s a sua retomada e j\u00e1 observamos um sucesso consolidado. Por isso, \u00e9 importante que possamos mant\u00ea-lo, at\u00e9 porque o setor cultural foi um dos principais prejudicados com a pandemia e essa retomada \u00e9 uma forma de contribuir nessa recupera\u00e7\u00e3o\u201d, frisou.<\/span><\/p>\n<p style=\"text-align: justify;\"><span style=\"font-family: arial, helvetica, sans-serif;\">Ao todo, o Departamento de Cultura recebeu mais de 100 inscri\u00e7\u00f5es de artistas, entre os quais 16 foram classificados pela banca examinadora para a primeira etapa classificat\u00f3ria do Festival. Foram avaliados os quesitos de letra, m\u00fasica e int\u00e9rprete. Ap\u00f3s a primeira noite de apresenta\u00e7\u00f5es do Festival, foram selecionadas 12 m\u00fasicas para a disputa da grande final do evento.<\/span><\/p>\n<div id=\"attachment_10514\" style=\"width: 785px\" class=\"wp-caption aligncenter\"><img loading=\"lazy\" decoding=\"async\" aria-describedby=\"caption-attachment-10514\" class=\" wp-image-10514\" src=\"https:\/\/wp.ufpel.edu.br\/artenosul\/files\/2022\/04\/Imagem2-2-500x333.jpg\" alt=\"\" width=\"785\" height=\"523\" srcset=\"https:\/\/wp.ufpel.edu.br\/artenosul\/files\/2022\/04\/Imagem2-2-500x333.jpg 500w, https:\/\/wp.ufpel.edu.br\/artenosul\/files\/2022\/04\/Imagem2-2-300x200.jpg 300w, https:\/\/wp.ufpel.edu.br\/artenosul\/files\/2022\/04\/Imagem2-2.jpg 642w\" sizes=\"auto, (max-width: 785px) 100vw, 785px\" \/><p id=\"caption-attachment-10514\" class=\"wp-caption-text\"><span style=\"font-family: arial, helvetica, sans-serif;\"><strong><span style=\"color: #0000ff;\">Noite de encerramento do festival com a entrega dos pr\u00eamios\u00a0 \u00a0<\/span> \u00a0 \u00a0 \u00a0 \u00a0 \u00a0 \u00a0 \u00a0 \u00a0 \u00a0 \u00a0 \u00a0 \u00a0 \u00a0 \u00a0 \u00a0<span style=\"color: #0000ff;\"> Foto: Camila Kreps<\/span><\/strong><\/span><\/p><\/div>\n<p>&nbsp;<\/p>\n<p style=\"text-align: justify;\"><span style=\"font-family: arial, helvetica, sans-serif;\">A cantora Pricila Olave, vencedora desta edi\u00e7\u00e3o, destacou a sua alegria com a realiza\u00e7\u00e3o do evento. \u201cEu n\u00e3o conhecia o festival ent\u00e3o foi uma surpresa muito positiva pra mim por abranger diversos g\u00eaneros musicais. Chegar l\u00e1 e ter esse contato direto, com can\u00e7\u00f5es e m\u00fasicos de extrema qualidade, expande a mente e a cultura\u201d, disse.<\/span><\/p>\n<p style=\"text-align: justify;\"><span style=\"font-family: arial, helvetica, sans-serif;\">A artista ainda falou sobre as dificuldades enfrentadas pelo setor de cultura devido \u00e0 pandemia. \u201cN\u00f3s trabalhadores da cultura vivemos tempos muito dif\u00edceis com a chegada da pandemia e a arte nos proporciona algo que vai muito al\u00e9m de trabalho, ela nos move, alimenta nossa alma. Por isso, eu aplaudo a todos os respons\u00e1veis pelo FECANPOP por escolherem a cultura, por entenderem a sua import\u00e2ncia, a sua grandiosidade e por proporcionarem a todos n\u00f3s artistas mais um espa\u00e7o para mostrarmos nosso trabalho e partilharmos com o p\u00fablico a nossa arte\u201d.<\/span><\/p>\n<p style=\"text-align: justify;\"><span style=\"font-family: arial, helvetica, sans-serif;\">Olave interpretou a m\u00fasica \u201cEu L\u00edrico\u201d, uma composi\u00e7\u00e3o das artistas Aline Ribas e Bianca Bergmann, que recebeu o pr\u00eamio de melhor letra do Festival. A cantora, por sua vez, foi premiada com o primeiro lugar na fase geral e o pr\u00eamio de melhor int\u00e9rprete do Festival.<\/span><\/p>\n<div id=\"attachment_10515\" style=\"width: 806px\" class=\"wp-caption aligncenter\"><img loading=\"lazy\" decoding=\"async\" aria-describedby=\"caption-attachment-10515\" class=\" wp-image-10515\" src=\"https:\/\/wp.ufpel.edu.br\/artenosul\/files\/2022\/04\/Imagem3-2-500x333.jpg\" alt=\"\" width=\"806\" height=\"537\" srcset=\"https:\/\/wp.ufpel.edu.br\/artenosul\/files\/2022\/04\/Imagem3-2-500x333.jpg 500w, https:\/\/wp.ufpel.edu.br\/artenosul\/files\/2022\/04\/Imagem3-2-300x200.jpg 300w, https:\/\/wp.ufpel.edu.br\/artenosul\/files\/2022\/04\/Imagem3-2.jpg 642w\" sizes=\"auto, (max-width: 806px) 100vw, 806px\" \/><p id=\"caption-attachment-10515\" class=\"wp-caption-text\"><strong><span style=\"font-family: arial, helvetica, sans-serif;\"><span style=\"color: #0000ff;\">Pricila Olave foi premiada com can\u00e7\u00e3o &#8220;Eu L\u00edrico&#8221;, composi\u00e7\u00e3o de Aline Ribas e Bianca Bergmann<\/span>\u00a0 \u00a0 <span style=\"color: #0000ff;\">Foto: Camila Kreps<\/span><\/span><\/strong><\/p><\/div>\n<p>&nbsp;<\/p>\n<p style=\"text-align: justify;\"><span style=\"font-family: arial, helvetica, sans-serif;\">\u201cFiquei feliz com as premia\u00e7\u00f5es recebidas por \u2018Eu L\u00edrico\u2019, porque \u00e9 uma can\u00e7\u00e3o que vem para quebrar padr\u00f5es, premiar a liberdade e o empoderamento feminino. Mas foi uma disputa dif\u00edcil, pois as composi\u00e7\u00f5es, arranjos, instrumentistas e int\u00e9rpretes que defenderam as can\u00e7\u00f5es no palco do festival foram de extrema qualidade, bom gosto e profissionalismo\u201d, disse a artista.<\/span><\/p>\n<p style=\"text-align: justify;\"><span style=\"font-family: arial, helvetica, sans-serif;\">Com a resposta positiva do Festival, o Departamento de Cultura j\u00e1 est\u00e1 organizando o calend\u00e1rio cultural de eventos que ainda est\u00e3o previstos para esse ano. Em junho, est\u00e1 o Festival da Cultura Alem\u00e3 e Pomerana (FESTCAP), em agosto a Gera\u00e7\u00e3o e Distribui\u00e7\u00e3o da Chama Crioula, em setembro os festejos farroupilhas, em outubro a Ciranda Estudantil Nativista (CIENA) e em novembro o FestQuilombola e o Canto dos Cardeais.<\/span><\/p>\n<p style=\"text-align: justify;\"><a href=\"http:\/\/wp.ufpel.edu.br\/artenosul\"><span style=\"font-family: arial, helvetica, sans-serif; color: #0000ff;\"><strong>PRIMEIRA P\u00c1GINA<\/strong><\/span><\/a><\/p>\n<p style=\"text-align: justify;\"><span style=\"font-family: arial, helvetica, sans-serif; color: #0000ff;\"><strong>COMENT\u00c1RIOS<\/strong><\/span><\/p>\n<div data-test='contact-form'\n\t\t\tid='contact-form-10511'\n\t\t\tclass='wp-block-jetpack-contact-form-container '\n\t\t\tdata-wp-interactive='jetpack\/form' data-wp-context='{\"formId\":\"10511\",\"formHash\":\"3308d077c0877870ff5438b2a665f6057d801afd\",\"showErrors\":false,\"errors\":[],\"fields\":[],\"isMultiStep\":false,\"useAjax\":true,\"submissionData\":null,\"formattedSubmissionData\":[],\"submissionSuccess\":false,\"submissionError\":null,\"elementId\":\"jp-form-3308d077c0877870ff5438b2a665f6057d801afd\",\"isSingleInputForm\":false}'\n\t\t\tdata-wp-watch--scroll-to-wrapper=\"callbacks.scrollToWrapper\"\n\t\t>\n<div class=\"contact-form-submission contact-form-ajax-submission\" data-wp-class--submission-success=\"context.submissionSuccess\"><p class=\"go-back-message\"><a class=\"link\" role=\"button\" tabindex=\"0\" data-wp-on--click=\"actions.goBack\" href=\"\/artenosul\/wp-json\/wp\/v2\/posts\/10511\">Voltar<\/a><\/p><h4 id=\"contact-form-success-header\">Sua mensagem foi enviada<\/h4>\n\n<template data-wp-each--submission=\"context.formattedSubmissionData\">\n\t\t\t\t\t<div class=\"jetpack_forms_contact-form-success-summary\">\n\t\t\t\t\t\t<div class=\"field-name\" data-wp-text=\"context.submission.label\" data-wp-bind--hidden=\"!context.submission.label\"><\/div>\n\t\t\t\t\t\t<div class=\"field-value\" data-wp-text=\"context.submission.value\"><\/div>\n\t\t\t\t\t\t<div class=\"field-images\" data-wp-bind--hidden=\"!context.submission.images\">\n\t\t\t\t\t\t\t<template data-wp-each--image=\"context.submission.images\">\n\t\t\t\t\t\t\t\t<figure class=\"field-image\" data-wp-class--is-empty=\"!context.image\">\n\t\t\t\t\t\t\t\t\t<img data-wp-bind--src=\"context.image\" data-wp-bind--hidden=\"!context.image\" \/>\n\t\t\t\t\t\t\t\t\t<img decoding=\"async\" src=\"data:image\/gif;base64,R0lGODlhAQABAAD\/ACwAAAAAAQABAAACADs=\" data-wp-bind--hidden=\"context.image\" \/>\n\t\t\t\t\t\t\t\t<\/figure>\n\t\t\t\t\t\t\t<\/template>\n\t\t\t\t\t\t<\/div>\n\t\t\t\t\t<\/div>\n\t\t\t\t<\/template><\/div><form action='https:\/\/wp.ufpel.edu.br\/artenosul\/2022\/04\/17\/fecanpop-e-sucesso-em-cangucu\/'\n\t\t\t\tid='jp-form-3308d077c0877870ff5438b2a665f6057d801afd'\n\t\t\t\tmethod='post'\n\t\t\t\tclass='contact-form commentsblock' aria-label=\"FECANPOP \u00e9 sucesso em Cangu\u00e7u\"\n\t\t\t\tdata-wp-on--submit=\"actions.onFormSubmit\"\n\t\t\t\tdata-wp-on--reset=\"actions.onFormReset\"\n\t\t\t\tdata-wp-class--submission-success=\"context.submissionSuccess\"\n\t\t\t\tdata-wp-class--is-first-step=\"state.isFirstStep\"\n\t\t\t\tdata-wp-class--is-last-step=\"state.isLastStep\"\n\t\t\t\tdata-wp-class--is-ajax-form=\"context.useAjax\"\n\t\t\t\tnovalidate >\n<input type='hidden' name='jetpack_contact_form_jwt' value='eyJ0eXAiOiJKV1QiLCJhbGciOiJIUzI1NiJ9.eyJlbmNyeXB0ZWRfYXR0cmlidXRlcyI6InhuRlVuOUZHRmRRQUQxclUzUXN0QXJHMU1PMXdyRTh3dUNmTDlXMnpKQmFTZTVpWHhFSDluaU1EMzVKTnJJczV2MVg2YXh1YXlpVVdrMVNSU0VLQjRDbXdJeXdzQ28renFnZm5kTDA1bjNtajhtWWl2WXMxRGQwR0xpZ2hGeWl3bTZVUFo5RkU2enBEa25wVFVjYXN0Q1pZZnM2Mk5hVWxHZ29nQlB4elFxQzFuK0JhdnR1QXhrY2hiQ3lKY2RiZ21KTTFaaGFrMTFvbjBobmZCN1kxa3ZlWUIzS3h3cnBIQStYZ2pZc3hPZ0ZuRGFJaXdZWGxIc3JFT1duaHB0aTlqbU42OHRpaG11dVNzbFVuemYxbUNaSXZOZVh1bVkySDQ2WUdrQzJ4UkJNN0tDWFZHYW9VZmFuMnBHc0NTSTdLQ01WeTFFVE1vK2U4WUFaVlpJdXorRGhiNm9BYkJPZjBJQ2U4bzhFTitQaU0xM3l1RklXNStzdUZiZkpueEVaMktkbnFYSzFUV1J6bFZ2KzV2b201NVc0WjlNZkU1eEl2K1pHTkh4cjNkK0MwU1VuMk84OFYrbDZwZC9RMWE5YXFyNjdyUUxwUFZBT1ZiaVFJTVM1eW1EckZUWXREUlJNL0FYdWtUb0k1S0VVWC80RUpRamR5QVUwV1pTRlBha08yYzYra3ltQzVjZ3A4eml4TDQ0UGduS0tCYmh2b2p5d29QT2RyNDREWnV2TC9vMkJhekIycUhieFZOaHBVQzExUDVXUXplb0FvVnRLekE4dzgyYU5LS3A4eEF0cXpEUG9MbmdQL21MQkZQdGpYUFEyaER3MWpNbjdWNmZjL3FvL1hsRGNPY2ZOTnJ0UTRyc04vUDk5dGFCSTFNckcvYXRBUFAwdVZkTHlaMEg2bWtQajUxejlQU0l5bWNRMm93SGlHWmlWOXFsV1o2R1AwMmVrNElvdDg3bmNreE15SnZiVGEwV2VDSHFUNWNwMTdoZndObHpSeFBKUEIyMFQxbVJxQUovSmFxOXhiSjBUYXdzUUlkQ0pTQWJQMjlKeVgyVTk4TUd5QXFnaEJOWElDR1J1NTBVY3kwUDd2NEh1WjduQmp3K1RtaFJwTUJZdk1sM2ZmS2FCTmJ4cHZId0dOdUswckhidktEMWRpY1dYa3ZlVUZwSE15QnQza0dkZWNKZk9xYkRDR0ZhOWxNTTJwL1hvMENHK0tTUT09IiwiY29udGVudCI6Iltjb250YWN0LWZpZWxkIGxhYmVsPVwiTm9tZVwiIHR5cGU9XCJuYW1lXCJdW2NvbnRhY3QtZmllbGQgbGFiZWw9XCJFLW1haWxcIiB0eXBlPVwiZW1haWxcIl1bY29udGFjdC1maWVsZCBsYWJlbD1cIk1lbnNhZ2VtXCIgdHlwZT1cInRleHRhcmVhXCJdIiwiaGFzaCI6IjMzMDhkMDc3YzA4Nzc4NzBmZjU0MzhiMmE2NjVmNjA1N2Q4MDFhZmQiLCJzb3VyY2UiOnsiZW50cnlfdGl0bGUiOiJGRUNBTlBPUCBcdTAwZTkgc3VjZXNzbyBlbSBDYW5ndVx1MDBlN3UiLCJlbnRyeV9wYWdlIjoxLCJzb3VyY2VfaWQiOjEwNTExLCJzb3VyY2VfdHlwZSI6InNpbmdsZSIsInJlcXVlc3RfdXJsIjoiaHR0cHM6Ly93cC51ZnBlbC5lZHUuYnIvYXJ0ZW5vc3VsL3dwLWpzb24vd3AvdjIvcG9zdHMvMTA1MTEifSwidmVyc2lvbiI6MiwiY2lwaGVyIjoiYWVzLTI1Ni1nY20ifQ.Tyqu-jwvfVlPXRu2zgdYcfsblJCupGfVj1iHeyP0VZ0' \/>\n\n<div style=\"\"  data-wp-interactive=\"jetpack\/form\" data-wp-context='{\"fieldId\":\"g10511-nome\",\"fieldType\":\"name\",\"fieldLabel\":\"Nome\",\"fieldValue\":\"\",\"fieldPlaceholder\":\"\",\"fieldIsRequired\":\"\",\"fieldErrorMessage\":\"\",\"fieldExtra\":[],\"formHash\":\"3308d077c0877870ff5438b2a665f6057d801afd\"}'  class='grunion-field-name-wrap grunion-field-wrap'  data-wp-init='callbacks.initializeField' data-wp-on--jetpack-form-reset='callbacks.initializeField' >\n<label\n\t\t\t\tfor='g10511-nome' class=\"grunion-field-label name\" >Nome<\/label>\n<input\n\t\t\t\t\ttype='text'\n\t\t\t\t\tname='g10511-nome'\n\t\t\t\t\tid='g10511-nome'\n\t\t\t\t\tvalue=''\n\n\t\t\t\t\tdata-wp-bind--aria-invalid='state.fieldHasErrors'\n\t\t\t\t\tdata-wp-bind--value='state.getFieldValue'\n\t\t\t\t\taria-errormessage='g10511-nome-text-error-message'\n\t\t\t\t\tdata-wp-on--input='actions.onFieldChange'\n\t\t\t\t\tdata-wp-on--blur='actions.onFieldBlur'\n\t\t\t\t\tdata-wp-class--has-value='state.hasFieldValue'\n\n\t\t\t\t\tclass='name  grunion-field' \n\t\t\t\t\t \/>\n \n\t\t\t<div id=\"g10511-nome-text-error\" class=\"contact-form__input-error\" data-wp-class--has-errors=\"state.fieldHasErrors\">\n\t\t\t\t<span class=\"contact-form__warning-icon\">\n\t\t\t\t\t<svg width=\"16\" height=\"16\" viewBox=\"0 0 16 16\" fill=\"none\" xmlns=\"http:\/\/www.w3.org\/2000\/svg\">\n\t\t\t\t\t\t<path d=\"M8.50015 11.6402H7.50015V10.6402H8.50015V11.6402Z\" \/>\n\t\t\t\t\t\t<path d=\"M7.50015 9.64018H8.50015V6.30684H7.50015V9.64018Z\" \/>\n\t\t\t\t\t\t<path fill-rule=\"evenodd\" clip-rule=\"evenodd\" d=\"M6.98331 3.0947C7.42933 2.30177 8.57096 2.30177 9.01698 3.09469L13.8771 11.7349C14.3145 12.5126 13.7525 13.4735 12.8602 13.4735H3.14004C2.24774 13.4735 1.68575 12.5126 2.12321 11.7349L6.98331 3.0947ZM8.14541 3.58496C8.08169 3.47168 7.9186 3.47168 7.85488 3.58496L2.99478 12.2251C2.93229 12.3362 3.01257 12.4735 3.14004 12.4735H12.8602C12.9877 12.4735 13.068 12.3362 13.0055 12.2251L8.14541 3.58496Z\" \/>\n\t\t\t\t\t<\/svg>\n\t\t\t\t\t<span class=\"visually-hidden\">Aviso<\/span>\n\t\t\t\t<\/span>\n\t\t\t\t<span data-wp-text=\"state.errorMessage\" id=\"g10511-nome-text-error-message\" role=\"alert\" aria-live=\"assertive\"><\/span>\n\t\t\t<\/div> \n\t<\/div>\n\n<div style=\"\"  data-wp-interactive=\"jetpack\/form\" data-wp-context='{\"fieldId\":\"g10511-email\",\"fieldType\":\"email\",\"fieldLabel\":\"E-mail\",\"fieldValue\":\"\",\"fieldPlaceholder\":\"\",\"fieldIsRequired\":\"\",\"fieldErrorMessage\":\"\",\"fieldExtra\":[],\"formHash\":\"3308d077c0877870ff5438b2a665f6057d801afd\"}'  class='grunion-field-email-wrap grunion-field-wrap'  data-wp-init='callbacks.initializeField' data-wp-on--jetpack-form-reset='callbacks.initializeField' >\n<label\n\t\t\t\tfor='g10511-email' class=\"grunion-field-label email\" >E-mail<\/label>\n<input\n\t\t\t\t\ttype='email'\n\t\t\t\t\tname='g10511-email'\n\t\t\t\t\tid='g10511-email'\n\t\t\t\t\tvalue=''\n\n\t\t\t\t\tdata-wp-bind--aria-invalid='state.fieldHasErrors'\n\t\t\t\t\tdata-wp-bind--value='state.getFieldValue'\n\t\t\t\t\taria-errormessage='g10511-email-email-error-message'\n\t\t\t\t\tdata-wp-on--input='actions.onFieldChange'\n\t\t\t\t\tdata-wp-on--blur='actions.onFieldBlur'\n\t\t\t\t\tdata-wp-class--has-value='state.hasFieldValue'\n\n\t\t\t\t\tclass='email  grunion-field' \n\t\t\t\t\t \/>\n \n\t\t\t<div id=\"g10511-email-email-error\" class=\"contact-form__input-error\" data-wp-class--has-errors=\"state.fieldHasErrors\">\n\t\t\t\t<span class=\"contact-form__warning-icon\">\n\t\t\t\t\t<svg width=\"16\" height=\"16\" viewBox=\"0 0 16 16\" fill=\"none\" xmlns=\"http:\/\/www.w3.org\/2000\/svg\">\n\t\t\t\t\t\t<path d=\"M8.50015 11.6402H7.50015V10.6402H8.50015V11.6402Z\" \/>\n\t\t\t\t\t\t<path d=\"M7.50015 9.64018H8.50015V6.30684H7.50015V9.64018Z\" \/>\n\t\t\t\t\t\t<path fill-rule=\"evenodd\" clip-rule=\"evenodd\" d=\"M6.98331 3.0947C7.42933 2.30177 8.57096 2.30177 9.01698 3.09469L13.8771 11.7349C14.3145 12.5126 13.7525 13.4735 12.8602 13.4735H3.14004C2.24774 13.4735 1.68575 12.5126 2.12321 11.7349L6.98331 3.0947ZM8.14541 3.58496C8.08169 3.47168 7.9186 3.47168 7.85488 3.58496L2.99478 12.2251C2.93229 12.3362 3.01257 12.4735 3.14004 12.4735H12.8602C12.9877 12.4735 13.068 12.3362 13.0055 12.2251L8.14541 3.58496Z\" \/>\n\t\t\t\t\t<\/svg>\n\t\t\t\t\t<span class=\"visually-hidden\">Aviso<\/span>\n\t\t\t\t<\/span>\n\t\t\t\t<span data-wp-text=\"state.errorMessage\" id=\"g10511-email-email-error-message\" role=\"alert\" aria-live=\"assertive\"><\/span>\n\t\t\t<\/div> \n\t<\/div>\n\n<div style=\"\"  data-wp-interactive=\"jetpack\/form\" data-wp-context='{\"fieldId\":\"g10511-mensagem\",\"fieldType\":\"textarea\",\"fieldLabel\":\"Mensagem\",\"fieldValue\":\"\",\"fieldPlaceholder\":\"\",\"fieldIsRequired\":\"\",\"fieldErrorMessage\":\"\",\"fieldExtra\":[],\"formHash\":\"3308d077c0877870ff5438b2a665f6057d801afd\"}'  class='grunion-field-textarea-wrap grunion-field-wrap'  data-wp-init='callbacks.initializeField' data-wp-on--jetpack-form-reset='callbacks.initializeField' >\n<label\n\t\t\t\tfor='contact-form-comment-g10511-mensagem' class=\"grunion-field-label textarea\" >Mensagem<\/label>\n<textarea\n\t\t                style=''\n\t\t                name='g10511-mensagem'\n\t\t                id='contact-form-comment-g10511-mensagem'\n\t\t                rows='20'\n\t\t\t\t\t\tdata-wp-text='state.getFieldValue'\n\t\t\t\t\t\tdata-wp-on--input='actions.onFieldChange'\n\t\t\t\t\t\tdata-wp-on--blur='actions.onFieldBlur'\n\t\t\t\t\t\tdata-wp-class--has-value='state.hasFieldValue'\n\t\t\t\t\t\tdata-wp-bind--aria-invalid='state.fieldHasErrors'\n\t\t\t\t\t\taria-errormessage='g10511-mensagem-textarea-error-message'\n\t\t\t\t\t\tclass='textarea  grunion-field'  ><\/textarea>\n \n\t\t\t<div id=\"g10511-mensagem-textarea-error\" class=\"contact-form__input-error\" data-wp-class--has-errors=\"state.fieldHasErrors\">\n\t\t\t\t<span class=\"contact-form__warning-icon\">\n\t\t\t\t\t<svg width=\"16\" height=\"16\" viewBox=\"0 0 16 16\" fill=\"none\" xmlns=\"http:\/\/www.w3.org\/2000\/svg\">\n\t\t\t\t\t\t<path d=\"M8.50015 11.6402H7.50015V10.6402H8.50015V11.6402Z\" \/>\n\t\t\t\t\t\t<path d=\"M7.50015 9.64018H8.50015V6.30684H7.50015V9.64018Z\" \/>\n\t\t\t\t\t\t<path fill-rule=\"evenodd\" clip-rule=\"evenodd\" d=\"M6.98331 3.0947C7.42933 2.30177 8.57096 2.30177 9.01698 3.09469L13.8771 11.7349C14.3145 12.5126 13.7525 13.4735 12.8602 13.4735H3.14004C2.24774 13.4735 1.68575 12.5126 2.12321 11.7349L6.98331 3.0947ZM8.14541 3.58496C8.08169 3.47168 7.9186 3.47168 7.85488 3.58496L2.99478 12.2251C2.93229 12.3362 3.01257 12.4735 3.14004 12.4735H12.8602C12.9877 12.4735 13.068 12.3362 13.0055 12.2251L8.14541 3.58496Z\" \/>\n\t\t\t\t\t<\/svg>\n\t\t\t\t\t<span class=\"visually-hidden\">Aviso<\/span>\n\t\t\t\t<\/span>\n\t\t\t\t<span data-wp-text=\"state.errorMessage\" id=\"g10511-mensagem-textarea-error-message\" role=\"alert\" aria-live=\"assertive\"><\/span>\n\t\t\t<\/div>\n\t<\/div>\n\t<p class='contact-submit'>\n<div class=\"contact-form__error\" data-wp-class--show-errors=\"state.showFormErrors\"><span class=\"contact-form__warning-icon\"><span class=\"visually-hidden\">Aten\u00e7\u00e3o.<\/span><i aria-hidden=\"true\"><\/i><\/span>\n\t\t\t\t<span data-wp-text=\"state.getFormErrorMessage\"><\/span>\n\t\t\t\t<ul>\n\t\t\t\t<template data-wp-each=\"state.getErrorList\" data-wp-key=\"context.item.id\">\n\t\t\t\t\t<li><a data-wp-bind--href=\"context.item.anchor\" data-wp-on--click=\"actions.scrollIntoView\" data-wp-text=\"context.item.label\"><\/a><\/li>\n\t\t\t\t<\/template>\n\t\t\t\t<\/ul><\/div><div class=\"contact-form__error\" data-wp-class--show-errors=\"state.showSubmissionError\" data-wp-text=\"context.submissionError\"><\/div>\t\t<button type='submit' class='pushbutton-wide'>Enviar<\/button>\t\t<input type='hidden' name='contact-form-id' value='10511' \/>\n\t\t<input type='hidden' name='action' value='grunion-contact-form' \/>\n\t\t<input type='hidden' name='contact-form-hash' value='3308d077c0877870ff5438b2a665f6057d801afd' \/>\n\t<\/p>\n<p style=\"display: none !important;\" class=\"akismet-fields-container\" data-prefix=\"ak_\"><label>&#916;<textarea name=\"ak_hp_textarea\" cols=\"45\" rows=\"8\" maxlength=\"100\"><\/textarea><\/label><input type=\"hidden\" id=\"ak_js_1\" name=\"ak_js\" value=\"174\"\/><script>document.getElementById( \"ak_js_1\" ).setAttribute( \"value\", ( new Date() ).getTime() );<\/script><\/p><\/form>\n<\/div>\n<p style=\"text-align: justify;\">\n","protected":false},"excerpt":{"rendered":"<p>Por J\u00e9ssica Timm\u00a0 \u00a0\u00a0 Evento reuniu m\u00fasicos locais e nacionais em transmiss\u00e3o ao vivo pela Prefeitura O Festival Cangu\u00e7u da Can\u00e7\u00e3o Popular (FECANPOP), realizado nos dias 25 e 26 de mar\u00e7o, foi um sucesso em Cangu\u00e7u. Em sua vig\u00e9sima edi\u00e7\u00e3o, o evento contou com a participa\u00e7\u00e3o de artistas locais e nacionais. O objetivo, conforme informado &hellip; <\/p>\n<p><a class=\"more-link btn\" href=\"https:\/\/wp.ufpel.edu.br\/artenosul\/2022\/04\/17\/fecanpop-e-sucesso-em-cangucu\/\">Continue lendo<\/a><\/p>\n","protected":false},"author":571,"featured_media":10515,"comment_status":"closed","ping_status":"closed","sticky":false,"template":"","format":"standard","meta":{"jetpack_post_was_ever_published":false,"_jetpack_newsletter_access":"","_jetpack_dont_email_post_to_subs":false,"_jetpack_newsletter_tier_id":0,"_jetpack_memberships_contains_paywalled_content":false,"_jetpack_memberships_contains_paid_content":false,"footnotes":"","jetpack_publicize_message":"","jetpack_publicize_feature_enabled":true,"jetpack_social_post_already_shared":true,"jetpack_social_options":{"image_generator_settings":{"template":"highway","default_image_id":0,"font":"","enabled":false},"version":2}},"categories":[88,6],"tags":[1423,936,1421,1424,1420,1031,7,1422],"class_list":["post-10511","post","type-post","status-publish","format-standard","has-post-thumbnail","hentry","category-comunidade","category-musica","tag-cancao","tag-cangucu","tag-fecanpop","tag-festival","tag-festival-cangucu-da-cancao-popular","tag-jessica-timm","tag-musica","tag-pricila-olave","nodate","item-wrap"],"jetpack_publicize_connections":[],"jetpack_featured_media_url":"https:\/\/wp.ufpel.edu.br\/artenosul\/files\/2022\/04\/Imagem3-2.jpg","jetpack_sharing_enabled":true,"jetpack_likes_enabled":true,"jetpack_shortlink":"https:\/\/wp.me\/p6PuxQ-2Jx","jetpack-related-posts":[{"id":11913,"url":"https:\/\/wp.ufpel.edu.br\/artenosul\/2022\/06\/08\/cangucu-sedia-geracao-e-distribuicao-da-chama-crioula-2022\/","url_meta":{"origin":10511,"position":0},"title":"Cangu\u00e7u sedia Gera\u00e7\u00e3o e Distribui\u00e7\u00e3o da Chama Crioula 2022","author":"artenosul","date":"8 de junho de 2022","format":false,"excerpt":"Por J\u00e9ssica Timm\u00a0\u00a0 Evento acontecer\u00e1 nos dias 12 e 13 de agosto na 21\u00aa Regi\u00e3o Tradicionalista \u00a0 Na 73\u00aa Gera\u00e7\u00e3o e Distribui\u00e7\u00e3o da Chama Crioula do Rio Grande do Sul, o destino sede ser\u00e1 o munic\u00edpio de Cangu\u00e7u, 21\u00aa Regi\u00e3o Tradicionalista. Previsto para ocorrer nos dias 12 e 13 de\u2026","rel":"","context":"Em &quot;COMUNIDADE&quot;","block_context":{"text":"COMUNIDADE","link":"https:\/\/wp.ufpel.edu.br\/artenosul\/category\/comunidade\/"},"img":{"alt_text":"","src":"https:\/\/i0.wp.com\/wp.ufpel.edu.br\/artenosul\/files\/2022\/06\/Imagem2-1.jpg?resize=350%2C200&ssl=1","width":350,"height":200,"srcset":"https:\/\/i0.wp.com\/wp.ufpel.edu.br\/artenosul\/files\/2022\/06\/Imagem2-1.jpg?resize=350%2C200&ssl=1 1x, https:\/\/i0.wp.com\/wp.ufpel.edu.br\/artenosul\/files\/2022\/06\/Imagem2-1.jpg?resize=525%2C300&ssl=1 1.5x, https:\/\/i0.wp.com\/wp.ufpel.edu.br\/artenosul\/files\/2022\/06\/Imagem2-1.jpg?resize=700%2C400&ssl=1 2x, https:\/\/i0.wp.com\/wp.ufpel.edu.br\/artenosul\/files\/2022\/06\/Imagem2-1.jpg?resize=1050%2C600&ssl=1 3x, https:\/\/i0.wp.com\/wp.ufpel.edu.br\/artenosul\/files\/2022\/06\/Imagem2-1.jpg?resize=1400%2C800&ssl=1 4x"},"classes":[]},{"id":9873,"url":"https:\/\/wp.ufpel.edu.br\/artenosul\/2021\/09\/20\/festquilombola-celebra-a-contribuicao-negra\/","url_meta":{"origin":10511,"position":1},"title":"Festquilombola celebra a contribui\u00e7\u00e3o negra","author":"artenosul","date":"20 de setembro de 2021","format":false,"excerpt":"Por J\u00e9ssica Griep Timm\u00a0 \u00a0 \u00a0 Evento alusivo a cultura afro-brasileira \u00e9 realizado em Cangu\u00e7u O munic\u00edpio de Cangu\u00e7u possui uma grande diversidade \u00e9tnica cultural em sua forma\u00e7\u00e3o. At\u00e9 os dias de hoje, \u00e9 poss\u00edvel observar uma forte presen\u00e7a de tra\u00e7os da imigra\u00e7\u00e3o alem\u00e3, italiana, japonesa e africana em seu\u2026","rel":"","context":"Em &quot;COMUNIDADE&quot;","block_context":{"text":"COMUNIDADE","link":"https:\/\/wp.ufpel.edu.br\/artenosul\/category\/comunidade\/"},"img":{"alt_text":"","src":"https:\/\/i0.wp.com\/wp.ufpel.edu.br\/artenosul\/files\/2021\/09\/Imagem3-2.jpg?resize=350%2C200&ssl=1","width":350,"height":200,"srcset":"https:\/\/i0.wp.com\/wp.ufpel.edu.br\/artenosul\/files\/2021\/09\/Imagem3-2.jpg?resize=350%2C200&ssl=1 1x, https:\/\/i0.wp.com\/wp.ufpel.edu.br\/artenosul\/files\/2021\/09\/Imagem3-2.jpg?resize=525%2C300&ssl=1 1.5x"},"classes":[]},{"id":10060,"url":"https:\/\/wp.ufpel.edu.br\/artenosul\/2021\/10\/31\/academia-de-historia-resgata-memorias-de-cangucu\/","url_meta":{"origin":10511,"position":2},"title":"Academia de Hist\u00f3ria resgata mem\u00f3rias de Cangu\u00e7u","author":"artenosul","date":"31 de outubro de 2021","format":false,"excerpt":"Por J\u00e9ssica Griep Timm\u00a0\u00a0\u00a0\u00a0\u00a0 Institui\u00e7\u00e3o ACANDHIS busca resgatar passado da cidade com a participa\u00e7\u00e3o de estudiosos A Academia Cangu\u00e7uense de Hist\u00f3ria, a ACANDHIS, \u00e9 um importante patrim\u00f4nio da cidade de Cangu\u00e7u. Constitu\u00edda em 13 de setembro de 1956, pelo coronel cangu\u00e7uense Cl\u00e1udio Moreira Bento, tem como principal objetivo resgatar as\u2026","rel":"","context":"Em &quot;COMUNIDADE&quot;","block_context":{"text":"COMUNIDADE","link":"https:\/\/wp.ufpel.edu.br\/artenosul\/category\/comunidade\/"},"img":{"alt_text":"","src":"https:\/\/i0.wp.com\/wp.ufpel.edu.br\/artenosul\/files\/2021\/10\/Imagem2c.jpg?resize=350%2C200&ssl=1","width":350,"height":200},"classes":[]},{"id":8766,"url":"https:\/\/wp.ufpel.edu.br\/artenosul\/2020\/10\/29\/ciena-em-cangucu-e-transferida-devido-a-pandemia\/","url_meta":{"origin":10511,"position":3},"title":"Ciena em Cangu\u00e7u \u00e9 transferida devido \u00e0 pandemia","author":"artenosul","date":"29 de outubro de 2020","format":false,"excerpt":"Por J\u00e9ssica Timm Evento ocorreu de forma online durante o per\u00edodo de isolamento social A Ciranda Estudantil Nativista (Ciena), evento anual que celebra a cultura ga\u00facha no munic\u00edpio de Cangu\u00e7u, n\u00e3o pode ser realizada de forma presencial no ano de 2020. O movimento que ocorreria nos dias 22, 23 e\u2026","rel":"","context":"Em &quot;COMUNIDADE&quot;","block_context":{"text":"COMUNIDADE","link":"https:\/\/wp.ufpel.edu.br\/artenosul\/category\/comunidade\/"},"img":{"alt_text":"","src":"https:\/\/i0.wp.com\/wp.ufpel.edu.br\/artenosul\/files\/2020\/10\/Imagem2-1.jpg?resize=350%2C200&ssl=1","width":350,"height":200},"classes":[]},{"id":28090,"url":"https:\/\/wp.ufpel.edu.br\/artenosul\/2025\/03\/14\/fim-de-semana-com-carnaval-anima-cangucu\/","url_meta":{"origin":10511,"position":4},"title":"Fim de semana com Carnaval anima Cangu\u00e7u","author":"artenosul","date":"14 de mar\u00e7o de 2025","format":false,"excerpt":"Evento com diversas atra\u00e7\u00f5es musicais marcou o primeiro evento cultural da nova gest\u00e3o municipal\u00a0 \u00a0 \u00a0 \u00a0 \u00a0 Por Chaiane Romer e Amanda Leitzke\u00a0 \u00a0 \u00a0 \u00a0 \u00a0 \u00a0 \u00a0 Nos dias 8 e 9 de mar\u00e7o, Cangu\u00e7u foi palco de muita anima\u00e7\u00e3o, m\u00fasica e visitantes durante o Carnaval realizado\u2026","rel":"","context":"Em &quot;COMUNIDADE&quot;","block_context":{"text":"COMUNIDADE","link":"https:\/\/wp.ufpel.edu.br\/artenosul\/category\/comunidade\/"},"img":{"alt_text":"","src":"https:\/\/i0.wp.com\/wp.ufpel.edu.br\/artenosul\/files\/2025\/03\/foto-1.jpeg?resize=350%2C200&ssl=1","width":350,"height":200,"srcset":"https:\/\/i0.wp.com\/wp.ufpel.edu.br\/artenosul\/files\/2025\/03\/foto-1.jpeg?resize=350%2C200&ssl=1 1x, https:\/\/i0.wp.com\/wp.ufpel.edu.br\/artenosul\/files\/2025\/03\/foto-1.jpeg?resize=525%2C300&ssl=1 1.5x, https:\/\/i0.wp.com\/wp.ufpel.edu.br\/artenosul\/files\/2025\/03\/foto-1.jpeg?resize=700%2C400&ssl=1 2x, https:\/\/i0.wp.com\/wp.ufpel.edu.br\/artenosul\/files\/2025\/03\/foto-1.jpeg?resize=1050%2C600&ssl=1 3x"},"classes":[]},{"id":8905,"url":"https:\/\/wp.ufpel.edu.br\/artenosul\/2020\/11\/25\/lei-aldir-blanc-auxilia-produtores-culturais-em-cangucu\/","url_meta":{"origin":10511,"position":5},"title":"Lei Aldir Blanc auxilia produtores culturais em Cangu\u00e7u","author":"artenosul","date":"25 de novembro de 2020","format":false,"excerpt":"J\u00e9ssica Griep Timm Governo federal garante repasses em meio \u00e0 pandemia do Coronav\u00edrus Criada em 2020, a Lei de Emerg\u00eancia Cultural Aldir Blanc estabelece a\u00e7\u00f5es de assist\u00eancia ao setor de cultura durante o decreto de estado de calamidade p\u00fablica da Uni\u00e3o em meio a pandemia do Coronav\u00edrus, visando garantir uma\u2026","rel":"","context":"Em &quot;COMUNIDADE&quot;","block_context":{"text":"COMUNIDADE","link":"https:\/\/wp.ufpel.edu.br\/artenosul\/category\/comunidade\/"},"img":{"alt_text":"","src":"https:\/\/i0.wp.com\/wp.ufpel.edu.br\/artenosul\/files\/2020\/11\/Imagem1-7.jpg?resize=350%2C200&ssl=1","width":350,"height":200,"srcset":"https:\/\/i0.wp.com\/wp.ufpel.edu.br\/artenosul\/files\/2020\/11\/Imagem1-7.jpg?resize=350%2C200&ssl=1 1x, https:\/\/i0.wp.com\/wp.ufpel.edu.br\/artenosul\/files\/2020\/11\/Imagem1-7.jpg?resize=525%2C300&ssl=1 1.5x"},"classes":[]}],"_links":{"self":[{"href":"https:\/\/wp.ufpel.edu.br\/artenosul\/wp-json\/wp\/v2\/posts\/10511","targetHints":{"allow":["GET"]}}],"collection":[{"href":"https:\/\/wp.ufpel.edu.br\/artenosul\/wp-json\/wp\/v2\/posts"}],"about":[{"href":"https:\/\/wp.ufpel.edu.br\/artenosul\/wp-json\/wp\/v2\/types\/post"}],"author":[{"embeddable":true,"href":"https:\/\/wp.ufpel.edu.br\/artenosul\/wp-json\/wp\/v2\/users\/571"}],"replies":[{"embeddable":true,"href":"https:\/\/wp.ufpel.edu.br\/artenosul\/wp-json\/wp\/v2\/comments?post=10511"}],"version-history":[{"count":10,"href":"https:\/\/wp.ufpel.edu.br\/artenosul\/wp-json\/wp\/v2\/posts\/10511\/revisions"}],"predecessor-version":[{"id":10525,"href":"https:\/\/wp.ufpel.edu.br\/artenosul\/wp-json\/wp\/v2\/posts\/10511\/revisions\/10525"}],"wp:featuredmedia":[{"embeddable":true,"href":"https:\/\/wp.ufpel.edu.br\/artenosul\/wp-json\/wp\/v2\/media\/10515"}],"wp:attachment":[{"href":"https:\/\/wp.ufpel.edu.br\/artenosul\/wp-json\/wp\/v2\/media?parent=10511"}],"wp:term":[{"taxonomy":"category","embeddable":true,"href":"https:\/\/wp.ufpel.edu.br\/artenosul\/wp-json\/wp\/v2\/categories?post=10511"},{"taxonomy":"post_tag","embeddable":true,"href":"https:\/\/wp.ufpel.edu.br\/artenosul\/wp-json\/wp\/v2\/tags?post=10511"}],"curies":[{"name":"wp","href":"https:\/\/api.w.org\/{rel}","templated":true}]}}