{"id":10493,"date":"2022-04-17T15:50:56","date_gmt":"2022-04-17T18:50:56","guid":{"rendered":"https:\/\/wp.ufpel.edu.br\/artenosul\/?p=10493"},"modified":"2022-04-25T21:19:16","modified_gmt":"2022-04-26T00:19:16","slug":"bibliovan-projeto-itinerante-visita-cangucu","status":"publish","type":"post","link":"https:\/\/wp.ufpel.edu.br\/artenosul\/2022\/04\/17\/bibliovan-projeto-itinerante-visita-cangucu\/","title":{"rendered":"BiblioVAN: projeto itinerante visita Cangu\u00e7u"},"content":{"rendered":"<p style=\"text-align: right;\"><span style=\"color: #003366;\"><em><strong><span style=\"font-family: arial, helvetica, sans-serif;\">Por Vivian Domingues Mattos\u00a0 \u00a0 \u00a0<\/span><\/strong><\/em><\/span><\/p>\n<p style=\"text-align: center;\"><span style=\"color: #003366;\"><em><strong><span style=\"font-family: arial, helvetica, sans-serif;\">O poeta Pedro Marodin est\u00e1 transitando todo o Estado com a sua biblioteca<\/span><\/strong><\/em><\/span><\/p>\n<div id=\"attachment_10500\" style=\"width: 728px\" class=\"wp-caption aligncenter\"><img loading=\"lazy\" decoding=\"async\" aria-describedby=\"caption-attachment-10500\" class=\" wp-image-10500\" src=\"https:\/\/wp.ufpel.edu.br\/artenosul\/files\/2022\/04\/Foto-Vivian-Domingues-Mattos-3-500x333.jpg\" alt=\"\" width=\"728\" height=\"485\" srcset=\"https:\/\/wp.ufpel.edu.br\/artenosul\/files\/2022\/04\/Foto-Vivian-Domingues-Mattos-3-500x333.jpg 500w, https:\/\/wp.ufpel.edu.br\/artenosul\/files\/2022\/04\/Foto-Vivian-Domingues-Mattos-3-300x200.jpg 300w, https:\/\/wp.ufpel.edu.br\/artenosul\/files\/2022\/04\/Foto-Vivian-Domingues-Mattos-3.jpg 675w\" sizes=\"auto, (max-width: 728px) 100vw, 728px\" \/><p id=\"caption-attachment-10500\" class=\"wp-caption-text\"><span style=\"color: #0000ff; font-family: arial, helvetica, sans-serif;\"><strong><span style=\"color: #0000ff;\">Escritor divulga obras liter\u00e1rias e contribui para alegrar cotidiano das cidades\u00a0 \u00a0 \u00a0 Fotos: <span style=\"font-family: arial, helvetica, sans-serif;\">Vivian Domingues Mattos\u00a0<\/span><\/span><\/strong><\/span><\/p><\/div>\n<p style=\"text-align: justify;\"><span style=\"font-family: arial, helvetica, sans-serif;\">Transportando cultura sobre quatro rodas, o projeto BiblioVAN do poeta e escritor Pedro Marodin, viaja entre cidades brasileiras levando literatura e arte. A iniciativa foi contemplada pela Lei Aldir Blanc de apoio \u00e0 cultura e agora permanece de maneira independente disponibilizando acesso gratuito a um acervo com mais de dois mil livros.<\/span><\/p>\n<p style=\"text-align: justify;\"><span style=\"font-family: arial, helvetica, sans-serif;\">Durante a passagem do escritor pelas cidades interioranas, os leitores podem retirar as obras atrav\u00e9s de um empr\u00e9stimo e devolver para biblioteca at\u00e9 o \u00faltimo dia de perman\u00eancia do projeto na localidade. Dentre alguns munic\u00edpios que j\u00e1 receberam a BiblioVAN, est\u00e3o Nova Hartz, S\u00e3o Jer\u00f4nimo, Vale Real, Estrela, Soledade, Arvorezinha, Roca Sales e entre outros.<\/span><\/p>\n<div id=\"attachment_10501\" style=\"width: 649px\" class=\"wp-caption aligncenter\"><img loading=\"lazy\" decoding=\"async\" aria-describedby=\"caption-attachment-10501\" class=\" wp-image-10501\" src=\"https:\/\/wp.ufpel.edu.br\/artenosul\/files\/2022\/04\/Foto-Vivian-Domingues-Mattos-8-500x333.jpg\" alt=\"\" width=\"649\" height=\"432\" srcset=\"https:\/\/wp.ufpel.edu.br\/artenosul\/files\/2022\/04\/Foto-Vivian-Domingues-Mattos-8-500x333.jpg 500w, https:\/\/wp.ufpel.edu.br\/artenosul\/files\/2022\/04\/Foto-Vivian-Domingues-Mattos-8-300x200.jpg 300w, https:\/\/wp.ufpel.edu.br\/artenosul\/files\/2022\/04\/Foto-Vivian-Domingues-Mattos-8.jpg 675w\" sizes=\"auto, (max-width: 649px) 100vw, 649px\" \/><p id=\"caption-attachment-10501\" class=\"wp-caption-text\"><span style=\"font-family: arial, helvetica, sans-serif;\"><strong><span style=\"color: #0000ff;\">Acervo \u00e9 dispon\u00edvel para empr\u00e9stimo durante sua estada no munic\u00edpio e sax est\u00e1<\/span> <span style=\"color: #0000ff;\">a postos para shows<\/span><\/strong><\/span><\/p><\/div>\n<div id=\"attachment_10499\" style=\"width: 244px\" class=\"wp-caption alignleft\"><img loading=\"lazy\" decoding=\"async\" aria-describedby=\"caption-attachment-10499\" class=\"wp-image-10499\" src=\"https:\/\/wp.ufpel.edu.br\/artenosul\/files\/2022\/04\/Foto-Vivian-Domingues-Mattos-9B.jpg\" alt=\"\" width=\"244\" height=\"535\" \/><p id=\"caption-attachment-10499\" class=\"wp-caption-text\"><span style=\"font-family: arial, helvetica, sans-serif; color: #0000ff;\"><strong><span style=\"color: #0000ff;\">M\u00fasica \u00e9 uma das atra\u00e7\u00f5es<\/span><\/strong><\/span><\/p><\/div>\n<p style=\"text-align: justify;\"><span style=\"font-family: arial, helvetica, sans-serif;\">O per\u00edodo de funcionamento da iniciativa pela Lei j\u00e1 est\u00e1 finalizado, mas Marodin optou por dar continuidade \u00e0 biblioteca itinerante de maneira independente, vendendo obras liter\u00e1rias de sua autoria para manter custos de vida, viagem e manuten\u00e7\u00e3o do ve\u00edculo. Atualmente, o objetivo de Pedro \u00e9 visitar todos os munic\u00edpios do Rio Grande do Sul e se aposentar trabalhando no projeto.<\/span><\/p>\n<p style=\"text-align: justify;\"><span style=\"font-family: arial, helvetica, sans-serif;\">Marodin comenta que ao chegar nas cidades busca elevar o astral da comunidade, atrav\u00e9s da sua arte. \u201cA ideia \u00e9 levar a literatura, a arte, a cultura, a presen\u00e7a do escritor e o artista para as cidades pequenas, brincando com as crian\u00e7as, tocando saxofone para os velhinhos, recitando poemas de amor para os casais para fortalecer os la\u00e7os de amor da rela\u00e7\u00e3o&#8230;\u201d, disse.<\/span><\/p>\n<p style=\"text-align: justify;\"><span style=\"color: #0000ff;\"><strong><span style=\"font-family: arial, helvetica, sans-serif;\">Inspira\u00e7\u00e3o para o projeto<\/span><\/strong><\/span><\/p>\n<p style=\"text-align: justify;\"><span style=\"font-family: arial, helvetica, sans-serif;\">Em 2020, ao inscrever-se para o edital da Lei Aldir Blanc de Emerg\u00eancia Cultural, Marodin utilizou como inspira\u00e7\u00e3o a iniciativa de um amigo. Neste projeto era utilizado o recurso audiovisual, em que com uma Kombi o viajante visitava os munic\u00edpios convidando a comunidade local para assistir filmes em um cinema ao ar livre na tem\u00e1tica de \u201cN\u00e3o-Viol\u00eancia\u201d.<\/span><\/p>\n<p style=\"text-align: justify;\"><span style=\"font-family: arial, helvetica, sans-serif;\">A partir disso, o escritor implementou algo na sua \u00e1rea, optando pela arte da literatura como seu projeto.<\/span><\/p>\n<p>&nbsp;<\/p>\n<p>&nbsp;<\/p>\n<div id=\"attachment_10504\" style=\"width: 500px\" class=\"wp-caption aligncenter\"><img loading=\"lazy\" decoding=\"async\" aria-describedby=\"caption-attachment-10504\" class=\"wp-image-10504 size-medium\" src=\"https:\/\/wp.ufpel.edu.br\/artenosul\/files\/2022\/04\/Foto-Vivian-Domingues-Mattos-2-500x333.jpg\" alt=\"\" width=\"500\" height=\"333\" srcset=\"https:\/\/wp.ufpel.edu.br\/artenosul\/files\/2022\/04\/Foto-Vivian-Domingues-Mattos-2-500x333.jpg 500w, https:\/\/wp.ufpel.edu.br\/artenosul\/files\/2022\/04\/Foto-Vivian-Domingues-Mattos-2-300x200.jpg 300w, https:\/\/wp.ufpel.edu.br\/artenosul\/files\/2022\/04\/Foto-Vivian-Domingues-Mattos-2.jpg 675w\" sizes=\"auto, (max-width: 500px) 100vw, 500px\" \/><p id=\"caption-attachment-10504\" class=\"wp-caption-text\"><span style=\"font-family: arial, helvetica, sans-serif; color: #0000ff;\"><strong><span style=\"color: #0000ff;\">V\u00e1rios munic\u00edpios ga\u00fachos j\u00e1 foram contemplados com a visita<\/span><\/strong><\/span><\/p><\/div>\n<div id=\"attachment_10502\" style=\"width: 500px\" class=\"wp-caption aligncenter\"><img loading=\"lazy\" decoding=\"async\" aria-describedby=\"caption-attachment-10502\" class=\"wp-image-10502 size-medium\" src=\"https:\/\/wp.ufpel.edu.br\/artenosul\/files\/2022\/04\/Foto-Vivian-Domingues-Mattos-5-500x333.jpg\" alt=\"\" width=\"500\" height=\"333\" srcset=\"https:\/\/wp.ufpel.edu.br\/artenosul\/files\/2022\/04\/Foto-Vivian-Domingues-Mattos-5-500x333.jpg 500w, https:\/\/wp.ufpel.edu.br\/artenosul\/files\/2022\/04\/Foto-Vivian-Domingues-Mattos-5-300x200.jpg 300w, https:\/\/wp.ufpel.edu.br\/artenosul\/files\/2022\/04\/Foto-Vivian-Domingues-Mattos-5.jpg 675w\" sizes=\"auto, (max-width: 500px) 100vw, 500px\" \/><p id=\"caption-attachment-10502\" class=\"wp-caption-text\"><span style=\"font-family: arial, helvetica, sans-serif;\"><strong><span style=\"color: #0000ff;\">Disponibiliza acesso gratuito a um acervo com mais de dois mil livros<\/span><\/strong><\/span><\/p><\/div>\n<div id=\"attachment_10503\" style=\"width: 500px\" class=\"wp-caption aligncenter\"><img loading=\"lazy\" decoding=\"async\" aria-describedby=\"caption-attachment-10503\" class=\"wp-image-10503 size-medium\" src=\"https:\/\/wp.ufpel.edu.br\/artenosul\/files\/2022\/04\/Foto-Vivian-Domingues-Mattos-4-500x333.jpg\" alt=\"\" width=\"500\" height=\"333\" srcset=\"https:\/\/wp.ufpel.edu.br\/artenosul\/files\/2022\/04\/Foto-Vivian-Domingues-Mattos-4-500x333.jpg 500w, https:\/\/wp.ufpel.edu.br\/artenosul\/files\/2022\/04\/Foto-Vivian-Domingues-Mattos-4-300x200.jpg 300w, https:\/\/wp.ufpel.edu.br\/artenosul\/files\/2022\/04\/Foto-Vivian-Domingues-Mattos-4.jpg 675w\" sizes=\"auto, (max-width: 500px) 100vw, 500px\" \/><p id=\"caption-attachment-10503\" class=\"wp-caption-text\"><span style=\"font-family: arial, helvetica, sans-serif;\"><strong><span style=\"color: #0000ff;\">Objetivo \u00e9 levar leituras para todo Rio Grande do Sul<\/span><\/strong><\/span><\/p><\/div>\n<p>&nbsp;<\/p>\n<p style=\"text-align: justify;\"><span style=\"color: #0000ff;\"><strong><span style=\"font-family: arial, helvetica, sans-serif;\">Sobre Pedro Marodin<\/span><\/strong><\/span><\/p>\n<div id=\"attachment_10498\" style=\"width: 620px\" class=\"wp-caption aligncenter\"><img loading=\"lazy\" decoding=\"async\" aria-describedby=\"caption-attachment-10498\" class=\"wp-image-10498 \" src=\"https:\/\/wp.ufpel.edu.br\/artenosul\/files\/2022\/04\/images-500x333.jpeg\" alt=\"\" width=\"620\" height=\"413\" srcset=\"https:\/\/wp.ufpel.edu.br\/artenosul\/files\/2022\/04\/images-500x333.jpeg 500w, https:\/\/wp.ufpel.edu.br\/artenosul\/files\/2022\/04\/images-300x200.jpeg 300w, https:\/\/wp.ufpel.edu.br\/artenosul\/files\/2022\/04\/images.jpeg 678w\" sizes=\"auto, (max-width: 620px) 100vw, 620px\" \/><p id=\"caption-attachment-10498\" class=\"wp-caption-text\"><span style=\"font-family: arial, helvetica, sans-serif;\"><strong><span style=\"color: #0000ff;\">O escritor independente participou do grupo Cam\u00f5es Baby e tem uma obra diversificada<\/span><\/strong><\/span><span style=\"color: #0000ff;\">\u00a0<\/span><\/p><\/div>\n<p style=\"text-align: justify;\"><span style=\"font-family: arial, helvetica, sans-serif;\">Anteriormente ao projeto, Pedro participou durante cinco anos do Grupo Cam\u00f5es Baby, com apresenta\u00e7\u00f5es po\u00e9ticas e teatrais nos anos 1980.<\/span><\/p>\n<p style=\"text-align: justify;\"><span style=\"font-family: arial, helvetica, sans-serif;\">Depois dessa experi\u00eancia, a publica\u00e7\u00e3o de sua primeira obra autoral ocorreu em 1988 e, durante os 24 anos seguintes, viajou o pa\u00eds vendendo seus livros para a comunidade dos locais que visitava, em feiras de livros, sarais e \u00a0bares, entre outros.<\/span><\/p>\n<p style=\"text-align: justify;\"><span style=\"font-family: arial, helvetica, sans-serif;\">Ao todo, Pedro Marodin publicou 13 obras, sendo um escritor ecl\u00e9tico e independente, n\u00e3o possuindo uma \u00fanica linha editorial.<\/span><\/p>\n<p><a href=\"http:\/\/wp.ufpel.edu.br\/artenosul\"><span style=\"color: #0000ff; font-family: arial, helvetica, sans-serif;\"><strong>PRIMEIRA P\u00c1GINA<\/strong><\/span><\/a><\/p>\n<p><span style=\"color: #0000ff; font-family: arial, helvetica, sans-serif;\"><strong>COMENT\u00c1RIOS<\/strong><\/span><\/p>\n<p>Que legal, Vivian, puxa, ficou linda a mat\u00e9ria!!! Parab\u00e9ns!!<\/p>\n<p><strong><span style=\"color: #0000ff;\">Pedro Marodin<\/span><\/strong><\/p>\n<div data-test='contact-form'\n\t\t\tid='contact-form-10493'\n\t\t\tclass='wp-block-jetpack-contact-form-container '\n\t\t\tdata-wp-interactive='jetpack\/form' data-wp-context='{\"formId\":\"10493\",\"formHash\":\"ed0dce27545b56541ad7cbddfafcdb791c904df8\",\"showErrors\":false,\"errors\":[],\"fields\":[],\"isMultiStep\":false,\"useAjax\":true,\"submissionData\":null,\"formattedSubmissionData\":[],\"submissionSuccess\":false,\"submissionError\":null,\"elementId\":\"jp-form-ed0dce27545b56541ad7cbddfafcdb791c904df8\",\"isSingleInputForm\":false}'\n\t\t\tdata-wp-watch--scroll-to-wrapper=\"callbacks.scrollToWrapper\"\n\t\t>\n<div class=\"contact-form-submission contact-form-ajax-submission\" data-wp-class--submission-success=\"context.submissionSuccess\"><p class=\"go-back-message\"><a class=\"link\" role=\"button\" tabindex=\"0\" data-wp-on--click=\"actions.goBack\" href=\"\/artenosul\/wp-json\/wp\/v2\/posts\/10493\">Voltar<\/a><\/p><h4 id=\"contact-form-success-header\">Sua mensagem foi enviada<\/h4>\n\n<template data-wp-each--submission=\"context.formattedSubmissionData\">\n\t\t\t\t\t<div class=\"jetpack_forms_contact-form-success-summary\">\n\t\t\t\t\t\t<div class=\"field-name\" data-wp-text=\"context.submission.label\" data-wp-bind--hidden=\"!context.submission.label\"><\/div>\n\t\t\t\t\t\t<div class=\"field-value\" data-wp-text=\"context.submission.value\"><\/div>\n\t\t\t\t\t\t<div class=\"field-images\" data-wp-bind--hidden=\"!context.submission.images\">\n\t\t\t\t\t\t\t<template data-wp-each--image=\"context.submission.images\">\n\t\t\t\t\t\t\t\t<figure class=\"field-image\" data-wp-class--is-empty=\"!context.image\">\n\t\t\t\t\t\t\t\t\t<img data-wp-bind--src=\"context.image\" data-wp-bind--hidden=\"!context.image\" \/>\n\t\t\t\t\t\t\t\t\t<img decoding=\"async\" src=\"data:image\/gif;base64,R0lGODlhAQABAAD\/ACwAAAAAAQABAAACADs=\" data-wp-bind--hidden=\"context.image\" \/>\n\t\t\t\t\t\t\t\t<\/figure>\n\t\t\t\t\t\t\t<\/template>\n\t\t\t\t\t\t<\/div>\n\t\t\t\t\t<\/div>\n\t\t\t\t<\/template><\/div><form action='https:\/\/wp.ufpel.edu.br\/artenosul\/2022\/04\/17\/bibliovan-projeto-itinerante-visita-cangucu\/'\n\t\t\t\tid='jp-form-ed0dce27545b56541ad7cbddfafcdb791c904df8'\n\t\t\t\tmethod='post'\n\t\t\t\tclass='contact-form commentsblock' aria-label=\"BiblioVAN: projeto itinerante visita Cangu\u00e7u\"\n\t\t\t\tdata-wp-on--submit=\"actions.onFormSubmit\"\n\t\t\t\tdata-wp-on--reset=\"actions.onFormReset\"\n\t\t\t\tdata-wp-class--submission-success=\"context.submissionSuccess\"\n\t\t\t\tdata-wp-class--is-first-step=\"state.isFirstStep\"\n\t\t\t\tdata-wp-class--is-last-step=\"state.isLastStep\"\n\t\t\t\tdata-wp-class--is-ajax-form=\"context.useAjax\"\n\t\t\t\tnovalidate >\n<input type='hidden' name='jetpack_contact_form_jwt' value='eyJ0eXAiOiJKV1QiLCJhbGciOiJIUzI1NiJ9.eyJlbmNyeXB0ZWRfYXR0cmlidXRlcyI6IlYvR1VMZCtib2RQc3BYQm8xUEYxQm8ya0JYK2ZPajVLMWQ5Z2xETG5UR2g3SGNLYitkMDlLUnkwV25WSko1Q1ZHeUJJZm9CcWhvRU8veXdZLzlrUDRuQjJoRWdGWHVNemtSQlJ5NTlNV3ZGK0xWUnlLYTNGWXM5MndDeXNFbmRkSjVxS01aTGFIVGVockRKUThnaURxMGNJSVQvWnR1bzlUWGVycmhJYzBjM2JyM0hHeFVDV0huYk9STG9YL3hSQnVNZElHRkNDdFNMYkRpUUZOaUduNll0V0lYNytlNk8vTU5kelc4VW5mb01OR1lkNElVZnBtcGZDTG00M1hncmhPc09RaE80SEN5TThUaHlTbTRKZVZPYzg1Y3VpeE9ackxkNnBxVzFBMkVMY3QwYyt2dGpoOU92amg3d3pFZHloQkdHRXJhbmlnTFQ4TU11Z1MvTFFEQ2R1SzhuNlNpMTluUCtESDZ4azZYS2h3bHBhT2I3OU1wV2tSaWFVcTh4Rm5lQUxGMjJJSEpyOGozblNwdW9wUGxLNTBnNVpUR3VJL09Ia0ErWFhsYjM0c2wrYk5Ha1ppMk1zcGFZdTR1VjVhRWRxWEpZSjNhaVErblRMNkxyQmV3SUhOUktuNmE3azMrVDFLOERxLzBwN1J6OWVFSVZEWFVqd0UvLzVFZnAycEFyMnRVblZsYzAwTlVDL0FDWmVmQUpvSVBkakRGcWw3RWx0VitHY2JncWRDSFlUT3dGSXc2Ri9PREZKNXBVTEQvOFUvYk1xbVlHYkYxWjR1YUtraUc1aWQxd3NaTnM4cmZtZ2VxMkEwdisrdWt5T3VwQnBKVUs3VXl2R2w3SkxMZHF3VEdrdjJJSG9DWDJFeDZlcXZPU0NsSXdrVUljWnYrMU1lYjFMVDd3STFoZENKODF5d1ZQR1FsL0Y3djFyK0kwN0VRL2tldVhWcml3SXRmZC9lVzFjejUyNVhXU1lDU3czY3RZeGsvMk5keGE2UUVBOTZHaXBoYU1Ic0dDdnl6ZWlzaHlpVlRGR05BVS9qYUIva1l2VHRVNjhkZ1pmZFYyY0JEa2dZd3ZpMU9pTk53d1RhZ2Q3UDN5UTY5dGxDZjNrVkU3TjEybld5anpGVVc4c2V6OW0zZFJEUGZYK2RNVFdFTkJrRjg5Mk15OHMzVTFXVXpMb096V0pZeWVKcHMzMnFxdjE3TXVZUlU4RUR5Vjc2a0pna29sOFJOeFM1eEU9IiwiY29udGVudCI6Iltjb250YWN0LWZpZWxkIGxhYmVsPVwiTm9tZVwiIHR5cGU9XCJuYW1lXCJdW2NvbnRhY3QtZmllbGQgbGFiZWw9XCJFLW1haWxcIiB0eXBlPVwiZW1haWxcIl1bY29udGFjdC1maWVsZCBsYWJlbD1cIk1lbnNhZ2VtXCIgdHlwZT1cInRleHRhcmVhXCJdIiwiaGFzaCI6ImVkMGRjZTI3NTQ1YjU2NTQxYWQ3Y2JkZGZhZmNkYjc5MWM5MDRkZjgiLCJzb3VyY2UiOnsiZW50cnlfdGl0bGUiOiJCaWJsaW9WQU46IHByb2pldG8gaXRpbmVyYW50ZSB2aXNpdGEgQ2FuZ3VcdTAwZTd1IiwiZW50cnlfcGFnZSI6MSwic291cmNlX2lkIjoxMDQ5Mywic291cmNlX3R5cGUiOiJzaW5nbGUiLCJyZXF1ZXN0X3VybCI6Imh0dHBzOi8vd3AudWZwZWwuZWR1LmJyL2FydGVub3N1bC93cC1qc29uL3dwL3YyL3Bvc3RzLzEwNDkzIn0sInZlcnNpb24iOjIsImNpcGhlciI6ImFlcy0yNTYtZ2NtIn0.vdQTN1hPiiKAtmBSVgAUKvbd4UtML2kwelN9cJtqj2U' \/>\n\n<div style=\"\"  data-wp-interactive=\"jetpack\/form\" data-wp-context='{\"fieldId\":\"g10493-nome\",\"fieldType\":\"name\",\"fieldLabel\":\"Nome\",\"fieldValue\":\"\",\"fieldPlaceholder\":\"\",\"fieldIsRequired\":\"\",\"fieldErrorMessage\":\"\",\"fieldExtra\":[],\"formHash\":\"ed0dce27545b56541ad7cbddfafcdb791c904df8\"}'  class='grunion-field-name-wrap grunion-field-wrap'  data-wp-init='callbacks.initializeField' data-wp-on--jetpack-form-reset='callbacks.initializeField' >\n<label\n\t\t\t\tfor='g10493-nome' class=\"grunion-field-label name\" >Nome<\/label>\n<input\n\t\t\t\t\ttype='text'\n\t\t\t\t\tname='g10493-nome'\n\t\t\t\t\tid='g10493-nome'\n\t\t\t\t\tvalue=''\n\n\t\t\t\t\tdata-wp-bind--aria-invalid='state.fieldHasErrors'\n\t\t\t\t\tdata-wp-bind--value='state.getFieldValue'\n\t\t\t\t\taria-errormessage='g10493-nome-text-error-message'\n\t\t\t\t\tdata-wp-on--input='actions.onFieldChange'\n\t\t\t\t\tdata-wp-on--blur='actions.onFieldBlur'\n\t\t\t\t\tdata-wp-class--has-value='state.hasFieldValue'\n\n\t\t\t\t\tclass='name  grunion-field' \n\t\t\t\t\t \/>\n \n\t\t\t<div id=\"g10493-nome-text-error\" class=\"contact-form__input-error\" data-wp-class--has-errors=\"state.fieldHasErrors\">\n\t\t\t\t<span class=\"contact-form__warning-icon\">\n\t\t\t\t\t<svg width=\"16\" height=\"16\" viewBox=\"0 0 16 16\" fill=\"none\" xmlns=\"http:\/\/www.w3.org\/2000\/svg\">\n\t\t\t\t\t\t<path d=\"M8.50015 11.6402H7.50015V10.6402H8.50015V11.6402Z\" \/>\n\t\t\t\t\t\t<path d=\"M7.50015 9.64018H8.50015V6.30684H7.50015V9.64018Z\" \/>\n\t\t\t\t\t\t<path fill-rule=\"evenodd\" clip-rule=\"evenodd\" d=\"M6.98331 3.0947C7.42933 2.30177 8.57096 2.30177 9.01698 3.09469L13.8771 11.7349C14.3145 12.5126 13.7525 13.4735 12.8602 13.4735H3.14004C2.24774 13.4735 1.68575 12.5126 2.12321 11.7349L6.98331 3.0947ZM8.14541 3.58496C8.08169 3.47168 7.9186 3.47168 7.85488 3.58496L2.99478 12.2251C2.93229 12.3362 3.01257 12.4735 3.14004 12.4735H12.8602C12.9877 12.4735 13.068 12.3362 13.0055 12.2251L8.14541 3.58496Z\" \/>\n\t\t\t\t\t<\/svg>\n\t\t\t\t\t<span class=\"visually-hidden\">Aviso<\/span>\n\t\t\t\t<\/span>\n\t\t\t\t<span data-wp-text=\"state.errorMessage\" id=\"g10493-nome-text-error-message\" role=\"alert\" aria-live=\"assertive\"><\/span>\n\t\t\t<\/div> \n\t<\/div>\n\n<div style=\"\"  data-wp-interactive=\"jetpack\/form\" data-wp-context='{\"fieldId\":\"g10493-email\",\"fieldType\":\"email\",\"fieldLabel\":\"E-mail\",\"fieldValue\":\"\",\"fieldPlaceholder\":\"\",\"fieldIsRequired\":\"\",\"fieldErrorMessage\":\"\",\"fieldExtra\":[],\"formHash\":\"ed0dce27545b56541ad7cbddfafcdb791c904df8\"}'  class='grunion-field-email-wrap grunion-field-wrap'  data-wp-init='callbacks.initializeField' data-wp-on--jetpack-form-reset='callbacks.initializeField' >\n<label\n\t\t\t\tfor='g10493-email' class=\"grunion-field-label email\" >E-mail<\/label>\n<input\n\t\t\t\t\ttype='email'\n\t\t\t\t\tname='g10493-email'\n\t\t\t\t\tid='g10493-email'\n\t\t\t\t\tvalue=''\n\n\t\t\t\t\tdata-wp-bind--aria-invalid='state.fieldHasErrors'\n\t\t\t\t\tdata-wp-bind--value='state.getFieldValue'\n\t\t\t\t\taria-errormessage='g10493-email-email-error-message'\n\t\t\t\t\tdata-wp-on--input='actions.onFieldChange'\n\t\t\t\t\tdata-wp-on--blur='actions.onFieldBlur'\n\t\t\t\t\tdata-wp-class--has-value='state.hasFieldValue'\n\n\t\t\t\t\tclass='email  grunion-field' \n\t\t\t\t\t \/>\n \n\t\t\t<div id=\"g10493-email-email-error\" class=\"contact-form__input-error\" data-wp-class--has-errors=\"state.fieldHasErrors\">\n\t\t\t\t<span class=\"contact-form__warning-icon\">\n\t\t\t\t\t<svg width=\"16\" height=\"16\" viewBox=\"0 0 16 16\" fill=\"none\" xmlns=\"http:\/\/www.w3.org\/2000\/svg\">\n\t\t\t\t\t\t<path d=\"M8.50015 11.6402H7.50015V10.6402H8.50015V11.6402Z\" \/>\n\t\t\t\t\t\t<path d=\"M7.50015 9.64018H8.50015V6.30684H7.50015V9.64018Z\" \/>\n\t\t\t\t\t\t<path fill-rule=\"evenodd\" clip-rule=\"evenodd\" d=\"M6.98331 3.0947C7.42933 2.30177 8.57096 2.30177 9.01698 3.09469L13.8771 11.7349C14.3145 12.5126 13.7525 13.4735 12.8602 13.4735H3.14004C2.24774 13.4735 1.68575 12.5126 2.12321 11.7349L6.98331 3.0947ZM8.14541 3.58496C8.08169 3.47168 7.9186 3.47168 7.85488 3.58496L2.99478 12.2251C2.93229 12.3362 3.01257 12.4735 3.14004 12.4735H12.8602C12.9877 12.4735 13.068 12.3362 13.0055 12.2251L8.14541 3.58496Z\" \/>\n\t\t\t\t\t<\/svg>\n\t\t\t\t\t<span class=\"visually-hidden\">Aviso<\/span>\n\t\t\t\t<\/span>\n\t\t\t\t<span data-wp-text=\"state.errorMessage\" id=\"g10493-email-email-error-message\" role=\"alert\" aria-live=\"assertive\"><\/span>\n\t\t\t<\/div> \n\t<\/div>\n\n<div style=\"\"  data-wp-interactive=\"jetpack\/form\" data-wp-context='{\"fieldId\":\"g10493-mensagem\",\"fieldType\":\"textarea\",\"fieldLabel\":\"Mensagem\",\"fieldValue\":\"\",\"fieldPlaceholder\":\"\",\"fieldIsRequired\":\"\",\"fieldErrorMessage\":\"\",\"fieldExtra\":[],\"formHash\":\"ed0dce27545b56541ad7cbddfafcdb791c904df8\"}'  class='grunion-field-textarea-wrap grunion-field-wrap'  data-wp-init='callbacks.initializeField' data-wp-on--jetpack-form-reset='callbacks.initializeField' >\n<label\n\t\t\t\tfor='contact-form-comment-g10493-mensagem' class=\"grunion-field-label textarea\" >Mensagem<\/label>\n<textarea\n\t\t                style=''\n\t\t                name='g10493-mensagem'\n\t\t                id='contact-form-comment-g10493-mensagem'\n\t\t                rows='20'\n\t\t\t\t\t\tdata-wp-text='state.getFieldValue'\n\t\t\t\t\t\tdata-wp-on--input='actions.onFieldChange'\n\t\t\t\t\t\tdata-wp-on--blur='actions.onFieldBlur'\n\t\t\t\t\t\tdata-wp-class--has-value='state.hasFieldValue'\n\t\t\t\t\t\tdata-wp-bind--aria-invalid='state.fieldHasErrors'\n\t\t\t\t\t\taria-errormessage='g10493-mensagem-textarea-error-message'\n\t\t\t\t\t\tclass='textarea  grunion-field'  ><\/textarea>\n \n\t\t\t<div id=\"g10493-mensagem-textarea-error\" class=\"contact-form__input-error\" data-wp-class--has-errors=\"state.fieldHasErrors\">\n\t\t\t\t<span class=\"contact-form__warning-icon\">\n\t\t\t\t\t<svg width=\"16\" height=\"16\" viewBox=\"0 0 16 16\" fill=\"none\" xmlns=\"http:\/\/www.w3.org\/2000\/svg\">\n\t\t\t\t\t\t<path d=\"M8.50015 11.6402H7.50015V10.6402H8.50015V11.6402Z\" \/>\n\t\t\t\t\t\t<path d=\"M7.50015 9.64018H8.50015V6.30684H7.50015V9.64018Z\" \/>\n\t\t\t\t\t\t<path fill-rule=\"evenodd\" clip-rule=\"evenodd\" d=\"M6.98331 3.0947C7.42933 2.30177 8.57096 2.30177 9.01698 3.09469L13.8771 11.7349C14.3145 12.5126 13.7525 13.4735 12.8602 13.4735H3.14004C2.24774 13.4735 1.68575 12.5126 2.12321 11.7349L6.98331 3.0947ZM8.14541 3.58496C8.08169 3.47168 7.9186 3.47168 7.85488 3.58496L2.99478 12.2251C2.93229 12.3362 3.01257 12.4735 3.14004 12.4735H12.8602C12.9877 12.4735 13.068 12.3362 13.0055 12.2251L8.14541 3.58496Z\" \/>\n\t\t\t\t\t<\/svg>\n\t\t\t\t\t<span class=\"visually-hidden\">Aviso<\/span>\n\t\t\t\t<\/span>\n\t\t\t\t<span data-wp-text=\"state.errorMessage\" id=\"g10493-mensagem-textarea-error-message\" role=\"alert\" aria-live=\"assertive\"><\/span>\n\t\t\t<\/div>\n\t<\/div>\n\t<p class='contact-submit'>\n<div class=\"contact-form__error\" data-wp-class--show-errors=\"state.showFormErrors\"><span class=\"contact-form__warning-icon\"><span class=\"visually-hidden\">Aten\u00e7\u00e3o.<\/span><i aria-hidden=\"true\"><\/i><\/span>\n\t\t\t\t<span data-wp-text=\"state.getFormErrorMessage\"><\/span>\n\t\t\t\t<ul>\n\t\t\t\t<template data-wp-each=\"state.getErrorList\" data-wp-key=\"context.item.id\">\n\t\t\t\t\t<li><a data-wp-bind--href=\"context.item.anchor\" data-wp-on--click=\"actions.scrollIntoView\" data-wp-text=\"context.item.label\"><\/a><\/li>\n\t\t\t\t<\/template>\n\t\t\t\t<\/ul><\/div><div class=\"contact-form__error\" data-wp-class--show-errors=\"state.showSubmissionError\" data-wp-text=\"context.submissionError\"><\/div>\t\t<button type='submit' class='pushbutton-wide'>Enviar<\/button>\t\t<input type='hidden' name='contact-form-id' value='10493' \/>\n\t\t<input type='hidden' name='action' value='grunion-contact-form' \/>\n\t\t<input type='hidden' name='contact-form-hash' value='ed0dce27545b56541ad7cbddfafcdb791c904df8' \/>\n\t<\/p>\n<p style=\"display: none !important;\" class=\"akismet-fields-container\" data-prefix=\"ak_\"><label>&#916;<textarea name=\"ak_hp_textarea\" cols=\"45\" rows=\"8\" maxlength=\"100\"><\/textarea><\/label><input type=\"hidden\" id=\"ak_js_1\" name=\"ak_js\" value=\"127\"\/><script>document.getElementById( \"ak_js_1\" ).setAttribute( \"value\", ( new Date() ).getTime() );<\/script><\/p><\/form>\n<\/div>\n<p>&nbsp;<\/p>\n","protected":false},"excerpt":{"rendered":"<p>Por Vivian Domingues Mattos\u00a0 \u00a0 \u00a0 O poeta Pedro Marodin est\u00e1 transitando todo o Estado com a sua biblioteca Transportando cultura sobre quatro rodas, o projeto BiblioVAN do poeta e escritor Pedro Marodin, viaja entre cidades brasileiras levando literatura e arte. A iniciativa foi contemplada pela Lei Aldir Blanc de apoio \u00e0 cultura e agora &hellip; <\/p>\n<p><a class=\"more-link btn\" href=\"https:\/\/wp.ufpel.edu.br\/artenosul\/2022\/04\/17\/bibliovan-projeto-itinerante-visita-cangucu\/\">Continue lendo<\/a><\/p>\n","protected":false},"author":571,"featured_media":10497,"comment_status":"closed","ping_status":"closed","sticky":false,"template":"","format":"standard","meta":{"jetpack_post_was_ever_published":false,"_jetpack_newsletter_access":"","_jetpack_dont_email_post_to_subs":false,"_jetpack_newsletter_tier_id":0,"_jetpack_memberships_contains_paywalled_content":false,"_jetpack_memberships_contains_paid_content":false,"footnotes":"","jetpack_publicize_message":"","jetpack_publicize_feature_enabled":true,"jetpack_social_post_already_shared":true,"jetpack_social_options":{"image_generator_settings":{"template":"highway","default_image_id":0,"font":"","enabled":false},"version":2}},"categories":[83,1],"tags":[1419,936,86,1417,250,1418],"class_list":["post-10493","post","type-post","status-publish","format-standard","has-post-thumbnail","hentry","category-literatura","category-noticias","tag-bibliovan","tag-cangucu","tag-literatura","tag-pedro-marodin","tag-poesia","tag-vivian-domingues-mattos","nodate","item-wrap"],"jetpack_publicize_connections":[],"jetpack_featured_media_url":"https:\/\/wp.ufpel.edu.br\/artenosul\/files\/2022\/04\/Foto-Vivian-Domingues-Mattos-9.jpg","jetpack_sharing_enabled":true,"jetpack_likes_enabled":true,"jetpack_shortlink":"https:\/\/wp.me\/p6PuxQ-2Jf","jetpack-related-posts":[{"id":11776,"url":"https:\/\/wp.ufpel.edu.br\/artenosul\/2022\/05\/20\/luiz-geraldo-telesca-lanca-livro-de-poemas-parnasianos\/","url_meta":{"origin":10493,"position":0},"title":"Luiz Geraldo Telesca lan\u00e7a livro de poemas parnasianos","author":"artenosul","date":"20 de maio de 2022","format":false,"excerpt":"Por Vivian Domingues Mattos\u00a0 \u00a0 \u00a0\u00a0 Escritor cangu\u00e7uense cria versos que seguem caracter\u00edsticas r\u00edtmicas e harm\u00f4nicas do movimento liter\u00e1rio do s\u00e9culo XIX Apresentando uma obra liter\u00e1ria com o uso estruturado e harmonioso das palavras, o escritor e advogado cangu\u00e7uense, Luiz Geraldo Telesca Mota, lan\u00e7a seu novo livro intitulado \u201cAchados Po\u00e9ticos\u2026","rel":"","context":"Em &quot;LITERATURA&quot;","block_context":{"text":"LITERATURA","link":"https:\/\/wp.ufpel.edu.br\/artenosul\/category\/literatura\/"},"img":{"alt_text":"","src":"https:\/\/i0.wp.com\/wp.ufpel.edu.br\/artenosul\/files\/2022\/05\/Luiz-Geraldo-Telescab.jpeg?resize=350%2C200&ssl=1","width":350,"height":200,"srcset":"https:\/\/i0.wp.com\/wp.ufpel.edu.br\/artenosul\/files\/2022\/05\/Luiz-Geraldo-Telescab.jpeg?resize=350%2C200&ssl=1 1x, https:\/\/i0.wp.com\/wp.ufpel.edu.br\/artenosul\/files\/2022\/05\/Luiz-Geraldo-Telescab.jpeg?resize=525%2C300&ssl=1 1.5x, https:\/\/i0.wp.com\/wp.ufpel.edu.br\/artenosul\/files\/2022\/05\/Luiz-Geraldo-Telescab.jpeg?resize=700%2C400&ssl=1 2x"},"classes":[]},{"id":12641,"url":"https:\/\/wp.ufpel.edu.br\/artenosul\/2022\/09\/22\/grupo-cangucuense-fomenta-cultura-atraves-de-dancas-folcloricas\/","url_meta":{"origin":10493,"position":1},"title":"Grupo cangu\u00e7uense fomenta cultura atrav\u00e9s de dan\u00e7as folcl\u00f3ricas","author":"artenosul","date":"22 de setembro de 2022","format":false,"excerpt":"Ideia \u00e9 manifestar tradi\u00e7\u00e3o de diversas origens com integrantes de v\u00e1rias faixas de idade\u00a0\u00a0\u00a0\u00a0 Por Vivian Domingues Mattos\u00a0\u00a0\u00a0 \u00a0 Vinculado \u00e0 Associa\u00e7\u00e3o Cultural Gramado, o Grupo de Dan\u00e7as Folcl\u00f3ricas Bauernkreis atua em Cangu\u00e7u, no Rio Grande do Sul, realizando manifesta\u00e7\u00f5es art\u00edsticas que carregam elementos que percorrem as culturas alem\u00e3, pomerana,\u2026","rel":"","context":"Em &quot;COMUNIDADE&quot;","block_context":{"text":"COMUNIDADE","link":"https:\/\/wp.ufpel.edu.br\/artenosul\/category\/comunidade\/"},"img":{"alt_text":"","src":"https:\/\/i0.wp.com\/wp.ufpel.edu.br\/artenosul\/files\/2022\/09\/WhatsApp-Image-2022-09-05-at-13.14.20.jpeg?resize=350%2C200&ssl=1","width":350,"height":200,"srcset":"https:\/\/i0.wp.com\/wp.ufpel.edu.br\/artenosul\/files\/2022\/09\/WhatsApp-Image-2022-09-05-at-13.14.20.jpeg?resize=350%2C200&ssl=1 1x, https:\/\/i0.wp.com\/wp.ufpel.edu.br\/artenosul\/files\/2022\/09\/WhatsApp-Image-2022-09-05-at-13.14.20.jpeg?resize=525%2C300&ssl=1 1.5x, https:\/\/i0.wp.com\/wp.ufpel.edu.br\/artenosul\/files\/2022\/09\/WhatsApp-Image-2022-09-05-at-13.14.20.jpeg?resize=700%2C400&ssl=1 2x, https:\/\/i0.wp.com\/wp.ufpel.edu.br\/artenosul\/files\/2022\/09\/WhatsApp-Image-2022-09-05-at-13.14.20.jpeg?resize=1050%2C600&ssl=1 3x, https:\/\/i0.wp.com\/wp.ufpel.edu.br\/artenosul\/files\/2022\/09\/WhatsApp-Image-2022-09-05-at-13.14.20.jpeg?resize=1400%2C800&ssl=1 4x"},"classes":[]},{"id":12845,"url":"https:\/\/wp.ufpel.edu.br\/artenosul\/2022\/10\/19\/joyland-misterio-sobre-um-crime-silencioso\/","url_meta":{"origin":10493,"position":2},"title":"Joyland: Mist\u00e9rio sobre um crime silencioso","author":"artenosul","date":"19 de outubro de 2022","format":false,"excerpt":"Uma hist\u00f3ria envolvente de jovem apaixonado em parque de divers\u00f5es assombrado\u00a0 \u00a0 \u00a0\u00a0 Vivian Domingues Mattos\u00a0 \u00a0 \u00a0 O ano era 1973, um jovem na Carolina do Norte, ap\u00f3s passar por uma desilus\u00e3o amorosa, precisa de uma mudan\u00e7a de vida e decide come\u00e7ar um emprego tempor\u00e1rio no parque de divers\u00f5es\u2026","rel":"","context":"Em &quot;LITERATURA&quot;","block_context":{"text":"LITERATURA","link":"https:\/\/wp.ufpel.edu.br\/artenosul\/category\/literatura\/"},"img":{"alt_text":"","src":"https:\/\/i0.wp.com\/wp.ufpel.edu.br\/artenosul\/files\/2022\/10\/20221011_102930-scaled.jpg?resize=350%2C200&ssl=1","width":350,"height":200,"srcset":"https:\/\/i0.wp.com\/wp.ufpel.edu.br\/artenosul\/files\/2022\/10\/20221011_102930-scaled.jpg?resize=350%2C200&ssl=1 1x, https:\/\/i0.wp.com\/wp.ufpel.edu.br\/artenosul\/files\/2022\/10\/20221011_102930-scaled.jpg?resize=525%2C300&ssl=1 1.5x, https:\/\/i0.wp.com\/wp.ufpel.edu.br\/artenosul\/files\/2022\/10\/20221011_102930-scaled.jpg?resize=700%2C400&ssl=1 2x, https:\/\/i0.wp.com\/wp.ufpel.edu.br\/artenosul\/files\/2022\/10\/20221011_102930-scaled.jpg?resize=1050%2C600&ssl=1 3x, https:\/\/i0.wp.com\/wp.ufpel.edu.br\/artenosul\/files\/2022\/10\/20221011_102930-scaled.jpg?resize=1400%2C800&ssl=1 4x"},"classes":[]},{"id":11882,"url":"https:\/\/wp.ufpel.edu.br\/artenosul\/2022\/06\/07\/a-volta-aos-tablados-nos-ctgs\/","url_meta":{"origin":10493,"position":3},"title":"A volta aos tablados nos CTG&#8217;s","author":"artenosul","date":"7 de junho de 2022","format":false,"excerpt":"Por Vivian Domingues Mattos\u00a0 \u00a0 A retomada das dan\u00e7as nos Centros de Tradi\u00e7\u00e3o Ga\u00facha cangu\u00e7uenses no p\u00f3s-pandemia A integra\u00e7\u00e3o e o contato entre colegas, presenciado nas dan\u00e7as tradicionalistas dos Centros de Tradi\u00e7\u00f5es Ga\u00fachas (CTG\u2019s) do Rio Grande do Sul, esteve paralisado temporariamente pela pandemia de Covid-19. Agora, ap\u00f3s as flexibiliza\u00e7\u00f5es\u2026","rel":"","context":"Em &quot;COMUNIDADE&quot;","block_context":{"text":"COMUNIDADE","link":"https:\/\/wp.ufpel.edu.br\/artenosul\/category\/comunidade\/"},"img":{"alt_text":"","src":"https:\/\/i0.wp.com\/wp.ufpel.edu.br\/artenosul\/files\/2022\/06\/CTG-Joaquim-Paulo-de-Freitas-2c.jpg?resize=350%2C200&ssl=1","width":350,"height":200,"srcset":"https:\/\/i0.wp.com\/wp.ufpel.edu.br\/artenosul\/files\/2022\/06\/CTG-Joaquim-Paulo-de-Freitas-2c.jpg?resize=350%2C200&ssl=1 1x, https:\/\/i0.wp.com\/wp.ufpel.edu.br\/artenosul\/files\/2022\/06\/CTG-Joaquim-Paulo-de-Freitas-2c.jpg?resize=525%2C300&ssl=1 1.5x"},"classes":[]},{"id":8905,"url":"https:\/\/wp.ufpel.edu.br\/artenosul\/2020\/11\/25\/lei-aldir-blanc-auxilia-produtores-culturais-em-cangucu\/","url_meta":{"origin":10493,"position":4},"title":"Lei Aldir Blanc auxilia produtores culturais em Cangu\u00e7u","author":"artenosul","date":"25 de novembro de 2020","format":false,"excerpt":"J\u00e9ssica Griep Timm Governo federal garante repasses em meio \u00e0 pandemia do Coronav\u00edrus Criada em 2020, a Lei de Emerg\u00eancia Cultural Aldir Blanc estabelece a\u00e7\u00f5es de assist\u00eancia ao setor de cultura durante o decreto de estado de calamidade p\u00fablica da Uni\u00e3o em meio a pandemia do Coronav\u00edrus, visando garantir uma\u2026","rel":"","context":"Em &quot;COMUNIDADE&quot;","block_context":{"text":"COMUNIDADE","link":"https:\/\/wp.ufpel.edu.br\/artenosul\/category\/comunidade\/"},"img":{"alt_text":"","src":"https:\/\/i0.wp.com\/wp.ufpel.edu.br\/artenosul\/files\/2020\/11\/Imagem1-7.jpg?resize=350%2C200&ssl=1","width":350,"height":200,"srcset":"https:\/\/i0.wp.com\/wp.ufpel.edu.br\/artenosul\/files\/2020\/11\/Imagem1-7.jpg?resize=350%2C200&ssl=1 1x, https:\/\/i0.wp.com\/wp.ufpel.edu.br\/artenosul\/files\/2020\/11\/Imagem1-7.jpg?resize=525%2C300&ssl=1 1.5x"},"classes":[]},{"id":8412,"url":"https:\/\/wp.ufpel.edu.br\/artenosul\/2019\/10\/13\/a-arte-de-ser-artista-em-cangucu\/","url_meta":{"origin":10493,"position":5},"title":"A arte de ser artista em Cangu\u00e7u","author":"artenosul","date":"13 de outubro de 2019","format":false,"excerpt":"Por Liziane Stoelben Rodrigues Cangu\u00e7u \u00e9 uma cidade ga\u00facha localizada no sul do estado do Rio Grande do Sul. Continua sendo um munic\u00edpio pequeno, mas tem muito a dizer sobre suas peculiaridades, al\u00e9m das suas belezas naturais. A cidade leva hoje o t\u00edtulo de Capital Nacional da Agricultura Familiar e\u2026","rel":"","context":"Em &quot;COMUNIDADE&quot;","block_context":{"text":"COMUNIDADE","link":"https:\/\/wp.ufpel.edu.br\/artenosul\/category\/comunidade\/"},"img":{"alt_text":"","src":"https:\/\/i0.wp.com\/wp.ufpel.edu.br\/artenosul\/files\/2019\/10\/2-4.jpg?resize=350%2C200&ssl=1","width":350,"height":200,"srcset":"https:\/\/i0.wp.com\/wp.ufpel.edu.br\/artenosul\/files\/2019\/10\/2-4.jpg?resize=350%2C200&ssl=1 1x, https:\/\/i0.wp.com\/wp.ufpel.edu.br\/artenosul\/files\/2019\/10\/2-4.jpg?resize=525%2C300&ssl=1 1.5x, https:\/\/i0.wp.com\/wp.ufpel.edu.br\/artenosul\/files\/2019\/10\/2-4.jpg?resize=700%2C400&ssl=1 2x"},"classes":[]}],"_links":{"self":[{"href":"https:\/\/wp.ufpel.edu.br\/artenosul\/wp-json\/wp\/v2\/posts\/10493","targetHints":{"allow":["GET"]}}],"collection":[{"href":"https:\/\/wp.ufpel.edu.br\/artenosul\/wp-json\/wp\/v2\/posts"}],"about":[{"href":"https:\/\/wp.ufpel.edu.br\/artenosul\/wp-json\/wp\/v2\/types\/post"}],"author":[{"embeddable":true,"href":"https:\/\/wp.ufpel.edu.br\/artenosul\/wp-json\/wp\/v2\/users\/571"}],"replies":[{"embeddable":true,"href":"https:\/\/wp.ufpel.edu.br\/artenosul\/wp-json\/wp\/v2\/comments?post=10493"}],"version-history":[{"count":9,"href":"https:\/\/wp.ufpel.edu.br\/artenosul\/wp-json\/wp\/v2\/posts\/10493\/revisions"}],"predecessor-version":[{"id":10510,"href":"https:\/\/wp.ufpel.edu.br\/artenosul\/wp-json\/wp\/v2\/posts\/10493\/revisions\/10510"}],"wp:featuredmedia":[{"embeddable":true,"href":"https:\/\/wp.ufpel.edu.br\/artenosul\/wp-json\/wp\/v2\/media\/10497"}],"wp:attachment":[{"href":"https:\/\/wp.ufpel.edu.br\/artenosul\/wp-json\/wp\/v2\/media?parent=10493"}],"wp:term":[{"taxonomy":"category","embeddable":true,"href":"https:\/\/wp.ufpel.edu.br\/artenosul\/wp-json\/wp\/v2\/categories?post=10493"},{"taxonomy":"post_tag","embeddable":true,"href":"https:\/\/wp.ufpel.edu.br\/artenosul\/wp-json\/wp\/v2\/tags?post=10493"}],"curies":[{"name":"wp","href":"https:\/\/api.w.org\/{rel}","templated":true}]}}