{"id":10476,"date":"2022-04-17T12:43:45","date_gmt":"2022-04-17T15:43:45","guid":{"rendered":"https:\/\/wp.ufpel.edu.br\/artenosul\/?p=10476"},"modified":"2022-04-17T12:43:45","modified_gmt":"2022-04-17T15:43:45","slug":"museu-afro-brasil-sul-comemora-dois-anos","status":"publish","type":"post","link":"https:\/\/wp.ufpel.edu.br\/artenosul\/2022\/04\/17\/museu-afro-brasil-sul-comemora-dois-anos\/","title":{"rendered":"Museu Afro Brasil Sul comemora dois anos"},"content":{"rendered":"<p style=\"text-align: right;\"><span style=\"color: #000080;\"><strong><em><span style=\"font-family: arial, helvetica, sans-serif;\">Por Elena Bom Reis Abreu dos Santos\u00a0 \u00a0 \u00a0<\/span><\/em><\/strong><\/span><\/p>\n<p style=\"text-align: center;\"><span style=\"color: #000080;\"><strong><em><span style=\"font-family: arial, helvetica, sans-serif;\">O \u00a0MABSul foi criado em 2020 e tem relev\u00e2ncia para toda a regi\u00e3o<\/span><\/em><\/strong><\/span><\/p>\n<p style=\"text-align: justify;\"><span style=\"font-family: arial, helvetica, sans-serif;\">O MABSul (O Museu Afro Brasil Sul), nasceu do sonho do desejo de mudan\u00e7as na estrutura social da popula\u00e7\u00e3o negra, n\u00e3o s\u00f3 da cidade de Pelotas, mas de toda regi\u00e3o Sul do pa\u00eds. O museu j\u00e1 existe h\u00e1 dois anos e foi fundado em mar\u00e7o de 2020. Surgiu junto com as dificuldades da pandemia, e se adequou ao mundo virtual, pois a equipe conta com uma equipe de 50 pessoas e que n\u00e3o residem na mesma cidade.<\/span><\/p>\n<p><img loading=\"lazy\" decoding=\"async\" class=\"size-full wp-image-10481 alignleft\" src=\"https:\/\/wp.ufpel.edu.br\/artenosul\/files\/2022\/04\/Imagem4.png\" alt=\"\" width=\"156\" height=\"156\" \/><\/p>\n<p style=\"text-align: justify;\"><span style=\"font-family: arial, helvetica, sans-serif;\">A grande import\u00e2ncia do Museu Afro Brasil Sul (Mabsul) est\u00e1 em conferir a visibilidade n\u00e3o s\u00f3 aos negros, mas \u00e0 sua hist\u00f3ria, e \u00e0s leis que os amparam. \u00a0A Lei 10.639\/11645, por exemplo, estipula o ensino da Hist\u00f3ria da \u00c1frica e da Cultura afro-brasileira nos sistemas de ensino e requer uma tomada de conscientiza\u00e7\u00e3o coletiva.<\/span><\/p>\n<p style=\"text-align: justify;\"><span style=\"font-family: arial, helvetica, sans-serif;\">\u201cA miss\u00e3o do MABSul \u00e9 identificar, preservar, divulgar amplamente e tornar acess\u00edvel em meio digital o patrim\u00f4nio cultural material e imaterial pertencentes \u00e0 regi\u00e3o Sul do Brasil, presente nas express\u00f5es e manifesta\u00e7\u00f5es culturais afro-brasileiras. Tendo inclusive, seu regimento j\u00e1 aprovado pelo Consun (Conselho Universit\u00e1rio)\u201d, diz Jocelem Mariza Soares Fernandes, coordenadora adjunta do Museu Afro-Brasil-Sul.<\/span><\/p>\n<p><img loading=\"lazy\" decoding=\"async\" class=\"size-full wp-image-10484 alignright\" src=\"https:\/\/wp.ufpel.edu.br\/artenosul\/files\/2022\/04\/Imagem7.png\" alt=\"\" width=\"158\" height=\"158\" \/><\/p>\n<p><img loading=\"lazy\" decoding=\"async\" class=\"size-full wp-image-10482 alignright\" src=\"https:\/\/wp.ufpel.edu.br\/artenosul\/files\/2022\/04\/Imagem5.png\" alt=\"\" width=\"156\" height=\"156\" \/><\/p>\n<p style=\"text-align: justify;\"><span style=\"font-family: arial, helvetica, sans-serif;\">Com o uso das redes sociais, a proposta \u00e9 atingir o maior n\u00famero poss\u00edvel de pessoas para que conhe\u00e7am a hist\u00f3ria negra do Sul do pa\u00eds, que constitui um patrim\u00f4nio imaterial digno de estar em um museu.<\/span><\/p>\n<p style=\"text-align: justify;\"><span style=\"font-family: arial, helvetica, sans-serif;\">Recentemente o Museu Afro Brasil Sul (MARSul), recebeu uma doa\u00e7\u00e3o de grande import\u00e2ncia da Ecosul (Empresa Concession\u00e1ria de Rodovias do Sul S.A.). Esse recurso foi destinado para a compra de equipamentos eletr\u00f4nicos de primeira linha, que j\u00e1 est\u00e3o possibilitando um trabalho de produ\u00e7\u00e3o intelectual sobre a cultura negra do Sul do Brasil de mais qualidade.<\/span><\/p>\n<div id=\"attachment_10480\" style=\"width: 453px\" class=\"wp-caption aligncenter\"><img loading=\"lazy\" decoding=\"async\" aria-describedby=\"caption-attachment-10480\" class=\" wp-image-10480\" src=\"https:\/\/wp.ufpel.edu.br\/artenosul\/files\/2022\/04\/Imagem3b.jpg\" alt=\"\" width=\"453\" height=\"230\" srcset=\"https:\/\/wp.ufpel.edu.br\/artenosul\/files\/2022\/04\/Imagem3b.jpg 370w, https:\/\/wp.ufpel.edu.br\/artenosul\/files\/2022\/04\/Imagem3b-300x152.jpg 300w\" sizes=\"auto, (max-width: 453px) 100vw, 453px\" \/><p id=\"caption-attachment-10480\" class=\"wp-caption-text\"><span style=\"color: #0000ff;\"><strong><span style=\"font-family: arial, helvetica, sans-serif;\"><span style=\"color: #0000ff;\">Equipe do Museu reuniu-se para celebrar o apoio<\/span> <span style=\"color: #0000ff;\">da empresa Ecosul<\/span><\/span><\/strong><\/span><\/p><\/div>\n<p style=\"text-align: justify;\"><span style=\"font-family: arial, helvetica, sans-serif;\">Com o uso das redes sociais, a proposta \u00e9 atingir o maior n\u00famero poss\u00edvel de pessoas para que conhe\u00e7am a hist\u00f3ria negra do Sul do pa\u00eds, que constitui um patrim\u00f4nio imaterial digno de estar em um museu. A institui\u00e7\u00e3o pesquisa a hist\u00f3ria negra do Sul do pa\u00eds, perpassando todas as \u00e1reas culturais e valorizando os festejos religiosos, a culin\u00e1ria, o associativismo, personalidades, educa\u00e7\u00e3o, quilombismo e clubes negros. As imagens apresentadas t\u00eam origem nos estados do Rio Grande do Sul, Santa Catarina e Paran\u00e1.<\/span><\/p>\n<p style=\"text-align: justify;\"><span style=\"font-family: arial, helvetica, sans-serif;\"><img loading=\"lazy\" decoding=\"async\" class=\"size-full wp-image-10485 alignleft\" src=\"https:\/\/wp.ufpel.edu.br\/artenosul\/files\/2022\/04\/Imagem8.png\" alt=\"\" width=\"157\" height=\"157\" \/><\/span><\/p>\n<p><img loading=\"lazy\" decoding=\"async\" class=\"size-full wp-image-10483 alignleft\" src=\"https:\/\/wp.ufpel.edu.br\/artenosul\/files\/2022\/04\/Imagem6.png\" alt=\"\" width=\"156\" height=\"156\" \/><\/p>\n<p style=\"text-align: justify;\"><span style=\"font-family: arial, helvetica, sans-serif;\">As exposi\u00e7\u00f5es do acervo est\u00e3o sendo lan\u00e7adas mensalmente. A mais recente foi a <a href=\"https:\/\/www.instagram.com\/museuafrobrasilsul\/\" target=\"_blank\" rel=\"noopener\">cole\u00e7\u00e3o \u201cCarnaval\u201d, apresentada no Instagram.<\/a><\/span><\/p>\n<p style=\"text-align: justify;\"><a href=\"http:\/\/wp.ufpel.edu.br\/artenosul\"><span style=\"color: #0000ff;\"><strong><span style=\"font-family: arial, helvetica, sans-serif;\">PRIMEIRA P\u00c1GINA<\/span><\/strong><\/span><\/a><\/p>\n<p>&nbsp;<\/p>\n<p>&nbsp;<\/p>\n<p style=\"text-align: justify;\"><span style=\"color: #0000ff;\"><strong><span style=\"font-family: arial, helvetica, sans-serif;\">COMENT\u00c1RIOS<\/span><\/strong><\/span><\/p>\n<p>&nbsp;<\/p>\n<div data-test='contact-form'\n\t\t\tid='contact-form-10476'\n\t\t\tclass='wp-block-jetpack-contact-form-container '\n\t\t\tdata-wp-interactive='jetpack\/form' data-wp-context='{\"formId\":\"10476\",\"formHash\":\"66a6a8539cca875fff88ccc27e7bc1ff0cd84fa5\",\"showErrors\":false,\"errors\":[],\"fields\":[],\"isMultiStep\":false,\"useAjax\":true,\"submissionData\":null,\"formattedSubmissionData\":[],\"submissionSuccess\":false,\"submissionError\":null,\"elementId\":\"jp-form-66a6a8539cca875fff88ccc27e7bc1ff0cd84fa5\",\"isSingleInputForm\":false}'\n\t\t\tdata-wp-watch--scroll-to-wrapper=\"callbacks.scrollToWrapper\"\n\t\t>\n<div class=\"contact-form-submission contact-form-ajax-submission\" data-wp-class--submission-success=\"context.submissionSuccess\"><p class=\"go-back-message\"><a class=\"link\" role=\"button\" tabindex=\"0\" data-wp-on--click=\"actions.goBack\" href=\"\/artenosul\/wp-json\/wp\/v2\/posts\/10476\">Voltar<\/a><\/p><h4 id=\"contact-form-success-header\">Sua mensagem foi enviada<\/h4>\n\n<template data-wp-each--submission=\"context.formattedSubmissionData\">\n\t\t\t\t\t<div class=\"jetpack_forms_contact-form-success-summary\">\n\t\t\t\t\t\t<div class=\"field-name\" data-wp-text=\"context.submission.label\" data-wp-bind--hidden=\"!context.submission.label\"><\/div>\n\t\t\t\t\t\t<div class=\"field-value\" data-wp-text=\"context.submission.value\"><\/div>\n\t\t\t\t\t\t<div class=\"field-images\" data-wp-bind--hidden=\"!context.submission.images\">\n\t\t\t\t\t\t\t<template data-wp-each--image=\"context.submission.images\">\n\t\t\t\t\t\t\t\t<figure class=\"field-image\" data-wp-class--is-empty=\"!context.image\">\n\t\t\t\t\t\t\t\t\t<img data-wp-bind--src=\"context.image\" data-wp-bind--hidden=\"!context.image\" \/>\n\t\t\t\t\t\t\t\t\t<img decoding=\"async\" src=\"data:image\/gif;base64,R0lGODlhAQABAAD\/ACwAAAAAAQABAAACADs=\" data-wp-bind--hidden=\"context.image\" \/>\n\t\t\t\t\t\t\t\t<\/figure>\n\t\t\t\t\t\t\t<\/template>\n\t\t\t\t\t\t<\/div>\n\t\t\t\t\t<\/div>\n\t\t\t\t<\/template><\/div><form action='https:\/\/wp.ufpel.edu.br\/artenosul\/2022\/04\/17\/museu-afro-brasil-sul-comemora-dois-anos\/'\n\t\t\t\tid='jp-form-66a6a8539cca875fff88ccc27e7bc1ff0cd84fa5'\n\t\t\t\tmethod='post'\n\t\t\t\tclass='contact-form commentsblock' aria-label=\"Museu Afro Brasil Sul comemora dois anos\"\n\t\t\t\tdata-wp-on--submit=\"actions.onFormSubmit\"\n\t\t\t\tdata-wp-on--reset=\"actions.onFormReset\"\n\t\t\t\tdata-wp-class--submission-success=\"context.submissionSuccess\"\n\t\t\t\tdata-wp-class--is-first-step=\"state.isFirstStep\"\n\t\t\t\tdata-wp-class--is-last-step=\"state.isLastStep\"\n\t\t\t\tdata-wp-class--is-ajax-form=\"context.useAjax\"\n\t\t\t\tnovalidate >\n<input type='hidden' name='jetpack_contact_form_jwt' value='eyJ0eXAiOiJKV1QiLCJhbGciOiJIUzI1NiJ9.eyJlbmNyeXB0ZWRfYXR0cmlidXRlcyI6InhYeWpRUHlkbVhkQ3FzaC9TMVphWC9LKzlUYjJtdnZ6VVM4QVViOFVsMURiQWFtZFh3L0lHcUdNd0Vtd3g2NklYSTFlVUh2SC9uNGZJZTdQTEZ5WDgxNlZ2U3ZxZjdhWnh5bUhTSWdQaTArNEZOMVlpUXU0Q3haY1V6b1Nhb1JVT0FKVThrY1FzT3FXS1U4aytFakF4aVZxeVBSSkg0NWMraXVMbzJzUFdjSzZxUXhCOXQ0RHpndGVLNld5WFYrbGx2V2pLS1hjT3k2eHg4UzlFd0V3SVhFZ21qWjdjL1poT0k5aldXSisxSDNicVJneXZURmYrREpWZzI1VXgwVHNnZDE2UkU0TCtMREZuSlcvbnBhbjNzT0U1ckUwbmY5VDA3RE83MFZZTGlnUVRIM2dFWm15UGY4TUdrY1Vqc2lYZ2FIcG1JaytpZnYrYmwySVZqUXlpMDVQWVMwcURlNksxejhQWFFoSXBIbTR0VU9zZ2pwRFV4RTZxWVhpbVRtc2lsZDJZWVNBL0ViYmdsR0pjbUVrVTJxMkZiSXdLSEVCT2hyWko4eXBsY3VTdzZGNnhob0RtNUh3eHVLWlo5ZnZzeG5MS1drbUl0clRWVHdCVHQ4SlNYNlA1UXBWczVwbGgxUVdmMXFOalJWSDdwb0JqYXBUWWUvWDVSNWFQU1JncGpobWwrd3JrTEFZVzZDSjAvMll4dW8yZUhRUnlrRlUrWVdkZFRHOW1GNVdPVStsWGVLSDR6blB3Mi9xRisrRUdJYTV5emQyY1RmQWNpREtWdmdqK21lSjdEZ2FSMURWRkFIZXMrMG81UEtpOW1sZ2dZeUpsK09HWk53dm4xOXA4WmdQUXN2U3ZJS3Y4Y29WUDNMRlJIaEMzemdycndrcVMrYUJWMkJkak14N2NVVk03NHBpWkZhZ1YreWFVMCtkMFlwS2ZqSTN0ZERTbDZQTE9pMUZ5WmtnazhTaVRLTHc1RnM4VzVTMEZqVWQyZ2VZWmNVZDc5NDFzSm9ROGpVSUUxdXdqNk82Z1FHTHhmakhUM3d6dFVIYTl3RzlkZ3FJVmRYMkF6MkVpYmR1SVFHallvNGlPWkpTWno3Nm5pL3A3NjBHUkljdFUrTHh6Wnp2Y1hFOFp2QXRKa0pUbnFTRjRMOXpXM0UyRGdKU0plczZ1SGZIMitsWnl4MjVOeWdteGRCSnRPUWxsNnlOKy83cHYwbVc4UjA9IiwiY29udGVudCI6Iltjb250YWN0LWZpZWxkIGxhYmVsPVwiTm9tZVwiIHR5cGU9XCJuYW1lXCJdW2NvbnRhY3QtZmllbGQgbGFiZWw9XCJFLW1haWxcIiB0eXBlPVwiZW1haWxcIl1bY29udGFjdC1maWVsZCBsYWJlbD1cIk1lbnNhZ2VtXCIgdHlwZT1cInRleHRhcmVhXCJdIiwiaGFzaCI6IjY2YTZhODUzOWNjYTg3NWZmZjg4Y2NjMjdlN2JjMWZmMGNkODRmYTUiLCJzb3VyY2UiOnsiZW50cnlfdGl0bGUiOiJNdXNldSBBZnJvIEJyYXNpbCBTdWwgY29tZW1vcmEgZG9pcyBhbm9zIiwiZW50cnlfcGFnZSI6MSwic291cmNlX2lkIjoxMDQ3Niwic291cmNlX3R5cGUiOiJzaW5nbGUiLCJyZXF1ZXN0X3VybCI6Imh0dHBzOi8vd3AudWZwZWwuZWR1LmJyL2FydGVub3N1bC93cC1qc29uL3dwL3YyL3Bvc3RzLzEwNDc2In0sInZlcnNpb24iOjIsImNpcGhlciI6ImFlcy0yNTYtZ2NtIn0.j4TXG7MeVJJb2w18OyzzvazAyByJJNFLRg4_fvQfSBs' \/>\n\n<div style=\"\"  data-wp-interactive=\"jetpack\/form\" data-wp-context='{\"fieldId\":\"g10476-nome\",\"fieldType\":\"name\",\"fieldLabel\":\"Nome\",\"fieldValue\":\"\",\"fieldPlaceholder\":\"\",\"fieldIsRequired\":\"\",\"fieldErrorMessage\":\"\",\"fieldExtra\":[],\"formHash\":\"66a6a8539cca875fff88ccc27e7bc1ff0cd84fa5\"}'  class='grunion-field-name-wrap grunion-field-wrap'  data-wp-init='callbacks.initializeField' data-wp-on--jetpack-form-reset='callbacks.initializeField' >\n<label\n\t\t\t\tfor='g10476-nome' class=\"grunion-field-label name\" >Nome<\/label>\n<input\n\t\t\t\t\ttype='text'\n\t\t\t\t\tname='g10476-nome'\n\t\t\t\t\tid='g10476-nome'\n\t\t\t\t\tvalue=''\n\n\t\t\t\t\tdata-wp-bind--aria-invalid='state.fieldHasErrors'\n\t\t\t\t\tdata-wp-bind--value='state.getFieldValue'\n\t\t\t\t\taria-errormessage='g10476-nome-text-error-message'\n\t\t\t\t\tdata-wp-on--input='actions.onFieldChange'\n\t\t\t\t\tdata-wp-on--blur='actions.onFieldBlur'\n\t\t\t\t\tdata-wp-class--has-value='state.hasFieldValue'\n\n\t\t\t\t\tclass='name  grunion-field' \n\t\t\t\t\t \/>\n \n\t\t\t<div id=\"g10476-nome-text-error\" class=\"contact-form__input-error\" data-wp-class--has-errors=\"state.fieldHasErrors\">\n\t\t\t\t<span class=\"contact-form__warning-icon\">\n\t\t\t\t\t<svg width=\"16\" height=\"16\" viewBox=\"0 0 16 16\" fill=\"none\" xmlns=\"http:\/\/www.w3.org\/2000\/svg\">\n\t\t\t\t\t\t<path d=\"M8.50015 11.6402H7.50015V10.6402H8.50015V11.6402Z\" \/>\n\t\t\t\t\t\t<path d=\"M7.50015 9.64018H8.50015V6.30684H7.50015V9.64018Z\" \/>\n\t\t\t\t\t\t<path fill-rule=\"evenodd\" clip-rule=\"evenodd\" d=\"M6.98331 3.0947C7.42933 2.30177 8.57096 2.30177 9.01698 3.09469L13.8771 11.7349C14.3145 12.5126 13.7525 13.4735 12.8602 13.4735H3.14004C2.24774 13.4735 1.68575 12.5126 2.12321 11.7349L6.98331 3.0947ZM8.14541 3.58496C8.08169 3.47168 7.9186 3.47168 7.85488 3.58496L2.99478 12.2251C2.93229 12.3362 3.01257 12.4735 3.14004 12.4735H12.8602C12.9877 12.4735 13.068 12.3362 13.0055 12.2251L8.14541 3.58496Z\" \/>\n\t\t\t\t\t<\/svg>\n\t\t\t\t\t<span class=\"visually-hidden\">Aviso<\/span>\n\t\t\t\t<\/span>\n\t\t\t\t<span data-wp-text=\"state.errorMessage\" id=\"g10476-nome-text-error-message\" role=\"alert\" aria-live=\"assertive\"><\/span>\n\t\t\t<\/div> \n\t<\/div>\n\n<div style=\"\"  data-wp-interactive=\"jetpack\/form\" data-wp-context='{\"fieldId\":\"g10476-email\",\"fieldType\":\"email\",\"fieldLabel\":\"E-mail\",\"fieldValue\":\"\",\"fieldPlaceholder\":\"\",\"fieldIsRequired\":\"\",\"fieldErrorMessage\":\"\",\"fieldExtra\":[],\"formHash\":\"66a6a8539cca875fff88ccc27e7bc1ff0cd84fa5\"}'  class='grunion-field-email-wrap grunion-field-wrap'  data-wp-init='callbacks.initializeField' data-wp-on--jetpack-form-reset='callbacks.initializeField' >\n<label\n\t\t\t\tfor='g10476-email' class=\"grunion-field-label email\" >E-mail<\/label>\n<input\n\t\t\t\t\ttype='email'\n\t\t\t\t\tname='g10476-email'\n\t\t\t\t\tid='g10476-email'\n\t\t\t\t\tvalue=''\n\n\t\t\t\t\tdata-wp-bind--aria-invalid='state.fieldHasErrors'\n\t\t\t\t\tdata-wp-bind--value='state.getFieldValue'\n\t\t\t\t\taria-errormessage='g10476-email-email-error-message'\n\t\t\t\t\tdata-wp-on--input='actions.onFieldChange'\n\t\t\t\t\tdata-wp-on--blur='actions.onFieldBlur'\n\t\t\t\t\tdata-wp-class--has-value='state.hasFieldValue'\n\n\t\t\t\t\tclass='email  grunion-field' \n\t\t\t\t\t \/>\n \n\t\t\t<div id=\"g10476-email-email-error\" class=\"contact-form__input-error\" data-wp-class--has-errors=\"state.fieldHasErrors\">\n\t\t\t\t<span class=\"contact-form__warning-icon\">\n\t\t\t\t\t<svg width=\"16\" height=\"16\" viewBox=\"0 0 16 16\" fill=\"none\" xmlns=\"http:\/\/www.w3.org\/2000\/svg\">\n\t\t\t\t\t\t<path d=\"M8.50015 11.6402H7.50015V10.6402H8.50015V11.6402Z\" \/>\n\t\t\t\t\t\t<path d=\"M7.50015 9.64018H8.50015V6.30684H7.50015V9.64018Z\" \/>\n\t\t\t\t\t\t<path fill-rule=\"evenodd\" clip-rule=\"evenodd\" d=\"M6.98331 3.0947C7.42933 2.30177 8.57096 2.30177 9.01698 3.09469L13.8771 11.7349C14.3145 12.5126 13.7525 13.4735 12.8602 13.4735H3.14004C2.24774 13.4735 1.68575 12.5126 2.12321 11.7349L6.98331 3.0947ZM8.14541 3.58496C8.08169 3.47168 7.9186 3.47168 7.85488 3.58496L2.99478 12.2251C2.93229 12.3362 3.01257 12.4735 3.14004 12.4735H12.8602C12.9877 12.4735 13.068 12.3362 13.0055 12.2251L8.14541 3.58496Z\" \/>\n\t\t\t\t\t<\/svg>\n\t\t\t\t\t<span class=\"visually-hidden\">Aviso<\/span>\n\t\t\t\t<\/span>\n\t\t\t\t<span data-wp-text=\"state.errorMessage\" id=\"g10476-email-email-error-message\" role=\"alert\" aria-live=\"assertive\"><\/span>\n\t\t\t<\/div> \n\t<\/div>\n\n<div style=\"\"  data-wp-interactive=\"jetpack\/form\" data-wp-context='{\"fieldId\":\"g10476-mensagem\",\"fieldType\":\"textarea\",\"fieldLabel\":\"Mensagem\",\"fieldValue\":\"\",\"fieldPlaceholder\":\"\",\"fieldIsRequired\":\"\",\"fieldErrorMessage\":\"\",\"fieldExtra\":[],\"formHash\":\"66a6a8539cca875fff88ccc27e7bc1ff0cd84fa5\"}'  class='grunion-field-textarea-wrap grunion-field-wrap'  data-wp-init='callbacks.initializeField' data-wp-on--jetpack-form-reset='callbacks.initializeField' >\n<label\n\t\t\t\tfor='contact-form-comment-g10476-mensagem' class=\"grunion-field-label textarea\" >Mensagem<\/label>\n<textarea\n\t\t                style=''\n\t\t                name='g10476-mensagem'\n\t\t                id='contact-form-comment-g10476-mensagem'\n\t\t                rows='20'\n\t\t\t\t\t\tdata-wp-text='state.getFieldValue'\n\t\t\t\t\t\tdata-wp-on--input='actions.onFieldChange'\n\t\t\t\t\t\tdata-wp-on--blur='actions.onFieldBlur'\n\t\t\t\t\t\tdata-wp-class--has-value='state.hasFieldValue'\n\t\t\t\t\t\tdata-wp-bind--aria-invalid='state.fieldHasErrors'\n\t\t\t\t\t\taria-errormessage='g10476-mensagem-textarea-error-message'\n\t\t\t\t\t\tclass='textarea  grunion-field'  ><\/textarea>\n \n\t\t\t<div id=\"g10476-mensagem-textarea-error\" class=\"contact-form__input-error\" data-wp-class--has-errors=\"state.fieldHasErrors\">\n\t\t\t\t<span class=\"contact-form__warning-icon\">\n\t\t\t\t\t<svg width=\"16\" height=\"16\" viewBox=\"0 0 16 16\" fill=\"none\" xmlns=\"http:\/\/www.w3.org\/2000\/svg\">\n\t\t\t\t\t\t<path d=\"M8.50015 11.6402H7.50015V10.6402H8.50015V11.6402Z\" \/>\n\t\t\t\t\t\t<path d=\"M7.50015 9.64018H8.50015V6.30684H7.50015V9.64018Z\" \/>\n\t\t\t\t\t\t<path fill-rule=\"evenodd\" clip-rule=\"evenodd\" d=\"M6.98331 3.0947C7.42933 2.30177 8.57096 2.30177 9.01698 3.09469L13.8771 11.7349C14.3145 12.5126 13.7525 13.4735 12.8602 13.4735H3.14004C2.24774 13.4735 1.68575 12.5126 2.12321 11.7349L6.98331 3.0947ZM8.14541 3.58496C8.08169 3.47168 7.9186 3.47168 7.85488 3.58496L2.99478 12.2251C2.93229 12.3362 3.01257 12.4735 3.14004 12.4735H12.8602C12.9877 12.4735 13.068 12.3362 13.0055 12.2251L8.14541 3.58496Z\" \/>\n\t\t\t\t\t<\/svg>\n\t\t\t\t\t<span class=\"visually-hidden\">Aviso<\/span>\n\t\t\t\t<\/span>\n\t\t\t\t<span data-wp-text=\"state.errorMessage\" id=\"g10476-mensagem-textarea-error-message\" role=\"alert\" aria-live=\"assertive\"><\/span>\n\t\t\t<\/div>\n\t<\/div>\n\t<p class='contact-submit'>\n<div class=\"contact-form__error\" data-wp-class--show-errors=\"state.showFormErrors\"><span class=\"contact-form__warning-icon\"><span class=\"visually-hidden\">Aten\u00e7\u00e3o.<\/span><i aria-hidden=\"true\"><\/i><\/span>\n\t\t\t\t<span data-wp-text=\"state.getFormErrorMessage\"><\/span>\n\t\t\t\t<ul>\n\t\t\t\t<template data-wp-each=\"state.getErrorList\" data-wp-key=\"context.item.id\">\n\t\t\t\t\t<li><a data-wp-bind--href=\"context.item.anchor\" data-wp-on--click=\"actions.scrollIntoView\" data-wp-text=\"context.item.label\"><\/a><\/li>\n\t\t\t\t<\/template>\n\t\t\t\t<\/ul><\/div><div class=\"contact-form__error\" data-wp-class--show-errors=\"state.showSubmissionError\" data-wp-text=\"context.submissionError\"><\/div>\t\t<button type='submit' class='pushbutton-wide'>Enviar<\/button>\t\t<input type='hidden' name='contact-form-id' value='10476' \/>\n\t\t<input type='hidden' name='action' value='grunion-contact-form' \/>\n\t\t<input type='hidden' name='contact-form-hash' value='66a6a8539cca875fff88ccc27e7bc1ff0cd84fa5' \/>\n\t<\/p>\n<p style=\"display: none !important;\" class=\"akismet-fields-container\" data-prefix=\"ak_\"><label>&#916;<textarea name=\"ak_hp_textarea\" cols=\"45\" rows=\"8\" maxlength=\"100\"><\/textarea><\/label><input type=\"hidden\" id=\"ak_js_1\" name=\"ak_js\" value=\"9\"\/><script>document.getElementById( \"ak_js_1\" ).setAttribute( \"value\", ( new Date() ).getTime() );<\/script><\/p><\/form>\n<\/div>\n","protected":false},"excerpt":{"rendered":"<p>Por Elena Bom Reis Abreu dos Santos\u00a0 \u00a0 \u00a0 O \u00a0MABSul foi criado em 2020 e tem relev\u00e2ncia para toda a regi\u00e3o O MABSul (O Museu Afro Brasil Sul), nasceu do sonho do desejo de mudan\u00e7as na estrutura social da popula\u00e7\u00e3o negra, n\u00e3o s\u00f3 da cidade de Pelotas, mas de toda regi\u00e3o Sul do pa\u00eds. &hellip; <\/p>\n<p><a class=\"more-link btn\" href=\"https:\/\/wp.ufpel.edu.br\/artenosul\/2022\/04\/17\/museu-afro-brasil-sul-comemora-dois-anos\/\">Continue lendo<\/a><\/p>\n","protected":false},"author":571,"featured_media":10479,"comment_status":"closed","ping_status":"closed","sticky":false,"template":"","format":"standard","meta":{"jetpack_post_was_ever_published":false,"_jetpack_newsletter_access":"","_jetpack_dont_email_post_to_subs":false,"_jetpack_newsletter_tier_id":0,"_jetpack_memberships_contains_paywalled_content":false,"_jetpack_memberships_contains_paid_content":false,"footnotes":"","jetpack_publicize_message":"","jetpack_publicize_feature_enabled":true,"jetpack_social_post_already_shared":true,"jetpack_social_options":{"image_generator_settings":{"template":"highway","default_image_id":0,"font":"","enabled":false},"version":2}},"categories":[88,1],"tags":[1250,255,1415,1416],"class_list":["post-10476","post","type-post","status-publish","format-standard","has-post-thumbnail","hentry","category-comunidade","category-noticias","tag-cultura-afro-brasileira","tag-cultura-negra","tag-mabsul","tag-museu-afro-brasil-sul","nodate","item-wrap"],"jetpack_publicize_connections":[],"jetpack_featured_media_url":"https:\/\/wp.ufpel.edu.br\/artenosul\/files\/2022\/04\/2022-04-17-2.png","jetpack_sharing_enabled":true,"jetpack_likes_enabled":true,"jetpack_shortlink":"https:\/\/wp.me\/p6PuxQ-2IY","jetpack-related-posts":[{"id":21642,"url":"https:\/\/wp.ufpel.edu.br\/artenosul\/2023\/09\/18\/confira-a-programacao-da-17a-primavera-dos-museus-em-pelotas\/","url_meta":{"origin":10476,"position":0},"title":"Confira a programa\u00e7\u00e3o da 17\u00aa Primavera dos Museus em Pelotas","author":"artenosul","date":"18 de setembro de 2023","format":false,"excerpt":"Evento anual acontece de hoje a 24 de setembro e trar\u00e1 semana com atividades especiais em busca de fortalecer la\u00e7os entre museus e sociedade\u00a0 \u00a0\u00a0 Por Beatriz Gomes\u00a0 \u00a0 \u00a0 \u00a0 O munic\u00edpio de Pelotas receber\u00e1 a 17\u00aa edi\u00e7\u00e3o da \u201cPrimavera dos Museus\u201d, iniciativa anual que \u00e9 coordenada pelo Instituto\u2026","rel":"","context":"Em &quot;COMUNIDADE&quot;","block_context":{"text":"COMUNIDADE","link":"https:\/\/wp.ufpel.edu.br\/artenosul\/category\/comunidade\/"},"img":{"alt_text":"","src":"https:\/\/i0.wp.com\/wp.ufpel.edu.br\/artenosul\/files\/2023\/09\/museu-de-arte-leopoldo.jpg?resize=350%2C200&ssl=1","width":350,"height":200,"srcset":"https:\/\/i0.wp.com\/wp.ufpel.edu.br\/artenosul\/files\/2023\/09\/museu-de-arte-leopoldo.jpg?resize=350%2C200&ssl=1 1x, https:\/\/i0.wp.com\/wp.ufpel.edu.br\/artenosul\/files\/2023\/09\/museu-de-arte-leopoldo.jpg?resize=525%2C300&ssl=1 1.5x, https:\/\/i0.wp.com\/wp.ufpel.edu.br\/artenosul\/files\/2023\/09\/museu-de-arte-leopoldo.jpg?resize=700%2C400&ssl=1 2x, https:\/\/i0.wp.com\/wp.ufpel.edu.br\/artenosul\/files\/2023\/09\/museu-de-arte-leopoldo.jpg?resize=1050%2C600&ssl=1 3x"},"classes":[]},{"id":26577,"url":"https:\/\/wp.ufpel.edu.br\/artenosul\/2024\/03\/09\/museu-da-baronesa-renovado-pela-heranca-negra\/","url_meta":{"origin":10476,"position":1},"title":"Museu da Baronesa renovado pela heran\u00e7a negra","author":"artenosul","date":"9 de mar\u00e7o de 2024","format":false,"excerpt":"Pr\u00e9dio da institui\u00e7\u00e3o tem mais de 160 anos e passa por reformula\u00e7\u00f5es voltadas \u00e0 representatividade cultural\u00a0\u00a0\u00a0\u00a0 \u00a0\u00a0 Por Vanessa Centeno\u00a0\u00a0\u00a0\u00a0\u00a0\u00a0 \u00a0 A presen\u00e7a negra na regi\u00e3o sul do Estado est\u00e1 representada no Museu da Baronesa (avenida Domingos de Almeida, 1490, bairro Areal, Pelotas). Com mais de 160 anos de exist\u00eancia,\u2026","rel":"","context":"Em &quot;COMUNIDADE&quot;","block_context":{"text":"COMUNIDADE","link":"https:\/\/wp.ufpel.edu.br\/artenosul\/category\/comunidade\/"},"img":{"alt_text":"","src":"https:\/\/i0.wp.com\/wp.ufpel.edu.br\/artenosul\/files\/2024\/03\/IMG-20240226-WA00321-1.jpg?resize=350%2C200&ssl=1","width":350,"height":200,"srcset":"https:\/\/i0.wp.com\/wp.ufpel.edu.br\/artenosul\/files\/2024\/03\/IMG-20240226-WA00321-1.jpg?resize=350%2C200&ssl=1 1x, https:\/\/i0.wp.com\/wp.ufpel.edu.br\/artenosul\/files\/2024\/03\/IMG-20240226-WA00321-1.jpg?resize=525%2C300&ssl=1 1.5x, https:\/\/i0.wp.com\/wp.ufpel.edu.br\/artenosul\/files\/2024\/03\/IMG-20240226-WA00321-1.jpg?resize=700%2C400&ssl=1 2x, https:\/\/i0.wp.com\/wp.ufpel.edu.br\/artenosul\/files\/2024\/03\/IMG-20240226-WA00321-1.jpg?resize=1050%2C600&ssl=1 3x"},"classes":[]},{"id":8639,"url":"https:\/\/wp.ufpel.edu.br\/artenosul\/2020\/07\/23\/visita-ao-museu-do-doce-em-video\/","url_meta":{"origin":10476,"position":2},"title":"Visita ao Museu do Doce em v\u00eddeo","author":"artenosul","date":"23 de julho de 2020","format":false,"excerpt":"Por Gilmar Hermes No in\u00edcio deste m\u00eas, dia 2 de julho, a emissora TV Brasil apresentou uma edi\u00e7\u00e3o do programa Conhecendo Museus sobre o Museu do Doce de Pelotas, vinculado ao Instituto de Ci\u00eancias Humanas da UFPel. E, desde o dia 15 de julho, o epis\u00f3dio da temporada deste ano\u2026","rel":"","context":"Em &quot;COMUNIDADE&quot;","block_context":{"text":"COMUNIDADE","link":"https:\/\/wp.ufpel.edu.br\/artenosul\/category\/comunidade\/"},"img":{"alt_text":"","src":"https:\/\/i0.wp.com\/wp.ufpel.edu.br\/artenosul\/files\/2020\/07\/6-scaled.jpeg?resize=350%2C200&ssl=1","width":350,"height":200,"srcset":"https:\/\/i0.wp.com\/wp.ufpel.edu.br\/artenosul\/files\/2020\/07\/6-scaled.jpeg?resize=350%2C200&ssl=1 1x, https:\/\/i0.wp.com\/wp.ufpel.edu.br\/artenosul\/files\/2020\/07\/6-scaled.jpeg?resize=525%2C300&ssl=1 1.5x, https:\/\/i0.wp.com\/wp.ufpel.edu.br\/artenosul\/files\/2020\/07\/6-scaled.jpeg?resize=700%2C400&ssl=1 2x, https:\/\/i0.wp.com\/wp.ufpel.edu.br\/artenosul\/files\/2020\/07\/6-scaled.jpeg?resize=1050%2C600&ssl=1 3x, https:\/\/i0.wp.com\/wp.ufpel.edu.br\/artenosul\/files\/2020\/07\/6-scaled.jpeg?resize=1400%2C800&ssl=1 4x"},"classes":[]},{"id":8433,"url":"https:\/\/wp.ufpel.edu.br\/artenosul\/2019\/10\/14\/dancas-de-matriz-africana-combatem-racismo\/","url_meta":{"origin":10476,"position":3},"title":"Dan\u00e7as de Matriz Africana combatem racismo","author":"artenosul","date":"14 de outubro de 2019","format":false,"excerpt":"Por Marcela Lima A cena pelotense fica mais bonita, pois se constr\u00f3i de muita arte e de eventos culturais. Diversos festivais, apresenta\u00e7\u00f5es e concertos s\u00e3o realizados na cidade, possibilitando op\u00e7\u00f5es bem atrativas para quem aprecia uma boa agenda cultural. O Museu do Doce, localizado no Centro Hist\u00f3rico de Pelotas, ajuda\u2026","rel":"","context":"Em &quot;DAN\u00c7A&quot;","block_context":{"text":"DAN\u00c7A","link":"https:\/\/wp.ufpel.edu.br\/artenosul\/category\/danca\/"},"img":{"alt_text":"","src":"https:\/\/i0.wp.com\/wp.ufpel.edu.br\/artenosul\/files\/2019\/10\/1-5.jpg?resize=350%2C200&ssl=1","width":350,"height":200,"srcset":"https:\/\/i0.wp.com\/wp.ufpel.edu.br\/artenosul\/files\/2019\/10\/1-5.jpg?resize=350%2C200&ssl=1 1x, https:\/\/i0.wp.com\/wp.ufpel.edu.br\/artenosul\/files\/2019\/10\/1-5.jpg?resize=525%2C300&ssl=1 1.5x, https:\/\/i0.wp.com\/wp.ufpel.edu.br\/artenosul\/files\/2019\/10\/1-5.jpg?resize=700%2C400&ssl=1 2x"},"classes":[]},{"id":9748,"url":"https:\/\/wp.ufpel.edu.br\/artenosul\/2021\/09\/10\/biblioteca-publica-pelotense-patrimonio-cultural-da-regiao\/","url_meta":{"origin":10476,"position":4},"title":"Bibliotheca P\u00fablica Pelotense: Patrim\u00f4nio cultural da regi\u00e3o","author":"artenosul","date":"10 de setembro de 2021","format":false,"excerpt":"Por Paulo Marques\u00a0 \u00a0 \u00a0 Institui\u00e7\u00e3o \u00e9 mantida pelas contribui\u00e7\u00f5es dos associados e conta com um museu hist\u00f3rico A Bibliotheca P\u00fablica Pelotense \u00e9 considerada um centro de refer\u00eancia cultural da regi\u00e3o sul do Rio Grande do Sul, sendo uma institui\u00e7\u00e3o sem fins lucrativos e sem qualquer v\u00ednculo com o poder\u2026","rel":"","context":"Em &quot;COMUNIDADE&quot;","block_context":{"text":"COMUNIDADE","link":"https:\/\/wp.ufpel.edu.br\/artenosul\/category\/comunidade\/"},"img":{"alt_text":"","src":"https:\/\/i0.wp.com\/wp.ufpel.edu.br\/artenosul\/files\/2021\/09\/16113237230_ba5eb1c42a_c.jpg?resize=350%2C200&ssl=1","width":350,"height":200,"srcset":"https:\/\/i0.wp.com\/wp.ufpel.edu.br\/artenosul\/files\/2021\/09\/16113237230_ba5eb1c42a_c.jpg?resize=350%2C200&ssl=1 1x, https:\/\/i0.wp.com\/wp.ufpel.edu.br\/artenosul\/files\/2021\/09\/16113237230_ba5eb1c42a_c.jpg?resize=525%2C300&ssl=1 1.5x, https:\/\/i0.wp.com\/wp.ufpel.edu.br\/artenosul\/files\/2021\/09\/16113237230_ba5eb1c42a_c.jpg?resize=700%2C400&ssl=1 2x"},"classes":[]},{"id":13545,"url":"https:\/\/wp.ufpel.edu.br\/artenosul\/2023\/04\/18\/festival-cabobu-divulga-programacao-completa-que-comeca-sexta-feira\/","url_meta":{"origin":10476,"position":5},"title":"Festival Cabobu divulga programa\u00e7\u00e3o completa que\u00a0 come\u00e7a sexta-feira","author":"artenosul","date":"18 de abril de 2023","format":false,"excerpt":"Evento em Pelotas conta com Atra\u00e7\u00f5es Musicais, Mesas Redondas, Oficinas, a Feira Preta Helena do Sul e o Palco da Diversidade, al\u00e9m das exposi\u00e7\u00f5es Giba Giba e Coletiva de Artistas Pretos\u00a0 \"Afropresentismo\"\u00a0 \u00a0 \u00a0 Por Maria Clara Morais Sousa e St\u00e9fane Costa\u00a0 \u00a0 \u00a0\u00a0 O Festival Cabobu vai celebrar a\u2026","rel":"","context":"Em &quot;COMUNIDADE&quot;","block_context":{"text":"COMUNIDADE","link":"https:\/\/wp.ufpel.edu.br\/artenosul\/category\/comunidade\/"},"img":{"alt_text":"","src":"https:\/\/i0.wp.com\/wp.ufpel.edu.br\/artenosul\/files\/2023\/04\/WhatsApp-Image-2023-04-18-at-14.29.29.jpeg?resize=350%2C200&ssl=1","width":350,"height":200,"srcset":"https:\/\/i0.wp.com\/wp.ufpel.edu.br\/artenosul\/files\/2023\/04\/WhatsApp-Image-2023-04-18-at-14.29.29.jpeg?resize=350%2C200&ssl=1 1x, https:\/\/i0.wp.com\/wp.ufpel.edu.br\/artenosul\/files\/2023\/04\/WhatsApp-Image-2023-04-18-at-14.29.29.jpeg?resize=525%2C300&ssl=1 1.5x, https:\/\/i0.wp.com\/wp.ufpel.edu.br\/artenosul\/files\/2023\/04\/WhatsApp-Image-2023-04-18-at-14.29.29.jpeg?resize=700%2C400&ssl=1 2x, https:\/\/i0.wp.com\/wp.ufpel.edu.br\/artenosul\/files\/2023\/04\/WhatsApp-Image-2023-04-18-at-14.29.29.jpeg?resize=1050%2C600&ssl=1 3x"},"classes":[]}],"_links":{"self":[{"href":"https:\/\/wp.ufpel.edu.br\/artenosul\/wp-json\/wp\/v2\/posts\/10476","targetHints":{"allow":["GET"]}}],"collection":[{"href":"https:\/\/wp.ufpel.edu.br\/artenosul\/wp-json\/wp\/v2\/posts"}],"about":[{"href":"https:\/\/wp.ufpel.edu.br\/artenosul\/wp-json\/wp\/v2\/types\/post"}],"author":[{"embeddable":true,"href":"https:\/\/wp.ufpel.edu.br\/artenosul\/wp-json\/wp\/v2\/users\/571"}],"replies":[{"embeddable":true,"href":"https:\/\/wp.ufpel.edu.br\/artenosul\/wp-json\/wp\/v2\/comments?post=10476"}],"version-history":[{"count":4,"href":"https:\/\/wp.ufpel.edu.br\/artenosul\/wp-json\/wp\/v2\/posts\/10476\/revisions"}],"predecessor-version":[{"id":10488,"href":"https:\/\/wp.ufpel.edu.br\/artenosul\/wp-json\/wp\/v2\/posts\/10476\/revisions\/10488"}],"wp:featuredmedia":[{"embeddable":true,"href":"https:\/\/wp.ufpel.edu.br\/artenosul\/wp-json\/wp\/v2\/media\/10479"}],"wp:attachment":[{"href":"https:\/\/wp.ufpel.edu.br\/artenosul\/wp-json\/wp\/v2\/media?parent=10476"}],"wp:term":[{"taxonomy":"category","embeddable":true,"href":"https:\/\/wp.ufpel.edu.br\/artenosul\/wp-json\/wp\/v2\/categories?post=10476"},{"taxonomy":"post_tag","embeddable":true,"href":"https:\/\/wp.ufpel.edu.br\/artenosul\/wp-json\/wp\/v2\/tags?post=10476"}],"curies":[{"name":"wp","href":"https:\/\/api.w.org\/{rel}","templated":true}]}}