{"id":2567,"date":"2023-01-31T10:59:24","date_gmt":"2023-01-31T13:59:24","guid":{"rendered":"https:\/\/wp.ufpel.edu.br\/artenaescola\/?p=2567"},"modified":"2023-06-14T14:24:37","modified_gmt":"2023-06-14T17:24:37","slug":"anuais-vii-sigam","status":"publish","type":"post","link":"https:\/\/wp.ufpel.edu.br\/artenaescola\/noticias\/anuais-vii-sigam\/","title":{"rendered":"Anuais VII SIGAM"},"content":{"rendered":"<header class=\"entry-header\">\n<h1 class=\"entry-title\">VII SIGAM<\/h1>\n<\/header>\n<div class=\"entry-content\">\n<p>O Projeto Arte na Escola em conjunto com o grupo de pesquisa Caixa de Pandora tem a alegria de divulgar a publica\u00e7\u00e3o decorrente da s\u00e9tima edi\u00e7\u00e3o do Simp\u00f3sio Internacional de G\u00eanero, Arte e Mem\u00f3ria<\/p>\n<p>&nbsp;<\/p>\n<\/div>\n<h2 style=\"text-align: center;\"><a href=\"https:\/\/drive.google.com\/file\/d\/1PnBAB5ovxMxvphpsIAPk3uRBCnVa75rp\/view?usp=share_link\" target=\"_blank\" rel=\"noopener\">Acesse o documento aqui<\/a><\/h2>\n","protected":false},"excerpt":{"rendered":"<p>VII SIGAM O Projeto Arte na Escola em conjunto com o grupo de pesquisa Caixa de Pandora tem a alegria de divulgar a publica\u00e7\u00e3o decorrente da s\u00e9tima edi\u00e7\u00e3o do Simp\u00f3sio Internacional de G\u00eanero, Arte e Mem\u00f3ria &nbsp; Acesse o documento aqui<\/p>\n","protected":false},"author":645,"featured_media":0,"comment_status":"closed","ping_status":"closed","sticky":false,"template":"","format":"standard","meta":{"footnotes":""},"categories":[1],"tags":[],"class_list":["post-2567","post","type-post","status-publish","format-standard","hentry","category-noticias"],"yoast_head":"<!-- This site is optimized with the Yoast SEO plugin v26.7 - https:\/\/yoast.com\/wordpress\/plugins\/seo\/ -->\n<title>Anuais VII SIGAM &#8226; Projeto Arte na Escola<\/title>\n<meta name=\"robots\" content=\"index, follow, max-snippet:-1, max-image-preview:large, max-video-preview:-1\" \/>\n<link rel=\"canonical\" href=\"https:\/\/wp.ufpel.edu.br\/artenaescola\/noticias\/anuais-vii-sigam\/\" \/>\n<meta property=\"og:locale\" content=\"pt_BR\" \/>\n<meta property=\"og:type\" content=\"article\" \/>\n<meta property=\"og:title\" content=\"Anuais VII SIGAM &#8226; Projeto Arte na Escola\" \/>\n<meta property=\"og:description\" content=\"VII SIGAM O Projeto Arte na Escola em conjunto com o grupo de pesquisa Caixa de Pandora tem a alegria de divulgar a publica\u00e7\u00e3o decorrente da s\u00e9tima edi\u00e7\u00e3o do Simp\u00f3sio Internacional de G\u00eanero, Arte e Mem\u00f3ria &nbsp; Acesse o documento aqui\" \/>\n<meta property=\"og:url\" content=\"https:\/\/wp.ufpel.edu.br\/artenaescola\/noticias\/anuais-vii-sigam\/\" \/>\n<meta property=\"og:site_name\" content=\"Projeto Arte na Escola\" \/>\n<meta property=\"article:author\" content=\"https:\/\/www.facebook.com\/artenaescolapoloufpel\/?ref=nf&amp;hc_ref=ARQcf-_Ed1ureaQslOVpPWgQZU9U-9JQiIzZ3mLjmldKbwJFHdzVsUFb60RvaBL4vuM\" \/>\n<meta property=\"article:published_time\" content=\"2023-01-31T13:59:24+00:00\" \/>\n<meta property=\"article:modified_time\" content=\"2023-06-14T17:24:37+00:00\" \/>\n<meta property=\"og:image\" content=\"https:\/\/wp.ufpel.edu.br\/artenaescola\/files\/2023\/01\/Cartaz-Oficial-VII-SIGAM-web.gif\" \/>\n\t<meta property=\"og:image:width\" content=\"1366\" \/>\n\t<meta property=\"og:image:height\" content=\"768\" \/>\n\t<meta property=\"og:image:type\" content=\"image\/gif\" \/>\n<meta name=\"author\" content=\"artenaescola\" \/>\n<meta name=\"twitter:card\" content=\"summary_large_image\" \/>\n<meta name=\"twitter:label1\" content=\"Escrito por\" \/>\n\t<meta name=\"twitter:data1\" content=\"artenaescola\" \/>\n\t<meta name=\"twitter:label2\" content=\"Est. tempo de leitura\" \/>\n\t<meta name=\"twitter:data2\" content=\"1 minuto\" \/>\n<script type=\"application\/ld+json\" class=\"yoast-schema-graph\">{\"@context\":\"https:\/\/schema.org\",\"@graph\":[{\"@type\":\"Article\",\"@id\":\"https:\/\/wp.ufpel.edu.br\/artenaescola\/noticias\/anuais-vii-sigam\/#article\",\"isPartOf\":{\"@id\":\"https:\/\/wp.ufpel.edu.br\/artenaescola\/noticias\/anuais-vii-sigam\/\"},\"author\":{\"name\":\"artenaescola\",\"@id\":\"https:\/\/wp.ufpel.edu.br\/artenaescola\/#\/schema\/person\/f6a1214f835f2ca6191468bcdfebca44\"},\"headline\":\"Anuais VII SIGAM\",\"datePublished\":\"2023-01-31T13:59:24+00:00\",\"dateModified\":\"2023-06-14T17:24:37+00:00\",\"mainEntityOfPage\":{\"@id\":\"https:\/\/wp.ufpel.edu.br\/artenaescola\/noticias\/anuais-vii-sigam\/\"},\"wordCount\":50,\"publisher\":{\"@id\":\"https:\/\/wp.ufpel.edu.br\/artenaescola\/#organization\"},\"articleSection\":[\"Todas as Not\u00edcias\"],\"inLanguage\":\"pt-BR\"},{\"@type\":\"WebPage\",\"@id\":\"https:\/\/wp.ufpel.edu.br\/artenaescola\/noticias\/anuais-vii-sigam\/\",\"url\":\"https:\/\/wp.ufpel.edu.br\/artenaescola\/noticias\/anuais-vii-sigam\/\",\"name\":\"Anuais VII SIGAM &#8226; Projeto Arte na Escola\",\"isPartOf\":{\"@id\":\"https:\/\/wp.ufpel.edu.br\/artenaescola\/#website\"},\"datePublished\":\"2023-01-31T13:59:24+00:00\",\"dateModified\":\"2023-06-14T17:24:37+00:00\",\"breadcrumb\":{\"@id\":\"https:\/\/wp.ufpel.edu.br\/artenaescola\/noticias\/anuais-vii-sigam\/#breadcrumb\"},\"inLanguage\":\"pt-BR\",\"potentialAction\":[{\"@type\":\"ReadAction\",\"target\":[\"https:\/\/wp.ufpel.edu.br\/artenaescola\/noticias\/anuais-vii-sigam\/\"]}]},{\"@type\":\"BreadcrumbList\",\"@id\":\"https:\/\/wp.ufpel.edu.br\/artenaescola\/noticias\/anuais-vii-sigam\/#breadcrumb\",\"itemListElement\":[{\"@type\":\"ListItem\",\"position\":1,\"name\":\"In\u00edcio\",\"item\":\"https:\/\/wp.ufpel.edu.br\/artenaescola\/\"},{\"@type\":\"ListItem\",\"position\":2,\"name\":\"Anuais VII SIGAM\"}]},{\"@type\":\"WebSite\",\"@id\":\"https:\/\/wp.ufpel.edu.br\/artenaescola\/#website\",\"url\":\"https:\/\/wp.ufpel.edu.br\/artenaescola\/\",\"name\":\"Projeto Arte na Escola\",\"description\":\"Polo UFPel\",\"publisher\":{\"@id\":\"https:\/\/wp.ufpel.edu.br\/artenaescola\/#organization\"},\"potentialAction\":[{\"@type\":\"SearchAction\",\"target\":{\"@type\":\"EntryPoint\",\"urlTemplate\":\"https:\/\/wp.ufpel.edu.br\/artenaescola\/?s={search_term_string}\"},\"query-input\":{\"@type\":\"PropertyValueSpecification\",\"valueRequired\":true,\"valueName\":\"search_term_string\"}}],\"inLanguage\":\"pt-BR\"},{\"@type\":\"Organization\",\"@id\":\"https:\/\/wp.ufpel.edu.br\/artenaescola\/#organization\",\"name\":\"arte na escola Ufpel\",\"url\":\"https:\/\/wp.ufpel.edu.br\/artenaescola\/\",\"logo\":{\"@type\":\"ImageObject\",\"inLanguage\":\"pt-BR\",\"@id\":\"https:\/\/wp.ufpel.edu.br\/artenaescola\/#\/schema\/logo\/image\/\",\"url\":\"https:\/\/wp.ufpel.edu.br\/artenaescola\/files\/2016\/06\/IAE-Cor-RGB.jpg\",\"contentUrl\":\"https:\/\/wp.ufpel.edu.br\/artenaescola\/files\/2016\/06\/IAE-Cor-RGB.jpg\",\"width\":750,\"height\":669,\"caption\":\"arte na escola Ufpel\"},\"image\":{\"@id\":\"https:\/\/wp.ufpel.edu.br\/artenaescola\/#\/schema\/logo\/image\/\"}},{\"@type\":\"Person\",\"@id\":\"https:\/\/wp.ufpel.edu.br\/artenaescola\/#\/schema\/person\/f6a1214f835f2ca6191468bcdfebca44\",\"name\":\"artenaescola\",\"image\":{\"@type\":\"ImageObject\",\"inLanguage\":\"pt-BR\",\"@id\":\"https:\/\/wp.ufpel.edu.br\/artenaescola\/#\/schema\/person\/image\/\",\"url\":\"https:\/\/secure.gravatar.com\/avatar\/9be2aa4a4304c2e3d98e45b25cb0f7ecde6a37fdbbc255f79b8b2244e2ad59d9?s=96&d=mm&r=g\",\"contentUrl\":\"https:\/\/secure.gravatar.com\/avatar\/9be2aa4a4304c2e3d98e45b25cb0f7ecde6a37fdbbc255f79b8b2244e2ad59d9?s=96&d=mm&r=g\",\"caption\":\"artenaescola\"},\"sameAs\":[\"https:\/\/www.facebook.com\/artenaescolapoloufpel\/?ref=nf&hc_ref=ARQcf-_Ed1ureaQslOVpPWgQZU9U-9JQiIzZ3mLjmldKbwJFHdzVsUFb60RvaBL4vuM\"]}]}<\/script>\n<!-- \/ Yoast SEO plugin. -->","yoast_head_json":{"title":"Anuais VII SIGAM &#8226; Projeto Arte na Escola","robots":{"index":"index","follow":"follow","max-snippet":"max-snippet:-1","max-image-preview":"max-image-preview:large","max-video-preview":"max-video-preview:-1"},"canonical":"https:\/\/wp.ufpel.edu.br\/artenaescola\/noticias\/anuais-vii-sigam\/","og_locale":"pt_BR","og_type":"article","og_title":"Anuais VII SIGAM &#8226; Projeto Arte na Escola","og_description":"VII SIGAM O Projeto Arte na Escola em conjunto com o grupo de pesquisa Caixa de Pandora tem a alegria de divulgar a publica\u00e7\u00e3o decorrente da s\u00e9tima edi\u00e7\u00e3o do Simp\u00f3sio Internacional de G\u00eanero, Arte e Mem\u00f3ria &nbsp; Acesse o documento aqui","og_url":"https:\/\/wp.ufpel.edu.br\/artenaescola\/noticias\/anuais-vii-sigam\/","og_site_name":"Projeto Arte na Escola","article_author":"https:\/\/www.facebook.com\/artenaescolapoloufpel\/?ref=nf&hc_ref=ARQcf-_Ed1ureaQslOVpPWgQZU9U-9JQiIzZ3mLjmldKbwJFHdzVsUFb60RvaBL4vuM","article_published_time":"2023-01-31T13:59:24+00:00","article_modified_time":"2023-06-14T17:24:37+00:00","og_image":[{"width":1366,"height":768,"url":"https:\/\/wp.ufpel.edu.br\/artenaescola\/files\/2023\/01\/Cartaz-Oficial-VII-SIGAM-web.gif","type":"image\/gif"}],"author":"artenaescola","twitter_card":"summary_large_image","twitter_misc":{"Escrito por":"artenaescola","Est. tempo de leitura":"1 minuto"},"schema":{"@context":"https:\/\/schema.org","@graph":[{"@type":"Article","@id":"https:\/\/wp.ufpel.edu.br\/artenaescola\/noticias\/anuais-vii-sigam\/#article","isPartOf":{"@id":"https:\/\/wp.ufpel.edu.br\/artenaescola\/noticias\/anuais-vii-sigam\/"},"author":{"name":"artenaescola","@id":"https:\/\/wp.ufpel.edu.br\/artenaescola\/#\/schema\/person\/f6a1214f835f2ca6191468bcdfebca44"},"headline":"Anuais VII SIGAM","datePublished":"2023-01-31T13:59:24+00:00","dateModified":"2023-06-14T17:24:37+00:00","mainEntityOfPage":{"@id":"https:\/\/wp.ufpel.edu.br\/artenaescola\/noticias\/anuais-vii-sigam\/"},"wordCount":50,"publisher":{"@id":"https:\/\/wp.ufpel.edu.br\/artenaescola\/#organization"},"articleSection":["Todas as Not\u00edcias"],"inLanguage":"pt-BR"},{"@type":"WebPage","@id":"https:\/\/wp.ufpel.edu.br\/artenaescola\/noticias\/anuais-vii-sigam\/","url":"https:\/\/wp.ufpel.edu.br\/artenaescola\/noticias\/anuais-vii-sigam\/","name":"Anuais VII SIGAM &#8226; Projeto Arte na Escola","isPartOf":{"@id":"https:\/\/wp.ufpel.edu.br\/artenaescola\/#website"},"datePublished":"2023-01-31T13:59:24+00:00","dateModified":"2023-06-14T17:24:37+00:00","breadcrumb":{"@id":"https:\/\/wp.ufpel.edu.br\/artenaescola\/noticias\/anuais-vii-sigam\/#breadcrumb"},"inLanguage":"pt-BR","potentialAction":[{"@type":"ReadAction","target":["https:\/\/wp.ufpel.edu.br\/artenaescola\/noticias\/anuais-vii-sigam\/"]}]},{"@type":"BreadcrumbList","@id":"https:\/\/wp.ufpel.edu.br\/artenaescola\/noticias\/anuais-vii-sigam\/#breadcrumb","itemListElement":[{"@type":"ListItem","position":1,"name":"In\u00edcio","item":"https:\/\/wp.ufpel.edu.br\/artenaescola\/"},{"@type":"ListItem","position":2,"name":"Anuais VII SIGAM"}]},{"@type":"WebSite","@id":"https:\/\/wp.ufpel.edu.br\/artenaescola\/#website","url":"https:\/\/wp.ufpel.edu.br\/artenaescola\/","name":"Projeto Arte na Escola","description":"Polo UFPel","publisher":{"@id":"https:\/\/wp.ufpel.edu.br\/artenaescola\/#organization"},"potentialAction":[{"@type":"SearchAction","target":{"@type":"EntryPoint","urlTemplate":"https:\/\/wp.ufpel.edu.br\/artenaescola\/?s={search_term_string}"},"query-input":{"@type":"PropertyValueSpecification","valueRequired":true,"valueName":"search_term_string"}}],"inLanguage":"pt-BR"},{"@type":"Organization","@id":"https:\/\/wp.ufpel.edu.br\/artenaescola\/#organization","name":"arte na escola Ufpel","url":"https:\/\/wp.ufpel.edu.br\/artenaescola\/","logo":{"@type":"ImageObject","inLanguage":"pt-BR","@id":"https:\/\/wp.ufpel.edu.br\/artenaescola\/#\/schema\/logo\/image\/","url":"https:\/\/wp.ufpel.edu.br\/artenaescola\/files\/2016\/06\/IAE-Cor-RGB.jpg","contentUrl":"https:\/\/wp.ufpel.edu.br\/artenaescola\/files\/2016\/06\/IAE-Cor-RGB.jpg","width":750,"height":669,"caption":"arte na escola Ufpel"},"image":{"@id":"https:\/\/wp.ufpel.edu.br\/artenaescola\/#\/schema\/logo\/image\/"}},{"@type":"Person","@id":"https:\/\/wp.ufpel.edu.br\/artenaescola\/#\/schema\/person\/f6a1214f835f2ca6191468bcdfebca44","name":"artenaescola","image":{"@type":"ImageObject","inLanguage":"pt-BR","@id":"https:\/\/wp.ufpel.edu.br\/artenaescola\/#\/schema\/person\/image\/","url":"https:\/\/secure.gravatar.com\/avatar\/9be2aa4a4304c2e3d98e45b25cb0f7ecde6a37fdbbc255f79b8b2244e2ad59d9?s=96&d=mm&r=g","contentUrl":"https:\/\/secure.gravatar.com\/avatar\/9be2aa4a4304c2e3d98e45b25cb0f7ecde6a37fdbbc255f79b8b2244e2ad59d9?s=96&d=mm&r=g","caption":"artenaescola"},"sameAs":["https:\/\/www.facebook.com\/artenaescolapoloufpel\/?ref=nf&hc_ref=ARQcf-_Ed1ureaQslOVpPWgQZU9U-9JQiIzZ3mLjmldKbwJFHdzVsUFb60RvaBL4vuM"]}]}},"jetpack_featured_media_url":"","_links":{"self":[{"href":"https:\/\/wp.ufpel.edu.br\/artenaescola\/wp-json\/wp\/v2\/posts\/2567","targetHints":{"allow":["GET"]}}],"collection":[{"href":"https:\/\/wp.ufpel.edu.br\/artenaescola\/wp-json\/wp\/v2\/posts"}],"about":[{"href":"https:\/\/wp.ufpel.edu.br\/artenaescola\/wp-json\/wp\/v2\/types\/post"}],"author":[{"embeddable":true,"href":"https:\/\/wp.ufpel.edu.br\/artenaescola\/wp-json\/wp\/v2\/users\/645"}],"replies":[{"embeddable":true,"href":"https:\/\/wp.ufpel.edu.br\/artenaescola\/wp-json\/wp\/v2\/comments?post=2567"}],"version-history":[{"count":4,"href":"https:\/\/wp.ufpel.edu.br\/artenaescola\/wp-json\/wp\/v2\/posts\/2567\/revisions"}],"predecessor-version":[{"id":2576,"href":"https:\/\/wp.ufpel.edu.br\/artenaescola\/wp-json\/wp\/v2\/posts\/2567\/revisions\/2576"}],"wp:attachment":[{"href":"https:\/\/wp.ufpel.edu.br\/artenaescola\/wp-json\/wp\/v2\/media?parent=2567"}],"wp:term":[{"taxonomy":"category","embeddable":true,"href":"https:\/\/wp.ufpel.edu.br\/artenaescola\/wp-json\/wp\/v2\/categories?post=2567"},{"taxonomy":"post_tag","embeddable":true,"href":"https:\/\/wp.ufpel.edu.br\/artenaescola\/wp-json\/wp\/v2\/tags?post=2567"}],"curies":[{"name":"wp","href":"https:\/\/api.w.org\/{rel}","templated":true}]}}