{"id":225,"date":"2015-06-09T17:05:17","date_gmt":"2015-06-09T20:05:17","guid":{"rendered":"https:\/\/wp.ufpel.edu.br\/apldoces\/?p=225"},"modified":"2015-06-09T17:05:17","modified_gmt":"2015-06-09T20:05:17","slug":"saida-de-campo-imperatriz-doces-finos","status":"publish","type":"post","link":"https:\/\/wp.ufpel.edu.br\/apldoces\/2015\/06\/09\/saida-de-campo-imperatriz-doces-finos\/","title":{"rendered":"Sa\u00edda de Campo \u2013 Imperatriz Doces finos"},"content":{"rendered":"<p>Na tarde da quarta-feira, dia 3 de junho, os bolsistas Jader, Jean e Juliano realizaram uma visita a empresa Imperatriz doces finos, localizada no munic\u00edpio do Cap\u00e3o do Le\u00e3o. Nesta visita os bolsistas puderam acompanhar o controle interno sobre o processo de rastreabilidade dos doces e tamb\u00e9m obter mais informa\u00e7\u00f5es sobre a log\u00edstica de distribui\u00e7\u00e3o dos doces. Esta visita propiciou aos bolsistas sanar muitas d\u00favidas e essa sa\u00edda de campo d\u00e1 prosseguimento as atividades do projeto APL Doces.<\/p>\n<p><a href=\"https:\/\/wp.ufpel.edu.br\/apldoces\/files\/2015\/06\/20150603_151947.jpg\"><img loading=\"lazy\" decoding=\"async\" class=\"aligncenter size-full wp-image-224\" src=\"https:\/\/wp.ufpel.edu.br\/apldoces\/files\/2015\/06\/20150603_151947.jpg\" alt=\"20150603_151947\" width=\"4160\" height=\"3120\" srcset=\"https:\/\/wp.ufpel.edu.br\/apldoces\/files\/2015\/06\/20150603_151947.jpg 4160w, https:\/\/wp.ufpel.edu.br\/apldoces\/files\/2015\/06\/20150603_151947-212x159.jpg 212w, https:\/\/wp.ufpel.edu.br\/apldoces\/files\/2015\/06\/20150603_151947-424x318.jpg 424w\" sizes=\"auto, (max-width: 4160px) 100vw, 4160px\" \/><\/a><\/p>\n","protected":false},"excerpt":{"rendered":"<p>Na tarde da quarta-feira, dia 3 de junho, os bolsistas Jader, Jean e Juliano realizaram uma visita a empresa Imperatriz doces finos, localizada no munic\u00edpio do Cap\u00e3o do Le\u00e3o. Nesta visita os bolsistas puderam acompanhar o controle interno sobre o processo de rastreabilidade dos doces e tamb\u00e9m obter mais informa\u00e7\u00f5es sobre a log\u00edstica de distribui\u00e7\u00e3o &hellip; <\/p>\n<p><a class=\"more-link btn\" href=\"https:\/\/wp.ufpel.edu.br\/apldoces\/2015\/06\/09\/saida-de-campo-imperatriz-doces-finos\/\">Continue lendo<\/a><\/p>\n","protected":false},"author":495,"featured_media":0,"comment_status":"closed","ping_status":"closed","sticky":false,"template":"","format":"standard","meta":{"footnotes":""},"categories":[18],"tags":[],"class_list":["post-225","post","type-post","status-publish","format-standard","hentry","category-sem-categoria","item-wrap"],"jetpack_featured_media_url":"","_links":{"self":[{"href":"https:\/\/wp.ufpel.edu.br\/apldoces\/wp-json\/wp\/v2\/posts\/225","targetHints":{"allow":["GET"]}}],"collection":[{"href":"https:\/\/wp.ufpel.edu.br\/apldoces\/wp-json\/wp\/v2\/posts"}],"about":[{"href":"https:\/\/wp.ufpel.edu.br\/apldoces\/wp-json\/wp\/v2\/types\/post"}],"author":[{"embeddable":true,"href":"https:\/\/wp.ufpel.edu.br\/apldoces\/wp-json\/wp\/v2\/users\/495"}],"replies":[{"embeddable":true,"href":"https:\/\/wp.ufpel.edu.br\/apldoces\/wp-json\/wp\/v2\/comments?post=225"}],"version-history":[{"count":1,"href":"https:\/\/wp.ufpel.edu.br\/apldoces\/wp-json\/wp\/v2\/posts\/225\/revisions"}],"predecessor-version":[{"id":226,"href":"https:\/\/wp.ufpel.edu.br\/apldoces\/wp-json\/wp\/v2\/posts\/225\/revisions\/226"}],"wp:attachment":[{"href":"https:\/\/wp.ufpel.edu.br\/apldoces\/wp-json\/wp\/v2\/media?parent=225"}],"wp:term":[{"taxonomy":"category","embeddable":true,"href":"https:\/\/wp.ufpel.edu.br\/apldoces\/wp-json\/wp\/v2\/categories?post=225"},{"taxonomy":"post_tag","embeddable":true,"href":"https:\/\/wp.ufpel.edu.br\/apldoces\/wp-json\/wp\/v2\/tags?post=225"}],"curies":[{"name":"wp","href":"https:\/\/api.w.org\/{rel}","templated":true}]}}