{"id":203,"date":"2018-07-10T14:52:48","date_gmt":"2018-07-10T17:52:48","guid":{"rendered":"https:\/\/wp.ufpel.edu.br\/antoniomauricio\/?p=203"},"modified":"2018-07-10T14:52:48","modified_gmt":"2018-07-10T17:52:48","slug":"lancado-edital-pibid-2018","status":"publish","type":"post","link":"https:\/\/wp.ufpel.edu.br\/antoniomauricio\/2018\/07\/10\/lancado-edital-pibid-2018\/","title":{"rendered":"Lan\u00e7ado Edital PIBID 2018"},"content":{"rendered":"<p>Pr\u00f3 reitoria de Ensino lan\u00e7a edital para sele\u00e7\u00e3o de alunos para o Programa PIBID 2018.<\/p>\n<p>Acesse abaixo o edital:<\/p>\n<p><a href=\"https:\/\/wp.ufpel.edu.br\/antoniomauricio\/files\/2018\/07\/SEI_UFPel-0204040-Edital-PIBID-ACAD\u00caMICOS.pdf\">SEI_UFPel &#8211; 0204040 &#8211; Edital PIBID ACAD\u00caMICOS<\/a><\/p>\n","protected":false},"excerpt":{"rendered":"<p>Pr\u00f3 reitoria de Ensino lan\u00e7a edital para sele\u00e7\u00e3o de alunos para o Programa PIBID 2018. Acesse abaixo o edital: SEI_UFPel &#8211; 0204040 &#8211; Edital PIBID ACAD\u00caMICOS<\/p>\n","protected":false},"author":481,"featured_media":0,"comment_status":"closed","ping_status":"closed","sticky":false,"template":"","format":"standard","meta":{"footnotes":""},"categories":[18],"tags":[],"class_list":["post-203","post","type-post","status-publish","format-standard","hentry","category-sem-categoria","item-wrap"],"jetpack_featured_media_url":"","_links":{"self":[{"href":"https:\/\/wp.ufpel.edu.br\/antoniomauricio\/wp-json\/wp\/v2\/posts\/203","targetHints":{"allow":["GET"]}}],"collection":[{"href":"https:\/\/wp.ufpel.edu.br\/antoniomauricio\/wp-json\/wp\/v2\/posts"}],"about":[{"href":"https:\/\/wp.ufpel.edu.br\/antoniomauricio\/wp-json\/wp\/v2\/types\/post"}],"author":[{"embeddable":true,"href":"https:\/\/wp.ufpel.edu.br\/antoniomauricio\/wp-json\/wp\/v2\/users\/481"}],"replies":[{"embeddable":true,"href":"https:\/\/wp.ufpel.edu.br\/antoniomauricio\/wp-json\/wp\/v2\/comments?post=203"}],"version-history":[{"count":1,"href":"https:\/\/wp.ufpel.edu.br\/antoniomauricio\/wp-json\/wp\/v2\/posts\/203\/revisions"}],"predecessor-version":[{"id":205,"href":"https:\/\/wp.ufpel.edu.br\/antoniomauricio\/wp-json\/wp\/v2\/posts\/203\/revisions\/205"}],"wp:attachment":[{"href":"https:\/\/wp.ufpel.edu.br\/antoniomauricio\/wp-json\/wp\/v2\/media?parent=203"}],"wp:term":[{"taxonomy":"category","embeddable":true,"href":"https:\/\/wp.ufpel.edu.br\/antoniomauricio\/wp-json\/wp\/v2\/categories?post=203"},{"taxonomy":"post_tag","embeddable":true,"href":"https:\/\/wp.ufpel.edu.br\/antoniomauricio\/wp-json\/wp\/v2\/tags?post=203"}],"curies":[{"name":"wp","href":"https:\/\/api.w.org\/{rel}","templated":true}]}}