{"id":5426,"date":"2026-08-07T10:39:50","date_gmt":"2026-08-07T13:39:50","guid":{"rendered":"https:\/\/wp.ufpel.edu.br\/agronomia\/?p=5426"},"modified":"2026-08-26T15:22:41","modified_gmt":"2026-08-26T18:22:41","slug":"horarios-e-salas-de-aula-de-2026-2","status":"publish","type":"post","link":"https:\/\/wp.ufpel.edu.br\/agronomia\/2026\/08\/07\/horarios-e-salas-de-aula-de-2026-2\/","title":{"rendered":"Hor\u00e1rios e salas de aula de 2026\/2 &#8211; Atualizado"},"content":{"rendered":"<p>Prezados(as) alunos(as),<\/p>\n<p>Os hor\u00e1rios e salas de aula de 2026\/2 atualizado (26\/08\/2026) est\u00e3o no link abaixo:<\/p>\n<p><a href=\"https:\/\/wp.ufpel.edu.br\/agronomia\/files\/2026\/08\/Horarios-2026.2-2-2.pdf\">Horarios-2026.2 (2)<\/a><\/p>\n","protected":false},"excerpt":{"rendered":"<p>Prezados(as) alunos(as), Os hor\u00e1rios e salas de aula de 2026\/2 atualizado (26\/08\/2026) est\u00e3o no link abaixo: Horarios-2026.2 (2)<\/p>\n","protected":false},"author":914,"featured_media":0,"comment_status":"closed","ping_status":"closed","sticky":false,"template":"","format":"standard","meta":{"_jetpack_newsletter_access":"","_jetpack_dont_email_post_to_subs":false,"_jetpack_newsletter_tier_id":0,"_jetpack_memberships_contains_paywalled_content":false,"_jetpack_feature_clip_id":0,"_jetpack_memberships_contains_paid_content":false,"footnotes":"","jetpack_publicize_message":"","jetpack_publicize_feature_enabled":true,"jetpack_social_post_already_shared":true,"jetpack_social_options":{"image_generator_settings":{"template":"highway","default_image_id":0,"font":"","enabled":false},"version":2},"jetpack_post_was_ever_published":false},"categories":[1],"tags":[],"class_list":["post-5426","post","type-post","status-publish","format-standard","hentry","category-noticias"],"jetpack_publicize_connections":[],"jetpack_featured_media_url":"","jetpack_sharing_enabled":true,"jetpack_shortlink":"https:\/\/wp.me\/p7oTE2-1pw","jetpack-related-posts":[{"id":5376,"url":"https:\/\/wp.ufpel.edu.br\/agronomia\/2026\/03\/20\/horarios-e-salas-de-aula-2026-1\/","url_meta":{"origin":5426,"position":0},"title":"Hor\u00e1rios e Salas de Aula &#8211; 2026\/1","author":"colegiadofaem","date":"20\/03\/2026","format":false,"excerpt":"Prezados(as) alunos(as), Os hor\u00e1rios e salas de aula de 2026\/1 est\u00e3o no link abaixo. Horarios-2026.1","rel":"","context":"Em &quot;Not\u00edcias&quot;","block_context":{"text":"Not\u00edcias","link":"https:\/\/wp.ufpel.edu.br\/agronomia\/category\/noticias\/"},"img":{"alt_text":"","src":"","width":0,"height":0},"classes":[]},{"id":5410,"url":"https:\/\/wp.ufpel.edu.br\/agronomia\/2026\/05\/29\/periodo-para-solicitacao-de-formatura-2026-1\/","url_meta":{"origin":5426,"position":1},"title":"Per\u00edodo para solicita\u00e7\u00e3o de formatura 2026\/1","author":"colegiadofaem","date":"29\/05\/2026","format":false,"excerpt":"Prezados alunos(as), Informamos que o prazo para solicita\u00e7\u00e3o de formatura 2026\/1 foi atualizado, conforme definido no Calend\u00e1rio Acad\u00eamico. A data limite para que os alunos solicitem formatura 2026\/1, especialmente a institucional externa, ser\u00e1 do dia 15\/06\/2026 at\u00e9 26\/06\/2026 atrav\u00e9s do cobalto. Aproveitamos para lembrar que todas as informa\u00e7\u00f5es sobre a\u2026","rel":"","context":"Em &quot;Not\u00edcias&quot;","block_context":{"text":"Not\u00edcias","link":"https:\/\/wp.ufpel.edu.br\/agronomia\/category\/noticias\/"},"img":{"alt_text":"","src":"","width":0,"height":0},"classes":[]},{"id":5340,"url":"https:\/\/wp.ufpel.edu.br\/agronomia\/2026\/02\/03\/periodo-para-solicitacao-de-formatura-2025-2-e-reabertura-do-prazo-para-solicitacao-formatura-externa\/","url_meta":{"origin":5426,"position":2},"title":"Per\u00edodo para solicita\u00e7\u00e3o de formatura 2025\/2 e reabertura do prazo para solicita\u00e7\u00e3o formatura externa","author":"colegiadofaem","date":"03\/02\/2026","format":false,"excerpt":"Prezados alunos(as), Informamos que o prazo para solicita\u00e7\u00e3o de formatura 2025\/2 foi atualizado, conforme definido no Calend\u00e1rio Acad\u00eamico. A data limite para que os alunos solicitem formatura externa 2025\/2, ser\u00e1 do dia 09\/02\/2026 at\u00e9 20\/02\/2026 atrav\u00e9s do cobalto. Aproveitamos para lembrar que todas as informa\u00e7\u00f5es sobre a pr\u00f3xima edi\u00e7\u00e3o ser\u00e3o\u2026","rel":"","context":"Em &quot;Not\u00edcias&quot;","block_context":{"text":"Not\u00edcias","link":"https:\/\/wp.ufpel.edu.br\/agronomia\/category\/noticias\/"},"img":{"alt_text":"","src":"","width":0,"height":0},"classes":[]}],"_links":{"self":[{"href":"https:\/\/wp.ufpel.edu.br\/agronomia\/wp-json\/wp\/v2\/posts\/5426","targetHints":{"allow":["GET"]}}],"collection":[{"href":"https:\/\/wp.ufpel.edu.br\/agronomia\/wp-json\/wp\/v2\/posts"}],"about":[{"href":"https:\/\/wp.ufpel.edu.br\/agronomia\/wp-json\/wp\/v2\/types\/post"}],"author":[{"embeddable":true,"href":"https:\/\/wp.ufpel.edu.br\/agronomia\/wp-json\/wp\/v2\/users\/914"}],"replies":[{"embeddable":true,"href":"https:\/\/wp.ufpel.edu.br\/agronomia\/wp-json\/wp\/v2\/comments?post=5426"}],"version-history":[{"count":3,"href":"https:\/\/wp.ufpel.edu.br\/agronomia\/wp-json\/wp\/v2\/posts\/5426\/revisions"}],"predecessor-version":[{"id":5453,"href":"https:\/\/wp.ufpel.edu.br\/agronomia\/wp-json\/wp\/v2\/posts\/5426\/revisions\/5453"}],"wp:attachment":[{"href":"https:\/\/wp.ufpel.edu.br\/agronomia\/wp-json\/wp\/v2\/media?parent=5426"}],"wp:term":[{"taxonomy":"category","embeddable":true,"href":"https:\/\/wp.ufpel.edu.br\/agronomia\/wp-json\/wp\/v2\/categories?post=5426"},{"taxonomy":"post_tag","embeddable":true,"href":"https:\/\/wp.ufpel.edu.br\/agronomia\/wp-json\/wp\/v2\/tags?post=5426"}],"curies":[{"name":"wp","href":"https:\/\/api.w.org\/{rel}","templated":true}]}}