{"id":3954,"date":"2019-11-21T16:33:36","date_gmt":"2019-11-21T19:33:36","guid":{"rendered":"https:\/\/wp.ufpel.edu.br\/agronomia\/?p=3954"},"modified":"2019-11-21T16:33:36","modified_gmt":"2019-11-21T19:33:36","slug":"vaga-para-estagio-4","status":"publish","type":"post","link":"https:\/\/wp.ufpel.edu.br\/agronomia\/2019\/11\/21\/vaga-para-estagio-4\/","title":{"rendered":"VAGA PARA EST\u00c1GIO!!"},"content":{"rendered":"<p><span style=\"font-size: 18pt\">Estamos divulgando a disponibilidade de uma vaga de est\u00e1gio para alunos da Agronomia, na Empresa Safras e Cifras.<\/span><\/p>\n<p>&nbsp;<\/p>\n<p>https:\/\/jobs.solides.com\/safrasecifrascarreiras\/vaga\/16344<\/p>\n<p>&nbsp;<\/p>\n<p><img data-recalc-dims=\"1\" data-attachment-id=\"3955\" data-permalink=\"https:\/\/wp.ufpel.edu.br\/agronomia\/2019\/11\/21\/vaga-para-estagio-4\/safras\/\" data-orig-file=\"https:\/\/i0.wp.com\/wp.ufpel.edu.br\/agronomia\/files\/2019\/11\/safras.jpeg?fit=1000%2C1000&amp;ssl=1\" data-orig-size=\"1000,1000\" data-comments-opened=\"0\" data-image-meta=\"{&quot;aperture&quot;:&quot;0&quot;,&quot;credit&quot;:&quot;&quot;,&quot;camera&quot;:&quot;&quot;,&quot;caption&quot;:&quot;&quot;,&quot;created_timestamp&quot;:&quot;0&quot;,&quot;copyright&quot;:&quot;&quot;,&quot;focal_length&quot;:&quot;0&quot;,&quot;iso&quot;:&quot;0&quot;,&quot;shutter_speed&quot;:&quot;0&quot;,&quot;title&quot;:&quot;&quot;,&quot;orientation&quot;:&quot;0&quot;}\" data-image-title=\"safras\" data-image-description=\"\" data-image-caption=\"\" data-medium-file=\"https:\/\/i0.wp.com\/wp.ufpel.edu.br\/agronomia\/files\/2019\/11\/safras.jpeg?fit=400%2C400&amp;ssl=1\" data-large-file=\"https:\/\/i0.wp.com\/wp.ufpel.edu.br\/agronomia\/files\/2019\/11\/safras.jpeg?fit=1000%2C1000&amp;ssl=1\" class=\"alignnone size-medium wp-image-3955\" src=\"https:\/\/i0.wp.com\/wp.ufpel.edu.br\/agronomia\/files\/2019\/11\/safras.jpeg?resize=400%2C400&#038;ssl=1\" alt=\"\" width=\"400\" height=\"400\" srcset=\"https:\/\/i0.wp.com\/wp.ufpel.edu.br\/agronomia\/files\/2019\/11\/safras.jpeg?resize=400%2C400&amp;ssl=1 400w, https:\/\/i0.wp.com\/wp.ufpel.edu.br\/agronomia\/files\/2019\/11\/safras.jpeg?resize=200%2C200&amp;ssl=1 200w, https:\/\/i0.wp.com\/wp.ufpel.edu.br\/agronomia\/files\/2019\/11\/safras.jpeg?resize=768%2C768&amp;ssl=1 768w, https:\/\/i0.wp.com\/wp.ufpel.edu.br\/agronomia\/files\/2019\/11\/safras.jpeg?resize=624%2C624&amp;ssl=1 624w, https:\/\/i0.wp.com\/wp.ufpel.edu.br\/agronomia\/files\/2019\/11\/safras.jpeg?w=1000&amp;ssl=1 1000w\" sizes=\"(max-width: 400px) 100vw, 400px\" \/><\/p>\n","protected":false},"excerpt":{"rendered":"<p>Estamos divulgando a disponibilidade de uma vaga de est\u00e1gio para alunos da Agronomia, na Empresa Safras e Cifras. &nbsp; https:\/\/jobs.solides.com\/safrasecifrascarreiras\/vaga\/16344 &nbsp;<\/p>\n","protected":false},"author":914,"featured_media":0,"comment_status":"closed","ping_status":"closed","sticky":false,"template":"","format":"standard","meta":{"jetpack_post_was_ever_published":false,"_jetpack_newsletter_access":"","_jetpack_dont_email_post_to_subs":false,"_jetpack_newsletter_tier_id":0,"_jetpack_memberships_contains_paywalled_content":false,"_jetpack_memberships_contains_paid_content":false,"footnotes":"","jetpack_publicize_message":"","jetpack_publicize_feature_enabled":true,"jetpack_social_post_already_shared":true,"jetpack_social_options":{"image_generator_settings":{"template":"highway","default_image_id":0,"font":"","enabled":false},"version":2}},"categories":[1],"tags":[],"class_list":["post-3954","post","type-post","status-publish","format-standard","hentry","category-noticias"],"jetpack_publicize_connections":[],"jetpack_featured_media_url":"","jetpack_sharing_enabled":true,"jetpack_shortlink":"https:\/\/wp.me\/p7oTE2-11M","jetpack-related-posts":[{"id":5363,"url":"https:\/\/wp.ufpel.edu.br\/agronomia\/2026\/03\/13\/respostas-dos-pedidos-de-quebra-de-pre-requisito-2026-1\/","url_meta":{"origin":3954,"position":0},"title":"Respostas dos pedidos de Quebra de pr\u00e9-requisito 2026\/1","author":"colegiadofaem","date":"13\/03\/2026","format":false,"excerpt":"Prezados alunos, As quebras de pr\u00e9-requisito foram analisadas pelo Colegiado do Curso de Agronomia de forma individual, levando em considera\u00e7\u00e3o os seguintes crit\u00e9rios: Integraliza\u00e7\u00e3o curricular do aluno: neste caso analisou-se se o aluno \u00e9 prov\u00e1vel formando; Se o aluno tem tempo h\u00e1bil para fazer a disciplina nos semestres que lhe\u2026","rel":"","context":"Em &quot;Not\u00edcias&quot;","block_context":{"text":"Not\u00edcias","link":"https:\/\/wp.ufpel.edu.br\/agronomia\/category\/noticias\/"},"img":{"alt_text":"","src":"","width":0,"height":0},"classes":[]}],"_links":{"self":[{"href":"https:\/\/wp.ufpel.edu.br\/agronomia\/wp-json\/wp\/v2\/posts\/3954","targetHints":{"allow":["GET"]}}],"collection":[{"href":"https:\/\/wp.ufpel.edu.br\/agronomia\/wp-json\/wp\/v2\/posts"}],"about":[{"href":"https:\/\/wp.ufpel.edu.br\/agronomia\/wp-json\/wp\/v2\/types\/post"}],"author":[{"embeddable":true,"href":"https:\/\/wp.ufpel.edu.br\/agronomia\/wp-json\/wp\/v2\/users\/914"}],"replies":[{"embeddable":true,"href":"https:\/\/wp.ufpel.edu.br\/agronomia\/wp-json\/wp\/v2\/comments?post=3954"}],"version-history":[{"count":1,"href":"https:\/\/wp.ufpel.edu.br\/agronomia\/wp-json\/wp\/v2\/posts\/3954\/revisions"}],"predecessor-version":[{"id":3956,"href":"https:\/\/wp.ufpel.edu.br\/agronomia\/wp-json\/wp\/v2\/posts\/3954\/revisions\/3956"}],"wp:attachment":[{"href":"https:\/\/wp.ufpel.edu.br\/agronomia\/wp-json\/wp\/v2\/media?parent=3954"}],"wp:term":[{"taxonomy":"category","embeddable":true,"href":"https:\/\/wp.ufpel.edu.br\/agronomia\/wp-json\/wp\/v2\/categories?post=3954"},{"taxonomy":"post_tag","embeddable":true,"href":"https:\/\/wp.ufpel.edu.br\/agronomia\/wp-json\/wp\/v2\/tags?post=3954"}],"curies":[{"name":"wp","href":"https:\/\/api.w.org\/{rel}","templated":true}]}}