{"id":3833,"date":"2019-10-04T07:14:47","date_gmt":"2019-10-04T10:14:47","guid":{"rendered":"https:\/\/wp.ufpel.edu.br\/agronomia\/?p=3833"},"modified":"2019-10-04T07:14:47","modified_gmt":"2019-10-04T10:14:47","slug":"seminario-fitossanidade","status":"publish","type":"post","link":"https:\/\/wp.ufpel.edu.br\/agronomia\/2019\/10\/04\/seminario-fitossanidade\/","title":{"rendered":"Semin\u00e1rio Fitossanidade!"},"content":{"rendered":"<div><span style=\"font-size: 14pt;color: #0000ff\">\u00a0I<b>V International Weed Science Seminar \/Primer Taller Latinoamericano de Malezas<\/b><\/span><\/div>\n<div><\/div>\n<div><span style=\"font-size: 14pt\"><b>\u00a0<\/b><strong>Data: 07 a 09 de outubro;<\/strong><\/span><\/div>\n<div><\/div>\n<div><strong><span style=\"font-size: 14pt\">Local:\u00a0 Audit\u00f3rio da FAEM.<\/span><\/strong><\/div>\n<div><\/div>\n<div><span style=\"font-size: 14pt\">Maiores informa\u00e7\u00f5es no link ou com os professores do Centro de Herbologia (CEHERB).<\/span><\/div>\n<div><\/div>\n<div><span style=\"font-size: 14pt\"><a href=\"https:\/\/wp.ufpel.edu.br\/ppgfs\/iv-international-weed-science-seminar\/\" target=\"_blank\" rel=\"noopener noreferrer\" data-saferedirecturl=\"https:\/\/www.google.com\/url?q=https:\/\/wp.ufpel.edu.br\/ppgfs\/iv-international-weed-science-seminar\/&amp;source=gmail&amp;ust=1570270066025000&amp;usg=AFQjCNH7adhbgUJ0qPC-g_uoxM1k-DqnYA\">https:\/\/wp.ufpel.edu.br\/ppgfs\/iv-international-weed-science-seminar\/<\/a><\/span><\/div>\n","protected":false},"excerpt":{"rendered":"<p>\u00a0IV International Weed Science Seminar \/Primer Taller Latinoamericano de Malezas \u00a0Data: 07 a 09 de outubro; Local:\u00a0 Audit\u00f3rio da FAEM. Maiores informa\u00e7\u00f5es no link ou com os professores do Centro de Herbologia (CEHERB). https:\/\/wp.ufpel.edu.br\/ppgfs\/iv-international-weed-science-seminar\/<\/p>\n","protected":false},"author":914,"featured_media":0,"comment_status":"closed","ping_status":"closed","sticky":false,"template":"","format":"standard","meta":{"jetpack_post_was_ever_published":false,"_jetpack_newsletter_access":"","_jetpack_dont_email_post_to_subs":false,"_jetpack_newsletter_tier_id":0,"_jetpack_memberships_contains_paywalled_content":false,"_jetpack_memberships_contains_paid_content":false,"footnotes":"","jetpack_publicize_message":"","jetpack_publicize_feature_enabled":true,"jetpack_social_post_already_shared":true,"jetpack_social_options":{"image_generator_settings":{"template":"highway","default_image_id":0,"font":"","enabled":false},"version":2}},"categories":[1],"tags":[],"class_list":["post-3833","post","type-post","status-publish","format-standard","hentry","category-noticias"],"jetpack_publicize_connections":[],"jetpack_featured_media_url":"","jetpack_sharing_enabled":true,"jetpack_shortlink":"https:\/\/wp.me\/p7oTE2-ZP","jetpack-related-posts":[],"_links":{"self":[{"href":"https:\/\/wp.ufpel.edu.br\/agronomia\/wp-json\/wp\/v2\/posts\/3833","targetHints":{"allow":["GET"]}}],"collection":[{"href":"https:\/\/wp.ufpel.edu.br\/agronomia\/wp-json\/wp\/v2\/posts"}],"about":[{"href":"https:\/\/wp.ufpel.edu.br\/agronomia\/wp-json\/wp\/v2\/types\/post"}],"author":[{"embeddable":true,"href":"https:\/\/wp.ufpel.edu.br\/agronomia\/wp-json\/wp\/v2\/users\/914"}],"replies":[{"embeddable":true,"href":"https:\/\/wp.ufpel.edu.br\/agronomia\/wp-json\/wp\/v2\/comments?post=3833"}],"version-history":[{"count":1,"href":"https:\/\/wp.ufpel.edu.br\/agronomia\/wp-json\/wp\/v2\/posts\/3833\/revisions"}],"predecessor-version":[{"id":3834,"href":"https:\/\/wp.ufpel.edu.br\/agronomia\/wp-json\/wp\/v2\/posts\/3833\/revisions\/3834"}],"wp:attachment":[{"href":"https:\/\/wp.ufpel.edu.br\/agronomia\/wp-json\/wp\/v2\/media?parent=3833"}],"wp:term":[{"taxonomy":"category","embeddable":true,"href":"https:\/\/wp.ufpel.edu.br\/agronomia\/wp-json\/wp\/v2\/categories?post=3833"},{"taxonomy":"post_tag","embeddable":true,"href":"https:\/\/wp.ufpel.edu.br\/agronomia\/wp-json\/wp\/v2\/tags?post=3833"}],"curies":[{"name":"wp","href":"https:\/\/api.w.org\/{rel}","templated":true}]}}