{"id":3613,"date":"2019-08-02T12:55:53","date_gmt":"2019-08-02T15:55:53","guid":{"rendered":"https:\/\/wp.ufpel.edu.br\/agronomia\/?p=3613"},"modified":"2019-08-02T13:18:54","modified_gmt":"2019-08-02T16:18:54","slug":"correcao-de-matricula-agronomia-2019-2","status":"publish","type":"post","link":"https:\/\/wp.ufpel.edu.br\/agronomia\/2019\/08\/02\/correcao-de-matricula-agronomia-2019-2\/","title":{"rendered":"CORRE\u00c7\u00c3O DE MATR\u00cdCULA AGRONOMIA 2019\/2."},"content":{"rendered":"<p>a corre\u00e7\u00e3o de matr\u00edcula do Curso de Agronomia ocorrer\u00e1 no per\u00edodo de<strong> 05 a 09 de agosto de 2019,<\/strong>\u00a0 no colegiado do curso, de acordo com o cronograma abaixo:<\/p>\n<table width=\"88%\">\n<tbody>\n<tr>\n<td width=\"18%\"><span style=\"font-size: 14pt\">DATA<\/span><\/td>\n<td width=\"37%\"><span style=\"font-size: 14pt\">HOR\u00c1RIO<\/span><\/td>\n<td width=\"43%\"><span style=\"font-size: 14pt\">N\u00daMERO DE CLASSIFICA\u00c7\u00c3O<\/span><\/td>\n<\/tr>\n<tr>\n<td width=\"18%\"><span style=\"font-size: 14pt\">05\/08<\/span><\/td>\n<td width=\"37%\"><span style=\"font-size: 14pt\">08h30min &#8211; 13h30min<\/span><\/td>\n<td width=\"43%\"><span style=\"font-size: 14pt\">01 ao 400<\/span><\/td>\n<\/tr>\n<tr>\n<td width=\"18%\"><span style=\"font-size: 14pt\">06\/08<\/span><\/td>\n<td width=\"37%\"><span style=\"font-size: 14pt\">08h30min &#8211; 13h30min<\/span><\/td>\n<td width=\"43%\"><span style=\"font-size: 14pt\">401 ao 650<\/span><\/td>\n<\/tr>\n<tr>\n<td width=\"18%\"><span style=\"font-size: 14pt\">07\/08<\/span><\/td>\n<td width=\"37%\"><span style=\"font-size: 14pt\">08h30min &#8211; 13h30min<\/span><\/td>\n<td width=\"43%\"><span style=\"font-size: 14pt\">651 ao 800<\/span><\/td>\n<\/tr>\n<tr>\n<td width=\"18%\"><span style=\"font-size: 14pt\">08\/08<\/span><\/td>\n<td width=\"37%\"><span style=\"font-size: 14pt\">08h30min \u00a0&#8211; 13h30min<\/span><\/td>\n<td width=\"43%\"><span style=\"font-size: 14pt\">801 em diante<\/span><\/td>\n<\/tr>\n<tr>\n<td width=\"18%\"><span style=\"font-size: 14pt\">09\/08<\/span><\/td>\n<td width=\"37%\"><span style=\"font-size: 14pt\">08h30min &#8211; 12h00min<\/span><\/td>\n<td width=\"43%\"><span style=\"font-size: 14pt\">Retardat\u00e1rios<\/span><\/td>\n<\/tr>\n<\/tbody>\n<\/table>\n<p>SOLICITAMOS QUE TODOS FIQUEM ATENTOS PARA CONFERIR SEU DIA DE CORRE\u00c7\u00c3O DA MATR\u00cdCULA.SALIENTAMOS QUE O CRA SOMENTE IR\u00c1 DISPONIBILIZAR A LISTA COM A CLASSIFICA\u00c7\u00c3O AP\u00d3S O ENCERRAMENTO DO PER\u00cdODO DE PROCESSAMENTO DAS SOLICITA\u00c7\u00d5ES DE MATR\u00cdCULA, QUANDO IREMOS DIVULG\u00c1-LA NESTA P\u00c1GINA.<\/p>\n<p>No dia dos retardat\u00e1rios a corre\u00e7\u00e3o tamb\u00e9m ser\u00e1 feita pela ordem de classifica\u00e7\u00e3o.<\/p>\n<p>A realiza\u00e7\u00e3o da corre\u00e7\u00e3o de matr\u00edcula somente pode ser feita <strong>pelo pr\u00f3prio aluno <\/strong>ou por <strong>outra pessoa devidamente autorizada por uma procura\u00e7\u00e3o original<\/strong>.<\/p>\n<p>O modelo de procura\u00e7\u00e3o est\u00e1 dispon\u00edvel na p\u00e1gina do colegiado nos documentos dispon\u00edveis aos alunos.<\/p>\n<p>N\u00e3o h\u00e1 necessidade de reconhecer firma da assinatura da procura\u00e7\u00e3o.<\/p>\n","protected":false},"excerpt":{"rendered":"<p>a corre\u00e7\u00e3o de matr\u00edcula do Curso de Agronomia ocorrer\u00e1 no per\u00edodo de 05 a 09 de agosto de 2019,\u00a0 no colegiado do curso, de acordo com o cronograma abaixo: DATA HOR\u00c1RIO N\u00daMERO DE CLASSIFICA\u00c7\u00c3O 05\/08 08h30min &#8211; 13h30min 01 ao 400 06\/08 08h30min &#8211; 13h30min 401 ao 650 07\/08 08h30min &#8211; 13h30min 651 ao 800 [&hellip;]<\/p>\n","protected":false},"author":914,"featured_media":0,"comment_status":"closed","ping_status":"closed","sticky":false,"template":"","format":"standard","meta":{"_jetpack_newsletter_access":"","_jetpack_dont_email_post_to_subs":false,"_jetpack_newsletter_tier_id":0,"_jetpack_memberships_contains_paywalled_content":false,"_jetpack_feature_clip_id":0,"_jetpack_memberships_contains_paid_content":false,"footnotes":"","jetpack_publicize_message":"","jetpack_publicize_feature_enabled":true,"jetpack_social_post_already_shared":true,"jetpack_social_options":{"image_generator_settings":{"template":"highway","default_image_id":0,"font":"","enabled":false},"version":2},"jetpack_post_was_ever_published":false},"categories":[1],"tags":[],"class_list":["post-3613","post","type-post","status-publish","format-standard","hentry","category-noticias"],"jetpack_publicize_connections":[],"jetpack_featured_media_url":"","jetpack_sharing_enabled":true,"jetpack_shortlink":"https:\/\/wp.me\/p7oTE2-Wh","jetpack-related-posts":[{"id":5363,"url":"https:\/\/wp.ufpel.edu.br\/agronomia\/2026\/03\/13\/respostas-dos-pedidos-de-quebra-de-pre-requisito-2026-1\/","url_meta":{"origin":3613,"position":0},"title":"Respostas dos pedidos de Quebra de pr\u00e9-requisito 2026\/1","author":"colegiadofaem","date":"13\/03\/2026","format":false,"excerpt":"Prezados alunos, As quebras de pr\u00e9-requisito foram analisadas pelo Colegiado do Curso de Agronomia de forma individual, levando em considera\u00e7\u00e3o os seguintes crit\u00e9rios: Integraliza\u00e7\u00e3o curricular do aluno: neste caso analisou-se se o aluno \u00e9 prov\u00e1vel formando; Se o aluno tem tempo h\u00e1bil para fazer a disciplina nos semestres que lhe\u2026","rel":"","context":"Em &quot;Not\u00edcias&quot;","block_context":{"text":"Not\u00edcias","link":"https:\/\/wp.ufpel.edu.br\/agronomia\/category\/noticias\/"},"img":{"alt_text":"","src":"","width":0,"height":0},"classes":[]},{"id":5431,"url":"https:\/\/wp.ufpel.edu.br\/agronomia\/2026\/08\/10\/respostas-dos-pedidos-de-quebra-de-pre-requisito-2026-2\/","url_meta":{"origin":3613,"position":1},"title":"Respostas dos pedidos de Quebra de pr\u00e9-requisito 2026\/2","author":"colegiadofaem","date":"10\/08\/2026","format":false,"excerpt":"Prezados alunos, As quebras de pr\u00e9-requisito foram analisadas pelo Colegiado do Curso de Agronomia de forma individual, levando em considera\u00e7\u00e3o os seguintes crit\u00e9rios: Integraliza\u00e7\u00e3o curricular do aluno: neste caso analisou-se se o aluno \u00e9 prov\u00e1vel formando; Se o aluno tem tempo h\u00e1bil para fazer a disciplina nos semestres que lhe\u2026","rel":"","context":"Em &quot;Not\u00edcias&quot;","block_context":{"text":"Not\u00edcias","link":"https:\/\/wp.ufpel.edu.br\/agronomia\/category\/noticias\/"},"img":{"alt_text":"","src":"","width":0,"height":0},"classes":[]},{"id":5422,"url":"https:\/\/wp.ufpel.edu.br\/agronomia\/2026\/07\/30\/quebra-de-pre-requisito-2026-2\/","url_meta":{"origin":3613,"position":2},"title":"Quebra de pr\u00e9 requisito 2026-2","author":"colegiadofaem","date":"30\/07\/2026","format":false,"excerpt":"O Colegiado de curso da Agronomia informa que, o prazo para solicita\u00e7\u00f5es para quebra de pr\u00e9 requisito referentes ao semestre de 2026\/2, ocorrer\u00e1 at\u00e9 o dia 05 de agosto de 2026. Para realizar a solicita\u00e7\u00e3o, o aluno dever\u00e1 preencher o formul\u00e1rio e enviar para o e-mail colegiadofaem@gmail.com. Lembramos que o\u2026","rel":"","context":"Em &quot;Not\u00edcias&quot;","block_context":{"text":"Not\u00edcias","link":"https:\/\/wp.ufpel.edu.br\/agronomia\/category\/noticias\/"},"img":{"alt_text":"","src":"","width":0,"height":0},"classes":[]},{"id":5429,"url":"https:\/\/wp.ufpel.edu.br\/agronomia\/2026\/08\/10\/seminario-anual-ppgdtsa\/","url_meta":{"origin":3613,"position":3},"title":"Semin\u00e1rio Anual PPGDTSA","author":"colegiadofaem","date":"10\/08\/2026","format":false,"excerpt":"Prezados(as), A Comiss\u00e3o Organizadora do XI Semin\u00e1rio Anual do Programa de P\u00f3s-Gradua\u00e7\u00e3o em Desenvolvimento Territorial e Sistemas Agroindustriais (PPGDTSA), da Universidade Federal de Pelotas (UFPel), vem, por meio deste contato, apresentar e convidar essa comunidade acad\u00eamica a participar do evento, que nesta edi\u00e7\u00e3o ter\u00e1 como tema \u201cTerrit\u00f3rio, Desenvolvimento e Sustentabilidade:\u2026","rel":"","context":"Em &quot;Not\u00edcias&quot;","block_context":{"text":"Not\u00edcias","link":"https:\/\/wp.ufpel.edu.br\/agronomia\/category\/noticias\/"},"img":{"alt_text":"","src":"","width":0,"height":0},"classes":[]},{"id":5371,"url":"https:\/\/wp.ufpel.edu.br\/agronomia\/2026\/03\/13\/recurso-quebra-de-pre-requisito-2026-1\/","url_meta":{"origin":3613,"position":4},"title":"Recurso Quebra de Pr\u00e9 requisito 2026\/1","author":"colegiadofaem","date":"13\/03\/2026","format":false,"excerpt":"Prezados alunos, caso queiram interpor recurso ao COCEPE, para a negativa do pedido de quebra de pr\u00e9-requisito, o procedimento a ser seguido est\u00e1 especificado abaixo: Enviar em\u00a0ARQUIVO \u00daNICO, FORMATO PDF, para o email colegiadofaem@gmail.com\u00a0os seguintes documentos: Formul\u00e1rio de recurso de pedido de quebra de pr\u00e9 requisito (dispon\u00edvel nesta p\u00e1gina: https:\/\/wp.ufpel.edu.br\/agronomia\/formularios\/);\u2026","rel":"","context":"Em &quot;Not\u00edcias&quot;","block_context":{"text":"Not\u00edcias","link":"https:\/\/wp.ufpel.edu.br\/agronomia\/category\/noticias\/"},"img":{"alt_text":"","src":"","width":0,"height":0},"classes":[]},{"id":5438,"url":"https:\/\/wp.ufpel.edu.br\/agronomia\/2026\/08\/11\/recurso-quebra-de-pre-requisito-2026-2\/","url_meta":{"origin":3613,"position":5},"title":"Recurso Quebra de Pr\u00e9 requisito 2026\/2","author":"colegiadofaem","date":"11\/08\/2026","format":false,"excerpt":"Prezados alunos, caso queiram interpor recurso ao COCEPE, para a negativa do pedido de quebra de pr\u00e9-requisito, o procedimento a ser seguido est\u00e1 especificado abaixo: Enviar em\u00a0ARQUIVO \u00daNICO, FORMATO PDF, para o email colegiadofaem@gmail.com\u00a0os seguintes documentos: Formul\u00e1rio de recurso de pedido de quebra de pr\u00e9 requisito (dispon\u00edvel nesta p\u00e1gina: https:\/\/wp.ufpel.edu.br\/agronomia\/formularios\/);\u2026","rel":"","context":"Em &quot;Not\u00edcias&quot;","block_context":{"text":"Not\u00edcias","link":"https:\/\/wp.ufpel.edu.br\/agronomia\/category\/noticias\/"},"img":{"alt_text":"","src":"","width":0,"height":0},"classes":[]}],"_links":{"self":[{"href":"https:\/\/wp.ufpel.edu.br\/agronomia\/wp-json\/wp\/v2\/posts\/3613","targetHints":{"allow":["GET"]}}],"collection":[{"href":"https:\/\/wp.ufpel.edu.br\/agronomia\/wp-json\/wp\/v2\/posts"}],"about":[{"href":"https:\/\/wp.ufpel.edu.br\/agronomia\/wp-json\/wp\/v2\/types\/post"}],"author":[{"embeddable":true,"href":"https:\/\/wp.ufpel.edu.br\/agronomia\/wp-json\/wp\/v2\/users\/914"}],"replies":[{"embeddable":true,"href":"https:\/\/wp.ufpel.edu.br\/agronomia\/wp-json\/wp\/v2\/comments?post=3613"}],"version-history":[{"count":1,"href":"https:\/\/wp.ufpel.edu.br\/agronomia\/wp-json\/wp\/v2\/posts\/3613\/revisions"}],"predecessor-version":[{"id":3615,"href":"https:\/\/wp.ufpel.edu.br\/agronomia\/wp-json\/wp\/v2\/posts\/3613\/revisions\/3615"}],"wp:attachment":[{"href":"https:\/\/wp.ufpel.edu.br\/agronomia\/wp-json\/wp\/v2\/media?parent=3613"}],"wp:term":[{"taxonomy":"category","embeddable":true,"href":"https:\/\/wp.ufpel.edu.br\/agronomia\/wp-json\/wp\/v2\/categories?post=3613"},{"taxonomy":"post_tag","embeddable":true,"href":"https:\/\/wp.ufpel.edu.br\/agronomia\/wp-json\/wp\/v2\/tags?post=3613"}],"curies":[{"name":"wp","href":"https:\/\/api.w.org\/{rel}","templated":true}]}}