{"id":2480,"date":"2018-08-10T10:15:12","date_gmt":"2018-08-10T13:15:12","guid":{"rendered":"https:\/\/wp.ufpel.edu.br\/agronomia\/?p=2480"},"modified":"2019-04-01T14:16:02","modified_gmt":"2019-04-01T17:16:02","slug":"orientacoes-para-a-correcao-de-matricula-do-curso-de-agronomia","status":"publish","type":"post","link":"https:\/\/wp.ufpel.edu.br\/agronomia\/2018\/08\/10\/orientacoes-para-a-correcao-de-matricula-do-curso-de-agronomia\/","title":{"rendered":"ORIENTA\u00c7\u00d5ES PARA A CORRE\u00c7\u00c3O DE MATR\u00cdCULA DO CURSO DE AGRONOMIA."},"content":{"rendered":"<p>A corre\u00e7\u00e3o de matr\u00edcula do Curso de Agronomia ocorrer\u00e1 no per\u00edodo de<strong> 15 a 20 de agosto de 2018<\/strong> de acordo com o cronograma abaixo:<\/p>\n<table style=\"border-collapse: collapse;width: 49.2536%;height: 211px\" border=\"1\">\n<tbody>\n<tr>\n<td style=\"width: 7.29682%\">DATA<\/td>\n<td style=\"width: 13.5157%\">HOR\u00c1RIO<\/td>\n<td style=\"width: 28.4411%\">N\u00daMERO DE CLASSIFICA\u00c7\u00c3O<\/td>\n<\/tr>\n<tr>\n<td style=\"width: 7.29682%\">15\/08<\/td>\n<td style=\"width: 13.5157%\">08h30min<\/td>\n<td style=\"width: 28.4411%\">1\u00a0 ao 500<\/td>\n<\/tr>\n<tr>\n<td style=\"width: 7.29682%\"><\/td>\n<td style=\"width: 13.5157%\">13h30min<\/td>\n<td style=\"width: 28.4411%\">501 ao 700<\/td>\n<\/tr>\n<tr>\n<td style=\"width: 7.29682%\">16\/08<\/td>\n<td style=\"width: 13.5157%\">08h30min<\/td>\n<td style=\"width: 28.4411%\">701 ao 850<\/td>\n<\/tr>\n<tr>\n<td style=\"width: 7.29682%\"><\/td>\n<td style=\"width: 13.5157%\">13h30min<\/td>\n<td style=\"width: 28.4411%\">851 ao 950<\/td>\n<\/tr>\n<tr>\n<td style=\"width: 7.29682%\">17\/08<\/td>\n<td style=\"width: 13.5157%\">08h30min<\/td>\n<td style=\"width: 28.4411%\">951 ao 1025<\/td>\n<\/tr>\n<tr>\n<td style=\"width: 7.29682%\"><\/td>\n<td style=\"width: 13.5157%\">13h30min<\/td>\n<td style=\"width: 28.4411%\">retardat\u00e1rios<\/td>\n<\/tr>\n<tr>\n<td style=\"width: 7.29682%\">20\/08<\/td>\n<td style=\"width: 13.5157%\">08h30min<\/td>\n<td style=\"width: 28.4411%\">retardat\u00e1rios<\/td>\n<\/tr>\n<\/tbody>\n<\/table>\n<p>SALIENTAMOS QUE O CRA SOMENTE IR\u00c1 DISPONIBILIZAR A LISTA\u00a0 COM A CLASSIFICA\u00c7\u00c3O AP\u00d3S O ENCERRAMENTO DO PER\u00cdODO DE SOLICITA\u00c7\u00c3O DE MATR\u00cdCULA, QUANDO IREMOS DIVULG\u00c1-LA NESTA P\u00c1GINA. ENT\u00c3O, SOLICITAMOS QUE TODOS FIQUEM ATENTOS PARA CONFERIR SEU DIA DE CORRE\u00c7\u00c3O DA MATR\u00cdCULA.<\/p>\n","protected":false},"excerpt":{"rendered":"<p>A corre\u00e7\u00e3o de matr\u00edcula do Curso de Agronomia ocorrer\u00e1 no per\u00edodo de 15 a 20 de agosto de 2018 de acordo com o cronograma abaixo: DATA HOR\u00c1RIO N\u00daMERO DE CLASSIFICA\u00c7\u00c3O 15\/08 08h30min 1\u00a0 ao 500 13h30min 501 ao 700 16\/08 08h30min 701 ao 850 13h30min 851 ao 950 17\/08 08h30min 951 ao 1025 13h30min retardat\u00e1rios [&hellip;]<\/p>\n","protected":false},"author":914,"featured_media":0,"comment_status":"closed","ping_status":"closed","sticky":false,"template":"","format":"standard","meta":{"_jetpack_newsletter_access":"","_jetpack_dont_email_post_to_subs":false,"_jetpack_newsletter_tier_id":0,"_jetpack_memberships_contains_paywalled_content":false,"_jetpack_feature_clip_id":0,"_jetpack_memberships_contains_paid_content":false,"footnotes":"","jetpack_publicize_message":"","jetpack_publicize_feature_enabled":true,"jetpack_social_post_already_shared":true,"jetpack_social_options":{"image_generator_settings":{"template":"highway","default_image_id":0,"font":"","enabled":false},"version":2},"jetpack_post_was_ever_published":false},"categories":[1],"tags":[],"class_list":["post-2480","post","type-post","status-publish","format-standard","hentry","category-noticias"],"jetpack_publicize_connections":[],"jetpack_featured_media_url":"","jetpack_sharing_enabled":true,"jetpack_shortlink":"https:\/\/wp.me\/p7oTE2-E0","jetpack-related-posts":[{"id":5363,"url":"https:\/\/wp.ufpel.edu.br\/agronomia\/2026\/03\/13\/respostas-dos-pedidos-de-quebra-de-pre-requisito-2026-1\/","url_meta":{"origin":2480,"position":0},"title":"Respostas dos pedidos de Quebra de pr\u00e9-requisito 2026\/1","author":"colegiadofaem","date":"13\/03\/2026","format":false,"excerpt":"Prezados alunos, As quebras de pr\u00e9-requisito foram analisadas pelo Colegiado do Curso de Agronomia de forma individual, levando em considera\u00e7\u00e3o os seguintes crit\u00e9rios: Integraliza\u00e7\u00e3o curricular do aluno: neste caso analisou-se se o aluno \u00e9 prov\u00e1vel formando; Se o aluno tem tempo h\u00e1bil para fazer a disciplina nos semestres que lhe\u2026","rel":"","context":"Em &quot;Not\u00edcias&quot;","block_context":{"text":"Not\u00edcias","link":"https:\/\/wp.ufpel.edu.br\/agronomia\/category\/noticias\/"},"img":{"alt_text":"","src":"","width":0,"height":0},"classes":[]},{"id":5422,"url":"https:\/\/wp.ufpel.edu.br\/agronomia\/2026\/07\/30\/quebra-de-pre-requisito-2026-2\/","url_meta":{"origin":2480,"position":1},"title":"Quebra de pr\u00e9 requisito 2026-2","author":"colegiadofaem","date":"30\/07\/2026","format":false,"excerpt":"O Colegiado de curso da Agronomia informa que, o prazo para solicita\u00e7\u00f5es para quebra de pr\u00e9 requisito referentes ao semestre de 2026\/2, ocorrer\u00e1 at\u00e9 o dia 05 de agosto de 2026. Para realizar a solicita\u00e7\u00e3o, o aluno dever\u00e1 preencher o formul\u00e1rio e enviar para o e-mail colegiadofaem@gmail.com. Lembramos que o\u2026","rel":"","context":"Em &quot;Not\u00edcias&quot;","block_context":{"text":"Not\u00edcias","link":"https:\/\/wp.ufpel.edu.br\/agronomia\/category\/noticias\/"},"img":{"alt_text":"","src":"","width":0,"height":0},"classes":[]},{"id":5431,"url":"https:\/\/wp.ufpel.edu.br\/agronomia\/2026\/08\/10\/respostas-dos-pedidos-de-quebra-de-pre-requisito-2026-2\/","url_meta":{"origin":2480,"position":2},"title":"Respostas dos pedidos de Quebra de pr\u00e9-requisito 2026\/2","author":"colegiadofaem","date":"10\/08\/2026","format":false,"excerpt":"Prezados alunos, As quebras de pr\u00e9-requisito foram analisadas pelo Colegiado do Curso de Agronomia de forma individual, levando em considera\u00e7\u00e3o os seguintes crit\u00e9rios: Integraliza\u00e7\u00e3o curricular do aluno: neste caso analisou-se se o aluno \u00e9 prov\u00e1vel formando; Se o aluno tem tempo h\u00e1bil para fazer a disciplina nos semestres que lhe\u2026","rel":"","context":"Em &quot;Not\u00edcias&quot;","block_context":{"text":"Not\u00edcias","link":"https:\/\/wp.ufpel.edu.br\/agronomia\/category\/noticias\/"},"img":{"alt_text":"","src":"","width":0,"height":0},"classes":[]},{"id":5429,"url":"https:\/\/wp.ufpel.edu.br\/agronomia\/2026\/08\/10\/seminario-anual-ppgdtsa\/","url_meta":{"origin":2480,"position":3},"title":"Semin\u00e1rio Anual PPGDTSA","author":"colegiadofaem","date":"10\/08\/2026","format":false,"excerpt":"Prezados(as), A Comiss\u00e3o Organizadora do XI Semin\u00e1rio Anual do Programa de P\u00f3s-Gradua\u00e7\u00e3o em Desenvolvimento Territorial e Sistemas Agroindustriais (PPGDTSA), da Universidade Federal de Pelotas (UFPel), vem, por meio deste contato, apresentar e convidar essa comunidade acad\u00eamica a participar do evento, que nesta edi\u00e7\u00e3o ter\u00e1 como tema \u201cTerrit\u00f3rio, Desenvolvimento e Sustentabilidade:\u2026","rel":"","context":"Em &quot;Not\u00edcias&quot;","block_context":{"text":"Not\u00edcias","link":"https:\/\/wp.ufpel.edu.br\/agronomia\/category\/noticias\/"},"img":{"alt_text":"","src":"","width":0,"height":0},"classes":[]},{"id":5371,"url":"https:\/\/wp.ufpel.edu.br\/agronomia\/2026\/03\/13\/recurso-quebra-de-pre-requisito-2026-1\/","url_meta":{"origin":2480,"position":4},"title":"Recurso Quebra de Pr\u00e9 requisito 2026\/1","author":"colegiadofaem","date":"13\/03\/2026","format":false,"excerpt":"Prezados alunos, caso queiram interpor recurso ao COCEPE, para a negativa do pedido de quebra de pr\u00e9-requisito, o procedimento a ser seguido est\u00e1 especificado abaixo: Enviar em\u00a0ARQUIVO \u00daNICO, FORMATO PDF, para o email colegiadofaem@gmail.com\u00a0os seguintes documentos: Formul\u00e1rio de recurso de pedido de quebra de pr\u00e9 requisito (dispon\u00edvel nesta p\u00e1gina: https:\/\/wp.ufpel.edu.br\/agronomia\/formularios\/);\u2026","rel":"","context":"Em &quot;Not\u00edcias&quot;","block_context":{"text":"Not\u00edcias","link":"https:\/\/wp.ufpel.edu.br\/agronomia\/category\/noticias\/"},"img":{"alt_text":"","src":"","width":0,"height":0},"classes":[]},{"id":5438,"url":"https:\/\/wp.ufpel.edu.br\/agronomia\/2026\/08\/11\/recurso-quebra-de-pre-requisito-2026-2\/","url_meta":{"origin":2480,"position":5},"title":"Recurso Quebra de Pr\u00e9 requisito 2026\/2","author":"colegiadofaem","date":"11\/08\/2026","format":false,"excerpt":"Prezados alunos, caso queiram interpor recurso ao COCEPE, para a negativa do pedido de quebra de pr\u00e9-requisito, o procedimento a ser seguido est\u00e1 especificado abaixo: Enviar em\u00a0ARQUIVO \u00daNICO, FORMATO PDF, para o email colegiadofaem@gmail.com\u00a0os seguintes documentos: Formul\u00e1rio de recurso de pedido de quebra de pr\u00e9 requisito (dispon\u00edvel nesta p\u00e1gina: https:\/\/wp.ufpel.edu.br\/agronomia\/formularios\/);\u2026","rel":"","context":"Em &quot;Not\u00edcias&quot;","block_context":{"text":"Not\u00edcias","link":"https:\/\/wp.ufpel.edu.br\/agronomia\/category\/noticias\/"},"img":{"alt_text":"","src":"","width":0,"height":0},"classes":[]}],"_links":{"self":[{"href":"https:\/\/wp.ufpel.edu.br\/agronomia\/wp-json\/wp\/v2\/posts\/2480","targetHints":{"allow":["GET"]}}],"collection":[{"href":"https:\/\/wp.ufpel.edu.br\/agronomia\/wp-json\/wp\/v2\/posts"}],"about":[{"href":"https:\/\/wp.ufpel.edu.br\/agronomia\/wp-json\/wp\/v2\/types\/post"}],"author":[{"embeddable":true,"href":"https:\/\/wp.ufpel.edu.br\/agronomia\/wp-json\/wp\/v2\/users\/914"}],"replies":[{"embeddable":true,"href":"https:\/\/wp.ufpel.edu.br\/agronomia\/wp-json\/wp\/v2\/comments?post=2480"}],"version-history":[{"count":1,"href":"https:\/\/wp.ufpel.edu.br\/agronomia\/wp-json\/wp\/v2\/posts\/2480\/revisions"}],"predecessor-version":[{"id":2482,"href":"https:\/\/wp.ufpel.edu.br\/agronomia\/wp-json\/wp\/v2\/posts\/2480\/revisions\/2482"}],"wp:attachment":[{"href":"https:\/\/wp.ufpel.edu.br\/agronomia\/wp-json\/wp\/v2\/media?parent=2480"}],"wp:term":[{"taxonomy":"category","embeddable":true,"href":"https:\/\/wp.ufpel.edu.br\/agronomia\/wp-json\/wp\/v2\/categories?post=2480"},{"taxonomy":"post_tag","embeddable":true,"href":"https:\/\/wp.ufpel.edu.br\/agronomia\/wp-json\/wp\/v2\/tags?post=2480"}],"curies":[{"name":"wp","href":"https:\/\/api.w.org\/{rel}","templated":true}]}}