{"id":935,"date":"2017-09-18T11:51:42","date_gmt":"2017-09-18T14:51:42","guid":{"rendered":"https:\/\/wp.ufpel.edu.br\/agrometeorologia\/?p=935"},"modified":"2017-09-18T11:52:12","modified_gmt":"2017-09-18T14:52:12","slug":"inicio-do-segundo-semestre-de-2017","status":"publish","type":"post","link":"https:\/\/wp.ufpel.edu.br\/agrometeorologia\/2017\/09\/18\/inicio-do-segundo-semestre-de-2017\/","title":{"rendered":"In\u00edcio do segundo semestre de 2017"},"content":{"rendered":"<p>Iniciou nesta semana as aulas das disciplinas da \u00e1rea de\u00a0agrometeorologia do segundo semestre de 2017.<\/p>\n<p>No item \u2018<a href=\"https:\/\/wp.ufpel.edu.br\/agrometeorologia\/ementa-da-disciplina\/\">Ementas das disciplina<\/a>s\u2018 est\u00e3o dispon\u00edveis informa\u00e7\u00f5es sobre as disciplinas ofertadas pela \u00e1rea.<\/p>\n<p>O material did\u00e1tico de apoio de agrometeorologia pode ser encontrado em \u2018<a href=\"https:\/\/wp.ufpel.edu.br\/agrometeorologia\/arquivos-de-aula\/agrometeorologia\/\">Material de aula\/Agrometeorologia<\/a>\u2018.<\/p>\n<p>No item informa\u00e7\u00f5es\u00a0h\u00e1 anima\u00e7\u00f5es, v\u00eddeos e informa\u00e7\u00f5es extras sobre\u00a0temas relacionadas a agrometeorologia.<\/p>\n","protected":false},"excerpt":{"rendered":"<p>Iniciou nesta semana as aulas das disciplinas da \u00e1rea de\u00a0agrometeorologia do segundo semestre de 2017. No item \u2018Ementas das disciplinas\u2018 est\u00e3o dispon\u00edveis informa\u00e7\u00f5es sobre as disciplinas ofertadas pela \u00e1rea. O material did\u00e1tico de apoio de agrometeorologia pode ser encontrado em \u2018Material de aula\/Agrometeorologia\u2018. No item informa\u00e7\u00f5es\u00a0h\u00e1 anima\u00e7\u00f5es, v\u00eddeos e informa\u00e7\u00f5es extras sobre\u00a0temas relacionadas a agrometeorologia.<\/p>\n","protected":false},"author":322,"featured_media":0,"comment_status":"closed","ping_status":"closed","sticky":false,"template":"","format":"standard","meta":{"jetpack_post_was_ever_published":false,"_jetpack_newsletter_access":"","_jetpack_dont_email_post_to_subs":false,"_jetpack_newsletter_tier_id":0,"_jetpack_memberships_contains_paywalled_content":false,"_jetpack_memberships_contains_paid_content":false,"footnotes":"","jetpack_publicize_message":"","jetpack_publicize_feature_enabled":true,"jetpack_social_post_already_shared":true,"jetpack_social_options":{"image_generator_settings":{"template":"highway","default_image_id":0,"font":"","enabled":false},"version":2}},"categories":[79818],"tags":[79793,79819],"class_list":["post-935","post","type-post","status-publish","format-standard","hentry","category-noticias","tag-agrometeorologia","tag-ufpel"],"jetpack_publicize_connections":[],"jetpack_featured_media_url":"","jetpack_sharing_enabled":true,"jetpack_shortlink":"https:\/\/wp.me\/p4ZCJ0-f5","_links":{"self":[{"href":"https:\/\/wp.ufpel.edu.br\/agrometeorologia\/wp-json\/wp\/v2\/posts\/935","targetHints":{"allow":["GET"]}}],"collection":[{"href":"https:\/\/wp.ufpel.edu.br\/agrometeorologia\/wp-json\/wp\/v2\/posts"}],"about":[{"href":"https:\/\/wp.ufpel.edu.br\/agrometeorologia\/wp-json\/wp\/v2\/types\/post"}],"author":[{"embeddable":true,"href":"https:\/\/wp.ufpel.edu.br\/agrometeorologia\/wp-json\/wp\/v2\/users\/322"}],"replies":[{"embeddable":true,"href":"https:\/\/wp.ufpel.edu.br\/agrometeorologia\/wp-json\/wp\/v2\/comments?post=935"}],"version-history":[{"count":2,"href":"https:\/\/wp.ufpel.edu.br\/agrometeorologia\/wp-json\/wp\/v2\/posts\/935\/revisions"}],"predecessor-version":[{"id":937,"href":"https:\/\/wp.ufpel.edu.br\/agrometeorologia\/wp-json\/wp\/v2\/posts\/935\/revisions\/937"}],"wp:attachment":[{"href":"https:\/\/wp.ufpel.edu.br\/agrometeorologia\/wp-json\/wp\/v2\/media?parent=935"}],"wp:term":[{"taxonomy":"category","embeddable":true,"href":"https:\/\/wp.ufpel.edu.br\/agrometeorologia\/wp-json\/wp\/v2\/categories?post=935"},{"taxonomy":"post_tag","embeddable":true,"href":"https:\/\/wp.ufpel.edu.br\/agrometeorologia\/wp-json\/wp\/v2\/tags?post=935"}],"curies":[{"name":"wp","href":"https:\/\/api.w.org\/{rel}","templated":true}]}}