{"id":184,"date":"2021-03-19T14:00:30","date_gmt":"2021-03-19T17:00:30","guid":{"rendered":"https:\/\/wp.ufpel.edu.br\/agefriendlycities\/?p=184"},"modified":"2021-03-19T14:21:50","modified_gmt":"2021-03-19T17:21:50","slug":"apresentacao-do-projeto-placeagecovid-no-labcom-online-cafe","status":"publish","type":"post","link":"https:\/\/wp.ufpel.edu.br\/agefriendlycities\/pt\/2021\/03\/19\/apresentacao-do-projeto-placeagecovid-no-labcom-online-cafe\/","title":{"rendered":"Apresenta\u00e7\u00e3o do Projeto PlaceAge-COVID no LabCom Online Cafe"},"content":{"rendered":"<p style=\"text-align: justify\">Hoje, 19\/03, convidamos a todos, as 16 horas (Brasil time zone), para participar do LabCom Cafe e conhecer um pouco o novo Projeto do Laborat\u00f3rio, o PlaceAge-COVID. Atrav\u00e9s de um financiamento do CNPQ no Brasil e uma parceria internacional com o Reino Unido, iniciamos um estudo sobre as consequ\u00eancias da pandemia e de medidas como o isolamento social na sa\u00fade f\u00edsica e mental dos idosos no Brasil, nos \u00faltimos 12 meses. Estudamos tamb\u00e9m os efeitos a longo prazo da pandemia sobre o processo de envelhecimento da popula\u00e7\u00e3o.<\/p>\n<p>Pe\u00e7a o link para o nosso encontro por mensagem.<\/p>\n<p>Esperamos voc\u00eas.<\/p>\n","protected":false},"excerpt":{"rendered":"<p>Hoje, 19\/03, convidamos a todos, as 16 horas (Brasil time zone), para participar do LabCom Cafe e conhecer um pouco o novo Projeto do Laborat\u00f3rio, o PlaceAge-COVID. Atrav\u00e9s de um financiamento do CNPQ no Brasil e uma parceria internacional com o Reino Unido, iniciamos um estudo sobre as consequ\u00eancias da pandemia e de medidas como [&hellip;]<\/p>\n","protected":false},"author":956,"featured_media":186,"comment_status":"closed","ping_status":"closed","sticky":false,"template":"","format":"standard","meta":{"footnotes":""},"categories":[25],"tags":[],"class_list":["post-184","post","type-post","status-publish","format-standard","has-post-thumbnail","hentry","category-noticias-pt"],"jetpack_featured_media_url":"https:\/\/wp.ufpel.edu.br\/agefriendlycities\/files\/2021\/03\/cafe.jpg","_links":{"self":[{"href":"https:\/\/wp.ufpel.edu.br\/agefriendlycities\/wp-json\/wp\/v2\/posts\/184","targetHints":{"allow":["GET"]}}],"collection":[{"href":"https:\/\/wp.ufpel.edu.br\/agefriendlycities\/wp-json\/wp\/v2\/posts"}],"about":[{"href":"https:\/\/wp.ufpel.edu.br\/agefriendlycities\/wp-json\/wp\/v2\/types\/post"}],"author":[{"embeddable":true,"href":"https:\/\/wp.ufpel.edu.br\/agefriendlycities\/wp-json\/wp\/v2\/users\/956"}],"replies":[{"embeddable":true,"href":"https:\/\/wp.ufpel.edu.br\/agefriendlycities\/wp-json\/wp\/v2\/comments?post=184"}],"version-history":[{"count":4,"href":"https:\/\/wp.ufpel.edu.br\/agefriendlycities\/wp-json\/wp\/v2\/posts\/184\/revisions"}],"predecessor-version":[{"id":200,"href":"https:\/\/wp.ufpel.edu.br\/agefriendlycities\/wp-json\/wp\/v2\/posts\/184\/revisions\/200"}],"wp:featuredmedia":[{"embeddable":true,"href":"https:\/\/wp.ufpel.edu.br\/agefriendlycities\/wp-json\/wp\/v2\/media\/186"}],"wp:attachment":[{"href":"https:\/\/wp.ufpel.edu.br\/agefriendlycities\/wp-json\/wp\/v2\/media?parent=184"}],"wp:term":[{"taxonomy":"category","embeddable":true,"href":"https:\/\/wp.ufpel.edu.br\/agefriendlycities\/wp-json\/wp\/v2\/categories?post=184"},{"taxonomy":"post_tag","embeddable":true,"href":"https:\/\/wp.ufpel.edu.br\/agefriendlycities\/wp-json\/wp\/v2\/tags?post=184"}],"curies":[{"name":"wp","href":"https:\/\/api.w.org\/{rel}","templated":true}]}}