{"id":493,"date":"2017-11-19T00:22:45","date_gmt":"2017-11-19T02:22:45","guid":{"rendered":"https:\/\/wp.ufpel.edu.br\/acessiarq\/?p=493"},"modified":"2017-11-22T13:34:34","modified_gmt":"2017-11-22T15:34:34","slug":"divulgado-o-horario-das-apresentacoes-dos-trabalhos-vinculados-ao-nepea-na-iii-siiepe-ufpel","status":"publish","type":"post","link":"https:\/\/wp.ufpel.edu.br\/acessiarq\/2017\/11\/19\/divulgado-o-horario-das-apresentacoes-dos-trabalhos-vinculados-ao-nepea-na-iii-siiepe-ufpel\/","title":{"rendered":"Divulgado o hor\u00e1rio das apresenta\u00e7\u00f5es dos trabalhos vinculados ao NEPEA na III SIIEPE-UFPel."},"content":{"rendered":"<p>&nbsp;<\/p>\n<p><a href=\"https:\/\/wp.ufpel.edu.br\/acessiarq\/files\/2017\/11\/siiepe.png\"><img loading=\"lazy\" decoding=\"async\" class=\"size-medium wp-image-497 aligncenter\" src=\"https:\/\/wp.ufpel.edu.br\/acessiarq\/files\/2017\/11\/siiepe-424x174.png\" alt=\"\" width=\"424\" height=\"174\" srcset=\"https:\/\/wp.ufpel.edu.br\/acessiarq\/files\/2017\/11\/siiepe-424x174.png 424w, https:\/\/wp.ufpel.edu.br\/acessiarq\/files\/2017\/11\/siiepe-212x87.png 212w, https:\/\/wp.ufpel.edu.br\/acessiarq\/files\/2017\/11\/siiepe.png 541w\" sizes=\"auto, (max-width: 424px) 100vw, 424px\" \/><\/a><\/p>\n<p>Foram divulgados os hor\u00e1rios das apresenta\u00e7\u00f5es da\u00a0<a href=\"https:\/\/wp.ufpel.edu.br\/siiepe\/\">III SIIEPE-UFPel<\/a>.<\/p>\n<p style=\"text-align: justify\">Neste ano o NEPEA tem trabalhos vinculados ao <a href=\"https:\/\/wp.ufpel.edu.br\/ceg\/\">CEG <\/a>(Congresso de Ensino de Gradua\u00e7\u00e3o) e ao <a href=\"https:\/\/wp.ufpel.edu.br\/congressoextensao\/\">CEC<\/a> (Congresso de Extens\u00e3o e Cultura). Os trabalhos refor\u00e7am o comprometimento do NEPEA com as atividades de ensino, pesquisa e extens\u00e3o.<\/p>\n<p style=\"text-align: justify\">As apresenta\u00e7\u00f5es dos trabalhos vinculados ao NEPEA acontecer\u00e3o nos dias 21 e 23 de novembro. Abaixo as informa\u00e7\u00f5es com hor\u00e1rio e local das apresenta\u00e7\u00f5es.<!--more--><\/p>\n<p style=\"text-align: justify\">Congresso de Extens\u00e3o e Cultura<br \/>\nDia 21\/11\/2017\u00a0 \u00a0 \u00a0Campus II- Sala 203- 11:20.<br \/>\nA evolu\u00e7\u00e3o da acessibilidade atrav\u00e9s de uma pesquisa bibliogr\u00e1fica<br \/>\nAluno: Henrique Martim de Moura\u00a0 \u00a0 \u00a0 \u00a0 \u00a0 \u00a0Orientadora: Isabela Fernandes Andrade<\/p>\n<p style=\"text-align: justify\">Congresso de Ensino de Gradua\u00e7\u00e3o<br \/>\nDia 23\/11\/2017 Campus II- Sala 310- 15:50.<br \/>\nEstudos das Condi\u00e7\u00f5es de Acessibilidade \u00e0 biblioteca do campus Anglo UFPel-RS.<br \/>\nAluna: Samanta Ribeiro Ara\u00fajo\u00a0 \u00a0 \u00a0 \u00a0 \u00a0 \u00a0 \u00a0Orientadora: Isabela Fernandes Andrade<\/p>\n<p>Dia 23\/11\/2017\u00a0 \u00a0 \u00a0Campus II-Sala 310- 16:30.<br \/>\n<span style=\"font-weight: 400\">Acessibilidade no pr\u00e9dio do Centro de Engenharias da Universidade Federal de Pelotas;<br \/>\nAluna: Luisa Barbosa Pinto da Silva\u00a0 \u00a0 \u00a0 Orientadora: Isabela Fernandes Andrade<\/span><\/p>\n<p>&nbsp;<\/p>\n<p>&nbsp;<\/p>\n<p>&nbsp;<\/p>\n<p>&nbsp;<\/p>\n<p>&nbsp;<\/p>\n<p>&nbsp;<\/p>\n","protected":false},"excerpt":{"rendered":"<p>&nbsp; Foram divulgados os hor\u00e1rios das apresenta\u00e7\u00f5es da\u00a0III SIIEPE-UFPel. Neste ano o NEPEA tem trabalhos vinculados ao CEG (Congresso de Ensino de Gradua\u00e7\u00e3o) e ao CEC (Congresso de Extens\u00e3o e Cultura). Os trabalhos refor\u00e7am o comprometimento do NEPEA com as &hellip; <a href=\"https:\/\/wp.ufpel.edu.br\/acessiarq\/2017\/11\/19\/divulgado-o-horario-das-apresentacoes-dos-trabalhos-vinculados-ao-nepea-na-iii-siiepe-ufpel\/\">Continue lendo <span class=\"meta-nav\">&rarr;<\/span><\/a><\/p>\n","protected":false},"author":583,"featured_media":0,"comment_status":"closed","ping_status":"closed","sticky":false,"template":"","format":"standard","meta":{"_jetpack_memberships_contains_paid_content":false,"footnotes":""},"categories":[1],"tags":[],"class_list":["post-493","post","type-post","status-publish","format-standard","hentry","category-noticias"],"jetpack_featured_media_url":"","jetpack_sharing_enabled":true,"_links":{"self":[{"href":"https:\/\/wp.ufpel.edu.br\/acessiarq\/wp-json\/wp\/v2\/posts\/493","targetHints":{"allow":["GET"]}}],"collection":[{"href":"https:\/\/wp.ufpel.edu.br\/acessiarq\/wp-json\/wp\/v2\/posts"}],"about":[{"href":"https:\/\/wp.ufpel.edu.br\/acessiarq\/wp-json\/wp\/v2\/types\/post"}],"author":[{"embeddable":true,"href":"https:\/\/wp.ufpel.edu.br\/acessiarq\/wp-json\/wp\/v2\/users\/583"}],"replies":[{"embeddable":true,"href":"https:\/\/wp.ufpel.edu.br\/acessiarq\/wp-json\/wp\/v2\/comments?post=493"}],"version-history":[{"count":5,"href":"https:\/\/wp.ufpel.edu.br\/acessiarq\/wp-json\/wp\/v2\/posts\/493\/revisions"}],"predecessor-version":[{"id":500,"href":"https:\/\/wp.ufpel.edu.br\/acessiarq\/wp-json\/wp\/v2\/posts\/493\/revisions\/500"}],"wp:attachment":[{"href":"https:\/\/wp.ufpel.edu.br\/acessiarq\/wp-json\/wp\/v2\/media?parent=493"}],"wp:term":[{"taxonomy":"category","embeddable":true,"href":"https:\/\/wp.ufpel.edu.br\/acessiarq\/wp-json\/wp\/v2\/categories?post=493"},{"taxonomy":"post_tag","embeddable":true,"href":"https:\/\/wp.ufpel.edu.br\/acessiarq\/wp-json\/wp\/v2\/tags?post=493"}],"curies":[{"name":"wp","href":"https:\/\/api.w.org\/{rel}","templated":true}]}}