{"id":293,"date":"2016-12-20T11:12:31","date_gmt":"2016-12-20T13:12:31","guid":{"rendered":"https:\/\/wp.ufpel.edu.br\/acessiarq\/?p=293"},"modified":"2016-12-20T11:12:31","modified_gmt":"2016-12-20T13:12:31","slug":"iii-sepsst","status":"publish","type":"post","link":"https:\/\/wp.ufpel.edu.br\/acessiarq\/2016\/12\/20\/iii-sepsst\/","title":{"rendered":"III SEPSST"},"content":{"rendered":"<p>Ocorreu no dia 01\/12\/2016 o Semin\u00e1rio Estadual para Promo\u00e7\u00e3o da Sa\u00fade e Seguran\u00e7a do Trabalhador. O evento, organizado pelo NEPEA em parceria com o LABSERG &#8211; ambos do Centro de Engenharias da UFPel &#8211; contou com a participa\u00e7\u00e3o de mais de, aproximadamente, oitenta pessoas.<\/p>\n<p>Maiores informa\u00e7\u00f5es est\u00e3o dispon\u00edveis no site do evento:\u00a0https:\/\/wp.ufpel.edu.br\/sepsst\/2016-iii-sepsst\/<\/p>\n","protected":false},"excerpt":{"rendered":"<p>Ocorreu no dia 01\/12\/2016 o Semin\u00e1rio Estadual para Promo\u00e7\u00e3o da Sa\u00fade e Seguran\u00e7a do Trabalhador. O evento, organizado pelo NEPEA em parceria com o LABSERG &#8211; ambos do Centro de Engenharias da UFPel &#8211; contou com a participa\u00e7\u00e3o de mais &hellip; <a href=\"https:\/\/wp.ufpel.edu.br\/acessiarq\/2016\/12\/20\/iii-sepsst\/\">Continue lendo <span class=\"meta-nav\">&rarr;<\/span><\/a><\/p>\n","protected":false},"author":583,"featured_media":0,"comment_status":"closed","ping_status":"closed","sticky":false,"template":"","format":"standard","meta":{"_jetpack_memberships_contains_paid_content":false,"footnotes":""},"categories":[1],"tags":[],"class_list":["post-293","post","type-post","status-publish","format-standard","hentry","category-noticias"],"jetpack_featured_media_url":"","jetpack_sharing_enabled":true,"_links":{"self":[{"href":"https:\/\/wp.ufpel.edu.br\/acessiarq\/wp-json\/wp\/v2\/posts\/293","targetHints":{"allow":["GET"]}}],"collection":[{"href":"https:\/\/wp.ufpel.edu.br\/acessiarq\/wp-json\/wp\/v2\/posts"}],"about":[{"href":"https:\/\/wp.ufpel.edu.br\/acessiarq\/wp-json\/wp\/v2\/types\/post"}],"author":[{"embeddable":true,"href":"https:\/\/wp.ufpel.edu.br\/acessiarq\/wp-json\/wp\/v2\/users\/583"}],"replies":[{"embeddable":true,"href":"https:\/\/wp.ufpel.edu.br\/acessiarq\/wp-json\/wp\/v2\/comments?post=293"}],"version-history":[{"count":1,"href":"https:\/\/wp.ufpel.edu.br\/acessiarq\/wp-json\/wp\/v2\/posts\/293\/revisions"}],"predecessor-version":[{"id":295,"href":"https:\/\/wp.ufpel.edu.br\/acessiarq\/wp-json\/wp\/v2\/posts\/293\/revisions\/295"}],"wp:attachment":[{"href":"https:\/\/wp.ufpel.edu.br\/acessiarq\/wp-json\/wp\/v2\/media?parent=293"}],"wp:term":[{"taxonomy":"category","embeddable":true,"href":"https:\/\/wp.ufpel.edu.br\/acessiarq\/wp-json\/wp\/v2\/categories?post=293"},{"taxonomy":"post_tag","embeddable":true,"href":"https:\/\/wp.ufpel.edu.br\/acessiarq\/wp-json\/wp\/v2\/tags?post=293"}],"curies":[{"name":"wp","href":"https:\/\/api.w.org\/{rel}","templated":true}]}}